{"id":9799,"date":"2022-10-21T16:37:00","date_gmt":"2022-10-21T14:37:00","guid":{"rendered":"https:\/\/www.galiciamaxica.eu\/mini\/?p=9799"},"modified":"2022-10-22T18:38:41","modified_gmt":"2022-10-22T16:38:41","slug":"llega-el-terror-al-otono-con-la-fiesta-mas-terrorifica-halloween-nuestro-sanmain","status":"publish","type":"post","link":"https:\/\/www.galiciamaxica.eu\/mini\/llega-el-terror-al-otono-con-la-fiesta-mas-terrorifica-halloween-nuestro-sanmain\/","title":{"rendered":"LLega el terror al oto\u00f1o con la fiesta m\u00e1s terror\u00edfica. Halloween, nuestro Sama\u00edn"},"content":{"rendered":"\n<p>Bienvenido <strong>Sama\u00edn<\/strong>! Nos guste o no tenemos que lidiar con calabazas en la vida. Las hay llevaderas, otras muy penosas, nutritivas&#8230; y hasta las hay para pasar un rato decor\u00e1ndolas para hacerlas al final un poco m\u00e1s monstruosas. Y es que <strong><em>que te den calabazas<\/em> <\/strong>est\u00e1 muy de moda y el naranja se est\u00e1 instalando en nuestras vidas de manera irremediable y a\u00f1o tras a\u00f1o.<\/p>\n\n\n\n<p class=\"has-text-align-center\"><a href=\"https:\/\/lacronicadesalamanca.com\/254077-la-expresion-dar-calabazas-tiene-mas-de-2-000-anos-de-antiguedad\/\">\u00bfSab\u00edas que la expresi\u00f3n \u2018dar calabazas\u2019 tiene m\u00e1s de 2.000 a\u00f1os de antig\u00fcedad?<\/a><\/p>\n\n\n\n<figure class=\"wp-block-image aligncenter\"><img decoding=\"async\" src=\"https:\/\/lh3.googleusercontent.com\/GENHGSOyufH3C0QYlj7XFpl2h7O4mHhkmRkCmlKWd3OTQQXflbzUIsxSCCFdZBbAX7h6WB1yLwJw_8Sx4cgH_PcVzOvpBfy7NhOKl3aJoOXMM7mMTr9AIPIteh3iNkOKHflNldFyOPXXQ2ZOc3Jfe62Mrb_EMtNOTYkJcP4oPdsZkeP1kBlmXcLntCXfD8Q_6M-5mSAQONPl-4wYei_kgRbrd_3X9sM2qVPcqESam0DH4_L2rjUT31vwXJ31aQDbQRIIa4ThX1jLAniy6l4JXUW4GzVO0xcLu_9ri9DGiAyfB8FPrM1A1wnBFv_1aNvRZv1mGXRdeW3yrEPCUTkcyjKQmb52Hjt6tVf0XEYpg137jLnXlNjGZ0NRvzgquOuzhoJlCGVqfi-6svWT1hgKZWbeoibPyPafRHBoqHdoIJRuIm2SYkJoWV74kDDX_n1gB9AREw1JIBz5djTJrWLOMQ1iXAkALwtsQl9jzpl8wO14xwkssGG7EV4aZyYk17LCszqK14C_46m9aVHil1E53FW4uGO4vq5M4HWYD0stwrh-jGBPivUPvuUvk2Gd4bY1jt3_-yEMpmlqsbZB_OEq21Rv-CkDsysJ7CPGIPaKtvEERpNtkcP_83owN2vlWTL8kEQ-rKn8pN-wgkSOUaPyll5htzZ2u93dVMP6xw_R-Av53f2_EoBYlBaOKw=w960-h640-no\" alt=\"\"\/><\/figure>\n\n\n\n<p>Hacer calabazas, adornar la casita se ha vuelto un planazo para el finde porque a ti igual no te gusta pero desde coles, tiendas, supermercados&#8230; est\u00e1n haciendo una campa\u00f1a pro <em>halloween <\/em>que la quer\u00eda yo para otras fiesti\u00f1as gallegas, vale y si la llamamos Sama\u00edn y as\u00ed, tan contentos todos.<\/p>\n\n\n\n<p>El jueves, 1 de noviembre D\u00eda de Todos los Santos diremos:<\/p>\n\n\n\n<h2 class=\"wp-block-heading\">Bienvenido<a href=\"https:\/\/es.wikipedia.org\/wiki\/Samhain\"> Sama\u00edn<\/a><\/h2>\n\n\n\n<figure class=\"wp-block-image aligncenter\"><img decoding=\"async\" src=\"https:\/\/i2.wp.com\/lh3.googleusercontent.com\/-__v0EeaoH9Y\/VjIL84TLiGI\/AAAAAAAB7rs\/SdflK2FjVNk\/s426-Ic42\/gif-forest-ghosts-948195.gif?resize=742%2C418&amp;ssl=1\" alt=\"\"\/><\/figure>\n\n\n\n<h3 class=\"wp-block-heading\">Disfraz<\/h3>\n\n\n\n<p>Soy de las que opino que a estas alturas igual no nos viene muy bien el comprarles el disfraz adecuado ( el que te piden, el que llevar\u00e1n todos porque en esto de las modas sabes que vamos como reba\u00f1itos y deciros que alguno seguro que aprovecha para pedir su personaje favorito, por qu\u00e9 no Batman es muy de Sama\u00edn \ud83d\ude09 ) se te sale de presupuesto o simplemente no quieres gastar una burrada.<\/p>\n\n\n\n<figure class=\"wp-block-image aligncenter size-full\"><a href=\"https:\/\/www.galiciamaxica.eu\/mini\/wp-content\/uploads\/2018\/10\/batman-1126127_960_720.jpg\"><img fetchpriority=\"high\" decoding=\"async\" width=\"914\" height=\"601\" src=\"https:\/\/www.galiciamaxica.eu\/mini\/wp-content\/uploads\/2018\/10\/batman-1126127_960_720.jpg\" alt=\"disfraz\" class=\"wp-image-20489\" srcset=\"https:\/\/www.galiciamaxica.eu\/mini\/wp-content\/uploads\/2018\/10\/batman-1126127_960_720.jpg 914w, https:\/\/www.galiciamaxica.eu\/mini\/wp-content\/uploads\/2018\/10\/batman-1126127_960_720-300x197.jpg 300w, https:\/\/www.galiciamaxica.eu\/mini\/wp-content\/uploads\/2018\/10\/batman-1126127_960_720-768x505.jpg 768w\" sizes=\"(max-width: 914px) 100vw, 914px\" \/><\/a><\/figure>\n\n\n\n<p>Sabemos que con el poco tiempo que tenemos nos viene bien uno \u00abcompradito\u00bb, si es m\u00e1s barato de lo que esper\u00e1bamos tan felices y nos saca del apuro. Consejo y aqu\u00ed barro para casa en <a href=\"https:\/\/www.dondisfraz.com\/\">Don disfraz<\/a> ten\u00e9is cosas muy chulas y muy bien de precio por 9 y 12 euros ya tienes disfraz, de ah\u00ed para arriba y lo que quieras, complementos para aburrir y la verdad son m\u00e1s que respetuosos con los bolsillos, bueno que os lo recomiendo a parte para los que est\u00e1is lejos o no quer\u00e9is moveros os lo llevan a casita. Ah!!<br>y los hay para ir todos conjuntaditos en familia, para hacer m\u00e1s grande la fiesta.<\/p>\n\n\n\n<figure class=\"wp-block-image aligncenter\"><img decoding=\"async\" src=\"https:\/\/lh3.googleusercontent.com\/4qeCz8CgqUEw72o07aJvDLmGNrdoELaW20W7xwx273AdKxSAb1Atxz3s303kY3Ty_fD6beVYOeW9gzXgiszDHt5x7SoNXG-vQM2xLR-_KO9ZGT2QsIUCwoYYZq6k5ofQv4SdtQck34O170JiCWPid5pDCCe9hZzc_EcE6_Oe3YI8rPFynBU5GyPOxEklykCxBIIYloB7oUtJ5j9a_A4xQHwR2oeaQNQWxgeOArGK0lgYPxlBPsxQaevAlpPHlESFIzxn9YIU0OLquHRpK5a0m0tQjI7WpNqRm_dCNCT19ojLdcKDYKAjqqKbh7AprTqp6DJL2q25FOJsB05egqqminDhg4QQ7UrDWxuPP1eRzrqmSCL65QQWJ3X9uHkNN7wRUFrn6JNRBTkITfAdfR5w2y0It23IFz9qXSmxo9NJ_g6zjgGs5fTYW_UrFtLw74l5IC7rjUDu9qTlPYBXxOYIiPFIQw_Ig6D1ZB9Xxi11aJlwlQjcPONtPgpEBnaxv_sD6YBYfDrYE0J59iQb-vLf5mxPllVf-PpoHHkWyOw9fuC_uE04RaGPEV0nvMTu7T2S2RlL343x5gVRs23rP5KmlU_LSAEShfBElqf3goAUFRwjcZOzJNxthloptIqx2fANlelU0VWNfU_r9pjWsC4Seh3mlfBR4rZFtK8kjmOGLfon-tbX8G2VL-HJvw=w960-h641-no\" alt=\"\"\/><\/figure>\n\n\n\n<h3 class=\"wp-block-heading\">La calabaza<\/h3>\n\n\n\n<p>Ahora vamos a hablar de la gran protagonista.<\/p>\n\n\n\n<p>A la hora de elegirla has de tener en cuenta varias cosas, primero el tama\u00f1o debe ser un poquito grande y&nbsp; planita, ahora os cuento los <em>por qu\u00e9.<\/em><\/p>\n\n\n\n<figure class=\"wp-block-image aligncenter\"><img decoding=\"async\" src=\"https:\/\/lh3.googleusercontent.com\/l-vg5abZxVyInSDP-nuG4o7neBV8QNh24eBfJ_LHQA1xvnNIjz8_cHE9gL8NeHu-a_pSzu-QmgVlltOjMXuxPuc0TDb9MzAOvJEcaXhDfNC2nA7ShDXEJ-0pUN2hjMLtrNdTmCJGtZIaHwhTBEawn2ou7xWb3pYGaMGISkJyPoGyFSJ38VbORq6MZEwDOATnSwRoe79XrLWxSxEuF9NnO0dTma0uT7pfvxbgYLb_DSiuXXlsXUuZ_sTTWtOafzobGcciipXo49Kn8STaIox1UYJ8Fnu2cUJkTSnXioyWy__Ls7iMlpqQKz-L1yvC10CisVVbkHsk1haEGWXcXJaUD7rgR26pA_1iUAFdvTDd8MbGtF-RBiA3Hljjb68M-8qp5ITrosm2vW14SHPafUBwqXlNlAuqlxGixA5npuDH5OSt8Saz7glXea8s_md9mTgEEhAq-SELlz4IzZJzM_6tm58uvuHiyWC2JxAV7FvkzSmyNcmokttFC6-s3JKQUkVP5HBBkMCR9Kbgn3Ief4qOgUs8_RfuTfisu57egz8vDwK3hSUHCW4y7b5sWFw3VBIpCNou_zBdIy925vHhoOZY5N9OKQVVETQ49UPxFQBh0oBddOm1sfhpTYMsoaTm4ca4-UHhL9wc_OvjtOO3j-Ew0JQQhphlGzAPbPwpe4KOZ_kyRY3TiXbdeldifg=w960-h639-no\" alt=\"\"\/><\/figure>\n\n\n\n<h4 class=\"wp-block-heading\">Vamos a aprovechar de esta verdurita todito, todito<\/h4>\n\n\n\n<p>M\u00e1s conocidas como las&nbsp;calabazas de az\u00facar o calabazas naranjas por tener color anaranjado. Y es este color anaranjado en la calabaza la muestra de la presencia de carotina. \u00c9sta se convierte en <strong>vitamina A<\/strong> tan importante para nuestra visi\u00f3n y tan necesaria d\u00e1ndonos una buena inyecci\u00f3n de antioxidantes.&nbsp;Tiene tambi\u00e9n alto contenido en <strong>vitamina C<\/strong> \u00bflo sab\u00edas? adem\u00e1s de contener&nbsp;riboflavina, potasio, cobre y manganeso. Menos cantidad pero tambi\u00e9n significante de vitamina E, tiamina, niacina, vitamina B6, folato, hierro,&nbsp;magnesio&nbsp;y f\u00f3sforo. Un no parar&#8230; un extra especial es el amino \u00e1cido tript\u00f3fano que relaja al cuerpo, calma los nervios, mejora el sue\u00f1o y transmite se\u00f1ales entre neuronas.<\/p>\n\n\n\n<p class=\"has-text-align-center\"><strong>\u00bfC\u00f3mo os qued\u00e1is? ya os gusta m\u00e1s esta fiesta \u00bfverdad?<\/strong><\/p>\n\n\n\n<figure class=\"wp-block-image aligncenter\"><img decoding=\"async\" src=\"https:\/\/lh3.googleusercontent.com\/4wrC_dDw0WejTkfhxK53wU_wKWfKunoGwGEBkBRpjWucR40DKqcd6qAaXS0ojHvE0C3R_FLBoKXniv4KF-v539g7Q-p7wpiJ9ePExZiWErcRObMdcej-07O41FR8q_0tdeE5tofgz5sUONAc3MkXWMFhCXdFYgvz4Q-dR535oAGMSSR-7wJlHHWaO37gwmN9x1E2bvNbOGSOI_pyjDhIyXTnctcXw0N2MQ8QDnOYExmYhhEd4DmHjHji22N4nHm-9RW3ThoOXFdrg_kdSq0ATCLN_u0ThFt9RsoXeRwSvfTPYuaX4u-YB7TuTPtCbnCpFkSZT40fy50AKSrJhxCpFtMvAKxem43ZKxqvygApaW9eGaoBEHw7HLJwV1LbGYSipcHiUTtBjeDYATbMabcTkpQVSI6sqBWBsk1tRvJ9DK4A7-XtojFTu38zR1DUeARMVlOoWQnhsOlMmrBKqJI3t-LB7zttOuSypzao4EmAvudF9jKX34w-XIT75ecJlmrhSvfq6I772rBBfyeawaCv1hDhXoNbmqspMXIJK42H3tPON1bdPm04z32WGqBWNxPu999X79vQHcUZ8aKXEEeIwHjFCNIyX9XmrI2DmfzJVYGfD6aOdVpW9rjR0YUkhKHkiMVVv_ZE-1Il0rfZiRyKisToIkmpsDfOJftsr-RFTBmJ5h0gYAFO06IWhA=w960-h640-no\" alt=\"\"\/><\/figure>\n\n\n\n<p>Importante en la elecci\u00f3n de nuestra calabaza el que no sea muy redonda, m\u00e1s bien planita, no lo hagamos m\u00e1s complicado, elige entre todas las que tenga su base m\u00e1s plana, ver\u00e1s lo bien que te viene que se mantenga y no ruede tanto.<\/p>\n\n\n\n<h3 class=\"wp-block-heading\">Preparaci\u00f3n, paso a paso, disfrutando del momento<\/h3>\n\n\n\n<h2 class=\"wp-block-heading\"><img decoding=\"async\" class=\"aligncenter size-medium\" src=\"https:\/\/lh3.googleusercontent.com\/w6M_vTt_rLC4JfdsH2n0J2BG-BKTJSrr-OwBbIdCdSht9eT17wvtc-dJyFYr1gdaH60TRgJ3m0AAvM56ZgqIyIEMD32iT00wj7Yjmp30peWHUif4TOeL_gGClPNzBZWe5uQC0QaF03XEkjL8ae-wfRUotXuxrQSrDEMYhRZ4JubF_boC_D8AWdXLnvsZ4tEurSUmbzULvbp0DaNKU8HdIKNz-X3-W31b4CSkVwP8S6GeWzWEZnQsm0tYMz6o2XHQcHNQNuRRSlwHTzTK8FwOGx28q9V3-N8Yt2D6tqYdSb9_HrAxpI2pACmcAD_Lcp1ldtGpQdBpbtY9F1S91XZZM5DsVnG5KCO-yarDp_HhMRI_UWnqWzJPBTo0HCepH6XPw8xBvrCOBqHtY7uMesNqHcw3grH5uBompYLNDsUSdVJao6ybPal4NpV-M_10nKGUbsJzk_DEmgEKTTPQoOK56k-H5vJk8rbx1qxuKINKOb3yRpcJejw0jqg2jHRWGB9GlwEnkk5JzSd9nhDFOWr-nHM17wkX1RlUg_aWBCPFLtSjEBEY7f7iSM71zXPTARX1FoVs4wnUK73AYK_Ma0NCjzpcNFTcBp23A40H_-Oy14HL2oSDlCfZd-oP0j-XWFvI7IjFfdBjiVBePAb2TQR_-yyBlANfZACbRsuS8GRJHrgcBiCD4YuFL6xLmg=w960-h639-no\" width=\"960\" height=\"639\"><\/h2>\n\n\n\n<p>y as\u00ed saborear\u00e9is mejor los resultados<\/p>\n\n\n\n<figure class=\"wp-block-image aligncenter\"><img decoding=\"async\" src=\"https:\/\/lh3.googleusercontent.com\/RzuZFg-JEyJctnkkhzSfHJ-ZqfNmEtq_JLk5nu0kVEGnekzkEsd_gFgSh6gXoSw9DlyWVwljlKcvWFlDMqiFD7mpXqkGj_WELH_i1V586qY057Qe3tO0c4vaq32NMNzTam5oSzG6QSM_DbpcjDeVOwThiXfWXvANJbI-OvRDUYjZkRteDIDm904vlB9jOh4MM-cr-GoyZ7ztcR2_lH3keIt7Yzt5IM22MEhlOQbozC_iHUIAkLOfEbxw63beFR-JG-PnwySxWlhDY4H1gUr_4e9zvuB78eTxU7NuL4S0lATgIvAd75VeF4837WlZTFubbCKJQJGQvTZMrLX6Mhugr2JiJlTnBHBZPVmGOkxmcz5kEA4c5_mxNEzakko16x8mO63cEj2NjAHQN280U6OM_k7mLG5Ajpy-L0goVN_T4rX9MqHUuGHE0JGeceZq4yaByTAPx2_CHJ1PkCe7JSwCoR4Y7UJ0_f0htjgYBgzFREZd46L0wqBG3661KTvecetv9_VZhi4VhH9ryfyS7DnK7Cgjk-h_muf3FtJr7k5wxdOT7flRm3Ok7es2HDbJhHhaIGnZQj3Xcq6Lx_2zDUCQ-SZmcbOIM1GBcYe8tEBbz90s-icB8ouAS152SZpikI93D1lQEL6SKTULmM-k_pmlh3w3jdMQgnURyxJDfvA0FRbpQ-lzLgTPcfy3gw=w960-h639-no\" alt=\"\"\/><\/figure>\n\n\n\n<h4 class=\"wp-block-heading\"><strong>Toca vaciar<\/strong><\/h4>\n\n\n\n<p class=\"has-text-align-center\">Para ello lo primero que hacemos es empezar por arriba,&nbsp; hacemos la tapa en estrella los cortes.<\/p>\n\n\n\n<figure class=\"wp-block-image aligncenter\"><img decoding=\"async\" src=\"https:\/\/lh3.googleusercontent.com\/a9OfS4iE6Yo3wlORX9U6JbpcNEzymobWKe2alvuCZGSBVCi3AP_EznP3eX4Zx3ZbVFijOVQab2t4U9BRIujCS_sZCyfziIqrJFb0HMqKVmcfq3y6ja-VPr01rdbLDpdF1QQWdL8TlpceUpbDHdo656RQaFSloNtdvyyhTn_-lFhaWs9_SpLQFQkr9mZfVlzaxBmiy3VD3sT8XVaoCTfKguFH3pfZB0ECeh_Imf0_QKGGkSNpkOuGq5oi3R2ViDiQ4KkZ7RFWfYCAvt-hKrc4CfNFhTViCqdeyUQQDDIwc3UeoUxDAj3-zvw_4y7W14nZPJytPPF_Mxbd361l7lEoOqe0D8k2InKqrNrkqX6XFfNfiUsxcDs7gkEC0WX6F_pQQ8PYzosDdy8CHfUDqzPn2zK0rhNZze-1jk96G0MdHOJwyr5Zja5jzkTCKeQkymhGOl75-rfbnAfhb6Wwc066Iq_5zECb3A7_l6v0eYq3Qqk0iUNI5R_wJ_Il-136WgeBBz2oShobFH9f2DBLgcs8Sr7lSjwv071nLZ6wByjhZ3SWEYddDYfW0yhsAobmop3xgddnrDnwod_BvkxifPrpLjb4WLDh2or8nHtI9ENDGEOW-zO1obusqRzk7iCExylLp0WoGxJf5Dd8RWTlZ7yE3zlb7-P5VSKLn1xKNaiMAECCDNFR2S-5PzHovg=w960-h640-no\" alt=\"\"\/><\/figure>\n\n\n\n<p class=\"has-text-align-center\">Toca vaciar el interior que luego lo utilizaremos para nuestra crema de verduras, no tiramos nada, luego ya separaremos las semillas, esta parte les gusta mucho, no cortemos lo bien que se lo est\u00e1 pasando, ya pescaremos con una cuchara peque\u00f1a las semillas luego y ser\u00e1 divertido <em>\u00aben busca de la semilla perdida\u00bb <\/em>porque tambi\u00e9n las vamos a utilizar en la crema porque en ellas&nbsp; est\u00e1 el \u00e1cido tript\u00f3fano.<\/p>\n\n\n\n<figure class=\"wp-block-image aligncenter\"><img decoding=\"async\" src=\"https:\/\/lh3.googleusercontent.com\/eEHtpjEA9bkPXSQshhhoQvIl39G2WHVS4sfn7WeD-tzqrrt3fdZ680JTCQ9X52WrXezKEkicVHpST4dt3ucqAcRoMVWcoqKC81B122HKMvGuSV21-68yCFxgbV52OnyZ8bxGKWbGceksYzYbBH-EtiVqQatsjnCzXoZqZ14JGEsTxB3dsNmysBGzyNnP5Lmd4N86m8XzTR0gk8jG1q8Z9VLWrSGAGmvIe5704WfptlSB-KzgkBymIPJDwWgLD7fMhL0OYJXPi_T60Aw9TW8CwVPDSAdUbdCSb-r_O9GSSp-Crt7tmgPaO4LPWcxfqCgt1kIs41Q1VW-D91p6lyU9XBZeYC3TMPrmZuK3ns8_fUMgcp9oUyn-KH3D2UAazFUl1ixl7iLWPeju8jFk_IpoqdZ4tE6kiwj7Yi0u3Qr-Qfu71yCyoz8VKqGaOOMo6olH1bz8eT4I_eTDLgeZ-oZ4LJeIibgkGvAaLvjc4gtCvQEYLNusQ5r9fvOymvFuTZ1ZpQjV9YikhuVtqVVAnbyrLZI8xz8DhlSbKOUWg-OZ_vYp6pawdbtnjol6Uhzb9ll03HnNo2JODTnVmjKCHacStVACAaLrI5ATkenNsXl6yf0o_-gOysgcZa6A463sP_t0d40xWzbU00dbvDK5CeSWBvkXDsfZ3ho8WyZ2u5pOj34it4o-ezKYfUMslA=w960-h639-no\" alt=\"\"\/><\/figure>\n\n\n\n<p class=\"has-text-align-center\">Limpiamos el interior a conciencia que hablamos de muchas vitaminas y as\u00ed tambi\u00e9n se estropear\u00e1 m\u00e1s tarde la calabaza.<\/p>\n\n\n\n<p class=\"has-text-align-center\"><strong>Ya est\u00e1 vac\u00eda!<\/strong><\/p>\n\n\n\n<figure class=\"wp-block-image aligncenter\"><img decoding=\"async\" src=\"https:\/\/lh3.googleusercontent.com\/RcuYz41XRmL_w5k20MTbNW6nikVLsLAsEf2P45-ByZ6_wF21rOlOej18xyNDwN8OeyczLuFc0qpRbp8EnZd4IR76W-4vK2YvbojxduxvivRGF61AHPDx4uxqaP99MMCC-B_Ios66oU9b0iTot9iSeRz-PDKDpfliEljICWA1DixH9Wqbvwa_v93ZMZvNy1O6ue-uruAEEfHfWc-66lAz9z2Y4qP-ishR5e6HYYOlhW4MocOkpWhbh1txCBkOihLnKAqnCQ_6hdgNQcyWeNQKCBsx_pGCwKM0WCBO7L-KYUJhd4MP-VsWSo-7eJ0DyHxZ-CiTcp8CGdn0vrYS5S7A-YFmE6G68V6embAezYDL4tU313Ghnbjv1dR8aPa4C5j5mH2VWxM94c5Zrp5h1nxwkoo4ZN9oGPuvKX35PTIz-RMIzVIgYlqzmxZc1g4dM2fht-61k3-IPWOq7P_clvXFnRrXmXDt1z5o7jADYEGK9nwcapUgcm6EcRiWNlIlbT0cLbgpLTRNey4gO-GV8zZVb7IHU_fqv-iugPRJCj_xFZUPVt_94eHVCnyTywZcdxST9hqDSz300r_KUuEae_gc0u-hn7K6J2cm54_ykcklPkg-GxFsvz34tMJ3DnoYDDgS-XERXKhg_1zppinVoK7oHKhl1dQE5mPSeYeZkbeVZV6LFBMXBq6eS28M6w=w479-h720-no\" alt=\"\"\/><\/figure>\n\n\n\n<p class=\"has-text-align-center\"><strong>Toca hacer el dise\u00f1o. <\/strong><\/p>\n\n\n\n<p class=\"has-text-align-center\">En un folio lo dibuj\u00e1is juntos como van a ser los ojos y la boca. Ahora con rotulador, si puede ser permanente, plasmamos el dise\u00f1o en nuestra amiga calabaza. Qu\u00e9 bien viene que la calabaza no sea tan peque\u00f1a \u00bfverdad?<\/p>\n\n\n\n<p class=\"has-text-align-center\"><strong>m\u00e1s sencillo<\/strong><\/p>\n\n\n\n<figure class=\"wp-block-image aligncenter\"><img decoding=\"async\" src=\"https:\/\/lh3.googleusercontent.com\/khxDzp3lIZbWmUFvdYMUgHUVb3lNwD6gQDoFhpO5Z9fLPFnpPlgiT_0JfKUl9pHmKHmlZSrDw_b7UvqoyN1tBvs-DUaN9hnUuyIhvGenvNUXNww3oadNwBwTl7UvIP9DchnspOSnfIckaQVh98Xhajmmu0L_n7_uIR2aZ0SHcDFrWZozmxMBHYCbggxVRRf2Y5NRk_raJd2CdqAuSJGPznYmIJP0mj2ljYpko94rXM38XuZiLfs-buNsfPvbNxOpFq_XtL2cB8imhzte7rn7_cEY4Mv7vKZrzFCmQtAYeqXwoFWeW5IFD08ben1ZEn6ptvPIiyvdmwY1uMhwaTB6bYCqy9Hte0P6fhfryWs_oNFIH5jPCUlOOBqBpbo7iwYRtQ4NFliH0o_0sqNzm01cYbuc2oRpcWOsWtToKaR2VLIzsPM7svDjuR1wr3y5rGnBN6OeffuNofrqWnTs3SEGjeKVNgbppjpXMvfhJVTIBEKN9S0dB9Uq9FKTXLM1Jtlp_wYKVKeHQQjLl5Y1w0OQYHiCH8xCMx5sEjdB6ZDHtKG8e2P4kpOXcOD47gfoN50I2-cqQWoh6MfuKRNNh74eYmQoady19cYAM6b-S5hmrMHg-5JlHQBiC-F75R66I3wS1BCG-8bUYTNXTvL390CKEZtR4mJwUzavWLnYhPDKeL3Pu80NChKIJ09kAw=w960-h639-no\" alt=\"\"\/><\/figure>\n\n\n\n<p class=\"has-text-align-center\">Recuerda hacerlo con mucho cuidado cuando tengamos objetos cortantes que se pueden escapar y llevarnos un buen corte, as\u00ed que si es peque\u00f1o nos puede ayudar a hacer otras cosas que no sean cortar<\/p>\n\n\n\n<p class=\"has-text-align-center\"><strong>y as\u00ed, sorprenderse con lo artistas que somos.<\/strong><\/p>\n\n\n\n<figure class=\"wp-block-image aligncenter\"><img decoding=\"async\" src=\"https:\/\/lh3.googleusercontent.com\/aOHCNkQkMKlqabIn_Jll3reFVyeOLQDxRJe__v-NlAMu6olsfIoTXpmxmwFiqTz1vHJgfUYpiqWTqQhQQMPexdvOlgayS0VOF0kgTYZxy7VaS106KWrl74fkaMgV6a9A7vRe7_sz_4kb4Kw4bWOrrDuWd0cHAElFs2veLDvE-smsIBPORSIyfQYfzH32GL6aMATY7ovFcKRTiU8x4v1cK-1AbrBKFF0XUuDJ9VCeDGReWw3WoOHCSjqtTG3hXYqRjVGRHdNadGxHl9XlOUspKDItaR4-jzDbl8T2VvbnO_LBTtKLxjKrqhRZoaBixZAX5VV2amNYsDpZDRPajiMBd7WjIEC7TtQd0u6GjmS8h11yJQr4yWesPlmsTDJ6H3LHbdz07ggqEBvWuqe6KIECCOb7HprNu5EhLAqw2h_OMsetj435NTRu733_Lt2Rn_6ewlNcWy6IUs6uiI5AkqTZ_UUZeNiqFIzoPUwwhPOSuXblluI-3WEHjo9l1bkZ9jewnAnYGzSoVfDGHCHqnjY3uxDw6xP2SQBuZYHVLJ9W-FZPN5WpBO8kPK9dt_GarmVGBQMn33AxmGyCZnEIwtrSVCf_xNxTIRkrh4MVKKUeMG33sBq1Sij3kZ4W0abOAEqpzDyzd498HEeXdZmflSaGBykevWUG2_Xx6Ln__BZHCidPVewIGVu-IsLFiQ=w960-h639-no\" alt=\"\"\/><\/figure>\n\n\n\n<p class=\"has-text-align-center\"><strong>Lista la calabaza!<\/strong><\/p>\n\n\n\n<p class=\"has-text-align-center\">Solo queda darle luz una vela e iluminar\u00e1 esta noche terror\u00edficamente m\u00e1gica.<\/p>\n\n\n\n<figure class=\"wp-block-image aligncenter\"><img decoding=\"async\" src=\"https:\/\/lh3.googleusercontent.com\/Apoz50sGxEoxthesdm7kTR4xMJ2yfR0A-QyjRTMxb55Vm9PkOVCxmFBo9N1gAaV9WiVH8OC_tvEaMEs0xQiCBGzZozhDUsvdHuKCI-VHKvo_Yi7chQXBEsdv8Q4ao8U3mUhB2zTLI6RpprLljK2AwZjXYaioVXcnZEgfvpcKLhvFrbdgai7U1sn2tpm34SBUaXvvGuVaOFEJ64PGFUN6DqDwZEHrnDK8BJDsatl1liwFBKHunYqlYpd5vFs-Wgu-tsf8Sw7D1dSPVOq6EIqllM85cigfJVgno_7cIwUW-t1pPns-kM5qVdKpoVPWHXz2F0TFurAdktTsHLcVJthEQmCgVF79RWqs-Pfvbbee4D45SHelpKzW9P6nZX2l12v0_G5cxRVMDiTD6NzDWc7JUKRSlkrEDeT3MrY2iYVBGmOgloBcbZd-DvD0BiGfVUtbAuOuYpoSaq_Xr24bMR_3RhxIKp67HW3-dajjI0rJFdKflsjsf7RCl-0fGa16rv-v2XvAruMMinv7SUhB_7Mb4tYJRl46T0dUNO77DjJ6sUu5aoQjB4cVX9aaz9IIOyrViMUBxeQy6cUbLVU67Pl5Nk7b-THQnERTRd2F-DOGD1cjIyEH7JZSuplnLd3oaVDcJVglsppEE1pDze2-BwjKkLQPhSa-5KYnkqx6SvoB0dQADalXKx86S5cnsQ=w960-h639-no\" alt=\"\"\/><\/figure>\n\n\n\n<p class=\"has-text-align-center\">Toca hacer la cremita de verduras, con el interior de nuestra estrella<\/p>\n\n\n\n<p class=\"has-text-align-center\"><strong> la calabaza<\/strong><\/p>\n\n\n\n<p class=\"has-text-align-center\">Calabaza decorada,&nbsp;de plato estrella&nbsp;nos comeremos el cerebro de la calabaza<\/p>\n\n\n\n<p class=\"has-text-align-center\">,ya tenemos disfraz<\/p>\n\n\n\n<h2 class=\"wp-block-heading\">\u00bfQu\u00e9 nos toca ahora?<\/h2>\n\n\n\n<h3 class=\"wp-block-heading\">Decorar la casa<\/h3>\n\n\n\n<p>En cuanto a los adornos para vestir la casa hay muchas opciones para ponerla precios\u00edsimamente terror\u00edfica reutilizando cosas que todos tenemos por casa, y esto es lo que nos gusta m\u00e1s y lo que est\u00e1 de moda.<\/p>\n\n\n\n<h4 class=\"wp-block-heading\">Velas<\/h4>\n\n\n\n<figure class=\"wp-block-image aligncenter\"><img decoding=\"async\" src=\"https:\/\/tendenzias.com\/wp-content\/uploads\/2012\/10\/decoracion-halloween-botes-decorados.jpg\" alt=\"\"\/><\/figure>\n\n\n\n<p class=\"has-text-align-center\">Reutilizaremos frascos de cristal. F\u00e1cil de hacer, bonitos y seguros para colocar una vela<br><\/p>\n\n\n\n<h4 class=\"wp-block-heading\">Murci\u00e9lagos<\/h4>\n\n\n\n<p class=\"has-text-align-center\">Soy muy de murci\u00e9lagos as\u00ed que toca recortar cartulinas negras para hacernos con muchos amiguitos y decorar todo lo que queramos el cristal del ba\u00f1o, de la habitaci\u00f3n, ventanas, colgarlos con hilos de las lamparas&#8230; o hasta para adornar nuestra diadema.<\/p>\n\n\n\n<figure class=\"wp-block-image aligncenter\"><img decoding=\"async\" src=\"https:\/\/lh3.googleusercontent.com\/_mc1v_5_pUkLNCYnjunXbJP1KHyrCqBHVpyxbAeSdjB997Msar4P-fHr-CUEbJm1Y7qDBIo5C8Kzc3YOadr5lcV14w2-2WxGJZzgxaH3sYB-jpmqmhAnA2QrtwKTszTn7EhpAuqTKC0uUlRNEQKjSuGi6_Kjvalsx-iiWPYQwSnwz_lUYdg6AyiMt7ndHg6LHJ-1IUE29noqfYwjKm_P0AlqTCpKLS6ju-b9LM8WqolLligXgKZnBfJK4-cw44kTpLfREKG_eDn50Y1Zk2s7KBaYW1pWA3CaTsb6pP47ao9F4lwdf6ZYpcT92Gb-kX22Qp1_is4Mxrs30GjMCRiAQJaPljvsIU1oDvrKGHm6T4Oi4TRoSUrjmeI-_8--nOSYlAwGegJKFPZ6FATQsE7We-QK5WzMVtrNU7EPHQ19Rj44dWD84XxfU82riY_sjYDzyEtzW1VrBtyzphaRHEbH5FIytZKnSKOiNVaIyj9Pmgq31Sy_AgOtuWBVnwZbKIvuWdykR33HAksdWusH-T5ot03IegCklZy3zXai8HWPl81RvoFwT1_gz0innx2C6-AhKE6WYgKfJcx-TFN6tCNsA8fyyfZFBjiBkiSxotImqN80KpZwqHHzN3III9pPQ8TDRyNAL9uQ-8RYY0rANUW5GajzFtzY_HaAzrBd3xPLPeD_FT_G79HVOs7Yig=w477-h358-no\" alt=\"\"\/><\/figure>\n\n\n\n<p class=\"has-text-align-center\"><\/p>\n\n\n\n<h4 class=\"wp-block-heading\">Gatos negros<\/h4>\n\n\n\n<p>Recortamos cart\u00f3n lo pintamos de negro o le pegamos la cartulina negra.<\/p>\n\n\n\n<figure class=\"wp-block-image aligncenter\"><img decoding=\"async\" src=\"https:\/\/tendenzias.com\/wp-content\/uploads\/2012\/10\/decoracion-halloween-silueta-gato-negro-madera-600x544.jpg\" alt=\"\"\/><\/figure>\n\n\n\n<h4 class=\"wp-block-heading\">Fantasmas<\/h4>\n\n\n\n<p>Hilo y gasas o simplemente un globo pintado<\/p>\n\n\n\n<figure class=\"wp-block-embed is-type-video is-provider-youtube wp-block-embed-youtube wp-embed-aspect-16-9 wp-has-aspect-ratio\"><div class=\"wp-block-embed__wrapper\">\n<div class=\"ast-oembed-container \" style=\"height: 100%;\"><iframe title=\"Fantasma de gasa\" width=\"500\" height=\"281\" src=\"https:\/\/www.youtube.com\/embed\/ewFlWyaunoA?feature=oembed\" frameborder=\"0\" allow=\"accelerometer; autoplay; clipboard-write; encrypted-media; gyroscope; picture-in-picture; web-share\" referrerpolicy=\"strict-origin-when-cross-origin\" allowfullscreen><\/iframe><\/div>\n<\/div><\/figure>\n\n\n\n<h4 class=\"wp-block-heading\">Taza blanca decorada<\/h4>\n\n\n\n<p>Una Taza Blanca y Rotulador permanente negro y listo! O con m\u00e1s colores, t\u00fa eliges.<\/p>\n\n\n\n<figure class=\"wp-block-embed is-type-video is-provider-youtube wp-block-embed-youtube wp-embed-aspect-16-9 wp-has-aspect-ratio\"><div class=\"wp-block-embed__wrapper\">\n<div class=\"ast-oembed-container \" style=\"height: 100%;\"><iframe title=\"Tutorial Manualidades Infantiles - Halloween tazas decoradas\" width=\"500\" height=\"281\" src=\"https:\/\/www.youtube.com\/embed\/BaJkcq4hXbs?feature=oembed\" frameborder=\"0\" allow=\"accelerometer; autoplay; clipboard-write; encrypted-media; gyroscope; picture-in-picture; web-share\" referrerpolicy=\"strict-origin-when-cross-origin\" allowfullscreen><\/iframe><\/div>\n<\/div><\/figure>\n\n\n\n<p class=\"has-text-align-center\">No te olvides de contarles por la noche historias terror\u00edficas, las nuestras, las mejores. No tienes m\u00e1s que buscar alguna de<a href=\"https:\/\/galiciaencantada.com\/categorias.asp\"> nuestras leyendas<\/a> y m\u00e1s de una, har\u00e1 que se les pongan los pelos de punta.<\/p>\n\n\n\n<figure class=\"wp-block-image aligncenter\"><img decoding=\"async\" src=\"https:\/\/lh3.googleusercontent.com\/76chxXVG0gnESAFFVAVC3eX1FOQgfGXeSrzDpXu855wta2Bm8abufnCj_a4hhlvGMQAEitL9FXQGwGLOtVVBTf7Gz-BJXxCd6jtlKM0aOCBNX8K6ee5GJVGktsq-mWdxfarjQ5J142mPdgaY5-tkxAoOQ1H_z2Ez921i4jvotlboblPTy_Wb7SsVOy2NDijvUp113FO_aXtop2I-GCtWVfgb76XKOqjb893sHYN9fWVtaCX3PBhrKYkwsa8wzlNyFjWkNumYUu29B_0uch6j0GKxzn4B1rurvkInD1qYOfXdzg-zH_HIZ15mIfLt2KcZJjVCW8b0EfnQWamZBwuVDBs4Teck_tfWly31qOBYYIjRxEZS3bGusHgXirLDcP3oOelU8lyP1mWWTmoLbL6NCTN40taffzlWoLQzJbzqtL_RwJ03QiWr_f5I0HSfB5I5z-aoTTWN8Jy0FdiJDJ1oeFmlgoMF9ffK74fJ1WG659lwPofERVgcNe3wd5fmTCKbBHgzyCNoZZXkS4jbDknId2bymHpU8w2WhSBSCoUEfwymaFNa8lYyp_xq_KZ2uQ_gZ8pIuUkiO9bChoHyIcy8yzIFtw37QB8LhgUzOuFWxOhAcWJht-hoOfOLOm12rvMWV71V0T4XOYkWBGmIprdfOrsmhV2mMiPUgRpAln7AA7xXGzkJO9nbIf6Sgw=w960-h639-no\" alt=\"\"\/><\/figure>\n\n\n\n<p class=\"has-text-align-center\">Anota esta comida o cena terror\u00edfica que les encantar\u00e1.<\/p>\n\n\n\n<figure class=\"wp-block-image aligncenter\"><img decoding=\"async\" src=\"https:\/\/tendenzias.com\/wp-content\/uploads\/2012\/10\/decoracion-casa-para-halloween-comida-dedos.jpg\" alt=\"\"\/><\/figure>\n\n\n\n<p class=\"has-text-align-center\"><\/p>\n\n\n\n<h2 class=\"wp-block-heading\">Receta de magdalenas Sama\u00edn<\/h2>\n\n\n\n<figure class=\"wp-block-embed is-type-wp-embed is-provider-gastronomia-de-galicia wp-block-embed-gastronomia-de-galicia\">https:\/\/www.galiciamaxica.eu\/gastronomia\/magdalenas-para-halloween\/<\/figure>\n\n\n\n<p>Qu\u00e9 pas\u00e9is muy<strong> feliz Sama\u00edn <\/strong>en familia!<\/p>\n","protected":false},"excerpt":{"rendered":"<p>Bienvenido Sama\u00edn! Nos guste o no tenemos que lidiar con calabazas en la vida. Las hay llevaderas, otras muy penosas, nutritivas&#8230; y hasta las hay para pasar un rato decor\u00e1ndolas para hacerlas al final un poco m\u00e1s monstruosas. Y es que que te den calabazas est\u00e1 muy de moda y el naranja se est\u00e1 instalando [&hellip;]<\/p>\n","protected":false},"author":1,"featured_media":9933,"comment_status":"open","ping_status":"closed","sticky":false,"template":"","format":"standard","meta":{"_eb_attr":"","site-sidebar-layout":"default","site-content-layout":"","ast-site-content-layout":"","site-content-style":"default","site-sidebar-style":"default","ast-global-header-display":"","ast-banner-title-visibility":"","ast-main-header-display":"","ast-hfb-above-header-display":"","ast-hfb-below-header-display":"","ast-hfb-mobile-header-display":"","site-post-title":"","ast-breadcrumbs-content":"","ast-featured-img":"","footer-sml-layout":"","theme-transparent-header-meta":"","adv-header-id-meta":"","stick-header-meta":"","header-above-stick-meta":"","header-main-stick-meta":"","header-below-stick-meta":"","astra-migrate-meta-layouts":"default","ast-page-background-enabled":"default","ast-page-background-meta":{"desktop":{"background-color":"","background-image":"","background-repeat":"repeat","background-position":"center center","background-size":"auto","background-attachment":"scroll","background-type":"","background-media":"","overlay-type":"","overlay-color":"","overlay-opacity":"","overlay-gradient":""},"tablet":{"background-color":"","background-image":"","background-repeat":"repeat","background-position":"center center","background-size":"auto","background-attachment":"scroll","background-type":"","background-media":"","overlay-type":"","overlay-color":"","overlay-opacity":"","overlay-gradient":""},"mobile":{"background-color":"","background-image":"","background-repeat":"repeat","background-position":"center center","background-size":"auto","background-attachment":"scroll","background-type":"","background-media":"","overlay-type":"","overlay-color":"","overlay-opacity":"","overlay-gradient":""}},"ast-content-background-meta":{"desktop":{"background-color":"var(--ast-global-color-5)","background-image":"","background-repeat":"repeat","background-position":"center center","background-size":"auto","background-attachment":"scroll","background-type":"","background-media":"","overlay-type":"","overlay-color":"","overlay-opacity":"","overlay-gradient":""},"tablet":{"background-color":"var(--ast-global-color-5)","background-image":"","background-repeat":"repeat","background-position":"center center","background-size":"auto","background-attachment":"scroll","background-type":"","background-media":"","overlay-type":"","overlay-color":"","overlay-opacity":"","overlay-gradient":""},"mobile":{"background-color":"var(--ast-global-color-5)","background-image":"","background-repeat":"repeat","background-position":"center center","background-size":"auto","background-attachment":"scroll","background-type":"","background-media":"","overlay-type":"","overlay-color":"","overlay-opacity":"","overlay-gradient":""}},"footnotes":""},"categories":[13,1119],"tags":[25,349,348,1090],"class_list":["post-9799","post","type-post","status-publish","format-standard","has-post-thumbnail","hentry","category-actividades","category-otono","tag-galicia","tag-halloween","tag-samain","tag-terror"],"yoast_head":"<!-- This site is optimized with the Yoast SEO plugin v24.9 - https:\/\/yoast.com\/wordpress\/plugins\/seo\/ -->\n<title>LLega el terror al oto\u00f1o con la fiesta m\u00e1s terror\u00edfica. Halloween, nuestro Sama\u00edn - Galicia con ni\u00f1os | GALICIA M\u00c1XICA<\/title>\n<meta name=\"description\" content=\"LLega el terror al oto\u00f1o con la fiesta m\u00e1s terror\u00edfica. Halloween, nuestro Sama\u00edn.\" \/>\n<meta name=\"robots\" content=\"index, follow, max-snippet:-1, max-image-preview:large, max-video-preview:-1\" \/>\n<link rel=\"canonical\" href=\"https:\/\/www.galiciamaxica.eu\/mini\/llega-el-terror-al-otono-con-la-fiesta-mas-terrorifica-halloween-nuestro-sanmain\/\" \/>\n<meta property=\"og:locale\" content=\"es_ES\" \/>\n<meta property=\"og:type\" content=\"article\" \/>\n<meta property=\"og:title\" content=\"LLega el terror al oto\u00f1o con la fiesta m\u00e1s terror\u00edfica. Halloween, nuestro Sama\u00edn - Galicia con ni\u00f1os | GALICIA M\u00c1XICA\" \/>\n<meta property=\"og:description\" content=\"LLega el terror al oto\u00f1o con la fiesta m\u00e1s terror\u00edfica. Halloween, nuestro Sama\u00edn.\" \/>\n<meta property=\"og:url\" content=\"https:\/\/www.galiciamaxica.eu\/mini\/llega-el-terror-al-otono-con-la-fiesta-mas-terrorifica-halloween-nuestro-sanmain\/\" \/>\n<meta property=\"og:site_name\" content=\"Galicia con ni\u00f1os | GALICIA M\u00c1XICA\" \/>\n<meta property=\"article:publisher\" content=\"https:\/\/www.facebook.com\/maria.rodriguezserantes\" \/>\n<meta property=\"article:author\" content=\"https:\/\/www.facebook.com\/maria.rodriguezserantes\" \/>\n<meta property=\"article:published_time\" content=\"2022-10-21T14:37:00+00:00\" \/>\n<meta property=\"article:modified_time\" content=\"2022-10-22T16:38:41+00:00\" \/>\n<meta property=\"og:image\" content=\"https:\/\/www.galiciamaxica.eu\/mini\/wp-content\/uploads\/2018\/10\/la-fiesta-m\u00e1s-terror\u00edfica-5.jpg\" \/>\n\t<meta property=\"og:image:width\" content=\"960\" \/>\n\t<meta property=\"og:image:height\" content=\"768\" \/>\n\t<meta property=\"og:image:type\" content=\"image\/jpeg\" \/>\n<meta name=\"author\" content=\"seseixa\" \/>\n<meta name=\"twitter:card\" content=\"summary_large_image\" \/>\n<meta name=\"twitter:creator\" content=\"@seseixa\" \/>\n<meta name=\"twitter:site\" content=\"@seseixa\" \/>\n<meta name=\"twitter:label1\" content=\"Escrito por\" \/>\n\t<meta name=\"twitter:data1\" content=\"seseixa\" \/>\n\t<meta name=\"twitter:label2\" content=\"Tiempo de lectura\" \/>\n\t<meta name=\"twitter:data2\" content=\"9 minutos\" \/>\n<script type=\"application\/ld+json\" class=\"yoast-schema-graph\">{\"@context\":\"https:\/\/schema.org\",\"@graph\":[{\"@type\":\"Article\",\"@id\":\"https:\/\/www.galiciamaxica.eu\/mini\/llega-el-terror-al-otono-con-la-fiesta-mas-terrorifica-halloween-nuestro-sanmain\/#article\",\"isPartOf\":{\"@id\":\"https:\/\/www.galiciamaxica.eu\/mini\/llega-el-terror-al-otono-con-la-fiesta-mas-terrorifica-halloween-nuestro-sanmain\/\"},\"author\":{\"name\":\"seseixa\",\"@id\":\"https:\/\/www.galiciamaxica.eu\/mini\/#\/schema\/person\/2b284fe2fd911000a48d2e8936300179\"},\"headline\":\"LLega el terror al oto\u00f1o con la fiesta m\u00e1s terror\u00edfica. Halloween, nuestro Sama\u00edn\",\"datePublished\":\"2022-10-21T14:37:00+00:00\",\"dateModified\":\"2022-10-22T16:38:41+00:00\",\"mainEntityOfPage\":{\"@id\":\"https:\/\/www.galiciamaxica.eu\/mini\/llega-el-terror-al-otono-con-la-fiesta-mas-terrorifica-halloween-nuestro-sanmain\/\"},\"wordCount\":1107,\"commentCount\":0,\"publisher\":{\"@id\":\"https:\/\/www.galiciamaxica.eu\/mini\/#\/schema\/person\/2b284fe2fd911000a48d2e8936300179\"},\"image\":{\"@id\":\"https:\/\/www.galiciamaxica.eu\/mini\/llega-el-terror-al-otono-con-la-fiesta-mas-terrorifica-halloween-nuestro-sanmain\/#primaryimage\"},\"thumbnailUrl\":\"https:\/\/www.galiciamaxica.eu\/mini\/wp-content\/uploads\/2018\/10\/la-fiesta-m\u00e1s-terror\u00edfica-5.jpg\",\"keywords\":[\"Galicia\",\"halloween\",\"samain\",\"terror\"],\"articleSection\":[\"ACTIVIDADES\",\"OTO\u00d1O\"],\"inLanguage\":\"es\",\"potentialAction\":[{\"@type\":\"CommentAction\",\"name\":\"Comment\",\"target\":[\"https:\/\/www.galiciamaxica.eu\/mini\/llega-el-terror-al-otono-con-la-fiesta-mas-terrorifica-halloween-nuestro-sanmain\/#respond\"]}]},{\"@type\":\"WebPage\",\"@id\":\"https:\/\/www.galiciamaxica.eu\/mini\/llega-el-terror-al-otono-con-la-fiesta-mas-terrorifica-halloween-nuestro-sanmain\/\",\"url\":\"https:\/\/www.galiciamaxica.eu\/mini\/llega-el-terror-al-otono-con-la-fiesta-mas-terrorifica-halloween-nuestro-sanmain\/\",\"name\":\"LLega el terror al oto\u00f1o con la fiesta m\u00e1s terror\u00edfica. Halloween, nuestro Sama\u00edn - Galicia con ni\u00f1os | GALICIA M\u00c1XICA\",\"isPartOf\":{\"@id\":\"https:\/\/www.galiciamaxica.eu\/mini\/#website\"},\"primaryImageOfPage\":{\"@id\":\"https:\/\/www.galiciamaxica.eu\/mini\/llega-el-terror-al-otono-con-la-fiesta-mas-terrorifica-halloween-nuestro-sanmain\/#primaryimage\"},\"image\":{\"@id\":\"https:\/\/www.galiciamaxica.eu\/mini\/llega-el-terror-al-otono-con-la-fiesta-mas-terrorifica-halloween-nuestro-sanmain\/#primaryimage\"},\"thumbnailUrl\":\"https:\/\/www.galiciamaxica.eu\/mini\/wp-content\/uploads\/2018\/10\/la-fiesta-m\u00e1s-terror\u00edfica-5.jpg\",\"datePublished\":\"2022-10-21T14:37:00+00:00\",\"dateModified\":\"2022-10-22T16:38:41+00:00\",\"description\":\"LLega el terror al oto\u00f1o con la fiesta m\u00e1s terror\u00edfica. Halloween, nuestro Sama\u00edn.\",\"breadcrumb\":{\"@id\":\"https:\/\/www.galiciamaxica.eu\/mini\/llega-el-terror-al-otono-con-la-fiesta-mas-terrorifica-halloween-nuestro-sanmain\/#breadcrumb\"},\"inLanguage\":\"es\",\"potentialAction\":[{\"@type\":\"ReadAction\",\"target\":[\"https:\/\/www.galiciamaxica.eu\/mini\/llega-el-terror-al-otono-con-la-fiesta-mas-terrorifica-halloween-nuestro-sanmain\/\"]}]},{\"@type\":\"ImageObject\",\"inLanguage\":\"es\",\"@id\":\"https:\/\/www.galiciamaxica.eu\/mini\/llega-el-terror-al-otono-con-la-fiesta-mas-terrorifica-halloween-nuestro-sanmain\/#primaryimage\",\"url\":\"https:\/\/www.galiciamaxica.eu\/mini\/wp-content\/uploads\/2018\/10\/la-fiesta-m\u00e1s-terror\u00edfica-5.jpg\",\"contentUrl\":\"https:\/\/www.galiciamaxica.eu\/mini\/wp-content\/uploads\/2018\/10\/la-fiesta-m\u00e1s-terror\u00edfica-5.jpg\",\"width\":960,\"height\":768,\"caption\":\"GENHGSOyufH3C0QYlj7XFpl2h7O4mHhkmRkCmlKWd3OTQQXflbzUIsxSCCFdZBbAX7h6WB1yLwJw_8Sx4cgH_PcVzOvpBfy7NhOKl3aJoOXMM7mMTr9AIPIteh3iNkOKHflNldFyOPXXQ2ZOc3Jfe62Mrb_EMtNOTYkJcP4oPdsZkeP1kBlmXcLntCXfD8Q_6M-5mSAQONPl-4wYei_kgRbrd_3X9sM2qVPcqESam0DH4_L2rjUT31vwXJ31aQDbQRIIa4ThX1jLAniy6l4JXUW4GzVO0xcLu_9ri9DGiAyfB8FPrM1A1wnBFv_1aNvRZv1mGXRdeW3yrEPCUTkcyjKQmb52Hjt6tVf0XEYpg137jLnXlNjGZ0NRvzgquOuzhoJlCGVqfi-6svWT1hgKZWbeoibPyPafRHBoqHdoIJRuIm2SYkJoWV74kDDX_n1gB9AREw1JIBz5djTJrWLOMQ1iXAkALwtsQl9jzpl8wO14xwkssGG7EV4aZyYk17LCszqK14C_46m9aVHil1E53FW4uGO4vq5M4HWYD0stwrh-jGBPivUPvuUvk2Gd4bY1jt3_-yEMpmlqsbZB_OEq21Rv-CkDsysJ7CPGIPaKtvEERpNtkcP_83owN2vlWTL8kEQ-rKn8pN-wgkSOUaPyll5htzZ2u93dVMP6xw_R-Av53f2_EoBYlBaOKw=w960-h6\"},{\"@type\":\"BreadcrumbList\",\"@id\":\"https:\/\/www.galiciamaxica.eu\/mini\/llega-el-terror-al-otono-con-la-fiesta-mas-terrorifica-halloween-nuestro-sanmain\/#breadcrumb\",\"itemListElement\":[{\"@type\":\"ListItem\",\"position\":1,\"name\":\"Portada\",\"item\":\"https:\/\/www.galiciamaxica.eu\/mini\/\"},{\"@type\":\"ListItem\",\"position\":2,\"name\":\"LLega el terror al oto\u00f1o con la fiesta m\u00e1s terror\u00edfica. Halloween, nuestro Sama\u00edn\"}]},{\"@type\":\"WebSite\",\"@id\":\"https:\/\/www.galiciamaxica.eu\/mini\/#website\",\"url\":\"https:\/\/www.galiciamaxica.eu\/mini\/\",\"name\":\"Galicia con ni\u00f1os | GALICIA M\u00c1XICA\",\"description\":\"Qu\u00e9 hacer con ni\u00f1os en Galicia\",\"publisher\":{\"@id\":\"https:\/\/www.galiciamaxica.eu\/mini\/#\/schema\/person\/2b284fe2fd911000a48d2e8936300179\"},\"potentialAction\":[{\"@type\":\"SearchAction\",\"target\":{\"@type\":\"EntryPoint\",\"urlTemplate\":\"https:\/\/www.galiciamaxica.eu\/mini\/?s={search_term_string}\"},\"query-input\":{\"@type\":\"PropertyValueSpecification\",\"valueRequired\":true,\"valueName\":\"search_term_string\"}}],\"inLanguage\":\"es\"},{\"@type\":[\"Person\",\"Organization\"],\"@id\":\"https:\/\/www.galiciamaxica.eu\/mini\/#\/schema\/person\/2b284fe2fd911000a48d2e8936300179\",\"name\":\"seseixa\",\"image\":{\"@type\":\"ImageObject\",\"inLanguage\":\"es\",\"@id\":\"https:\/\/www.galiciamaxica.eu\/mini\/#\/schema\/person\/image\/\",\"url\":\"https:\/\/www.galiciamaxica.eu\/mini\/wp-content\/uploads\/2019\/02\/seseixa.png\",\"contentUrl\":\"https:\/\/www.galiciamaxica.eu\/mini\/wp-content\/uploads\/2019\/02\/seseixa.png\",\"width\":100,\"height\":100,\"caption\":\"seseixa\"},\"logo\":{\"@id\":\"https:\/\/www.galiciamaxica.eu\/mini\/#\/schema\/person\/image\/\"},\"description\":\"En la actualidad combinando dos proyectos que me apasionan, Galicia y los ni\u00f1os. Tengo mucho que aportar y otro tanto que aprender, as\u00ed como, el tiempo y el coraz\u00f3n, dividido en todo momento. Soy mam\u00e1, un titulo otorgado a tiempo completo, compa\u00f1era y amiga, a todas horas, familiar y cercana, siempre. De esp\u00edritu inquieto, soy una eterna ni\u00f1a que juega en el pa\u00eds de las maravillas. Una enamorada de mi tierra, por la que trabajo sin descanso. Creo en la infancia como motor que cambiar\u00e1 el mundo a mejor y busco en mi vida la felicidad como estado permanente porque s\u00f3lo se vive una vez.\",\"sameAs\":[\"http:\/\/mini.galiciamaxica.eu\/\",\"https:\/\/www.facebook.com\/maria.rodriguezserantes\",\"https:\/\/x.com\/seseixa\"],\"url\":\"https:\/\/www.galiciamaxica.eu\/mini\/author\/seseixa\/\"}]}<\/script>\n<!-- \/ Yoast SEO plugin. -->","yoast_head_json":{"title":"LLega el terror al oto\u00f1o con la fiesta m\u00e1s terror\u00edfica. Halloween, nuestro Sama\u00edn - Galicia con ni\u00f1os | GALICIA M\u00c1XICA","description":"LLega el terror al oto\u00f1o con la fiesta m\u00e1s terror\u00edfica. Halloween, nuestro Sama\u00edn.","robots":{"index":"index","follow":"follow","max-snippet":"max-snippet:-1","max-image-preview":"max-image-preview:large","max-video-preview":"max-video-preview:-1"},"canonical":"https:\/\/www.galiciamaxica.eu\/mini\/llega-el-terror-al-otono-con-la-fiesta-mas-terrorifica-halloween-nuestro-sanmain\/","og_locale":"es_ES","og_type":"article","og_title":"LLega el terror al oto\u00f1o con la fiesta m\u00e1s terror\u00edfica. Halloween, nuestro Sama\u00edn - Galicia con ni\u00f1os | GALICIA M\u00c1XICA","og_description":"LLega el terror al oto\u00f1o con la fiesta m\u00e1s terror\u00edfica. Halloween, nuestro Sama\u00edn.","og_url":"https:\/\/www.galiciamaxica.eu\/mini\/llega-el-terror-al-otono-con-la-fiesta-mas-terrorifica-halloween-nuestro-sanmain\/","og_site_name":"Galicia con ni\u00f1os | GALICIA M\u00c1XICA","article_publisher":"https:\/\/www.facebook.com\/maria.rodriguezserantes","article_author":"https:\/\/www.facebook.com\/maria.rodriguezserantes","article_published_time":"2022-10-21T14:37:00+00:00","article_modified_time":"2022-10-22T16:38:41+00:00","og_image":[{"width":960,"height":768,"url":"https:\/\/www.galiciamaxica.eu\/mini\/wp-content\/uploads\/2018\/10\/la-fiesta-m\u00e1s-terror\u00edfica-5.jpg","type":"image\/jpeg"}],"author":"seseixa","twitter_card":"summary_large_image","twitter_creator":"@seseixa","twitter_site":"@seseixa","twitter_misc":{"Escrito por":"seseixa","Tiempo de lectura":"9 minutos"},"schema":{"@context":"https:\/\/schema.org","@graph":[{"@type":"Article","@id":"https:\/\/www.galiciamaxica.eu\/mini\/llega-el-terror-al-otono-con-la-fiesta-mas-terrorifica-halloween-nuestro-sanmain\/#article","isPartOf":{"@id":"https:\/\/www.galiciamaxica.eu\/mini\/llega-el-terror-al-otono-con-la-fiesta-mas-terrorifica-halloween-nuestro-sanmain\/"},"author":{"name":"seseixa","@id":"https:\/\/www.galiciamaxica.eu\/mini\/#\/schema\/person\/2b284fe2fd911000a48d2e8936300179"},"headline":"LLega el terror al oto\u00f1o con la fiesta m\u00e1s terror\u00edfica. Halloween, nuestro Sama\u00edn","datePublished":"2022-10-21T14:37:00+00:00","dateModified":"2022-10-22T16:38:41+00:00","mainEntityOfPage":{"@id":"https:\/\/www.galiciamaxica.eu\/mini\/llega-el-terror-al-otono-con-la-fiesta-mas-terrorifica-halloween-nuestro-sanmain\/"},"wordCount":1107,"commentCount":0,"publisher":{"@id":"https:\/\/www.galiciamaxica.eu\/mini\/#\/schema\/person\/2b284fe2fd911000a48d2e8936300179"},"image":{"@id":"https:\/\/www.galiciamaxica.eu\/mini\/llega-el-terror-al-otono-con-la-fiesta-mas-terrorifica-halloween-nuestro-sanmain\/#primaryimage"},"thumbnailUrl":"https:\/\/www.galiciamaxica.eu\/mini\/wp-content\/uploads\/2018\/10\/la-fiesta-m\u00e1s-terror\u00edfica-5.jpg","keywords":["Galicia","halloween","samain","terror"],"articleSection":["ACTIVIDADES","OTO\u00d1O"],"inLanguage":"es","potentialAction":[{"@type":"CommentAction","name":"Comment","target":["https:\/\/www.galiciamaxica.eu\/mini\/llega-el-terror-al-otono-con-la-fiesta-mas-terrorifica-halloween-nuestro-sanmain\/#respond"]}]},{"@type":"WebPage","@id":"https:\/\/www.galiciamaxica.eu\/mini\/llega-el-terror-al-otono-con-la-fiesta-mas-terrorifica-halloween-nuestro-sanmain\/","url":"https:\/\/www.galiciamaxica.eu\/mini\/llega-el-terror-al-otono-con-la-fiesta-mas-terrorifica-halloween-nuestro-sanmain\/","name":"LLega el terror al oto\u00f1o con la fiesta m\u00e1s terror\u00edfica. Halloween, nuestro Sama\u00edn - Galicia con ni\u00f1os | GALICIA M\u00c1XICA","isPartOf":{"@id":"https:\/\/www.galiciamaxica.eu\/mini\/#website"},"primaryImageOfPage":{"@id":"https:\/\/www.galiciamaxica.eu\/mini\/llega-el-terror-al-otono-con-la-fiesta-mas-terrorifica-halloween-nuestro-sanmain\/#primaryimage"},"image":{"@id":"https:\/\/www.galiciamaxica.eu\/mini\/llega-el-terror-al-otono-con-la-fiesta-mas-terrorifica-halloween-nuestro-sanmain\/#primaryimage"},"thumbnailUrl":"https:\/\/www.galiciamaxica.eu\/mini\/wp-content\/uploads\/2018\/10\/la-fiesta-m\u00e1s-terror\u00edfica-5.jpg","datePublished":"2022-10-21T14:37:00+00:00","dateModified":"2022-10-22T16:38:41+00:00","description":"LLega el terror al oto\u00f1o con la fiesta m\u00e1s terror\u00edfica. Halloween, nuestro Sama\u00edn.","breadcrumb":{"@id":"https:\/\/www.galiciamaxica.eu\/mini\/llega-el-terror-al-otono-con-la-fiesta-mas-terrorifica-halloween-nuestro-sanmain\/#breadcrumb"},"inLanguage":"es","potentialAction":[{"@type":"ReadAction","target":["https:\/\/www.galiciamaxica.eu\/mini\/llega-el-terror-al-otono-con-la-fiesta-mas-terrorifica-halloween-nuestro-sanmain\/"]}]},{"@type":"ImageObject","inLanguage":"es","@id":"https:\/\/www.galiciamaxica.eu\/mini\/llega-el-terror-al-otono-con-la-fiesta-mas-terrorifica-halloween-nuestro-sanmain\/#primaryimage","url":"https:\/\/www.galiciamaxica.eu\/mini\/wp-content\/uploads\/2018\/10\/la-fiesta-m\u00e1s-terror\u00edfica-5.jpg","contentUrl":"https:\/\/www.galiciamaxica.eu\/mini\/wp-content\/uploads\/2018\/10\/la-fiesta-m\u00e1s-terror\u00edfica-5.jpg","width":960,"height":768,"caption":"GENHGSOyufH3C0QYlj7XFpl2h7O4mHhkmRkCmlKWd3OTQQXflbzUIsxSCCFdZBbAX7h6WB1yLwJw_8Sx4cgH_PcVzOvpBfy7NhOKl3aJoOXMM7mMTr9AIPIteh3iNkOKHflNldFyOPXXQ2ZOc3Jfe62Mrb_EMtNOTYkJcP4oPdsZkeP1kBlmXcLntCXfD8Q_6M-5mSAQONPl-4wYei_kgRbrd_3X9sM2qVPcqESam0DH4_L2rjUT31vwXJ31aQDbQRIIa4ThX1jLAniy6l4JXUW4GzVO0xcLu_9ri9DGiAyfB8FPrM1A1wnBFv_1aNvRZv1mGXRdeW3yrEPCUTkcyjKQmb52Hjt6tVf0XEYpg137jLnXlNjGZ0NRvzgquOuzhoJlCGVqfi-6svWT1hgKZWbeoibPyPafRHBoqHdoIJRuIm2SYkJoWV74kDDX_n1gB9AREw1JIBz5djTJrWLOMQ1iXAkALwtsQl9jzpl8wO14xwkssGG7EV4aZyYk17LCszqK14C_46m9aVHil1E53FW4uGO4vq5M4HWYD0stwrh-jGBPivUPvuUvk2Gd4bY1jt3_-yEMpmlqsbZB_OEq21Rv-CkDsysJ7CPGIPaKtvEERpNtkcP_83owN2vlWTL8kEQ-rKn8pN-wgkSOUaPyll5htzZ2u93dVMP6xw_R-Av53f2_EoBYlBaOKw=w960-h6"},{"@type":"BreadcrumbList","@id":"https:\/\/www.galiciamaxica.eu\/mini\/llega-el-terror-al-otono-con-la-fiesta-mas-terrorifica-halloween-nuestro-sanmain\/#breadcrumb","itemListElement":[{"@type":"ListItem","position":1,"name":"Portada","item":"https:\/\/www.galiciamaxica.eu\/mini\/"},{"@type":"ListItem","position":2,"name":"LLega el terror al oto\u00f1o con la fiesta m\u00e1s terror\u00edfica. Halloween, nuestro Sama\u00edn"}]},{"@type":"WebSite","@id":"https:\/\/www.galiciamaxica.eu\/mini\/#website","url":"https:\/\/www.galiciamaxica.eu\/mini\/","name":"Galicia con ni\u00f1os | GALICIA M\u00c1XICA","description":"Qu\u00e9 hacer con ni\u00f1os en Galicia","publisher":{"@id":"https:\/\/www.galiciamaxica.eu\/mini\/#\/schema\/person\/2b284fe2fd911000a48d2e8936300179"},"potentialAction":[{"@type":"SearchAction","target":{"@type":"EntryPoint","urlTemplate":"https:\/\/www.galiciamaxica.eu\/mini\/?s={search_term_string}"},"query-input":{"@type":"PropertyValueSpecification","valueRequired":true,"valueName":"search_term_string"}}],"inLanguage":"es"},{"@type":["Person","Organization"],"@id":"https:\/\/www.galiciamaxica.eu\/mini\/#\/schema\/person\/2b284fe2fd911000a48d2e8936300179","name":"seseixa","image":{"@type":"ImageObject","inLanguage":"es","@id":"https:\/\/www.galiciamaxica.eu\/mini\/#\/schema\/person\/image\/","url":"https:\/\/www.galiciamaxica.eu\/mini\/wp-content\/uploads\/2019\/02\/seseixa.png","contentUrl":"https:\/\/www.galiciamaxica.eu\/mini\/wp-content\/uploads\/2019\/02\/seseixa.png","width":100,"height":100,"caption":"seseixa"},"logo":{"@id":"https:\/\/www.galiciamaxica.eu\/mini\/#\/schema\/person\/image\/"},"description":"En la actualidad combinando dos proyectos que me apasionan, Galicia y los ni\u00f1os. Tengo mucho que aportar y otro tanto que aprender, as\u00ed como, el tiempo y el coraz\u00f3n, dividido en todo momento. Soy mam\u00e1, un titulo otorgado a tiempo completo, compa\u00f1era y amiga, a todas horas, familiar y cercana, siempre. De esp\u00edritu inquieto, soy una eterna ni\u00f1a que juega en el pa\u00eds de las maravillas. Una enamorada de mi tierra, por la que trabajo sin descanso. Creo en la infancia como motor que cambiar\u00e1 el mundo a mejor y busco en mi vida la felicidad como estado permanente porque s\u00f3lo se vive una vez.","sameAs":["http:\/\/mini.galiciamaxica.eu\/","https:\/\/www.facebook.com\/maria.rodriguezserantes","https:\/\/x.com\/seseixa"],"url":"https:\/\/www.galiciamaxica.eu\/mini\/author\/seseixa\/"}]}},"amp_enabled":true,"post_mailing_queue_ids":[],"_links":{"self":[{"href":"https:\/\/www.galiciamaxica.eu\/mini\/wp-json\/wp\/v2\/posts\/9799"}],"collection":[{"href":"https:\/\/www.galiciamaxica.eu\/mini\/wp-json\/wp\/v2\/posts"}],"about":[{"href":"https:\/\/www.galiciamaxica.eu\/mini\/wp-json\/wp\/v2\/types\/post"}],"author":[{"embeddable":true,"href":"https:\/\/www.galiciamaxica.eu\/mini\/wp-json\/wp\/v2\/users\/1"}],"replies":[{"embeddable":true,"href":"https:\/\/www.galiciamaxica.eu\/mini\/wp-json\/wp\/v2\/comments?post=9799"}],"version-history":[{"count":1,"href":"https:\/\/www.galiciamaxica.eu\/mini\/wp-json\/wp\/v2\/posts\/9799\/revisions"}],"predecessor-version":[{"id":20490,"href":"https:\/\/www.galiciamaxica.eu\/mini\/wp-json\/wp\/v2\/posts\/9799\/revisions\/20490"}],"wp:featuredmedia":[{"embeddable":true,"href":"https:\/\/www.galiciamaxica.eu\/mini\/wp-json\/wp\/v2\/media\/9933"}],"wp:attachment":[{"href":"https:\/\/www.galiciamaxica.eu\/mini\/wp-json\/wp\/v2\/media?parent=9799"}],"wp:term":[{"taxonomy":"category","embeddable":true,"href":"https:\/\/www.galiciamaxica.eu\/mini\/wp-json\/wp\/v2\/categories?post=9799"},{"taxonomy":"post_tag","embeddable":true,"href":"https:\/\/www.galiciamaxica.eu\/mini\/wp-json\/wp\/v2\/tags?post=9799"}],"curies":[{"name":"wp","href":"https:\/\/api.w.org\/{rel}","templated":true}]}}