{"id":9747,"date":"2025-10-11T13:37:03","date_gmt":"2025-10-11T11:37:03","guid":{"rendered":"https:\/\/www.galiciamaxica.eu\/mini\/?p=9747"},"modified":"2025-11-12T11:29:50","modified_gmt":"2025-11-12T10:29:50","slug":"lugares-en-los-que-no-mojarse-pero-empaparse-con-el-saber","status":"publish","type":"post","link":"https:\/\/www.galiciamaxica.eu\/mini\/lugares-en-los-que-no-mojarse-pero-empaparse-con-el-saber\/","title":{"rendered":"Lugares en los que no mojarse pero empaparse con el saber."},"content":{"rendered":"<p style=\"text-align: center;\">M\u00f3jate! Porque hoy toca peregrinar por los museos del saber pero antes de acercaros a estos<strong> 29 incre\u00edbles lugares<\/strong> creo que debes leer esta entrada.<\/p>\n<blockquote class=\"wp-embedded-content\" data-secret=\"3Xnp5M30rX\"><p><a href=\"https:\/\/www.galiciamaxica.eu\/mini\/centros-interpretativos-museos-bibliotecas-exposiciones-consejos-una-visita-top\/\">Centros interpretativos, museos, bibliotecas, exposiciones&#8230; consejos para una visita TOP<\/a><\/p><\/blockquote>\n<p><iframe class=\"wp-embedded-content\" sandbox=\"allow-scripts\" security=\"restricted\" style=\"position: absolute; visibility: hidden;\" title=\"\u00abCentros interpretativos, museos, bibliotecas, exposiciones&#8230; consejos para una visita TOP\u00bb \u2014 Galicia con ni\u00f1os | GALICIA M\u00c1XICA\" src=\"https:\/\/www.galiciamaxica.eu\/mini\/centros-interpretativos-museos-bibliotecas-exposiciones-consejos-una-visita-top\/embed\/#?secret=kUkdoslm5I#?secret=3Xnp5M30rX\" data-secret=\"3Xnp5M30rX\" width=\"500\" height=\"282\" frameborder=\"0\" marginwidth=\"0\" marginheight=\"0\" scrolling=\"no\"><\/iframe><\/p>\n<p style=\"text-align: center;\">En estos lugares las prisas no son buenas y las carreras est\u00e1n prohibidas.<\/p>\n<h2>Los centros del saber<\/h2>\n<p><img fetchpriority=\"high\" decoding=\"async\" class=\"aligncenter size-medium\" src=\"https:\/\/galiciamaxica.eu\/mini\/wp-content\/uploads\/2019\/10\/img_5d9aeeed7bcc9.jpg\" width=\"960\" height=\"577\" \/><\/p>\n<p style=\"text-align: center;\">Las conversaciones son solo nuestras y el tono no ha de molestar a nadie, lugares en\u00a0 que nuestro estado hace la diferencia entre aprender y desaprender lo aprendido.<\/p>\n<p><img decoding=\"async\" class=\"aligncenter size-medium\" src=\"https:\/\/galiciamaxica.eu\/mini\/wp-content\/uploads\/2019\/10\/img_5d9aeeeeef1cf.jpg\" width=\"960\" height=\"631\" \/><\/p>\n<p style=\"text-align: center;\">El tiempo ha de ser el adecuado a cada uno porque los hay que parar\u00edan el reloj y los que le dar\u00edan m\u00e1s cuerda.<\/p>\n<p><img decoding=\"async\" class=\"aligncenter size-medium\" src=\"https:\/\/galiciamaxica.eu\/mini\/wp-content\/uploads\/2019\/10\/img_5d9aeeefd1083.jpg\" width=\"960\" height=\"588\" \/><\/p>\n<p style=\"text-align: center;\">Sin lugar a dudas en estos lugares se nos muestra sus gustos de\u00a0 manera alta y clara. Lo que a ti igual no te mueve por dentro a ell@s igual les encanta.<\/p>\n<p><img loading=\"lazy\" decoding=\"async\" class=\"aligncenter size-medium\" src=\"https:\/\/galiciamaxica.eu\/mini\/wp-content\/uploads\/2019\/10\/img_5d9aeef0cbd16.jpg\" width=\"960\" height=\"509\" \/><\/p>\n<p style=\"text-align: center;\">Aprovecha las herramientas que se ponen a vuestra disposici\u00f3n en ellos para que lo que aprenden aqu\u00ed cale mucho m\u00e1s en su vida.<\/p>\n<p><img loading=\"lazy\" decoding=\"async\" class=\"aligncenter size-medium\" src=\"https:\/\/galiciamaxica.eu\/mini\/wp-content\/uploads\/2019\/10\/img_5d9aeef18bf7e.jpg\" width=\"960\" height=\"720\" \/><\/p>\n<p style=\"text-align: center;\">Permite a los que m\u00e1s saben acercar a los ni\u00f1os al conocimiento. Las visitas guiadas har\u00e1n que saquemos todo el jugo al lugar.<\/p>\n<p><img loading=\"lazy\" decoding=\"async\" class=\"aligncenter size-medium\" src=\"https:\/\/galiciamaxica.eu\/mini\/wp-content\/uploads\/2019\/10\/img_5d9aeef37de94.jpg\" width=\"960\" height=\"720\" \/><\/p>\n<p style=\"text-align: center;\">Recuerda que son esponjas a las que debemos dar ese agua necesaria para duplicarse, triplicarse&#8230; y ese agua es el conocimiento pero recuerda lo que dec\u00eda un grande, \u00abla imaginaci\u00f3n es m\u00e1s importante que el conocimiento\u00bb,\u00a0<strong>as\u00ed que<\/strong> con calma porque, \u00abtoda la ciencia no es m\u00e1s que un refinamiento del pensamiento cotidiano\u00bb, y <strong>recuerda que<\/strong> \u00abno todo lo que cuenta puede ser cuantificado y no todo lo que puede ser cuantificado cuenta\u00bb porque a fin de <strong>cuentas<\/strong> \u00ablo importante es no dejar de hacerse preguntas\u00bb<strong> porque<\/strong> \u00abPrimero tienes que aprender las reglas del juego, y despu\u00e9s jugar mejor que nadie\u00bb.<\/p>\n<p><img loading=\"lazy\" decoding=\"async\" class=\"aligncenter size-medium\" src=\"https:\/\/galiciamaxica.eu\/mini\/wp-content\/uploads\/2019\/10\/img_5d9aeef598953.jpg\" width=\"586\" height=\"720\" \/><\/p>\n<p style=\"text-align: center;\">\u00abTodo debe simplificarse lo m\u00e1ximo posible, pero no m\u00e1s \u00ab..<strong>si<\/strong> el primer acercamiento <strong>a los centros del saber<\/strong> no ha sido como esperabas piensa que \u00abHay una fuerza motriz m\u00e1s poderosa que el vapor, la electricidad y la energ\u00eda at\u00f3mica: la voluntad\u00bb sigue intent\u00e1ndolo preg\u00fantate que ha fallado y <strong>como solucionarlo<\/strong> porque \u00abLa mente es como un paraca\u00eddas\u2026 Solo funciona si la tenemos abierta\u00bb.<\/p>\n<p style=\"text-align: center;\"><em><strong>Frases de Albert Einstein<\/strong><\/em><\/p>\n<p style=\"text-align: center;\"><iframe src=\"https:\/\/www.google.com\/maps\/d\/embed?mid=10LDbyDw_H0x7VXMlG2aidUMjAq5bSjfj\" width=\"740\" height=\"580\"><span data-mce-type=\"bookmark\" style=\"display: inline-block; width: 0px; overflow: hidden; line-height: 0;\" class=\"mce_SELRES_start\">\ufeff<\/span><\/iframe>LOS m<\/p>\n<h3 style=\"text-align: center;\"><a href=\"https:\/\/www.galiciamaxica.eu\/mini\/museos-de-galicia\/\">LOS MUSEOS-TEMPLOS DEL SABER<\/a><\/h3>\n<h2 style=\"text-align: center;\">Nos acercaremos en ellos a tiempos remotos, sin ir muy lejos a LA PREHISTORIA<\/h2>\n<h4 style=\"text-align: center;\"><a href=\"http:\/\/museos.xunta.gal\/es\/vilalba\">MUSEO DE LA PREHISTORIA Y ARQUEOLOG\u00cdA DE VILALBA<\/a><\/h4>\n<p style=\"text-align: center;\"><a href=\"https:\/\/www.galiciamaxica.eu\/mini\/wp-content\/uploads\/2018\/10\/Captura-10.jpg\"><img loading=\"lazy\" decoding=\"async\" class=\"alignnone wp-image-9772\" src=\"https:\/\/www.galiciamaxica.eu\/mini\/wp-content\/uploads\/2018\/10\/Captura-10-300x223.jpg\" alt=\"\" width=\"413\" height=\"307\" srcset=\"https:\/\/www.galiciamaxica.eu\/mini\/wp-content\/uploads\/2018\/10\/Captura-10-300x223.jpg 300w, https:\/\/www.galiciamaxica.eu\/mini\/wp-content\/uploads\/2018\/10\/Captura-10.jpg 753w\" sizes=\"(max-width: 413px) 100vw, 413px\" \/><\/a><\/p>\n<p style=\"text-align: center;\"><strong>Horario<\/strong><\/p>\n<p style=\"text-align: center;\">Martes a s\u00e1bado de 11 a 13:30 h. y de 17 a 19:30 h.<br \/>\nCerrado lunes, domingos y festivos<\/p>\n<p style=\"text-align: center;\"><a href=\"https:\/\/www.galiciamaxica.eu\/mini\/wp-content\/uploads\/2018\/10\/Captura-11.jpg\"><img loading=\"lazy\" decoding=\"async\" class=\"alignnone wp-image-9773\" src=\"https:\/\/www.galiciamaxica.eu\/mini\/wp-content\/uploads\/2018\/10\/Captura-11-300x222.jpg\" alt=\"\" width=\"378\" height=\"280\" srcset=\"https:\/\/www.galiciamaxica.eu\/mini\/wp-content\/uploads\/2018\/10\/Captura-11-300x222.jpg 300w, https:\/\/www.galiciamaxica.eu\/mini\/wp-content\/uploads\/2018\/10\/Captura-11.jpg 723w\" sizes=\"(max-width: 378px) 100vw, 378px\" \/><\/a><\/p>\n<p style=\"text-align: center;\"><strong>Tarifa<\/strong><\/p>\n<p style=\"text-align: center;\">Entrada<strong> gratuita<\/strong><\/p>\n<h4 style=\"text-align: center;\">MUSEO ARQUEOL\u00d3XICO PROVINCIAL DE OURENSE<\/h4>\n<p><img loading=\"lazy\" decoding=\"async\" class=\"aligncenter size-medium\" src=\"https:\/\/galiciamaxica.eu\/mini\/wp-content\/uploads\/2019\/10\/sec_sala.jpg\" width=\"600\" height=\"300\" \/><\/p>\n<div id=\"attachment_951\" class=\"wp-caption alignnone\">\n<h4 class=\"wp-caption-text\" style=\"text-align: center;\"><strong>Sala de exposici\u00f3ns de San Francisco<\/strong><\/h4>\n<\/div>\n<h6 style=\"text-align: center;\">Biblioteca do museo. Edificio Santa M\u00aa de Europa (A Carballeira)<\/h6>\n<p style=\"text-align: center;\">De lunes a viernes de 9.00 a 14.30 horas<\/p>\n<p style=\"text-align: center;\">De lunes a jueves de 16.30 a 20.00 horas<\/p>\n<h6 style=\"text-align: center;\">Exposici\u00f3n: \u201cEscolma de Escultura\u201d. Sala San Francisco (edificio anexo ao claustro)<\/h6>\n<p style=\"text-align: center;\">De martes a s\u00e1bado de 9.00 a 22.00 horas<\/p>\n<p style=\"text-align: center;\">Domingo de 9.00 a 15.00 horas<\/p>\n<p style=\"text-align: center;\"><iframe src=\"https:\/\/player.vimeo.com\/video\/66543082\" width=\"640\" height=\"360\" frameborder=\"0\" allowfullscreen=\"allowfullscreen\"><\/iframe><\/p>\n<p style=\"text-align: center;\"><strong>Lunes y festivos cerrado<\/strong><\/p>\n<h2>NOS ACERCAREMOS A LA CULTURA CASTREXA<\/h2>\n<p><img loading=\"lazy\" decoding=\"async\" class=\"aligncenter size-medium\" src=\"https:\/\/galiciamaxica.eu\/mini\/wp-content\/uploads\/2019\/10\/img_5d9aeef767a3f.jpg\" width=\"1434\" height=\"758\" \/><\/p>\n<h2 style=\"text-align: center;\">PACC<\/h2>\n<h4 class=\"clame\" style=\"text-align: center;\">Parque Arqueol\u00f3gico de la <a href=\"https:\/\/www.galiciamaxica.eu\/mini\/nuestra-yacimiento-preferido-provincia\/\">Cultura Castre\u00f1a<\/a><\/h4>\n<p style=\"text-align: center;\"><strong>Horario de apertura<\/strong> del 16 de septiembre al 31 de octubre<\/p>\n<p style=\"text-align: center;\">de 10:00 a 18:00 horas, de martes a domingo.<\/p>\n<p style=\"text-align: center;\"><a href=\"https:\/\/www.galiciamaxica.eu\/mini\/cuando-tu-trabajo-es-mas-que-un-trabajo\/\">Servicio de visitas guiadas<\/a> de martes a viernes bajo reserva previa en el 988 267 285 o en\u00a0<a>reservas@pacc.es.\u00a0<\/a>De martes a viernes bajo reserva previa en el 988 267 285 o en reservas@pacc.es.<\/p>\n<p style=\"text-align: center;\"><strong>Tarifa<\/strong><\/p>\n<div style=\"text-align: center;\">La entrada al complejo costar\u00e1 5 euros<\/div>\n<div style=\"text-align: center;\">y 3 euros para ni\u00f1os de 7 a 14 a\u00f1os,<\/div>\n<div style=\"text-align: center;\">mayores de 65, universitarios, desempleados, familias numerosas, personas con discapacidad<\/div>\n<div style=\"text-align: center;\">y grupos a partir de 10 personas.<\/div>\n<div><\/div>\n<div><img loading=\"lazy\" decoding=\"async\" class=\"aligncenter size-medium\" src=\"https:\/\/galiciamaxica.eu\/mini\/wp-content\/uploads\/2019\/10\/Captura100.jpg\" width=\"830\" height=\"476\" \/><\/div>\n<div style=\"text-align: center;\"><strong>Los menores de 6 a\u00f1os no pagan y<\/strong> la visita guiada tendr\u00e1 un suplemento de 2 euros.<\/div>\n<div style=\"text-align: center;\"><strong>La entrada incluye el centro de interpretaci\u00f3n y el yacimiento.\u00a0<\/strong><\/div>\n<p style=\"text-align: center;\">Fines de semana: a las 12:00h y 16:00h (Centro de Interpretaci\u00f3n) y a las 12:30h y 16:30h (\u00e1rea arqueol\u00f3gica).<br \/>\n<b>La taquilla cierra 1 hora antes<\/b><\/p>\n<h4 style=\"text-align: center;\"><a href=\"https:\/\/museos.xunta.gal\/es\/viladonga\">MUSEO DO CASTRO DE VILADONGA<\/a><\/h4>\n<blockquote class=\"wp-embedded-content\" data-secret=\"EgAwW0PWPS\"><p><a href=\"https:\/\/www.galiciamaxica.eu\/mini\/hoy-castro-rei\/\">Hoy a CASTRO DE REI<\/a><\/p><\/blockquote>\n<p><iframe class=\"wp-embedded-content\" sandbox=\"allow-scripts\" security=\"restricted\" style=\"position: absolute; visibility: hidden;\" title=\"\u00abHoy a CASTRO DE REI\u00bb \u2014 Galicia con ni\u00f1os | GALICIA M\u00c1XICA\" src=\"https:\/\/www.galiciamaxica.eu\/mini\/hoy-castro-rei\/embed\/#?secret=FNRbW352PH#?secret=EgAwW0PWPS\" data-secret=\"EgAwW0PWPS\" width=\"500\" height=\"282\" frameborder=\"0\" marginwidth=\"0\" marginheight=\"0\" scrolling=\"no\"><\/iframe><\/p>\n<p style=\"text-align: center;\"><strong>Horario:<\/strong><br \/>\nAbierto todos los d\u00edas (excepto 24, 25 y 31 de diciembre y 1 y 6 de enero)<br \/>\nDe marzo a octubre: de 10 a 20 h.<br \/>\nDe noviembre a febrero: de 10 a 19 h.<br \/>\n<strong>Castro:<\/strong><br \/>\nAcceso libre todos los d\u00edas del a\u00f1o.<\/p>\n<p style=\"text-align: center;\"><strong>Tarifa<\/strong><\/p>\n<p style=\"text-align: center;\"><strong>Entrada gratuita<\/strong> al castro y al museo<\/p>\n<h4 style=\"text-align: center;\"><a href=\"http:\/\/museos.xunta.gal\/es\/masat\">MUSEO DA CITANIA DE SANTA TEGRA<\/a><\/h4>\n<p style=\"text-align: center;\"><a href=\"https:\/\/www.galiciamaxica.eu\/mini\/wp-content\/uploads\/2018\/10\/Captura.jpg\"><img loading=\"lazy\" decoding=\"async\" class=\"alignnone wp-image-9749 size-full\" src=\"https:\/\/www.galiciamaxica.eu\/mini\/wp-content\/uploads\/2018\/10\/Captura.jpg\" alt=\"\" width=\"759\" height=\"564\" srcset=\"https:\/\/www.galiciamaxica.eu\/mini\/wp-content\/uploads\/2018\/10\/Captura.jpg 759w, https:\/\/www.galiciamaxica.eu\/mini\/wp-content\/uploads\/2018\/10\/Captura-300x223.jpg 300w\" sizes=\"(max-width: 759px) 100vw, 759px\" \/><\/a><\/p>\n<p style=\"text-align: center;\"><strong>Horario<\/strong><\/p>\n<p style=\"text-align: center;\"><b>Invierno:<\/b><br \/>\nMartes a domingo de 11 a 17 h.<br \/>\n<b>Verano:<\/b><br \/>\nMartes a domingo de 10 a 20 h.<br \/>\nLunes cerrado<br \/>\nCerrado en enero<\/p>\n<p style=\"text-align: center;\"><strong>Tarifa<\/strong><\/p>\n<p style=\"text-align: center;\">Entrada general: 1 \u20ac<br \/>\nNi\u00f1os\/as: 0,50 \u20ac<br \/>\nDe Semana Santa la finales de septiembre se pueden realizar visitas guiadas al conjunto hist\u00f3rico del monte Santa Trega.<br \/>\nVisitas regulares: gratuitas, con horarios y recorridos establecidos<br \/>\nVisitas concertadas, dirigidas a grupos, con reserva previa.\u00a0<em>Tlf.<\/em>\u00a0690017038\u00a0<a href=\"mailto:masat@aguarda.es\">masat@aguarda.es<\/a><\/p>\n<p style=\"text-align: center;\">Precio: 1,50 \u20ac adultos, 0,50 \u20ac ni\u00f1os.<\/p>\n<h2>DESCUBRIREMOS ALGUNA QUE OTRA CASA<\/h2>\n<p>Visitaremos una casa se\u00f1orial que\u00a0Do\u00f1a Mar\u00eda de la Paz Taboada de Andr\u00e9s y Z\u00fa\u00f1iga dej\u00f3 para el disfrute de todos, un <strong>\u00a0<a href=\"http:\/\/gl.wikipedia.org\/wiki\/Pazo_de_Tor\">hermoso legado\u00a0<\/a><\/strong>con mil y un recuerdos viajes y de otros tiempos<\/p>\n<p><img loading=\"lazy\" decoding=\"async\" class=\"aligncenter size-medium\" src=\"https:\/\/galiciamaxica.eu\/mini\/wp-content\/uploads\/2019\/10\/IMG_3337.jpg\" width=\"900\" height=\"600\" \/><\/p>\n<h4 style=\"text-align: center;\"><a href=\"http:\/\/redemuseisticalugo.org\/presentacion.asp?mat=2\">PAZO DE TOR<\/a><\/h4>\n<p style=\"text-align: center;\"><strong>Horario<\/strong><br \/>\nLuns a venres: 9:00 a 21:00 h.<br \/>\nS\u00e1bados: 10:30 a 14 e de 16:30 a 20 h.<br \/>\nDomingos e festivos: 11 a 14 h.<\/p>\n<p style=\"text-align: center;\"><strong>Tarifa<\/strong><\/p>\n<p style=\"text-align: center;\">Gratuita<\/p>\n<blockquote class=\"wp-embedded-content\" data-secret=\"oTEUrVkUR8\"><p><a href=\"https:\/\/www.galiciamaxica.eu\/mini\/pazo-de-tor\/\">Pazo de Tor<\/a><\/p><\/blockquote>\n<p><iframe class=\"wp-embedded-content\" sandbox=\"allow-scripts\" security=\"restricted\" style=\"position: absolute; visibility: hidden;\" title=\"\u00abPazo de Tor\u00bb \u2014 Galicia con ni\u00f1os | GALICIA M\u00c1XICA\" src=\"https:\/\/www.galiciamaxica.eu\/mini\/pazo-de-tor\/embed\/#?secret=idojfh9d1j#?secret=oTEUrVkUR8\" data-secret=\"oTEUrVkUR8\" width=\"500\" height=\"282\" frameborder=\"0\" marginwidth=\"0\" marginheight=\"0\" scrolling=\"no\"><\/iframe><\/p>\n<p>Una casa palloza en la que descubrir\u00e1s como se viv\u00eda antes, muchas veces aislados y que felices eran con tan poco.<\/p>\n<h4 style=\"text-align: center;\"><a href=\"http:\/\/www.pallozamuseocasadosesto.com\/\">PALLOZA MUSEO CASA DO SESTO<\/a><\/h4>\n<blockquote class=\"wp-embedded-content\" data-secret=\"MkykvRDJZs\"><p><a href=\"https:\/\/www.galiciamaxica.eu\/mini\/directos-al-corazon-los-ancares\/\">Directos al coraz\u00f3n de los ANCARES<\/a><\/p><\/blockquote>\n<p><iframe class=\"wp-embedded-content\" sandbox=\"allow-scripts\" security=\"restricted\" style=\"position: absolute; visibility: hidden;\" title=\"\u00abDirectos al coraz\u00f3n de los ANCARES\u00bb \u2014 Galicia con ni\u00f1os | GALICIA M\u00c1XICA\" src=\"https:\/\/www.galiciamaxica.eu\/mini\/directos-al-corazon-los-ancares\/embed\/#?secret=nFPRqBzKuC#?secret=MkykvRDJZs\" data-secret=\"MkykvRDJZs\" width=\"500\" height=\"282\" frameborder=\"0\" marginwidth=\"0\" marginheight=\"0\" scrolling=\"no\"><\/iframe><\/p>\n<p>&nbsp;<\/p>\n<p style=\"text-align: center;\"><strong>Horario\u00a0<\/strong><br \/>\nJulio y agosto abierto todos los d\u00edas.<br \/>\nResto del a\u00f1o abierto los fines de semana y festivos.<\/p>\n<p><img loading=\"lazy\" decoding=\"async\" class=\"size-medium aligncenter\" src=\"https:\/\/galiciamaxica.eu\/mini\/wp-content\/uploads\/2019\/10\/piornedo8.jpg\" width=\"640\" height=\"427\" \/><\/p>\n<p style=\"text-align: center;\"><strong>Tarifa<\/strong><\/p>\n<p style=\"text-align: center;\">Precio entrada &#8211; 1\u20ac<br \/>\nVisitas guiadas para grupos: concertar cita.<\/p>\n<p style=\"text-align: center;\">Tfno &#8211; 982245540<br \/>\nM\u00f3bil- 626738855 \/ 630411518<\/p>\n<h4 style=\"text-align: center;\"><a href=\"http:\/\/museoetnografico.net\/\"><strong>CASA DO PATR\u00d3N<\/strong><\/a><\/h4>\n<p>Un repaso por estancias en las que visitaremos una escuela, un bar, una casa, un telar&#8230; recomendad\u00edsima la visita<\/p>\n<blockquote class=\"wp-embedded-content\" data-secret=\"l1UXMg7NWs\"><p><a href=\"https:\/\/www.galiciamaxica.eu\/mini\/la-casa-do-patron-el-mejor-museo-etnografico-de-galicia\/\">Casa do Patr\u00f3n el mejor Museo Etnogr\u00e1fico de Galicia<\/a><\/p><\/blockquote>\n<p><iframe class=\"wp-embedded-content\" sandbox=\"allow-scripts\" security=\"restricted\" style=\"position: absolute; visibility: hidden;\" title=\"\u00abCasa do Patr\u00f3n el mejor Museo Etnogr\u00e1fico de Galicia\u00bb \u2014 Galicia con ni\u00f1os | GALICIA M\u00c1XICA\" src=\"https:\/\/www.galiciamaxica.eu\/mini\/la-casa-do-patron-el-mejor-museo-etnografico-de-galicia\/embed\/#?secret=6TfTrcY7VR#?secret=l1UXMg7NWs\" data-secret=\"l1UXMg7NWs\" width=\"500\" height=\"282\" frameborder=\"0\" marginwidth=\"0\" marginheight=\"0\" scrolling=\"no\"><\/iframe><\/p>\n<p style=\"text-align: center;\"><strong><em>Horario<\/em>:<\/strong><\/p>\n<p style=\"text-align: center;\">De Martes a Domingo de<br \/>\n10:00-14:00 y 16:00-19:00<\/p>\n<p style=\"text-align: center;\"><strong>Tarifa<\/strong><\/p>\n<p style=\"text-align: center;\">Tfno: 986 69 22 03<br \/>\nM\u00f3vil: 635 93 98 90<\/p>\n<h4 style=\"text-align: center;\">MUSEO DA LIMIA<\/h4>\n<p style=\"text-align: center;\"><strong>Horario:<\/strong><br \/>\nS\u00e1bados y domingos: de 11.00 a 13.30 y de 16.00 a 18.30 horas<br \/>\n<strong>Tarifa:<\/strong><\/p>\n<p style=\"text-align: center;\">\u00a02\u20ac por persona.<\/p>\n<h4 style=\"text-align: center;\">CENTRO ETNOGR\u00c1FICO DE TERRA DE MONTES<\/h4>\n<p style=\"text-align: center;\"><a href=\"https:\/\/www.galiciamaxica.eu\/mini\/wp-content\/uploads\/2018\/10\/Captura-2.jpg\"><img loading=\"lazy\" decoding=\"async\" class=\" wp-image-9756 aligncenter\" src=\"https:\/\/www.galiciamaxica.eu\/mini\/wp-content\/uploads\/2018\/10\/Captura-2-300x201.jpg\" alt=\"\" width=\"424\" height=\"284\" srcset=\"https:\/\/www.galiciamaxica.eu\/mini\/wp-content\/uploads\/2018\/10\/Captura-2-300x201.jpg 300w, https:\/\/www.galiciamaxica.eu\/mini\/wp-content\/uploads\/2018\/10\/Captura-2-768x515.jpg 768w, https:\/\/www.galiciamaxica.eu\/mini\/wp-content\/uploads\/2018\/10\/Captura-2.jpg 850w\" sizes=\"(max-width: 424px) 100vw, 424px\" \/><\/a><\/p>\n<p style=\"text-align: center;\"><strong>Horario<\/strong><br \/>\nDe lunes a domingo de 11:00-13:30 y de 17:00-20:00, entre el 15 de junio y el 15 de septiembre.<br \/>\nEl resto del a\u00f1o: s\u00e1bados y domingos de 11:00 \/13:30 \/ 17:00-20:00, y de lunes a viernes con previa cita.<br \/>\n<strong>Tarifa<\/strong><br \/>\nTarifa gratuita<\/p>\n<p>APRENDEMOS M\u00c1S SOBRE ETNOGRAF\u00cdA, esa Ciencia que estudia y describe los pueblos y sus culturas. Sus oficios.<\/p>\n<h4 style=\"text-align: center;\"><a href=\"http:\/\/museoetnograficodequirogaesp.blogspot.com\/\">MUSEO ETNOGR\u00c1FICO MUNICIPAL DE QUIROGA<\/a><\/h4>\n<p><img loading=\"lazy\" decoding=\"async\" class=\"aligncenter size-medium\" src=\"https:\/\/galiciamaxica.eu\/mini\/wp-content\/uploads\/2019\/10\/MUSEOHDR003.jpg\" width=\"640\" height=\"427\" \/><\/p>\n<p><img loading=\"lazy\" decoding=\"async\" class=\"aligncenter size-medium\" src=\"https:\/\/galiciamaxica.eu\/mini\/wp-content\/uploads\/2019\/10\/MUSEOHDR002.jpg\" width=\"640\" height=\"427\" \/><\/p>\n<p style=\"text-align: center;\"><strong>HORARIO\u00a0<\/strong><\/p>\n<p style=\"text-align: center;\">-Lunes a viernes:<br \/>\n.Ma\u00f1ana: 13 &#8211; 14 horas<br \/>\n-S\u00e1bados, domingos y festivos:<br \/>\n.Ma\u00f1ana: 12-13 horas<\/p>\n<p style=\"text-align: center;\">Cita previa para grupos y horarios especiales con gu\u00eda, consultar en la Casa de Cultura o en el tel\u00e9fono 982435125<\/p>\n<h4 style=\"text-align: center;\"><a href=\"http:\/\/museos.xunta.gal\/es\/rio-arnoia\">PARQUE ETNOGR\u00c1FICO DO R\u00cdO ARNOIA<\/a><\/h4>\n<p><img loading=\"lazy\" decoding=\"async\" class=\"aligncenter size-medium\" src=\"https:\/\/galiciamaxica.eu\/mini\/wp-content\/uploads\/2019\/10\/60arnoia4.jpg\" width=\"725\" height=\"544\" \/><\/p>\n<p style=\"text-align: center;\"><strong>Horario<\/strong><br \/>\n<strong>Invierno<\/strong> (octubre a junio)<br \/>\nViernes de 17 a 19 h.<br \/>\nS\u00e1bados, domingos y festivos de 11 a 14 h. y de 17 a 19 h.<br \/>\n<strong>Verano<\/strong>\u00a0(1 de julio a 18 de septiembre):<br \/>\nMartes y mi\u00e9rcoles de 11 a 14 h.<br \/>\nJueves, viernes, s\u00e1bados, domingos y festivos de 11 a 14 h. y de 18 a 20 h.<br \/>\nDel 19 de septiembre al 2 de octubre: los jueves s\u00f3lo abrir\u00e1 de 11 a 14 h.<br \/>\nEspeciales: cerrado el 1 de noviembre (abrir\u00e1 31 de outubro) y en diciembre abrir\u00e1 los d\u00edas 5, 7 y 9 en horario de ma\u00f1ana y tarde.<br \/>\nExiste la posibilidad de contratar visitas guiadas para grupos en Reatur (reatur@allariz.com, 988 442 106)<\/p>\n<p style=\"text-align: center;\"><a href=\"https:\/\/www.galiciamaxica.eu\/mini\/wp-content\/uploads\/2018\/10\/Captura-3.jpg\"><img loading=\"lazy\" decoding=\"async\" class=\"alignnone wp-image-9757\" src=\"https:\/\/www.galiciamaxica.eu\/mini\/wp-content\/uploads\/2018\/10\/Captura-3-300x228.jpg\" alt=\"\" width=\"426\" height=\"324\" srcset=\"https:\/\/www.galiciamaxica.eu\/mini\/wp-content\/uploads\/2018\/10\/Captura-3-300x228.jpg 300w, https:\/\/www.galiciamaxica.eu\/mini\/wp-content\/uploads\/2018\/10\/Captura-3.jpg 737w\" sizes=\"(max-width: 426px) 100vw, 426px\" \/><\/a><br \/>\n<strong>Tarifa<\/strong><br \/>\nEntrada individual: 2 \u20ac<br \/>\nGrupos de m\u00e1s de 10 personas: 1 \u20ac<br \/>\nBono: 3 \u20ac (Parque Etnogr\u00e1fico, Museo del Juguete y Museo del Cuero)<br \/>\n<strong>Ni\u00f1os y ni\u00f1as menores de 4 a\u00f1os: gratis.<\/strong><\/p>\n<p>NOS ACERCAREMOS EN ELLOS A LA HISTORIA DE LAS CIUDADES<\/p>\n<h4 style=\"text-align: center;\"><a href=\"http:\/\/www.museodevigo.org\/\">MUSEO MUNICIPAL DE PAZO QUI\u00d1ONES DE LE\u00d3N<\/a><\/h4>\n<blockquote class=\"wp-embedded-content\" data-secret=\"4KM83jseVe\"><p><a href=\"https:\/\/www.galiciamaxica.eu\/galicia\/pontevedra\/pazo-quinones\/\">Pazo de Castrelos &#8211; Pazo Qui\u00f1ones de Le\u00f3n<\/a><\/p><\/blockquote>\n<p><iframe class=\"wp-embedded-content\" sandbox=\"allow-scripts\" security=\"restricted\" style=\"position: absolute; visibility: hidden;\" title=\"\u00abPazo de Castrelos &#8211; Pazo Qui\u00f1ones de Le\u00f3n\u00bb \u2014 Galicia M\u00e1xica | Algo m\u00e1s que ver en Galicia\" src=\"https:\/\/www.galiciamaxica.eu\/galicia\/pontevedra\/pazo-quinones\/embed\/#?secret=NucfMygZdB#?secret=4KM83jseVe\" data-secret=\"4KM83jseVe\" width=\"500\" height=\"282\" frameborder=\"0\" marginwidth=\"0\" marginheight=\"0\" scrolling=\"no\"><\/iframe><\/p>\n<p style=\"text-align: center;\"><strong>Horarios<\/strong><\/p>\n<p style=\"text-align: center;\">MUSEO (Exposici\u00f3n permanente)<br \/>\nMartes a venres: 10.00 &#8211; 14.00 h<br \/>\nS\u00e1bados: 17.00 &#8211; 20.00 h<br \/>\nDomingos e festivos: 11.00 &#8211; 14.00 h<\/p>\n<p style=\"text-align: center;\"><strong>Tarifa<\/strong><\/p>\n<p style=\"text-align: center;\">Gratuito<\/p>\n<p>&nbsp;<\/p>\n<p>NOS CONTAR\u00c1N CRUENTAS BATALLAS<\/p>\n<p>Descubrir\u00e9is como era un barco por dentro acompa\u00f1ado de juegos.<\/p>\n<h4 style=\"text-align: center;\"><a href=\"https:\/\/www.facebook.com\/MEIRANDE\/\">MUSEO DE MEIRANDE<\/a><\/h4>\n<p><img loading=\"lazy\" decoding=\"async\" class=\"aligncenter size-medium\" src=\"https:\/\/galiciamaxica.eu\/mini\/wp-content\/uploads\/2019\/10\/meirande40.jpg\" width=\"833\" height=\"555\" \/><\/p>\n<p style=\"text-align: center;\"><strong>Horario:<\/strong><\/p>\n<p style=\"text-align: center;\">De martes a viernes de 11 a 14\u00a0 y de 16 a 20<\/p>\n<p style=\"text-align: center;\">S\u00e1bados y domingos de 10 a 14 y de 17 a 20<\/p>\n<p style=\"text-align: center;\"><strong>Cierra los lunes<\/strong><\/p>\n<p><img loading=\"lazy\" decoding=\"async\" class=\"aligncenter size-medium\" src=\"https:\/\/galiciamaxica.eu\/mini\/wp-content\/uploads\/2019\/10\/meirande45.jpg\" width=\"837\" height=\"558\" \/><\/p>\n<p style=\"text-align: center;\"><strong>Tarifa\u00a0<\/strong><\/p>\n<p style=\"text-align: center;\">La entrada es gratuita<\/p>\n<p>&nbsp;<\/p>\n<blockquote class=\"wp-embedded-content\" data-secret=\"AICDt32o6Z\"><p><a href=\"https:\/\/www.galiciamaxica.eu\/mini\/museo-de-meirande\/\">Museo de Meirande<\/a><\/p><\/blockquote>\n<p><iframe class=\"wp-embedded-content\" sandbox=\"allow-scripts\" security=\"restricted\" style=\"position: absolute; visibility: hidden;\" title=\"\u00abMuseo de Meirande\u00bb \u2014 Galicia con ni\u00f1os | GALICIA M\u00c1XICA\" src=\"https:\/\/www.galiciamaxica.eu\/mini\/museo-de-meirande\/embed\/#?secret=nJm3MtLGjH#?secret=AICDt32o6Z\" data-secret=\"AICDt32o6Z\" width=\"500\" height=\"282\" frameborder=\"0\" marginwidth=\"0\" marginheight=\"0\" scrolling=\"no\"><\/iframe><\/p>\n<p>&nbsp;<\/p>\n<p>NOS ACERCAREMOS AL MAR PERO SIN MOJARNOS<\/p>\n<h4 style=\"text-align: center;\">MUSEO MAR\u00cdTIMO SENO DE CORCUBI\u00d3N<\/h4>\n<p style=\"text-align: center;\">Horario<b>Verano:<\/b><br \/>\nViernes, s\u00e1bado y domingo de 11 a 14 h. y de 16 a 20 h.<br \/>\nVisitas concertadas cualquier d\u00eda de la semana<br \/>\n<b>Resto del a\u00f1o:<\/b><br \/>\nS\u00e1bado y domingo de 11 a 14 h. y de 16 a 20 h.<\/p>\n<p style=\"text-align: center;\"><a href=\"https:\/\/www.galiciamaxica.eu\/mini\/wp-content\/uploads\/2018\/10\/Captura1.jpg\"><img loading=\"lazy\" decoding=\"async\" class=\"alignnone size-medium wp-image-9760\" src=\"https:\/\/www.galiciamaxica.eu\/mini\/wp-content\/uploads\/2018\/10\/Captura1-300x220.jpg\" alt=\"\" width=\"300\" height=\"220\" srcset=\"https:\/\/www.galiciamaxica.eu\/mini\/wp-content\/uploads\/2018\/10\/Captura1-300x220.jpg 300w, https:\/\/www.galiciamaxica.eu\/mini\/wp-content\/uploads\/2018\/10\/Captura1.jpg 762w\" sizes=\"(max-width: 300px) 100vw, 300px\" \/><\/a><\/p>\n<p style=\"text-align: center;\">Visitas concertadas cualquier d\u00eda de la semana<\/p>\n<p style=\"text-align: center;\"><strong>Tarifa<\/strong><\/p>\n<p style=\"text-align: center;\"><strong>Entrada gratuita<\/strong><\/p>\n<p><a href=\"https:\/\/www.galiciamaxica.eu\/mini\/wp-content\/uploads\/2018\/10\/Captura-4.jpg\"><img loading=\"lazy\" decoding=\"async\" class=\"size-medium wp-image-9759 aligncenter\" src=\"https:\/\/www.galiciamaxica.eu\/mini\/wp-content\/uploads\/2018\/10\/Captura-4-300x221.jpg\" alt=\"\" width=\"300\" height=\"221\" srcset=\"https:\/\/www.galiciamaxica.eu\/mini\/wp-content\/uploads\/2018\/10\/Captura-4-300x221.jpg 300w, https:\/\/www.galiciamaxica.eu\/mini\/wp-content\/uploads\/2018\/10\/Captura-4.jpg 756w\" sizes=\"(max-width: 300px) 100vw, 300px\" \/><\/a><\/p>\n<h4 style=\"text-align: center;\"><a href=\"http:\/\/museodomar.xunta.gal\/es\">MUSEO DO MAR<\/a><\/h4>\n<p style=\"text-align: center;\">Espero que sea un fallo moment\u00e1neo y pod\u00e1is ver los <strong>horarios y tarifas<\/strong> porque merece la pena<\/p>\n<blockquote class=\"wp-embedded-content\" data-secret=\"K9Gxi11ixU\"><p><a href=\"https:\/\/www.galiciamaxica.eu\/mini\/museo-do-mar\/\">MUSEO DO MAR DE VIGO<\/a><\/p><\/blockquote>\n<p><iframe class=\"wp-embedded-content\" sandbox=\"allow-scripts\" security=\"restricted\" style=\"position: absolute; visibility: hidden;\" title=\"\u00abMUSEO DO MAR DE VIGO\u00bb \u2014 Galicia con ni\u00f1os | GALICIA M\u00c1XICA\" src=\"https:\/\/www.galiciamaxica.eu\/mini\/museo-do-mar\/embed\/#?secret=WIPNCWWiZR#?secret=K9Gxi11ixU\" data-secret=\"K9Gxi11ixU\" width=\"500\" height=\"282\" frameborder=\"0\" marginwidth=\"0\" marginheight=\"0\" scrolling=\"no\"><\/iframe><\/p>\n<h4 style=\"text-align: center;\"><a href=\"http:\/\/museos.xunta.gal\/es\/masso\">MUSEO MASS\u00d3<\/a><\/h4>\n<p style=\"text-align: center;\"><a href=\"https:\/\/www.galiciamaxica.eu\/mini\/wp-content\/uploads\/2018\/10\/Captura-5.jpg\"><img loading=\"lazy\" decoding=\"async\" class=\"alignnone size-medium wp-image-9763\" src=\"https:\/\/www.galiciamaxica.eu\/mini\/wp-content\/uploads\/2018\/10\/Captura-5-300x227.jpg\" alt=\"\" width=\"300\" height=\"227\" srcset=\"https:\/\/www.galiciamaxica.eu\/mini\/wp-content\/uploads\/2018\/10\/Captura-5-300x227.jpg 300w, https:\/\/www.galiciamaxica.eu\/mini\/wp-content\/uploads\/2018\/10\/Captura-5.jpg 743w\" sizes=\"(max-width: 300px) 100vw, 300px\" \/><\/a><\/p>\n<p style=\"text-align: center;\"><strong>Horario<\/strong><\/p>\n<p style=\"text-align: center;\">De martes a s\u00e1bado: de 10:00 a 21:00 h.<br \/>\nDomingos y festivos: de 10:00 a 14:00 h.<br \/>\n<strong>Lunes: cerrado<\/strong><\/p>\n<p style=\"text-align: center;\"><strong>Tarifa<\/strong><\/p>\n<p style=\"text-align: center;\">Entrada <strong>gratuita<\/strong><\/p>\n<p>NOS ACERCAREMOS A LA CIENCIA Y A LA TECNOLOG\u00cdA<\/p>\n<h4 style=\"text-align: center;\"><a href=\"http:\/\/www.muncyt.es\/portal\/site\/MUNCYT\/menuitem.b771b22810e2963a24b3171001432ea0\/?vgnextoid=30f5248cf1c5a210VgnVCM1000001034e20aRCRD\">MUNCYT<\/a><\/h4>\n<p><img loading=\"lazy\" decoding=\"async\" class=\"aligncenter \" src=\"https:\/\/galiciamaxica.eu\/mini\/wp-content\/uploads\/2019\/10\/muncyt_coruna_2013_2_350X350.jpg\" width=\"550\" height=\"366\" \/><\/p>\n<p style=\"text-align: center;\"><strong>HORARIO <\/strong><\/p>\n<p style=\"text-align: center;\"><strong>DE INVIERNO<\/strong> (DESDE EL 15 DE SEPTIEMBRE HASTA EL 30 DE JUNIO)<br \/>\nMartes a viernes: de 10:00 a 17:00 h.<br \/>\nS\u00e1bados: de 11:00 a 19:00 h.<br \/>\nDomingos y festivos: de 11:00 a 15:00 h.<br \/>\n<strong>DE VERANO<\/strong> (DESDE EL 1 DE JULIO HASTA EL 14 DE SEPTIEMBRE)<br \/>\nMartes a s\u00e1bado: de 11:00 a 20:00 h.<br \/>\nDomingos y festivos: de 11:00 a 15:00 h.<\/p>\n<p><img loading=\"lazy\" decoding=\"async\" class=\"aligncenter \" src=\"https:\/\/galiciamaxica.eu\/mini\/wp-content\/uploads\/2019\/10\/IMG_9385_350X350.jpg\" width=\"496\" height=\"330\" \/><\/p>\n<p style=\"text-align: center;\"><strong>MUNCYT A Coru\u00f1a permanecer\u00e1 cerrado<\/strong> los d\u00edas 1 y 6 de enero, Martes de Carnaval, 8 de marzo D\u00eda Internacional de la Mujer, 1 de mayo, 24, 25 y 31 de diciembre, y <strong>todos los lunes del a\u00f1o<\/strong> (incluidos los lunes festivos).<\/p>\n<p style=\"text-align: center;\">Los menores de 14 a\u00f1os deber\u00e1n estar acompa\u00f1ados de un adulto.<\/p>\n<p><img loading=\"lazy\" decoding=\"async\" class=\"aligncenter \" src=\"https:\/\/galiciamaxica.eu\/mini\/wp-content\/uploads\/2019\/10\/plaza20con20quimera_350X350.jpg\" width=\"461\" height=\"307\" \/><\/p>\n<p style=\"text-align: center;\"><strong>Tarifas<\/strong><br \/>\nLa entrada contin\u00faa siendo <strong>gratuita<\/strong><\/p>\n<p>NOS ACERCAREMOS A ELLOS\u00a0 PARA CONOCERNOS MUCHO MEJOR<\/p>\n<h4 style=\"text-align: center;\"><a href=\"https:\/\/museos.xunta.gal\/es\/domus\">DOMUS \u2013 CASA DEL HOMBRE<\/a><\/h4>\n<p style=\"text-align: center;\">Es el Gran museo interactivo dedicado al ser humano. Aqu\u00ed tienes una obligada visita.<\/p>\n<blockquote class=\"wp-embedded-content\" data-secret=\"3SB4RqR7Kq\"><p><a href=\"https:\/\/www.galiciamaxica.eu\/mini\/domus\/\">DOMUS &#8211; LA CASA DEL HOMBRE<\/a><\/p><\/blockquote>\n<p><iframe class=\"wp-embedded-content\" sandbox=\"allow-scripts\" security=\"restricted\" style=\"position: absolute; visibility: hidden;\" title=\"\u00abDOMUS &#8211; LA CASA DEL HOMBRE\u00bb \u2014 Galicia con ni\u00f1os | GALICIA M\u00c1XICA\" src=\"https:\/\/www.galiciamaxica.eu\/mini\/domus\/embed\/#?secret=LkrWvLOnWY#?secret=3SB4RqR7Kq\" data-secret=\"3SB4RqR7Kq\" width=\"500\" height=\"282\" frameborder=\"0\" marginwidth=\"0\" marginheight=\"0\" scrolling=\"no\"><\/iframe><\/p>\n<p style=\"text-align: center;\"><strong>Horario<\/strong><br \/>\n<strong>2 de enero a 30 de abril:<\/strong><br \/>\nLunes a viernes de 10 a 18h; s\u00e1bados, domingos, festivos y Semana Santa de 11 a 19 h.<br \/>\n1 de mayo a 30 de junio y 1 de septiembre a 31 de diciembre:<br \/>\nLunes a viernes de 10 a 19 h; s\u00e1bados, domingos y festivos de 11 a 19 h.<br \/>\n<strong>1 de julio a 31 de agosto:<\/strong><br \/>\nLunes a domingo de 10 a 20 h.<\/p>\n<p style=\"text-align: center;\"><img loading=\"lazy\" decoding=\"async\" class=\"aligncenter size-medium\" src=\"https:\/\/galiciamaxica.eu\/mini\/wp-content\/uploads\/2019\/10\/00_ExpoHominidosDomus_0.jpg\" width=\"802\" height=\"573\" \/><br \/>\n<strong>Tarifa<\/strong><br \/>\nEntrada general: 2 \u20ac,<br \/>\nTarifa reducida 1 \u20ac<\/p>\n<p style=\"text-align: center;\"><img loading=\"lazy\" decoding=\"async\" class=\"aligncenter size-medium\" src=\"https:\/\/galiciamaxica.eu\/mini\/wp-content\/uploads\/2019\/10\/10995430_1090229471004264_61281184846905730_n.jpg\" width=\"960\" height=\"720\" \/><br \/>\nCine 3D: 4 \u20ac<br \/>\nCine 3D tarifa reducida: 2 \u20ac<br \/>\nLas tarifas reducidas se aplican a menores de 14 a\u00f1os, mayores de 65 y titulares de Carn\u00e9 Xove. En el caso de Magnavisi\u00f3n 3D tambi\u00e9n a titulares de Tarjeta Vente.<\/p>\n<p>NOS ACERCAR\u00c1N A CONOCERLOS PORQUE SON GRANDES E ILUSTRES<\/p>\n<h4 style=\"text-align: center;\"><a href=\"http:\/\/www.mandecamelle.com\/\">MUSEO DE MAN<\/a><\/h4>\n<p><img loading=\"lazy\" decoding=\"async\" class=\"aligncenter size-medium\" src=\"https:\/\/galiciamaxica.eu\/mini\/wp-content\/uploads\/2019\/10\/the-16thannualascot.jpg\" width=\"820\" height=\"615\" \/><\/p>\n<p style=\"text-align: center;\"><strong>HORARIO<\/strong><br \/>\n<strong>CERRADO LOS LUNES<\/strong><\/p>\n<p style=\"text-align: center;\">ABIERTO DE MARTES A DOMINGO<\/p>\n<p style=\"text-align: center;\">11:00\u201314:00<br \/>\n17:00\u201320:00<\/p>\n<p><img loading=\"lazy\" decoding=\"async\" class=\"aligncenter size-medium\" src=\"https:\/\/galiciamaxica.eu\/mini\/wp-content\/uploads\/2019\/10\/img_5d9aef06adc4b.jpg\" width=\"1280\" height=\"720\" \/><\/p>\n<p style=\"text-align: center;\"><strong>TARIFA<\/strong><br \/>\nUN EURO PERSONA<\/p>\n<blockquote class=\"wp-embedded-content\" data-secret=\"kqVGhvY6nJ\"><p><a href=\"https:\/\/www.galiciamaxica.eu\/mini\/museo-man-camelle\/\">El Museo de Man en Camelle<\/a><\/p><\/blockquote>\n<p><iframe class=\"wp-embedded-content\" sandbox=\"allow-scripts\" security=\"restricted\" style=\"position: absolute; visibility: hidden;\" title=\"\u00abEl Museo de Man en Camelle\u00bb \u2014 Galicia con ni\u00f1os | GALICIA M\u00c1XICA\" src=\"https:\/\/www.galiciamaxica.eu\/mini\/museo-man-camelle\/embed\/#?secret=AAZKmbingG#?secret=kqVGhvY6nJ\" data-secret=\"kqVGhvY6nJ\" width=\"500\" height=\"282\" frameborder=\"0\" marginwidth=\"0\" marginheight=\"0\" scrolling=\"no\"><\/iframe><\/p>\n<h4 style=\"text-align: center;\"><a href=\"http:\/\/rosalia.gal\/a-casa-museo\/\">CASA MUSEO ROSAL\u00cdA DE CASTRO<\/a><\/h4>\n<p><img loading=\"lazy\" decoding=\"async\" class=\"aligncenter size-medium\" src=\"https:\/\/galiciamaxica.eu\/mini\/wp-content\/uploads\/2019\/10\/img_5d9aef08622c4.jpg\" width=\"203\" height=\"249\" \/><\/p>\n<p style=\"text-align: center;\"><strong>Horarios<\/strong><br \/>\n<strong>De Julio a septiembre<\/strong><br \/>\n10.00-14.00 h<br \/>\n16.00-20.00 h<\/p>\n<p style=\"text-align: center;\"><strong>Resto del a\u00f1o<\/strong><br \/>\n10.00-13.30 h<br \/>\n16.00-19.00 h<\/p>\n<p style=\"text-align: center;\"><strong>Lunes cerrado<\/strong><\/p>\n<p style=\"text-align: center;\">Domingos y festivos: 10.00-13.30 h<\/p>\n<p style=\"text-align: center;\"><iframe src=\"https:\/\/www.youtube.com\/embed\/891GXdOyDbQ\" width=\"560\" height=\"315\" frameborder=\"0\" allowfullscreen=\"allowfullscreen\"><\/iframe><\/p>\n<p style=\"text-align: center;\"><strong>Tarifas<\/strong><br \/>\nIndividuales 2\u20ac<br \/>\nGrupos +20 personas 1,50\u20ac<br \/>\nColexios (mayores 6 anos) 1\u20ac<br \/>\nColexios (menores 6 anos) 0\u20ac<\/p>\n<p><img loading=\"lazy\" decoding=\"async\" class=\"aligncenter size-medium\" src=\"https:\/\/galiciamaxica.eu\/mini\/wp-content\/uploads\/2019\/10\/img_5d9aef09055f6.jpg\" width=\"981\" height=\"550\" \/><\/p>\n<p style=\"text-align: center;\">Cita previa (solo grupos)<br \/>\nPor tel\u00e9fono: 981.811.204<br \/>\nPor mail: fundacion@rosaliadecastro.gal<\/p>\n<p>NOS ACERCAN A NUESTRA TRADICI\u00d3N ORAL, GASTRON\u00d3MICA<\/p>\n<p>LAS MEJORES LEYENDAS, EL COCIDO<\/p>\n<p><img loading=\"lazy\" decoding=\"async\" class=\"aligncenter size-medium\" src=\"https:\/\/galiciamaxica.eu\/mini\/wp-content\/uploads\/2019\/10\/img_5d9aef097d44d.jpg\" width=\"1152\" height=\"768\" \/><\/p>\n<p><strong>De mouros e meigas, o imaxinario popular e a cultura castrexa<\/strong><\/p>\n<blockquote class=\"wp-embedded-content\" data-secret=\"vYI0E9aqDY\"><p><a href=\"https:\/\/www.galiciamaxica.eu\/mini\/un-planazo-en-familia-nos-vamos-a-lalin\/\">Si eliges Lal\u00edn, aciertas seguro.<\/a><\/p><\/blockquote>\n<p><iframe class=\"wp-embedded-content\" sandbox=\"allow-scripts\" security=\"restricted\" style=\"position: absolute; visibility: hidden;\" title=\"\u00abSi eliges Lal\u00edn, aciertas seguro.\u00bb \u2014 Galicia con ni\u00f1os | GALICIA M\u00c1XICA\" src=\"https:\/\/www.galiciamaxica.eu\/mini\/un-planazo-en-familia-nos-vamos-a-lalin\/embed\/#?secret=lfzwvg0J2U#?secret=vYI0E9aqDY\" data-secret=\"vYI0E9aqDY\" width=\"500\" height=\"282\" frameborder=\"0\" marginwidth=\"0\" marginheight=\"0\" scrolling=\"no\"><\/iframe><\/p>\n<p style=\"text-align: center;\"><strong>HORARIO<\/strong><\/p>\n<p style=\"text-align: center;\"><strong>Temporada alta y Navidad:<\/strong><br \/>\n10:00 &#8211; 14:00 | 15:00 &#8211; 18:00<\/p>\n<p style=\"text-align: center;\"><strong>Fines de semana de abril, mayo, junio, Semana Santa y festivos:<\/strong><br \/>\n10:00 &#8211; 14:00 | 16:00 &#8211; 20:00<\/p>\n<p style=\"text-align: center;\"><strong>Temporada baja:<\/strong>\u00a010:00 &#8211; 15:00<\/p>\n<p style=\"text-align: center;\"><strong>D\u00edas de cierre:<\/strong>\u00a0Los lunes, excepto festivos, y los d\u00edas 1 de enero y 24, 25 y 31 de diciembre.<\/p>\n<p style=\"text-align: center;\"><strong>PARA GRUPOS Y EXCURSIONES ESCOLARES, RECOMENDAD\u00cdSIMO<\/strong><\/p>\n<p style=\"text-align: center;\">Contacta con nosotros en el tel\u00e9fono 986 781 608 o en el correo electr\u00f3nico castrodeza@depo.es<\/p>\n<h4 style=\"text-align: center;\">CASTRO DEZA<\/h4>\n<p><img loading=\"lazy\" decoding=\"async\" class=\"aligncenter size-medium\" src=\"https:\/\/galiciamaxica.eu\/mini\/wp-content\/uploads\/2019\/10\/img_5d9aef0a7ccad.jpg\" width=\"1152\" height=\"768\" \/><\/p>\n<blockquote class=\"wp-embedded-content\" data-secret=\"Ne2I0bNK8C\"><p><a href=\"https:\/\/www.galiciamaxica.eu\/mini\/un-paseo-por-una-ciudad-lalin\/\">Un paseo por una ciudad, Lal\u00edn<\/a><\/p><\/blockquote>\n<p><iframe class=\"wp-embedded-content\" sandbox=\"allow-scripts\" security=\"restricted\" style=\"position: absolute; visibility: hidden;\" title=\"\u00abUn paseo por una ciudad, Lal\u00edn\u00bb \u2014 Galicia con ni\u00f1os | GALICIA M\u00c1XICA\" src=\"https:\/\/www.galiciamaxica.eu\/mini\/un-paseo-por-una-ciudad-lalin\/embed\/#?secret=YVbhwhHTkb#?secret=Ne2I0bNK8C\" data-secret=\"Ne2I0bNK8C\" width=\"500\" height=\"282\" frameborder=\"0\" marginwidth=\"0\" marginheight=\"0\" scrolling=\"no\"><\/iframe><\/p>\n<p>NOS MUESTRAN IMPRESIONANTES COLECCIONES<\/p>\n<h4 style=\"text-align: center;\"><a href=\"http:\/\/museos.xunta.gal\/es\/instrumentos-centrad\">COLECCI\u00d3N DE INSTRUMENTOS MUSICALES<\/a><\/h4>\n<p style=\"text-align: center;\"><a href=\"https:\/\/www.galiciamaxica.eu\/mini\/wp-content\/uploads\/2018\/10\/Captura-6.jpg\"><img loading=\"lazy\" decoding=\"async\" class=\"alignnone size-medium wp-image-9766\" src=\"https:\/\/www.galiciamaxica.eu\/mini\/wp-content\/uploads\/2018\/10\/Captura-6-300x221.jpg\" alt=\"\" width=\"300\" height=\"221\" srcset=\"https:\/\/www.galiciamaxica.eu\/mini\/wp-content\/uploads\/2018\/10\/Captura-6-300x221.jpg 300w, https:\/\/www.galiciamaxica.eu\/mini\/wp-content\/uploads\/2018\/10\/Captura-6.jpg 658w\" sizes=\"(max-width: 300px) 100vw, 300px\" \/><\/a><\/p>\n<p style=\"text-align: center;\"><strong>Horario<\/strong><\/p>\n<p style=\"text-align: center;\">De 8 a 19 h.<\/p>\n<p style=\"text-align: center;\"><strong>Tarifa<\/strong><\/p>\n<p style=\"text-align: center;\">Entrada<strong> gratuita<\/strong><\/p>\n<h4 style=\"text-align: center;\"><a href=\"http:\/\/museos.xunta.gal\/es\/reloxos\">MUSEO DE RELOJES<\/a><\/h4>\n<p style=\"text-align: center;\"><a href=\"https:\/\/www.galiciamaxica.eu\/mini\/wp-content\/uploads\/2018\/10\/Captura-7.jpg\"><img loading=\"lazy\" decoding=\"async\" class=\"alignnone size-medium wp-image-9767\" src=\"https:\/\/www.galiciamaxica.eu\/mini\/wp-content\/uploads\/2018\/10\/Captura-7-300x259.jpg\" alt=\"\" width=\"300\" height=\"259\" srcset=\"https:\/\/www.galiciamaxica.eu\/mini\/wp-content\/uploads\/2018\/10\/Captura-7-300x259.jpg 300w, https:\/\/www.galiciamaxica.eu\/mini\/wp-content\/uploads\/2018\/10\/Captura-7.jpg 645w\" sizes=\"(max-width: 300px) 100vw, 300px\" \/><\/a><\/p>\n<section id=\"\" class=\"page\">\n<div class=\"region region-content\">\n<div id=\"block-system-main\" class=\"block block-system first last odd\">\n<div class=\"content\">\n<div class=\"listadoNodos\" style=\"text-align: center;\">\n<section id=\"cuerpo\" class=\"page ficha_museo\">\n<dl>\n<dt><strong>Horario<\/strong><\/dt>\n<dd>Lunes a viernes de 17 a 19 h., previa cita<\/dd>\n<dt><strong>Tarifa<\/strong><\/dt>\n<dd>Entrada gratuita<\/dd>\n<dd><\/dd>\n<dd><\/dd>\n<\/dl>\n<h4 class=\"clear\"><a href=\"http:\/\/museos.xunta.gal\/es\/anestesioloxia\">COLECCI\u00d3N DE ANESTESIOLOX\u00cdA E REANIMACI\u00d3N<\/a><\/h4>\n<div><\/div>\n<div><a href=\"https:\/\/www.galiciamaxica.eu\/mini\/wp-content\/uploads\/2018\/10\/Captura-8.jpg\"><img loading=\"lazy\" decoding=\"async\" class=\"alignnone size-medium wp-image-9768\" src=\"https:\/\/www.galiciamaxica.eu\/mini\/wp-content\/uploads\/2018\/10\/Captura-8-300x247.jpg\" alt=\"\" width=\"300\" height=\"247\" srcset=\"https:\/\/www.galiciamaxica.eu\/mini\/wp-content\/uploads\/2018\/10\/Captura-8-300x247.jpg 300w, https:\/\/www.galiciamaxica.eu\/mini\/wp-content\/uploads\/2018\/10\/Captura-8.jpg 698w\" sizes=\"(max-width: 300px) 100vw, 300px\" \/><\/a><\/div>\n<div>Horario<\/div>\n<div>Lunes a viernes de 9 a 14 h. y de 16 a 20 h.<\/div>\n<div><strong>Tarifa<\/strong><\/div>\n<div>Entrada<strong> gratuita<\/strong><\/div>\n<\/section>\n<\/div>\n<\/div>\n<\/div>\n<\/div>\n<\/section>\n<p>NOS ENSE\u00d1AN M\u00c1S\u00a0 SOBRE ANIMALES<\/p>\n<p><img loading=\"lazy\" decoding=\"async\" class=\"aligncenter \" src=\"https:\/\/galiciamaxica.eu\/mini\/wp-content\/uploads\/2019\/10\/img_5d9aef0c5b95f.jpg\" width=\"704\" height=\"528\" \/><\/p>\n<h4 style=\"text-align: center;\"><a href=\"https:\/\/museos.xunta.gal\/es\/moucho\">MUSEO DO MOUCHO<\/a><\/h4>\n<p style=\"text-align: center;\"><a href=\"https:\/\/www.galiciamaxica.eu\/mini\/wp-content\/uploads\/2018\/10\/Captura-9.jpg\"><img loading=\"lazy\" decoding=\"async\" class=\"alignnone size-medium wp-image-9769\" src=\"https:\/\/www.galiciamaxica.eu\/mini\/wp-content\/uploads\/2018\/10\/Captura-9-300x220.jpg\" alt=\"\" width=\"300\" height=\"220\" srcset=\"https:\/\/www.galiciamaxica.eu\/mini\/wp-content\/uploads\/2018\/10\/Captura-9-300x220.jpg 300w, https:\/\/www.galiciamaxica.eu\/mini\/wp-content\/uploads\/2018\/10\/Captura-9.jpg 758w\" sizes=\"(max-width: 300px) 100vw, 300px\" \/><\/a><\/p>\n<p style=\"text-align: center;\"><strong>Horario<\/strong><\/p>\n<p style=\"text-align: center;\">Lunes a viernes<\/p>\n<p style=\"text-align: center;\">de 9 a 13 h. y de 16 a 18 h.<\/p>\n<p style=\"text-align: center;\"><strong>Tarifa<\/strong><\/p>\n<p style=\"text-align: center;\">Entrada <strong>gratuita<\/strong><\/p>\n<p>NOS ENDULZAN EL D\u00cdA<\/p>\n<p><img loading=\"lazy\" decoding=\"async\" class=\"aligncenter size-medium\" src=\"https:\/\/galiciamaxica.eu\/mini\/wp-content\/uploads\/2019\/10\/casadomel10.jpg\" width=\"800\" height=\"533\" \/><\/p>\n<h4 style=\"text-align: center;\"><a href=\"http:\/\/www.abelleiro.com\/\">MUSEO DO MEL- O ENREDO DO ABELLEIRO<\/a><\/h4>\n<blockquote class=\"wp-embedded-content\" data-secret=\"8qIEHk0aqR\"><p><a href=\"https:\/\/www.galiciamaxica.eu\/galicia\/a-coruna\/museomel\/\">Museo do Mel &#8211; O Enredo do Abelleiro<\/a><\/p><\/blockquote>\n<p><iframe class=\"wp-embedded-content\" sandbox=\"allow-scripts\" security=\"restricted\" style=\"position: absolute; visibility: hidden;\" title=\"\u00abMuseo do Mel &#8211; O Enredo do Abelleiro\u00bb \u2014 Galicia M\u00e1xica | Algo m\u00e1s que ver en Galicia\" src=\"https:\/\/www.galiciamaxica.eu\/galicia\/a-coruna\/museomel\/embed\/#?secret=c1zVef7qW5#?secret=8qIEHk0aqR\" data-secret=\"8qIEHk0aqR\" width=\"500\" height=\"282\" frameborder=\"0\" marginwidth=\"0\" marginheight=\"0\" scrolling=\"no\"><\/iframe><\/p>\n<p style=\"text-align: center;\"><strong>Horarios<\/strong><br \/>\n<strong>LUNES A DOMINGO<\/strong><br \/>\nMa\u00f1ana:<br \/>\n11.00h \u2013 14.00h<br \/>\nTarde:<br \/>\n16.00h \u2013 20.00h<\/p>\n<p style=\"text-align: center;\"><strong>Tarifa<\/strong><br \/>\n2,00 \u20ac PERSONA.<\/p>\n<p style=\"text-align: center;\"><a href=\"http:\/\/www.abelleiro.com\/index.php\/informacion\"><strong>M\u00e1s info<\/strong><\/a><\/p>\n<p>NOS ACERCAN A LOS JUEGOS<\/p>\n<h4 style=\"text-align: center;\">O MUSEO GALEGO DA MARIONETA<\/h4>\n<p style=\"text-align: center;\"><strong>Horario:<\/strong><br \/>\nTodos os d\u00edas: 11-14 h. 17-20 h.<br \/>\n24, 25 e 31 de diciembre e 1 de enero cerrado<\/p>\n<blockquote class=\"wp-embedded-content\" data-secret=\"haKJ45DgVJ\"><p><a href=\"https:\/\/www.galiciamaxica.eu\/mini\/museo-galego-da-marioneta-en-lalin\/\">Museo Galego da Marioneta en Lal\u00edn<\/a><\/p><\/blockquote>\n<p><iframe class=\"wp-embedded-content\" sandbox=\"allow-scripts\" security=\"restricted\" style=\"position: absolute; visibility: hidden;\" title=\"\u00abMuseo Galego da Marioneta en Lal\u00edn\u00bb \u2014 Galicia con ni\u00f1os | GALICIA M\u00c1XICA\" src=\"https:\/\/www.galiciamaxica.eu\/mini\/museo-galego-da-marioneta-en-lalin\/embed\/#?secret=XhAUQv1HUZ#?secret=haKJ45DgVJ\" data-secret=\"haKJ45DgVJ\" width=\"500\" height=\"282\" frameborder=\"0\" marginwidth=\"0\" marginheight=\"0\" scrolling=\"no\"><\/iframe><\/p>\n<h4 style=\"text-align: center;\"><a href=\"http:\/\/museos.xunta.gal\/es\/xoguete\">MUSEO GALEGO DO XOGUETE ALLARIZ<\/a><\/h4>\n<p style=\"text-align: center;\"><strong>Horario<\/strong><\/p>\n<p style=\"text-align: center;\">S\u00e1bados, domingos y festivos de 12 a 14 h. y de 17:30 a 20:30 h.<br \/>\nVisitas de grupo fuera de horario: concertar a trav\u00e9s de la empresa municipal Reatur (988442006 \/ 988440126, reatur@allariz.com)<\/p>\n<p style=\"text-align: center;\"><strong>Tarifa<\/strong><\/p>\n<p style=\"text-align: center;\">Entrada individual: 2 \u20ac<br \/>\nGrupos de m\u00e1s de 15 personas: 1 \u20ac<\/p>\n<p><img loading=\"lazy\" decoding=\"async\" class=\"aligncenter size-medium\" src=\"https:\/\/i1.wp.com\/museos.xunta.es\/sites\/default\/files\/field\/image\/00_IMG_5241.JPG?resize=739%2C493\" width=\"739\" height=\"493\" \/><\/p>\n<p style=\"text-align: center;\">Para despedir esta entrada solo recomendaros el estar muy pendiente de las exposiciones itinerantes<\/p>\n<blockquote class=\"wp-embedded-content\" data-secret=\"R46WlDsADg\"><p><a href=\"https:\/\/www.galiciamaxica.eu\/mini\/los-guerreros-terracota\/\">Los Guerreros de Terracota<\/a><\/p><\/blockquote>\n<p><iframe class=\"wp-embedded-content\" sandbox=\"allow-scripts\" security=\"restricted\" style=\"position: absolute; visibility: hidden;\" title=\"\u00abLos Guerreros de Terracota\u00bb \u2014 Galicia con ni\u00f1os | GALICIA M\u00c1XICA\" src=\"https:\/\/www.galiciamaxica.eu\/mini\/los-guerreros-terracota\/embed\/#?secret=eU52Lrkl8g#?secret=R46WlDsADg\" data-secret=\"R46WlDsADg\" width=\"500\" height=\"282\" frameborder=\"0\" marginwidth=\"0\" marginheight=\"0\" scrolling=\"no\"><\/iframe><\/p>\n<p style=\"text-align: center;\">\n","protected":false},"excerpt":{"rendered":"<p>M\u00f3jate! Porque hoy toca peregrinar por los museos del saber pero antes de acercaros a estos 29 incre\u00edbles lugares creo que debes leer esta entrada. En estos lugares las prisas no son buenas y las carreras est\u00e1n prohibidas. Los centros del saber Las conversaciones son solo nuestras y el tono no ha de molestar a [&hellip;]<\/p>\n","protected":false},"author":1,"featured_media":9784,"comment_status":"open","ping_status":"closed","sticky":false,"template":"","format":"standard","meta":{"_eb_attr":"","site-sidebar-layout":"default","site-content-layout":"","ast-site-content-layout":"default","site-content-style":"default","site-sidebar-style":"default","ast-global-header-display":"","ast-banner-title-visibility":"","ast-main-header-display":"","ast-hfb-above-header-display":"","ast-hfb-below-header-display":"","ast-hfb-mobile-header-display":"","site-post-title":"","ast-breadcrumbs-content":"","ast-featured-img":"","footer-sml-layout":"","theme-transparent-header-meta":"default","adv-header-id-meta":"","stick-header-meta":"","header-above-stick-meta":"","header-main-stick-meta":"","header-below-stick-meta":"","astra-migrate-meta-layouts":"set","ast-page-background-enabled":"default","ast-page-background-meta":{"desktop":{"background-color":"","background-image":"","background-repeat":"repeat","background-position":"center center","background-size":"auto","background-attachment":"scroll","background-type":"","background-media":"","overlay-type":"","overlay-color":"","overlay-opacity":"","overlay-gradient":""},"tablet":{"background-color":"","background-image":"","background-repeat":"repeat","background-position":"center center","background-size":"auto","background-attachment":"scroll","background-type":"","background-media":"","overlay-type":"","overlay-color":"","overlay-opacity":"","overlay-gradient":""},"mobile":{"background-color":"","background-image":"","background-repeat":"repeat","background-position":"center center","background-size":"auto","background-attachment":"scroll","background-type":"","background-media":"","overlay-type":"","overlay-color":"","overlay-opacity":"","overlay-gradient":""}},"ast-content-background-meta":{"desktop":{"background-color":"var(--ast-global-color-5)","background-image":"","background-repeat":"repeat","background-position":"center center","background-size":"auto","background-attachment":"scroll","background-type":"","background-media":"","overlay-type":"","overlay-color":"","overlay-opacity":"","overlay-gradient":""},"tablet":{"background-color":"var(--ast-global-color-5)","background-image":"","background-repeat":"repeat","background-position":"center center","background-size":"auto","background-attachment":"scroll","background-type":"","background-media":"","overlay-type":"","overlay-color":"","overlay-opacity":"","overlay-gradient":""},"mobile":{"background-color":"var(--ast-global-color-5)","background-image":"","background-repeat":"repeat","background-position":"center center","background-size":"auto","background-attachment":"scroll","background-type":"","background-media":"","overlay-type":"","overlay-color":"","overlay-opacity":"","overlay-gradient":""}},"footnotes":""},"categories":[12],"tags":[25,542,1088],"class_list":["post-9747","post","type-post","status-publish","format-standard","has-post-thumbnail","hentry","category-museos","tag-galicia","tag-museos","tag-saber"],"yoast_head":"<!-- This site is optimized with the Yoast SEO plugin v24.9 - https:\/\/yoast.com\/wordpress\/plugins\/seo\/ -->\n<title>Lugares en los que no mojarse pero empaparse con el saber. - Galicia con ni\u00f1os | GALICIA M\u00c1XICA<\/title>\n<meta name=\"description\" content=\"Los centros del saber.\" \/>\n<meta name=\"robots\" content=\"index, follow, max-snippet:-1, max-image-preview:large, max-video-preview:-1\" \/>\n<link rel=\"canonical\" href=\"https:\/\/www.galiciamaxica.eu\/mini\/lugares-en-los-que-no-mojarse-pero-empaparse-con-el-saber\/\" \/>\n<meta property=\"og:locale\" content=\"es_ES\" \/>\n<meta property=\"og:type\" content=\"article\" \/>\n<meta property=\"og:title\" content=\"Lugares en los que no mojarse pero empaparse con el saber. - Galicia con ni\u00f1os | GALICIA M\u00c1XICA\" \/>\n<meta property=\"og:description\" content=\"Los centros del saber.\" \/>\n<meta property=\"og:url\" content=\"https:\/\/www.galiciamaxica.eu\/mini\/lugares-en-los-que-no-mojarse-pero-empaparse-con-el-saber\/\" \/>\n<meta property=\"og:site_name\" content=\"Galicia con ni\u00f1os | GALICIA M\u00c1XICA\" \/>\n<meta property=\"article:publisher\" content=\"https:\/\/www.facebook.com\/maria.rodriguezserantes\" \/>\n<meta property=\"article:author\" content=\"https:\/\/www.facebook.com\/maria.rodriguezserantes\" \/>\n<meta property=\"article:published_time\" content=\"2025-10-11T11:37:03+00:00\" \/>\n<meta property=\"article:modified_time\" content=\"2025-11-12T10:29:50+00:00\" \/>\n<meta property=\"og:image\" content=\"https:\/\/www.galiciamaxica.eu\/mini\/wp-content\/uploads\/2018\/10\/a-Colorsof-Summer-2.jpg\" \/>\n\t<meta property=\"og:image:width\" content=\"960\" \/>\n\t<meta property=\"og:image:height\" content=\"768\" \/>\n\t<meta property=\"og:image:type\" content=\"image\/jpeg\" \/>\n<meta name=\"author\" content=\"seseixa\" \/>\n<meta name=\"twitter:card\" content=\"summary_large_image\" \/>\n<meta name=\"twitter:creator\" content=\"@seseixa\" \/>\n<meta name=\"twitter:site\" content=\"@seseixa\" \/>\n<meta name=\"twitter:label1\" content=\"Escrito por\" \/>\n\t<meta name=\"twitter:data1\" content=\"seseixa\" \/>\n\t<meta name=\"twitter:label2\" content=\"Tiempo de lectura\" \/>\n\t<meta name=\"twitter:data2\" content=\"19 minutos\" \/>\n<script type=\"application\/ld+json\" class=\"yoast-schema-graph\">{\"@context\":\"https:\/\/schema.org\",\"@graph\":[{\"@type\":\"Article\",\"@id\":\"https:\/\/www.galiciamaxica.eu\/mini\/lugares-en-los-que-no-mojarse-pero-empaparse-con-el-saber\/#article\",\"isPartOf\":{\"@id\":\"https:\/\/www.galiciamaxica.eu\/mini\/lugares-en-los-que-no-mojarse-pero-empaparse-con-el-saber\/\"},\"author\":{\"name\":\"seseixa\",\"@id\":\"https:\/\/www.galiciamaxica.eu\/mini\/#\/schema\/person\/2b284fe2fd911000a48d2e8936300179\"},\"headline\":\"Lugares en los que no mojarse pero empaparse con el saber.\",\"datePublished\":\"2025-10-11T11:37:03+00:00\",\"dateModified\":\"2025-11-12T10:29:50+00:00\",\"mainEntityOfPage\":{\"@id\":\"https:\/\/www.galiciamaxica.eu\/mini\/lugares-en-los-que-no-mojarse-pero-empaparse-con-el-saber\/\"},\"wordCount\":2117,\"commentCount\":0,\"publisher\":{\"@id\":\"https:\/\/www.galiciamaxica.eu\/mini\/#\/schema\/person\/2b284fe2fd911000a48d2e8936300179\"},\"image\":{\"@id\":\"https:\/\/www.galiciamaxica.eu\/mini\/lugares-en-los-que-no-mojarse-pero-empaparse-con-el-saber\/#primaryimage\"},\"thumbnailUrl\":\"https:\/\/www.galiciamaxica.eu\/mini\/wp-content\/uploads\/2018\/10\/a-Colorsof-Summer-2.jpg\",\"keywords\":[\"Galicia\",\"museos\",\"saber\"],\"articleSection\":[\"MUSEOS\"],\"inLanguage\":\"es\",\"potentialAction\":[{\"@type\":\"CommentAction\",\"name\":\"Comment\",\"target\":[\"https:\/\/www.galiciamaxica.eu\/mini\/lugares-en-los-que-no-mojarse-pero-empaparse-con-el-saber\/#respond\"]}]},{\"@type\":\"WebPage\",\"@id\":\"https:\/\/www.galiciamaxica.eu\/mini\/lugares-en-los-que-no-mojarse-pero-empaparse-con-el-saber\/\",\"url\":\"https:\/\/www.galiciamaxica.eu\/mini\/lugares-en-los-que-no-mojarse-pero-empaparse-con-el-saber\/\",\"name\":\"Lugares en los que no mojarse pero empaparse con el saber. - Galicia con ni\u00f1os | GALICIA M\u00c1XICA\",\"isPartOf\":{\"@id\":\"https:\/\/www.galiciamaxica.eu\/mini\/#website\"},\"primaryImageOfPage\":{\"@id\":\"https:\/\/www.galiciamaxica.eu\/mini\/lugares-en-los-que-no-mojarse-pero-empaparse-con-el-saber\/#primaryimage\"},\"image\":{\"@id\":\"https:\/\/www.galiciamaxica.eu\/mini\/lugares-en-los-que-no-mojarse-pero-empaparse-con-el-saber\/#primaryimage\"},\"thumbnailUrl\":\"https:\/\/www.galiciamaxica.eu\/mini\/wp-content\/uploads\/2018\/10\/a-Colorsof-Summer-2.jpg\",\"datePublished\":\"2025-10-11T11:37:03+00:00\",\"dateModified\":\"2025-11-12T10:29:50+00:00\",\"description\":\"Los centros del saber.\",\"breadcrumb\":{\"@id\":\"https:\/\/www.galiciamaxica.eu\/mini\/lugares-en-los-que-no-mojarse-pero-empaparse-con-el-saber\/#breadcrumb\"},\"inLanguage\":\"es\",\"potentialAction\":[{\"@type\":\"ReadAction\",\"target\":[\"https:\/\/www.galiciamaxica.eu\/mini\/lugares-en-los-que-no-mojarse-pero-empaparse-con-el-saber\/\"]}]},{\"@type\":\"ImageObject\",\"inLanguage\":\"es\",\"@id\":\"https:\/\/www.galiciamaxica.eu\/mini\/lugares-en-los-que-no-mojarse-pero-empaparse-con-el-saber\/#primaryimage\",\"url\":\"https:\/\/www.galiciamaxica.eu\/mini\/wp-content\/uploads\/2018\/10\/a-Colorsof-Summer-2.jpg\",\"contentUrl\":\"https:\/\/www.galiciamaxica.eu\/mini\/wp-content\/uploads\/2018\/10\/a-Colorsof-Summer-2.jpg\",\"width\":960,\"height\":768,\"caption\":\"img_5d9aeeed7bcc9\"},{\"@type\":\"BreadcrumbList\",\"@id\":\"https:\/\/www.galiciamaxica.eu\/mini\/lugares-en-los-que-no-mojarse-pero-empaparse-con-el-saber\/#breadcrumb\",\"itemListElement\":[{\"@type\":\"ListItem\",\"position\":1,\"name\":\"Portada\",\"item\":\"https:\/\/www.galiciamaxica.eu\/mini\/\"},{\"@type\":\"ListItem\",\"position\":2,\"name\":\"Lugares en los que no mojarse pero empaparse con el saber.\"}]},{\"@type\":\"WebSite\",\"@id\":\"https:\/\/www.galiciamaxica.eu\/mini\/#website\",\"url\":\"https:\/\/www.galiciamaxica.eu\/mini\/\",\"name\":\"Galicia con ni\u00f1os | GALICIA M\u00c1XICA\",\"description\":\"Qu\u00e9 hacer con ni\u00f1os en Galicia\",\"publisher\":{\"@id\":\"https:\/\/www.galiciamaxica.eu\/mini\/#\/schema\/person\/2b284fe2fd911000a48d2e8936300179\"},\"potentialAction\":[{\"@type\":\"SearchAction\",\"target\":{\"@type\":\"EntryPoint\",\"urlTemplate\":\"https:\/\/www.galiciamaxica.eu\/mini\/?s={search_term_string}\"},\"query-input\":{\"@type\":\"PropertyValueSpecification\",\"valueRequired\":true,\"valueName\":\"search_term_string\"}}],\"inLanguage\":\"es\"},{\"@type\":[\"Person\",\"Organization\"],\"@id\":\"https:\/\/www.galiciamaxica.eu\/mini\/#\/schema\/person\/2b284fe2fd911000a48d2e8936300179\",\"name\":\"seseixa\",\"image\":{\"@type\":\"ImageObject\",\"inLanguage\":\"es\",\"@id\":\"https:\/\/www.galiciamaxica.eu\/mini\/#\/schema\/person\/image\/\",\"url\":\"https:\/\/www.galiciamaxica.eu\/mini\/wp-content\/uploads\/2019\/02\/seseixa.png\",\"contentUrl\":\"https:\/\/www.galiciamaxica.eu\/mini\/wp-content\/uploads\/2019\/02\/seseixa.png\",\"width\":100,\"height\":100,\"caption\":\"seseixa\"},\"logo\":{\"@id\":\"https:\/\/www.galiciamaxica.eu\/mini\/#\/schema\/person\/image\/\"},\"description\":\"En la actualidad combinando dos proyectos que me apasionan, Galicia y los ni\u00f1os. Tengo mucho que aportar y otro tanto que aprender, as\u00ed como, el tiempo y el coraz\u00f3n, dividido en todo momento. Soy mam\u00e1, un titulo otorgado a tiempo completo, compa\u00f1era y amiga, a todas horas, familiar y cercana, siempre. De esp\u00edritu inquieto, soy una eterna ni\u00f1a que juega en el pa\u00eds de las maravillas. Una enamorada de mi tierra, por la que trabajo sin descanso. Creo en la infancia como motor que cambiar\u00e1 el mundo a mejor y busco en mi vida la felicidad como estado permanente porque s\u00f3lo se vive una vez.\",\"sameAs\":[\"http:\/\/mini.galiciamaxica.eu\/\",\"https:\/\/www.facebook.com\/maria.rodriguezserantes\",\"https:\/\/x.com\/seseixa\"],\"url\":\"https:\/\/www.galiciamaxica.eu\/mini\/author\/seseixa\/\"}]}<\/script>\n<!-- \/ Yoast SEO plugin. -->","yoast_head_json":{"title":"Lugares en los que no mojarse pero empaparse con el saber. - Galicia con ni\u00f1os | GALICIA M\u00c1XICA","description":"Los centros del saber.","robots":{"index":"index","follow":"follow","max-snippet":"max-snippet:-1","max-image-preview":"max-image-preview:large","max-video-preview":"max-video-preview:-1"},"canonical":"https:\/\/www.galiciamaxica.eu\/mini\/lugares-en-los-que-no-mojarse-pero-empaparse-con-el-saber\/","og_locale":"es_ES","og_type":"article","og_title":"Lugares en los que no mojarse pero empaparse con el saber. - Galicia con ni\u00f1os | GALICIA M\u00c1XICA","og_description":"Los centros del saber.","og_url":"https:\/\/www.galiciamaxica.eu\/mini\/lugares-en-los-que-no-mojarse-pero-empaparse-con-el-saber\/","og_site_name":"Galicia con ni\u00f1os | GALICIA M\u00c1XICA","article_publisher":"https:\/\/www.facebook.com\/maria.rodriguezserantes","article_author":"https:\/\/www.facebook.com\/maria.rodriguezserantes","article_published_time":"2025-10-11T11:37:03+00:00","article_modified_time":"2025-11-12T10:29:50+00:00","og_image":[{"width":960,"height":768,"url":"https:\/\/www.galiciamaxica.eu\/mini\/wp-content\/uploads\/2018\/10\/a-Colorsof-Summer-2.jpg","type":"image\/jpeg"}],"author":"seseixa","twitter_card":"summary_large_image","twitter_creator":"@seseixa","twitter_site":"@seseixa","twitter_misc":{"Escrito por":"seseixa","Tiempo de lectura":"19 minutos"},"schema":{"@context":"https:\/\/schema.org","@graph":[{"@type":"Article","@id":"https:\/\/www.galiciamaxica.eu\/mini\/lugares-en-los-que-no-mojarse-pero-empaparse-con-el-saber\/#article","isPartOf":{"@id":"https:\/\/www.galiciamaxica.eu\/mini\/lugares-en-los-que-no-mojarse-pero-empaparse-con-el-saber\/"},"author":{"name":"seseixa","@id":"https:\/\/www.galiciamaxica.eu\/mini\/#\/schema\/person\/2b284fe2fd911000a48d2e8936300179"},"headline":"Lugares en los que no mojarse pero empaparse con el saber.","datePublished":"2025-10-11T11:37:03+00:00","dateModified":"2025-11-12T10:29:50+00:00","mainEntityOfPage":{"@id":"https:\/\/www.galiciamaxica.eu\/mini\/lugares-en-los-que-no-mojarse-pero-empaparse-con-el-saber\/"},"wordCount":2117,"commentCount":0,"publisher":{"@id":"https:\/\/www.galiciamaxica.eu\/mini\/#\/schema\/person\/2b284fe2fd911000a48d2e8936300179"},"image":{"@id":"https:\/\/www.galiciamaxica.eu\/mini\/lugares-en-los-que-no-mojarse-pero-empaparse-con-el-saber\/#primaryimage"},"thumbnailUrl":"https:\/\/www.galiciamaxica.eu\/mini\/wp-content\/uploads\/2018\/10\/a-Colorsof-Summer-2.jpg","keywords":["Galicia","museos","saber"],"articleSection":["MUSEOS"],"inLanguage":"es","potentialAction":[{"@type":"CommentAction","name":"Comment","target":["https:\/\/www.galiciamaxica.eu\/mini\/lugares-en-los-que-no-mojarse-pero-empaparse-con-el-saber\/#respond"]}]},{"@type":"WebPage","@id":"https:\/\/www.galiciamaxica.eu\/mini\/lugares-en-los-que-no-mojarse-pero-empaparse-con-el-saber\/","url":"https:\/\/www.galiciamaxica.eu\/mini\/lugares-en-los-que-no-mojarse-pero-empaparse-con-el-saber\/","name":"Lugares en los que no mojarse pero empaparse con el saber. - Galicia con ni\u00f1os | GALICIA M\u00c1XICA","isPartOf":{"@id":"https:\/\/www.galiciamaxica.eu\/mini\/#website"},"primaryImageOfPage":{"@id":"https:\/\/www.galiciamaxica.eu\/mini\/lugares-en-los-que-no-mojarse-pero-empaparse-con-el-saber\/#primaryimage"},"image":{"@id":"https:\/\/www.galiciamaxica.eu\/mini\/lugares-en-los-que-no-mojarse-pero-empaparse-con-el-saber\/#primaryimage"},"thumbnailUrl":"https:\/\/www.galiciamaxica.eu\/mini\/wp-content\/uploads\/2018\/10\/a-Colorsof-Summer-2.jpg","datePublished":"2025-10-11T11:37:03+00:00","dateModified":"2025-11-12T10:29:50+00:00","description":"Los centros del saber.","breadcrumb":{"@id":"https:\/\/www.galiciamaxica.eu\/mini\/lugares-en-los-que-no-mojarse-pero-empaparse-con-el-saber\/#breadcrumb"},"inLanguage":"es","potentialAction":[{"@type":"ReadAction","target":["https:\/\/www.galiciamaxica.eu\/mini\/lugares-en-los-que-no-mojarse-pero-empaparse-con-el-saber\/"]}]},{"@type":"ImageObject","inLanguage":"es","@id":"https:\/\/www.galiciamaxica.eu\/mini\/lugares-en-los-que-no-mojarse-pero-empaparse-con-el-saber\/#primaryimage","url":"https:\/\/www.galiciamaxica.eu\/mini\/wp-content\/uploads\/2018\/10\/a-Colorsof-Summer-2.jpg","contentUrl":"https:\/\/www.galiciamaxica.eu\/mini\/wp-content\/uploads\/2018\/10\/a-Colorsof-Summer-2.jpg","width":960,"height":768,"caption":"img_5d9aeeed7bcc9"},{"@type":"BreadcrumbList","@id":"https:\/\/www.galiciamaxica.eu\/mini\/lugares-en-los-que-no-mojarse-pero-empaparse-con-el-saber\/#breadcrumb","itemListElement":[{"@type":"ListItem","position":1,"name":"Portada","item":"https:\/\/www.galiciamaxica.eu\/mini\/"},{"@type":"ListItem","position":2,"name":"Lugares en los que no mojarse pero empaparse con el saber."}]},{"@type":"WebSite","@id":"https:\/\/www.galiciamaxica.eu\/mini\/#website","url":"https:\/\/www.galiciamaxica.eu\/mini\/","name":"Galicia con ni\u00f1os | GALICIA M\u00c1XICA","description":"Qu\u00e9 hacer con ni\u00f1os en Galicia","publisher":{"@id":"https:\/\/www.galiciamaxica.eu\/mini\/#\/schema\/person\/2b284fe2fd911000a48d2e8936300179"},"potentialAction":[{"@type":"SearchAction","target":{"@type":"EntryPoint","urlTemplate":"https:\/\/www.galiciamaxica.eu\/mini\/?s={search_term_string}"},"query-input":{"@type":"PropertyValueSpecification","valueRequired":true,"valueName":"search_term_string"}}],"inLanguage":"es"},{"@type":["Person","Organization"],"@id":"https:\/\/www.galiciamaxica.eu\/mini\/#\/schema\/person\/2b284fe2fd911000a48d2e8936300179","name":"seseixa","image":{"@type":"ImageObject","inLanguage":"es","@id":"https:\/\/www.galiciamaxica.eu\/mini\/#\/schema\/person\/image\/","url":"https:\/\/www.galiciamaxica.eu\/mini\/wp-content\/uploads\/2019\/02\/seseixa.png","contentUrl":"https:\/\/www.galiciamaxica.eu\/mini\/wp-content\/uploads\/2019\/02\/seseixa.png","width":100,"height":100,"caption":"seseixa"},"logo":{"@id":"https:\/\/www.galiciamaxica.eu\/mini\/#\/schema\/person\/image\/"},"description":"En la actualidad combinando dos proyectos que me apasionan, Galicia y los ni\u00f1os. Tengo mucho que aportar y otro tanto que aprender, as\u00ed como, el tiempo y el coraz\u00f3n, dividido en todo momento. Soy mam\u00e1, un titulo otorgado a tiempo completo, compa\u00f1era y amiga, a todas horas, familiar y cercana, siempre. De esp\u00edritu inquieto, soy una eterna ni\u00f1a que juega en el pa\u00eds de las maravillas. Una enamorada de mi tierra, por la que trabajo sin descanso. Creo en la infancia como motor que cambiar\u00e1 el mundo a mejor y busco en mi vida la felicidad como estado permanente porque s\u00f3lo se vive una vez.","sameAs":["http:\/\/mini.galiciamaxica.eu\/","https:\/\/www.facebook.com\/maria.rodriguezserantes","https:\/\/x.com\/seseixa"],"url":"https:\/\/www.galiciamaxica.eu\/mini\/author\/seseixa\/"}]}},"amp_enabled":true,"post_mailing_queue_ids":[],"_links":{"self":[{"href":"https:\/\/www.galiciamaxica.eu\/mini\/wp-json\/wp\/v2\/posts\/9747"}],"collection":[{"href":"https:\/\/www.galiciamaxica.eu\/mini\/wp-json\/wp\/v2\/posts"}],"about":[{"href":"https:\/\/www.galiciamaxica.eu\/mini\/wp-json\/wp\/v2\/types\/post"}],"author":[{"embeddable":true,"href":"https:\/\/www.galiciamaxica.eu\/mini\/wp-json\/wp\/v2\/users\/1"}],"replies":[{"embeddable":true,"href":"https:\/\/www.galiciamaxica.eu\/mini\/wp-json\/wp\/v2\/comments?post=9747"}],"version-history":[{"count":13,"href":"https:\/\/www.galiciamaxica.eu\/mini\/wp-json\/wp\/v2\/posts\/9747\/revisions"}],"predecessor-version":[{"id":22534,"href":"https:\/\/www.galiciamaxica.eu\/mini\/wp-json\/wp\/v2\/posts\/9747\/revisions\/22534"}],"wp:featuredmedia":[{"embeddable":true,"href":"https:\/\/www.galiciamaxica.eu\/mini\/wp-json\/wp\/v2\/media\/9784"}],"wp:attachment":[{"href":"https:\/\/www.galiciamaxica.eu\/mini\/wp-json\/wp\/v2\/media?parent=9747"}],"wp:term":[{"taxonomy":"category","embeddable":true,"href":"https:\/\/www.galiciamaxica.eu\/mini\/wp-json\/wp\/v2\/categories?post=9747"},{"taxonomy":"post_tag","embeddable":true,"href":"https:\/\/www.galiciamaxica.eu\/mini\/wp-json\/wp\/v2\/tags?post=9747"}],"curies":[{"name":"wp","href":"https:\/\/api.w.org\/{rel}","templated":true}]}}