{"id":970,"date":"2015-08-06T18:24:11","date_gmt":"2015-08-06T18:24:11","guid":{"rendered":"http:\/\/www.galiciamaxica.eu\/mini\/?p=970"},"modified":"2026-03-29T21:56:11","modified_gmt":"2026-03-29T19:56:11","slug":"hoy-a-fonsagrada","status":"publish","type":"post","link":"https:\/\/www.galiciamaxica.eu\/mini\/hoy-a-fonsagrada\/","title":{"rendered":"Hoy A FONSAGRADA"},"content":{"rendered":"<p>En<strong> A Fonsagrada<\/strong>, <strong><a href=\"http:\/\/www.galiciamaxica.eu\/lugo\">Lugo<\/a><\/strong><\/p>\n<p style=\"text-align: center;\">Se encuentra <strong><a href=\"http:\/\/www.galiciamaxica.eu\/categorias\/fervenzas\">una fervenza<\/a> M\u00c1XICA<\/strong>,<\/p>\n<p style=\"text-align: center;\"><strong style=\"line-height: 1.5;\"><a href=\"http:\/\/www.galiciamaxica.eu\/lugo\/vilagocende-2\/\">LA DE VILAGOCENDE<\/a><\/strong><\/p>\n<p style=\"text-align: center;\">Con 50 metros de ca\u00edda nada tiene que envidiar a una de nuestas preferidas\u00a0en Galicia<\/p>\n<p style=\"text-align: center;\"><strong>la de O Toxa.<\/strong><\/p>\n<p style=\"text-align: center;\"><iframe style=\"border: 0;\" src=\"https:\/\/www.google.com\/maps\/embed?pb=!1m18!1m12!1m3!1d2939.989111917309!2d-7.049472816146903!3d43.09538561350524!2m3!1f0!2f0!3f0!3m2!1i1024!2i768!4f13.1!3m3!1m2!1s0x0%3A0x0!2zNDPCsDA1JzQ0LjkiTiA3wrAwMic1My43Ilc!5e1!3m2!1ses!2ses!4v1439904992698\" width=\"600\" height=\"450\" frameborder=\"0\" allowfullscreen=\"allowfullscreen\"><\/iframe><\/p>\n<p style=\"text-align: center;\"><strong>Os presentamos la\u00a0<a href=\"http:\/\/www.galiciamaxica.eu\/lugo\/vilagocende-2\/\">Fervenza de Vilagocende<\/a>\u00a0Y SU \u00a0<\/strong><strong>RUTA<\/strong><\/p>\n<p style=\"text-align: center;\">Una peque\u00f1a <strong><a href=\"http:\/\/www.galiciamaxica.eu\/mini\/category\/rutas\/\">ruta<\/a><\/strong> de m\u00e1s o menos un kil\u00f3metro y<\/p>\n<p style=\"text-align: center;\"><strong>DE BAJA DIFICULTAD<\/strong><\/p>\n<p style=\"text-align: center;\"><a href=\"http:\/\/www.galiciamaxica.eu\/lugo\/vilagocende-2\/\"><img fetchpriority=\"high\" decoding=\"async\" class=\"aligncenter\" src=\"https:\/\/galiciamaxica.eu\/mini\/wp-content\/uploads\/2019\/10\/1_IMG_4798.jpg\" alt=\"\" width=\"233\" height=\"350\" \/><\/a><\/p>\n<p style=\"text-align: center;\"><em><strong>Un incre\u00edble bosque aut\u00f3ctono<span style=\"line-height: 1.5;\">\u00a0la esconde\u00a0<\/span><\/strong><\/em><\/p>\n<p style=\"text-align: center;\"><a href=\"http:\/\/www.galiciamaxica.eu\/lugo\/vilagocende-2\/\"><img decoding=\"async\" class=\"aligncenter\" src=\"https:\/\/galiciamaxica.eu\/mini\/wp-content\/uploads\/2019\/10\/1_IMG_4879.jpg\" alt=\"\" width=\"800\" height=\"534\" \/><\/a><\/p>\n<p style=\"text-align: center;\"><a href=\"http:\/\/www.galiciamaxica.eu\/lugo\/vilagocende-2\/\"><img decoding=\"async\" class=\"aligncenter\" src=\"https:\/\/galiciamaxica.eu\/mini\/wp-content\/uploads\/2019\/10\/IMG_4785.jpg\" alt=\"\" width=\"452\" height=\"302\" \/><\/a><\/p>\n<p style=\"text-align: center;\">Lugares como este,<\/p>\n<p style=\"text-align: center;\">son una aut\u00e9ntica maravilla para los sentidos<\/p>\n<p style=\"text-align: center;\">y no deber\u00eda ser una tarea pendiente<\/p>\n<p style=\"text-align: center;\">el acercar a los m\u00e1s peque\u00f1os a su\u00a0<strong><a href=\"http:\/\/www.galiciamaxica.eu\/\">\u00a0patrimonio natural<\/a><\/strong><\/p>\n<p style=\"text-align: center;\"><a href=\"http:\/\/www.galiciamaxica.eu\/lugo\/vilagocende-2\/\"><img loading=\"lazy\" decoding=\"async\" class=\"aligncenter\" src=\"https:\/\/galiciamaxica.eu\/mini\/wp-content\/uploads\/2019\/10\/2_IMG_4850.jpg\" alt=\"\" width=\"800\" height=\"534\" \/><\/a><\/p>\n<p style=\"text-align: center;\">Un lugar \u00fanico que merece<strong><a href=\"http:\/\/www.galiciamaxica.eu\/mini\/lugares\/\"> la pena visitar <\/a><\/strong><\/p>\n<p style=\"text-align: center;\">en\u00a0<strong>FAMILIA<\/strong><\/p>\n<p style=\"text-align: center;\"><a href=\"http:\/\/www.galiciamaxica.eu\/lugo\/vilagocende-2\/\"><img loading=\"lazy\" decoding=\"async\" class=\"aligncenter\" src=\"https:\/\/galiciamaxica.eu\/mini\/wp-content\/uploads\/2019\/10\/IMG_4848.jpg\" alt=\"\" width=\"800\" height=\"534\" \/><\/a><\/p>\n<p style=\"text-align: center;\">Un sitio en el que los ni\u00f1os comprender\u00e1n la importancia del respeto a<\/p>\n<p style=\"text-align: center;\"><strong>la\u00a0NATURALEZA<\/strong><\/p>\n<p style=\"text-align: center;\"><a href=\"http:\/\/www.galiciamaxica.eu\/lugo\/vilagocende-2\/\"><img loading=\"lazy\" decoding=\"async\" class=\"aligncenter\" src=\"https:\/\/galiciamaxica.eu\/mini\/wp-content\/uploads\/2019\/10\/IMG_4895.jpg\" alt=\"\" width=\"512\" height=\"768\" \/><\/a><\/p>\n<p style=\"text-align: center;\">Un lugar que\u00a0\u00a0<strong><a href=\"http:\/\/www.galiciamaxica.eu\/mini\/hoy-naturaleza\/\">les enriquecer\u00e1 y<\/a><\/strong><strong><a href=\"http:\/\/www.galiciamaxica.eu\/mini\/hoy-naturaleza\/\">\u00a0dar\u00e1<\/a><\/strong>\u00a0una gran lecci\u00f3n en la vida<\/p>\n<p style=\"text-align: center;\"><em><strong>\u201cS\u00f3lo la naturaleza hace grandes obras sin esperar recompensa alguna\u201d <\/strong><\/em><br \/>\n<em><strong>Alexander Herzen<\/strong><\/em><\/p>\n<p style=\"text-align: center;\"><a href=\"http:\/\/www.galiciamaxica.eu\/lugo\/vilagocende-2\/\"><img decoding=\"async\" class=\"aligncenter\" src=\"https:\/\/galiciamaxica.eu\/mini\/wp-content\/uploads\/2019\/10\/1_IMG_4879.jpg\" alt=\"\" width=\"800\" height=\"534\" \/><\/a><\/p>\n<p style=\"text-align: center;\">\u00a0Los ni\u00f1os son el\u00a0futuro y el mejor legado que nosotros como padres podremos dejar al mundo<\/p>\n<p style=\"text-align: center;\">debemos hacerles\u00a0comprender<\/p>\n<p style=\"text-align: center;\">que tod@s debemos participar en\u00a0el cambio.<\/p>\n<p style=\"text-align: center;\">\u00a0La naturaleza ha de ser defendida porque es<\/p>\n<p style=\"text-align: center;\">un ente vivo y extremadamente fr\u00e1gil,<\/p>\n<p style=\"text-align: center;\">este ser\u00e1 nuestro granito\u00a0de arena,<\/p>\n<p style=\"text-align: center;\">nuestra peque\u00f1a, pero gran aportaci\u00f3n<\/p>\n<p style=\"text-align: center;\"><em><strong>Ense\u00f1emos a nuestros hij@s<\/strong><\/em><\/p>\n<p style=\"text-align: center;\"><em><strong> a amar su\u00a0tierra<\/strong><\/em><\/p>\n<p style=\"text-align: center;\"><a href=\"http:\/\/www.galiciamaxica.eu\/lugo\/vilagocende-2\/\"><img loading=\"lazy\" decoding=\"async\" class=\"aligncenter\" src=\"https:\/\/galiciamaxica.eu\/mini\/wp-content\/uploads\/2019\/10\/IMG_4911.jpg\" alt=\"\" width=\"393\" height=\"262\" \/><\/a><\/p>\n<p style=\"text-align: center;\"><strong><a href=\"http:\/\/www.galiciamaxica.eu\/\">GALICIA<\/a><\/strong><\/p>\n<p style=\"text-align: center;\"><iframe src=\"https:\/\/player.vimeo.com\/video\/124088645\" width=\"500\" height=\"281\" frameborder=\"0\" allowfullscreen=\"allowfullscreen\"><\/iframe><\/p>\n","protected":false},"excerpt":{"rendered":"<p>En A Fonsagrada, Lugo Se encuentra una fervenza M\u00c1XICA, LA DE VILAGOCENDE Con 50 metros de ca\u00edda nada tiene que envidiar a una de nuestas preferidas\u00a0en Galicia la de O Toxa. Os presentamos la\u00a0Fervenza de Vilagocende\u00a0Y SU \u00a0RUTA Una peque\u00f1a ruta de m\u00e1s o menos un kil\u00f3metro y DE BAJA DIFICULTAD Un incre\u00edble bosque aut\u00f3ctono\u00a0la [&hellip;]<\/p>\n","protected":false},"author":1,"featured_media":972,"comment_status":"open","ping_status":"open","sticky":false,"template":"","format":"standard","meta":{"_eb_attr":"","site-sidebar-layout":"default","site-content-layout":"","ast-site-content-layout":"","site-content-style":"default","site-sidebar-style":"default","ast-global-header-display":"","ast-banner-title-visibility":"","ast-main-header-display":"","ast-hfb-above-header-display":"","ast-hfb-below-header-display":"","ast-hfb-mobile-header-display":"","site-post-title":"","ast-breadcrumbs-content":"","ast-featured-img":"","footer-sml-layout":"","theme-transparent-header-meta":"","adv-header-id-meta":"","stick-header-meta":"","header-above-stick-meta":"","header-main-stick-meta":"","header-below-stick-meta":"","astra-migrate-meta-layouts":"default","ast-page-background-enabled":"default","ast-page-background-meta":{"desktop":{"background-color":"","background-image":"","background-repeat":"repeat","background-position":"center center","background-size":"auto","background-attachment":"scroll","background-type":"","background-media":"","overlay-type":"","overlay-color":"","overlay-opacity":"","overlay-gradient":""},"tablet":{"background-color":"","background-image":"","background-repeat":"repeat","background-position":"center center","background-size":"auto","background-attachment":"scroll","background-type":"","background-media":"","overlay-type":"","overlay-color":"","overlay-opacity":"","overlay-gradient":""},"mobile":{"background-color":"","background-image":"","background-repeat":"repeat","background-position":"center center","background-size":"auto","background-attachment":"scroll","background-type":"","background-media":"","overlay-type":"","overlay-color":"","overlay-opacity":"","overlay-gradient":""}},"ast-content-background-meta":{"desktop":{"background-color":"var(--ast-global-color-5)","background-image":"","background-repeat":"repeat","background-position":"center center","background-size":"auto","background-attachment":"scroll","background-type":"","background-media":"","overlay-type":"","overlay-color":"","overlay-opacity":"","overlay-gradient":""},"tablet":{"background-color":"var(--ast-global-color-5)","background-image":"","background-repeat":"repeat","background-position":"center center","background-size":"auto","background-attachment":"scroll","background-type":"","background-media":"","overlay-type":"","overlay-color":"","overlay-opacity":"","overlay-gradient":""},"mobile":{"background-color":"var(--ast-global-color-5)","background-image":"","background-repeat":"repeat","background-position":"center center","background-size":"auto","background-attachment":"scroll","background-type":"","background-media":"","overlay-type":"","overlay-color":"","overlay-opacity":"","overlay-gradient":""}},"footnotes":""},"categories":[15,50,14],"tags":[6,27,45,8,25,37,5,36,57,55,20,2,145,59,146,53,42,184,43,4,7,3,185],"class_list":["post-970","post","type-post","status-publish","format-standard","has-post-thumbnail","hentry","category-lugares","category-lugo","category-rutas","tag-actividades","tag-bosque","tag-fervenza","tag-findesemana","tag-galicia","tag-galiciamaxica","tag-libre","tag-lugares","tag-lugo","tag-natural","tag-naturaleza","tag-ninos","tag-pequenos","tag-playas-fluviales","tag-quehacer","tag-rio","tag-ruta","tag-seimeira","tag-sendero","tag-tiempo","tag-vacaciones","tag-viajes","tag-vilagocende"],"yoast_head":"<!-- This site is optimized with the Yoast SEO plugin v24.9 - https:\/\/yoast.com\/wordpress\/plugins\/seo\/ -->\n<title>Hoy A FONSAGRADA - Galicia con ni\u00f1os | GALICIA M\u00c1XICA<\/title>\n<meta name=\"description\" content=\"A Fonsagrada\" \/>\n<meta name=\"robots\" content=\"index, follow, max-snippet:-1, max-image-preview:large, max-video-preview:-1\" \/>\n<link rel=\"canonical\" href=\"https:\/\/www.galiciamaxica.eu\/mini\/hoy-a-fonsagrada\/\" \/>\n<meta property=\"og:locale\" content=\"es_ES\" \/>\n<meta property=\"og:type\" content=\"article\" \/>\n<meta property=\"og:title\" content=\"Hoy A FONSAGRADA - Galicia con ni\u00f1os | GALICIA M\u00c1XICA\" \/>\n<meta property=\"og:description\" content=\"A Fonsagrada\" \/>\n<meta property=\"og:url\" content=\"https:\/\/www.galiciamaxica.eu\/mini\/hoy-a-fonsagrada\/\" \/>\n<meta property=\"og:site_name\" content=\"Galicia con ni\u00f1os | GALICIA M\u00c1XICA\" \/>\n<meta property=\"article:publisher\" content=\"https:\/\/www.facebook.com\/maria.rodriguezserantes\" \/>\n<meta property=\"article:author\" content=\"https:\/\/www.facebook.com\/maria.rodriguezserantes\" \/>\n<meta property=\"article:published_time\" content=\"2015-08-06T18:24:11+00:00\" \/>\n<meta property=\"article:modified_time\" content=\"2026-03-29T19:56:11+00:00\" \/>\n<meta property=\"og:image\" content=\"https:\/\/www.galiciamaxica.eu\/mini\/wp-content\/uploads\/2015\/08\/IMG_4903.jpg\" \/>\n\t<meta property=\"og:image:width\" content=\"1152\" \/>\n\t<meta property=\"og:image:height\" content=\"768\" \/>\n\t<meta property=\"og:image:type\" content=\"image\/jpeg\" \/>\n<meta name=\"author\" content=\"seseixa\" \/>\n<meta name=\"twitter:card\" content=\"summary_large_image\" \/>\n<meta name=\"twitter:creator\" content=\"@seseixa\" \/>\n<meta name=\"twitter:site\" content=\"@seseixa\" \/>\n<meta name=\"twitter:label1\" content=\"Escrito por\" \/>\n\t<meta name=\"twitter:data1\" content=\"seseixa\" \/>\n\t<meta name=\"twitter:label2\" content=\"Tiempo de lectura\" \/>\n\t<meta name=\"twitter:data2\" content=\"3 minutos\" \/>\n<script type=\"application\/ld+json\" class=\"yoast-schema-graph\">{\"@context\":\"https:\/\/schema.org\",\"@graph\":[{\"@type\":\"Article\",\"@id\":\"https:\/\/www.galiciamaxica.eu\/mini\/hoy-a-fonsagrada\/#article\",\"isPartOf\":{\"@id\":\"https:\/\/www.galiciamaxica.eu\/mini\/hoy-a-fonsagrada\/\"},\"author\":{\"name\":\"seseixa\",\"@id\":\"https:\/\/www.galiciamaxica.eu\/mini\/#\/schema\/person\/2b284fe2fd911000a48d2e8936300179\"},\"headline\":\"Hoy A FONSAGRADA\",\"datePublished\":\"2015-08-06T18:24:11+00:00\",\"dateModified\":\"2026-03-29T19:56:11+00:00\",\"mainEntityOfPage\":{\"@id\":\"https:\/\/www.galiciamaxica.eu\/mini\/hoy-a-fonsagrada\/\"},\"wordCount\":222,\"commentCount\":2,\"publisher\":{\"@id\":\"https:\/\/www.galiciamaxica.eu\/mini\/#\/schema\/person\/2b284fe2fd911000a48d2e8936300179\"},\"image\":{\"@id\":\"https:\/\/www.galiciamaxica.eu\/mini\/hoy-a-fonsagrada\/#primaryimage\"},\"thumbnailUrl\":\"https:\/\/www.galiciamaxica.eu\/mini\/wp-content\/uploads\/2015\/08\/IMG_4903.jpg\",\"keywords\":[\"actividades\",\"bosque\",\"fervenza\",\"findesemana\",\"Galicia\",\"galiciamaxica\",\"libre\",\"lugares\",\"lugo\",\"natural\",\"naturaleza\",\"ni\u00f1os\",\"peque\u00f1os\",\"playas fluviales\",\"quehacer\",\"rio\",\"ruta\",\"seimeira\",\"sendero\",\"tiempo\",\"vacaciones\",\"viajes\",\"vilagocende\"],\"articleSection\":[\"LUGARES\",\"LUGO\",\"RUTAS\"],\"inLanguage\":\"es\",\"potentialAction\":[{\"@type\":\"CommentAction\",\"name\":\"Comment\",\"target\":[\"https:\/\/www.galiciamaxica.eu\/mini\/hoy-a-fonsagrada\/#respond\"]}]},{\"@type\":\"WebPage\",\"@id\":\"https:\/\/www.galiciamaxica.eu\/mini\/hoy-a-fonsagrada\/\",\"url\":\"https:\/\/www.galiciamaxica.eu\/mini\/hoy-a-fonsagrada\/\",\"name\":\"Hoy A FONSAGRADA - Galicia con ni\u00f1os | GALICIA M\u00c1XICA\",\"isPartOf\":{\"@id\":\"https:\/\/www.galiciamaxica.eu\/mini\/#website\"},\"primaryImageOfPage\":{\"@id\":\"https:\/\/www.galiciamaxica.eu\/mini\/hoy-a-fonsagrada\/#primaryimage\"},\"image\":{\"@id\":\"https:\/\/www.galiciamaxica.eu\/mini\/hoy-a-fonsagrada\/#primaryimage\"},\"thumbnailUrl\":\"https:\/\/www.galiciamaxica.eu\/mini\/wp-content\/uploads\/2015\/08\/IMG_4903.jpg\",\"datePublished\":\"2015-08-06T18:24:11+00:00\",\"dateModified\":\"2026-03-29T19:56:11+00:00\",\"description\":\"A Fonsagrada\",\"breadcrumb\":{\"@id\":\"https:\/\/www.galiciamaxica.eu\/mini\/hoy-a-fonsagrada\/#breadcrumb\"},\"inLanguage\":\"es\",\"potentialAction\":[{\"@type\":\"ReadAction\",\"target\":[\"https:\/\/www.galiciamaxica.eu\/mini\/hoy-a-fonsagrada\/\"]}]},{\"@type\":\"ImageObject\",\"inLanguage\":\"es\",\"@id\":\"https:\/\/www.galiciamaxica.eu\/mini\/hoy-a-fonsagrada\/#primaryimage\",\"url\":\"https:\/\/www.galiciamaxica.eu\/mini\/wp-content\/uploads\/2015\/08\/IMG_4903.jpg\",\"contentUrl\":\"https:\/\/www.galiciamaxica.eu\/mini\/wp-content\/uploads\/2015\/08\/IMG_4903.jpg\",\"width\":1152,\"height\":768,\"caption\":\"IMG_4903\"},{\"@type\":\"BreadcrumbList\",\"@id\":\"https:\/\/www.galiciamaxica.eu\/mini\/hoy-a-fonsagrada\/#breadcrumb\",\"itemListElement\":[{\"@type\":\"ListItem\",\"position\":1,\"name\":\"Portada\",\"item\":\"https:\/\/www.galiciamaxica.eu\/mini\/\"},{\"@type\":\"ListItem\",\"position\":2,\"name\":\"Hoy A FONSAGRADA\"}]},{\"@type\":\"WebSite\",\"@id\":\"https:\/\/www.galiciamaxica.eu\/mini\/#website\",\"url\":\"https:\/\/www.galiciamaxica.eu\/mini\/\",\"name\":\"Galicia con ni\u00f1os | GALICIA M\u00c1XICA\",\"description\":\"Qu\u00e9 hacer con ni\u00f1os en Galicia\",\"publisher\":{\"@id\":\"https:\/\/www.galiciamaxica.eu\/mini\/#\/schema\/person\/2b284fe2fd911000a48d2e8936300179\"},\"potentialAction\":[{\"@type\":\"SearchAction\",\"target\":{\"@type\":\"EntryPoint\",\"urlTemplate\":\"https:\/\/www.galiciamaxica.eu\/mini\/?s={search_term_string}\"},\"query-input\":{\"@type\":\"PropertyValueSpecification\",\"valueRequired\":true,\"valueName\":\"search_term_string\"}}],\"inLanguage\":\"es\"},{\"@type\":[\"Person\",\"Organization\"],\"@id\":\"https:\/\/www.galiciamaxica.eu\/mini\/#\/schema\/person\/2b284fe2fd911000a48d2e8936300179\",\"name\":\"seseixa\",\"image\":{\"@type\":\"ImageObject\",\"inLanguage\":\"es\",\"@id\":\"https:\/\/www.galiciamaxica.eu\/mini\/#\/schema\/person\/image\/\",\"url\":\"https:\/\/www.galiciamaxica.eu\/mini\/wp-content\/uploads\/2019\/02\/seseixa.png\",\"contentUrl\":\"https:\/\/www.galiciamaxica.eu\/mini\/wp-content\/uploads\/2019\/02\/seseixa.png\",\"width\":100,\"height\":100,\"caption\":\"seseixa\"},\"logo\":{\"@id\":\"https:\/\/www.galiciamaxica.eu\/mini\/#\/schema\/person\/image\/\"},\"description\":\"En la actualidad combinando dos proyectos que me apasionan, Galicia y los ni\u00f1os. Tengo mucho que aportar y otro tanto que aprender, as\u00ed como, el tiempo y el coraz\u00f3n, dividido en todo momento. Soy mam\u00e1, un titulo otorgado a tiempo completo, compa\u00f1era y amiga, a todas horas, familiar y cercana, siempre. De esp\u00edritu inquieto, soy una eterna ni\u00f1a que juega en el pa\u00eds de las maravillas. Una enamorada de mi tierra, por la que trabajo sin descanso. Creo en la infancia como motor que cambiar\u00e1 el mundo a mejor y busco en mi vida la felicidad como estado permanente porque s\u00f3lo se vive una vez.\",\"sameAs\":[\"http:\/\/mini.galiciamaxica.eu\/\",\"https:\/\/www.facebook.com\/maria.rodriguezserantes\",\"https:\/\/x.com\/seseixa\"],\"url\":\"https:\/\/www.galiciamaxica.eu\/mini\/author\/seseixa\/\"}]}<\/script>\n<!-- \/ Yoast SEO plugin. -->","yoast_head_json":{"title":"Hoy A FONSAGRADA - Galicia con ni\u00f1os | GALICIA M\u00c1XICA","description":"A Fonsagrada","robots":{"index":"index","follow":"follow","max-snippet":"max-snippet:-1","max-image-preview":"max-image-preview:large","max-video-preview":"max-video-preview:-1"},"canonical":"https:\/\/www.galiciamaxica.eu\/mini\/hoy-a-fonsagrada\/","og_locale":"es_ES","og_type":"article","og_title":"Hoy A FONSAGRADA - Galicia con ni\u00f1os | GALICIA M\u00c1XICA","og_description":"A Fonsagrada","og_url":"https:\/\/www.galiciamaxica.eu\/mini\/hoy-a-fonsagrada\/","og_site_name":"Galicia con ni\u00f1os | GALICIA M\u00c1XICA","article_publisher":"https:\/\/www.facebook.com\/maria.rodriguezserantes","article_author":"https:\/\/www.facebook.com\/maria.rodriguezserantes","article_published_time":"2015-08-06T18:24:11+00:00","article_modified_time":"2026-03-29T19:56:11+00:00","og_image":[{"width":1152,"height":768,"url":"https:\/\/www.galiciamaxica.eu\/mini\/wp-content\/uploads\/2015\/08\/IMG_4903.jpg","type":"image\/jpeg"}],"author":"seseixa","twitter_card":"summary_large_image","twitter_creator":"@seseixa","twitter_site":"@seseixa","twitter_misc":{"Escrito por":"seseixa","Tiempo de lectura":"3 minutos"},"schema":{"@context":"https:\/\/schema.org","@graph":[{"@type":"Article","@id":"https:\/\/www.galiciamaxica.eu\/mini\/hoy-a-fonsagrada\/#article","isPartOf":{"@id":"https:\/\/www.galiciamaxica.eu\/mini\/hoy-a-fonsagrada\/"},"author":{"name":"seseixa","@id":"https:\/\/www.galiciamaxica.eu\/mini\/#\/schema\/person\/2b284fe2fd911000a48d2e8936300179"},"headline":"Hoy A FONSAGRADA","datePublished":"2015-08-06T18:24:11+00:00","dateModified":"2026-03-29T19:56:11+00:00","mainEntityOfPage":{"@id":"https:\/\/www.galiciamaxica.eu\/mini\/hoy-a-fonsagrada\/"},"wordCount":222,"commentCount":2,"publisher":{"@id":"https:\/\/www.galiciamaxica.eu\/mini\/#\/schema\/person\/2b284fe2fd911000a48d2e8936300179"},"image":{"@id":"https:\/\/www.galiciamaxica.eu\/mini\/hoy-a-fonsagrada\/#primaryimage"},"thumbnailUrl":"https:\/\/www.galiciamaxica.eu\/mini\/wp-content\/uploads\/2015\/08\/IMG_4903.jpg","keywords":["actividades","bosque","fervenza","findesemana","Galicia","galiciamaxica","libre","lugares","lugo","natural","naturaleza","ni\u00f1os","peque\u00f1os","playas fluviales","quehacer","rio","ruta","seimeira","sendero","tiempo","vacaciones","viajes","vilagocende"],"articleSection":["LUGARES","LUGO","RUTAS"],"inLanguage":"es","potentialAction":[{"@type":"CommentAction","name":"Comment","target":["https:\/\/www.galiciamaxica.eu\/mini\/hoy-a-fonsagrada\/#respond"]}]},{"@type":"WebPage","@id":"https:\/\/www.galiciamaxica.eu\/mini\/hoy-a-fonsagrada\/","url":"https:\/\/www.galiciamaxica.eu\/mini\/hoy-a-fonsagrada\/","name":"Hoy A FONSAGRADA - Galicia con ni\u00f1os | GALICIA M\u00c1XICA","isPartOf":{"@id":"https:\/\/www.galiciamaxica.eu\/mini\/#website"},"primaryImageOfPage":{"@id":"https:\/\/www.galiciamaxica.eu\/mini\/hoy-a-fonsagrada\/#primaryimage"},"image":{"@id":"https:\/\/www.galiciamaxica.eu\/mini\/hoy-a-fonsagrada\/#primaryimage"},"thumbnailUrl":"https:\/\/www.galiciamaxica.eu\/mini\/wp-content\/uploads\/2015\/08\/IMG_4903.jpg","datePublished":"2015-08-06T18:24:11+00:00","dateModified":"2026-03-29T19:56:11+00:00","description":"A Fonsagrada","breadcrumb":{"@id":"https:\/\/www.galiciamaxica.eu\/mini\/hoy-a-fonsagrada\/#breadcrumb"},"inLanguage":"es","potentialAction":[{"@type":"ReadAction","target":["https:\/\/www.galiciamaxica.eu\/mini\/hoy-a-fonsagrada\/"]}]},{"@type":"ImageObject","inLanguage":"es","@id":"https:\/\/www.galiciamaxica.eu\/mini\/hoy-a-fonsagrada\/#primaryimage","url":"https:\/\/www.galiciamaxica.eu\/mini\/wp-content\/uploads\/2015\/08\/IMG_4903.jpg","contentUrl":"https:\/\/www.galiciamaxica.eu\/mini\/wp-content\/uploads\/2015\/08\/IMG_4903.jpg","width":1152,"height":768,"caption":"IMG_4903"},{"@type":"BreadcrumbList","@id":"https:\/\/www.galiciamaxica.eu\/mini\/hoy-a-fonsagrada\/#breadcrumb","itemListElement":[{"@type":"ListItem","position":1,"name":"Portada","item":"https:\/\/www.galiciamaxica.eu\/mini\/"},{"@type":"ListItem","position":2,"name":"Hoy A FONSAGRADA"}]},{"@type":"WebSite","@id":"https:\/\/www.galiciamaxica.eu\/mini\/#website","url":"https:\/\/www.galiciamaxica.eu\/mini\/","name":"Galicia con ni\u00f1os | GALICIA M\u00c1XICA","description":"Qu\u00e9 hacer con ni\u00f1os en Galicia","publisher":{"@id":"https:\/\/www.galiciamaxica.eu\/mini\/#\/schema\/person\/2b284fe2fd911000a48d2e8936300179"},"potentialAction":[{"@type":"SearchAction","target":{"@type":"EntryPoint","urlTemplate":"https:\/\/www.galiciamaxica.eu\/mini\/?s={search_term_string}"},"query-input":{"@type":"PropertyValueSpecification","valueRequired":true,"valueName":"search_term_string"}}],"inLanguage":"es"},{"@type":["Person","Organization"],"@id":"https:\/\/www.galiciamaxica.eu\/mini\/#\/schema\/person\/2b284fe2fd911000a48d2e8936300179","name":"seseixa","image":{"@type":"ImageObject","inLanguage":"es","@id":"https:\/\/www.galiciamaxica.eu\/mini\/#\/schema\/person\/image\/","url":"https:\/\/www.galiciamaxica.eu\/mini\/wp-content\/uploads\/2019\/02\/seseixa.png","contentUrl":"https:\/\/www.galiciamaxica.eu\/mini\/wp-content\/uploads\/2019\/02\/seseixa.png","width":100,"height":100,"caption":"seseixa"},"logo":{"@id":"https:\/\/www.galiciamaxica.eu\/mini\/#\/schema\/person\/image\/"},"description":"En la actualidad combinando dos proyectos que me apasionan, Galicia y los ni\u00f1os. Tengo mucho que aportar y otro tanto que aprender, as\u00ed como, el tiempo y el coraz\u00f3n, dividido en todo momento. Soy mam\u00e1, un titulo otorgado a tiempo completo, compa\u00f1era y amiga, a todas horas, familiar y cercana, siempre. De esp\u00edritu inquieto, soy una eterna ni\u00f1a que juega en el pa\u00eds de las maravillas. Una enamorada de mi tierra, por la que trabajo sin descanso. Creo en la infancia como motor que cambiar\u00e1 el mundo a mejor y busco en mi vida la felicidad como estado permanente porque s\u00f3lo se vive una vez.","sameAs":["http:\/\/mini.galiciamaxica.eu\/","https:\/\/www.facebook.com\/maria.rodriguezserantes","https:\/\/x.com\/seseixa"],"url":"https:\/\/www.galiciamaxica.eu\/mini\/author\/seseixa\/"}]}},"amp_enabled":true,"post_mailing_queue_ids":[],"_links":{"self":[{"href":"https:\/\/www.galiciamaxica.eu\/mini\/wp-json\/wp\/v2\/posts\/970"}],"collection":[{"href":"https:\/\/www.galiciamaxica.eu\/mini\/wp-json\/wp\/v2\/posts"}],"about":[{"href":"https:\/\/www.galiciamaxica.eu\/mini\/wp-json\/wp\/v2\/types\/post"}],"author":[{"embeddable":true,"href":"https:\/\/www.galiciamaxica.eu\/mini\/wp-json\/wp\/v2\/users\/1"}],"replies":[{"embeddable":true,"href":"https:\/\/www.galiciamaxica.eu\/mini\/wp-json\/wp\/v2\/comments?post=970"}],"version-history":[{"count":2,"href":"https:\/\/www.galiciamaxica.eu\/mini\/wp-json\/wp\/v2\/posts\/970\/revisions"}],"predecessor-version":[{"id":22847,"href":"https:\/\/www.galiciamaxica.eu\/mini\/wp-json\/wp\/v2\/posts\/970\/revisions\/22847"}],"wp:featuredmedia":[{"embeddable":true,"href":"https:\/\/www.galiciamaxica.eu\/mini\/wp-json\/wp\/v2\/media\/972"}],"wp:attachment":[{"href":"https:\/\/www.galiciamaxica.eu\/mini\/wp-json\/wp\/v2\/media?parent=970"}],"wp:term":[{"taxonomy":"category","embeddable":true,"href":"https:\/\/www.galiciamaxica.eu\/mini\/wp-json\/wp\/v2\/categories?post=970"},{"taxonomy":"post_tag","embeddable":true,"href":"https:\/\/www.galiciamaxica.eu\/mini\/wp-json\/wp\/v2\/tags?post=970"}],"curies":[{"name":"wp","href":"https:\/\/api.w.org\/{rel}","templated":true}]}}