{"id":9663,"date":"2018-10-02T13:27:28","date_gmt":"2018-10-02T11:27:28","guid":{"rendered":"http:\/\/www.galiciamaxica.eu\/mini\/?p=9663"},"modified":"2024-08-13T19:23:43","modified_gmt":"2024-08-13T17:23:43","slug":"los-viajes-de-fiama-de-ruta-por-el-embalse-de-zamans","status":"publish","type":"post","link":"https:\/\/www.galiciamaxica.eu\/mini\/los-viajes-de-fiama-de-ruta-por-el-embalse-de-zamans\/","title":{"rendered":"LOS VIAJES DE FIAMA De ruta por el Embalse de Zam\u00e1ns"},"content":{"rendered":"<h2>Ruta n\u00famero 14<\/h2>\n<p style=\"text-align: center;\">Hace unos d\u00edas fuimos a descubrir otra ruta de la Gu\u00eda <strong>\u201cGalicia 20 rutas con ni\u00f1os\u201d<\/strong><\/p>\n<p><img fetchpriority=\"high\" decoding=\"async\" class=\"aligncenter size-medium\" src=\"https:\/\/galiciamaxica.eu\/mini\/wp-content\/uploads\/2019\/10\/img_5d9aefba23b13.jpg\" width=\"506\" height=\"710\" \/><\/p>\n<p style=\"text-align: center;\">y elegimos tambi\u00e9n una en la provincia de Pontevedra, cerca de Vigo, una ruta que nos ha enamorado.<\/p>\n<p><img decoding=\"async\" class=\"aligncenter size-medium\" src=\"https:\/\/galiciamaxica.eu\/mini\/wp-content\/uploads\/2019\/10\/img_5d9aefba9c023.jpg\" width=\"1072\" height=\"710\" \/><\/p>\n<p style=\"text-align: center;\">Esta vez nos acompa\u00f1\u00f3 Brisa, que disfrut\u00f3 de la naturaleza tanto como nosotros.<\/p>\n<p><img decoding=\"async\" class=\"aligncenter size-medium\" src=\"https:\/\/galiciamaxica.eu\/mini\/wp-content\/uploads\/2019\/10\/img_5d9aefbbc3ae9.jpg\" width=\"1072\" height=\"710\" \/><\/p>\n<p style=\"text-align: center;\">Nos qued\u00f3 mucha pena de no haberla llevado<strong> <a href=\"http:\/\/www.galiciamaxica.eu\/mini\/los-viajes-de-fiama-ruta-15-de-galicia-20-rutas-con-ninos\/\">a la ruta de Bembrive<\/a><\/strong> ya que se lo hubiese pasado genial, as\u00ed que es una raz\u00f3n m\u00e1s para repetir la ruta.<\/p>\n<p><img loading=\"lazy\" decoding=\"async\" class=\"aligncenter size-medium\" src=\"https:\/\/galiciamaxica.eu\/mini\/wp-content\/uploads\/2019\/10\/img_5d9aefbd39549.jpg\" width=\"1072\" height=\"710\" \/><\/p>\n<p style=\"text-align: center;\">La ruta del Embalse de Zam\u00e1ns nos ha sorprendido.<\/p>\n<p><img loading=\"lazy\" decoding=\"async\" class=\"aligncenter size-medium\" src=\"https:\/\/galiciamaxica.eu\/mini\/wp-content\/uploads\/2019\/10\/img_5d9aefbed5319.jpg\" width=\"1072\" height=\"710\" \/><\/p>\n<p style=\"text-align: center;\">Nunca imagin\u00e9 que una ruta diese para tanto.<\/p>\n<p><img loading=\"lazy\" decoding=\"async\" class=\"aligncenter size-medium\" src=\"https:\/\/galiciamaxica.eu\/mini\/wp-content\/uploads\/2019\/10\/img_5d9aefbfc4630.jpg\" width=\"1035\" height=\"710\" \/><\/p>\n<p style=\"text-align: center;\">Yo soy fot\u00f3grafa de familias y Fiama es mi modelo desde que naci\u00f3.<\/p>\n<p><img loading=\"lazy\" decoding=\"async\" class=\"aligncenter size-medium\" src=\"https:\/\/galiciamaxica.eu\/mini\/wp-content\/uploads\/2019\/10\/img_5d9aefc2d4db4.jpg\" width=\"470\" height=\"710\" \/><\/p>\n<p style=\"text-align: center;\">Hab\u00eda decidido hacer una mini producci\u00f3n de portraits en la naturaleza, esos de antolog\u00eda,<\/p>\n<p>&nbsp;<\/p>\n<p style=\"text-align: center;\">as\u00ed que no m\u00e1s empezar la ruta, hicimos estas fotos donde se conjuga la ni\u00f1ez, la belleza comulgando con la naturaleza.<\/p>\n<p><img loading=\"lazy\" decoding=\"async\" class=\"aligncenter size-medium\" src=\"https:\/\/galiciamaxica.eu\/mini\/wp-content\/uploads\/2019\/10\/img_5d9aefc342ecf.jpg\" width=\"1072\" height=\"710\" \/><\/p>\n<p style=\"text-align: center;\">Luego continuamos la ruta descubriendo la calma de su embalse,<\/p>\n<p><img loading=\"lazy\" decoding=\"async\" class=\"aligncenter size-medium\" src=\"https:\/\/galiciamaxica.eu\/mini\/wp-content\/uploads\/2019\/10\/img_5d9aefc438e4f.jpg\" width=\"1072\" height=\"710\" \/><\/p>\n<p style=\"text-align: center;\">los recodos del sendero y su impresionante bosque que te transportan a un mundo de pelis<\/p>\n<p><img loading=\"lazy\" decoding=\"async\" class=\"aligncenter size-medium\" src=\"https:\/\/galiciamaxica.eu\/mini\/wp-content\/uploads\/2019\/10\/img_5d9aefc5808f5.jpg\" width=\"1072\" height=\"710\" \/><\/p>\n<p style=\"text-align: center;\">y el \u201cmu\u00ed\u00f1o das Maqu\u00edas\u201d que ya la gu\u00eda nos hab\u00eda contado que era un \u201cespectacular ejemplo de casa-molino\u201d, que os recomendamos con \u00e9nfasis.<\/p>\n<p><img loading=\"lazy\" decoding=\"async\" class=\"aligncenter size-medium\" src=\"https:\/\/galiciamaxica.eu\/mini\/wp-content\/uploads\/2019\/10\/img_5d9aefc6a92d3.jpg\" width=\"1072\" height=\"710\" \/><\/p>\n<p style=\"text-align: center;\">Un lugar m\u00e1gico en el que el tiempo se nos paso volando.<\/p>\n<p><img loading=\"lazy\" decoding=\"async\" class=\"aligncenter size-medium\" src=\"https:\/\/galiciamaxica.eu\/mini\/wp-content\/uploads\/2019\/10\/img_5d9aefc815ec4.jpg\" width=\"1072\" height=\"710\" \/><\/p>\n<p style=\"text-align: center;\"><strong><a href=\"https:\/\/www.guillerminasogo.com\/informes-y-reservas\">CONTACTO GUILLERMINA SOGO<\/a><\/strong><\/p>\n<p style=\"text-align: center;\"><a href=\"https:\/\/www.guillerminasogo.com\/informes-y-reservas\"><img loading=\"lazy\" decoding=\"async\" class=\"aligncenter size-medium\" src=\"https:\/\/galiciamaxica.eu\/mini\/wp-content\/uploads\/2019\/10\/img_5d9aefc9c9e94.jpg\" width=\"1377\" height=\"563\" \/><\/a><\/p>\n","protected":false},"excerpt":{"rendered":"<p>Ruta n\u00famero 14 Hace unos d\u00edas fuimos a descubrir otra ruta de la Gu\u00eda \u201cGalicia 20 rutas con ni\u00f1os\u201d y elegimos tambi\u00e9n una en la provincia de Pontevedra, cerca de Vigo, una ruta que nos ha enamorado. Esta vez nos acompa\u00f1\u00f3 Brisa, que disfrut\u00f3 de la naturaleza tanto como nosotros. Nos qued\u00f3 mucha pena de [&hellip;]<\/p>\n","protected":false},"author":1,"featured_media":0,"comment_status":"open","ping_status":"closed","sticky":false,"template":"","format":"standard","meta":{"_eb_attr":"","site-sidebar-layout":"default","site-content-layout":"","ast-site-content-layout":"","site-content-style":"default","site-sidebar-style":"default","ast-global-header-display":"","ast-banner-title-visibility":"","ast-main-header-display":"","ast-hfb-above-header-display":"","ast-hfb-below-header-display":"","ast-hfb-mobile-header-display":"","site-post-title":"","ast-breadcrumbs-content":"","ast-featured-img":"","footer-sml-layout":"","theme-transparent-header-meta":"","adv-header-id-meta":"","stick-header-meta":"","header-above-stick-meta":"","header-main-stick-meta":"","header-below-stick-meta":"","astra-migrate-meta-layouts":"default","ast-page-background-enabled":"default","ast-page-background-meta":{"desktop":{"background-color":"","background-image":"","background-repeat":"repeat","background-position":"center center","background-size":"auto","background-attachment":"scroll","background-type":"","background-media":"","overlay-type":"","overlay-color":"","overlay-opacity":"","overlay-gradient":""},"tablet":{"background-color":"","background-image":"","background-repeat":"repeat","background-position":"center center","background-size":"auto","background-attachment":"scroll","background-type":"","background-media":"","overlay-type":"","overlay-color":"","overlay-opacity":"","overlay-gradient":""},"mobile":{"background-color":"","background-image":"","background-repeat":"repeat","background-position":"center center","background-size":"auto","background-attachment":"scroll","background-type":"","background-media":"","overlay-type":"","overlay-color":"","overlay-opacity":"","overlay-gradient":""}},"ast-content-background-meta":{"desktop":{"background-color":"var(--ast-global-color-5)","background-image":"","background-repeat":"repeat","background-position":"center center","background-size":"auto","background-attachment":"scroll","background-type":"","background-media":"","overlay-type":"","overlay-color":"","overlay-opacity":"","overlay-gradient":""},"tablet":{"background-color":"var(--ast-global-color-5)","background-image":"","background-repeat":"repeat","background-position":"center center","background-size":"auto","background-attachment":"scroll","background-type":"","background-media":"","overlay-type":"","overlay-color":"","overlay-opacity":"","overlay-gradient":""},"mobile":{"background-color":"var(--ast-global-color-5)","background-image":"","background-repeat":"repeat","background-position":"center center","background-size":"auto","background-attachment":"scroll","background-type":"","background-media":"","overlay-type":"","overlay-color":"","overlay-opacity":"","overlay-gradient":""}},"footnotes":""},"categories":[1,425],"tags":[1036,25,42,3,38,147],"class_list":["post-9663","post","type-post","status-publish","format-standard","hentry","category-familia","category-viajes-compartidos","tag-fiama","tag-galicia","tag-ruta","tag-viajes","tag-vigo","tag-zamans"],"yoast_head":"<!-- This site is optimized with the Yoast SEO plugin v24.9 - https:\/\/yoast.com\/wordpress\/plugins\/seo\/ -->\n<title>LOS VIAJES DE FIAMA De ruta por el Embalse de Zam\u00e1ns - Galicia con ni\u00f1os | GALICIA M\u00c1XICA<\/title>\n<meta name=\"robots\" content=\"index, follow, max-snippet:-1, max-image-preview:large, max-video-preview:-1\" \/>\n<link rel=\"canonical\" href=\"https:\/\/www.galiciamaxica.eu\/mini\/los-viajes-de-fiama-de-ruta-por-el-embalse-de-zamans\/\" \/>\n<meta property=\"og:locale\" content=\"es_ES\" \/>\n<meta property=\"og:type\" content=\"article\" \/>\n<meta property=\"og:title\" content=\"LOS VIAJES DE FIAMA De ruta por el Embalse de Zam\u00e1ns - Galicia con ni\u00f1os | GALICIA M\u00c1XICA\" \/>\n<meta property=\"og:description\" content=\"Ruta n\u00famero 14 Hace unos d\u00edas fuimos a descubrir otra ruta de la Gu\u00eda \u201cGalicia 20 rutas con ni\u00f1os\u201d y elegimos tambi\u00e9n una en la provincia de Pontevedra, cerca de Vigo, una ruta que nos ha enamorado. Esta vez nos acompa\u00f1\u00f3 Brisa, que disfrut\u00f3 de la naturaleza tanto como nosotros. Nos qued\u00f3 mucha pena de [&hellip;]\" \/>\n<meta property=\"og:url\" content=\"https:\/\/www.galiciamaxica.eu\/mini\/los-viajes-de-fiama-de-ruta-por-el-embalse-de-zamans\/\" \/>\n<meta property=\"og:site_name\" content=\"Galicia con ni\u00f1os | GALICIA M\u00c1XICA\" \/>\n<meta property=\"article:publisher\" content=\"https:\/\/www.facebook.com\/maria.rodriguezserantes\" \/>\n<meta property=\"article:author\" content=\"https:\/\/www.facebook.com\/maria.rodriguezserantes\" \/>\n<meta property=\"article:published_time\" content=\"2018-10-02T11:27:28+00:00\" \/>\n<meta property=\"article:modified_time\" content=\"2024-08-13T17:23:43+00:00\" \/>\n<meta property=\"og:image\" content=\"https:\/\/galiciamaxica.eu\/mini\/wp-content\/uploads\/2019\/10\/img_5d9aefba23b13.jpg\" \/>\n<meta name=\"author\" content=\"seseixa\" \/>\n<meta name=\"twitter:card\" content=\"summary_large_image\" \/>\n<meta name=\"twitter:creator\" content=\"@seseixa\" \/>\n<meta name=\"twitter:site\" content=\"@seseixa\" \/>\n<meta name=\"twitter:label1\" content=\"Escrito por\" \/>\n\t<meta name=\"twitter:data1\" content=\"seseixa\" \/>\n\t<meta name=\"twitter:label2\" content=\"Tiempo de lectura\" \/>\n\t<meta name=\"twitter:data2\" content=\"1 minuto\" \/>\n<script type=\"application\/ld+json\" class=\"yoast-schema-graph\">{\"@context\":\"https:\/\/schema.org\",\"@graph\":[{\"@type\":\"Article\",\"@id\":\"https:\/\/www.galiciamaxica.eu\/mini\/los-viajes-de-fiama-de-ruta-por-el-embalse-de-zamans\/#article\",\"isPartOf\":{\"@id\":\"https:\/\/www.galiciamaxica.eu\/mini\/los-viajes-de-fiama-de-ruta-por-el-embalse-de-zamans\/\"},\"author\":{\"name\":\"seseixa\",\"@id\":\"https:\/\/www.galiciamaxica.eu\/mini\/#\/schema\/person\/2b284fe2fd911000a48d2e8936300179\"},\"headline\":\"LOS VIAJES DE FIAMA De ruta por el Embalse de Zam\u00e1ns\",\"datePublished\":\"2018-10-02T11:27:28+00:00\",\"dateModified\":\"2024-08-13T17:23:43+00:00\",\"mainEntityOfPage\":{\"@id\":\"https:\/\/www.galiciamaxica.eu\/mini\/los-viajes-de-fiama-de-ruta-por-el-embalse-de-zamans\/\"},\"wordCount\":240,\"commentCount\":0,\"publisher\":{\"@id\":\"https:\/\/www.galiciamaxica.eu\/mini\/#\/schema\/person\/2b284fe2fd911000a48d2e8936300179\"},\"image\":{\"@id\":\"https:\/\/www.galiciamaxica.eu\/mini\/los-viajes-de-fiama-de-ruta-por-el-embalse-de-zamans\/#primaryimage\"},\"thumbnailUrl\":\"https:\/\/galiciamaxica.eu\/mini\/wp-content\/uploads\/2019\/10\/img_5d9aefba23b13.jpg\",\"keywords\":[\"Fiama\",\"Galicia\",\"ruta\",\"viajes\",\"Vigo\",\"zamans\"],\"articleSection\":[\"FAMILIA\",\"VIAJES COMPARTIDOS\"],\"inLanguage\":\"es\",\"potentialAction\":[{\"@type\":\"CommentAction\",\"name\":\"Comment\",\"target\":[\"https:\/\/www.galiciamaxica.eu\/mini\/los-viajes-de-fiama-de-ruta-por-el-embalse-de-zamans\/#respond\"]}]},{\"@type\":\"WebPage\",\"@id\":\"https:\/\/www.galiciamaxica.eu\/mini\/los-viajes-de-fiama-de-ruta-por-el-embalse-de-zamans\/\",\"url\":\"https:\/\/www.galiciamaxica.eu\/mini\/los-viajes-de-fiama-de-ruta-por-el-embalse-de-zamans\/\",\"name\":\"LOS VIAJES DE FIAMA De ruta por el Embalse de Zam\u00e1ns - Galicia con ni\u00f1os | GALICIA M\u00c1XICA\",\"isPartOf\":{\"@id\":\"https:\/\/www.galiciamaxica.eu\/mini\/#website\"},\"primaryImageOfPage\":{\"@id\":\"https:\/\/www.galiciamaxica.eu\/mini\/los-viajes-de-fiama-de-ruta-por-el-embalse-de-zamans\/#primaryimage\"},\"image\":{\"@id\":\"https:\/\/www.galiciamaxica.eu\/mini\/los-viajes-de-fiama-de-ruta-por-el-embalse-de-zamans\/#primaryimage\"},\"thumbnailUrl\":\"https:\/\/galiciamaxica.eu\/mini\/wp-content\/uploads\/2019\/10\/img_5d9aefba23b13.jpg\",\"datePublished\":\"2018-10-02T11:27:28+00:00\",\"dateModified\":\"2024-08-13T17:23:43+00:00\",\"breadcrumb\":{\"@id\":\"https:\/\/www.galiciamaxica.eu\/mini\/los-viajes-de-fiama-de-ruta-por-el-embalse-de-zamans\/#breadcrumb\"},\"inLanguage\":\"es\",\"potentialAction\":[{\"@type\":\"ReadAction\",\"target\":[\"https:\/\/www.galiciamaxica.eu\/mini\/los-viajes-de-fiama-de-ruta-por-el-embalse-de-zamans\/\"]}]},{\"@type\":\"ImageObject\",\"inLanguage\":\"es\",\"@id\":\"https:\/\/www.galiciamaxica.eu\/mini\/los-viajes-de-fiama-de-ruta-por-el-embalse-de-zamans\/#primaryimage\",\"url\":\"https:\/\/galiciamaxica.eu\/mini\/wp-content\/uploads\/2019\/10\/img_5d9aefba23b13.jpg\",\"contentUrl\":\"https:\/\/galiciamaxica.eu\/mini\/wp-content\/uploads\/2019\/10\/img_5d9aefba23b13.jpg\"},{\"@type\":\"BreadcrumbList\",\"@id\":\"https:\/\/www.galiciamaxica.eu\/mini\/los-viajes-de-fiama-de-ruta-por-el-embalse-de-zamans\/#breadcrumb\",\"itemListElement\":[{\"@type\":\"ListItem\",\"position\":1,\"name\":\"Portada\",\"item\":\"https:\/\/www.galiciamaxica.eu\/mini\/\"},{\"@type\":\"ListItem\",\"position\":2,\"name\":\"LOS VIAJES DE FIAMA De ruta por el Embalse de Zam\u00e1ns\"}]},{\"@type\":\"WebSite\",\"@id\":\"https:\/\/www.galiciamaxica.eu\/mini\/#website\",\"url\":\"https:\/\/www.galiciamaxica.eu\/mini\/\",\"name\":\"Galicia con ni\u00f1os | GALICIA M\u00c1XICA\",\"description\":\"Qu\u00e9 hacer con ni\u00f1os en Galicia\",\"publisher\":{\"@id\":\"https:\/\/www.galiciamaxica.eu\/mini\/#\/schema\/person\/2b284fe2fd911000a48d2e8936300179\"},\"potentialAction\":[{\"@type\":\"SearchAction\",\"target\":{\"@type\":\"EntryPoint\",\"urlTemplate\":\"https:\/\/www.galiciamaxica.eu\/mini\/?s={search_term_string}\"},\"query-input\":{\"@type\":\"PropertyValueSpecification\",\"valueRequired\":true,\"valueName\":\"search_term_string\"}}],\"inLanguage\":\"es\"},{\"@type\":[\"Person\",\"Organization\"],\"@id\":\"https:\/\/www.galiciamaxica.eu\/mini\/#\/schema\/person\/2b284fe2fd911000a48d2e8936300179\",\"name\":\"seseixa\",\"image\":{\"@type\":\"ImageObject\",\"inLanguage\":\"es\",\"@id\":\"https:\/\/www.galiciamaxica.eu\/mini\/#\/schema\/person\/image\/\",\"url\":\"https:\/\/www.galiciamaxica.eu\/mini\/wp-content\/uploads\/2019\/02\/seseixa.png\",\"contentUrl\":\"https:\/\/www.galiciamaxica.eu\/mini\/wp-content\/uploads\/2019\/02\/seseixa.png\",\"width\":100,\"height\":100,\"caption\":\"seseixa\"},\"logo\":{\"@id\":\"https:\/\/www.galiciamaxica.eu\/mini\/#\/schema\/person\/image\/\"},\"description\":\"En la actualidad combinando dos proyectos que me apasionan, Galicia y los ni\u00f1os. Tengo mucho que aportar y otro tanto que aprender, as\u00ed como, el tiempo y el coraz\u00f3n, dividido en todo momento. Soy mam\u00e1, un titulo otorgado a tiempo completo, compa\u00f1era y amiga, a todas horas, familiar y cercana, siempre. De esp\u00edritu inquieto, soy una eterna ni\u00f1a que juega en el pa\u00eds de las maravillas. Una enamorada de mi tierra, por la que trabajo sin descanso. Creo en la infancia como motor que cambiar\u00e1 el mundo a mejor y busco en mi vida la felicidad como estado permanente porque s\u00f3lo se vive una vez.\",\"sameAs\":[\"http:\/\/mini.galiciamaxica.eu\/\",\"https:\/\/www.facebook.com\/maria.rodriguezserantes\",\"https:\/\/x.com\/seseixa\"],\"url\":\"https:\/\/www.galiciamaxica.eu\/mini\/author\/seseixa\/\"}]}<\/script>\n<!-- \/ Yoast SEO plugin. -->","yoast_head_json":{"title":"LOS VIAJES DE FIAMA De ruta por el Embalse de Zam\u00e1ns - Galicia con ni\u00f1os | GALICIA M\u00c1XICA","robots":{"index":"index","follow":"follow","max-snippet":"max-snippet:-1","max-image-preview":"max-image-preview:large","max-video-preview":"max-video-preview:-1"},"canonical":"https:\/\/www.galiciamaxica.eu\/mini\/los-viajes-de-fiama-de-ruta-por-el-embalse-de-zamans\/","og_locale":"es_ES","og_type":"article","og_title":"LOS VIAJES DE FIAMA De ruta por el Embalse de Zam\u00e1ns - Galicia con ni\u00f1os | GALICIA M\u00c1XICA","og_description":"Ruta n\u00famero 14 Hace unos d\u00edas fuimos a descubrir otra ruta de la Gu\u00eda \u201cGalicia 20 rutas con ni\u00f1os\u201d y elegimos tambi\u00e9n una en la provincia de Pontevedra, cerca de Vigo, una ruta que nos ha enamorado. Esta vez nos acompa\u00f1\u00f3 Brisa, que disfrut\u00f3 de la naturaleza tanto como nosotros. Nos qued\u00f3 mucha pena de [&hellip;]","og_url":"https:\/\/www.galiciamaxica.eu\/mini\/los-viajes-de-fiama-de-ruta-por-el-embalse-de-zamans\/","og_site_name":"Galicia con ni\u00f1os | GALICIA M\u00c1XICA","article_publisher":"https:\/\/www.facebook.com\/maria.rodriguezserantes","article_author":"https:\/\/www.facebook.com\/maria.rodriguezserantes","article_published_time":"2018-10-02T11:27:28+00:00","article_modified_time":"2024-08-13T17:23:43+00:00","og_image":[{"url":"https:\/\/galiciamaxica.eu\/mini\/wp-content\/uploads\/2019\/10\/img_5d9aefba23b13.jpg","type":"","width":"","height":""}],"author":"seseixa","twitter_card":"summary_large_image","twitter_creator":"@seseixa","twitter_site":"@seseixa","twitter_misc":{"Escrito por":"seseixa","Tiempo de lectura":"1 minuto"},"schema":{"@context":"https:\/\/schema.org","@graph":[{"@type":"Article","@id":"https:\/\/www.galiciamaxica.eu\/mini\/los-viajes-de-fiama-de-ruta-por-el-embalse-de-zamans\/#article","isPartOf":{"@id":"https:\/\/www.galiciamaxica.eu\/mini\/los-viajes-de-fiama-de-ruta-por-el-embalse-de-zamans\/"},"author":{"name":"seseixa","@id":"https:\/\/www.galiciamaxica.eu\/mini\/#\/schema\/person\/2b284fe2fd911000a48d2e8936300179"},"headline":"LOS VIAJES DE FIAMA De ruta por el Embalse de Zam\u00e1ns","datePublished":"2018-10-02T11:27:28+00:00","dateModified":"2024-08-13T17:23:43+00:00","mainEntityOfPage":{"@id":"https:\/\/www.galiciamaxica.eu\/mini\/los-viajes-de-fiama-de-ruta-por-el-embalse-de-zamans\/"},"wordCount":240,"commentCount":0,"publisher":{"@id":"https:\/\/www.galiciamaxica.eu\/mini\/#\/schema\/person\/2b284fe2fd911000a48d2e8936300179"},"image":{"@id":"https:\/\/www.galiciamaxica.eu\/mini\/los-viajes-de-fiama-de-ruta-por-el-embalse-de-zamans\/#primaryimage"},"thumbnailUrl":"https:\/\/galiciamaxica.eu\/mini\/wp-content\/uploads\/2019\/10\/img_5d9aefba23b13.jpg","keywords":["Fiama","Galicia","ruta","viajes","Vigo","zamans"],"articleSection":["FAMILIA","VIAJES COMPARTIDOS"],"inLanguage":"es","potentialAction":[{"@type":"CommentAction","name":"Comment","target":["https:\/\/www.galiciamaxica.eu\/mini\/los-viajes-de-fiama-de-ruta-por-el-embalse-de-zamans\/#respond"]}]},{"@type":"WebPage","@id":"https:\/\/www.galiciamaxica.eu\/mini\/los-viajes-de-fiama-de-ruta-por-el-embalse-de-zamans\/","url":"https:\/\/www.galiciamaxica.eu\/mini\/los-viajes-de-fiama-de-ruta-por-el-embalse-de-zamans\/","name":"LOS VIAJES DE FIAMA De ruta por el Embalse de Zam\u00e1ns - Galicia con ni\u00f1os | GALICIA M\u00c1XICA","isPartOf":{"@id":"https:\/\/www.galiciamaxica.eu\/mini\/#website"},"primaryImageOfPage":{"@id":"https:\/\/www.galiciamaxica.eu\/mini\/los-viajes-de-fiama-de-ruta-por-el-embalse-de-zamans\/#primaryimage"},"image":{"@id":"https:\/\/www.galiciamaxica.eu\/mini\/los-viajes-de-fiama-de-ruta-por-el-embalse-de-zamans\/#primaryimage"},"thumbnailUrl":"https:\/\/galiciamaxica.eu\/mini\/wp-content\/uploads\/2019\/10\/img_5d9aefba23b13.jpg","datePublished":"2018-10-02T11:27:28+00:00","dateModified":"2024-08-13T17:23:43+00:00","breadcrumb":{"@id":"https:\/\/www.galiciamaxica.eu\/mini\/los-viajes-de-fiama-de-ruta-por-el-embalse-de-zamans\/#breadcrumb"},"inLanguage":"es","potentialAction":[{"@type":"ReadAction","target":["https:\/\/www.galiciamaxica.eu\/mini\/los-viajes-de-fiama-de-ruta-por-el-embalse-de-zamans\/"]}]},{"@type":"ImageObject","inLanguage":"es","@id":"https:\/\/www.galiciamaxica.eu\/mini\/los-viajes-de-fiama-de-ruta-por-el-embalse-de-zamans\/#primaryimage","url":"https:\/\/galiciamaxica.eu\/mini\/wp-content\/uploads\/2019\/10\/img_5d9aefba23b13.jpg","contentUrl":"https:\/\/galiciamaxica.eu\/mini\/wp-content\/uploads\/2019\/10\/img_5d9aefba23b13.jpg"},{"@type":"BreadcrumbList","@id":"https:\/\/www.galiciamaxica.eu\/mini\/los-viajes-de-fiama-de-ruta-por-el-embalse-de-zamans\/#breadcrumb","itemListElement":[{"@type":"ListItem","position":1,"name":"Portada","item":"https:\/\/www.galiciamaxica.eu\/mini\/"},{"@type":"ListItem","position":2,"name":"LOS VIAJES DE FIAMA De ruta por el Embalse de Zam\u00e1ns"}]},{"@type":"WebSite","@id":"https:\/\/www.galiciamaxica.eu\/mini\/#website","url":"https:\/\/www.galiciamaxica.eu\/mini\/","name":"Galicia con ni\u00f1os | GALICIA M\u00c1XICA","description":"Qu\u00e9 hacer con ni\u00f1os en Galicia","publisher":{"@id":"https:\/\/www.galiciamaxica.eu\/mini\/#\/schema\/person\/2b284fe2fd911000a48d2e8936300179"},"potentialAction":[{"@type":"SearchAction","target":{"@type":"EntryPoint","urlTemplate":"https:\/\/www.galiciamaxica.eu\/mini\/?s={search_term_string}"},"query-input":{"@type":"PropertyValueSpecification","valueRequired":true,"valueName":"search_term_string"}}],"inLanguage":"es"},{"@type":["Person","Organization"],"@id":"https:\/\/www.galiciamaxica.eu\/mini\/#\/schema\/person\/2b284fe2fd911000a48d2e8936300179","name":"seseixa","image":{"@type":"ImageObject","inLanguage":"es","@id":"https:\/\/www.galiciamaxica.eu\/mini\/#\/schema\/person\/image\/","url":"https:\/\/www.galiciamaxica.eu\/mini\/wp-content\/uploads\/2019\/02\/seseixa.png","contentUrl":"https:\/\/www.galiciamaxica.eu\/mini\/wp-content\/uploads\/2019\/02\/seseixa.png","width":100,"height":100,"caption":"seseixa"},"logo":{"@id":"https:\/\/www.galiciamaxica.eu\/mini\/#\/schema\/person\/image\/"},"description":"En la actualidad combinando dos proyectos que me apasionan, Galicia y los ni\u00f1os. Tengo mucho que aportar y otro tanto que aprender, as\u00ed como, el tiempo y el coraz\u00f3n, dividido en todo momento. Soy mam\u00e1, un titulo otorgado a tiempo completo, compa\u00f1era y amiga, a todas horas, familiar y cercana, siempre. De esp\u00edritu inquieto, soy una eterna ni\u00f1a que juega en el pa\u00eds de las maravillas. Una enamorada de mi tierra, por la que trabajo sin descanso. Creo en la infancia como motor que cambiar\u00e1 el mundo a mejor y busco en mi vida la felicidad como estado permanente porque s\u00f3lo se vive una vez.","sameAs":["http:\/\/mini.galiciamaxica.eu\/","https:\/\/www.facebook.com\/maria.rodriguezserantes","https:\/\/x.com\/seseixa"],"url":"https:\/\/www.galiciamaxica.eu\/mini\/author\/seseixa\/"}]}},"amp_enabled":true,"post_mailing_queue_ids":[],"_links":{"self":[{"href":"https:\/\/www.galiciamaxica.eu\/mini\/wp-json\/wp\/v2\/posts\/9663"}],"collection":[{"href":"https:\/\/www.galiciamaxica.eu\/mini\/wp-json\/wp\/v2\/posts"}],"about":[{"href":"https:\/\/www.galiciamaxica.eu\/mini\/wp-json\/wp\/v2\/types\/post"}],"author":[{"embeddable":true,"href":"https:\/\/www.galiciamaxica.eu\/mini\/wp-json\/wp\/v2\/users\/1"}],"replies":[{"embeddable":true,"href":"https:\/\/www.galiciamaxica.eu\/mini\/wp-json\/wp\/v2\/comments?post=9663"}],"version-history":[{"count":1,"href":"https:\/\/www.galiciamaxica.eu\/mini\/wp-json\/wp\/v2\/posts\/9663\/revisions"}],"predecessor-version":[{"id":22222,"href":"https:\/\/www.galiciamaxica.eu\/mini\/wp-json\/wp\/v2\/posts\/9663\/revisions\/22222"}],"wp:attachment":[{"href":"https:\/\/www.galiciamaxica.eu\/mini\/wp-json\/wp\/v2\/media?parent=9663"}],"wp:term":[{"taxonomy":"category","embeddable":true,"href":"https:\/\/www.galiciamaxica.eu\/mini\/wp-json\/wp\/v2\/categories?post=9663"},{"taxonomy":"post_tag","embeddable":true,"href":"https:\/\/www.galiciamaxica.eu\/mini\/wp-json\/wp\/v2\/tags?post=9663"}],"curies":[{"name":"wp","href":"https:\/\/api.w.org\/{rel}","templated":true}]}}