{"id":9409,"date":"2018-08-19T18:02:35","date_gmt":"2018-08-19T16:02:35","guid":{"rendered":"http:\/\/www.galiciamaxica.eu\/mini\/?p=9409"},"modified":"2019-10-07T19:38:13","modified_gmt":"2019-10-07T17:38:13","slug":"veranos-en-galicia-veranos-que-cuentan","status":"publish","type":"post","link":"https:\/\/www.galiciamaxica.eu\/mini\/veranos-en-galicia-veranos-que-cuentan\/","title":{"rendered":"Veranos en Galicia. Veranos que cuentan"},"content":{"rendered":"<p style=\"text-align: center;\">\u00a0En Galicia contar las estrellas son los deberes<\/p>\n<p style=\"text-align: center;\"><em><strong>Trasnochar en verano es casi obligado\u00a0<\/strong><\/em><\/p>\n<p style=\"text-align: center;\"><img fetchpriority=\"high\" decoding=\"async\" class=\"aligncenter size-medium\" src=\"https:\/\/lh3.googleusercontent.com\/tyecDX8b8XcB2Dn4wDKlnhl5NBr_nSjT1HrmcLyKgerKsqteqHuOUpMRafAJcOaAXkP_UQC0vxU2Um8bXBuSVgRrqtpj4LMBPZjbmVbr_E28twESc0lP-IwL97e4IenX-4oQgvLhNmwEr-o_-Gjj3y8kAuwR6MXCAphTPVAeVvWsy7Ph0N80TCN3c0q9Tm-lI9DVRE18TZAl7xQV-f4L-QBjRxsLZRXeqkMabK_YyXgHuZzquHvqG8QVvaYlGIFzyxjqXF6hn5I9kXHhWeJYtey9BKR7KEfHr-RWEz9-aK1-tTFdZLjYwIebPxCvZ8I5M5v9iJFus4C-XprLXmorWl9JCIg7Th8LsohTEVsPtcuDsKWRjAzYoBNrQBJICDcYjemEAFCkIY3euHimZg7QwKKXqN3PrVXJ99ADjLoYddNzt25OjO-UtasEijwxsCMU9Tcu7k7dD3zLk_7RZYr_l8YxVCPgChdPf2Y74Jje8XDHMWMuPIaj4OAcE_-QWprKXSR1Y8JVesgsRI1AUDLwEjRpPK4nFPNU3dAzk7enDnMY9I5cNkS8D-79RI0ctPVlxTFxF4zDT2vU-lZe_4tu7w3_WrxdolF3JWU5WjzS=w612-h764-no\" width=\"611\" height=\"764\" \/><\/p>\n<p style=\"text-align: center;\">Peinar tus cabellos al sol o mejor dicho despeinarlos es una preciosa tarea<\/p>\n<p style=\"text-align: center;\"><em><strong>Ser m\u00e1s natu<\/strong><\/em><em><strong>rales y no tan formales<\/strong><\/em><\/p>\n<p><img decoding=\"async\" class=\"aligncenter size-medium\" src=\"https:\/\/lh3.googleusercontent.com\/39qmi-_bOLG5Toxors9IT3PJLa1HW5EXcshc1bkp23xAycD2rlTlayjMRAPfRlIkp6LhjzAIIcQ5cX4_3TQdaD0zJXTTr-pLD846p7hJmX6OqJaLXANUFqwaCLlVsAvp6VhAIlJRw74RkLtEoZjoatA8BTCWJPGQHpeBU1FJMYIsf6P4aAUNnDEInCcCp8L-pGl44So2yuFvgO7lMZ0GHlhvxkaH6Ox1HZxkdhjIhlovY-Y5EyFj6B93L69aUMXI3AHrfw8IgSMS1qrd7tTvC7ZCIfOPzvBkxGuR_AWN1VyWNDHGQ00r5IjlSGflQNRruhXahBUHapwIJNcRdKQ23EVIZTNAAoX_S_0OmPpZ3bP-LPQBTip3Ts1PE7fOjbl2Tw0B8liFX6A4rmc6jV8oEZSpzM2-5FnfMkG5J_NJrQaGgZOOsLm4TiEu-jdqQ46Evu7MPRQphvFmyKZ385zn42gEuRGtx8TvgZCVsI6oCLNsVE2dFyckR-Mgftp4ndKElAsvwFjAqAsapoBuUzdk8jdTxSBaZrbaGWq9q_GO0X_irogS3rNWgxs9cGS7nsY8P4eCvWVDDgoBB5oafToVpJZKGltgnVw7YIpvQOBP=w1280-h720-no\" width=\"1280\" height=\"720\" \/><\/p>\n<p style=\"text-align: center;\">Las playas no tienen horario<\/p>\n<p style=\"text-align: center;\"><em><strong>Ser m\u00e1s permisivos y disfrutar m\u00e1s del momento<\/strong><\/em><\/p>\n<p><img decoding=\"async\" class=\"aligncenter size-medium\" src=\"https:\/\/lh3.googleusercontent.com\/Bqs5DvlrnpuJzbYiU78Yu5V0AXya1PfUvUnBrWmlPUol3EfnlTBMDBKsEY6mady1yGfQHSm9bPmxOzNMCgZPrxK2jfDPTYzkSatU_aern5k0Q1zQXzCGwYBghoA8e8olk-qGbx-jtlSfBzbiBUlMMI8gO3MrJycasXoR59KmziNvYnw5siva14GZHfnHPvRADlyQpPtOg6_yzw_T95YUPkZ6aWXjhVZZMhOLiMZLKb9HbtXxHT-geY7VpvC4_1Oq6uC3Dlk5Jp6mELhqASx_iwhP_5ivN9oMv_agG-pdARyjyMRiqIzoajw44pHxUPuwluSRQcIkJTe-xTvo-RO2r7OIwczbWuyAbWELHTG6byjuHxv43uk8-hzEH6rALCFclU7Az7xGkFQj70lcWstub1_QKhKeV6XIuQ1wnCX2TRehasYUxHusq5JILaeFVd1KbQ3k9YhBuG2SB-8n9uR-4AdW63zYdDx7XQYRvZrrszGbe-CsEjW3SLttcB9qsdsOKtDApho5JSbOUqzrO6KdOTdoxIlLugBXAatbhHeM2MGniY4dtECKwS2EMr27mDQ4pXZHYY3jiVBidoeyNbsfT6bncxk3OiO1cFXd3oWr=s764-no\" width=\"764\" height=\"764\" \/><\/p>\n<p style=\"text-align: center;\">Abandonar lo que m\u00e1s te gusta un momento<\/p>\n<p style=\"text-align: center;\"><em><strong>Adaptarse a los cambios, ser flexibles<\/strong><\/em><\/p>\n<p><img loading=\"lazy\" decoding=\"async\" class=\"aligncenter size-medium\" src=\"https:\/\/lh3.googleusercontent.com\/7HMrBLFe2aKTV-nyKSyTN5egQUTsZ68g4BHR12tLI9uvdwfpsR7IfisWvcxB2S_wj7MWUJSCmMmLEAs3EE2MF9XfHp9OTDJoK06BC46xU-xxe_H9MSYTI4PLnZM33RqfDBhHsjg1rVQVrkuU2r5GjcwjlDRq7XELKds3ggS9u7nistRATXGpGIu_0XauyfQGyAgoabrnESoE7UJ8PM87lukHQCYJ3gWZlkuIe8jD5qQUOs12-XfdnrFdfodoaYSf5d439RPuEXeICdTTmCJVSL-tCaEb38B4KDjbgcFgXS0bUoZ5Q7qsFd_XDWvYMYBXVt-4l5rMYGkFgSGXw1ilgel0-J8WROWcTtySOqo6UIzNv2gccF6N5nY8NbseZypo_MMTivTfm_ChXo1fgbDjSJEnKp6a3JYKg8QgQ5hexr5fvLNbbJ8ZXx4wEzxSB5vwB-cyR5EuhFGnw27iDq-I4X94sKh3M1YF0ow5whbVoWpFJAaUfdmtshhjm-XmGD4MyHMGNE_OGH8sma7qZxZ_KRdwWNOScNrZwNNKWa7k2SkY4JNVyjTWjvMChLQADFfv03TK5OxRBZnbA_cEPdT3Wk5OIsrbWzTOdcKcHDIl=w1358-h764-no\" width=\"1358\" height=\"764\" \/><\/p>\n<p style=\"text-align: center;\">para surcar los mares de mil y una forma.<\/p>\n<p style=\"text-align: center;\"><em><strong>Probar otros deportes<\/strong><\/em><\/p>\n<p><img loading=\"lazy\" decoding=\"async\" class=\"aligncenter size-medium\" src=\"https:\/\/lh3.googleusercontent.com\/wNFM3CPX7Xc1CUy4q636sA4PtAJhX-kpn3xPz76aKDzJ1BgR-AX7pNGBHIRXEpw_90kQXCwjdaZZctBjXs1xk7BAEl5yg-ON2mKCQmfIt2-0oDFlcZejIfax6mTG6jqdri-ndqvQxQircUF3gtSfbvRdBqwMO7I9D3KxMbU3Fc1vbSoZUJk3f_m3KilM8OUyP1Cwie8QDf3UJ1bQFapnhUzEpC_-QXLcUp0W0Ly8sMkoG4xgqYfY6dRwbLPoitd3GPyaexCfIMSQdz07825N3B3xsD2g3L2G2rCwMLzYoS5aTdvIvKN65pIxVgErFlgUsuXaKCAfWSEeWaTYidIc4KFiftsG9wxgeVt9MJiBlREVYRhdAZP0L3i0MgF8IULNkPN6nx6awp9TmHRsRjdmPyTvJNIHujhoHhIR3cyDlzrWy4opzx00Taq8cqu45j2ZY8bJO0oXlt_MuJ-Gh9yQUR8a33LAh3vVAykBgdK8Y0ybT5LGe5fBy5x1XPv4k30uoQROiMMaotpApwkC7bzBdgqQ-Xx4LYXzgxsw873pMGPZz5R95PxLFBJmqpd-Je9An3JEiZDCiOB1Uw3IX4gi9MvkgnG52fYls1a3boaj=s764-no\" width=\"764\" height=\"764\" \/><\/p>\n<p style=\"text-align: center;\">En Galicia\u00a0 las tardes son siempre redondas,<\/p>\n<p style=\"text-align: center;\"><em><strong>\u00a0nuevos juegos juntos.<\/strong><\/em><\/p>\n<p><img loading=\"lazy\" decoding=\"async\" class=\"aligncenter size-medium\" src=\"https:\/\/lh3.googleusercontent.com\/JDLXLdQgAeDxADPGVaK7MP5VN9CywmIYuXecl8RfU-qwhabHa5vgTJsIRkWdtgvBs3CFyJlS6wNuhA9sJ9L1Xg32OTxhbrvpY8vMmysRBLSodbRtawY8YuXqAiMQDn04E4621-2GISA0iBil-fcjq_BNpD0Uam-3JWAX0TTdh2eYX3pZKVHFh8EUWCRoW2qd_0YTw3A6PRaYaF5ETETp9ihguuZCVeNNo73d_Yvfqf_St4OUAQ8bRWcoKPd3uiIIVnrLSAOBlejto4EYSZSHiHcIOItt9AYlGooAqQEbSbTVM0m3ywDcxhY8R6iTAb6-D0RWWNB70--23TeIBJrCTyro5v2qDJM8Ec1wIgHEI_MnFpHWztGpeGGs2a9b5QHqZOiM0eS3WRxoyxXS4B0MCdb6VxaoXkisseY5hsHLw53cCoIfovkorWhUazou-E9Hi7fQDRkKh3cAJKrovDF3SIbqrYnPNZ5Mc65QR9VnuNONt53yz56MPxRctf8I5UbxQSjf5w44v2kJVV_FrfvgHxDZ9hBqJMab1pgSnTp7Pwo5nD4cHJGGMQaI6zejYlq-8anvLW-4Kzr8umjit-WIWMrpHL5iC-zzWWR94TbR=w1440-h709-no\" width=\"1440\" height=\"707\" \/><\/p>\n<p style=\"text-align: center;\">Descubres que las piedras en el camino son m\u00e1s lindas si est\u00e1n pintadas.<\/p>\n<p style=\"text-align: center;\"><em><strong>Muchas charlas, muchas risas y\u00a0 palabras bonitas<\/strong><\/em><\/p>\n<p><img loading=\"lazy\" decoding=\"async\" class=\"aligncenter size-medium\" src=\"https:\/\/lh3.googleusercontent.com\/8GJmh-o5cUubOVeHyc8UoPt6bR8lHH3cMZHSQz7NPI23MKdS6sGwLvL3wbY2Yq_IxRifd322EJkRY83BsDIGiboQRc3ycXv44zSOi-Tm8-PvJxI-f9_j5Ih6rPmWK7Y7598jFkRw6Db2TrqZQT4EtDmSmZ4fz3MN6wbfPbLuvWJVBXN2oGosy0VAhJCWx3nZqeA4psA1SyOC4mxIiH_rGkYTNDFwakRPEu-IAljCy0Ou7qxDz_bPhPAuLyHzvQp48kU6_2QeS5vbkDNBFZrP_rmPKPUNGMymQdxPDfA8LvJ1Zvby7xPZrWK5PiGgrOfuveLndYqgB9gCRf9z-10S0AojAXq_KlDB1ycTkNMwNask4UOapRmTkcI5d_IJpiFx0V2UhDAymxFjNkZ7ByMEUExRhzKeFQNyJF7qyGS-sJQKv0UuHizCqJvR24tCGob2yGMt6oIjaPibLeM7wt07Ljx-ctC3ubozpUzIZ7fAcLS0nQncDxpOY-Y2RAxt2dRmjQPTBiiwkWzoSeGG_mZ1H81MTEtcTSlwXg1QA9AVO4orqxlD4G7NfRd9dgIdZCOFPtkfLEuT7npBkPX-1_eLwDvbGZzWhZDuKlNdx7Z7=s764-no\" width=\"764\" height=\"764\" \/><\/p>\n<p style=\"text-align: center;\">Aprendes que contar flores distintas es m\u00e1s divertido que cortarlas.<\/p>\n<p style=\"text-align: center;\"><strong>Valorar lo nuestro y darle toda la importancia que tiene.<\/strong><\/p>\n<p><img loading=\"lazy\" decoding=\"async\" class=\"aligncenter size-medium\" src=\"https:\/\/lh3.googleusercontent.com\/mRSIx0T4s2Uw1nV2gOazFeUeGd46RIoTNKWgKNlaCQf1hr594Ho9bx13J59HVUquz4VdYfF24jeUcUPx8p_8rW4rbk7T7EvnmuP-xDNbcS0NZWPnArzRKT4-0QqaLBmeJ8eT4ngYepCdoewEeeA6HN4ZUIV4CCCwIVKvrTRRIdKWEed-Q2KHVI5mgyia3m7hXZE2fLFM3PcPbY4UH_gsPpZ2uwk1_H0oEMR0pvp1IPEqoD1T7rMLSIEJTdJRMT6ngG0SfskIoit_mUz-8F4_GITxH2OvsORDeIL24OFnZqO2k_ZfrSPppHw1AM8b_NyHDOeApyCgKtot4mxADCg1V2EtR4n40DbTTsFuhIgT_QiMxjLwQxp1eBs7kRx6gs3SpbSSp8Zr5juCvoDrPP3Nylf4yafwYI3sxbtGZo8sn8y9yVkWQ_MnoFIgSG9sFQrnmEx59kZABYV4jCfPWUVt3y8i4bPxptIuUak_4WeiE0nlphQdabxEoQGVsZY3UYpGFLpoD-FjbTs9k9phZrV90Q6bKP20edYLKpvBQ6JY6ZvWMC-mSb5V0OsjOZa86O9WM4EShIAYKFyrEQzTV_Qrs3U3xGA7kCrDW5VWHprK=w1358-h764-no\" width=\"1358\" height=\"764\" \/><\/p>\n<p style=\"text-align: center;\">Que las iglesias est\u00e1n hechas de conchas.<\/p>\n<p style=\"text-align: center;\"><strong>Acercarles al patrimonio<\/strong><\/p>\n<p><img loading=\"lazy\" decoding=\"async\" class=\"aligncenter size-medium\" src=\"https:\/\/lh3.googleusercontent.com\/urPcvPOuPbEHLHQMONiUlMor-4CvXjLBn2_R0lziGdQW8TekMgzQySdyYb7aU4sA1XF2i2iMqNeZ98jqn648tbsTvjuZa1hhmtqfG0Jtup2hf511ksEX9kfEmOvbYxBS1wNu8Sd_g1D-hixcsJW0o05A5qOLTGM1Yt5O7t1w5ltc6CkEzr57c0wFGnLSIV3RbXv77E8RbKEYz1zdf4J_K2TZmbcmwRqmhUchpsh_SoGDSnSJ-DSxiuM96iB6kRF65M_mttjLgmXrzyTOi3dClIK4-Lv5jS0gKMNgWdntzvHokJ0bBpe2MIZyIe-4QbSwM3m40X118ew9_3Kxto1kfOBruVuA5Y-8yiRawQf4Wnv0l--KFWjPKvpwgwyjIj8RoyeajT1AT695t0tj2OxHcmRrxuUtlI4oZBr2Y-PrNKllnDronzz2VCbLqL79BIcVM-cYEQ_CtMYNYMsUB5UcyCXCoKadAHao1qGxx-FYAtRWB1NIY6ZjRyjnIdLRLwWmxn_ghbnTQUKHVb8XSu-gWO2Sjx4hzgQkqIGYZ3GnzEqtvQIVjce36Ho-BlJi4Fpv6V2kMlYUi5LIrS8helLYAoh-PvH6331oMfY-aQMG=s764-no\" width=\"764\" height=\"764\" \/><\/p>\n<p style=\"text-align: center;\">Descubres que lo que antes era grande ahora se ha convertido\u00a0en peque\u00f1o<\/p>\n<p style=\"text-align: center;\"><em><strong>\u00a0y te das cuenta de qu\u00e9 crecen sin parar.<\/strong><\/em><\/p>\n<p><img loading=\"lazy\" decoding=\"async\" class=\"aligncenter \" src=\"https:\/\/lh3.googleusercontent.com\/y-GwgZkAGbyBdeRokAnHNrB6GjnHrJkaHqxjAfaqf4-BlV9vszHpoapuy1H5lor2EXt8H5MPDF4Pvp7dCQ6f0z6cPbltHIAVMy962bbZkLiRyBPpTgHcPFdJc416qPmlL0nq9uJR528MGQeM3eB3-hejEhgQKbS_Dy-qzLyPEIwpyh54TrjSe4C6oTZLH5-4nPtQR7Z9Es2h8_A_HtKbAnpBwbH522prDcfQCRp_R0ziYKGThl64qKx9iBax8tGHMV4fOpIeovxz26OtBtxEJIr1MwHiUfB09ortRW3oijaFiIiaY-H2s-LaABez-BGmfyljcpBPkRmjMlAb-62DNNUY35PYyitLkyEEzwiSHiIYMrS4eE36AfmW9W9w0jCsGL2DrmczpkW-idX3pEknYotQYnqVL9r7z9-7Zk-DCIoClgew19TlQR_i9wFWrop85PQRuuMoo0PWAMOUIjBjt-qE19ReDjr5uEKt6SUOYV0o87UIymQiZWOORXGZKRTmFz-uqHcObom3Oe-QsFLo18hrsdNlofQzURCYzRTl51odscEJpddipLDSGm7OvOYPx23JCyty8jstZZGElsdFA1A4x50mhNo0lMtLBRGY=w431-h764-no\" width=\"511\" height=\"908\" \/><\/p>\n<p style=\"text-align: center;\">El camino no es f\u00e1cil pero les ense\u00f1as a divertirse con sus curvas y saltando los obst\u00e1culos.<\/p>\n<p style=\"text-align: center;\"><em><strong>Muchas lecciones que calan<\/strong><\/em><\/p>\n<p><img loading=\"lazy\" decoding=\"async\" class=\"aligncenter size-medium\" src=\"https:\/\/lh3.googleusercontent.com\/4sHGgptxXG79pRC0c85BrT1J_qUiZNGMkiD5ZrOSgs_CjawjzVR0KSc7k-rXVz6GJsLgTs_ATDQrqH6LRMC4P0R06QCr1NNRHjOAeWa-6poSucB0dKjbLw03tq1Caq5KmRRzLFjp_m9jPndtuYKalZvRMaaBf9vDjVlXdvIO0XKS2nuDwv28sf2Qexryf_r9J5qqxvuz-l7-Md0hAYKgXYM0VbDbN7zJv_RK9xUR36o39NSW5YZVTF_n9shofzxGvmB6GLmPdtlOUNo86p1ytP_yse8qYXlDUwvC45wNlxtcGG0r9tEZkAeur4QT_xUA1soUqv9E35N0U7XOhWV9bTVujhGmUf4jLB_ehq8B8qGUljFSTpMB5C9HqpcRmZcxcRyr-xgiyCHkkGdBbWyNCeC0lcUgT2-ghS680CRTrB7V7rvwGJiCY-hlot_YMJbzqLwg3DfIhX2foLLfaPF7IVNLdiMJWgxziD0HTUmtYKmgWlqtDYlAUtQW8s8FAfvu4KegpEQ8greGS8G3brR_EZWCFld91_ZSXWPHKDKonMW-kZ-XR4WCYZd4Sd4NLox8qW7dFIc6ajLFjGGEZB96pdJrmxZ4yvGhJM-Q7h9t=s764-no\" width=\"764\" height=\"764\" \/><\/p>\n<p style=\"text-align: center;\">Compartes tus instantes porque se lo merece por lo mucho que te quieren.<\/p>\n<p style=\"text-align: center;\"><em><strong>Haz de cada d\u00eda, algo para recordar<\/strong><\/em><\/p>\n<p><img loading=\"lazy\" decoding=\"async\" class=\"aligncenter size-medium\" src=\"https:\/\/lh3.googleusercontent.com\/TmwLGLAPJFoosyKDZgymAwte-mlz8XDbMqU6pYehNSj9bvyB79nCiGUEupl9ZshqZLITEWTPHcV3lAIUlAeF2XkXJJpxWL8VuyzrBSmWuYVJPX6J8NuyMLw6dA0Ha3EBFKKE1ZeeiGhjbDHU7D5hP7sQsUBy8ipEFMBBQPfO5jvQOeO1jKAfFt_Q4exLL1kLyzvNaSq7Hng2fS4V6ChQu8rLRNEeVrjaGHyk0Wc0OXMYf4Kr49mkhn7FrN3AoxolLwPLPtVY2gFB_eumDNnWPqdmO2lTe9PauMLp076E9ezwViV4didA20AYqy7jRAZgcGi91RdH0RWCjbOoHBuT2jB25-oBXOf8HnMP03oFnkNy49sSeXPjUQny_7s8PP3dn0YPOc4DFPc6kGxvxmu8bSPzqwuC_AcH-Wbdx9KktJ896fhVgADCdayqQy07FveqbjglnJLOVzv6zTyPXNmGCm7JhganIbQKl4iLjV8SuBSxidG6dp-3lgFbzIszXBFFwuEhYz48PS6nqrElUrYw6-FV5OLpbANr8-2fuYE883dyO-yctUB-HolJNTF51XW5bpI8L2Y-IzZYtEM8ksbwlJh-HoCnA3n9MwAjcGoU=w1280-h720-no\" width=\"1280\" height=\"720\" \/><\/p>\n<p style=\"text-align: center;\">Descubres que el azul es uno de los\u00a0colores que en verano tiene m\u00e1s matices,<\/p>\n<p style=\"text-align: center;\"><em><strong>d\u00e9jales elegir el destino<\/strong><\/em><\/p>\n<p><img loading=\"lazy\" decoding=\"async\" class=\"aligncenter size-medium\" src=\"https:\/\/lh3.googleusercontent.com\/rgaxo8DysuioebEVaxu68cr49eCh-WTkXXT_fNdVyKtkiLLw2296D3feH6lTjP-RAcSstBmbj2ubXCVNccqC6oM6m57-Lyh7DVRfVql3Eo8ZSpsdQOwcA3wJFSKViocDCdKtPTWdyEupeaEXWgPo7cm2egCgYJJQ4-74QLIjldMfE4O7c2IxCYnYKQfoJhmrVPnMlAAcNHudoZEw3FNWNFoBCH6aItR7Lt0jzm1-hEvdUGkpbEaID37Edy3BD6Mca5VXAmjRa2I8z6yC2pIDmyCJqUOI_ALI2eDIXq2h3UKqaSrBWzk1fTS5NK3pzctgMbtrlyzWYsDYNxeZRTHpPG6CyRjG20JMoCWf4wRUYYU1SV6Jl-41IqxpaHlG4XlW7YyaTzHL4HONt8UaKwJnD3DE-VTFNHyYAVxiSbtGXS5xQHGz4egQ4SMAyEuK-bX3J_cebNH56YQOL25wvQ5OAIJKW_73tublh0OL3DGfVPchuyaJ1p4wRfJhCtwd-DdVBBF2skcuOEvu6O1CLWv2PqJwybgasHNsokTRbbkDVpvqsw1aX289t_j-d8iJPeI9WjvnaP871g5ssDLMxbw4rCAwB2cQEhjK8G1gQrxX=s764-no\" width=\"764\" height=\"764\" \/><\/p>\n<p style=\"text-align: center;\">Los veranos est\u00e1n hechos a su medida y a la nuestra<\/p>\n<p style=\"text-align: center;\"><em><strong>y son para disfrutarlos en familia<\/strong><\/em><\/p>\n<p><img loading=\"lazy\" decoding=\"async\" class=\"aligncenter size-medium\" src=\"https:\/\/lh3.googleusercontent.com\/g_3ZKlAWZzyL1AqO3bdV1L7ebYjpO30dHLme2Wp0ftBZVyT7OPrZBeoHu9Q2Y4zOhwqTAjiDub_oLanvPUox3Q3fkoaHsdgFyu5m9fgvwqzjEZyH5aE81O0ZCvR-ocPkahTzTlpUbdYPZaBiV9EmALnTi7h5x3fsOaWMHIvGmWvrs3V3-LMbkJOBREzw0FFBGzwhiD5pZoYE2EJ10e6pJ9bWLy2nvelgAZC-U_OdBVjtNe7jTomaRtTxhxQLQixA4vX_IKUBjtjKYhnf3Wvc1JNOYn125SWj0ZpFkoYhOzYcby11G8wayqH3IPOhC-clXIANHNDY4V4yPxUWB-C65vsUejSQwmWbixTZ16cxema8XyyZ_O_yqvdvdZoYmAfTfGdDxzDR-xZJvDnf62_1ONO3OsiBmGObiSKN0F-OLPFpzGqU2Z9be_GboTb26hs_I2LNKompk0dQcK1tCAHRrlctcKiK1KFuYmu6Kd2d3HC-1L90Sb6U6lcIWtC0a8UMlSFBeGnW7awybZD7VqgHPSueInDGvSeDquAcfQj8CeAHp6cBp8SleV_EIFccRBA8Dnj8SzjmQHNT0q2Jk9W6_ZWn2e8O6YLsH9s7_isy=w431-h764-no\" width=\"430\" height=\"764\" \/><\/p>\n<p style=\"text-align: center;\">No importa visitar de nuevo un sitio, siempre, siempre, se les muestra bien distinto.<\/p>\n<p style=\"text-align: center;\"><em><strong>No te preocupes tanto por el d\u00f3nde y disfruta m\u00e1s del c\u00f3mo<\/strong><\/em><\/p>\n<p><img loading=\"lazy\" decoding=\"async\" class=\"aligncenter size-medium\" src=\"https:\/\/lh3.googleusercontent.com\/hzBynGU_gps4ipnm-fdVZyaxIY2apDBmwmrSFqGO0rWeZMhVyEgNE0h3V4VQVDpmNx0hjO1zxFEzY7pwFC48u1mn58vXJN6spCfqjzRgzchysUktcwxBhi3LSwBcjx5tW158GSZpTi5tw2Sj6FDMb679Rr18_P2TJs8vgIOF49k-bZGnn1RCNacLknTptQImzYPL7u82Tf3Tp-fEnTiBIhcsonMiUZ49pbC6jdJ3NtvV0d0pKiWyrJ5DsHC4N5HjXyBPDr8Ck6gug8dJPnztulRoHDTEbkVJE24MKgF6SJOr2okT6Y3xbJ2t7htPwdNuBwr_HOOUaByic_b5Tm6JjNsuudsTxuVFA4G4WS-9h_bofNu4kJdoVD4iqdN2tFTmiULxr6iaVofK3jZIVg3BbjTyQxq4W-VSrLSfORhzMI0LCCXqXN3yF2BnalyR1cMhFHr0tDgA9Kvx5O39Otl3cAR3pe7YPPc7KLkiPbaTZ6ZLRwjVTDTy9vSWMkZurM3jKp8KT19oBMyle6-aLb-5K2VSH49HRVjrs4507DfM-IEaEsFPmJGcpIhONQmQb6CPbnbYeGbtriSGRZwqE1o12d-bS6ZH8IIQ0n8-Erta=s764-no\" width=\"764\" height=\"764\" \/><\/p>\n<p style=\"text-align: center;\">Crecer es una decisi\u00f3n que puede hacer realmente la diferencia\u00a0<span class=\"_5mfr _47e3\"><img loading=\"lazy\" decoding=\"async\" class=\"img\" role=\"presentation\" src=\"https:\/\/galiciamaxica.eu\/mini\/wp-content\/uploads\/2019\/10\/1f60d.png\" alt=\"\" width=\"16\" height=\"16\" \/><\/span>\u00a0La vida es hacernos\u00a0<span class=\"_5afx\"><span class=\"_58cl _5afz\" aria-label=\"hashtag\">#<\/span><span class=\"_58cm\">orgullosademisni\u00f1os<\/span><\/span><\/p>\n<p><img loading=\"lazy\" decoding=\"async\" class=\"aligncenter size-medium\" src=\"https:\/\/lh3.googleusercontent.com\/jtv0gn6ZF8NE0ZrHW10--VmExN7jugN-JbqNPfBif3GckZ-eR6JWb7Njz4hDVmvWnckdzmTOn-W9fNZn1zt_nVhy8i3xKS_Pu7idj_QrLluoFGtwVmMxPrhNFrkAY9YcgGwl-y_bPYw5pwlCwP69-T0NhaH-JSsDSpwl34SB97JXEmJ81cwEpK7dolZUseEzslfiP0BxRbdQnM8E6XFrERJprax2kqxkPHXMeR69SXGW56cyJi1ePZP2TwvVRaG56PNWYnXr8KQ9EfUCnFYTT9JMR9CG3Szl_HK3fo3KGNRYJW1Gc0dU6hAO4-rSh26F_DOz5HlJiHfEmHwaAIcyebTxg4O5PkoU50eU6k4WBq9gVA4wrI-l9H1gayWadBYL4Z0FmtT8Oq_yacPDQJObb6-AAvIyREl9d4TOq5fPADtTfjUbrFJRmS7BRFw7AshhJjnJDpGi7QSi56GMuC6UbRvNFym9eJSVRvfjNF-mBLCRBqXvJkNY8S5ubYOR6OerFFu0lNAxN0t1cP104CUuWVolK85oWY1R7diBH27R74nrJg4KVy4LOyHvgCFcXu6zeukw0CkCX8nhB8Gi9YcRb8pLqMx7tTZ5P6EhpjIj=w403-h714-no\" width=\"402\" height=\"714\" \/><\/p>\n<p>&nbsp;<\/p>\n","protected":false},"excerpt":{"rendered":"<p>\u00a0En Galicia contar las estrellas son los deberes Trasnochar en verano es casi obligado\u00a0 Peinar tus cabellos al sol o mejor dicho despeinarlos es una preciosa tarea Ser m\u00e1s naturales y no tan formales Las playas no tienen horario Ser m\u00e1s permisivos y disfrutar m\u00e1s del momento Abandonar lo que m\u00e1s te gusta un momento [&hellip;]<\/p>\n","protected":false},"author":1,"featured_media":9412,"comment_status":"open","ping_status":"closed","sticky":false,"template":"","format":"standard","meta":{"_eb_attr":"","site-sidebar-layout":"default","site-content-layout":"","ast-site-content-layout":"","site-content-style":"default","site-sidebar-style":"default","ast-global-header-display":"","ast-banner-title-visibility":"","ast-main-header-display":"","ast-hfb-above-header-display":"","ast-hfb-below-header-display":"","ast-hfb-mobile-header-display":"","site-post-title":"","ast-breadcrumbs-content":"","ast-featured-img":"","footer-sml-layout":"","theme-transparent-header-meta":"","adv-header-id-meta":"","stick-header-meta":"","header-above-stick-meta":"","header-main-stick-meta":"","header-below-stick-meta":"","astra-migrate-meta-layouts":"default","ast-page-background-enabled":"default","ast-page-background-meta":{"desktop":{"background-color":"","background-image":"","background-repeat":"repeat","background-position":"center center","background-size":"auto","background-attachment":"scroll","background-type":"","background-media":"","overlay-type":"","overlay-color":"","overlay-opacity":"","overlay-gradient":""},"tablet":{"background-color":"","background-image":"","background-repeat":"repeat","background-position":"center center","background-size":"auto","background-attachment":"scroll","background-type":"","background-media":"","overlay-type":"","overlay-color":"","overlay-opacity":"","overlay-gradient":""},"mobile":{"background-color":"","background-image":"","background-repeat":"repeat","background-position":"center center","background-size":"auto","background-attachment":"scroll","background-type":"","background-media":"","overlay-type":"","overlay-color":"","overlay-opacity":"","overlay-gradient":""}},"ast-content-background-meta":{"desktop":{"background-color":"var(--ast-global-color-5)","background-image":"","background-repeat":"repeat","background-position":"center center","background-size":"auto","background-attachment":"scroll","background-type":"","background-media":"","overlay-type":"","overlay-color":"","overlay-opacity":"","overlay-gradient":""},"tablet":{"background-color":"var(--ast-global-color-5)","background-image":"","background-repeat":"repeat","background-position":"center center","background-size":"auto","background-attachment":"scroll","background-type":"","background-media":"","overlay-type":"","overlay-color":"","overlay-opacity":"","overlay-gradient":""},"mobile":{"background-color":"var(--ast-global-color-5)","background-image":"","background-repeat":"repeat","background-position":"center center","background-size":"auto","background-attachment":"scroll","background-type":"","background-media":"","overlay-type":"","overlay-color":"","overlay-opacity":"","overlay-gradient":""}},"footnotes":""},"categories":[1],"tags":[25,303],"class_list":["post-9409","post","type-post","status-publish","format-standard","has-post-thumbnail","hentry","category-familia","tag-galicia","tag-verano"],"yoast_head":"<!-- This site is optimized with the Yoast SEO plugin v24.9 - https:\/\/yoast.com\/wordpress\/plugins\/seo\/ -->\n<title>Veranos en Galicia. Veranos que cuentan - Galicia con ni\u00f1os | GALICIA M\u00c1XICA<\/title>\n<meta name=\"description\" content=\"Galicia\" \/>\n<meta name=\"robots\" content=\"index, follow, max-snippet:-1, max-image-preview:large, max-video-preview:-1\" \/>\n<link rel=\"canonical\" href=\"https:\/\/www.galiciamaxica.eu\/mini\/veranos-en-galicia-veranos-que-cuentan\/\" \/>\n<meta property=\"og:locale\" content=\"es_ES\" \/>\n<meta property=\"og:type\" content=\"article\" \/>\n<meta property=\"og:title\" content=\"Veranos en Galicia. Veranos que cuentan - Galicia con ni\u00f1os | GALICIA M\u00c1XICA\" \/>\n<meta property=\"og:description\" content=\"Galicia\" \/>\n<meta property=\"og:url\" content=\"https:\/\/www.galiciamaxica.eu\/mini\/veranos-en-galicia-veranos-que-cuentan\/\" \/>\n<meta property=\"og:site_name\" content=\"Galicia con ni\u00f1os | GALICIA M\u00c1XICA\" \/>\n<meta property=\"article:publisher\" content=\"https:\/\/www.facebook.com\/maria.rodriguezserantes\" \/>\n<meta property=\"article:author\" content=\"https:\/\/www.facebook.com\/maria.rodriguezserantes\" \/>\n<meta property=\"article:published_time\" content=\"2018-08-19T16:02:35+00:00\" \/>\n<meta property=\"article:modified_time\" content=\"2019-10-07T17:38:13+00:00\" \/>\n<meta property=\"og:image\" content=\"https:\/\/www.galiciamaxica.eu\/mini\/wp-content\/uploads\/2018\/08\/pasatempo50.jpg\" \/>\n\t<meta property=\"og:image:width\" content=\"960\" \/>\n\t<meta property=\"og:image:height\" content=\"600\" \/>\n\t<meta property=\"og:image:type\" content=\"image\/jpeg\" \/>\n<meta name=\"author\" content=\"seseixa\" \/>\n<meta name=\"twitter:card\" content=\"summary_large_image\" \/>\n<meta name=\"twitter:creator\" content=\"@seseixa\" \/>\n<meta name=\"twitter:site\" content=\"@seseixa\" \/>\n<meta name=\"twitter:label1\" content=\"Escrito por\" \/>\n\t<meta name=\"twitter:data1\" content=\"seseixa\" \/>\n\t<meta name=\"twitter:label2\" content=\"Tiempo de lectura\" \/>\n\t<meta name=\"twitter:data2\" content=\"1 minuto\" \/>\n<script type=\"application\/ld+json\" class=\"yoast-schema-graph\">{\"@context\":\"https:\/\/schema.org\",\"@graph\":[{\"@type\":\"Article\",\"@id\":\"https:\/\/www.galiciamaxica.eu\/mini\/veranos-en-galicia-veranos-que-cuentan\/#article\",\"isPartOf\":{\"@id\":\"https:\/\/www.galiciamaxica.eu\/mini\/veranos-en-galicia-veranos-que-cuentan\/\"},\"author\":{\"name\":\"seseixa\",\"@id\":\"https:\/\/www.galiciamaxica.eu\/mini\/#\/schema\/person\/2b284fe2fd911000a48d2e8936300179\"},\"headline\":\"Veranos en Galicia. Veranos que cuentan\",\"datePublished\":\"2018-08-19T16:02:35+00:00\",\"dateModified\":\"2019-10-07T17:38:13+00:00\",\"mainEntityOfPage\":{\"@id\":\"https:\/\/www.galiciamaxica.eu\/mini\/veranos-en-galicia-veranos-que-cuentan\/\"},\"wordCount\":302,\"commentCount\":0,\"publisher\":{\"@id\":\"https:\/\/www.galiciamaxica.eu\/mini\/#\/schema\/person\/2b284fe2fd911000a48d2e8936300179\"},\"image\":{\"@id\":\"https:\/\/www.galiciamaxica.eu\/mini\/veranos-en-galicia-veranos-que-cuentan\/#primaryimage\"},\"thumbnailUrl\":\"https:\/\/www.galiciamaxica.eu\/mini\/wp-content\/uploads\/2018\/08\/pasatempo50.jpg\",\"keywords\":[\"Galicia\",\"VERANO\"],\"articleSection\":[\"FAMILIA\"],\"inLanguage\":\"es\",\"potentialAction\":[{\"@type\":\"CommentAction\",\"name\":\"Comment\",\"target\":[\"https:\/\/www.galiciamaxica.eu\/mini\/veranos-en-galicia-veranos-que-cuentan\/#respond\"]}]},{\"@type\":\"WebPage\",\"@id\":\"https:\/\/www.galiciamaxica.eu\/mini\/veranos-en-galicia-veranos-que-cuentan\/\",\"url\":\"https:\/\/www.galiciamaxica.eu\/mini\/veranos-en-galicia-veranos-que-cuentan\/\",\"name\":\"Veranos en Galicia. Veranos que cuentan - Galicia con ni\u00f1os | GALICIA M\u00c1XICA\",\"isPartOf\":{\"@id\":\"https:\/\/www.galiciamaxica.eu\/mini\/#website\"},\"primaryImageOfPage\":{\"@id\":\"https:\/\/www.galiciamaxica.eu\/mini\/veranos-en-galicia-veranos-que-cuentan\/#primaryimage\"},\"image\":{\"@id\":\"https:\/\/www.galiciamaxica.eu\/mini\/veranos-en-galicia-veranos-que-cuentan\/#primaryimage\"},\"thumbnailUrl\":\"https:\/\/www.galiciamaxica.eu\/mini\/wp-content\/uploads\/2018\/08\/pasatempo50.jpg\",\"datePublished\":\"2018-08-19T16:02:35+00:00\",\"dateModified\":\"2019-10-07T17:38:13+00:00\",\"description\":\"Galicia\",\"breadcrumb\":{\"@id\":\"https:\/\/www.galiciamaxica.eu\/mini\/veranos-en-galicia-veranos-que-cuentan\/#breadcrumb\"},\"inLanguage\":\"es\",\"potentialAction\":[{\"@type\":\"ReadAction\",\"target\":[\"https:\/\/www.galiciamaxica.eu\/mini\/veranos-en-galicia-veranos-que-cuentan\/\"]}]},{\"@type\":\"ImageObject\",\"inLanguage\":\"es\",\"@id\":\"https:\/\/www.galiciamaxica.eu\/mini\/veranos-en-galicia-veranos-que-cuentan\/#primaryimage\",\"url\":\"https:\/\/www.galiciamaxica.eu\/mini\/wp-content\/uploads\/2018\/08\/pasatempo50.jpg\",\"contentUrl\":\"https:\/\/www.galiciamaxica.eu\/mini\/wp-content\/uploads\/2018\/08\/pasatempo50.jpg\",\"width\":960,\"height\":600,\"caption\":\"tyecDX8b8XcB2Dn4wDKlnhl5NBr_nSjT1HrmcLyKgerKsqteqHuOUpMRafAJcOaAXkP_UQC0vxU2Um8bXBuSVgRrqtpj4LMBPZjbmVbr_E28twESc0lP-IwL97e4IenX-4oQgvLhNmwEr-o_-Gjj3y8kAuwR6MXCAphTPVAeVvWsy7Ph0N80TCN3c0q9Tm-lI9DVRE18TZAl7xQV-f4L-QBjRxsLZRXeqkMabK_YyXgHuZzquHvqG8QVvaYlGIFzyxjqXF6hn5I9kXHhWeJYtey9BKR7KEfHr-RWEz9-aK1-tTFdZLjYwIebPxCvZ8I5M5v9iJFus4C-XprLXmorWl9JCIg7Th8LsohTEVsPtcuDsKWRjAzYoBNrQBJICDcYjemEAFCkIY3euHimZg7QwKKXqN3PrVXJ99ADjLoYddNzt25OjO-UtasEijwxsCMU9Tcu7k7dD3zLk_7RZYr_l8YxVCPgChdPf2Y74Jje8XDHMWMuPIaj4OAcE_-QWprKXSR1Y8JVesgsRI1AUDLwEjRpPK4nFPNU3dAzk7enDnMY9I5cNkS8D-79RI0ctPVlxTFxF4zDT2vU-lZe_4tu7w3_WrxdolF3JWU5WjzS=w612-h7\"},{\"@type\":\"BreadcrumbList\",\"@id\":\"https:\/\/www.galiciamaxica.eu\/mini\/veranos-en-galicia-veranos-que-cuentan\/#breadcrumb\",\"itemListElement\":[{\"@type\":\"ListItem\",\"position\":1,\"name\":\"Portada\",\"item\":\"https:\/\/www.galiciamaxica.eu\/mini\/\"},{\"@type\":\"ListItem\",\"position\":2,\"name\":\"Veranos en Galicia. Veranos que cuentan\"}]},{\"@type\":\"WebSite\",\"@id\":\"https:\/\/www.galiciamaxica.eu\/mini\/#website\",\"url\":\"https:\/\/www.galiciamaxica.eu\/mini\/\",\"name\":\"Galicia con ni\u00f1os | GALICIA M\u00c1XICA\",\"description\":\"Qu\u00e9 hacer con ni\u00f1os en Galicia\",\"publisher\":{\"@id\":\"https:\/\/www.galiciamaxica.eu\/mini\/#\/schema\/person\/2b284fe2fd911000a48d2e8936300179\"},\"potentialAction\":[{\"@type\":\"SearchAction\",\"target\":{\"@type\":\"EntryPoint\",\"urlTemplate\":\"https:\/\/www.galiciamaxica.eu\/mini\/?s={search_term_string}\"},\"query-input\":{\"@type\":\"PropertyValueSpecification\",\"valueRequired\":true,\"valueName\":\"search_term_string\"}}],\"inLanguage\":\"es\"},{\"@type\":[\"Person\",\"Organization\"],\"@id\":\"https:\/\/www.galiciamaxica.eu\/mini\/#\/schema\/person\/2b284fe2fd911000a48d2e8936300179\",\"name\":\"seseixa\",\"image\":{\"@type\":\"ImageObject\",\"inLanguage\":\"es\",\"@id\":\"https:\/\/www.galiciamaxica.eu\/mini\/#\/schema\/person\/image\/\",\"url\":\"https:\/\/www.galiciamaxica.eu\/mini\/wp-content\/uploads\/2019\/02\/seseixa.png\",\"contentUrl\":\"https:\/\/www.galiciamaxica.eu\/mini\/wp-content\/uploads\/2019\/02\/seseixa.png\",\"width\":100,\"height\":100,\"caption\":\"seseixa\"},\"logo\":{\"@id\":\"https:\/\/www.galiciamaxica.eu\/mini\/#\/schema\/person\/image\/\"},\"description\":\"En la actualidad combinando dos proyectos que me apasionan, Galicia y los ni\u00f1os. Tengo mucho que aportar y otro tanto que aprender, as\u00ed como, el tiempo y el coraz\u00f3n, dividido en todo momento. Soy mam\u00e1, un titulo otorgado a tiempo completo, compa\u00f1era y amiga, a todas horas, familiar y cercana, siempre. De esp\u00edritu inquieto, soy una eterna ni\u00f1a que juega en el pa\u00eds de las maravillas. Una enamorada de mi tierra, por la que trabajo sin descanso. Creo en la infancia como motor que cambiar\u00e1 el mundo a mejor y busco en mi vida la felicidad como estado permanente porque s\u00f3lo se vive una vez.\",\"sameAs\":[\"http:\/\/mini.galiciamaxica.eu\/\",\"https:\/\/www.facebook.com\/maria.rodriguezserantes\",\"https:\/\/x.com\/seseixa\"],\"url\":\"https:\/\/www.galiciamaxica.eu\/mini\/author\/seseixa\/\"}]}<\/script>\n<!-- \/ Yoast SEO plugin. -->","yoast_head_json":{"title":"Veranos en Galicia. Veranos que cuentan - Galicia con ni\u00f1os | GALICIA M\u00c1XICA","description":"Galicia","robots":{"index":"index","follow":"follow","max-snippet":"max-snippet:-1","max-image-preview":"max-image-preview:large","max-video-preview":"max-video-preview:-1"},"canonical":"https:\/\/www.galiciamaxica.eu\/mini\/veranos-en-galicia-veranos-que-cuentan\/","og_locale":"es_ES","og_type":"article","og_title":"Veranos en Galicia. Veranos que cuentan - Galicia con ni\u00f1os | GALICIA M\u00c1XICA","og_description":"Galicia","og_url":"https:\/\/www.galiciamaxica.eu\/mini\/veranos-en-galicia-veranos-que-cuentan\/","og_site_name":"Galicia con ni\u00f1os | GALICIA M\u00c1XICA","article_publisher":"https:\/\/www.facebook.com\/maria.rodriguezserantes","article_author":"https:\/\/www.facebook.com\/maria.rodriguezserantes","article_published_time":"2018-08-19T16:02:35+00:00","article_modified_time":"2019-10-07T17:38:13+00:00","og_image":[{"width":960,"height":600,"url":"https:\/\/www.galiciamaxica.eu\/mini\/wp-content\/uploads\/2018\/08\/pasatempo50.jpg","type":"image\/jpeg"}],"author":"seseixa","twitter_card":"summary_large_image","twitter_creator":"@seseixa","twitter_site":"@seseixa","twitter_misc":{"Escrito por":"seseixa","Tiempo de lectura":"1 minuto"},"schema":{"@context":"https:\/\/schema.org","@graph":[{"@type":"Article","@id":"https:\/\/www.galiciamaxica.eu\/mini\/veranos-en-galicia-veranos-que-cuentan\/#article","isPartOf":{"@id":"https:\/\/www.galiciamaxica.eu\/mini\/veranos-en-galicia-veranos-que-cuentan\/"},"author":{"name":"seseixa","@id":"https:\/\/www.galiciamaxica.eu\/mini\/#\/schema\/person\/2b284fe2fd911000a48d2e8936300179"},"headline":"Veranos en Galicia. Veranos que cuentan","datePublished":"2018-08-19T16:02:35+00:00","dateModified":"2019-10-07T17:38:13+00:00","mainEntityOfPage":{"@id":"https:\/\/www.galiciamaxica.eu\/mini\/veranos-en-galicia-veranos-que-cuentan\/"},"wordCount":302,"commentCount":0,"publisher":{"@id":"https:\/\/www.galiciamaxica.eu\/mini\/#\/schema\/person\/2b284fe2fd911000a48d2e8936300179"},"image":{"@id":"https:\/\/www.galiciamaxica.eu\/mini\/veranos-en-galicia-veranos-que-cuentan\/#primaryimage"},"thumbnailUrl":"https:\/\/www.galiciamaxica.eu\/mini\/wp-content\/uploads\/2018\/08\/pasatempo50.jpg","keywords":["Galicia","VERANO"],"articleSection":["FAMILIA"],"inLanguage":"es","potentialAction":[{"@type":"CommentAction","name":"Comment","target":["https:\/\/www.galiciamaxica.eu\/mini\/veranos-en-galicia-veranos-que-cuentan\/#respond"]}]},{"@type":"WebPage","@id":"https:\/\/www.galiciamaxica.eu\/mini\/veranos-en-galicia-veranos-que-cuentan\/","url":"https:\/\/www.galiciamaxica.eu\/mini\/veranos-en-galicia-veranos-que-cuentan\/","name":"Veranos en Galicia. Veranos que cuentan - Galicia con ni\u00f1os | GALICIA M\u00c1XICA","isPartOf":{"@id":"https:\/\/www.galiciamaxica.eu\/mini\/#website"},"primaryImageOfPage":{"@id":"https:\/\/www.galiciamaxica.eu\/mini\/veranos-en-galicia-veranos-que-cuentan\/#primaryimage"},"image":{"@id":"https:\/\/www.galiciamaxica.eu\/mini\/veranos-en-galicia-veranos-que-cuentan\/#primaryimage"},"thumbnailUrl":"https:\/\/www.galiciamaxica.eu\/mini\/wp-content\/uploads\/2018\/08\/pasatempo50.jpg","datePublished":"2018-08-19T16:02:35+00:00","dateModified":"2019-10-07T17:38:13+00:00","description":"Galicia","breadcrumb":{"@id":"https:\/\/www.galiciamaxica.eu\/mini\/veranos-en-galicia-veranos-que-cuentan\/#breadcrumb"},"inLanguage":"es","potentialAction":[{"@type":"ReadAction","target":["https:\/\/www.galiciamaxica.eu\/mini\/veranos-en-galicia-veranos-que-cuentan\/"]}]},{"@type":"ImageObject","inLanguage":"es","@id":"https:\/\/www.galiciamaxica.eu\/mini\/veranos-en-galicia-veranos-que-cuentan\/#primaryimage","url":"https:\/\/www.galiciamaxica.eu\/mini\/wp-content\/uploads\/2018\/08\/pasatempo50.jpg","contentUrl":"https:\/\/www.galiciamaxica.eu\/mini\/wp-content\/uploads\/2018\/08\/pasatempo50.jpg","width":960,"height":600,"caption":"tyecDX8b8XcB2Dn4wDKlnhl5NBr_nSjT1HrmcLyKgerKsqteqHuOUpMRafAJcOaAXkP_UQC0vxU2Um8bXBuSVgRrqtpj4LMBPZjbmVbr_E28twESc0lP-IwL97e4IenX-4oQgvLhNmwEr-o_-Gjj3y8kAuwR6MXCAphTPVAeVvWsy7Ph0N80TCN3c0q9Tm-lI9DVRE18TZAl7xQV-f4L-QBjRxsLZRXeqkMabK_YyXgHuZzquHvqG8QVvaYlGIFzyxjqXF6hn5I9kXHhWeJYtey9BKR7KEfHr-RWEz9-aK1-tTFdZLjYwIebPxCvZ8I5M5v9iJFus4C-XprLXmorWl9JCIg7Th8LsohTEVsPtcuDsKWRjAzYoBNrQBJICDcYjemEAFCkIY3euHimZg7QwKKXqN3PrVXJ99ADjLoYddNzt25OjO-UtasEijwxsCMU9Tcu7k7dD3zLk_7RZYr_l8YxVCPgChdPf2Y74Jje8XDHMWMuPIaj4OAcE_-QWprKXSR1Y8JVesgsRI1AUDLwEjRpPK4nFPNU3dAzk7enDnMY9I5cNkS8D-79RI0ctPVlxTFxF4zDT2vU-lZe_4tu7w3_WrxdolF3JWU5WjzS=w612-h7"},{"@type":"BreadcrumbList","@id":"https:\/\/www.galiciamaxica.eu\/mini\/veranos-en-galicia-veranos-que-cuentan\/#breadcrumb","itemListElement":[{"@type":"ListItem","position":1,"name":"Portada","item":"https:\/\/www.galiciamaxica.eu\/mini\/"},{"@type":"ListItem","position":2,"name":"Veranos en Galicia. Veranos que cuentan"}]},{"@type":"WebSite","@id":"https:\/\/www.galiciamaxica.eu\/mini\/#website","url":"https:\/\/www.galiciamaxica.eu\/mini\/","name":"Galicia con ni\u00f1os | GALICIA M\u00c1XICA","description":"Qu\u00e9 hacer con ni\u00f1os en Galicia","publisher":{"@id":"https:\/\/www.galiciamaxica.eu\/mini\/#\/schema\/person\/2b284fe2fd911000a48d2e8936300179"},"potentialAction":[{"@type":"SearchAction","target":{"@type":"EntryPoint","urlTemplate":"https:\/\/www.galiciamaxica.eu\/mini\/?s={search_term_string}"},"query-input":{"@type":"PropertyValueSpecification","valueRequired":true,"valueName":"search_term_string"}}],"inLanguage":"es"},{"@type":["Person","Organization"],"@id":"https:\/\/www.galiciamaxica.eu\/mini\/#\/schema\/person\/2b284fe2fd911000a48d2e8936300179","name":"seseixa","image":{"@type":"ImageObject","inLanguage":"es","@id":"https:\/\/www.galiciamaxica.eu\/mini\/#\/schema\/person\/image\/","url":"https:\/\/www.galiciamaxica.eu\/mini\/wp-content\/uploads\/2019\/02\/seseixa.png","contentUrl":"https:\/\/www.galiciamaxica.eu\/mini\/wp-content\/uploads\/2019\/02\/seseixa.png","width":100,"height":100,"caption":"seseixa"},"logo":{"@id":"https:\/\/www.galiciamaxica.eu\/mini\/#\/schema\/person\/image\/"},"description":"En la actualidad combinando dos proyectos que me apasionan, Galicia y los ni\u00f1os. Tengo mucho que aportar y otro tanto que aprender, as\u00ed como, el tiempo y el coraz\u00f3n, dividido en todo momento. Soy mam\u00e1, un titulo otorgado a tiempo completo, compa\u00f1era y amiga, a todas horas, familiar y cercana, siempre. De esp\u00edritu inquieto, soy una eterna ni\u00f1a que juega en el pa\u00eds de las maravillas. Una enamorada de mi tierra, por la que trabajo sin descanso. Creo en la infancia como motor que cambiar\u00e1 el mundo a mejor y busco en mi vida la felicidad como estado permanente porque s\u00f3lo se vive una vez.","sameAs":["http:\/\/mini.galiciamaxica.eu\/","https:\/\/www.facebook.com\/maria.rodriguezserantes","https:\/\/x.com\/seseixa"],"url":"https:\/\/www.galiciamaxica.eu\/mini\/author\/seseixa\/"}]}},"amp_enabled":true,"post_mailing_queue_ids":[],"_links":{"self":[{"href":"https:\/\/www.galiciamaxica.eu\/mini\/wp-json\/wp\/v2\/posts\/9409"}],"collection":[{"href":"https:\/\/www.galiciamaxica.eu\/mini\/wp-json\/wp\/v2\/posts"}],"about":[{"href":"https:\/\/www.galiciamaxica.eu\/mini\/wp-json\/wp\/v2\/types\/post"}],"author":[{"embeddable":true,"href":"https:\/\/www.galiciamaxica.eu\/mini\/wp-json\/wp\/v2\/users\/1"}],"replies":[{"embeddable":true,"href":"https:\/\/www.galiciamaxica.eu\/mini\/wp-json\/wp\/v2\/comments?post=9409"}],"version-history":[{"count":0,"href":"https:\/\/www.galiciamaxica.eu\/mini\/wp-json\/wp\/v2\/posts\/9409\/revisions"}],"wp:featuredmedia":[{"embeddable":true,"href":"https:\/\/www.galiciamaxica.eu\/mini\/wp-json\/wp\/v2\/media\/9412"}],"wp:attachment":[{"href":"https:\/\/www.galiciamaxica.eu\/mini\/wp-json\/wp\/v2\/media?parent=9409"}],"wp:term":[{"taxonomy":"category","embeddable":true,"href":"https:\/\/www.galiciamaxica.eu\/mini\/wp-json\/wp\/v2\/categories?post=9409"},{"taxonomy":"post_tag","embeddable":true,"href":"https:\/\/www.galiciamaxica.eu\/mini\/wp-json\/wp\/v2\/tags?post=9409"}],"curies":[{"name":"wp","href":"https:\/\/api.w.org\/{rel}","templated":true}]}}