{"id":9211,"date":"2018-07-04T18:37:19","date_gmt":"2018-07-04T16:37:19","guid":{"rendered":"http:\/\/www.galiciamaxica.eu\/mini\/?p=9211"},"modified":"2024-08-13T19:23:43","modified_gmt":"2024-08-13T17:23:43","slug":"vacaciones-vacaciones","status":"publish","type":"post","link":"https:\/\/www.galiciamaxica.eu\/mini\/vacaciones-vacaciones\/","title":{"rendered":"Vacaciones, vacaciones&#8230;."},"content":{"rendered":"<p>Es tiempo \u00abde lecer\u00bb, nunca mejor nombrado, para algunos m\u00e1s \u00ablecer\u00bb que para otros. Surge a todas horas \u00bfel qu\u00e9 hacemos? y es ahora cuando no manda tanto como el a d\u00f3nde. Y el a d\u00f3nde, lo tenemos ya controlado \u00bfverdad?.<\/p>\n<p style=\"text-align: center;\"><iframe src=\"https:\/\/www.google.com\/maps\/d\/embed?mid=1uOYQfUyq8QuWqNyW8p2UfqI0lbo\" width=\"640\" height=\"480\"><\/iframe><\/p>\n<h2>Vacaciones,<\/h2>\n<p>La mejor \u00e9poca del a\u00f1o para dejarse llevar pero a veces ese dejarse llevar, nos lleva a pocos sitios y nos trae pronto de vuelta y<strong> \u00bfpor qu\u00e9?<\/strong> pues creo que una de las razones para el regreso forzado es que esperamos tant\u00edsimo \u00abde todo\u00bb que nada nos llega.<\/p>\n<p style=\"text-align: center;\"><iframe src=\"https:\/\/www.youtube.com\/embed\/0243Z0YXPpY?start=10\" width=\"760\" height=\"515\" frameborder=\"0\" allowfullscreen=\"allowfullscreen\"><\/iframe><\/p>\n<h2>Queremos<\/h2>\n<p>Un diez en todo lo que hacemos y no disfrutamos del aprobado como se merece, queremos ser los mejores payasos sin preocuparnos por su risa, queremos ser los mejores\u00a0gu\u00edas utilizando nuestra iniciaci\u00f3n sin m\u00e9ritos&#8230;<\/p>\n<p><img fetchpriority=\"high\" decoding=\"async\" class=\"aligncenter size-medium\" src=\"https:\/\/galiciamaxica.eu\/mini\/wp-content\/uploads\/2019\/10\/img_5d9af390b6025.jpg\" width=\"1023\" height=\"767\" \/><\/p>\n<h2>Creemos<\/h2>\n<p>ser los mejores promotores tur\u00edsticos deseando que se haga lo que tenemos previsto sin contratiempo, sin descanso, ni reproches \ud83d\ude09 y la vida es cambiante en el fondo y en nuestras formas.<\/p>\n<p><img decoding=\"async\" class=\"aligncenter size-medium\" src=\"https:\/\/galiciamaxica.eu\/mini\/wp-content\/uploads\/2019\/10\/img_5d9af3920a3e4.jpg\" width=\"1151\" height=\"767\" \/><\/p>\n<h2>No olvides que<\/h2>\n<p>debemos tener la reacci\u00f3n necesaria para saber cuando cambiar el rumbo. \u00abSe aburren\u00bb, \u00abNo les gustan lo que estamos haciendo\u00bb, \u00abse lo pasan mal\u00bb&#8230; cambia, igual no falla el sitio est\u00e1s fallando t\u00fa.<\/p>\n<p><img decoding=\"async\" class=\"aligncenter size-medium\" src=\"https:\/\/galiciamaxica.eu\/mini\/wp-content\/uploads\/2019\/10\/img_5d9af393c4dc5.jpg\" width=\"1150\" height=\"767\" \/><\/p>\n<h2>Recuerda que<\/h2>\n<p>Los ni\u00f1os llevan un ritmo diferente, m\u00e1s armonioso y a veces nos olvidamos de acompa\u00f1arlo y nos emperramos en imponer el nuestro, un ritmo fren\u00e9tico tan dif\u00edcil de seguir.<\/p>\n<p><img loading=\"lazy\" decoding=\"async\" class=\"aligncenter size-medium\" src=\"https:\/\/galiciamaxica.eu\/mini\/wp-content\/uploads\/2019\/10\/img_5d9af39520d93.jpg\" width=\"1150\" height=\"767\" \/><\/p>\n<h2>Lo mejor<\/h2>\n<p>dejar de ser tan exigentes con el \u00bfse lo pasar\u00e1n bien? porque no hace m\u00e1s que cortar las alas a el \u00abno os lo pasamos genial\u00bb.<\/p>\n<p><img loading=\"lazy\" decoding=\"async\" class=\"aligncenter size-medium\" src=\"https:\/\/galiciamaxica.eu\/mini\/wp-content\/uploads\/2019\/10\/img_5d9af396e1391.jpg\" width=\"1151\" height=\"767\" \/><\/p>\n<h2>Ten claro que<\/h2>\n<p>no somos los mejores payasos pero si los mejores animadores, no somos gu\u00edas pero si los mejores acompa\u00f1antes, y sobre todo somos el gur\u00fa de su tiempo libre.<\/p>\n<p><img loading=\"lazy\" decoding=\"async\" class=\"aligncenter size-medium\" src=\"https:\/\/galiciamaxica.eu\/mini\/wp-content\/uploads\/2019\/10\/img_5d9af3985b8f0.jpg\" width=\"1150\" height=\"767\" \/><\/p>\n<h2>Este verano<\/h2>\n<p>va a ser el punto de partida para un despacito pautado entre todos, s\u00ed entre todos, con un primero el abecedario y luego saltar corriendo a leer entre lineas.<\/p>\n<p><img loading=\"lazy\" decoding=\"async\" class=\"aligncenter size-medium\" src=\"https:\/\/galiciamaxica.eu\/mini\/wp-content\/uploads\/2019\/10\/img_5d9af399d0c29.jpg\" width=\"1024\" height=\"683\" \/><\/p>\n<h2>No esperes<\/h2>\n<p>que todo sea perfecto, lo imperfecto es maravilloso si sabemos sacarle el m\u00e1ximo partido.<\/p>\n<p><img loading=\"lazy\" decoding=\"async\" class=\"aligncenter size-medium\" src=\"https:\/\/galiciamaxica.eu\/mini\/wp-content\/uploads\/2019\/10\/img_5d9af39ce0b55.jpg\" width=\"1150\" height=\"767\" \/><\/p>\n<h2>Disfruta<\/h2>\n<p>de su me aburro con un as en la manga improvisado que se llama cari\u00f1o, de un nos vamos con me quiero quedar porque\u00a0 las herramientas para saber sacarle al tiempo todo su jugo est\u00e1n en nuestra mano.<\/p>\n<h2 style=\"text-align: center;\">El AS de las rutas en familia \ud83d\ude09 no te quedes sin \u00e9l<\/h2>\n<p><img loading=\"lazy\" decoding=\"async\" class=\"wp-image-9071 size-large aligncenter\" src=\"http:\/\/www.galiciamaxica.eu\/mini\/wp-content\/uploads\/2018\/06\/9788494832154-1-768x1024.jpg\" alt=\"\" width=\"768\" height=\"1024\" srcset=\"https:\/\/www.galiciamaxica.eu\/mini\/wp-content\/uploads\/2018\/06\/9788494832154-1-768x1024.jpg 768w, https:\/\/www.galiciamaxica.eu\/mini\/wp-content\/uploads\/2018\/06\/9788494832154-1-225x300.jpg 225w, https:\/\/www.galiciamaxica.eu\/mini\/wp-content\/uploads\/2018\/06\/9788494832154-1.jpg 708w\" sizes=\"(max-width: 768px) 100vw, 768px\" \/><\/p>\n","protected":false},"excerpt":{"rendered":"<p>Es tiempo \u00abde lecer\u00bb, nunca mejor nombrado, para algunos m\u00e1s \u00ablecer\u00bb que para otros. Surge a todas horas \u00bfel qu\u00e9 hacemos? y es ahora cuando no manda tanto como el a d\u00f3nde. Y el a d\u00f3nde, lo tenemos ya controlado \u00bfverdad?. Vacaciones, La mejor \u00e9poca del a\u00f1o para dejarse llevar pero a veces ese dejarse [&hellip;]<\/p>\n","protected":false},"author":1,"featured_media":9222,"comment_status":"open","ping_status":"closed","sticky":false,"template":"","format":"standard","meta":{"_eb_attr":"","site-sidebar-layout":"default","site-content-layout":"","ast-site-content-layout":"","site-content-style":"default","site-sidebar-style":"default","ast-global-header-display":"","ast-banner-title-visibility":"","ast-main-header-display":"","ast-hfb-above-header-display":"","ast-hfb-below-header-display":"","ast-hfb-mobile-header-display":"","site-post-title":"","ast-breadcrumbs-content":"","ast-featured-img":"","footer-sml-layout":"","theme-transparent-header-meta":"","adv-header-id-meta":"","stick-header-meta":"","header-above-stick-meta":"","header-main-stick-meta":"","header-below-stick-meta":"","astra-migrate-meta-layouts":"default","ast-page-background-enabled":"default","ast-page-background-meta":{"desktop":{"background-color":"","background-image":"","background-repeat":"repeat","background-position":"center center","background-size":"auto","background-attachment":"scroll","background-type":"","background-media":"","overlay-type":"","overlay-color":"","overlay-opacity":"","overlay-gradient":""},"tablet":{"background-color":"","background-image":"","background-repeat":"repeat","background-position":"center center","background-size":"auto","background-attachment":"scroll","background-type":"","background-media":"","overlay-type":"","overlay-color":"","overlay-opacity":"","overlay-gradient":""},"mobile":{"background-color":"","background-image":"","background-repeat":"repeat","background-position":"center center","background-size":"auto","background-attachment":"scroll","background-type":"","background-media":"","overlay-type":"","overlay-color":"","overlay-opacity":"","overlay-gradient":""}},"ast-content-background-meta":{"desktop":{"background-color":"var(--ast-global-color-5)","background-image":"","background-repeat":"repeat","background-position":"center center","background-size":"auto","background-attachment":"scroll","background-type":"","background-media":"","overlay-type":"","overlay-color":"","overlay-opacity":"","overlay-gradient":""},"tablet":{"background-color":"var(--ast-global-color-5)","background-image":"","background-repeat":"repeat","background-position":"center center","background-size":"auto","background-attachment":"scroll","background-type":"","background-media":"","overlay-type":"","overlay-color":"","overlay-opacity":"","overlay-gradient":""},"mobile":{"background-color":"var(--ast-global-color-5)","background-image":"","background-repeat":"repeat","background-position":"center center","background-size":"auto","background-attachment":"scroll","background-type":"","background-media":"","overlay-type":"","overlay-color":"","overlay-opacity":"","overlay-gradient":""}},"footnotes":""},"categories":[1],"tags":[7],"class_list":["post-9211","post","type-post","status-publish","format-standard","has-post-thumbnail","hentry","category-familia","tag-vacaciones"],"yoast_head":"<!-- This site is optimized with the Yoast SEO plugin v24.9 - https:\/\/yoast.com\/wordpress\/plugins\/seo\/ -->\n<title>Vacaciones, vacaciones.... - Galicia con ni\u00f1os | GALICIA M\u00c1XICA<\/title>\n<meta name=\"description\" content=\"VACACIONES\" \/>\n<meta name=\"robots\" content=\"index, follow, max-snippet:-1, max-image-preview:large, max-video-preview:-1\" \/>\n<link rel=\"canonical\" href=\"https:\/\/www.galiciamaxica.eu\/mini\/vacaciones-vacaciones\/\" \/>\n<meta property=\"og:locale\" content=\"es_ES\" \/>\n<meta property=\"og:type\" content=\"article\" \/>\n<meta property=\"og:title\" content=\"Vacaciones, vacaciones.... - Galicia con ni\u00f1os | GALICIA M\u00c1XICA\" \/>\n<meta property=\"og:description\" content=\"VACACIONES\" \/>\n<meta property=\"og:url\" content=\"https:\/\/www.galiciamaxica.eu\/mini\/vacaciones-vacaciones\/\" \/>\n<meta property=\"og:site_name\" content=\"Galicia con ni\u00f1os | GALICIA M\u00c1XICA\" \/>\n<meta property=\"article:publisher\" content=\"https:\/\/www.facebook.com\/maria.rodriguezserantes\" \/>\n<meta property=\"article:author\" content=\"https:\/\/www.facebook.com\/maria.rodriguezserantes\" \/>\n<meta property=\"article:published_time\" content=\"2018-07-04T16:37:19+00:00\" \/>\n<meta property=\"article:modified_time\" content=\"2024-08-13T17:23:43+00:00\" \/>\n<meta property=\"og:image\" content=\"https:\/\/www.galiciamaxica.eu\/mini\/wp-content\/uploads\/2018\/07\/Captura-1.jpg\" \/>\n\t<meta property=\"og:image:width\" content=\"816\" \/>\n\t<meta property=\"og:image:height\" content=\"458\" \/>\n\t<meta property=\"og:image:type\" content=\"image\/jpeg\" \/>\n<meta name=\"author\" content=\"seseixa\" \/>\n<meta name=\"twitter:card\" content=\"summary_large_image\" \/>\n<meta name=\"twitter:creator\" content=\"@seseixa\" \/>\n<meta name=\"twitter:site\" content=\"@seseixa\" \/>\n<meta name=\"twitter:label1\" content=\"Escrito por\" \/>\n\t<meta name=\"twitter:data1\" content=\"seseixa\" \/>\n\t<meta name=\"twitter:label2\" content=\"Tiempo de lectura\" \/>\n\t<meta name=\"twitter:data2\" content=\"2 minutos\" \/>\n<script type=\"application\/ld+json\" class=\"yoast-schema-graph\">{\"@context\":\"https:\/\/schema.org\",\"@graph\":[{\"@type\":\"Article\",\"@id\":\"https:\/\/www.galiciamaxica.eu\/mini\/vacaciones-vacaciones\/#article\",\"isPartOf\":{\"@id\":\"https:\/\/www.galiciamaxica.eu\/mini\/vacaciones-vacaciones\/\"},\"author\":{\"name\":\"seseixa\",\"@id\":\"https:\/\/www.galiciamaxica.eu\/mini\/#\/schema\/person\/2b284fe2fd911000a48d2e8936300179\"},\"headline\":\"Vacaciones, vacaciones&#8230;.\",\"datePublished\":\"2018-07-04T16:37:19+00:00\",\"dateModified\":\"2024-08-13T17:23:43+00:00\",\"mainEntityOfPage\":{\"@id\":\"https:\/\/www.galiciamaxica.eu\/mini\/vacaciones-vacaciones\/\"},\"wordCount\":408,\"commentCount\":0,\"publisher\":{\"@id\":\"https:\/\/www.galiciamaxica.eu\/mini\/#\/schema\/person\/2b284fe2fd911000a48d2e8936300179\"},\"image\":{\"@id\":\"https:\/\/www.galiciamaxica.eu\/mini\/vacaciones-vacaciones\/#primaryimage\"},\"thumbnailUrl\":\"https:\/\/www.galiciamaxica.eu\/mini\/wp-content\/uploads\/2018\/07\/Captura-1.jpg\",\"keywords\":[\"vacaciones\"],\"articleSection\":[\"FAMILIA\"],\"inLanguage\":\"es\",\"potentialAction\":[{\"@type\":\"CommentAction\",\"name\":\"Comment\",\"target\":[\"https:\/\/www.galiciamaxica.eu\/mini\/vacaciones-vacaciones\/#respond\"]}]},{\"@type\":\"WebPage\",\"@id\":\"https:\/\/www.galiciamaxica.eu\/mini\/vacaciones-vacaciones\/\",\"url\":\"https:\/\/www.galiciamaxica.eu\/mini\/vacaciones-vacaciones\/\",\"name\":\"Vacaciones, vacaciones.... - Galicia con ni\u00f1os | GALICIA M\u00c1XICA\",\"isPartOf\":{\"@id\":\"https:\/\/www.galiciamaxica.eu\/mini\/#website\"},\"primaryImageOfPage\":{\"@id\":\"https:\/\/www.galiciamaxica.eu\/mini\/vacaciones-vacaciones\/#primaryimage\"},\"image\":{\"@id\":\"https:\/\/www.galiciamaxica.eu\/mini\/vacaciones-vacaciones\/#primaryimage\"},\"thumbnailUrl\":\"https:\/\/www.galiciamaxica.eu\/mini\/wp-content\/uploads\/2018\/07\/Captura-1.jpg\",\"datePublished\":\"2018-07-04T16:37:19+00:00\",\"dateModified\":\"2024-08-13T17:23:43+00:00\",\"description\":\"VACACIONES\",\"breadcrumb\":{\"@id\":\"https:\/\/www.galiciamaxica.eu\/mini\/vacaciones-vacaciones\/#breadcrumb\"},\"inLanguage\":\"es\",\"potentialAction\":[{\"@type\":\"ReadAction\",\"target\":[\"https:\/\/www.galiciamaxica.eu\/mini\/vacaciones-vacaciones\/\"]}]},{\"@type\":\"ImageObject\",\"inLanguage\":\"es\",\"@id\":\"https:\/\/www.galiciamaxica.eu\/mini\/vacaciones-vacaciones\/#primaryimage\",\"url\":\"https:\/\/www.galiciamaxica.eu\/mini\/wp-content\/uploads\/2018\/07\/Captura-1.jpg\",\"contentUrl\":\"https:\/\/www.galiciamaxica.eu\/mini\/wp-content\/uploads\/2018\/07\/Captura-1.jpg\",\"width\":816,\"height\":458,\"caption\":\"img_5d9af390b6025\"},{\"@type\":\"BreadcrumbList\",\"@id\":\"https:\/\/www.galiciamaxica.eu\/mini\/vacaciones-vacaciones\/#breadcrumb\",\"itemListElement\":[{\"@type\":\"ListItem\",\"position\":1,\"name\":\"Portada\",\"item\":\"https:\/\/www.galiciamaxica.eu\/mini\/\"},{\"@type\":\"ListItem\",\"position\":2,\"name\":\"Vacaciones, vacaciones&#8230;.\"}]},{\"@type\":\"WebSite\",\"@id\":\"https:\/\/www.galiciamaxica.eu\/mini\/#website\",\"url\":\"https:\/\/www.galiciamaxica.eu\/mini\/\",\"name\":\"Galicia con ni\u00f1os | GALICIA M\u00c1XICA\",\"description\":\"Qu\u00e9 hacer con ni\u00f1os en Galicia\",\"publisher\":{\"@id\":\"https:\/\/www.galiciamaxica.eu\/mini\/#\/schema\/person\/2b284fe2fd911000a48d2e8936300179\"},\"potentialAction\":[{\"@type\":\"SearchAction\",\"target\":{\"@type\":\"EntryPoint\",\"urlTemplate\":\"https:\/\/www.galiciamaxica.eu\/mini\/?s={search_term_string}\"},\"query-input\":{\"@type\":\"PropertyValueSpecification\",\"valueRequired\":true,\"valueName\":\"search_term_string\"}}],\"inLanguage\":\"es\"},{\"@type\":[\"Person\",\"Organization\"],\"@id\":\"https:\/\/www.galiciamaxica.eu\/mini\/#\/schema\/person\/2b284fe2fd911000a48d2e8936300179\",\"name\":\"seseixa\",\"image\":{\"@type\":\"ImageObject\",\"inLanguage\":\"es\",\"@id\":\"https:\/\/www.galiciamaxica.eu\/mini\/#\/schema\/person\/image\/\",\"url\":\"https:\/\/www.galiciamaxica.eu\/mini\/wp-content\/uploads\/2019\/02\/seseixa.png\",\"contentUrl\":\"https:\/\/www.galiciamaxica.eu\/mini\/wp-content\/uploads\/2019\/02\/seseixa.png\",\"width\":100,\"height\":100,\"caption\":\"seseixa\"},\"logo\":{\"@id\":\"https:\/\/www.galiciamaxica.eu\/mini\/#\/schema\/person\/image\/\"},\"description\":\"En la actualidad combinando dos proyectos que me apasionan, Galicia y los ni\u00f1os. Tengo mucho que aportar y otro tanto que aprender, as\u00ed como, el tiempo y el coraz\u00f3n, dividido en todo momento. Soy mam\u00e1, un titulo otorgado a tiempo completo, compa\u00f1era y amiga, a todas horas, familiar y cercana, siempre. De esp\u00edritu inquieto, soy una eterna ni\u00f1a que juega en el pa\u00eds de las maravillas. Una enamorada de mi tierra, por la que trabajo sin descanso. Creo en la infancia como motor que cambiar\u00e1 el mundo a mejor y busco en mi vida la felicidad como estado permanente porque s\u00f3lo se vive una vez.\",\"sameAs\":[\"http:\/\/mini.galiciamaxica.eu\/\",\"https:\/\/www.facebook.com\/maria.rodriguezserantes\",\"https:\/\/x.com\/seseixa\"],\"url\":\"https:\/\/www.galiciamaxica.eu\/mini\/author\/seseixa\/\"}]}<\/script>\n<!-- \/ Yoast SEO plugin. -->","yoast_head_json":{"title":"Vacaciones, vacaciones.... - Galicia con ni\u00f1os | GALICIA M\u00c1XICA","description":"VACACIONES","robots":{"index":"index","follow":"follow","max-snippet":"max-snippet:-1","max-image-preview":"max-image-preview:large","max-video-preview":"max-video-preview:-1"},"canonical":"https:\/\/www.galiciamaxica.eu\/mini\/vacaciones-vacaciones\/","og_locale":"es_ES","og_type":"article","og_title":"Vacaciones, vacaciones.... - Galicia con ni\u00f1os | GALICIA M\u00c1XICA","og_description":"VACACIONES","og_url":"https:\/\/www.galiciamaxica.eu\/mini\/vacaciones-vacaciones\/","og_site_name":"Galicia con ni\u00f1os | GALICIA M\u00c1XICA","article_publisher":"https:\/\/www.facebook.com\/maria.rodriguezserantes","article_author":"https:\/\/www.facebook.com\/maria.rodriguezserantes","article_published_time":"2018-07-04T16:37:19+00:00","article_modified_time":"2024-08-13T17:23:43+00:00","og_image":[{"width":816,"height":458,"url":"https:\/\/www.galiciamaxica.eu\/mini\/wp-content\/uploads\/2018\/07\/Captura-1.jpg","type":"image\/jpeg"}],"author":"seseixa","twitter_card":"summary_large_image","twitter_creator":"@seseixa","twitter_site":"@seseixa","twitter_misc":{"Escrito por":"seseixa","Tiempo de lectura":"2 minutos"},"schema":{"@context":"https:\/\/schema.org","@graph":[{"@type":"Article","@id":"https:\/\/www.galiciamaxica.eu\/mini\/vacaciones-vacaciones\/#article","isPartOf":{"@id":"https:\/\/www.galiciamaxica.eu\/mini\/vacaciones-vacaciones\/"},"author":{"name":"seseixa","@id":"https:\/\/www.galiciamaxica.eu\/mini\/#\/schema\/person\/2b284fe2fd911000a48d2e8936300179"},"headline":"Vacaciones, vacaciones&#8230;.","datePublished":"2018-07-04T16:37:19+00:00","dateModified":"2024-08-13T17:23:43+00:00","mainEntityOfPage":{"@id":"https:\/\/www.galiciamaxica.eu\/mini\/vacaciones-vacaciones\/"},"wordCount":408,"commentCount":0,"publisher":{"@id":"https:\/\/www.galiciamaxica.eu\/mini\/#\/schema\/person\/2b284fe2fd911000a48d2e8936300179"},"image":{"@id":"https:\/\/www.galiciamaxica.eu\/mini\/vacaciones-vacaciones\/#primaryimage"},"thumbnailUrl":"https:\/\/www.galiciamaxica.eu\/mini\/wp-content\/uploads\/2018\/07\/Captura-1.jpg","keywords":["vacaciones"],"articleSection":["FAMILIA"],"inLanguage":"es","potentialAction":[{"@type":"CommentAction","name":"Comment","target":["https:\/\/www.galiciamaxica.eu\/mini\/vacaciones-vacaciones\/#respond"]}]},{"@type":"WebPage","@id":"https:\/\/www.galiciamaxica.eu\/mini\/vacaciones-vacaciones\/","url":"https:\/\/www.galiciamaxica.eu\/mini\/vacaciones-vacaciones\/","name":"Vacaciones, vacaciones.... - Galicia con ni\u00f1os | GALICIA M\u00c1XICA","isPartOf":{"@id":"https:\/\/www.galiciamaxica.eu\/mini\/#website"},"primaryImageOfPage":{"@id":"https:\/\/www.galiciamaxica.eu\/mini\/vacaciones-vacaciones\/#primaryimage"},"image":{"@id":"https:\/\/www.galiciamaxica.eu\/mini\/vacaciones-vacaciones\/#primaryimage"},"thumbnailUrl":"https:\/\/www.galiciamaxica.eu\/mini\/wp-content\/uploads\/2018\/07\/Captura-1.jpg","datePublished":"2018-07-04T16:37:19+00:00","dateModified":"2024-08-13T17:23:43+00:00","description":"VACACIONES","breadcrumb":{"@id":"https:\/\/www.galiciamaxica.eu\/mini\/vacaciones-vacaciones\/#breadcrumb"},"inLanguage":"es","potentialAction":[{"@type":"ReadAction","target":["https:\/\/www.galiciamaxica.eu\/mini\/vacaciones-vacaciones\/"]}]},{"@type":"ImageObject","inLanguage":"es","@id":"https:\/\/www.galiciamaxica.eu\/mini\/vacaciones-vacaciones\/#primaryimage","url":"https:\/\/www.galiciamaxica.eu\/mini\/wp-content\/uploads\/2018\/07\/Captura-1.jpg","contentUrl":"https:\/\/www.galiciamaxica.eu\/mini\/wp-content\/uploads\/2018\/07\/Captura-1.jpg","width":816,"height":458,"caption":"img_5d9af390b6025"},{"@type":"BreadcrumbList","@id":"https:\/\/www.galiciamaxica.eu\/mini\/vacaciones-vacaciones\/#breadcrumb","itemListElement":[{"@type":"ListItem","position":1,"name":"Portada","item":"https:\/\/www.galiciamaxica.eu\/mini\/"},{"@type":"ListItem","position":2,"name":"Vacaciones, vacaciones&#8230;."}]},{"@type":"WebSite","@id":"https:\/\/www.galiciamaxica.eu\/mini\/#website","url":"https:\/\/www.galiciamaxica.eu\/mini\/","name":"Galicia con ni\u00f1os | GALICIA M\u00c1XICA","description":"Qu\u00e9 hacer con ni\u00f1os en Galicia","publisher":{"@id":"https:\/\/www.galiciamaxica.eu\/mini\/#\/schema\/person\/2b284fe2fd911000a48d2e8936300179"},"potentialAction":[{"@type":"SearchAction","target":{"@type":"EntryPoint","urlTemplate":"https:\/\/www.galiciamaxica.eu\/mini\/?s={search_term_string}"},"query-input":{"@type":"PropertyValueSpecification","valueRequired":true,"valueName":"search_term_string"}}],"inLanguage":"es"},{"@type":["Person","Organization"],"@id":"https:\/\/www.galiciamaxica.eu\/mini\/#\/schema\/person\/2b284fe2fd911000a48d2e8936300179","name":"seseixa","image":{"@type":"ImageObject","inLanguage":"es","@id":"https:\/\/www.galiciamaxica.eu\/mini\/#\/schema\/person\/image\/","url":"https:\/\/www.galiciamaxica.eu\/mini\/wp-content\/uploads\/2019\/02\/seseixa.png","contentUrl":"https:\/\/www.galiciamaxica.eu\/mini\/wp-content\/uploads\/2019\/02\/seseixa.png","width":100,"height":100,"caption":"seseixa"},"logo":{"@id":"https:\/\/www.galiciamaxica.eu\/mini\/#\/schema\/person\/image\/"},"description":"En la actualidad combinando dos proyectos que me apasionan, Galicia y los ni\u00f1os. Tengo mucho que aportar y otro tanto que aprender, as\u00ed como, el tiempo y el coraz\u00f3n, dividido en todo momento. Soy mam\u00e1, un titulo otorgado a tiempo completo, compa\u00f1era y amiga, a todas horas, familiar y cercana, siempre. De esp\u00edritu inquieto, soy una eterna ni\u00f1a que juega en el pa\u00eds de las maravillas. Una enamorada de mi tierra, por la que trabajo sin descanso. Creo en la infancia como motor que cambiar\u00e1 el mundo a mejor y busco en mi vida la felicidad como estado permanente porque s\u00f3lo se vive una vez.","sameAs":["http:\/\/mini.galiciamaxica.eu\/","https:\/\/www.facebook.com\/maria.rodriguezserantes","https:\/\/x.com\/seseixa"],"url":"https:\/\/www.galiciamaxica.eu\/mini\/author\/seseixa\/"}]}},"amp_enabled":true,"post_mailing_queue_ids":[],"_links":{"self":[{"href":"https:\/\/www.galiciamaxica.eu\/mini\/wp-json\/wp\/v2\/posts\/9211"}],"collection":[{"href":"https:\/\/www.galiciamaxica.eu\/mini\/wp-json\/wp\/v2\/posts"}],"about":[{"href":"https:\/\/www.galiciamaxica.eu\/mini\/wp-json\/wp\/v2\/types\/post"}],"author":[{"embeddable":true,"href":"https:\/\/www.galiciamaxica.eu\/mini\/wp-json\/wp\/v2\/users\/1"}],"replies":[{"embeddable":true,"href":"https:\/\/www.galiciamaxica.eu\/mini\/wp-json\/wp\/v2\/comments?post=9211"}],"version-history":[{"count":1,"href":"https:\/\/www.galiciamaxica.eu\/mini\/wp-json\/wp\/v2\/posts\/9211\/revisions"}],"predecessor-version":[{"id":22229,"href":"https:\/\/www.galiciamaxica.eu\/mini\/wp-json\/wp\/v2\/posts\/9211\/revisions\/22229"}],"wp:featuredmedia":[{"embeddable":true,"href":"https:\/\/www.galiciamaxica.eu\/mini\/wp-json\/wp\/v2\/media\/9222"}],"wp:attachment":[{"href":"https:\/\/www.galiciamaxica.eu\/mini\/wp-json\/wp\/v2\/media?parent=9211"}],"wp:term":[{"taxonomy":"category","embeddable":true,"href":"https:\/\/www.galiciamaxica.eu\/mini\/wp-json\/wp\/v2\/categories?post=9211"},{"taxonomy":"post_tag","embeddable":true,"href":"https:\/\/www.galiciamaxica.eu\/mini\/wp-json\/wp\/v2\/tags?post=9211"}],"curies":[{"name":"wp","href":"https:\/\/api.w.org\/{rel}","templated":true}]}}