{"id":9070,"date":"2018-06-19T19:05:40","date_gmt":"2018-06-19T17:05:40","guid":{"rendered":"http:\/\/www.galiciamaxica.eu\/mini\/?p=9070"},"modified":"2024-08-13T19:23:43","modified_gmt":"2024-08-13T17:23:43","slug":"el-primer-libro-de-rutas-en-familia-de-galicia","status":"publish","type":"post","link":"https:\/\/www.galiciamaxica.eu\/mini\/el-primer-libro-de-rutas-en-familia-de-galicia\/","title":{"rendered":"El primer libro de rutas en familia de Galicia"},"content":{"rendered":"<p>Si me preguntas que significa este nuevo proyecto, el libro de rutas, te dir\u00e9 que para mi es un premio a nuestro esfuerzo, un sue\u00f1o plasmado en papel, un regalo para compartir con todos.<br \/>\nMe encanta pensar que estar\u00e1 muy cerquita tuya dando las pautas para que cada viaje sea una nueva experiencia. Con la p\u00e1gina so\u00f1\u00e1bamos con llevaros por Galicia de viaje y con el libro se ha materializado en papel. Pronto estar\u00e1n en tus manos esas pinceladas de nuestra vida que tanto nos gusta compartir. Quiz\u00e1s lo que m\u00e1s me cost\u00f3 fue el decidir a d\u00f3nde llevaros, elegir unas rutas, apartar otras&#8230; Tengo claro que si este se hace un hueco en vuestra vida har\u00e1 posible la inclusi\u00f3n de las rutas que he apartado en otro libro, por eso me gusta pensar que este es un inicio precioso del que form\u00e1is parte vosotros creando en ello continuidad.<br \/>\nTeniendo decididas las rutas me plante\u00e9 como iba a hacer un libro de rutas que no fuera como todos, un aqu\u00ed est\u00e1, por aqu\u00ed se va y nada m\u00e1s que aportar contando la ruta como algo fr\u00edo y distante&#8230; y\u00a0 ten\u00eda claro que las rutas son vivas y las hacemos nuestras nada m\u00e1s pisarlas y cada uno las siente de manera bien distinta, entonces, \u00bfpor qu\u00e9 no llevaros conmigo de ruta? Decid\u00ed haceros participes de lo que nos dieron cuando las hac\u00edamos, es decir, lo que sentimos cuando las realizamos y lo que nos llevamos de ellas. Podr\u00eda decir que este libro es para ti, dedicado al amor que siento hacia mi tierra y contado desde mi experiencia.<br \/>\nAhora soy qui\u00e9n os pide el reto de hacerlas todas y como no contarnos como las hab\u00e9is vivido.<br \/>\nLa finalidad de este libro para viajar es clara, es un deber compartido, el de acercar a los m\u00e1s peque\u00f1os al verde, al r\u00edo, al mar&#8230; en fin a la mejor de las naturalezas y es ah\u00ed donde realmente est\u00e1 a gusto el coraz\u00f3n. Pero tambi\u00e9n he de deciros que aunque es dedicado a ellos, siendo el primer libro de rutas familiar de Galicia, este es un libro para todos, para todos los que quieren sentir mi tierra bien de cerca, los que caminan solos, con pareja, en grupo, con multitud, con su cuatro patas&#8230; un libro para ver con la mirada de un ni\u00f1o lo bella que es nuestra tierra.<br \/>\nAspiro que con este libro original y c\u00f3modo para vuestros viajes os sea el m\u00e1s f\u00e1cil a d\u00f3nde ir y que nunca tach\u00e9is ninguno de los sitios porque os encantar\u00e1 visitarlos en cualquier estaci\u00f3n, es por lo tanto un libro que tendr\u00e9is siempre a mano. Ser\u00e1 un libro que nunca se apartar\u00e1 de vuestra vida porque crecer\u00e1 con vosotros como lo hacen vuestros hijos.<\/p>\n<p><a href=\"https:\/\/www.lavozdegalicia.es\/noticia\/yes\/2018\/06\/09\/deberes-verano\/0003_201806SY9P20991.htm\">Os pongo deberes para este verano<\/a>: el ya hemos estado, el hemos disfrutado de lo lindo, el nos hemos sacado una foto para el recuerdo y llenado nuestra libreta viajera de apuntes a ampliar en a\u00f1os venideros.<\/p>\n<h3 style=\"text-align: center;\">Bienvenidos a todo un reto de salud, con aprobado en pasos, bien realizado, notable en historias, sobresaliente en emociones y con matricula de honor en la mejor de las compa\u00f1\u00edas.<\/h3>\n<h1 style=\"text-align: center;\">HAZTE CON EL TUYO<\/h1>\n<p><a href=\"http:\/\/www.galiciamaxica.eu\/mini\/wp-content\/uploads\/2018\/06\/9788494832154-1.jpg\"><img fetchpriority=\"high\" decoding=\"async\" class=\" wp-image-9071 aligncenter\" src=\"http:\/\/www.galiciamaxica.eu\/mini\/wp-content\/uploads\/2018\/06\/9788494832154-1-225x300.jpg\" alt=\"\" width=\"351\" height=\"468\" srcset=\"https:\/\/www.galiciamaxica.eu\/mini\/wp-content\/uploads\/2018\/06\/9788494832154-1-225x300.jpg 225w, https:\/\/www.galiciamaxica.eu\/mini\/wp-content\/uploads\/2018\/06\/9788494832154-1-768x1024.jpg 768w, https:\/\/www.galiciamaxica.eu\/mini\/wp-content\/uploads\/2018\/06\/9788494832154-1.jpg 708w\" sizes=\"(max-width: 351px) 100vw, 351px\" \/><\/a><\/p>\n<p style=\"text-align: center;\"><em><strong>EL PRIMER LIBRO DE RUTAS DEDICADO A LA FAMILIA<\/strong><\/em><\/p>\n<p style=\"text-align: center;\">Este libro de formato c\u00f3modo y a todo color muestra 20 atractivas rutas de senderismo por Galicia aptas para toda la familia. Los ni\u00f1os no s\u00f3lo podr\u00e1n disfrutar de impresionantes paisajes y experiencias en la naturaleza, sino tambi\u00e9n conocer restos arqueol\u00f3gicos, leyendas y sitios donde todav\u00eda perviven tradiciones ancestrales.<\/p>\n<p style=\"text-align: center;\"><strong>A partir del 3 de julio ya en casas, no te quedes sin \u00e9l AQU\u00cd<\/strong><\/p>\n","protected":false},"excerpt":{"rendered":"<p>Si me preguntas que significa este nuevo proyecto, el libro de rutas, te dir\u00e9 que para mi es un premio a nuestro esfuerzo, un sue\u00f1o plasmado en papel, un regalo para compartir con todos. Me encanta pensar que estar\u00e1 muy cerquita tuya dando las pautas para que cada viaje sea una nueva experiencia. Con la [&hellip;]<\/p>\n","protected":false},"author":1,"featured_media":9071,"comment_status":"open","ping_status":"closed","sticky":false,"template":"","format":"standard","meta":{"_eb_attr":"","site-sidebar-layout":"default","site-content-layout":"","ast-site-content-layout":"","site-content-style":"default","site-sidebar-style":"default","ast-global-header-display":"","ast-banner-title-visibility":"","ast-main-header-display":"","ast-hfb-above-header-display":"","ast-hfb-below-header-display":"","ast-hfb-mobile-header-display":"","site-post-title":"","ast-breadcrumbs-content":"","ast-featured-img":"","footer-sml-layout":"","theme-transparent-header-meta":"","adv-header-id-meta":"","stick-header-meta":"","header-above-stick-meta":"","header-main-stick-meta":"","header-below-stick-meta":"","astra-migrate-meta-layouts":"default","ast-page-background-enabled":"default","ast-page-background-meta":{"desktop":{"background-color":"","background-image":"","background-repeat":"repeat","background-position":"center center","background-size":"auto","background-attachment":"scroll","background-type":"","background-media":"","overlay-type":"","overlay-color":"","overlay-opacity":"","overlay-gradient":""},"tablet":{"background-color":"","background-image":"","background-repeat":"repeat","background-position":"center center","background-size":"auto","background-attachment":"scroll","background-type":"","background-media":"","overlay-type":"","overlay-color":"","overlay-opacity":"","overlay-gradient":""},"mobile":{"background-color":"","background-image":"","background-repeat":"repeat","background-position":"center center","background-size":"auto","background-attachment":"scroll","background-type":"","background-media":"","overlay-type":"","overlay-color":"","overlay-opacity":"","overlay-gradient":""}},"ast-content-background-meta":{"desktop":{"background-color":"var(--ast-global-color-5)","background-image":"","background-repeat":"repeat","background-position":"center center","background-size":"auto","background-attachment":"scroll","background-type":"","background-media":"","overlay-type":"","overlay-color":"","overlay-opacity":"","overlay-gradient":""},"tablet":{"background-color":"var(--ast-global-color-5)","background-image":"","background-repeat":"repeat","background-position":"center center","background-size":"auto","background-attachment":"scroll","background-type":"","background-media":"","overlay-type":"","overlay-color":"","overlay-opacity":"","overlay-gradient":""},"mobile":{"background-color":"var(--ast-global-color-5)","background-image":"","background-repeat":"repeat","background-position":"center center","background-size":"auto","background-attachment":"scroll","background-type":"","background-media":"","overlay-type":"","overlay-color":"","overlay-opacity":"","overlay-gradient":""}},"footnotes":""},"categories":[1],"tags":[25,523,140],"class_list":["post-9070","post","type-post","status-publish","format-standard","has-post-thumbnail","hentry","category-familia","tag-galicia","tag-libro","tag-rutas"],"yoast_head":"<!-- This site is optimized with the Yoast SEO plugin v24.9 - https:\/\/yoast.com\/wordpress\/plugins\/seo\/ -->\n<title>El primer libro de rutas en familia de Galicia - Galicia con ni\u00f1os | GALICIA M\u00c1XICA<\/title>\n<meta name=\"robots\" content=\"index, follow, max-snippet:-1, max-image-preview:large, max-video-preview:-1\" \/>\n<link rel=\"canonical\" href=\"https:\/\/www.galiciamaxica.eu\/mini\/el-primer-libro-de-rutas-en-familia-de-galicia\/\" \/>\n<meta property=\"og:locale\" content=\"es_ES\" \/>\n<meta property=\"og:type\" content=\"article\" \/>\n<meta property=\"og:title\" content=\"El primer libro de rutas en familia de Galicia - Galicia con ni\u00f1os | GALICIA M\u00c1XICA\" \/>\n<meta property=\"og:description\" content=\"Si me preguntas que significa este nuevo proyecto, el libro de rutas, te dir\u00e9 que para mi es un premio a nuestro esfuerzo, un sue\u00f1o plasmado en papel, un regalo para compartir con todos. Me encanta pensar que estar\u00e1 muy cerquita tuya dando las pautas para que cada viaje sea una nueva experiencia. Con la [&hellip;]\" \/>\n<meta property=\"og:url\" content=\"https:\/\/www.galiciamaxica.eu\/mini\/el-primer-libro-de-rutas-en-familia-de-galicia\/\" \/>\n<meta property=\"og:site_name\" content=\"Galicia con ni\u00f1os | GALICIA M\u00c1XICA\" \/>\n<meta property=\"article:publisher\" content=\"https:\/\/www.facebook.com\/maria.rodriguezserantes\" \/>\n<meta property=\"article:author\" content=\"https:\/\/www.facebook.com\/maria.rodriguezserantes\" \/>\n<meta property=\"article:published_time\" content=\"2018-06-19T17:05:40+00:00\" \/>\n<meta property=\"article:modified_time\" content=\"2024-08-13T17:23:43+00:00\" \/>\n<meta property=\"og:image\" content=\"https:\/\/www.galiciamaxica.eu\/mini\/wp-content\/uploads\/2018\/06\/9788494832154-1.jpg\" \/>\n\t<meta property=\"og:image:width\" content=\"708\" \/>\n\t<meta property=\"og:image:height\" content=\"944\" \/>\n\t<meta property=\"og:image:type\" content=\"image\/jpeg\" \/>\n<meta name=\"author\" content=\"seseixa\" \/>\n<meta name=\"twitter:card\" content=\"summary_large_image\" \/>\n<meta name=\"twitter:creator\" content=\"@seseixa\" \/>\n<meta name=\"twitter:site\" content=\"@seseixa\" \/>\n<meta name=\"twitter:label1\" content=\"Escrito por\" \/>\n\t<meta name=\"twitter:data1\" content=\"seseixa\" \/>\n\t<meta name=\"twitter:label2\" content=\"Tiempo de lectura\" \/>\n\t<meta name=\"twitter:data2\" content=\"3 minutos\" \/>\n<script type=\"application\/ld+json\" class=\"yoast-schema-graph\">{\"@context\":\"https:\/\/schema.org\",\"@graph\":[{\"@type\":\"Article\",\"@id\":\"https:\/\/www.galiciamaxica.eu\/mini\/el-primer-libro-de-rutas-en-familia-de-galicia\/#article\",\"isPartOf\":{\"@id\":\"https:\/\/www.galiciamaxica.eu\/mini\/el-primer-libro-de-rutas-en-familia-de-galicia\/\"},\"author\":{\"name\":\"seseixa\",\"@id\":\"https:\/\/www.galiciamaxica.eu\/mini\/#\/schema\/person\/2b284fe2fd911000a48d2e8936300179\"},\"headline\":\"El primer libro de rutas en familia de Galicia\",\"datePublished\":\"2018-06-19T17:05:40+00:00\",\"dateModified\":\"2024-08-13T17:23:43+00:00\",\"mainEntityOfPage\":{\"@id\":\"https:\/\/www.galiciamaxica.eu\/mini\/el-primer-libro-de-rutas-en-familia-de-galicia\/\"},\"wordCount\":650,\"commentCount\":0,\"publisher\":{\"@id\":\"https:\/\/www.galiciamaxica.eu\/mini\/#\/schema\/person\/2b284fe2fd911000a48d2e8936300179\"},\"image\":{\"@id\":\"https:\/\/www.galiciamaxica.eu\/mini\/el-primer-libro-de-rutas-en-familia-de-galicia\/#primaryimage\"},\"thumbnailUrl\":\"https:\/\/www.galiciamaxica.eu\/mini\/wp-content\/uploads\/2018\/06\/9788494832154-1.jpg\",\"keywords\":[\"Galicia\",\"libro\",\"rutas\"],\"articleSection\":[\"FAMILIA\"],\"inLanguage\":\"es\",\"potentialAction\":[{\"@type\":\"CommentAction\",\"name\":\"Comment\",\"target\":[\"https:\/\/www.galiciamaxica.eu\/mini\/el-primer-libro-de-rutas-en-familia-de-galicia\/#respond\"]}]},{\"@type\":\"WebPage\",\"@id\":\"https:\/\/www.galiciamaxica.eu\/mini\/el-primer-libro-de-rutas-en-familia-de-galicia\/\",\"url\":\"https:\/\/www.galiciamaxica.eu\/mini\/el-primer-libro-de-rutas-en-familia-de-galicia\/\",\"name\":\"El primer libro de rutas en familia de Galicia - Galicia con ni\u00f1os | GALICIA M\u00c1XICA\",\"isPartOf\":{\"@id\":\"https:\/\/www.galiciamaxica.eu\/mini\/#website\"},\"primaryImageOfPage\":{\"@id\":\"https:\/\/www.galiciamaxica.eu\/mini\/el-primer-libro-de-rutas-en-familia-de-galicia\/#primaryimage\"},\"image\":{\"@id\":\"https:\/\/www.galiciamaxica.eu\/mini\/el-primer-libro-de-rutas-en-familia-de-galicia\/#primaryimage\"},\"thumbnailUrl\":\"https:\/\/www.galiciamaxica.eu\/mini\/wp-content\/uploads\/2018\/06\/9788494832154-1.jpg\",\"datePublished\":\"2018-06-19T17:05:40+00:00\",\"dateModified\":\"2024-08-13T17:23:43+00:00\",\"breadcrumb\":{\"@id\":\"https:\/\/www.galiciamaxica.eu\/mini\/el-primer-libro-de-rutas-en-familia-de-galicia\/#breadcrumb\"},\"inLanguage\":\"es\",\"potentialAction\":[{\"@type\":\"ReadAction\",\"target\":[\"https:\/\/www.galiciamaxica.eu\/mini\/el-primer-libro-de-rutas-en-familia-de-galicia\/\"]}]},{\"@type\":\"ImageObject\",\"inLanguage\":\"es\",\"@id\":\"https:\/\/www.galiciamaxica.eu\/mini\/el-primer-libro-de-rutas-en-familia-de-galicia\/#primaryimage\",\"url\":\"https:\/\/www.galiciamaxica.eu\/mini\/wp-content\/uploads\/2018\/06\/9788494832154-1.jpg\",\"contentUrl\":\"https:\/\/www.galiciamaxica.eu\/mini\/wp-content\/uploads\/2018\/06\/9788494832154-1.jpg\",\"width\":708,\"height\":944,\"caption\":\"Libro\"},{\"@type\":\"BreadcrumbList\",\"@id\":\"https:\/\/www.galiciamaxica.eu\/mini\/el-primer-libro-de-rutas-en-familia-de-galicia\/#breadcrumb\",\"itemListElement\":[{\"@type\":\"ListItem\",\"position\":1,\"name\":\"Portada\",\"item\":\"https:\/\/www.galiciamaxica.eu\/mini\/\"},{\"@type\":\"ListItem\",\"position\":2,\"name\":\"El primer libro de rutas en familia de Galicia\"}]},{\"@type\":\"WebSite\",\"@id\":\"https:\/\/www.galiciamaxica.eu\/mini\/#website\",\"url\":\"https:\/\/www.galiciamaxica.eu\/mini\/\",\"name\":\"Galicia con ni\u00f1os | GALICIA M\u00c1XICA\",\"description\":\"Qu\u00e9 hacer con ni\u00f1os en Galicia\",\"publisher\":{\"@id\":\"https:\/\/www.galiciamaxica.eu\/mini\/#\/schema\/person\/2b284fe2fd911000a48d2e8936300179\"},\"potentialAction\":[{\"@type\":\"SearchAction\",\"target\":{\"@type\":\"EntryPoint\",\"urlTemplate\":\"https:\/\/www.galiciamaxica.eu\/mini\/?s={search_term_string}\"},\"query-input\":{\"@type\":\"PropertyValueSpecification\",\"valueRequired\":true,\"valueName\":\"search_term_string\"}}],\"inLanguage\":\"es\"},{\"@type\":[\"Person\",\"Organization\"],\"@id\":\"https:\/\/www.galiciamaxica.eu\/mini\/#\/schema\/person\/2b284fe2fd911000a48d2e8936300179\",\"name\":\"seseixa\",\"image\":{\"@type\":\"ImageObject\",\"inLanguage\":\"es\",\"@id\":\"https:\/\/www.galiciamaxica.eu\/mini\/#\/schema\/person\/image\/\",\"url\":\"https:\/\/www.galiciamaxica.eu\/mini\/wp-content\/uploads\/2019\/02\/seseixa.png\",\"contentUrl\":\"https:\/\/www.galiciamaxica.eu\/mini\/wp-content\/uploads\/2019\/02\/seseixa.png\",\"width\":100,\"height\":100,\"caption\":\"seseixa\"},\"logo\":{\"@id\":\"https:\/\/www.galiciamaxica.eu\/mini\/#\/schema\/person\/image\/\"},\"description\":\"En la actualidad combinando dos proyectos que me apasionan, Galicia y los ni\u00f1os. Tengo mucho que aportar y otro tanto que aprender, as\u00ed como, el tiempo y el coraz\u00f3n, dividido en todo momento. Soy mam\u00e1, un titulo otorgado a tiempo completo, compa\u00f1era y amiga, a todas horas, familiar y cercana, siempre. De esp\u00edritu inquieto, soy una eterna ni\u00f1a que juega en el pa\u00eds de las maravillas. Una enamorada de mi tierra, por la que trabajo sin descanso. Creo en la infancia como motor que cambiar\u00e1 el mundo a mejor y busco en mi vida la felicidad como estado permanente porque s\u00f3lo se vive una vez.\",\"sameAs\":[\"http:\/\/mini.galiciamaxica.eu\/\",\"https:\/\/www.facebook.com\/maria.rodriguezserantes\",\"https:\/\/x.com\/seseixa\"],\"url\":\"https:\/\/www.galiciamaxica.eu\/mini\/author\/seseixa\/\"}]}<\/script>\n<!-- \/ Yoast SEO plugin. -->","yoast_head_json":{"title":"El primer libro de rutas en familia de Galicia - Galicia con ni\u00f1os | GALICIA M\u00c1XICA","robots":{"index":"index","follow":"follow","max-snippet":"max-snippet:-1","max-image-preview":"max-image-preview:large","max-video-preview":"max-video-preview:-1"},"canonical":"https:\/\/www.galiciamaxica.eu\/mini\/el-primer-libro-de-rutas-en-familia-de-galicia\/","og_locale":"es_ES","og_type":"article","og_title":"El primer libro de rutas en familia de Galicia - Galicia con ni\u00f1os | GALICIA M\u00c1XICA","og_description":"Si me preguntas que significa este nuevo proyecto, el libro de rutas, te dir\u00e9 que para mi es un premio a nuestro esfuerzo, un sue\u00f1o plasmado en papel, un regalo para compartir con todos. Me encanta pensar que estar\u00e1 muy cerquita tuya dando las pautas para que cada viaje sea una nueva experiencia. Con la [&hellip;]","og_url":"https:\/\/www.galiciamaxica.eu\/mini\/el-primer-libro-de-rutas-en-familia-de-galicia\/","og_site_name":"Galicia con ni\u00f1os | GALICIA M\u00c1XICA","article_publisher":"https:\/\/www.facebook.com\/maria.rodriguezserantes","article_author":"https:\/\/www.facebook.com\/maria.rodriguezserantes","article_published_time":"2018-06-19T17:05:40+00:00","article_modified_time":"2024-08-13T17:23:43+00:00","og_image":[{"width":708,"height":944,"url":"https:\/\/www.galiciamaxica.eu\/mini\/wp-content\/uploads\/2018\/06\/9788494832154-1.jpg","type":"image\/jpeg"}],"author":"seseixa","twitter_card":"summary_large_image","twitter_creator":"@seseixa","twitter_site":"@seseixa","twitter_misc":{"Escrito por":"seseixa","Tiempo de lectura":"3 minutos"},"schema":{"@context":"https:\/\/schema.org","@graph":[{"@type":"Article","@id":"https:\/\/www.galiciamaxica.eu\/mini\/el-primer-libro-de-rutas-en-familia-de-galicia\/#article","isPartOf":{"@id":"https:\/\/www.galiciamaxica.eu\/mini\/el-primer-libro-de-rutas-en-familia-de-galicia\/"},"author":{"name":"seseixa","@id":"https:\/\/www.galiciamaxica.eu\/mini\/#\/schema\/person\/2b284fe2fd911000a48d2e8936300179"},"headline":"El primer libro de rutas en familia de Galicia","datePublished":"2018-06-19T17:05:40+00:00","dateModified":"2024-08-13T17:23:43+00:00","mainEntityOfPage":{"@id":"https:\/\/www.galiciamaxica.eu\/mini\/el-primer-libro-de-rutas-en-familia-de-galicia\/"},"wordCount":650,"commentCount":0,"publisher":{"@id":"https:\/\/www.galiciamaxica.eu\/mini\/#\/schema\/person\/2b284fe2fd911000a48d2e8936300179"},"image":{"@id":"https:\/\/www.galiciamaxica.eu\/mini\/el-primer-libro-de-rutas-en-familia-de-galicia\/#primaryimage"},"thumbnailUrl":"https:\/\/www.galiciamaxica.eu\/mini\/wp-content\/uploads\/2018\/06\/9788494832154-1.jpg","keywords":["Galicia","libro","rutas"],"articleSection":["FAMILIA"],"inLanguage":"es","potentialAction":[{"@type":"CommentAction","name":"Comment","target":["https:\/\/www.galiciamaxica.eu\/mini\/el-primer-libro-de-rutas-en-familia-de-galicia\/#respond"]}]},{"@type":"WebPage","@id":"https:\/\/www.galiciamaxica.eu\/mini\/el-primer-libro-de-rutas-en-familia-de-galicia\/","url":"https:\/\/www.galiciamaxica.eu\/mini\/el-primer-libro-de-rutas-en-familia-de-galicia\/","name":"El primer libro de rutas en familia de Galicia - Galicia con ni\u00f1os | GALICIA M\u00c1XICA","isPartOf":{"@id":"https:\/\/www.galiciamaxica.eu\/mini\/#website"},"primaryImageOfPage":{"@id":"https:\/\/www.galiciamaxica.eu\/mini\/el-primer-libro-de-rutas-en-familia-de-galicia\/#primaryimage"},"image":{"@id":"https:\/\/www.galiciamaxica.eu\/mini\/el-primer-libro-de-rutas-en-familia-de-galicia\/#primaryimage"},"thumbnailUrl":"https:\/\/www.galiciamaxica.eu\/mini\/wp-content\/uploads\/2018\/06\/9788494832154-1.jpg","datePublished":"2018-06-19T17:05:40+00:00","dateModified":"2024-08-13T17:23:43+00:00","breadcrumb":{"@id":"https:\/\/www.galiciamaxica.eu\/mini\/el-primer-libro-de-rutas-en-familia-de-galicia\/#breadcrumb"},"inLanguage":"es","potentialAction":[{"@type":"ReadAction","target":["https:\/\/www.galiciamaxica.eu\/mini\/el-primer-libro-de-rutas-en-familia-de-galicia\/"]}]},{"@type":"ImageObject","inLanguage":"es","@id":"https:\/\/www.galiciamaxica.eu\/mini\/el-primer-libro-de-rutas-en-familia-de-galicia\/#primaryimage","url":"https:\/\/www.galiciamaxica.eu\/mini\/wp-content\/uploads\/2018\/06\/9788494832154-1.jpg","contentUrl":"https:\/\/www.galiciamaxica.eu\/mini\/wp-content\/uploads\/2018\/06\/9788494832154-1.jpg","width":708,"height":944,"caption":"Libro"},{"@type":"BreadcrumbList","@id":"https:\/\/www.galiciamaxica.eu\/mini\/el-primer-libro-de-rutas-en-familia-de-galicia\/#breadcrumb","itemListElement":[{"@type":"ListItem","position":1,"name":"Portada","item":"https:\/\/www.galiciamaxica.eu\/mini\/"},{"@type":"ListItem","position":2,"name":"El primer libro de rutas en familia de Galicia"}]},{"@type":"WebSite","@id":"https:\/\/www.galiciamaxica.eu\/mini\/#website","url":"https:\/\/www.galiciamaxica.eu\/mini\/","name":"Galicia con ni\u00f1os | GALICIA M\u00c1XICA","description":"Qu\u00e9 hacer con ni\u00f1os en Galicia","publisher":{"@id":"https:\/\/www.galiciamaxica.eu\/mini\/#\/schema\/person\/2b284fe2fd911000a48d2e8936300179"},"potentialAction":[{"@type":"SearchAction","target":{"@type":"EntryPoint","urlTemplate":"https:\/\/www.galiciamaxica.eu\/mini\/?s={search_term_string}"},"query-input":{"@type":"PropertyValueSpecification","valueRequired":true,"valueName":"search_term_string"}}],"inLanguage":"es"},{"@type":["Person","Organization"],"@id":"https:\/\/www.galiciamaxica.eu\/mini\/#\/schema\/person\/2b284fe2fd911000a48d2e8936300179","name":"seseixa","image":{"@type":"ImageObject","inLanguage":"es","@id":"https:\/\/www.galiciamaxica.eu\/mini\/#\/schema\/person\/image\/","url":"https:\/\/www.galiciamaxica.eu\/mini\/wp-content\/uploads\/2019\/02\/seseixa.png","contentUrl":"https:\/\/www.galiciamaxica.eu\/mini\/wp-content\/uploads\/2019\/02\/seseixa.png","width":100,"height":100,"caption":"seseixa"},"logo":{"@id":"https:\/\/www.galiciamaxica.eu\/mini\/#\/schema\/person\/image\/"},"description":"En la actualidad combinando dos proyectos que me apasionan, Galicia y los ni\u00f1os. Tengo mucho que aportar y otro tanto que aprender, as\u00ed como, el tiempo y el coraz\u00f3n, dividido en todo momento. Soy mam\u00e1, un titulo otorgado a tiempo completo, compa\u00f1era y amiga, a todas horas, familiar y cercana, siempre. De esp\u00edritu inquieto, soy una eterna ni\u00f1a que juega en el pa\u00eds de las maravillas. Una enamorada de mi tierra, por la que trabajo sin descanso. Creo en la infancia como motor que cambiar\u00e1 el mundo a mejor y busco en mi vida la felicidad como estado permanente porque s\u00f3lo se vive una vez.","sameAs":["http:\/\/mini.galiciamaxica.eu\/","https:\/\/www.facebook.com\/maria.rodriguezserantes","https:\/\/x.com\/seseixa"],"url":"https:\/\/www.galiciamaxica.eu\/mini\/author\/seseixa\/"}]}},"amp_enabled":true,"post_mailing_queue_ids":[],"_links":{"self":[{"href":"https:\/\/www.galiciamaxica.eu\/mini\/wp-json\/wp\/v2\/posts\/9070"}],"collection":[{"href":"https:\/\/www.galiciamaxica.eu\/mini\/wp-json\/wp\/v2\/posts"}],"about":[{"href":"https:\/\/www.galiciamaxica.eu\/mini\/wp-json\/wp\/v2\/types\/post"}],"author":[{"embeddable":true,"href":"https:\/\/www.galiciamaxica.eu\/mini\/wp-json\/wp\/v2\/users\/1"}],"replies":[{"embeddable":true,"href":"https:\/\/www.galiciamaxica.eu\/mini\/wp-json\/wp\/v2\/comments?post=9070"}],"version-history":[{"count":1,"href":"https:\/\/www.galiciamaxica.eu\/mini\/wp-json\/wp\/v2\/posts\/9070\/revisions"}],"predecessor-version":[{"id":22219,"href":"https:\/\/www.galiciamaxica.eu\/mini\/wp-json\/wp\/v2\/posts\/9070\/revisions\/22219"}],"wp:featuredmedia":[{"embeddable":true,"href":"https:\/\/www.galiciamaxica.eu\/mini\/wp-json\/wp\/v2\/media\/9071"}],"wp:attachment":[{"href":"https:\/\/www.galiciamaxica.eu\/mini\/wp-json\/wp\/v2\/media?parent=9070"}],"wp:term":[{"taxonomy":"category","embeddable":true,"href":"https:\/\/www.galiciamaxica.eu\/mini\/wp-json\/wp\/v2\/categories?post=9070"},{"taxonomy":"post_tag","embeddable":true,"href":"https:\/\/www.galiciamaxica.eu\/mini\/wp-json\/wp\/v2\/tags?post=9070"}],"curies":[{"name":"wp","href":"https:\/\/api.w.org\/{rel}","templated":true}]}}