{"id":9008,"date":"2018-06-12T19:14:09","date_gmt":"2018-06-12T17:14:09","guid":{"rendered":"http:\/\/www.galiciamaxica.eu\/mini\/?p=9008"},"modified":"2024-08-13T19:23:42","modified_gmt":"2024-08-13T17:23:42","slug":"romaria-do-rapaz-en-silleda-a-festa-das-cores-el-domingo-24-de-junio","status":"publish","type":"post","link":"https:\/\/www.galiciamaxica.eu\/mini\/romaria-do-rapaz-en-silleda-a-festa-das-cores-el-domingo-24-de-junio\/","title":{"rendered":"Romar\u00eda do Rapaz en Silleda \u00abA Festa das Cores\u00bb El domingo 24 de Junio"},"content":{"rendered":"<p>Nos ha llegado una invitaci\u00f3n muy especial de <strong>Silleda. Una invitaci\u00f3n\u00a0<\/strong>a un evento con tremenda solera, vamos a la Romar\u00eda do Rapaz. A sus espaldas muchos a\u00f1os creando la mejor de las Romer\u00edas, ya van tres d\u00e9cadas.<\/p>\n<h1>Romar\u00eda do Rapaz<\/h1>\n<figure style=\"width: 1103px\" class=\"wp-caption alignnone\"><img fetchpriority=\"high\" decoding=\"async\" src=\"https:\/\/galiciamaxica.eu\/mini\/wp-content\/uploads\/2019\/10\/img_5d9af3f640777.jpg\" alt=\"\" width=\"1103\" height=\"591\" \/><figcaption class=\"wp-caption-text\"><strong>PRIMER CARTEL 1983<\/strong><\/figcaption><\/figure>\n<p>All\u00e1 por el a\u00f1o 83 una idea se convierte en la mejor fiesta para ni\u00f1os. En ella todo absolutamente todo es dise\u00f1ado, creado y orquestado por los ni\u00f1os. Y es que la decoraci\u00f3n, juegos e ideas iban surgiendo de manera espontanea como lo hacen los juegos, sin hilo conductor o a\u00f1adidos. Podr\u00edamos decir que los art\u00edfices fueron los jefazos de la fiesta. Una generaci\u00f3n de ni\u00f1os con ganas de marcar un punto de inicio colaborativo, l\u00fadico, instructivo&#8230; en fin A Romar\u00eda do Rapaz, un d\u00eda divertido.<\/p>\n<p><img decoding=\"async\" class=\"aligncenter size-medium\" src=\"https:\/\/galiciamaxica.eu\/mini\/wp-content\/uploads\/2019\/10\/img_5d9af3f964562.jpg\" width=\"1042\" height=\"580\" \/><\/p>\n<p>Y cost\u00f3 como todo en sus principios, con 14 a\u00f1os este grupo tuvo que hacer el mayor de los esfuerzos para conseguirlo. Pronto encontraron el apoyo de todos y se embarcaron en la mayor de las aventuras organizar para ni\u00f1os como ellos una fiesta.<\/p>\n<p><img decoding=\"async\" class=\"aligncenter\" src=\"https:\/\/galiciamaxica.eu\/mini\/wp-content\/uploads\/2019\/10\/img_5d9af3fb681f3.jpg\" alt=\"\" width=\"960\" height=\"720\" \/><\/p>\n<p>Terminaba el cole y todos los ni\u00f1os de Silleda se pon\u00edan manos a la obra en un proyecto de gran importancia el de crear su propia fiesta, una fiesta dedicada a ellos. Lo que empez\u00f3 como un recaudar a poquitos para comprar el material con el que adornar su espacio, fue haci\u00e9ndose grande a\u00f1o tras a\u00f1o y adornando a\u00fan mejor su fiesta l\u00fadica.<\/p>\n<p><img loading=\"lazy\" decoding=\"async\" class=\"aligncenter\" src=\"https:\/\/galiciamaxica.eu\/mini\/wp-content\/uploads\/2019\/10\/img_5d9af3fc4aa63.jpg\" alt=\"\" width=\"960\" height=\"720\" \/><\/p>\n<p>El significado de <em>Romer\u00eda<\/em> aqu\u00ed se llena de color\u00a0arropado en un paraje natural, una carballeira con robles centenarios al lado del famoso Santuario de la Saleta,un gran escenario, podr\u00edamos decir el mejor de los lugares para un evento de tal importancia.\u00a0El lugar volver\u00e1 a contar con servicio de pulpeira y bar. Habr\u00e1 mesas y sillas a disposici\u00f3n de las personas y grupos que quieran almorzar en el robledal durante el d\u00eda por si llev\u00e1is la comida de casa.<\/p>\n<p><iframe src=\"https:\/\/www.youtube.com\/embed\/I9U9ds-nN8Y\" width=\"760\" height=\"515\" frameborder=\"0\" allowfullscreen=\"allowfullscreen\"><span data-mce-type=\"bookmark\" style=\"display: inline-block; width: 0px; overflow: hidden; line-height: 0;\" class=\"mce_SELRES_start\">\ufeff<\/span><\/iframe><\/p>\n<div data-dobid=\"dfn\">Esta peregrinaci\u00f3n tiene pasos en la colaboraci\u00f3n, armon\u00eda, entendimiento, en un da igual la edad, ya que es organizada casi en su totalidad por los propios ni\u00f1os de edades comprendidas entre los 4 y los 12 a\u00f1os.<\/div>\n<div data-dobid=\"dfn\"><\/div>\n<div data-dobid=\"dfn\"><img loading=\"lazy\" decoding=\"async\" class=\"aligncenter\" src=\"https:\/\/galiciamaxica.eu\/mini\/wp-content\/uploads\/2019\/10\/img_5d9af3fd307d7.jpg\" alt=\"\" width=\"960\" height=\"467\" \/><\/div>\n<div data-dobid=\"dfn\"><\/div>\n<div data-dobid=\"dfn\">Ya van 30 a\u00f1os de \u00e9xito en la fiesta de los ni\u00f1os. El lema elegido para este a\u00f1o:\u00a0<strong>\u00abA Festa das Cores\u00bb.<\/strong><\/div>\n<div data-dobid=\"dfn\">Os invito a que disfrut\u00e9is de este v\u00eddeo para entender cuanto significa esta Romer\u00eda y porqu\u00e9 deb\u00e9is acercaros!<\/div>\n<div data-dobid=\"dfn\"><\/div>\n<div data-dobid=\"dfn\"><img loading=\"lazy\" decoding=\"async\" class=\"aligncenter\" src=\"https:\/\/galiciamaxica.eu\/mini\/wp-content\/uploads\/2019\/10\/img_5d9af3fddda7b.jpg\" alt=\"\" width=\"960\" height=\"636\" \/><\/div>\n<h1 style=\"text-align: center;\" data-dobid=\"dfn\">36 propuestas, entre espect\u00e1culos, obradoiros y actividades.<\/h1>\n<div data-dobid=\"dfn\"><img loading=\"lazy\" decoding=\"async\" class=\"aligncenter\" src=\"https:\/\/galiciamaxica.eu\/mini\/wp-content\/uploads\/2019\/10\/img_5d9af3ff1e5ff.jpg\" alt=\"\" width=\"960\" height=\"539\" \/><\/div>\n<div data-dobid=\"dfn\"><\/div>\n<div style=\"text-align: center;\" data-dobid=\"dfn\">La fiesta comenzar\u00e1 a las <strong>11:00 a.m. <\/strong><\/div>\n<div data-dobid=\"dfn\">Habr\u00e1 muchos<strong> TALLERES<\/strong> diferentes: maquillaje, platos, un mini jard\u00edn, pl\u00e1stico m\u00e1gico, gafas, ser protagonista de un cortometraje, elaborar un abanico chino o crear una megaconstrucci\u00f3n de Kapla&#8230; Tambi\u00e9n habr\u00e1<strong> INICIATIVAS PEDAG\u00d3GICAS. <\/strong>Por la tarde se abordar\u00e1 el reciclaje y el medio ambiente y como convertir calcetines y camisetas en marionetas y bolsos con la implicaci\u00f3n de la Fundaci\u00f3n Humana. Pero la gran novedad este a\u00f1o es que habr\u00e1 una zona multiaventura para los peque\u00f1os.<\/div>\n<div data-dobid=\"dfn\"><\/div>\n<div data-dobid=\"dfn\"><img loading=\"lazy\" decoding=\"async\" class=\"aligncenter\" src=\"https:\/\/galiciamaxica.eu\/mini\/wp-content\/uploads\/2019\/10\/img_5d9af40030af0.jpg\" alt=\"\" width=\"1071\" height=\"584\" \/><\/div>\n<div data-dobid=\"dfn\"><\/div>\n<div data-dobid=\"dfn\">Los ni\u00f1os podr\u00e1n disfrutar de una gran <strong>tirolina de cien metros de recorrido,\u00a0<\/strong><strong>practicar al minigolf,\u00a0 superar los obst\u00e1culos de la pista americana<\/strong>. Tambi\u00e9n habr\u00e1 un <strong>campo de Nerf<\/strong> y un circuito de <strong>carbikes<\/strong>, adem\u00e1s de <strong>roc\u00f3dromo<\/strong> y <strong>bola zorbing<\/strong>.\u00a0 Contar\u00e1 con campo de <strong>petanca<\/strong>, <strong>ajedrez<\/strong>, tiro con <strong>arco<\/strong> y <strong>futbol\u00edn humano<\/strong>.<\/div>\n<div data-dobid=\"dfn\"><\/div>\n<div data-dobid=\"dfn\"><img loading=\"lazy\" decoding=\"async\" class=\"aligncenter\" src=\"https:\/\/galiciamaxica.eu\/mini\/wp-content\/uploads\/2019\/10\/img_5d9af4014f6c4.jpg\" alt=\"\" width=\"960\" height=\"640\" \/><\/div>\n<div data-dobid=\"dfn\"><\/div>\n<div data-dobid=\"dfn\">En la secci\u00f3n de hinchables la romer\u00eda contar\u00e1 este a\u00f1o con 4 espacios: el toro mec\u00e1nico; o pirata; Rey Le\u00f3n y la diapositiva para correr.<\/div>\n<div data-dobid=\"dfn\">De forma paralela a las actividades l\u00fadicas no faltar\u00e1n las <strong>actuaciones musicales y de animaci\u00f3n<\/strong>, con cabezudos, A Requinta da Laxeira y el espect\u00e1culo itinerante de A Corva con Cris Collazo.<\/div>\n<p><img loading=\"lazy\" decoding=\"async\" class=\"aligncenter\" src=\"https:\/\/galiciamaxica.eu\/mini\/wp-content\/uploads\/2019\/10\/img_5d9af4024690a.png\" alt=\"\" width=\"859\" height=\"593\" \/><\/p>\n<p><img loading=\"lazy\" decoding=\"async\" class=\"aligncenter\" src=\"https:\/\/galiciamaxica.eu\/mini\/wp-content\/uploads\/2019\/10\/img_5d9af403cdcc6.png\" alt=\"\" width=\"873\" height=\"601\" \/><\/p>\n<h1 style=\"text-align: center;\"><iframe src=\"https:\/\/www.google.com\/maps\/d\/embed?mid=1wHcCXmJ_biolNM-bY59RMTLRK5wV6dLp\" width=\"640\" height=\"480\"><\/iframe><\/h1>\n<h1 style=\"text-align: center;\">Esta Fiesta tiene de todo, hasta Himno<\/h1>\n<p style=\"text-align: center;\"><iframe src=\"https:\/\/www.youtube.com\/embed\/9cm-IU64230\" width=\"760\" height=\"515\" frameborder=\"0\" allowfullscreen=\"allowfullscreen\"><span data-mce-type=\"bookmark\" style=\"display: inline-block; width: 0px; overflow: hidden; line-height: 0;\" class=\"mce_SELRES_start\">\ufeff<\/span><\/iframe><\/p>\n<h1 style=\"text-align: center;\">Una de las fervenzas m\u00e1s famosas de Galicia est\u00e1 aqu\u00ed<\/h1>\n<blockquote class=\"wp-embedded-content\" data-secret=\"oSAbtyTqPj\"><p><a href=\"https:\/\/www.galiciamaxica.eu\/mini\/fervenza-do-toxa-2\/\">FERVENZA DO TOXA<\/a><\/p><\/blockquote>\n<p><iframe class=\"wp-embedded-content\" sandbox=\"allow-scripts\" security=\"restricted\" style=\"position: absolute; visibility: hidden;\" title=\"\u00abFERVENZA DO TOXA\u00bb \u2014 Galicia con ni\u00f1os | GALICIA M\u00c1XICA\" src=\"https:\/\/www.galiciamaxica.eu\/mini\/fervenza-do-toxa-2\/embed\/#?secret=85n0Nq12EB#?secret=oSAbtyTqPj\" data-secret=\"oSAbtyTqPj\" width=\"500\" height=\"282\" frameborder=\"0\" marginwidth=\"0\" marginheight=\"0\" scrolling=\"no\"><\/iframe><\/p>\n","protected":false},"excerpt":{"rendered":"<p>Nos ha llegado una invitaci\u00f3n muy especial de Silleda. Una invitaci\u00f3n\u00a0a un evento con tremenda solera, vamos a la Romar\u00eda do Rapaz. A sus espaldas muchos a\u00f1os creando la mejor de las Romer\u00edas, ya van tres d\u00e9cadas. Romar\u00eda do Rapaz All\u00e1 por el a\u00f1o 83 una idea se convierte en la mejor fiesta para ni\u00f1os. [&hellip;]<\/p>\n","protected":false},"author":1,"featured_media":9014,"comment_status":"open","ping_status":"closed","sticky":false,"template":"","format":"standard","meta":{"_eb_attr":"","site-sidebar-layout":"default","site-content-layout":"","ast-site-content-layout":"","site-content-style":"default","site-sidebar-style":"default","ast-global-header-display":"","ast-banner-title-visibility":"","ast-main-header-display":"","ast-hfb-above-header-display":"","ast-hfb-below-header-display":"","ast-hfb-mobile-header-display":"","site-post-title":"","ast-breadcrumbs-content":"","ast-featured-img":"","footer-sml-layout":"","theme-transparent-header-meta":"","adv-header-id-meta":"","stick-header-meta":"","header-above-stick-meta":"","header-main-stick-meta":"","header-below-stick-meta":"","astra-migrate-meta-layouts":"default","ast-page-background-enabled":"default","ast-page-background-meta":{"desktop":{"background-color":"","background-image":"","background-repeat":"repeat","background-position":"center center","background-size":"auto","background-attachment":"scroll","background-type":"","background-media":"","overlay-type":"","overlay-color":"","overlay-opacity":"","overlay-gradient":""},"tablet":{"background-color":"","background-image":"","background-repeat":"repeat","background-position":"center center","background-size":"auto","background-attachment":"scroll","background-type":"","background-media":"","overlay-type":"","overlay-color":"","overlay-opacity":"","overlay-gradient":""},"mobile":{"background-color":"","background-image":"","background-repeat":"repeat","background-position":"center center","background-size":"auto","background-attachment":"scroll","background-type":"","background-media":"","overlay-type":"","overlay-color":"","overlay-opacity":"","overlay-gradient":""}},"ast-content-background-meta":{"desktop":{"background-color":"var(--ast-global-color-5)","background-image":"","background-repeat":"repeat","background-position":"center center","background-size":"auto","background-attachment":"scroll","background-type":"","background-media":"","overlay-type":"","overlay-color":"","overlay-opacity":"","overlay-gradient":""},"tablet":{"background-color":"var(--ast-global-color-5)","background-image":"","background-repeat":"repeat","background-position":"center center","background-size":"auto","background-attachment":"scroll","background-type":"","background-media":"","overlay-type":"","overlay-color":"","overlay-opacity":"","overlay-gradient":""},"mobile":{"background-color":"var(--ast-global-color-5)","background-image":"","background-repeat":"repeat","background-position":"center center","background-size":"auto","background-attachment":"scroll","background-type":"","background-media":"","overlay-type":"","overlay-color":"","overlay-opacity":"","overlay-gradient":""}},"footnotes":""},"categories":[13],"tags":[1021,1020,579,1019,578,462],"class_list":["post-9008","post","type-post","status-publish","format-standard","has-post-thumbnail","hentry","category-actividades","tag-cores","tag-festa","tag-rapaz","tag-romaria","tag-romeria","tag-silleda"],"yoast_head":"<!-- This site is optimized with the Yoast SEO plugin v24.9 - https:\/\/yoast.com\/wordpress\/plugins\/seo\/ -->\n<title>Romar\u00eda do Rapaz en Silleda \u00abA Festa das Cores\u00bb El domingo 24 de Junio - Galicia con ni\u00f1os | GALICIA M\u00c1XICA<\/title>\n<meta name=\"robots\" content=\"index, follow, max-snippet:-1, max-image-preview:large, max-video-preview:-1\" \/>\n<link rel=\"canonical\" href=\"https:\/\/www.galiciamaxica.eu\/mini\/romaria-do-rapaz-en-silleda-a-festa-das-cores-el-domingo-24-de-junio\/\" \/>\n<meta property=\"og:locale\" content=\"es_ES\" \/>\n<meta property=\"og:type\" content=\"article\" \/>\n<meta property=\"og:title\" content=\"Romar\u00eda do Rapaz en Silleda \u00abA Festa das Cores\u00bb El domingo 24 de Junio - Galicia con ni\u00f1os | GALICIA M\u00c1XICA\" \/>\n<meta property=\"og:description\" content=\"Nos ha llegado una invitaci\u00f3n muy especial de Silleda. Una invitaci\u00f3n\u00a0a un evento con tremenda solera, vamos a la Romar\u00eda do Rapaz. A sus espaldas muchos a\u00f1os creando la mejor de las Romer\u00edas, ya van tres d\u00e9cadas. Romar\u00eda do Rapaz All\u00e1 por el a\u00f1o 83 una idea se convierte en la mejor fiesta para ni\u00f1os. [&hellip;]\" \/>\n<meta property=\"og:url\" content=\"https:\/\/www.galiciamaxica.eu\/mini\/romaria-do-rapaz-en-silleda-a-festa-das-cores-el-domingo-24-de-junio\/\" \/>\n<meta property=\"og:site_name\" content=\"Galicia con ni\u00f1os | GALICIA M\u00c1XICA\" \/>\n<meta property=\"article:publisher\" content=\"https:\/\/www.facebook.com\/maria.rodriguezserantes\" \/>\n<meta property=\"article:author\" content=\"https:\/\/www.facebook.com\/maria.rodriguezserantes\" \/>\n<meta property=\"article:published_time\" content=\"2018-06-12T17:14:09+00:00\" \/>\n<meta property=\"article:modified_time\" content=\"2024-08-13T17:23:42+00:00\" \/>\n<meta property=\"og:image\" content=\"https:\/\/www.galiciamaxica.eu\/mini\/wp-content\/uploads\/2018\/06\/Captura.jpg\" \/>\n\t<meta property=\"og:image:width\" content=\"817\" \/>\n\t<meta property=\"og:image:height\" content=\"466\" \/>\n\t<meta property=\"og:image:type\" content=\"image\/jpeg\" \/>\n<meta name=\"author\" content=\"seseixa\" \/>\n<meta name=\"twitter:card\" content=\"summary_large_image\" \/>\n<meta name=\"twitter:creator\" content=\"@seseixa\" \/>\n<meta name=\"twitter:site\" content=\"@seseixa\" \/>\n<meta name=\"twitter:label1\" content=\"Escrito por\" \/>\n\t<meta name=\"twitter:data1\" content=\"seseixa\" \/>\n\t<meta name=\"twitter:label2\" content=\"Tiempo de lectura\" \/>\n\t<meta name=\"twitter:data2\" content=\"3 minutos\" \/>\n<script type=\"application\/ld+json\" class=\"yoast-schema-graph\">{\"@context\":\"https:\/\/schema.org\",\"@graph\":[{\"@type\":\"Article\",\"@id\":\"https:\/\/www.galiciamaxica.eu\/mini\/romaria-do-rapaz-en-silleda-a-festa-das-cores-el-domingo-24-de-junio\/#article\",\"isPartOf\":{\"@id\":\"https:\/\/www.galiciamaxica.eu\/mini\/romaria-do-rapaz-en-silleda-a-festa-das-cores-el-domingo-24-de-junio\/\"},\"author\":{\"name\":\"seseixa\",\"@id\":\"https:\/\/www.galiciamaxica.eu\/mini\/#\/schema\/person\/2b284fe2fd911000a48d2e8936300179\"},\"headline\":\"Romar\u00eda do Rapaz en Silleda \u00abA Festa das Cores\u00bb El domingo 24 de Junio\",\"datePublished\":\"2018-06-12T17:14:09+00:00\",\"dateModified\":\"2024-08-13T17:23:42+00:00\",\"mainEntityOfPage\":{\"@id\":\"https:\/\/www.galiciamaxica.eu\/mini\/romaria-do-rapaz-en-silleda-a-festa-das-cores-el-domingo-24-de-junio\/\"},\"wordCount\":702,\"commentCount\":0,\"publisher\":{\"@id\":\"https:\/\/www.galiciamaxica.eu\/mini\/#\/schema\/person\/2b284fe2fd911000a48d2e8936300179\"},\"image\":{\"@id\":\"https:\/\/www.galiciamaxica.eu\/mini\/romaria-do-rapaz-en-silleda-a-festa-das-cores-el-domingo-24-de-junio\/#primaryimage\"},\"thumbnailUrl\":\"https:\/\/www.galiciamaxica.eu\/mini\/wp-content\/uploads\/2018\/06\/Captura.jpg\",\"keywords\":[\"cores\",\"festa\",\"rapaz\",\"romar\u00eda\",\"Romer\u00eda\",\"silleda\"],\"articleSection\":[\"ACTIVIDADES\"],\"inLanguage\":\"es\",\"potentialAction\":[{\"@type\":\"CommentAction\",\"name\":\"Comment\",\"target\":[\"https:\/\/www.galiciamaxica.eu\/mini\/romaria-do-rapaz-en-silleda-a-festa-das-cores-el-domingo-24-de-junio\/#respond\"]}]},{\"@type\":\"WebPage\",\"@id\":\"https:\/\/www.galiciamaxica.eu\/mini\/romaria-do-rapaz-en-silleda-a-festa-das-cores-el-domingo-24-de-junio\/\",\"url\":\"https:\/\/www.galiciamaxica.eu\/mini\/romaria-do-rapaz-en-silleda-a-festa-das-cores-el-domingo-24-de-junio\/\",\"name\":\"Romar\u00eda do Rapaz en Silleda \u00abA Festa das Cores\u00bb El domingo 24 de Junio - Galicia con ni\u00f1os | GALICIA M\u00c1XICA\",\"isPartOf\":{\"@id\":\"https:\/\/www.galiciamaxica.eu\/mini\/#website\"},\"primaryImageOfPage\":{\"@id\":\"https:\/\/www.galiciamaxica.eu\/mini\/romaria-do-rapaz-en-silleda-a-festa-das-cores-el-domingo-24-de-junio\/#primaryimage\"},\"image\":{\"@id\":\"https:\/\/www.galiciamaxica.eu\/mini\/romaria-do-rapaz-en-silleda-a-festa-das-cores-el-domingo-24-de-junio\/#primaryimage\"},\"thumbnailUrl\":\"https:\/\/www.galiciamaxica.eu\/mini\/wp-content\/uploads\/2018\/06\/Captura.jpg\",\"datePublished\":\"2018-06-12T17:14:09+00:00\",\"dateModified\":\"2024-08-13T17:23:42+00:00\",\"breadcrumb\":{\"@id\":\"https:\/\/www.galiciamaxica.eu\/mini\/romaria-do-rapaz-en-silleda-a-festa-das-cores-el-domingo-24-de-junio\/#breadcrumb\"},\"inLanguage\":\"es\",\"potentialAction\":[{\"@type\":\"ReadAction\",\"target\":[\"https:\/\/www.galiciamaxica.eu\/mini\/romaria-do-rapaz-en-silleda-a-festa-das-cores-el-domingo-24-de-junio\/\"]}]},{\"@type\":\"ImageObject\",\"inLanguage\":\"es\",\"@id\":\"https:\/\/www.galiciamaxica.eu\/mini\/romaria-do-rapaz-en-silleda-a-festa-das-cores-el-domingo-24-de-junio\/#primaryimage\",\"url\":\"https:\/\/www.galiciamaxica.eu\/mini\/wp-content\/uploads\/2018\/06\/Captura.jpg\",\"contentUrl\":\"https:\/\/www.galiciamaxica.eu\/mini\/wp-content\/uploads\/2018\/06\/Captura.jpg\",\"width\":817,\"height\":466,\"caption\":\"img_5d9af3f964562\"},{\"@type\":\"BreadcrumbList\",\"@id\":\"https:\/\/www.galiciamaxica.eu\/mini\/romaria-do-rapaz-en-silleda-a-festa-das-cores-el-domingo-24-de-junio\/#breadcrumb\",\"itemListElement\":[{\"@type\":\"ListItem\",\"position\":1,\"name\":\"Portada\",\"item\":\"https:\/\/www.galiciamaxica.eu\/mini\/\"},{\"@type\":\"ListItem\",\"position\":2,\"name\":\"Romar\u00eda do Rapaz en Silleda \u00abA Festa das Cores\u00bb El domingo 24 de Junio\"}]},{\"@type\":\"WebSite\",\"@id\":\"https:\/\/www.galiciamaxica.eu\/mini\/#website\",\"url\":\"https:\/\/www.galiciamaxica.eu\/mini\/\",\"name\":\"Galicia con ni\u00f1os | GALICIA M\u00c1XICA\",\"description\":\"Qu\u00e9 hacer con ni\u00f1os en Galicia\",\"publisher\":{\"@id\":\"https:\/\/www.galiciamaxica.eu\/mini\/#\/schema\/person\/2b284fe2fd911000a48d2e8936300179\"},\"potentialAction\":[{\"@type\":\"SearchAction\",\"target\":{\"@type\":\"EntryPoint\",\"urlTemplate\":\"https:\/\/www.galiciamaxica.eu\/mini\/?s={search_term_string}\"},\"query-input\":{\"@type\":\"PropertyValueSpecification\",\"valueRequired\":true,\"valueName\":\"search_term_string\"}}],\"inLanguage\":\"es\"},{\"@type\":[\"Person\",\"Organization\"],\"@id\":\"https:\/\/www.galiciamaxica.eu\/mini\/#\/schema\/person\/2b284fe2fd911000a48d2e8936300179\",\"name\":\"seseixa\",\"image\":{\"@type\":\"ImageObject\",\"inLanguage\":\"es\",\"@id\":\"https:\/\/www.galiciamaxica.eu\/mini\/#\/schema\/person\/image\/\",\"url\":\"https:\/\/www.galiciamaxica.eu\/mini\/wp-content\/uploads\/2019\/02\/seseixa.png\",\"contentUrl\":\"https:\/\/www.galiciamaxica.eu\/mini\/wp-content\/uploads\/2019\/02\/seseixa.png\",\"width\":100,\"height\":100,\"caption\":\"seseixa\"},\"logo\":{\"@id\":\"https:\/\/www.galiciamaxica.eu\/mini\/#\/schema\/person\/image\/\"},\"description\":\"En la actualidad combinando dos proyectos que me apasionan, Galicia y los ni\u00f1os. Tengo mucho que aportar y otro tanto que aprender, as\u00ed como, el tiempo y el coraz\u00f3n, dividido en todo momento. Soy mam\u00e1, un titulo otorgado a tiempo completo, compa\u00f1era y amiga, a todas horas, familiar y cercana, siempre. De esp\u00edritu inquieto, soy una eterna ni\u00f1a que juega en el pa\u00eds de las maravillas. Una enamorada de mi tierra, por la que trabajo sin descanso. Creo en la infancia como motor que cambiar\u00e1 el mundo a mejor y busco en mi vida la felicidad como estado permanente porque s\u00f3lo se vive una vez.\",\"sameAs\":[\"http:\/\/mini.galiciamaxica.eu\/\",\"https:\/\/www.facebook.com\/maria.rodriguezserantes\",\"https:\/\/x.com\/seseixa\"],\"url\":\"https:\/\/www.galiciamaxica.eu\/mini\/author\/seseixa\/\"}]}<\/script>\n<!-- \/ Yoast SEO plugin. -->","yoast_head_json":{"title":"Romar\u00eda do Rapaz en Silleda \u00abA Festa das Cores\u00bb El domingo 24 de Junio - Galicia con ni\u00f1os | GALICIA M\u00c1XICA","robots":{"index":"index","follow":"follow","max-snippet":"max-snippet:-1","max-image-preview":"max-image-preview:large","max-video-preview":"max-video-preview:-1"},"canonical":"https:\/\/www.galiciamaxica.eu\/mini\/romaria-do-rapaz-en-silleda-a-festa-das-cores-el-domingo-24-de-junio\/","og_locale":"es_ES","og_type":"article","og_title":"Romar\u00eda do Rapaz en Silleda \u00abA Festa das Cores\u00bb El domingo 24 de Junio - Galicia con ni\u00f1os | GALICIA M\u00c1XICA","og_description":"Nos ha llegado una invitaci\u00f3n muy especial de Silleda. Una invitaci\u00f3n\u00a0a un evento con tremenda solera, vamos a la Romar\u00eda do Rapaz. A sus espaldas muchos a\u00f1os creando la mejor de las Romer\u00edas, ya van tres d\u00e9cadas. Romar\u00eda do Rapaz All\u00e1 por el a\u00f1o 83 una idea se convierte en la mejor fiesta para ni\u00f1os. [&hellip;]","og_url":"https:\/\/www.galiciamaxica.eu\/mini\/romaria-do-rapaz-en-silleda-a-festa-das-cores-el-domingo-24-de-junio\/","og_site_name":"Galicia con ni\u00f1os | GALICIA M\u00c1XICA","article_publisher":"https:\/\/www.facebook.com\/maria.rodriguezserantes","article_author":"https:\/\/www.facebook.com\/maria.rodriguezserantes","article_published_time":"2018-06-12T17:14:09+00:00","article_modified_time":"2024-08-13T17:23:42+00:00","og_image":[{"width":817,"height":466,"url":"https:\/\/www.galiciamaxica.eu\/mini\/wp-content\/uploads\/2018\/06\/Captura.jpg","type":"image\/jpeg"}],"author":"seseixa","twitter_card":"summary_large_image","twitter_creator":"@seseixa","twitter_site":"@seseixa","twitter_misc":{"Escrito por":"seseixa","Tiempo de lectura":"3 minutos"},"schema":{"@context":"https:\/\/schema.org","@graph":[{"@type":"Article","@id":"https:\/\/www.galiciamaxica.eu\/mini\/romaria-do-rapaz-en-silleda-a-festa-das-cores-el-domingo-24-de-junio\/#article","isPartOf":{"@id":"https:\/\/www.galiciamaxica.eu\/mini\/romaria-do-rapaz-en-silleda-a-festa-das-cores-el-domingo-24-de-junio\/"},"author":{"name":"seseixa","@id":"https:\/\/www.galiciamaxica.eu\/mini\/#\/schema\/person\/2b284fe2fd911000a48d2e8936300179"},"headline":"Romar\u00eda do Rapaz en Silleda \u00abA Festa das Cores\u00bb El domingo 24 de Junio","datePublished":"2018-06-12T17:14:09+00:00","dateModified":"2024-08-13T17:23:42+00:00","mainEntityOfPage":{"@id":"https:\/\/www.galiciamaxica.eu\/mini\/romaria-do-rapaz-en-silleda-a-festa-das-cores-el-domingo-24-de-junio\/"},"wordCount":702,"commentCount":0,"publisher":{"@id":"https:\/\/www.galiciamaxica.eu\/mini\/#\/schema\/person\/2b284fe2fd911000a48d2e8936300179"},"image":{"@id":"https:\/\/www.galiciamaxica.eu\/mini\/romaria-do-rapaz-en-silleda-a-festa-das-cores-el-domingo-24-de-junio\/#primaryimage"},"thumbnailUrl":"https:\/\/www.galiciamaxica.eu\/mini\/wp-content\/uploads\/2018\/06\/Captura.jpg","keywords":["cores","festa","rapaz","romar\u00eda","Romer\u00eda","silleda"],"articleSection":["ACTIVIDADES"],"inLanguage":"es","potentialAction":[{"@type":"CommentAction","name":"Comment","target":["https:\/\/www.galiciamaxica.eu\/mini\/romaria-do-rapaz-en-silleda-a-festa-das-cores-el-domingo-24-de-junio\/#respond"]}]},{"@type":"WebPage","@id":"https:\/\/www.galiciamaxica.eu\/mini\/romaria-do-rapaz-en-silleda-a-festa-das-cores-el-domingo-24-de-junio\/","url":"https:\/\/www.galiciamaxica.eu\/mini\/romaria-do-rapaz-en-silleda-a-festa-das-cores-el-domingo-24-de-junio\/","name":"Romar\u00eda do Rapaz en Silleda \u00abA Festa das Cores\u00bb El domingo 24 de Junio - Galicia con ni\u00f1os | GALICIA M\u00c1XICA","isPartOf":{"@id":"https:\/\/www.galiciamaxica.eu\/mini\/#website"},"primaryImageOfPage":{"@id":"https:\/\/www.galiciamaxica.eu\/mini\/romaria-do-rapaz-en-silleda-a-festa-das-cores-el-domingo-24-de-junio\/#primaryimage"},"image":{"@id":"https:\/\/www.galiciamaxica.eu\/mini\/romaria-do-rapaz-en-silleda-a-festa-das-cores-el-domingo-24-de-junio\/#primaryimage"},"thumbnailUrl":"https:\/\/www.galiciamaxica.eu\/mini\/wp-content\/uploads\/2018\/06\/Captura.jpg","datePublished":"2018-06-12T17:14:09+00:00","dateModified":"2024-08-13T17:23:42+00:00","breadcrumb":{"@id":"https:\/\/www.galiciamaxica.eu\/mini\/romaria-do-rapaz-en-silleda-a-festa-das-cores-el-domingo-24-de-junio\/#breadcrumb"},"inLanguage":"es","potentialAction":[{"@type":"ReadAction","target":["https:\/\/www.galiciamaxica.eu\/mini\/romaria-do-rapaz-en-silleda-a-festa-das-cores-el-domingo-24-de-junio\/"]}]},{"@type":"ImageObject","inLanguage":"es","@id":"https:\/\/www.galiciamaxica.eu\/mini\/romaria-do-rapaz-en-silleda-a-festa-das-cores-el-domingo-24-de-junio\/#primaryimage","url":"https:\/\/www.galiciamaxica.eu\/mini\/wp-content\/uploads\/2018\/06\/Captura.jpg","contentUrl":"https:\/\/www.galiciamaxica.eu\/mini\/wp-content\/uploads\/2018\/06\/Captura.jpg","width":817,"height":466,"caption":"img_5d9af3f964562"},{"@type":"BreadcrumbList","@id":"https:\/\/www.galiciamaxica.eu\/mini\/romaria-do-rapaz-en-silleda-a-festa-das-cores-el-domingo-24-de-junio\/#breadcrumb","itemListElement":[{"@type":"ListItem","position":1,"name":"Portada","item":"https:\/\/www.galiciamaxica.eu\/mini\/"},{"@type":"ListItem","position":2,"name":"Romar\u00eda do Rapaz en Silleda \u00abA Festa das Cores\u00bb El domingo 24 de Junio"}]},{"@type":"WebSite","@id":"https:\/\/www.galiciamaxica.eu\/mini\/#website","url":"https:\/\/www.galiciamaxica.eu\/mini\/","name":"Galicia con ni\u00f1os | GALICIA M\u00c1XICA","description":"Qu\u00e9 hacer con ni\u00f1os en Galicia","publisher":{"@id":"https:\/\/www.galiciamaxica.eu\/mini\/#\/schema\/person\/2b284fe2fd911000a48d2e8936300179"},"potentialAction":[{"@type":"SearchAction","target":{"@type":"EntryPoint","urlTemplate":"https:\/\/www.galiciamaxica.eu\/mini\/?s={search_term_string}"},"query-input":{"@type":"PropertyValueSpecification","valueRequired":true,"valueName":"search_term_string"}}],"inLanguage":"es"},{"@type":["Person","Organization"],"@id":"https:\/\/www.galiciamaxica.eu\/mini\/#\/schema\/person\/2b284fe2fd911000a48d2e8936300179","name":"seseixa","image":{"@type":"ImageObject","inLanguage":"es","@id":"https:\/\/www.galiciamaxica.eu\/mini\/#\/schema\/person\/image\/","url":"https:\/\/www.galiciamaxica.eu\/mini\/wp-content\/uploads\/2019\/02\/seseixa.png","contentUrl":"https:\/\/www.galiciamaxica.eu\/mini\/wp-content\/uploads\/2019\/02\/seseixa.png","width":100,"height":100,"caption":"seseixa"},"logo":{"@id":"https:\/\/www.galiciamaxica.eu\/mini\/#\/schema\/person\/image\/"},"description":"En la actualidad combinando dos proyectos que me apasionan, Galicia y los ni\u00f1os. Tengo mucho que aportar y otro tanto que aprender, as\u00ed como, el tiempo y el coraz\u00f3n, dividido en todo momento. Soy mam\u00e1, un titulo otorgado a tiempo completo, compa\u00f1era y amiga, a todas horas, familiar y cercana, siempre. De esp\u00edritu inquieto, soy una eterna ni\u00f1a que juega en el pa\u00eds de las maravillas. Una enamorada de mi tierra, por la que trabajo sin descanso. Creo en la infancia como motor que cambiar\u00e1 el mundo a mejor y busco en mi vida la felicidad como estado permanente porque s\u00f3lo se vive una vez.","sameAs":["http:\/\/mini.galiciamaxica.eu\/","https:\/\/www.facebook.com\/maria.rodriguezserantes","https:\/\/x.com\/seseixa"],"url":"https:\/\/www.galiciamaxica.eu\/mini\/author\/seseixa\/"}]}},"amp_enabled":true,"post_mailing_queue_ids":[],"_links":{"self":[{"href":"https:\/\/www.galiciamaxica.eu\/mini\/wp-json\/wp\/v2\/posts\/9008"}],"collection":[{"href":"https:\/\/www.galiciamaxica.eu\/mini\/wp-json\/wp\/v2\/posts"}],"about":[{"href":"https:\/\/www.galiciamaxica.eu\/mini\/wp-json\/wp\/v2\/types\/post"}],"author":[{"embeddable":true,"href":"https:\/\/www.galiciamaxica.eu\/mini\/wp-json\/wp\/v2\/users\/1"}],"replies":[{"embeddable":true,"href":"https:\/\/www.galiciamaxica.eu\/mini\/wp-json\/wp\/v2\/comments?post=9008"}],"version-history":[{"count":1,"href":"https:\/\/www.galiciamaxica.eu\/mini\/wp-json\/wp\/v2\/posts\/9008\/revisions"}],"predecessor-version":[{"id":22214,"href":"https:\/\/www.galiciamaxica.eu\/mini\/wp-json\/wp\/v2\/posts\/9008\/revisions\/22214"}],"wp:featuredmedia":[{"embeddable":true,"href":"https:\/\/www.galiciamaxica.eu\/mini\/wp-json\/wp\/v2\/media\/9014"}],"wp:attachment":[{"href":"https:\/\/www.galiciamaxica.eu\/mini\/wp-json\/wp\/v2\/media?parent=9008"}],"wp:term":[{"taxonomy":"category","embeddable":true,"href":"https:\/\/www.galiciamaxica.eu\/mini\/wp-json\/wp\/v2\/categories?post=9008"},{"taxonomy":"post_tag","embeddable":true,"href":"https:\/\/www.galiciamaxica.eu\/mini\/wp-json\/wp\/v2\/tags?post=9008"}],"curies":[{"name":"wp","href":"https:\/\/api.w.org\/{rel}","templated":true}]}}