{"id":8931,"date":"2018-06-03T20:02:05","date_gmt":"2018-06-03T18:02:05","guid":{"rendered":"http:\/\/www.galiciamaxica.eu\/mini\/?p=8931"},"modified":"2019-10-07T17:11:19","modified_gmt":"2019-10-07T15:11:19","slug":"quien-te-dijo-que-iba-a-ser-facil-son-nuestro-reto-mas-hermoso-en-la-vida","status":"publish","type":"post","link":"https:\/\/www.galiciamaxica.eu\/mini\/quien-te-dijo-que-iba-a-ser-facil-son-nuestro-reto-mas-hermoso-en-la-vida\/","title":{"rendered":"Qui\u00e9n te dijo que iba a ser f\u00e1cil?. Son nuestro reto m\u00e1s hermoso en la vida"},"content":{"rendered":"<p style=\"text-align: center;\">Hoy en d\u00eda se cuestiona todo, todo&#8230; el nombre que les pones, la ropa que les pones, el s\u00ed actividades, el no en exceso o el s\u00ed por defecto.<\/p>\n<blockquote>\n<p style=\"text-align: center;\"><em><strong>Cada ni\u00f1o es un letrero viviente que dice: \u00a1Precauci\u00f3n!. Oscar Wilde<\/strong><\/em><\/p>\n<\/blockquote>\n<p><img fetchpriority=\"high\" decoding=\"async\" class=\"aligncenter size-medium\" src=\"https:\/\/galiciamaxica.eu\/mini\/wp-content\/uploads\/2019\/10\/img_5d9af42a28696.jpg\" width=\"960\" height=\"640\" \/><\/p>\n<p>Marcamos m\u00e1s el educar por el que dicen o por el que hacen que el que sentimiento que brota al hacerlo, ese instinto que lleva impl\u00edcito el educarse a uno mismo, el no auto-juzgarnos continuamente por lo mal o bien que lo hacemos, el que lleva tatuado el ilusionarnos con la gran tarea que tenemos entre manos, el deber de aprender y de formarnos siendo ellos la mejor de nuestras asignaturas, siempre en pendiente y aprobadas cada a\u00f1o con un <em>cum laude<\/em>.<\/p>\n<blockquote>\n<p style=\"text-align: center;\"><em><strong>\u201cDonde hay ni\u00f1os existe la Edad de Oro\u201d Friedrich Leopold von Hardenberg\u00a0<\/strong><\/em><\/p>\n<\/blockquote>\n<p><img decoding=\"async\" class=\"aligncenter size-medium\" src=\"https:\/\/galiciamaxica.eu\/mini\/wp-content\/uploads\/2019\/10\/img_5d9af42b3bb26.jpg\" width=\"960\" height=\"640\" \/><\/p>\n<p>Hoy en d\u00eda hay poco para el improvisar y mucho libro pautado con el hacerlo as\u00ed. Cu\u00e1ndo y d\u00f3nde son m\u00e1s importantes que el c\u00f3mo, marcando fechas para esto u otro y poniendo el list\u00f3n en \u00ab\u00e9l lo ha hecho antes de tiempo\u00bb. No, no es as\u00ed el crecimiento, en cada ni\u00f1o lleva un ritmo bien distinto, el suyo y todo, llega a tiempo, todo llega aunque no sea en el mismo momento que a otro, no por ello deja de ser una gran haza\u00f1a.<\/p>\n<blockquote>\n<p style=\"text-align: center;\"><em><strong>\u201cLa infancia es la acci\u00f3n en espera\u201d Jean Jacques Rosseau\u00a0<\/strong><\/em><\/p>\n<\/blockquote>\n<p><img decoding=\"async\" class=\"aligncenter size-medium\" src=\"https:\/\/galiciamaxica.eu\/mini\/wp-content\/uploads\/2019\/10\/img_5d9af42c136f7.jpg\" width=\"960\" height=\"640\" \/><\/p>\n<p>Lo mismo sucede con el hacerles mayores antes de tiempo y darles responsabilidades no propias de su edad, con bandera en independencia o dejarles hacer lo que les venga en gana porque no se pueden cortar las alas a un esp\u00edritu inquieto. Y s\u00ed se puede y se debe cortar esas alas que empiezan a crecer a\u00fan sin fuerzas y carentes de verbo volar, porque para volar hay que saber hacerlo.<\/p>\n<blockquote>\n<p style=\"text-align: center;\"><em><strong>Los ni\u00f1os son la esperanza del mundo. Jos\u00e9 Mart\u00ed<\/strong><\/em><\/p>\n<\/blockquote>\n<p><img loading=\"lazy\" decoding=\"async\" class=\"aligncenter size-medium\" src=\"https:\/\/galiciamaxica.eu\/mini\/wp-content\/uploads\/2019\/10\/img_5d9af42d4b439.jpg\" width=\"960\" height=\"640\" \/><\/p>\n<p>A veces, siento que se nos ha impuesto la etiqueta del \u00abpadres sin sentido ni forma\u00bb y quieren crear en nosotros educadores con formas y con muy poco sentido y en esto, creo que nos gana a todos el sentido com\u00fan, ese que medimos con un ir creciendo con ellos. Sabiendo que cada ni\u00f1o es un mundo y que ellos crean su mundo.<\/p>\n<blockquote>\n<p style=\"text-align: center;\"><em><strong>Para educar a un ni\u00f1o por el camino correcto, transite usted por ese camino durante un rato. Josh Billings<\/strong><\/em><\/p>\n<\/blockquote>\n<p><img loading=\"lazy\" decoding=\"async\" class=\"aligncenter size-medium\" src=\"https:\/\/galiciamaxica.eu\/mini\/wp-content\/uploads\/2019\/10\/img_5d9af42e24962.jpg\" width=\"960\" height=\"640\" \/><\/p>\n<p>Hay que respetar y no sacarle tanto brillo a nuestro ombligo con que \u00abbien lo hago yo y que mal ellos\u00bb.<br \/>\nRecuerda que van cambiando los tiempos, ese a \u00ablas tres horas les das de comer\u00bb se transforma un segundo m\u00e1s tarde en el \u00abqu\u00e9 va, a demanda\u00bb o el \u00abd\u00e9jalo llorar, no lo cojas\u00bb,\u00a0 \u00abse acostumbra al colo\u00bb, con un \u00aba colear\u00bb que sienta amor,\u00a0 qu\u00e9 decir no le puedes hacer caso a todos, sentido com\u00fan nadie mejor que t\u00fa para dar lo mejor de ti.<\/p>\n<blockquote>\n<p style=\"text-align: center;\"><em><strong>El medio mejor para hacer buenos a los ni\u00f1os es hacerlos felices. Oscar Wilde<\/strong><\/em><\/p>\n<\/blockquote>\n<p style=\"text-align: center;\"><img loading=\"lazy\" decoding=\"async\" class=\"aligncenter size-medium\" src=\"https:\/\/galiciamaxica.eu\/mini\/wp-content\/uploads\/2019\/10\/img_5d9af42fb5fc7.jpg\" width=\"960\" height=\"640\" \/>D\u00e9jale ser, entendiendo que \u00abser\u00bb, es una palabra que connota tiempo, mucho tiempo y ello significa madurez para estar preparados para elegir lo mejor para cada uno. Recuerda esto que te digo: los ni\u00f1os peque\u00f1os no eligen a\u00fan el color para su pelo \ud83d\ude09 o marcan las horas de llegar a casa.<\/p>\n<blockquote>\n<p style=\"text-align: center;\"><em><strong>Los juegos infantiles no son tales juegos, sino sus m\u00e1s serias actividades. Michel Eyquem de Montaigne<\/strong><\/em><\/p>\n<\/blockquote>\n<p><img loading=\"lazy\" decoding=\"async\" class=\"aligncenter size-medium\" src=\"https:\/\/galiciamaxica.eu\/mini\/wp-content\/uploads\/2019\/10\/img_5d9af4325d888.jpg\" width=\"960\" height=\"640\" \/><\/p>\n<p>La educaci\u00f3n de nuestros hijos pende de un tremendo hilo, de un gran dilema entre pautar o dejarles elegir, entre el medir todo con el cuanto das y no dar importancia al que recibes o creas y en esto del crecer hay que medir m\u00e1s por el que se convierten que con el cuanto los recubrimos.<\/p>\n<blockquote>\n<p style=\"text-align: center;\"><em><strong>La infancia tiene sus propias maneras de ver, pensar y sentir; nada hay m\u00e1s insensato que pretender sustituirlas por las nuestras. Jean Jacques Rousseau<\/strong><\/em><\/p>\n<\/blockquote>\n<p><img loading=\"lazy\" decoding=\"async\" class=\"aligncenter size-medium\" src=\"https:\/\/galiciamaxica.eu\/mini\/wp-content\/uploads\/2019\/10\/img_5d9af4333d0e2.jpg\" width=\"960\" height=\"599\" \/><\/p>\n<p>Recordar que \u00abel menos siempre es m\u00e1s\u00bb porque a muchos les gustar\u00eda ese menos que para ellos ser\u00eda much\u00edsimo m\u00e1s y esto es educar en principios, no consentirlos baj\u00e1ndoles la luna para que no se frustren porque la vida no es f\u00e1cil y cada uno ha de bajarse su luna.<\/p>\n<blockquote>\n<p style=\"text-align: center;\"><em><strong>Ense\u00f1a a los ni\u00f1os, y no ser\u00e1 necesario castigar a los hombres. Pit\u00e1goras<\/strong><\/em><\/p>\n<\/blockquote>\n<p><img loading=\"lazy\" decoding=\"async\" class=\"aligncenter size-medium\" src=\"https:\/\/galiciamaxica.eu\/mini\/wp-content\/uploads\/2019\/10\/img_5d9af43418526.jpg\" width=\"960\" height=\"640\" \/><\/p>\n<p>Ense\u00f1arles los caminos, darle las pistas en su d\u00eda a d\u00eda para elegir siempre el mejor y ense\u00f1arles a valorar lo que realmente tiene valor.<\/p>\n<blockquote>\n<p style=\"text-align: center;\"><em><strong>\u201cEn cada ni\u00f1o nace la humanidad\u201d Jacinto Benavente\u00a0<\/strong><\/em><\/p>\n<p><img loading=\"lazy\" decoding=\"async\" class=\"aligncenter size-medium\" src=\"https:\/\/galiciamaxica.eu\/mini\/wp-content\/uploads\/2019\/10\/img_5d9af434d2009.jpg\" width=\"960\" height=\"630\" \/><\/p><\/blockquote>\n<p style=\"text-align: center;\"><em><strong>Me encantan vuestros comentarios<\/strong><\/em><\/p>\n","protected":false},"excerpt":{"rendered":"<p>Hoy en d\u00eda se cuestiona todo, todo&#8230; el nombre que les pones, la ropa que les pones, el s\u00ed actividades, el no en exceso o el s\u00ed por defecto. Cada ni\u00f1o es un letrero viviente que dice: \u00a1Precauci\u00f3n!. Oscar Wilde Marcamos m\u00e1s el educar por el que dicen o por el que hacen que el [&hellip;]<\/p>\n","protected":false},"author":1,"featured_media":0,"comment_status":"open","ping_status":"closed","sticky":false,"template":"","format":"standard","meta":{"_eb_attr":"","site-sidebar-layout":"default","site-content-layout":"","ast-site-content-layout":"","site-content-style":"default","site-sidebar-style":"default","ast-global-header-display":"","ast-banner-title-visibility":"","ast-main-header-display":"","ast-hfb-above-header-display":"","ast-hfb-below-header-display":"","ast-hfb-mobile-header-display":"","site-post-title":"","ast-breadcrumbs-content":"","ast-featured-img":"","footer-sml-layout":"","theme-transparent-header-meta":"","adv-header-id-meta":"","stick-header-meta":"","header-above-stick-meta":"","header-main-stick-meta":"","header-below-stick-meta":"","astra-migrate-meta-layouts":"default","ast-page-background-enabled":"default","ast-page-background-meta":{"desktop":{"background-color":"","background-image":"","background-repeat":"repeat","background-position":"center center","background-size":"auto","background-attachment":"scroll","background-type":"","background-media":"","overlay-type":"","overlay-color":"","overlay-opacity":"","overlay-gradient":""},"tablet":{"background-color":"","background-image":"","background-repeat":"repeat","background-position":"center center","background-size":"auto","background-attachment":"scroll","background-type":"","background-media":"","overlay-type":"","overlay-color":"","overlay-opacity":"","overlay-gradient":""},"mobile":{"background-color":"","background-image":"","background-repeat":"repeat","background-position":"center center","background-size":"auto","background-attachment":"scroll","background-type":"","background-media":"","overlay-type":"","overlay-color":"","overlay-opacity":"","overlay-gradient":""}},"ast-content-background-meta":{"desktop":{"background-color":"var(--ast-global-color-5)","background-image":"","background-repeat":"repeat","background-position":"center center","background-size":"auto","background-attachment":"scroll","background-type":"","background-media":"","overlay-type":"","overlay-color":"","overlay-opacity":"","overlay-gradient":""},"tablet":{"background-color":"var(--ast-global-color-5)","background-image":"","background-repeat":"repeat","background-position":"center center","background-size":"auto","background-attachment":"scroll","background-type":"","background-media":"","overlay-type":"","overlay-color":"","overlay-opacity":"","overlay-gradient":""},"mobile":{"background-color":"var(--ast-global-color-5)","background-image":"","background-repeat":"repeat","background-position":"center center","background-size":"auto","background-attachment":"scroll","background-type":"","background-media":"","overlay-type":"","overlay-color":"","overlay-opacity":"","overlay-gradient":""}},"footnotes":""},"categories":[759],"tags":[],"class_list":["post-8931","post","type-post","status-publish","format-standard","hentry","category-maria"],"yoast_head":"<!-- This site is optimized with the Yoast SEO plugin v24.9 - https:\/\/yoast.com\/wordpress\/plugins\/seo\/ -->\n<title>Qui\u00e9n te dijo que iba a ser f\u00e1cil?. Son nuestro reto m\u00e1s hermoso en la vida - Galicia con ni\u00f1os | GALICIA M\u00c1XICA<\/title>\n<meta name=\"robots\" content=\"index, follow, max-snippet:-1, max-image-preview:large, max-video-preview:-1\" \/>\n<link rel=\"canonical\" href=\"https:\/\/www.galiciamaxica.eu\/mini\/quien-te-dijo-que-iba-a-ser-facil-son-nuestro-reto-mas-hermoso-en-la-vida\/\" \/>\n<meta property=\"og:locale\" content=\"es_ES\" \/>\n<meta property=\"og:type\" content=\"article\" \/>\n<meta property=\"og:title\" content=\"Qui\u00e9n te dijo que iba a ser f\u00e1cil?. Son nuestro reto m\u00e1s hermoso en la vida - Galicia con ni\u00f1os | GALICIA M\u00c1XICA\" \/>\n<meta property=\"og:description\" content=\"Hoy en d\u00eda se cuestiona todo, todo&#8230; el nombre que les pones, la ropa que les pones, el s\u00ed actividades, el no en exceso o el s\u00ed por defecto. Cada ni\u00f1o es un letrero viviente que dice: \u00a1Precauci\u00f3n!. Oscar Wilde Marcamos m\u00e1s el educar por el que dicen o por el que hacen que el [&hellip;]\" \/>\n<meta property=\"og:url\" content=\"https:\/\/www.galiciamaxica.eu\/mini\/quien-te-dijo-que-iba-a-ser-facil-son-nuestro-reto-mas-hermoso-en-la-vida\/\" \/>\n<meta property=\"og:site_name\" content=\"Galicia con ni\u00f1os | GALICIA M\u00c1XICA\" \/>\n<meta property=\"article:publisher\" content=\"https:\/\/www.facebook.com\/maria.rodriguezserantes\" \/>\n<meta property=\"article:author\" content=\"https:\/\/www.facebook.com\/maria.rodriguezserantes\" \/>\n<meta property=\"article:published_time\" content=\"2018-06-03T18:02:05+00:00\" \/>\n<meta property=\"article:modified_time\" content=\"2019-10-07T15:11:19+00:00\" \/>\n<meta property=\"og:image\" content=\"https:\/\/galiciamaxica.eu\/mini\/wp-content\/uploads\/2019\/10\/img_5d9af42a28696.jpg\" \/>\n<meta name=\"author\" content=\"seseixa\" \/>\n<meta name=\"twitter:card\" content=\"summary_large_image\" \/>\n<meta name=\"twitter:creator\" content=\"@seseixa\" \/>\n<meta name=\"twitter:site\" content=\"@seseixa\" \/>\n<meta name=\"twitter:label1\" content=\"Escrito por\" \/>\n\t<meta name=\"twitter:data1\" content=\"seseixa\" \/>\n\t<meta name=\"twitter:label2\" content=\"Tiempo de lectura\" \/>\n\t<meta name=\"twitter:data2\" content=\"4 minutos\" \/>\n<script type=\"application\/ld+json\" class=\"yoast-schema-graph\">{\"@context\":\"https:\/\/schema.org\",\"@graph\":[{\"@type\":\"Article\",\"@id\":\"https:\/\/www.galiciamaxica.eu\/mini\/quien-te-dijo-que-iba-a-ser-facil-son-nuestro-reto-mas-hermoso-en-la-vida\/#article\",\"isPartOf\":{\"@id\":\"https:\/\/www.galiciamaxica.eu\/mini\/quien-te-dijo-que-iba-a-ser-facil-son-nuestro-reto-mas-hermoso-en-la-vida\/\"},\"author\":{\"name\":\"seseixa\",\"@id\":\"https:\/\/www.galiciamaxica.eu\/mini\/#\/schema\/person\/2b284fe2fd911000a48d2e8936300179\"},\"headline\":\"Qui\u00e9n te dijo que iba a ser f\u00e1cil?. Son nuestro reto m\u00e1s hermoso en la vida\",\"datePublished\":\"2018-06-03T18:02:05+00:00\",\"dateModified\":\"2019-10-07T15:11:19+00:00\",\"mainEntityOfPage\":{\"@id\":\"https:\/\/www.galiciamaxica.eu\/mini\/quien-te-dijo-que-iba-a-ser-facil-son-nuestro-reto-mas-hermoso-en-la-vida\/\"},\"wordCount\":807,\"commentCount\":0,\"publisher\":{\"@id\":\"https:\/\/www.galiciamaxica.eu\/mini\/#\/schema\/person\/2b284fe2fd911000a48d2e8936300179\"},\"image\":{\"@id\":\"https:\/\/www.galiciamaxica.eu\/mini\/quien-te-dijo-que-iba-a-ser-facil-son-nuestro-reto-mas-hermoso-en-la-vida\/#primaryimage\"},\"thumbnailUrl\":\"https:\/\/galiciamaxica.eu\/mini\/wp-content\/uploads\/2019\/10\/img_5d9af42a28696.jpg\",\"articleSection\":[\"MARIA\"],\"inLanguage\":\"es\",\"potentialAction\":[{\"@type\":\"CommentAction\",\"name\":\"Comment\",\"target\":[\"https:\/\/www.galiciamaxica.eu\/mini\/quien-te-dijo-que-iba-a-ser-facil-son-nuestro-reto-mas-hermoso-en-la-vida\/#respond\"]}]},{\"@type\":\"WebPage\",\"@id\":\"https:\/\/www.galiciamaxica.eu\/mini\/quien-te-dijo-que-iba-a-ser-facil-son-nuestro-reto-mas-hermoso-en-la-vida\/\",\"url\":\"https:\/\/www.galiciamaxica.eu\/mini\/quien-te-dijo-que-iba-a-ser-facil-son-nuestro-reto-mas-hermoso-en-la-vida\/\",\"name\":\"Qui\u00e9n te dijo que iba a ser f\u00e1cil?. Son nuestro reto m\u00e1s hermoso en la vida - Galicia con ni\u00f1os | GALICIA M\u00c1XICA\",\"isPartOf\":{\"@id\":\"https:\/\/www.galiciamaxica.eu\/mini\/#website\"},\"primaryImageOfPage\":{\"@id\":\"https:\/\/www.galiciamaxica.eu\/mini\/quien-te-dijo-que-iba-a-ser-facil-son-nuestro-reto-mas-hermoso-en-la-vida\/#primaryimage\"},\"image\":{\"@id\":\"https:\/\/www.galiciamaxica.eu\/mini\/quien-te-dijo-que-iba-a-ser-facil-son-nuestro-reto-mas-hermoso-en-la-vida\/#primaryimage\"},\"thumbnailUrl\":\"https:\/\/galiciamaxica.eu\/mini\/wp-content\/uploads\/2019\/10\/img_5d9af42a28696.jpg\",\"datePublished\":\"2018-06-03T18:02:05+00:00\",\"dateModified\":\"2019-10-07T15:11:19+00:00\",\"breadcrumb\":{\"@id\":\"https:\/\/www.galiciamaxica.eu\/mini\/quien-te-dijo-que-iba-a-ser-facil-son-nuestro-reto-mas-hermoso-en-la-vida\/#breadcrumb\"},\"inLanguage\":\"es\",\"potentialAction\":[{\"@type\":\"ReadAction\",\"target\":[\"https:\/\/www.galiciamaxica.eu\/mini\/quien-te-dijo-que-iba-a-ser-facil-son-nuestro-reto-mas-hermoso-en-la-vida\/\"]}]},{\"@type\":\"ImageObject\",\"inLanguage\":\"es\",\"@id\":\"https:\/\/www.galiciamaxica.eu\/mini\/quien-te-dijo-que-iba-a-ser-facil-son-nuestro-reto-mas-hermoso-en-la-vida\/#primaryimage\",\"url\":\"https:\/\/galiciamaxica.eu\/mini\/wp-content\/uploads\/2019\/10\/img_5d9af42a28696.jpg\",\"contentUrl\":\"https:\/\/galiciamaxica.eu\/mini\/wp-content\/uploads\/2019\/10\/img_5d9af42a28696.jpg\"},{\"@type\":\"BreadcrumbList\",\"@id\":\"https:\/\/www.galiciamaxica.eu\/mini\/quien-te-dijo-que-iba-a-ser-facil-son-nuestro-reto-mas-hermoso-en-la-vida\/#breadcrumb\",\"itemListElement\":[{\"@type\":\"ListItem\",\"position\":1,\"name\":\"Portada\",\"item\":\"https:\/\/www.galiciamaxica.eu\/mini\/\"},{\"@type\":\"ListItem\",\"position\":2,\"name\":\"Qui\u00e9n te dijo que iba a ser f\u00e1cil?. Son nuestro reto m\u00e1s hermoso en la vida\"}]},{\"@type\":\"WebSite\",\"@id\":\"https:\/\/www.galiciamaxica.eu\/mini\/#website\",\"url\":\"https:\/\/www.galiciamaxica.eu\/mini\/\",\"name\":\"Galicia con ni\u00f1os | GALICIA M\u00c1XICA\",\"description\":\"Qu\u00e9 hacer con ni\u00f1os en Galicia\",\"publisher\":{\"@id\":\"https:\/\/www.galiciamaxica.eu\/mini\/#\/schema\/person\/2b284fe2fd911000a48d2e8936300179\"},\"potentialAction\":[{\"@type\":\"SearchAction\",\"target\":{\"@type\":\"EntryPoint\",\"urlTemplate\":\"https:\/\/www.galiciamaxica.eu\/mini\/?s={search_term_string}\"},\"query-input\":{\"@type\":\"PropertyValueSpecification\",\"valueRequired\":true,\"valueName\":\"search_term_string\"}}],\"inLanguage\":\"es\"},{\"@type\":[\"Person\",\"Organization\"],\"@id\":\"https:\/\/www.galiciamaxica.eu\/mini\/#\/schema\/person\/2b284fe2fd911000a48d2e8936300179\",\"name\":\"seseixa\",\"image\":{\"@type\":\"ImageObject\",\"inLanguage\":\"es\",\"@id\":\"https:\/\/www.galiciamaxica.eu\/mini\/#\/schema\/person\/image\/\",\"url\":\"https:\/\/www.galiciamaxica.eu\/mini\/wp-content\/uploads\/2019\/02\/seseixa.png\",\"contentUrl\":\"https:\/\/www.galiciamaxica.eu\/mini\/wp-content\/uploads\/2019\/02\/seseixa.png\",\"width\":100,\"height\":100,\"caption\":\"seseixa\"},\"logo\":{\"@id\":\"https:\/\/www.galiciamaxica.eu\/mini\/#\/schema\/person\/image\/\"},\"description\":\"En la actualidad combinando dos proyectos que me apasionan, Galicia y los ni\u00f1os. Tengo mucho que aportar y otro tanto que aprender, as\u00ed como, el tiempo y el coraz\u00f3n, dividido en todo momento. Soy mam\u00e1, un titulo otorgado a tiempo completo, compa\u00f1era y amiga, a todas horas, familiar y cercana, siempre. De esp\u00edritu inquieto, soy una eterna ni\u00f1a que juega en el pa\u00eds de las maravillas. Una enamorada de mi tierra, por la que trabajo sin descanso. Creo en la infancia como motor que cambiar\u00e1 el mundo a mejor y busco en mi vida la felicidad como estado permanente porque s\u00f3lo se vive una vez.\",\"sameAs\":[\"http:\/\/mini.galiciamaxica.eu\/\",\"https:\/\/www.facebook.com\/maria.rodriguezserantes\",\"https:\/\/x.com\/seseixa\"],\"url\":\"https:\/\/www.galiciamaxica.eu\/mini\/author\/seseixa\/\"}]}<\/script>\n<!-- \/ Yoast SEO plugin. -->","yoast_head_json":{"title":"Qui\u00e9n te dijo que iba a ser f\u00e1cil?. Son nuestro reto m\u00e1s hermoso en la vida - Galicia con ni\u00f1os | GALICIA M\u00c1XICA","robots":{"index":"index","follow":"follow","max-snippet":"max-snippet:-1","max-image-preview":"max-image-preview:large","max-video-preview":"max-video-preview:-1"},"canonical":"https:\/\/www.galiciamaxica.eu\/mini\/quien-te-dijo-que-iba-a-ser-facil-son-nuestro-reto-mas-hermoso-en-la-vida\/","og_locale":"es_ES","og_type":"article","og_title":"Qui\u00e9n te dijo que iba a ser f\u00e1cil?. Son nuestro reto m\u00e1s hermoso en la vida - Galicia con ni\u00f1os | GALICIA M\u00c1XICA","og_description":"Hoy en d\u00eda se cuestiona todo, todo&#8230; el nombre que les pones, la ropa que les pones, el s\u00ed actividades, el no en exceso o el s\u00ed por defecto. Cada ni\u00f1o es un letrero viviente que dice: \u00a1Precauci\u00f3n!. Oscar Wilde Marcamos m\u00e1s el educar por el que dicen o por el que hacen que el [&hellip;]","og_url":"https:\/\/www.galiciamaxica.eu\/mini\/quien-te-dijo-que-iba-a-ser-facil-son-nuestro-reto-mas-hermoso-en-la-vida\/","og_site_name":"Galicia con ni\u00f1os | GALICIA M\u00c1XICA","article_publisher":"https:\/\/www.facebook.com\/maria.rodriguezserantes","article_author":"https:\/\/www.facebook.com\/maria.rodriguezserantes","article_published_time":"2018-06-03T18:02:05+00:00","article_modified_time":"2019-10-07T15:11:19+00:00","og_image":[{"url":"https:\/\/galiciamaxica.eu\/mini\/wp-content\/uploads\/2019\/10\/img_5d9af42a28696.jpg","type":"","width":"","height":""}],"author":"seseixa","twitter_card":"summary_large_image","twitter_creator":"@seseixa","twitter_site":"@seseixa","twitter_misc":{"Escrito por":"seseixa","Tiempo de lectura":"4 minutos"},"schema":{"@context":"https:\/\/schema.org","@graph":[{"@type":"Article","@id":"https:\/\/www.galiciamaxica.eu\/mini\/quien-te-dijo-que-iba-a-ser-facil-son-nuestro-reto-mas-hermoso-en-la-vida\/#article","isPartOf":{"@id":"https:\/\/www.galiciamaxica.eu\/mini\/quien-te-dijo-que-iba-a-ser-facil-son-nuestro-reto-mas-hermoso-en-la-vida\/"},"author":{"name":"seseixa","@id":"https:\/\/www.galiciamaxica.eu\/mini\/#\/schema\/person\/2b284fe2fd911000a48d2e8936300179"},"headline":"Qui\u00e9n te dijo que iba a ser f\u00e1cil?. Son nuestro reto m\u00e1s hermoso en la vida","datePublished":"2018-06-03T18:02:05+00:00","dateModified":"2019-10-07T15:11:19+00:00","mainEntityOfPage":{"@id":"https:\/\/www.galiciamaxica.eu\/mini\/quien-te-dijo-que-iba-a-ser-facil-son-nuestro-reto-mas-hermoso-en-la-vida\/"},"wordCount":807,"commentCount":0,"publisher":{"@id":"https:\/\/www.galiciamaxica.eu\/mini\/#\/schema\/person\/2b284fe2fd911000a48d2e8936300179"},"image":{"@id":"https:\/\/www.galiciamaxica.eu\/mini\/quien-te-dijo-que-iba-a-ser-facil-son-nuestro-reto-mas-hermoso-en-la-vida\/#primaryimage"},"thumbnailUrl":"https:\/\/galiciamaxica.eu\/mini\/wp-content\/uploads\/2019\/10\/img_5d9af42a28696.jpg","articleSection":["MARIA"],"inLanguage":"es","potentialAction":[{"@type":"CommentAction","name":"Comment","target":["https:\/\/www.galiciamaxica.eu\/mini\/quien-te-dijo-que-iba-a-ser-facil-son-nuestro-reto-mas-hermoso-en-la-vida\/#respond"]}]},{"@type":"WebPage","@id":"https:\/\/www.galiciamaxica.eu\/mini\/quien-te-dijo-que-iba-a-ser-facil-son-nuestro-reto-mas-hermoso-en-la-vida\/","url":"https:\/\/www.galiciamaxica.eu\/mini\/quien-te-dijo-que-iba-a-ser-facil-son-nuestro-reto-mas-hermoso-en-la-vida\/","name":"Qui\u00e9n te dijo que iba a ser f\u00e1cil?. Son nuestro reto m\u00e1s hermoso en la vida - Galicia con ni\u00f1os | GALICIA M\u00c1XICA","isPartOf":{"@id":"https:\/\/www.galiciamaxica.eu\/mini\/#website"},"primaryImageOfPage":{"@id":"https:\/\/www.galiciamaxica.eu\/mini\/quien-te-dijo-que-iba-a-ser-facil-son-nuestro-reto-mas-hermoso-en-la-vida\/#primaryimage"},"image":{"@id":"https:\/\/www.galiciamaxica.eu\/mini\/quien-te-dijo-que-iba-a-ser-facil-son-nuestro-reto-mas-hermoso-en-la-vida\/#primaryimage"},"thumbnailUrl":"https:\/\/galiciamaxica.eu\/mini\/wp-content\/uploads\/2019\/10\/img_5d9af42a28696.jpg","datePublished":"2018-06-03T18:02:05+00:00","dateModified":"2019-10-07T15:11:19+00:00","breadcrumb":{"@id":"https:\/\/www.galiciamaxica.eu\/mini\/quien-te-dijo-que-iba-a-ser-facil-son-nuestro-reto-mas-hermoso-en-la-vida\/#breadcrumb"},"inLanguage":"es","potentialAction":[{"@type":"ReadAction","target":["https:\/\/www.galiciamaxica.eu\/mini\/quien-te-dijo-que-iba-a-ser-facil-son-nuestro-reto-mas-hermoso-en-la-vida\/"]}]},{"@type":"ImageObject","inLanguage":"es","@id":"https:\/\/www.galiciamaxica.eu\/mini\/quien-te-dijo-que-iba-a-ser-facil-son-nuestro-reto-mas-hermoso-en-la-vida\/#primaryimage","url":"https:\/\/galiciamaxica.eu\/mini\/wp-content\/uploads\/2019\/10\/img_5d9af42a28696.jpg","contentUrl":"https:\/\/galiciamaxica.eu\/mini\/wp-content\/uploads\/2019\/10\/img_5d9af42a28696.jpg"},{"@type":"BreadcrumbList","@id":"https:\/\/www.galiciamaxica.eu\/mini\/quien-te-dijo-que-iba-a-ser-facil-son-nuestro-reto-mas-hermoso-en-la-vida\/#breadcrumb","itemListElement":[{"@type":"ListItem","position":1,"name":"Portada","item":"https:\/\/www.galiciamaxica.eu\/mini\/"},{"@type":"ListItem","position":2,"name":"Qui\u00e9n te dijo que iba a ser f\u00e1cil?. Son nuestro reto m\u00e1s hermoso en la vida"}]},{"@type":"WebSite","@id":"https:\/\/www.galiciamaxica.eu\/mini\/#website","url":"https:\/\/www.galiciamaxica.eu\/mini\/","name":"Galicia con ni\u00f1os | GALICIA M\u00c1XICA","description":"Qu\u00e9 hacer con ni\u00f1os en Galicia","publisher":{"@id":"https:\/\/www.galiciamaxica.eu\/mini\/#\/schema\/person\/2b284fe2fd911000a48d2e8936300179"},"potentialAction":[{"@type":"SearchAction","target":{"@type":"EntryPoint","urlTemplate":"https:\/\/www.galiciamaxica.eu\/mini\/?s={search_term_string}"},"query-input":{"@type":"PropertyValueSpecification","valueRequired":true,"valueName":"search_term_string"}}],"inLanguage":"es"},{"@type":["Person","Organization"],"@id":"https:\/\/www.galiciamaxica.eu\/mini\/#\/schema\/person\/2b284fe2fd911000a48d2e8936300179","name":"seseixa","image":{"@type":"ImageObject","inLanguage":"es","@id":"https:\/\/www.galiciamaxica.eu\/mini\/#\/schema\/person\/image\/","url":"https:\/\/www.galiciamaxica.eu\/mini\/wp-content\/uploads\/2019\/02\/seseixa.png","contentUrl":"https:\/\/www.galiciamaxica.eu\/mini\/wp-content\/uploads\/2019\/02\/seseixa.png","width":100,"height":100,"caption":"seseixa"},"logo":{"@id":"https:\/\/www.galiciamaxica.eu\/mini\/#\/schema\/person\/image\/"},"description":"En la actualidad combinando dos proyectos que me apasionan, Galicia y los ni\u00f1os. Tengo mucho que aportar y otro tanto que aprender, as\u00ed como, el tiempo y el coraz\u00f3n, dividido en todo momento. Soy mam\u00e1, un titulo otorgado a tiempo completo, compa\u00f1era y amiga, a todas horas, familiar y cercana, siempre. De esp\u00edritu inquieto, soy una eterna ni\u00f1a que juega en el pa\u00eds de las maravillas. Una enamorada de mi tierra, por la que trabajo sin descanso. Creo en la infancia como motor que cambiar\u00e1 el mundo a mejor y busco en mi vida la felicidad como estado permanente porque s\u00f3lo se vive una vez.","sameAs":["http:\/\/mini.galiciamaxica.eu\/","https:\/\/www.facebook.com\/maria.rodriguezserantes","https:\/\/x.com\/seseixa"],"url":"https:\/\/www.galiciamaxica.eu\/mini\/author\/seseixa\/"}]}},"amp_enabled":true,"post_mailing_queue_ids":[],"_links":{"self":[{"href":"https:\/\/www.galiciamaxica.eu\/mini\/wp-json\/wp\/v2\/posts\/8931"}],"collection":[{"href":"https:\/\/www.galiciamaxica.eu\/mini\/wp-json\/wp\/v2\/posts"}],"about":[{"href":"https:\/\/www.galiciamaxica.eu\/mini\/wp-json\/wp\/v2\/types\/post"}],"author":[{"embeddable":true,"href":"https:\/\/www.galiciamaxica.eu\/mini\/wp-json\/wp\/v2\/users\/1"}],"replies":[{"embeddable":true,"href":"https:\/\/www.galiciamaxica.eu\/mini\/wp-json\/wp\/v2\/comments?post=8931"}],"version-history":[{"count":0,"href":"https:\/\/www.galiciamaxica.eu\/mini\/wp-json\/wp\/v2\/posts\/8931\/revisions"}],"wp:attachment":[{"href":"https:\/\/www.galiciamaxica.eu\/mini\/wp-json\/wp\/v2\/media?parent=8931"}],"wp:term":[{"taxonomy":"category","embeddable":true,"href":"https:\/\/www.galiciamaxica.eu\/mini\/wp-json\/wp\/v2\/categories?post=8931"},{"taxonomy":"post_tag","embeddable":true,"href":"https:\/\/www.galiciamaxica.eu\/mini\/wp-json\/wp\/v2\/tags?post=8931"}],"curies":[{"name":"wp","href":"https:\/\/api.w.org\/{rel}","templated":true}]}}