{"id":7842,"date":"2018-02-20T12:15:03","date_gmt":"2018-02-20T12:15:03","guid":{"rendered":"http:\/\/www.galiciamaxica.eu\/mini\/?p=7842"},"modified":"2025-04-06T17:00:39","modified_gmt":"2025-04-06T15:00:39","slug":"ruta-da-auga-ames","status":"publish","type":"post","link":"https:\/\/www.galiciamaxica.eu\/mini\/ruta-da-auga-ames\/","title":{"rendered":"AMES M\u00c1XICO"},"content":{"rendered":"<h2>Ruta da Auga de Ames<\/h2>\n<p>Nos vamos hasta Ames, en A Coru\u00f1a para realizar un recorrido circular de 7 kil\u00f3metros de dificultad media, os llevar\u00e1 m\u00e1s o menos dos horas y descubrir\u00e9is en familia un conjunto etnogr\u00e1fico precioso en esta <a href=\"https:\/\/www.galiciamaxica.eu\/galicia\/a-coruna\/molinosames\/\"><strong>Ruta de agua de Ames<\/strong><\/a>, conocida tambi\u00e9n como los molinos de Riamonte.<\/p>\n<p style=\"text-align: center;\"><iframe src=\"https:\/\/www.google.com\/maps\/d\/u\/0\/embed?mid=10oXhG4oxDGSSbKai_77ypxUlsaI3sYX6\" width=\"640\" height=\"480\"><\/iframe><\/p>\n<p>Comenzaremos la ruta con un molino restaurado<strong> el de Vilar,<\/strong> subiremos por una senda para llegar a lo que viene siendo una pista forestal, que hace de cortafuegos y nos encontraremos<strong> el molino de Orto\u00f1o<\/strong>, cruzaremos el r\u00edo por un peque\u00f1o puente, pontella con una losa de piedra y disfrutaremos de un<\/p>\n<h2 style=\"text-align: center;\">Bosque de ribera<\/h2>\n<p style=\"text-align: center;\">Este bosque es el que tenemos al lado de los r\u00edos<\/p>\n<p style=\"text-align: center;\">Su composici\u00f3n suele variar, la especie arb\u00f3rea m\u00e1s com\u00fan es el <a href=\"https:\/\/es.wikipedia.org\/wiki\/Alnus_glutinosa\">ameneiro<\/a> que suele ocupar la primera l\u00ednea del cauce; a continuaci\u00f3n est\u00e1n los <a href=\"https:\/\/es.wikipedia.org\/wiki\/Salix\">salgueiros<\/a> y <a href=\"https:\/\/es.wikipedia.org\/wiki\/Fraxinus\">fresnos,<\/a> aunque tambi\u00e9n aparecen <a href=\"https:\/\/es.wikipedia.org\/wiki\/Quercus_robur\">robles<\/a>, <a href=\"https:\/\/es.wikipedia.org\/wiki\/Castanea\">casta\u00f1os<\/a>, <a href=\"https:\/\/es.wikipedia.org\/wiki\/Corylus_avellana\">avellanos<\/a> y<a href=\"https:\/\/es.wikipedia.org\/wiki\/Betula\"> abedules<\/a> aislados o formando peque\u00f1os bosques.<\/p>\n<p><img decoding=\"async\" class=\"aligncenter\" src=\"https:\/\/www.galiciamaxica.eu\/wp-content\/uploads\/2016\/03\/MG_8456.jpg\" alt=\"img_5d946eba9fdb1\" \/><\/p>\n<h2 style=\"text-align: center;\"><\/h2>\n<p>Descubriremos el resto de <strong>los molinos el Novo, el de Xustiza, el de Pedra&#8230;<\/strong> hasta llegar arriba,<strong> 10 molinos<\/strong> en un recorrido de medio kil\u00f3metro que deber\u00edan estar restaurados, con el r\u00edo danzar\u00edn creando peque\u00f1as cascadas en el recorrido, en este lugar se mol\u00eda todo el verano gracias a que el agua quedaba estancada y era posible la molienda imposible en otros lugares donde se secaba el curso del r\u00edo al completo, se les llama pozos, despu\u00e9s de caminar dos kil\u00f3metros m\u00e1s descubrir\u00e9is el m\u00e1s famoso el pozo de Riamonte, era el que reten\u00eda la agua para dar funcionamiento a los molinos en \u00e9pocas secas,<\/p>\n<p>seguimos ascendiendo y entre eucaliptos y a mitad de trayecto nos encontraremos con el mirador del Monte de San Marcos a 343 metros de altitud de ah\u00ed lo de dificultad media, igual nos ha costado un poquito mantener el ritmo con lo ni\u00f1os o lo mismo no has sido dif\u00edcil seguir sus paso como fuente ilimitada de energ\u00eda que poseen sea por una causa o por otra a esta ruta le concedemos la dificultad media, ya igual te r\u00edes de la dificultad, lo sabemos pero pensamos en familias poco andarinas que podr\u00edan dar la vuelta desde el mirador volviendo sobre sus pasos y el recorrido ser\u00eda la mitad as\u00ed como el tiempo.<\/p>\n<p>Desde este mirador pod\u00e9is contemplar el Valle del r\u00edo Sar y la comarca, al lado ten\u00e9is las ru\u00ednas de una ermita la del mismo nombre que el mirador san Marcos y ahora si eres de los que har\u00e1s el recorrido circular toca bajar y bajar siguiendo las marcas de los postes (si a\u00fan est\u00e1n ah\u00ed porque el mantenimiento la \u00faltima vez no era muy bueno, un mal gallego que esperemos pronto se cambie y se\u00f1alicemos siempre pendientes de reponer lo que se estropea) aqu\u00ed arriba a vegetaci\u00f3n es bien distinta \ud83d\ude09 muy escasa y hasta podr\u00edas a decirme defraudante, te dir\u00e9 que lo m\u00e1s bonito de esta ruta est\u00e1 en su inicio y en su final, as\u00ed que el paso para disfrutar ser\u00e1 m\u00e1s apurado y terminaremos donde empezamos y con buen sabor de boca.<\/p>\n<h3 style=\"text-align: center;\">Fotos de Nuestro gran amigo Toni Corrales<\/h3>\n<h1 style=\"text-align: center;\"><strong>RETOS<\/strong><\/h1>\n<p style=\"text-align: center;\"><strong>Retentiva \/ prueba su memoria<\/strong><\/p>\n<p style=\"text-align: center;\">\u00bfNos acordaremos ahora que ya hemos terminado la ruta de los nombres de los 5 molinos del inicio?<br \/>\n\u00bfQu\u00e9 es un bosque ribera? \u00bf Cu\u00e1les son sus funciones?<br \/>\n\u00bfA qui\u00e9n se dedicaba la ermita?, y \u00bfqu\u00e9 vimos desde el mirador?<\/p>\n<p style=\"text-align: center;\"><strong>REFRESCAMOS LECCI\u00d3N<\/strong><\/p>\n<p style=\"text-align: center;\"><iframe src=\"https:\/\/www.youtube.com\/embed\/uuup-Opkd48\" width=\"560\" height=\"315\" frameborder=\"0\" allowfullscreen=\"allowfullscreen\"><span data-mce-type=\"bookmark\" style=\"display: inline-block; width: 0px; overflow: hidden; line-height: 0;\" class=\"mce_SELRES_start\">\ufeff<\/span><\/iframe><\/p>\n<p style=\"text-align: center;\">Os comento que a 3 Kil\u00f3metros ten\u00e9is una playita fluvial para terminar el d\u00eda, esta an\u00f3tala para veranito para refrescaros y poner regalo a la ruta, haciendo el d\u00eda m\u00e1s especial.<\/p>\n<blockquote class=\"wp-embedded-content\" data-secret=\"F0yqCNtUey\"><p><a href=\"https:\/\/www.escapalandia.com\/area-recreativa-y-playa-fluvial-de\/\">\u00c1rea recreativa y playa fluvial de Tapia (Ames)<\/a><\/p><\/blockquote>\n<p><iframe class=\"wp-embedded-content\" sandbox=\"allow-scripts\" security=\"restricted\" style=\"position: absolute; visibility: hidden;\" title=\"\u00ab\u00c1rea recreativa y playa fluvial de Tapia (Ames)\u00bb \u2014 Escapalandia\" src=\"https:\/\/www.escapalandia.com\/area-recreativa-y-playa-fluvial-de\/embed\/#?secret=vg1VTrdIMX#?secret=F0yqCNtUey\" data-secret=\"F0yqCNtUey\" width=\"500\" height=\"282\" frameborder=\"0\" marginwidth=\"0\" marginheight=\"0\" scrolling=\"no\"><\/iframe><\/p>\n<h3 style=\"text-align: center;\">OS LOS DEJO LOCALIZADOS EN EL MAPA<br \/>\n<a href=\"https:\/\/www.galiciamaxica.eu\/galicia\/a-coruna\/comarca-de-santiago\/ames\/\">SITIOS INTERESANTES EN AMES<\/a><\/h3>\n<blockquote class=\"wp-embedded-content\" data-secret=\"P2DWtIVtSf\"><p><a href=\"https:\/\/www.galiciamaxica.eu\/galicia\/a-coruna\/pazoames\/\">Pazo de la Peregrina<\/a><\/p><\/blockquote>\n<p><iframe class=\"wp-embedded-content\" sandbox=\"allow-scripts\" security=\"restricted\" style=\"position: absolute; visibility: hidden;\" title=\"\u00abPazo de la Peregrina\u00bb \u2014 Galicia M\u00e1xica | Algo m\u00e1s que ver en Galicia\" src=\"https:\/\/www.galiciamaxica.eu\/galicia\/a-coruna\/pazoames\/embed\/#?secret=UUiuHMJPoV#?secret=P2DWtIVtSf\" data-secret=\"P2DWtIVtSf\" width=\"500\" height=\"282\" frameborder=\"0\" marginwidth=\"0\" marginheight=\"0\" scrolling=\"no\"><\/iframe><\/p>\n<blockquote class=\"wp-embedded-content\" data-secret=\"CpkGpQK2An\"><p><a href=\"https:\/\/www.galiciamaxica.eu\/galicia\/a-coruna\/ponte-maceira\/\">Puente de A Ponte Maceira<\/a><\/p><\/blockquote>\n<p><iframe class=\"wp-embedded-content\" sandbox=\"allow-scripts\" security=\"restricted\" style=\"position: absolute; visibility: hidden;\" title=\"\u00abPuente de A Ponte Maceira\u00bb \u2014 Galicia M\u00e1xica | Algo m\u00e1s que ver en Galicia\" src=\"https:\/\/www.galiciamaxica.eu\/galicia\/a-coruna\/ponte-maceira\/embed\/#?secret=gZxqcXRnsI#?secret=CpkGpQK2An\" data-secret=\"CpkGpQK2An\" width=\"500\" height=\"282\" frameborder=\"0\" marginwidth=\"0\" marginheight=\"0\" scrolling=\"no\"><\/iframe><\/p>\n<p style=\"text-align: center;\"><strong>PEQUE\u00d1O VIDEO DE LA RUTA<\/strong><\/p>\n<p style=\"text-align: center;\"><iframe src=\"https:\/\/www.youtube.com\/embed\/eZaESkddvxQ\" width=\"560\" height=\"315\" frameborder=\"0\" allowfullscreen=\"allowfullscreen\"><\/iframe><\/p>\n","protected":false},"excerpt":{"rendered":"<p>Ruta da Auga de Ames Nos vamos hasta Ames, en A Coru\u00f1a para realizar un recorrido circular de 7 kil\u00f3metros de dificultad media, os llevar\u00e1 m\u00e1s o menos dos horas y descubrir\u00e9is en familia un conjunto etnogr\u00e1fico precioso en esta Ruta de agua de Ames, conocida tambi\u00e9n como los molinos de Riamonte. Comenzaremos la ruta [&hellip;]<\/p>\n","protected":false},"author":1,"featured_media":7851,"comment_status":"open","ping_status":"open","sticky":false,"template":"","format":"standard","meta":{"_eb_attr":"","site-sidebar-layout":"default","site-content-layout":"","ast-site-content-layout":"default","site-content-style":"default","site-sidebar-style":"default","ast-global-header-display":"","ast-banner-title-visibility":"","ast-main-header-display":"","ast-hfb-above-header-display":"","ast-hfb-below-header-display":"","ast-hfb-mobile-header-display":"","site-post-title":"","ast-breadcrumbs-content":"","ast-featured-img":"","footer-sml-layout":"","theme-transparent-header-meta":"","adv-header-id-meta":"","stick-header-meta":"","header-above-stick-meta":"","header-main-stick-meta":"","header-below-stick-meta":"","astra-migrate-meta-layouts":"set","ast-page-background-enabled":"default","ast-page-background-meta":{"desktop":{"background-color":"","background-image":"","background-repeat":"repeat","background-position":"center center","background-size":"auto","background-attachment":"scroll","background-type":"","background-media":"","overlay-type":"","overlay-color":"","overlay-opacity":"","overlay-gradient":""},"tablet":{"background-color":"","background-image":"","background-repeat":"repeat","background-position":"center center","background-size":"auto","background-attachment":"scroll","background-type":"","background-media":"","overlay-type":"","overlay-color":"","overlay-opacity":"","overlay-gradient":""},"mobile":{"background-color":"","background-image":"","background-repeat":"repeat","background-position":"center center","background-size":"auto","background-attachment":"scroll","background-type":"","background-media":"","overlay-type":"","overlay-color":"","overlay-opacity":"","overlay-gradient":""}},"ast-content-background-meta":{"desktop":{"background-color":"var(--ast-global-color-5)","background-image":"","background-repeat":"repeat","background-position":"center center","background-size":"auto","background-attachment":"scroll","background-type":"","background-media":"","overlay-type":"","overlay-color":"","overlay-opacity":"","overlay-gradient":""},"tablet":{"background-color":"var(--ast-global-color-5)","background-image":"","background-repeat":"repeat","background-position":"center center","background-size":"auto","background-attachment":"scroll","background-type":"","background-media":"","overlay-type":"","overlay-color":"","overlay-opacity":"","overlay-gradient":""},"mobile":{"background-color":"var(--ast-global-color-5)","background-image":"","background-repeat":"repeat","background-position":"center center","background-size":"auto","background-attachment":"scroll","background-type":"","background-media":"","overlay-type":"","overlay-color":"","overlay-opacity":"","overlay-gradient":""}},"footnotes":""},"categories":[49,14],"tags":[56,960,42],"class_list":["post-7842","post","type-post","status-publish","format-standard","has-post-thumbnail","hentry","category-a-coruna","category-rutas","tag-a-coruna","tag-ames","tag-ruta"],"yoast_head":"<!-- This site is optimized with the Yoast SEO plugin v24.9 - https:\/\/yoast.com\/wordpress\/plugins\/seo\/ -->\n<title>AMES M\u00c1XICO - Galicia con ni\u00f1os | GALICIA M\u00c1XICA<\/title>\n<meta name=\"robots\" content=\"index, follow, max-snippet:-1, max-image-preview:large, max-video-preview:-1\" \/>\n<link rel=\"canonical\" href=\"https:\/\/www.galiciamaxica.eu\/mini\/ruta-da-auga-ames\/\" \/>\n<meta property=\"og:locale\" content=\"es_ES\" \/>\n<meta property=\"og:type\" content=\"article\" \/>\n<meta property=\"og:title\" content=\"AMES M\u00c1XICO - Galicia con ni\u00f1os | GALICIA M\u00c1XICA\" \/>\n<meta property=\"og:description\" content=\"Ruta da Auga de Ames Nos vamos hasta Ames, en A Coru\u00f1a para realizar un recorrido circular de 7 kil\u00f3metros de dificultad media, os llevar\u00e1 m\u00e1s o menos dos horas y descubrir\u00e9is en familia un conjunto etnogr\u00e1fico precioso en esta Ruta de agua de Ames, conocida tambi\u00e9n como los molinos de Riamonte. Comenzaremos la ruta [&hellip;]\" \/>\n<meta property=\"og:url\" content=\"https:\/\/www.galiciamaxica.eu\/mini\/ruta-da-auga-ames\/\" \/>\n<meta property=\"og:site_name\" content=\"Galicia con ni\u00f1os | GALICIA M\u00c1XICA\" \/>\n<meta property=\"article:publisher\" content=\"https:\/\/www.facebook.com\/maria.rodriguezserantes\" \/>\n<meta property=\"article:author\" content=\"https:\/\/www.facebook.com\/maria.rodriguezserantes\" \/>\n<meta property=\"article:published_time\" content=\"2018-02-20T12:15:03+00:00\" \/>\n<meta property=\"article:modified_time\" content=\"2025-04-06T15:00:39+00:00\" \/>\n<meta property=\"og:image\" content=\"https:\/\/www.galiciamaxica.eu\/mini\/wp-content\/uploads\/2018\/02\/Blue-Simple-Collage-Great-Outdoors-Month-Instagram-Post-1.jpg\" \/>\n\t<meta property=\"og:image:width\" content=\"540\" \/>\n\t<meta property=\"og:image:height\" content=\"540\" \/>\n\t<meta property=\"og:image:type\" content=\"image\/jpeg\" \/>\n<meta name=\"author\" content=\"seseixa\" \/>\n<meta name=\"twitter:card\" content=\"summary_large_image\" \/>\n<meta name=\"twitter:creator\" content=\"@seseixa\" \/>\n<meta name=\"twitter:site\" content=\"@seseixa\" \/>\n<meta name=\"twitter:label1\" content=\"Escrito por\" \/>\n\t<meta name=\"twitter:data1\" content=\"seseixa\" \/>\n\t<meta name=\"twitter:label2\" content=\"Tiempo de lectura\" \/>\n\t<meta name=\"twitter:data2\" content=\"3 minutos\" \/>\n<script type=\"application\/ld+json\" class=\"yoast-schema-graph\">{\"@context\":\"https:\/\/schema.org\",\"@graph\":[{\"@type\":\"Article\",\"@id\":\"https:\/\/www.galiciamaxica.eu\/mini\/ruta-da-auga-ames\/#article\",\"isPartOf\":{\"@id\":\"https:\/\/www.galiciamaxica.eu\/mini\/ruta-da-auga-ames\/\"},\"author\":{\"name\":\"seseixa\",\"@id\":\"https:\/\/www.galiciamaxica.eu\/mini\/#\/schema\/person\/2b284fe2fd911000a48d2e8936300179\"},\"headline\":\"AMES M\u00c1XICO\",\"datePublished\":\"2018-02-20T12:15:03+00:00\",\"dateModified\":\"2025-04-06T15:00:39+00:00\",\"mainEntityOfPage\":{\"@id\":\"https:\/\/www.galiciamaxica.eu\/mini\/ruta-da-auga-ames\/\"},\"wordCount\":693,\"commentCount\":0,\"publisher\":{\"@id\":\"https:\/\/www.galiciamaxica.eu\/mini\/#\/schema\/person\/2b284fe2fd911000a48d2e8936300179\"},\"image\":{\"@id\":\"https:\/\/www.galiciamaxica.eu\/mini\/ruta-da-auga-ames\/#primaryimage\"},\"thumbnailUrl\":\"https:\/\/www.galiciamaxica.eu\/mini\/wp-content\/uploads\/2018\/02\/Blue-Simple-Collage-Great-Outdoors-Month-Instagram-Post-1.jpg\",\"keywords\":[\"a coru\u00f1a\",\"ames\",\"ruta\"],\"articleSection\":[\"A CORU\u00d1A\",\"RUTAS\"],\"inLanguage\":\"es\",\"potentialAction\":[{\"@type\":\"CommentAction\",\"name\":\"Comment\",\"target\":[\"https:\/\/www.galiciamaxica.eu\/mini\/ruta-da-auga-ames\/#respond\"]}]},{\"@type\":\"WebPage\",\"@id\":\"https:\/\/www.galiciamaxica.eu\/mini\/ruta-da-auga-ames\/\",\"url\":\"https:\/\/www.galiciamaxica.eu\/mini\/ruta-da-auga-ames\/\",\"name\":\"AMES M\u00c1XICO - Galicia con ni\u00f1os | GALICIA M\u00c1XICA\",\"isPartOf\":{\"@id\":\"https:\/\/www.galiciamaxica.eu\/mini\/#website\"},\"primaryImageOfPage\":{\"@id\":\"https:\/\/www.galiciamaxica.eu\/mini\/ruta-da-auga-ames\/#primaryimage\"},\"image\":{\"@id\":\"https:\/\/www.galiciamaxica.eu\/mini\/ruta-da-auga-ames\/#primaryimage\"},\"thumbnailUrl\":\"https:\/\/www.galiciamaxica.eu\/mini\/wp-content\/uploads\/2018\/02\/Blue-Simple-Collage-Great-Outdoors-Month-Instagram-Post-1.jpg\",\"datePublished\":\"2018-02-20T12:15:03+00:00\",\"dateModified\":\"2025-04-06T15:00:39+00:00\",\"breadcrumb\":{\"@id\":\"https:\/\/www.galiciamaxica.eu\/mini\/ruta-da-auga-ames\/#breadcrumb\"},\"inLanguage\":\"es\",\"potentialAction\":[{\"@type\":\"ReadAction\",\"target\":[\"https:\/\/www.galiciamaxica.eu\/mini\/ruta-da-auga-ames\/\"]}]},{\"@type\":\"ImageObject\",\"inLanguage\":\"es\",\"@id\":\"https:\/\/www.galiciamaxica.eu\/mini\/ruta-da-auga-ames\/#primaryimage\",\"url\":\"https:\/\/www.galiciamaxica.eu\/mini\/wp-content\/uploads\/2018\/02\/Blue-Simple-Collage-Great-Outdoors-Month-Instagram-Post-1.jpg\",\"contentUrl\":\"https:\/\/www.galiciamaxica.eu\/mini\/wp-content\/uploads\/2018\/02\/Blue-Simple-Collage-Great-Outdoors-Month-Instagram-Post-1.jpg\",\"width\":540,\"height\":540,\"caption\":\"img_5d9af806da73c\"},{\"@type\":\"BreadcrumbList\",\"@id\":\"https:\/\/www.galiciamaxica.eu\/mini\/ruta-da-auga-ames\/#breadcrumb\",\"itemListElement\":[{\"@type\":\"ListItem\",\"position\":1,\"name\":\"Portada\",\"item\":\"https:\/\/www.galiciamaxica.eu\/mini\/\"},{\"@type\":\"ListItem\",\"position\":2,\"name\":\"AMES M\u00c1XICO\"}]},{\"@type\":\"WebSite\",\"@id\":\"https:\/\/www.galiciamaxica.eu\/mini\/#website\",\"url\":\"https:\/\/www.galiciamaxica.eu\/mini\/\",\"name\":\"Galicia con ni\u00f1os | GALICIA M\u00c1XICA\",\"description\":\"Qu\u00e9 hacer con ni\u00f1os en Galicia\",\"publisher\":{\"@id\":\"https:\/\/www.galiciamaxica.eu\/mini\/#\/schema\/person\/2b284fe2fd911000a48d2e8936300179\"},\"potentialAction\":[{\"@type\":\"SearchAction\",\"target\":{\"@type\":\"EntryPoint\",\"urlTemplate\":\"https:\/\/www.galiciamaxica.eu\/mini\/?s={search_term_string}\"},\"query-input\":{\"@type\":\"PropertyValueSpecification\",\"valueRequired\":true,\"valueName\":\"search_term_string\"}}],\"inLanguage\":\"es\"},{\"@type\":[\"Person\",\"Organization\"],\"@id\":\"https:\/\/www.galiciamaxica.eu\/mini\/#\/schema\/person\/2b284fe2fd911000a48d2e8936300179\",\"name\":\"seseixa\",\"image\":{\"@type\":\"ImageObject\",\"inLanguage\":\"es\",\"@id\":\"https:\/\/www.galiciamaxica.eu\/mini\/#\/schema\/person\/image\/\",\"url\":\"https:\/\/www.galiciamaxica.eu\/mini\/wp-content\/uploads\/2019\/02\/seseixa.png\",\"contentUrl\":\"https:\/\/www.galiciamaxica.eu\/mini\/wp-content\/uploads\/2019\/02\/seseixa.png\",\"width\":100,\"height\":100,\"caption\":\"seseixa\"},\"logo\":{\"@id\":\"https:\/\/www.galiciamaxica.eu\/mini\/#\/schema\/person\/image\/\"},\"description\":\"En la actualidad combinando dos proyectos que me apasionan, Galicia y los ni\u00f1os. Tengo mucho que aportar y otro tanto que aprender, as\u00ed como, el tiempo y el coraz\u00f3n, dividido en todo momento. Soy mam\u00e1, un titulo otorgado a tiempo completo, compa\u00f1era y amiga, a todas horas, familiar y cercana, siempre. De esp\u00edritu inquieto, soy una eterna ni\u00f1a que juega en el pa\u00eds de las maravillas. Una enamorada de mi tierra, por la que trabajo sin descanso. Creo en la infancia como motor que cambiar\u00e1 el mundo a mejor y busco en mi vida la felicidad como estado permanente porque s\u00f3lo se vive una vez.\",\"sameAs\":[\"http:\/\/mini.galiciamaxica.eu\/\",\"https:\/\/www.facebook.com\/maria.rodriguezserantes\",\"https:\/\/x.com\/seseixa\"],\"url\":\"https:\/\/www.galiciamaxica.eu\/mini\/author\/seseixa\/\"}]}<\/script>\n<!-- \/ Yoast SEO plugin. -->","yoast_head_json":{"title":"AMES M\u00c1XICO - Galicia con ni\u00f1os | GALICIA M\u00c1XICA","robots":{"index":"index","follow":"follow","max-snippet":"max-snippet:-1","max-image-preview":"max-image-preview:large","max-video-preview":"max-video-preview:-1"},"canonical":"https:\/\/www.galiciamaxica.eu\/mini\/ruta-da-auga-ames\/","og_locale":"es_ES","og_type":"article","og_title":"AMES M\u00c1XICO - Galicia con ni\u00f1os | GALICIA M\u00c1XICA","og_description":"Ruta da Auga de Ames Nos vamos hasta Ames, en A Coru\u00f1a para realizar un recorrido circular de 7 kil\u00f3metros de dificultad media, os llevar\u00e1 m\u00e1s o menos dos horas y descubrir\u00e9is en familia un conjunto etnogr\u00e1fico precioso en esta Ruta de agua de Ames, conocida tambi\u00e9n como los molinos de Riamonte. Comenzaremos la ruta [&hellip;]","og_url":"https:\/\/www.galiciamaxica.eu\/mini\/ruta-da-auga-ames\/","og_site_name":"Galicia con ni\u00f1os | GALICIA M\u00c1XICA","article_publisher":"https:\/\/www.facebook.com\/maria.rodriguezserantes","article_author":"https:\/\/www.facebook.com\/maria.rodriguezserantes","article_published_time":"2018-02-20T12:15:03+00:00","article_modified_time":"2025-04-06T15:00:39+00:00","og_image":[{"width":540,"height":540,"url":"https:\/\/www.galiciamaxica.eu\/mini\/wp-content\/uploads\/2018\/02\/Blue-Simple-Collage-Great-Outdoors-Month-Instagram-Post-1.jpg","type":"image\/jpeg"}],"author":"seseixa","twitter_card":"summary_large_image","twitter_creator":"@seseixa","twitter_site":"@seseixa","twitter_misc":{"Escrito por":"seseixa","Tiempo de lectura":"3 minutos"},"schema":{"@context":"https:\/\/schema.org","@graph":[{"@type":"Article","@id":"https:\/\/www.galiciamaxica.eu\/mini\/ruta-da-auga-ames\/#article","isPartOf":{"@id":"https:\/\/www.galiciamaxica.eu\/mini\/ruta-da-auga-ames\/"},"author":{"name":"seseixa","@id":"https:\/\/www.galiciamaxica.eu\/mini\/#\/schema\/person\/2b284fe2fd911000a48d2e8936300179"},"headline":"AMES M\u00c1XICO","datePublished":"2018-02-20T12:15:03+00:00","dateModified":"2025-04-06T15:00:39+00:00","mainEntityOfPage":{"@id":"https:\/\/www.galiciamaxica.eu\/mini\/ruta-da-auga-ames\/"},"wordCount":693,"commentCount":0,"publisher":{"@id":"https:\/\/www.galiciamaxica.eu\/mini\/#\/schema\/person\/2b284fe2fd911000a48d2e8936300179"},"image":{"@id":"https:\/\/www.galiciamaxica.eu\/mini\/ruta-da-auga-ames\/#primaryimage"},"thumbnailUrl":"https:\/\/www.galiciamaxica.eu\/mini\/wp-content\/uploads\/2018\/02\/Blue-Simple-Collage-Great-Outdoors-Month-Instagram-Post-1.jpg","keywords":["a coru\u00f1a","ames","ruta"],"articleSection":["A CORU\u00d1A","RUTAS"],"inLanguage":"es","potentialAction":[{"@type":"CommentAction","name":"Comment","target":["https:\/\/www.galiciamaxica.eu\/mini\/ruta-da-auga-ames\/#respond"]}]},{"@type":"WebPage","@id":"https:\/\/www.galiciamaxica.eu\/mini\/ruta-da-auga-ames\/","url":"https:\/\/www.galiciamaxica.eu\/mini\/ruta-da-auga-ames\/","name":"AMES M\u00c1XICO - Galicia con ni\u00f1os | GALICIA M\u00c1XICA","isPartOf":{"@id":"https:\/\/www.galiciamaxica.eu\/mini\/#website"},"primaryImageOfPage":{"@id":"https:\/\/www.galiciamaxica.eu\/mini\/ruta-da-auga-ames\/#primaryimage"},"image":{"@id":"https:\/\/www.galiciamaxica.eu\/mini\/ruta-da-auga-ames\/#primaryimage"},"thumbnailUrl":"https:\/\/www.galiciamaxica.eu\/mini\/wp-content\/uploads\/2018\/02\/Blue-Simple-Collage-Great-Outdoors-Month-Instagram-Post-1.jpg","datePublished":"2018-02-20T12:15:03+00:00","dateModified":"2025-04-06T15:00:39+00:00","breadcrumb":{"@id":"https:\/\/www.galiciamaxica.eu\/mini\/ruta-da-auga-ames\/#breadcrumb"},"inLanguage":"es","potentialAction":[{"@type":"ReadAction","target":["https:\/\/www.galiciamaxica.eu\/mini\/ruta-da-auga-ames\/"]}]},{"@type":"ImageObject","inLanguage":"es","@id":"https:\/\/www.galiciamaxica.eu\/mini\/ruta-da-auga-ames\/#primaryimage","url":"https:\/\/www.galiciamaxica.eu\/mini\/wp-content\/uploads\/2018\/02\/Blue-Simple-Collage-Great-Outdoors-Month-Instagram-Post-1.jpg","contentUrl":"https:\/\/www.galiciamaxica.eu\/mini\/wp-content\/uploads\/2018\/02\/Blue-Simple-Collage-Great-Outdoors-Month-Instagram-Post-1.jpg","width":540,"height":540,"caption":"img_5d9af806da73c"},{"@type":"BreadcrumbList","@id":"https:\/\/www.galiciamaxica.eu\/mini\/ruta-da-auga-ames\/#breadcrumb","itemListElement":[{"@type":"ListItem","position":1,"name":"Portada","item":"https:\/\/www.galiciamaxica.eu\/mini\/"},{"@type":"ListItem","position":2,"name":"AMES M\u00c1XICO"}]},{"@type":"WebSite","@id":"https:\/\/www.galiciamaxica.eu\/mini\/#website","url":"https:\/\/www.galiciamaxica.eu\/mini\/","name":"Galicia con ni\u00f1os | GALICIA M\u00c1XICA","description":"Qu\u00e9 hacer con ni\u00f1os en Galicia","publisher":{"@id":"https:\/\/www.galiciamaxica.eu\/mini\/#\/schema\/person\/2b284fe2fd911000a48d2e8936300179"},"potentialAction":[{"@type":"SearchAction","target":{"@type":"EntryPoint","urlTemplate":"https:\/\/www.galiciamaxica.eu\/mini\/?s={search_term_string}"},"query-input":{"@type":"PropertyValueSpecification","valueRequired":true,"valueName":"search_term_string"}}],"inLanguage":"es"},{"@type":["Person","Organization"],"@id":"https:\/\/www.galiciamaxica.eu\/mini\/#\/schema\/person\/2b284fe2fd911000a48d2e8936300179","name":"seseixa","image":{"@type":"ImageObject","inLanguage":"es","@id":"https:\/\/www.galiciamaxica.eu\/mini\/#\/schema\/person\/image\/","url":"https:\/\/www.galiciamaxica.eu\/mini\/wp-content\/uploads\/2019\/02\/seseixa.png","contentUrl":"https:\/\/www.galiciamaxica.eu\/mini\/wp-content\/uploads\/2019\/02\/seseixa.png","width":100,"height":100,"caption":"seseixa"},"logo":{"@id":"https:\/\/www.galiciamaxica.eu\/mini\/#\/schema\/person\/image\/"},"description":"En la actualidad combinando dos proyectos que me apasionan, Galicia y los ni\u00f1os. Tengo mucho que aportar y otro tanto que aprender, as\u00ed como, el tiempo y el coraz\u00f3n, dividido en todo momento. Soy mam\u00e1, un titulo otorgado a tiempo completo, compa\u00f1era y amiga, a todas horas, familiar y cercana, siempre. De esp\u00edritu inquieto, soy una eterna ni\u00f1a que juega en el pa\u00eds de las maravillas. Una enamorada de mi tierra, por la que trabajo sin descanso. Creo en la infancia como motor que cambiar\u00e1 el mundo a mejor y busco en mi vida la felicidad como estado permanente porque s\u00f3lo se vive una vez.","sameAs":["http:\/\/mini.galiciamaxica.eu\/","https:\/\/www.facebook.com\/maria.rodriguezserantes","https:\/\/x.com\/seseixa"],"url":"https:\/\/www.galiciamaxica.eu\/mini\/author\/seseixa\/"}]}},"amp_enabled":true,"post_mailing_queue_ids":[],"_links":{"self":[{"href":"https:\/\/www.galiciamaxica.eu\/mini\/wp-json\/wp\/v2\/posts\/7842"}],"collection":[{"href":"https:\/\/www.galiciamaxica.eu\/mini\/wp-json\/wp\/v2\/posts"}],"about":[{"href":"https:\/\/www.galiciamaxica.eu\/mini\/wp-json\/wp\/v2\/types\/post"}],"author":[{"embeddable":true,"href":"https:\/\/www.galiciamaxica.eu\/mini\/wp-json\/wp\/v2\/users\/1"}],"replies":[{"embeddable":true,"href":"https:\/\/www.galiciamaxica.eu\/mini\/wp-json\/wp\/v2\/comments?post=7842"}],"version-history":[{"count":5,"href":"https:\/\/www.galiciamaxica.eu\/mini\/wp-json\/wp\/v2\/posts\/7842\/revisions"}],"predecessor-version":[{"id":22496,"href":"https:\/\/www.galiciamaxica.eu\/mini\/wp-json\/wp\/v2\/posts\/7842\/revisions\/22496"}],"wp:featuredmedia":[{"embeddable":true,"href":"https:\/\/www.galiciamaxica.eu\/mini\/wp-json\/wp\/v2\/media\/7851"}],"wp:attachment":[{"href":"https:\/\/www.galiciamaxica.eu\/mini\/wp-json\/wp\/v2\/media?parent=7842"}],"wp:term":[{"taxonomy":"category","embeddable":true,"href":"https:\/\/www.galiciamaxica.eu\/mini\/wp-json\/wp\/v2\/categories?post=7842"},{"taxonomy":"post_tag","embeddable":true,"href":"https:\/\/www.galiciamaxica.eu\/mini\/wp-json\/wp\/v2\/tags?post=7842"}],"curies":[{"name":"wp","href":"https:\/\/api.w.org\/{rel}","templated":true}]}}