{"id":7469,"date":"2018-01-10T22:09:41","date_gmt":"2018-01-10T22:09:41","guid":{"rendered":"http:\/\/www.galiciamaxica.eu\/mini\/?p=7469"},"modified":"2019-10-07T10:37:01","modified_gmt":"2019-10-07T08:37:01","slug":"da-raia-seca-costa-da-morte","status":"publish","type":"post","link":"https:\/\/www.galiciamaxica.eu\/mini\/da-raia-seca-costa-da-morte\/","title":{"rendered":"Da Raia Seca \u00e0  Costa da Morte"},"content":{"rendered":"<p><a href=\"#TRADUCCI\u00d3N\">TRADUCCI\u00d3N<\/a><\/p>\n<h2>Tourwanderlust 2017<\/h2>\n<p>Um ano de viagens e descobertas em fam\u00edlia, com experi\u00eancias e sabores de duas regi\u00f5es d um territ\u00f3rio rico.<\/p>\n<p>N\u00e3o \u00e9 f\u00e1cil adivinhar tudo, segue a lista do melhor que visitamos neste ano passado de 2017.<\/p>\n<p>Ambientes do Norte de Portugal e Galiza, uma pitada de Sanabria e uma exce\u00e7\u00e3o da cidade onde cresci.<\/p>\n<p>[youtube https:\/\/www.youtube.com\/watch?v=aIM5ui_N8K4&amp;w=560&amp;h=315]<\/p>\n<p>Roteiro:<\/p>\n<p class=\"p1\">Lima Escape, Ponte da Barca<\/p>\n<p class=\"p1\">Abadia, Terras de Bouro<\/p>\n<p class=\"p1\">Nogueira, Ponte da Barca<\/p>\n<p class=\"p1\">Sandi\u00e1s, Limia, OU<\/p>\n<p class=\"p1\">Couso, Sarreaus, OU<\/p>\n<p class=\"p1\">Rio Froufe, Entre Ambos-os-Rios, Ponte da Barca<\/p>\n<p class=\"p1\">A Arca da Noe, Vilar de Santos, OU<\/p>\n<p class=\"p1\">S. Ant\u00f3nio Val-de-Poldros, Mon\u00e7\u00e3o<\/p>\n<p class=\"p1\">Britelo, Rio Lima, Ponte da Barca<\/p>\n<p class=\"p1\">Rio Minho, Pedregal de Irimia, Meira, LU<\/p>\n<p class=\"p1\">Rio Caldo, Terras de Bouro<\/p>\n<p class=\"p1\">Mata da Albergaria, Terras de Bouro<\/p>\n<p class=\"p1\">Ci\u00e9s, PO<\/p>\n<p class=\"p1\">Ons, PO<\/p>\n<p class=\"p1\">Ofir, Esposende<\/p>\n<p class=\"p1\">Serra do Pilar, Vila Nova de Gaia<\/p>\n<p class=\"p1\">Ribeira, Porto<\/p>\n<p class=\"p1\">Castro Laboreiro, Melga\u00e7o<\/p>\n<p class=\"p1\">Lamas de Mouro, Melga\u00e7o<\/p>\n<p class=\"p1\">Brufe, Terras de Bouro<\/p>\n<p class=\"p1\">Rio Deva, Lobeira, OU<\/p>\n<p class=\"p1\">Vilarinho da Furna, Terras de Bouro<\/p>\n<p class=\"p1\">Lusitano, Lobios, OU<\/p>\n<p class=\"p1\">Fraga de Anam\u00e3o<\/p>\n<p class=\"p1\">Rio Vez, Arcos de Valdevez<\/p>\n<p class=\"p1\">Serra Amarela, Ponte da Barca<\/p>\n<p class=\"p1\">Rio Froufe, Ponte da Barca<\/p>\n<p class=\"p1\">Termas de Aquis Querquennis, Bande, OU<\/p>\n<p class=\"p1\">Rio Lima, Paradi\u00f1a, Sarreuas, OU<\/p>\n<p class=\"p1\">Maus de Salas, Mui\u00f1os, OU<\/p>\n<p class=\"p1\">Rio Lima, Ponte da Barca<\/p>\n<p class=\"p1\">Batateiro, Gavieira, Peneda, Arcos de Valdevez<\/p>\n<p class=\"p1\">Paradela, Ponte da Barca<\/p>\n<p class=\"p1\">Mezio, Arcos de Valdevez<\/p>\n<p class=\"p1\">O Pregoeiro do Vento<\/p>\n<p class=\"p1\">As Catedrais, Ribadeo LU<\/p>\n<p class=\"p1\">Lamego, Vila Real<\/p>\n<p class=\"p1\">Peso da R\u00e9gua, Vila Real<\/p>\n<p class=\"p1\">Pal\u00e1cio de Mateus, Vila Real<\/p>\n<p class=\"p1\">S. Br\u00e1s da Anta, Alvora, Arcos de Valdevez<\/p>\n<p class=\"p1\">S. Ant\u00f3nio Mix\u00f5es da Serra, Valdreu, Vila Verde<\/p>\n<p class=\"p1\">Lobeira, OU<\/p>\n<p class=\"p1\">Ermida, Ponte da Barca<\/p>\n<p class=\"p1\">Rio Vade, Ponte da Barca<\/p>\n<p class=\"p1\">Baiona, PO<\/p>\n<p class=\"p1\">Santa Trega, A Guarda, PO<\/p>\n<p class=\"p1\">Monte Aloia, Tui, PO<\/p>\n<p class=\"p1\">Nigr\u00e1n, PO<\/p>\n<p class=\"p1\">Bocholt, Alemanha<\/p>\n<p class=\"p1\">Fisterra, C<\/p>\n<p class=\"p1\">R\u00eda de Pontevedra, PO<\/p>\n<p class=\"p1\">Laxe, C<\/p>\n<p class=\"p1\">Cabo Vil\u00e1n, Costa da Morte, C<\/p>\n<p class=\"p1\">Pit\u00f5es das J\u00fanias, Montalegre<\/p>\n<p class=\"p1\">Costa Nova, \u00cdlhavo, Aveiro<\/p>\n<p class=\"p1\">Mizarela, Rio Rabag\u00e3o, Ruiv\u00e3es<\/p>\n<p class=\"p1\">Rio Arnoia, Allariz, OU<\/p>\n<p class=\"p1\">Sama\u00edn de Ribadavia, OU<\/p>\n<p class=\"p1\">Puebla de Sanabria, ZA<\/p>\n<p>&nbsp;<\/p>\n<p><a id=\"TRADUCCI\u00d3N\" name=\"TRADUCCI\u00d3N\"><\/a><\/p>\n<p>Un a\u00f1o de viajes y descubrimientos en familia, con experiencias y sabores de dos regiones de un territorio rico.<\/p>\n<p>No es f\u00e1cil adivinar todo, sigue la lista de lo mejor que hemos visitado este a\u00f1o pasado de 2017.<\/p>\n<p>Norte entornos de Portugal y Galicia, una pizca de Sanabria y una menci\u00f3n a la ciudad en la que crec\u00ed.<\/p>\n","protected":false},"excerpt":{"rendered":"<p>TRADUCCI\u00d3N Tourwanderlust 2017 Um ano de viagens e descobertas em fam\u00edlia, com experi\u00eancias e sabores de duas regi\u00f5es d um territ\u00f3rio rico. N\u00e3o \u00e9 f\u00e1cil adivinhar tudo, segue a lista do melhor que visitamos neste ano passado de 2017. Ambientes do Norte de Portugal e Galiza, uma pitada de Sanabria e uma exce\u00e7\u00e3o da cidade [&hellip;]<\/p>\n","protected":false},"author":16,"featured_media":7473,"comment_status":"open","ping_status":"open","sticky":false,"template":"","format":"video","meta":{"_eb_attr":"","site-sidebar-layout":"default","site-content-layout":"","ast-site-content-layout":"","site-content-style":"default","site-sidebar-style":"default","ast-global-header-display":"","ast-banner-title-visibility":"","ast-main-header-display":"","ast-hfb-above-header-display":"","ast-hfb-below-header-display":"","ast-hfb-mobile-header-display":"","site-post-title":"","ast-breadcrumbs-content":"","ast-featured-img":"","footer-sml-layout":"","theme-transparent-header-meta":"","adv-header-id-meta":"","stick-header-meta":"","header-above-stick-meta":"","header-main-stick-meta":"","header-below-stick-meta":"","astra-migrate-meta-layouts":"default","ast-page-background-enabled":"default","ast-page-background-meta":{"desktop":{"background-color":"","background-image":"","background-repeat":"repeat","background-position":"center center","background-size":"auto","background-attachment":"scroll","background-type":"","background-media":"","overlay-type":"","overlay-color":"","overlay-opacity":"","overlay-gradient":""},"tablet":{"background-color":"","background-image":"","background-repeat":"repeat","background-position":"center center","background-size":"auto","background-attachment":"scroll","background-type":"","background-media":"","overlay-type":"","overlay-color":"","overlay-opacity":"","overlay-gradient":""},"mobile":{"background-color":"","background-image":"","background-repeat":"repeat","background-position":"center center","background-size":"auto","background-attachment":"scroll","background-type":"","background-media":"","overlay-type":"","overlay-color":"","overlay-opacity":"","overlay-gradient":""}},"ast-content-background-meta":{"desktop":{"background-color":"var(--ast-global-color-5)","background-image":"","background-repeat":"repeat","background-position":"center center","background-size":"auto","background-attachment":"scroll","background-type":"","background-media":"","overlay-type":"","overlay-color":"","overlay-opacity":"","overlay-gradient":""},"tablet":{"background-color":"var(--ast-global-color-5)","background-image":"","background-repeat":"repeat","background-position":"center center","background-size":"auto","background-attachment":"scroll","background-type":"","background-media":"","overlay-type":"","overlay-color":"","overlay-opacity":"","overlay-gradient":""},"mobile":{"background-color":"var(--ast-global-color-5)","background-image":"","background-repeat":"repeat","background-position":"center center","background-size":"auto","background-attachment":"scroll","background-type":"","background-media":"","overlay-type":"","overlay-color":"","overlay-opacity":"","overlay-gradient":""}},"footnotes":""},"categories":[49,623,50,51,48,586,761,892],"tags":[56,426,25,37,57,58,23,587],"class_list":["post-7469","post","type-post","status-publish","format-video","has-post-thumbnail","hentry","category-a-coruna","category-colaboradores","category-lugo","category-ourense","category-pontevedra","category-portugal","category-tourwanderlust","category-viajes","tag-a-coruna","tag-familia","tag-galicia","tag-galiciamaxica","tag-lugo","tag-ourense","tag-pontevedra","tag-portugal","post_format-post-format-video"],"yoast_head":"<!-- This site is optimized with the Yoast SEO plugin v24.9 - https:\/\/yoast.com\/wordpress\/plugins\/seo\/ -->\n<title>Da Raia Seca \u00e0 Costa da Morte - Galicia con ni\u00f1os | GALICIA M\u00c1XICA<\/title>\n<meta name=\"robots\" content=\"index, follow, max-snippet:-1, max-image-preview:large, max-video-preview:-1\" \/>\n<link rel=\"canonical\" href=\"https:\/\/www.galiciamaxica.eu\/mini\/da-raia-seca-costa-da-morte\/\" \/>\n<meta property=\"og:locale\" content=\"es_ES\" \/>\n<meta property=\"og:type\" content=\"article\" \/>\n<meta property=\"og:title\" content=\"Da Raia Seca \u00e0 Costa da Morte - Galicia con ni\u00f1os | GALICIA M\u00c1XICA\" \/>\n<meta property=\"og:description\" content=\"TRADUCCI\u00d3N Tourwanderlust 2017 Um ano de viagens e descobertas em fam\u00edlia, com experi\u00eancias e sabores de duas regi\u00f5es d um territ\u00f3rio rico. N\u00e3o \u00e9 f\u00e1cil adivinhar tudo, segue a lista do melhor que visitamos neste ano passado de 2017. Ambientes do Norte de Portugal e Galiza, uma pitada de Sanabria e uma exce\u00e7\u00e3o da cidade [&hellip;]\" \/>\n<meta property=\"og:url\" content=\"https:\/\/www.galiciamaxica.eu\/mini\/da-raia-seca-costa-da-morte\/\" \/>\n<meta property=\"og:site_name\" content=\"Galicia con ni\u00f1os | GALICIA M\u00c1XICA\" \/>\n<meta property=\"article:publisher\" content=\"https:\/\/www.facebook.com\/maria.rodriguezserantes\" \/>\n<meta property=\"article:published_time\" content=\"2018-01-10T22:09:41+00:00\" \/>\n<meta property=\"article:modified_time\" content=\"2019-10-07T08:37:01+00:00\" \/>\n<meta property=\"og:image\" content=\"https:\/\/www.galiciamaxica.eu\/mini\/wp-content\/uploads\/2018\/01\/W_20170831_193617.jpg\" \/>\n\t<meta property=\"og:image:width\" content=\"1632\" \/>\n\t<meta property=\"og:image:height\" content=\"918\" \/>\n\t<meta property=\"og:image:type\" content=\"image\/jpeg\" \/>\n<meta name=\"author\" content=\"Jos\u00e9 Manuel Silva\" \/>\n<meta name=\"twitter:card\" content=\"summary_large_image\" \/>\n<meta name=\"twitter:creator\" content=\"@seseixa\" \/>\n<meta name=\"twitter:site\" content=\"@seseixa\" \/>\n<meta name=\"twitter:label1\" content=\"Escrito por\" \/>\n\t<meta name=\"twitter:data1\" content=\"Jos\u00e9 Manuel Silva\" \/>\n\t<meta name=\"twitter:label2\" content=\"Tiempo de lectura\" \/>\n\t<meta name=\"twitter:data2\" content=\"2 minutos\" \/>\n<script type=\"application\/ld+json\" class=\"yoast-schema-graph\">{\"@context\":\"https:\/\/schema.org\",\"@graph\":[{\"@type\":\"Article\",\"@id\":\"https:\/\/www.galiciamaxica.eu\/mini\/da-raia-seca-costa-da-morte\/#article\",\"isPartOf\":{\"@id\":\"https:\/\/www.galiciamaxica.eu\/mini\/da-raia-seca-costa-da-morte\/\"},\"author\":{\"name\":\"Jos\u00e9 Manuel Silva\",\"@id\":\"https:\/\/www.galiciamaxica.eu\/mini\/#\/schema\/person\/5e5eab363b2e8e7a28efedc785690293\"},\"headline\":\"Da Raia Seca \u00e0 Costa da Morte\",\"datePublished\":\"2018-01-10T22:09:41+00:00\",\"dateModified\":\"2019-10-07T08:37:01+00:00\",\"mainEntityOfPage\":{\"@id\":\"https:\/\/www.galiciamaxica.eu\/mini\/da-raia-seca-costa-da-morte\/\"},\"wordCount\":423,\"commentCount\":0,\"publisher\":{\"@id\":\"https:\/\/www.galiciamaxica.eu\/mini\/#\/schema\/person\/2b284fe2fd911000a48d2e8936300179\"},\"image\":{\"@id\":\"https:\/\/www.galiciamaxica.eu\/mini\/da-raia-seca-costa-da-morte\/#primaryimage\"},\"thumbnailUrl\":\"https:\/\/www.galiciamaxica.eu\/mini\/wp-content\/uploads\/2018\/01\/W_20170831_193617.jpg\",\"keywords\":[\"a coru\u00f1a\",\"familia\",\"Galicia\",\"galiciamaxica\",\"lugo\",\"ourense\",\"pontevedra\",\"Portugal\"],\"articleSection\":[\"A CORU\u00d1A\",\"COLABORADORES\",\"LUGO\",\"OURENSE\",\"PONTEVEDRA\",\"PORTUGAL\",\"TOURWANDERLUST\",\"VIAJES\"],\"inLanguage\":\"es\",\"potentialAction\":[{\"@type\":\"CommentAction\",\"name\":\"Comment\",\"target\":[\"https:\/\/www.galiciamaxica.eu\/mini\/da-raia-seca-costa-da-morte\/#respond\"]}]},{\"@type\":\"WebPage\",\"@id\":\"https:\/\/www.galiciamaxica.eu\/mini\/da-raia-seca-costa-da-morte\/\",\"url\":\"https:\/\/www.galiciamaxica.eu\/mini\/da-raia-seca-costa-da-morte\/\",\"name\":\"Da Raia Seca \u00e0 Costa da Morte - Galicia con ni\u00f1os | GALICIA M\u00c1XICA\",\"isPartOf\":{\"@id\":\"https:\/\/www.galiciamaxica.eu\/mini\/#website\"},\"primaryImageOfPage\":{\"@id\":\"https:\/\/www.galiciamaxica.eu\/mini\/da-raia-seca-costa-da-morte\/#primaryimage\"},\"image\":{\"@id\":\"https:\/\/www.galiciamaxica.eu\/mini\/da-raia-seca-costa-da-morte\/#primaryimage\"},\"thumbnailUrl\":\"https:\/\/www.galiciamaxica.eu\/mini\/wp-content\/uploads\/2018\/01\/W_20170831_193617.jpg\",\"datePublished\":\"2018-01-10T22:09:41+00:00\",\"dateModified\":\"2019-10-07T08:37:01+00:00\",\"breadcrumb\":{\"@id\":\"https:\/\/www.galiciamaxica.eu\/mini\/da-raia-seca-costa-da-morte\/#breadcrumb\"},\"inLanguage\":\"es\",\"potentialAction\":[{\"@type\":\"ReadAction\",\"target\":[\"https:\/\/www.galiciamaxica.eu\/mini\/da-raia-seca-costa-da-morte\/\"]}]},{\"@type\":\"ImageObject\",\"inLanguage\":\"es\",\"@id\":\"https:\/\/www.galiciamaxica.eu\/mini\/da-raia-seca-costa-da-morte\/#primaryimage\",\"url\":\"https:\/\/www.galiciamaxica.eu\/mini\/wp-content\/uploads\/2018\/01\/W_20170831_193617.jpg\",\"contentUrl\":\"https:\/\/www.galiciamaxica.eu\/mini\/wp-content\/uploads\/2018\/01\/W_20170831_193617.jpg\",\"width\":1632,\"height\":918},{\"@type\":\"BreadcrumbList\",\"@id\":\"https:\/\/www.galiciamaxica.eu\/mini\/da-raia-seca-costa-da-morte\/#breadcrumb\",\"itemListElement\":[{\"@type\":\"ListItem\",\"position\":1,\"name\":\"Portada\",\"item\":\"https:\/\/www.galiciamaxica.eu\/mini\/\"},{\"@type\":\"ListItem\",\"position\":2,\"name\":\"Da Raia Seca \u00e0 Costa da Morte\"}]},{\"@type\":\"WebSite\",\"@id\":\"https:\/\/www.galiciamaxica.eu\/mini\/#website\",\"url\":\"https:\/\/www.galiciamaxica.eu\/mini\/\",\"name\":\"Galicia con ni\u00f1os | GALICIA M\u00c1XICA\",\"description\":\"Qu\u00e9 hacer con ni\u00f1os en Galicia\",\"publisher\":{\"@id\":\"https:\/\/www.galiciamaxica.eu\/mini\/#\/schema\/person\/2b284fe2fd911000a48d2e8936300179\"},\"potentialAction\":[{\"@type\":\"SearchAction\",\"target\":{\"@type\":\"EntryPoint\",\"urlTemplate\":\"https:\/\/www.galiciamaxica.eu\/mini\/?s={search_term_string}\"},\"query-input\":{\"@type\":\"PropertyValueSpecification\",\"valueRequired\":true,\"valueName\":\"search_term_string\"}}],\"inLanguage\":\"es\"},{\"@type\":[\"Person\",\"Organization\"],\"@id\":\"https:\/\/www.galiciamaxica.eu\/mini\/#\/schema\/person\/2b284fe2fd911000a48d2e8936300179\",\"name\":\"seseixa\",\"image\":{\"@type\":\"ImageObject\",\"inLanguage\":\"es\",\"@id\":\"https:\/\/www.galiciamaxica.eu\/mini\/#\/schema\/person\/image\/\",\"url\":\"https:\/\/www.galiciamaxica.eu\/mini\/wp-content\/uploads\/2019\/02\/seseixa.png\",\"contentUrl\":\"https:\/\/www.galiciamaxica.eu\/mini\/wp-content\/uploads\/2019\/02\/seseixa.png\",\"width\":100,\"height\":100,\"caption\":\"seseixa\"},\"logo\":{\"@id\":\"https:\/\/www.galiciamaxica.eu\/mini\/#\/schema\/person\/image\/\"},\"description\":\"En la actualidad combinando dos proyectos que me apasionan, Galicia y los ni\u00f1os. Tengo mucho que aportar y otro tanto que aprender, as\u00ed como, el tiempo y el coraz\u00f3n, dividido en todo momento. Soy mam\u00e1, un titulo otorgado a tiempo completo, compa\u00f1era y amiga, a todas horas, familiar y cercana, siempre. De esp\u00edritu inquieto, soy una eterna ni\u00f1a que juega en el pa\u00eds de las maravillas. Una enamorada de mi tierra, por la que trabajo sin descanso. Creo en la infancia como motor que cambiar\u00e1 el mundo a mejor y busco en mi vida la felicidad como estado permanente porque s\u00f3lo se vive una vez.\",\"sameAs\":[\"http:\/\/mini.galiciamaxica.eu\/\",\"https:\/\/www.facebook.com\/maria.rodriguezserantes\",\"https:\/\/x.com\/seseixa\"]},{\"@type\":\"Person\",\"@id\":\"https:\/\/www.galiciamaxica.eu\/mini\/#\/schema\/person\/5e5eab363b2e8e7a28efedc785690293\",\"name\":\"Jos\u00e9 Manuel Silva\",\"image\":{\"@type\":\"ImageObject\",\"inLanguage\":\"es\",\"@id\":\"https:\/\/www.galiciamaxica.eu\/mini\/#\/schema\/person\/image\/\",\"url\":\"https:\/\/www.galiciamaxica.eu\/mini\/wp-content\/litespeed\/avatar\/4d6b7b1af758e2a64793a22123ef8c66.jpg?ver=1787747978\",\"contentUrl\":\"https:\/\/www.galiciamaxica.eu\/mini\/wp-content\/litespeed\/avatar\/4d6b7b1af758e2a64793a22123ef8c66.jpg?ver=1787747978\",\"caption\":\"Jos\u00e9 Manuel Silva\"},\"sameAs\":[\"http:\/\/tourwanderlust.com\/\"],\"url\":\"https:\/\/www.galiciamaxica.eu\/mini\/author\/wanderlust\/\"}]}<\/script>\n<!-- \/ Yoast SEO plugin. -->","yoast_head_json":{"title":"Da Raia Seca \u00e0 Costa da Morte - Galicia con ni\u00f1os | GALICIA M\u00c1XICA","robots":{"index":"index","follow":"follow","max-snippet":"max-snippet:-1","max-image-preview":"max-image-preview:large","max-video-preview":"max-video-preview:-1"},"canonical":"https:\/\/www.galiciamaxica.eu\/mini\/da-raia-seca-costa-da-morte\/","og_locale":"es_ES","og_type":"article","og_title":"Da Raia Seca \u00e0 Costa da Morte - Galicia con ni\u00f1os | GALICIA M\u00c1XICA","og_description":"TRADUCCI\u00d3N Tourwanderlust 2017 Um ano de viagens e descobertas em fam\u00edlia, com experi\u00eancias e sabores de duas regi\u00f5es d um territ\u00f3rio rico. N\u00e3o \u00e9 f\u00e1cil adivinhar tudo, segue a lista do melhor que visitamos neste ano passado de 2017. Ambientes do Norte de Portugal e Galiza, uma pitada de Sanabria e uma exce\u00e7\u00e3o da cidade [&hellip;]","og_url":"https:\/\/www.galiciamaxica.eu\/mini\/da-raia-seca-costa-da-morte\/","og_site_name":"Galicia con ni\u00f1os | GALICIA M\u00c1XICA","article_publisher":"https:\/\/www.facebook.com\/maria.rodriguezserantes","article_published_time":"2018-01-10T22:09:41+00:00","article_modified_time":"2019-10-07T08:37:01+00:00","og_image":[{"width":1632,"height":918,"url":"https:\/\/www.galiciamaxica.eu\/mini\/wp-content\/uploads\/2018\/01\/W_20170831_193617.jpg","type":"image\/jpeg"}],"author":"Jos\u00e9 Manuel Silva","twitter_card":"summary_large_image","twitter_creator":"@seseixa","twitter_site":"@seseixa","twitter_misc":{"Escrito por":"Jos\u00e9 Manuel Silva","Tiempo de lectura":"2 minutos"},"schema":{"@context":"https:\/\/schema.org","@graph":[{"@type":"Article","@id":"https:\/\/www.galiciamaxica.eu\/mini\/da-raia-seca-costa-da-morte\/#article","isPartOf":{"@id":"https:\/\/www.galiciamaxica.eu\/mini\/da-raia-seca-costa-da-morte\/"},"author":{"name":"Jos\u00e9 Manuel Silva","@id":"https:\/\/www.galiciamaxica.eu\/mini\/#\/schema\/person\/5e5eab363b2e8e7a28efedc785690293"},"headline":"Da Raia Seca \u00e0 Costa da Morte","datePublished":"2018-01-10T22:09:41+00:00","dateModified":"2019-10-07T08:37:01+00:00","mainEntityOfPage":{"@id":"https:\/\/www.galiciamaxica.eu\/mini\/da-raia-seca-costa-da-morte\/"},"wordCount":423,"commentCount":0,"publisher":{"@id":"https:\/\/www.galiciamaxica.eu\/mini\/#\/schema\/person\/2b284fe2fd911000a48d2e8936300179"},"image":{"@id":"https:\/\/www.galiciamaxica.eu\/mini\/da-raia-seca-costa-da-morte\/#primaryimage"},"thumbnailUrl":"https:\/\/www.galiciamaxica.eu\/mini\/wp-content\/uploads\/2018\/01\/W_20170831_193617.jpg","keywords":["a coru\u00f1a","familia","Galicia","galiciamaxica","lugo","ourense","pontevedra","Portugal"],"articleSection":["A CORU\u00d1A","COLABORADORES","LUGO","OURENSE","PONTEVEDRA","PORTUGAL","TOURWANDERLUST","VIAJES"],"inLanguage":"es","potentialAction":[{"@type":"CommentAction","name":"Comment","target":["https:\/\/www.galiciamaxica.eu\/mini\/da-raia-seca-costa-da-morte\/#respond"]}]},{"@type":"WebPage","@id":"https:\/\/www.galiciamaxica.eu\/mini\/da-raia-seca-costa-da-morte\/","url":"https:\/\/www.galiciamaxica.eu\/mini\/da-raia-seca-costa-da-morte\/","name":"Da Raia Seca \u00e0 Costa da Morte - Galicia con ni\u00f1os | GALICIA M\u00c1XICA","isPartOf":{"@id":"https:\/\/www.galiciamaxica.eu\/mini\/#website"},"primaryImageOfPage":{"@id":"https:\/\/www.galiciamaxica.eu\/mini\/da-raia-seca-costa-da-morte\/#primaryimage"},"image":{"@id":"https:\/\/www.galiciamaxica.eu\/mini\/da-raia-seca-costa-da-morte\/#primaryimage"},"thumbnailUrl":"https:\/\/www.galiciamaxica.eu\/mini\/wp-content\/uploads\/2018\/01\/W_20170831_193617.jpg","datePublished":"2018-01-10T22:09:41+00:00","dateModified":"2019-10-07T08:37:01+00:00","breadcrumb":{"@id":"https:\/\/www.galiciamaxica.eu\/mini\/da-raia-seca-costa-da-morte\/#breadcrumb"},"inLanguage":"es","potentialAction":[{"@type":"ReadAction","target":["https:\/\/www.galiciamaxica.eu\/mini\/da-raia-seca-costa-da-morte\/"]}]},{"@type":"ImageObject","inLanguage":"es","@id":"https:\/\/www.galiciamaxica.eu\/mini\/da-raia-seca-costa-da-morte\/#primaryimage","url":"https:\/\/www.galiciamaxica.eu\/mini\/wp-content\/uploads\/2018\/01\/W_20170831_193617.jpg","contentUrl":"https:\/\/www.galiciamaxica.eu\/mini\/wp-content\/uploads\/2018\/01\/W_20170831_193617.jpg","width":1632,"height":918},{"@type":"BreadcrumbList","@id":"https:\/\/www.galiciamaxica.eu\/mini\/da-raia-seca-costa-da-morte\/#breadcrumb","itemListElement":[{"@type":"ListItem","position":1,"name":"Portada","item":"https:\/\/www.galiciamaxica.eu\/mini\/"},{"@type":"ListItem","position":2,"name":"Da Raia Seca \u00e0 Costa da Morte"}]},{"@type":"WebSite","@id":"https:\/\/www.galiciamaxica.eu\/mini\/#website","url":"https:\/\/www.galiciamaxica.eu\/mini\/","name":"Galicia con ni\u00f1os | GALICIA M\u00c1XICA","description":"Qu\u00e9 hacer con ni\u00f1os en Galicia","publisher":{"@id":"https:\/\/www.galiciamaxica.eu\/mini\/#\/schema\/person\/2b284fe2fd911000a48d2e8936300179"},"potentialAction":[{"@type":"SearchAction","target":{"@type":"EntryPoint","urlTemplate":"https:\/\/www.galiciamaxica.eu\/mini\/?s={search_term_string}"},"query-input":{"@type":"PropertyValueSpecification","valueRequired":true,"valueName":"search_term_string"}}],"inLanguage":"es"},{"@type":["Person","Organization"],"@id":"https:\/\/www.galiciamaxica.eu\/mini\/#\/schema\/person\/2b284fe2fd911000a48d2e8936300179","name":"seseixa","image":{"@type":"ImageObject","inLanguage":"es","@id":"https:\/\/www.galiciamaxica.eu\/mini\/#\/schema\/person\/image\/","url":"https:\/\/www.galiciamaxica.eu\/mini\/wp-content\/uploads\/2019\/02\/seseixa.png","contentUrl":"https:\/\/www.galiciamaxica.eu\/mini\/wp-content\/uploads\/2019\/02\/seseixa.png","width":100,"height":100,"caption":"seseixa"},"logo":{"@id":"https:\/\/www.galiciamaxica.eu\/mini\/#\/schema\/person\/image\/"},"description":"En la actualidad combinando dos proyectos que me apasionan, Galicia y los ni\u00f1os. Tengo mucho que aportar y otro tanto que aprender, as\u00ed como, el tiempo y el coraz\u00f3n, dividido en todo momento. Soy mam\u00e1, un titulo otorgado a tiempo completo, compa\u00f1era y amiga, a todas horas, familiar y cercana, siempre. De esp\u00edritu inquieto, soy una eterna ni\u00f1a que juega en el pa\u00eds de las maravillas. Una enamorada de mi tierra, por la que trabajo sin descanso. Creo en la infancia como motor que cambiar\u00e1 el mundo a mejor y busco en mi vida la felicidad como estado permanente porque s\u00f3lo se vive una vez.","sameAs":["http:\/\/mini.galiciamaxica.eu\/","https:\/\/www.facebook.com\/maria.rodriguezserantes","https:\/\/x.com\/seseixa"]},{"@type":"Person","@id":"https:\/\/www.galiciamaxica.eu\/mini\/#\/schema\/person\/5e5eab363b2e8e7a28efedc785690293","name":"Jos\u00e9 Manuel Silva","image":{"@type":"ImageObject","inLanguage":"es","@id":"https:\/\/www.galiciamaxica.eu\/mini\/#\/schema\/person\/image\/","url":"https:\/\/www.galiciamaxica.eu\/mini\/wp-content\/litespeed\/avatar\/4d6b7b1af758e2a64793a22123ef8c66.jpg?ver=1787747978","contentUrl":"https:\/\/www.galiciamaxica.eu\/mini\/wp-content\/litespeed\/avatar\/4d6b7b1af758e2a64793a22123ef8c66.jpg?ver=1787747978","caption":"Jos\u00e9 Manuel Silva"},"sameAs":["http:\/\/tourwanderlust.com\/"],"url":"https:\/\/www.galiciamaxica.eu\/mini\/author\/wanderlust\/"}]}},"amp_enabled":true,"post_mailing_queue_ids":[],"_links":{"self":[{"href":"https:\/\/www.galiciamaxica.eu\/mini\/wp-json\/wp\/v2\/posts\/7469"}],"collection":[{"href":"https:\/\/www.galiciamaxica.eu\/mini\/wp-json\/wp\/v2\/posts"}],"about":[{"href":"https:\/\/www.galiciamaxica.eu\/mini\/wp-json\/wp\/v2\/types\/post"}],"author":[{"embeddable":true,"href":"https:\/\/www.galiciamaxica.eu\/mini\/wp-json\/wp\/v2\/users\/16"}],"replies":[{"embeddable":true,"href":"https:\/\/www.galiciamaxica.eu\/mini\/wp-json\/wp\/v2\/comments?post=7469"}],"version-history":[{"count":0,"href":"https:\/\/www.galiciamaxica.eu\/mini\/wp-json\/wp\/v2\/posts\/7469\/revisions"}],"wp:featuredmedia":[{"embeddable":true,"href":"https:\/\/www.galiciamaxica.eu\/mini\/wp-json\/wp\/v2\/media\/7473"}],"wp:attachment":[{"href":"https:\/\/www.galiciamaxica.eu\/mini\/wp-json\/wp\/v2\/media?parent=7469"}],"wp:term":[{"taxonomy":"category","embeddable":true,"href":"https:\/\/www.galiciamaxica.eu\/mini\/wp-json\/wp\/v2\/categories?post=7469"},{"taxonomy":"post_tag","embeddable":true,"href":"https:\/\/www.galiciamaxica.eu\/mini\/wp-json\/wp\/v2\/tags?post=7469"}],"curies":[{"name":"wp","href":"https:\/\/api.w.org\/{rel}","templated":true}]}}