{"id":7035,"date":"2017-11-07T19:15:30","date_gmt":"2017-11-07T19:15:30","guid":{"rendered":"http:\/\/www.galiciamaxica.eu\/mini\/?p=7035"},"modified":"2019-10-07T10:50:22","modified_gmt":"2019-10-07T08:50:22","slug":"tipo-madre-tipo-madre-seras-mujerseelcambio","status":"publish","type":"post","link":"https:\/\/www.galiciamaxica.eu\/mini\/tipo-madre-tipo-madre-seras-mujerseelcambio\/","title":{"rendered":"\u00bfQu\u00e9 tipo de madre eres, qu\u00e9 tipo de madre ser\u00e1s? #mujers\u00e9elcambio"},"content":{"rendered":"<p>Me han dicho que sea un punto de partida en <strong>#mujers\u00e9elcambio<\/strong> y comparta para que se haga viral porque lo bueno ha de llegar a todas los lugares del mundo, para todas las bloggeras que teng\u00e1is ni\u00f1as o las que quer\u00e1is aportar vuestro mensaje en la botella que ir\u00e1 en un recipiente mucho m\u00e1s futurista.<br \/>\nCambiemos la historia, impl\u00edcate<\/p>\n<p>Partes de la entrada<br \/>\n\u2022 En nuestros hombros ca\u00eda el peso de complacer ya desde peque\u00f1as&#8230;<br \/>\n(tres cosas que te desagradaban que te mandasen cuando eras peque\u00f1a)<br \/>\n\u2022 Consejo. D\u00e9jales ser!<br \/>\n\u2022 TRES MUJERES IMPORTANTES DEL PASADO, PARA EL PRESENTE Y FUTURO<br \/>\n\u2022 \u00bfQu\u00e9 es lo m\u00e1s bonito de ser madre para Ti?<\/p>\n<p><strong>(copia antes de tu entrada)<\/strong><\/p>\n<p style=\"text-align: center;\"><iframe src=\"https:\/\/www.youtube.com\/embed\/VxCGNHcdVKI\" width=\"560\" height=\"315\" frameborder=\"0\" allowfullscreen=\"allowfullscreen\"><\/iframe><\/p>\n<h2 style=\"text-align: center;\">@<em>SESEIXA<\/em><\/h2>\n<h1>En nuestros hombros ca\u00eda el peso de complacer ya desde peque\u00f1as&#8230;<\/h1>\n<\/li>\n<\/ul>\n<p>Se nos ense\u00f1aba con normalidad \u201ca besar a desconocidos\u201d, Se nos ense\u00f1aba \u201ca mentir para no desagradar\u00bb, Se nos ense\u00f1aba que los deportes \u201ceran cosas de ni\u00f1os\u201d<\/p>\n<p>Y A\u00d1ADO se nos ense\u00f1aba que las tareas dom\u00e9sticas hab\u00edan nacido para hacernos felices y estas, eran nuestra mejor asignatura. Se nos dec\u00eda que la inform\u00e1tica era un lenguaje s\u00f3lo entendible para hombres\u2026y as\u00ed un sinf\u00edn de mentiras que poco a poco e inevitablemente nos \u00edbamos vistiendo como si fuesen nuestra segunda piel.<\/p>\n<h1 style=\"text-align: center;\">Consejo. D\u00e9jales ser!<\/h1>\n<p>Si respetas el no de tu hija cuando no quiere dar un beso, fortaleces ya desde peque\u00f1a el \u201cyo elijo a qui\u00e9n\u201d<\/p>\n<p>Si la dejas escoger un bal\u00f3n entender\u00e1 \u201cque ella tambi\u00e9n puede jugar a lo que quiera\u201d<\/p>\n<p>Si no le exiges tareas distintas por su sexo, les ense\u00f1as igualdad.<\/p>\n<p>&nbsp;<\/p>\n<h1 style=\"text-align: center;\">MUJERES EN LA HISTORIA<\/h1>\n<p><strong>MUJERES IMPORTANTES EN EL PASADO<\/strong><\/p>\n<p><strong>Cleopatra<\/strong><\/p>\n<p>Emperatriz de Egipto que logr\u00f3 dividir el imperio romano.<\/p>\n<p><strong>Juana de Arco<\/strong><\/p>\n<p>Mujer que comand\u00f3 al ej\u00e9rcito franc\u00e9s Y logr\u00f3 expulsar a los ingleses<\/p>\n<p><strong>Rosa Parks<\/strong><\/p>\n<p>Activista social que se neg\u00f3 a ceder su lugar en el autob\u00fas a un blanco en Estados Unidos y encendi\u00f3 la chispa que llevar\u00eda a protestas sin violencia a favor de los derechos civiles de los afroamericanos.<\/p>\n<figure style=\"width: 582px\" class=\"wp-caption aligncenter\"><img fetchpriority=\"high\" decoding=\"async\" class=\"size-medium\" src=\"https:\/\/galiciamaxica.eu\/mini\/wp-content\/uploads\/2019\/10\/9371600_G.jpg\" width=\"582\" height=\"386\" \/><figcaption class=\"wp-caption-text\">Rosa Parks<\/figcaption><\/figure>\n<p style=\"text-align: center;\"><iframe src=\"https:\/\/www.youtube.com\/embed\/6-KrLOM8YtY\" width=\"560\" height=\"315\" frameborder=\"0\" allowfullscreen=\"allowfullscreen\"><\/iframe><\/p>\n<p><strong>MUJERES IMPORTANTES PARA EL PRESENTE<\/strong><\/p>\n<h4>Marie Curie<\/h4>\n<p>Fue la primera mujer en recibir un Premio Nobel <em>en dos categor\u00edas diferentes F\u00edsica y Qu\u00edmica<\/em><\/p>\n<p><strong>Eva Per\u00f3n<\/strong><\/p>\n<p>Actriz y pol\u00edtica argentina que Impuls\u00f3 y logr\u00f3 la sanci\u00f3n en 1947 de la ley de sufragio femenino para lograr la igualdad pol\u00edtica entre los hombres y las mujeres<\/p>\n<p><strong>Madre Teresa de Calcuta<\/strong><\/p>\n<p>Primera religiosa que trascendi\u00f3 a nivel internacional, por tratar con enfermos, pobres, hu\u00e9rfanos y moribundos durante 45 a\u00f1os<\/p>\n<p style=\"text-align: center;\"><iframe src=\"https:\/\/www.youtube.com\/embed\/AstpW48AYl4\" width=\"560\" height=\"315\" frameborder=\"0\" allowfullscreen=\"allowfullscreen\"><\/iframe><\/p>\n<p>&nbsp;<\/p>\n<p><strong>MUJERES IMPORTANTES EN EL FUTURO<\/strong><\/p>\n<p>Si pienso en Futuro se personan<\/p>\n<p><strong>Coco Chanel<\/strong><\/p>\n<p>Gracias a sus ideas revolucionarias, se convirti\u00f3 en una de las dise\u00f1adoras m\u00e1s innovadoras hasta nuestros d\u00edas. Se atrevi\u00f3 a tomar prendas tradicionalmente masculinas y redise\u00f1arlas para el beneficio de las mujeres.<\/p>\n<p><strong>Kathryn Bigelow<\/strong><\/p>\n<p>Es la primera mujer en la historia que ha ganado el \u00d3scar a mejor director por su pel\u00edcula Zona de Miedo, en 2009.<\/p>\n<p><strong>Malala Yousafzai\u00a0<\/strong><\/p>\n<p>Estudiante, activista y bloguera pakistan\u00ed. Ganadora del Premio Nobel de la Paz en 2014 (es la persona m\u00e1s joven galardonada con un Premio Nobel).<\/p>\n<p style=\"text-align: center;\"><iframe src=\"https:\/\/www.youtube.com\/embed\/UJZHFlao88Y\" width=\"560\" height=\"315\" frameborder=\"0\" allowfullscreen=\"allowfullscreen\"><\/iframe><\/p>\n<p>&#8230;..Y por suerte, nac\u00ed en un lugar tan especial que todo lo que antes era normal va cambiando no con mi llegada, sino porque antes ya se hab\u00eda cambiado y lo que entonces era para algunos una familia at\u00edpica, se convierte en la mejor de las familias, y\u00a0 el ejemplo de mi abuela y de mi madre di\u00f3 un nuevo significado a la palabra \u00abmadre\u00bb que puede significar tantas y tantas cosas al mismo tiempo y cuando quieres, madre, padre, amiga, compa\u00f1era.. y entiend\u00ed que la mujer vale para todo lo que se proponga, \u00abes capaz de cruzar el mundo en un barco portando su mejor legado\u00bb, gracias por ense\u00f1arme tanto.<\/p>\n<p style=\"text-align: center;\"><strong>\u00a0A\u00d1ADO A ESTA ENTRADA MI GRANITO DE ARENA MIS TRES MUJERES CON HISTORIA<\/strong><\/p>\n<p style=\"text-align: center;\"><strong>MI ABUELA GLORIA, MI MADRE\u00a0<\/strong><strong>FERNANDA<\/strong><\/p>\n<p style=\"text-align: center;\"><strong>Y MI HIJA ADHARA<\/strong><\/p>\n<h1><strong>\u00bfQu\u00e9<\/strong> es lo m\u00e1s bonito de ser madre para mi?<\/h1>\n<p>Lo m\u00e1s bonito de ser mujer y madre es que aprendo m\u00e1s de mis hijos que lo que yo les ense\u00f1o.<\/p>\n<p><iframe src=\"https:\/\/www.youtube.com\/embed\/HI49CsVG_tw\" width=\"560\" height=\"315\" frameborder=\"0\" allowfullscreen=\"allowfullscreen\"><\/iframe><\/p>\n<p>&nbsp;<\/p>\n","protected":false},"excerpt":{"rendered":"<p>Me han dicho que sea un punto de partida en #mujers\u00e9elcambio y comparta para que se haga viral porque lo bueno ha de llegar a todas los lugares del mundo, para todas las bloggeras que teng\u00e1is ni\u00f1as o las que quer\u00e1is aportar vuestro mensaje en la botella que ir\u00e1 en un recipiente mucho m\u00e1s futurista. [&hellip;]<\/p>\n","protected":false},"author":1,"featured_media":7036,"comment_status":"open","ping_status":"open","sticky":false,"template":"","format":"standard","meta":{"_eb_attr":"","site-sidebar-layout":"default","site-content-layout":"","ast-site-content-layout":"","site-content-style":"default","site-sidebar-style":"default","ast-global-header-display":"","ast-banner-title-visibility":"","ast-main-header-display":"","ast-hfb-above-header-display":"","ast-hfb-below-header-display":"","ast-hfb-mobile-header-display":"","site-post-title":"","ast-breadcrumbs-content":"","ast-featured-img":"","footer-sml-layout":"","theme-transparent-header-meta":"","adv-header-id-meta":"","stick-header-meta":"","header-above-stick-meta":"","header-main-stick-meta":"","header-below-stick-meta":"","astra-migrate-meta-layouts":"default","ast-page-background-enabled":"default","ast-page-background-meta":{"desktop":{"background-color":"","background-image":"","background-repeat":"repeat","background-position":"center center","background-size":"auto","background-attachment":"scroll","background-type":"","background-media":"","overlay-type":"","overlay-color":"","overlay-opacity":"","overlay-gradient":""},"tablet":{"background-color":"","background-image":"","background-repeat":"repeat","background-position":"center center","background-size":"auto","background-attachment":"scroll","background-type":"","background-media":"","overlay-type":"","overlay-color":"","overlay-opacity":"","overlay-gradient":""},"mobile":{"background-color":"","background-image":"","background-repeat":"repeat","background-position":"center center","background-size":"auto","background-attachment":"scroll","background-type":"","background-media":"","overlay-type":"","overlay-color":"","overlay-opacity":"","overlay-gradient":""}},"ast-content-background-meta":{"desktop":{"background-color":"var(--ast-global-color-5)","background-image":"","background-repeat":"repeat","background-position":"center center","background-size":"auto","background-attachment":"scroll","background-type":"","background-media":"","overlay-type":"","overlay-color":"","overlay-opacity":"","overlay-gradient":""},"tablet":{"background-color":"var(--ast-global-color-5)","background-image":"","background-repeat":"repeat","background-position":"center center","background-size":"auto","background-attachment":"scroll","background-type":"","background-media":"","overlay-type":"","overlay-color":"","overlay-opacity":"","overlay-gradient":""},"mobile":{"background-color":"var(--ast-global-color-5)","background-image":"","background-repeat":"repeat","background-position":"center center","background-size":"auto","background-attachment":"scroll","background-type":"","background-media":"","overlay-type":"","overlay-color":"","overlay-opacity":"","overlay-gradient":""}},"footnotes":""},"categories":[1],"tags":[903,902,901],"class_list":["post-7035","post","type-post","status-publish","format-standard","has-post-thumbnail","hentry","category-familia","tag-cambio","tag-madre","tag-mujer"],"yoast_head":"<!-- This site is optimized with the Yoast SEO plugin v24.9 - https:\/\/yoast.com\/wordpress\/plugins\/seo\/ -->\n<title>\u00bfQu\u00e9 tipo de madre eres, qu\u00e9 tipo de madre ser\u00e1s? #mujers\u00e9elcambio - Galicia con ni\u00f1os | GALICIA M\u00c1XICA<\/title>\n<meta name=\"robots\" content=\"index, follow, max-snippet:-1, max-image-preview:large, max-video-preview:-1\" \/>\n<link rel=\"canonical\" href=\"https:\/\/www.galiciamaxica.eu\/mini\/tipo-madre-tipo-madre-seras-mujerseelcambio\/\" \/>\n<meta property=\"og:locale\" content=\"es_ES\" \/>\n<meta property=\"og:type\" content=\"article\" \/>\n<meta property=\"og:title\" content=\"\u00bfQu\u00e9 tipo de madre eres, qu\u00e9 tipo de madre ser\u00e1s? #mujers\u00e9elcambio - Galicia con ni\u00f1os | GALICIA M\u00c1XICA\" \/>\n<meta property=\"og:description\" content=\"Me han dicho que sea un punto de partida en #mujers\u00e9elcambio y comparta para que se haga viral porque lo bueno ha de llegar a todas los lugares del mundo, para todas las bloggeras que teng\u00e1is ni\u00f1as o las que quer\u00e1is aportar vuestro mensaje en la botella que ir\u00e1 en un recipiente mucho m\u00e1s futurista. [&hellip;]\" \/>\n<meta property=\"og:url\" content=\"https:\/\/www.galiciamaxica.eu\/mini\/tipo-madre-tipo-madre-seras-mujerseelcambio\/\" \/>\n<meta property=\"og:site_name\" content=\"Galicia con ni\u00f1os | GALICIA M\u00c1XICA\" \/>\n<meta property=\"article:publisher\" content=\"https:\/\/www.facebook.com\/maria.rodriguezserantes\" \/>\n<meta property=\"article:author\" content=\"https:\/\/www.facebook.com\/maria.rodriguezserantes\" \/>\n<meta property=\"article:published_time\" content=\"2017-11-07T19:15:30+00:00\" \/>\n<meta property=\"article:modified_time\" content=\"2019-10-07T08:50:22+00:00\" \/>\n<meta name=\"author\" content=\"seseixa\" \/>\n<meta name=\"twitter:card\" content=\"summary_large_image\" \/>\n<meta name=\"twitter:image\" content=\"https:\/\/www.galiciamaxica.eu\/mini\/wp-content\/uploads\/2017\/11\/chillwave-mix.png\" \/>\n<meta name=\"twitter:creator\" content=\"@seseixa\" \/>\n<meta name=\"twitter:site\" content=\"@seseixa\" \/>\n<meta name=\"twitter:label1\" content=\"Escrito por\" \/>\n\t<meta name=\"twitter:data1\" content=\"seseixa\" \/>\n\t<meta name=\"twitter:label2\" content=\"Tiempo de lectura\" \/>\n\t<meta name=\"twitter:data2\" content=\"4 minutos\" \/>\n<script type=\"application\/ld+json\" class=\"yoast-schema-graph\">{\"@context\":\"https:\/\/schema.org\",\"@graph\":[{\"@type\":\"Article\",\"@id\":\"https:\/\/www.galiciamaxica.eu\/mini\/tipo-madre-tipo-madre-seras-mujerseelcambio\/#article\",\"isPartOf\":{\"@id\":\"https:\/\/www.galiciamaxica.eu\/mini\/tipo-madre-tipo-madre-seras-mujerseelcambio\/\"},\"author\":{\"name\":\"seseixa\",\"@id\":\"https:\/\/www.galiciamaxica.eu\/mini\/#\/schema\/person\/2b284fe2fd911000a48d2e8936300179\"},\"headline\":\"\u00bfQu\u00e9 tipo de madre eres, qu\u00e9 tipo de madre ser\u00e1s? #mujers\u00e9elcambio\",\"datePublished\":\"2017-11-07T19:15:30+00:00\",\"dateModified\":\"2019-10-07T08:50:22+00:00\",\"mainEntityOfPage\":{\"@id\":\"https:\/\/www.galiciamaxica.eu\/mini\/tipo-madre-tipo-madre-seras-mujerseelcambio\/\"},\"wordCount\":748,\"commentCount\":0,\"publisher\":{\"@id\":\"https:\/\/www.galiciamaxica.eu\/mini\/#\/schema\/person\/2b284fe2fd911000a48d2e8936300179\"},\"image\":{\"@id\":\"https:\/\/www.galiciamaxica.eu\/mini\/tipo-madre-tipo-madre-seras-mujerseelcambio\/#primaryimage\"},\"thumbnailUrl\":\"https:\/\/www.galiciamaxica.eu\/mini\/wp-content\/uploads\/2017\/11\/chillwave-mix.png\",\"keywords\":[\"cambio\",\"madre\",\"mujer\"],\"articleSection\":[\"FAMILIA\"],\"inLanguage\":\"es\",\"potentialAction\":[{\"@type\":\"CommentAction\",\"name\":\"Comment\",\"target\":[\"https:\/\/www.galiciamaxica.eu\/mini\/tipo-madre-tipo-madre-seras-mujerseelcambio\/#respond\"]}]},{\"@type\":\"WebPage\",\"@id\":\"https:\/\/www.galiciamaxica.eu\/mini\/tipo-madre-tipo-madre-seras-mujerseelcambio\/\",\"url\":\"https:\/\/www.galiciamaxica.eu\/mini\/tipo-madre-tipo-madre-seras-mujerseelcambio\/\",\"name\":\"\u00bfQu\u00e9 tipo de madre eres, qu\u00e9 tipo de madre ser\u00e1s? #mujers\u00e9elcambio - Galicia con ni\u00f1os | GALICIA M\u00c1XICA\",\"isPartOf\":{\"@id\":\"https:\/\/www.galiciamaxica.eu\/mini\/#website\"},\"primaryImageOfPage\":{\"@id\":\"https:\/\/www.galiciamaxica.eu\/mini\/tipo-madre-tipo-madre-seras-mujerseelcambio\/#primaryimage\"},\"image\":{\"@id\":\"https:\/\/www.galiciamaxica.eu\/mini\/tipo-madre-tipo-madre-seras-mujerseelcambio\/#primaryimage\"},\"thumbnailUrl\":\"https:\/\/www.galiciamaxica.eu\/mini\/wp-content\/uploads\/2017\/11\/chillwave-mix.png\",\"datePublished\":\"2017-11-07T19:15:30+00:00\",\"dateModified\":\"2019-10-07T08:50:22+00:00\",\"breadcrumb\":{\"@id\":\"https:\/\/www.galiciamaxica.eu\/mini\/tipo-madre-tipo-madre-seras-mujerseelcambio\/#breadcrumb\"},\"inLanguage\":\"es\",\"potentialAction\":[{\"@type\":\"ReadAction\",\"target\":[\"https:\/\/www.galiciamaxica.eu\/mini\/tipo-madre-tipo-madre-seras-mujerseelcambio\/\"]}]},{\"@type\":\"ImageObject\",\"inLanguage\":\"es\",\"@id\":\"https:\/\/www.galiciamaxica.eu\/mini\/tipo-madre-tipo-madre-seras-mujerseelcambio\/#primaryimage\",\"url\":\"https:\/\/www.galiciamaxica.eu\/mini\/wp-content\/uploads\/2017\/11\/chillwave-mix.png\",\"contentUrl\":\"https:\/\/www.galiciamaxica.eu\/mini\/wp-content\/uploads\/2017\/11\/chillwave-mix.png\",\"width\":1280,\"height\":720,\"caption\":\"9371600_G\"},{\"@type\":\"BreadcrumbList\",\"@id\":\"https:\/\/www.galiciamaxica.eu\/mini\/tipo-madre-tipo-madre-seras-mujerseelcambio\/#breadcrumb\",\"itemListElement\":[{\"@type\":\"ListItem\",\"position\":1,\"name\":\"Portada\",\"item\":\"https:\/\/www.galiciamaxica.eu\/mini\/\"},{\"@type\":\"ListItem\",\"position\":2,\"name\":\"\u00bfQu\u00e9 tipo de madre eres, qu\u00e9 tipo de madre ser\u00e1s? #mujers\u00e9elcambio\"}]},{\"@type\":\"WebSite\",\"@id\":\"https:\/\/www.galiciamaxica.eu\/mini\/#website\",\"url\":\"https:\/\/www.galiciamaxica.eu\/mini\/\",\"name\":\"Galicia con ni\u00f1os | GALICIA M\u00c1XICA\",\"description\":\"Qu\u00e9 hacer con ni\u00f1os en Galicia\",\"publisher\":{\"@id\":\"https:\/\/www.galiciamaxica.eu\/mini\/#\/schema\/person\/2b284fe2fd911000a48d2e8936300179\"},\"potentialAction\":[{\"@type\":\"SearchAction\",\"target\":{\"@type\":\"EntryPoint\",\"urlTemplate\":\"https:\/\/www.galiciamaxica.eu\/mini\/?s={search_term_string}\"},\"query-input\":{\"@type\":\"PropertyValueSpecification\",\"valueRequired\":true,\"valueName\":\"search_term_string\"}}],\"inLanguage\":\"es\"},{\"@type\":[\"Person\",\"Organization\"],\"@id\":\"https:\/\/www.galiciamaxica.eu\/mini\/#\/schema\/person\/2b284fe2fd911000a48d2e8936300179\",\"name\":\"seseixa\",\"image\":{\"@type\":\"ImageObject\",\"inLanguage\":\"es\",\"@id\":\"https:\/\/www.galiciamaxica.eu\/mini\/#\/schema\/person\/image\/\",\"url\":\"https:\/\/www.galiciamaxica.eu\/mini\/wp-content\/uploads\/2019\/02\/seseixa.png\",\"contentUrl\":\"https:\/\/www.galiciamaxica.eu\/mini\/wp-content\/uploads\/2019\/02\/seseixa.png\",\"width\":100,\"height\":100,\"caption\":\"seseixa\"},\"logo\":{\"@id\":\"https:\/\/www.galiciamaxica.eu\/mini\/#\/schema\/person\/image\/\"},\"description\":\"En la actualidad combinando dos proyectos que me apasionan, Galicia y los ni\u00f1os. Tengo mucho que aportar y otro tanto que aprender, as\u00ed como, el tiempo y el coraz\u00f3n, dividido en todo momento. Soy mam\u00e1, un titulo otorgado a tiempo completo, compa\u00f1era y amiga, a todas horas, familiar y cercana, siempre. De esp\u00edritu inquieto, soy una eterna ni\u00f1a que juega en el pa\u00eds de las maravillas. Una enamorada de mi tierra, por la que trabajo sin descanso. Creo en la infancia como motor que cambiar\u00e1 el mundo a mejor y busco en mi vida la felicidad como estado permanente porque s\u00f3lo se vive una vez.\",\"sameAs\":[\"http:\/\/mini.galiciamaxica.eu\/\",\"https:\/\/www.facebook.com\/maria.rodriguezserantes\",\"https:\/\/x.com\/seseixa\"],\"url\":\"https:\/\/www.galiciamaxica.eu\/mini\/author\/seseixa\/\"}]}<\/script>\n<!-- \/ Yoast SEO plugin. -->","yoast_head_json":{"title":"\u00bfQu\u00e9 tipo de madre eres, qu\u00e9 tipo de madre ser\u00e1s? #mujers\u00e9elcambio - Galicia con ni\u00f1os | GALICIA M\u00c1XICA","robots":{"index":"index","follow":"follow","max-snippet":"max-snippet:-1","max-image-preview":"max-image-preview:large","max-video-preview":"max-video-preview:-1"},"canonical":"https:\/\/www.galiciamaxica.eu\/mini\/tipo-madre-tipo-madre-seras-mujerseelcambio\/","og_locale":"es_ES","og_type":"article","og_title":"\u00bfQu\u00e9 tipo de madre eres, qu\u00e9 tipo de madre ser\u00e1s? #mujers\u00e9elcambio - Galicia con ni\u00f1os | GALICIA M\u00c1XICA","og_description":"Me han dicho que sea un punto de partida en #mujers\u00e9elcambio y comparta para que se haga viral porque lo bueno ha de llegar a todas los lugares del mundo, para todas las bloggeras que teng\u00e1is ni\u00f1as o las que quer\u00e1is aportar vuestro mensaje en la botella que ir\u00e1 en un recipiente mucho m\u00e1s futurista. [&hellip;]","og_url":"https:\/\/www.galiciamaxica.eu\/mini\/tipo-madre-tipo-madre-seras-mujerseelcambio\/","og_site_name":"Galicia con ni\u00f1os | GALICIA M\u00c1XICA","article_publisher":"https:\/\/www.facebook.com\/maria.rodriguezserantes","article_author":"https:\/\/www.facebook.com\/maria.rodriguezserantes","article_published_time":"2017-11-07T19:15:30+00:00","article_modified_time":"2019-10-07T08:50:22+00:00","author":"seseixa","twitter_card":"summary_large_image","twitter_image":"https:\/\/www.galiciamaxica.eu\/mini\/wp-content\/uploads\/2017\/11\/chillwave-mix.png","twitter_creator":"@seseixa","twitter_site":"@seseixa","twitter_misc":{"Escrito por":"seseixa","Tiempo de lectura":"4 minutos"},"schema":{"@context":"https:\/\/schema.org","@graph":[{"@type":"Article","@id":"https:\/\/www.galiciamaxica.eu\/mini\/tipo-madre-tipo-madre-seras-mujerseelcambio\/#article","isPartOf":{"@id":"https:\/\/www.galiciamaxica.eu\/mini\/tipo-madre-tipo-madre-seras-mujerseelcambio\/"},"author":{"name":"seseixa","@id":"https:\/\/www.galiciamaxica.eu\/mini\/#\/schema\/person\/2b284fe2fd911000a48d2e8936300179"},"headline":"\u00bfQu\u00e9 tipo de madre eres, qu\u00e9 tipo de madre ser\u00e1s? #mujers\u00e9elcambio","datePublished":"2017-11-07T19:15:30+00:00","dateModified":"2019-10-07T08:50:22+00:00","mainEntityOfPage":{"@id":"https:\/\/www.galiciamaxica.eu\/mini\/tipo-madre-tipo-madre-seras-mujerseelcambio\/"},"wordCount":748,"commentCount":0,"publisher":{"@id":"https:\/\/www.galiciamaxica.eu\/mini\/#\/schema\/person\/2b284fe2fd911000a48d2e8936300179"},"image":{"@id":"https:\/\/www.galiciamaxica.eu\/mini\/tipo-madre-tipo-madre-seras-mujerseelcambio\/#primaryimage"},"thumbnailUrl":"https:\/\/www.galiciamaxica.eu\/mini\/wp-content\/uploads\/2017\/11\/chillwave-mix.png","keywords":["cambio","madre","mujer"],"articleSection":["FAMILIA"],"inLanguage":"es","potentialAction":[{"@type":"CommentAction","name":"Comment","target":["https:\/\/www.galiciamaxica.eu\/mini\/tipo-madre-tipo-madre-seras-mujerseelcambio\/#respond"]}]},{"@type":"WebPage","@id":"https:\/\/www.galiciamaxica.eu\/mini\/tipo-madre-tipo-madre-seras-mujerseelcambio\/","url":"https:\/\/www.galiciamaxica.eu\/mini\/tipo-madre-tipo-madre-seras-mujerseelcambio\/","name":"\u00bfQu\u00e9 tipo de madre eres, qu\u00e9 tipo de madre ser\u00e1s? #mujers\u00e9elcambio - Galicia con ni\u00f1os | GALICIA M\u00c1XICA","isPartOf":{"@id":"https:\/\/www.galiciamaxica.eu\/mini\/#website"},"primaryImageOfPage":{"@id":"https:\/\/www.galiciamaxica.eu\/mini\/tipo-madre-tipo-madre-seras-mujerseelcambio\/#primaryimage"},"image":{"@id":"https:\/\/www.galiciamaxica.eu\/mini\/tipo-madre-tipo-madre-seras-mujerseelcambio\/#primaryimage"},"thumbnailUrl":"https:\/\/www.galiciamaxica.eu\/mini\/wp-content\/uploads\/2017\/11\/chillwave-mix.png","datePublished":"2017-11-07T19:15:30+00:00","dateModified":"2019-10-07T08:50:22+00:00","breadcrumb":{"@id":"https:\/\/www.galiciamaxica.eu\/mini\/tipo-madre-tipo-madre-seras-mujerseelcambio\/#breadcrumb"},"inLanguage":"es","potentialAction":[{"@type":"ReadAction","target":["https:\/\/www.galiciamaxica.eu\/mini\/tipo-madre-tipo-madre-seras-mujerseelcambio\/"]}]},{"@type":"ImageObject","inLanguage":"es","@id":"https:\/\/www.galiciamaxica.eu\/mini\/tipo-madre-tipo-madre-seras-mujerseelcambio\/#primaryimage","url":"https:\/\/www.galiciamaxica.eu\/mini\/wp-content\/uploads\/2017\/11\/chillwave-mix.png","contentUrl":"https:\/\/www.galiciamaxica.eu\/mini\/wp-content\/uploads\/2017\/11\/chillwave-mix.png","width":1280,"height":720,"caption":"9371600_G"},{"@type":"BreadcrumbList","@id":"https:\/\/www.galiciamaxica.eu\/mini\/tipo-madre-tipo-madre-seras-mujerseelcambio\/#breadcrumb","itemListElement":[{"@type":"ListItem","position":1,"name":"Portada","item":"https:\/\/www.galiciamaxica.eu\/mini\/"},{"@type":"ListItem","position":2,"name":"\u00bfQu\u00e9 tipo de madre eres, qu\u00e9 tipo de madre ser\u00e1s? #mujers\u00e9elcambio"}]},{"@type":"WebSite","@id":"https:\/\/www.galiciamaxica.eu\/mini\/#website","url":"https:\/\/www.galiciamaxica.eu\/mini\/","name":"Galicia con ni\u00f1os | GALICIA M\u00c1XICA","description":"Qu\u00e9 hacer con ni\u00f1os en Galicia","publisher":{"@id":"https:\/\/www.galiciamaxica.eu\/mini\/#\/schema\/person\/2b284fe2fd911000a48d2e8936300179"},"potentialAction":[{"@type":"SearchAction","target":{"@type":"EntryPoint","urlTemplate":"https:\/\/www.galiciamaxica.eu\/mini\/?s={search_term_string}"},"query-input":{"@type":"PropertyValueSpecification","valueRequired":true,"valueName":"search_term_string"}}],"inLanguage":"es"},{"@type":["Person","Organization"],"@id":"https:\/\/www.galiciamaxica.eu\/mini\/#\/schema\/person\/2b284fe2fd911000a48d2e8936300179","name":"seseixa","image":{"@type":"ImageObject","inLanguage":"es","@id":"https:\/\/www.galiciamaxica.eu\/mini\/#\/schema\/person\/image\/","url":"https:\/\/www.galiciamaxica.eu\/mini\/wp-content\/uploads\/2019\/02\/seseixa.png","contentUrl":"https:\/\/www.galiciamaxica.eu\/mini\/wp-content\/uploads\/2019\/02\/seseixa.png","width":100,"height":100,"caption":"seseixa"},"logo":{"@id":"https:\/\/www.galiciamaxica.eu\/mini\/#\/schema\/person\/image\/"},"description":"En la actualidad combinando dos proyectos que me apasionan, Galicia y los ni\u00f1os. Tengo mucho que aportar y otro tanto que aprender, as\u00ed como, el tiempo y el coraz\u00f3n, dividido en todo momento. Soy mam\u00e1, un titulo otorgado a tiempo completo, compa\u00f1era y amiga, a todas horas, familiar y cercana, siempre. De esp\u00edritu inquieto, soy una eterna ni\u00f1a que juega en el pa\u00eds de las maravillas. Una enamorada de mi tierra, por la que trabajo sin descanso. Creo en la infancia como motor que cambiar\u00e1 el mundo a mejor y busco en mi vida la felicidad como estado permanente porque s\u00f3lo se vive una vez.","sameAs":["http:\/\/mini.galiciamaxica.eu\/","https:\/\/www.facebook.com\/maria.rodriguezserantes","https:\/\/x.com\/seseixa"],"url":"https:\/\/www.galiciamaxica.eu\/mini\/author\/seseixa\/"}]}},"amp_enabled":true,"post_mailing_queue_ids":[],"_links":{"self":[{"href":"https:\/\/www.galiciamaxica.eu\/mini\/wp-json\/wp\/v2\/posts\/7035"}],"collection":[{"href":"https:\/\/www.galiciamaxica.eu\/mini\/wp-json\/wp\/v2\/posts"}],"about":[{"href":"https:\/\/www.galiciamaxica.eu\/mini\/wp-json\/wp\/v2\/types\/post"}],"author":[{"embeddable":true,"href":"https:\/\/www.galiciamaxica.eu\/mini\/wp-json\/wp\/v2\/users\/1"}],"replies":[{"embeddable":true,"href":"https:\/\/www.galiciamaxica.eu\/mini\/wp-json\/wp\/v2\/comments?post=7035"}],"version-history":[{"count":0,"href":"https:\/\/www.galiciamaxica.eu\/mini\/wp-json\/wp\/v2\/posts\/7035\/revisions"}],"wp:featuredmedia":[{"embeddable":true,"href":"https:\/\/www.galiciamaxica.eu\/mini\/wp-json\/wp\/v2\/media\/7036"}],"wp:attachment":[{"href":"https:\/\/www.galiciamaxica.eu\/mini\/wp-json\/wp\/v2\/media?parent=7035"}],"wp:term":[{"taxonomy":"category","embeddable":true,"href":"https:\/\/www.galiciamaxica.eu\/mini\/wp-json\/wp\/v2\/categories?post=7035"},{"taxonomy":"post_tag","embeddable":true,"href":"https:\/\/www.galiciamaxica.eu\/mini\/wp-json\/wp\/v2\/tags?post=7035"}],"curies":[{"name":"wp","href":"https:\/\/api.w.org\/{rel}","templated":true}]}}