{"id":5356,"date":"2016-10-09T12:35:04","date_gmt":"2016-10-09T12:35:04","guid":{"rendered":"http:\/\/www.galiciamaxica.eu\/mini\/?p=5356"},"modified":"2019-10-07T16:59:16","modified_gmt":"2019-10-07T14:59:16","slug":"dia-baiona-sweet-ale","status":"publish","type":"post","link":"https:\/\/www.galiciamaxica.eu\/mini\/dia-baiona-sweet-ale\/","title":{"rendered":"Un d\u00eda en Baiona con SWEET ALE"},"content":{"rendered":"<p>En Galicia tenemos la suerte de que cualquier rinc\u00f3n es perfecto para pasear, respirar aire puro y cargarnos de energ\u00eda. Son tantos los senderos que podemos recorrer, que siempre tenemos alguna ruta cerca de casa donde disfrutar de nuestra tierra.<\/p>\n<p><span style=\"font-weight: 400;\">Nos complicamos la vida, imaginando planes laboriosos o lugares a los que nos lleva mucho tiempo llegar. Muchas veces esos planes se quedan en nada, precisamente por eso, porque necesitamos disponer de mucho tiempo para realizarlos.<\/span><\/p>\n<p><span style=\"font-weight: 400;\">Nos encantan los paseos por senderos estrechos cubiertos de hojas, con r\u00edos, llenos de musgo y donde hay que subir y bajar para apreciar lo bonito de nuestros bosques; pero hoy vamos a dar un paseo f\u00e1cil, muy c\u00f3modo, pensado para aquellos que teng\u00e1is ni\u00f1os peque\u00f1os y os apetezca algo accesible para hacer en familia.<\/span><\/p>\n<p><a href=\"http:\/\/sweetale.es\/2013\/11\/16\/alrededor-de-las-murallas\/\"><img fetchpriority=\"high\" decoding=\"async\" class=\"aligncenter\" src=\"https:\/\/galiciamaxica.eu\/mini\/wp-content\/uploads\/2019\/10\/img_5d9b1ad8588e7.jpg\" width=\"411\" height=\"414\" \/><\/a><\/p>\n<p><span style=\"font-weight: 400;\">Nosotros, <a href=\"http:\/\/www.galiciamaxica.eu\/mini\/paula-taboas-sweet-ale\/\">colaboradores M\u00e1xicos<\/a> en Galicia con ni\u00f1os; hoy os vamos a proponer un plan para hacer con los ni\u00f1os en las R\u00edas Baixas. Se trata de un plan muy sencillo pero muy agradable, pensado para las familias con los ni\u00f1os m\u00e1s peque\u00f1os, porque mucha gente nos escribe diciendo que espera a que los ni\u00f1os crezcan para hacer esas excursiones que siempre proponemos. Pues pensando en esas familias, hoy nuestra recomendaci\u00f3n se queda en Baiona, uno de los pueblecitos marineros m\u00e1s tur\u00edsticos de la zona sur de Galicia.<\/span><\/p>\n<p><a href=\"http:\/\/sweetale.es\/2013\/11\/16\/alrededor-de-las-murallas\/\"><img decoding=\"async\" class=\"aligncenter\" src=\"https:\/\/galiciamaxica.eu\/mini\/wp-content\/uploads\/2019\/10\/img_5d9b1ad8e1171.jpg\" width=\"437\" height=\"321\" \/><\/a><\/p>\n<p><span style=\"font-weight: 400;\">Vamos a dar un paseo que precisamente, por lo sencillo que es, no hay disculpa para dejar de hacerlo, vamos a rodear unas murallas, vamos a embarcarnos pero sin salir de puerto, y vamos a subir a un monte. Si te apetece acompa\u00f1arnos, te llevamos a Baiona, y te descubriremos planes para hacer con ni\u00f1os.<\/span><\/p>\n<p><span style=\"font-weight: 400;\">Muchas veces habr\u00e9is ido a Baiona, pero cu\u00e1ntos de vosotros hab\u00e9is hecho el paseo por detr\u00e1s de las murallas del Parador? Este paseo lo hac\u00edamos habitualmente cuando los ni\u00f1os eran peque\u00f1os y arrastr\u00e1bamos carritos de beb\u00e9. De aquella el camino era de tierra y las sillas no rodaban bien, ahora est\u00e1 perfectamente acondicionado y adaptado para ir con ni\u00f1os de cualquier edad y sillas de paseo.<\/span><\/p>\n<p><span style=\"font-weight: 400;\">Nos gusta mucho este paseo por algo tan sencillo como es el contacto tan directo con el mar, mientras vamos caminando. El sentir el mar tan cerca, nos encanta!!. Este paseo, al que se le llama Paseo Monte Boi, es muy agradable de hacer en verano.<\/span><\/p>\n<p><a href=\"http:\/\/sweetale.es\/2013\/11\/16\/alrededor-de-las-murallas\/\"><img decoding=\"async\" class=\"aligncenter\" src=\"https:\/\/galiciamaxica.eu\/mini\/wp-content\/uploads\/2019\/10\/img_5d9b1ad9684a7.jpg\" width=\"429\" height=\"321\" \/><\/a><\/p>\n<p><span style=\"font-weight: 400;\">Y<\/span><span style=\"font-weight: 400;\">\u00a0es simplemente espectacular hacerlo en invierno, cuando el mar rompe con fuerza contra las rocas. Aqu\u00ed nos aventuramos a hacer un peque\u00f1o tramo por las rocas.<\/span><\/p>\n<p><a href=\"http:\/\/sweetale.es\/2013\/11\/16\/alrededor-de-las-murallas\/\"><img loading=\"lazy\" decoding=\"async\" class=\"aligncenter size-medium\" src=\"https:\/\/galiciamaxica.eu\/mini\/wp-content\/uploads\/2019\/10\/bayona3-1024x764-imp-imp.jpg\" alt=\"\" width=\"768\" height=\"574\" \/><\/a><\/p>\n<p><span style=\"font-weight: 400;\">Comenzamos entrando en el recinto de la fortaleza donde est\u00e1 el Parador. Para entrar en el recinto hay que pagar 1\u20ac si vamos andando, o 5\u20ac si vamos en coche. Para hacer este paseo, vamos hacia la derecha caminando, sin entrar en el recinto del Parador; cogemos el camino que nos llevar\u00e1 paralelos a las peque\u00f1as playas que est\u00e1n al lado de las murallas.<\/span><\/p>\n<p><span style=\"font-weight: 400;\">\u00a0<a href=\"http:\/\/sweetale.es\/2013\/11\/16\/alrededor-de-las-murallas\/\"><img loading=\"lazy\" decoding=\"async\" class=\"aligncenter\" src=\"https:\/\/galiciamaxica.eu\/mini\/wp-content\/uploads\/2019\/10\/img_5d9b1adc307c6.jpg\" width=\"479\" height=\"331\" \/><\/a><\/span><\/p>\n<p><span style=\"font-weight: 400;\">En 1425 el rey Juan II de Castilla concedi\u00f3 a La Coru\u00f1a y a Bayona el privilegio de ser los \u00fanicos puertos de Galicia autorizados para comerciar con el extranjero. Esto marc\u00f3 el inicio de la \u00e9poca de mayor esplendor de la villa y un aumento de la importancia de su fortaleza. La historia que acompa\u00f1a a esta peque\u00f1a poblaci\u00f3n y a lo que sucedi\u00f3 dentro de sus murallas es muy interesante y <\/span><a href=\"http:\/\/www.outono.net\/elentir\/2012\/03\/30\/bayona-el-castillo-de-monterreal\/\"><span style=\"font-weight: 400;\">aqu\u00ed<\/span><\/a><span style=\"font-weight: 400;\"> la explican fenomenal. Seguimos nuestro paseo y vamos avanzando por un camino c\u00f3modo, con el mar a la derecha y las murallas del Parador a nuestra izquierda.<\/span><\/p>\n<p><a href=\"http:\/\/sweetale.es\/2013\/11\/16\/alrededor-de-las-murallas\/\"><img loading=\"lazy\" decoding=\"async\" class=\"aligncenter\" src=\"https:\/\/galiciamaxica.eu\/mini\/wp-content\/uploads\/2019\/10\/img_5d9b1adc93631.gif\" width=\"460\" height=\"316\" \/><\/a><\/p>\n<p><span style=\"font-weight: 400;\">Esta fortaleza de 18 hect\u00e1reas, es una de las m\u00e1s grandes, bonitas y mejor conservadas de toda Espa\u00f1a. Son dos kil\u00f3metros de per\u00edmetro, que son los que recorremos al borde del mar. En 1963, el Estado adquiri\u00f3 la fortaleza y el antiguo Palacio que hab\u00eda en el interior. Desgraciadamente fue derribado para construir el actual Parador Conde de Gondomar, que fue inaugurado en 1966.<\/span><\/p>\n<figure style=\"width: 567px\" class=\"wp-caption aligncenter\"><a href=\"http:\/\/sweetale.es\/2013\/11\/16\/alrededor-de-las-murallas\/\"><img loading=\"lazy\" decoding=\"async\" src=\"https:\/\/galiciamaxica.eu\/mini\/wp-content\/uploads\/2019\/10\/img_5d9b1adea3856.jpg\" width=\"567\" height=\"330\" \/><\/a><figcaption class=\"wp-caption-text\"><strong>Foto del antiguo Palacio construido por Elduayen.<\/strong><\/figcaption><\/figure>\n<p>Cuando se construy\u00f3 el Parador, se restauraron las murallas y en 1975 se construy\u00f3 una capilla dedicada a la Virgen del Carmen.<\/p>\n<p><a href=\"http:\/\/sweetale.es\/2013\/11\/16\/alrededor-de-las-murallas\/\"><img loading=\"lazy\" decoding=\"async\" class=\"aligncenter size-medium\" src=\"https:\/\/galiciamaxica.eu\/mini\/wp-content\/uploads\/2019\/10\/img_5d9b1adf293fa.jpg\" alt=\"\" width=\"484\" height=\"322\" \/><\/a><\/p>\n<p><span style=\"font-weight: 400;\">Este paseo se inaugur\u00f3 en 1995 y va desde la playa de Concheira hasta la torre del reloj. En el paseo podemos ver un peque\u00f1o castillo a pie de mar, junto a los antiguos muelles que se inundan al subir la marea.<\/span><\/p>\n<p><a href=\"http:\/\/sweetale.es\/2013\/11\/16\/alrededor-de-las-murallas\/\"><img loading=\"lazy\" decoding=\"async\" class=\"aligncenter size-medium\" src=\"https:\/\/galiciamaxica.eu\/mini\/wp-content\/uploads\/2019\/10\/bayona6-1024x764-imp.jpg\" alt=\"\" width=\"768\" height=\"574\" \/><\/a><\/p>\n<p><span style=\"font-weight: 400;\">Finalizamos este paseo alrededor de las murallas del Parador y nos dirigimos al paseo mar\u00edtimo, donde est\u00e1n atracadas las embarcaciones de recreo.<\/span><\/p>\n<p><a href=\"http:\/\/sweetale.es\/2013\/11\/16\/alrededor-de-las-murallas\/\"><img loading=\"lazy\" decoding=\"async\" class=\"aligncenter size-medium\" src=\"https:\/\/galiciamaxica.eu\/mini\/wp-content\/uploads\/2019\/10\/img_5d9b1ae2bf3a2.jpg\" alt=\"\" width=\"489\" height=\"364\" \/><\/a><\/p>\n<p><span style=\"font-weight: 400;\">Al principio de un pantal\u00e1n encontramos una caseta, donde compraremos los tickets para visitar la r\u00e9plica de la carabela que viaj\u00f3 a Am\u00e9rica desde C\u00e1diz y que lleg\u00f3 al puerto de Baiona con la noticia del Descubrimiento de Am\u00e9rica. <\/span><\/p>\n<p><a href=\"http:\/\/sweetale.es\/2013\/11\/16\/alrededor-de-las-murallas\/\"><img loading=\"lazy\" decoding=\"async\" class=\"aligncenter size-medium\" src=\"https:\/\/galiciamaxica.eu\/mini\/wp-content\/uploads\/2019\/10\/img_5d9b1ae3ce0be.jpg\" alt=\"\" width=\"473\" height=\"352\" \/><\/a><\/p>\n<p style=\"text-align: center;\"><span style=\"font-weight: 400;\">La entrada cuesta 2\u20ac.<\/span><\/p>\n<p><a href=\"http:\/\/sweetale.es\/2013\/11\/16\/alrededor-de-las-murallas\/\"><img loading=\"lazy\" decoding=\"async\" class=\"aligncenter size-medium\" src=\"https:\/\/galiciamaxica.eu\/mini\/wp-content\/uploads\/2019\/10\/img_5d9b1ae4bd891.jpg\" alt=\"\" width=\"508\" height=\"378\" \/><\/a><\/p>\n<p><span style=\"font-weight: 400;\">El 1 de marzo de 1493, la Carabela La Pinta, capitaneada por Mart\u00edn Alonso Pinz\u00f3n, atrac\u00f3 en este puerto, que fue el primero en conocer la noticia del descubrimiento de Am\u00e9rica.<\/span><\/p>\n<p><a href=\"http:\/\/sweetale.es\/2013\/11\/16\/alrededor-de-las-murallas\/\"><img loading=\"lazy\" decoding=\"async\" class=\"aligncenter size-medium\" src=\"https:\/\/galiciamaxica.eu\/mini\/wp-content\/uploads\/2019\/10\/img_5d9b1ae6977fe.jpg\" alt=\"\" width=\"689\" height=\"689\" \/><\/a><\/p>\n<p style=\"text-align: center;\"><span style=\"font-weight: 400;\">Rodrigo de Triana fue el marinero que di\u00f3 el grito de tierra!!<\/span><\/p>\n<p style=\"text-align: center;\"><a href=\"http:\/\/sweetale.es\/2013\/11\/16\/alrededor-de-las-murallas\/\"><img loading=\"lazy\" decoding=\"async\" class=\"aligncenter size-medium\" src=\"https:\/\/galiciamaxica.eu\/mini\/wp-content\/uploads\/2019\/10\/img_5d9b1ae766adb.jpg\" alt=\"\" width=\"479\" height=\"354\" \/><\/a><\/p>\n<p style=\"text-align: center;\"><span style=\"font-weight: 400;\">Fue en la conmemoraci\u00f3n del V Centenario del Descubrimiento, cuando se construy\u00f3 una r\u00e9plica de la embarcaci\u00f3n, y en 1999 se acondicion\u00f3 el interior, donde nos hacemos una idea de lo que pudo ser la Carabela que viaj\u00f3 a Am\u00e9rica porque, se recrean los personajes y decorados de aquella \u00e9poca, con metales, animales ex\u00f3ticos y plantas que se trajeron del nuevo mundo.<\/span><\/p>\n<p><a href=\"http:\/\/www.baiona.org\/web\/turismo\/o-que-non-vos-debedes-perder\/carabela-pinta\"><span style=\"font-weight: 400;\">Aqu\u00ed<\/span><\/a><span style=\"font-weight: 400;\"> ten\u00e9is informaci\u00f3n acerca de los horarios para visitar la r\u00e9plica de la Carabela La Pinta.<\/span><\/p>\n<p><span style=\"font-weight: 400;\">Despu\u00e9s de esta interesante visita, y si os quedan ganas de ver m\u00e1s sitios, te proponemos subir a la Virgen de la Roca. Esta enorme representaci\u00f3n de la Virgen, tiene 15 metros de altura y es el monumento m\u00e1s conocido de Baiona. Fue construido en 1930 por el arquitecto Antonio Palacios. La Virgen sostiene en sus brazos una barca, a la que se accede por una escalera de caracol interior, como un mirador.<\/span><\/p>\n<p><a href=\"http:\/\/sweetale.es\/2014\/11\/03\/de-excursion-a-la-virgen-de-la-roca\/\"><img loading=\"lazy\" decoding=\"async\" class=\"aligncenter size-medium\" src=\"https:\/\/galiciamaxica.eu\/mini\/wp-content\/uploads\/2019\/10\/IMG_4718-imp.jpg\" alt=\"\" width=\"768\" height=\"617\" \/><\/a><\/p>\n<p><span style=\"font-weight: 400;\">Junto a la Virgen de la Roca, hay una zona recreativa con bancos y mesas de piedra y unos columpios. En el monte de acceso hay un V\u00eda Crucis que lo recorre hasta la Virgen y va paralelo al mar.<\/span><\/p>\n<p><a href=\"http:\/\/sweetale.es\/2014\/11\/03\/de-excursion-a-la-virgen-de-la-roca\/\"><img loading=\"lazy\" decoding=\"async\" class=\"aligncenter size-medium\" src=\"https:\/\/galiciamaxica.eu\/mini\/wp-content\/uploads\/2019\/10\/IMG_4732-imp.jpg\" alt=\"\" width=\"768\" height=\"518\" \/><\/a><\/p>\n<p><span style=\"font-weight: 400;\">Esperamos que os hayan gustado nuestras ideas para pasar un d\u00eda en Baiona muy entretenido.<\/span><\/p>\n<p><a href=\"http:\/\/sweetale.es\/2014\/11\/03\/de-excursion-a-la-virgen-de-la-roca\/\"><img loading=\"lazy\" decoding=\"async\" class=\"aligncenter size-medium\" src=\"https:\/\/galiciamaxica.eu\/mini\/wp-content\/uploads\/2019\/10\/IMG_4727-imp.jpg\" alt=\"\" width=\"768\" height=\"512\" \/><\/a><br \/>\n<a href=\"http:\/\/sweetale.es\/2014\/11\/03\/de-excursion-a-la-virgen-de-la-roca\/\"><img loading=\"lazy\" decoding=\"async\" class=\"aligncenter size-medium\" src=\"https:\/\/galiciamaxica.eu\/mini\/wp-content\/uploads\/2019\/10\/IMG_4716-imp.jpg\" alt=\"\" width=\"768\" height=\"512\" \/><\/a><\/p>\n<p><a href=\"http:\/\/www.galiciamaxica.eu\/mini\/paula-taboas-sweet-ale\/\"><img loading=\"lazy\" decoding=\"async\" class=\"aligncenter size-medium\" src=\"https:\/\/galiciamaxica.eu\/mini\/wp-content\/uploads\/2019\/10\/1_logo-sweetaleblog.jpg\" alt=\"\" width=\"260\" height=\"104\" \/><\/a><\/p>\n","protected":false},"excerpt":{"rendered":"<p>En Galicia tenemos la suerte de que cualquier rinc\u00f3n es perfecto para pasear, respirar aire puro y cargarnos de energ\u00eda. Son tantos los senderos que podemos recorrer, que siempre tenemos alguna ruta cerca de casa donde disfrutar de nuestra tierra. Nos complicamos la vida, imaginando planes laboriosos o lugares a los que nos lleva mucho [&hellip;]<\/p>\n","protected":false},"author":1,"featured_media":5359,"comment_status":"open","ping_status":"open","sticky":false,"template":"","format":"standard","meta":{"_eb_attr":"","site-sidebar-layout":"default","site-content-layout":"","ast-site-content-layout":"","site-content-style":"default","site-sidebar-style":"default","ast-global-header-display":"","ast-banner-title-visibility":"","ast-main-header-display":"","ast-hfb-above-header-display":"","ast-hfb-below-header-display":"","ast-hfb-mobile-header-display":"","site-post-title":"","ast-breadcrumbs-content":"","ast-featured-img":"","footer-sml-layout":"","theme-transparent-header-meta":"","adv-header-id-meta":"","stick-header-meta":"","header-above-stick-meta":"","header-main-stick-meta":"","header-below-stick-meta":"","astra-migrate-meta-layouts":"default","ast-page-background-enabled":"default","ast-page-background-meta":{"desktop":{"background-color":"","background-image":"","background-repeat":"repeat","background-position":"center center","background-size":"auto","background-attachment":"scroll","background-type":"","background-media":"","overlay-type":"","overlay-color":"","overlay-opacity":"","overlay-gradient":""},"tablet":{"background-color":"","background-image":"","background-repeat":"repeat","background-position":"center center","background-size":"auto","background-attachment":"scroll","background-type":"","background-media":"","overlay-type":"","overlay-color":"","overlay-opacity":"","overlay-gradient":""},"mobile":{"background-color":"","background-image":"","background-repeat":"repeat","background-position":"center center","background-size":"auto","background-attachment":"scroll","background-type":"","background-media":"","overlay-type":"","overlay-color":"","overlay-opacity":"","overlay-gradient":""}},"ast-content-background-meta":{"desktop":{"background-color":"var(--ast-global-color-5)","background-image":"","background-repeat":"repeat","background-position":"center center","background-size":"auto","background-attachment":"scroll","background-type":"","background-media":"","overlay-type":"","overlay-color":"","overlay-opacity":"","overlay-gradient":""},"tablet":{"background-color":"var(--ast-global-color-5)","background-image":"","background-repeat":"repeat","background-position":"center center","background-size":"auto","background-attachment":"scroll","background-type":"","background-media":"","overlay-type":"","overlay-color":"","overlay-opacity":"","overlay-gradient":""},"mobile":{"background-color":"var(--ast-global-color-5)","background-image":"","background-repeat":"repeat","background-position":"center center","background-size":"auto","background-attachment":"scroll","background-type":"","background-media":"","overlay-type":"","overlay-color":"","overlay-opacity":"","overlay-gradient":""}},"footnotes":""},"categories":[623,762],"tags":[178,23,42,622,743],"class_list":["post-5356","post","type-post","status-publish","format-standard","has-post-thumbnail","hentry","category-colaboradores","category-sweetale","tag-baiona","tag-pontevedra","tag-ruta","tag-sweet-ale","tag-virgen-de-la-roca"],"yoast_head":"<!-- This site is optimized with the Yoast SEO plugin v24.9 - https:\/\/yoast.com\/wordpress\/plugins\/seo\/ -->\n<title>Un d\u00eda en Baiona con SWEET ALE - Galicia con ni\u00f1os | GALICIA M\u00c1XICA<\/title>\n<meta name=\"robots\" content=\"index, follow, max-snippet:-1, max-image-preview:large, max-video-preview:-1\" \/>\n<link rel=\"canonical\" href=\"https:\/\/www.galiciamaxica.eu\/mini\/dia-baiona-sweet-ale\/\" \/>\n<meta property=\"og:locale\" content=\"es_ES\" \/>\n<meta property=\"og:type\" content=\"article\" \/>\n<meta property=\"og:title\" content=\"Un d\u00eda en Baiona con SWEET ALE - Galicia con ni\u00f1os | GALICIA M\u00c1XICA\" \/>\n<meta property=\"og:description\" content=\"En Galicia tenemos la suerte de que cualquier rinc\u00f3n es perfecto para pasear, respirar aire puro y cargarnos de energ\u00eda. Son tantos los senderos que podemos recorrer, que siempre tenemos alguna ruta cerca de casa donde disfrutar de nuestra tierra. Nos complicamos la vida, imaginando planes laboriosos o lugares a los que nos lleva mucho [&hellip;]\" \/>\n<meta property=\"og:url\" content=\"https:\/\/www.galiciamaxica.eu\/mini\/dia-baiona-sweet-ale\/\" \/>\n<meta property=\"og:site_name\" content=\"Galicia con ni\u00f1os | GALICIA M\u00c1XICA\" \/>\n<meta property=\"article:publisher\" content=\"https:\/\/www.facebook.com\/maria.rodriguezserantes\" \/>\n<meta property=\"article:author\" content=\"https:\/\/www.facebook.com\/maria.rodriguezserantes\" \/>\n<meta property=\"article:published_time\" content=\"2016-10-09T12:35:04+00:00\" \/>\n<meta property=\"article:modified_time\" content=\"2019-10-07T14:59:16+00:00\" \/>\n<meta property=\"og:image\" content=\"https:\/\/www.galiciamaxica.eu\/mini\/wp-content\/uploads\/2016\/10\/foto-t\u00edtulo-1.png\" \/>\n\t<meta property=\"og:image:width\" content=\"1024\" \/>\n\t<meta property=\"og:image:height\" content=\"768\" \/>\n\t<meta property=\"og:image:type\" content=\"image\/png\" \/>\n<meta name=\"author\" content=\"seseixa\" \/>\n<meta name=\"twitter:card\" content=\"summary_large_image\" \/>\n<meta name=\"twitter:creator\" content=\"@seseixa\" \/>\n<meta name=\"twitter:site\" content=\"@seseixa\" \/>\n<meta name=\"twitter:label1\" content=\"Escrito por\" \/>\n\t<meta name=\"twitter:data1\" content=\"seseixa\" \/>\n\t<meta name=\"twitter:label2\" content=\"Tiempo de lectura\" \/>\n\t<meta name=\"twitter:data2\" content=\"5 minutos\" \/>\n<script type=\"application\/ld+json\" class=\"yoast-schema-graph\">{\"@context\":\"https:\/\/schema.org\",\"@graph\":[{\"@type\":\"Article\",\"@id\":\"https:\/\/www.galiciamaxica.eu\/mini\/dia-baiona-sweet-ale\/#article\",\"isPartOf\":{\"@id\":\"https:\/\/www.galiciamaxica.eu\/mini\/dia-baiona-sweet-ale\/\"},\"author\":{\"name\":\"seseixa\",\"@id\":\"https:\/\/www.galiciamaxica.eu\/mini\/#\/schema\/person\/2b284fe2fd911000a48d2e8936300179\"},\"headline\":\"Un d\u00eda en Baiona con SWEET ALE\",\"datePublished\":\"2016-10-09T12:35:04+00:00\",\"dateModified\":\"2019-10-07T14:59:16+00:00\",\"mainEntityOfPage\":{\"@id\":\"https:\/\/www.galiciamaxica.eu\/mini\/dia-baiona-sweet-ale\/\"},\"wordCount\":1095,\"commentCount\":2,\"publisher\":{\"@id\":\"https:\/\/www.galiciamaxica.eu\/mini\/#\/schema\/person\/2b284fe2fd911000a48d2e8936300179\"},\"image\":{\"@id\":\"https:\/\/www.galiciamaxica.eu\/mini\/dia-baiona-sweet-ale\/#primaryimage\"},\"thumbnailUrl\":\"https:\/\/www.galiciamaxica.eu\/mini\/wp-content\/uploads\/2016\/10\/foto-t\u00edtulo-1.png\",\"keywords\":[\"baiona\",\"pontevedra\",\"ruta\",\"Sweet Ale\",\"virgen de la Roca\"],\"articleSection\":[\"COLABORADORES\",\"SWEETALE\"],\"inLanguage\":\"es\",\"potentialAction\":[{\"@type\":\"CommentAction\",\"name\":\"Comment\",\"target\":[\"https:\/\/www.galiciamaxica.eu\/mini\/dia-baiona-sweet-ale\/#respond\"]}]},{\"@type\":\"WebPage\",\"@id\":\"https:\/\/www.galiciamaxica.eu\/mini\/dia-baiona-sweet-ale\/\",\"url\":\"https:\/\/www.galiciamaxica.eu\/mini\/dia-baiona-sweet-ale\/\",\"name\":\"Un d\u00eda en Baiona con SWEET ALE - Galicia con ni\u00f1os | GALICIA M\u00c1XICA\",\"isPartOf\":{\"@id\":\"https:\/\/www.galiciamaxica.eu\/mini\/#website\"},\"primaryImageOfPage\":{\"@id\":\"https:\/\/www.galiciamaxica.eu\/mini\/dia-baiona-sweet-ale\/#primaryimage\"},\"image\":{\"@id\":\"https:\/\/www.galiciamaxica.eu\/mini\/dia-baiona-sweet-ale\/#primaryimage\"},\"thumbnailUrl\":\"https:\/\/www.galiciamaxica.eu\/mini\/wp-content\/uploads\/2016\/10\/foto-t\u00edtulo-1.png\",\"datePublished\":\"2016-10-09T12:35:04+00:00\",\"dateModified\":\"2019-10-07T14:59:16+00:00\",\"breadcrumb\":{\"@id\":\"https:\/\/www.galiciamaxica.eu\/mini\/dia-baiona-sweet-ale\/#breadcrumb\"},\"inLanguage\":\"es\",\"potentialAction\":[{\"@type\":\"ReadAction\",\"target\":[\"https:\/\/www.galiciamaxica.eu\/mini\/dia-baiona-sweet-ale\/\"]}]},{\"@type\":\"ImageObject\",\"inLanguage\":\"es\",\"@id\":\"https:\/\/www.galiciamaxica.eu\/mini\/dia-baiona-sweet-ale\/#primaryimage\",\"url\":\"https:\/\/www.galiciamaxica.eu\/mini\/wp-content\/uploads\/2016\/10\/foto-t\u00edtulo-1.png\",\"contentUrl\":\"https:\/\/www.galiciamaxica.eu\/mini\/wp-content\/uploads\/2016\/10\/foto-t\u00edtulo-1.png\",\"width\":1024,\"height\":768,\"caption\":\"img_5d9b1ad8588e7\"},{\"@type\":\"BreadcrumbList\",\"@id\":\"https:\/\/www.galiciamaxica.eu\/mini\/dia-baiona-sweet-ale\/#breadcrumb\",\"itemListElement\":[{\"@type\":\"ListItem\",\"position\":1,\"name\":\"Portada\",\"item\":\"https:\/\/www.galiciamaxica.eu\/mini\/\"},{\"@type\":\"ListItem\",\"position\":2,\"name\":\"Un d\u00eda en Baiona con SWEET ALE\"}]},{\"@type\":\"WebSite\",\"@id\":\"https:\/\/www.galiciamaxica.eu\/mini\/#website\",\"url\":\"https:\/\/www.galiciamaxica.eu\/mini\/\",\"name\":\"Galicia con ni\u00f1os | GALICIA M\u00c1XICA\",\"description\":\"Qu\u00e9 hacer con ni\u00f1os en Galicia\",\"publisher\":{\"@id\":\"https:\/\/www.galiciamaxica.eu\/mini\/#\/schema\/person\/2b284fe2fd911000a48d2e8936300179\"},\"potentialAction\":[{\"@type\":\"SearchAction\",\"target\":{\"@type\":\"EntryPoint\",\"urlTemplate\":\"https:\/\/www.galiciamaxica.eu\/mini\/?s={search_term_string}\"},\"query-input\":{\"@type\":\"PropertyValueSpecification\",\"valueRequired\":true,\"valueName\":\"search_term_string\"}}],\"inLanguage\":\"es\"},{\"@type\":[\"Person\",\"Organization\"],\"@id\":\"https:\/\/www.galiciamaxica.eu\/mini\/#\/schema\/person\/2b284fe2fd911000a48d2e8936300179\",\"name\":\"seseixa\",\"image\":{\"@type\":\"ImageObject\",\"inLanguage\":\"es\",\"@id\":\"https:\/\/www.galiciamaxica.eu\/mini\/#\/schema\/person\/image\/\",\"url\":\"https:\/\/www.galiciamaxica.eu\/mini\/wp-content\/uploads\/2019\/02\/seseixa.png\",\"contentUrl\":\"https:\/\/www.galiciamaxica.eu\/mini\/wp-content\/uploads\/2019\/02\/seseixa.png\",\"width\":100,\"height\":100,\"caption\":\"seseixa\"},\"logo\":{\"@id\":\"https:\/\/www.galiciamaxica.eu\/mini\/#\/schema\/person\/image\/\"},\"description\":\"En la actualidad combinando dos proyectos que me apasionan, Galicia y los ni\u00f1os. Tengo mucho que aportar y otro tanto que aprender, as\u00ed como, el tiempo y el coraz\u00f3n, dividido en todo momento. Soy mam\u00e1, un titulo otorgado a tiempo completo, compa\u00f1era y amiga, a todas horas, familiar y cercana, siempre. De esp\u00edritu inquieto, soy una eterna ni\u00f1a que juega en el pa\u00eds de las maravillas. Una enamorada de mi tierra, por la que trabajo sin descanso. Creo en la infancia como motor que cambiar\u00e1 el mundo a mejor y busco en mi vida la felicidad como estado permanente porque s\u00f3lo se vive una vez.\",\"sameAs\":[\"http:\/\/mini.galiciamaxica.eu\/\",\"https:\/\/www.facebook.com\/maria.rodriguezserantes\",\"https:\/\/x.com\/seseixa\"],\"url\":\"https:\/\/www.galiciamaxica.eu\/mini\/author\/seseixa\/\"}]}<\/script>\n<!-- \/ Yoast SEO plugin. -->","yoast_head_json":{"title":"Un d\u00eda en Baiona con SWEET ALE - Galicia con ni\u00f1os | GALICIA M\u00c1XICA","robots":{"index":"index","follow":"follow","max-snippet":"max-snippet:-1","max-image-preview":"max-image-preview:large","max-video-preview":"max-video-preview:-1"},"canonical":"https:\/\/www.galiciamaxica.eu\/mini\/dia-baiona-sweet-ale\/","og_locale":"es_ES","og_type":"article","og_title":"Un d\u00eda en Baiona con SWEET ALE - Galicia con ni\u00f1os | GALICIA M\u00c1XICA","og_description":"En Galicia tenemos la suerte de que cualquier rinc\u00f3n es perfecto para pasear, respirar aire puro y cargarnos de energ\u00eda. Son tantos los senderos que podemos recorrer, que siempre tenemos alguna ruta cerca de casa donde disfrutar de nuestra tierra. Nos complicamos la vida, imaginando planes laboriosos o lugares a los que nos lleva mucho [&hellip;]","og_url":"https:\/\/www.galiciamaxica.eu\/mini\/dia-baiona-sweet-ale\/","og_site_name":"Galicia con ni\u00f1os | GALICIA M\u00c1XICA","article_publisher":"https:\/\/www.facebook.com\/maria.rodriguezserantes","article_author":"https:\/\/www.facebook.com\/maria.rodriguezserantes","article_published_time":"2016-10-09T12:35:04+00:00","article_modified_time":"2019-10-07T14:59:16+00:00","og_image":[{"width":1024,"height":768,"url":"https:\/\/www.galiciamaxica.eu\/mini\/wp-content\/uploads\/2016\/10\/foto-t\u00edtulo-1.png","type":"image\/png"}],"author":"seseixa","twitter_card":"summary_large_image","twitter_creator":"@seseixa","twitter_site":"@seseixa","twitter_misc":{"Escrito por":"seseixa","Tiempo de lectura":"5 minutos"},"schema":{"@context":"https:\/\/schema.org","@graph":[{"@type":"Article","@id":"https:\/\/www.galiciamaxica.eu\/mini\/dia-baiona-sweet-ale\/#article","isPartOf":{"@id":"https:\/\/www.galiciamaxica.eu\/mini\/dia-baiona-sweet-ale\/"},"author":{"name":"seseixa","@id":"https:\/\/www.galiciamaxica.eu\/mini\/#\/schema\/person\/2b284fe2fd911000a48d2e8936300179"},"headline":"Un d\u00eda en Baiona con SWEET ALE","datePublished":"2016-10-09T12:35:04+00:00","dateModified":"2019-10-07T14:59:16+00:00","mainEntityOfPage":{"@id":"https:\/\/www.galiciamaxica.eu\/mini\/dia-baiona-sweet-ale\/"},"wordCount":1095,"commentCount":2,"publisher":{"@id":"https:\/\/www.galiciamaxica.eu\/mini\/#\/schema\/person\/2b284fe2fd911000a48d2e8936300179"},"image":{"@id":"https:\/\/www.galiciamaxica.eu\/mini\/dia-baiona-sweet-ale\/#primaryimage"},"thumbnailUrl":"https:\/\/www.galiciamaxica.eu\/mini\/wp-content\/uploads\/2016\/10\/foto-t\u00edtulo-1.png","keywords":["baiona","pontevedra","ruta","Sweet Ale","virgen de la Roca"],"articleSection":["COLABORADORES","SWEETALE"],"inLanguage":"es","potentialAction":[{"@type":"CommentAction","name":"Comment","target":["https:\/\/www.galiciamaxica.eu\/mini\/dia-baiona-sweet-ale\/#respond"]}]},{"@type":"WebPage","@id":"https:\/\/www.galiciamaxica.eu\/mini\/dia-baiona-sweet-ale\/","url":"https:\/\/www.galiciamaxica.eu\/mini\/dia-baiona-sweet-ale\/","name":"Un d\u00eda en Baiona con SWEET ALE - Galicia con ni\u00f1os | GALICIA M\u00c1XICA","isPartOf":{"@id":"https:\/\/www.galiciamaxica.eu\/mini\/#website"},"primaryImageOfPage":{"@id":"https:\/\/www.galiciamaxica.eu\/mini\/dia-baiona-sweet-ale\/#primaryimage"},"image":{"@id":"https:\/\/www.galiciamaxica.eu\/mini\/dia-baiona-sweet-ale\/#primaryimage"},"thumbnailUrl":"https:\/\/www.galiciamaxica.eu\/mini\/wp-content\/uploads\/2016\/10\/foto-t\u00edtulo-1.png","datePublished":"2016-10-09T12:35:04+00:00","dateModified":"2019-10-07T14:59:16+00:00","breadcrumb":{"@id":"https:\/\/www.galiciamaxica.eu\/mini\/dia-baiona-sweet-ale\/#breadcrumb"},"inLanguage":"es","potentialAction":[{"@type":"ReadAction","target":["https:\/\/www.galiciamaxica.eu\/mini\/dia-baiona-sweet-ale\/"]}]},{"@type":"ImageObject","inLanguage":"es","@id":"https:\/\/www.galiciamaxica.eu\/mini\/dia-baiona-sweet-ale\/#primaryimage","url":"https:\/\/www.galiciamaxica.eu\/mini\/wp-content\/uploads\/2016\/10\/foto-t\u00edtulo-1.png","contentUrl":"https:\/\/www.galiciamaxica.eu\/mini\/wp-content\/uploads\/2016\/10\/foto-t\u00edtulo-1.png","width":1024,"height":768,"caption":"img_5d9b1ad8588e7"},{"@type":"BreadcrumbList","@id":"https:\/\/www.galiciamaxica.eu\/mini\/dia-baiona-sweet-ale\/#breadcrumb","itemListElement":[{"@type":"ListItem","position":1,"name":"Portada","item":"https:\/\/www.galiciamaxica.eu\/mini\/"},{"@type":"ListItem","position":2,"name":"Un d\u00eda en Baiona con SWEET ALE"}]},{"@type":"WebSite","@id":"https:\/\/www.galiciamaxica.eu\/mini\/#website","url":"https:\/\/www.galiciamaxica.eu\/mini\/","name":"Galicia con ni\u00f1os | GALICIA M\u00c1XICA","description":"Qu\u00e9 hacer con ni\u00f1os en Galicia","publisher":{"@id":"https:\/\/www.galiciamaxica.eu\/mini\/#\/schema\/person\/2b284fe2fd911000a48d2e8936300179"},"potentialAction":[{"@type":"SearchAction","target":{"@type":"EntryPoint","urlTemplate":"https:\/\/www.galiciamaxica.eu\/mini\/?s={search_term_string}"},"query-input":{"@type":"PropertyValueSpecification","valueRequired":true,"valueName":"search_term_string"}}],"inLanguage":"es"},{"@type":["Person","Organization"],"@id":"https:\/\/www.galiciamaxica.eu\/mini\/#\/schema\/person\/2b284fe2fd911000a48d2e8936300179","name":"seseixa","image":{"@type":"ImageObject","inLanguage":"es","@id":"https:\/\/www.galiciamaxica.eu\/mini\/#\/schema\/person\/image\/","url":"https:\/\/www.galiciamaxica.eu\/mini\/wp-content\/uploads\/2019\/02\/seseixa.png","contentUrl":"https:\/\/www.galiciamaxica.eu\/mini\/wp-content\/uploads\/2019\/02\/seseixa.png","width":100,"height":100,"caption":"seseixa"},"logo":{"@id":"https:\/\/www.galiciamaxica.eu\/mini\/#\/schema\/person\/image\/"},"description":"En la actualidad combinando dos proyectos que me apasionan, Galicia y los ni\u00f1os. Tengo mucho que aportar y otro tanto que aprender, as\u00ed como, el tiempo y el coraz\u00f3n, dividido en todo momento. Soy mam\u00e1, un titulo otorgado a tiempo completo, compa\u00f1era y amiga, a todas horas, familiar y cercana, siempre. De esp\u00edritu inquieto, soy una eterna ni\u00f1a que juega en el pa\u00eds de las maravillas. Una enamorada de mi tierra, por la que trabajo sin descanso. Creo en la infancia como motor que cambiar\u00e1 el mundo a mejor y busco en mi vida la felicidad como estado permanente porque s\u00f3lo se vive una vez.","sameAs":["http:\/\/mini.galiciamaxica.eu\/","https:\/\/www.facebook.com\/maria.rodriguezserantes","https:\/\/x.com\/seseixa"],"url":"https:\/\/www.galiciamaxica.eu\/mini\/author\/seseixa\/"}]}},"amp_enabled":true,"post_mailing_queue_ids":[],"_links":{"self":[{"href":"https:\/\/www.galiciamaxica.eu\/mini\/wp-json\/wp\/v2\/posts\/5356"}],"collection":[{"href":"https:\/\/www.galiciamaxica.eu\/mini\/wp-json\/wp\/v2\/posts"}],"about":[{"href":"https:\/\/www.galiciamaxica.eu\/mini\/wp-json\/wp\/v2\/types\/post"}],"author":[{"embeddable":true,"href":"https:\/\/www.galiciamaxica.eu\/mini\/wp-json\/wp\/v2\/users\/1"}],"replies":[{"embeddable":true,"href":"https:\/\/www.galiciamaxica.eu\/mini\/wp-json\/wp\/v2\/comments?post=5356"}],"version-history":[{"count":0,"href":"https:\/\/www.galiciamaxica.eu\/mini\/wp-json\/wp\/v2\/posts\/5356\/revisions"}],"wp:featuredmedia":[{"embeddable":true,"href":"https:\/\/www.galiciamaxica.eu\/mini\/wp-json\/wp\/v2\/media\/5359"}],"wp:attachment":[{"href":"https:\/\/www.galiciamaxica.eu\/mini\/wp-json\/wp\/v2\/media?parent=5356"}],"wp:term":[{"taxonomy":"category","embeddable":true,"href":"https:\/\/www.galiciamaxica.eu\/mini\/wp-json\/wp\/v2\/categories?post=5356"},{"taxonomy":"post_tag","embeddable":true,"href":"https:\/\/www.galiciamaxica.eu\/mini\/wp-json\/wp\/v2\/tags?post=5356"}],"curies":[{"name":"wp","href":"https:\/\/api.w.org\/{rel}","templated":true}]}}