{"id":5274,"date":"2016-10-09T19:24:39","date_gmt":"2016-10-09T19:24:39","guid":{"rendered":"http:\/\/www.galiciamaxica.eu\/mini\/?p=5274"},"modified":"2026-03-29T21:56:14","modified_gmt":"2026-03-29T19:56:14","slug":"fervenza-do-touron","status":"publish","type":"post","link":"https:\/\/www.galiciamaxica.eu\/mini\/fervenza-do-touron\/","title":{"rendered":"FERVENZA DO TOUR\u00d3N"},"content":{"rendered":"<p style=\"text-align: center\">La zona de Mel\u00f3n esconde lugares espectaculares. Tras visitar las Pozas, nos hab\u00edamos quedado con las ganas de ver que hab\u00eda por la zona as\u00ed que volvimos.<\/p>\n<p style=\"text-align: center\"><img fetchpriority=\"high\" decoding=\"async\" class=\"aligncenter size-medium\" src=\"https:\/\/galiciamaxica.eu\/mini\/wp-content\/uploads\/2019\/10\/img_5d9b1a5ddd5c6.jpg\" alt=\"\" width=\"434\" height=\"770\" \/><\/p>\n<p style=\"text-align: center\">Esta vez a la fervenza del\u00a0Tour\u00f3n. Est\u00e1 muy bien se\u00f1alizada y el sendero muy cuidado.<\/p>\n<p style=\"text-align: center\">Fue una ruta genial ya que los ni\u00f1os pueden ir jugando debido a la amplitud del camino que est\u00e1 lleno de robles y casta\u00f1os por lo que ir al comienzo del oto\u00f1o es un espect\u00e1culo.<\/p>\n<p style=\"text-align: center\"><img decoding=\"async\" class=\"aligncenter size-medium\" src=\"https:\/\/galiciamaxica.eu\/mini\/wp-content\/uploads\/2019\/10\/img_5d9b1a65848ea.jpg\" alt=\"\" width=\"1368\" height=\"770\" \/><\/p>\n<p style=\"text-align: center\">Los ni\u00f1os los pasaron en grande, jugaron, corrieron,observaron setas,&#8230; y de repente, ese sonido inconfundible del agua&#8230;al llegar!!<\/p>\n<p style=\"text-align: center\"><img decoding=\"async\" class=\"aligncenter size-medium\" src=\"https:\/\/galiciamaxica.eu\/mini\/wp-content\/uploads\/2019\/10\/img_5d9b1a72c74ac.jpg\" alt=\"\" width=\"1368\" height=\"770\" \/><\/p>\n<p style=\"text-align: center\">Corred, corred, la encontr\u00e9!! nos grit\u00f3 la peque\u00f1a, y es que hab\u00eda encontrado la cascada m\u00e1s impresionante que hubiese visto. Tanto que hasta le infundi\u00f3 algo de respeto.<\/p>\n<p style=\"text-align: center\"><img loading=\"lazy\" decoding=\"async\" class=\"aligncenter size-medium\" src=\"https:\/\/galiciamaxica.eu\/mini\/wp-content\/uploads\/2019\/10\/img_5d9b1a7fc7490.gif\" alt=\"\" width=\"722\" height=\"721\" \/><\/p>\n<p style=\"text-align: center\">Impresionante ver la cascada y como el agua continuaba su bajaba tan r\u00e1pida, todo unido por lo que parec\u00eda una tranquila charca.<\/p>\n<p style=\"text-align: center\"><img loading=\"lazy\" decoding=\"async\" class=\"aligncenter size-medium\" src=\"https:\/\/galiciamaxica.eu\/mini\/wp-content\/uploads\/2019\/10\/img_5d9b1a8a206aa.jpg\" alt=\"\" width=\"1368\" height=\"770\" \/><\/p>\n<p style=\"text-align: center\">Cruzamos el puente para enfilar las pasarelas de madera con sus muuuuch\u00edsimas escaleras que permiten acercarse a\u00fan m\u00e1s a la espectacularidad de la cascada.<\/p>\n<p style=\"text-align: center\"><img loading=\"lazy\" decoding=\"async\" class=\"aligncenter size-medium\" src=\"https:\/\/galiciamaxica.eu\/mini\/wp-content\/uploads\/2019\/10\/img_5d9b1a991a88c.jpg\" alt=\"\" width=\"640\" height=\"480\" \/><\/p>\n<p style=\"text-align: center\">Continuar la ruta permite conocer la zona, jugar y vivir historias de caballeros medievales.<\/p>\n<p style=\"text-align: center\"><img loading=\"lazy\" decoding=\"async\" class=\"aligncenter size-medium\" src=\"https:\/\/galiciamaxica.eu\/mini\/wp-content\/uploads\/2019\/10\/img_5d9b1a9c14d59.jpg\" alt=\"\" width=\"1368\" height=\"770\" \/><\/p>\n<p style=\"text-align: center\">Pero el d\u00eda no acababa ah\u00ed. Bajamos \u00a0hasta las ruinas del Monasterio de Mel\u00f3n donde a sus puertas hay una peque\u00f1a carballeira con mesas ah\u00ed comimos tranquilamente y los peques pudieron jugar en el parque all\u00ed mismo.<\/p>\n<p style=\"text-align: center\"><img loading=\"lazy\" decoding=\"async\" class=\"aligncenter size-medium\" src=\"https:\/\/galiciamaxica.eu\/mini\/wp-content\/uploads\/2019\/10\/img_5d9b1a9ff41d6.jpg\" alt=\"\" width=\"1368\" height=\"770\" \/><\/p>\n<p style=\"text-align: center\">Las ruinas est\u00e1n fenomenal para hacer juegos de imaginaci\u00f3n con los ni\u00f1os. Nos convertimos en princesas, en caballeros, en criados, en todo lo que se nos ocurri\u00f3, y lo mejor \u00abel escondite\u00bb<\/p>\n<p style=\"text-align: center\"><img loading=\"lazy\" decoding=\"async\" class=\"aligncenter size-medium\" src=\"https:\/\/galiciamaxica.eu\/mini\/wp-content\/uploads\/2019\/10\/img_5d9b1aa281336.jpg\" alt=\"\" width=\"1368\" height=\"770\" \/><\/p>\n<p style=\"text-align: center\">Un d\u00eda estupendo en familia, lleno de carcajadas.<\/p>\n<p style=\"text-align: center\"><em><strong>\u00abLa familia os desea que disfrut\u00e9is de la magia de Galicia. \u00a1\u00a1Ah!! cuidado que engancha\u201d<\/strong><\/em><\/p>\n<p style=\"text-align: center\"><img loading=\"lazy\" decoding=\"async\" class=\"aligncenter size-medium\" src=\"https:\/\/galiciamaxica.eu\/mini\/wp-content\/uploads\/2019\/10\/img_5d9b1aa640fec.jpg\" alt=\"\" width=\"721\" height=\"721\" \/><\/p>\n","protected":false},"excerpt":{"rendered":"<p>La zona de Mel\u00f3n esconde lugares espectaculares. Tras visitar las Pozas, nos hab\u00edamos quedado con las ganas de ver que hab\u00eda por la zona as\u00ed que volvimos. Esta vez a la fervenza del\u00a0Tour\u00f3n. Est\u00e1 muy bien se\u00f1alizada y el sendero muy cuidado. Fue una ruta genial ya que los ni\u00f1os pueden ir jugando debido a [&hellip;]<\/p>\n","protected":false},"author":25,"featured_media":5318,"comment_status":"open","ping_status":"open","sticky":false,"template":"","format":"standard","meta":{"_eb_attr":"","site-sidebar-layout":"default","site-content-layout":"","ast-site-content-layout":"","site-content-style":"default","site-sidebar-style":"default","ast-global-header-display":"","ast-banner-title-visibility":"","ast-main-header-display":"","ast-hfb-above-header-display":"","ast-hfb-below-header-display":"","ast-hfb-mobile-header-display":"","site-post-title":"","ast-breadcrumbs-content":"","ast-featured-img":"","footer-sml-layout":"","theme-transparent-header-meta":"","adv-header-id-meta":"","stick-header-meta":"","header-above-stick-meta":"","header-main-stick-meta":"","header-below-stick-meta":"","astra-migrate-meta-layouts":"default","ast-page-background-enabled":"default","ast-page-background-meta":{"desktop":{"background-color":"","background-image":"","background-repeat":"repeat","background-position":"center center","background-size":"auto","background-attachment":"scroll","background-type":"","background-media":"","overlay-type":"","overlay-color":"","overlay-opacity":"","overlay-gradient":""},"tablet":{"background-color":"","background-image":"","background-repeat":"repeat","background-position":"center center","background-size":"auto","background-attachment":"scroll","background-type":"","background-media":"","overlay-type":"","overlay-color":"","overlay-opacity":"","overlay-gradient":""},"mobile":{"background-color":"","background-image":"","background-repeat":"repeat","background-position":"center center","background-size":"auto","background-attachment":"scroll","background-type":"","background-media":"","overlay-type":"","overlay-color":"","overlay-opacity":"","overlay-gradient":""}},"ast-content-background-meta":{"desktop":{"background-color":"var(--ast-global-color-5)","background-image":"","background-repeat":"repeat","background-position":"center center","background-size":"auto","background-attachment":"scroll","background-type":"","background-media":"","overlay-type":"","overlay-color":"","overlay-opacity":"","overlay-gradient":""},"tablet":{"background-color":"var(--ast-global-color-5)","background-image":"","background-repeat":"repeat","background-position":"center center","background-size":"auto","background-attachment":"scroll","background-type":"","background-media":"","overlay-type":"","overlay-color":"","overlay-opacity":"","overlay-gradient":""},"mobile":{"background-color":"var(--ast-global-color-5)","background-image":"","background-repeat":"repeat","background-position":"center center","background-size":"auto","background-attachment":"scroll","background-type":"","background-media":"","overlay-type":"","overlay-color":"","overlay-opacity":"","overlay-gradient":""}},"footnotes":""},"categories":[760,425],"tags":[271,421,267,58,16,42,270],"class_list":["post-5274","post","type-post","status-publish","format-standard","has-post-thumbnail","hentry","category-ali","category-viajes-compartidos","tag-fervenzas","tag-iglesia","tag-melon","tag-ourense","tag-parque","tag-ruta","tag-touron"],"yoast_head":"<!-- This site is optimized with the Yoast SEO plugin v24.9 - https:\/\/yoast.com\/wordpress\/plugins\/seo\/ -->\n<title>FERVENZA DO TOUR\u00d3N - Galicia con ni\u00f1os | GALICIA M\u00c1XICA<\/title>\n<meta name=\"robots\" content=\"index, follow, max-snippet:-1, max-image-preview:large, max-video-preview:-1\" \/>\n<link rel=\"canonical\" href=\"https:\/\/www.galiciamaxica.eu\/mini\/fervenza-do-touron\/\" \/>\n<meta property=\"og:locale\" content=\"es_ES\" \/>\n<meta property=\"og:type\" content=\"article\" \/>\n<meta property=\"og:title\" content=\"FERVENZA DO TOUR\u00d3N - Galicia con ni\u00f1os | GALICIA M\u00c1XICA\" \/>\n<meta property=\"og:description\" content=\"La zona de Mel\u00f3n esconde lugares espectaculares. Tras visitar las Pozas, nos hab\u00edamos quedado con las ganas de ver que hab\u00eda por la zona as\u00ed que volvimos. Esta vez a la fervenza del\u00a0Tour\u00f3n. Est\u00e1 muy bien se\u00f1alizada y el sendero muy cuidado. Fue una ruta genial ya que los ni\u00f1os pueden ir jugando debido a [&hellip;]\" \/>\n<meta property=\"og:url\" content=\"https:\/\/www.galiciamaxica.eu\/mini\/fervenza-do-touron\/\" \/>\n<meta property=\"og:site_name\" content=\"Galicia con ni\u00f1os | GALICIA M\u00c1XICA\" \/>\n<meta property=\"article:publisher\" content=\"https:\/\/www.facebook.com\/maria.rodriguezserantes\" \/>\n<meta property=\"article:published_time\" content=\"2016-10-09T19:24:39+00:00\" \/>\n<meta property=\"article:modified_time\" content=\"2026-03-29T19:56:14+00:00\" \/>\n<meta property=\"og:image\" content=\"https:\/\/www.galiciamaxica.eu\/mini\/wp-content\/uploads\/2016\/09\/CAM02055.jpg\" \/>\n\t<meta property=\"og:image:width\" content=\"768\" \/>\n\t<meta property=\"og:image:height\" content=\"768\" \/>\n\t<meta property=\"og:image:type\" content=\"image\/jpeg\" \/>\n<meta name=\"author\" content=\"Alicia Rom\u00e1n Rodr\u00edguez\" \/>\n<meta name=\"twitter:card\" content=\"summary_large_image\" \/>\n<meta name=\"twitter:creator\" content=\"@seseixa\" \/>\n<meta name=\"twitter:site\" content=\"@seseixa\" \/>\n<meta name=\"twitter:label1\" content=\"Escrito por\" \/>\n\t<meta name=\"twitter:data1\" content=\"Alicia Rom\u00e1n Rodr\u00edguez\" \/>\n\t<meta name=\"twitter:label2\" content=\"Tiempo de lectura\" \/>\n\t<meta name=\"twitter:data2\" content=\"2 minutos\" \/>\n<script type=\"application\/ld+json\" class=\"yoast-schema-graph\">{\"@context\":\"https:\/\/schema.org\",\"@graph\":[{\"@type\":\"Article\",\"@id\":\"https:\/\/www.galiciamaxica.eu\/mini\/fervenza-do-touron\/#article\",\"isPartOf\":{\"@id\":\"https:\/\/www.galiciamaxica.eu\/mini\/fervenza-do-touron\/\"},\"author\":{\"name\":\"Alicia Rom\u00e1n Rodr\u00edguez\",\"@id\":\"https:\/\/www.galiciamaxica.eu\/mini\/#\/schema\/person\/e54d71d2fc88e7701be2151843783d7a\"},\"headline\":\"FERVENZA DO TOUR\u00d3N\",\"datePublished\":\"2016-10-09T19:24:39+00:00\",\"dateModified\":\"2026-03-29T19:56:14+00:00\",\"mainEntityOfPage\":{\"@id\":\"https:\/\/www.galiciamaxica.eu\/mini\/fervenza-do-touron\/\"},\"wordCount\":308,\"commentCount\":0,\"publisher\":{\"@id\":\"https:\/\/www.galiciamaxica.eu\/mini\/#\/schema\/person\/2b284fe2fd911000a48d2e8936300179\"},\"image\":{\"@id\":\"https:\/\/www.galiciamaxica.eu\/mini\/fervenza-do-touron\/#primaryimage\"},\"thumbnailUrl\":\"https:\/\/www.galiciamaxica.eu\/mini\/wp-content\/uploads\/2016\/09\/CAM02055.jpg\",\"keywords\":[\"fervenzas\",\"iglesia\",\"melon\",\"ourense\",\"parque\",\"ruta\",\"tour\u00f3n\"],\"articleSection\":[\"ALI\",\"VIAJES COMPARTIDOS\"],\"inLanguage\":\"es\",\"potentialAction\":[{\"@type\":\"CommentAction\",\"name\":\"Comment\",\"target\":[\"https:\/\/www.galiciamaxica.eu\/mini\/fervenza-do-touron\/#respond\"]}]},{\"@type\":\"WebPage\",\"@id\":\"https:\/\/www.galiciamaxica.eu\/mini\/fervenza-do-touron\/\",\"url\":\"https:\/\/www.galiciamaxica.eu\/mini\/fervenza-do-touron\/\",\"name\":\"FERVENZA DO TOUR\u00d3N - Galicia con ni\u00f1os | GALICIA M\u00c1XICA\",\"isPartOf\":{\"@id\":\"https:\/\/www.galiciamaxica.eu\/mini\/#website\"},\"primaryImageOfPage\":{\"@id\":\"https:\/\/www.galiciamaxica.eu\/mini\/fervenza-do-touron\/#primaryimage\"},\"image\":{\"@id\":\"https:\/\/www.galiciamaxica.eu\/mini\/fervenza-do-touron\/#primaryimage\"},\"thumbnailUrl\":\"https:\/\/www.galiciamaxica.eu\/mini\/wp-content\/uploads\/2016\/09\/CAM02055.jpg\",\"datePublished\":\"2016-10-09T19:24:39+00:00\",\"dateModified\":\"2026-03-29T19:56:14+00:00\",\"breadcrumb\":{\"@id\":\"https:\/\/www.galiciamaxica.eu\/mini\/fervenza-do-touron\/#breadcrumb\"},\"inLanguage\":\"es\",\"potentialAction\":[{\"@type\":\"ReadAction\",\"target\":[\"https:\/\/www.galiciamaxica.eu\/mini\/fervenza-do-touron\/\"]}]},{\"@type\":\"ImageObject\",\"inLanguage\":\"es\",\"@id\":\"https:\/\/www.galiciamaxica.eu\/mini\/fervenza-do-touron\/#primaryimage\",\"url\":\"https:\/\/www.galiciamaxica.eu\/mini\/wp-content\/uploads\/2016\/09\/CAM02055.jpg\",\"contentUrl\":\"https:\/\/www.galiciamaxica.eu\/mini\/wp-content\/uploads\/2016\/09\/CAM02055.jpg\",\"width\":768,\"height\":768,\"caption\":\"CAM02055\"},{\"@type\":\"BreadcrumbList\",\"@id\":\"https:\/\/www.galiciamaxica.eu\/mini\/fervenza-do-touron\/#breadcrumb\",\"itemListElement\":[{\"@type\":\"ListItem\",\"position\":1,\"name\":\"Portada\",\"item\":\"https:\/\/www.galiciamaxica.eu\/mini\/\"},{\"@type\":\"ListItem\",\"position\":2,\"name\":\"FERVENZA DO TOUR\u00d3N\"}]},{\"@type\":\"WebSite\",\"@id\":\"https:\/\/www.galiciamaxica.eu\/mini\/#website\",\"url\":\"https:\/\/www.galiciamaxica.eu\/mini\/\",\"name\":\"Galicia con ni\u00f1os | GALICIA M\u00c1XICA\",\"description\":\"Qu\u00e9 hacer con ni\u00f1os en Galicia\",\"publisher\":{\"@id\":\"https:\/\/www.galiciamaxica.eu\/mini\/#\/schema\/person\/2b284fe2fd911000a48d2e8936300179\"},\"potentialAction\":[{\"@type\":\"SearchAction\",\"target\":{\"@type\":\"EntryPoint\",\"urlTemplate\":\"https:\/\/www.galiciamaxica.eu\/mini\/?s={search_term_string}\"},\"query-input\":{\"@type\":\"PropertyValueSpecification\",\"valueRequired\":true,\"valueName\":\"search_term_string\"}}],\"inLanguage\":\"es\"},{\"@type\":[\"Person\",\"Organization\"],\"@id\":\"https:\/\/www.galiciamaxica.eu\/mini\/#\/schema\/person\/2b284fe2fd911000a48d2e8936300179\",\"name\":\"seseixa\",\"image\":{\"@type\":\"ImageObject\",\"inLanguage\":\"es\",\"@id\":\"https:\/\/www.galiciamaxica.eu\/mini\/#\/schema\/person\/image\/\",\"url\":\"https:\/\/www.galiciamaxica.eu\/mini\/wp-content\/uploads\/2019\/02\/seseixa.png\",\"contentUrl\":\"https:\/\/www.galiciamaxica.eu\/mini\/wp-content\/uploads\/2019\/02\/seseixa.png\",\"width\":100,\"height\":100,\"caption\":\"seseixa\"},\"logo\":{\"@id\":\"https:\/\/www.galiciamaxica.eu\/mini\/#\/schema\/person\/image\/\"},\"description\":\"En la actualidad combinando dos proyectos que me apasionan, Galicia y los ni\u00f1os. Tengo mucho que aportar y otro tanto que aprender, as\u00ed como, el tiempo y el coraz\u00f3n, dividido en todo momento. Soy mam\u00e1, un titulo otorgado a tiempo completo, compa\u00f1era y amiga, a todas horas, familiar y cercana, siempre. De esp\u00edritu inquieto, soy una eterna ni\u00f1a que juega en el pa\u00eds de las maravillas. Una enamorada de mi tierra, por la que trabajo sin descanso. Creo en la infancia como motor que cambiar\u00e1 el mundo a mejor y busco en mi vida la felicidad como estado permanente porque s\u00f3lo se vive una vez.\",\"sameAs\":[\"http:\/\/mini.galiciamaxica.eu\/\",\"https:\/\/www.facebook.com\/maria.rodriguezserantes\",\"https:\/\/x.com\/seseixa\"]},{\"@type\":\"Person\",\"@id\":\"https:\/\/www.galiciamaxica.eu\/mini\/#\/schema\/person\/e54d71d2fc88e7701be2151843783d7a\",\"name\":\"Alicia Rom\u00e1n Rodr\u00edguez\",\"image\":{\"@type\":\"ImageObject\",\"inLanguage\":\"es\",\"@id\":\"https:\/\/www.galiciamaxica.eu\/mini\/#\/schema\/person\/image\/\",\"url\":\"https:\/\/www.galiciamaxica.eu\/mini\/wp-content\/litespeed\/avatar\/f2a968feca4287b6ff4b5545aa8b25dc.jpg?ver=1788161405\",\"contentUrl\":\"https:\/\/www.galiciamaxica.eu\/mini\/wp-content\/litespeed\/avatar\/f2a968feca4287b6ff4b5545aa8b25dc.jpg?ver=1788161405\",\"caption\":\"Alicia Rom\u00e1n Rodr\u00edguez\"},\"url\":\"https:\/\/www.galiciamaxica.eu\/mini\/author\/ali\/\"}]}<\/script>\n<!-- \/ Yoast SEO plugin. -->","yoast_head_json":{"title":"FERVENZA DO TOUR\u00d3N - Galicia con ni\u00f1os | GALICIA M\u00c1XICA","robots":{"index":"index","follow":"follow","max-snippet":"max-snippet:-1","max-image-preview":"max-image-preview:large","max-video-preview":"max-video-preview:-1"},"canonical":"https:\/\/www.galiciamaxica.eu\/mini\/fervenza-do-touron\/","og_locale":"es_ES","og_type":"article","og_title":"FERVENZA DO TOUR\u00d3N - Galicia con ni\u00f1os | GALICIA M\u00c1XICA","og_description":"La zona de Mel\u00f3n esconde lugares espectaculares. Tras visitar las Pozas, nos hab\u00edamos quedado con las ganas de ver que hab\u00eda por la zona as\u00ed que volvimos. Esta vez a la fervenza del\u00a0Tour\u00f3n. Est\u00e1 muy bien se\u00f1alizada y el sendero muy cuidado. Fue una ruta genial ya que los ni\u00f1os pueden ir jugando debido a [&hellip;]","og_url":"https:\/\/www.galiciamaxica.eu\/mini\/fervenza-do-touron\/","og_site_name":"Galicia con ni\u00f1os | GALICIA M\u00c1XICA","article_publisher":"https:\/\/www.facebook.com\/maria.rodriguezserantes","article_published_time":"2016-10-09T19:24:39+00:00","article_modified_time":"2026-03-29T19:56:14+00:00","og_image":[{"width":768,"height":768,"url":"https:\/\/www.galiciamaxica.eu\/mini\/wp-content\/uploads\/2016\/09\/CAM02055.jpg","type":"image\/jpeg"}],"author":"Alicia Rom\u00e1n Rodr\u00edguez","twitter_card":"summary_large_image","twitter_creator":"@seseixa","twitter_site":"@seseixa","twitter_misc":{"Escrito por":"Alicia Rom\u00e1n Rodr\u00edguez","Tiempo de lectura":"2 minutos"},"schema":{"@context":"https:\/\/schema.org","@graph":[{"@type":"Article","@id":"https:\/\/www.galiciamaxica.eu\/mini\/fervenza-do-touron\/#article","isPartOf":{"@id":"https:\/\/www.galiciamaxica.eu\/mini\/fervenza-do-touron\/"},"author":{"name":"Alicia Rom\u00e1n Rodr\u00edguez","@id":"https:\/\/www.galiciamaxica.eu\/mini\/#\/schema\/person\/e54d71d2fc88e7701be2151843783d7a"},"headline":"FERVENZA DO TOUR\u00d3N","datePublished":"2016-10-09T19:24:39+00:00","dateModified":"2026-03-29T19:56:14+00:00","mainEntityOfPage":{"@id":"https:\/\/www.galiciamaxica.eu\/mini\/fervenza-do-touron\/"},"wordCount":308,"commentCount":0,"publisher":{"@id":"https:\/\/www.galiciamaxica.eu\/mini\/#\/schema\/person\/2b284fe2fd911000a48d2e8936300179"},"image":{"@id":"https:\/\/www.galiciamaxica.eu\/mini\/fervenza-do-touron\/#primaryimage"},"thumbnailUrl":"https:\/\/www.galiciamaxica.eu\/mini\/wp-content\/uploads\/2016\/09\/CAM02055.jpg","keywords":["fervenzas","iglesia","melon","ourense","parque","ruta","tour\u00f3n"],"articleSection":["ALI","VIAJES COMPARTIDOS"],"inLanguage":"es","potentialAction":[{"@type":"CommentAction","name":"Comment","target":["https:\/\/www.galiciamaxica.eu\/mini\/fervenza-do-touron\/#respond"]}]},{"@type":"WebPage","@id":"https:\/\/www.galiciamaxica.eu\/mini\/fervenza-do-touron\/","url":"https:\/\/www.galiciamaxica.eu\/mini\/fervenza-do-touron\/","name":"FERVENZA DO TOUR\u00d3N - Galicia con ni\u00f1os | GALICIA M\u00c1XICA","isPartOf":{"@id":"https:\/\/www.galiciamaxica.eu\/mini\/#website"},"primaryImageOfPage":{"@id":"https:\/\/www.galiciamaxica.eu\/mini\/fervenza-do-touron\/#primaryimage"},"image":{"@id":"https:\/\/www.galiciamaxica.eu\/mini\/fervenza-do-touron\/#primaryimage"},"thumbnailUrl":"https:\/\/www.galiciamaxica.eu\/mini\/wp-content\/uploads\/2016\/09\/CAM02055.jpg","datePublished":"2016-10-09T19:24:39+00:00","dateModified":"2026-03-29T19:56:14+00:00","breadcrumb":{"@id":"https:\/\/www.galiciamaxica.eu\/mini\/fervenza-do-touron\/#breadcrumb"},"inLanguage":"es","potentialAction":[{"@type":"ReadAction","target":["https:\/\/www.galiciamaxica.eu\/mini\/fervenza-do-touron\/"]}]},{"@type":"ImageObject","inLanguage":"es","@id":"https:\/\/www.galiciamaxica.eu\/mini\/fervenza-do-touron\/#primaryimage","url":"https:\/\/www.galiciamaxica.eu\/mini\/wp-content\/uploads\/2016\/09\/CAM02055.jpg","contentUrl":"https:\/\/www.galiciamaxica.eu\/mini\/wp-content\/uploads\/2016\/09\/CAM02055.jpg","width":768,"height":768,"caption":"CAM02055"},{"@type":"BreadcrumbList","@id":"https:\/\/www.galiciamaxica.eu\/mini\/fervenza-do-touron\/#breadcrumb","itemListElement":[{"@type":"ListItem","position":1,"name":"Portada","item":"https:\/\/www.galiciamaxica.eu\/mini\/"},{"@type":"ListItem","position":2,"name":"FERVENZA DO TOUR\u00d3N"}]},{"@type":"WebSite","@id":"https:\/\/www.galiciamaxica.eu\/mini\/#website","url":"https:\/\/www.galiciamaxica.eu\/mini\/","name":"Galicia con ni\u00f1os | GALICIA M\u00c1XICA","description":"Qu\u00e9 hacer con ni\u00f1os en Galicia","publisher":{"@id":"https:\/\/www.galiciamaxica.eu\/mini\/#\/schema\/person\/2b284fe2fd911000a48d2e8936300179"},"potentialAction":[{"@type":"SearchAction","target":{"@type":"EntryPoint","urlTemplate":"https:\/\/www.galiciamaxica.eu\/mini\/?s={search_term_string}"},"query-input":{"@type":"PropertyValueSpecification","valueRequired":true,"valueName":"search_term_string"}}],"inLanguage":"es"},{"@type":["Person","Organization"],"@id":"https:\/\/www.galiciamaxica.eu\/mini\/#\/schema\/person\/2b284fe2fd911000a48d2e8936300179","name":"seseixa","image":{"@type":"ImageObject","inLanguage":"es","@id":"https:\/\/www.galiciamaxica.eu\/mini\/#\/schema\/person\/image\/","url":"https:\/\/www.galiciamaxica.eu\/mini\/wp-content\/uploads\/2019\/02\/seseixa.png","contentUrl":"https:\/\/www.galiciamaxica.eu\/mini\/wp-content\/uploads\/2019\/02\/seseixa.png","width":100,"height":100,"caption":"seseixa"},"logo":{"@id":"https:\/\/www.galiciamaxica.eu\/mini\/#\/schema\/person\/image\/"},"description":"En la actualidad combinando dos proyectos que me apasionan, Galicia y los ni\u00f1os. Tengo mucho que aportar y otro tanto que aprender, as\u00ed como, el tiempo y el coraz\u00f3n, dividido en todo momento. Soy mam\u00e1, un titulo otorgado a tiempo completo, compa\u00f1era y amiga, a todas horas, familiar y cercana, siempre. De esp\u00edritu inquieto, soy una eterna ni\u00f1a que juega en el pa\u00eds de las maravillas. Una enamorada de mi tierra, por la que trabajo sin descanso. Creo en la infancia como motor que cambiar\u00e1 el mundo a mejor y busco en mi vida la felicidad como estado permanente porque s\u00f3lo se vive una vez.","sameAs":["http:\/\/mini.galiciamaxica.eu\/","https:\/\/www.facebook.com\/maria.rodriguezserantes","https:\/\/x.com\/seseixa"]},{"@type":"Person","@id":"https:\/\/www.galiciamaxica.eu\/mini\/#\/schema\/person\/e54d71d2fc88e7701be2151843783d7a","name":"Alicia Rom\u00e1n Rodr\u00edguez","image":{"@type":"ImageObject","inLanguage":"es","@id":"https:\/\/www.galiciamaxica.eu\/mini\/#\/schema\/person\/image\/","url":"https:\/\/www.galiciamaxica.eu\/mini\/wp-content\/litespeed\/avatar\/f2a968feca4287b6ff4b5545aa8b25dc.jpg?ver=1788161405","contentUrl":"https:\/\/www.galiciamaxica.eu\/mini\/wp-content\/litespeed\/avatar\/f2a968feca4287b6ff4b5545aa8b25dc.jpg?ver=1788161405","caption":"Alicia Rom\u00e1n Rodr\u00edguez"},"url":"https:\/\/www.galiciamaxica.eu\/mini\/author\/ali\/"}]}},"amp_enabled":true,"post_mailing_queue_ids":[],"_links":{"self":[{"href":"https:\/\/www.galiciamaxica.eu\/mini\/wp-json\/wp\/v2\/posts\/5274"}],"collection":[{"href":"https:\/\/www.galiciamaxica.eu\/mini\/wp-json\/wp\/v2\/posts"}],"about":[{"href":"https:\/\/www.galiciamaxica.eu\/mini\/wp-json\/wp\/v2\/types\/post"}],"author":[{"embeddable":true,"href":"https:\/\/www.galiciamaxica.eu\/mini\/wp-json\/wp\/v2\/users\/25"}],"replies":[{"embeddable":true,"href":"https:\/\/www.galiciamaxica.eu\/mini\/wp-json\/wp\/v2\/comments?post=5274"}],"version-history":[{"count":1,"href":"https:\/\/www.galiciamaxica.eu\/mini\/wp-json\/wp\/v2\/posts\/5274\/revisions"}],"predecessor-version":[{"id":22890,"href":"https:\/\/www.galiciamaxica.eu\/mini\/wp-json\/wp\/v2\/posts\/5274\/revisions\/22890"}],"wp:featuredmedia":[{"embeddable":true,"href":"https:\/\/www.galiciamaxica.eu\/mini\/wp-json\/wp\/v2\/media\/5318"}],"wp:attachment":[{"href":"https:\/\/www.galiciamaxica.eu\/mini\/wp-json\/wp\/v2\/media?parent=5274"}],"wp:term":[{"taxonomy":"category","embeddable":true,"href":"https:\/\/www.galiciamaxica.eu\/mini\/wp-json\/wp\/v2\/categories?post=5274"},{"taxonomy":"post_tag","embeddable":true,"href":"https:\/\/www.galiciamaxica.eu\/mini\/wp-json\/wp\/v2\/tags?post=5274"}],"curies":[{"name":"wp","href":"https:\/\/api.w.org\/{rel}","templated":true}]}}