{"id":5256,"date":"2016-09-30T08:06:31","date_gmt":"2016-09-30T08:06:31","guid":{"rendered":"http:\/\/www.galiciamaxica.eu\/mini\/?p=5256"},"modified":"2019-10-07T13:10:18","modified_gmt":"2019-10-07T11:10:18","slug":"canon-del-sil-fervenzas-cachon","status":"publish","type":"post","link":"https:\/\/www.galiciamaxica.eu\/mini\/canon-del-sil-fervenzas-cachon\/","title":{"rendered":"CA\u00d1ON DEL SIL Y FERVENZAS CACH\u00d3N"},"content":{"rendered":"<p style=\"text-align: center\">Esta vez nos gustar\u00eda seguir contando nuestro fin de semana en la Ribeira sacra.<\/p>\n<p style=\"text-align: center\">Si el primer d\u00eda las <a href=\"http:\/\/www.galiciamaxica.eu\/mini\/pasarelas-del-rio-mao\/\">pasarelas del r\u00edo Mao<\/a> nos dejaron con la boca abierta, el d\u00eda que nos esperaba no ser\u00eda para menos.<\/p>\n<p style=\"text-align: center\"><img fetchpriority=\"high\" decoding=\"async\" class=\"aligncenter size-medium\" src=\"https:\/\/galiciamaxica.eu\/mini\/wp-content\/uploads\/2019\/10\/img_5d9b1d1b6bc40.jpg\" alt=\"\" width=\"578\" height=\"770\" \/><\/p>\n<p style=\"text-align: center\">Por la ma\u00f1ana decidimos hacer con los peques el recorrido en barco por el ca\u00f1\u00f3n. Yo siempre hab\u00eda hecho la ruta desde San Lorenzo pero esta vez nos recomendaron la que sale de Doade (provincia de Lugo) que est\u00e1 a solo 20 minutos de Cristosende, lugar donde nos alojamos.<\/p>\n<p style=\"text-align: center\"><img decoding=\"async\" class=\"aligncenter size-medium\" src=\"https:\/\/galiciamaxica.eu\/mini\/wp-content\/uploads\/2019\/10\/img_5d9b1d20368ae.jpg\" alt=\"\" width=\"1027\" height=\"770\" \/><\/p>\n<p style=\"text-align: center\">La verdad que no decepcion\u00f3, este tramo es m\u00e1s espectacular que el de San Estevo, hay m\u00e1s variedad de paisaje, lo explican genial y durante el viaje nos pondr\u00e1n a prueba a todos, buscando obispos, indios, monjes&#8230;muy entretenido. Decir que la tripulaci\u00f3n del barco y la gu\u00eda geniales en \u00a0todo momento. Esta ruta cuesta 9\u20ac adultos, ni\u00f1os de 4 a 12 a\u00f1os 5\u20ac y menores de 4 gratis.<\/p>\n<p style=\"text-align: center\"><img decoding=\"async\" class=\"aligncenter size-medium\" src=\"https:\/\/galiciamaxica.eu\/mini\/wp-content\/uploads\/2019\/10\/img_5d9b1d274b0c6.jpg\" alt=\"\" width=\"1027\" height=\"770\" \/><\/p>\n<p style=\"text-align: center\">Un consejo, si vais llevad ropa de abrigo para poder hacer la ruta en los asientos de fuera.<\/p>\n<p style=\"text-align: center\">Al bajar del barco paramos a comer muy cerca para reponer fuerzas justo al lado de otro mirador, el de matac\u00e1s, este no lo conoc\u00edamos. Es el comienzo de un sendero que lleva a las penas de matac\u00e1s, as\u00ed que a recorrer el peque\u00f1o camino que nos dar\u00e1 otra visi\u00f3n del r\u00edo.<\/p>\n<p style=\"text-align: center\"><img loading=\"lazy\" decoding=\"async\" class=\"aligncenter size-medium\" src=\"https:\/\/galiciamaxica.eu\/mini\/wp-content\/uploads\/2019\/10\/img_5d9b1d2edfd14.jpg\" alt=\"\" width=\"640\" height=\"480\" \/><\/p>\n<p style=\"text-align: center\">Pero a\u00fan quedaba lo mejor; a 5 minutos de este mirador se encuentra la peque\u00f1a ruta de las fervenzas do Cach\u00f3n.<\/p>\n<p style=\"text-align: center\">Cuando empezamos la ruta no sab\u00edamos que ser\u00eda tan especial para los ni\u00f1os. Nada m\u00e1s comenzar nos encontramos una ranas a la orilla del camino, lejos del agua que centraron la atenci\u00f3n de los ni\u00f1os ya que vimos unas 5 o 6.<\/p>\n<p style=\"text-align: center\"><img loading=\"lazy\" decoding=\"async\" class=\"aligncenter \" src=\"https:\/\/galiciamaxica.eu\/mini\/wp-content\/uploads\/2019\/10\/img_5d9b1d2fc1045.jpg\" alt=\"\" width=\"487\" height=\"365\" \/><\/p>\n<p style=\"text-align: center\">Nuestra peque encontr\u00f3 una cueva en el camino y como llevaba \u00absu mochila de Andar\u00bb (ya os contar\u00e9 que es esto) sac\u00f3 su linterna y se puso a explorar dentro de la peque\u00f1a madriguera y&#8230; si, su habitante sali\u00f3 a saludar!! Un peque\u00f1o conejo que hizo m\u00e1s bonito el camino.<\/p>\n<p style=\"text-align: center\"><img loading=\"lazy\" decoding=\"async\" class=\"aligncenter size-medium\" src=\"https:\/\/galiciamaxica.eu\/mini\/wp-content\/uploads\/2019\/10\/img_5d9b1d356ee8d.jpg\" alt=\"\" width=\"1027\" height=\"770\" \/><\/p>\n<p style=\"text-align: center\">Pero no fue todo, siguiendo el camino los ojos de nuestra hija nos fueron ense\u00f1ando que las peque\u00f1as pozas en las rocas, eran las ba\u00f1eras de duendes;<\/p>\n<p style=\"text-align: center\"><img loading=\"lazy\" decoding=\"async\" class=\"aligncenter \" src=\"https:\/\/galiciamaxica.eu\/mini\/wp-content\/uploads\/2019\/10\/img_5d9b1d45252ff.jpg\" alt=\"\" width=\"535\" height=\"401\" \/><\/p>\n<p style=\"text-align: center\">unos duendes que viv\u00edan en un tronco hueco que encontr\u00f3 en la \u00faltima cascada y donde se sent\u00f3 a esperar que salieran ya que se hab\u00edan escondido en las cuevas de la cascada para que los humanos no los molestasen.<\/p>\n<p style=\"text-align: center\"><img loading=\"lazy\" decoding=\"async\" class=\"aligncenter size-medium\" src=\"https:\/\/galiciamaxica.eu\/mini\/wp-content\/uploads\/2019\/10\/img_5d9b1d4f9ddb8.jpg\" alt=\"\" width=\"578\" height=\"770\" \/><\/p>\n<p style=\"text-align: center\">Y as\u00ed fue como este bosque que parec\u00eda una peque\u00f1a ruta sin m\u00e1s, se transform\u00f3 en el m\u00e1s bonito bosque encantado.<\/p>\n<p style=\"text-align: center\"><img loading=\"lazy\" decoding=\"async\" class=\"aligncenter size-medium\" src=\"https:\/\/galiciamaxica.eu\/mini\/wp-content\/uploads\/2019\/10\/img_5d9b1d5cc77c5.jpg\" alt=\"\" width=\"1027\" height=\"770\" \/><\/p>\n<p style=\"text-align: center\"><em><strong>\u00abLa familia os desea que disfrut\u00e9is de la magia de Galicia. \u00a1\u00a1ah!! cuidado que engancha\u201d<\/strong><\/em><\/p>\n<p style=\"text-align: center\"><img loading=\"lazy\" decoding=\"async\" class=\"aligncenter size-medium\" src=\"https:\/\/galiciamaxica.eu\/mini\/wp-content\/uploads\/2019\/10\/img_5d9b1d668a871.jpg\" alt=\"\" width=\"721\" height=\"721\" \/><\/p>\n","protected":false},"excerpt":{"rendered":"<p>Esta vez nos gustar\u00eda seguir contando nuestro fin de semana en la Ribeira sacra. Si el primer d\u00eda las pasarelas del r\u00edo Mao nos dejaron con la boca abierta, el d\u00eda que nos esperaba no ser\u00eda para menos. Por la ma\u00f1ana decidimos hacer con los peques el recorrido en barco por el ca\u00f1\u00f3n. Yo siempre [&hellip;]<\/p>\n","protected":false},"author":25,"featured_media":5276,"comment_status":"open","ping_status":"open","sticky":false,"template":"","format":"standard","meta":{"_eb_attr":"","site-sidebar-layout":"default","site-content-layout":"","ast-site-content-layout":"","site-content-style":"default","site-sidebar-style":"default","ast-global-header-display":"","ast-banner-title-visibility":"","ast-main-header-display":"","ast-hfb-above-header-display":"","ast-hfb-below-header-display":"","ast-hfb-mobile-header-display":"","site-post-title":"","ast-breadcrumbs-content":"","ast-featured-img":"","footer-sml-layout":"","theme-transparent-header-meta":"","adv-header-id-meta":"","stick-header-meta":"","header-above-stick-meta":"","header-main-stick-meta":"","header-below-stick-meta":"","astra-migrate-meta-layouts":"default","ast-page-background-enabled":"default","ast-page-background-meta":{"desktop":{"background-color":"","background-image":"","background-repeat":"repeat","background-position":"center center","background-size":"auto","background-attachment":"scroll","background-type":"","background-media":"","overlay-type":"","overlay-color":"","overlay-opacity":"","overlay-gradient":""},"tablet":{"background-color":"","background-image":"","background-repeat":"repeat","background-position":"center center","background-size":"auto","background-attachment":"scroll","background-type":"","background-media":"","overlay-type":"","overlay-color":"","overlay-opacity":"","overlay-gradient":""},"mobile":{"background-color":"","background-image":"","background-repeat":"repeat","background-position":"center center","background-size":"auto","background-attachment":"scroll","background-type":"","background-media":"","overlay-type":"","overlay-color":"","overlay-opacity":"","overlay-gradient":""}},"ast-content-background-meta":{"desktop":{"background-color":"var(--ast-global-color-5)","background-image":"","background-repeat":"repeat","background-position":"center center","background-size":"auto","background-attachment":"scroll","background-type":"","background-media":"","overlay-type":"","overlay-color":"","overlay-opacity":"","overlay-gradient":""},"tablet":{"background-color":"var(--ast-global-color-5)","background-image":"","background-repeat":"repeat","background-position":"center center","background-size":"auto","background-attachment":"scroll","background-type":"","background-media":"","overlay-type":"","overlay-color":"","overlay-opacity":"","overlay-gradient":""},"mobile":{"background-color":"var(--ast-global-color-5)","background-image":"","background-repeat":"repeat","background-position":"center center","background-size":"auto","background-attachment":"scroll","background-type":"","background-media":"","overlay-type":"","overlay-color":"","overlay-opacity":"","overlay-gradient":""}},"footnotes":""},"categories":[760,425],"tags":[733,45,734],"class_list":["post-5256","post","type-post","status-publish","format-standard","has-post-thumbnail","hentry","category-ali","category-viajes-compartidos","tag-cachon","tag-fervenza","tag-ribeira-sacra"],"yoast_head":"<!-- This site is optimized with the Yoast SEO plugin v24.9 - https:\/\/yoast.com\/wordpress\/plugins\/seo\/ -->\n<title>CA\u00d1ON DEL SIL Y FERVENZAS CACH\u00d3N - Galicia con ni\u00f1os | GALICIA M\u00c1XICA<\/title>\n<meta name=\"robots\" content=\"index, follow, max-snippet:-1, max-image-preview:large, max-video-preview:-1\" \/>\n<link rel=\"canonical\" href=\"https:\/\/www.galiciamaxica.eu\/mini\/canon-del-sil-fervenzas-cachon\/\" \/>\n<meta property=\"og:locale\" content=\"es_ES\" \/>\n<meta property=\"og:type\" content=\"article\" \/>\n<meta property=\"og:title\" content=\"CA\u00d1ON DEL SIL Y FERVENZAS CACH\u00d3N - Galicia con ni\u00f1os | GALICIA M\u00c1XICA\" \/>\n<meta property=\"og:description\" content=\"Esta vez nos gustar\u00eda seguir contando nuestro fin de semana en la Ribeira sacra. Si el primer d\u00eda las pasarelas del r\u00edo Mao nos dejaron con la boca abierta, el d\u00eda que nos esperaba no ser\u00eda para menos. Por la ma\u00f1ana decidimos hacer con los peques el recorrido en barco por el ca\u00f1\u00f3n. Yo siempre [&hellip;]\" \/>\n<meta property=\"og:url\" content=\"https:\/\/www.galiciamaxica.eu\/mini\/canon-del-sil-fervenzas-cachon\/\" \/>\n<meta property=\"og:site_name\" content=\"Galicia con ni\u00f1os | GALICIA M\u00c1XICA\" \/>\n<meta property=\"article:publisher\" content=\"https:\/\/www.facebook.com\/maria.rodriguezserantes\" \/>\n<meta property=\"article:published_time\" content=\"2016-09-30T08:06:31+00:00\" \/>\n<meta property=\"article:modified_time\" content=\"2019-10-07T11:10:18+00:00\" \/>\n<meta property=\"og:image\" content=\"https:\/\/www.galiciamaxica.eu\/mini\/wp-content\/uploads\/2016\/09\/100_9382-4.jpg\" \/>\n\t<meta property=\"og:image:width\" content=\"768\" \/>\n\t<meta property=\"og:image:height\" content=\"768\" \/>\n\t<meta property=\"og:image:type\" content=\"image\/jpeg\" \/>\n<meta name=\"author\" content=\"Alicia Rom\u00e1n Rodr\u00edguez\" \/>\n<meta name=\"twitter:card\" content=\"summary_large_image\" \/>\n<meta name=\"twitter:creator\" content=\"@seseixa\" \/>\n<meta name=\"twitter:site\" content=\"@seseixa\" \/>\n<meta name=\"twitter:label1\" content=\"Escrito por\" \/>\n\t<meta name=\"twitter:data1\" content=\"Alicia Rom\u00e1n Rodr\u00edguez\" \/>\n\t<meta name=\"twitter:label2\" content=\"Tiempo de lectura\" \/>\n\t<meta name=\"twitter:data2\" content=\"2 minutos\" \/>\n<script type=\"application\/ld+json\" class=\"yoast-schema-graph\">{\"@context\":\"https:\/\/schema.org\",\"@graph\":[{\"@type\":\"Article\",\"@id\":\"https:\/\/www.galiciamaxica.eu\/mini\/canon-del-sil-fervenzas-cachon\/#article\",\"isPartOf\":{\"@id\":\"https:\/\/www.galiciamaxica.eu\/mini\/canon-del-sil-fervenzas-cachon\/\"},\"author\":{\"name\":\"Alicia Rom\u00e1n Rodr\u00edguez\",\"@id\":\"https:\/\/www.galiciamaxica.eu\/mini\/#\/schema\/person\/e54d71d2fc88e7701be2151843783d7a\"},\"headline\":\"CA\u00d1ON DEL SIL Y FERVENZAS CACH\u00d3N\",\"datePublished\":\"2016-09-30T08:06:31+00:00\",\"dateModified\":\"2019-10-07T11:10:18+00:00\",\"mainEntityOfPage\":{\"@id\":\"https:\/\/www.galiciamaxica.eu\/mini\/canon-del-sil-fervenzas-cachon\/\"},\"wordCount\":484,\"commentCount\":0,\"publisher\":{\"@id\":\"https:\/\/www.galiciamaxica.eu\/mini\/#\/schema\/person\/2b284fe2fd911000a48d2e8936300179\"},\"image\":{\"@id\":\"https:\/\/www.galiciamaxica.eu\/mini\/canon-del-sil-fervenzas-cachon\/#primaryimage\"},\"thumbnailUrl\":\"https:\/\/www.galiciamaxica.eu\/mini\/wp-content\/uploads\/2016\/09\/100_9382-4.jpg\",\"keywords\":[\"Cach\u00f3n\",\"fervenza\",\"Ribeira Sacra\"],\"articleSection\":[\"ALI\",\"VIAJES COMPARTIDOS\"],\"inLanguage\":\"es\",\"potentialAction\":[{\"@type\":\"CommentAction\",\"name\":\"Comment\",\"target\":[\"https:\/\/www.galiciamaxica.eu\/mini\/canon-del-sil-fervenzas-cachon\/#respond\"]}]},{\"@type\":\"WebPage\",\"@id\":\"https:\/\/www.galiciamaxica.eu\/mini\/canon-del-sil-fervenzas-cachon\/\",\"url\":\"https:\/\/www.galiciamaxica.eu\/mini\/canon-del-sil-fervenzas-cachon\/\",\"name\":\"CA\u00d1ON DEL SIL Y FERVENZAS CACH\u00d3N - Galicia con ni\u00f1os | GALICIA M\u00c1XICA\",\"isPartOf\":{\"@id\":\"https:\/\/www.galiciamaxica.eu\/mini\/#website\"},\"primaryImageOfPage\":{\"@id\":\"https:\/\/www.galiciamaxica.eu\/mini\/canon-del-sil-fervenzas-cachon\/#primaryimage\"},\"image\":{\"@id\":\"https:\/\/www.galiciamaxica.eu\/mini\/canon-del-sil-fervenzas-cachon\/#primaryimage\"},\"thumbnailUrl\":\"https:\/\/www.galiciamaxica.eu\/mini\/wp-content\/uploads\/2016\/09\/100_9382-4.jpg\",\"datePublished\":\"2016-09-30T08:06:31+00:00\",\"dateModified\":\"2019-10-07T11:10:18+00:00\",\"breadcrumb\":{\"@id\":\"https:\/\/www.galiciamaxica.eu\/mini\/canon-del-sil-fervenzas-cachon\/#breadcrumb\"},\"inLanguage\":\"es\",\"potentialAction\":[{\"@type\":\"ReadAction\",\"target\":[\"https:\/\/www.galiciamaxica.eu\/mini\/canon-del-sil-fervenzas-cachon\/\"]}]},{\"@type\":\"ImageObject\",\"inLanguage\":\"es\",\"@id\":\"https:\/\/www.galiciamaxica.eu\/mini\/canon-del-sil-fervenzas-cachon\/#primaryimage\",\"url\":\"https:\/\/www.galiciamaxica.eu\/mini\/wp-content\/uploads\/2016\/09\/100_9382-4.jpg\",\"contentUrl\":\"https:\/\/www.galiciamaxica.eu\/mini\/wp-content\/uploads\/2016\/09\/100_9382-4.jpg\",\"width\":768,\"height\":768,\"caption\":\"100_9382-4\"},{\"@type\":\"BreadcrumbList\",\"@id\":\"https:\/\/www.galiciamaxica.eu\/mini\/canon-del-sil-fervenzas-cachon\/#breadcrumb\",\"itemListElement\":[{\"@type\":\"ListItem\",\"position\":1,\"name\":\"Portada\",\"item\":\"https:\/\/www.galiciamaxica.eu\/mini\/\"},{\"@type\":\"ListItem\",\"position\":2,\"name\":\"CA\u00d1ON DEL SIL Y FERVENZAS CACH\u00d3N\"}]},{\"@type\":\"WebSite\",\"@id\":\"https:\/\/www.galiciamaxica.eu\/mini\/#website\",\"url\":\"https:\/\/www.galiciamaxica.eu\/mini\/\",\"name\":\"Galicia con ni\u00f1os | GALICIA M\u00c1XICA\",\"description\":\"Qu\u00e9 hacer con ni\u00f1os en Galicia\",\"publisher\":{\"@id\":\"https:\/\/www.galiciamaxica.eu\/mini\/#\/schema\/person\/2b284fe2fd911000a48d2e8936300179\"},\"potentialAction\":[{\"@type\":\"SearchAction\",\"target\":{\"@type\":\"EntryPoint\",\"urlTemplate\":\"https:\/\/www.galiciamaxica.eu\/mini\/?s={search_term_string}\"},\"query-input\":{\"@type\":\"PropertyValueSpecification\",\"valueRequired\":true,\"valueName\":\"search_term_string\"}}],\"inLanguage\":\"es\"},{\"@type\":[\"Person\",\"Organization\"],\"@id\":\"https:\/\/www.galiciamaxica.eu\/mini\/#\/schema\/person\/2b284fe2fd911000a48d2e8936300179\",\"name\":\"seseixa\",\"image\":{\"@type\":\"ImageObject\",\"inLanguage\":\"es\",\"@id\":\"https:\/\/www.galiciamaxica.eu\/mini\/#\/schema\/person\/image\/\",\"url\":\"https:\/\/www.galiciamaxica.eu\/mini\/wp-content\/uploads\/2019\/02\/seseixa.png\",\"contentUrl\":\"https:\/\/www.galiciamaxica.eu\/mini\/wp-content\/uploads\/2019\/02\/seseixa.png\",\"width\":100,\"height\":100,\"caption\":\"seseixa\"},\"logo\":{\"@id\":\"https:\/\/www.galiciamaxica.eu\/mini\/#\/schema\/person\/image\/\"},\"description\":\"En la actualidad combinando dos proyectos que me apasionan, Galicia y los ni\u00f1os. Tengo mucho que aportar y otro tanto que aprender, as\u00ed como, el tiempo y el coraz\u00f3n, dividido en todo momento. Soy mam\u00e1, un titulo otorgado a tiempo completo, compa\u00f1era y amiga, a todas horas, familiar y cercana, siempre. De esp\u00edritu inquieto, soy una eterna ni\u00f1a que juega en el pa\u00eds de las maravillas. Una enamorada de mi tierra, por la que trabajo sin descanso. Creo en la infancia como motor que cambiar\u00e1 el mundo a mejor y busco en mi vida la felicidad como estado permanente porque s\u00f3lo se vive una vez.\",\"sameAs\":[\"http:\/\/mini.galiciamaxica.eu\/\",\"https:\/\/www.facebook.com\/maria.rodriguezserantes\",\"https:\/\/x.com\/seseixa\"]},{\"@type\":\"Person\",\"@id\":\"https:\/\/www.galiciamaxica.eu\/mini\/#\/schema\/person\/e54d71d2fc88e7701be2151843783d7a\",\"name\":\"Alicia Rom\u00e1n Rodr\u00edguez\",\"image\":{\"@type\":\"ImageObject\",\"inLanguage\":\"es\",\"@id\":\"https:\/\/www.galiciamaxica.eu\/mini\/#\/schema\/person\/image\/\",\"url\":\"https:\/\/www.galiciamaxica.eu\/mini\/wp-content\/litespeed\/avatar\/f2a968feca4287b6ff4b5545aa8b25dc.jpg?ver=1788161405\",\"contentUrl\":\"https:\/\/www.galiciamaxica.eu\/mini\/wp-content\/litespeed\/avatar\/f2a968feca4287b6ff4b5545aa8b25dc.jpg?ver=1788161405\",\"caption\":\"Alicia Rom\u00e1n Rodr\u00edguez\"},\"url\":\"https:\/\/www.galiciamaxica.eu\/mini\/author\/ali\/\"}]}<\/script>\n<!-- \/ Yoast SEO plugin. -->","yoast_head_json":{"title":"CA\u00d1ON DEL SIL Y FERVENZAS CACH\u00d3N - Galicia con ni\u00f1os | GALICIA M\u00c1XICA","robots":{"index":"index","follow":"follow","max-snippet":"max-snippet:-1","max-image-preview":"max-image-preview:large","max-video-preview":"max-video-preview:-1"},"canonical":"https:\/\/www.galiciamaxica.eu\/mini\/canon-del-sil-fervenzas-cachon\/","og_locale":"es_ES","og_type":"article","og_title":"CA\u00d1ON DEL SIL Y FERVENZAS CACH\u00d3N - Galicia con ni\u00f1os | GALICIA M\u00c1XICA","og_description":"Esta vez nos gustar\u00eda seguir contando nuestro fin de semana en la Ribeira sacra. Si el primer d\u00eda las pasarelas del r\u00edo Mao nos dejaron con la boca abierta, el d\u00eda que nos esperaba no ser\u00eda para menos. Por la ma\u00f1ana decidimos hacer con los peques el recorrido en barco por el ca\u00f1\u00f3n. Yo siempre [&hellip;]","og_url":"https:\/\/www.galiciamaxica.eu\/mini\/canon-del-sil-fervenzas-cachon\/","og_site_name":"Galicia con ni\u00f1os | GALICIA M\u00c1XICA","article_publisher":"https:\/\/www.facebook.com\/maria.rodriguezserantes","article_published_time":"2016-09-30T08:06:31+00:00","article_modified_time":"2019-10-07T11:10:18+00:00","og_image":[{"width":768,"height":768,"url":"https:\/\/www.galiciamaxica.eu\/mini\/wp-content\/uploads\/2016\/09\/100_9382-4.jpg","type":"image\/jpeg"}],"author":"Alicia Rom\u00e1n Rodr\u00edguez","twitter_card":"summary_large_image","twitter_creator":"@seseixa","twitter_site":"@seseixa","twitter_misc":{"Escrito por":"Alicia Rom\u00e1n Rodr\u00edguez","Tiempo de lectura":"2 minutos"},"schema":{"@context":"https:\/\/schema.org","@graph":[{"@type":"Article","@id":"https:\/\/www.galiciamaxica.eu\/mini\/canon-del-sil-fervenzas-cachon\/#article","isPartOf":{"@id":"https:\/\/www.galiciamaxica.eu\/mini\/canon-del-sil-fervenzas-cachon\/"},"author":{"name":"Alicia Rom\u00e1n Rodr\u00edguez","@id":"https:\/\/www.galiciamaxica.eu\/mini\/#\/schema\/person\/e54d71d2fc88e7701be2151843783d7a"},"headline":"CA\u00d1ON DEL SIL Y FERVENZAS CACH\u00d3N","datePublished":"2016-09-30T08:06:31+00:00","dateModified":"2019-10-07T11:10:18+00:00","mainEntityOfPage":{"@id":"https:\/\/www.galiciamaxica.eu\/mini\/canon-del-sil-fervenzas-cachon\/"},"wordCount":484,"commentCount":0,"publisher":{"@id":"https:\/\/www.galiciamaxica.eu\/mini\/#\/schema\/person\/2b284fe2fd911000a48d2e8936300179"},"image":{"@id":"https:\/\/www.galiciamaxica.eu\/mini\/canon-del-sil-fervenzas-cachon\/#primaryimage"},"thumbnailUrl":"https:\/\/www.galiciamaxica.eu\/mini\/wp-content\/uploads\/2016\/09\/100_9382-4.jpg","keywords":["Cach\u00f3n","fervenza","Ribeira Sacra"],"articleSection":["ALI","VIAJES COMPARTIDOS"],"inLanguage":"es","potentialAction":[{"@type":"CommentAction","name":"Comment","target":["https:\/\/www.galiciamaxica.eu\/mini\/canon-del-sil-fervenzas-cachon\/#respond"]}]},{"@type":"WebPage","@id":"https:\/\/www.galiciamaxica.eu\/mini\/canon-del-sil-fervenzas-cachon\/","url":"https:\/\/www.galiciamaxica.eu\/mini\/canon-del-sil-fervenzas-cachon\/","name":"CA\u00d1ON DEL SIL Y FERVENZAS CACH\u00d3N - Galicia con ni\u00f1os | GALICIA M\u00c1XICA","isPartOf":{"@id":"https:\/\/www.galiciamaxica.eu\/mini\/#website"},"primaryImageOfPage":{"@id":"https:\/\/www.galiciamaxica.eu\/mini\/canon-del-sil-fervenzas-cachon\/#primaryimage"},"image":{"@id":"https:\/\/www.galiciamaxica.eu\/mini\/canon-del-sil-fervenzas-cachon\/#primaryimage"},"thumbnailUrl":"https:\/\/www.galiciamaxica.eu\/mini\/wp-content\/uploads\/2016\/09\/100_9382-4.jpg","datePublished":"2016-09-30T08:06:31+00:00","dateModified":"2019-10-07T11:10:18+00:00","breadcrumb":{"@id":"https:\/\/www.galiciamaxica.eu\/mini\/canon-del-sil-fervenzas-cachon\/#breadcrumb"},"inLanguage":"es","potentialAction":[{"@type":"ReadAction","target":["https:\/\/www.galiciamaxica.eu\/mini\/canon-del-sil-fervenzas-cachon\/"]}]},{"@type":"ImageObject","inLanguage":"es","@id":"https:\/\/www.galiciamaxica.eu\/mini\/canon-del-sil-fervenzas-cachon\/#primaryimage","url":"https:\/\/www.galiciamaxica.eu\/mini\/wp-content\/uploads\/2016\/09\/100_9382-4.jpg","contentUrl":"https:\/\/www.galiciamaxica.eu\/mini\/wp-content\/uploads\/2016\/09\/100_9382-4.jpg","width":768,"height":768,"caption":"100_9382-4"},{"@type":"BreadcrumbList","@id":"https:\/\/www.galiciamaxica.eu\/mini\/canon-del-sil-fervenzas-cachon\/#breadcrumb","itemListElement":[{"@type":"ListItem","position":1,"name":"Portada","item":"https:\/\/www.galiciamaxica.eu\/mini\/"},{"@type":"ListItem","position":2,"name":"CA\u00d1ON DEL SIL Y FERVENZAS CACH\u00d3N"}]},{"@type":"WebSite","@id":"https:\/\/www.galiciamaxica.eu\/mini\/#website","url":"https:\/\/www.galiciamaxica.eu\/mini\/","name":"Galicia con ni\u00f1os | GALICIA M\u00c1XICA","description":"Qu\u00e9 hacer con ni\u00f1os en Galicia","publisher":{"@id":"https:\/\/www.galiciamaxica.eu\/mini\/#\/schema\/person\/2b284fe2fd911000a48d2e8936300179"},"potentialAction":[{"@type":"SearchAction","target":{"@type":"EntryPoint","urlTemplate":"https:\/\/www.galiciamaxica.eu\/mini\/?s={search_term_string}"},"query-input":{"@type":"PropertyValueSpecification","valueRequired":true,"valueName":"search_term_string"}}],"inLanguage":"es"},{"@type":["Person","Organization"],"@id":"https:\/\/www.galiciamaxica.eu\/mini\/#\/schema\/person\/2b284fe2fd911000a48d2e8936300179","name":"seseixa","image":{"@type":"ImageObject","inLanguage":"es","@id":"https:\/\/www.galiciamaxica.eu\/mini\/#\/schema\/person\/image\/","url":"https:\/\/www.galiciamaxica.eu\/mini\/wp-content\/uploads\/2019\/02\/seseixa.png","contentUrl":"https:\/\/www.galiciamaxica.eu\/mini\/wp-content\/uploads\/2019\/02\/seseixa.png","width":100,"height":100,"caption":"seseixa"},"logo":{"@id":"https:\/\/www.galiciamaxica.eu\/mini\/#\/schema\/person\/image\/"},"description":"En la actualidad combinando dos proyectos que me apasionan, Galicia y los ni\u00f1os. Tengo mucho que aportar y otro tanto que aprender, as\u00ed como, el tiempo y el coraz\u00f3n, dividido en todo momento. Soy mam\u00e1, un titulo otorgado a tiempo completo, compa\u00f1era y amiga, a todas horas, familiar y cercana, siempre. De esp\u00edritu inquieto, soy una eterna ni\u00f1a que juega en el pa\u00eds de las maravillas. Una enamorada de mi tierra, por la que trabajo sin descanso. Creo en la infancia como motor que cambiar\u00e1 el mundo a mejor y busco en mi vida la felicidad como estado permanente porque s\u00f3lo se vive una vez.","sameAs":["http:\/\/mini.galiciamaxica.eu\/","https:\/\/www.facebook.com\/maria.rodriguezserantes","https:\/\/x.com\/seseixa"]},{"@type":"Person","@id":"https:\/\/www.galiciamaxica.eu\/mini\/#\/schema\/person\/e54d71d2fc88e7701be2151843783d7a","name":"Alicia Rom\u00e1n Rodr\u00edguez","image":{"@type":"ImageObject","inLanguage":"es","@id":"https:\/\/www.galiciamaxica.eu\/mini\/#\/schema\/person\/image\/","url":"https:\/\/www.galiciamaxica.eu\/mini\/wp-content\/litespeed\/avatar\/f2a968feca4287b6ff4b5545aa8b25dc.jpg?ver=1788161405","contentUrl":"https:\/\/www.galiciamaxica.eu\/mini\/wp-content\/litespeed\/avatar\/f2a968feca4287b6ff4b5545aa8b25dc.jpg?ver=1788161405","caption":"Alicia Rom\u00e1n Rodr\u00edguez"},"url":"https:\/\/www.galiciamaxica.eu\/mini\/author\/ali\/"}]}},"amp_enabled":true,"post_mailing_queue_ids":[],"_links":{"self":[{"href":"https:\/\/www.galiciamaxica.eu\/mini\/wp-json\/wp\/v2\/posts\/5256"}],"collection":[{"href":"https:\/\/www.galiciamaxica.eu\/mini\/wp-json\/wp\/v2\/posts"}],"about":[{"href":"https:\/\/www.galiciamaxica.eu\/mini\/wp-json\/wp\/v2\/types\/post"}],"author":[{"embeddable":true,"href":"https:\/\/www.galiciamaxica.eu\/mini\/wp-json\/wp\/v2\/users\/25"}],"replies":[{"embeddable":true,"href":"https:\/\/www.galiciamaxica.eu\/mini\/wp-json\/wp\/v2\/comments?post=5256"}],"version-history":[{"count":0,"href":"https:\/\/www.galiciamaxica.eu\/mini\/wp-json\/wp\/v2\/posts\/5256\/revisions"}],"wp:featuredmedia":[{"embeddable":true,"href":"https:\/\/www.galiciamaxica.eu\/mini\/wp-json\/wp\/v2\/media\/5276"}],"wp:attachment":[{"href":"https:\/\/www.galiciamaxica.eu\/mini\/wp-json\/wp\/v2\/media?parent=5256"}],"wp:term":[{"taxonomy":"category","embeddable":true,"href":"https:\/\/www.galiciamaxica.eu\/mini\/wp-json\/wp\/v2\/categories?post=5256"},{"taxonomy":"post_tag","embeddable":true,"href":"https:\/\/www.galiciamaxica.eu\/mini\/wp-json\/wp\/v2\/tags?post=5256"}],"curies":[{"name":"wp","href":"https:\/\/api.w.org\/{rel}","templated":true}]}}