{"id":5243,"date":"2016-09-27T11:15:29","date_gmt":"2016-09-27T11:15:29","guid":{"rendered":"http:\/\/www.galiciamaxica.eu\/mini\/?p=5243"},"modified":"2019-10-07T13:15:50","modified_gmt":"2019-10-07T11:15:50","slug":"descubriendo-neda","status":"publish","type":"post","link":"https:\/\/www.galiciamaxica.eu\/mini\/descubriendo-neda\/","title":{"rendered":"Descubriendo NEDA"},"content":{"rendered":"<p>Hoxe imos ir a Neda un concello que \u00e9 moi interesante para os nenos, aqu\u00ed temos un paseo ben largo, plani\u00f1o e bonito polas marismas. Podedes facelo por etapas e empezalo dende onde queirades, ser\u00e1 por opci\u00f3ns!, os contar\u00e9i como foi a nosa viaxe.<\/p>\n<p><em>Qu\u00e9 hai m\u00e1is bonito que tomar forzas nun barco pirata antes de empezar a aventura, dise\u00f1ado por Agatha Ruiz da Prada este columpio ten moitas opci\u00f3n de xogo, adem\u00e1is o parque Subarreiros conta con zoa verde, campo de f\u00fatbol e canasta. Tomaremos a Piscina municipal do lado como referencia porque iremos a un ponte moi preti\u00f1o para cruzar e acercarnos a un observatorio na r\u00eda, e volta a caminar polo paseo tedes moitos parques na ruta. M\u00e1is ou menos a nosa ruta \u00e9 de tres kil\u00f3metros veredes nas fotos por onde fumos. Deixovos tam\u00e9n localizado no mapa un parque con tirolinas para os que lles encantan e para repo\u00f1erer risas e cargar diversi\u00f3n e dende aqu\u00ed iremos a un mirador preti\u00f1o dende onde ver dende as alturas todo o que fixemos. E c\u00f3mo non? como guinda a un d\u00eda espectacular, visitaremos a famosa <a href=\"http:\/\/www.galiciamaxica.eu\/a-coruna\/fervenzabelelle\/\"><strong>fervenza de Belelle<\/strong><\/a> e s\u00ed mollaremos os pes!! <\/em><\/p>\n<p style=\"text-align: center;\"><em>Nos terminamos o d\u00eda vendo como xoga a luz do sol, desped\u00edndose nas marismas.<\/em><\/p>\n<p style=\"text-align: center;\"><strong>G\u00fastavos?\u00a0Comenzamos a facer planes?<\/strong><\/p>\n<p style=\"text-align: center;\">AH!! \u00a0antes de que se me olvide como seredes piratas en Neda te\u00f1o que avisarvos de algo moi importante,<\/p>\n<p style=\"text-align: center;\">anda un cocodrilo solto polo r\u00edo Belelle, a ver se o atopades tam\u00e9n vos e lle sacades unha foto coma esta<\/p>\n<p style=\"text-align: center;\"><img fetchpriority=\"high\" decoding=\"async\" class=\"aligncenter size-medium\" src=\"https:\/\/galiciamaxica.eu\/mini\/wp-content\/uploads\/2019\/10\/img_5d9b1e6725a2f.jpg\" alt=\"\" width=\"960\" height=\"720\" \/><\/p>\n<p style=\"text-align: center;\">Deixareivos un mapa cos sitios m\u00e1is significativos da nosa viaxe en familia para planear todos xuntos a viaxe, e recorda\u00a0Neda e M\u00e1xica descubrea en boa compa\u00f1\u00eda.<\/p>\n<p style=\"text-align: center;\"><iframe src=\"https:\/\/www.google.com\/maps\/d\/embed?mid=1SShzSof1yb29nXqhKQYWcbpAcys\" width=\"640\" height=\"480\"><\/iframe><\/p>\n<h1 style=\"text-align: center;\">PARQUE PIRATA<\/h1>\n<p><img decoding=\"async\" class=\"aligncenter size-medium\" src=\"https:\/\/galiciamaxica.eu\/mini\/wp-content\/uploads\/2019\/10\/img_5d9b1e68230ca.gif\" alt=\"\" width=\"1024\" height=\"614\" \/><\/p>\n<h1 style=\"text-align: center;\"><img decoding=\"async\" class=\"aligncenter \" src=\"https:\/\/galiciamaxica.eu\/mini\/wp-content\/uploads\/2019\/10\/img_5d9b1e6b48fdc.jpg\" alt=\"\" width=\"442\" height=\"265\" \/><\/h1>\n<h1 style=\"text-align: center;\">PASEO POLA R\u00cdA DE FERROL<\/h1>\n<p><img loading=\"lazy\" decoding=\"async\" class=\"aligncenter size-medium\" src=\"https:\/\/galiciamaxica.eu\/mini\/wp-content\/uploads\/2019\/10\/img_5d9b1e6cd56e9.jpg\" alt=\"\" width=\"770\" height=\"770\" \/><\/p>\n<p><img loading=\"lazy\" decoding=\"async\" class=\"aligncenter size-medium\" src=\"https:\/\/galiciamaxica.eu\/mini\/wp-content\/uploads\/2019\/10\/img_5d9b1e6deb1b2.jpg\" alt=\"\" width=\"1283\" height=\"770\" \/><\/p>\n<h1 style=\"text-align: center;\">MIRADOR DE ANCOS<\/h1>\n<h1 style=\"text-align: center;\"><img loading=\"lazy\" decoding=\"async\" class=\"aligncenter size-medium\" src=\"https:\/\/galiciamaxica.eu\/mini\/wp-content\/uploads\/2019\/10\/img_5d9b1e6ef27fe.jpg\" alt=\"\" width=\"440\" height=\"440\" \/><\/h1>\n<h1 style=\"text-align: center;\"><a href=\"http:\/\/www.galiciamaxica.eu\/a-coruna\/fervenzabelelle\/\">FERVENZA DE BELELLE<\/a><\/h1>\n<p><img loading=\"lazy\" decoding=\"async\" class=\"aligncenter size-medium\" src=\"https:\/\/galiciamaxica.eu\/mini\/wp-content\/uploads\/2019\/10\/img_5d9b1e6f8f55f.gif\" alt=\"\" width=\"960\" height=\"576\" \/><\/p>\n<p><img loading=\"lazy\" decoding=\"async\" class=\"aligncenter size-medium\" src=\"https:\/\/galiciamaxica.eu\/mini\/wp-content\/uploads\/2019\/10\/img_5d9b1e727bd31.jpg\" alt=\"\" width=\"546\" height=\"770\" \/><\/p>\n<p><img loading=\"lazy\" decoding=\"async\" class=\"aligncenter size-medium\" src=\"https:\/\/galiciamaxica.eu\/mini\/wp-content\/uploads\/2019\/10\/img_5d9b1e73bf758.jpg\" alt=\"\" width=\"433\" height=\"770\" \/><\/p>\n<p>&nbsp;<\/p>\n<h1 style=\"text-align: center;\">MARISMAS<\/h1>\n<p><img loading=\"lazy\" decoding=\"async\" class=\"aligncenter size-medium\" src=\"https:\/\/galiciamaxica.eu\/mini\/wp-content\/uploads\/2019\/10\/img_5d9b1e747e954.gif\" alt=\"\" width=\"1024\" height=\"614\" \/><\/p>\n<p style=\"text-align: center;\">\u00a0<strong>ANT\u00cdA E NOA RECOMENDAN ESTA VIAXE<\/strong><\/p>\n<p style=\"text-align: center;\"><img loading=\"lazy\" decoding=\"async\" class=\"size-medium\" src=\"https:\/\/galiciamaxica.eu\/mini\/wp-content\/uploads\/2019\/10\/img_5d9b1e77bfc01.jpg\" alt=\" \" width=\"766\" height=\"770\" \/><\/p>\n<p style=\"text-align: center;\"><strong>Mar\u00eda Carro e Jose Luis Gonz\u00e1lez Fieira <\/strong><\/p>\n<p style=\"text-align: center;\">Somos os seus pap\u00e1s e os invitamos a descubrir\u00a0moi\u00a0pronto<\/p>\n<p style=\"text-align: center;\">a nosa viaxe en familia na\u00a0Galicia M\u00e1xica<\/p>\n","protected":false},"excerpt":{"rendered":"<p>Hoxe imos ir a Neda un concello que \u00e9 moi interesante para os nenos, aqu\u00ed temos un paseo ben largo, plani\u00f1o e bonito polas marismas. Podedes facelo por etapas e empezalo dende onde queirades, ser\u00e1 por opci\u00f3ns!, os contar\u00e9i como foi a nosa viaxe. Qu\u00e9 hai m\u00e1is bonito que tomar forzas nun barco pirata antes [&hellip;]<\/p>\n","protected":false},"author":1,"featured_media":5244,"comment_status":"open","ping_status":"open","sticky":false,"template":"","format":"standard","meta":{"_eb_attr":"","site-sidebar-layout":"default","site-content-layout":"","ast-site-content-layout":"","site-content-style":"default","site-sidebar-style":"default","ast-global-header-display":"","ast-banner-title-visibility":"","ast-main-header-display":"","ast-hfb-above-header-display":"","ast-hfb-below-header-display":"","ast-hfb-mobile-header-display":"","site-post-title":"","ast-breadcrumbs-content":"","ast-featured-img":"","footer-sml-layout":"","theme-transparent-header-meta":"","adv-header-id-meta":"","stick-header-meta":"","header-above-stick-meta":"","header-main-stick-meta":"","header-below-stick-meta":"","astra-migrate-meta-layouts":"default","ast-page-background-enabled":"default","ast-page-background-meta":{"desktop":{"background-color":"","background-image":"","background-repeat":"repeat","background-position":"center center","background-size":"auto","background-attachment":"scroll","background-type":"","background-media":"","overlay-type":"","overlay-color":"","overlay-opacity":"","overlay-gradient":""},"tablet":{"background-color":"","background-image":"","background-repeat":"repeat","background-position":"center center","background-size":"auto","background-attachment":"scroll","background-type":"","background-media":"","overlay-type":"","overlay-color":"","overlay-opacity":"","overlay-gradient":""},"mobile":{"background-color":"","background-image":"","background-repeat":"repeat","background-position":"center center","background-size":"auto","background-attachment":"scroll","background-type":"","background-media":"","overlay-type":"","overlay-color":"","overlay-opacity":"","overlay-gradient":""}},"ast-content-background-meta":{"desktop":{"background-color":"var(--ast-global-color-5)","background-image":"","background-repeat":"repeat","background-position":"center center","background-size":"auto","background-attachment":"scroll","background-type":"","background-media":"","overlay-type":"","overlay-color":"","overlay-opacity":"","overlay-gradient":""},"tablet":{"background-color":"var(--ast-global-color-5)","background-image":"","background-repeat":"repeat","background-position":"center center","background-size":"auto","background-attachment":"scroll","background-type":"","background-media":"","overlay-type":"","overlay-color":"","overlay-opacity":"","overlay-gradient":""},"mobile":{"background-color":"var(--ast-global-color-5)","background-image":"","background-repeat":"repeat","background-position":"center center","background-size":"auto","background-attachment":"scroll","background-type":"","background-media":"","overlay-type":"","overlay-color":"","overlay-opacity":"","overlay-gradient":""}},"footnotes":""},"categories":[1060,425],"tags":[730,188,117,729,16,179],"class_list":["post-5243","post","type-post","status-publish","format-standard","has-post-thumbnail","hentry","category-antia-noa","category-viajes-compartidos","tag-ancos","tag-marismas","tag-mirador","tag-neda","tag-parque","tag-paseo"],"yoast_head":"<!-- This site is optimized with the Yoast SEO plugin v24.9 - https:\/\/yoast.com\/wordpress\/plugins\/seo\/ -->\n<title>Descubriendo NEDA - Galicia con ni\u00f1os | GALICIA M\u00c1XICA<\/title>\n<meta name=\"robots\" content=\"index, follow, max-snippet:-1, max-image-preview:large, max-video-preview:-1\" \/>\n<link rel=\"canonical\" href=\"https:\/\/www.galiciamaxica.eu\/mini\/descubriendo-neda\/\" \/>\n<meta property=\"og:locale\" content=\"es_ES\" \/>\n<meta property=\"og:type\" content=\"article\" \/>\n<meta property=\"og:title\" content=\"Descubriendo NEDA - Galicia con ni\u00f1os | GALICIA M\u00c1XICA\" \/>\n<meta property=\"og:description\" content=\"Hoxe imos ir a Neda un concello que \u00e9 moi interesante para os nenos, aqu\u00ed temos un paseo ben largo, plani\u00f1o e bonito polas marismas. Podedes facelo por etapas e empezalo dende onde queirades, ser\u00e1 por opci\u00f3ns!, os contar\u00e9i como foi a nosa viaxe. Qu\u00e9 hai m\u00e1is bonito que tomar forzas nun barco pirata antes [&hellip;]\" \/>\n<meta property=\"og:url\" content=\"https:\/\/www.galiciamaxica.eu\/mini\/descubriendo-neda\/\" \/>\n<meta property=\"og:site_name\" content=\"Galicia con ni\u00f1os | GALICIA M\u00c1XICA\" \/>\n<meta property=\"article:publisher\" content=\"https:\/\/www.facebook.com\/maria.rodriguezserantes\" \/>\n<meta property=\"article:author\" content=\"https:\/\/www.facebook.com\/maria.rodriguezserantes\" \/>\n<meta property=\"article:published_time\" content=\"2016-09-27T11:15:29+00:00\" \/>\n<meta property=\"article:modified_time\" content=\"2019-10-07T11:15:50+00:00\" \/>\n<meta property=\"og:image\" content=\"https:\/\/www.galiciamaxica.eu\/mini\/wp-content\/uploads\/2016\/09\/100_9381-9.jpg\" \/>\n\t<meta property=\"og:image:width\" content=\"768\" \/>\n\t<meta property=\"og:image:height\" content=\"768\" \/>\n\t<meta property=\"og:image:type\" content=\"image\/jpeg\" \/>\n<meta name=\"author\" content=\"seseixa\" \/>\n<meta name=\"twitter:card\" content=\"summary_large_image\" \/>\n<meta name=\"twitter:creator\" content=\"@seseixa\" \/>\n<meta name=\"twitter:site\" content=\"@seseixa\" \/>\n<meta name=\"twitter:label1\" content=\"Escrito por\" \/>\n\t<meta name=\"twitter:data1\" content=\"seseixa\" \/>\n\t<meta name=\"twitter:label2\" content=\"Tiempo de lectura\" \/>\n\t<meta name=\"twitter:data2\" content=\"2 minutos\" \/>\n<script type=\"application\/ld+json\" class=\"yoast-schema-graph\">{\"@context\":\"https:\/\/schema.org\",\"@graph\":[{\"@type\":\"Article\",\"@id\":\"https:\/\/www.galiciamaxica.eu\/mini\/descubriendo-neda\/#article\",\"isPartOf\":{\"@id\":\"https:\/\/www.galiciamaxica.eu\/mini\/descubriendo-neda\/\"},\"author\":{\"name\":\"seseixa\",\"@id\":\"https:\/\/www.galiciamaxica.eu\/mini\/#\/schema\/person\/2b284fe2fd911000a48d2e8936300179\"},\"headline\":\"Descubriendo NEDA\",\"datePublished\":\"2016-09-27T11:15:29+00:00\",\"dateModified\":\"2019-10-07T11:15:50+00:00\",\"mainEntityOfPage\":{\"@id\":\"https:\/\/www.galiciamaxica.eu\/mini\/descubriendo-neda\/\"},\"wordCount\":361,\"commentCount\":0,\"publisher\":{\"@id\":\"https:\/\/www.galiciamaxica.eu\/mini\/#\/schema\/person\/2b284fe2fd911000a48d2e8936300179\"},\"image\":{\"@id\":\"https:\/\/www.galiciamaxica.eu\/mini\/descubriendo-neda\/#primaryimage\"},\"thumbnailUrl\":\"https:\/\/www.galiciamaxica.eu\/mini\/wp-content\/uploads\/2016\/09\/100_9381-9.jpg\",\"keywords\":[\"ANCOS\",\"MARISMAS\",\"MIRADOR\",\"NEDA\",\"parque\",\"paseo\"],\"articleSection\":[\"ANTIA NOA\",\"VIAJES COMPARTIDOS\"],\"inLanguage\":\"es\",\"potentialAction\":[{\"@type\":\"CommentAction\",\"name\":\"Comment\",\"target\":[\"https:\/\/www.galiciamaxica.eu\/mini\/descubriendo-neda\/#respond\"]}]},{\"@type\":\"WebPage\",\"@id\":\"https:\/\/www.galiciamaxica.eu\/mini\/descubriendo-neda\/\",\"url\":\"https:\/\/www.galiciamaxica.eu\/mini\/descubriendo-neda\/\",\"name\":\"Descubriendo NEDA - Galicia con ni\u00f1os | GALICIA M\u00c1XICA\",\"isPartOf\":{\"@id\":\"https:\/\/www.galiciamaxica.eu\/mini\/#website\"},\"primaryImageOfPage\":{\"@id\":\"https:\/\/www.galiciamaxica.eu\/mini\/descubriendo-neda\/#primaryimage\"},\"image\":{\"@id\":\"https:\/\/www.galiciamaxica.eu\/mini\/descubriendo-neda\/#primaryimage\"},\"thumbnailUrl\":\"https:\/\/www.galiciamaxica.eu\/mini\/wp-content\/uploads\/2016\/09\/100_9381-9.jpg\",\"datePublished\":\"2016-09-27T11:15:29+00:00\",\"dateModified\":\"2019-10-07T11:15:50+00:00\",\"breadcrumb\":{\"@id\":\"https:\/\/www.galiciamaxica.eu\/mini\/descubriendo-neda\/#breadcrumb\"},\"inLanguage\":\"es\",\"potentialAction\":[{\"@type\":\"ReadAction\",\"target\":[\"https:\/\/www.galiciamaxica.eu\/mini\/descubriendo-neda\/\"]}]},{\"@type\":\"ImageObject\",\"inLanguage\":\"es\",\"@id\":\"https:\/\/www.galiciamaxica.eu\/mini\/descubriendo-neda\/#primaryimage\",\"url\":\"https:\/\/www.galiciamaxica.eu\/mini\/wp-content\/uploads\/2016\/09\/100_9381-9.jpg\",\"contentUrl\":\"https:\/\/www.galiciamaxica.eu\/mini\/wp-content\/uploads\/2016\/09\/100_9381-9.jpg\",\"width\":768,\"height\":768,\"caption\":\"100_9381-9\"},{\"@type\":\"BreadcrumbList\",\"@id\":\"https:\/\/www.galiciamaxica.eu\/mini\/descubriendo-neda\/#breadcrumb\",\"itemListElement\":[{\"@type\":\"ListItem\",\"position\":1,\"name\":\"Portada\",\"item\":\"https:\/\/www.galiciamaxica.eu\/mini\/\"},{\"@type\":\"ListItem\",\"position\":2,\"name\":\"Descubriendo NEDA\"}]},{\"@type\":\"WebSite\",\"@id\":\"https:\/\/www.galiciamaxica.eu\/mini\/#website\",\"url\":\"https:\/\/www.galiciamaxica.eu\/mini\/\",\"name\":\"Galicia con ni\u00f1os | GALICIA M\u00c1XICA\",\"description\":\"Qu\u00e9 hacer con ni\u00f1os en Galicia\",\"publisher\":{\"@id\":\"https:\/\/www.galiciamaxica.eu\/mini\/#\/schema\/person\/2b284fe2fd911000a48d2e8936300179\"},\"potentialAction\":[{\"@type\":\"SearchAction\",\"target\":{\"@type\":\"EntryPoint\",\"urlTemplate\":\"https:\/\/www.galiciamaxica.eu\/mini\/?s={search_term_string}\"},\"query-input\":{\"@type\":\"PropertyValueSpecification\",\"valueRequired\":true,\"valueName\":\"search_term_string\"}}],\"inLanguage\":\"es\"},{\"@type\":[\"Person\",\"Organization\"],\"@id\":\"https:\/\/www.galiciamaxica.eu\/mini\/#\/schema\/person\/2b284fe2fd911000a48d2e8936300179\",\"name\":\"seseixa\",\"image\":{\"@type\":\"ImageObject\",\"inLanguage\":\"es\",\"@id\":\"https:\/\/www.galiciamaxica.eu\/mini\/#\/schema\/person\/image\/\",\"url\":\"https:\/\/www.galiciamaxica.eu\/mini\/wp-content\/uploads\/2019\/02\/seseixa.png\",\"contentUrl\":\"https:\/\/www.galiciamaxica.eu\/mini\/wp-content\/uploads\/2019\/02\/seseixa.png\",\"width\":100,\"height\":100,\"caption\":\"seseixa\"},\"logo\":{\"@id\":\"https:\/\/www.galiciamaxica.eu\/mini\/#\/schema\/person\/image\/\"},\"description\":\"En la actualidad combinando dos proyectos que me apasionan, Galicia y los ni\u00f1os. Tengo mucho que aportar y otro tanto que aprender, as\u00ed como, el tiempo y el coraz\u00f3n, dividido en todo momento. Soy mam\u00e1, un titulo otorgado a tiempo completo, compa\u00f1era y amiga, a todas horas, familiar y cercana, siempre. De esp\u00edritu inquieto, soy una eterna ni\u00f1a que juega en el pa\u00eds de las maravillas. Una enamorada de mi tierra, por la que trabajo sin descanso. Creo en la infancia como motor que cambiar\u00e1 el mundo a mejor y busco en mi vida la felicidad como estado permanente porque s\u00f3lo se vive una vez.\",\"sameAs\":[\"http:\/\/mini.galiciamaxica.eu\/\",\"https:\/\/www.facebook.com\/maria.rodriguezserantes\",\"https:\/\/x.com\/seseixa\"],\"url\":\"https:\/\/www.galiciamaxica.eu\/mini\/author\/seseixa\/\"}]}<\/script>\n<!-- \/ Yoast SEO plugin. -->","yoast_head_json":{"title":"Descubriendo NEDA - Galicia con ni\u00f1os | GALICIA M\u00c1XICA","robots":{"index":"index","follow":"follow","max-snippet":"max-snippet:-1","max-image-preview":"max-image-preview:large","max-video-preview":"max-video-preview:-1"},"canonical":"https:\/\/www.galiciamaxica.eu\/mini\/descubriendo-neda\/","og_locale":"es_ES","og_type":"article","og_title":"Descubriendo NEDA - Galicia con ni\u00f1os | GALICIA M\u00c1XICA","og_description":"Hoxe imos ir a Neda un concello que \u00e9 moi interesante para os nenos, aqu\u00ed temos un paseo ben largo, plani\u00f1o e bonito polas marismas. Podedes facelo por etapas e empezalo dende onde queirades, ser\u00e1 por opci\u00f3ns!, os contar\u00e9i como foi a nosa viaxe. Qu\u00e9 hai m\u00e1is bonito que tomar forzas nun barco pirata antes [&hellip;]","og_url":"https:\/\/www.galiciamaxica.eu\/mini\/descubriendo-neda\/","og_site_name":"Galicia con ni\u00f1os | GALICIA M\u00c1XICA","article_publisher":"https:\/\/www.facebook.com\/maria.rodriguezserantes","article_author":"https:\/\/www.facebook.com\/maria.rodriguezserantes","article_published_time":"2016-09-27T11:15:29+00:00","article_modified_time":"2019-10-07T11:15:50+00:00","og_image":[{"width":768,"height":768,"url":"https:\/\/www.galiciamaxica.eu\/mini\/wp-content\/uploads\/2016\/09\/100_9381-9.jpg","type":"image\/jpeg"}],"author":"seseixa","twitter_card":"summary_large_image","twitter_creator":"@seseixa","twitter_site":"@seseixa","twitter_misc":{"Escrito por":"seseixa","Tiempo de lectura":"2 minutos"},"schema":{"@context":"https:\/\/schema.org","@graph":[{"@type":"Article","@id":"https:\/\/www.galiciamaxica.eu\/mini\/descubriendo-neda\/#article","isPartOf":{"@id":"https:\/\/www.galiciamaxica.eu\/mini\/descubriendo-neda\/"},"author":{"name":"seseixa","@id":"https:\/\/www.galiciamaxica.eu\/mini\/#\/schema\/person\/2b284fe2fd911000a48d2e8936300179"},"headline":"Descubriendo NEDA","datePublished":"2016-09-27T11:15:29+00:00","dateModified":"2019-10-07T11:15:50+00:00","mainEntityOfPage":{"@id":"https:\/\/www.galiciamaxica.eu\/mini\/descubriendo-neda\/"},"wordCount":361,"commentCount":0,"publisher":{"@id":"https:\/\/www.galiciamaxica.eu\/mini\/#\/schema\/person\/2b284fe2fd911000a48d2e8936300179"},"image":{"@id":"https:\/\/www.galiciamaxica.eu\/mini\/descubriendo-neda\/#primaryimage"},"thumbnailUrl":"https:\/\/www.galiciamaxica.eu\/mini\/wp-content\/uploads\/2016\/09\/100_9381-9.jpg","keywords":["ANCOS","MARISMAS","MIRADOR","NEDA","parque","paseo"],"articleSection":["ANTIA NOA","VIAJES COMPARTIDOS"],"inLanguage":"es","potentialAction":[{"@type":"CommentAction","name":"Comment","target":["https:\/\/www.galiciamaxica.eu\/mini\/descubriendo-neda\/#respond"]}]},{"@type":"WebPage","@id":"https:\/\/www.galiciamaxica.eu\/mini\/descubriendo-neda\/","url":"https:\/\/www.galiciamaxica.eu\/mini\/descubriendo-neda\/","name":"Descubriendo NEDA - Galicia con ni\u00f1os | GALICIA M\u00c1XICA","isPartOf":{"@id":"https:\/\/www.galiciamaxica.eu\/mini\/#website"},"primaryImageOfPage":{"@id":"https:\/\/www.galiciamaxica.eu\/mini\/descubriendo-neda\/#primaryimage"},"image":{"@id":"https:\/\/www.galiciamaxica.eu\/mini\/descubriendo-neda\/#primaryimage"},"thumbnailUrl":"https:\/\/www.galiciamaxica.eu\/mini\/wp-content\/uploads\/2016\/09\/100_9381-9.jpg","datePublished":"2016-09-27T11:15:29+00:00","dateModified":"2019-10-07T11:15:50+00:00","breadcrumb":{"@id":"https:\/\/www.galiciamaxica.eu\/mini\/descubriendo-neda\/#breadcrumb"},"inLanguage":"es","potentialAction":[{"@type":"ReadAction","target":["https:\/\/www.galiciamaxica.eu\/mini\/descubriendo-neda\/"]}]},{"@type":"ImageObject","inLanguage":"es","@id":"https:\/\/www.galiciamaxica.eu\/mini\/descubriendo-neda\/#primaryimage","url":"https:\/\/www.galiciamaxica.eu\/mini\/wp-content\/uploads\/2016\/09\/100_9381-9.jpg","contentUrl":"https:\/\/www.galiciamaxica.eu\/mini\/wp-content\/uploads\/2016\/09\/100_9381-9.jpg","width":768,"height":768,"caption":"100_9381-9"},{"@type":"BreadcrumbList","@id":"https:\/\/www.galiciamaxica.eu\/mini\/descubriendo-neda\/#breadcrumb","itemListElement":[{"@type":"ListItem","position":1,"name":"Portada","item":"https:\/\/www.galiciamaxica.eu\/mini\/"},{"@type":"ListItem","position":2,"name":"Descubriendo NEDA"}]},{"@type":"WebSite","@id":"https:\/\/www.galiciamaxica.eu\/mini\/#website","url":"https:\/\/www.galiciamaxica.eu\/mini\/","name":"Galicia con ni\u00f1os | GALICIA M\u00c1XICA","description":"Qu\u00e9 hacer con ni\u00f1os en Galicia","publisher":{"@id":"https:\/\/www.galiciamaxica.eu\/mini\/#\/schema\/person\/2b284fe2fd911000a48d2e8936300179"},"potentialAction":[{"@type":"SearchAction","target":{"@type":"EntryPoint","urlTemplate":"https:\/\/www.galiciamaxica.eu\/mini\/?s={search_term_string}"},"query-input":{"@type":"PropertyValueSpecification","valueRequired":true,"valueName":"search_term_string"}}],"inLanguage":"es"},{"@type":["Person","Organization"],"@id":"https:\/\/www.galiciamaxica.eu\/mini\/#\/schema\/person\/2b284fe2fd911000a48d2e8936300179","name":"seseixa","image":{"@type":"ImageObject","inLanguage":"es","@id":"https:\/\/www.galiciamaxica.eu\/mini\/#\/schema\/person\/image\/","url":"https:\/\/www.galiciamaxica.eu\/mini\/wp-content\/uploads\/2019\/02\/seseixa.png","contentUrl":"https:\/\/www.galiciamaxica.eu\/mini\/wp-content\/uploads\/2019\/02\/seseixa.png","width":100,"height":100,"caption":"seseixa"},"logo":{"@id":"https:\/\/www.galiciamaxica.eu\/mini\/#\/schema\/person\/image\/"},"description":"En la actualidad combinando dos proyectos que me apasionan, Galicia y los ni\u00f1os. Tengo mucho que aportar y otro tanto que aprender, as\u00ed como, el tiempo y el coraz\u00f3n, dividido en todo momento. Soy mam\u00e1, un titulo otorgado a tiempo completo, compa\u00f1era y amiga, a todas horas, familiar y cercana, siempre. De esp\u00edritu inquieto, soy una eterna ni\u00f1a que juega en el pa\u00eds de las maravillas. Una enamorada de mi tierra, por la que trabajo sin descanso. Creo en la infancia como motor que cambiar\u00e1 el mundo a mejor y busco en mi vida la felicidad como estado permanente porque s\u00f3lo se vive una vez.","sameAs":["http:\/\/mini.galiciamaxica.eu\/","https:\/\/www.facebook.com\/maria.rodriguezserantes","https:\/\/x.com\/seseixa"],"url":"https:\/\/www.galiciamaxica.eu\/mini\/author\/seseixa\/"}]}},"amp_enabled":true,"post_mailing_queue_ids":[],"_links":{"self":[{"href":"https:\/\/www.galiciamaxica.eu\/mini\/wp-json\/wp\/v2\/posts\/5243"}],"collection":[{"href":"https:\/\/www.galiciamaxica.eu\/mini\/wp-json\/wp\/v2\/posts"}],"about":[{"href":"https:\/\/www.galiciamaxica.eu\/mini\/wp-json\/wp\/v2\/types\/post"}],"author":[{"embeddable":true,"href":"https:\/\/www.galiciamaxica.eu\/mini\/wp-json\/wp\/v2\/users\/1"}],"replies":[{"embeddable":true,"href":"https:\/\/www.galiciamaxica.eu\/mini\/wp-json\/wp\/v2\/comments?post=5243"}],"version-history":[{"count":0,"href":"https:\/\/www.galiciamaxica.eu\/mini\/wp-json\/wp\/v2\/posts\/5243\/revisions"}],"wp:featuredmedia":[{"embeddable":true,"href":"https:\/\/www.galiciamaxica.eu\/mini\/wp-json\/wp\/v2\/media\/5244"}],"wp:attachment":[{"href":"https:\/\/www.galiciamaxica.eu\/mini\/wp-json\/wp\/v2\/media?parent=5243"}],"wp:term":[{"taxonomy":"category","embeddable":true,"href":"https:\/\/www.galiciamaxica.eu\/mini\/wp-json\/wp\/v2\/categories?post=5243"},{"taxonomy":"post_tag","embeddable":true,"href":"https:\/\/www.galiciamaxica.eu\/mini\/wp-json\/wp\/v2\/tags?post=5243"}],"curies":[{"name":"wp","href":"https:\/\/api.w.org\/{rel}","templated":true}]}}