{"id":5037,"date":"2016-09-11T11:58:10","date_gmt":"2016-09-11T11:58:10","guid":{"rendered":"http:\/\/www.galiciamaxica.eu\/mini\/?p=5037"},"modified":"2026-03-29T21:56:13","modified_gmt":"2026-03-29T19:56:13","slug":"5037-2","status":"publish","type":"post","link":"https:\/\/www.galiciamaxica.eu\/mini\/5037-2\/","title":{"rendered":"O Grove en viaxes compartidos"},"content":{"rendered":"<p>Esta fin de semana imos <strong>O Grove<\/strong> fac\u00eda anos que non nos acercabamos e recordei cando o fac\u00eda coa mi\u00f1a nai e como desfrutaba, toc\u00e1banos ensinarlles as nenas un lugar moi especial para min e a verdade, tendo una ruta as\u00ed na man inda apetec\u00edame m\u00e1is.<\/p>\n<p style=\"text-align: center;\"><iframe src=\"https:\/\/www.google.com\/maps\/d\/embed?mid=1V-tJ0LvwO_kPA8UF_Rw6EiWkgDo\" width=\"640\" height=\"480\"><\/iframe><\/p>\n<p style=\"text-align: center;\">Case vimos t\u00f3dolos sitios,<\/p>\n<p style=\"text-align: center;\">fixemos a ruta m\u00e1is nosa porque\u00a0dar opci\u00f3ns e o que m\u00e1is lles gusta a Noa e Ant\u00eda,<\/p>\n<p style=\"text-align: center;\">s\u00f3 os dir\u00e9i\u00a0como resumen da ruta\u00a0que o pasamos xenial por estas terras e igual tardaremos en repetir escapada<\/p>\n<p style=\"text-align: center;\">porque xa empeza o cole<\/p>\n<p style=\"text-align: center;\">pero aseg\u00farovos que o faremos polo menos una vez o ano.<\/p>\n<p style=\"text-align: center;\">Xa tardas en facela!<\/p>\n<p style=\"text-align: center;\">Direivos o noso itinerario e acompa\u00f1arei o recorrido coas vivencias en familia, fotos para recordar un d\u00eda especial.<\/p>\n<p style=\"text-align: center;\">Xa me tardaba volver a Igrexia da Toxa, as\u00ed que,\u00a0esta foi a nosa primeira parada\u00a0e\u00a0aproveitamos para acercar as nenas\u00a0o parque dos Grobit.<\/p>\n<h1 style=\"text-align: center;\">ERMITA DA TOXA<\/h1>\n<p style=\"text-align: center;\">Quiz\u00e1is os nenos os que m\u00e1is lles chama a atenci\u00f3n eiqui \u00e9 a decoraci\u00f3n da igrexia,\u00a0xa\u00a0que est\u00e1 toda adornada de cunchas e para eles e unha gran curiosidade.<\/p>\n<p style=\"text-align: center;\"><a href=\"http:\/\/www.galiciamaxica.eu\/pontevedra\/a-lanzada\/\"><img fetchpriority=\"high\" decoding=\"async\" class=\"aligncenter\" src=\"https:\/\/galiciamaxica.eu\/mini\/wp-content\/uploads\/2019\/10\/img_5d9b2b20ae04f.jpg\" width=\"526\" height=\"394\" \/><\/a><\/p>\n<h1 style=\"text-align: center;\">ALDEA GROBIT<\/h1>\n<p style=\"text-align: center;\">O Parque encantoulles,non \u00e9 moi grande pero \u00e9\u00a0moi\u00a0orixinal ,\u00a0un lugar m\u00e1xico no que deixar voar a imaxinaci\u00f3n.<\/p>\n<p style=\"text-align: center;\"><img decoding=\"async\" class=\"aligncenter\" src=\"https:\/\/galiciamaxica.eu\/mini\/wp-content\/uploads\/2019\/10\/img_5d9b2b2133462.jpg\" width=\"960\" height=\"720\" \/><\/p>\n<p style=\"text-align: center;\">E un pracer sentir as suas risas e ver a diversi\u00f3n rondando en todo momento o seu car\u00f3n, eu digo cando se divirten,estiramos os momento, hoxe as estrelas son elas e imos deixar que se tomen o seu tempo para o ocio, non se est\u00e1 sempre nunha aldea grobit, e certo que deixamos de ver algunhas cousas da ruta, coma a Necr\u00f3poles pero as\u00ed temos unha boa excusa para repetir ;).<\/p>\n<p style=\"text-align: center;\">Toma a vida o seu ritmo e sobre todo recorda,\u00a0a ruta a fas ti e fac\u00e9mola adaptada a nosa familia!<\/p>\n<p style=\"text-align: center;\"><img decoding=\"async\" class=\"aligncenter\" src=\"https:\/\/galiciamaxica.eu\/mini\/wp-content\/uploads\/2019\/10\/img_5d9b2b229df20.jpg\" width=\"405\" height=\"304\" \/><\/p>\n<p style=\"text-align: center;\">Os nenos son pequenos seres con moita ilusi\u00f3n, enerx\u00eda e \u00a0bo coraz\u00f3n o que m\u00e1is lles gusta e xogar e desfrutar con n\u00f3s, as\u00ed que,<\/p>\n<p style=\"text-align: center;\">Qu\u00e9 xoguen! non hai presa.<\/p>\n<p style=\"text-align: center;\"><img loading=\"lazy\" decoding=\"async\" class=\"aligncenter\" src=\"https:\/\/galiciamaxica.eu\/mini\/wp-content\/uploads\/2019\/10\/img_5d9b2b23b281b.jpg\" width=\"960\" height=\"720\" \/><\/p>\n<p style=\"text-align: center;\">Ser pais e pintar a sua vida coas m\u00e1is lindas cores, eles nos agasallan co mellor dos lenzos<\/p>\n<p style=\"text-align: center;\">\u00a0a sua ledicia e gran amor.<\/p>\n<p style=\"text-align: center;\"><img loading=\"lazy\" decoding=\"async\" class=\"aligncenter\" src=\"https:\/\/galiciamaxica.eu\/mini\/wp-content\/uploads\/2019\/10\/img_5d9b2b24c6cf9.jpg\" width=\"1552\" height=\"1164\" \/><\/p>\n<p style=\"text-align: center;\">Agora tocaba un paseo cheo de esculturas, con faro inclu\u00eddo, un museo e unha salaz\u00f3n.<\/p>\n<h1 style=\"text-align: center;\">\u00a0Punta Moreiras<\/h1>\n<p style=\"text-align: center;\"><img loading=\"lazy\" decoding=\"async\" class=\"aligncenter\" src=\"https:\/\/galiciamaxica.eu\/mini\/wp-content\/uploads\/2019\/10\/img_5d9b2b26dad58.jpg\" width=\"1600\" height=\"960\" \/><\/p>\n<p style=\"text-align: center;\">Esta \u00e9 a Salaz\u00f3n, poder\u00edase chamar museo o aire libre do traballo artesanal, eiqui podense dar moitas lecci\u00f3ns.<\/p>\n<p><img loading=\"lazy\" decoding=\"async\" class=\"aligncenter\" src=\"https:\/\/galiciamaxica.eu\/mini\/wp-content\/uploads\/2019\/10\/img_5d9b2b28838cc.jpg\" width=\"1600\" height=\"960\" \/><\/p>\n<p><a href=\"http:\/\/www.galiciamaxica.eu\/pontevedra\/comarca-do-salnes\/o-grove\/punta-moreiras\/\"><img loading=\"lazy\" decoding=\"async\" class=\"aligncenter\" src=\"https:\/\/galiciamaxica.eu\/mini\/wp-content\/uploads\/2019\/10\/img_5d9b2b2d6dcea.jpg\" width=\"1600\" height=\"960\" \/><\/a><\/p>\n<p style=\"text-align: center;\">Agora toca o museo no que aprenderemos todos moitas cousas<\/p>\n<p style=\"text-align: center;\"><img loading=\"lazy\" decoding=\"async\" class=\"aligncenter\" src=\"https:\/\/galiciamaxica.eu\/mini\/wp-content\/uploads\/2019\/10\/img_5d9b2b36aad9a.jpg\" width=\"1600\" height=\"960\" \/><\/p>\n<h1 style=\"text-align: center;\">Entramos no MUSEO<\/h1>\n<p style=\"text-align: center;\"><img loading=\"lazy\" decoding=\"async\" class=\"aligncenter\" src=\"https:\/\/galiciamaxica.eu\/mini\/wp-content\/uploads\/2019\/10\/img_5d9b2b395eca2.jpg\" width=\"1600\" height=\"960\" \/><\/p>\n<p style=\"text-align: center;\"><img loading=\"lazy\" decoding=\"async\" class=\"alignnone\" src=\"https:\/\/galiciamaxica.eu\/mini\/wp-content\/uploads\/2019\/10\/img_5d9b2b3a9534c.jpg\" width=\"1600\" height=\"960\" \/><\/p>\n<p style=\"text-align: center;\">Un museo no que o\u00a0tempo voa!<\/p>\n<p style=\"text-align: center;\"><img loading=\"lazy\" decoding=\"async\" class=\"aligncenter\" src=\"https:\/\/galiciamaxica.eu\/mini\/wp-content\/uploads\/2019\/10\/img_5d9b2b3c57aa3.gif\" width=\"1024\" height=\"614\" \/><\/p>\n<p style=\"text-align: center;\">Agora toca O Paseo de Punta Moreiras unha marabilla para os sentidos, azuis e arte en pedra.<\/p>\n<p style=\"text-align: center;\"><img loading=\"lazy\" decoding=\"async\" class=\"aligncenter\" src=\"https:\/\/galiciamaxica.eu\/mini\/wp-content\/uploads\/2019\/10\/img_5d9b2b3f74e81.gif\" width=\"410\" height=\"246\" \/><\/p>\n<p style=\"text-align: center;\"><img loading=\"lazy\" decoding=\"async\" class=\"aligncenter\" src=\"https:\/\/galiciamaxica.eu\/mini\/wp-content\/uploads\/2019\/10\/img_5d9b2b40f21c8.jpg\" width=\"1600\" height=\"960\" \/><\/p>\n<p style=\"text-align: center;\"><img loading=\"lazy\" decoding=\"async\" class=\"aligncenter\" src=\"https:\/\/galiciamaxica.eu\/mini\/wp-content\/uploads\/2019\/10\/img_5d9b2b42c860a.jpg\" width=\"1600\" height=\"960\" \/><\/p>\n<h1 style=\"text-align: center;\"><a href=\"http:\/\/www.galiciamaxica.eu\/mini\/5037-2\/\"><img loading=\"lazy\" decoding=\"async\" class=\"aligncenter \" src=\"https:\/\/galiciamaxica.eu\/mini\/wp-content\/uploads\/2019\/10\/img_5d9b2b444b328.jpg\" alt=\"\" width=\"442\" height=\"331\" \/><\/a><\/h1>\n<h1 style=\"text-align: center;\">Imos O Paseo Pedras Negras<\/h1>\n<p style=\"text-align: center;\"><img loading=\"lazy\" decoding=\"async\" class=\"aligncenter\" src=\"https:\/\/galiciamaxica.eu\/mini\/wp-content\/uploads\/2019\/10\/img_5d9b2b44bfd88.jpg\" width=\"1600\" height=\"960\" \/><\/p>\n<p style=\"text-align: center;\">Neste lugar o paseo descorre entre penedos enormes, tedes moitas calitas tam\u00e9n, a verdade encantounos a todos<\/p>\n<p style=\"text-align: center;\">O repetiremos seguro, Ant\u00eda non parou de quitar fotos!<\/p>\n<p><img loading=\"lazy\" decoding=\"async\" class=\"aligncenter\" src=\"https:\/\/galiciamaxica.eu\/mini\/wp-content\/uploads\/2019\/10\/img_5d9b2b473edfe.gif\" width=\"1024\" height=\"614\" \/><\/p>\n<p style=\"text-align: center;\">Xa \u00eda tocando velo todo a vista de p\u00e1xaro e como non, tocaba ir a visitar dous miradoiros dende os que nos despedir\u00edamos!<\/p>\n<h1 style=\"text-align: center;\">A SIRADELLA<\/h1>\n<p><img loading=\"lazy\" decoding=\"async\" class=\"aligncenter\" src=\"https:\/\/galiciamaxica.eu\/mini\/wp-content\/uploads\/2019\/10\/img_5d9b2b4b9106a.gif\" width=\"1024\" height=\"614\" \/><\/p>\n<p style=\"text-align: center;\">As mellores vistas O Ismo e A\u00a0playa da Lanzada. S\u00f3 dicir un espect\u00e1culo que non podedes perder<\/p>\n<p><img loading=\"lazy\" decoding=\"async\" class=\"aligncenter\" src=\"https:\/\/galiciamaxica.eu\/mini\/wp-content\/uploads\/2019\/10\/img_5d9b2b50e2dc2.jpg\" width=\"1600\" height=\"960\" \/><\/p>\n<p style=\"text-align: center;\">E as Ons vixiantes no mar azul invitan a visitalas<\/p>\n<p><img loading=\"lazy\" decoding=\"async\" class=\"aligncenter\" src=\"https:\/\/galiciamaxica.eu\/mini\/wp-content\/uploads\/2019\/10\/img_5d9b2b530d05a.jpg\" width=\"1600\" height=\"960\" \/><\/p>\n<h1 style=\"text-align: center;\">Mirador Con da Edra&#8230;.. O Grove<\/h1>\n<p><a href=\"http:\/\/www.galiciamaxica.eu\/mini\/5037-2\/\"><img loading=\"lazy\" decoding=\"async\" class=\"aligncenter size-medium\" src=\"https:\/\/galiciamaxica.eu\/mini\/wp-content\/uploads\/2019\/10\/img_5d9b2b547dfd9.jpg\" alt=\"\" width=\"1292\" height=\"775\" \/><\/a><\/p>\n<p>&nbsp;<\/p>\n<p style=\"text-align: center;\">Espero que os guste tanto coma n\u00f3s esta fant\u00e1stica ruta de Galicia con Ni\u00f1os\u00a0.<\/p>\n<p style=\"text-align: center;\">Ant\u00eda e Noa encantoulles<strong> O GROVE<\/strong><\/p>\n","protected":false},"excerpt":{"rendered":"<p>Esta fin de semana imos O Grove fac\u00eda anos que non nos acercabamos e recordei cando o fac\u00eda coa mi\u00f1a nai e como desfrutaba, toc\u00e1banos ensinarlles as nenas un lugar moi especial para min e a verdade, tendo una ruta as\u00ed na man inda apetec\u00edame m\u00e1is. Case vimos t\u00f3dolos sitios, fixemos a ruta m\u00e1is nosa [&hellip;]<\/p>\n","protected":false},"author":1,"featured_media":5043,"comment_status":"open","ping_status":"open","sticky":false,"template":"","format":"standard","meta":{"_eb_attr":"","site-sidebar-layout":"default","site-content-layout":"","ast-site-content-layout":"","site-content-style":"default","site-sidebar-style":"default","ast-global-header-display":"","ast-banner-title-visibility":"","ast-main-header-display":"","ast-hfb-above-header-display":"","ast-hfb-below-header-display":"","ast-hfb-mobile-header-display":"","site-post-title":"","ast-breadcrumbs-content":"","ast-featured-img":"","footer-sml-layout":"","theme-transparent-header-meta":"","adv-header-id-meta":"","stick-header-meta":"","header-above-stick-meta":"","header-main-stick-meta":"","header-below-stick-meta":"","astra-migrate-meta-layouts":"default","ast-page-background-enabled":"default","ast-page-background-meta":{"desktop":{"background-color":"","background-image":"","background-repeat":"repeat","background-position":"center center","background-size":"auto","background-attachment":"scroll","background-type":"","background-media":"","overlay-type":"","overlay-color":"","overlay-opacity":"","overlay-gradient":""},"tablet":{"background-color":"","background-image":"","background-repeat":"repeat","background-position":"center center","background-size":"auto","background-attachment":"scroll","background-type":"","background-media":"","overlay-type":"","overlay-color":"","overlay-opacity":"","overlay-gradient":""},"mobile":{"background-color":"","background-image":"","background-repeat":"repeat","background-position":"center center","background-size":"auto","background-attachment":"scroll","background-type":"","background-media":"","overlay-type":"","overlay-color":"","overlay-opacity":"","overlay-gradient":""}},"ast-content-background-meta":{"desktop":{"background-color":"var(--ast-global-color-5)","background-image":"","background-repeat":"repeat","background-position":"center center","background-size":"auto","background-attachment":"scroll","background-type":"","background-media":"","overlay-type":"","overlay-color":"","overlay-opacity":"","overlay-gradient":""},"tablet":{"background-color":"var(--ast-global-color-5)","background-image":"","background-repeat":"repeat","background-position":"center center","background-size":"auto","background-attachment":"scroll","background-type":"","background-media":"","overlay-type":"","overlay-color":"","overlay-opacity":"","overlay-gradient":""},"mobile":{"background-color":"var(--ast-global-color-5)","background-image":"","background-repeat":"repeat","background-position":"center center","background-size":"auto","background-attachment":"scroll","background-type":"","background-media":"","overlay-type":"","overlay-color":"","overlay-opacity":"","overlay-gradient":""}},"footnotes":""},"categories":[1060,425],"tags":[231,227,527,116,443],"class_list":["post-5037","post","type-post","status-publish","format-standard","has-post-thumbnail","hentry","category-antia-noa","category-viajes-compartidos","tag-grobit","tag-o-grove","tag-punta-moreiras","tag-toxa","tag-viajes-compartidos"],"yoast_head":"<!-- This site is optimized with the Yoast SEO plugin v24.9 - https:\/\/yoast.com\/wordpress\/plugins\/seo\/ -->\n<title>O Grove en viaxes compartidos - Galicia con ni\u00f1os | GALICIA M\u00c1XICA<\/title>\n<meta name=\"description\" content=\"Fixemos a ruta polo Grove de &quot;Galicia con Ni\u00f1os&quot; encantounos a todos xa nos tarda repetir. Noa e Ant\u00eda a recomendan!. Descobre a nosa viaxe\" \/>\n<meta name=\"robots\" content=\"index, follow, max-snippet:-1, max-image-preview:large, max-video-preview:-1\" \/>\n<link rel=\"canonical\" href=\"https:\/\/www.galiciamaxica.eu\/mini\/5037-2\/\" \/>\n<meta property=\"og:locale\" content=\"es_ES\" \/>\n<meta property=\"og:type\" content=\"article\" \/>\n<meta property=\"og:title\" content=\"O Grove en viaxes compartidos - Galicia con ni\u00f1os | GALICIA M\u00c1XICA\" \/>\n<meta property=\"og:description\" content=\"Fixemos a ruta polo Grove de &quot;Galicia con Ni\u00f1os&quot; encantounos a todos xa nos tarda repetir. Noa e Ant\u00eda a recomendan!. Descobre a nosa viaxe\" \/>\n<meta property=\"og:url\" content=\"https:\/\/www.galiciamaxica.eu\/mini\/5037-2\/\" \/>\n<meta property=\"og:site_name\" content=\"Galicia con ni\u00f1os | GALICIA M\u00c1XICA\" \/>\n<meta property=\"article:publisher\" content=\"https:\/\/www.facebook.com\/maria.rodriguezserantes\" \/>\n<meta property=\"article:author\" content=\"https:\/\/www.facebook.com\/maria.rodriguezserantes\" \/>\n<meta property=\"article:published_time\" content=\"2016-09-11T11:58:10+00:00\" \/>\n<meta property=\"article:modified_time\" content=\"2026-03-29T19:56:13+00:00\" \/>\n<meta property=\"og:image\" content=\"https:\/\/www.galiciamaxica.eu\/mini\/wp-content\/uploads\/2016\/09\/100_9381-2.jpg\" \/>\n\t<meta property=\"og:image:width\" content=\"750\" \/>\n\t<meta property=\"og:image:height\" content=\"768\" \/>\n\t<meta property=\"og:image:type\" content=\"image\/jpeg\" \/>\n<meta name=\"author\" content=\"seseixa\" \/>\n<meta name=\"twitter:card\" content=\"summary_large_image\" \/>\n<meta name=\"twitter:creator\" content=\"@seseixa\" \/>\n<meta name=\"twitter:site\" content=\"@seseixa\" \/>\n<meta name=\"twitter:label1\" content=\"Escrito por\" \/>\n\t<meta name=\"twitter:data1\" content=\"seseixa\" \/>\n\t<meta name=\"twitter:label2\" content=\"Tiempo de lectura\" \/>\n\t<meta name=\"twitter:data2\" content=\"3 minutos\" \/>\n<script type=\"application\/ld+json\" class=\"yoast-schema-graph\">{\"@context\":\"https:\/\/schema.org\",\"@graph\":[{\"@type\":\"Article\",\"@id\":\"https:\/\/www.galiciamaxica.eu\/mini\/5037-2\/#article\",\"isPartOf\":{\"@id\":\"https:\/\/www.galiciamaxica.eu\/mini\/5037-2\/\"},\"author\":{\"name\":\"seseixa\",\"@id\":\"https:\/\/www.galiciamaxica.eu\/mini\/#\/schema\/person\/2b284fe2fd911000a48d2e8936300179\"},\"headline\":\"O Grove en viaxes compartidos\",\"datePublished\":\"2016-09-11T11:58:10+00:00\",\"dateModified\":\"2026-03-29T19:56:13+00:00\",\"mainEntityOfPage\":{\"@id\":\"https:\/\/www.galiciamaxica.eu\/mini\/5037-2\/\"},\"wordCount\":582,\"commentCount\":0,\"publisher\":{\"@id\":\"https:\/\/www.galiciamaxica.eu\/mini\/#\/schema\/person\/2b284fe2fd911000a48d2e8936300179\"},\"image\":{\"@id\":\"https:\/\/www.galiciamaxica.eu\/mini\/5037-2\/#primaryimage\"},\"thumbnailUrl\":\"https:\/\/www.galiciamaxica.eu\/mini\/wp-content\/uploads\/2016\/09\/100_9381-2.jpg\",\"keywords\":[\"grobit\",\"o grove\",\"punta moreiras\",\"TOXA\",\"Viajes compartidos\"],\"articleSection\":[\"ANTIA NOA\",\"VIAJES COMPARTIDOS\"],\"inLanguage\":\"es\",\"potentialAction\":[{\"@type\":\"CommentAction\",\"name\":\"Comment\",\"target\":[\"https:\/\/www.galiciamaxica.eu\/mini\/5037-2\/#respond\"]}]},{\"@type\":\"WebPage\",\"@id\":\"https:\/\/www.galiciamaxica.eu\/mini\/5037-2\/\",\"url\":\"https:\/\/www.galiciamaxica.eu\/mini\/5037-2\/\",\"name\":\"O Grove en viaxes compartidos - Galicia con ni\u00f1os | GALICIA M\u00c1XICA\",\"isPartOf\":{\"@id\":\"https:\/\/www.galiciamaxica.eu\/mini\/#website\"},\"primaryImageOfPage\":{\"@id\":\"https:\/\/www.galiciamaxica.eu\/mini\/5037-2\/#primaryimage\"},\"image\":{\"@id\":\"https:\/\/www.galiciamaxica.eu\/mini\/5037-2\/#primaryimage\"},\"thumbnailUrl\":\"https:\/\/www.galiciamaxica.eu\/mini\/wp-content\/uploads\/2016\/09\/100_9381-2.jpg\",\"datePublished\":\"2016-09-11T11:58:10+00:00\",\"dateModified\":\"2026-03-29T19:56:13+00:00\",\"description\":\"Fixemos a ruta polo Grove de \\\"Galicia con Ni\u00f1os\\\" encantounos a todos xa nos tarda repetir. Noa e Ant\u00eda a recomendan!. Descobre a nosa viaxe\",\"breadcrumb\":{\"@id\":\"https:\/\/www.galiciamaxica.eu\/mini\/5037-2\/#breadcrumb\"},\"inLanguage\":\"es\",\"potentialAction\":[{\"@type\":\"ReadAction\",\"target\":[\"https:\/\/www.galiciamaxica.eu\/mini\/5037-2\/\"]}]},{\"@type\":\"ImageObject\",\"inLanguage\":\"es\",\"@id\":\"https:\/\/www.galiciamaxica.eu\/mini\/5037-2\/#primaryimage\",\"url\":\"https:\/\/www.galiciamaxica.eu\/mini\/wp-content\/uploads\/2016\/09\/100_9381-2.jpg\",\"contentUrl\":\"https:\/\/www.galiciamaxica.eu\/mini\/wp-content\/uploads\/2016\/09\/100_9381-2.jpg\",\"width\":750,\"height\":768,\"caption\":\"img_5d9b2b20ae04f\"},{\"@type\":\"BreadcrumbList\",\"@id\":\"https:\/\/www.galiciamaxica.eu\/mini\/5037-2\/#breadcrumb\",\"itemListElement\":[{\"@type\":\"ListItem\",\"position\":1,\"name\":\"Portada\",\"item\":\"https:\/\/www.galiciamaxica.eu\/mini\/\"},{\"@type\":\"ListItem\",\"position\":2,\"name\":\"O Grove en viaxes compartidos\"}]},{\"@type\":\"WebSite\",\"@id\":\"https:\/\/www.galiciamaxica.eu\/mini\/#website\",\"url\":\"https:\/\/www.galiciamaxica.eu\/mini\/\",\"name\":\"Galicia con ni\u00f1os | GALICIA M\u00c1XICA\",\"description\":\"Qu\u00e9 hacer con ni\u00f1os en Galicia\",\"publisher\":{\"@id\":\"https:\/\/www.galiciamaxica.eu\/mini\/#\/schema\/person\/2b284fe2fd911000a48d2e8936300179\"},\"potentialAction\":[{\"@type\":\"SearchAction\",\"target\":{\"@type\":\"EntryPoint\",\"urlTemplate\":\"https:\/\/www.galiciamaxica.eu\/mini\/?s={search_term_string}\"},\"query-input\":{\"@type\":\"PropertyValueSpecification\",\"valueRequired\":true,\"valueName\":\"search_term_string\"}}],\"inLanguage\":\"es\"},{\"@type\":[\"Person\",\"Organization\"],\"@id\":\"https:\/\/www.galiciamaxica.eu\/mini\/#\/schema\/person\/2b284fe2fd911000a48d2e8936300179\",\"name\":\"seseixa\",\"image\":{\"@type\":\"ImageObject\",\"inLanguage\":\"es\",\"@id\":\"https:\/\/www.galiciamaxica.eu\/mini\/#\/schema\/person\/image\/\",\"url\":\"https:\/\/www.galiciamaxica.eu\/mini\/wp-content\/uploads\/2019\/02\/seseixa.png\",\"contentUrl\":\"https:\/\/www.galiciamaxica.eu\/mini\/wp-content\/uploads\/2019\/02\/seseixa.png\",\"width\":100,\"height\":100,\"caption\":\"seseixa\"},\"logo\":{\"@id\":\"https:\/\/www.galiciamaxica.eu\/mini\/#\/schema\/person\/image\/\"},\"description\":\"En la actualidad combinando dos proyectos que me apasionan, Galicia y los ni\u00f1os. Tengo mucho que aportar y otro tanto que aprender, as\u00ed como, el tiempo y el coraz\u00f3n, dividido en todo momento. Soy mam\u00e1, un titulo otorgado a tiempo completo, compa\u00f1era y amiga, a todas horas, familiar y cercana, siempre. De esp\u00edritu inquieto, soy una eterna ni\u00f1a que juega en el pa\u00eds de las maravillas. Una enamorada de mi tierra, por la que trabajo sin descanso. Creo en la infancia como motor que cambiar\u00e1 el mundo a mejor y busco en mi vida la felicidad como estado permanente porque s\u00f3lo se vive una vez.\",\"sameAs\":[\"http:\/\/mini.galiciamaxica.eu\/\",\"https:\/\/www.facebook.com\/maria.rodriguezserantes\",\"https:\/\/x.com\/seseixa\"],\"url\":\"https:\/\/www.galiciamaxica.eu\/mini\/author\/seseixa\/\"}]}<\/script>\n<!-- \/ Yoast SEO plugin. -->","yoast_head_json":{"title":"O Grove en viaxes compartidos - Galicia con ni\u00f1os | GALICIA M\u00c1XICA","description":"Fixemos a ruta polo Grove de \"Galicia con Ni\u00f1os\" encantounos a todos xa nos tarda repetir. Noa e Ant\u00eda a recomendan!. Descobre a nosa viaxe","robots":{"index":"index","follow":"follow","max-snippet":"max-snippet:-1","max-image-preview":"max-image-preview:large","max-video-preview":"max-video-preview:-1"},"canonical":"https:\/\/www.galiciamaxica.eu\/mini\/5037-2\/","og_locale":"es_ES","og_type":"article","og_title":"O Grove en viaxes compartidos - Galicia con ni\u00f1os | GALICIA M\u00c1XICA","og_description":"Fixemos a ruta polo Grove de \"Galicia con Ni\u00f1os\" encantounos a todos xa nos tarda repetir. Noa e Ant\u00eda a recomendan!. Descobre a nosa viaxe","og_url":"https:\/\/www.galiciamaxica.eu\/mini\/5037-2\/","og_site_name":"Galicia con ni\u00f1os | GALICIA M\u00c1XICA","article_publisher":"https:\/\/www.facebook.com\/maria.rodriguezserantes","article_author":"https:\/\/www.facebook.com\/maria.rodriguezserantes","article_published_time":"2016-09-11T11:58:10+00:00","article_modified_time":"2026-03-29T19:56:13+00:00","og_image":[{"width":750,"height":768,"url":"https:\/\/www.galiciamaxica.eu\/mini\/wp-content\/uploads\/2016\/09\/100_9381-2.jpg","type":"image\/jpeg"}],"author":"seseixa","twitter_card":"summary_large_image","twitter_creator":"@seseixa","twitter_site":"@seseixa","twitter_misc":{"Escrito por":"seseixa","Tiempo de lectura":"3 minutos"},"schema":{"@context":"https:\/\/schema.org","@graph":[{"@type":"Article","@id":"https:\/\/www.galiciamaxica.eu\/mini\/5037-2\/#article","isPartOf":{"@id":"https:\/\/www.galiciamaxica.eu\/mini\/5037-2\/"},"author":{"name":"seseixa","@id":"https:\/\/www.galiciamaxica.eu\/mini\/#\/schema\/person\/2b284fe2fd911000a48d2e8936300179"},"headline":"O Grove en viaxes compartidos","datePublished":"2016-09-11T11:58:10+00:00","dateModified":"2026-03-29T19:56:13+00:00","mainEntityOfPage":{"@id":"https:\/\/www.galiciamaxica.eu\/mini\/5037-2\/"},"wordCount":582,"commentCount":0,"publisher":{"@id":"https:\/\/www.galiciamaxica.eu\/mini\/#\/schema\/person\/2b284fe2fd911000a48d2e8936300179"},"image":{"@id":"https:\/\/www.galiciamaxica.eu\/mini\/5037-2\/#primaryimage"},"thumbnailUrl":"https:\/\/www.galiciamaxica.eu\/mini\/wp-content\/uploads\/2016\/09\/100_9381-2.jpg","keywords":["grobit","o grove","punta moreiras","TOXA","Viajes compartidos"],"articleSection":["ANTIA NOA","VIAJES COMPARTIDOS"],"inLanguage":"es","potentialAction":[{"@type":"CommentAction","name":"Comment","target":["https:\/\/www.galiciamaxica.eu\/mini\/5037-2\/#respond"]}]},{"@type":"WebPage","@id":"https:\/\/www.galiciamaxica.eu\/mini\/5037-2\/","url":"https:\/\/www.galiciamaxica.eu\/mini\/5037-2\/","name":"O Grove en viaxes compartidos - Galicia con ni\u00f1os | GALICIA M\u00c1XICA","isPartOf":{"@id":"https:\/\/www.galiciamaxica.eu\/mini\/#website"},"primaryImageOfPage":{"@id":"https:\/\/www.galiciamaxica.eu\/mini\/5037-2\/#primaryimage"},"image":{"@id":"https:\/\/www.galiciamaxica.eu\/mini\/5037-2\/#primaryimage"},"thumbnailUrl":"https:\/\/www.galiciamaxica.eu\/mini\/wp-content\/uploads\/2016\/09\/100_9381-2.jpg","datePublished":"2016-09-11T11:58:10+00:00","dateModified":"2026-03-29T19:56:13+00:00","description":"Fixemos a ruta polo Grove de \"Galicia con Ni\u00f1os\" encantounos a todos xa nos tarda repetir. Noa e Ant\u00eda a recomendan!. Descobre a nosa viaxe","breadcrumb":{"@id":"https:\/\/www.galiciamaxica.eu\/mini\/5037-2\/#breadcrumb"},"inLanguage":"es","potentialAction":[{"@type":"ReadAction","target":["https:\/\/www.galiciamaxica.eu\/mini\/5037-2\/"]}]},{"@type":"ImageObject","inLanguage":"es","@id":"https:\/\/www.galiciamaxica.eu\/mini\/5037-2\/#primaryimage","url":"https:\/\/www.galiciamaxica.eu\/mini\/wp-content\/uploads\/2016\/09\/100_9381-2.jpg","contentUrl":"https:\/\/www.galiciamaxica.eu\/mini\/wp-content\/uploads\/2016\/09\/100_9381-2.jpg","width":750,"height":768,"caption":"img_5d9b2b20ae04f"},{"@type":"BreadcrumbList","@id":"https:\/\/www.galiciamaxica.eu\/mini\/5037-2\/#breadcrumb","itemListElement":[{"@type":"ListItem","position":1,"name":"Portada","item":"https:\/\/www.galiciamaxica.eu\/mini\/"},{"@type":"ListItem","position":2,"name":"O Grove en viaxes compartidos"}]},{"@type":"WebSite","@id":"https:\/\/www.galiciamaxica.eu\/mini\/#website","url":"https:\/\/www.galiciamaxica.eu\/mini\/","name":"Galicia con ni\u00f1os | GALICIA M\u00c1XICA","description":"Qu\u00e9 hacer con ni\u00f1os en Galicia","publisher":{"@id":"https:\/\/www.galiciamaxica.eu\/mini\/#\/schema\/person\/2b284fe2fd911000a48d2e8936300179"},"potentialAction":[{"@type":"SearchAction","target":{"@type":"EntryPoint","urlTemplate":"https:\/\/www.galiciamaxica.eu\/mini\/?s={search_term_string}"},"query-input":{"@type":"PropertyValueSpecification","valueRequired":true,"valueName":"search_term_string"}}],"inLanguage":"es"},{"@type":["Person","Organization"],"@id":"https:\/\/www.galiciamaxica.eu\/mini\/#\/schema\/person\/2b284fe2fd911000a48d2e8936300179","name":"seseixa","image":{"@type":"ImageObject","inLanguage":"es","@id":"https:\/\/www.galiciamaxica.eu\/mini\/#\/schema\/person\/image\/","url":"https:\/\/www.galiciamaxica.eu\/mini\/wp-content\/uploads\/2019\/02\/seseixa.png","contentUrl":"https:\/\/www.galiciamaxica.eu\/mini\/wp-content\/uploads\/2019\/02\/seseixa.png","width":100,"height":100,"caption":"seseixa"},"logo":{"@id":"https:\/\/www.galiciamaxica.eu\/mini\/#\/schema\/person\/image\/"},"description":"En la actualidad combinando dos proyectos que me apasionan, Galicia y los ni\u00f1os. Tengo mucho que aportar y otro tanto que aprender, as\u00ed como, el tiempo y el coraz\u00f3n, dividido en todo momento. Soy mam\u00e1, un titulo otorgado a tiempo completo, compa\u00f1era y amiga, a todas horas, familiar y cercana, siempre. De esp\u00edritu inquieto, soy una eterna ni\u00f1a que juega en el pa\u00eds de las maravillas. Una enamorada de mi tierra, por la que trabajo sin descanso. Creo en la infancia como motor que cambiar\u00e1 el mundo a mejor y busco en mi vida la felicidad como estado permanente porque s\u00f3lo se vive una vez.","sameAs":["http:\/\/mini.galiciamaxica.eu\/","https:\/\/www.facebook.com\/maria.rodriguezserantes","https:\/\/x.com\/seseixa"],"url":"https:\/\/www.galiciamaxica.eu\/mini\/author\/seseixa\/"}]}},"amp_enabled":true,"post_mailing_queue_ids":[],"_links":{"self":[{"href":"https:\/\/www.galiciamaxica.eu\/mini\/wp-json\/wp\/v2\/posts\/5037"}],"collection":[{"href":"https:\/\/www.galiciamaxica.eu\/mini\/wp-json\/wp\/v2\/posts"}],"about":[{"href":"https:\/\/www.galiciamaxica.eu\/mini\/wp-json\/wp\/v2\/types\/post"}],"author":[{"embeddable":true,"href":"https:\/\/www.galiciamaxica.eu\/mini\/wp-json\/wp\/v2\/users\/1"}],"replies":[{"embeddable":true,"href":"https:\/\/www.galiciamaxica.eu\/mini\/wp-json\/wp\/v2\/comments?post=5037"}],"version-history":[{"count":2,"href":"https:\/\/www.galiciamaxica.eu\/mini\/wp-json\/wp\/v2\/posts\/5037\/revisions"}],"predecessor-version":[{"id":22880,"href":"https:\/\/www.galiciamaxica.eu\/mini\/wp-json\/wp\/v2\/posts\/5037\/revisions\/22880"}],"wp:featuredmedia":[{"embeddable":true,"href":"https:\/\/www.galiciamaxica.eu\/mini\/wp-json\/wp\/v2\/media\/5043"}],"wp:attachment":[{"href":"https:\/\/www.galiciamaxica.eu\/mini\/wp-json\/wp\/v2\/media?parent=5037"}],"wp:term":[{"taxonomy":"category","embeddable":true,"href":"https:\/\/www.galiciamaxica.eu\/mini\/wp-json\/wp\/v2\/categories?post=5037"},{"taxonomy":"post_tag","embeddable":true,"href":"https:\/\/www.galiciamaxica.eu\/mini\/wp-json\/wp\/v2\/tags?post=5037"}],"curies":[{"name":"wp","href":"https:\/\/api.w.org\/{rel}","templated":true}]}}