{"id":4689,"date":"2016-07-24T16:42:51","date_gmt":"2016-07-24T16:42:51","guid":{"rendered":"http:\/\/www.galiciamaxica.eu\/mini\/?p=4689"},"modified":"2026-03-29T21:56:40","modified_gmt":"2026-03-29T19:56:40","slug":"praia-fluvial-robeira","status":"publish","type":"post","link":"https:\/\/www.galiciamaxica.eu\/mini\/praia-fluvial-robeira\/","title":{"rendered":"Praia Fluvial de Roibeira, en Betanzos"},"content":{"rendered":"<p style=\"text-align: center;\">Somos uns suertudos os galegos,<\/p>\n<p style=\"text-align: center;\">se non temos Praia de mar, cerca temos unha fluvial\u2026<\/p>\n<p style=\"text-align: center;\">das un paso e tes o teu alcance sendeiros enfeitizados, carreiros m\u00e1xicos ou rutas de enconto&#8230;<\/p>\n<p style=\"text-align: center;\">O TEMOS TODO e ben preti\u00f1o<\/p>\n<p style=\"text-align: center;\"><img fetchpriority=\"high\" decoding=\"async\" class=\"aligncenter\" src=\"https:\/\/lh3.googleusercontent.com\/a7x_ZWq3hP1Ftjn7CZegp21GZblf7VIn7NwJTbkqhruENXiX3VytvEB6UA0DQI4j6CDpEk5-noaYloSWq5aOANiJowC95pP_FrqfFJa8yTM4i-BlHrs69obPCyQrNxYwpTgHa_qOFFuQw1Z4p0dnipBoMeKeHqq6z3292LpqT3D8786abnY8auUb0EaLHf3erRSr7w_dG9GDVfq2-esf6qi-1PJHV2FuhgLdJyTL1sjMjHUxVr7FdYsEQizc_jQG8pQw77hGeyZsja3Tf9SyzeX9F1IIhLkI-74wSPewgDUfh8qsiRJCOaspP3XZM7xQ0U7Upi5dJbq3d4BJPcIx8iHgdYTwmOU2AsXz7SudFaJGFknzT82fNx6L1YCHxFV4AJZh5ZYO6dS6ktz-jn-G-_mnH6I_CbITPGP2mRyAPtkGgRrJyUJnoQ18y2HanbRrcBeLZeRBqMzlok-lxeUNxwJ2yAOvQRBFoL5-hkBByxEewm3ktLvVHk0c5T3BVQflHhIarkCqkiej6pA3Nuza8LdR2Bj-MZqWPQ4mfmOeeSSW5iT0kYiIuZo3i-mE8yCMC5bfZe7UBfyOT6okQw66vCYu9r7szf2P=w720-h960-no\" width=\"720\" height=\"960\" \/><br \/>\nNon fai falla irse moi lonxe para disfrutar do mellor ver\u00e1n e se \u00e9 entre amigos millor,<\/p>\n<p style=\"text-align: center;\">se algo temos os galegos e que sabemos divertirnos.<\/p>\n<p style=\"text-align: center;\">Cando non hab\u00eda piscina en Betanzos vi\u00f1a un mont\u00f3n de xente a ba\u00f1arse eiqui&#8230;. a localizaci\u00f3n perfecta<\/p>\n<p style=\"text-align: center;\"><img decoding=\"async\" class=\"aligncenter\" src=\"https:\/\/lh3.googleusercontent.com\/RwTsysut48SoUv2t5WCegbWkOJYi47PBkGw0wiFWR4tbKeEbgr-1JIIEu_kwesTVMwuDeLnzO1XB7oFfBmNiHfa-M8Hp9-x24eBuqqn3sbMopF-3sW-Pkwi0I2TJuqxwzbAybG1cTUkJSwcJRpE_WiMfu6vOkQZBOh-TMKjh26FII7UTX5p-jhiPbfoYxtS5EAeM6nQEPiUwqGOiOcEyAf3_0UyIxj6WeBccAGoFqQ7gjwCJc-7d1jXRJufP0x3YAcjIbbkLGILSEx74GgvGujScIBmXStgZNgz4WHR0dr_2LYiF_tJYW5WOXQICpkUb8gm-8QykDT4TXTcKOBP8CLdZ8e0Ge6pZVcqarNuXIqQ5oeGHqbgDIaTIQ35ky9eIp9GHHEAyAxCXK7S_GLxua3lyykaadWeZBCuD6mZspY1AEPZl7kPtCkHyu6MOlNJcgq6cKLHLQtjJ9z5nrNxFX1Tv2WYvuO-wxMOD3ZKuhLcQ0u-Y4xaveQr5q4tuWgwa1tIH5SMen6CAPnc7zY3EwO570lahwkkP_c8febSiYP7NPerrO62YxRhw9LoxQf3ZKeIRn7WwlOwkzlxAqL_SR_WLrLg0QhI-=w720-h960-no\" width=\"720\" height=\"960\" \/><br \/>\nAqu\u00ed na nosa terra ningu\u00e9n se aburre, temos os mellores encadres que faran que a imaxinaci\u00f3n se dispare.<\/p>\n<p style=\"text-align: center;\">Non e nada dif\u00edcil ba\u00f1arse tocando o mellor do noso patrimonio, n\u00f3s o facemos cunha preciosa ponte medieval, as\u00ed \u00e9 ben sinxelo so\u00f1ar que\u00a0alg\u00fan d\u00eda todos viaxaremos pola xeograf\u00eda galega moito\u00a0antes de\u00a0so\u00f1ar con visitar outros lugares co\u00f1eceremos o propio, o que temos m\u00e1is cerca, nestes lugares non temos que facer reserva,\u00a0nen pagar inxentes cantidades de di\u00f1eiro para desfrutar da millor da nosa natureza e de paso descobrer as nosas ra\u00edces.<\/p>\n<p style=\"text-align: center;\"><img decoding=\"async\" class=\"aligncenter\" src=\"https:\/\/lh3.googleusercontent.com\/_VcsOoJ52jOj5SrMU1guQDadQOLca7lMrfxTuY3xjcgYQuQAaGtNdo8ECp3ND9PDGvlk2m7O5GGxOv4rLVU4Ip9qP5pOWGkqpUNfeDIKZ6dKanBC2CwXtyevKmTgjfUSIR09CLIXACQifD2Fq45LGxAx-lNy6U3MF7LyudqtwFGzkN0CcVu_lTjOXLth8U51Rr4lIQJwgyGtcirp_VQDZY3CTMs--ex2KG5wiYPHHeZfvWOPRM5aK87S7I99NuKz2mxBgK88BMkmLWNRUzU-1Ce7UGcC__Cn_8uUfyKUX1ugXO8Svkz6HhCZKWCXCoZz5bc3rexvEMLWhnYQHsWgvOi2Yf-I7Fs_no5qYnduPN2Vxt6NE4qXYKx5ZUuVUhAgY6v0D1bXfnOzsgZ9Eu-1euYde60RpeHUr3d7nCBmZQjnQW_auI8FmVD4seAme1Enh0yIu3I-2qu5C_e1-PvSXMMYZ-dyzTyOHHjmcw6YOt3Y9XJupoL13SjoqkrIWfWU4wSJguZjeD6pFhVCcveMccdqTMAbdoK2ZNTzLogawMHx9O_cey6HFdvaYd_3145UjYj7nLjLlihrGEuzXM-thos0w925o9vJ=w720-h960-no\" width=\"720\" height=\"960\" \/><\/p>\n<p style=\"text-align: center;\">Lugares nos que non se est\u00e1 tan a gusto como na casa, e como eu penso que primeiro temos que valorar o noso, para despois desfrutar do dem\u00e1is, predico co exemplo.<\/p>\n<h1 style=\"text-align: center;\">ROIBEIRA<\/h1>\n<p style=\"text-align: center;\">Xa ten un sitio privilexiado na p\u00e1xina<\/p>\n<h2 style=\"text-align: center;\">graci\u00f1as<\/h2>\n<p style=\"text-align: center;\"><strong>Noa,\u00a0Ant\u00eda<\/strong>\u00a0e<strong><a href=\"https:\/\/www.facebook.com\/photo.php?fbid=1192302690810235&amp;set=a.356304377743408.86953.100000915455128&amp;type=3&amp;theater\"> familia<\/a><\/strong> por\u00a0valorar a terra e partillar este recuncho con todos!!<\/p>\n<p style=\"text-align: center;\"><img loading=\"lazy\" decoding=\"async\" class=\"aligncenter\" src=\"https:\/\/lh3.googleusercontent.com\/j3RIYyuAYDu5nhkAMpkLMStK-i5ZGEI7TUoV9YrLynyQj25AfeeBkYfTi9jTorB8aqQMd1BHF2rhxrnLUeNeBtsR7OWJtdwQSyqJMINYUgrJ6cj9QQEzZBiTE5T7z9UVbmlwvrfUAVmX24oHfv_YQuWqMe_9nYeI82b8uCNyXraZGXUL8KeYtJBx-ZNHxb5GAoyH4vjp6iBC7BMxI9AOW34dh2j7vUah3mAAog_RzPm3eRclR-Arsrmf7zSjqTxqMQgARDkqCWHo28Tvm-svTvAN9rhgEdQJcJ9k1VSv-9po4usnhIl4ZoNFWliP4kApLt-sV2INUJELzMI7mc2HVvwhZaUGllEXyKpNL4gZLg8d61hPIBXP0iOYmareDvvp2Qq4MlLzx4LyZYunyP8U1DK_2VBk0Gqlqxj-gxES7sOCeuO2P0YKWoIE8TeYGx8vKj0XlddmS3mJNOEdOxxhdrZpnMAY9HWlvkOWRBr3ED92Rnj8psDyUbFX7w6cWbgFdH2r8WtWkRA6mm-61W9cyAn56jjPrE51xVx8cuJ0Ph8h-6QIjTkSmUAf4uy906Us1BqzMq-FEBf5mgN9k34g6c4v-sYD3tjU=w576-h960-no\" width=\"576\" height=\"960\" \/><\/p>\n<p style=\"text-align: center;\"><strong>Galicia mostrase\u00a0m\u00e1xica para os que a saben valorar co coraz\u00f3n!<\/strong><\/p>\n<p style=\"text-align: center;\"><iframe src=\"https:\/\/www.google.com\/maps\/d\/embed?mid=1wSuMnkFwbI_eEZ2kQkUbrls-SZE\" width=\"640\" height=\"480\"><\/iframe><\/p>\n<p style=\"text-align: center;\">Descubre<strong> BETANZOS<\/strong><\/p>\n<p style=\"text-align: center;\">NUESTRA RECOMENDACI\u00d3N<strong> O PARQUE DO PASATEMPO<\/strong><\/p>\n<p style=\"text-align: center;\"><img loading=\"lazy\" decoding=\"async\" class=\"aligncenter\" src=\"https:\/\/galiciamaxica.eu\/mini\/wp-content\/uploads\/2019\/10\/pasatempo142.jpg\" width=\"623\" height=\"415\" \/><\/p>\n","protected":false},"excerpt":{"rendered":"<p>Somos uns suertudos os galegos, se non temos Praia de mar, cerca temos unha fluvial\u2026 das un paso e tes o teu alcance sendeiros enfeitizados, carreiros m\u00e1xicos ou rutas de enconto&#8230; O TEMOS TODO e ben preti\u00f1o Non fai falla irse moi lonxe para disfrutar do mellor ver\u00e1n e se \u00e9 entre amigos millor, se [&hellip;]<\/p>\n","protected":false},"author":1,"featured_media":4691,"comment_status":"open","ping_status":"open","sticky":false,"template":"","format":"standard","meta":{"_eb_attr":"","site-sidebar-layout":"default","site-content-layout":"","ast-site-content-layout":"","site-content-style":"default","site-sidebar-style":"default","ast-global-header-display":"","ast-banner-title-visibility":"","ast-main-header-display":"","ast-hfb-above-header-display":"","ast-hfb-below-header-display":"","ast-hfb-mobile-header-display":"","site-post-title":"","ast-breadcrumbs-content":"","ast-featured-img":"","footer-sml-layout":"","theme-transparent-header-meta":"","adv-header-id-meta":"","stick-header-meta":"","header-above-stick-meta":"","header-main-stick-meta":"","header-below-stick-meta":"","astra-migrate-meta-layouts":"default","ast-page-background-enabled":"default","ast-page-background-meta":{"desktop":{"background-color":"","background-image":"","background-repeat":"repeat","background-position":"center center","background-size":"auto","background-attachment":"scroll","background-type":"","background-media":"","overlay-type":"","overlay-color":"","overlay-opacity":"","overlay-gradient":""},"tablet":{"background-color":"","background-image":"","background-repeat":"repeat","background-position":"center center","background-size":"auto","background-attachment":"scroll","background-type":"","background-media":"","overlay-type":"","overlay-color":"","overlay-opacity":"","overlay-gradient":""},"mobile":{"background-color":"","background-image":"","background-repeat":"repeat","background-position":"center center","background-size":"auto","background-attachment":"scroll","background-type":"","background-media":"","overlay-type":"","overlay-color":"","overlay-opacity":"","overlay-gradient":""}},"ast-content-background-meta":{"desktop":{"background-color":"var(--ast-global-color-5)","background-image":"","background-repeat":"repeat","background-position":"center center","background-size":"auto","background-attachment":"scroll","background-type":"","background-media":"","overlay-type":"","overlay-color":"","overlay-opacity":"","overlay-gradient":""},"tablet":{"background-color":"var(--ast-global-color-5)","background-image":"","background-repeat":"repeat","background-position":"center center","background-size":"auto","background-attachment":"scroll","background-type":"","background-media":"","overlay-type":"","overlay-color":"","overlay-opacity":"","overlay-gradient":""},"mobile":{"background-color":"var(--ast-global-color-5)","background-image":"","background-repeat":"repeat","background-position":"center center","background-size":"auto","background-attachment":"scroll","background-type":"","background-media":"","overlay-type":"","overlay-color":"","overlay-opacity":"","overlay-gradient":""}},"footnotes":""},"categories":[1060,425],"tags":[533,650],"class_list":["post-4689","post","type-post","status-publish","format-standard","has-post-thumbnail","hentry","category-antia-noa","category-viajes-compartidos","tag-playa-fluvial","tag-roibeira"],"yoast_head":"<!-- This site is optimized with the Yoast SEO plugin v24.9 - https:\/\/yoast.com\/wordpress\/plugins\/seo\/ -->\n<title>Praia Fluvial de Roibeira, en Betanzos - Galicia con ni\u00f1os | GALICIA M\u00c1XICA<\/title>\n<meta name=\"robots\" content=\"index, follow, max-snippet:-1, max-image-preview:large, max-video-preview:-1\" \/>\n<link rel=\"canonical\" href=\"https:\/\/www.galiciamaxica.eu\/mini\/praia-fluvial-robeira\/\" \/>\n<meta property=\"og:locale\" content=\"es_ES\" \/>\n<meta property=\"og:type\" content=\"article\" \/>\n<meta property=\"og:title\" content=\"Praia Fluvial de Roibeira, en Betanzos - Galicia con ni\u00f1os | GALICIA M\u00c1XICA\" \/>\n<meta property=\"og:description\" content=\"Somos uns suertudos os galegos, se non temos Praia de mar, cerca temos unha fluvial\u2026 das un paso e tes o teu alcance sendeiros enfeitizados, carreiros m\u00e1xicos ou rutas de enconto&#8230; O TEMOS TODO e ben preti\u00f1o Non fai falla irse moi lonxe para disfrutar do mellor ver\u00e1n e se \u00e9 entre amigos millor, se [&hellip;]\" \/>\n<meta property=\"og:url\" content=\"https:\/\/www.galiciamaxica.eu\/mini\/praia-fluvial-robeira\/\" \/>\n<meta property=\"og:site_name\" content=\"Galicia con ni\u00f1os | GALICIA M\u00c1XICA\" \/>\n<meta property=\"article:publisher\" content=\"https:\/\/www.facebook.com\/maria.rodriguezserantes\" \/>\n<meta property=\"article:author\" content=\"https:\/\/www.facebook.com\/maria.rodriguezserantes\" \/>\n<meta property=\"article:published_time\" content=\"2016-07-24T16:42:51+00:00\" \/>\n<meta property=\"article:modified_time\" content=\"2026-03-29T19:56:40+00:00\" \/>\n<meta property=\"og:image\" content=\"https:\/\/www.galiciamaxica.eu\/mini\/wp-content\/uploads\/2016\/07\/13442594_1087100454669099_894088170214285837_o-1.jpg\" \/>\n\t<meta property=\"og:image:width\" content=\"576\" \/>\n\t<meta property=\"og:image:height\" content=\"768\" \/>\n\t<meta property=\"og:image:type\" content=\"image\/jpeg\" \/>\n<meta name=\"author\" content=\"seseixa\" \/>\n<meta name=\"twitter:card\" content=\"summary_large_image\" \/>\n<meta name=\"twitter:creator\" content=\"@seseixa\" \/>\n<meta name=\"twitter:site\" content=\"@seseixa\" \/>\n<meta name=\"twitter:label1\" content=\"Escrito por\" \/>\n\t<meta name=\"twitter:data1\" content=\"seseixa\" \/>\n\t<meta name=\"twitter:label2\" content=\"Tiempo de lectura\" \/>\n\t<meta name=\"twitter:data2\" content=\"1 minuto\" \/>\n<script type=\"application\/ld+json\" class=\"yoast-schema-graph\">{\"@context\":\"https:\/\/schema.org\",\"@graph\":[{\"@type\":\"Article\",\"@id\":\"https:\/\/www.galiciamaxica.eu\/mini\/praia-fluvial-robeira\/#article\",\"isPartOf\":{\"@id\":\"https:\/\/www.galiciamaxica.eu\/mini\/praia-fluvial-robeira\/\"},\"author\":{\"name\":\"seseixa\",\"@id\":\"https:\/\/www.galiciamaxica.eu\/mini\/#\/schema\/person\/2b284fe2fd911000a48d2e8936300179\"},\"headline\":\"Praia Fluvial de Roibeira, en Betanzos\",\"datePublished\":\"2016-07-24T16:42:51+00:00\",\"dateModified\":\"2026-03-29T19:56:40+00:00\",\"mainEntityOfPage\":{\"@id\":\"https:\/\/www.galiciamaxica.eu\/mini\/praia-fluvial-robeira\/\"},\"wordCount\":278,\"commentCount\":0,\"publisher\":{\"@id\":\"https:\/\/www.galiciamaxica.eu\/mini\/#\/schema\/person\/2b284fe2fd911000a48d2e8936300179\"},\"image\":{\"@id\":\"https:\/\/www.galiciamaxica.eu\/mini\/praia-fluvial-robeira\/#primaryimage\"},\"thumbnailUrl\":\"https:\/\/www.galiciamaxica.eu\/mini\/wp-content\/uploads\/2016\/07\/13442594_1087100454669099_894088170214285837_o-1.jpg\",\"keywords\":[\"PLAYA FLUVIAL\",\"Roibeira\"],\"articleSection\":[\"ANTIA NOA\",\"VIAJES COMPARTIDOS\"],\"inLanguage\":\"es\",\"potentialAction\":[{\"@type\":\"CommentAction\",\"name\":\"Comment\",\"target\":[\"https:\/\/www.galiciamaxica.eu\/mini\/praia-fluvial-robeira\/#respond\"]}]},{\"@type\":\"WebPage\",\"@id\":\"https:\/\/www.galiciamaxica.eu\/mini\/praia-fluvial-robeira\/\",\"url\":\"https:\/\/www.galiciamaxica.eu\/mini\/praia-fluvial-robeira\/\",\"name\":\"Praia Fluvial de Roibeira, en Betanzos - Galicia con ni\u00f1os | GALICIA M\u00c1XICA\",\"isPartOf\":{\"@id\":\"https:\/\/www.galiciamaxica.eu\/mini\/#website\"},\"primaryImageOfPage\":{\"@id\":\"https:\/\/www.galiciamaxica.eu\/mini\/praia-fluvial-robeira\/#primaryimage\"},\"image\":{\"@id\":\"https:\/\/www.galiciamaxica.eu\/mini\/praia-fluvial-robeira\/#primaryimage\"},\"thumbnailUrl\":\"https:\/\/www.galiciamaxica.eu\/mini\/wp-content\/uploads\/2016\/07\/13442594_1087100454669099_894088170214285837_o-1.jpg\",\"datePublished\":\"2016-07-24T16:42:51+00:00\",\"dateModified\":\"2026-03-29T19:56:40+00:00\",\"breadcrumb\":{\"@id\":\"https:\/\/www.galiciamaxica.eu\/mini\/praia-fluvial-robeira\/#breadcrumb\"},\"inLanguage\":\"es\",\"potentialAction\":[{\"@type\":\"ReadAction\",\"target\":[\"https:\/\/www.galiciamaxica.eu\/mini\/praia-fluvial-robeira\/\"]}]},{\"@type\":\"ImageObject\",\"inLanguage\":\"es\",\"@id\":\"https:\/\/www.galiciamaxica.eu\/mini\/praia-fluvial-robeira\/#primaryimage\",\"url\":\"https:\/\/www.galiciamaxica.eu\/mini\/wp-content\/uploads\/2016\/07\/13442594_1087100454669099_894088170214285837_o-1.jpg\",\"contentUrl\":\"https:\/\/www.galiciamaxica.eu\/mini\/wp-content\/uploads\/2016\/07\/13442594_1087100454669099_894088170214285837_o-1.jpg\",\"width\":576,\"height\":768,\"caption\":\"a7x_ZWq3hP1Ftjn7CZegp21GZblf7VIn7NwJTbkqhruENXiX3VytvEB6UA0DQI4j6CDpEk5-noaYloSWq5aOANiJowC95pP_FrqfFJa8yTM4i-BlHrs69obPCyQrNxYwpTgHa_qOFFuQw1Z4p0dnipBoMeKeHqq6z3292LpqT3D8786abnY8auUb0EaLHf3erRSr7w_dG9GDVfq2-esf6qi-1PJHV2FuhgLdJyTL1sjMjHUxVr7FdYsEQizc_jQG8pQw77hGeyZsja3Tf9SyzeX9F1IIhLkI-74wSPewgDUfh8qsiRJCOaspP3XZM7xQ0U7Upi5dJbq3d4BJPcIx8iHgdYTwmOU2AsXz7SudFaJGFknzT82fNx6L1YCHxFV4AJZh5ZYO6dS6ktz-jn-G-_mnH6I_CbITPGP2mRyAPtkGgRrJyUJnoQ18y2HanbRrcBeLZeRBqMzlok-lxeUNxwJ2yAOvQRBFoL5-hkBByxEewm3ktLvVHk0c5T3BVQflHhIarkCqkiej6pA3Nuza8LdR2Bj-MZqWPQ4mfmOeeSSW5iT0kYiIuZo3i-mE8yCMC5bfZe7UBfyOT6okQw66vCYu9r7szf2P=w720-h9\"},{\"@type\":\"BreadcrumbList\",\"@id\":\"https:\/\/www.galiciamaxica.eu\/mini\/praia-fluvial-robeira\/#breadcrumb\",\"itemListElement\":[{\"@type\":\"ListItem\",\"position\":1,\"name\":\"Portada\",\"item\":\"https:\/\/www.galiciamaxica.eu\/mini\/\"},{\"@type\":\"ListItem\",\"position\":2,\"name\":\"Praia Fluvial de Roibeira, en Betanzos\"}]},{\"@type\":\"WebSite\",\"@id\":\"https:\/\/www.galiciamaxica.eu\/mini\/#website\",\"url\":\"https:\/\/www.galiciamaxica.eu\/mini\/\",\"name\":\"Galicia con ni\u00f1os | GALICIA M\u00c1XICA\",\"description\":\"Qu\u00e9 hacer con ni\u00f1os en Galicia\",\"publisher\":{\"@id\":\"https:\/\/www.galiciamaxica.eu\/mini\/#\/schema\/person\/2b284fe2fd911000a48d2e8936300179\"},\"potentialAction\":[{\"@type\":\"SearchAction\",\"target\":{\"@type\":\"EntryPoint\",\"urlTemplate\":\"https:\/\/www.galiciamaxica.eu\/mini\/?s={search_term_string}\"},\"query-input\":{\"@type\":\"PropertyValueSpecification\",\"valueRequired\":true,\"valueName\":\"search_term_string\"}}],\"inLanguage\":\"es\"},{\"@type\":[\"Person\",\"Organization\"],\"@id\":\"https:\/\/www.galiciamaxica.eu\/mini\/#\/schema\/person\/2b284fe2fd911000a48d2e8936300179\",\"name\":\"seseixa\",\"image\":{\"@type\":\"ImageObject\",\"inLanguage\":\"es\",\"@id\":\"https:\/\/www.galiciamaxica.eu\/mini\/#\/schema\/person\/image\/\",\"url\":\"https:\/\/www.galiciamaxica.eu\/mini\/wp-content\/uploads\/2019\/02\/seseixa.png\",\"contentUrl\":\"https:\/\/www.galiciamaxica.eu\/mini\/wp-content\/uploads\/2019\/02\/seseixa.png\",\"width\":100,\"height\":100,\"caption\":\"seseixa\"},\"logo\":{\"@id\":\"https:\/\/www.galiciamaxica.eu\/mini\/#\/schema\/person\/image\/\"},\"description\":\"En la actualidad combinando dos proyectos que me apasionan, Galicia y los ni\u00f1os. Tengo mucho que aportar y otro tanto que aprender, as\u00ed como, el tiempo y el coraz\u00f3n, dividido en todo momento. Soy mam\u00e1, un titulo otorgado a tiempo completo, compa\u00f1era y amiga, a todas horas, familiar y cercana, siempre. De esp\u00edritu inquieto, soy una eterna ni\u00f1a que juega en el pa\u00eds de las maravillas. Una enamorada de mi tierra, por la que trabajo sin descanso. Creo en la infancia como motor que cambiar\u00e1 el mundo a mejor y busco en mi vida la felicidad como estado permanente porque s\u00f3lo se vive una vez.\",\"sameAs\":[\"http:\/\/mini.galiciamaxica.eu\/\",\"https:\/\/www.facebook.com\/maria.rodriguezserantes\",\"https:\/\/x.com\/seseixa\"],\"url\":\"https:\/\/www.galiciamaxica.eu\/mini\/author\/seseixa\/\"}]}<\/script>\n<!-- \/ Yoast SEO plugin. -->","yoast_head_json":{"title":"Praia Fluvial de Roibeira, en Betanzos - Galicia con ni\u00f1os | GALICIA M\u00c1XICA","robots":{"index":"index","follow":"follow","max-snippet":"max-snippet:-1","max-image-preview":"max-image-preview:large","max-video-preview":"max-video-preview:-1"},"canonical":"https:\/\/www.galiciamaxica.eu\/mini\/praia-fluvial-robeira\/","og_locale":"es_ES","og_type":"article","og_title":"Praia Fluvial de Roibeira, en Betanzos - Galicia con ni\u00f1os | GALICIA M\u00c1XICA","og_description":"Somos uns suertudos os galegos, se non temos Praia de mar, cerca temos unha fluvial\u2026 das un paso e tes o teu alcance sendeiros enfeitizados, carreiros m\u00e1xicos ou rutas de enconto&#8230; O TEMOS TODO e ben preti\u00f1o Non fai falla irse moi lonxe para disfrutar do mellor ver\u00e1n e se \u00e9 entre amigos millor, se [&hellip;]","og_url":"https:\/\/www.galiciamaxica.eu\/mini\/praia-fluvial-robeira\/","og_site_name":"Galicia con ni\u00f1os | GALICIA M\u00c1XICA","article_publisher":"https:\/\/www.facebook.com\/maria.rodriguezserantes","article_author":"https:\/\/www.facebook.com\/maria.rodriguezserantes","article_published_time":"2016-07-24T16:42:51+00:00","article_modified_time":"2026-03-29T19:56:40+00:00","og_image":[{"width":576,"height":768,"url":"https:\/\/www.galiciamaxica.eu\/mini\/wp-content\/uploads\/2016\/07\/13442594_1087100454669099_894088170214285837_o-1.jpg","type":"image\/jpeg"}],"author":"seseixa","twitter_card":"summary_large_image","twitter_creator":"@seseixa","twitter_site":"@seseixa","twitter_misc":{"Escrito por":"seseixa","Tiempo de lectura":"1 minuto"},"schema":{"@context":"https:\/\/schema.org","@graph":[{"@type":"Article","@id":"https:\/\/www.galiciamaxica.eu\/mini\/praia-fluvial-robeira\/#article","isPartOf":{"@id":"https:\/\/www.galiciamaxica.eu\/mini\/praia-fluvial-robeira\/"},"author":{"name":"seseixa","@id":"https:\/\/www.galiciamaxica.eu\/mini\/#\/schema\/person\/2b284fe2fd911000a48d2e8936300179"},"headline":"Praia Fluvial de Roibeira, en Betanzos","datePublished":"2016-07-24T16:42:51+00:00","dateModified":"2026-03-29T19:56:40+00:00","mainEntityOfPage":{"@id":"https:\/\/www.galiciamaxica.eu\/mini\/praia-fluvial-robeira\/"},"wordCount":278,"commentCount":0,"publisher":{"@id":"https:\/\/www.galiciamaxica.eu\/mini\/#\/schema\/person\/2b284fe2fd911000a48d2e8936300179"},"image":{"@id":"https:\/\/www.galiciamaxica.eu\/mini\/praia-fluvial-robeira\/#primaryimage"},"thumbnailUrl":"https:\/\/www.galiciamaxica.eu\/mini\/wp-content\/uploads\/2016\/07\/13442594_1087100454669099_894088170214285837_o-1.jpg","keywords":["PLAYA FLUVIAL","Roibeira"],"articleSection":["ANTIA NOA","VIAJES COMPARTIDOS"],"inLanguage":"es","potentialAction":[{"@type":"CommentAction","name":"Comment","target":["https:\/\/www.galiciamaxica.eu\/mini\/praia-fluvial-robeira\/#respond"]}]},{"@type":"WebPage","@id":"https:\/\/www.galiciamaxica.eu\/mini\/praia-fluvial-robeira\/","url":"https:\/\/www.galiciamaxica.eu\/mini\/praia-fluvial-robeira\/","name":"Praia Fluvial de Roibeira, en Betanzos - Galicia con ni\u00f1os | GALICIA M\u00c1XICA","isPartOf":{"@id":"https:\/\/www.galiciamaxica.eu\/mini\/#website"},"primaryImageOfPage":{"@id":"https:\/\/www.galiciamaxica.eu\/mini\/praia-fluvial-robeira\/#primaryimage"},"image":{"@id":"https:\/\/www.galiciamaxica.eu\/mini\/praia-fluvial-robeira\/#primaryimage"},"thumbnailUrl":"https:\/\/www.galiciamaxica.eu\/mini\/wp-content\/uploads\/2016\/07\/13442594_1087100454669099_894088170214285837_o-1.jpg","datePublished":"2016-07-24T16:42:51+00:00","dateModified":"2026-03-29T19:56:40+00:00","breadcrumb":{"@id":"https:\/\/www.galiciamaxica.eu\/mini\/praia-fluvial-robeira\/#breadcrumb"},"inLanguage":"es","potentialAction":[{"@type":"ReadAction","target":["https:\/\/www.galiciamaxica.eu\/mini\/praia-fluvial-robeira\/"]}]},{"@type":"ImageObject","inLanguage":"es","@id":"https:\/\/www.galiciamaxica.eu\/mini\/praia-fluvial-robeira\/#primaryimage","url":"https:\/\/www.galiciamaxica.eu\/mini\/wp-content\/uploads\/2016\/07\/13442594_1087100454669099_894088170214285837_o-1.jpg","contentUrl":"https:\/\/www.galiciamaxica.eu\/mini\/wp-content\/uploads\/2016\/07\/13442594_1087100454669099_894088170214285837_o-1.jpg","width":576,"height":768,"caption":"a7x_ZWq3hP1Ftjn7CZegp21GZblf7VIn7NwJTbkqhruENXiX3VytvEB6UA0DQI4j6CDpEk5-noaYloSWq5aOANiJowC95pP_FrqfFJa8yTM4i-BlHrs69obPCyQrNxYwpTgHa_qOFFuQw1Z4p0dnipBoMeKeHqq6z3292LpqT3D8786abnY8auUb0EaLHf3erRSr7w_dG9GDVfq2-esf6qi-1PJHV2FuhgLdJyTL1sjMjHUxVr7FdYsEQizc_jQG8pQw77hGeyZsja3Tf9SyzeX9F1IIhLkI-74wSPewgDUfh8qsiRJCOaspP3XZM7xQ0U7Upi5dJbq3d4BJPcIx8iHgdYTwmOU2AsXz7SudFaJGFknzT82fNx6L1YCHxFV4AJZh5ZYO6dS6ktz-jn-G-_mnH6I_CbITPGP2mRyAPtkGgRrJyUJnoQ18y2HanbRrcBeLZeRBqMzlok-lxeUNxwJ2yAOvQRBFoL5-hkBByxEewm3ktLvVHk0c5T3BVQflHhIarkCqkiej6pA3Nuza8LdR2Bj-MZqWPQ4mfmOeeSSW5iT0kYiIuZo3i-mE8yCMC5bfZe7UBfyOT6okQw66vCYu9r7szf2P=w720-h9"},{"@type":"BreadcrumbList","@id":"https:\/\/www.galiciamaxica.eu\/mini\/praia-fluvial-robeira\/#breadcrumb","itemListElement":[{"@type":"ListItem","position":1,"name":"Portada","item":"https:\/\/www.galiciamaxica.eu\/mini\/"},{"@type":"ListItem","position":2,"name":"Praia Fluvial de Roibeira, en Betanzos"}]},{"@type":"WebSite","@id":"https:\/\/www.galiciamaxica.eu\/mini\/#website","url":"https:\/\/www.galiciamaxica.eu\/mini\/","name":"Galicia con ni\u00f1os | GALICIA M\u00c1XICA","description":"Qu\u00e9 hacer con ni\u00f1os en Galicia","publisher":{"@id":"https:\/\/www.galiciamaxica.eu\/mini\/#\/schema\/person\/2b284fe2fd911000a48d2e8936300179"},"potentialAction":[{"@type":"SearchAction","target":{"@type":"EntryPoint","urlTemplate":"https:\/\/www.galiciamaxica.eu\/mini\/?s={search_term_string}"},"query-input":{"@type":"PropertyValueSpecification","valueRequired":true,"valueName":"search_term_string"}}],"inLanguage":"es"},{"@type":["Person","Organization"],"@id":"https:\/\/www.galiciamaxica.eu\/mini\/#\/schema\/person\/2b284fe2fd911000a48d2e8936300179","name":"seseixa","image":{"@type":"ImageObject","inLanguage":"es","@id":"https:\/\/www.galiciamaxica.eu\/mini\/#\/schema\/person\/image\/","url":"https:\/\/www.galiciamaxica.eu\/mini\/wp-content\/uploads\/2019\/02\/seseixa.png","contentUrl":"https:\/\/www.galiciamaxica.eu\/mini\/wp-content\/uploads\/2019\/02\/seseixa.png","width":100,"height":100,"caption":"seseixa"},"logo":{"@id":"https:\/\/www.galiciamaxica.eu\/mini\/#\/schema\/person\/image\/"},"description":"En la actualidad combinando dos proyectos que me apasionan, Galicia y los ni\u00f1os. Tengo mucho que aportar y otro tanto que aprender, as\u00ed como, el tiempo y el coraz\u00f3n, dividido en todo momento. Soy mam\u00e1, un titulo otorgado a tiempo completo, compa\u00f1era y amiga, a todas horas, familiar y cercana, siempre. De esp\u00edritu inquieto, soy una eterna ni\u00f1a que juega en el pa\u00eds de las maravillas. Una enamorada de mi tierra, por la que trabajo sin descanso. Creo en la infancia como motor que cambiar\u00e1 el mundo a mejor y busco en mi vida la felicidad como estado permanente porque s\u00f3lo se vive una vez.","sameAs":["http:\/\/mini.galiciamaxica.eu\/","https:\/\/www.facebook.com\/maria.rodriguezserantes","https:\/\/x.com\/seseixa"],"url":"https:\/\/www.galiciamaxica.eu\/mini\/author\/seseixa\/"}]}},"amp_enabled":true,"post_mailing_queue_ids":[],"_links":{"self":[{"href":"https:\/\/www.galiciamaxica.eu\/mini\/wp-json\/wp\/v2\/posts\/4689"}],"collection":[{"href":"https:\/\/www.galiciamaxica.eu\/mini\/wp-json\/wp\/v2\/posts"}],"about":[{"href":"https:\/\/www.galiciamaxica.eu\/mini\/wp-json\/wp\/v2\/types\/post"}],"author":[{"embeddable":true,"href":"https:\/\/www.galiciamaxica.eu\/mini\/wp-json\/wp\/v2\/users\/1"}],"replies":[{"embeddable":true,"href":"https:\/\/www.galiciamaxica.eu\/mini\/wp-json\/wp\/v2\/comments?post=4689"}],"version-history":[{"count":2,"href":"https:\/\/www.galiciamaxica.eu\/mini\/wp-json\/wp\/v2\/posts\/4689\/revisions"}],"predecessor-version":[{"id":23010,"href":"https:\/\/www.galiciamaxica.eu\/mini\/wp-json\/wp\/v2\/posts\/4689\/revisions\/23010"}],"wp:featuredmedia":[{"embeddable":true,"href":"https:\/\/www.galiciamaxica.eu\/mini\/wp-json\/wp\/v2\/media\/4691"}],"wp:attachment":[{"href":"https:\/\/www.galiciamaxica.eu\/mini\/wp-json\/wp\/v2\/media?parent=4689"}],"wp:term":[{"taxonomy":"category","embeddable":true,"href":"https:\/\/www.galiciamaxica.eu\/mini\/wp-json\/wp\/v2\/categories?post=4689"},{"taxonomy":"post_tag","embeddable":true,"href":"https:\/\/www.galiciamaxica.eu\/mini\/wp-json\/wp\/v2\/tags?post=4689"}],"curies":[{"name":"wp","href":"https:\/\/api.w.org\/{rel}","templated":true}]}}