{"id":4434,"date":"2018-05-08T15:09:52","date_gmt":"2018-05-08T15:09:52","guid":{"rendered":"http:\/\/www.galiciamaxica.eu\/mini\/?p=4434"},"modified":"2026-03-29T21:56:45","modified_gmt":"2026-03-29T19:56:45","slug":"hoy-picnic","status":"publish","type":"post","link":"https:\/\/www.galiciamaxica.eu\/mini\/hoy-picnic\/","title":{"rendered":"Nos vamos de Picnic"},"content":{"rendered":"<p>Se acerca el fin de semana y me apetece\u00a0un maravilloso d\u00eda de picnic con los ni\u00f1os, qui\u00e9n no recuerda esas tardes en el monte con la familia, cuando quedamos con amigos o\u00a0familiares\u00a0para pasar toda la tarde.<\/p>\n<p>Recuperemos\u00a0esta preciosa costumbre\u00a0de ir con los ni\u00f1os al monte en <a href=\"http:\/\/www.galiciamaxica.eu\/mini\/galicia-tu-destino-en-familia\/\">Galicia<\/a>, coge tu mantel especial, porque hoy nos vamos de picnic!! y a partir de ya mismo, lo haremos por lo menos una vez cada mes, ah y no s\u00f3lo en verano, se puede hacer en cualquier\u00a0estaci\u00f3n. Y me preguntar\u00e1s <strong>\u00bf<\/strong><span style=\"line-height: 1.5;\"><strong>por qu\u00e9 no un picnic\u00a0en<a href=\"http:\/\/www.galiciamaxica.eu\/categoria\/playas\/\"> la playa<\/a>?<\/strong> , pues claro que s\u00ed que es verano pero como aqu\u00ed la sombra no est\u00e1 garantizada siempre lleva sombrilla y una gran toalla para que no com\u00e1is mucha arena \ud83d\ude09 tambi\u00e9n hay playas con zona arbolada y mesas,\u00a0<strong>SAMIL s<\/strong>er\u00eda nuestra elecci\u00f3n, cu\u00e9ntanos la tuya. <\/span><\/p>\n<p><span style=\"line-height: 1.5;\">Reconozco que a nosotros nos gusta m\u00e1s los picnic en verde e ir a la playa despu\u00e9s de hacer la digesti\u00f3n, pero t\u00fa eliges d\u00f3nde y tambi\u00e9n el orden y el lugar.<\/span><\/p>\n<p>Y qui\u00e9n mejor que <a href=\"http:\/\/sweetale.es\/\">SWEET ALE<\/a> para ense\u00f1arnos que cualquier d\u00eda est\u00e1 bien para ir de picnic\u00a0familiar y en uno de nuestros sitios preferidos, pues ni te cuento, el\u00a0ROTEIRO DE ZAM\u00c1NS<\/p>\n<figure style=\"width: 686px\" class=\"wp-caption aligncenter\"><a href=\"http:\/\/sweetale.es\/2015\/04\/27\/paseo-y-picnic-a-orillas-del-embalse-de-zamanes-vigo-pontevedra-galicia-2\/\"><img fetchpriority=\"high\" decoding=\"async\" src=\"https:\/\/galiciamaxica.eu\/mini\/wp-content\/uploads\/2019\/10\/20150321_143858-imp.jpg\" alt=\"\" width=\"686\" height=\"396\" \/><\/a><figcaption class=\"wp-caption-text\"><strong><a href=\"http:\/\/sweetale.es\/2015\/04\/27\/paseo-y-picnic-a-orillas-del-embalse-de-zamanes-vigo-pontevedra-galicia-2\/\">SWEET ALE- PICNIC RUTA ZAM\u00c1NS<\/a><\/strong><\/figcaption><\/figure>\n<p>El comer en\u00a0la\u00a0naturaleza es enriquecedor para los ni\u00f1os, los saca de su rutina y aporta a sus vidas decorados sin igual y colorci\u00f1o del bueno.. prepararemos todo el d\u00eda anterior con ellos, va a ser muy divertido y crearemos expectaci\u00f3n, ellos deben ser parte del viaje, no un acompa\u00f1ante m\u00e1s, dejemos que aporten y lo vivan intensamente desde el primer segundo, es suyo tanto como nuestro, creemos momentos \u00fanicos en familia.<\/p>\n<p>[amazon_link asins=&#8217;B004XE0CUC,B073ZW3V9Y,B01CE7B456,B075F2HCF6,B01G7092TG,B0060276WW,B071GSP2TC&#8217; template=&#8217;ProductCarousel&#8217; store=&#8217;gm086-21&#8242; marketplace=&#8217;ES&#8217; link_id=&#8217;b7db5912-5e6a-11e8-b744-9b0f61277390&#8242;]<\/p>\n<p>Recuerda el ingrediente m\u00e1gico paciencia y a\u00f1ade la calma, ellos tienen diferente ritmo al nuestro, no esperes que sean \u00a0los que se adelanten a nuestras expectativas, se t\u00fa el que las cree, no por ellos sino con ellos.<\/p>\n<p>Son muchos los pap\u00e1s que me mandan correos explicando que les es muy complicado ir al monte con su hij@, que por favor les de consejos \u00abde c\u00f3mo hacer que no se aburra\u00bb, creo que no debemos olvidarnos de que son ni\u00f1os y que si aburren en alg\u00fan momento, es normal, lo que no es propio es sacarlos de un lugar porque se aburren al primer segundo, en este caso fallamos nosotros cediendo y demostrando que no tenemos recursos con los que dar ese empujoncito que necesitan para cambiar el aburrimiento por un qu\u00e9 bien me lo estoy pasando.<\/p>\n<p>[amazon_link asins=&#8217;B07B1XCQXN,B00CH0HMRU,B00CH0HKN6,B00CH0HL3A,B00CH0HLP8&#8242; template=&#8217;ProductCarousel&#8217; store=&#8217;gm086-21&#8242; marketplace=&#8217;ES&#8217; link_id=&#8217;d56e4d3f-5e6a-11e8-a959-19d9243db02a&#8217;]<\/p>\n<p style=\"text-align: center;\">Dales tiempo, no les reproches, buscaremos <a href=\"http:\/\/www.bebesymas.com\/juegos-y-juguetes\/juegos-en-la-montana-para-ninos-en-busca-de-las-cartas-perdidas\">opciones<\/a> juntos.<\/p>\n<p style=\"text-align: center;\">Calma su momento terco con un libro que no hay\u00e1is le\u00eddo a\u00fan en la naturaleza, ver\u00e1s que bien les sienta.<\/p>\n<p><img decoding=\"async\" class=\"aligncenter\" src=\"https:\/\/lh3.googleusercontent.com\/BFG7W5IxuefxdK_HyVzNFTsLZiE2tXbQZzZuAdeZOerBKPRnOMEAImknzGssRlfOUL5LY_-6c_7DmRCefzbPTIwbRflLEjt37J21_gQwN3EIyWPTZn7YK3Zwswfc59Ho9X9kLVc2dz9zwv4VS2d0EmrxYU5dk8kObclq-oCBro4dQOXzS72nANhhU5zEUVNjCBPLCTeh3uk8dopWoup2dLE-jbJzsfFnUP_OJfNoH6i9a99YkQBP2HVKKm45FVNzG7vwti-RySrGJ6LbSP3YY5Aq59OWGGZ0JoNKufpJRpS_NcsLGlu08EZzaPYPkADljL_MblkTqRN_ipw9le77IW5Kw0hin2gLBFovEsP-Rz3uwNYZFk2MpeETPi6AOK8TNJP71TUkOGeKcir0aXc7r_NLELBZMzBJqrEaHuKmK34USKn2zQba7l_9tUwC0Ho6-kKW-wzEaZr7DY9Jv8VLa3guWvxHbbjBE3p9YCGy-ar9535OdLumxdeWQo-12W_mEBWweH_oJ7Qz6u3AOvTfGY8iOVD_FKPQ6prtKoHu7zKz7y-AAvRHsR5flAQMqR5gWqHzVgzGNmghT9Xysod41p_BQCjaRA-C=w720-h480-no\" alt=\"\" width=\"720\" height=\"480\" \/><\/p>\n<p style=\"text-align: center;\">Si est\u00e1n acompa\u00f1ados de m\u00e1s ni\u00f1os, seguro que no les ver\u00e1s el pelo.\u00a0No te preocupes si en alg\u00fan momento surgen desavenencias, ellos pronto las solucionar\u00e1n y continuar\u00e1n con el juego, sino es as\u00ed, recuerda los adultos somos nosotros, media, no te posiciones nunca, intenta llevarlos a tu campo haci\u00e9ndoles entender que los juegos son m\u00e1s divertidos en com\u00fan y hay que procurar ceder todos, est\u00e1 bien un gui\u00f1o al que sufre la sinraz\u00f3n del momento, te ganar\u00e1s un aliado y ser\u00e1 m\u00e1s sencillo el negociar.<\/p>\n<p style=\"text-align: center;\">Algunas opciones de juego<\/p>\n<p style=\"text-align: center;\"><iframe src=\"https:\/\/www.youtube.com\/embed\/TIX1PHtphy0\" width=\"560\" height=\"315\" frameborder=\"0\" allowfullscreen=\"allowfullscreen\"><\/iframe><\/p>\n<p>Consejo buscar el <strong><a href=\"http:\/\/www.galiciamaxica.eu\/mini\/el-juego-mas-divertido-en-familia-el-geocaching-gallego\/\">Geocaching<\/a><\/strong> del lugar al que vay\u00e1is, que no hay, pues nos toca a nosotros esconder objetos para los dem\u00e1s y dar pistas, Galicia da mucho juego, no lo olvid\u00e9is.<\/p>\n<figure style=\"width: 775px\" class=\"wp-caption aligncenter\"><a href=\"http:\/\/www.galiciamaxica.eu\/mini\/el-juego-mas-divertido-en-familia-el-geocaching-gallego\/\"><img decoding=\"async\" class=\"\" src=\"https:\/\/lh3.googleusercontent.com\/ish4kxp21z7nDc49ZjSC6ggJclf6GiZIXbQCKWOk1cFwDiVV2aLeiqpK2jXSLY6zxqiAtEZ-eFaXTL5u89emFSkIIPjFb_Q4BugQOP1zffIXV-ZtjfpxoFv9bLBS60Cu88haAc6t1O7ddryzrGp_uKU5obVck_J1DcEhIL2FP3oG0YN7LhsAkSDsaJOkXz6BiLP2ALWgQUjSsPt30mPrUpiBWiT_ZpuJVNTdOh8En7gRuYTe-7K05usTK98cYoirtl0H3GrsG7s_EJ-EpwHuVDzz-z8F275R_Mbiz6mWUXLztlZDejTzcc1j8WB9lI5MxM_quCB2VscjZEmilZSxSZiyFoZljqef2WvMS_uazHvqh9GYWyzFmjgU2yZG4AESRfyPXumy9w2cOpKKUlgakIEYPNlunncebcHwzVuwB2fE6jBM6mmkdXQ_QCJ0d1gKR3WTf1d9kpr6k5bzee13qUwj7vkeqyr-CX-m37uXEos8O1YDcNWc3ciYjlLpahpfWM8pjnJdNcV7WUaGFPQfoUN1GHhFHKqyA5mc013PmjX55SaAhlpXKj4hdZLhuWO7zb1esg=s775-no\" alt=\"\" width=\"775\" height=\"775\" \/><\/a><figcaption class=\"wp-caption-text\"><a href=\"http:\/\/www.galiciamaxica.eu\/mini\/el-juego-mas-divertido-en-familia-el-geocaching-gallego\/\"> TURVEGAL<\/a><\/figcaption><\/figure>\n<h1 style=\"text-align: center;\">\u00bfQu\u00e9 llevaremos?<\/h1>\n<p>-Ropa y calzado c\u00f3modo, nos vamos a manchar, vamos a hacer locuras y aqu\u00ed lo de ir punta en blanco, como que no.<\/p>\n<p>-Ropa de cambio no estar\u00eda mal, y si por un casual ven un r\u00edo o lago y quieren comprobar profundidad o porque refresca por la tarde y vamos muy fresquitos.<\/p>\n<p>-Ba\u00f1adores y toalla, recuerda estamos en verano y las playas siempre aparecen como por arte de magia (<a href=\"http:\/\/www.galiciamaxica.eu\/mini\/4013-2\/\"> no te olvides, la crema, visera y gorra<\/a>).<\/p>\n<p>-Un peque\u00f1o botiqu\u00edn debe ser obligado en todas las excursiones, que no va a pasar nada, lo sabemos, pero no est\u00e1 de m\u00e1s llevarlo.<\/p>\n<p>[amazon_link asins=&#8217;B000RPDPSC,B004TLTH6Y,B0727LBGRS,B01H089VHC,B07BZKZD5S,B07BZCDYKV&#8217; template=&#8217;ProductCarousel&#8217; store=&#8217;gm086-21&#8242; marketplace=&#8217;ES&#8217; link_id=&#8217;fdb17580-5e6a-11e8-be6f-cd7392371445&#8242;]<\/p>\n<h1 style=\"text-align: center;\"><strong>\u00bfQu\u00e9 debe contener\u00a0seg\u00fan\u00a0los expertos?<\/strong><\/h1>\n<p><a href=\"http:\/\/www.consejosdefarmacia.com\/2013\/06\/botiquin-de-primeros-auxilios.html\"><img loading=\"lazy\" decoding=\"async\" class=\"aligncenter\" src=\"https:\/\/galiciamaxica.eu\/mini\/wp-content\/uploads\/2019\/10\/botiquin-metal-LaTienda232.jpg\" alt=\"\" width=\"443\" height=\"343\" \/><\/a><\/p>\n<p><strong>a) Material de cura:\u00a0<\/strong>algod\u00f3n, gasa est\u00e9ril, tiritas, vendas, esparadrapo&#8230;tambi\u00e9n es conveniente tener soluci\u00f3n salina y alg\u00fan antis\u00e9ptico para limpiar y desinfectar heridas.<\/p>\n<p><strong>b) Medicamentos para el dolor: <\/strong>analg\u00e9sico espec\u00edfico para sus edades,\u00a0en su envase original y con su prospecto, revisando su caducidad<\/p>\n<p><strong>c) Pomada para picaduras:<\/strong> productos para picaduras de insectos.<\/p>\n<p><strong>d) Accesorios:<\/strong>\u00a0\u00a0tijeras, pinzas y term\u00f3metro, as\u00ed como si hay un beb\u00e9 en casa, un chupete, una tetina y una <strong>pomada \u00fatil<\/strong> para la dermatitis de pa\u00f1al.<\/p>\n<p>No \u00a0te pongas excusas aqu\u00ed nada tiene que ver los bolsillos porque no hace falta irse muy lejos para tener contacto con la naturaleza.<\/p>\n<p><strong>\u00bfY si no hay mesa?\u00a0<\/strong>Pues toalla y al suelo<\/p>\n<p>&nbsp;<\/p>\n<figure style=\"width: 310px\" class=\"wp-caption alignleft\"><a href=\"http:\/\/www.galiciamaxica.eu\/categoria\/areas-recreativas\/\"><img loading=\"lazy\" decoding=\"async\" class=\"\" src=\"https:\/\/galiciamaxica.eu\/mini\/wp-content\/uploads\/2019\/10\/img_5d9a246473022.jpg\" alt=\"\" width=\"310\" height=\"208\" \/><\/a><figcaption class=\"wp-caption-text\"><strong><a href=\"http:\/\/www.galiciamaxica.eu\/categoria\/areas-recreativas\/\">\u00c1REAS RECREATIVAS<\/a><\/strong><\/figcaption><\/figure>\n<figure style=\"width: 343px\" class=\"wp-caption alignleft\"><a href=\"http:\/\/www.galiciamaxica.eu\/categoria\/playas-fluviales\/\"><img loading=\"lazy\" decoding=\"async\" class=\"\" src=\"https:\/\/galiciamaxica.eu\/mini\/wp-content\/uploads\/2019\/10\/img_5d9a2464849e7.png\" alt=\"\" width=\"343\" height=\"231\" \/><\/a><figcaption class=\"wp-caption-text\"><strong><a href=\"http:\/\/www.galiciamaxica.eu\/categoria\/playas-fluviales\/\">PLAYAS FLUVIALES<\/a><\/strong><\/figcaption><\/figure>\n<h1 style=\"text-align: center;\"><\/h1>\n<h1 style=\"text-align: center;\">D\u00e9jate llevar y s\u00e9 ni\u00f1o otra vez.<\/h1>\n<figure id=\"attachment_4437\" aria-describedby=\"caption-attachment-4437\" style=\"width: 640px\" class=\"wp-caption aligncenter\"><a href=\"https:\/\/www.facebook.com\/tourwanderlust\/\" rel=\"attachment wp-att-4437\"><img loading=\"lazy\" decoding=\"async\" class=\"wp-image-4437 size-large\" src=\"http:\/\/www.galiciamaxica.eu\/mini\/wp-content\/uploads\/2016\/07\/13086628_545717932256710_1168559879972622774_o-1024x524.jpg\" alt=\"13086628_545717932256710_1168559879972622774_o\" width=\"640\" height=\"328\" srcset=\"https:\/\/www.galiciamaxica.eu\/mini\/wp-content\/uploads\/2016\/07\/13086628_545717932256710_1168559879972622774_o-1024x524.jpg 1024w, https:\/\/www.galiciamaxica.eu\/mini\/wp-content\/uploads\/2016\/07\/13086628_545717932256710_1168559879972622774_o-300x153.jpg 300w, https:\/\/www.galiciamaxica.eu\/mini\/wp-content\/uploads\/2016\/07\/13086628_545717932256710_1168559879972622774_o-768x393.jpg 768w, https:\/\/www.galiciamaxica.eu\/mini\/wp-content\/uploads\/2016\/07\/13086628_545717932256710_1168559879972622774_o.jpg 1280w\" sizes=\"(max-width: 640px) 100vw, 640px\" \/><\/a><figcaption id=\"caption-attachment-4437\" class=\"wp-caption-text\"><strong><a href=\"https:\/\/www.facebook.com\/tourwanderlust\/\">TOUR WANDERLUST<\/a><\/strong><\/figcaption><\/figure>\n<h1 style=\"text-align: center;\">\u00bfQu\u00e9 llevaremos de picnic?<\/h1>\n<p>L\u00edquidos en abundancia siempre, por si no encontr\u00e1is fuente o esta no es potable\u00a0y para los m\u00e1s peques adem\u00e1s alg\u00fan que otro zumo o batido pero recuerda incluir alg\u00fan sabor que no haya probado, aqu\u00ed todo sabe mejor, est\u00e1n m\u00e1s discernidos y se lo beber\u00e1n casi sin dudarlo, recuerda motivarlo cuando lo haga, que no lo bebe todo por lo menos lo ha probado y eso cuenta, es un campe\u00f3n hasta salta y corre mucho m\u00e1s. Tambi\u00e9n os recomiendo preparar \u00a0platos que no prueben\u00a0normalmente, una neverita no estar\u00eda mal que no tienes nevera, bolsa isot\u00e9rmica y procura llevar alimentos que no precisen de mucho fr\u00edo, venga agudiza el ingenio nos lo vamos a pasar genial, que no te apetece hacer comida pues bocata, s\u00e1ndwich..no hay marcha atr\u00e1s, ellos quieren ir y recon\u00f3celo, t\u00fa m\u00e1s.<\/p>\n<p>Para los cocinitas, os acerco comidas que acompa\u00f1ar\u00e1n un gran d\u00eda de picnic\u00a0(recuerda pinchar las im\u00e1genes para entrar en la receta),<\/p>\n<p>[amazon_link asins=&#8217;B00JXHA2OA,B07BZKD2D5,B01ENTN6R2,B004QGXKR4,B00271YGKA,B01M7SCDDA,B00FZU03Z2&#8242; template=&#8217;ProductCarousel&#8217; store=&#8217;gm086-21&#8242; marketplace=&#8217;ES&#8217; link_id=&#8217;25127c0d-5e6b-11e8-a3d4-affebb239870&#8242;]<\/p>\n<p style=\"text-align: left;\"><strong>RECOMENDACIONES DE\u00a0NO SIN MI TAPER\u00a0<\/strong><\/p>\n<p style=\"text-align: left;\">-Los Nuggets de pollo caseros, sanos, nutritivos y siempre triunfan all\u00e1 donde van<\/p>\n<figure style=\"width: 600px\" class=\"wp-caption aligncenter\"><img loading=\"lazy\" decoding=\"async\" class=\"\" src=\"https:\/\/galiciamaxica.eu\/mini\/wp-content\/uploads\/2019\/10\/nuggets_06.jpg\" alt=\"\" width=\"600\" height=\"450\" \/><figcaption class=\"wp-caption-text\"><strong>Receta<\/strong><\/figcaption><\/figure>\n<p><strong>\u00a0<\/strong><\/p>\n<p>Buen momento para acercarles al rico mundo de las ensaladas y entre tanto verde seguro que les encantar\u00e1 convertirse en herb\u00edvoro campestre y pasar la mejor de las pruebas, el probar algo nuevo! (esto es obligatorio en todo d\u00eda de Picnic).<\/p>\n<p>Os voy a dar esta\u00a0opci\u00f3n, la ensalada de pasta porque es la que m\u00e1s les gusta a mis ni\u00f1os y siempre nos acompa\u00f1a en las excursiones\u00a0pero en el blog de Montse ten\u00e9is muchas\u00a0\ud83d\ude09 cada cual m\u00e1s rica, nos encanta <strong>No Sin Mi Taper.<\/strong><\/p>\n<figure style=\"width: 600px\" class=\"wp-caption aligncenter\"><img loading=\"lazy\" decoding=\"async\" class=\"\" src=\"https:\/\/galiciamaxica.eu\/mini\/wp-content\/uploads\/2019\/10\/pasta2Bsalad2B01.jpg\" alt=\"\" width=\"600\" height=\"473\" \/><figcaption class=\"wp-caption-text\"><strong>ENSALADA DE PASTA<\/strong><\/figcaption><\/figure>\n<p style=\"text-align: center;\">Estamos preparando nuestra comida campestre y ellos pueden ayudar y deben, por supuesto.<\/p>\n<p style=\"text-align: center;\">La estrella de un d\u00eda de campo es la tortilla, hoy\u00a0ser\u00e1 nuestro amigo el calabac\u00edn el que ponga el toque sanito!.<\/p>\n<p style=\"text-align: center;\"><strong>T\u00fa eliges <\/strong><\/p>\n<p style=\"text-align: center;\">Prepararla y dejar que la devoren sin dar ingredientes\u00a0<span style=\"line-height: 1.5;\">o aventurarte a ense\u00f1arles como se hace la mejor de las tortillas.<\/span><\/p>\n<figure style=\"width: 687px\" class=\"wp-caption aligncenter\"><img loading=\"lazy\" decoding=\"async\" class=\"\" src=\"https:\/\/galiciamaxica.eu\/mini\/wp-content\/uploads\/2019\/10\/Tortilla_calabaci25CC2581n_02.jpg\" alt=\"\" width=\"687\" height=\"516\" \/><figcaption class=\"wp-caption-text\"><strong>TORTILLA DE CALABAC\u00cdN<\/strong><\/figcaption><\/figure>\n<p>&nbsp;<\/p>\n<p>Y por \u00faltimo no os olvid\u00e9is de llevar una bolsa para la basura. Dejemos los sitios mejor de c\u00f3mo los encontramos, pongamos nuestro granito de arena ense\u00f1ando a respetar el medio ambiente, sin lugar a dudas una gran lecci\u00f3n.<\/p>\n<h1 style=\"text-align: center;\">Y ahora os acerco algunos de nuestros lugares preferidos!!<\/h1>\n<p><strong><a href=\"http:\/\/www.galiciamaxica.eu\/mini\/parque-de-chans-galleiro\/\">CHANS GALLEIRO<\/a><\/strong><\/p>\n<p><strong>REFUXIO DE VERDES<\/strong><\/p>\n<p><strong>VERONZA<\/strong><\/p>\n<p><strong>A PENEDA<\/strong><\/p>\n<p style=\"text-align: center;\"><strong>Y SI\u00a0<a href=\"http:\/\/www.galiciamaxica.eu\/mini\/hoy-improvisamos-viaje\/\">IMPROVISAMOS<\/a><\/strong><\/p>\n<p style=\"text-align: center;\">O<iframe src=\"https:\/\/www.google.com\/maps\/d\/embed?mid=1uOYQfUyq8QuWqNyW8p2UfqI0lbo\" width=\"640\" height=\"480\"><\/iframe><\/p>\n<p style=\"text-align: center;\"><strong><a href=\"http:\/\/www.galiciamaxica.eu\/mini\/lugares\/\">DESCUBRIMOS LUGARES CON ENCANTO<\/a>\u00a0<\/strong><\/p>\n","protected":false},"excerpt":{"rendered":"<p>Se acerca el fin de semana y me apetece\u00a0un maravilloso d\u00eda de picnic con los ni\u00f1os, qui\u00e9n no recuerda esas tardes en el monte con la familia, cuando quedamos con amigos o\u00a0familiares\u00a0para pasar toda la tarde. Recuperemos\u00a0esta preciosa costumbre\u00a0de ir con los ni\u00f1os al monte en Galicia, coge tu mantel especial, porque hoy nos vamos [&hellip;]<\/p>\n","protected":false},"author":1,"featured_media":4439,"comment_status":"open","ping_status":"open","sticky":false,"template":"","format":"standard","meta":{"_eb_attr":"","site-sidebar-layout":"default","site-content-layout":"","ast-site-content-layout":"","site-content-style":"default","site-sidebar-style":"default","ast-global-header-display":"","ast-banner-title-visibility":"","ast-main-header-display":"","ast-hfb-above-header-display":"","ast-hfb-below-header-display":"","ast-hfb-mobile-header-display":"","site-post-title":"","ast-breadcrumbs-content":"","ast-featured-img":"","footer-sml-layout":"","theme-transparent-header-meta":"","adv-header-id-meta":"","stick-header-meta":"","header-above-stick-meta":"","header-main-stick-meta":"","header-below-stick-meta":"","astra-migrate-meta-layouts":"default","ast-page-background-enabled":"default","ast-page-background-meta":{"desktop":{"background-color":"","background-image":"","background-repeat":"repeat","background-position":"center center","background-size":"auto","background-attachment":"scroll","background-type":"","background-media":"","overlay-type":"","overlay-color":"","overlay-opacity":"","overlay-gradient":""},"tablet":{"background-color":"","background-image":"","background-repeat":"repeat","background-position":"center center","background-size":"auto","background-attachment":"scroll","background-type":"","background-media":"","overlay-type":"","overlay-color":"","overlay-opacity":"","overlay-gradient":""},"mobile":{"background-color":"","background-image":"","background-repeat":"repeat","background-position":"center center","background-size":"auto","background-attachment":"scroll","background-type":"","background-media":"","overlay-type":"","overlay-color":"","overlay-opacity":"","overlay-gradient":""}},"ast-content-background-meta":{"desktop":{"background-color":"var(--ast-global-color-5)","background-image":"","background-repeat":"repeat","background-position":"center center","background-size":"auto","background-attachment":"scroll","background-type":"","background-media":"","overlay-type":"","overlay-color":"","overlay-opacity":"","overlay-gradient":""},"tablet":{"background-color":"var(--ast-global-color-5)","background-image":"","background-repeat":"repeat","background-position":"center center","background-size":"auto","background-attachment":"scroll","background-type":"","background-media":"","overlay-type":"","overlay-color":"","overlay-opacity":"","overlay-gradient":""},"mobile":{"background-color":"var(--ast-global-color-5)","background-image":"","background-repeat":"repeat","background-position":"center center","background-size":"auto","background-attachment":"scroll","background-type":"","background-media":"","overlay-type":"","overlay-color":"","overlay-opacity":"","overlay-gradient":""}},"footnotes":""},"categories":[1],"tags":[359,118,610],"class_list":["post-4434","post","type-post","status-publish","format-standard","has-post-thumbnail","hentry","category-familia","tag-fin-de-semana","tag-monte","tag-picnic"],"yoast_head":"<!-- This site is optimized with the Yoast SEO plugin v24.9 - https:\/\/yoast.com\/wordpress\/plugins\/seo\/ -->\n<title>Nos vamos de Picnic - Galicia con ni\u00f1os | GALICIA M\u00c1XICA<\/title>\n<meta name=\"robots\" content=\"index, follow, max-snippet:-1, max-image-preview:large, max-video-preview:-1\" \/>\n<link rel=\"canonical\" href=\"https:\/\/www.galiciamaxica.eu\/mini\/hoy-picnic\/\" \/>\n<meta property=\"og:locale\" content=\"es_ES\" \/>\n<meta property=\"og:type\" content=\"article\" \/>\n<meta property=\"og:title\" content=\"Nos vamos de Picnic - Galicia con ni\u00f1os | GALICIA M\u00c1XICA\" \/>\n<meta property=\"og:description\" content=\"Se acerca el fin de semana y me apetece\u00a0un maravilloso d\u00eda de picnic con los ni\u00f1os, qui\u00e9n no recuerda esas tardes en el monte con la familia, cuando quedamos con amigos o\u00a0familiares\u00a0para pasar toda la tarde. Recuperemos\u00a0esta preciosa costumbre\u00a0de ir con los ni\u00f1os al monte en Galicia, coge tu mantel especial, porque hoy nos vamos [&hellip;]\" \/>\n<meta property=\"og:url\" content=\"https:\/\/www.galiciamaxica.eu\/mini\/hoy-picnic\/\" \/>\n<meta property=\"og:site_name\" content=\"Galicia con ni\u00f1os | GALICIA M\u00c1XICA\" \/>\n<meta property=\"article:publisher\" content=\"https:\/\/www.facebook.com\/maria.rodriguezserantes\" \/>\n<meta property=\"article:author\" content=\"https:\/\/www.facebook.com\/maria.rodriguezserantes\" \/>\n<meta property=\"article:published_time\" content=\"2018-05-08T15:09:52+00:00\" \/>\n<meta property=\"article:modified_time\" content=\"2026-03-29T19:56:45+00:00\" \/>\n<meta property=\"og:image\" content=\"https:\/\/www.galiciamaxica.eu\/mini\/wp-content\/uploads\/2016\/07\/a-3.jpg\" \/>\n\t<meta property=\"og:image:width\" content=\"447\" \/>\n\t<meta property=\"og:image:height\" content=\"447\" \/>\n\t<meta property=\"og:image:type\" content=\"image\/jpeg\" \/>\n<meta name=\"author\" content=\"seseixa\" \/>\n<meta name=\"twitter:card\" content=\"summary_large_image\" \/>\n<meta name=\"twitter:creator\" content=\"@seseixa\" \/>\n<meta name=\"twitter:site\" content=\"@seseixa\" \/>\n<meta name=\"twitter:label1\" content=\"Escrito por\" \/>\n\t<meta name=\"twitter:data1\" content=\"seseixa\" \/>\n\t<meta name=\"twitter:label2\" content=\"Tiempo de lectura\" \/>\n\t<meta name=\"twitter:data2\" content=\"8 minutos\" \/>\n<script type=\"application\/ld+json\" class=\"yoast-schema-graph\">{\"@context\":\"https:\/\/schema.org\",\"@graph\":[{\"@type\":\"Article\",\"@id\":\"https:\/\/www.galiciamaxica.eu\/mini\/hoy-picnic\/#article\",\"isPartOf\":{\"@id\":\"https:\/\/www.galiciamaxica.eu\/mini\/hoy-picnic\/\"},\"author\":{\"name\":\"seseixa\",\"@id\":\"https:\/\/www.galiciamaxica.eu\/mini\/#\/schema\/person\/2b284fe2fd911000a48d2e8936300179\"},\"headline\":\"Nos vamos de Picnic\",\"datePublished\":\"2018-05-08T15:09:52+00:00\",\"dateModified\":\"2026-03-29T19:56:45+00:00\",\"mainEntityOfPage\":{\"@id\":\"https:\/\/www.galiciamaxica.eu\/mini\/hoy-picnic\/\"},\"wordCount\":1535,\"commentCount\":0,\"publisher\":{\"@id\":\"https:\/\/www.galiciamaxica.eu\/mini\/#\/schema\/person\/2b284fe2fd911000a48d2e8936300179\"},\"image\":{\"@id\":\"https:\/\/www.galiciamaxica.eu\/mini\/hoy-picnic\/#primaryimage\"},\"thumbnailUrl\":\"https:\/\/www.galiciamaxica.eu\/mini\/wp-content\/uploads\/2016\/07\/a-3.jpg\",\"keywords\":[\"FIN DE SEMANA\",\"MONTE\",\"Picnic\"],\"articleSection\":[\"FAMILIA\"],\"inLanguage\":\"es\",\"potentialAction\":[{\"@type\":\"CommentAction\",\"name\":\"Comment\",\"target\":[\"https:\/\/www.galiciamaxica.eu\/mini\/hoy-picnic\/#respond\"]}]},{\"@type\":\"WebPage\",\"@id\":\"https:\/\/www.galiciamaxica.eu\/mini\/hoy-picnic\/\",\"url\":\"https:\/\/www.galiciamaxica.eu\/mini\/hoy-picnic\/\",\"name\":\"Nos vamos de Picnic - Galicia con ni\u00f1os | GALICIA M\u00c1XICA\",\"isPartOf\":{\"@id\":\"https:\/\/www.galiciamaxica.eu\/mini\/#website\"},\"primaryImageOfPage\":{\"@id\":\"https:\/\/www.galiciamaxica.eu\/mini\/hoy-picnic\/#primaryimage\"},\"image\":{\"@id\":\"https:\/\/www.galiciamaxica.eu\/mini\/hoy-picnic\/#primaryimage\"},\"thumbnailUrl\":\"https:\/\/www.galiciamaxica.eu\/mini\/wp-content\/uploads\/2016\/07\/a-3.jpg\",\"datePublished\":\"2018-05-08T15:09:52+00:00\",\"dateModified\":\"2026-03-29T19:56:45+00:00\",\"breadcrumb\":{\"@id\":\"https:\/\/www.galiciamaxica.eu\/mini\/hoy-picnic\/#breadcrumb\"},\"inLanguage\":\"es\",\"potentialAction\":[{\"@type\":\"ReadAction\",\"target\":[\"https:\/\/www.galiciamaxica.eu\/mini\/hoy-picnic\/\"]}]},{\"@type\":\"ImageObject\",\"inLanguage\":\"es\",\"@id\":\"https:\/\/www.galiciamaxica.eu\/mini\/hoy-picnic\/#primaryimage\",\"url\":\"https:\/\/www.galiciamaxica.eu\/mini\/wp-content\/uploads\/2016\/07\/a-3.jpg\",\"contentUrl\":\"https:\/\/www.galiciamaxica.eu\/mini\/wp-content\/uploads\/2016\/07\/a-3.jpg\",\"width\":447,\"height\":447,\"caption\":\"a-3\"},{\"@type\":\"BreadcrumbList\",\"@id\":\"https:\/\/www.galiciamaxica.eu\/mini\/hoy-picnic\/#breadcrumb\",\"itemListElement\":[{\"@type\":\"ListItem\",\"position\":1,\"name\":\"Portada\",\"item\":\"https:\/\/www.galiciamaxica.eu\/mini\/\"},{\"@type\":\"ListItem\",\"position\":2,\"name\":\"Nos vamos de Picnic\"}]},{\"@type\":\"WebSite\",\"@id\":\"https:\/\/www.galiciamaxica.eu\/mini\/#website\",\"url\":\"https:\/\/www.galiciamaxica.eu\/mini\/\",\"name\":\"Galicia con ni\u00f1os | GALICIA M\u00c1XICA\",\"description\":\"Qu\u00e9 hacer con ni\u00f1os en Galicia\",\"publisher\":{\"@id\":\"https:\/\/www.galiciamaxica.eu\/mini\/#\/schema\/person\/2b284fe2fd911000a48d2e8936300179\"},\"potentialAction\":[{\"@type\":\"SearchAction\",\"target\":{\"@type\":\"EntryPoint\",\"urlTemplate\":\"https:\/\/www.galiciamaxica.eu\/mini\/?s={search_term_string}\"},\"query-input\":{\"@type\":\"PropertyValueSpecification\",\"valueRequired\":true,\"valueName\":\"search_term_string\"}}],\"inLanguage\":\"es\"},{\"@type\":[\"Person\",\"Organization\"],\"@id\":\"https:\/\/www.galiciamaxica.eu\/mini\/#\/schema\/person\/2b284fe2fd911000a48d2e8936300179\",\"name\":\"seseixa\",\"image\":{\"@type\":\"ImageObject\",\"inLanguage\":\"es\",\"@id\":\"https:\/\/www.galiciamaxica.eu\/mini\/#\/schema\/person\/image\/\",\"url\":\"https:\/\/www.galiciamaxica.eu\/mini\/wp-content\/uploads\/2019\/02\/seseixa.png\",\"contentUrl\":\"https:\/\/www.galiciamaxica.eu\/mini\/wp-content\/uploads\/2019\/02\/seseixa.png\",\"width\":100,\"height\":100,\"caption\":\"seseixa\"},\"logo\":{\"@id\":\"https:\/\/www.galiciamaxica.eu\/mini\/#\/schema\/person\/image\/\"},\"description\":\"En la actualidad combinando dos proyectos que me apasionan, Galicia y los ni\u00f1os. Tengo mucho que aportar y otro tanto que aprender, as\u00ed como, el tiempo y el coraz\u00f3n, dividido en todo momento. Soy mam\u00e1, un titulo otorgado a tiempo completo, compa\u00f1era y amiga, a todas horas, familiar y cercana, siempre. De esp\u00edritu inquieto, soy una eterna ni\u00f1a que juega en el pa\u00eds de las maravillas. Una enamorada de mi tierra, por la que trabajo sin descanso. Creo en la infancia como motor que cambiar\u00e1 el mundo a mejor y busco en mi vida la felicidad como estado permanente porque s\u00f3lo se vive una vez.\",\"sameAs\":[\"http:\/\/mini.galiciamaxica.eu\/\",\"https:\/\/www.facebook.com\/maria.rodriguezserantes\",\"https:\/\/x.com\/seseixa\"],\"url\":\"https:\/\/www.galiciamaxica.eu\/mini\/author\/seseixa\/\"}]}<\/script>\n<!-- \/ Yoast SEO plugin. -->","yoast_head_json":{"title":"Nos vamos de Picnic - Galicia con ni\u00f1os | GALICIA M\u00c1XICA","robots":{"index":"index","follow":"follow","max-snippet":"max-snippet:-1","max-image-preview":"max-image-preview:large","max-video-preview":"max-video-preview:-1"},"canonical":"https:\/\/www.galiciamaxica.eu\/mini\/hoy-picnic\/","og_locale":"es_ES","og_type":"article","og_title":"Nos vamos de Picnic - Galicia con ni\u00f1os | GALICIA M\u00c1XICA","og_description":"Se acerca el fin de semana y me apetece\u00a0un maravilloso d\u00eda de picnic con los ni\u00f1os, qui\u00e9n no recuerda esas tardes en el monte con la familia, cuando quedamos con amigos o\u00a0familiares\u00a0para pasar toda la tarde. Recuperemos\u00a0esta preciosa costumbre\u00a0de ir con los ni\u00f1os al monte en Galicia, coge tu mantel especial, porque hoy nos vamos [&hellip;]","og_url":"https:\/\/www.galiciamaxica.eu\/mini\/hoy-picnic\/","og_site_name":"Galicia con ni\u00f1os | GALICIA M\u00c1XICA","article_publisher":"https:\/\/www.facebook.com\/maria.rodriguezserantes","article_author":"https:\/\/www.facebook.com\/maria.rodriguezserantes","article_published_time":"2018-05-08T15:09:52+00:00","article_modified_time":"2026-03-29T19:56:45+00:00","og_image":[{"width":447,"height":447,"url":"https:\/\/www.galiciamaxica.eu\/mini\/wp-content\/uploads\/2016\/07\/a-3.jpg","type":"image\/jpeg"}],"author":"seseixa","twitter_card":"summary_large_image","twitter_creator":"@seseixa","twitter_site":"@seseixa","twitter_misc":{"Escrito por":"seseixa","Tiempo de lectura":"8 minutos"},"schema":{"@context":"https:\/\/schema.org","@graph":[{"@type":"Article","@id":"https:\/\/www.galiciamaxica.eu\/mini\/hoy-picnic\/#article","isPartOf":{"@id":"https:\/\/www.galiciamaxica.eu\/mini\/hoy-picnic\/"},"author":{"name":"seseixa","@id":"https:\/\/www.galiciamaxica.eu\/mini\/#\/schema\/person\/2b284fe2fd911000a48d2e8936300179"},"headline":"Nos vamos de Picnic","datePublished":"2018-05-08T15:09:52+00:00","dateModified":"2026-03-29T19:56:45+00:00","mainEntityOfPage":{"@id":"https:\/\/www.galiciamaxica.eu\/mini\/hoy-picnic\/"},"wordCount":1535,"commentCount":0,"publisher":{"@id":"https:\/\/www.galiciamaxica.eu\/mini\/#\/schema\/person\/2b284fe2fd911000a48d2e8936300179"},"image":{"@id":"https:\/\/www.galiciamaxica.eu\/mini\/hoy-picnic\/#primaryimage"},"thumbnailUrl":"https:\/\/www.galiciamaxica.eu\/mini\/wp-content\/uploads\/2016\/07\/a-3.jpg","keywords":["FIN DE SEMANA","MONTE","Picnic"],"articleSection":["FAMILIA"],"inLanguage":"es","potentialAction":[{"@type":"CommentAction","name":"Comment","target":["https:\/\/www.galiciamaxica.eu\/mini\/hoy-picnic\/#respond"]}]},{"@type":"WebPage","@id":"https:\/\/www.galiciamaxica.eu\/mini\/hoy-picnic\/","url":"https:\/\/www.galiciamaxica.eu\/mini\/hoy-picnic\/","name":"Nos vamos de Picnic - Galicia con ni\u00f1os | GALICIA M\u00c1XICA","isPartOf":{"@id":"https:\/\/www.galiciamaxica.eu\/mini\/#website"},"primaryImageOfPage":{"@id":"https:\/\/www.galiciamaxica.eu\/mini\/hoy-picnic\/#primaryimage"},"image":{"@id":"https:\/\/www.galiciamaxica.eu\/mini\/hoy-picnic\/#primaryimage"},"thumbnailUrl":"https:\/\/www.galiciamaxica.eu\/mini\/wp-content\/uploads\/2016\/07\/a-3.jpg","datePublished":"2018-05-08T15:09:52+00:00","dateModified":"2026-03-29T19:56:45+00:00","breadcrumb":{"@id":"https:\/\/www.galiciamaxica.eu\/mini\/hoy-picnic\/#breadcrumb"},"inLanguage":"es","potentialAction":[{"@type":"ReadAction","target":["https:\/\/www.galiciamaxica.eu\/mini\/hoy-picnic\/"]}]},{"@type":"ImageObject","inLanguage":"es","@id":"https:\/\/www.galiciamaxica.eu\/mini\/hoy-picnic\/#primaryimage","url":"https:\/\/www.galiciamaxica.eu\/mini\/wp-content\/uploads\/2016\/07\/a-3.jpg","contentUrl":"https:\/\/www.galiciamaxica.eu\/mini\/wp-content\/uploads\/2016\/07\/a-3.jpg","width":447,"height":447,"caption":"a-3"},{"@type":"BreadcrumbList","@id":"https:\/\/www.galiciamaxica.eu\/mini\/hoy-picnic\/#breadcrumb","itemListElement":[{"@type":"ListItem","position":1,"name":"Portada","item":"https:\/\/www.galiciamaxica.eu\/mini\/"},{"@type":"ListItem","position":2,"name":"Nos vamos de Picnic"}]},{"@type":"WebSite","@id":"https:\/\/www.galiciamaxica.eu\/mini\/#website","url":"https:\/\/www.galiciamaxica.eu\/mini\/","name":"Galicia con ni\u00f1os | GALICIA M\u00c1XICA","description":"Qu\u00e9 hacer con ni\u00f1os en Galicia","publisher":{"@id":"https:\/\/www.galiciamaxica.eu\/mini\/#\/schema\/person\/2b284fe2fd911000a48d2e8936300179"},"potentialAction":[{"@type":"SearchAction","target":{"@type":"EntryPoint","urlTemplate":"https:\/\/www.galiciamaxica.eu\/mini\/?s={search_term_string}"},"query-input":{"@type":"PropertyValueSpecification","valueRequired":true,"valueName":"search_term_string"}}],"inLanguage":"es"},{"@type":["Person","Organization"],"@id":"https:\/\/www.galiciamaxica.eu\/mini\/#\/schema\/person\/2b284fe2fd911000a48d2e8936300179","name":"seseixa","image":{"@type":"ImageObject","inLanguage":"es","@id":"https:\/\/www.galiciamaxica.eu\/mini\/#\/schema\/person\/image\/","url":"https:\/\/www.galiciamaxica.eu\/mini\/wp-content\/uploads\/2019\/02\/seseixa.png","contentUrl":"https:\/\/www.galiciamaxica.eu\/mini\/wp-content\/uploads\/2019\/02\/seseixa.png","width":100,"height":100,"caption":"seseixa"},"logo":{"@id":"https:\/\/www.galiciamaxica.eu\/mini\/#\/schema\/person\/image\/"},"description":"En la actualidad combinando dos proyectos que me apasionan, Galicia y los ni\u00f1os. Tengo mucho que aportar y otro tanto que aprender, as\u00ed como, el tiempo y el coraz\u00f3n, dividido en todo momento. Soy mam\u00e1, un titulo otorgado a tiempo completo, compa\u00f1era y amiga, a todas horas, familiar y cercana, siempre. De esp\u00edritu inquieto, soy una eterna ni\u00f1a que juega en el pa\u00eds de las maravillas. Una enamorada de mi tierra, por la que trabajo sin descanso. Creo en la infancia como motor que cambiar\u00e1 el mundo a mejor y busco en mi vida la felicidad como estado permanente porque s\u00f3lo se vive una vez.","sameAs":["http:\/\/mini.galiciamaxica.eu\/","https:\/\/www.facebook.com\/maria.rodriguezserantes","https:\/\/x.com\/seseixa"],"url":"https:\/\/www.galiciamaxica.eu\/mini\/author\/seseixa\/"}]}},"amp_enabled":true,"post_mailing_queue_ids":[],"_links":{"self":[{"href":"https:\/\/www.galiciamaxica.eu\/mini\/wp-json\/wp\/v2\/posts\/4434"}],"collection":[{"href":"https:\/\/www.galiciamaxica.eu\/mini\/wp-json\/wp\/v2\/posts"}],"about":[{"href":"https:\/\/www.galiciamaxica.eu\/mini\/wp-json\/wp\/v2\/types\/post"}],"author":[{"embeddable":true,"href":"https:\/\/www.galiciamaxica.eu\/mini\/wp-json\/wp\/v2\/users\/1"}],"replies":[{"embeddable":true,"href":"https:\/\/www.galiciamaxica.eu\/mini\/wp-json\/wp\/v2\/comments?post=4434"}],"version-history":[{"count":11,"href":"https:\/\/www.galiciamaxica.eu\/mini\/wp-json\/wp\/v2\/posts\/4434\/revisions"}],"predecessor-version":[{"id":23115,"href":"https:\/\/www.galiciamaxica.eu\/mini\/wp-json\/wp\/v2\/posts\/4434\/revisions\/23115"}],"wp:featuredmedia":[{"embeddable":true,"href":"https:\/\/www.galiciamaxica.eu\/mini\/wp-json\/wp\/v2\/media\/4439"}],"wp:attachment":[{"href":"https:\/\/www.galiciamaxica.eu\/mini\/wp-json\/wp\/v2\/media?parent=4434"}],"wp:term":[{"taxonomy":"category","embeddable":true,"href":"https:\/\/www.galiciamaxica.eu\/mini\/wp-json\/wp\/v2\/categories?post=4434"},{"taxonomy":"post_tag","embeddable":true,"href":"https:\/\/www.galiciamaxica.eu\/mini\/wp-json\/wp\/v2\/tags?post=4434"}],"curies":[{"name":"wp","href":"https:\/\/api.w.org\/{rel}","templated":true}]}}