{"id":2806,"date":"2016-04-30T09:17:18","date_gmt":"2016-04-30T09:17:18","guid":{"rendered":"http:\/\/www.galiciamaxica.eu\/mini\/?p=2806"},"modified":"2026-03-29T21:56:12","modified_gmt":"2026-03-29T19:56:12","slug":"hoy-punta-moreiras-grove","status":"publish","type":"post","link":"https:\/\/www.galiciamaxica.eu\/mini\/hoy-punta-moreiras-grove\/","title":{"rendered":"Hoy Punta Moreiras en O Grove"},"content":{"rendered":"<p style=\"text-align: center;\"><a href=\"http:\/\/www.galiciamaxica.eu\/pontevedra\/comarca-do-salnes\/o-grove\/punta-moreiras\/\"><img fetchpriority=\"high\" decoding=\"async\" class=\"aligncenter\" src=\"https:\/\/galiciamaxica.eu\/mini\/wp-content\/uploads\/2019\/10\/img_5d9b72e9d1806.jpg\" alt=\"\" width=\"517\" height=\"775\" \/><\/a><\/p>\n<p style=\"text-align: center;\">Hoy nos acercamos a Punta Moreira en Meloxo.<\/p>\n<p style=\"text-align: center;\"><a href=\"http:\/\/www.galiciamaxica.eu\/pontevedra\/comarca-do-salnes\/o-grove\/punta-moreiras\/\"><img decoding=\"async\" class=\"aligncenter\" src=\"https:\/\/galiciamaxica.eu\/mini\/wp-content\/uploads\/2019\/10\/img_5d9b72eb0a68e.jpg\" alt=\"\" width=\"1423\" height=\"949\" \/><\/a><\/p>\n<p style=\"text-align: center;\">Para disfrutar de un espacio en que el arte a pie de playa y nuestras ra\u00edces, tienen su espacio.<\/p>\n<p style=\"text-align: center;\"><a href=\"http:\/\/www.galiciamaxica.eu\/pontevedra\/comarca-do-salnes\/o-grove\/museosalazon\/\"><img decoding=\"async\" class=\"aligncenter\" src=\"https:\/\/galiciamaxica.eu\/mini\/wp-content\/uploads\/2019\/10\/img_5d9b72ed32848.jpg\" alt=\"\" width=\"1423\" height=\"949\" \/><\/a><\/p>\n<p>Seguramente no hay mejor lugar para acercarse al trabajo del mar, diferentes empresas han montado cerca sus fabricas\u00a0y ya en la punta veremos tangible el oficio ancestral de las salinas, hoy la f\u00e1brica ha sido restaurada y habilitada, poniendo en valor la antigua salaz\u00f3n.<\/p>\n<p><a href=\"http:\/\/www.galiciamaxica.eu\/pontevedra\/comarca-do-salnes\/o-grove\/museosalazon\/\"><img loading=\"lazy\" decoding=\"async\" class=\"aligncenter\" src=\"https:\/\/galiciamaxica.eu\/mini\/wp-content\/uploads\/2019\/10\/img_5d9b72ef1bcb1.jpg\" alt=\"\" width=\"1423\" height=\"949\" \/><\/a><\/p>\n<p>Tambi\u00e9n encontraremos hasta un museo dedicado al trabajo en la mar en el que podremos ver piezas relacionadas con el mundo del mar, divididas en cinco secciones que son \u00a0la pesca, salaz\u00f3n, conserva, carpinter\u00eda y etnograf\u00eda.<\/p>\n<p style=\"text-align: center;\">Aqu\u00ed todo encaja a las maravilla.<\/p>\n<p><a href=\"http:\/\/www.galiciamaxica.eu\/pontevedra\/comarca-do-salnes\/o-grove\/museosalazon\/\"><img loading=\"lazy\" decoding=\"async\" class=\"aligncenter\" src=\"https:\/\/galiciamaxica.eu\/mini\/wp-content\/uploads\/2019\/10\/img_5d9b72f07b8f5.jpg\" alt=\"\" width=\"1411\" height=\"949\" \/><\/a><\/p>\n<p>Un lugar en el que el mar es nuestro gran aliado y las figuras que adornan el paseo nos invitan a dejar volar la imaginaci\u00f3n, animales marinos y hasta una sirena.<\/p>\n<p><a href=\"http:\/\/www.galiciamaxica.eu\/pontevedra\/comarca-do-salnes\/o-grove\/punta-moreiras\/\"><img loading=\"lazy\" decoding=\"async\" class=\"aligncenter\" src=\"https:\/\/galiciamaxica.eu\/mini\/wp-content\/uploads\/2019\/10\/img_5d9b72f224697.jpg\" alt=\"\" width=\"1423\" height=\"949\" \/><\/a><\/p>\n<p style=\"text-align: center;\">Oficios tradicionales varios!!<\/p>\n<p style=\"text-align: center;\"><a href=\"http:\/\/www.galiciamaxica.eu\/pontevedra\/comarca-do-salnes\/o-grove\/punta-moreiras\/\"><img loading=\"lazy\" decoding=\"async\" class=\"aligncenter\" src=\"https:\/\/galiciamaxica.eu\/mini\/wp-content\/uploads\/2019\/10\/img_5d9b72f38ba56.jpg\" alt=\"\" width=\"1423\" height=\"949\" \/><\/a><\/p>\n<p style=\"text-align: center;\"><a href=\"http:\/\/www.galiciamaxica.eu\/pontevedra\/comarca-do-salnes\/o-grove\/punta-moreiras\/\"><img loading=\"lazy\" decoding=\"async\" class=\"aligncenter\" src=\"https:\/\/galiciamaxica.eu\/mini\/wp-content\/uploads\/2019\/10\/img_5d9b72f4eaf9f.jpg\" alt=\"\" width=\"1162\" height=\"775\" \/><\/a><\/p>\n<p style=\"text-align: center;\">Y un Minifaro que hace de maravilloso mirador.<\/p>\n<p style=\"text-align: center;\"><a href=\"http:\/\/www.galiciamaxica.eu\/pontevedra\/comarca-do-salnes\/o-grove\/punta-moreiras\/\"><img loading=\"lazy\" decoding=\"async\" class=\"aligncenter\" src=\"https:\/\/galiciamaxica.eu\/mini\/wp-content\/uploads\/2019\/10\/img_5d9b72f66e48d.jpg\" alt=\"\" width=\"335\" height=\"224\" \/><\/a><\/p>\n<p style=\"text-align: center;\"><a href=\"http:\/\/www.galiciamaxica.eu\/pontevedra\/comarca-do-salnes\/o-grove\/punta-moreiras\/\"><img decoding=\"async\" class=\"aligncenter\" src=\"https:\/\/galiciamaxica.eu\/mini\/wp-content\/uploads\/2019\/10\/img_5d9b72eb0a68e.jpg\" alt=\"\" width=\"1423\" height=\"949\" \/><\/a><\/p>\n<p style=\"text-align: center;\">Muy cerquita veremos el acuario de O Grove, que est\u00e1 abierto todos los d\u00edas. Es dif\u00edcil continuar el paseo con esta tentaci\u00f3n nada m\u00e1s llegar.\u00a0<span style=\"line-height: 1.5;\">Pero si decides entrar, habr\u00e1 tiempo para descubrir este gran paseo que parece pensado para los m\u00e1s peque\u00f1os.<\/span><\/p>\n <strong>TARIFAS Y HORARIOS<\/strong>\n<p style=\"text-align: center;\"><a href=\"http:\/\/www.galiciamaxica.eu\/pontevedra\/comarca-do-salnes\/o-grove\/punta-moreiras\/\"><img loading=\"lazy\" decoding=\"async\" class=\"aligncenter\" src=\"https:\/\/galiciamaxica.eu\/mini\/wp-content\/uploads\/2019\/10\/img_5d9b72f870ec6.jpg\" alt=\"\" width=\"1162\" height=\"775\" \/><\/a><\/p>\n<p style=\"text-align: center;\">Cuenta con un buen aparcamiento, as\u00ed que, dejaremos el coche en el mismo<\/p>\n<p style=\"text-align: center;\">y ser\u00e1n \u00a0los ni\u00f1os los que <strong><a href=\"https:\/\/photos.google.com\/share\/AF1QipNpVC1IoB3vbvyChKHOFaftFQWzoVAP6pwfhfNUIp6E0npT5ric8wI6e8b11sZjwg?key=R3BaZGNOTE9ZSDZ4MjBaOW9kbHVLY0tYOERLbUdB\">busquen<\/a><\/strong> lo que m\u00e1s les gusta.<\/p>\n<p style=\"text-align: center;\"><a href=\"http:\/\/www.galiciamaxica.eu\/pontevedra\/comarca-do-salnes\/o-grove\/punta-moreiras\/\"><img loading=\"lazy\" decoding=\"async\" class=\"aligncenter\" src=\"https:\/\/galiciamaxica.eu\/mini\/wp-content\/uploads\/2019\/10\/img_5d9b72fa580ab.jpg\" alt=\"\" width=\"509\" height=\"339\" \/><\/a><\/p>\n<p style=\"text-align: center;\"><a href=\"http:\/\/www.galiciamaxica.eu\/pontevedra\/comarca-do-salnes\/o-grove\/punta-moreiras\/\"><img loading=\"lazy\" decoding=\"async\" class=\"aligncenter\" src=\"https:\/\/galiciamaxica.eu\/mini\/wp-content\/uploads\/2019\/10\/img_5d9b72fbb1f81.jpg\" alt=\"\" width=\"1162\" height=\"775\" \/><\/a><\/p>\n<p style=\"text-align: center;\">Una zona tranquila y un paseo divertido, O Grove sigue sorprendi\u00e9ndonos e invit\u00e1ndonos a descubrirlo.<\/p>\n<p style=\"text-align: center;\"><a href=\"http:\/\/www.galiciamaxica.eu\/pontevedra\/comarca-do-salnes\/o-grove\/punta-moreiras\/\"><img loading=\"lazy\" decoding=\"async\" class=\"aligncenter\" src=\"https:\/\/galiciamaxica.eu\/mini\/wp-content\/uploads\/2019\/10\/img_5d9b72fd00ce9.jpg\" alt=\"\" width=\"413\" height=\"275\" \/><\/a><\/p>\n<p style=\"text-align: center;\"><a href=\"http:\/\/www.galiciamaxica.eu\/pontevedra\/comarca-do-salnes\/o-grove\/punta-moreiras\/\"><img loading=\"lazy\" decoding=\"async\" class=\"aligncenter\" src=\"https:\/\/galiciamaxica.eu\/mini\/wp-content\/uploads\/2019\/10\/img_5d9b72fdea037.jpg\" alt=\"\" width=\"1162\" height=\"775\" \/><\/a><\/p>\n<p style=\"text-align: center;\"><a href=\"http:\/\/www.galiciamaxica.eu\/pontevedra\/comarca-do-salnes\/o-grove\/punta-moreiras\/\"><img loading=\"lazy\" decoding=\"async\" class=\"aligncenter\" src=\"https:\/\/galiciamaxica.eu\/mini\/wp-content\/uploads\/2019\/10\/img_5d9b72ff5e772.jpg\" alt=\"\" width=\"1162\" height=\"775\" \/><\/a><\/p>\n<p><a href=\"http:\/\/www.galiciamaxica.eu\/pontevedra\/comarca-do-salnes\/o-grove\/punta-moreiras\/\"><img loading=\"lazy\" decoding=\"async\" class=\"aligncenter\" src=\"https:\/\/galiciamaxica.eu\/mini\/wp-content\/uploads\/2019\/10\/img_5d9b7300c26fb.jpg\" alt=\"\" width=\"1162\" height=\"775\" \/><\/a><\/p>\n<p><a href=\"http:\/\/www.galiciamaxica.eu\/pontevedra\/comarca-do-salnes\/o-grove\/punta-moreiras\/\"><img loading=\"lazy\" decoding=\"async\" class=\"aligncenter\" src=\"https:\/\/galiciamaxica.eu\/mini\/wp-content\/uploads\/2019\/10\/img_5d9b7303a1189.jpg\" alt=\"\" width=\"1162\" height=\"775\" \/><\/a><\/p>\n<p><a href=\"http:\/\/www.galiciamaxica.eu\/pontevedra\/comarca-do-salnes\/o-grove\/punta-moreiras\/\"><img loading=\"lazy\" decoding=\"async\" class=\"aligncenter\" src=\"https:\/\/galiciamaxica.eu\/mini\/wp-content\/uploads\/2019\/10\/img_5d9b730534aae.jpg\" alt=\"\" width=\"502\" height=\"335\" \/><\/a><\/p>\n<p>Deb\u00e9is tener en cuenta que est\u00e1is encima de un castro y que nuestro rico mar ofrec\u00eda alimentos que posteriormente se salaban en sus f\u00e1bricas.<\/p>\n<p><a href=\"http:\/\/www.galiciamaxica.eu\/pontevedra\/comarca-do-salnes\/o-grove\/museosalazon\/\"><img loading=\"lazy\" decoding=\"async\" class=\"aligncenter\" src=\"https:\/\/galiciamaxica.eu\/mini\/wp-content\/uploads\/2019\/10\/img_5d9b73070ea0d.jpg\" alt=\"\" width=\"1423\" height=\"949\" \/><\/a><\/p>\n<p style=\"text-align: center;\">Aqu\u00ed todo tiene un encanto especial.<\/p>\n<p style=\"text-align: center;\"><a href=\"http:\/\/www.galiciamaxica.eu\/pontevedra\/comarca-do-salnes\/o-grove\/museosalazon\/\"><img loading=\"lazy\" decoding=\"async\" class=\"aligncenter\" src=\"https:\/\/galiciamaxica.eu\/mini\/wp-content\/uploads\/2019\/10\/img_5d9b73089b28f.jpg\" alt=\"\" width=\"1423\" height=\"949\" \/><\/a><\/p>\n<p><a href=\"http:\/\/www.galiciamaxica.eu\/pontevedra\/comarca-do-salnes\/o-grove\/museosalazon\/\"><img loading=\"lazy\" decoding=\"async\" class=\"aligncenter\" src=\"https:\/\/galiciamaxica.eu\/mini\/wp-content\/uploads\/2019\/10\/img_5d9b7309e480a.jpg\" alt=\"\" width=\"1423\" height=\"949\" \/><\/a><\/p>\n<p style=\"text-align: center;\"><a href=\"http:\/\/www.galiciamaxica.eu\/pontevedra\/comarca-do-salnes\/o-grove\/museosalazon\/\"><img loading=\"lazy\" decoding=\"async\" class=\"aligncenter\" src=\"https:\/\/galiciamaxica.eu\/mini\/wp-content\/uploads\/2019\/10\/img_5d9b730b7ece5.jpg\" alt=\"\" width=\"1472\" height=\"949\" \/><\/a><\/p>\n<p style=\"text-align: center;\">las calitas el paseo que zigzageante que nos lleva a contemplar todo desde la otra orilla, peque\u00f1a pero intensa ruta.<\/p>\n<p style=\"text-align: center;\"><a href=\"http:\/\/www.galiciamaxica.eu\/pontevedra\/comarca-do-salnes\/o-grove\/punta-moreiras\/\"><img loading=\"lazy\" decoding=\"async\" class=\"aligncenter\" src=\"https:\/\/galiciamaxica.eu\/mini\/wp-content\/uploads\/2019\/10\/img_5d9b730cde8d1.jpg\" alt=\"\" width=\"1162\" height=\"775\" \/><\/a><\/p>\n<p style=\"text-align: center;\">Os la recomendamos!<\/p>\n<p style=\"text-align: center;\">Hasta el descanso TIENE ARTE y las mejores vistas<\/p>\n<p style=\"text-align: center;\"><a href=\"http:\/\/www.galiciamaxica.eu\/pontevedra\/comarca-do-salnes\/o-grove\/punta-moreiras\/\"><img loading=\"lazy\" decoding=\"async\" class=\"aligncenter\" src=\"https:\/\/galiciamaxica.eu\/mini\/wp-content\/uploads\/2019\/10\/img_5d9b730e4ae49.jpg\" alt=\"\" width=\"1162\" height=\"775\" \/><\/a><\/p>\n<p style=\"text-align: center;\"><a href=\"http:\/\/www.galiciamaxica.eu\/pontevedra\/comarca-do-salnes\/o-grove\/punta-moreiras\/\"><img loading=\"lazy\" decoding=\"async\" class=\"aligncenter\" src=\"https:\/\/galiciamaxica.eu\/mini\/wp-content\/uploads\/2019\/10\/img_5d9b730fe7340.jpg\" alt=\"\" width=\"1162\" height=\"775\" \/><\/a><\/p>\n<p style=\"text-align: center;\">SITIOS QUE VER EN O GROVE<\/p>\n<p style=\"text-align: center;\"><iframe src=\"https:\/\/www.google.com\/maps\/d\/embed?mid=1V-tJ0LvwO_kPA8UF_Rw6EiWkgDo\" width=\"640\" height=\"480\"><\/iframe><\/p>\n","protected":false},"excerpt":{"rendered":"<p>Hoy nos acercamos a Punta Moreira en Meloxo. Para disfrutar de un espacio en que el arte a pie de playa y nuestras ra\u00edces, tienen su espacio. Seguramente no hay mejor lugar para acercarse al trabajo del mar, diferentes empresas han montado cerca sus fabricas\u00a0y ya en la punta veremos tangible el oficio ancestral de [&hellip;]<\/p>\n","protected":false},"author":1,"featured_media":2807,"comment_status":"open","ping_status":"open","sticky":false,"template":"","format":"standard","meta":{"_eb_attr":"","site-sidebar-layout":"default","site-content-layout":"","ast-site-content-layout":"","site-content-style":"default","site-sidebar-style":"default","ast-global-header-display":"","ast-banner-title-visibility":"","ast-main-header-display":"","ast-hfb-above-header-display":"","ast-hfb-below-header-display":"","ast-hfb-mobile-header-display":"","site-post-title":"","ast-breadcrumbs-content":"","ast-featured-img":"","footer-sml-layout":"","theme-transparent-header-meta":"","adv-header-id-meta":"","stick-header-meta":"","header-above-stick-meta":"","header-main-stick-meta":"","header-below-stick-meta":"","astra-migrate-meta-layouts":"default","ast-page-background-enabled":"default","ast-page-background-meta":{"desktop":{"background-color":"","background-image":"","background-repeat":"repeat","background-position":"center center","background-size":"auto","background-attachment":"scroll","background-type":"","background-media":"","overlay-type":"","overlay-color":"","overlay-opacity":"","overlay-gradient":""},"tablet":{"background-color":"","background-image":"","background-repeat":"repeat","background-position":"center center","background-size":"auto","background-attachment":"scroll","background-type":"","background-media":"","overlay-type":"","overlay-color":"","overlay-opacity":"","overlay-gradient":""},"mobile":{"background-color":"","background-image":"","background-repeat":"repeat","background-position":"center center","background-size":"auto","background-attachment":"scroll","background-type":"","background-media":"","overlay-type":"","overlay-color":"","overlay-opacity":"","overlay-gradient":""}},"ast-content-background-meta":{"desktop":{"background-color":"var(--ast-global-color-5)","background-image":"","background-repeat":"repeat","background-position":"center center","background-size":"auto","background-attachment":"scroll","background-type":"","background-media":"","overlay-type":"","overlay-color":"","overlay-opacity":"","overlay-gradient":""},"tablet":{"background-color":"var(--ast-global-color-5)","background-image":"","background-repeat":"repeat","background-position":"center center","background-size":"auto","background-attachment":"scroll","background-type":"","background-media":"","overlay-type":"","overlay-color":"","overlay-opacity":"","overlay-gradient":""},"mobile":{"background-color":"var(--ast-global-color-5)","background-image":"","background-repeat":"repeat","background-position":"center center","background-size":"auto","background-attachment":"scroll","background-type":"","background-media":"","overlay-type":"","overlay-color":"","overlay-opacity":"","overlay-gradient":""}},"footnotes":""},"categories":[15,48],"tags":[528,529,39,227,23,527,530],"class_list":["post-2806","post","type-post","status-publish","format-standard","has-post-thumbnail","hentry","category-lugares","category-pontevedra","tag-acuario","tag-arte","tag-museo","tag-o-grove","tag-pontevedra","tag-punta-moreiras","tag-salazon"],"yoast_head":"<!-- This site is optimized with the Yoast SEO plugin v24.9 - https:\/\/yoast.com\/wordpress\/plugins\/seo\/ -->\n<title>Hoy Punta Moreiras en O Grove - Galicia con ni\u00f1os | GALICIA M\u00c1XICA<\/title>\n<meta name=\"description\" content=\"Paseo con los ni\u00f1os por Punta Moreira en O Grove\" \/>\n<meta name=\"robots\" content=\"index, follow, max-snippet:-1, max-image-preview:large, max-video-preview:-1\" \/>\n<link rel=\"canonical\" href=\"https:\/\/www.galiciamaxica.eu\/mini\/hoy-punta-moreiras-grove\/\" \/>\n<meta property=\"og:locale\" content=\"es_ES\" \/>\n<meta property=\"og:type\" content=\"article\" \/>\n<meta property=\"og:title\" content=\"Hoy Punta Moreiras en O Grove - Galicia con ni\u00f1os | GALICIA M\u00c1XICA\" \/>\n<meta property=\"og:description\" content=\"Paseo con los ni\u00f1os por Punta Moreira en O Grove\" \/>\n<meta property=\"og:url\" content=\"https:\/\/www.galiciamaxica.eu\/mini\/hoy-punta-moreiras-grove\/\" \/>\n<meta property=\"og:site_name\" content=\"Galicia con ni\u00f1os | GALICIA M\u00c1XICA\" \/>\n<meta property=\"article:publisher\" content=\"https:\/\/www.facebook.com\/maria.rodriguezserantes\" \/>\n<meta property=\"article:author\" content=\"https:\/\/www.facebook.com\/maria.rodriguezserantes\" \/>\n<meta property=\"article:published_time\" content=\"2016-04-30T09:17:18+00:00\" \/>\n<meta property=\"article:modified_time\" content=\"2026-03-29T19:56:12+00:00\" \/>\n<meta property=\"og:image\" content=\"https:\/\/www.galiciamaxica.eu\/mini\/wp-content\/uploads\/2016\/04\/a-1.jpg\" \/>\n\t<meta property=\"og:image:width\" content=\"1176\" \/>\n\t<meta property=\"og:image:height\" content=\"768\" \/>\n\t<meta property=\"og:image:type\" content=\"image\/jpeg\" \/>\n<meta name=\"author\" content=\"seseixa\" \/>\n<meta name=\"twitter:card\" content=\"summary_large_image\" \/>\n<meta name=\"twitter:creator\" content=\"@seseixa\" \/>\n<meta name=\"twitter:site\" content=\"@seseixa\" \/>\n<meta name=\"twitter:label1\" content=\"Escrito por\" \/>\n\t<meta name=\"twitter:data1\" content=\"seseixa\" \/>\n\t<meta name=\"twitter:label2\" content=\"Tiempo de lectura\" \/>\n\t<meta name=\"twitter:data2\" content=\"2 minutos\" \/>\n<script type=\"application\/ld+json\" class=\"yoast-schema-graph\">{\"@context\":\"https:\/\/schema.org\",\"@graph\":[{\"@type\":\"Article\",\"@id\":\"https:\/\/www.galiciamaxica.eu\/mini\/hoy-punta-moreiras-grove\/#article\",\"isPartOf\":{\"@id\":\"https:\/\/www.galiciamaxica.eu\/mini\/hoy-punta-moreiras-grove\/\"},\"author\":{\"name\":\"seseixa\",\"@id\":\"https:\/\/www.galiciamaxica.eu\/mini\/#\/schema\/person\/2b284fe2fd911000a48d2e8936300179\"},\"headline\":\"Hoy Punta Moreiras en O Grove\",\"datePublished\":\"2016-04-30T09:17:18+00:00\",\"dateModified\":\"2026-03-29T19:56:12+00:00\",\"mainEntityOfPage\":{\"@id\":\"https:\/\/www.galiciamaxica.eu\/mini\/hoy-punta-moreiras-grove\/\"},\"wordCount\":346,\"commentCount\":1,\"publisher\":{\"@id\":\"https:\/\/www.galiciamaxica.eu\/mini\/#\/schema\/person\/2b284fe2fd911000a48d2e8936300179\"},\"image\":{\"@id\":\"https:\/\/www.galiciamaxica.eu\/mini\/hoy-punta-moreiras-grove\/#primaryimage\"},\"thumbnailUrl\":\"https:\/\/www.galiciamaxica.eu\/mini\/wp-content\/uploads\/2016\/04\/a-1.jpg\",\"keywords\":[\"acuario\",\"arte\",\"museo\",\"o grove\",\"pontevedra\",\"punta moreiras\",\"salaz\u00f3n\"],\"articleSection\":[\"LUGARES\",\"PONTEVEDRA\"],\"inLanguage\":\"es\",\"potentialAction\":[{\"@type\":\"CommentAction\",\"name\":\"Comment\",\"target\":[\"https:\/\/www.galiciamaxica.eu\/mini\/hoy-punta-moreiras-grove\/#respond\"]}]},{\"@type\":\"WebPage\",\"@id\":\"https:\/\/www.galiciamaxica.eu\/mini\/hoy-punta-moreiras-grove\/\",\"url\":\"https:\/\/www.galiciamaxica.eu\/mini\/hoy-punta-moreiras-grove\/\",\"name\":\"Hoy Punta Moreiras en O Grove - Galicia con ni\u00f1os | GALICIA M\u00c1XICA\",\"isPartOf\":{\"@id\":\"https:\/\/www.galiciamaxica.eu\/mini\/#website\"},\"primaryImageOfPage\":{\"@id\":\"https:\/\/www.galiciamaxica.eu\/mini\/hoy-punta-moreiras-grove\/#primaryimage\"},\"image\":{\"@id\":\"https:\/\/www.galiciamaxica.eu\/mini\/hoy-punta-moreiras-grove\/#primaryimage\"},\"thumbnailUrl\":\"https:\/\/www.galiciamaxica.eu\/mini\/wp-content\/uploads\/2016\/04\/a-1.jpg\",\"datePublished\":\"2016-04-30T09:17:18+00:00\",\"dateModified\":\"2026-03-29T19:56:12+00:00\",\"description\":\"Paseo con los ni\u00f1os por Punta Moreira en O Grove\",\"breadcrumb\":{\"@id\":\"https:\/\/www.galiciamaxica.eu\/mini\/hoy-punta-moreiras-grove\/#breadcrumb\"},\"inLanguage\":\"es\",\"potentialAction\":[{\"@type\":\"ReadAction\",\"target\":[\"https:\/\/www.galiciamaxica.eu\/mini\/hoy-punta-moreiras-grove\/\"]}]},{\"@type\":\"ImageObject\",\"inLanguage\":\"es\",\"@id\":\"https:\/\/www.galiciamaxica.eu\/mini\/hoy-punta-moreiras-grove\/#primaryimage\",\"url\":\"https:\/\/www.galiciamaxica.eu\/mini\/wp-content\/uploads\/2016\/04\/a-1.jpg\",\"contentUrl\":\"https:\/\/www.galiciamaxica.eu\/mini\/wp-content\/uploads\/2016\/04\/a-1.jpg\",\"width\":1176,\"height\":768,\"caption\":\"a-1\"},{\"@type\":\"BreadcrumbList\",\"@id\":\"https:\/\/www.galiciamaxica.eu\/mini\/hoy-punta-moreiras-grove\/#breadcrumb\",\"itemListElement\":[{\"@type\":\"ListItem\",\"position\":1,\"name\":\"Portada\",\"item\":\"https:\/\/www.galiciamaxica.eu\/mini\/\"},{\"@type\":\"ListItem\",\"position\":2,\"name\":\"Hoy Punta Moreiras en O Grove\"}]},{\"@type\":\"WebSite\",\"@id\":\"https:\/\/www.galiciamaxica.eu\/mini\/#website\",\"url\":\"https:\/\/www.galiciamaxica.eu\/mini\/\",\"name\":\"Galicia con ni\u00f1os | GALICIA M\u00c1XICA\",\"description\":\"Qu\u00e9 hacer con ni\u00f1os en Galicia\",\"publisher\":{\"@id\":\"https:\/\/www.galiciamaxica.eu\/mini\/#\/schema\/person\/2b284fe2fd911000a48d2e8936300179\"},\"potentialAction\":[{\"@type\":\"SearchAction\",\"target\":{\"@type\":\"EntryPoint\",\"urlTemplate\":\"https:\/\/www.galiciamaxica.eu\/mini\/?s={search_term_string}\"},\"query-input\":{\"@type\":\"PropertyValueSpecification\",\"valueRequired\":true,\"valueName\":\"search_term_string\"}}],\"inLanguage\":\"es\"},{\"@type\":[\"Person\",\"Organization\"],\"@id\":\"https:\/\/www.galiciamaxica.eu\/mini\/#\/schema\/person\/2b284fe2fd911000a48d2e8936300179\",\"name\":\"seseixa\",\"image\":{\"@type\":\"ImageObject\",\"inLanguage\":\"es\",\"@id\":\"https:\/\/www.galiciamaxica.eu\/mini\/#\/schema\/person\/image\/\",\"url\":\"https:\/\/www.galiciamaxica.eu\/mini\/wp-content\/uploads\/2019\/02\/seseixa.png\",\"contentUrl\":\"https:\/\/www.galiciamaxica.eu\/mini\/wp-content\/uploads\/2019\/02\/seseixa.png\",\"width\":100,\"height\":100,\"caption\":\"seseixa\"},\"logo\":{\"@id\":\"https:\/\/www.galiciamaxica.eu\/mini\/#\/schema\/person\/image\/\"},\"description\":\"En la actualidad combinando dos proyectos que me apasionan, Galicia y los ni\u00f1os. Tengo mucho que aportar y otro tanto que aprender, as\u00ed como, el tiempo y el coraz\u00f3n, dividido en todo momento. Soy mam\u00e1, un titulo otorgado a tiempo completo, compa\u00f1era y amiga, a todas horas, familiar y cercana, siempre. De esp\u00edritu inquieto, soy una eterna ni\u00f1a que juega en el pa\u00eds de las maravillas. Una enamorada de mi tierra, por la que trabajo sin descanso. Creo en la infancia como motor que cambiar\u00e1 el mundo a mejor y busco en mi vida la felicidad como estado permanente porque s\u00f3lo se vive una vez.\",\"sameAs\":[\"http:\/\/mini.galiciamaxica.eu\/\",\"https:\/\/www.facebook.com\/maria.rodriguezserantes\",\"https:\/\/x.com\/seseixa\"],\"url\":\"https:\/\/www.galiciamaxica.eu\/mini\/author\/seseixa\/\"}]}<\/script>\n<!-- \/ Yoast SEO plugin. -->","yoast_head_json":{"title":"Hoy Punta Moreiras en O Grove - Galicia con ni\u00f1os | GALICIA M\u00c1XICA","description":"Paseo con los ni\u00f1os por Punta Moreira en O Grove","robots":{"index":"index","follow":"follow","max-snippet":"max-snippet:-1","max-image-preview":"max-image-preview:large","max-video-preview":"max-video-preview:-1"},"canonical":"https:\/\/www.galiciamaxica.eu\/mini\/hoy-punta-moreiras-grove\/","og_locale":"es_ES","og_type":"article","og_title":"Hoy Punta Moreiras en O Grove - Galicia con ni\u00f1os | GALICIA M\u00c1XICA","og_description":"Paseo con los ni\u00f1os por Punta Moreira en O Grove","og_url":"https:\/\/www.galiciamaxica.eu\/mini\/hoy-punta-moreiras-grove\/","og_site_name":"Galicia con ni\u00f1os | GALICIA M\u00c1XICA","article_publisher":"https:\/\/www.facebook.com\/maria.rodriguezserantes","article_author":"https:\/\/www.facebook.com\/maria.rodriguezserantes","article_published_time":"2016-04-30T09:17:18+00:00","article_modified_time":"2026-03-29T19:56:12+00:00","og_image":[{"width":1176,"height":768,"url":"https:\/\/www.galiciamaxica.eu\/mini\/wp-content\/uploads\/2016\/04\/a-1.jpg","type":"image\/jpeg"}],"author":"seseixa","twitter_card":"summary_large_image","twitter_creator":"@seseixa","twitter_site":"@seseixa","twitter_misc":{"Escrito por":"seseixa","Tiempo de lectura":"2 minutos"},"schema":{"@context":"https:\/\/schema.org","@graph":[{"@type":"Article","@id":"https:\/\/www.galiciamaxica.eu\/mini\/hoy-punta-moreiras-grove\/#article","isPartOf":{"@id":"https:\/\/www.galiciamaxica.eu\/mini\/hoy-punta-moreiras-grove\/"},"author":{"name":"seseixa","@id":"https:\/\/www.galiciamaxica.eu\/mini\/#\/schema\/person\/2b284fe2fd911000a48d2e8936300179"},"headline":"Hoy Punta Moreiras en O Grove","datePublished":"2016-04-30T09:17:18+00:00","dateModified":"2026-03-29T19:56:12+00:00","mainEntityOfPage":{"@id":"https:\/\/www.galiciamaxica.eu\/mini\/hoy-punta-moreiras-grove\/"},"wordCount":346,"commentCount":1,"publisher":{"@id":"https:\/\/www.galiciamaxica.eu\/mini\/#\/schema\/person\/2b284fe2fd911000a48d2e8936300179"},"image":{"@id":"https:\/\/www.galiciamaxica.eu\/mini\/hoy-punta-moreiras-grove\/#primaryimage"},"thumbnailUrl":"https:\/\/www.galiciamaxica.eu\/mini\/wp-content\/uploads\/2016\/04\/a-1.jpg","keywords":["acuario","arte","museo","o grove","pontevedra","punta moreiras","salaz\u00f3n"],"articleSection":["LUGARES","PONTEVEDRA"],"inLanguage":"es","potentialAction":[{"@type":"CommentAction","name":"Comment","target":["https:\/\/www.galiciamaxica.eu\/mini\/hoy-punta-moreiras-grove\/#respond"]}]},{"@type":"WebPage","@id":"https:\/\/www.galiciamaxica.eu\/mini\/hoy-punta-moreiras-grove\/","url":"https:\/\/www.galiciamaxica.eu\/mini\/hoy-punta-moreiras-grove\/","name":"Hoy Punta Moreiras en O Grove - Galicia con ni\u00f1os | GALICIA M\u00c1XICA","isPartOf":{"@id":"https:\/\/www.galiciamaxica.eu\/mini\/#website"},"primaryImageOfPage":{"@id":"https:\/\/www.galiciamaxica.eu\/mini\/hoy-punta-moreiras-grove\/#primaryimage"},"image":{"@id":"https:\/\/www.galiciamaxica.eu\/mini\/hoy-punta-moreiras-grove\/#primaryimage"},"thumbnailUrl":"https:\/\/www.galiciamaxica.eu\/mini\/wp-content\/uploads\/2016\/04\/a-1.jpg","datePublished":"2016-04-30T09:17:18+00:00","dateModified":"2026-03-29T19:56:12+00:00","description":"Paseo con los ni\u00f1os por Punta Moreira en O Grove","breadcrumb":{"@id":"https:\/\/www.galiciamaxica.eu\/mini\/hoy-punta-moreiras-grove\/#breadcrumb"},"inLanguage":"es","potentialAction":[{"@type":"ReadAction","target":["https:\/\/www.galiciamaxica.eu\/mini\/hoy-punta-moreiras-grove\/"]}]},{"@type":"ImageObject","inLanguage":"es","@id":"https:\/\/www.galiciamaxica.eu\/mini\/hoy-punta-moreiras-grove\/#primaryimage","url":"https:\/\/www.galiciamaxica.eu\/mini\/wp-content\/uploads\/2016\/04\/a-1.jpg","contentUrl":"https:\/\/www.galiciamaxica.eu\/mini\/wp-content\/uploads\/2016\/04\/a-1.jpg","width":1176,"height":768,"caption":"a-1"},{"@type":"BreadcrumbList","@id":"https:\/\/www.galiciamaxica.eu\/mini\/hoy-punta-moreiras-grove\/#breadcrumb","itemListElement":[{"@type":"ListItem","position":1,"name":"Portada","item":"https:\/\/www.galiciamaxica.eu\/mini\/"},{"@type":"ListItem","position":2,"name":"Hoy Punta Moreiras en O Grove"}]},{"@type":"WebSite","@id":"https:\/\/www.galiciamaxica.eu\/mini\/#website","url":"https:\/\/www.galiciamaxica.eu\/mini\/","name":"Galicia con ni\u00f1os | GALICIA M\u00c1XICA","description":"Qu\u00e9 hacer con ni\u00f1os en Galicia","publisher":{"@id":"https:\/\/www.galiciamaxica.eu\/mini\/#\/schema\/person\/2b284fe2fd911000a48d2e8936300179"},"potentialAction":[{"@type":"SearchAction","target":{"@type":"EntryPoint","urlTemplate":"https:\/\/www.galiciamaxica.eu\/mini\/?s={search_term_string}"},"query-input":{"@type":"PropertyValueSpecification","valueRequired":true,"valueName":"search_term_string"}}],"inLanguage":"es"},{"@type":["Person","Organization"],"@id":"https:\/\/www.galiciamaxica.eu\/mini\/#\/schema\/person\/2b284fe2fd911000a48d2e8936300179","name":"seseixa","image":{"@type":"ImageObject","inLanguage":"es","@id":"https:\/\/www.galiciamaxica.eu\/mini\/#\/schema\/person\/image\/","url":"https:\/\/www.galiciamaxica.eu\/mini\/wp-content\/uploads\/2019\/02\/seseixa.png","contentUrl":"https:\/\/www.galiciamaxica.eu\/mini\/wp-content\/uploads\/2019\/02\/seseixa.png","width":100,"height":100,"caption":"seseixa"},"logo":{"@id":"https:\/\/www.galiciamaxica.eu\/mini\/#\/schema\/person\/image\/"},"description":"En la actualidad combinando dos proyectos que me apasionan, Galicia y los ni\u00f1os. Tengo mucho que aportar y otro tanto que aprender, as\u00ed como, el tiempo y el coraz\u00f3n, dividido en todo momento. Soy mam\u00e1, un titulo otorgado a tiempo completo, compa\u00f1era y amiga, a todas horas, familiar y cercana, siempre. De esp\u00edritu inquieto, soy una eterna ni\u00f1a que juega en el pa\u00eds de las maravillas. Una enamorada de mi tierra, por la que trabajo sin descanso. Creo en la infancia como motor que cambiar\u00e1 el mundo a mejor y busco en mi vida la felicidad como estado permanente porque s\u00f3lo se vive una vez.","sameAs":["http:\/\/mini.galiciamaxica.eu\/","https:\/\/www.facebook.com\/maria.rodriguezserantes","https:\/\/x.com\/seseixa"],"url":"https:\/\/www.galiciamaxica.eu\/mini\/author\/seseixa\/"}]}},"amp_enabled":true,"post_mailing_queue_ids":[],"_links":{"self":[{"href":"https:\/\/www.galiciamaxica.eu\/mini\/wp-json\/wp\/v2\/posts\/2806"}],"collection":[{"href":"https:\/\/www.galiciamaxica.eu\/mini\/wp-json\/wp\/v2\/posts"}],"about":[{"href":"https:\/\/www.galiciamaxica.eu\/mini\/wp-json\/wp\/v2\/types\/post"}],"author":[{"embeddable":true,"href":"https:\/\/www.galiciamaxica.eu\/mini\/wp-json\/wp\/v2\/users\/1"}],"replies":[{"embeddable":true,"href":"https:\/\/www.galiciamaxica.eu\/mini\/wp-json\/wp\/v2\/comments?post=2806"}],"version-history":[{"count":1,"href":"https:\/\/www.galiciamaxica.eu\/mini\/wp-json\/wp\/v2\/posts\/2806\/revisions"}],"predecessor-version":[{"id":22868,"href":"https:\/\/www.galiciamaxica.eu\/mini\/wp-json\/wp\/v2\/posts\/2806\/revisions\/22868"}],"wp:featuredmedia":[{"embeddable":true,"href":"https:\/\/www.galiciamaxica.eu\/mini\/wp-json\/wp\/v2\/media\/2807"}],"wp:attachment":[{"href":"https:\/\/www.galiciamaxica.eu\/mini\/wp-json\/wp\/v2\/media?parent=2806"}],"wp:term":[{"taxonomy":"category","embeddable":true,"href":"https:\/\/www.galiciamaxica.eu\/mini\/wp-json\/wp\/v2\/categories?post=2806"},{"taxonomy":"post_tag","embeddable":true,"href":"https:\/\/www.galiciamaxica.eu\/mini\/wp-json\/wp\/v2\/tags?post=2806"}],"curies":[{"name":"wp","href":"https:\/\/api.w.org\/{rel}","templated":true}]}}