{"id":2670,"date":"2016-04-20T16:51:56","date_gmt":"2016-04-20T16:51:56","guid":{"rendered":"http:\/\/www.galiciamaxica.eu\/mini\/?p=2670"},"modified":"2016-10-23T12:45:06","modified_gmt":"2016-10-23T12:45:06","slug":"castro-san-cibrao-las","status":"publish","type":"post","link":"https:\/\/www.galiciamaxica.eu\/mini\/castro-san-cibrao-las\/","title":{"rendered":"CASTRO DE SAN CIBRAO DE LAS"},"content":{"rendered":"<p style=\"text-align: center;\">\u00a0Lo primero me presento, mi nombre es Alicia y soy la mam\u00e1 de una familia de cuatro miembros, los peques tienen 4 y 1 a\u00f1o.<\/p>\n<p style=\"text-align: center;\"><a href=\"http:\/\/www.galiciamaxica.eu\/mini\/wp-content\/uploads\/2016\/04\/13020298_1103676629693319_578619422_n.jpg\" rel=\"attachment wp-att-2691\"><img fetchpriority=\"high\" decoding=\"async\" class=\" wp-image-2691 aligncenter\" src=\"http:\/\/www.galiciamaxica.eu\/mini\/wp-content\/uploads\/2016\/04\/13020298_1103676629693319_578619422_n-300x200.jpg\" alt=\"13020298_1103676629693319_578619422_n\" width=\"314\" height=\"209\" \/><\/a><\/p>\n<p style=\"text-align: center;\">Me gustar\u00eda \u00abcompartir\u00bb nuestra experiencia en el castro de San Cibrao de L\u00e1s, muy cerca de Carballi\u00f1o.<\/p>\n<p style=\"text-align: center;\">La verdad es que nos sorprendi\u00f3 gratamente, el d\u00eda acompa\u00f1aba ya que al sol luc\u00eda y no hac\u00eda demasiado calor.<\/p>\n<p style=\"text-align: center;\"><a href=\"http:\/\/www.galiciamaxica.eu\/mini\/wp-content\/uploads\/2016\/04\/DSCF1929.jpg\" rel=\"attachment wp-att-2678\"><img decoding=\"async\" class=\"alignnone size-medium wp-image-2678\" src=\"http:\/\/www.galiciamaxica.eu\/mini\/wp-content\/uploads\/2016\/04\/DSCF1929-300x200.jpg\" alt=\"DSCF1929\" width=\"300\" height=\"200\" srcset=\"https:\/\/www.galiciamaxica.eu\/mini\/wp-content\/uploads\/2016\/04\/DSCF1929-300x200.jpg 300w, https:\/\/www.galiciamaxica.eu\/mini\/wp-content\/uploads\/2016\/04\/DSCF1929-768x513.jpg 768w, https:\/\/www.galiciamaxica.eu\/mini\/wp-content\/uploads\/2016\/04\/DSCF1929-1024x684.jpg 1024w, https:\/\/www.galiciamaxica.eu\/mini\/wp-content\/uploads\/2016\/04\/DSCF1929.jpg 1150w\" sizes=\"(max-width: 300px) 100vw, 300px\" \/><\/a> <a href=\"http:\/\/www.galiciamaxica.eu\/mini\/wp-content\/uploads\/2016\/04\/DSCF1983.jpg\" rel=\"attachment wp-att-2689\"><img decoding=\"async\" class=\"alignnone size-medium wp-image-2689\" src=\"http:\/\/www.galiciamaxica.eu\/mini\/wp-content\/uploads\/2016\/04\/DSCF1983-300x200.jpg\" alt=\"DSCF1983\" width=\"300\" height=\"200\" srcset=\"https:\/\/www.galiciamaxica.eu\/mini\/wp-content\/uploads\/2016\/04\/DSCF1983-300x200.jpg 300w, https:\/\/www.galiciamaxica.eu\/mini\/wp-content\/uploads\/2016\/04\/DSCF1983-768x513.jpg 768w, https:\/\/www.galiciamaxica.eu\/mini\/wp-content\/uploads\/2016\/04\/DSCF1983-1024x684.jpg 1024w, https:\/\/www.galiciamaxica.eu\/mini\/wp-content\/uploads\/2016\/04\/DSCF1983.jpg 1150w\" sizes=\"(max-width: 300px) 100vw, 300px\" \/><\/a><\/p>\n<p style=\"text-align: center;\">Llegamos a media ma\u00f1ana y una vez dentro, hay dos opciones de visita, con visita guiada o por libre, nosotros decidimos por libre ya que los ni\u00f1os son muy peque\u00f1os y prefieren descubrir jugando. Adem\u00e1s constra de un centro de interpretaci\u00f3n con n\u00famerosos objetos, v\u00eddeos, juegos interactivos,&#8230; que dejamos para m\u00e1s tarde.<\/p>\n<p style=\"text-align: center;\">El castro est\u00e1 bastante bien conservado y se distinguen muchas viviendas, la mayor fue entrando en diferentes casas y eligiendo una para vivir mientras nosotros le explic\u00e1bamos como eran las casa y un poco como viv\u00edan.<\/p>\n<p style=\"text-align: center;\">Subimos hasta los muros donde la sensaci\u00f3n es que se acaba pero una vez que los cruzas sigue el castro, ya que se extiende por una zona amplia donde se divisa el valle.<\/p>\n<p style=\"text-align: center;\"><a href=\"http:\/\/www.galiciamaxica.eu\/mini\/wp-content\/uploads\/2016\/04\/DSCF1937.jpg\" rel=\"attachment wp-att-2679\"><img loading=\"lazy\" decoding=\"async\" class=\"alignnone size-medium wp-image-2679\" src=\"http:\/\/www.galiciamaxica.eu\/mini\/wp-content\/uploads\/2016\/04\/DSCF1937-300x200.jpg\" alt=\"DSCF1937\" width=\"300\" height=\"200\" srcset=\"https:\/\/www.galiciamaxica.eu\/mini\/wp-content\/uploads\/2016\/04\/DSCF1937-300x200.jpg 300w, https:\/\/www.galiciamaxica.eu\/mini\/wp-content\/uploads\/2016\/04\/DSCF1937-768x513.jpg 768w, https:\/\/www.galiciamaxica.eu\/mini\/wp-content\/uploads\/2016\/04\/DSCF1937-1024x684.jpg 1024w, https:\/\/www.galiciamaxica.eu\/mini\/wp-content\/uploads\/2016\/04\/DSCF1937.jpg 1150w\" sizes=\"(max-width: 300px) 100vw, 300px\" \/><\/a> <a href=\"http:\/\/www.galiciamaxica.eu\/mini\/wp-content\/uploads\/2016\/04\/DSCF1929.jpg\" rel=\"attachment wp-att-2678\"><img decoding=\"async\" class=\"alignnone size-medium wp-image-2678\" src=\"http:\/\/www.galiciamaxica.eu\/mini\/wp-content\/uploads\/2016\/04\/DSCF1929-300x200.jpg\" alt=\"DSCF1929\" width=\"300\" height=\"200\" srcset=\"https:\/\/www.galiciamaxica.eu\/mini\/wp-content\/uploads\/2016\/04\/DSCF1929-300x200.jpg 300w, https:\/\/www.galiciamaxica.eu\/mini\/wp-content\/uploads\/2016\/04\/DSCF1929-768x513.jpg 768w, https:\/\/www.galiciamaxica.eu\/mini\/wp-content\/uploads\/2016\/04\/DSCF1929-1024x684.jpg 1024w, https:\/\/www.galiciamaxica.eu\/mini\/wp-content\/uploads\/2016\/04\/DSCF1929.jpg 1150w\" sizes=\"(max-width: 300px) 100vw, 300px\" \/><\/a><\/p>\n<p style=\"text-align: center;\">En la entrada te dan un mapa con la explicaci\u00f3n de que era cada cosa as\u00ed que \u00edbamos jugando con la mayor a que se imaginaba que ser\u00eda cada construcci\u00f3n mientras el peque\u00f1o correteaba por all\u00ed.<\/p>\n<p style=\"text-align: center;\">Se hizo la hora de comer ya que recorrer todo con calma y jugando lleva alrededor de una hora. All\u00ed hay cafeter\u00eda que hacen cosas b\u00e1sicas, hamburguesas, bocadillos y platos combinados. Nosotros hab\u00edamos llevado comida de pinic y all\u00ed mismo dentro del castro hay un par de mesas donde se puede comer ya que se puede salir y entrar tantas veces como se quiera en el d\u00eda y por supuesto un rico caf\u00e9 para continuar la tarde en la cafeter\u00eda.<\/p>\n<p style=\"text-align: center;\"><a href=\"http:\/\/www.galiciamaxica.eu\/mini\/wp-content\/uploads\/2016\/04\/DSCF1914.jpg\" rel=\"attachment wp-att-2674\"><img loading=\"lazy\" decoding=\"async\" class=\"alignnone size-medium wp-image-2674\" src=\"http:\/\/www.galiciamaxica.eu\/mini\/wp-content\/uploads\/2016\/04\/DSCF1914-300x200.jpg\" alt=\"DSCF1914\" width=\"300\" height=\"200\" srcset=\"https:\/\/www.galiciamaxica.eu\/mini\/wp-content\/uploads\/2016\/04\/DSCF1914-300x200.jpg 300w, https:\/\/www.galiciamaxica.eu\/mini\/wp-content\/uploads\/2016\/04\/DSCF1914-768x513.jpg 768w, https:\/\/www.galiciamaxica.eu\/mini\/wp-content\/uploads\/2016\/04\/DSCF1914-1024x684.jpg 1024w, https:\/\/www.galiciamaxica.eu\/mini\/wp-content\/uploads\/2016\/04\/DSCF1914.jpg 1150w\" sizes=\"(max-width: 300px) 100vw, 300px\" \/><\/a> <a href=\"http:\/\/www.galiciamaxica.eu\/mini\/wp-content\/uploads\/2016\/04\/DSCF1915.jpg\" rel=\"attachment wp-att-2675\"><img loading=\"lazy\" decoding=\"async\" class=\"alignnone size-medium wp-image-2675\" src=\"http:\/\/www.galiciamaxica.eu\/mini\/wp-content\/uploads\/2016\/04\/DSCF1915-300x200.jpg\" alt=\"DSCF1915\" width=\"300\" height=\"200\" srcset=\"https:\/\/www.galiciamaxica.eu\/mini\/wp-content\/uploads\/2016\/04\/DSCF1915-300x200.jpg 300w, https:\/\/www.galiciamaxica.eu\/mini\/wp-content\/uploads\/2016\/04\/DSCF1915-768x513.jpg 768w, https:\/\/www.galiciamaxica.eu\/mini\/wp-content\/uploads\/2016\/04\/DSCF1915-1024x684.jpg 1024w, https:\/\/www.galiciamaxica.eu\/mini\/wp-content\/uploads\/2016\/04\/DSCF1915.jpg 1150w\" sizes=\"(max-width: 300px) 100vw, 300px\" \/><\/a> <a href=\"http:\/\/www.galiciamaxica.eu\/mini\/wp-content\/uploads\/2016\/04\/DSCF1911.jpg\" rel=\"attachment wp-att-2672\"><img loading=\"lazy\" decoding=\"async\" class=\"alignnone size-medium wp-image-2672\" src=\"http:\/\/www.galiciamaxica.eu\/mini\/wp-content\/uploads\/2016\/04\/DSCF1911-300x200.jpg\" alt=\"DSCF1911\" width=\"300\" height=\"200\" srcset=\"https:\/\/www.galiciamaxica.eu\/mini\/wp-content\/uploads\/2016\/04\/DSCF1911-300x200.jpg 300w, https:\/\/www.galiciamaxica.eu\/mini\/wp-content\/uploads\/2016\/04\/DSCF1911-768x513.jpg 768w, https:\/\/www.galiciamaxica.eu\/mini\/wp-content\/uploads\/2016\/04\/DSCF1911-1024x684.jpg 1024w, https:\/\/www.galiciamaxica.eu\/mini\/wp-content\/uploads\/2016\/04\/DSCF1911.jpg 1150w\" sizes=\"(max-width: 300px) 100vw, 300px\" \/><\/a><\/p>\n<p style=\"text-align: center;\">Despu\u00e9s de comer fue el momento de visitar el centro de interpretaci\u00f3n, est\u00e1 muy bien, comienza con un v\u00eddeo explicativo y despu\u00e9s cuenta con muchos objetos para que los peques se imaginen como era la vida en esa \u00e9poca y juegos interactivos donde construir\u00e1n castros.<\/p>\n<p style=\"text-align: center;\"><a href=\"http:\/\/www.galiciamaxica.eu\/mini\/wp-content\/uploads\/2016\/04\/DSCF1980.jpg\" rel=\"attachment wp-att-2687\"><img loading=\"lazy\" decoding=\"async\" class=\"size-medium wp-image-2687 aligncenter\" src=\"http:\/\/www.galiciamaxica.eu\/mini\/wp-content\/uploads\/2016\/04\/DSCF1980-300x200.jpg\" alt=\"DSCF1980\" width=\"300\" height=\"200\" srcset=\"https:\/\/www.galiciamaxica.eu\/mini\/wp-content\/uploads\/2016\/04\/DSCF1980-300x200.jpg 300w, https:\/\/www.galiciamaxica.eu\/mini\/wp-content\/uploads\/2016\/04\/DSCF1980-768x513.jpg 768w, https:\/\/www.galiciamaxica.eu\/mini\/wp-content\/uploads\/2016\/04\/DSCF1980-1024x684.jpg 1024w, https:\/\/www.galiciamaxica.eu\/mini\/wp-content\/uploads\/2016\/04\/DSCF1980.jpg 1150w\" sizes=\"(max-width: 300px) 100vw, 300px\" \/><\/a> <a href=\"http:\/\/www.galiciamaxica.eu\/mini\/wp-content\/uploads\/2016\/04\/DSCF1969.jpg\" rel=\"attachment wp-att-2685\"><img loading=\"lazy\" decoding=\"async\" class=\"alignnone size-medium wp-image-2685\" src=\"http:\/\/www.galiciamaxica.eu\/mini\/wp-content\/uploads\/2016\/04\/DSCF1969-300x200.jpg\" alt=\"DSCF1969\" width=\"300\" height=\"200\" srcset=\"https:\/\/www.galiciamaxica.eu\/mini\/wp-content\/uploads\/2016\/04\/DSCF1969-300x200.jpg 300w, https:\/\/www.galiciamaxica.eu\/mini\/wp-content\/uploads\/2016\/04\/DSCF1969-768x513.jpg 768w, https:\/\/www.galiciamaxica.eu\/mini\/wp-content\/uploads\/2016\/04\/DSCF1969-1024x684.jpg 1024w, https:\/\/www.galiciamaxica.eu\/mini\/wp-content\/uploads\/2016\/04\/DSCF1969.jpg 1150w\" sizes=\"(max-width: 300px) 100vw, 300px\" \/><\/a> <a href=\"http:\/\/www.galiciamaxica.eu\/mini\/wp-content\/uploads\/2016\/04\/DSCF1982.jpg\" rel=\"attachment wp-att-2688\"><img loading=\"lazy\" decoding=\"async\" class=\"alignnone size-medium wp-image-2688\" src=\"http:\/\/www.galiciamaxica.eu\/mini\/wp-content\/uploads\/2016\/04\/DSCF1982-300x200.jpg\" alt=\"DSCF1982\" width=\"300\" height=\"200\" srcset=\"https:\/\/www.galiciamaxica.eu\/mini\/wp-content\/uploads\/2016\/04\/DSCF1982-300x200.jpg 300w, https:\/\/www.galiciamaxica.eu\/mini\/wp-content\/uploads\/2016\/04\/DSCF1982-768x513.jpg 768w, https:\/\/www.galiciamaxica.eu\/mini\/wp-content\/uploads\/2016\/04\/DSCF1982-1024x684.jpg 1024w, https:\/\/www.galiciamaxica.eu\/mini\/wp-content\/uploads\/2016\/04\/DSCF1982.jpg 1150w\" sizes=\"(max-width: 300px) 100vw, 300px\" \/><\/a><\/p>\n<p style=\"text-align: center;\">Hasta aqu\u00ed la visita del castro pero no el d\u00eda que continu\u00f3 en los molinos de veronza que est\u00e1n a quince minutos pero eso ser\u00e1 otra historia.<\/p>\n<p style=\"text-align: center;\"><em>\u00bb La familia os desea que disfrut\u00e9is de la magia de Galicia. \u00a1\u00a1ah!! cuidado que engancha\u00bb<\/em><\/p>\n","protected":false},"excerpt":{"rendered":"<p>\u00a0Lo primero me presento, mi nombre es Alicia y soy la mam\u00e1 de una familia de cuatro miembros, los peques tienen 4 y 1 a\u00f1o. Me gustar\u00eda \u00abcompartir\u00bb nuestra experiencia en el castro de San Cibrao de L\u00e1s, muy cerca de Carballi\u00f1o. La verdad es que nos sorprendi\u00f3 gratamente, el d\u00eda acompa\u00f1aba ya que al [&hellip;]<\/p>\n","protected":false},"author":25,"featured_media":2691,"comment_status":"open","ping_status":"open","sticky":false,"template":"","format":"standard","meta":{"_eb_attr":"","site-sidebar-layout":"default","site-content-layout":"","ast-site-content-layout":"","site-content-style":"default","site-sidebar-style":"default","ast-global-header-display":"","ast-banner-title-visibility":"","ast-main-header-display":"","ast-hfb-above-header-display":"","ast-hfb-below-header-display":"","ast-hfb-mobile-header-display":"","site-post-title":"","ast-breadcrumbs-content":"","ast-featured-img":"","footer-sml-layout":"","theme-transparent-header-meta":"","adv-header-id-meta":"","stick-header-meta":"","header-above-stick-meta":"","header-main-stick-meta":"","header-below-stick-meta":"","astra-migrate-meta-layouts":"default","ast-page-background-enabled":"default","ast-page-background-meta":{"desktop":{"background-color":"","background-image":"","background-repeat":"repeat","background-position":"center center","background-size":"auto","background-attachment":"scroll","background-type":"","background-media":"","overlay-type":"","overlay-color":"","overlay-opacity":"","overlay-gradient":""},"tablet":{"background-color":"","background-image":"","background-repeat":"repeat","background-position":"center center","background-size":"auto","background-attachment":"scroll","background-type":"","background-media":"","overlay-type":"","overlay-color":"","overlay-opacity":"","overlay-gradient":""},"mobile":{"background-color":"","background-image":"","background-repeat":"repeat","background-position":"center center","background-size":"auto","background-attachment":"scroll","background-type":"","background-media":"","overlay-type":"","overlay-color":"","overlay-opacity":"","overlay-gradient":""}},"ast-content-background-meta":{"desktop":{"background-color":"var(--ast-global-color-5)","background-image":"","background-repeat":"repeat","background-position":"center center","background-size":"auto","background-attachment":"scroll","background-type":"","background-media":"","overlay-type":"","overlay-color":"","overlay-opacity":"","overlay-gradient":""},"tablet":{"background-color":"var(--ast-global-color-5)","background-image":"","background-repeat":"repeat","background-position":"center center","background-size":"auto","background-attachment":"scroll","background-type":"","background-media":"","overlay-type":"","overlay-color":"","overlay-opacity":"","overlay-gradient":""},"mobile":{"background-color":"var(--ast-global-color-5)","background-image":"","background-repeat":"repeat","background-position":"center center","background-size":"auto","background-attachment":"scroll","background-type":"","background-media":"","overlay-type":"","overlay-color":"","overlay-opacity":"","overlay-gradient":""}},"footnotes":""},"categories":[760,1,425],"tags":[112,58],"class_list":["post-2670","post","type-post","status-publish","format-standard","has-post-thumbnail","hentry","category-ali","category-familia","category-viajes-compartidos","tag-castro","tag-ourense"],"yoast_head":"<!-- This site is optimized with the Yoast SEO plugin v24.9 - https:\/\/yoast.com\/wordpress\/plugins\/seo\/ -->\n<title>CASTRO DE SAN CIBRAO DE LAS - Galicia con ni\u00f1os | GALICIA M\u00c1XICA<\/title>\n<meta name=\"robots\" content=\"index, follow, max-snippet:-1, max-image-preview:large, max-video-preview:-1\" \/>\n<link rel=\"canonical\" href=\"https:\/\/www.galiciamaxica.eu\/mini\/castro-san-cibrao-las\/\" \/>\n<meta property=\"og:locale\" content=\"es_ES\" \/>\n<meta property=\"og:type\" content=\"article\" \/>\n<meta property=\"og:title\" content=\"CASTRO DE SAN CIBRAO DE LAS - Galicia con ni\u00f1os | GALICIA M\u00c1XICA\" \/>\n<meta property=\"og:description\" content=\"\u00a0Lo primero me presento, mi nombre es Alicia y soy la mam\u00e1 de una familia de cuatro miembros, los peques tienen 4 y 1 a\u00f1o. Me gustar\u00eda \u00abcompartir\u00bb nuestra experiencia en el castro de San Cibrao de L\u00e1s, muy cerca de Carballi\u00f1o. La verdad es que nos sorprendi\u00f3 gratamente, el d\u00eda acompa\u00f1aba ya que al [&hellip;]\" \/>\n<meta property=\"og:url\" content=\"https:\/\/www.galiciamaxica.eu\/mini\/castro-san-cibrao-las\/\" \/>\n<meta property=\"og:site_name\" content=\"Galicia con ni\u00f1os | GALICIA M\u00c1XICA\" \/>\n<meta property=\"article:publisher\" content=\"https:\/\/www.facebook.com\/maria.rodriguezserantes\" \/>\n<meta property=\"article:published_time\" content=\"2016-04-20T16:51:56+00:00\" \/>\n<meta property=\"article:modified_time\" content=\"2016-10-23T12:45:06+00:00\" \/>\n<meta property=\"og:image\" content=\"https:\/\/www.galiciamaxica.eu\/mini\/wp-content\/uploads\/2016\/04\/13020298_1103676629693319_578619422_n.jpg\" \/>\n\t<meta property=\"og:image:width\" content=\"300\" \/>\n\t<meta property=\"og:image:height\" content=\"200\" \/>\n\t<meta property=\"og:image:type\" content=\"image\/jpeg\" \/>\n<meta name=\"author\" content=\"Alicia Rom\u00e1n Rodr\u00edguez\" \/>\n<meta name=\"twitter:card\" content=\"summary_large_image\" \/>\n<meta name=\"twitter:creator\" content=\"@seseixa\" \/>\n<meta name=\"twitter:site\" content=\"@seseixa\" \/>\n<meta name=\"twitter:label1\" content=\"Escrito por\" \/>\n\t<meta name=\"twitter:data1\" content=\"Alicia Rom\u00e1n Rodr\u00edguez\" \/>\n\t<meta name=\"twitter:label2\" content=\"Tiempo de lectura\" \/>\n\t<meta name=\"twitter:data2\" content=\"2 minutos\" \/>\n<script type=\"application\/ld+json\" class=\"yoast-schema-graph\">{\"@context\":\"https:\/\/schema.org\",\"@graph\":[{\"@type\":\"Article\",\"@id\":\"https:\/\/www.galiciamaxica.eu\/mini\/castro-san-cibrao-las\/#article\",\"isPartOf\":{\"@id\":\"https:\/\/www.galiciamaxica.eu\/mini\/castro-san-cibrao-las\/\"},\"author\":{\"name\":\"Alicia Rom\u00e1n Rodr\u00edguez\",\"@id\":\"https:\/\/www.galiciamaxica.eu\/mini\/#\/schema\/person\/e54d71d2fc88e7701be2151843783d7a\"},\"headline\":\"CASTRO DE SAN CIBRAO DE LAS\",\"datePublished\":\"2016-04-20T16:51:56+00:00\",\"dateModified\":\"2016-10-23T12:45:06+00:00\",\"mainEntityOfPage\":{\"@id\":\"https:\/\/www.galiciamaxica.eu\/mini\/castro-san-cibrao-las\/\"},\"wordCount\":426,\"commentCount\":0,\"publisher\":{\"@id\":\"https:\/\/www.galiciamaxica.eu\/mini\/#\/schema\/person\/2b284fe2fd911000a48d2e8936300179\"},\"image\":{\"@id\":\"https:\/\/www.galiciamaxica.eu\/mini\/castro-san-cibrao-las\/#primaryimage\"},\"thumbnailUrl\":\"https:\/\/www.galiciamaxica.eu\/mini\/wp-content\/uploads\/2016\/04\/13020298_1103676629693319_578619422_n.jpg\",\"keywords\":[\"castro\",\"ourense\"],\"articleSection\":[\"ALI\",\"FAMILIA\",\"VIAJES COMPARTIDOS\"],\"inLanguage\":\"es\",\"potentialAction\":[{\"@type\":\"CommentAction\",\"name\":\"Comment\",\"target\":[\"https:\/\/www.galiciamaxica.eu\/mini\/castro-san-cibrao-las\/#respond\"]}]},{\"@type\":\"WebPage\",\"@id\":\"https:\/\/www.galiciamaxica.eu\/mini\/castro-san-cibrao-las\/\",\"url\":\"https:\/\/www.galiciamaxica.eu\/mini\/castro-san-cibrao-las\/\",\"name\":\"CASTRO DE SAN CIBRAO DE LAS - Galicia con ni\u00f1os | GALICIA M\u00c1XICA\",\"isPartOf\":{\"@id\":\"https:\/\/www.galiciamaxica.eu\/mini\/#website\"},\"primaryImageOfPage\":{\"@id\":\"https:\/\/www.galiciamaxica.eu\/mini\/castro-san-cibrao-las\/#primaryimage\"},\"image\":{\"@id\":\"https:\/\/www.galiciamaxica.eu\/mini\/castro-san-cibrao-las\/#primaryimage\"},\"thumbnailUrl\":\"https:\/\/www.galiciamaxica.eu\/mini\/wp-content\/uploads\/2016\/04\/13020298_1103676629693319_578619422_n.jpg\",\"datePublished\":\"2016-04-20T16:51:56+00:00\",\"dateModified\":\"2016-10-23T12:45:06+00:00\",\"breadcrumb\":{\"@id\":\"https:\/\/www.galiciamaxica.eu\/mini\/castro-san-cibrao-las\/#breadcrumb\"},\"inLanguage\":\"es\",\"potentialAction\":[{\"@type\":\"ReadAction\",\"target\":[\"https:\/\/www.galiciamaxica.eu\/mini\/castro-san-cibrao-las\/\"]}]},{\"@type\":\"ImageObject\",\"inLanguage\":\"es\",\"@id\":\"https:\/\/www.galiciamaxica.eu\/mini\/castro-san-cibrao-las\/#primaryimage\",\"url\":\"https:\/\/www.galiciamaxica.eu\/mini\/wp-content\/uploads\/2016\/04\/13020298_1103676629693319_578619422_n.jpg\",\"contentUrl\":\"https:\/\/www.galiciamaxica.eu\/mini\/wp-content\/uploads\/2016\/04\/13020298_1103676629693319_578619422_n.jpg\",\"width\":300,\"height\":200,\"caption\":\"13020298_1103676629693319_578619422_n\"},{\"@type\":\"BreadcrumbList\",\"@id\":\"https:\/\/www.galiciamaxica.eu\/mini\/castro-san-cibrao-las\/#breadcrumb\",\"itemListElement\":[{\"@type\":\"ListItem\",\"position\":1,\"name\":\"Portada\",\"item\":\"https:\/\/www.galiciamaxica.eu\/mini\/\"},{\"@type\":\"ListItem\",\"position\":2,\"name\":\"CASTRO DE SAN CIBRAO DE LAS\"}]},{\"@type\":\"WebSite\",\"@id\":\"https:\/\/www.galiciamaxica.eu\/mini\/#website\",\"url\":\"https:\/\/www.galiciamaxica.eu\/mini\/\",\"name\":\"Galicia con ni\u00f1os | GALICIA M\u00c1XICA\",\"description\":\"Qu\u00e9 hacer con ni\u00f1os en Galicia\",\"publisher\":{\"@id\":\"https:\/\/www.galiciamaxica.eu\/mini\/#\/schema\/person\/2b284fe2fd911000a48d2e8936300179\"},\"potentialAction\":[{\"@type\":\"SearchAction\",\"target\":{\"@type\":\"EntryPoint\",\"urlTemplate\":\"https:\/\/www.galiciamaxica.eu\/mini\/?s={search_term_string}\"},\"query-input\":{\"@type\":\"PropertyValueSpecification\",\"valueRequired\":true,\"valueName\":\"search_term_string\"}}],\"inLanguage\":\"es\"},{\"@type\":[\"Person\",\"Organization\"],\"@id\":\"https:\/\/www.galiciamaxica.eu\/mini\/#\/schema\/person\/2b284fe2fd911000a48d2e8936300179\",\"name\":\"seseixa\",\"image\":{\"@type\":\"ImageObject\",\"inLanguage\":\"es\",\"@id\":\"https:\/\/www.galiciamaxica.eu\/mini\/#\/schema\/person\/image\/\",\"url\":\"https:\/\/www.galiciamaxica.eu\/mini\/wp-content\/uploads\/2019\/02\/seseixa.png\",\"contentUrl\":\"https:\/\/www.galiciamaxica.eu\/mini\/wp-content\/uploads\/2019\/02\/seseixa.png\",\"width\":100,\"height\":100,\"caption\":\"seseixa\"},\"logo\":{\"@id\":\"https:\/\/www.galiciamaxica.eu\/mini\/#\/schema\/person\/image\/\"},\"description\":\"En la actualidad combinando dos proyectos que me apasionan, Galicia y los ni\u00f1os. Tengo mucho que aportar y otro tanto que aprender, as\u00ed como, el tiempo y el coraz\u00f3n, dividido en todo momento. Soy mam\u00e1, un titulo otorgado a tiempo completo, compa\u00f1era y amiga, a todas horas, familiar y cercana, siempre. De esp\u00edritu inquieto, soy una eterna ni\u00f1a que juega en el pa\u00eds de las maravillas. Una enamorada de mi tierra, por la que trabajo sin descanso. Creo en la infancia como motor que cambiar\u00e1 el mundo a mejor y busco en mi vida la felicidad como estado permanente porque s\u00f3lo se vive una vez.\",\"sameAs\":[\"http:\/\/mini.galiciamaxica.eu\/\",\"https:\/\/www.facebook.com\/maria.rodriguezserantes\",\"https:\/\/x.com\/seseixa\"]},{\"@type\":\"Person\",\"@id\":\"https:\/\/www.galiciamaxica.eu\/mini\/#\/schema\/person\/e54d71d2fc88e7701be2151843783d7a\",\"name\":\"Alicia Rom\u00e1n Rodr\u00edguez\",\"image\":{\"@type\":\"ImageObject\",\"inLanguage\":\"es\",\"@id\":\"https:\/\/www.galiciamaxica.eu\/mini\/#\/schema\/person\/image\/\",\"url\":\"https:\/\/www.galiciamaxica.eu\/mini\/wp-content\/litespeed\/avatar\/f2a968feca4287b6ff4b5545aa8b25dc.jpg?ver=1788161405\",\"contentUrl\":\"https:\/\/www.galiciamaxica.eu\/mini\/wp-content\/litespeed\/avatar\/f2a968feca4287b6ff4b5545aa8b25dc.jpg?ver=1788161405\",\"caption\":\"Alicia Rom\u00e1n Rodr\u00edguez\"},\"url\":\"https:\/\/www.galiciamaxica.eu\/mini\/author\/ali\/\"}]}<\/script>\n<!-- \/ Yoast SEO plugin. -->","yoast_head_json":{"title":"CASTRO DE SAN CIBRAO DE LAS - Galicia con ni\u00f1os | GALICIA M\u00c1XICA","robots":{"index":"index","follow":"follow","max-snippet":"max-snippet:-1","max-image-preview":"max-image-preview:large","max-video-preview":"max-video-preview:-1"},"canonical":"https:\/\/www.galiciamaxica.eu\/mini\/castro-san-cibrao-las\/","og_locale":"es_ES","og_type":"article","og_title":"CASTRO DE SAN CIBRAO DE LAS - Galicia con ni\u00f1os | GALICIA M\u00c1XICA","og_description":"\u00a0Lo primero me presento, mi nombre es Alicia y soy la mam\u00e1 de una familia de cuatro miembros, los peques tienen 4 y 1 a\u00f1o. Me gustar\u00eda \u00abcompartir\u00bb nuestra experiencia en el castro de San Cibrao de L\u00e1s, muy cerca de Carballi\u00f1o. La verdad es que nos sorprendi\u00f3 gratamente, el d\u00eda acompa\u00f1aba ya que al [&hellip;]","og_url":"https:\/\/www.galiciamaxica.eu\/mini\/castro-san-cibrao-las\/","og_site_name":"Galicia con ni\u00f1os | GALICIA M\u00c1XICA","article_publisher":"https:\/\/www.facebook.com\/maria.rodriguezserantes","article_published_time":"2016-04-20T16:51:56+00:00","article_modified_time":"2016-10-23T12:45:06+00:00","og_image":[{"width":300,"height":200,"url":"https:\/\/www.galiciamaxica.eu\/mini\/wp-content\/uploads\/2016\/04\/13020298_1103676629693319_578619422_n.jpg","type":"image\/jpeg"}],"author":"Alicia Rom\u00e1n Rodr\u00edguez","twitter_card":"summary_large_image","twitter_creator":"@seseixa","twitter_site":"@seseixa","twitter_misc":{"Escrito por":"Alicia Rom\u00e1n Rodr\u00edguez","Tiempo de lectura":"2 minutos"},"schema":{"@context":"https:\/\/schema.org","@graph":[{"@type":"Article","@id":"https:\/\/www.galiciamaxica.eu\/mini\/castro-san-cibrao-las\/#article","isPartOf":{"@id":"https:\/\/www.galiciamaxica.eu\/mini\/castro-san-cibrao-las\/"},"author":{"name":"Alicia Rom\u00e1n Rodr\u00edguez","@id":"https:\/\/www.galiciamaxica.eu\/mini\/#\/schema\/person\/e54d71d2fc88e7701be2151843783d7a"},"headline":"CASTRO DE SAN CIBRAO DE LAS","datePublished":"2016-04-20T16:51:56+00:00","dateModified":"2016-10-23T12:45:06+00:00","mainEntityOfPage":{"@id":"https:\/\/www.galiciamaxica.eu\/mini\/castro-san-cibrao-las\/"},"wordCount":426,"commentCount":0,"publisher":{"@id":"https:\/\/www.galiciamaxica.eu\/mini\/#\/schema\/person\/2b284fe2fd911000a48d2e8936300179"},"image":{"@id":"https:\/\/www.galiciamaxica.eu\/mini\/castro-san-cibrao-las\/#primaryimage"},"thumbnailUrl":"https:\/\/www.galiciamaxica.eu\/mini\/wp-content\/uploads\/2016\/04\/13020298_1103676629693319_578619422_n.jpg","keywords":["castro","ourense"],"articleSection":["ALI","FAMILIA","VIAJES COMPARTIDOS"],"inLanguage":"es","potentialAction":[{"@type":"CommentAction","name":"Comment","target":["https:\/\/www.galiciamaxica.eu\/mini\/castro-san-cibrao-las\/#respond"]}]},{"@type":"WebPage","@id":"https:\/\/www.galiciamaxica.eu\/mini\/castro-san-cibrao-las\/","url":"https:\/\/www.galiciamaxica.eu\/mini\/castro-san-cibrao-las\/","name":"CASTRO DE SAN CIBRAO DE LAS - Galicia con ni\u00f1os | GALICIA M\u00c1XICA","isPartOf":{"@id":"https:\/\/www.galiciamaxica.eu\/mini\/#website"},"primaryImageOfPage":{"@id":"https:\/\/www.galiciamaxica.eu\/mini\/castro-san-cibrao-las\/#primaryimage"},"image":{"@id":"https:\/\/www.galiciamaxica.eu\/mini\/castro-san-cibrao-las\/#primaryimage"},"thumbnailUrl":"https:\/\/www.galiciamaxica.eu\/mini\/wp-content\/uploads\/2016\/04\/13020298_1103676629693319_578619422_n.jpg","datePublished":"2016-04-20T16:51:56+00:00","dateModified":"2016-10-23T12:45:06+00:00","breadcrumb":{"@id":"https:\/\/www.galiciamaxica.eu\/mini\/castro-san-cibrao-las\/#breadcrumb"},"inLanguage":"es","potentialAction":[{"@type":"ReadAction","target":["https:\/\/www.galiciamaxica.eu\/mini\/castro-san-cibrao-las\/"]}]},{"@type":"ImageObject","inLanguage":"es","@id":"https:\/\/www.galiciamaxica.eu\/mini\/castro-san-cibrao-las\/#primaryimage","url":"https:\/\/www.galiciamaxica.eu\/mini\/wp-content\/uploads\/2016\/04\/13020298_1103676629693319_578619422_n.jpg","contentUrl":"https:\/\/www.galiciamaxica.eu\/mini\/wp-content\/uploads\/2016\/04\/13020298_1103676629693319_578619422_n.jpg","width":300,"height":200,"caption":"13020298_1103676629693319_578619422_n"},{"@type":"BreadcrumbList","@id":"https:\/\/www.galiciamaxica.eu\/mini\/castro-san-cibrao-las\/#breadcrumb","itemListElement":[{"@type":"ListItem","position":1,"name":"Portada","item":"https:\/\/www.galiciamaxica.eu\/mini\/"},{"@type":"ListItem","position":2,"name":"CASTRO DE SAN CIBRAO DE LAS"}]},{"@type":"WebSite","@id":"https:\/\/www.galiciamaxica.eu\/mini\/#website","url":"https:\/\/www.galiciamaxica.eu\/mini\/","name":"Galicia con ni\u00f1os | GALICIA M\u00c1XICA","description":"Qu\u00e9 hacer con ni\u00f1os en Galicia","publisher":{"@id":"https:\/\/www.galiciamaxica.eu\/mini\/#\/schema\/person\/2b284fe2fd911000a48d2e8936300179"},"potentialAction":[{"@type":"SearchAction","target":{"@type":"EntryPoint","urlTemplate":"https:\/\/www.galiciamaxica.eu\/mini\/?s={search_term_string}"},"query-input":{"@type":"PropertyValueSpecification","valueRequired":true,"valueName":"search_term_string"}}],"inLanguage":"es"},{"@type":["Person","Organization"],"@id":"https:\/\/www.galiciamaxica.eu\/mini\/#\/schema\/person\/2b284fe2fd911000a48d2e8936300179","name":"seseixa","image":{"@type":"ImageObject","inLanguage":"es","@id":"https:\/\/www.galiciamaxica.eu\/mini\/#\/schema\/person\/image\/","url":"https:\/\/www.galiciamaxica.eu\/mini\/wp-content\/uploads\/2019\/02\/seseixa.png","contentUrl":"https:\/\/www.galiciamaxica.eu\/mini\/wp-content\/uploads\/2019\/02\/seseixa.png","width":100,"height":100,"caption":"seseixa"},"logo":{"@id":"https:\/\/www.galiciamaxica.eu\/mini\/#\/schema\/person\/image\/"},"description":"En la actualidad combinando dos proyectos que me apasionan, Galicia y los ni\u00f1os. Tengo mucho que aportar y otro tanto que aprender, as\u00ed como, el tiempo y el coraz\u00f3n, dividido en todo momento. Soy mam\u00e1, un titulo otorgado a tiempo completo, compa\u00f1era y amiga, a todas horas, familiar y cercana, siempre. De esp\u00edritu inquieto, soy una eterna ni\u00f1a que juega en el pa\u00eds de las maravillas. Una enamorada de mi tierra, por la que trabajo sin descanso. Creo en la infancia como motor que cambiar\u00e1 el mundo a mejor y busco en mi vida la felicidad como estado permanente porque s\u00f3lo se vive una vez.","sameAs":["http:\/\/mini.galiciamaxica.eu\/","https:\/\/www.facebook.com\/maria.rodriguezserantes","https:\/\/x.com\/seseixa"]},{"@type":"Person","@id":"https:\/\/www.galiciamaxica.eu\/mini\/#\/schema\/person\/e54d71d2fc88e7701be2151843783d7a","name":"Alicia Rom\u00e1n Rodr\u00edguez","image":{"@type":"ImageObject","inLanguage":"es","@id":"https:\/\/www.galiciamaxica.eu\/mini\/#\/schema\/person\/image\/","url":"https:\/\/www.galiciamaxica.eu\/mini\/wp-content\/litespeed\/avatar\/f2a968feca4287b6ff4b5545aa8b25dc.jpg?ver=1788161405","contentUrl":"https:\/\/www.galiciamaxica.eu\/mini\/wp-content\/litespeed\/avatar\/f2a968feca4287b6ff4b5545aa8b25dc.jpg?ver=1788161405","caption":"Alicia Rom\u00e1n Rodr\u00edguez"},"url":"https:\/\/www.galiciamaxica.eu\/mini\/author\/ali\/"}]}},"amp_enabled":true,"post_mailing_queue_ids":[],"_links":{"self":[{"href":"https:\/\/www.galiciamaxica.eu\/mini\/wp-json\/wp\/v2\/posts\/2670"}],"collection":[{"href":"https:\/\/www.galiciamaxica.eu\/mini\/wp-json\/wp\/v2\/posts"}],"about":[{"href":"https:\/\/www.galiciamaxica.eu\/mini\/wp-json\/wp\/v2\/types\/post"}],"author":[{"embeddable":true,"href":"https:\/\/www.galiciamaxica.eu\/mini\/wp-json\/wp\/v2\/users\/25"}],"replies":[{"embeddable":true,"href":"https:\/\/www.galiciamaxica.eu\/mini\/wp-json\/wp\/v2\/comments?post=2670"}],"version-history":[{"count":0,"href":"https:\/\/www.galiciamaxica.eu\/mini\/wp-json\/wp\/v2\/posts\/2670\/revisions"}],"wp:featuredmedia":[{"embeddable":true,"href":"https:\/\/www.galiciamaxica.eu\/mini\/wp-json\/wp\/v2\/media\/2691"}],"wp:attachment":[{"href":"https:\/\/www.galiciamaxica.eu\/mini\/wp-json\/wp\/v2\/media?parent=2670"}],"wp:term":[{"taxonomy":"category","embeddable":true,"href":"https:\/\/www.galiciamaxica.eu\/mini\/wp-json\/wp\/v2\/categories?post=2670"},{"taxonomy":"post_tag","embeddable":true,"href":"https:\/\/www.galiciamaxica.eu\/mini\/wp-json\/wp\/v2\/tags?post=2670"}],"curies":[{"name":"wp","href":"https:\/\/api.w.org\/{rel}","templated":true}]}}