{"id":2645,"date":"2016-04-18T16:37:18","date_gmt":"2016-04-18T16:37:18","guid":{"rendered":"http:\/\/www.galiciamaxica.eu\/mini\/?p=2645"},"modified":"2019-10-07T19:12:20","modified_gmt":"2019-10-07T17:12:20","slug":"no-mejor-mama-no-mejor-papa","status":"publish","type":"post","link":"https:\/\/www.galiciamaxica.eu\/mini\/no-mejor-mama-no-mejor-papa\/","title":{"rendered":"No hay mejor mam\u00e1 que t\u00fa, no hay mejor pap\u00e1 que t\u00fa."},"content":{"rendered":"<p style=\"text-align: left;\">Ser mam\u00e1 es algo maravilloso, Hay qui\u00e9n dice que al ser mam\u00e1 nos brota un sentimiento de no hacer las cosas bien, de no ser capaz\u2026pues yo creo que debe ser\u00a0todo lo contrario. Somos capaces y lo haremos lo mejor que podamos.<\/p>\n<p style=\"text-align: left;\">En mi caso esos sentimientos se convirtieron por momentos en improvisaci\u00f3n, creo que las mam\u00e1s somos las amas de la improvisaci\u00f3n, s\u00ed tambi\u00e9n los pap\u00e1s.<\/p>\n<p style=\"text-align: left;\"><iframe src=\"https:\/\/www.youtube.com\/embed\/6Jix_oP1agc\" width=\"560\" height=\"315\" frameborder=\"0\" allowfullscreen=\"allowfullscreen\"><\/iframe><\/p>\n<p style=\"text-align: left;\">Todos sabemos que los ni\u00f1os no\u00a0vienen con un pan debajo del brazo, ni con libro de instrucciones, as\u00ed que, lo que os digo a todas las que v\u00e1is a ser mam\u00e1s y a los pap\u00e1s que <strong>disfrut\u00e9is, os relaj\u00e9is y los acompa\u00f1\u00e9is<\/strong> en ese gran viaje que es crecer.<\/p>\n<p style=\"text-align: left;\">Te dar\u00e1n mil y un consejos, te encontrar\u00e1s reproches en lo que haces,\u00a0te rodear\u00e1s de los que se creen perfectos y los que van sobre la marcha, a su ritmo.\u00a0S\u00f3lo te dir\u00e9 una cosa,\u00a0<strong>no hay mejor mam\u00e1 que t\u00fa, no hay mejor pap\u00e1 que t\u00fa<\/strong> , as\u00ed que, empieza por cre\u00e9rtelo, acepta consejos, no imposiciones, nadie mejor que vosotros para conocer a vuestro hij@ y no te creas que lo que vale para un\u00a0ni\u00f1o, vale para el tuyo.\u00a0Ell@s son \u00fanic@s y se merecen que los trates tal y como son. Val\u00f3ralos!<\/p>\n<p style=\"text-align: left;\">Me he encontrado en todas las etapas de mis hijos con <strong>fases a superar, <\/strong>ya se que educar no es un juego pero a veces nos vendr\u00eda bien estar m\u00e1s discernidos y tratarlos con\u00a0menos seriedad. Ellos te dar\u00e1n las pistas.<\/p>\n<p style=\"text-align: center;\">Los consejos a veces me los he dejado olvidados en la mesilla y he ido improvisando, recuerda:<strong> IMPROVISA! \u00a0<\/strong><\/p>\n<figure style=\"width: 426px\" class=\"wp-caption aligncenter\"><img fetchpriority=\"high\" decoding=\"async\" src=\"https:\/\/galiciamaxica.eu\/mini\/wp-content\/uploads\/2019\/10\/apple.gif\" alt=\"\" width=\"426\" height=\"426\" \/><figcaption class=\"wp-caption-text\"><strong>\u00abImprovisationpower\u201d<\/strong><\/figcaption><\/figure>\n<p style=\"text-align: left;\">Me hac\u00eda gracia cuando empiezan con berrinches, la palabra \u00abmalcriado o consentido\u00bb en boca de los que ya no se acuerdan de haber educado o de cuando fueron ni\u00f1os, recuerda todo pasa y las pataletas se acaban. O\u00eddos Sordos, lo mejor.<\/p>\n<p style=\"text-align: left;\">Disfruta, s\u00e1cale importancia, en esos momentos de nada vale la comunicaci\u00f3n porque gana el obcecamiento, as\u00ed que, os dar\u00e9 un consejo (ese que s\u00f3lo debes utilizar si crees que a tu hijo le beneficiar\u00e1), un consejo que a mi nunca me dieron y me fue a las mil maravillas, utiliza la<strong> t\u00e9cnica del despiste<\/strong>, ya hablaremos cuando se haya tranquilizado.<\/p>\n<p style=\"text-align: left;\">Estamos ante el berrinche, respiramos hondo, \u201c ah\u00ed va, lo que he visto\u2026\u201d \u00abayuda! se me cae el zapato\u00bb, \u00ab\u00bftengo un bicho en el pelo?\u00bb&#8230; lo que creas que le puede llamar m\u00e1s su\u00a0atenci\u00f3n. <strong>Prueba<\/strong><\/p>\n<p style=\"text-align: left;\"><img decoding=\"async\" class=\"aligncenter\" src=\"https:\/\/galiciamaxica.eu\/mini\/wp-content\/uploads\/2019\/10\/Cuandolepreguntamosalamigocasadosivienealbarconnosotros_zpsbc732990.gif\" alt=\"\" width=\"340\" height=\"142\" \/><\/p>\n<p style=\"text-align: center;\">\u00a0<strong>Opps!!!\u00a0<\/strong><\/p>\n<p style=\"text-align: center;\">Los estamos enga\u00f1ando que malos somos, a los ni\u00f1os no se les debe mentir.<\/p>\n<p style=\"text-align: left;\">Os voy a decir una cosa despu\u00e9s vendr\u00e1 la explicaci\u00f3n pero por\u00a0el momento saldremos del bucle de llorar por llorar y el no atender a explicaciones. Parcheemos la situaci\u00f3n con improvisaci\u00f3n, bendita palabra. Cuando se tranquilice, os aseguro que lo har\u00e1, le reforzaremos el buen comportamiento dici\u00e9ndole que nos encanta que nos ayude a buscar esto o lo\u00a0otro y lo maravilloso y buen ni\u00f1@ que es, que lo es, no lo dudes jam\u00e1s.<\/p>\n<p style=\"text-align: left;\"><img decoding=\"async\" class=\"aligncenter\" src=\"https:\/\/galiciamaxica.eu\/mini\/wp-content\/uploads\/2019\/10\/20142B-2B12B252822529.gif\" alt=\"\" width=\"288\" height=\"512\" \/><\/p>\n<p style=\"text-align: left;\">Es dif\u00edcil crecer, \u00a0p\u00f3nselo f\u00e1cil. Le\u00ed una vez que lo mejor es \u00ababandonarlo con su\u00a0berrinche\u00bb y desde una distancia prudencial vigilarlo y no ceder, no darle importancia. Bien, os aseguro que lo intent\u00e9 una vez, no prob\u00e9 m\u00e1s, creo que en el supermercado m\u00e1s de uno decidi\u00f3 no tener hijos en la vida y os aseguro que ni se calm\u00f3, ni pod\u00eda esperar toda la hora a que lo hiciese, con mi t\u00e9cnica de distracci\u00f3n consegu\u00ed que los berrinches se transformaran en un rato a olvidar y durasen poco, \u00a0he de reconocer que\u00a0es\u00a0una etapa dif\u00edcil, \u00e1nimo, todo pasa.<\/p>\n<p style=\"text-align: left;\">No os puedo decir, si esta t\u00e9cnica es buena o mala porque por ahora en su crecimiento no he notado contraindicaciones o malestares, s\u00f3lo puedo afirmar que a mi, me funcion\u00f3.<\/p>\n<p style=\"text-align: left;\">No te preocupes, va por ti, el\u00a0colorado de la esquina, el\u00a0de tr\u00e1game tierra, todos los ni\u00f1os se encaprichan, todos los ni\u00f1os alguna vez no hacen caso y no por eso vas a dejar de ser la<strong> mejor mam\u00e1 o pap\u00e1 del mundo<\/strong>.<\/p>\n<p style=\"text-align: left;\">Disfruta de la crianza y s\u00e9 t\u00fa mismo porque es lo que m\u00e1s le gusta a tu hij@ y nadie mejor que t\u00fa para ense\u00f1arle a crecer.<\/p>\n<p style=\"text-align: left;\">Una vez me dijo mi madre, \u00ablos ni\u00f1os inteligentes dan mucha guerra nena\u00bb, no s\u00e9 si para consolarme o para reforzar mi esfuerzo como madre, ahora sus palabras son melodiosas para mi <span style=\"line-height: 1.5;\">, ella\u00a0tambi\u00e9n era la mejor mam\u00e1\u00a0del mundo.\u00a0<\/span>Os pido a todos los que a\u00fan ten\u00e9is la suerte de tenerlos en vuestra vida, valor\u00e9is su compa\u00f1\u00eda y ayuda<span style=\"line-height: 1.5;\">. Mi homenaje a los grandes abuel@s!<\/span><\/p>\n<p style=\"text-align: left;\">\n","protected":false},"excerpt":{"rendered":"<p>Ser mam\u00e1 es algo maravilloso, Hay qui\u00e9n dice que al ser mam\u00e1 nos brota un sentimiento de no hacer las cosas bien, de no ser capaz\u2026pues yo creo que debe ser\u00a0todo lo contrario. Somos capaces y lo haremos lo mejor que podamos. En mi caso esos sentimientos se convirtieron por momentos en improvisaci\u00f3n, creo que [&hellip;]<\/p>\n","protected":false},"author":1,"featured_media":2660,"comment_status":"open","ping_status":"open","sticky":false,"template":"","format":"standard","meta":{"_eb_attr":"","site-sidebar-layout":"default","site-content-layout":"","ast-site-content-layout":"","site-content-style":"default","site-sidebar-style":"default","ast-global-header-display":"","ast-banner-title-visibility":"","ast-main-header-display":"","ast-hfb-above-header-display":"","ast-hfb-below-header-display":"","ast-hfb-mobile-header-display":"","site-post-title":"","ast-breadcrumbs-content":"","ast-featured-img":"","footer-sml-layout":"","theme-transparent-header-meta":"","adv-header-id-meta":"","stick-header-meta":"","header-above-stick-meta":"","header-main-stick-meta":"","header-below-stick-meta":"","astra-migrate-meta-layouts":"default","ast-page-background-enabled":"default","ast-page-background-meta":{"desktop":{"background-color":"","background-image":"","background-repeat":"repeat","background-position":"center center","background-size":"auto","background-attachment":"scroll","background-type":"","background-media":"","overlay-type":"","overlay-color":"","overlay-opacity":"","overlay-gradient":""},"tablet":{"background-color":"","background-image":"","background-repeat":"repeat","background-position":"center center","background-size":"auto","background-attachment":"scroll","background-type":"","background-media":"","overlay-type":"","overlay-color":"","overlay-opacity":"","overlay-gradient":""},"mobile":{"background-color":"","background-image":"","background-repeat":"repeat","background-position":"center center","background-size":"auto","background-attachment":"scroll","background-type":"","background-media":"","overlay-type":"","overlay-color":"","overlay-opacity":"","overlay-gradient":""}},"ast-content-background-meta":{"desktop":{"background-color":"var(--ast-global-color-5)","background-image":"","background-repeat":"repeat","background-position":"center center","background-size":"auto","background-attachment":"scroll","background-type":"","background-media":"","overlay-type":"","overlay-color":"","overlay-opacity":"","overlay-gradient":""},"tablet":{"background-color":"var(--ast-global-color-5)","background-image":"","background-repeat":"repeat","background-position":"center center","background-size":"auto","background-attachment":"scroll","background-type":"","background-media":"","overlay-type":"","overlay-color":"","overlay-opacity":"","overlay-gradient":""},"mobile":{"background-color":"var(--ast-global-color-5)","background-image":"","background-repeat":"repeat","background-position":"center center","background-size":"auto","background-attachment":"scroll","background-type":"","background-media":"","overlay-type":"","overlay-color":"","overlay-opacity":"","overlay-gradient":""}},"footnotes":""},"categories":[1],"tags":[518,2,519],"class_list":["post-2645","post","type-post","status-publish","format-standard","has-post-thumbnail","hentry","category-familia","tag-berrinches","tag-ninos","tag-pataletas"],"yoast_head":"<!-- This site is optimized with the Yoast SEO plugin v24.9 - https:\/\/yoast.com\/wordpress\/plugins\/seo\/ -->\n<title>No hay mejor mam\u00e1 que t\u00fa, no hay mejor pap\u00e1 que t\u00fa. - Galicia con ni\u00f1os | GALICIA M\u00c1XICA<\/title>\n<meta name=\"robots\" content=\"index, follow, max-snippet:-1, max-image-preview:large, max-video-preview:-1\" \/>\n<link rel=\"canonical\" href=\"https:\/\/www.galiciamaxica.eu\/mini\/no-mejor-mama-no-mejor-papa\/\" \/>\n<meta property=\"og:locale\" content=\"es_ES\" \/>\n<meta property=\"og:type\" content=\"article\" \/>\n<meta property=\"og:title\" content=\"No hay mejor mam\u00e1 que t\u00fa, no hay mejor pap\u00e1 que t\u00fa. - Galicia con ni\u00f1os | GALICIA M\u00c1XICA\" \/>\n<meta property=\"og:description\" content=\"Ser mam\u00e1 es algo maravilloso, Hay qui\u00e9n dice que al ser mam\u00e1 nos brota un sentimiento de no hacer las cosas bien, de no ser capaz\u2026pues yo creo que debe ser\u00a0todo lo contrario. Somos capaces y lo haremos lo mejor que podamos. En mi caso esos sentimientos se convirtieron por momentos en improvisaci\u00f3n, creo que [&hellip;]\" \/>\n<meta property=\"og:url\" content=\"https:\/\/www.galiciamaxica.eu\/mini\/no-mejor-mama-no-mejor-papa\/\" \/>\n<meta property=\"og:site_name\" content=\"Galicia con ni\u00f1os | GALICIA M\u00c1XICA\" \/>\n<meta property=\"article:publisher\" content=\"https:\/\/www.facebook.com\/maria.rodriguezserantes\" \/>\n<meta property=\"article:author\" content=\"https:\/\/www.facebook.com\/maria.rodriguezserantes\" \/>\n<meta property=\"article:published_time\" content=\"2016-04-18T16:37:18+00:00\" \/>\n<meta property=\"article:modified_time\" content=\"2019-10-07T17:12:20+00:00\" \/>\n<meta property=\"og:image\" content=\"https:\/\/www.galiciamaxica.eu\/mini\/wp-content\/uploads\/2016\/04\/DSC_0155-1.jpg\" \/>\n\t<meta property=\"og:image:width\" content=\"1144\" \/>\n\t<meta property=\"og:image:height\" content=\"768\" \/>\n\t<meta property=\"og:image:type\" content=\"image\/jpeg\" \/>\n<meta name=\"author\" content=\"seseixa\" \/>\n<meta name=\"twitter:card\" content=\"summary_large_image\" \/>\n<meta name=\"twitter:creator\" content=\"@seseixa\" \/>\n<meta name=\"twitter:site\" content=\"@seseixa\" \/>\n<meta name=\"twitter:label1\" content=\"Escrito por\" \/>\n\t<meta name=\"twitter:data1\" content=\"seseixa\" \/>\n\t<meta name=\"twitter:label2\" content=\"Tiempo de lectura\" \/>\n\t<meta name=\"twitter:data2\" content=\"4 minutos\" \/>\n<script type=\"application\/ld+json\" class=\"yoast-schema-graph\">{\"@context\":\"https:\/\/schema.org\",\"@graph\":[{\"@type\":\"Article\",\"@id\":\"https:\/\/www.galiciamaxica.eu\/mini\/no-mejor-mama-no-mejor-papa\/#article\",\"isPartOf\":{\"@id\":\"https:\/\/www.galiciamaxica.eu\/mini\/no-mejor-mama-no-mejor-papa\/\"},\"author\":{\"name\":\"seseixa\",\"@id\":\"https:\/\/www.galiciamaxica.eu\/mini\/#\/schema\/person\/2b284fe2fd911000a48d2e8936300179\"},\"headline\":\"No hay mejor mam\u00e1 que t\u00fa, no hay mejor pap\u00e1 que t\u00fa.\",\"datePublished\":\"2016-04-18T16:37:18+00:00\",\"dateModified\":\"2019-10-07T17:12:20+00:00\",\"mainEntityOfPage\":{\"@id\":\"https:\/\/www.galiciamaxica.eu\/mini\/no-mejor-mama-no-mejor-papa\/\"},\"wordCount\":852,\"commentCount\":0,\"publisher\":{\"@id\":\"https:\/\/www.galiciamaxica.eu\/mini\/#\/schema\/person\/2b284fe2fd911000a48d2e8936300179\"},\"image\":{\"@id\":\"https:\/\/www.galiciamaxica.eu\/mini\/no-mejor-mama-no-mejor-papa\/#primaryimage\"},\"thumbnailUrl\":\"https:\/\/www.galiciamaxica.eu\/mini\/wp-content\/uploads\/2016\/04\/DSC_0155-1.jpg\",\"keywords\":[\"berrinches\",\"ni\u00f1os\",\"pataletas\"],\"articleSection\":[\"FAMILIA\"],\"inLanguage\":\"es\",\"potentialAction\":[{\"@type\":\"CommentAction\",\"name\":\"Comment\",\"target\":[\"https:\/\/www.galiciamaxica.eu\/mini\/no-mejor-mama-no-mejor-papa\/#respond\"]}]},{\"@type\":\"WebPage\",\"@id\":\"https:\/\/www.galiciamaxica.eu\/mini\/no-mejor-mama-no-mejor-papa\/\",\"url\":\"https:\/\/www.galiciamaxica.eu\/mini\/no-mejor-mama-no-mejor-papa\/\",\"name\":\"No hay mejor mam\u00e1 que t\u00fa, no hay mejor pap\u00e1 que t\u00fa. - Galicia con ni\u00f1os | GALICIA M\u00c1XICA\",\"isPartOf\":{\"@id\":\"https:\/\/www.galiciamaxica.eu\/mini\/#website\"},\"primaryImageOfPage\":{\"@id\":\"https:\/\/www.galiciamaxica.eu\/mini\/no-mejor-mama-no-mejor-papa\/#primaryimage\"},\"image\":{\"@id\":\"https:\/\/www.galiciamaxica.eu\/mini\/no-mejor-mama-no-mejor-papa\/#primaryimage\"},\"thumbnailUrl\":\"https:\/\/www.galiciamaxica.eu\/mini\/wp-content\/uploads\/2016\/04\/DSC_0155-1.jpg\",\"datePublished\":\"2016-04-18T16:37:18+00:00\",\"dateModified\":\"2019-10-07T17:12:20+00:00\",\"breadcrumb\":{\"@id\":\"https:\/\/www.galiciamaxica.eu\/mini\/no-mejor-mama-no-mejor-papa\/#breadcrumb\"},\"inLanguage\":\"es\",\"potentialAction\":[{\"@type\":\"ReadAction\",\"target\":[\"https:\/\/www.galiciamaxica.eu\/mini\/no-mejor-mama-no-mejor-papa\/\"]}]},{\"@type\":\"ImageObject\",\"inLanguage\":\"es\",\"@id\":\"https:\/\/www.galiciamaxica.eu\/mini\/no-mejor-mama-no-mejor-papa\/#primaryimage\",\"url\":\"https:\/\/www.galiciamaxica.eu\/mini\/wp-content\/uploads\/2016\/04\/DSC_0155-1.jpg\",\"contentUrl\":\"https:\/\/www.galiciamaxica.eu\/mini\/wp-content\/uploads\/2016\/04\/DSC_0155-1.jpg\",\"width\":1144,\"height\":768,\"caption\":\"DSC_0155-1\"},{\"@type\":\"BreadcrumbList\",\"@id\":\"https:\/\/www.galiciamaxica.eu\/mini\/no-mejor-mama-no-mejor-papa\/#breadcrumb\",\"itemListElement\":[{\"@type\":\"ListItem\",\"position\":1,\"name\":\"Portada\",\"item\":\"https:\/\/www.galiciamaxica.eu\/mini\/\"},{\"@type\":\"ListItem\",\"position\":2,\"name\":\"No hay mejor mam\u00e1 que t\u00fa, no hay mejor pap\u00e1 que t\u00fa.\"}]},{\"@type\":\"WebSite\",\"@id\":\"https:\/\/www.galiciamaxica.eu\/mini\/#website\",\"url\":\"https:\/\/www.galiciamaxica.eu\/mini\/\",\"name\":\"Galicia con ni\u00f1os | GALICIA M\u00c1XICA\",\"description\":\"Qu\u00e9 hacer con ni\u00f1os en Galicia\",\"publisher\":{\"@id\":\"https:\/\/www.galiciamaxica.eu\/mini\/#\/schema\/person\/2b284fe2fd911000a48d2e8936300179\"},\"potentialAction\":[{\"@type\":\"SearchAction\",\"target\":{\"@type\":\"EntryPoint\",\"urlTemplate\":\"https:\/\/www.galiciamaxica.eu\/mini\/?s={search_term_string}\"},\"query-input\":{\"@type\":\"PropertyValueSpecification\",\"valueRequired\":true,\"valueName\":\"search_term_string\"}}],\"inLanguage\":\"es\"},{\"@type\":[\"Person\",\"Organization\"],\"@id\":\"https:\/\/www.galiciamaxica.eu\/mini\/#\/schema\/person\/2b284fe2fd911000a48d2e8936300179\",\"name\":\"seseixa\",\"image\":{\"@type\":\"ImageObject\",\"inLanguage\":\"es\",\"@id\":\"https:\/\/www.galiciamaxica.eu\/mini\/#\/schema\/person\/image\/\",\"url\":\"https:\/\/www.galiciamaxica.eu\/mini\/wp-content\/uploads\/2019\/02\/seseixa.png\",\"contentUrl\":\"https:\/\/www.galiciamaxica.eu\/mini\/wp-content\/uploads\/2019\/02\/seseixa.png\",\"width\":100,\"height\":100,\"caption\":\"seseixa\"},\"logo\":{\"@id\":\"https:\/\/www.galiciamaxica.eu\/mini\/#\/schema\/person\/image\/\"},\"description\":\"En la actualidad combinando dos proyectos que me apasionan, Galicia y los ni\u00f1os. Tengo mucho que aportar y otro tanto que aprender, as\u00ed como, el tiempo y el coraz\u00f3n, dividido en todo momento. Soy mam\u00e1, un titulo otorgado a tiempo completo, compa\u00f1era y amiga, a todas horas, familiar y cercana, siempre. De esp\u00edritu inquieto, soy una eterna ni\u00f1a que juega en el pa\u00eds de las maravillas. Una enamorada de mi tierra, por la que trabajo sin descanso. Creo en la infancia como motor que cambiar\u00e1 el mundo a mejor y busco en mi vida la felicidad como estado permanente porque s\u00f3lo se vive una vez.\",\"sameAs\":[\"http:\/\/mini.galiciamaxica.eu\/\",\"https:\/\/www.facebook.com\/maria.rodriguezserantes\",\"https:\/\/x.com\/seseixa\"],\"url\":\"https:\/\/www.galiciamaxica.eu\/mini\/author\/seseixa\/\"}]}<\/script>\n<!-- \/ Yoast SEO plugin. -->","yoast_head_json":{"title":"No hay mejor mam\u00e1 que t\u00fa, no hay mejor pap\u00e1 que t\u00fa. - Galicia con ni\u00f1os | GALICIA M\u00c1XICA","robots":{"index":"index","follow":"follow","max-snippet":"max-snippet:-1","max-image-preview":"max-image-preview:large","max-video-preview":"max-video-preview:-1"},"canonical":"https:\/\/www.galiciamaxica.eu\/mini\/no-mejor-mama-no-mejor-papa\/","og_locale":"es_ES","og_type":"article","og_title":"No hay mejor mam\u00e1 que t\u00fa, no hay mejor pap\u00e1 que t\u00fa. - Galicia con ni\u00f1os | GALICIA M\u00c1XICA","og_description":"Ser mam\u00e1 es algo maravilloso, Hay qui\u00e9n dice que al ser mam\u00e1 nos brota un sentimiento de no hacer las cosas bien, de no ser capaz\u2026pues yo creo que debe ser\u00a0todo lo contrario. Somos capaces y lo haremos lo mejor que podamos. En mi caso esos sentimientos se convirtieron por momentos en improvisaci\u00f3n, creo que [&hellip;]","og_url":"https:\/\/www.galiciamaxica.eu\/mini\/no-mejor-mama-no-mejor-papa\/","og_site_name":"Galicia con ni\u00f1os | GALICIA M\u00c1XICA","article_publisher":"https:\/\/www.facebook.com\/maria.rodriguezserantes","article_author":"https:\/\/www.facebook.com\/maria.rodriguezserantes","article_published_time":"2016-04-18T16:37:18+00:00","article_modified_time":"2019-10-07T17:12:20+00:00","og_image":[{"width":1144,"height":768,"url":"https:\/\/www.galiciamaxica.eu\/mini\/wp-content\/uploads\/2016\/04\/DSC_0155-1.jpg","type":"image\/jpeg"}],"author":"seseixa","twitter_card":"summary_large_image","twitter_creator":"@seseixa","twitter_site":"@seseixa","twitter_misc":{"Escrito por":"seseixa","Tiempo de lectura":"4 minutos"},"schema":{"@context":"https:\/\/schema.org","@graph":[{"@type":"Article","@id":"https:\/\/www.galiciamaxica.eu\/mini\/no-mejor-mama-no-mejor-papa\/#article","isPartOf":{"@id":"https:\/\/www.galiciamaxica.eu\/mini\/no-mejor-mama-no-mejor-papa\/"},"author":{"name":"seseixa","@id":"https:\/\/www.galiciamaxica.eu\/mini\/#\/schema\/person\/2b284fe2fd911000a48d2e8936300179"},"headline":"No hay mejor mam\u00e1 que t\u00fa, no hay mejor pap\u00e1 que t\u00fa.","datePublished":"2016-04-18T16:37:18+00:00","dateModified":"2019-10-07T17:12:20+00:00","mainEntityOfPage":{"@id":"https:\/\/www.galiciamaxica.eu\/mini\/no-mejor-mama-no-mejor-papa\/"},"wordCount":852,"commentCount":0,"publisher":{"@id":"https:\/\/www.galiciamaxica.eu\/mini\/#\/schema\/person\/2b284fe2fd911000a48d2e8936300179"},"image":{"@id":"https:\/\/www.galiciamaxica.eu\/mini\/no-mejor-mama-no-mejor-papa\/#primaryimage"},"thumbnailUrl":"https:\/\/www.galiciamaxica.eu\/mini\/wp-content\/uploads\/2016\/04\/DSC_0155-1.jpg","keywords":["berrinches","ni\u00f1os","pataletas"],"articleSection":["FAMILIA"],"inLanguage":"es","potentialAction":[{"@type":"CommentAction","name":"Comment","target":["https:\/\/www.galiciamaxica.eu\/mini\/no-mejor-mama-no-mejor-papa\/#respond"]}]},{"@type":"WebPage","@id":"https:\/\/www.galiciamaxica.eu\/mini\/no-mejor-mama-no-mejor-papa\/","url":"https:\/\/www.galiciamaxica.eu\/mini\/no-mejor-mama-no-mejor-papa\/","name":"No hay mejor mam\u00e1 que t\u00fa, no hay mejor pap\u00e1 que t\u00fa. - Galicia con ni\u00f1os | GALICIA M\u00c1XICA","isPartOf":{"@id":"https:\/\/www.galiciamaxica.eu\/mini\/#website"},"primaryImageOfPage":{"@id":"https:\/\/www.galiciamaxica.eu\/mini\/no-mejor-mama-no-mejor-papa\/#primaryimage"},"image":{"@id":"https:\/\/www.galiciamaxica.eu\/mini\/no-mejor-mama-no-mejor-papa\/#primaryimage"},"thumbnailUrl":"https:\/\/www.galiciamaxica.eu\/mini\/wp-content\/uploads\/2016\/04\/DSC_0155-1.jpg","datePublished":"2016-04-18T16:37:18+00:00","dateModified":"2019-10-07T17:12:20+00:00","breadcrumb":{"@id":"https:\/\/www.galiciamaxica.eu\/mini\/no-mejor-mama-no-mejor-papa\/#breadcrumb"},"inLanguage":"es","potentialAction":[{"@type":"ReadAction","target":["https:\/\/www.galiciamaxica.eu\/mini\/no-mejor-mama-no-mejor-papa\/"]}]},{"@type":"ImageObject","inLanguage":"es","@id":"https:\/\/www.galiciamaxica.eu\/mini\/no-mejor-mama-no-mejor-papa\/#primaryimage","url":"https:\/\/www.galiciamaxica.eu\/mini\/wp-content\/uploads\/2016\/04\/DSC_0155-1.jpg","contentUrl":"https:\/\/www.galiciamaxica.eu\/mini\/wp-content\/uploads\/2016\/04\/DSC_0155-1.jpg","width":1144,"height":768,"caption":"DSC_0155-1"},{"@type":"BreadcrumbList","@id":"https:\/\/www.galiciamaxica.eu\/mini\/no-mejor-mama-no-mejor-papa\/#breadcrumb","itemListElement":[{"@type":"ListItem","position":1,"name":"Portada","item":"https:\/\/www.galiciamaxica.eu\/mini\/"},{"@type":"ListItem","position":2,"name":"No hay mejor mam\u00e1 que t\u00fa, no hay mejor pap\u00e1 que t\u00fa."}]},{"@type":"WebSite","@id":"https:\/\/www.galiciamaxica.eu\/mini\/#website","url":"https:\/\/www.galiciamaxica.eu\/mini\/","name":"Galicia con ni\u00f1os | GALICIA M\u00c1XICA","description":"Qu\u00e9 hacer con ni\u00f1os en Galicia","publisher":{"@id":"https:\/\/www.galiciamaxica.eu\/mini\/#\/schema\/person\/2b284fe2fd911000a48d2e8936300179"},"potentialAction":[{"@type":"SearchAction","target":{"@type":"EntryPoint","urlTemplate":"https:\/\/www.galiciamaxica.eu\/mini\/?s={search_term_string}"},"query-input":{"@type":"PropertyValueSpecification","valueRequired":true,"valueName":"search_term_string"}}],"inLanguage":"es"},{"@type":["Person","Organization"],"@id":"https:\/\/www.galiciamaxica.eu\/mini\/#\/schema\/person\/2b284fe2fd911000a48d2e8936300179","name":"seseixa","image":{"@type":"ImageObject","inLanguage":"es","@id":"https:\/\/www.galiciamaxica.eu\/mini\/#\/schema\/person\/image\/","url":"https:\/\/www.galiciamaxica.eu\/mini\/wp-content\/uploads\/2019\/02\/seseixa.png","contentUrl":"https:\/\/www.galiciamaxica.eu\/mini\/wp-content\/uploads\/2019\/02\/seseixa.png","width":100,"height":100,"caption":"seseixa"},"logo":{"@id":"https:\/\/www.galiciamaxica.eu\/mini\/#\/schema\/person\/image\/"},"description":"En la actualidad combinando dos proyectos que me apasionan, Galicia y los ni\u00f1os. Tengo mucho que aportar y otro tanto que aprender, as\u00ed como, el tiempo y el coraz\u00f3n, dividido en todo momento. Soy mam\u00e1, un titulo otorgado a tiempo completo, compa\u00f1era y amiga, a todas horas, familiar y cercana, siempre. De esp\u00edritu inquieto, soy una eterna ni\u00f1a que juega en el pa\u00eds de las maravillas. Una enamorada de mi tierra, por la que trabajo sin descanso. Creo en la infancia como motor que cambiar\u00e1 el mundo a mejor y busco en mi vida la felicidad como estado permanente porque s\u00f3lo se vive una vez.","sameAs":["http:\/\/mini.galiciamaxica.eu\/","https:\/\/www.facebook.com\/maria.rodriguezserantes","https:\/\/x.com\/seseixa"],"url":"https:\/\/www.galiciamaxica.eu\/mini\/author\/seseixa\/"}]}},"amp_enabled":true,"post_mailing_queue_ids":[],"_links":{"self":[{"href":"https:\/\/www.galiciamaxica.eu\/mini\/wp-json\/wp\/v2\/posts\/2645"}],"collection":[{"href":"https:\/\/www.galiciamaxica.eu\/mini\/wp-json\/wp\/v2\/posts"}],"about":[{"href":"https:\/\/www.galiciamaxica.eu\/mini\/wp-json\/wp\/v2\/types\/post"}],"author":[{"embeddable":true,"href":"https:\/\/www.galiciamaxica.eu\/mini\/wp-json\/wp\/v2\/users\/1"}],"replies":[{"embeddable":true,"href":"https:\/\/www.galiciamaxica.eu\/mini\/wp-json\/wp\/v2\/comments?post=2645"}],"version-history":[{"count":0,"href":"https:\/\/www.galiciamaxica.eu\/mini\/wp-json\/wp\/v2\/posts\/2645\/revisions"}],"wp:featuredmedia":[{"embeddable":true,"href":"https:\/\/www.galiciamaxica.eu\/mini\/wp-json\/wp\/v2\/media\/2660"}],"wp:attachment":[{"href":"https:\/\/www.galiciamaxica.eu\/mini\/wp-json\/wp\/v2\/media?parent=2645"}],"wp:term":[{"taxonomy":"category","embeddable":true,"href":"https:\/\/www.galiciamaxica.eu\/mini\/wp-json\/wp\/v2\/categories?post=2645"},{"taxonomy":"post_tag","embeddable":true,"href":"https:\/\/www.galiciamaxica.eu\/mini\/wp-json\/wp\/v2\/tags?post=2645"}],"curies":[{"name":"wp","href":"https:\/\/api.w.org\/{rel}","templated":true}]}}