{"id":2633,"date":"2016-04-18T13:53:14","date_gmt":"2016-04-18T13:53:14","guid":{"rendered":"http:\/\/www.galiciamaxica.eu\/mini\/?p=2633"},"modified":"2024-08-13T18:53:40","modified_gmt":"2024-08-13T16:53:40","slug":"memorias-da-liberdade-couto-mixto","status":"publish","type":"post","link":"https:\/\/www.galiciamaxica.eu\/mini\/memorias-da-liberdade-couto-mixto\/","title":{"rendered":"Mem\u00f3rias livres: Couto Mixto"},"content":{"rendered":"<p class=\"p1\">Couto Mixto \u00e9 um\u00a0recanto\u00a0privilegiado pela natureza circundante que definia as fronteiras imagin\u00e1rias do seu enclave de mist\u00e9rio pleno, assim como pela alma livre dos\u00bbMistos\u00bb.<\/p>\n<figure id=\"attachment_2634\" aria-describedby=\"caption-attachment-2634\" style=\"width: 640px\" class=\"wp-caption aligncenter\"><a href=\"http:\/\/www.galiciamaxica.eu\/mini\/wp-content\/uploads\/2016\/04\/Santiago_Couto_Mixto.jpg\" rel=\"attachment wp-att-2634\"><img fetchpriority=\"high\" decoding=\"async\" class=\"wp-image-2634 size-large\" src=\"http:\/\/www.galiciamaxica.eu\/mini\/wp-content\/uploads\/2016\/04\/Santiago_Couto_Mixto-1024x683.jpg\" alt=\"Santiago_Couto Mixto\" width=\"640\" height=\"427\" srcset=\"https:\/\/www.galiciamaxica.eu\/mini\/wp-content\/uploads\/2016\/04\/Santiago_Couto_Mixto-1024x683.jpg 1024w, https:\/\/www.galiciamaxica.eu\/mini\/wp-content\/uploads\/2016\/04\/Santiago_Couto_Mixto-300x200.jpg 300w, https:\/\/www.galiciamaxica.eu\/mini\/wp-content\/uploads\/2016\/04\/Santiago_Couto_Mixto-768x512.jpg 768w, https:\/\/www.galiciamaxica.eu\/mini\/wp-content\/uploads\/2016\/04\/Santiago_Couto_Mixto.jpg 1152w\" sizes=\"(max-width: 640px) 100vw, 640px\" \/><\/a><figcaption id=\"caption-attachment-2634\" class=\"wp-caption-text\">Vista de Santiago, Couto Mixto<\/figcaption><\/figure>\n<p class=\"p1\">O nosso percurso passou por Maus de Salas (<a href=\"http:\/\/avivacenter.com\/\" target=\"_blank\" rel=\"noopener\">abra\u00e7o para o \u00d3scar do Aviva<\/a>), com a albufeira mais silenciosa que j\u00e1 visitei e onde os feiti\u00e7os megal\u00edticos dos picos da Fonte Fria despertam o desejo de descobrir o que h\u00e1 para l\u00e1 daquele banda, encantamento da serra do Xur\u00e9s.<\/p>\n<figure id=\"attachment_2635\" aria-describedby=\"caption-attachment-2635\" style=\"width: 640px\" class=\"wp-caption aligncenter\"><a href=\"http:\/\/www.galiciamaxica.eu\/mini\/wp-content\/uploads\/2016\/04\/maus_de_salas_Couto_Mixto.jpg\" rel=\"attachment wp-att-2635\"><img decoding=\"async\" class=\"wp-image-2635 size-large\" src=\"http:\/\/www.galiciamaxica.eu\/mini\/wp-content\/uploads\/2016\/04\/maus_de_salas_Couto_Mixto-1024x683.jpg\" alt=\"maus_de_salas_Couto Mixto\" width=\"640\" height=\"427\" srcset=\"https:\/\/www.galiciamaxica.eu\/mini\/wp-content\/uploads\/2016\/04\/maus_de_salas_Couto_Mixto-1024x683.jpg 1024w, https:\/\/www.galiciamaxica.eu\/mini\/wp-content\/uploads\/2016\/04\/maus_de_salas_Couto_Mixto-300x200.jpg 300w, https:\/\/www.galiciamaxica.eu\/mini\/wp-content\/uploads\/2016\/04\/maus_de_salas_Couto_Mixto-768x512.jpg 768w, https:\/\/www.galiciamaxica.eu\/mini\/wp-content\/uploads\/2016\/04\/maus_de_salas_Couto_Mixto.jpg 1152w\" sizes=\"(max-width: 640px) 100vw, 640px\" \/><\/a><figcaption id=\"caption-attachment-2635\" class=\"wp-caption-text\">Vista do Encoro do Salas, a partir de Maus de Salas e com a Fonte Fria do Xur\u00e9s no fundo.<\/figcaption><\/figure>\n<p class=\"p1\">Couto Mixto \u00e9 um\u00a0hino de independ\u00eancia a todos os n\u00edveis e que se traduzia na sua forma de governo, cara a cara, encabe\u00e7ado pelo <a href=\"https:\/\/www.facebook.com\/profile.php?id=100003404906699&amp;fref=ts\" target=\"_blank\" rel=\"noopener\">Juiz do Couto<\/a> e os Homens-Bons, hoje Homens de Acordo (que tanta falta fazem neste mundo\u2026), guardando os seus t\u00edtulos de independ\u00eancia na igreja de Santiago, na Arca das Tr\u00eas Chaves, com cada uma das tr\u00eas chaves a ficar sob cust\u00f3dia dos v\u00e1rios Homens de Acordo.<\/p>\n<figure id=\"attachment_2636\" aria-describedby=\"caption-attachment-2636\" style=\"width: 640px\" class=\"wp-caption aligncenter\"><img decoding=\"async\" class=\"wp-image-2636 size-large\" src=\"http:\/\/www.galiciamaxica.eu\/mini\/wp-content\/uploads\/2016\/04\/arca_das_3_chaves_Couto_Mixto-1024x683.jpg\" alt=\"arca_das_3_chaves_Couto Mixto\" width=\"640\" height=\"427\" srcset=\"https:\/\/www.galiciamaxica.eu\/mini\/wp-content\/uploads\/2016\/04\/arca_das_3_chaves_Couto_Mixto-1024x683.jpg 1024w, https:\/\/www.galiciamaxica.eu\/mini\/wp-content\/uploads\/2016\/04\/arca_das_3_chaves_Couto_Mixto-300x200.jpg 300w, https:\/\/www.galiciamaxica.eu\/mini\/wp-content\/uploads\/2016\/04\/arca_das_3_chaves_Couto_Mixto-768x512.jpg 768w, https:\/\/www.galiciamaxica.eu\/mini\/wp-content\/uploads\/2016\/04\/arca_das_3_chaves_Couto_Mixto.jpg 1152w\" sizes=\"(max-width: 640px) 100vw, 640px\" \/><figcaption id=\"caption-attachment-2636\" class=\"wp-caption-text\">A Arca das 3 Chaves, Igreja de Santiago de Rubi\u00e1s<\/figcaption><\/figure>\n<p class=\"p1\">A origem do Couto Mixto \u00e9 um segredo apaixonante\u2026n\u00e3o se consegue descobrir e remonta \u00e0 Baixa Idade M\u00e9dia: S\u00e9culo X &#8211; o seu fim, uma parti\u00e7\u00e3o diplom\u00e1tica de dois pa\u00edses em revolta liberal, \u00e0 luz do Tratado de Lisboa e com a anexa\u00e7\u00e3o formal a 23 de junho de 1868.<\/p>\n<figure id=\"attachment_2637\" aria-describedby=\"caption-attachment-2637\" style=\"width: 640px\" class=\"wp-caption aligncenter\"><a href=\"http:\/\/www.galiciamaxica.eu\/mini\/wp-content\/uploads\/2016\/04\/fronteira_galega_Couto_Mixto.jpg\" rel=\"attachment wp-att-2637\"><img loading=\"lazy\" decoding=\"async\" class=\"wp-image-2637 size-large\" src=\"http:\/\/www.galiciamaxica.eu\/mini\/wp-content\/uploads\/2016\/04\/fronteira_galega_Couto_Mixto-1024x683.jpg\" alt=\"fronteira_galega_Couto Mixto\" width=\"640\" height=\"427\" srcset=\"https:\/\/www.galiciamaxica.eu\/mini\/wp-content\/uploads\/2016\/04\/fronteira_galega_Couto_Mixto-1024x683.jpg 1024w, https:\/\/www.galiciamaxica.eu\/mini\/wp-content\/uploads\/2016\/04\/fronteira_galega_Couto_Mixto-300x200.jpg 300w, https:\/\/www.galiciamaxica.eu\/mini\/wp-content\/uploads\/2016\/04\/fronteira_galega_Couto_Mixto-768x512.jpg 768w, https:\/\/www.galiciamaxica.eu\/mini\/wp-content\/uploads\/2016\/04\/fronteira_galega_Couto_Mixto.jpg 1152w\" sizes=\"(max-width: 640px) 100vw, 640px\" \/><\/a><figcaption id=\"caption-attachment-2637\" class=\"wp-caption-text\">Posto de fronteira abandonado na Galiza. Ao fundo, o Castro da Raina Loba<\/figcaption><\/figure>\n<p class=\"p1\">At\u00e9 \u00e0 assinatura e entrada em vigor do Tratado de Lisboa, cada habitante do Couto elegia livremente a nacionalidade espanhola ou portuguesa, marcando <strong>P<\/strong> ou <strong>G<\/strong> na porta de entrada da sua casa. A partir do Tratado, os seus dom\u00ednios passaram para a soberania da Espanha, integrados nos Concelhos de Calvos de Rand\u00edn &#8211; aldeias de Santiago e Rubi\u00e1s &#8211; e Baltar &#8211; aldeia de Meaus. Em contrapartida, passavam para a soberania de Portugal os chamados \u00abpovos prom\u00edscuos\u00bb, at\u00e9 ent\u00e3o divididos pela linha da raia, atuais Soutelinho da Raia, Cambedo e Lama de Arcos (Chaves). O territ\u00f3rio do Couto Misto ainda inclu\u00eda uma pequena faixa desabitada que hoje integra o munic\u00edpio portugu\u00eas de Montalegre.<\/p>\n<figure id=\"attachment_2638\" aria-describedby=\"caption-attachment-2638\" style=\"width: 640px\" class=\"wp-caption aligncenter\"><a href=\"http:\/\/www.galiciamaxica.eu\/mini\/wp-content\/uploads\/2016\/04\/fronteira_portuguesa_Couto_Mixto.jpg\" rel=\"attachment wp-att-2638\"><img loading=\"lazy\" decoding=\"async\" class=\"wp-image-2638 size-large\" src=\"http:\/\/www.galiciamaxica.eu\/mini\/wp-content\/uploads\/2016\/04\/fronteira_portuguesa_Couto_Mixto-1024x683.jpg\" alt=\"fronteira_portuguesa_Couto Mixto\" width=\"640\" height=\"427\" srcset=\"https:\/\/www.galiciamaxica.eu\/mini\/wp-content\/uploads\/2016\/04\/fronteira_portuguesa_Couto_Mixto-1024x683.jpg 1024w, https:\/\/www.galiciamaxica.eu\/mini\/wp-content\/uploads\/2016\/04\/fronteira_portuguesa_Couto_Mixto-300x200.jpg 300w, https:\/\/www.galiciamaxica.eu\/mini\/wp-content\/uploads\/2016\/04\/fronteira_portuguesa_Couto_Mixto-768x512.jpg 768w, https:\/\/www.galiciamaxica.eu\/mini\/wp-content\/uploads\/2016\/04\/fronteira_portuguesa_Couto_Mixto.jpg 1152w\" sizes=\"(max-width: 640px) 100vw, 640px\" \/><\/a><figcaption id=\"caption-attachment-2638\" class=\"wp-caption-text\">Fronteira Portuguesa: entrada no Parque NacionalPeneda-Ger\u00eas e Parque Natural Baixa L\u00edmia e Xur\u00e9s.<\/figcaption><\/figure>\n<p class=\"p1\">Os habitantes do Couto Misto n\u00e3o estavam obrigados a utilizar documentos de identidade pessoais, n\u00e3o estando sujeitos aos efeitos jur\u00eddicos de uma nacionalidade: eram considerados como \u00abmistos\u00bb. Como territ\u00f3rio independente de facto, os habitantes do Couto Misto detinham v\u00e1rios privil\u00e9gios, como a isen\u00e7\u00e3o de servi\u00e7o militar e de impostos, e podiam conceder asilo a estrangeiros ou opor-se ao acesso a for\u00e7as militares estrangeiras.<\/p>\n<figure id=\"attachment_2639\" aria-describedby=\"caption-attachment-2639\" style=\"width: 640px\" class=\"wp-caption aligncenter\"><a href=\"http:\/\/www.galiciamaxica.eu\/mini\/wp-content\/uploads\/2016\/04\/santi_Santiago_Couto_Mixto.jpg\" rel=\"attachment wp-att-2639\"><img loading=\"lazy\" decoding=\"async\" class=\"wp-image-2639 size-large\" src=\"http:\/\/www.galiciamaxica.eu\/mini\/wp-content\/uploads\/2016\/04\/santi_Santiago_Couto_Mixto-1024x683.jpg\" alt=\"Rubi\u00e1s_Santiago_Couto Mixto\" width=\"640\" height=\"427\" srcset=\"https:\/\/www.galiciamaxica.eu\/mini\/wp-content\/uploads\/2016\/04\/santi_Santiago_Couto_Mixto-1024x683.jpg 1024w, https:\/\/www.galiciamaxica.eu\/mini\/wp-content\/uploads\/2016\/04\/santi_Santiago_Couto_Mixto-300x200.jpg 300w, https:\/\/www.galiciamaxica.eu\/mini\/wp-content\/uploads\/2016\/04\/santi_Santiago_Couto_Mixto-768x512.jpg 768w, https:\/\/www.galiciamaxica.eu\/mini\/wp-content\/uploads\/2016\/04\/santi_Santiago_Couto_Mixto.jpg 1152w\" sizes=\"(max-width: 640px) 100vw, 640px\" \/><\/a><figcaption id=\"caption-attachment-2639\" class=\"wp-caption-text\">Marco em honra do Couto Mixto em Rubi\u00e1s<\/figcaption><\/figure>\n<p class=\"p1\">N\u00e3o pagavam tributos, nem contribu\u00edam para ex\u00e9rcitos e n\u00e3o eram obrigados a participar dos processos eleitorais e nem dos assuntos pol\u00edticos quer de Portugal quer da Espanha.<\/p>\n<figure id=\"attachment_2641\" aria-describedby=\"caption-attachment-2641\" style=\"width: 640px\" class=\"wp-caption aligncenter\"><a href=\"http:\/\/www.galiciamaxica.eu\/mini\/wp-content\/uploads\/2016\/04\/juiz_Couto_Mixto.jpg\" rel=\"attachment wp-att-2641\"><img loading=\"lazy\" decoding=\"async\" class=\"wp-image-2641 size-large\" src=\"http:\/\/www.galiciamaxica.eu\/mini\/wp-content\/uploads\/2016\/04\/juiz_Couto_Mixto-1024x683.jpg\" alt=\"juiz_Couto Mixto\" width=\"640\" height=\"427\" srcset=\"https:\/\/www.galiciamaxica.eu\/mini\/wp-content\/uploads\/2016\/04\/juiz_Couto_Mixto-1024x683.jpg 1024w, https:\/\/www.galiciamaxica.eu\/mini\/wp-content\/uploads\/2016\/04\/juiz_Couto_Mixto-300x200.jpg 300w, https:\/\/www.galiciamaxica.eu\/mini\/wp-content\/uploads\/2016\/04\/juiz_Couto_Mixto-768x512.jpg 768w, https:\/\/www.galiciamaxica.eu\/mini\/wp-content\/uploads\/2016\/04\/juiz_Couto_Mixto.jpg 1152w\" sizes=\"(max-width: 640px) 100vw, 640px\" \/><\/a><figcaption id=\"caption-attachment-2641\" class=\"wp-caption-text\">Est\u00e1tua honor\u00e1ria ao Juiz do Couto Mixto, Santiago<\/figcaption><\/figure>\n<p class=\"p1\">E eram livres de cultivarem o seu pr\u00f3prio tabaco e tinham moinhos para o moer\u2026<\/p>\n<p class=\"p1\">E depois ainda tinham o Caminho Privilegiado\u2026do contrabando!<\/p>\n<figure id=\"attachment_2640\" aria-describedby=\"caption-attachment-2640\" style=\"width: 640px\" class=\"wp-caption aligncenter\"><a href=\"http:\/\/www.galiciamaxica.eu\/mini\/wp-content\/uploads\/2016\/04\/caminho_privilegiado_Couto_Mixto.jpg\" rel=\"attachment wp-att-2640\"><img loading=\"lazy\" decoding=\"async\" class=\"wp-image-2640 size-large\" src=\"http:\/\/www.galiciamaxica.eu\/mini\/wp-content\/uploads\/2016\/04\/caminho_privilegiado_Couto_Mixto-1024x683.jpg\" alt=\"caminho_privilegiado_Couto Mixto\" width=\"640\" height=\"427\" srcset=\"https:\/\/www.galiciamaxica.eu\/mini\/wp-content\/uploads\/2016\/04\/caminho_privilegiado_Couto_Mixto-1024x683.jpg 1024w, https:\/\/www.galiciamaxica.eu\/mini\/wp-content\/uploads\/2016\/04\/caminho_privilegiado_Couto_Mixto-300x200.jpg 300w, https:\/\/www.galiciamaxica.eu\/mini\/wp-content\/uploads\/2016\/04\/caminho_privilegiado_Couto_Mixto-768x512.jpg 768w, https:\/\/www.galiciamaxica.eu\/mini\/wp-content\/uploads\/2016\/04\/caminho_privilegiado_Couto_Mixto.jpg 1152w\" sizes=\"(max-width: 640px) 100vw, 640px\" \/><\/a><figcaption id=\"caption-attachment-2640\" class=\"wp-caption-text\">O Caminho Privilegiado &#8211; muito mais do que uma rota do contrabando raiano<\/figcaption><\/figure>\n<p class=\"p1\">Os habitantes do Couto Mixto dispunham de um caminho neutro, de cerca de 6 km de extens\u00e3o, que, partindo do Couto, atravessava as terras de Calvos de Rand\u00edn, na Galiza, e de Tour\u00e9m, em Portugal, seu destino.<\/p>\n<figure id=\"attachment_2642\" aria-describedby=\"caption-attachment-2642\" style=\"width: 640px\" class=\"wp-caption aligncenter\"><a href=\"http:\/\/www.galiciamaxica.eu\/mini\/wp-content\/uploads\/2016\/04\/piconha_mourela_Couto_Mixto.jpg\" rel=\"attachment wp-att-2642\"><img loading=\"lazy\" decoding=\"async\" class=\"wp-image-2642 size-large\" src=\"http:\/\/www.galiciamaxica.eu\/mini\/wp-content\/uploads\/2016\/04\/piconha_mourela_Couto_Mixto-1024x683.jpg\" alt=\"piconha_mourela_Couto Mixto\" width=\"640\" height=\"427\" srcset=\"https:\/\/www.galiciamaxica.eu\/mini\/wp-content\/uploads\/2016\/04\/piconha_mourela_Couto_Mixto-1024x683.jpg 1024w, https:\/\/www.galiciamaxica.eu\/mini\/wp-content\/uploads\/2016\/04\/piconha_mourela_Couto_Mixto-300x200.jpg 300w, https:\/\/www.galiciamaxica.eu\/mini\/wp-content\/uploads\/2016\/04\/piconha_mourela_Couto_Mixto-768x512.jpg 768w, https:\/\/www.galiciamaxica.eu\/mini\/wp-content\/uploads\/2016\/04\/piconha_mourela_Couto_Mixto.jpg 1152w\" sizes=\"(max-width: 640px) 100vw, 640px\" \/><\/a><figcaption id=\"caption-attachment-2642\" class=\"wp-caption-text\">Vista da Piconha sobre os 27km2 que j\u00e1 foram o pa\u00eds do Couto Mixto durante quase 900 anos.<\/figcaption><\/figure>\n<p class=\"p1\">Utilizado para o tr\u00e2nsito de pessoas e de mercadorias, as autoridades de ambos os pa\u00edses n\u00e3o podiam realizar nenhuma apreens\u00e3o dentro de seus limites (nem de contrabando), nem de molestar quem o utilizava.<\/p>\n<figure id=\"attachment_2643\" aria-describedby=\"caption-attachment-2643\" style=\"width: 640px\" class=\"wp-caption aligncenter\"><a href=\"http:\/\/www.galiciamaxica.eu\/mini\/wp-content\/uploads\/2016\/04\/pitoes_das_junias__Couto_Mixto.jpg\" rel=\"attachment wp-att-2643\"><img loading=\"lazy\" decoding=\"async\" class=\"wp-image-2643 size-large\" src=\"http:\/\/www.galiciamaxica.eu\/mini\/wp-content\/uploads\/2016\/04\/pitoes_das_junias__Couto_Mixto-1024x683.jpg\" alt=\"pitoes_das_junias_Couto Mixto\" width=\"640\" height=\"427\" srcset=\"https:\/\/www.galiciamaxica.eu\/mini\/wp-content\/uploads\/2016\/04\/pitoes_das_junias__Couto_Mixto-1024x683.jpg 1024w, https:\/\/www.galiciamaxica.eu\/mini\/wp-content\/uploads\/2016\/04\/pitoes_das_junias__Couto_Mixto-300x200.jpg 300w, https:\/\/www.galiciamaxica.eu\/mini\/wp-content\/uploads\/2016\/04\/pitoes_das_junias__Couto_Mixto-768x512.jpg 768w, https:\/\/www.galiciamaxica.eu\/mini\/wp-content\/uploads\/2016\/04\/pitoes_das_junias__Couto_Mixto.jpg 1152w\" sizes=\"(max-width: 640px) 100vw, 640px\" \/><\/a><figcaption id=\"caption-attachment-2643\" class=\"wp-caption-text\">Pit\u00f5es das J\u00fanias, com os picos megal\u00edticos da Fonte Fria, Xur\u00e9s.<\/figcaption><\/figure>\n<p class=\"p1\">Termin\u00e1mos o passeio com a visita a Pit\u00f5es das J\u00fanias, visita obrigat\u00f3ria pela vetusta encosta da Piconha, a partir de Tour\u00e9m, onde as fragas de granito rilhadas pelas ventanias e nevadas n\u00e3o est\u00e3o im\u00f3veis nem s\u00e3o mudas, eternas guardi\u00e3s dos segredos da Terra Fria e da Terra Quente.<\/p>\n<p class=\"p1\">Uma aula de hist\u00f3ria em 3 pa\u00edses: um verdadeiro roteiro de\u00a0tourwanderlust<\/p>\n","protected":false},"excerpt":{"rendered":"<p>Couto Mixto \u00e9 um\u00a0recanto\u00a0privilegiado pela natureza circundante que definia as fronteiras imagin\u00e1rias do seu enclave de mist\u00e9rio pleno, assim como pela alma livre dos\u00bbMistos\u00bb. O nosso percurso passou por Maus de Salas (abra\u00e7o para o \u00d3scar do Aviva), com a albufeira mais silenciosa que j\u00e1 visitei e onde os feiti\u00e7os megal\u00edticos dos picos da Fonte [&hellip;]<\/p>\n","protected":false},"author":16,"featured_media":0,"comment_status":"open","ping_status":"open","sticky":false,"template":"","format":"standard","meta":{"_eb_attr":"","site-sidebar-layout":"default","site-content-layout":"","ast-site-content-layout":"","site-content-style":"default","site-sidebar-style":"default","ast-global-header-display":"","ast-banner-title-visibility":"","ast-main-header-display":"","ast-hfb-above-header-display":"","ast-hfb-below-header-display":"","ast-hfb-mobile-header-display":"","site-post-title":"","ast-breadcrumbs-content":"","ast-featured-img":"","footer-sml-layout":"","theme-transparent-header-meta":"","adv-header-id-meta":"","stick-header-meta":"","header-above-stick-meta":"","header-main-stick-meta":"","header-below-stick-meta":"","astra-migrate-meta-layouts":"default","ast-page-background-enabled":"default","ast-page-background-meta":{"desktop":{"background-color":"","background-image":"","background-repeat":"repeat","background-position":"center center","background-size":"auto","background-attachment":"scroll","background-type":"","background-media":"","overlay-type":"","overlay-color":"","overlay-opacity":"","overlay-gradient":""},"tablet":{"background-color":"","background-image":"","background-repeat":"repeat","background-position":"center center","background-size":"auto","background-attachment":"scroll","background-type":"","background-media":"","overlay-type":"","overlay-color":"","overlay-opacity":"","overlay-gradient":""},"mobile":{"background-color":"","background-image":"","background-repeat":"repeat","background-position":"center center","background-size":"auto","background-attachment":"scroll","background-type":"","background-media":"","overlay-type":"","overlay-color":"","overlay-opacity":"","overlay-gradient":""}},"ast-content-background-meta":{"desktop":{"background-color":"var(--ast-global-color-5)","background-image":"","background-repeat":"repeat","background-position":"center center","background-size":"auto","background-attachment":"scroll","background-type":"","background-media":"","overlay-type":"","overlay-color":"","overlay-opacity":"","overlay-gradient":""},"tablet":{"background-color":"var(--ast-global-color-5)","background-image":"","background-repeat":"repeat","background-position":"center center","background-size":"auto","background-attachment":"scroll","background-type":"","background-media":"","overlay-type":"","overlay-color":"","overlay-opacity":"","overlay-gradient":""},"mobile":{"background-color":"var(--ast-global-color-5)","background-image":"","background-repeat":"repeat","background-position":"center center","background-size":"auto","background-attachment":"scroll","background-type":"","background-media":"","overlay-type":"","overlay-color":"","overlay-opacity":"","overlay-gradient":""}},"footnotes":""},"categories":[1,15,51,761,425],"tags":[515,222,514,505,504,507,508,512,58,517,511,513,506,509,128,510,516],"class_list":["post-2633","post","type-post","status-publish","format-standard","hentry","category-familia","category-lugares","category-ourense","category-tourwanderlust","category-viajes-compartidos","tag-baixa-limia","tag-baltar","tag-calvos-de-randin","tag-caminho-privilexiado","tag-couto-mixto","tag-maus-de-salas","tag-meaus","tag-mourela","tag-ourense","tag-peneda-geres","tag-piconha","tag-pitoes-das-junias","tag-raia","tag-randim","tag-santiago","tag-tourem","tag-xures"],"yoast_head":"<!-- This site is optimized with the Yoast SEO plugin v24.9 - https:\/\/yoast.com\/wordpress\/plugins\/seo\/ -->\n<title>Mem\u00f3rias livres: Couto Mixto - Galicia con ni\u00f1os | GALICIA M\u00c1XICA<\/title>\n<meta name=\"robots\" content=\"index, follow, max-snippet:-1, max-image-preview:large, max-video-preview:-1\" \/>\n<link rel=\"canonical\" href=\"https:\/\/www.galiciamaxica.eu\/mini\/memorias-da-liberdade-couto-mixto\/\" \/>\n<meta property=\"og:locale\" content=\"es_ES\" \/>\n<meta property=\"og:type\" content=\"article\" \/>\n<meta property=\"og:title\" content=\"Mem\u00f3rias livres: Couto Mixto - Galicia con ni\u00f1os | GALICIA M\u00c1XICA\" \/>\n<meta property=\"og:description\" content=\"Couto Mixto \u00e9 um\u00a0recanto\u00a0privilegiado pela natureza circundante que definia as fronteiras imagin\u00e1rias do seu enclave de mist\u00e9rio pleno, assim como pela alma livre dos\u00bbMistos\u00bb. O nosso percurso passou por Maus de Salas (abra\u00e7o para o \u00d3scar do Aviva), com a albufeira mais silenciosa que j\u00e1 visitei e onde os feiti\u00e7os megal\u00edticos dos picos da Fonte [&hellip;]\" \/>\n<meta property=\"og:url\" content=\"https:\/\/www.galiciamaxica.eu\/mini\/memorias-da-liberdade-couto-mixto\/\" \/>\n<meta property=\"og:site_name\" content=\"Galicia con ni\u00f1os | GALICIA M\u00c1XICA\" \/>\n<meta property=\"article:publisher\" content=\"https:\/\/www.facebook.com\/maria.rodriguezserantes\" \/>\n<meta property=\"article:published_time\" content=\"2016-04-18T13:53:14+00:00\" \/>\n<meta property=\"article:modified_time\" content=\"2024-08-13T16:53:40+00:00\" \/>\n<meta property=\"og:image\" content=\"http:\/\/www.galiciamaxica.eu\/mini\/wp-content\/uploads\/2016\/04\/Santiago_Couto_Mixto-1024x683.jpg\" \/>\n<meta name=\"author\" content=\"Jos\u00e9 Manuel Silva\" \/>\n<meta name=\"twitter:card\" content=\"summary_large_image\" \/>\n<meta name=\"twitter:creator\" content=\"@seseixa\" \/>\n<meta name=\"twitter:site\" content=\"@seseixa\" \/>\n<meta name=\"twitter:label1\" content=\"Escrito por\" \/>\n\t<meta name=\"twitter:data1\" content=\"Jos\u00e9 Manuel Silva\" \/>\n\t<meta name=\"twitter:label2\" content=\"Tiempo de lectura\" \/>\n\t<meta name=\"twitter:data2\" content=\"4 minutos\" \/>\n<script type=\"application\/ld+json\" class=\"yoast-schema-graph\">{\"@context\":\"https:\/\/schema.org\",\"@graph\":[{\"@type\":\"Article\",\"@id\":\"https:\/\/www.galiciamaxica.eu\/mini\/memorias-da-liberdade-couto-mixto\/#article\",\"isPartOf\":{\"@id\":\"https:\/\/www.galiciamaxica.eu\/mini\/memorias-da-liberdade-couto-mixto\/\"},\"author\":{\"name\":\"Jos\u00e9 Manuel Silva\",\"@id\":\"https:\/\/www.galiciamaxica.eu\/mini\/#\/schema\/person\/5e5eab363b2e8e7a28efedc785690293\"},\"headline\":\"Mem\u00f3rias livres: Couto Mixto\",\"datePublished\":\"2016-04-18T13:53:14+00:00\",\"dateModified\":\"2024-08-13T16:53:40+00:00\",\"mainEntityOfPage\":{\"@id\":\"https:\/\/www.galiciamaxica.eu\/mini\/memorias-da-liberdade-couto-mixto\/\"},\"wordCount\":816,\"commentCount\":1,\"publisher\":{\"@id\":\"https:\/\/www.galiciamaxica.eu\/mini\/#\/schema\/person\/2b284fe2fd911000a48d2e8936300179\"},\"image\":{\"@id\":\"https:\/\/www.galiciamaxica.eu\/mini\/memorias-da-liberdade-couto-mixto\/#primaryimage\"},\"thumbnailUrl\":\"http:\/\/www.galiciamaxica.eu\/mini\/wp-content\/uploads\/2016\/04\/Santiago_Couto_Mixto-1024x683.jpg\",\"keywords\":[\"Baixa L\u00edmia\",\"baltar\",\"Calvos de Randin\",\"Caminho Privilexiado\",\"Couto Mixto\",\"Maus de Salas\",\"Meaus\",\"Mourela\",\"ourense\",\"Peneda-Ger\u00eas\",\"Piconha\",\"Pit\u00f5es das J\u00fanias\",\"raia\",\"Randim\",\"SANTIAGO\",\"Tour\u00e9m\",\"Xur\u00e9s\"],\"articleSection\":[\"FAMILIA\",\"LUGARES\",\"OURENSE\",\"TOURWANDERLUST\",\"VIAJES COMPARTIDOS\"],\"inLanguage\":\"es\",\"potentialAction\":[{\"@type\":\"CommentAction\",\"name\":\"Comment\",\"target\":[\"https:\/\/www.galiciamaxica.eu\/mini\/memorias-da-liberdade-couto-mixto\/#respond\"]}]},{\"@type\":\"WebPage\",\"@id\":\"https:\/\/www.galiciamaxica.eu\/mini\/memorias-da-liberdade-couto-mixto\/\",\"url\":\"https:\/\/www.galiciamaxica.eu\/mini\/memorias-da-liberdade-couto-mixto\/\",\"name\":\"Mem\u00f3rias livres: Couto Mixto - Galicia con ni\u00f1os | GALICIA M\u00c1XICA\",\"isPartOf\":{\"@id\":\"https:\/\/www.galiciamaxica.eu\/mini\/#website\"},\"primaryImageOfPage\":{\"@id\":\"https:\/\/www.galiciamaxica.eu\/mini\/memorias-da-liberdade-couto-mixto\/#primaryimage\"},\"image\":{\"@id\":\"https:\/\/www.galiciamaxica.eu\/mini\/memorias-da-liberdade-couto-mixto\/#primaryimage\"},\"thumbnailUrl\":\"http:\/\/www.galiciamaxica.eu\/mini\/wp-content\/uploads\/2016\/04\/Santiago_Couto_Mixto-1024x683.jpg\",\"datePublished\":\"2016-04-18T13:53:14+00:00\",\"dateModified\":\"2024-08-13T16:53:40+00:00\",\"breadcrumb\":{\"@id\":\"https:\/\/www.galiciamaxica.eu\/mini\/memorias-da-liberdade-couto-mixto\/#breadcrumb\"},\"inLanguage\":\"es\",\"potentialAction\":[{\"@type\":\"ReadAction\",\"target\":[\"https:\/\/www.galiciamaxica.eu\/mini\/memorias-da-liberdade-couto-mixto\/\"]}]},{\"@type\":\"ImageObject\",\"inLanguage\":\"es\",\"@id\":\"https:\/\/www.galiciamaxica.eu\/mini\/memorias-da-liberdade-couto-mixto\/#primaryimage\",\"url\":\"https:\/\/www.galiciamaxica.eu\/mini\/wp-content\/uploads\/2016\/04\/Santiago_Couto_Mixto.jpg\",\"contentUrl\":\"https:\/\/www.galiciamaxica.eu\/mini\/wp-content\/uploads\/2016\/04\/Santiago_Couto_Mixto.jpg\",\"width\":1152,\"height\":768},{\"@type\":\"BreadcrumbList\",\"@id\":\"https:\/\/www.galiciamaxica.eu\/mini\/memorias-da-liberdade-couto-mixto\/#breadcrumb\",\"itemListElement\":[{\"@type\":\"ListItem\",\"position\":1,\"name\":\"Portada\",\"item\":\"https:\/\/www.galiciamaxica.eu\/mini\/\"},{\"@type\":\"ListItem\",\"position\":2,\"name\":\"Mem\u00f3rias livres: Couto Mixto\"}]},{\"@type\":\"WebSite\",\"@id\":\"https:\/\/www.galiciamaxica.eu\/mini\/#website\",\"url\":\"https:\/\/www.galiciamaxica.eu\/mini\/\",\"name\":\"Galicia con ni\u00f1os | GALICIA M\u00c1XICA\",\"description\":\"Qu\u00e9 hacer con ni\u00f1os en Galicia\",\"publisher\":{\"@id\":\"https:\/\/www.galiciamaxica.eu\/mini\/#\/schema\/person\/2b284fe2fd911000a48d2e8936300179\"},\"potentialAction\":[{\"@type\":\"SearchAction\",\"target\":{\"@type\":\"EntryPoint\",\"urlTemplate\":\"https:\/\/www.galiciamaxica.eu\/mini\/?s={search_term_string}\"},\"query-input\":{\"@type\":\"PropertyValueSpecification\",\"valueRequired\":true,\"valueName\":\"search_term_string\"}}],\"inLanguage\":\"es\"},{\"@type\":[\"Person\",\"Organization\"],\"@id\":\"https:\/\/www.galiciamaxica.eu\/mini\/#\/schema\/person\/2b284fe2fd911000a48d2e8936300179\",\"name\":\"seseixa\",\"image\":{\"@type\":\"ImageObject\",\"inLanguage\":\"es\",\"@id\":\"https:\/\/www.galiciamaxica.eu\/mini\/#\/schema\/person\/image\/\",\"url\":\"https:\/\/www.galiciamaxica.eu\/mini\/wp-content\/uploads\/2019\/02\/seseixa.png\",\"contentUrl\":\"https:\/\/www.galiciamaxica.eu\/mini\/wp-content\/uploads\/2019\/02\/seseixa.png\",\"width\":100,\"height\":100,\"caption\":\"seseixa\"},\"logo\":{\"@id\":\"https:\/\/www.galiciamaxica.eu\/mini\/#\/schema\/person\/image\/\"},\"description\":\"En la actualidad combinando dos proyectos que me apasionan, Galicia y los ni\u00f1os. Tengo mucho que aportar y otro tanto que aprender, as\u00ed como, el tiempo y el coraz\u00f3n, dividido en todo momento. Soy mam\u00e1, un titulo otorgado a tiempo completo, compa\u00f1era y amiga, a todas horas, familiar y cercana, siempre. De esp\u00edritu inquieto, soy una eterna ni\u00f1a que juega en el pa\u00eds de las maravillas. Una enamorada de mi tierra, por la que trabajo sin descanso. Creo en la infancia como motor que cambiar\u00e1 el mundo a mejor y busco en mi vida la felicidad como estado permanente porque s\u00f3lo se vive una vez.\",\"sameAs\":[\"http:\/\/mini.galiciamaxica.eu\/\",\"https:\/\/www.facebook.com\/maria.rodriguezserantes\",\"https:\/\/x.com\/seseixa\"]},{\"@type\":\"Person\",\"@id\":\"https:\/\/www.galiciamaxica.eu\/mini\/#\/schema\/person\/5e5eab363b2e8e7a28efedc785690293\",\"name\":\"Jos\u00e9 Manuel Silva\",\"image\":{\"@type\":\"ImageObject\",\"inLanguage\":\"es\",\"@id\":\"https:\/\/www.galiciamaxica.eu\/mini\/#\/schema\/person\/image\/\",\"url\":\"https:\/\/www.galiciamaxica.eu\/mini\/wp-content\/litespeed\/avatar\/4d6b7b1af758e2a64793a22123ef8c66.jpg?ver=1787747978\",\"contentUrl\":\"https:\/\/www.galiciamaxica.eu\/mini\/wp-content\/litespeed\/avatar\/4d6b7b1af758e2a64793a22123ef8c66.jpg?ver=1787747978\",\"caption\":\"Jos\u00e9 Manuel Silva\"},\"sameAs\":[\"http:\/\/tourwanderlust.com\/\"],\"url\":\"https:\/\/www.galiciamaxica.eu\/mini\/author\/wanderlust\/\"}]}<\/script>\n<!-- \/ Yoast SEO plugin. -->","yoast_head_json":{"title":"Mem\u00f3rias livres: Couto Mixto - Galicia con ni\u00f1os | GALICIA M\u00c1XICA","robots":{"index":"index","follow":"follow","max-snippet":"max-snippet:-1","max-image-preview":"max-image-preview:large","max-video-preview":"max-video-preview:-1"},"canonical":"https:\/\/www.galiciamaxica.eu\/mini\/memorias-da-liberdade-couto-mixto\/","og_locale":"es_ES","og_type":"article","og_title":"Mem\u00f3rias livres: Couto Mixto - Galicia con ni\u00f1os | GALICIA M\u00c1XICA","og_description":"Couto Mixto \u00e9 um\u00a0recanto\u00a0privilegiado pela natureza circundante que definia as fronteiras imagin\u00e1rias do seu enclave de mist\u00e9rio pleno, assim como pela alma livre dos\u00bbMistos\u00bb. O nosso percurso passou por Maus de Salas (abra\u00e7o para o \u00d3scar do Aviva), com a albufeira mais silenciosa que j\u00e1 visitei e onde os feiti\u00e7os megal\u00edticos dos picos da Fonte [&hellip;]","og_url":"https:\/\/www.galiciamaxica.eu\/mini\/memorias-da-liberdade-couto-mixto\/","og_site_name":"Galicia con ni\u00f1os | GALICIA M\u00c1XICA","article_publisher":"https:\/\/www.facebook.com\/maria.rodriguezserantes","article_published_time":"2016-04-18T13:53:14+00:00","article_modified_time":"2024-08-13T16:53:40+00:00","og_image":[{"url":"http:\/\/www.galiciamaxica.eu\/mini\/wp-content\/uploads\/2016\/04\/Santiago_Couto_Mixto-1024x683.jpg","type":"","width":"","height":""}],"author":"Jos\u00e9 Manuel Silva","twitter_card":"summary_large_image","twitter_creator":"@seseixa","twitter_site":"@seseixa","twitter_misc":{"Escrito por":"Jos\u00e9 Manuel Silva","Tiempo de lectura":"4 minutos"},"schema":{"@context":"https:\/\/schema.org","@graph":[{"@type":"Article","@id":"https:\/\/www.galiciamaxica.eu\/mini\/memorias-da-liberdade-couto-mixto\/#article","isPartOf":{"@id":"https:\/\/www.galiciamaxica.eu\/mini\/memorias-da-liberdade-couto-mixto\/"},"author":{"name":"Jos\u00e9 Manuel Silva","@id":"https:\/\/www.galiciamaxica.eu\/mini\/#\/schema\/person\/5e5eab363b2e8e7a28efedc785690293"},"headline":"Mem\u00f3rias livres: Couto Mixto","datePublished":"2016-04-18T13:53:14+00:00","dateModified":"2024-08-13T16:53:40+00:00","mainEntityOfPage":{"@id":"https:\/\/www.galiciamaxica.eu\/mini\/memorias-da-liberdade-couto-mixto\/"},"wordCount":816,"commentCount":1,"publisher":{"@id":"https:\/\/www.galiciamaxica.eu\/mini\/#\/schema\/person\/2b284fe2fd911000a48d2e8936300179"},"image":{"@id":"https:\/\/www.galiciamaxica.eu\/mini\/memorias-da-liberdade-couto-mixto\/#primaryimage"},"thumbnailUrl":"http:\/\/www.galiciamaxica.eu\/mini\/wp-content\/uploads\/2016\/04\/Santiago_Couto_Mixto-1024x683.jpg","keywords":["Baixa L\u00edmia","baltar","Calvos de Randin","Caminho Privilexiado","Couto Mixto","Maus de Salas","Meaus","Mourela","ourense","Peneda-Ger\u00eas","Piconha","Pit\u00f5es das J\u00fanias","raia","Randim","SANTIAGO","Tour\u00e9m","Xur\u00e9s"],"articleSection":["FAMILIA","LUGARES","OURENSE","TOURWANDERLUST","VIAJES COMPARTIDOS"],"inLanguage":"es","potentialAction":[{"@type":"CommentAction","name":"Comment","target":["https:\/\/www.galiciamaxica.eu\/mini\/memorias-da-liberdade-couto-mixto\/#respond"]}]},{"@type":"WebPage","@id":"https:\/\/www.galiciamaxica.eu\/mini\/memorias-da-liberdade-couto-mixto\/","url":"https:\/\/www.galiciamaxica.eu\/mini\/memorias-da-liberdade-couto-mixto\/","name":"Mem\u00f3rias livres: Couto Mixto - Galicia con ni\u00f1os | GALICIA M\u00c1XICA","isPartOf":{"@id":"https:\/\/www.galiciamaxica.eu\/mini\/#website"},"primaryImageOfPage":{"@id":"https:\/\/www.galiciamaxica.eu\/mini\/memorias-da-liberdade-couto-mixto\/#primaryimage"},"image":{"@id":"https:\/\/www.galiciamaxica.eu\/mini\/memorias-da-liberdade-couto-mixto\/#primaryimage"},"thumbnailUrl":"http:\/\/www.galiciamaxica.eu\/mini\/wp-content\/uploads\/2016\/04\/Santiago_Couto_Mixto-1024x683.jpg","datePublished":"2016-04-18T13:53:14+00:00","dateModified":"2024-08-13T16:53:40+00:00","breadcrumb":{"@id":"https:\/\/www.galiciamaxica.eu\/mini\/memorias-da-liberdade-couto-mixto\/#breadcrumb"},"inLanguage":"es","potentialAction":[{"@type":"ReadAction","target":["https:\/\/www.galiciamaxica.eu\/mini\/memorias-da-liberdade-couto-mixto\/"]}]},{"@type":"ImageObject","inLanguage":"es","@id":"https:\/\/www.galiciamaxica.eu\/mini\/memorias-da-liberdade-couto-mixto\/#primaryimage","url":"https:\/\/www.galiciamaxica.eu\/mini\/wp-content\/uploads\/2016\/04\/Santiago_Couto_Mixto.jpg","contentUrl":"https:\/\/www.galiciamaxica.eu\/mini\/wp-content\/uploads\/2016\/04\/Santiago_Couto_Mixto.jpg","width":1152,"height":768},{"@type":"BreadcrumbList","@id":"https:\/\/www.galiciamaxica.eu\/mini\/memorias-da-liberdade-couto-mixto\/#breadcrumb","itemListElement":[{"@type":"ListItem","position":1,"name":"Portada","item":"https:\/\/www.galiciamaxica.eu\/mini\/"},{"@type":"ListItem","position":2,"name":"Mem\u00f3rias livres: Couto Mixto"}]},{"@type":"WebSite","@id":"https:\/\/www.galiciamaxica.eu\/mini\/#website","url":"https:\/\/www.galiciamaxica.eu\/mini\/","name":"Galicia con ni\u00f1os | GALICIA M\u00c1XICA","description":"Qu\u00e9 hacer con ni\u00f1os en Galicia","publisher":{"@id":"https:\/\/www.galiciamaxica.eu\/mini\/#\/schema\/person\/2b284fe2fd911000a48d2e8936300179"},"potentialAction":[{"@type":"SearchAction","target":{"@type":"EntryPoint","urlTemplate":"https:\/\/www.galiciamaxica.eu\/mini\/?s={search_term_string}"},"query-input":{"@type":"PropertyValueSpecification","valueRequired":true,"valueName":"search_term_string"}}],"inLanguage":"es"},{"@type":["Person","Organization"],"@id":"https:\/\/www.galiciamaxica.eu\/mini\/#\/schema\/person\/2b284fe2fd911000a48d2e8936300179","name":"seseixa","image":{"@type":"ImageObject","inLanguage":"es","@id":"https:\/\/www.galiciamaxica.eu\/mini\/#\/schema\/person\/image\/","url":"https:\/\/www.galiciamaxica.eu\/mini\/wp-content\/uploads\/2019\/02\/seseixa.png","contentUrl":"https:\/\/www.galiciamaxica.eu\/mini\/wp-content\/uploads\/2019\/02\/seseixa.png","width":100,"height":100,"caption":"seseixa"},"logo":{"@id":"https:\/\/www.galiciamaxica.eu\/mini\/#\/schema\/person\/image\/"},"description":"En la actualidad combinando dos proyectos que me apasionan, Galicia y los ni\u00f1os. Tengo mucho que aportar y otro tanto que aprender, as\u00ed como, el tiempo y el coraz\u00f3n, dividido en todo momento. Soy mam\u00e1, un titulo otorgado a tiempo completo, compa\u00f1era y amiga, a todas horas, familiar y cercana, siempre. De esp\u00edritu inquieto, soy una eterna ni\u00f1a que juega en el pa\u00eds de las maravillas. Una enamorada de mi tierra, por la que trabajo sin descanso. Creo en la infancia como motor que cambiar\u00e1 el mundo a mejor y busco en mi vida la felicidad como estado permanente porque s\u00f3lo se vive una vez.","sameAs":["http:\/\/mini.galiciamaxica.eu\/","https:\/\/www.facebook.com\/maria.rodriguezserantes","https:\/\/x.com\/seseixa"]},{"@type":"Person","@id":"https:\/\/www.galiciamaxica.eu\/mini\/#\/schema\/person\/5e5eab363b2e8e7a28efedc785690293","name":"Jos\u00e9 Manuel Silva","image":{"@type":"ImageObject","inLanguage":"es","@id":"https:\/\/www.galiciamaxica.eu\/mini\/#\/schema\/person\/image\/","url":"https:\/\/www.galiciamaxica.eu\/mini\/wp-content\/litespeed\/avatar\/4d6b7b1af758e2a64793a22123ef8c66.jpg?ver=1787747978","contentUrl":"https:\/\/www.galiciamaxica.eu\/mini\/wp-content\/litespeed\/avatar\/4d6b7b1af758e2a64793a22123ef8c66.jpg?ver=1787747978","caption":"Jos\u00e9 Manuel Silva"},"sameAs":["http:\/\/tourwanderlust.com\/"],"url":"https:\/\/www.galiciamaxica.eu\/mini\/author\/wanderlust\/"}]}},"amp_enabled":true,"post_mailing_queue_ids":[],"_links":{"self":[{"href":"https:\/\/www.galiciamaxica.eu\/mini\/wp-json\/wp\/v2\/posts\/2633"}],"collection":[{"href":"https:\/\/www.galiciamaxica.eu\/mini\/wp-json\/wp\/v2\/posts"}],"about":[{"href":"https:\/\/www.galiciamaxica.eu\/mini\/wp-json\/wp\/v2\/types\/post"}],"author":[{"embeddable":true,"href":"https:\/\/www.galiciamaxica.eu\/mini\/wp-json\/wp\/v2\/users\/16"}],"replies":[{"embeddable":true,"href":"https:\/\/www.galiciamaxica.eu\/mini\/wp-json\/wp\/v2\/comments?post=2633"}],"version-history":[{"count":2,"href":"https:\/\/www.galiciamaxica.eu\/mini\/wp-json\/wp\/v2\/posts\/2633\/revisions"}],"predecessor-version":[{"id":21968,"href":"https:\/\/www.galiciamaxica.eu\/mini\/wp-json\/wp\/v2\/posts\/2633\/revisions\/21968"}],"wp:attachment":[{"href":"https:\/\/www.galiciamaxica.eu\/mini\/wp-json\/wp\/v2\/media?parent=2633"}],"wp:term":[{"taxonomy":"category","embeddable":true,"href":"https:\/\/www.galiciamaxica.eu\/mini\/wp-json\/wp\/v2\/categories?post=2633"},{"taxonomy":"post_tag","embeddable":true,"href":"https:\/\/www.galiciamaxica.eu\/mini\/wp-json\/wp\/v2\/tags?post=2633"}],"curies":[{"name":"wp","href":"https:\/\/api.w.org\/{rel}","templated":true}]}}