{"id":2567,"date":"2016-04-13T09:25:31","date_gmt":"2016-04-13T09:25:31","guid":{"rendered":"http:\/\/www.galiciamaxica.eu\/mini\/?p=2567"},"modified":"2024-08-13T13:21:57","modified_gmt":"2024-08-13T11:21:57","slug":"blogs-recomendados","status":"publish","type":"post","link":"https:\/\/www.galiciamaxica.eu\/mini\/blogs-recomendados\/","title":{"rendered":"BLOGS RECOMENDADOS-COLABORADORES M\u00c1XICOS"},"content":{"rendered":"<p style=\"text-align: center;\"><strong>PINCHA EN LAS FOTOS Y DESCUBRE NUESTRAS RECOMENDACIONES<\/strong><\/p>\n<p style=\"text-align: center;\"><strong>Tourwanderlust <\/strong>proporciona experiencias de viaje para peque\u00f1os grupos de visitantes curiosos<\/p>\n<p style=\"text-align: center;\">en Galicia y Norte de Portugal.<\/p>\n<p style=\"text-align: center;\">Colaborador en\u00a0viajes compartidos <strong>Jose Manuel Silva<\/strong> se ha convertido en ese nexo de uni\u00f3n que necesitamos con nuestro Pa\u00eds hermano\u00a0Portugal.<\/p>\n<p><img fetchpriority=\"high\" decoding=\"async\" class=\"aligncenter\" src=\"https:\/\/galiciamaxica.eu\/mini\/wp-content\/uploads\/2019\/10\/img_5d9b58c868cd3.jpg\" alt=\"\" width=\"575\" height=\"575\" \/><\/p>\n<p style=\"text-align: center;\">Gran conocedor\u00a0de Galicia, as\u00ed que,\u00a0nadie mejor que \u00e9l y su familia para acompa\u00f1arnos en este gran proyecto.<\/p>\n<p style=\"text-align: center;\"><iframe src=\"https:\/\/www.youtube.com\/embed\/j8fzvv3dLuI\" width=\"560\" height=\"315\" frameborder=\"0\" allowfullscreen=\"allowfullscreen\"><\/iframe><\/p>\n<p style=\"text-align: center;\"><strong>Gran comunicador de historias nos acerca a sus <a href=\"http:\/\/www.galiciamaxica.eu\/mini\/viajes-compartidos\/\">viajes favoritos<\/a> en familia.<\/strong><\/p>\n<p style=\"text-align: center;\"><strong><a href=\"https:\/\/www.facebook.com\/tourwanderlust\/?fref=ts\">Tambi\u00e9n en el \u00a0face<\/a><\/strong><\/p>\n<p style=\"text-align: center;\"><strong><a href=\"https:\/\/www.youtube.com\/user\/profjmas\">YOU TUBE<\/a><\/strong><\/p>\n<p style=\"text-align: center;\"><em><strong><a href=\"http:\/\/www.galiciamaxica.eu\/mini\/quien-jose-manuel-silva-tourwanderlust\/\">PRESENTACI\u00d3N EN GALICIA CON NI\u00d1OS<\/a><\/strong><\/em><\/p>\n<p style=\"text-align: center;\"><img decoding=\"async\" class=\"aligncenter\" src=\"https:\/\/lh3.googleusercontent.com\/fVqxuxzbjyO8w4pj8LaRn2KxM0MeXBsTa4K3T-owKIvrNOtK4HF7xrfgPCDX6LzXeho4EHmvLIz2glwl2sRfyoNWdYZbkbJ3i9uHiGH5nqDtqtOA0IVFDC0nlkGjrpnkLWnVqZrs2z0tIoKqtr588qhWZFYThXSWABPBj7aAfb2vt9iKzb5YsrqGe2iB8nLNexmK1xIFB87uw5ocgU_059osSM8Lhdx7BsXdl0UcWkd7H9_T81DMdukfewgLTt5MHRZIod7oABNWlMa2f6CGoOcnSpdhYhdbmZ_xbTJZHAkhs6YBSEnkW6-vMgpn5YsJiQqNpX8g-DpqfxgYfrBb4UXb1Ozv5iAVf1Ina5ede9DB6-AmtgzM7Sut5St-Na8xAaxbaBu2XBRVXKKo1_ekg_hrDfQv8qJCZjgJbSLiRcQsU08idVnTJOqiLuKRdDixoOGq2y48Q8i7Gq1rHD3S1vIl9A3_WFhqdId5giIoYtcxRU8uJp4uKv1WQ2jCIDDoRp0yaMnAOzcFYmQnAMxR0hLvusddpVyzaz_InlF1vpCGjUmRSFLmfL5XKjyo1HeWDjHCEQ=w960-h757-no\" alt=\"\" width=\"504\" height=\"397\" \/><\/p>\n<p>&nbsp;<\/p>\n<p><img decoding=\"async\" class=\"aligncenter\" src=\"https:\/\/galiciamaxica.eu\/mini\/wp-content\/uploads\/2019\/10\/img_5d9b58c99962e.jpg\" alt=\"\" width=\"437\" height=\"437\" \/><\/p>\n<p style=\"text-align: center;\">Qu\u00e9 deciros de <strong>MONTSE G\u00c1LVEZ FERN\u00c1NDEZ<\/strong>\u00a0y su gran proyecto <strong>No Sin Mi Taper<\/strong>\u00a0,\u00a0\u00a0desc\u00fabrela\u00a0es todo amor y en la cocina no hay qui\u00e9n le gane.<\/p>\n<p style=\"text-align: center;\">Sus recetas alegrar\u00e1n tus d\u00edas \u00a0porque parte de ella va en cada una de ellas.<\/p>\n<p style=\"text-align: center;\">Una gran mujer que ha sabido hacerse un hueco entre los mejores blogs de cocina.<\/p>\n<p style=\"text-align: center;\">Sin lugar a dudas nosotros no podemos vivir sin No Sin Mi Taper, AS\u00cd QUE, <strong>un blog recomendad\u00edsimo \u00bf<\/strong>POR QU\u00c9?\u00a0pues porque\u00a0nos encanta compartir lo bueno, en este caso lo rico.<\/p>\n<p style=\"text-align: center;\"><em><strong><a href=\"http:\/\/www.galiciamaxica.eu\/mini\/montse-galvez-fernandez-no-sin-taper\/\">PRESENTACI\u00d3N EN GALICIA CON NI\u00d1OS<\/a><\/strong><\/em><\/p>\n<p style=\"text-align: center;\"><a href=\"https:\/\/twitter.com\/nosinmitaper\"><\/a><\/p>\n<p style=\"text-align: center;\"><strong><a href=\"https:\/\/www.facebook.com\/NoSinMiTaperBlog\/?fref=ts\">tambi\u00e9n en el \u00a0face<\/a>\u00a0,<a href=\"https:\/\/twitter.com\/nosinmitaper\">en twitter<\/a>\u00a0y en <a href=\"https:\/\/www.youtube.com\/channel\/UCEe6QfxvycJvwYHf48u47Cw\">YouTube<\/a><\/strong><\/p>\n<p style=\"text-align: center;\"><iframe src=\"https:\/\/www.youtube.com\/embed\/sss59uMdg4k\" width=\"560\" height=\"315\" frameborder=\"0\" allowfullscreen=\"allowfullscreen\"><\/iframe><\/p>\n<p style=\"text-align: center;\"><a href=\"http:\/\/nosinmitaper.blogspot.com.es\/\"><img decoding=\"async\" src=\"https:\/\/galiciamaxica.eu\/mini\/wp-content\/uploads\/2019\/10\/logo5.png\" alt=\"\" \/><\/a><\/p>\n<p style=\"text-align: center;\"><strong><a href=\"https:\/\/www.facebook.com\/paula.taboas?fref=ts\">PAULA T\u00c1BOAS\u00a0<\/a>\u00a0<\/strong><\/p>\n<p><img loading=\"lazy\" decoding=\"async\" class=\"aligncenter\" src=\"https:\/\/galiciamaxica.eu\/mini\/wp-content\/uploads\/2019\/10\/img_5d9b58caba1af.jpg\" alt=\"\" width=\"476\" height=\"476\" \/><\/p>\n<p style=\"text-align: center;\">Una gran enamorada de los viajes en familia<strong> desc\u00fabrela,\u00a0<\/strong><strong>un gran blog que debes tener entre tus preferidos,\u00a0<\/strong>desde \u00e9l te acercar\u00e1s a Galicia con sentimiento, en este caso dulcificado por una gran mam\u00e1.<\/p>\n<p style=\"text-align: center;\"><em><strong><a href=\"http:\/\/www.galiciamaxica.eu\/mini\/os-acercamos-sweet-ale\/\">PRESENTACI\u00d3N EN GALICIA CON NI\u00d1OS<\/a><\/strong><\/em><\/p>\n<p style=\"text-align: center;\"><strong><a href=\"https:\/\/www.facebook.com\/sweet-ale-547032952042394\/?fref=ts\">En facebook <\/a>y <a href=\"https:\/\/twitter.com\/sweetaleblog\">en twitter<\/a><\/strong><\/p>\n<p style=\"text-align: center;\"><a href=\"http:\/\/sweetale.es\/\"><img decoding=\"async\" class=\"aligncenter\" src=\"https:\/\/galiciamaxica.eu\/mini\/wp-content\/uploads\/2019\/10\/logo-vertical-e1460401114310.jpg\" alt=\"\" \/><\/a><\/p>\n<p><img loading=\"lazy\" decoding=\"async\" class=\"aligncenter\" src=\"https:\/\/galiciamaxica.eu\/mini\/wp-content\/uploads\/2019\/10\/img_5d9b58cd6e16a.jpg\" alt=\"\" width=\"499\" height=\"499\" \/><\/p>\n<p align=\"center\">JOSE TURVEGAL\u00a0de <a href=\"https:\/\/www.facebook.com\/TurismoVerdedeGalicia\/\">Turismo Verde de Galicia<\/a> \u00a0nos acerca al <strong><a href=\"http:\/\/www.galiciamaxica.eu\/mini\/el-juego-mas-divertido-en-familia-el-geocaching-gallego\/\">Geocaching <\/a><\/strong><\/p>\n<p align=\"center\">para que disfrutemos a\u00fan m\u00e1s de nuestras rutas, un pap\u00e1 todoterreno que ense\u00f1a su tierra con mucho amor.<\/p>\n<p align=\"center\">ENTREVISTA EN GALICIA M\u00c1XICA<\/p>\n<p align=\"center\"><a href=\"http:\/\/www.galiciamaxica.eu\/mini\/el-juego-mas-divertido-en-familia-el-geocaching-gallego\/\"><\/a><\/p>\n<p align=\"center\"><strong><a href=\"https:\/\/www.facebook.com\/TEAVi-770651479676602\/info\/?tab=page_info\">TEAVi <\/a><\/strong>es una Asociaci\u00f3n que engloba todos los Trastornos del Espectro Autismo en Vigo y alrededores.<\/p>\n<p align=\"center\">Una asociaci\u00f3n que nace con el prop\u00f3sito de dar apoyo y respuestas a las necesidades de las personas con autismo.<\/p>\n<p align=\"center\"><a href=\"http:\/\/asteaviasociacion.blogspot.com.es\/\"><img loading=\"lazy\" decoding=\"async\" class=\"aligncenter\" src=\"https:\/\/galiciamaxica.eu\/mini\/wp-content\/uploads\/2019\/10\/LOGO2BTEAVI2BPEQUE25C32591O.jpg\" alt=\"\" width=\"981\" height=\"447\" \/><\/a><\/p>\n<p align=\"center\"><strong><a href=\"http:\/\/asteaviasociacion.blogspot.com.es\/\">BLOG DE LA ASOCIACI\u00d3N<\/a><\/strong><\/p>\n<p align=\"center\"><strong><a href=\"https:\/\/www.facebook.com\/TEAVi-770651479676602\/info\/?tab=page_info\">FACEBOOK<\/a><\/strong><\/p>\n<p>&nbsp;<\/p>\n<p><img loading=\"lazy\" decoding=\"async\" class=\"aligncenter\" src=\"https:\/\/galiciamaxica.eu\/mini\/wp-content\/uploads\/2019\/10\/img_5d9b58cf1bd9f.jpg\" alt=\"\" width=\"775\" height=\"775\" \/><\/p>\n<p><a href=\"https:\/\/www.facebook.com\/AnimalAmes-498130830312882\/timeline\"><strong>ANIMALAMES<\/strong>\u00a0<\/a>es una asociaci\u00f3n sin \u00e1nimo de lucro que busca la tenencia responsable de los animales de compa\u00f1\u00eda, fomentando adopciones y ayudando en casos de animales abandonados de la zona de Santiago de Compostela y alrededores.<\/p>\n<p style=\"text-align: center;\"><a href=\"https:\/\/www.facebook.com\/AnimalAmes-498130830312882\/?fref=photo\"><img loading=\"lazy\" decoding=\"async\" class=\"\" src=\"https:\/\/lh3.googleusercontent.com\/1aspSnVQ5SMV02453gVi8GKpTYlxnX1K8OTRb9lyBDQi15EG-kx9FVs8hBazk5g2WkIUu2qXvd35KJ8RNpz3NpkLciqdI7oM6BFIS0mWwER_eCyib0EnlEMM8hLJvIg5wJB3K7KahGQ1CzhXFTxLnhDdIKzTez2nYKsm3QOsUpqZ8XsURsFeUn3VHioEu5_Q5gfVo7WWJquBbkYCUnxBcL7P8fnx66vVlbhbi_xbeZwGigjmvfv8c75slXNFS60PatqGeS7atUEgMc3VWuRsbJduhvnIbmv__Jr7Q5z9HDbHjiPz5oBf43IVyRT1jiWmnP7LG27FW7ViQLXzj0T4DlU5yKF0GugsEvfeho-NGfjvIJqOuw1sj1xAdKR7gTF1-ZoHQbrM0ls2_I9cwqkPO9U1RWBeeHWGxlCEj4hjizqEx_45FskK_XH8JdKmLGUzEKrC2tGxmAs1cvrrsRye1tcO5kXYTi5LHNRUFKYSaOX-lLqCObWGkWFINDT0ySPZKTepxdkuINa7akj8M_tnMPxW5oNMc0dXR1XhHq3ztukVTxlgs4H1kW3Ung2LrJI_3NjDjw=s775-no\" alt=\"\" width=\"414\" height=\"414\" \/><\/a><\/p>\n<p align=\"center\"><strong><a href=\"https:\/\/www.facebook.com\/AnimalAmes-498130830312882\/timeline\">Tambi\u00e9n en FACEBOOK<\/a><\/strong><\/p>\n<p align=\"center\">Cada d\u00eda uno tendr\u00e1 su oportunidad en la p\u00e1gina ay\u00fadanos a que encuentren hogar<\/p>\n","protected":false},"excerpt":{"rendered":"<p>PINCHA EN LAS FOTOS Y DESCUBRE NUESTRAS RECOMENDACIONES Tourwanderlust proporciona experiencias de viaje para peque\u00f1os grupos de visitantes curiosos en Galicia y Norte de Portugal. Colaborador en\u00a0viajes compartidos Jose Manuel Silva se ha convertido en ese nexo de uni\u00f3n que necesitamos con nuestro Pa\u00eds hermano\u00a0Portugal. Gran conocedor\u00a0de Galicia, as\u00ed que,\u00a0nadie mejor que \u00e9l y su [&hellip;]<\/p>\n","protected":false},"author":1,"featured_media":0,"comment_status":"open","ping_status":"open","sticky":false,"template":"","format":"standard","meta":{"_eb_attr":"","site-sidebar-layout":"default","site-content-layout":"","ast-site-content-layout":"","site-content-style":"default","site-sidebar-style":"default","ast-global-header-display":"","ast-banner-title-visibility":"","ast-main-header-display":"","ast-hfb-above-header-display":"","ast-hfb-below-header-display":"","ast-hfb-mobile-header-display":"","site-post-title":"","ast-breadcrumbs-content":"","ast-featured-img":"","footer-sml-layout":"","theme-transparent-header-meta":"","adv-header-id-meta":"","stick-header-meta":"","header-above-stick-meta":"","header-main-stick-meta":"","header-below-stick-meta":"","astra-migrate-meta-layouts":"default","ast-page-background-enabled":"default","ast-page-background-meta":{"desktop":{"background-color":"","background-image":"","background-repeat":"repeat","background-position":"center center","background-size":"auto","background-attachment":"scroll","background-type":"","background-media":"","overlay-type":"","overlay-color":"","overlay-opacity":"","overlay-gradient":""},"tablet":{"background-color":"","background-image":"","background-repeat":"repeat","background-position":"center center","background-size":"auto","background-attachment":"scroll","background-type":"","background-media":"","overlay-type":"","overlay-color":"","overlay-opacity":"","overlay-gradient":""},"mobile":{"background-color":"","background-image":"","background-repeat":"repeat","background-position":"center center","background-size":"auto","background-attachment":"scroll","background-type":"","background-media":"","overlay-type":"","overlay-color":"","overlay-opacity":"","overlay-gradient":""}},"ast-content-background-meta":{"desktop":{"background-color":"var(--ast-global-color-5)","background-image":"","background-repeat":"repeat","background-position":"center center","background-size":"auto","background-attachment":"scroll","background-type":"","background-media":"","overlay-type":"","overlay-color":"","overlay-opacity":"","overlay-gradient":""},"tablet":{"background-color":"var(--ast-global-color-5)","background-image":"","background-repeat":"repeat","background-position":"center center","background-size":"auto","background-attachment":"scroll","background-type":"","background-media":"","overlay-type":"","overlay-color":"","overlay-opacity":"","overlay-gradient":""},"mobile":{"background-color":"var(--ast-global-color-5)","background-image":"","background-repeat":"repeat","background-position":"center center","background-size":"auto","background-attachment":"scroll","background-type":"","background-media":"","overlay-type":"","overlay-color":"","overlay-opacity":"","overlay-gradient":""}},"footnotes":""},"categories":[623,1,103],"tags":[492,91],"class_list":["post-2567","post","type-post","status-publish","format-standard","hentry","category-colaboradores","category-familia","category-internet","tag-blogs","tag-recomendaciones"],"yoast_head":"<!-- This site is optimized with the Yoast SEO plugin v24.9 - https:\/\/yoast.com\/wordpress\/plugins\/seo\/ -->\n<title>BLOGS RECOMENDADOS-COLABORADORES M\u00c1XICOS - Galicia con ni\u00f1os | GALICIA M\u00c1XICA<\/title>\n<meta name=\"description\" content=\"presentaci\u00f3n de los colaboradores en Galicia con ni\u00f1os, blogs muy importantes que enriquecen la p\u00e1gina con sus fant\u00e1sticas aportaciones.\" \/>\n<meta name=\"robots\" content=\"index, follow, max-snippet:-1, max-image-preview:large, max-video-preview:-1\" \/>\n<link rel=\"canonical\" href=\"https:\/\/www.galiciamaxica.eu\/mini\/blogs-recomendados\/\" \/>\n<meta property=\"og:locale\" content=\"es_ES\" \/>\n<meta property=\"og:type\" content=\"article\" \/>\n<meta property=\"og:title\" content=\"BLOGS RECOMENDADOS-COLABORADORES M\u00c1XICOS - Galicia con ni\u00f1os | GALICIA M\u00c1XICA\" \/>\n<meta property=\"og:description\" content=\"presentaci\u00f3n de los colaboradores en Galicia con ni\u00f1os, blogs muy importantes que enriquecen la p\u00e1gina con sus fant\u00e1sticas aportaciones.\" \/>\n<meta property=\"og:url\" content=\"https:\/\/www.galiciamaxica.eu\/mini\/blogs-recomendados\/\" \/>\n<meta property=\"og:site_name\" content=\"Galicia con ni\u00f1os | GALICIA M\u00c1XICA\" \/>\n<meta property=\"article:publisher\" content=\"https:\/\/www.facebook.com\/maria.rodriguezserantes\" \/>\n<meta property=\"article:author\" content=\"https:\/\/www.facebook.com\/maria.rodriguezserantes\" \/>\n<meta property=\"article:published_time\" content=\"2016-04-13T09:25:31+00:00\" \/>\n<meta property=\"article:modified_time\" content=\"2024-08-13T11:21:57+00:00\" \/>\n<meta name=\"author\" content=\"seseixa\" \/>\n<meta name=\"twitter:card\" content=\"summary_large_image\" \/>\n<meta name=\"twitter:image\" content=\"https:\/\/galiciamaxica.eu\/mini\/wp-content\/uploads\/2019\/10\/img_5d9b58c868cd3.jpg\" \/>\n<meta name=\"twitter:creator\" content=\"@seseixa\" \/>\n<meta name=\"twitter:site\" content=\"@seseixa\" \/>\n<meta name=\"twitter:label1\" content=\"Escrito por\" \/>\n\t<meta name=\"twitter:data1\" content=\"seseixa\" \/>\n\t<meta name=\"twitter:label2\" content=\"Tiempo de lectura\" \/>\n\t<meta name=\"twitter:data2\" content=\"2 minutos\" \/>\n<script type=\"application\/ld+json\" class=\"yoast-schema-graph\">{\"@context\":\"https:\/\/schema.org\",\"@graph\":[{\"@type\":\"Article\",\"@id\":\"https:\/\/www.galiciamaxica.eu\/mini\/blogs-recomendados\/#article\",\"isPartOf\":{\"@id\":\"https:\/\/www.galiciamaxica.eu\/mini\/blogs-recomendados\/\"},\"author\":{\"name\":\"seseixa\",\"@id\":\"https:\/\/www.galiciamaxica.eu\/mini\/#\/schema\/person\/2b284fe2fd911000a48d2e8936300179\"},\"headline\":\"BLOGS RECOMENDADOS-COLABORADORES M\u00c1XICOS\",\"datePublished\":\"2016-04-13T09:25:31+00:00\",\"dateModified\":\"2024-08-13T11:21:57+00:00\",\"mainEntityOfPage\":{\"@id\":\"https:\/\/www.galiciamaxica.eu\/mini\/blogs-recomendados\/\"},\"wordCount\":407,\"commentCount\":1,\"publisher\":{\"@id\":\"https:\/\/www.galiciamaxica.eu\/mini\/#\/schema\/person\/2b284fe2fd911000a48d2e8936300179\"},\"image\":{\"@id\":\"https:\/\/www.galiciamaxica.eu\/mini\/blogs-recomendados\/#primaryimage\"},\"thumbnailUrl\":\"https:\/\/galiciamaxica.eu\/mini\/wp-content\/uploads\/2019\/10\/img_5d9b58c868cd3.jpg\",\"keywords\":[\"BLOGS\",\"recomendaciones\"],\"articleSection\":[\"COLABORADORES\",\"FAMILIA\",\"INTERNET\"],\"inLanguage\":\"es\",\"potentialAction\":[{\"@type\":\"CommentAction\",\"name\":\"Comment\",\"target\":[\"https:\/\/www.galiciamaxica.eu\/mini\/blogs-recomendados\/#respond\"]}]},{\"@type\":\"WebPage\",\"@id\":\"https:\/\/www.galiciamaxica.eu\/mini\/blogs-recomendados\/\",\"url\":\"https:\/\/www.galiciamaxica.eu\/mini\/blogs-recomendados\/\",\"name\":\"BLOGS RECOMENDADOS-COLABORADORES M\u00c1XICOS - Galicia con ni\u00f1os | GALICIA M\u00c1XICA\",\"isPartOf\":{\"@id\":\"https:\/\/www.galiciamaxica.eu\/mini\/#website\"},\"primaryImageOfPage\":{\"@id\":\"https:\/\/www.galiciamaxica.eu\/mini\/blogs-recomendados\/#primaryimage\"},\"image\":{\"@id\":\"https:\/\/www.galiciamaxica.eu\/mini\/blogs-recomendados\/#primaryimage\"},\"thumbnailUrl\":\"https:\/\/galiciamaxica.eu\/mini\/wp-content\/uploads\/2019\/10\/img_5d9b58c868cd3.jpg\",\"datePublished\":\"2016-04-13T09:25:31+00:00\",\"dateModified\":\"2024-08-13T11:21:57+00:00\",\"description\":\"presentaci\u00f3n de los colaboradores en Galicia con ni\u00f1os, blogs muy importantes que enriquecen la p\u00e1gina con sus fant\u00e1sticas aportaciones.\",\"breadcrumb\":{\"@id\":\"https:\/\/www.galiciamaxica.eu\/mini\/blogs-recomendados\/#breadcrumb\"},\"inLanguage\":\"es\",\"potentialAction\":[{\"@type\":\"ReadAction\",\"target\":[\"https:\/\/www.galiciamaxica.eu\/mini\/blogs-recomendados\/\"]}]},{\"@type\":\"ImageObject\",\"inLanguage\":\"es\",\"@id\":\"https:\/\/www.galiciamaxica.eu\/mini\/blogs-recomendados\/#primaryimage\",\"url\":\"https:\/\/galiciamaxica.eu\/mini\/wp-content\/uploads\/2019\/10\/img_5d9b58c868cd3.jpg\",\"contentUrl\":\"https:\/\/galiciamaxica.eu\/mini\/wp-content\/uploads\/2019\/10\/img_5d9b58c868cd3.jpg\"},{\"@type\":\"BreadcrumbList\",\"@id\":\"https:\/\/www.galiciamaxica.eu\/mini\/blogs-recomendados\/#breadcrumb\",\"itemListElement\":[{\"@type\":\"ListItem\",\"position\":1,\"name\":\"Portada\",\"item\":\"https:\/\/www.galiciamaxica.eu\/mini\/\"},{\"@type\":\"ListItem\",\"position\":2,\"name\":\"BLOGS RECOMENDADOS-COLABORADORES M\u00c1XICOS\"}]},{\"@type\":\"WebSite\",\"@id\":\"https:\/\/www.galiciamaxica.eu\/mini\/#website\",\"url\":\"https:\/\/www.galiciamaxica.eu\/mini\/\",\"name\":\"Galicia con ni\u00f1os | GALICIA M\u00c1XICA\",\"description\":\"Qu\u00e9 hacer con ni\u00f1os en Galicia\",\"publisher\":{\"@id\":\"https:\/\/www.galiciamaxica.eu\/mini\/#\/schema\/person\/2b284fe2fd911000a48d2e8936300179\"},\"potentialAction\":[{\"@type\":\"SearchAction\",\"target\":{\"@type\":\"EntryPoint\",\"urlTemplate\":\"https:\/\/www.galiciamaxica.eu\/mini\/?s={search_term_string}\"},\"query-input\":{\"@type\":\"PropertyValueSpecification\",\"valueRequired\":true,\"valueName\":\"search_term_string\"}}],\"inLanguage\":\"es\"},{\"@type\":[\"Person\",\"Organization\"],\"@id\":\"https:\/\/www.galiciamaxica.eu\/mini\/#\/schema\/person\/2b284fe2fd911000a48d2e8936300179\",\"name\":\"seseixa\",\"image\":{\"@type\":\"ImageObject\",\"inLanguage\":\"es\",\"@id\":\"https:\/\/www.galiciamaxica.eu\/mini\/#\/schema\/person\/image\/\",\"url\":\"https:\/\/www.galiciamaxica.eu\/mini\/wp-content\/uploads\/2019\/02\/seseixa.png\",\"contentUrl\":\"https:\/\/www.galiciamaxica.eu\/mini\/wp-content\/uploads\/2019\/02\/seseixa.png\",\"width\":100,\"height\":100,\"caption\":\"seseixa\"},\"logo\":{\"@id\":\"https:\/\/www.galiciamaxica.eu\/mini\/#\/schema\/person\/image\/\"},\"description\":\"En la actualidad combinando dos proyectos que me apasionan, Galicia y los ni\u00f1os. Tengo mucho que aportar y otro tanto que aprender, as\u00ed como, el tiempo y el coraz\u00f3n, dividido en todo momento. Soy mam\u00e1, un titulo otorgado a tiempo completo, compa\u00f1era y amiga, a todas horas, familiar y cercana, siempre. De esp\u00edritu inquieto, soy una eterna ni\u00f1a que juega en el pa\u00eds de las maravillas. Una enamorada de mi tierra, por la que trabajo sin descanso. Creo en la infancia como motor que cambiar\u00e1 el mundo a mejor y busco en mi vida la felicidad como estado permanente porque s\u00f3lo se vive una vez.\",\"sameAs\":[\"http:\/\/mini.galiciamaxica.eu\/\",\"https:\/\/www.facebook.com\/maria.rodriguezserantes\",\"https:\/\/x.com\/seseixa\"],\"url\":\"https:\/\/www.galiciamaxica.eu\/mini\/author\/seseixa\/\"}]}<\/script>\n<!-- \/ Yoast SEO plugin. -->","yoast_head_json":{"title":"BLOGS RECOMENDADOS-COLABORADORES M\u00c1XICOS - Galicia con ni\u00f1os | GALICIA M\u00c1XICA","description":"presentaci\u00f3n de los colaboradores en Galicia con ni\u00f1os, blogs muy importantes que enriquecen la p\u00e1gina con sus fant\u00e1sticas aportaciones.","robots":{"index":"index","follow":"follow","max-snippet":"max-snippet:-1","max-image-preview":"max-image-preview:large","max-video-preview":"max-video-preview:-1"},"canonical":"https:\/\/www.galiciamaxica.eu\/mini\/blogs-recomendados\/","og_locale":"es_ES","og_type":"article","og_title":"BLOGS RECOMENDADOS-COLABORADORES M\u00c1XICOS - Galicia con ni\u00f1os | GALICIA M\u00c1XICA","og_description":"presentaci\u00f3n de los colaboradores en Galicia con ni\u00f1os, blogs muy importantes que enriquecen la p\u00e1gina con sus fant\u00e1sticas aportaciones.","og_url":"https:\/\/www.galiciamaxica.eu\/mini\/blogs-recomendados\/","og_site_name":"Galicia con ni\u00f1os | GALICIA M\u00c1XICA","article_publisher":"https:\/\/www.facebook.com\/maria.rodriguezserantes","article_author":"https:\/\/www.facebook.com\/maria.rodriguezserantes","article_published_time":"2016-04-13T09:25:31+00:00","article_modified_time":"2024-08-13T11:21:57+00:00","author":"seseixa","twitter_card":"summary_large_image","twitter_image":"https:\/\/galiciamaxica.eu\/mini\/wp-content\/uploads\/2019\/10\/img_5d9b58c868cd3.jpg","twitter_creator":"@seseixa","twitter_site":"@seseixa","twitter_misc":{"Escrito por":"seseixa","Tiempo de lectura":"2 minutos"},"schema":{"@context":"https:\/\/schema.org","@graph":[{"@type":"Article","@id":"https:\/\/www.galiciamaxica.eu\/mini\/blogs-recomendados\/#article","isPartOf":{"@id":"https:\/\/www.galiciamaxica.eu\/mini\/blogs-recomendados\/"},"author":{"name":"seseixa","@id":"https:\/\/www.galiciamaxica.eu\/mini\/#\/schema\/person\/2b284fe2fd911000a48d2e8936300179"},"headline":"BLOGS RECOMENDADOS-COLABORADORES M\u00c1XICOS","datePublished":"2016-04-13T09:25:31+00:00","dateModified":"2024-08-13T11:21:57+00:00","mainEntityOfPage":{"@id":"https:\/\/www.galiciamaxica.eu\/mini\/blogs-recomendados\/"},"wordCount":407,"commentCount":1,"publisher":{"@id":"https:\/\/www.galiciamaxica.eu\/mini\/#\/schema\/person\/2b284fe2fd911000a48d2e8936300179"},"image":{"@id":"https:\/\/www.galiciamaxica.eu\/mini\/blogs-recomendados\/#primaryimage"},"thumbnailUrl":"https:\/\/galiciamaxica.eu\/mini\/wp-content\/uploads\/2019\/10\/img_5d9b58c868cd3.jpg","keywords":["BLOGS","recomendaciones"],"articleSection":["COLABORADORES","FAMILIA","INTERNET"],"inLanguage":"es","potentialAction":[{"@type":"CommentAction","name":"Comment","target":["https:\/\/www.galiciamaxica.eu\/mini\/blogs-recomendados\/#respond"]}]},{"@type":"WebPage","@id":"https:\/\/www.galiciamaxica.eu\/mini\/blogs-recomendados\/","url":"https:\/\/www.galiciamaxica.eu\/mini\/blogs-recomendados\/","name":"BLOGS RECOMENDADOS-COLABORADORES M\u00c1XICOS - Galicia con ni\u00f1os | GALICIA M\u00c1XICA","isPartOf":{"@id":"https:\/\/www.galiciamaxica.eu\/mini\/#website"},"primaryImageOfPage":{"@id":"https:\/\/www.galiciamaxica.eu\/mini\/blogs-recomendados\/#primaryimage"},"image":{"@id":"https:\/\/www.galiciamaxica.eu\/mini\/blogs-recomendados\/#primaryimage"},"thumbnailUrl":"https:\/\/galiciamaxica.eu\/mini\/wp-content\/uploads\/2019\/10\/img_5d9b58c868cd3.jpg","datePublished":"2016-04-13T09:25:31+00:00","dateModified":"2024-08-13T11:21:57+00:00","description":"presentaci\u00f3n de los colaboradores en Galicia con ni\u00f1os, blogs muy importantes que enriquecen la p\u00e1gina con sus fant\u00e1sticas aportaciones.","breadcrumb":{"@id":"https:\/\/www.galiciamaxica.eu\/mini\/blogs-recomendados\/#breadcrumb"},"inLanguage":"es","potentialAction":[{"@type":"ReadAction","target":["https:\/\/www.galiciamaxica.eu\/mini\/blogs-recomendados\/"]}]},{"@type":"ImageObject","inLanguage":"es","@id":"https:\/\/www.galiciamaxica.eu\/mini\/blogs-recomendados\/#primaryimage","url":"https:\/\/galiciamaxica.eu\/mini\/wp-content\/uploads\/2019\/10\/img_5d9b58c868cd3.jpg","contentUrl":"https:\/\/galiciamaxica.eu\/mini\/wp-content\/uploads\/2019\/10\/img_5d9b58c868cd3.jpg"},{"@type":"BreadcrumbList","@id":"https:\/\/www.galiciamaxica.eu\/mini\/blogs-recomendados\/#breadcrumb","itemListElement":[{"@type":"ListItem","position":1,"name":"Portada","item":"https:\/\/www.galiciamaxica.eu\/mini\/"},{"@type":"ListItem","position":2,"name":"BLOGS RECOMENDADOS-COLABORADORES M\u00c1XICOS"}]},{"@type":"WebSite","@id":"https:\/\/www.galiciamaxica.eu\/mini\/#website","url":"https:\/\/www.galiciamaxica.eu\/mini\/","name":"Galicia con ni\u00f1os | GALICIA M\u00c1XICA","description":"Qu\u00e9 hacer con ni\u00f1os en Galicia","publisher":{"@id":"https:\/\/www.galiciamaxica.eu\/mini\/#\/schema\/person\/2b284fe2fd911000a48d2e8936300179"},"potentialAction":[{"@type":"SearchAction","target":{"@type":"EntryPoint","urlTemplate":"https:\/\/www.galiciamaxica.eu\/mini\/?s={search_term_string}"},"query-input":{"@type":"PropertyValueSpecification","valueRequired":true,"valueName":"search_term_string"}}],"inLanguage":"es"},{"@type":["Person","Organization"],"@id":"https:\/\/www.galiciamaxica.eu\/mini\/#\/schema\/person\/2b284fe2fd911000a48d2e8936300179","name":"seseixa","image":{"@type":"ImageObject","inLanguage":"es","@id":"https:\/\/www.galiciamaxica.eu\/mini\/#\/schema\/person\/image\/","url":"https:\/\/www.galiciamaxica.eu\/mini\/wp-content\/uploads\/2019\/02\/seseixa.png","contentUrl":"https:\/\/www.galiciamaxica.eu\/mini\/wp-content\/uploads\/2019\/02\/seseixa.png","width":100,"height":100,"caption":"seseixa"},"logo":{"@id":"https:\/\/www.galiciamaxica.eu\/mini\/#\/schema\/person\/image\/"},"description":"En la actualidad combinando dos proyectos que me apasionan, Galicia y los ni\u00f1os. Tengo mucho que aportar y otro tanto que aprender, as\u00ed como, el tiempo y el coraz\u00f3n, dividido en todo momento. Soy mam\u00e1, un titulo otorgado a tiempo completo, compa\u00f1era y amiga, a todas horas, familiar y cercana, siempre. De esp\u00edritu inquieto, soy una eterna ni\u00f1a que juega en el pa\u00eds de las maravillas. Una enamorada de mi tierra, por la que trabajo sin descanso. Creo en la infancia como motor que cambiar\u00e1 el mundo a mejor y busco en mi vida la felicidad como estado permanente porque s\u00f3lo se vive una vez.","sameAs":["http:\/\/mini.galiciamaxica.eu\/","https:\/\/www.facebook.com\/maria.rodriguezserantes","https:\/\/x.com\/seseixa"],"url":"https:\/\/www.galiciamaxica.eu\/mini\/author\/seseixa\/"}]}},"amp_enabled":true,"post_mailing_queue_ids":[],"_links":{"self":[{"href":"https:\/\/www.galiciamaxica.eu\/mini\/wp-json\/wp\/v2\/posts\/2567"}],"collection":[{"href":"https:\/\/www.galiciamaxica.eu\/mini\/wp-json\/wp\/v2\/posts"}],"about":[{"href":"https:\/\/www.galiciamaxica.eu\/mini\/wp-json\/wp\/v2\/types\/post"}],"author":[{"embeddable":true,"href":"https:\/\/www.galiciamaxica.eu\/mini\/wp-json\/wp\/v2\/users\/1"}],"replies":[{"embeddable":true,"href":"https:\/\/www.galiciamaxica.eu\/mini\/wp-json\/wp\/v2\/comments?post=2567"}],"version-history":[{"count":4,"href":"https:\/\/www.galiciamaxica.eu\/mini\/wp-json\/wp\/v2\/posts\/2567\/revisions"}],"predecessor-version":[{"id":21865,"href":"https:\/\/www.galiciamaxica.eu\/mini\/wp-json\/wp\/v2\/posts\/2567\/revisions\/21865"}],"wp:attachment":[{"href":"https:\/\/www.galiciamaxica.eu\/mini\/wp-json\/wp\/v2\/media?parent=2567"}],"wp:term":[{"taxonomy":"category","embeddable":true,"href":"https:\/\/www.galiciamaxica.eu\/mini\/wp-json\/wp\/v2\/categories?post=2567"},{"taxonomy":"post_tag","embeddable":true,"href":"https:\/\/www.galiciamaxica.eu\/mini\/wp-json\/wp\/v2\/tags?post=2567"}],"curies":[{"name":"wp","href":"https:\/\/api.w.org\/{rel}","templated":true}]}}