{"id":21146,"date":"2023-02-14T12:01:15","date_gmt":"2023-02-14T11:01:15","guid":{"rendered":"https:\/\/www.galiciamaxica.eu\/mini\/?p=21146"},"modified":"2023-02-14T12:01:17","modified_gmt":"2023-02-14T11:01:17","slug":"preguntas-y-respuestas-sobre-embarazo-parto-y-cuidado-del-recien-nacido","status":"publish","type":"post","link":"https:\/\/www.galiciamaxica.eu\/mini\/preguntas-y-respuestas-sobre-embarazo-parto-y-cuidado-del-recien-nacido\/","title":{"rendered":"Preguntas y respuestas sobre embarazo, parto y cuidado del reci\u00e9n nacido."},"content":{"rendered":"\n<p>El embarazo es un momento emocionante y lleno de cambios para la mujer y su familia y amigos que viven el momento con gran expectaci\u00f3n e ilusi\u00f3n. A continuaci\u00f3n, <\/p>\n\n\n\n<p>Si est\u00e1s viviendo esta hermosa etapa te vendr\u00e1 genial esta entrada en la que te acerco la informaci\u00f3n general sobre todo lo que debes saber sobre el embarazo.<\/p>\n\n\n\n<h2 class=\"wp-block-heading\">Embarazo<\/h2>\n\n\n\n<p>Estos son solo algunos de los aspectos b\u00e1sicos del embarazo. Es importante que la mujer embarazada reciba atenci\u00f3n prenatal regular y consulte a su obstetra o partera para obtener m\u00e1s informaci\u00f3n sobre su embarazo espec\u00edfico.<\/p>\n\n\n\n<figure class=\"wp-block-image aligncenter size-full\"><a href=\"https:\/\/www.galiciamaxica.eu\/mini\/wp-content\/uploads\/2023\/02\/embarazo-2.jpg\"><img fetchpriority=\"high\" decoding=\"async\" width=\"960\" height=\"640\" src=\"https:\/\/www.galiciamaxica.eu\/mini\/wp-content\/uploads\/2023\/02\/embarazo-2.jpg\" alt=\"\" class=\"wp-image-21149\" srcset=\"https:\/\/www.galiciamaxica.eu\/mini\/wp-content\/uploads\/2023\/02\/embarazo-2.jpg 960w, https:\/\/www.galiciamaxica.eu\/mini\/wp-content\/uploads\/2023\/02\/embarazo-2-300x200.jpg 300w, https:\/\/www.galiciamaxica.eu\/mini\/wp-content\/uploads\/2023\/02\/embarazo-2-768x512.jpg 768w\" sizes=\"(max-width: 960px) 100vw, 960px\" \/><\/a><\/figure>\n\n\n\n<h3 class=\"wp-block-heading\">\u00bfQu\u00e9 es el embarazo?&nbsp;<\/h3>\n\n\n\n<p>No creo que presente dudas el saber qu\u00e9 es el embarazo todos sabemos que es el proceso en el  que un \u00f3vulo fertilizado se desarrolla en el \u00fatero de la mujer durante aproximadamente 9 meses. Durante este tiempo, el feto crece y se desarrolla para prepararse para el nacimiento. <\/p>\n\n\n\n<h4 class=\"wp-block-heading\">Es algo muy simple de definir pero en realidad es pura magia<\/h4>\n\n\n\n<p>El embarazo es un proceso incre\u00edblemente hermoso y asombroso. Durante los nueve meses de embarazo, el cuerpo de una mujer cambia para dar cabida al crecimiento y desarrollo de un nuevo ser humano.<\/p>\n\n\n\n<p>Al principio, despu\u00e9s de la fertilizaci\u00f3n, el \u00f3vulo fertilizado se divide r\u00e1pidamente y se forma un grupo de c\u00e9lulas llamado blastocisto. El blastocisto viaja por la trompa de Falopio hasta el \u00fatero, donde se adhiere al revestimiento uterino y comienza a crecer.<\/p>\n\n\n\n<p>A medida que el embri\u00f3n se desarrolla, se forman \u00f3rganos, sistemas y extremidades. El coraz\u00f3n comienza a latir y la sangre comienza a circular. El cerebro y el sistema nervioso se desarrollan, y el embri\u00f3n comienza a moverse y a responder a est\u00edmulos externos.<\/p>\n\n\n\n<figure class=\"wp-block-image aligncenter size-full\"><a href=\"https:\/\/www.galiciamaxica.eu\/mini\/wp-content\/uploads\/2023\/02\/embarazo-9.jpg\"><img decoding=\"async\" width=\"960\" height=\"640\" src=\"https:\/\/www.galiciamaxica.eu\/mini\/wp-content\/uploads\/2023\/02\/embarazo-9.jpg\" alt=\"\" class=\"wp-image-21156\" srcset=\"https:\/\/www.galiciamaxica.eu\/mini\/wp-content\/uploads\/2023\/02\/embarazo-9.jpg 960w, https:\/\/www.galiciamaxica.eu\/mini\/wp-content\/uploads\/2023\/02\/embarazo-9-300x200.jpg 300w, https:\/\/www.galiciamaxica.eu\/mini\/wp-content\/uploads\/2023\/02\/embarazo-9-768x512.jpg 768w\" sizes=\"(max-width: 960px) 100vw, 960px\" \/><\/a><\/figure>\n\n\n\n<p>En las semanas y meses siguientes, el embri\u00f3n se convierte en un feto y contin\u00faa creciendo y desarroll\u00e1ndose en el \u00fatero. La madre puede sentir los movimientos del beb\u00e9 y puede escuchar su coraz\u00f3n latir en las visitas prenatales.<\/p>\n\n\n\n<p>A medida que se acerca el final del embarazo, la madre puede experimentar una mezcla de emociones: alegr\u00eda, emoci\u00f3n, nerviosismo y tal vez un poco de ansiedad por el parto. Pero al final, todo el dolor y la incomodidad valen la pena cuando llega el momento de ver y sostener al beb\u00e9 por primera vez.<\/p>\n\n\n\n<p>La vida es, sin duda, un milagro y el embarazo es un recordatorio maravilloso de la capacidad del cuerpo humano para crear y nutrir a otro ser humano.<\/p>\n\n\n\n<figure class=\"wp-block-image aligncenter size-full\"><a href=\"https:\/\/www.galiciamaxica.eu\/mini\/wp-content\/uploads\/2023\/02\/embarazo-15.jpg\"><img decoding=\"async\" width=\"960\" height=\"639\" src=\"https:\/\/www.galiciamaxica.eu\/mini\/wp-content\/uploads\/2023\/02\/embarazo-15.jpg\" alt=\"\" class=\"wp-image-21162\" srcset=\"https:\/\/www.galiciamaxica.eu\/mini\/wp-content\/uploads\/2023\/02\/embarazo-15.jpg 960w, https:\/\/www.galiciamaxica.eu\/mini\/wp-content\/uploads\/2023\/02\/embarazo-15-300x200.jpg 300w, https:\/\/www.galiciamaxica.eu\/mini\/wp-content\/uploads\/2023\/02\/embarazo-15-768x511.jpg 768w\" sizes=\"(max-width: 960px) 100vw, 960px\" \/><\/a><\/figure>\n\n\n\n<h3 class=\"wp-block-heading\">\u00bfC\u00f3mo se sabe si una mujer est\u00e1 embarazada?&nbsp;<\/h3>\n\n\n\n<p>Los signos y s\u00edntomas del embarazo pueden variar de una mujer a otra, pero algunos de los m\u00e1s comunes incluyen ausencia del per\u00edodo menstrual, n\u00e1useas y v\u00f3mitos, sensibilidad en los senos, cansancio, micci\u00f3n frecuente y cambios en el apetito. La confirmaci\u00f3n del embarazo se realiza a trav\u00e9s de una prueba de embarazo, ya sea de orina o de sangre, y en ella se detecta la presencia de la hormona hCG.<\/p>\n\n\n\n<figure class=\"wp-block-image aligncenter size-full\"><a href=\"https:\/\/www.galiciamaxica.eu\/mini\/wp-content\/uploads\/2023\/02\/embarazo-13.jpg\"><img loading=\"lazy\" decoding=\"async\" width=\"480\" height=\"720\" src=\"https:\/\/www.galiciamaxica.eu\/mini\/wp-content\/uploads\/2023\/02\/embarazo-13.jpg\" alt=\"\" class=\"wp-image-21160\" srcset=\"https:\/\/www.galiciamaxica.eu\/mini\/wp-content\/uploads\/2023\/02\/embarazo-13.jpg 480w, https:\/\/www.galiciamaxica.eu\/mini\/wp-content\/uploads\/2023\/02\/embarazo-13-200x300.jpg 200w\" sizes=\"(max-width: 480px) 100vw, 480px\" \/><\/a><\/figure>\n\n\n\n<h3 class=\"wp-block-heading\">\u00bfQu\u00e9 es la hormona hCG?<\/h3>\n\n\n\n<p>La hormona hCG (gonadotropina cori\u00f3nica humana) es una hormona producida durante el embarazo. La hCG se produce en las c\u00e9lulas que forman la placenta, que es el \u00f3rgano que se desarrolla en el \u00fatero despu\u00e9s de la fertilizaci\u00f3n del \u00f3vulo y el espermatozoide.<\/p>\n\n\n\n<p>La funci\u00f3n principal de la hCG durante el embarazo es ayudar a mantener la producci\u00f3n de progesterona, que es esencial para mantener el revestimiento uterino y el desarrollo del embri\u00f3n. Adem\u00e1s, la hCG tambi\u00e9n se utiliza en pruebas de embarazo para detectar la presencia de la hormona en la orina o en la sangre.<\/p>\n\n\n\n<p>El nivel de hCG en la sangre o la orina puede indicar si una mujer est\u00e1 embarazada o no. Durante el embarazo, los niveles de hCG aumentan r\u00e1pidamente en las primeras semanas y luego disminuyen gradualmente a medida que progresa el embarazo. La hCG tambi\u00e9n se utiliza en tratamientos de fertilidad para estimular la ovulaci\u00f3n en las mujeres y para aumentar la producci\u00f3n de testosterona en los hombres.<\/p>\n\n\n\n<figure class=\"wp-block-image aligncenter size-full\"><a href=\"https:\/\/www.galiciamaxica.eu\/mini\/wp-content\/uploads\/2023\/02\/embarazo-3.jpg\"><img loading=\"lazy\" decoding=\"async\" width=\"960\" height=\"634\" src=\"https:\/\/www.galiciamaxica.eu\/mini\/wp-content\/uploads\/2023\/02\/embarazo-3.jpg\" alt=\"\" class=\"wp-image-21150\" srcset=\"https:\/\/www.galiciamaxica.eu\/mini\/wp-content\/uploads\/2023\/02\/embarazo-3.jpg 960w, https:\/\/www.galiciamaxica.eu\/mini\/wp-content\/uploads\/2023\/02\/embarazo-3-300x198.jpg 300w, https:\/\/www.galiciamaxica.eu\/mini\/wp-content\/uploads\/2023\/02\/embarazo-3-768x507.jpg 768w\" sizes=\"(max-width: 960px) 100vw, 960px\" \/><\/a><\/figure>\n\n\n\n<h3 class=\"wp-block-heading\">\u00bfCu\u00e1les son los cuidados prenatales que debe recibir una mujer embarazada?&nbsp;<\/h3>\n\n\n\n<p>Es importante que la mujer embarazada reciba atenci\u00f3n prenatal temprana para asegurarse de que el embarazo se desarrolle sin problemas. Los cuidados prenatales incluyen pruebas de laboratorio y ultrasonido, chequeos regulares con un obstetra o una partera, vitaminas prenatales, una dieta saludable y ejercicio moderado.<\/p>\n\n\n\n<figure class=\"wp-block-image aligncenter size-full\"><a href=\"https:\/\/www.galiciamaxica.eu\/mini\/wp-content\/uploads\/2023\/02\/embarazo-11.jpg\"><img loading=\"lazy\" decoding=\"async\" width=\"960\" height=\"640\" src=\"https:\/\/www.galiciamaxica.eu\/mini\/wp-content\/uploads\/2023\/02\/embarazo-11.jpg\" alt=\"\" class=\"wp-image-21158\" srcset=\"https:\/\/www.galiciamaxica.eu\/mini\/wp-content\/uploads\/2023\/02\/embarazo-11.jpg 960w, https:\/\/www.galiciamaxica.eu\/mini\/wp-content\/uploads\/2023\/02\/embarazo-11-300x200.jpg 300w, https:\/\/www.galiciamaxica.eu\/mini\/wp-content\/uploads\/2023\/02\/embarazo-11-768x512.jpg 768w\" sizes=\"(max-width: 960px) 100vw, 960px\" \/><\/a><\/figure>\n\n\n\n<h3 class=\"wp-block-heading\">\u00bfQu\u00e9 cambios experimenta una mujer durante el embarazo?&nbsp;<\/h3>\n\n\n\n<p>Durante el embarazo, la mujer experimenta muchos cambios f\u00edsicos y emocionales. Algunos de estos cambios incluyen aumento de peso, fatiga, cambios hormonales, n\u00e1useas y v\u00f3mitos, hinchaz\u00f3n, sensibilidad en los senos, micci\u00f3n frecuente y cambios de humor. <\/p>\n\n\n\n<figure class=\"wp-block-image aligncenter size-full\"><a href=\"https:\/\/www.galiciamaxica.eu\/mini\/wp-content\/uploads\/2023\/02\/embarazo-7.jpg\"><img loading=\"lazy\" decoding=\"async\" width=\"960\" height=\"640\" src=\"https:\/\/www.galiciamaxica.eu\/mini\/wp-content\/uploads\/2023\/02\/embarazo-7.jpg\" alt=\"\" class=\"wp-image-21154\" srcset=\"https:\/\/www.galiciamaxica.eu\/mini\/wp-content\/uploads\/2023\/02\/embarazo-7.jpg 960w, https:\/\/www.galiciamaxica.eu\/mini\/wp-content\/uploads\/2023\/02\/embarazo-7-300x200.jpg 300w, https:\/\/www.galiciamaxica.eu\/mini\/wp-content\/uploads\/2023\/02\/embarazo-7-768x512.jpg 768w\" sizes=\"(max-width: 960px) 100vw, 960px\" \/><\/a><\/figure>\n\n\n\n<h3 class=\"wp-block-heading\">\u00bfQu\u00e9 puede hacer una mujer embarazada para mantenerse saludable?&nbsp;<\/h3>\n\n\n\n<p>La mujer es parte implicada activamente en el proceso del embarazo lleva una vida dentro y depende de ella al completo. Es importante que una mujer embarazada mantenga una dieta saludable, haga ejercicio moderado, evite el alcohol, el tabaco y las drogas, y tome vitaminas prenatales para asegurarse de que ella y su beb\u00e9 est\u00e1n saludables durante el embarazo.<\/p>\n\n\n\n<figure class=\"wp-block-image aligncenter size-full\"><a href=\"https:\/\/www.galiciamaxica.eu\/mini\/wp-content\/uploads\/2023\/02\/embarazo-12.jpg\"><img loading=\"lazy\" decoding=\"async\" width=\"960\" height=\"640\" src=\"https:\/\/www.galiciamaxica.eu\/mini\/wp-content\/uploads\/2023\/02\/embarazo-12.jpg\" alt=\"\" class=\"wp-image-21159\" srcset=\"https:\/\/www.galiciamaxica.eu\/mini\/wp-content\/uploads\/2023\/02\/embarazo-12.jpg 960w, https:\/\/www.galiciamaxica.eu\/mini\/wp-content\/uploads\/2023\/02\/embarazo-12-300x200.jpg 300w, https:\/\/www.galiciamaxica.eu\/mini\/wp-content\/uploads\/2023\/02\/embarazo-12-768x512.jpg 768w\" sizes=\"(max-width: 960px) 100vw, 960px\" \/><\/a><\/figure>\n\n\n\n<h3 class=\"wp-block-heading\">\u00bfCu\u00e1les son los riesgos del embarazo?&nbsp;<\/h3>\n\n\n\n<p>Aunque el embarazo es generalmente seguro, existen algunos riesgos asociados con el embarazo. Algunos de estos riesgos incluyen aborto espont\u00e1neo, parto prematuro, preeclampsia, diabetes gestacional, placenta previa y crecimiento fetal restringido.<\/p>\n\n\n\n<figure class=\"wp-block-image aligncenter size-full\"><a href=\"https:\/\/www.galiciamaxica.eu\/mini\/wp-content\/uploads\/2023\/02\/Brues_2.jpg\"><img loading=\"lazy\" decoding=\"async\" width=\"480\" height=\"720\" src=\"https:\/\/www.galiciamaxica.eu\/mini\/wp-content\/uploads\/2023\/02\/Brues_2.jpg\" alt=\"\" class=\"wp-image-21165\" srcset=\"https:\/\/www.galiciamaxica.eu\/mini\/wp-content\/uploads\/2023\/02\/Brues_2.jpg 480w, https:\/\/www.galiciamaxica.eu\/mini\/wp-content\/uploads\/2023\/02\/Brues_2-200x300.jpg 200w\" sizes=\"(max-width: 480px) 100vw, 480px\" \/><\/a><\/figure>\n\n\n\n<h3 class=\"wp-block-heading\">El proceso de embarazo mes a mes<\/h3>\n\n\n\n<h4 class=\"wp-block-heading\">Mes 1: <\/h4>\n\n\n\n<p>El \u00f3vulo fecundado se implanta en la pared del \u00fatero y comienza a desarrollarse. El embri\u00f3n tiene el tama\u00f1o de una cabeza de alfiler.<\/p>\n\n\n\n<h4 class=\"wp-block-heading\">Mes 2: <\/h4>\n\n\n\n<p>El embri\u00f3n se convierte en feto y comienzan a formarse sus \u00f3rganos y sistemas, incluyendo el cerebro, la m\u00e9dula espinal, el coraz\u00f3n, los brazos, las piernas, los ojos y los o\u00eddos. Al final del segundo mes, el feto mide alrededor de 3 cm.<\/p>\n\n\n\n<h4 class=\"wp-block-heading\">Mes 3: <\/h4>\n\n\n\n<p>El feto sigue creciendo r\u00e1pidamente y ya tiene dedos de las manos y los pies. Sus \u00f3rganos y sistemas contin\u00faan desarroll\u00e1ndose y comienzan a funcionar. Al final del tercer mes, el feto mide alrededor de 7,5 cm.<\/p>\n\n\n\n<h4 class=\"wp-block-heading\">Mes 4:<\/h4>\n\n\n\n<p>El feto crece y se vuelve m\u00e1s activo, movi\u00e9ndose y pateando. Su piel es transparente y se pueden ver los vasos sangu\u00edneos debajo. Al final del cuarto mes, el feto mide alrededor de 13 cm.<\/p>\n\n\n\n<h4 class=\"wp-block-heading\">Mes 5: <\/h4>\n\n\n\n<p>El feto sigue creciendo y se pueden sentir sus movimientos con m\u00e1s facilidad. Se forman sus cejas y pesta\u00f1as, y comienza a crecer el cabello. Al final del quinto mes, el feto mide alrededor de 20 cm.<\/p>\n\n\n\n<h4 class=\"wp-block-heading\">Mes 6: <\/h4>\n\n\n\n<p>El feto sigue creciendo y desarroll\u00e1ndose. Sus pulmones comienzan a producir surfactante, una sustancia necesaria para la respiraci\u00f3n fuera del \u00fatero. Al final del sexto mes, el feto mide alrededor de 30 cm.<\/p>\n\n\n\n<h4 class=\"wp-block-heading\">Mes 7: <\/h4>\n\n\n\n<p>El feto sigue creciendo y ganando peso. Sus sentidos se agudizan y comienza a responder a est\u00edmulos externos, como la luz y el sonido. Al final del s\u00e9ptimo mes, el feto mide alrededor de 40 cm.<\/p>\n\n\n\n<h4 class=\"wp-block-heading\">Mes 8: <\/h4>\n\n\n\n<p>El feto sigue creciendo y madurando. Sus \u00f3rganos y sistemas est\u00e1n casi completamente desarrollados y listos para funcionar fuera del \u00fatero. Al final del octavo mes, el feto mide alrededor de 50 cm.<\/p>\n\n\n\n<h4 class=\"wp-block-heading\">Mes 9: <\/h4>\n\n\n\n<p>El feto sigue creciendo y prepar\u00e1ndose para el nacimiento. En este mes, el beb\u00e9 puede nacer en cualquier momento. Al final del noveno mes, el feto ha alcanzado su tama\u00f1o y peso final, y est\u00e1 listo para nacer.<\/p>\n\n\n\n<figure class=\"wp-block-image aligncenter size-full\"><a href=\"https:\/\/www.galiciamaxica.eu\/mini\/wp-content\/uploads\/2023\/02\/embarazo-10.jpg\"><img loading=\"lazy\" decoding=\"async\" width=\"960\" height=\"640\" src=\"https:\/\/www.galiciamaxica.eu\/mini\/wp-content\/uploads\/2023\/02\/embarazo-10.jpg\" alt=\"\" class=\"wp-image-21157\" srcset=\"https:\/\/www.galiciamaxica.eu\/mini\/wp-content\/uploads\/2023\/02\/embarazo-10.jpg 960w, https:\/\/www.galiciamaxica.eu\/mini\/wp-content\/uploads\/2023\/02\/embarazo-10-300x200.jpg 300w, https:\/\/www.galiciamaxica.eu\/mini\/wp-content\/uploads\/2023\/02\/embarazo-10-768x512.jpg 768w\" sizes=\"(max-width: 960px) 100vw, 960px\" \/><\/a><\/figure>\n\n\n\n<p>Es importante tener en cuenta que cada embarazo es \u00fanico y puede haber variaciones en el desarrollo del feto de una mujer a otra. Adem\u00e1s, el proceso de embarazo puede ser diferente para cada mujer y puede haber complicaciones que requieran atenci\u00f3n m\u00e9dica especializada. Si tienes alguna pregunta o inquietud sobre tu propio embarazo, lo mejor es hablar con tu m\u00e9dico.<\/p>\n\n\n\n<figure class=\"wp-block-image aligncenter size-full\"><a href=\"https:\/\/www.galiciamaxica.eu\/mini\/wp-content\/uploads\/2023\/02\/embarazo-5.jpg\"><img loading=\"lazy\" decoding=\"async\" width=\"960\" height=\"439\" src=\"https:\/\/www.galiciamaxica.eu\/mini\/wp-content\/uploads\/2023\/02\/embarazo-5.jpg\" alt=\"\" class=\"wp-image-21152\" srcset=\"https:\/\/www.galiciamaxica.eu\/mini\/wp-content\/uploads\/2023\/02\/embarazo-5.jpg 960w, https:\/\/www.galiciamaxica.eu\/mini\/wp-content\/uploads\/2023\/02\/embarazo-5-300x137.jpg 300w, https:\/\/www.galiciamaxica.eu\/mini\/wp-content\/uploads\/2023\/02\/embarazo-5-768x351.jpg 768w\" sizes=\"(max-width: 960px) 100vw, 960px\" \/><\/a><\/figure>\n\n\n\n<h3 class=\"wp-block-heading\">Problemas durante el embarazo<\/h3>\n\n\n\n<p>Durante el embarazo, pueden surgir varios problemas de salud que pueden afectar a la madre y\/o al feto. Algunos de los problemas m\u00e1s comunes durante el embarazo incluyen:<\/p>\n\n\n\n<h4 class=\"wp-block-heading\">N\u00e1useas y v\u00f3mitos: <\/h4>\n\n\n\n<p>Son comunes en el primer trimestre, pero pueden persistir en algunos casos.<\/p>\n\n\n\n<h4 class=\"wp-block-heading\">Hipertensi\u00f3n arterial: <\/h4>\n\n\n\n<p>Si la presi\u00f3n arterial de la madre es alta, puede haber riesgo de preeclampsia, que puede ser peligrosa para la madre y el feto.<\/p>\n\n\n\n<h4 class=\"wp-block-heading\">Diabetes gestacional: <\/h4>\n\n\n\n<p>Es un tipo de diabetes que se desarrolla durante el embarazo. Si no se controla adecuadamente, puede aumentar el riesgo de complicaciones para el feto y la madre.<\/p>\n\n\n\n<h4 class=\"wp-block-heading\">Anemia: <\/h4>\n\n\n\n<p>Es una condici\u00f3n en la que los niveles de gl\u00f3bulos rojos en la sangre est\u00e1n bajos, lo que puede causar fatiga, debilidad y otros problemas.<\/p>\n\n\n\n<h4 class=\"wp-block-heading\">Infecciones: <\/h4>\n\n\n\n<p>Algunas infecciones, como la toxoplasmosis y la rub\u00e9ola, pueden ser peligrosas para el feto.<\/p>\n\n\n\n<h4 class=\"wp-block-heading\">Parto prematuro: <\/h4>\n\n\n\n<p>Si el parto ocurre antes de las 37 semanas de embarazo, el beb\u00e9 puede tener problemas de salud.<\/p>\n\n\n\n<h4 class=\"wp-block-heading\">Problemas con la placenta: <\/h4>\n\n\n\n<p>La placenta es esencial para el desarrollo fetal, y si no funciona adecuadamente, puede haber problemas para el feto.<\/p>\n\n\n\n<h4 class=\"wp-block-heading\">Malformaciones cong\u00e9nitas: <\/h4>\n\n\n\n<p>Algunos beb\u00e9s pueden nacer con malformaciones que pueden ser causadas por factores gen\u00e9ticos o ambientales.<\/p>\n\n\n\n<p>Es importante que las mujeres embarazadas reciban atenci\u00f3n m\u00e9dica regular y sigan las recomendaciones de su m\u00e9dico para minimizar el riesgo de problemas de salud durante el embarazo. Si tienes alguna preocupaci\u00f3n, es importante que hables con tu m\u00e9dico lo antes posible.<\/p>\n\n\n\n<figure class=\"wp-block-image aligncenter size-full\"><a href=\"https:\/\/www.galiciamaxica.eu\/mini\/wp-content\/uploads\/2023\/02\/embarazo-8.jpg\"><img loading=\"lazy\" decoding=\"async\" width=\"960\" height=\"639\" src=\"https:\/\/www.galiciamaxica.eu\/mini\/wp-content\/uploads\/2023\/02\/embarazo-8.jpg\" alt=\"\" class=\"wp-image-21155\" srcset=\"https:\/\/www.galiciamaxica.eu\/mini\/wp-content\/uploads\/2023\/02\/embarazo-8.jpg 960w, https:\/\/www.galiciamaxica.eu\/mini\/wp-content\/uploads\/2023\/02\/embarazo-8-300x200.jpg 300w, https:\/\/www.galiciamaxica.eu\/mini\/wp-content\/uploads\/2023\/02\/embarazo-8-768x511.jpg 768w\" sizes=\"(max-width: 960px) 100vw, 960px\" \/><\/a><\/figure>\n\n\n\n<h2 class=\"wp-block-heading\">Parto<\/h2>\n\n\n\n<h3 class=\"wp-block-heading\">\u00bfQu\u00e9 sucede durante el parto?&nbsp;<\/h3>\n\n\n\n<p>Ha llegado el gran momento, est\u00e1 a punto de empezar el parto. El parto es el proceso de dar a luz al beb\u00e9. El parto normalmente ocurre en tres etapas: dilataci\u00f3n, expulsi\u00f3n y alumbramiento. La duraci\u00f3n y el proceso del parto pueden variar de una mujer a otra.<\/p>\n\n\n\n<h4 class=\"wp-block-heading\">Las tres fases del parto son:<\/h4>\n\n\n\n<h5 class=\"wp-block-heading\">Fase de dilataci\u00f3n: <\/h5>\n\n\n\n<p>Es la primera fase del parto y puede durar varias horas en mujeres primerizas. Durante esta fase, el cuello uterino se dilata (se abre) para permitir que el beb\u00e9 pase a trav\u00e9s del canal de parto. La fase de dilataci\u00f3n se divide en tres etapas:<\/p>\n\n\n\n<h5 class=\"wp-block-heading\">Etapa temprana: <\/h5>\n\n\n\n<p>El cuello uterino se dilata de 0 a 4 cm. Durante esta etapa, las contracciones pueden ser irregulares y la mujer puede sentir dolor en la parte inferior del abdomen y la espalda.<\/p>\n\n\n\n<h5 class=\"wp-block-heading\">Etapa activa: <\/h5>\n\n\n\n<p>El cuello uterino se dilata de 4 a 10 cm. Durante esta etapa, las contracciones se vuelven m\u00e1s fuertes, regulares y cercanas, y el dolor aumenta. La mujer puede sentir la necesidad de empujar.<\/p>\n\n\n\n<h5 class=\"wp-block-heading\">Etapa de transici\u00f3n: <\/h5>\n\n\n\n<p>El cuello uterino se dilata de 8 a 10 cm. Durante esta etapa, las contracciones son muy fuertes y cercanas, y la mujer puede sentir n\u00e1useas, sudores fr\u00edos y temblores.<\/p>\n\n\n\n<h5 class=\"wp-block-heading\">Fase de expulsi\u00f3n: <\/h5>\n\n\n\n<p>En esta fase, el beb\u00e9 sale del canal de parto. La mujer puede sentir la necesidad de pujar y empujar mientras las contracciones ayudan a empujar al beb\u00e9 hacia afuera. Esta fase puede durar de unos pocos minutos a varias horas.<\/p>\n\n\n\n<h5 class=\"wp-block-heading\">Fase de alumbramiento:<\/h5>\n\n\n\n<p>Despu\u00e9s de que el beb\u00e9 nace, la placenta se separa de la pared uterina y se expulsa del cuerpo. Esta fase generalmente dura de 10 a 30 minutos.<\/p>\n\n\n\n<p>Es importante recordar que cada parto es diferente y que la duraci\u00f3n y el progreso de cada fase pueden variar. Si tienes preguntas o inquietudes sobre el parto, es importante hablar con tu m\u00e9dico o profesional de la salud.<\/p>\n\n\n\n<figure class=\"wp-block-image aligncenter size-full\"><a href=\"https:\/\/www.galiciamaxica.eu\/mini\/wp-content\/uploads\/2023\/02\/embarazo-13-1.jpg\"><img loading=\"lazy\" decoding=\"async\" width=\"960\" height=\"640\" src=\"https:\/\/www.galiciamaxica.eu\/mini\/wp-content\/uploads\/2023\/02\/embarazo-13-1.jpg\" alt=\"\" class=\"wp-image-21163\" srcset=\"https:\/\/www.galiciamaxica.eu\/mini\/wp-content\/uploads\/2023\/02\/embarazo-13-1.jpg 960w, https:\/\/www.galiciamaxica.eu\/mini\/wp-content\/uploads\/2023\/02\/embarazo-13-1-300x200.jpg 300w, https:\/\/www.galiciamaxica.eu\/mini\/wp-content\/uploads\/2023\/02\/embarazo-13-1-768x512.jpg 768w\" sizes=\"(max-width: 960px) 100vw, 960px\" \/><\/a><\/figure>\n\n\n\n<h3 class=\"wp-block-heading\">Qu\u00e9 sucede cuando nace el beb\u00e9<\/h3>\n\n\n\n<p>Cuando un beb\u00e9 nace, su cuerpo comienza a adaptarse a un ambiente completamente nuevo y diferente. <\/p>\n\n\n\n<h4 class=\"wp-block-heading\">Algunas cosas que suceden despu\u00e9s del nacimiento incluyen:<\/h4>\n\n\n\n<h5 class=\"wp-block-heading\">Respiraci\u00f3n: <\/h5>\n\n\n\n<p>El beb\u00e9 deja de recibir ox\u00edgeno a trav\u00e9s del cord\u00f3n umbilical y debe comenzar a respirar por s\u00ed mismo. La mayor\u00eda de los beb\u00e9s comienzan a respirar de manera natural poco despu\u00e9s del nacimiento, pero en algunos casos, pueden necesitar ayuda para comenzar a respirar.<\/p>\n\n\n\n<h5 class=\"wp-block-heading\">Llorar: <\/h5>\n\n\n\n<p>El beb\u00e9 puede llorar despu\u00e9s del nacimiento, lo que puede ayudar a limpiar las v\u00edas respiratorias y a preparar al beb\u00e9 para respirar.<\/p>\n\n\n\n<h5 class=\"wp-block-heading\">Temperatura: <\/h5>\n\n\n\n<p>El beb\u00e9 puede tener dificultades para mantener una temperatura corporal estable despu\u00e9s del nacimiento. Por lo tanto, es importante mantenerlo abrigado y c\u00f3modo para evitar la hipotermia.<\/p>\n\n\n\n<h5 class=\"wp-block-heading\">Alimentaci\u00f3n: <\/h5>\n\n\n\n<p>Despu\u00e9s del nacimiento, es importante que el beb\u00e9 reciba nutrici\u00f3n adecuada para ayudar a su crecimiento y desarrollo. La mayor\u00eda de los beb\u00e9s comienzan a alimentarse poco despu\u00e9s del nacimiento, pero en algunos casos pueden necesitar ser alimentados con f\u00f3rmula o a trav\u00e9s de un tubo de alimentaci\u00f3n.<\/p>\n\n\n\n<h5 class=\"wp-block-heading\">Examen f\u00edsico:<\/h5>\n\n\n\n<p> El m\u00e9dico o la partera realizar\u00e1n un examen f\u00edsico del beb\u00e9 para evaluar su salud y detectar cualquier problema que pueda necesitar atenci\u00f3n m\u00e9dica.<\/p>\n\n\n\n<figure class=\"wp-block-image aligncenter size-full\"><a href=\"https:\/\/www.galiciamaxica.eu\/mini\/wp-content\/uploads\/2023\/02\/embarazo-15-1.jpg\"><img loading=\"lazy\" decoding=\"async\" width=\"900\" height=\"720\" src=\"https:\/\/www.galiciamaxica.eu\/mini\/wp-content\/uploads\/2023\/02\/embarazo-15-1.jpg\" alt=\"\" class=\"wp-image-21164\" srcset=\"https:\/\/www.galiciamaxica.eu\/mini\/wp-content\/uploads\/2023\/02\/embarazo-15-1.jpg 900w, https:\/\/www.galiciamaxica.eu\/mini\/wp-content\/uploads\/2023\/02\/embarazo-15-1-300x240.jpg 300w, https:\/\/www.galiciamaxica.eu\/mini\/wp-content\/uploads\/2023\/02\/embarazo-15-1-768x614.jpg 768w\" sizes=\"(max-width: 900px) 100vw, 900px\" \/><\/a><\/figure>\n\n\n\n<h5 class=\"wp-block-heading\">V\u00ednculo con los padres: <\/h5>\n\n\n\n<p>Despu\u00e9s del nacimiento, los padres tienen la oportunidad de conocer a su beb\u00e9, abrazarlo y establecer un v\u00ednculo emocional.<\/p>\n\n\n\n<p>Cada beb\u00e9 es \u00fanico y su experiencia inmediatamente despu\u00e9s del nacimiento puede variar. Es importante que el beb\u00e9 reciba atenci\u00f3n m\u00e9dica adecuada y que los padres reciban la informaci\u00f3n y el apoyo necesarios para cuidar al reci\u00e9n nacido.<\/p>\n","protected":false},"excerpt":{"rendered":"<p>El embarazo es un momento emocionante y lleno de cambios para la mujer y su familia y amigos que viven el momento con gran expectaci\u00f3n e ilusi\u00f3n. A continuaci\u00f3n, Si est\u00e1s viviendo esta hermosa etapa te vendr\u00e1 genial esta entrada en la que te acerco la informaci\u00f3n general sobre todo lo que debes saber sobre [&hellip;]<\/p>\n","protected":false},"author":1,"featured_media":21147,"comment_status":"open","ping_status":"closed","sticky":false,"template":"","format":"standard","meta":{"_eb_attr":"","site-sidebar-layout":"default","site-content-layout":"","ast-site-content-layout":"","site-content-style":"default","site-sidebar-style":"default","ast-global-header-display":"","ast-banner-title-visibility":"","ast-main-header-display":"","ast-hfb-above-header-display":"","ast-hfb-below-header-display":"","ast-hfb-mobile-header-display":"","site-post-title":"","ast-breadcrumbs-content":"","ast-featured-img":"","footer-sml-layout":"","theme-transparent-header-meta":"","adv-header-id-meta":"","stick-header-meta":"","header-above-stick-meta":"","header-main-stick-meta":"","header-below-stick-meta":"","astra-migrate-meta-layouts":"default","ast-page-background-enabled":"default","ast-page-background-meta":{"desktop":{"background-color":"","background-image":"","background-repeat":"repeat","background-position":"center center","background-size":"auto","background-attachment":"scroll","background-type":"","background-media":"","overlay-type":"","overlay-color":"","overlay-opacity":"","overlay-gradient":""},"tablet":{"background-color":"","background-image":"","background-repeat":"repeat","background-position":"center center","background-size":"auto","background-attachment":"scroll","background-type":"","background-media":"","overlay-type":"","overlay-color":"","overlay-opacity":"","overlay-gradient":""},"mobile":{"background-color":"","background-image":"","background-repeat":"repeat","background-position":"center center","background-size":"auto","background-attachment":"scroll","background-type":"","background-media":"","overlay-type":"","overlay-color":"","overlay-opacity":"","overlay-gradient":""}},"ast-content-background-meta":{"desktop":{"background-color":"var(--ast-global-color-5)","background-image":"","background-repeat":"repeat","background-position":"center center","background-size":"auto","background-attachment":"scroll","background-type":"","background-media":"","overlay-type":"","overlay-color":"","overlay-opacity":"","overlay-gradient":""},"tablet":{"background-color":"var(--ast-global-color-5)","background-image":"","background-repeat":"repeat","background-position":"center center","background-size":"auto","background-attachment":"scroll","background-type":"","background-media":"","overlay-type":"","overlay-color":"","overlay-opacity":"","overlay-gradient":""},"mobile":{"background-color":"var(--ast-global-color-5)","background-image":"","background-repeat":"repeat","background-position":"center center","background-size":"auto","background-attachment":"scroll","background-type":"","background-media":"","overlay-type":"","overlay-color":"","overlay-opacity":"","overlay-gradient":""}},"footnotes":""},"categories":[768],"tags":[1334,1110,25,1333],"class_list":["post-21146","post","type-post","status-publish","format-standard","has-post-thumbnail","hentry","category-seseixa","tag-bebe-2","tag-embarazo","tag-galicia","tag-parto"],"yoast_head":"<!-- This site is optimized with the Yoast SEO plugin v24.9 - https:\/\/yoast.com\/wordpress\/plugins\/seo\/ -->\n<title>Preguntas y respuestas sobre embarazo, parto y cuidado del reci\u00e9n nacido. - Galicia con ni\u00f1os | GALICIA M\u00c1XICA<\/title>\n<meta name=\"description\" content=\"Preguntas y respuestas sobre embarazo, parto y cuidado del reci\u00e9n nacido. Estos son solo algunos de los aspectos b\u00e1sicos del embarazo.\" \/>\n<meta name=\"robots\" content=\"index, follow, max-snippet:-1, max-image-preview:large, max-video-preview:-1\" \/>\n<link rel=\"canonical\" href=\"https:\/\/www.galiciamaxica.eu\/mini\/preguntas-y-respuestas-sobre-embarazo-parto-y-cuidado-del-recien-nacido\/\" \/>\n<meta property=\"og:locale\" content=\"es_ES\" \/>\n<meta property=\"og:type\" content=\"article\" \/>\n<meta property=\"og:title\" content=\"Preguntas y respuestas sobre embarazo, parto y cuidado del reci\u00e9n nacido. - Galicia con ni\u00f1os | GALICIA M\u00c1XICA\" \/>\n<meta property=\"og:description\" content=\"Preguntas y respuestas sobre embarazo, parto y cuidado del reci\u00e9n nacido. Estos son solo algunos de los aspectos b\u00e1sicos del embarazo.\" \/>\n<meta property=\"og:url\" content=\"https:\/\/www.galiciamaxica.eu\/mini\/preguntas-y-respuestas-sobre-embarazo-parto-y-cuidado-del-recien-nacido\/\" \/>\n<meta property=\"og:site_name\" content=\"Galicia con ni\u00f1os | GALICIA M\u00c1XICA\" \/>\n<meta property=\"article:publisher\" content=\"https:\/\/www.facebook.com\/maria.rodriguezserantes\" \/>\n<meta property=\"article:author\" content=\"https:\/\/www.facebook.com\/maria.rodriguezserantes\" \/>\n<meta property=\"article:published_time\" content=\"2023-02-14T11:01:15+00:00\" \/>\n<meta property=\"article:modified_time\" content=\"2023-02-14T11:01:17+00:00\" \/>\n<meta property=\"og:image\" content=\"https:\/\/www.galiciamaxica.eu\/mini\/wp-content\/uploads\/2023\/02\/pregnancy-7214373_960_720.jpg\" \/>\n\t<meta property=\"og:image:width\" content=\"960\" \/>\n\t<meta property=\"og:image:height\" content=\"640\" \/>\n\t<meta property=\"og:image:type\" content=\"image\/jpeg\" \/>\n<meta name=\"author\" content=\"seseixa\" \/>\n<meta name=\"twitter:card\" content=\"summary_large_image\" \/>\n<meta name=\"twitter:creator\" content=\"@seseixa\" \/>\n<meta name=\"twitter:site\" content=\"@seseixa\" \/>\n<meta name=\"twitter:label1\" content=\"Escrito por\" \/>\n\t<meta name=\"twitter:data1\" content=\"seseixa\" \/>\n\t<meta name=\"twitter:label2\" content=\"Tiempo de lectura\" \/>\n\t<meta name=\"twitter:data2\" content=\"13 minutos\" \/>\n<script type=\"application\/ld+json\" class=\"yoast-schema-graph\">{\"@context\":\"https:\/\/schema.org\",\"@graph\":[{\"@type\":\"Article\",\"@id\":\"https:\/\/www.galiciamaxica.eu\/mini\/preguntas-y-respuestas-sobre-embarazo-parto-y-cuidado-del-recien-nacido\/#article\",\"isPartOf\":{\"@id\":\"https:\/\/www.galiciamaxica.eu\/mini\/preguntas-y-respuestas-sobre-embarazo-parto-y-cuidado-del-recien-nacido\/\"},\"author\":{\"name\":\"seseixa\",\"@id\":\"https:\/\/www.galiciamaxica.eu\/mini\/#\/schema\/person\/2b284fe2fd911000a48d2e8936300179\"},\"headline\":\"Preguntas y respuestas sobre embarazo, parto y cuidado del reci\u00e9n nacido.\",\"datePublished\":\"2023-02-14T11:01:15+00:00\",\"dateModified\":\"2023-02-14T11:01:17+00:00\",\"mainEntityOfPage\":{\"@id\":\"https:\/\/www.galiciamaxica.eu\/mini\/preguntas-y-respuestas-sobre-embarazo-parto-y-cuidado-del-recien-nacido\/\"},\"wordCount\":2232,\"commentCount\":0,\"publisher\":{\"@id\":\"https:\/\/www.galiciamaxica.eu\/mini\/#\/schema\/person\/2b284fe2fd911000a48d2e8936300179\"},\"image\":{\"@id\":\"https:\/\/www.galiciamaxica.eu\/mini\/preguntas-y-respuestas-sobre-embarazo-parto-y-cuidado-del-recien-nacido\/#primaryimage\"},\"thumbnailUrl\":\"https:\/\/www.galiciamaxica.eu\/mini\/wp-content\/uploads\/2023\/02\/pregnancy-7214373_960_720.jpg\",\"keywords\":[\"bebe\",\"embarazo\",\"Galicia\",\"parto\"],\"articleSection\":[\"SESEIXA\"],\"inLanguage\":\"es\",\"potentialAction\":[{\"@type\":\"CommentAction\",\"name\":\"Comment\",\"target\":[\"https:\/\/www.galiciamaxica.eu\/mini\/preguntas-y-respuestas-sobre-embarazo-parto-y-cuidado-del-recien-nacido\/#respond\"]}]},{\"@type\":\"WebPage\",\"@id\":\"https:\/\/www.galiciamaxica.eu\/mini\/preguntas-y-respuestas-sobre-embarazo-parto-y-cuidado-del-recien-nacido\/\",\"url\":\"https:\/\/www.galiciamaxica.eu\/mini\/preguntas-y-respuestas-sobre-embarazo-parto-y-cuidado-del-recien-nacido\/\",\"name\":\"Preguntas y respuestas sobre embarazo, parto y cuidado del reci\u00e9n nacido. - Galicia con ni\u00f1os | GALICIA M\u00c1XICA\",\"isPartOf\":{\"@id\":\"https:\/\/www.galiciamaxica.eu\/mini\/#website\"},\"primaryImageOfPage\":{\"@id\":\"https:\/\/www.galiciamaxica.eu\/mini\/preguntas-y-respuestas-sobre-embarazo-parto-y-cuidado-del-recien-nacido\/#primaryimage\"},\"image\":{\"@id\":\"https:\/\/www.galiciamaxica.eu\/mini\/preguntas-y-respuestas-sobre-embarazo-parto-y-cuidado-del-recien-nacido\/#primaryimage\"},\"thumbnailUrl\":\"https:\/\/www.galiciamaxica.eu\/mini\/wp-content\/uploads\/2023\/02\/pregnancy-7214373_960_720.jpg\",\"datePublished\":\"2023-02-14T11:01:15+00:00\",\"dateModified\":\"2023-02-14T11:01:17+00:00\",\"description\":\"Preguntas y respuestas sobre embarazo, parto y cuidado del reci\u00e9n nacido. Estos son solo algunos de los aspectos b\u00e1sicos del embarazo.\",\"breadcrumb\":{\"@id\":\"https:\/\/www.galiciamaxica.eu\/mini\/preguntas-y-respuestas-sobre-embarazo-parto-y-cuidado-del-recien-nacido\/#breadcrumb\"},\"inLanguage\":\"es\",\"potentialAction\":[{\"@type\":\"ReadAction\",\"target\":[\"https:\/\/www.galiciamaxica.eu\/mini\/preguntas-y-respuestas-sobre-embarazo-parto-y-cuidado-del-recien-nacido\/\"]}]},{\"@type\":\"ImageObject\",\"inLanguage\":\"es\",\"@id\":\"https:\/\/www.galiciamaxica.eu\/mini\/preguntas-y-respuestas-sobre-embarazo-parto-y-cuidado-del-recien-nacido\/#primaryimage\",\"url\":\"https:\/\/www.galiciamaxica.eu\/mini\/wp-content\/uploads\/2023\/02\/pregnancy-7214373_960_720.jpg\",\"contentUrl\":\"https:\/\/www.galiciamaxica.eu\/mini\/wp-content\/uploads\/2023\/02\/pregnancy-7214373_960_720.jpg\",\"width\":960,\"height\":640},{\"@type\":\"BreadcrumbList\",\"@id\":\"https:\/\/www.galiciamaxica.eu\/mini\/preguntas-y-respuestas-sobre-embarazo-parto-y-cuidado-del-recien-nacido\/#breadcrumb\",\"itemListElement\":[{\"@type\":\"ListItem\",\"position\":1,\"name\":\"Portada\",\"item\":\"https:\/\/www.galiciamaxica.eu\/mini\/\"},{\"@type\":\"ListItem\",\"position\":2,\"name\":\"Preguntas y respuestas sobre embarazo, parto y cuidado del reci\u00e9n nacido.\"}]},{\"@type\":\"WebSite\",\"@id\":\"https:\/\/www.galiciamaxica.eu\/mini\/#website\",\"url\":\"https:\/\/www.galiciamaxica.eu\/mini\/\",\"name\":\"Galicia con ni\u00f1os | GALICIA M\u00c1XICA\",\"description\":\"Qu\u00e9 hacer con ni\u00f1os en Galicia\",\"publisher\":{\"@id\":\"https:\/\/www.galiciamaxica.eu\/mini\/#\/schema\/person\/2b284fe2fd911000a48d2e8936300179\"},\"potentialAction\":[{\"@type\":\"SearchAction\",\"target\":{\"@type\":\"EntryPoint\",\"urlTemplate\":\"https:\/\/www.galiciamaxica.eu\/mini\/?s={search_term_string}\"},\"query-input\":{\"@type\":\"PropertyValueSpecification\",\"valueRequired\":true,\"valueName\":\"search_term_string\"}}],\"inLanguage\":\"es\"},{\"@type\":[\"Person\",\"Organization\"],\"@id\":\"https:\/\/www.galiciamaxica.eu\/mini\/#\/schema\/person\/2b284fe2fd911000a48d2e8936300179\",\"name\":\"seseixa\",\"image\":{\"@type\":\"ImageObject\",\"inLanguage\":\"es\",\"@id\":\"https:\/\/www.galiciamaxica.eu\/mini\/#\/schema\/person\/image\/\",\"url\":\"https:\/\/www.galiciamaxica.eu\/mini\/wp-content\/uploads\/2019\/02\/seseixa.png\",\"contentUrl\":\"https:\/\/www.galiciamaxica.eu\/mini\/wp-content\/uploads\/2019\/02\/seseixa.png\",\"width\":100,\"height\":100,\"caption\":\"seseixa\"},\"logo\":{\"@id\":\"https:\/\/www.galiciamaxica.eu\/mini\/#\/schema\/person\/image\/\"},\"description\":\"En la actualidad combinando dos proyectos que me apasionan, Galicia y los ni\u00f1os. Tengo mucho que aportar y otro tanto que aprender, as\u00ed como, el tiempo y el coraz\u00f3n, dividido en todo momento. Soy mam\u00e1, un titulo otorgado a tiempo completo, compa\u00f1era y amiga, a todas horas, familiar y cercana, siempre. De esp\u00edritu inquieto, soy una eterna ni\u00f1a que juega en el pa\u00eds de las maravillas. Una enamorada de mi tierra, por la que trabajo sin descanso. Creo en la infancia como motor que cambiar\u00e1 el mundo a mejor y busco en mi vida la felicidad como estado permanente porque s\u00f3lo se vive una vez.\",\"sameAs\":[\"http:\/\/mini.galiciamaxica.eu\/\",\"https:\/\/www.facebook.com\/maria.rodriguezserantes\",\"https:\/\/x.com\/seseixa\"],\"url\":\"https:\/\/www.galiciamaxica.eu\/mini\/author\/seseixa\/\"}]}<\/script>\n<!-- \/ Yoast SEO plugin. -->","yoast_head_json":{"title":"Preguntas y respuestas sobre embarazo, parto y cuidado del reci\u00e9n nacido. - Galicia con ni\u00f1os | GALICIA M\u00c1XICA","description":"Preguntas y respuestas sobre embarazo, parto y cuidado del reci\u00e9n nacido. Estos son solo algunos de los aspectos b\u00e1sicos del embarazo.","robots":{"index":"index","follow":"follow","max-snippet":"max-snippet:-1","max-image-preview":"max-image-preview:large","max-video-preview":"max-video-preview:-1"},"canonical":"https:\/\/www.galiciamaxica.eu\/mini\/preguntas-y-respuestas-sobre-embarazo-parto-y-cuidado-del-recien-nacido\/","og_locale":"es_ES","og_type":"article","og_title":"Preguntas y respuestas sobre embarazo, parto y cuidado del reci\u00e9n nacido. - Galicia con ni\u00f1os | GALICIA M\u00c1XICA","og_description":"Preguntas y respuestas sobre embarazo, parto y cuidado del reci\u00e9n nacido. Estos son solo algunos de los aspectos b\u00e1sicos del embarazo.","og_url":"https:\/\/www.galiciamaxica.eu\/mini\/preguntas-y-respuestas-sobre-embarazo-parto-y-cuidado-del-recien-nacido\/","og_site_name":"Galicia con ni\u00f1os | GALICIA M\u00c1XICA","article_publisher":"https:\/\/www.facebook.com\/maria.rodriguezserantes","article_author":"https:\/\/www.facebook.com\/maria.rodriguezserantes","article_published_time":"2023-02-14T11:01:15+00:00","article_modified_time":"2023-02-14T11:01:17+00:00","og_image":[{"width":960,"height":640,"url":"https:\/\/www.galiciamaxica.eu\/mini\/wp-content\/uploads\/2023\/02\/pregnancy-7214373_960_720.jpg","type":"image\/jpeg"}],"author":"seseixa","twitter_card":"summary_large_image","twitter_creator":"@seseixa","twitter_site":"@seseixa","twitter_misc":{"Escrito por":"seseixa","Tiempo de lectura":"13 minutos"},"schema":{"@context":"https:\/\/schema.org","@graph":[{"@type":"Article","@id":"https:\/\/www.galiciamaxica.eu\/mini\/preguntas-y-respuestas-sobre-embarazo-parto-y-cuidado-del-recien-nacido\/#article","isPartOf":{"@id":"https:\/\/www.galiciamaxica.eu\/mini\/preguntas-y-respuestas-sobre-embarazo-parto-y-cuidado-del-recien-nacido\/"},"author":{"name":"seseixa","@id":"https:\/\/www.galiciamaxica.eu\/mini\/#\/schema\/person\/2b284fe2fd911000a48d2e8936300179"},"headline":"Preguntas y respuestas sobre embarazo, parto y cuidado del reci\u00e9n nacido.","datePublished":"2023-02-14T11:01:15+00:00","dateModified":"2023-02-14T11:01:17+00:00","mainEntityOfPage":{"@id":"https:\/\/www.galiciamaxica.eu\/mini\/preguntas-y-respuestas-sobre-embarazo-parto-y-cuidado-del-recien-nacido\/"},"wordCount":2232,"commentCount":0,"publisher":{"@id":"https:\/\/www.galiciamaxica.eu\/mini\/#\/schema\/person\/2b284fe2fd911000a48d2e8936300179"},"image":{"@id":"https:\/\/www.galiciamaxica.eu\/mini\/preguntas-y-respuestas-sobre-embarazo-parto-y-cuidado-del-recien-nacido\/#primaryimage"},"thumbnailUrl":"https:\/\/www.galiciamaxica.eu\/mini\/wp-content\/uploads\/2023\/02\/pregnancy-7214373_960_720.jpg","keywords":["bebe","embarazo","Galicia","parto"],"articleSection":["SESEIXA"],"inLanguage":"es","potentialAction":[{"@type":"CommentAction","name":"Comment","target":["https:\/\/www.galiciamaxica.eu\/mini\/preguntas-y-respuestas-sobre-embarazo-parto-y-cuidado-del-recien-nacido\/#respond"]}]},{"@type":"WebPage","@id":"https:\/\/www.galiciamaxica.eu\/mini\/preguntas-y-respuestas-sobre-embarazo-parto-y-cuidado-del-recien-nacido\/","url":"https:\/\/www.galiciamaxica.eu\/mini\/preguntas-y-respuestas-sobre-embarazo-parto-y-cuidado-del-recien-nacido\/","name":"Preguntas y respuestas sobre embarazo, parto y cuidado del reci\u00e9n nacido. - Galicia con ni\u00f1os | GALICIA M\u00c1XICA","isPartOf":{"@id":"https:\/\/www.galiciamaxica.eu\/mini\/#website"},"primaryImageOfPage":{"@id":"https:\/\/www.galiciamaxica.eu\/mini\/preguntas-y-respuestas-sobre-embarazo-parto-y-cuidado-del-recien-nacido\/#primaryimage"},"image":{"@id":"https:\/\/www.galiciamaxica.eu\/mini\/preguntas-y-respuestas-sobre-embarazo-parto-y-cuidado-del-recien-nacido\/#primaryimage"},"thumbnailUrl":"https:\/\/www.galiciamaxica.eu\/mini\/wp-content\/uploads\/2023\/02\/pregnancy-7214373_960_720.jpg","datePublished":"2023-02-14T11:01:15+00:00","dateModified":"2023-02-14T11:01:17+00:00","description":"Preguntas y respuestas sobre embarazo, parto y cuidado del reci\u00e9n nacido. Estos son solo algunos de los aspectos b\u00e1sicos del embarazo.","breadcrumb":{"@id":"https:\/\/www.galiciamaxica.eu\/mini\/preguntas-y-respuestas-sobre-embarazo-parto-y-cuidado-del-recien-nacido\/#breadcrumb"},"inLanguage":"es","potentialAction":[{"@type":"ReadAction","target":["https:\/\/www.galiciamaxica.eu\/mini\/preguntas-y-respuestas-sobre-embarazo-parto-y-cuidado-del-recien-nacido\/"]}]},{"@type":"ImageObject","inLanguage":"es","@id":"https:\/\/www.galiciamaxica.eu\/mini\/preguntas-y-respuestas-sobre-embarazo-parto-y-cuidado-del-recien-nacido\/#primaryimage","url":"https:\/\/www.galiciamaxica.eu\/mini\/wp-content\/uploads\/2023\/02\/pregnancy-7214373_960_720.jpg","contentUrl":"https:\/\/www.galiciamaxica.eu\/mini\/wp-content\/uploads\/2023\/02\/pregnancy-7214373_960_720.jpg","width":960,"height":640},{"@type":"BreadcrumbList","@id":"https:\/\/www.galiciamaxica.eu\/mini\/preguntas-y-respuestas-sobre-embarazo-parto-y-cuidado-del-recien-nacido\/#breadcrumb","itemListElement":[{"@type":"ListItem","position":1,"name":"Portada","item":"https:\/\/www.galiciamaxica.eu\/mini\/"},{"@type":"ListItem","position":2,"name":"Preguntas y respuestas sobre embarazo, parto y cuidado del reci\u00e9n nacido."}]},{"@type":"WebSite","@id":"https:\/\/www.galiciamaxica.eu\/mini\/#website","url":"https:\/\/www.galiciamaxica.eu\/mini\/","name":"Galicia con ni\u00f1os | GALICIA M\u00c1XICA","description":"Qu\u00e9 hacer con ni\u00f1os en Galicia","publisher":{"@id":"https:\/\/www.galiciamaxica.eu\/mini\/#\/schema\/person\/2b284fe2fd911000a48d2e8936300179"},"potentialAction":[{"@type":"SearchAction","target":{"@type":"EntryPoint","urlTemplate":"https:\/\/www.galiciamaxica.eu\/mini\/?s={search_term_string}"},"query-input":{"@type":"PropertyValueSpecification","valueRequired":true,"valueName":"search_term_string"}}],"inLanguage":"es"},{"@type":["Person","Organization"],"@id":"https:\/\/www.galiciamaxica.eu\/mini\/#\/schema\/person\/2b284fe2fd911000a48d2e8936300179","name":"seseixa","image":{"@type":"ImageObject","inLanguage":"es","@id":"https:\/\/www.galiciamaxica.eu\/mini\/#\/schema\/person\/image\/","url":"https:\/\/www.galiciamaxica.eu\/mini\/wp-content\/uploads\/2019\/02\/seseixa.png","contentUrl":"https:\/\/www.galiciamaxica.eu\/mini\/wp-content\/uploads\/2019\/02\/seseixa.png","width":100,"height":100,"caption":"seseixa"},"logo":{"@id":"https:\/\/www.galiciamaxica.eu\/mini\/#\/schema\/person\/image\/"},"description":"En la actualidad combinando dos proyectos que me apasionan, Galicia y los ni\u00f1os. Tengo mucho que aportar y otro tanto que aprender, as\u00ed como, el tiempo y el coraz\u00f3n, dividido en todo momento. Soy mam\u00e1, un titulo otorgado a tiempo completo, compa\u00f1era y amiga, a todas horas, familiar y cercana, siempre. De esp\u00edritu inquieto, soy una eterna ni\u00f1a que juega en el pa\u00eds de las maravillas. Una enamorada de mi tierra, por la que trabajo sin descanso. Creo en la infancia como motor que cambiar\u00e1 el mundo a mejor y busco en mi vida la felicidad como estado permanente porque s\u00f3lo se vive una vez.","sameAs":["http:\/\/mini.galiciamaxica.eu\/","https:\/\/www.facebook.com\/maria.rodriguezserantes","https:\/\/x.com\/seseixa"],"url":"https:\/\/www.galiciamaxica.eu\/mini\/author\/seseixa\/"}]}},"amp_enabled":true,"post_mailing_queue_ids":[],"_links":{"self":[{"href":"https:\/\/www.galiciamaxica.eu\/mini\/wp-json\/wp\/v2\/posts\/21146"}],"collection":[{"href":"https:\/\/www.galiciamaxica.eu\/mini\/wp-json\/wp\/v2\/posts"}],"about":[{"href":"https:\/\/www.galiciamaxica.eu\/mini\/wp-json\/wp\/v2\/types\/post"}],"author":[{"embeddable":true,"href":"https:\/\/www.galiciamaxica.eu\/mini\/wp-json\/wp\/v2\/users\/1"}],"replies":[{"embeddable":true,"href":"https:\/\/www.galiciamaxica.eu\/mini\/wp-json\/wp\/v2\/comments?post=21146"}],"version-history":[{"count":1,"href":"https:\/\/www.galiciamaxica.eu\/mini\/wp-json\/wp\/v2\/posts\/21146\/revisions"}],"predecessor-version":[{"id":21166,"href":"https:\/\/www.galiciamaxica.eu\/mini\/wp-json\/wp\/v2\/posts\/21146\/revisions\/21166"}],"wp:featuredmedia":[{"embeddable":true,"href":"https:\/\/www.galiciamaxica.eu\/mini\/wp-json\/wp\/v2\/media\/21147"}],"wp:attachment":[{"href":"https:\/\/www.galiciamaxica.eu\/mini\/wp-json\/wp\/v2\/media?parent=21146"}],"wp:term":[{"taxonomy":"category","embeddable":true,"href":"https:\/\/www.galiciamaxica.eu\/mini\/wp-json\/wp\/v2\/categories?post=21146"},{"taxonomy":"post_tag","embeddable":true,"href":"https:\/\/www.galiciamaxica.eu\/mini\/wp-json\/wp\/v2\/tags?post=21146"}],"curies":[{"name":"wp","href":"https:\/\/api.w.org\/{rel}","templated":true}]}}