{"id":21064,"date":"2023-02-13T13:08:29","date_gmt":"2023-02-13T12:08:29","guid":{"rendered":"https:\/\/www.galiciamaxica.eu\/mini\/?p=21064"},"modified":"2023-02-13T18:04:13","modified_gmt":"2023-02-13T17:04:13","slug":"carballolandia-el-primer-parque-tematico-del-mundo-dedicado-al-carballo","status":"publish","type":"post","link":"https:\/\/www.galiciamaxica.eu\/mini\/carballolandia-el-primer-parque-tematico-del-mundo-dedicado-al-carballo\/","title":{"rendered":"Carballolandia, el primer parque tem\u00e1tico del mundo dedicado al carballo\u00a0"},"content":{"rendered":"\n<p>Hoy os acerco al primer parque tem\u00e1tico del mundo dedicado al carballo y est\u00e1 en Galicia. <\/p>\n\n\n\n<h2 class=\"wp-block-heading\">Carballolandia<\/h2>\n\n\n\n<p>Carballolandia nace de la idea de crear un entorno en el que rendir el homenaje a nuestro m\u00e1s querido \u00e1rbol aut\u00f3ctono, el carballo.<\/p>\n\n\n\n<figure class=\"wp-block-image size-large\"><a href=\"https:\/\/www.galiciamaxica.eu\/mini\/wp-content\/uploads\/2023\/02\/carballolandia-3.jpg\"><img fetchpriority=\"high\" decoding=\"async\" width=\"768\" height=\"1024\" src=\"https:\/\/www.galiciamaxica.eu\/mini\/wp-content\/uploads\/2023\/02\/carballolandia-3-768x1024.jpg\" alt=\"Carballolandia\" class=\"wp-image-21068\" srcset=\"https:\/\/www.galiciamaxica.eu\/mini\/wp-content\/uploads\/2023\/02\/carballolandia-3-768x1024.jpg 768w, https:\/\/www.galiciamaxica.eu\/mini\/wp-content\/uploads\/2023\/02\/carballolandia-3-225x300.jpg 225w, https:\/\/www.galiciamaxica.eu\/mini\/wp-content\/uploads\/2023\/02\/carballolandia-3.jpg 900w\" sizes=\"(max-width: 768px) 100vw, 768px\" \/><\/a><\/figure>\n\n\n\n<p>El roble, carballo en gallego es un \u00e1rbol emblem\u00e1tico y es ampliamente conocido por su belleza y durabilidad.<\/p>\n\n\n\n<figure class=\"wp-block-image aligncenter size-large\"><a href=\"https:\/\/www.galiciamaxica.eu\/mini\/wp-content\/uploads\/2023\/02\/carballolandia-28-1.jpg\"><img decoding=\"async\" width=\"768\" height=\"1024\" src=\"https:\/\/www.galiciamaxica.eu\/mini\/wp-content\/uploads\/2023\/02\/carballolandia-28-1-768x1024.jpg\" alt=\"\" class=\"wp-image-21102\" srcset=\"https:\/\/www.galiciamaxica.eu\/mini\/wp-content\/uploads\/2023\/02\/carballolandia-28-1-768x1024.jpg 768w, https:\/\/www.galiciamaxica.eu\/mini\/wp-content\/uploads\/2023\/02\/carballolandia-28-1-225x300.jpg 225w, https:\/\/www.galiciamaxica.eu\/mini\/wp-content\/uploads\/2023\/02\/carballolandia-28-1.jpg 900w\" sizes=\"(max-width: 768px) 100vw, 768px\" \/><\/a><\/figure>\n\n\n\n<h2 class=\"wp-block-heading\">A Chousa<\/h2>\n\n\n\n<p>Nace de un infortunio, y es que en A Chousa es justo donde se ubica este  proyecto, se muri\u00f3 un carballo centenario derribado por el fuerte viento. <\/p>\n\n\n\n<figure class=\"wp-block-image aligncenter size-large\"><a href=\"https:\/\/www.galiciamaxica.eu\/mini\/wp-content\/uploads\/2023\/02\/carballolandia-25.jpg\"><img decoding=\"async\" width=\"768\" height=\"1024\" src=\"https:\/\/www.galiciamaxica.eu\/mini\/wp-content\/uploads\/2023\/02\/carballolandia-25-768x1024.jpg\" alt=\"carballolandia\" class=\"wp-image-21090\" srcset=\"https:\/\/www.galiciamaxica.eu\/mini\/wp-content\/uploads\/2023\/02\/carballolandia-25-768x1024.jpg 768w, https:\/\/www.galiciamaxica.eu\/mini\/wp-content\/uploads\/2023\/02\/carballolandia-25-225x300.jpg 225w, https:\/\/www.galiciamaxica.eu\/mini\/wp-content\/uploads\/2023\/02\/carballolandia-25.jpg 900w\" sizes=\"(max-width: 768px) 100vw, 768px\" \/><\/a><\/figure>\n\n\n\n<p>A la tristeza nace un dar nueva vida a este carballo justo donde el bosque juega con el serpenteante r\u00edo.<\/p>\n\n\n\n<figure class=\"wp-block-image aligncenter size-large\"><a href=\"https:\/\/www.galiciamaxica.eu\/mini\/wp-content\/uploads\/2023\/02\/carballolandia-18.jpg\"><img loading=\"lazy\" decoding=\"async\" width=\"768\" height=\"1024\" src=\"https:\/\/www.galiciamaxica.eu\/mini\/wp-content\/uploads\/2023\/02\/carballolandia-18-768x1024.jpg\" alt=\"carballolandia\" class=\"wp-image-21083\" srcset=\"https:\/\/www.galiciamaxica.eu\/mini\/wp-content\/uploads\/2023\/02\/carballolandia-18-768x1024.jpg 768w, https:\/\/www.galiciamaxica.eu\/mini\/wp-content\/uploads\/2023\/02\/carballolandia-18-225x300.jpg 225w, https:\/\/www.galiciamaxica.eu\/mini\/wp-content\/uploads\/2023\/02\/carballolandia-18.jpg 900w\" sizes=\"(max-width: 768px) 100vw, 768px\" \/><\/a><\/figure>\n\n\n\n<p>Rodeado de robles y casta\u00f1os, Carballolandia te invita al divertimento familiar, en fin al de los ni\u00f1os especialmente porque para ellos est\u00e1 dedicado este Parque.<\/p>\n\n\n\n<figure class=\"wp-block-image aligncenter size-large\"><a href=\"https:\/\/www.galiciamaxica.eu\/mini\/wp-content\/uploads\/2023\/02\/carballolandia-10-1.jpg\"><img loading=\"lazy\" decoding=\"async\" width=\"768\" height=\"1024\" src=\"https:\/\/www.galiciamaxica.eu\/mini\/wp-content\/uploads\/2023\/02\/carballolandia-10-1-768x1024.jpg\" alt=\"carballolandia\" class=\"wp-image-21099\" srcset=\"https:\/\/www.galiciamaxica.eu\/mini\/wp-content\/uploads\/2023\/02\/carballolandia-10-1-768x1024.jpg 768w, https:\/\/www.galiciamaxica.eu\/mini\/wp-content\/uploads\/2023\/02\/carballolandia-10-1-225x300.jpg 225w, https:\/\/www.galiciamaxica.eu\/mini\/wp-content\/uploads\/2023\/02\/carballolandia-10-1.jpg 900w\" sizes=\"(max-width: 768px) 100vw, 768px\" \/><\/a><\/figure>\n\n\n\n<p>A partir de la madera de este viejo \u00e1rbol, el propietario de Chousa, Anxo Moure, crea <strong>Carballolandia <\/strong>en un bosque cerrado de tres hect\u00e1reas.<\/p>\n\n\n\n<h3 class=\"wp-block-heading\">Anxo Moure<\/h3>\n\n\n\n<blockquote class=\"instagram-media\" data-instgrm-captioned=\"\" data-instgrm-permalink=\"https:\/\/www.instagram.com\/p\/CPSiatUhyZG\/?utm_source=ig_embed&amp;utm_campaign=loading\" data-instgrm-version=\"14\" style=\" background:#FFF; border:0; border-radius:3px; box-shadow:0 0 1px 0 rgba(0,0,0,0.5),0 1px 10px 0 rgba(0,0,0,0.15); margin: 1px; max-width:540px; min-width:326px; padding:0; width:99.375%; width:-webkit-calc(100% - 2px); width:calc(100% - 2px);\"><div style=\"padding:16px;\"> <a href=\"https:\/\/www.instagram.com\/p\/CPSiatUhyZG\/?utm_source=ig_embed&amp;utm_campaign=loading\" style=\" background:#FFFFFF; line-height:0; padding:0 0; text-align:center; text-decoration:none; width:100%;\" target=\"_blank\" rel=\"noopener\"> <div style=\" display: flex; flex-direction: row; align-items: center;\"> <div style=\"background-color: #F4F4F4; border-radius: 50%; flex-grow: 0; height: 40px; margin-right: 14px; width: 40px;\"><\/div> <div style=\"display: flex; flex-direction: column; flex-grow: 1; justify-content: center;\"> <div style=\" background-color: #F4F4F4; border-radius: 4px; flex-grow: 0; height: 14px; margin-bottom: 6px; width: 100px;\"><\/div> <div style=\" background-color: #F4F4F4; border-radius: 4px; flex-grow: 0; height: 14px; width: 60px;\"><\/div><\/div><\/div><div style=\"padding: 19% 0;\"><\/div> <div style=\"display:block; height:50px; margin:0 auto 12px; width:50px;\"><svg width=\"50px\" height=\"50px\" viewBox=\"0 0 60 60\" version=\"1.1\" xmlns=\"https:\/\/www.w3.org\/2000\/svg\" xmlns:xlink=\"https:\/\/www.w3.org\/1999\/xlink\"><g stroke=\"none\" stroke-width=\"1\" fill=\"none\" fill-rule=\"evenodd\"><g transform=\"translate(-511.000000, -20.000000)\" fill=\"#000000\"><g><path d=\"M556.869,30.41 C554.814,30.41 553.148,32.076 553.148,34.131 C553.148,36.186 554.814,37.852 556.869,37.852 C558.924,37.852 560.59,36.186 560.59,34.131 C560.59,32.076 558.924,30.41 556.869,30.41 M541,60.657 C535.114,60.657 530.342,55.887 530.342,50 C530.342,44.114 535.114,39.342 541,39.342 C546.887,39.342 551.658,44.114 551.658,50 C551.658,55.887 546.887,60.657 541,60.657 M541,33.886 C532.1,33.886 524.886,41.1 524.886,50 C524.886,58.899 532.1,66.113 541,66.113 C549.9,66.113 557.115,58.899 557.115,50 C557.115,41.1 549.9,33.886 541,33.886 M565.378,62.101 C565.244,65.022 564.756,66.606 564.346,67.663 C563.803,69.06 563.154,70.057 562.106,71.106 C561.058,72.155 560.06,72.803 558.662,73.347 C557.607,73.757 556.021,74.244 553.102,74.378 C549.944,74.521 548.997,74.552 541,74.552 C533.003,74.552 532.056,74.521 528.898,74.378 C525.979,74.244 524.393,73.757 523.338,73.347 C521.94,72.803 520.942,72.155 519.894,71.106 C518.846,70.057 518.197,69.06 517.654,67.663 C517.244,66.606 516.755,65.022 516.623,62.101 C516.479,58.943 516.448,57.996 516.448,50 C516.448,42.003 516.479,41.056 516.623,37.899 C516.755,34.978 517.244,33.391 517.654,32.338 C518.197,30.938 518.846,29.942 519.894,28.894 C520.942,27.846 521.94,27.196 523.338,26.654 C524.393,26.244 525.979,25.756 528.898,25.623 C532.057,25.479 533.004,25.448 541,25.448 C548.997,25.448 549.943,25.479 553.102,25.623 C556.021,25.756 557.607,26.244 558.662,26.654 C560.06,27.196 561.058,27.846 562.106,28.894 C563.154,29.942 563.803,30.938 564.346,32.338 C564.756,33.391 565.244,34.978 565.378,37.899 C565.522,41.056 565.552,42.003 565.552,50 C565.552,57.996 565.522,58.943 565.378,62.101 M570.82,37.631 C570.674,34.438 570.167,32.258 569.425,30.349 C568.659,28.377 567.633,26.702 565.965,25.035 C564.297,23.368 562.623,22.342 560.652,21.575 C558.743,20.834 556.562,20.326 553.369,20.18 C550.169,20.033 549.148,20 541,20 C532.853,20 531.831,20.033 528.631,20.18 C525.438,20.326 523.257,20.834 521.349,21.575 C519.376,22.342 517.703,23.368 516.035,25.035 C514.368,26.702 513.342,28.377 512.574,30.349 C511.834,32.258 511.326,34.438 511.181,37.631 C511.035,40.831 511,41.851 511,50 C511,58.147 511.035,59.17 511.181,62.369 C511.326,65.562 511.834,67.743 512.574,69.651 C513.342,71.625 514.368,73.296 516.035,74.965 C517.703,76.634 519.376,77.658 521.349,78.425 C523.257,79.167 525.438,79.673 528.631,79.82 C531.831,79.965 532.853,80.001 541,80.001 C549.148,80.001 550.169,79.965 553.369,79.82 C556.562,79.673 558.743,79.167 560.652,78.425 C562.623,77.658 564.297,76.634 565.965,74.965 C567.633,73.296 568.659,71.625 569.425,69.651 C570.167,67.743 570.674,65.562 570.82,62.369 C570.966,59.17 571,58.147 571,50 C571,41.851 570.966,40.831 570.82,37.631\"><\/path><\/g><\/g><\/g><\/svg><\/div><div style=\"padding-top: 8px;\"> <div style=\" color:#3897f0; font-family:Arial,sans-serif; font-size:14px; font-style:normal; font-weight:550; line-height:18px;\">Ver esta publicaci\u00f3n en Instagram<\/div><\/div><div style=\"padding: 12.5% 0;\"><\/div> <div style=\"display: flex; flex-direction: row; margin-bottom: 14px; align-items: center;\"><div> <div style=\"background-color: #F4F4F4; border-radius: 50%; height: 12.5px; width: 12.5px; transform: translateX(0px) translateY(7px);\"><\/div> <div style=\"background-color: #F4F4F4; height: 12.5px; transform: rotate(-45deg) translateX(3px) translateY(1px); width: 12.5px; flex-grow: 0; margin-right: 14px; margin-left: 2px;\"><\/div> <div style=\"background-color: #F4F4F4; border-radius: 50%; height: 12.5px; width: 12.5px; transform: translateX(9px) translateY(-18px);\"><\/div><\/div><div style=\"margin-left: 8px;\"> <div style=\" background-color: #F4F4F4; border-radius: 50%; flex-grow: 0; height: 20px; width: 20px;\"><\/div> <div style=\" width: 0; height: 0; border-top: 2px solid transparent; border-left: 6px solid #f4f4f4; border-bottom: 2px solid transparent; transform: translateX(16px) translateY(-4px) rotate(30deg)\"><\/div><\/div><div style=\"margin-left: auto;\"> <div style=\" width: 0px; border-top: 8px solid #F4F4F4; border-right: 8px solid transparent; transform: translateY(16px);\"><\/div> <div style=\" background-color: #F4F4F4; flex-grow: 0; height: 12px; width: 16px; transform: translateY(-4px);\"><\/div> <div style=\" width: 0; height: 0; border-top: 8px solid #F4F4F4; border-left: 8px solid transparent; transform: translateY(-4px) translateX(8px);\"><\/div><\/div><\/div> <div style=\"display: flex; flex-direction: column; flex-grow: 1; justify-content: center; margin-bottom: 24px;\"> <div style=\" background-color: #F4F4F4; border-radius: 4px; flex-grow: 0; height: 14px; margin-bottom: 6px; width: 224px;\"><\/div> <div style=\" background-color: #F4F4F4; border-radius: 4px; flex-grow: 0; height: 14px; width: 144px;\"><\/div><\/div><\/a><p style=\" color:#c9c8cd; font-family:Arial,sans-serif; font-size:14px; line-height:17px; margin-bottom:0; margin-top:8px; overflow:hidden; padding:8px 0 7px; text-align:center; text-overflow:ellipsis; white-space:nowrap;\"><a href=\"https:\/\/www.instagram.com\/p\/CPSiatUhyZG\/?utm_source=ig_embed&amp;utm_campaign=loading\" style=\" color:#c9c8cd; font-family:Arial,sans-serif; font-size:14px; font-style:normal; font-weight:normal; line-height:17px; text-decoration:none;\" target=\"_blank\" rel=\"noopener\">Una publicaci\u00f3n compartida de carballolandia (@anxo_moure)<\/a><\/p><\/div><\/blockquote> <script async=\"\" src=\"\/\/www.instagram.com\/embed.js\"><\/script>\n\n\n\n<p><a href=\"https:\/\/es.wikipedia.org\/wiki\/Anxo_Moure\" rel=\"sponsored nofollow\">Anxo Moure<\/a> famoso cuentacuentos, educador para la paz, y defensor de la naturaleza recibe para el proyecto la colaboraci\u00f3n del artista <a href=\"https:\/\/www.facebook.com\/ce.orquestrapantasma\/\" rel=\"nofollow\">C\u00e9sar Freir\u00eda<\/a>.<\/p>\n\n\n\n<figure class=\"wp-block-image aligncenter size-large\"><a href=\"https:\/\/www.galiciamaxica.eu\/mini\/wp-content\/uploads\/2023\/02\/carballolandia-13.jpg\"><img loading=\"lazy\" decoding=\"async\" width=\"768\" height=\"1024\" src=\"https:\/\/www.galiciamaxica.eu\/mini\/wp-content\/uploads\/2023\/02\/carballolandia-13-768x1024.jpg\" alt=\"carballolandia\" class=\"wp-image-21078\" srcset=\"https:\/\/www.galiciamaxica.eu\/mini\/wp-content\/uploads\/2023\/02\/carballolandia-13-768x1024.jpg 768w, https:\/\/www.galiciamaxica.eu\/mini\/wp-content\/uploads\/2023\/02\/carballolandia-13-225x300.jpg 225w, https:\/\/www.galiciamaxica.eu\/mini\/wp-content\/uploads\/2023\/02\/carballolandia-13.jpg 900w\" sizes=\"(max-width: 768px) 100vw, 768px\" \/><\/a><\/figure>\n\n\n\n<p>Este parque tem\u00e1tico Carballolandia, Oakland o Roboirus Park como muchos de fuera han decidido bautizarlo, nos ofrece <strong>m\u00e1s de 12 actividades<\/strong>.<\/p>\n\n\n\n<figure class=\"wp-block-image aligncenter size-large\"><a href=\"https:\/\/www.galiciamaxica.eu\/mini\/wp-content\/uploads\/2023\/02\/carballolandia-29.jpg\"><img loading=\"lazy\" decoding=\"async\" width=\"768\" height=\"1024\" src=\"https:\/\/www.galiciamaxica.eu\/mini\/wp-content\/uploads\/2023\/02\/carballolandia-29-768x1024.jpg\" alt=\"\" class=\"wp-image-21094\" srcset=\"https:\/\/www.galiciamaxica.eu\/mini\/wp-content\/uploads\/2023\/02\/carballolandia-29-768x1024.jpg 768w, https:\/\/www.galiciamaxica.eu\/mini\/wp-content\/uploads\/2023\/02\/carballolandia-29-225x300.jpg 225w, https:\/\/www.galiciamaxica.eu\/mini\/wp-content\/uploads\/2023\/02\/carballolandia-29.jpg 900w\" sizes=\"(max-width: 768px) 100vw, 768px\" \/><\/a><\/figure>\n\n\n\n<p>El entorno es id\u00edlico, en \u00e9l  vive el  carballo grande de Pousada que tiene m\u00e1s de 400 a\u00f1os, uno de los m\u00e1s antiguos de Galicia.<\/p>\n\n\n\n<figure class=\"wp-block-image size-large\"><a href=\"https:\/\/www.galiciamaxica.eu\/mini\/wp-content\/uploads\/2023\/02\/carballolandia-14.jpg\"><img loading=\"lazy\" decoding=\"async\" width=\"768\" height=\"1024\" src=\"https:\/\/www.galiciamaxica.eu\/mini\/wp-content\/uploads\/2023\/02\/carballolandia-14-768x1024.jpg\" alt=\"\" class=\"wp-image-21079\" srcset=\"https:\/\/www.galiciamaxica.eu\/mini\/wp-content\/uploads\/2023\/02\/carballolandia-14-768x1024.jpg 768w, https:\/\/www.galiciamaxica.eu\/mini\/wp-content\/uploads\/2023\/02\/carballolandia-14-225x300.jpg 225w, https:\/\/www.galiciamaxica.eu\/mini\/wp-content\/uploads\/2023\/02\/carballolandia-14.jpg 900w\" sizes=\"(max-width: 768px) 100vw, 768px\" \/><\/a><\/figure>\n\n\n\n<p>Un lugar que se presta a visitas escolares, familiares, y todas las que tenga por firma ni\u00f1os&#8230;para grupos es necesario<strong><a href=\"https:\/\/www.instagram.com\/anxo_moure\/?hl=es\"> reserva en el 648075831.<\/a><\/strong> <\/p>\n\n\n\n<figure class=\"wp-block-image aligncenter size-large\"><a href=\"https:\/\/www.galiciamaxica.eu\/mini\/wp-content\/uploads\/2023\/02\/carballolandia-7.jpg\"><img loading=\"lazy\" decoding=\"async\" width=\"768\" height=\"1024\" src=\"https:\/\/www.galiciamaxica.eu\/mini\/wp-content\/uploads\/2023\/02\/carballolandia-7-768x1024.jpg\" alt=\"\" class=\"wp-image-21072\" srcset=\"https:\/\/www.galiciamaxica.eu\/mini\/wp-content\/uploads\/2023\/02\/carballolandia-7-768x1024.jpg 768w, https:\/\/www.galiciamaxica.eu\/mini\/wp-content\/uploads\/2023\/02\/carballolandia-7-225x300.jpg 225w, https:\/\/www.galiciamaxica.eu\/mini\/wp-content\/uploads\/2023\/02\/carballolandia-7.jpg 900w\" sizes=\"(max-width: 768px) 100vw, 768px\" \/><\/a><\/figure>\n\n\n\n<p>Se alquila el recinto  de 3 hect\u00e1reas y por un precio de<strong> 20 euros <\/strong>la<strong> tarde <\/strong>en <strong>el recinto y 30 por toda la jornada.<\/strong><\/p>\n\n\n\n<figure class=\"wp-block-image aligncenter size-large\"><a href=\"https:\/\/www.galiciamaxica.eu\/mini\/wp-content\/uploads\/2023\/02\/carballolandia-1.jpg\"><img loading=\"lazy\" decoding=\"async\" width=\"768\" height=\"1024\" src=\"https:\/\/www.galiciamaxica.eu\/mini\/wp-content\/uploads\/2023\/02\/carballolandia-1-768x1024.jpg\" alt=\"\" class=\"wp-image-21066\" srcset=\"https:\/\/www.galiciamaxica.eu\/mini\/wp-content\/uploads\/2023\/02\/carballolandia-1-768x1024.jpg 768w, https:\/\/www.galiciamaxica.eu\/mini\/wp-content\/uploads\/2023\/02\/carballolandia-1-225x300.jpg 225w, https:\/\/www.galiciamaxica.eu\/mini\/wp-content\/uploads\/2023\/02\/carballolandia-1.jpg 900w\" sizes=\"(max-width: 768px) 100vw, 768px\" \/><\/a><\/figure>\n\n\n\n<p>Es una de las mejores opciones para los amantes de la naturaleza que es fuente de salud y de enriquecimiento personal.<\/p>\n\n\n\n<figure class=\"wp-block-embed is-type-video is-provider-youtube wp-block-embed-youtube wp-embed-aspect-16-9 wp-has-aspect-ratio\"><div class=\"wp-block-embed__wrapper\">\n<div class=\"ast-oembed-container \" style=\"height: 100%;\"><iframe title=\"Carballolandia\" width=\"500\" height=\"281\" src=\"https:\/\/www.youtube.com\/embed\/QyFHBb16Dhk?feature=oembed\" frameborder=\"0\" allow=\"accelerometer; autoplay; clipboard-write; encrypted-media; gyroscope; picture-in-picture; web-share\" referrerpolicy=\"strict-origin-when-cross-origin\" allowfullscreen><\/iframe><\/div>\n<\/div><\/figure>\n\n\n\n<p><strong>Anxo Moura<\/strong> nos quedamos cortos en agradecimientos a tu preciosa impronta en nuestra tierra&nbsp;, recomendamos tus <strong><a href=\"http:\/\/www.contosolidarios.org\/contosolidarios.htm\">Contos solidarios <\/a><\/strong><\/p>\n\n\n\n<p><strong><a href=\"https:\/\/www.instagram.com\/p\/CbfV9gWsnRz\/?hl=es\">Brais Moure (Mouro Moure)<\/a><\/strong> su hijo y monitor de tiempo libre explica muy bien lo que significa este parque natural \u00fanico en nuestra tierra, y fuera de ella.<\/p>\n\n\n\n<figure class=\"wp-block-image aligncenter size-large\"><a href=\"https:\/\/www.galiciamaxica.eu\/mini\/wp-content\/uploads\/2023\/02\/carballolandia-11.jpg\"><img loading=\"lazy\" decoding=\"async\" width=\"768\" height=\"1024\" src=\"https:\/\/www.galiciamaxica.eu\/mini\/wp-content\/uploads\/2023\/02\/carballolandia-11-768x1024.jpg\" alt=\"Carballolandia\" class=\"wp-image-21076\" srcset=\"https:\/\/www.galiciamaxica.eu\/mini\/wp-content\/uploads\/2023\/02\/carballolandia-11-768x1024.jpg 768w, https:\/\/www.galiciamaxica.eu\/mini\/wp-content\/uploads\/2023\/02\/carballolandia-11-225x300.jpg 225w, https:\/\/www.galiciamaxica.eu\/mini\/wp-content\/uploads\/2023\/02\/carballolandia-11.jpg 900w\" sizes=\"(max-width: 768px) 100vw, 768px\" \/><\/a><\/figure>\n\n\n\n<p> \u00abEs un espacio natural, lejos del ruido, que al mismo tiempo es un parque tem\u00e1tico centrado en la figura de este \u00e1rbol aut\u00f3ctono gallego\u00bb <\/p>\n\n\n\n<figure class=\"wp-block-image size-large\"><a href=\"https:\/\/www.galiciamaxica.eu\/mini\/wp-content\/uploads\/2023\/02\/carballolandia-21.jpg\"><img loading=\"lazy\" decoding=\"async\" width=\"768\" height=\"1024\" src=\"https:\/\/www.galiciamaxica.eu\/mini\/wp-content\/uploads\/2023\/02\/carballolandia-21-768x1024.jpg\" alt=\"\" class=\"wp-image-21086\" srcset=\"https:\/\/www.galiciamaxica.eu\/mini\/wp-content\/uploads\/2023\/02\/carballolandia-21-768x1024.jpg 768w, https:\/\/www.galiciamaxica.eu\/mini\/wp-content\/uploads\/2023\/02\/carballolandia-21-225x300.jpg 225w, https:\/\/www.galiciamaxica.eu\/mini\/wp-content\/uploads\/2023\/02\/carballolandia-21.jpg 900w\" sizes=\"(max-width: 768px) 100vw, 768px\" \/><\/a><\/figure>\n\n\n\n<p>Carballolandia es un movimiento tan vital y natural como el de acercarnos a nuestras ra\u00edces.<\/p>\n\n\n\n<figure class=\"wp-block-image aligncenter size-large\"><a href=\"https:\/\/www.galiciamaxica.eu\/mini\/wp-content\/uploads\/2023\/02\/carballolandia-2.jpg\"><img loading=\"lazy\" decoding=\"async\" width=\"768\" height=\"1024\" src=\"https:\/\/www.galiciamaxica.eu\/mini\/wp-content\/uploads\/2023\/02\/carballolandia-2-768x1024.jpg\" alt=\"Carballolandia\" class=\"wp-image-21067\" srcset=\"https:\/\/www.galiciamaxica.eu\/mini\/wp-content\/uploads\/2023\/02\/carballolandia-2-768x1024.jpg 768w, https:\/\/www.galiciamaxica.eu\/mini\/wp-content\/uploads\/2023\/02\/carballolandia-2-225x300.jpg 225w, https:\/\/www.galiciamaxica.eu\/mini\/wp-content\/uploads\/2023\/02\/carballolandia-2.jpg 900w\" sizes=\"(max-width: 768px) 100vw, 768px\" \/><\/a><\/figure>\n\n\n\n<p>Es obligado el no dejar que ning\u00fan viento derrumbe el volver a lo natural, a lo nuestro, alejarse de lo artificial y abrazar el bosque. <\/p>\n\n\n\n<figure class=\"wp-block-image aligncenter size-large\"><a href=\"https:\/\/www.galiciamaxica.eu\/mini\/wp-content\/uploads\/2023\/02\/carballolandia-24.jpg\"><img loading=\"lazy\" decoding=\"async\" width=\"768\" height=\"1024\" src=\"https:\/\/www.galiciamaxica.eu\/mini\/wp-content\/uploads\/2023\/02\/carballolandia-24-768x1024.jpg\" alt=\"Carballolandia\" class=\"wp-image-21089\" srcset=\"https:\/\/www.galiciamaxica.eu\/mini\/wp-content\/uploads\/2023\/02\/carballolandia-24-768x1024.jpg 768w, https:\/\/www.galiciamaxica.eu\/mini\/wp-content\/uploads\/2023\/02\/carballolandia-24-225x300.jpg 225w, https:\/\/www.galiciamaxica.eu\/mini\/wp-content\/uploads\/2023\/02\/carballolandia-24.jpg 900w\" sizes=\"(max-width: 768px) 100vw, 768px\" \/><\/a><\/figure>\n\n\n\n<p>Anxo Moure tiene claro que Carballolandia es tu mejor apuesta porque all\u00ed puedes<\/p>\n\n\n\n<h3 class=\"wp-block-heading\"><strong>Subirte a una casa en un \u00e1rbol<\/strong><\/h3>\n\n\n\n<blockquote class=\"instagram-media\" data-instgrm-captioned=\"\" data-instgrm-permalink=\"https:\/\/www.instagram.com\/p\/CQO2UFGnAvX\/?utm_source=ig_embed&amp;utm_campaign=loading\" data-instgrm-version=\"14\" style=\" background:#FFF; border:0; border-radius:3px; box-shadow:0 0 1px 0 rgba(0,0,0,0.5),0 1px 10px 0 rgba(0,0,0,0.15); margin: 1px; max-width:540px; min-width:326px; padding:0; width:99.375%; width:-webkit-calc(100% - 2px); width:calc(100% - 2px);\"><div style=\"padding:16px;\"> <a href=\"https:\/\/www.instagram.com\/p\/CQO2UFGnAvX\/?utm_source=ig_embed&amp;utm_campaign=loading\" style=\" background:#FFFFFF; line-height:0; padding:0 0; text-align:center; text-decoration:none; width:100%;\" target=\"_blank\" rel=\"noopener\"> <div style=\" display: flex; flex-direction: row; align-items: center;\"> <div style=\"background-color: #F4F4F4; border-radius: 50%; flex-grow: 0; height: 40px; margin-right: 14px; width: 40px;\"><\/div> <div style=\"display: flex; flex-direction: column; flex-grow: 1; justify-content: center;\"> <div style=\" background-color: #F4F4F4; border-radius: 4px; flex-grow: 0; height: 14px; margin-bottom: 6px; width: 100px;\"><\/div> <div style=\" background-color: #F4F4F4; border-radius: 4px; flex-grow: 0; height: 14px; width: 60px;\"><\/div><\/div><\/div><div style=\"padding: 19% 0;\"><\/div> <div style=\"display:block; height:50px; margin:0 auto 12px; width:50px;\"><svg width=\"50px\" height=\"50px\" viewBox=\"0 0 60 60\" version=\"1.1\" xmlns=\"https:\/\/www.w3.org\/2000\/svg\" xmlns:xlink=\"https:\/\/www.w3.org\/1999\/xlink\"><g stroke=\"none\" stroke-width=\"1\" fill=\"none\" fill-rule=\"evenodd\"><g transform=\"translate(-511.000000, -20.000000)\" fill=\"#000000\"><g><path d=\"M556.869,30.41 C554.814,30.41 553.148,32.076 553.148,34.131 C553.148,36.186 554.814,37.852 556.869,37.852 C558.924,37.852 560.59,36.186 560.59,34.131 C560.59,32.076 558.924,30.41 556.869,30.41 M541,60.657 C535.114,60.657 530.342,55.887 530.342,50 C530.342,44.114 535.114,39.342 541,39.342 C546.887,39.342 551.658,44.114 551.658,50 C551.658,55.887 546.887,60.657 541,60.657 M541,33.886 C532.1,33.886 524.886,41.1 524.886,50 C524.886,58.899 532.1,66.113 541,66.113 C549.9,66.113 557.115,58.899 557.115,50 C557.115,41.1 549.9,33.886 541,33.886 M565.378,62.101 C565.244,65.022 564.756,66.606 564.346,67.663 C563.803,69.06 563.154,70.057 562.106,71.106 C561.058,72.155 560.06,72.803 558.662,73.347 C557.607,73.757 556.021,74.244 553.102,74.378 C549.944,74.521 548.997,74.552 541,74.552 C533.003,74.552 532.056,74.521 528.898,74.378 C525.979,74.244 524.393,73.757 523.338,73.347 C521.94,72.803 520.942,72.155 519.894,71.106 C518.846,70.057 518.197,69.06 517.654,67.663 C517.244,66.606 516.755,65.022 516.623,62.101 C516.479,58.943 516.448,57.996 516.448,50 C516.448,42.003 516.479,41.056 516.623,37.899 C516.755,34.978 517.244,33.391 517.654,32.338 C518.197,30.938 518.846,29.942 519.894,28.894 C520.942,27.846 521.94,27.196 523.338,26.654 C524.393,26.244 525.979,25.756 528.898,25.623 C532.057,25.479 533.004,25.448 541,25.448 C548.997,25.448 549.943,25.479 553.102,25.623 C556.021,25.756 557.607,26.244 558.662,26.654 C560.06,27.196 561.058,27.846 562.106,28.894 C563.154,29.942 563.803,30.938 564.346,32.338 C564.756,33.391 565.244,34.978 565.378,37.899 C565.522,41.056 565.552,42.003 565.552,50 C565.552,57.996 565.522,58.943 565.378,62.101 M570.82,37.631 C570.674,34.438 570.167,32.258 569.425,30.349 C568.659,28.377 567.633,26.702 565.965,25.035 C564.297,23.368 562.623,22.342 560.652,21.575 C558.743,20.834 556.562,20.326 553.369,20.18 C550.169,20.033 549.148,20 541,20 C532.853,20 531.831,20.033 528.631,20.18 C525.438,20.326 523.257,20.834 521.349,21.575 C519.376,22.342 517.703,23.368 516.035,25.035 C514.368,26.702 513.342,28.377 512.574,30.349 C511.834,32.258 511.326,34.438 511.181,37.631 C511.035,40.831 511,41.851 511,50 C511,58.147 511.035,59.17 511.181,62.369 C511.326,65.562 511.834,67.743 512.574,69.651 C513.342,71.625 514.368,73.296 516.035,74.965 C517.703,76.634 519.376,77.658 521.349,78.425 C523.257,79.167 525.438,79.673 528.631,79.82 C531.831,79.965 532.853,80.001 541,80.001 C549.148,80.001 550.169,79.965 553.369,79.82 C556.562,79.673 558.743,79.167 560.652,78.425 C562.623,77.658 564.297,76.634 565.965,74.965 C567.633,73.296 568.659,71.625 569.425,69.651 C570.167,67.743 570.674,65.562 570.82,62.369 C570.966,59.17 571,58.147 571,50 C571,41.851 570.966,40.831 570.82,37.631\"><\/path><\/g><\/g><\/g><\/svg><\/div><div style=\"padding-top: 8px;\"> <div style=\" color:#3897f0; font-family:Arial,sans-serif; font-size:14px; font-style:normal; font-weight:550; line-height:18px;\">Ver esta publicaci\u00f3n en Instagram<\/div><\/div><div style=\"padding: 12.5% 0;\"><\/div> <div style=\"display: flex; flex-direction: row; margin-bottom: 14px; align-items: center;\"><div> <div style=\"background-color: #F4F4F4; border-radius: 50%; height: 12.5px; width: 12.5px; transform: translateX(0px) translateY(7px);\"><\/div> <div style=\"background-color: #F4F4F4; height: 12.5px; transform: rotate(-45deg) translateX(3px) translateY(1px); width: 12.5px; flex-grow: 0; margin-right: 14px; margin-left: 2px;\"><\/div> <div style=\"background-color: #F4F4F4; border-radius: 50%; height: 12.5px; width: 12.5px; transform: translateX(9px) translateY(-18px);\"><\/div><\/div><div style=\"margin-left: 8px;\"> <div style=\" background-color: #F4F4F4; border-radius: 50%; flex-grow: 0; height: 20px; width: 20px;\"><\/div> <div style=\" width: 0; height: 0; border-top: 2px solid transparent; border-left: 6px solid #f4f4f4; border-bottom: 2px solid transparent; transform: translateX(16px) translateY(-4px) rotate(30deg)\"><\/div><\/div><div style=\"margin-left: auto;\"> <div style=\" width: 0px; border-top: 8px solid #F4F4F4; border-right: 8px solid transparent; transform: translateY(16px);\"><\/div> <div style=\" background-color: #F4F4F4; flex-grow: 0; height: 12px; width: 16px; transform: translateY(-4px);\"><\/div> <div style=\" width: 0; height: 0; border-top: 8px solid #F4F4F4; border-left: 8px solid transparent; transform: translateY(-4px) translateX(8px);\"><\/div><\/div><\/div> <div style=\"display: flex; flex-direction: column; flex-grow: 1; justify-content: center; margin-bottom: 24px;\"> <div style=\" background-color: #F4F4F4; border-radius: 4px; flex-grow: 0; height: 14px; margin-bottom: 6px; width: 224px;\"><\/div> <div style=\" background-color: #F4F4F4; border-radius: 4px; flex-grow: 0; height: 14px; width: 144px;\"><\/div><\/div><\/a><p style=\" color:#c9c8cd; font-family:Arial,sans-serif; font-size:14px; line-height:17px; margin-bottom:0; margin-top:8px; overflow:hidden; padding:8px 0 7px; text-align:center; text-overflow:ellipsis; white-space:nowrap;\"><a href=\"https:\/\/www.instagram.com\/p\/CQO2UFGnAvX\/?utm_source=ig_embed&amp;utm_campaign=loading\" style=\" color:#c9c8cd; font-family:Arial,sans-serif; font-size:14px; font-style:normal; font-weight:normal; line-height:17px; text-decoration:none;\" target=\"_blank\" rel=\"noopener\">Una publicaci\u00f3n compartida de carballolandia (@anxo_moure)<\/a><\/p><\/div><\/blockquote> <script async=\"\" src=\"\/\/www.instagram.com\/embed.js\"><\/script>\n\n\n\n<p>Disfrutar de la magia del arte en el <a href=\"https:\/\/www.facebook.com\/people\/Cinema-Palleiriso\/100023594377165\/?locale=es_ES&amp;paipv=0&amp;eav=Afb6bu0UM5m9Ja38IGZt_cF50jn7k1dpExOoZvFOqD3fU55AzR_4bdeNZIRJkEe0va4&amp;_rdr\">Cinema Palleiriso<\/a><\/p>\n\n\n\n<iframe src=\"https:\/\/www.facebook.com\/plugins\/post.php?href=https%3A%2F%2Fwww.facebook.com%2Fpermalink.php%3Fstory_fbid%3Dpfbid0N7TLZ6PYaSWpBrYTCGDR4Vjiz1Rs6Dbbyxh9WtsVABSPs1VwjiBA3R3zzBUXtmwwl%26id%3D101577765556814&amp;show_text=true&amp;width=500\" width=\"500\" height=\"505\" style=\"border:none;overflow:hidden\" scrolling=\"no\" frameborder=\"0\" allowfullscreen=\"true\" allow=\"autoplay; clipboard-write; encrypted-media; picture-in-picture; web-share\"><\/iframe>\n\n\n\n<p>Visitar el peque\u00f1o bosque que plant\u00f3 all\u00ed hace a\u00f1os y en el que crecen 32 especies aut\u00f3ctonas o<\/p>\n\n\n\n<figure class=\"wp-block-image aligncenter size-large\"><a href=\"https:\/\/www.galiciamaxica.eu\/mini\/wp-content\/uploads\/2023\/02\/carballolandia-19.jpg\"><img loading=\"lazy\" decoding=\"async\" width=\"768\" height=\"1024\" src=\"https:\/\/www.galiciamaxica.eu\/mini\/wp-content\/uploads\/2023\/02\/carballolandia-19-768x1024.jpg\" alt=\"\" class=\"wp-image-21084\" srcset=\"https:\/\/www.galiciamaxica.eu\/mini\/wp-content\/uploads\/2023\/02\/carballolandia-19-768x1024.jpg 768w, https:\/\/www.galiciamaxica.eu\/mini\/wp-content\/uploads\/2023\/02\/carballolandia-19-225x300.jpg 225w, https:\/\/www.galiciamaxica.eu\/mini\/wp-content\/uploads\/2023\/02\/carballolandia-19.jpg 900w\" sizes=\"(max-width: 768px) 100vw, 768px\" \/><\/a><\/figure>\n\n\n\n<p>Perderte en familia o con amigos en el bosque de <strong>Carballolandia<\/strong> en la aldea de Garabelos en Chantada<\/p>\n\n\n\n<figure class=\"wp-block-image aligncenter size-large\"><a href=\"https:\/\/www.galiciamaxica.eu\/mini\/wp-content\/uploads\/2023\/02\/carballolandia-23.jpg\"><img loading=\"lazy\" decoding=\"async\" width=\"768\" height=\"1024\" src=\"https:\/\/www.galiciamaxica.eu\/mini\/wp-content\/uploads\/2023\/02\/carballolandia-23-768x1024.jpg\" alt=\"carballolandia\" class=\"wp-image-21088\" srcset=\"https:\/\/www.galiciamaxica.eu\/mini\/wp-content\/uploads\/2023\/02\/carballolandia-23-768x1024.jpg 768w, https:\/\/www.galiciamaxica.eu\/mini\/wp-content\/uploads\/2023\/02\/carballolandia-23-225x300.jpg 225w, https:\/\/www.galiciamaxica.eu\/mini\/wp-content\/uploads\/2023\/02\/carballolandia-23.jpg 900w\" sizes=\"(max-width: 768px) 100vw, 768px\" \/><\/a><\/figure>\n\n\n\n<figure class=\"wp-block-embed is-type-video is-provider-youtube wp-block-embed-youtube wp-embed-aspect-16-9 wp-has-aspect-ratio\"><div class=\"wp-block-embed__wrapper\">\n<div class=\"ast-oembed-container \" style=\"height: 100%;\"><iframe title=\"O Carballo con botas\" width=\"500\" height=\"281\" src=\"https:\/\/www.youtube.com\/embed\/kyvay085_JY?feature=oembed\" frameborder=\"0\" allow=\"accelerometer; autoplay; clipboard-write; encrypted-media; gyroscope; picture-in-picture; web-share\" referrerpolicy=\"strict-origin-when-cross-origin\" allowfullscreen><\/iframe><\/div>\n<\/div><\/figure>\n\n\n\n<p class=\"has-text-align-center\"><strong>Seguimos contos contando e o mundo descontaminando..<\/strong><\/p>\n\n\n\n<h2 class=\"wp-block-heading\">Recomendamos- O Carballo con botas<\/h2>\n\n\n\n<figure class=\"wp-block-image aligncenter size-large is-resized\"><img loading=\"lazy\" decoding=\"async\" src=\"https:\/\/static.cegal.es\/imagenes\/marcadas\/9788478\/978847824625.gif\" alt=\"\" width=\"413\" height=\"411\"\/><figcaption class=\"wp-element-caption\"><strong><a href=\"https:\/\/www.todostuslibros.com\/autor\/anxo-moure?page=1\">12 libros de Anxo Moure<\/a><\/strong><\/figcaption><\/figure>\n\n\n\n<h3 class=\"wp-block-heading\">Localizaci\u00f3n<\/h3>\n\n\n\n<iframe src=\"https:\/\/www.google.com\/maps\/embed?pb=!1m14!1m8!1m3!1d11741.932567940923!2d-7.7978791!3d42.6299165!3m2!1i1024!2i768!4f13.1!3m3!1m2!1s0xd2fdf5b45f56073%3A0x807a0c6ff774f05a!2sCarballolandia!5e0!3m2!1ses!2ses!4v1676286902950!5m2!1ses!2ses\" width=\"600\" height=\"450\" style=\"border:0;\" allowfullscreen=\"\" loading=\"lazy\" referrerpolicy=\"no-referrer-when-downgrade\"><\/iframe>\n\n\n\n<h2 class=\"wp-block-heading\">Apuesta por la naturaleza, visita Carballolandia<\/h2>\n\n\n\n<p>Llevar a los ni\u00f1os a la naturaleza puede tener muchos beneficubrimientos valiosos para su crecimiento y desarrollo. Aqu\u00ed hay algunas razones por las que es importante llevar a los ni\u00f1os a la naturaleza:<\/p>\n\n\n\n<p><strong>Mejora de la salud f\u00edsica: <\/strong>La naturaleza puede mejorar la salud f\u00edsica de los ni\u00f1os, alent\u00e1ndolos a correr, saltar y jugar.<\/p>\n\n\n\n<p><strong>Desarrollo cognitivo:<\/strong> La naturaleza puede estimular el desarrollo cognitivo de los ni\u00f1os, fomentando la observaci\u00f3n, la exploraci\u00f3n y la resoluci\u00f3n de problemas.<\/p>\n\n\n\n<p><strong>Fortalecimiento de las habilidades sociales: <\/strong>La naturaleza puede ayudar a los ni\u00f1os a desarrollar habilidades sociales, como trabajar en equipo y compartir.<\/p>\n\n\n\n<p><strong>Reducci\u00f3n del estr\u00e9s:<\/strong> La naturaleza puede ser una forma efectiva de reducir el estr\u00e9s y la ansiedad en los ni\u00f1os.<\/p>\n\n\n\n<p><strong>Mejora de la atenci\u00f3n: <\/strong>La naturaleza puede ayudar a mejorar la atenci\u00f3n y la concentraci\u00f3n de los ni\u00f1os.<\/p>\n\n\n\n<p><strong>Fomento de la creatividad: <\/strong>La naturaleza puede ser un entorno estimulante para la creatividad y la imaginaci\u00f3n de los ni\u00f1os.<\/p>\n\n\n\n<p><strong>Conciencia ambiental:<\/strong> Llevar a los ni\u00f1os a la naturaleza puede ayudarlos a desarrollar una conciencia ambiental y a comprender la importancia de cuidar el medio ambiente.<\/p>\n\n\n\n<p>Hay muchas formas diferentes de llevar a los ni\u00f1os a la naturaleza, desde simplemente caminar por un parque hasta hacer excursiones en la monta\u00f1a o en el bosque. Sea cual sea el enfoque que elijas, aseg\u00farate de llevar a los ni\u00f1os a la naturaleza con frecuencia para que puedan disfrutar de sus muchos beneficubrimientos y descubrimientos valiosos como es el que os traje hoy, Carballolandia.<\/p>\n","protected":false},"excerpt":{"rendered":"<p>Hoy os acerco al primer parque tem\u00e1tico del mundo dedicado al carballo y est\u00e1 en Galicia. Carballolandia Carballolandia nace de la idea de crear un entorno en el que rendir el homenaje a nuestro m\u00e1s querido \u00e1rbol aut\u00f3ctono, el carballo. El roble, carballo en gallego es un \u00e1rbol emblem\u00e1tico y es ampliamente conocido por su [&hellip;]<\/p>\n","protected":false},"author":1,"featured_media":21077,"comment_status":"open","ping_status":"closed","sticky":false,"template":"","format":"standard","meta":{"_eb_attr":"","site-sidebar-layout":"default","site-content-layout":"","ast-site-content-layout":"","site-content-style":"default","site-sidebar-style":"default","ast-global-header-display":"","ast-banner-title-visibility":"","ast-main-header-display":"","ast-hfb-above-header-display":"","ast-hfb-below-header-display":"","ast-hfb-mobile-header-display":"","site-post-title":"","ast-breadcrumbs-content":"","ast-featured-img":"","footer-sml-layout":"","theme-transparent-header-meta":"","adv-header-id-meta":"","stick-header-meta":"","header-above-stick-meta":"","header-main-stick-meta":"","header-below-stick-meta":"","astra-migrate-meta-layouts":"default","ast-page-background-enabled":"default","ast-page-background-meta":{"desktop":{"background-color":"","background-image":"","background-repeat":"repeat","background-position":"center center","background-size":"auto","background-attachment":"scroll","background-type":"","background-media":"","overlay-type":"","overlay-color":"","overlay-opacity":"","overlay-gradient":""},"tablet":{"background-color":"","background-image":"","background-repeat":"repeat","background-position":"center center","background-size":"auto","background-attachment":"scroll","background-type":"","background-media":"","overlay-type":"","overlay-color":"","overlay-opacity":"","overlay-gradient":""},"mobile":{"background-color":"","background-image":"","background-repeat":"repeat","background-position":"center center","background-size":"auto","background-attachment":"scroll","background-type":"","background-media":"","overlay-type":"","overlay-color":"","overlay-opacity":"","overlay-gradient":""}},"ast-content-background-meta":{"desktop":{"background-color":"var(--ast-global-color-5)","background-image":"","background-repeat":"repeat","background-position":"center center","background-size":"auto","background-attachment":"scroll","background-type":"","background-media":"","overlay-type":"","overlay-color":"","overlay-opacity":"","overlay-gradient":""},"tablet":{"background-color":"var(--ast-global-color-5)","background-image":"","background-repeat":"repeat","background-position":"center center","background-size":"auto","background-attachment":"scroll","background-type":"","background-media":"","overlay-type":"","overlay-color":"","overlay-opacity":"","overlay-gradient":""},"mobile":{"background-color":"var(--ast-global-color-5)","background-image":"","background-repeat":"repeat","background-position":"center center","background-size":"auto","background-attachment":"scroll","background-type":"","background-media":"","overlay-type":"","overlay-color":"","overlay-opacity":"","overlay-gradient":""}},"footnotes":""},"categories":[50,768],"tags":[25,36,2],"class_list":["post-21064","post","type-post","status-publish","format-standard","has-post-thumbnail","hentry","category-lugo","category-seseixa","tag-galicia","tag-lugares","tag-ninos"],"yoast_head":"<!-- This site is optimized with the Yoast SEO plugin v24.9 - https:\/\/yoast.com\/wordpress\/plugins\/seo\/ -->\n<title>Carballolandia, el primer parque tem\u00e1tico del mundo dedicado al carballo\u00a0 - Galicia con ni\u00f1os | GALICIA M\u00c1XICA<\/title>\n<meta name=\"description\" content=\"Carballolandia es el primer parque tem\u00e1tico del mundo dedicado al carballo y est\u00e1 en Galicia. Nace de la idea de rendir un precioso homenaje.\" \/>\n<meta name=\"robots\" content=\"index, follow, max-snippet:-1, max-image-preview:large, max-video-preview:-1\" \/>\n<link rel=\"canonical\" href=\"https:\/\/www.galiciamaxica.eu\/mini\/carballolandia-el-primer-parque-tematico-del-mundo-dedicado-al-carballo\/\" \/>\n<meta property=\"og:locale\" content=\"es_ES\" \/>\n<meta property=\"og:type\" content=\"article\" \/>\n<meta property=\"og:title\" content=\"Carballolandia, el primer parque tem\u00e1tico del mundo dedicado al carballo\u00a0 - Galicia con ni\u00f1os | GALICIA M\u00c1XICA\" \/>\n<meta property=\"og:description\" content=\"Carballolandia es el primer parque tem\u00e1tico del mundo dedicado al carballo y est\u00e1 en Galicia. Nace de la idea de rendir un precioso homenaje.\" \/>\n<meta property=\"og:url\" content=\"https:\/\/www.galiciamaxica.eu\/mini\/carballolandia-el-primer-parque-tematico-del-mundo-dedicado-al-carballo\/\" \/>\n<meta property=\"og:site_name\" content=\"Galicia con ni\u00f1os | GALICIA M\u00c1XICA\" \/>\n<meta property=\"article:publisher\" content=\"https:\/\/www.facebook.com\/maria.rodriguezserantes\" \/>\n<meta property=\"article:author\" content=\"https:\/\/www.facebook.com\/maria.rodriguezserantes\" \/>\n<meta property=\"article:published_time\" content=\"2023-02-13T12:08:29+00:00\" \/>\n<meta property=\"article:modified_time\" content=\"2023-02-13T17:04:13+00:00\" \/>\n<meta property=\"og:image\" content=\"https:\/\/www.galiciamaxica.eu\/mini\/wp-content\/uploads\/2023\/02\/carballolandia-12.jpg\" \/>\n\t<meta property=\"og:image:width\" content=\"900\" \/>\n\t<meta property=\"og:image:height\" content=\"1200\" \/>\n\t<meta property=\"og:image:type\" content=\"image\/jpeg\" \/>\n<meta name=\"author\" content=\"seseixa\" \/>\n<meta name=\"twitter:card\" content=\"summary_large_image\" \/>\n<meta name=\"twitter:creator\" content=\"@seseixa\" \/>\n<meta name=\"twitter:site\" content=\"@seseixa\" \/>\n<meta name=\"twitter:label1\" content=\"Escrito por\" \/>\n\t<meta name=\"twitter:data1\" content=\"seseixa\" \/>\n\t<meta name=\"twitter:label2\" content=\"Tiempo de lectura\" \/>\n\t<meta name=\"twitter:data2\" content=\"7 minutos\" \/>\n<script type=\"application\/ld+json\" class=\"yoast-schema-graph\">{\"@context\":\"https:\/\/schema.org\",\"@graph\":[{\"@type\":\"Article\",\"@id\":\"https:\/\/www.galiciamaxica.eu\/mini\/carballolandia-el-primer-parque-tematico-del-mundo-dedicado-al-carballo\/#article\",\"isPartOf\":{\"@id\":\"https:\/\/www.galiciamaxica.eu\/mini\/carballolandia-el-primer-parque-tematico-del-mundo-dedicado-al-carballo\/\"},\"author\":{\"name\":\"seseixa\",\"@id\":\"https:\/\/www.galiciamaxica.eu\/mini\/#\/schema\/person\/2b284fe2fd911000a48d2e8936300179\"},\"headline\":\"Carballolandia, el primer parque tem\u00e1tico del mundo dedicado al carballo\u00a0\",\"datePublished\":\"2023-02-13T12:08:29+00:00\",\"dateModified\":\"2023-02-13T17:04:13+00:00\",\"mainEntityOfPage\":{\"@id\":\"https:\/\/www.galiciamaxica.eu\/mini\/carballolandia-el-primer-parque-tematico-del-mundo-dedicado-al-carballo\/\"},\"wordCount\":840,\"commentCount\":0,\"publisher\":{\"@id\":\"https:\/\/www.galiciamaxica.eu\/mini\/#\/schema\/person\/2b284fe2fd911000a48d2e8936300179\"},\"image\":{\"@id\":\"https:\/\/www.galiciamaxica.eu\/mini\/carballolandia-el-primer-parque-tematico-del-mundo-dedicado-al-carballo\/#primaryimage\"},\"thumbnailUrl\":\"https:\/\/www.galiciamaxica.eu\/mini\/wp-content\/uploads\/2023\/02\/carballolandia-12.jpg\",\"keywords\":[\"Galicia\",\"lugares\",\"ni\u00f1os\"],\"articleSection\":[\"LUGO\",\"SESEIXA\"],\"inLanguage\":\"es\",\"potentialAction\":[{\"@type\":\"CommentAction\",\"name\":\"Comment\",\"target\":[\"https:\/\/www.galiciamaxica.eu\/mini\/carballolandia-el-primer-parque-tematico-del-mundo-dedicado-al-carballo\/#respond\"]}]},{\"@type\":\"WebPage\",\"@id\":\"https:\/\/www.galiciamaxica.eu\/mini\/carballolandia-el-primer-parque-tematico-del-mundo-dedicado-al-carballo\/\",\"url\":\"https:\/\/www.galiciamaxica.eu\/mini\/carballolandia-el-primer-parque-tematico-del-mundo-dedicado-al-carballo\/\",\"name\":\"Carballolandia, el primer parque tem\u00e1tico del mundo dedicado al carballo\u00a0 - Galicia con ni\u00f1os | GALICIA M\u00c1XICA\",\"isPartOf\":{\"@id\":\"https:\/\/www.galiciamaxica.eu\/mini\/#website\"},\"primaryImageOfPage\":{\"@id\":\"https:\/\/www.galiciamaxica.eu\/mini\/carballolandia-el-primer-parque-tematico-del-mundo-dedicado-al-carballo\/#primaryimage\"},\"image\":{\"@id\":\"https:\/\/www.galiciamaxica.eu\/mini\/carballolandia-el-primer-parque-tematico-del-mundo-dedicado-al-carballo\/#primaryimage\"},\"thumbnailUrl\":\"https:\/\/www.galiciamaxica.eu\/mini\/wp-content\/uploads\/2023\/02\/carballolandia-12.jpg\",\"datePublished\":\"2023-02-13T12:08:29+00:00\",\"dateModified\":\"2023-02-13T17:04:13+00:00\",\"description\":\"Carballolandia es el primer parque tem\u00e1tico del mundo dedicado al carballo y est\u00e1 en Galicia. Nace de la idea de rendir un precioso homenaje.\",\"breadcrumb\":{\"@id\":\"https:\/\/www.galiciamaxica.eu\/mini\/carballolandia-el-primer-parque-tematico-del-mundo-dedicado-al-carballo\/#breadcrumb\"},\"inLanguage\":\"es\",\"potentialAction\":[{\"@type\":\"ReadAction\",\"target\":[\"https:\/\/www.galiciamaxica.eu\/mini\/carballolandia-el-primer-parque-tematico-del-mundo-dedicado-al-carballo\/\"]}]},{\"@type\":\"ImageObject\",\"inLanguage\":\"es\",\"@id\":\"https:\/\/www.galiciamaxica.eu\/mini\/carballolandia-el-primer-parque-tematico-del-mundo-dedicado-al-carballo\/#primaryimage\",\"url\":\"https:\/\/www.galiciamaxica.eu\/mini\/wp-content\/uploads\/2023\/02\/carballolandia-12.jpg\",\"contentUrl\":\"https:\/\/www.galiciamaxica.eu\/mini\/wp-content\/uploads\/2023\/02\/carballolandia-12.jpg\",\"width\":900,\"height\":1200},{\"@type\":\"BreadcrumbList\",\"@id\":\"https:\/\/www.galiciamaxica.eu\/mini\/carballolandia-el-primer-parque-tematico-del-mundo-dedicado-al-carballo\/#breadcrumb\",\"itemListElement\":[{\"@type\":\"ListItem\",\"position\":1,\"name\":\"Portada\",\"item\":\"https:\/\/www.galiciamaxica.eu\/mini\/\"},{\"@type\":\"ListItem\",\"position\":2,\"name\":\"Carballolandia, el primer parque tem\u00e1tico del mundo dedicado al carballo\u00a0\"}]},{\"@type\":\"WebSite\",\"@id\":\"https:\/\/www.galiciamaxica.eu\/mini\/#website\",\"url\":\"https:\/\/www.galiciamaxica.eu\/mini\/\",\"name\":\"Galicia con ni\u00f1os | GALICIA M\u00c1XICA\",\"description\":\"Qu\u00e9 hacer con ni\u00f1os en Galicia\",\"publisher\":{\"@id\":\"https:\/\/www.galiciamaxica.eu\/mini\/#\/schema\/person\/2b284fe2fd911000a48d2e8936300179\"},\"potentialAction\":[{\"@type\":\"SearchAction\",\"target\":{\"@type\":\"EntryPoint\",\"urlTemplate\":\"https:\/\/www.galiciamaxica.eu\/mini\/?s={search_term_string}\"},\"query-input\":{\"@type\":\"PropertyValueSpecification\",\"valueRequired\":true,\"valueName\":\"search_term_string\"}}],\"inLanguage\":\"es\"},{\"@type\":[\"Person\",\"Organization\"],\"@id\":\"https:\/\/www.galiciamaxica.eu\/mini\/#\/schema\/person\/2b284fe2fd911000a48d2e8936300179\",\"name\":\"seseixa\",\"image\":{\"@type\":\"ImageObject\",\"inLanguage\":\"es\",\"@id\":\"https:\/\/www.galiciamaxica.eu\/mini\/#\/schema\/person\/image\/\",\"url\":\"https:\/\/www.galiciamaxica.eu\/mini\/wp-content\/uploads\/2019\/02\/seseixa.png\",\"contentUrl\":\"https:\/\/www.galiciamaxica.eu\/mini\/wp-content\/uploads\/2019\/02\/seseixa.png\",\"width\":100,\"height\":100,\"caption\":\"seseixa\"},\"logo\":{\"@id\":\"https:\/\/www.galiciamaxica.eu\/mini\/#\/schema\/person\/image\/\"},\"description\":\"En la actualidad combinando dos proyectos que me apasionan, Galicia y los ni\u00f1os. Tengo mucho que aportar y otro tanto que aprender, as\u00ed como, el tiempo y el coraz\u00f3n, dividido en todo momento. Soy mam\u00e1, un titulo otorgado a tiempo completo, compa\u00f1era y amiga, a todas horas, familiar y cercana, siempre. De esp\u00edritu inquieto, soy una eterna ni\u00f1a que juega en el pa\u00eds de las maravillas. Una enamorada de mi tierra, por la que trabajo sin descanso. Creo en la infancia como motor que cambiar\u00e1 el mundo a mejor y busco en mi vida la felicidad como estado permanente porque s\u00f3lo se vive una vez.\",\"sameAs\":[\"http:\/\/mini.galiciamaxica.eu\/\",\"https:\/\/www.facebook.com\/maria.rodriguezserantes\",\"https:\/\/x.com\/seseixa\"],\"url\":\"https:\/\/www.galiciamaxica.eu\/mini\/author\/seseixa\/\"}]}<\/script>\n<!-- \/ Yoast SEO plugin. -->","yoast_head_json":{"title":"Carballolandia, el primer parque tem\u00e1tico del mundo dedicado al carballo\u00a0 - Galicia con ni\u00f1os | GALICIA M\u00c1XICA","description":"Carballolandia es el primer parque tem\u00e1tico del mundo dedicado al carballo y est\u00e1 en Galicia. Nace de la idea de rendir un precioso homenaje.","robots":{"index":"index","follow":"follow","max-snippet":"max-snippet:-1","max-image-preview":"max-image-preview:large","max-video-preview":"max-video-preview:-1"},"canonical":"https:\/\/www.galiciamaxica.eu\/mini\/carballolandia-el-primer-parque-tematico-del-mundo-dedicado-al-carballo\/","og_locale":"es_ES","og_type":"article","og_title":"Carballolandia, el primer parque tem\u00e1tico del mundo dedicado al carballo\u00a0 - Galicia con ni\u00f1os | GALICIA M\u00c1XICA","og_description":"Carballolandia es el primer parque tem\u00e1tico del mundo dedicado al carballo y est\u00e1 en Galicia. Nace de la idea de rendir un precioso homenaje.","og_url":"https:\/\/www.galiciamaxica.eu\/mini\/carballolandia-el-primer-parque-tematico-del-mundo-dedicado-al-carballo\/","og_site_name":"Galicia con ni\u00f1os | GALICIA M\u00c1XICA","article_publisher":"https:\/\/www.facebook.com\/maria.rodriguezserantes","article_author":"https:\/\/www.facebook.com\/maria.rodriguezserantes","article_published_time":"2023-02-13T12:08:29+00:00","article_modified_time":"2023-02-13T17:04:13+00:00","og_image":[{"width":900,"height":1200,"url":"https:\/\/www.galiciamaxica.eu\/mini\/wp-content\/uploads\/2023\/02\/carballolandia-12.jpg","type":"image\/jpeg"}],"author":"seseixa","twitter_card":"summary_large_image","twitter_creator":"@seseixa","twitter_site":"@seseixa","twitter_misc":{"Escrito por":"seseixa","Tiempo de lectura":"7 minutos"},"schema":{"@context":"https:\/\/schema.org","@graph":[{"@type":"Article","@id":"https:\/\/www.galiciamaxica.eu\/mini\/carballolandia-el-primer-parque-tematico-del-mundo-dedicado-al-carballo\/#article","isPartOf":{"@id":"https:\/\/www.galiciamaxica.eu\/mini\/carballolandia-el-primer-parque-tematico-del-mundo-dedicado-al-carballo\/"},"author":{"name":"seseixa","@id":"https:\/\/www.galiciamaxica.eu\/mini\/#\/schema\/person\/2b284fe2fd911000a48d2e8936300179"},"headline":"Carballolandia, el primer parque tem\u00e1tico del mundo dedicado al carballo\u00a0","datePublished":"2023-02-13T12:08:29+00:00","dateModified":"2023-02-13T17:04:13+00:00","mainEntityOfPage":{"@id":"https:\/\/www.galiciamaxica.eu\/mini\/carballolandia-el-primer-parque-tematico-del-mundo-dedicado-al-carballo\/"},"wordCount":840,"commentCount":0,"publisher":{"@id":"https:\/\/www.galiciamaxica.eu\/mini\/#\/schema\/person\/2b284fe2fd911000a48d2e8936300179"},"image":{"@id":"https:\/\/www.galiciamaxica.eu\/mini\/carballolandia-el-primer-parque-tematico-del-mundo-dedicado-al-carballo\/#primaryimage"},"thumbnailUrl":"https:\/\/www.galiciamaxica.eu\/mini\/wp-content\/uploads\/2023\/02\/carballolandia-12.jpg","keywords":["Galicia","lugares","ni\u00f1os"],"articleSection":["LUGO","SESEIXA"],"inLanguage":"es","potentialAction":[{"@type":"CommentAction","name":"Comment","target":["https:\/\/www.galiciamaxica.eu\/mini\/carballolandia-el-primer-parque-tematico-del-mundo-dedicado-al-carballo\/#respond"]}]},{"@type":"WebPage","@id":"https:\/\/www.galiciamaxica.eu\/mini\/carballolandia-el-primer-parque-tematico-del-mundo-dedicado-al-carballo\/","url":"https:\/\/www.galiciamaxica.eu\/mini\/carballolandia-el-primer-parque-tematico-del-mundo-dedicado-al-carballo\/","name":"Carballolandia, el primer parque tem\u00e1tico del mundo dedicado al carballo\u00a0 - Galicia con ni\u00f1os | GALICIA M\u00c1XICA","isPartOf":{"@id":"https:\/\/www.galiciamaxica.eu\/mini\/#website"},"primaryImageOfPage":{"@id":"https:\/\/www.galiciamaxica.eu\/mini\/carballolandia-el-primer-parque-tematico-del-mundo-dedicado-al-carballo\/#primaryimage"},"image":{"@id":"https:\/\/www.galiciamaxica.eu\/mini\/carballolandia-el-primer-parque-tematico-del-mundo-dedicado-al-carballo\/#primaryimage"},"thumbnailUrl":"https:\/\/www.galiciamaxica.eu\/mini\/wp-content\/uploads\/2023\/02\/carballolandia-12.jpg","datePublished":"2023-02-13T12:08:29+00:00","dateModified":"2023-02-13T17:04:13+00:00","description":"Carballolandia es el primer parque tem\u00e1tico del mundo dedicado al carballo y est\u00e1 en Galicia. Nace de la idea de rendir un precioso homenaje.","breadcrumb":{"@id":"https:\/\/www.galiciamaxica.eu\/mini\/carballolandia-el-primer-parque-tematico-del-mundo-dedicado-al-carballo\/#breadcrumb"},"inLanguage":"es","potentialAction":[{"@type":"ReadAction","target":["https:\/\/www.galiciamaxica.eu\/mini\/carballolandia-el-primer-parque-tematico-del-mundo-dedicado-al-carballo\/"]}]},{"@type":"ImageObject","inLanguage":"es","@id":"https:\/\/www.galiciamaxica.eu\/mini\/carballolandia-el-primer-parque-tematico-del-mundo-dedicado-al-carballo\/#primaryimage","url":"https:\/\/www.galiciamaxica.eu\/mini\/wp-content\/uploads\/2023\/02\/carballolandia-12.jpg","contentUrl":"https:\/\/www.galiciamaxica.eu\/mini\/wp-content\/uploads\/2023\/02\/carballolandia-12.jpg","width":900,"height":1200},{"@type":"BreadcrumbList","@id":"https:\/\/www.galiciamaxica.eu\/mini\/carballolandia-el-primer-parque-tematico-del-mundo-dedicado-al-carballo\/#breadcrumb","itemListElement":[{"@type":"ListItem","position":1,"name":"Portada","item":"https:\/\/www.galiciamaxica.eu\/mini\/"},{"@type":"ListItem","position":2,"name":"Carballolandia, el primer parque tem\u00e1tico del mundo dedicado al carballo\u00a0"}]},{"@type":"WebSite","@id":"https:\/\/www.galiciamaxica.eu\/mini\/#website","url":"https:\/\/www.galiciamaxica.eu\/mini\/","name":"Galicia con ni\u00f1os | GALICIA M\u00c1XICA","description":"Qu\u00e9 hacer con ni\u00f1os en Galicia","publisher":{"@id":"https:\/\/www.galiciamaxica.eu\/mini\/#\/schema\/person\/2b284fe2fd911000a48d2e8936300179"},"potentialAction":[{"@type":"SearchAction","target":{"@type":"EntryPoint","urlTemplate":"https:\/\/www.galiciamaxica.eu\/mini\/?s={search_term_string}"},"query-input":{"@type":"PropertyValueSpecification","valueRequired":true,"valueName":"search_term_string"}}],"inLanguage":"es"},{"@type":["Person","Organization"],"@id":"https:\/\/www.galiciamaxica.eu\/mini\/#\/schema\/person\/2b284fe2fd911000a48d2e8936300179","name":"seseixa","image":{"@type":"ImageObject","inLanguage":"es","@id":"https:\/\/www.galiciamaxica.eu\/mini\/#\/schema\/person\/image\/","url":"https:\/\/www.galiciamaxica.eu\/mini\/wp-content\/uploads\/2019\/02\/seseixa.png","contentUrl":"https:\/\/www.galiciamaxica.eu\/mini\/wp-content\/uploads\/2019\/02\/seseixa.png","width":100,"height":100,"caption":"seseixa"},"logo":{"@id":"https:\/\/www.galiciamaxica.eu\/mini\/#\/schema\/person\/image\/"},"description":"En la actualidad combinando dos proyectos que me apasionan, Galicia y los ni\u00f1os. Tengo mucho que aportar y otro tanto que aprender, as\u00ed como, el tiempo y el coraz\u00f3n, dividido en todo momento. Soy mam\u00e1, un titulo otorgado a tiempo completo, compa\u00f1era y amiga, a todas horas, familiar y cercana, siempre. De esp\u00edritu inquieto, soy una eterna ni\u00f1a que juega en el pa\u00eds de las maravillas. Una enamorada de mi tierra, por la que trabajo sin descanso. Creo en la infancia como motor que cambiar\u00e1 el mundo a mejor y busco en mi vida la felicidad como estado permanente porque s\u00f3lo se vive una vez.","sameAs":["http:\/\/mini.galiciamaxica.eu\/","https:\/\/www.facebook.com\/maria.rodriguezserantes","https:\/\/x.com\/seseixa"],"url":"https:\/\/www.galiciamaxica.eu\/mini\/author\/seseixa\/"}]}},"amp_enabled":true,"post_mailing_queue_ids":[],"_links":{"self":[{"href":"https:\/\/www.galiciamaxica.eu\/mini\/wp-json\/wp\/v2\/posts\/21064"}],"collection":[{"href":"https:\/\/www.galiciamaxica.eu\/mini\/wp-json\/wp\/v2\/posts"}],"about":[{"href":"https:\/\/www.galiciamaxica.eu\/mini\/wp-json\/wp\/v2\/types\/post"}],"author":[{"embeddable":true,"href":"https:\/\/www.galiciamaxica.eu\/mini\/wp-json\/wp\/v2\/users\/1"}],"replies":[{"embeddable":true,"href":"https:\/\/www.galiciamaxica.eu\/mini\/wp-json\/wp\/v2\/comments?post=21064"}],"version-history":[{"count":7,"href":"https:\/\/www.galiciamaxica.eu\/mini\/wp-json\/wp\/v2\/posts\/21064\/revisions"}],"predecessor-version":[{"id":21145,"href":"https:\/\/www.galiciamaxica.eu\/mini\/wp-json\/wp\/v2\/posts\/21064\/revisions\/21145"}],"wp:featuredmedia":[{"embeddable":true,"href":"https:\/\/www.galiciamaxica.eu\/mini\/wp-json\/wp\/v2\/media\/21077"}],"wp:attachment":[{"href":"https:\/\/www.galiciamaxica.eu\/mini\/wp-json\/wp\/v2\/media?parent=21064"}],"wp:term":[{"taxonomy":"category","embeddable":true,"href":"https:\/\/www.galiciamaxica.eu\/mini\/wp-json\/wp\/v2\/categories?post=21064"},{"taxonomy":"post_tag","embeddable":true,"href":"https:\/\/www.galiciamaxica.eu\/mini\/wp-json\/wp\/v2\/tags?post=21064"}],"curies":[{"name":"wp","href":"https:\/\/api.w.org\/{rel}","templated":true}]}}