{"id":21040,"date":"2023-02-10T20:14:29","date_gmt":"2023-02-10T19:14:29","guid":{"rendered":"https:\/\/www.galiciamaxica.eu\/mini\/?p=21040"},"modified":"2024-02-13T12:01:31","modified_gmt":"2024-02-13T11:01:31","slug":"visitamos-la-meca-de-la-alfareria-nino-da-guia","status":"publish","type":"post","link":"https:\/\/www.galiciamaxica.eu\/mini\/visitamos-la-meca-de-la-alfareria-nino-da-guia\/","title":{"rendered":"Visitamos la Meca de la alfarer\u00eda- Ni\u00f1odaguia"},"content":{"rendered":"\n<p>Hoy visitamos Ni\u00f1odaguia <strong><a href=\"https:\/\/www.xunqueiradeespadanedo.es\/alfareria-ninodaguia.html\">en el concello de Xunqueira de Espadanedo <\/a><\/strong>para acercar a los ni\u00f1os a la meca del arte de modelar con las manos la tierra. La magia de crear objetos a partir de lo que nos da la naturaleza y su tremenda importancia en nuestro d\u00eda a d\u00eda. <\/p>\n\n\n\n<h2 class=\"wp-block-heading\">O Ni\u00f1odaguia<\/h2>\n\n\n\n<p>\u00abO Ni\u00f1odaguia\u00bb ha sido reconocido por los investigadores como uno de los focos de mayor identidad y tradici\u00f3n alfarera del noroeste de la pen\u00ednsula ib\u00e9rica.\u200b Y hasta aqu\u00ed nos hemos venido para descubrir la alfarer\u00eda, este ancestral oficio de los alfareros.<\/p>\n\n\n\n<figure class=\"wp-block-image aligncenter size-large\"><a href=\"https:\/\/www.galiciamaxica.eu\/mini\/wp-content\/uploads\/2023\/02\/alfareria-10.jpg\"><img fetchpriority=\"high\" decoding=\"async\" width=\"768\" height=\"1024\" src=\"https:\/\/www.galiciamaxica.eu\/mini\/wp-content\/uploads\/2023\/02\/alfareria-10-768x1024.jpg\" alt=\"\" class=\"wp-image-21051\" srcset=\"https:\/\/www.galiciamaxica.eu\/mini\/wp-content\/uploads\/2023\/02\/alfareria-10-768x1024.jpg 768w, https:\/\/www.galiciamaxica.eu\/mini\/wp-content\/uploads\/2023\/02\/alfareria-10-225x300.jpg 225w, https:\/\/www.galiciamaxica.eu\/mini\/wp-content\/uploads\/2023\/02\/alfareria-10.jpg 900w\" sizes=\"(max-width: 768px) 100vw, 768px\" \/><\/a><\/figure>\n\n\n\n<h3 class=\"wp-block-heading\">Alfarer\u00eda<\/h3>\n\n\n\n<h4 class=\"wp-block-heading\">\u00bfQu\u00e9 es?<\/h4>\n\n\n\n<p>Se denomina alfarer\u00eda al&nbsp;arte de crear utilizando materiales como barro cocido. <\/p>\n\n\n\n<p>Aunque primero deber\u00edamos hablar de arcillas para alferer\u00eda que se clasifican en tres categor\u00edas: Barro de baja temperatura, Gres y Porcelana.<\/p>\n\n\n\n<figure class=\"wp-block-image aligncenter size-large\"><a href=\"https:\/\/www.galiciamaxica.eu\/mini\/wp-content\/uploads\/2023\/02\/alfareria-11.jpg\"><img decoding=\"async\" width=\"768\" height=\"1024\" src=\"https:\/\/www.galiciamaxica.eu\/mini\/wp-content\/uploads\/2023\/02\/alfareria-11-768x1024.jpg\" alt=\"\" class=\"wp-image-21052\" srcset=\"https:\/\/www.galiciamaxica.eu\/mini\/wp-content\/uploads\/2023\/02\/alfareria-11-768x1024.jpg 768w, https:\/\/www.galiciamaxica.eu\/mini\/wp-content\/uploads\/2023\/02\/alfareria-11-225x300.jpg 225w, https:\/\/www.galiciamaxica.eu\/mini\/wp-content\/uploads\/2023\/02\/alfareria-11.jpg 900w\" sizes=\"(max-width: 768px) 100vw, 768px\" \/><\/a><\/figure>\n\n\n\n<h4 class=\"wp-block-heading\">Barro<\/h4>\n\n\n\n<p>El material para la alfarer\u00eda de este concello se lo proporcionaba la beta de arcilla de Monte do Barro.<\/p>\n\n\n\n<p>Hay muchos tipos de barros, el que m\u00e1s abunda y que m\u00e1s se utiliza es el de tono marr\u00f3n (conocido como barro escamento) aunque tambi\u00e9n hay barro blanco, rojo, negros&#8230; pero <strong>\u00bfSab\u00edas que el que hay aqu\u00ed es \u00fanico en el mundo?<\/strong> Es amarillo.<\/p>\n\n\n\n<figure class=\"wp-block-image aligncenter size-large\"><img decoding=\"async\" src=\"https:\/\/www.xunqueiradeespadanedo.es\/assets\/images\/xunqueira-espadanedo-foto-niodaguia-museo-alfareria-6.webp\" alt=\"\"\/><\/figure>\n\n\n\n<p>Deciros que aqu\u00ed se habla en amarillo porque la producci\u00f3n, se caracterizada por el vidriado amarillo, que trasluce el color de la arcilla tambi\u00e9n amarillenta, Y esto le viene del material y de la antig\u00fcedad del proceso de horneado de las piezas que le confiere esa firma primitiva y arm\u00f3nica, a la que muchos le llaman tradicional. <\/p>\n\n\n\n<figure class=\"wp-block-image aligncenter size-large\"><a href=\"https:\/\/www.galiciamaxica.eu\/mini\/wp-content\/uploads\/2023\/02\/alfareria-2.jpg\"><img decoding=\"async\" width=\"768\" height=\"1024\" src=\"https:\/\/www.galiciamaxica.eu\/mini\/wp-content\/uploads\/2023\/02\/alfareria-2-768x1024.jpg\" alt=\"\" class=\"wp-image-21043\" srcset=\"https:\/\/www.galiciamaxica.eu\/mini\/wp-content\/uploads\/2023\/02\/alfareria-2-768x1024.jpg 768w, https:\/\/www.galiciamaxica.eu\/mini\/wp-content\/uploads\/2023\/02\/alfareria-2-225x300.jpg 225w, https:\/\/www.galiciamaxica.eu\/mini\/wp-content\/uploads\/2023\/02\/alfareria-2.jpg 900w\" sizes=\"(max-width: 768px) 100vw, 768px\" \/><\/a><\/figure>\n\n\n\n<p class=\"has-text-align-center\"><strong>\u00bfSab\u00edas que la rueda del alfarero es un invento antiqu\u00edsimo y tiene sus or\u00edgenes hace<br>aproximadamente 6000 a\u00f1os?<\/strong><\/p>\n\n\n\n<h3 class=\"wp-block-heading\">&nbsp;Alfarero<\/h3>\n\n\n\n<p>Aqu\u00ed a los que realizan este especial oficio se les llama \u00bbcacharreiros\u00bb de Ni\u00f1odaguia, o tambi\u00e9n conocidos como \u00bbxarreiros\u00bb o \u00bbcalleiros\u00bb<\/p>\n\n\n\n<figure class=\"wp-block-image aligncenter size-large\"><a href=\"https:\/\/www.galiciamaxica.eu\/mini\/wp-content\/uploads\/2023\/02\/alfareria-1.jpg\"><img loading=\"lazy\" decoding=\"async\" width=\"768\" height=\"1024\" src=\"https:\/\/www.galiciamaxica.eu\/mini\/wp-content\/uploads\/2023\/02\/alfareria-1-768x1024.jpg\" alt=\"\" class=\"wp-image-21042\" srcset=\"https:\/\/www.galiciamaxica.eu\/mini\/wp-content\/uploads\/2023\/02\/alfareria-1-768x1024.jpg 768w, https:\/\/www.galiciamaxica.eu\/mini\/wp-content\/uploads\/2023\/02\/alfareria-1-225x300.jpg 225w, https:\/\/www.galiciamaxica.eu\/mini\/wp-content\/uploads\/2023\/02\/alfareria-1.jpg 900w\" sizes=\"(max-width: 768px) 100vw, 768px\" \/><\/a><\/figure>\n\n\n\n<h3 class=\"wp-block-heading\">Hornos comunales de Ni\u00f1odaguia<\/h3>\n\n\n\n<p>Estamos visitando un importante patrimonio gallego y<a href=\"https:\/\/www.xunqueiradeespadanedo.es\/alfareria-ninodaguia.html#header03-s3\"> un lugar emblem\u00e1tico a nivel internacional.<\/a> Se conservan en este lugar tres hornos comunales exteriores que han sido restaurados recientemente y que cuentan con m\u00e1s de 150 a\u00f1os de antig\u00fcedad.<\/p>\n\n\n\n<figure class=\"wp-block-image aligncenter size-large\"><a href=\"https:\/\/www.galiciamaxica.eu\/mini\/wp-content\/uploads\/2023\/02\/alfareria-6.jpg\"><img loading=\"lazy\" decoding=\"async\" width=\"768\" height=\"1024\" src=\"https:\/\/www.galiciamaxica.eu\/mini\/wp-content\/uploads\/2023\/02\/alfareria-6-768x1024.jpg\" alt=\"\" class=\"wp-image-21047\" srcset=\"https:\/\/www.galiciamaxica.eu\/mini\/wp-content\/uploads\/2023\/02\/alfareria-6-768x1024.jpg 768w, https:\/\/www.galiciamaxica.eu\/mini\/wp-content\/uploads\/2023\/02\/alfareria-6-225x300.jpg 225w, https:\/\/www.galiciamaxica.eu\/mini\/wp-content\/uploads\/2023\/02\/alfareria-6.jpg 900w\" sizes=\"(max-width: 768px) 100vw, 768px\" \/><\/a><\/figure>\n\n\n\n<h4 class=\"wp-block-heading\">En la visita<\/h4>\n\n\n\n<p>Recuerda siempre antes de empezar una visita acercar a los ni\u00f1os a los paneles interpretativos son fuente de informaci\u00f3n y una gran manera de enriquecer la visita porque en ellos te encontrar\u00e1s muchas pistas de lo que vamos a visitar.<\/p>\n\n\n\n<figure class=\"wp-block-image aligncenter size-large\"><a href=\"https:\/\/www.galiciamaxica.eu\/mini\/wp-content\/uploads\/2023\/02\/alfareria-3.jpg\"><img loading=\"lazy\" decoding=\"async\" width=\"768\" height=\"1024\" src=\"https:\/\/www.galiciamaxica.eu\/mini\/wp-content\/uploads\/2023\/02\/alfareria-3-768x1024.jpg\" alt=\"\" class=\"wp-image-21044\" srcset=\"https:\/\/www.galiciamaxica.eu\/mini\/wp-content\/uploads\/2023\/02\/alfareria-3-768x1024.jpg 768w, https:\/\/www.galiciamaxica.eu\/mini\/wp-content\/uploads\/2023\/02\/alfareria-3-225x300.jpg 225w, https:\/\/www.galiciamaxica.eu\/mini\/wp-content\/uploads\/2023\/02\/alfareria-3.jpg 900w\" sizes=\"(max-width: 768px) 100vw, 768px\" \/><\/a><\/figure>\n\n\n\n<p>No olvides que lo mejor es que sean ellos los que los lean (claro est\u00e1 si saben leer y tiene la capacidad de entender lo que leen) y en ese mismo instante nos planteen sus dudas. <\/p>\n\n\n\n<figure class=\"wp-block-image aligncenter size-large\"><a href=\"https:\/\/www.galiciamaxica.eu\/mini\/wp-content\/uploads\/2023\/02\/alfareria-12.jpg\"><img loading=\"lazy\" decoding=\"async\" width=\"768\" height=\"1024\" src=\"https:\/\/www.galiciamaxica.eu\/mini\/wp-content\/uploads\/2023\/02\/alfareria-12-768x1024.jpg\" alt=\"\" class=\"wp-image-21053\" srcset=\"https:\/\/www.galiciamaxica.eu\/mini\/wp-content\/uploads\/2023\/02\/alfareria-12-768x1024.jpg 768w, https:\/\/www.galiciamaxica.eu\/mini\/wp-content\/uploads\/2023\/02\/alfareria-12-225x300.jpg 225w, https:\/\/www.galiciamaxica.eu\/mini\/wp-content\/uploads\/2023\/02\/alfareria-12.jpg 900w\" sizes=\"(max-width: 768px) 100vw, 768px\" \/><\/a><\/figure>\n\n\n\n<p>Durante la visita es bueno el aportar nosotros m\u00e1s informaci\u00f3n para enriquecer el contenido que se facilita en los mismos paneles y ya teniendo delante lo que vamos a descubrir.<\/p>\n\n\n\n<figure class=\"wp-block-image aligncenter size-large\"><a href=\"https:\/\/www.galiciamaxica.eu\/mini\/wp-content\/uploads\/2023\/02\/alfareria-8.jpg\"><img loading=\"lazy\" decoding=\"async\" width=\"768\" height=\"1024\" src=\"https:\/\/www.galiciamaxica.eu\/mini\/wp-content\/uploads\/2023\/02\/alfareria-8-768x1024.jpg\" alt=\"\" class=\"wp-image-21049\" srcset=\"https:\/\/www.galiciamaxica.eu\/mini\/wp-content\/uploads\/2023\/02\/alfareria-8-768x1024.jpg 768w, https:\/\/www.galiciamaxica.eu\/mini\/wp-content\/uploads\/2023\/02\/alfareria-8-225x300.jpg 225w, https:\/\/www.galiciamaxica.eu\/mini\/wp-content\/uploads\/2023\/02\/alfareria-8.jpg 900w\" sizes=\"(max-width: 768px) 100vw, 768px\" \/><\/a><\/figure>\n\n\n\n<p>Todas, todas las visitas familiares han de adaptarse a las edades de los ni\u00f1os, lo de no empezar por el tejado se hace extensivo a todo, sobre todo al c\u00f3mo se les debe acercar al patrimonio.<\/p>\n\n\n\n<figure class=\"wp-block-image aligncenter size-large\"><a href=\"https:\/\/www.galiciamaxica.eu\/mini\/wp-content\/uploads\/2023\/02\/alfareria-7.jpg\"><img loading=\"lazy\" decoding=\"async\" width=\"768\" height=\"1024\" src=\"https:\/\/www.galiciamaxica.eu\/mini\/wp-content\/uploads\/2023\/02\/alfareria-7-768x1024.jpg\" alt=\"\" class=\"wp-image-21048\" srcset=\"https:\/\/www.galiciamaxica.eu\/mini\/wp-content\/uploads\/2023\/02\/alfareria-7-768x1024.jpg 768w, https:\/\/www.galiciamaxica.eu\/mini\/wp-content\/uploads\/2023\/02\/alfareria-7-225x300.jpg 225w, https:\/\/www.galiciamaxica.eu\/mini\/wp-content\/uploads\/2023\/02\/alfareria-7.jpg 900w\" sizes=\"(max-width: 768px) 100vw, 768px\" \/><\/a><\/figure>\n\n\n\n<h5 class=\"wp-block-heading\">V\u00eddeo <\/h5>\n\n\n\n<figure class=\"wp-block-embed is-type-video is-provider-youtube wp-block-embed-youtube wp-embed-aspect-16-9 wp-has-aspect-ratio\"><div class=\"wp-block-embed__wrapper\">\n<div class=\"ast-oembed-container \" style=\"height: 100%;\"><iframe title=\"Fornada tradicional en Ni\u00f1odaguia\" width=\"500\" height=\"281\" src=\"https:\/\/www.youtube.com\/embed\/EdeSBpT46gU?feature=oembed\" frameborder=\"0\" allow=\"accelerometer; autoplay; clipboard-write; encrypted-media; gyroscope; picture-in-picture; web-share\" referrerpolicy=\"strict-origin-when-cross-origin\" allowfullscreen><\/iframe><\/div>\n<\/div><\/figure>\n\n\n\n<p>No os olvid\u00e9is que muy cerquita ten\u00e9is un centro interpretativo que os recomiendo visitar. <\/p>\n\n\n\n<p><strong><a href=\"https:\/\/www.xunqueiradeespadanedo.es\/alfareria-ninodaguia.html#header03-s3\">El Museo taller de Oler\u00eda de Ni\u00f1odaguia<\/a><\/strong><\/p>\n\n\n\n<figure class=\"wp-block-image aligncenter size-large\"><img decoding=\"async\" src=\"https:\/\/www.xunqueiradeespadanedo.es\/assets\/images\/xunqueira-espadanedo-foto-niodaguia-museo-alfareria-15.webp\" alt=\"\"\/><figcaption class=\"wp-element-caption\"><strong><a href=\"https:\/\/www.xunqueiradeespadanedo.es\/alfareria-ninodaguia.html#header03-s3\">ENLACE RESERVAS<\/a><\/strong><\/figcaption><\/figure>\n\n\n\n<p><strong>Precios<\/strong><\/p>\n\n\n\n<p>La entrada al museo tiene un coste simb\u00f3lico de 2\u20ac o reducido de 1,5\u20ac para menores de 15 a\u00f1os. Es esta entrada la que nos permite que las puertas del museo est\u00e9n abiertas a todos vosotros<\/p>\n\n\n\n<figure class=\"wp-block-image aligncenter size-large\"><img decoding=\"async\" src=\"https:\/\/www.galiciamaxica.eu\/wp-content\/uploads\/2016\/03\/Monasterio-de-Xunqueira-de-Espadanedo-1024x683.jpg\" alt=\"\"\/><figcaption class=\"wp-element-caption\"><a href=\"https:\/\/www.galiciamaxica.eu\/galicia\/ourense\/mosteiro-de-xunqueira\/\">Cerca del Monasterio<\/a><\/figcaption><\/figure>\n\n\n\n<p>Ten\u00e9is la posibilidad si ten\u00e9is tiempo de coger la combinada con <strong><a href=\"https:\/\/www.galiciamaxica.eu\/galicia\/ourense\/mosteiro-de-xunqueira\/\">Monasterio de Xunqueira de Espadanedo <\/a><\/strong>el precio son 3\u20ac \/ 2,50\u20ac (reducido<\/p>\n\n\n\n<figure class=\"wp-block-image aligncenter size-large\"><img decoding=\"async\" src=\"https:\/\/www.xunqueiradeespadanedo.es\/assets\/images\/xunqueira-espadanedo-foto-niodaguia-museo-alfareria-5.webp\" alt=\"\"\/><figcaption class=\"wp-element-caption\"><strong><a href=\"https:\/\/www.xunqueiradeespadanedo.es\/alfareria-ninodaguia.html\">ENLACE MUSEO<\/a><\/strong><\/figcaption><\/figure>\n\n\n\n<p><strong>Horarios<\/strong><\/p>\n\n\n\n<p>De mi\u00e9rcoles a domingo: Visitas guiadas a las 10:00, 11:00, 12:00, 13:00, 16:00, 17:00, 18:00 y 19:00 horas.<br>Aforo m\u00e1ximo: 10 personas<\/p>\n\n\n\n<h4 class=\"wp-block-heading\">Antes de la visita<\/h4>\n\n\n\n<p>Ser\u00eda estupendo en todas las excursiones un antes, planeamos juntos el viaje, descubrimos lo que vamos a visitar y se les va poniendo en situaci\u00f3n, hoy la tem\u00e1tica ser\u00e1 un importante oficio. <\/p>\n\n\n\n<figure class=\"wp-block-image aligncenter size-large\"><a href=\"https:\/\/www.galiciamaxica.eu\/mini\/wp-content\/uploads\/2023\/02\/alfareria-14.jpg\"><img loading=\"lazy\" decoding=\"async\" width=\"768\" height=\"1024\" src=\"https:\/\/www.galiciamaxica.eu\/mini\/wp-content\/uploads\/2023\/02\/alfareria-14-768x1024.jpg\" alt=\"\" class=\"wp-image-21055\" srcset=\"https:\/\/www.galiciamaxica.eu\/mini\/wp-content\/uploads\/2023\/02\/alfareria-14-768x1024.jpg 768w, https:\/\/www.galiciamaxica.eu\/mini\/wp-content\/uploads\/2023\/02\/alfareria-14-225x300.jpg 225w, https:\/\/www.galiciamaxica.eu\/mini\/wp-content\/uploads\/2023\/02\/alfareria-14.jpg 900w\" sizes=\"(max-width: 768px) 100vw, 768px\" \/><\/a><\/figure>\n\n\n\n<p>Es importante porque creamos expectativa, no es lo mismo llegar sabiendo que es lo que vamos a visitar que no tengamos idea de lo que estamos viendo y se nos haga poco divertido.<\/p>\n\n\n\n<figure class=\"wp-block-image aligncenter size-large\"><a href=\"https:\/\/www.galiciamaxica.eu\/mini\/wp-content\/uploads\/2023\/02\/alfareria-13.jpg\"><img loading=\"lazy\" decoding=\"async\" width=\"768\" height=\"1024\" src=\"https:\/\/www.galiciamaxica.eu\/mini\/wp-content\/uploads\/2023\/02\/alfareria-13-768x1024.jpg\" alt=\"\" class=\"wp-image-21054\" srcset=\"https:\/\/www.galiciamaxica.eu\/mini\/wp-content\/uploads\/2023\/02\/alfareria-13-768x1024.jpg 768w, https:\/\/www.galiciamaxica.eu\/mini\/wp-content\/uploads\/2023\/02\/alfareria-13-225x300.jpg 225w, https:\/\/www.galiciamaxica.eu\/mini\/wp-content\/uploads\/2023\/02\/alfareria-13.jpg 900w\" sizes=\"(max-width: 768px) 100vw, 768px\" \/><\/a><\/figure>\n\n\n\n<p>Por ejemplo en nuestro d\u00eda a d\u00eda est\u00e1 muy presente este ancestral oficio, mucho m\u00e1s de lo que podemos pensar y lo  utilizamos a diario, que objetos tienen en \u00e9l su origen, su gran maestro.<\/p>\n\n\n\n<p class=\"has-text-align-center\">Juego objetos alfareros, podemos decirlos antes, durante y despu\u00e9s de la visita <strong>\u00bfQui\u00e9n dir\u00e1 m\u00e1s?<\/strong><\/p>\n\n\n\n<figure class=\"wp-block-image aligncenter size-large\"><a href=\"https:\/\/www.galiciamaxica.eu\/mini\/wp-content\/uploads\/2023\/02\/alfareria-14.jpg\"><img loading=\"lazy\" decoding=\"async\" width=\"768\" height=\"1024\" src=\"https:\/\/www.galiciamaxica.eu\/mini\/wp-content\/uploads\/2023\/02\/alfareria-14-768x1024.jpg\" alt=\"\" class=\"wp-image-21055\" srcset=\"https:\/\/www.galiciamaxica.eu\/mini\/wp-content\/uploads\/2023\/02\/alfareria-14-768x1024.jpg 768w, https:\/\/www.galiciamaxica.eu\/mini\/wp-content\/uploads\/2023\/02\/alfareria-14-225x300.jpg 225w, https:\/\/www.galiciamaxica.eu\/mini\/wp-content\/uploads\/2023\/02\/alfareria-14.jpg 900w\" sizes=\"(max-width: 768px) 100vw, 768px\" \/><\/a><\/figure>\n\n\n\n<h4 class=\"wp-block-heading\">Despu\u00e9s de la visita<\/h4>\n\n\n\n<p>Ser\u00eda tambi\u00e9n ideal un despu\u00e9s de la visita, compartiendo lo que hemos aprendido, ampliando informaci\u00f3n al llegar a casa, disfrutando juntos de hacer algo con las manos, algo nuestro<strong><a href=\"https:\/\/www.superprof.es\/blog\/clases-ceramica-ninos\/\"> convirti\u00e9ndonos en alfareros <\/a><\/strong>(comprar barro o plastilina).  <\/p>\n\n\n\n<figure class=\"wp-block-image aligncenter size-full\"><a href=\"https:\/\/www.galiciamaxica.eu\/mini\/wp-content\/uploads\/2023\/02\/Poza-dos-Fumes_68-1024x683-1.jpg\"><img loading=\"lazy\" decoding=\"async\" width=\"731\" height=\"481\" src=\"https:\/\/www.galiciamaxica.eu\/mini\/wp-content\/uploads\/2023\/02\/Poza-dos-Fumes_68-1024x683-1.jpg\" alt=\"\" class=\"wp-image-21056\" srcset=\"https:\/\/www.galiciamaxica.eu\/mini\/wp-content\/uploads\/2023\/02\/Poza-dos-Fumes_68-1024x683-1.jpg 731w, https:\/\/www.galiciamaxica.eu\/mini\/wp-content\/uploads\/2023\/02\/Poza-dos-Fumes_68-1024x683-1-300x197.jpg 300w\" sizes=\"(max-width: 731px) 100vw, 731px\" \/><\/a><\/figure>\n\n\n\n<h2 class=\"wp-block-heading\">MAPA DE LO QUE VAMOS A VISITAR<\/h2>\n\n\n\n<p>Os dejo tambi\u00e9n en el mapa adem\u00e1s del <strong><a href=\"https:\/\/www.galiciamaxica.eu\/galicia\/ourense\/mosteiro-de-xunqueira\/\">monasterio<\/a><\/strong> de <strong><a href=\"https:\/\/www.galiciamaxica.eu\/mini\/uno-de-los-miradores-mas-originales-de-galicia\/\">uno de los miradores m\u00e1s originales de Galicia<\/a> <\/strong>porque lo ten\u00e9is en este concello y es una pena si ten\u00e9is tiempo no vay\u00e1is a visitarlo. A los ni\u00f1os les va a encantar, se le conoce como el de las tres sillas o el de ricitos de oro.<\/p>\n\n\n\n<iframe src=\"https:\/\/www.google.com\/maps\/d\/u\/0\/embed?mid=1TL-oPUzEejimG_RH6bBE_3kap8z-1Fo&amp;ehbc=2E312F\" width=\"640\" height=\"480\"><\/iframe>\n\n\n\n<h2 class=\"wp-block-heading\">Entrada relacionada &#8211; viaje al mirador de Xunqueira de Espadanedo<\/h2>\n\n\n\n<figure class=\"wp-block-image aligncenter size-full\"><a href=\"https:\/\/www.galiciamaxica.eu\/mini\/wp-content\/uploads\/2023\/02\/image.png\"><img loading=\"lazy\" decoding=\"async\" width=\"768\" height=\"1024\" src=\"https:\/\/www.galiciamaxica.eu\/mini\/wp-content\/uploads\/2023\/02\/image.png\" alt=\"\" class=\"wp-image-21057\" srcset=\"https:\/\/www.galiciamaxica.eu\/mini\/wp-content\/uploads\/2023\/02\/image.png 768w, https:\/\/www.galiciamaxica.eu\/mini\/wp-content\/uploads\/2023\/02\/image-225x300.png 225w\" sizes=\"(max-width: 768px) 100vw, 768px\" \/><\/a><\/figure>\n\n\n\n<figure class=\"wp-block-embed is-type-wp-embed is-provider-galicia-con-ni-os-galicia-m-xica wp-block-embed-galicia-con-ni-os-galicia-m-xica\">\n<blockquote class=\"wp-embedded-content\" data-secret=\"Ow8Appi68q\"><a href=\"https:\/\/www.galiciamaxica.eu\/mini\/uno-de-los-miradores-mas-originales-de-galicia\/\">Uno de los miradores m\u00e1s originales de Galicia<\/a><\/blockquote><iframe class=\"wp-embedded-content\" sandbox=\"allow-scripts\" security=\"restricted\" style=\"position: absolute; visibility: hidden;\" title=\"\u00abUno de los miradores m\u00e1s originales de Galicia\u00bb \u2014 Galicia con ni\u00f1os | GALICIA M\u00c1XICA\" src=\"https:\/\/www.galiciamaxica.eu\/mini\/uno-de-los-miradores-mas-originales-de-galicia\/embed\/#?secret=w5xLX8hAU2#?secret=Ow8Appi68q\" data-secret=\"Ow8Appi68q\" width=\"500\" height=\"282\" frameborder=\"0\" marginwidth=\"0\" marginheight=\"0\" scrolling=\"no\"><\/iframe>\n<\/figure>\n\n\n\n<p><\/p>\n","protected":false},"excerpt":{"rendered":"<p>Hoy visitamos Ni\u00f1odaguia en el concello de Xunqueira de Espadanedo para acercar a los ni\u00f1os a la meca del arte de modelar con las manos la tierra. La magia de crear objetos a partir de lo que nos da la naturaleza y su tremenda importancia en nuestro d\u00eda a d\u00eda. O Ni\u00f1odaguia \u00abO Ni\u00f1odaguia\u00bb ha [&hellip;]<\/p>\n","protected":false},"author":1,"featured_media":21042,"comment_status":"open","ping_status":"closed","sticky":false,"template":"","format":"standard","meta":{"_eb_attr":"","site-sidebar-layout":"default","site-content-layout":"","ast-site-content-layout":"default","site-content-style":"default","site-sidebar-style":"default","ast-global-header-display":"","ast-banner-title-visibility":"","ast-main-header-display":"","ast-hfb-above-header-display":"","ast-hfb-below-header-display":"","ast-hfb-mobile-header-display":"","site-post-title":"","ast-breadcrumbs-content":"","ast-featured-img":"","footer-sml-layout":"","theme-transparent-header-meta":"","adv-header-id-meta":"","stick-header-meta":"","header-above-stick-meta":"","header-main-stick-meta":"","header-below-stick-meta":"","astra-migrate-meta-layouts":"set","ast-page-background-enabled":"default","ast-page-background-meta":{"desktop":{"background-color":"","background-image":"","background-repeat":"repeat","background-position":"center center","background-size":"auto","background-attachment":"scroll","background-type":"","background-media":"","overlay-type":"","overlay-color":"","overlay-opacity":"","overlay-gradient":""},"tablet":{"background-color":"","background-image":"","background-repeat":"repeat","background-position":"center center","background-size":"auto","background-attachment":"scroll","background-type":"","background-media":"","overlay-type":"","overlay-color":"","overlay-opacity":"","overlay-gradient":""},"mobile":{"background-color":"","background-image":"","background-repeat":"repeat","background-position":"center center","background-size":"auto","background-attachment":"scroll","background-type":"","background-media":"","overlay-type":"","overlay-color":"","overlay-opacity":"","overlay-gradient":""}},"ast-content-background-meta":{"desktop":{"background-color":"var(--ast-global-color-5)","background-image":"","background-repeat":"repeat","background-position":"center center","background-size":"auto","background-attachment":"scroll","background-type":"","background-media":"","overlay-type":"","overlay-color":"","overlay-opacity":"","overlay-gradient":""},"tablet":{"background-color":"var(--ast-global-color-5)","background-image":"","background-repeat":"repeat","background-position":"center center","background-size":"auto","background-attachment":"scroll","background-type":"","background-media":"","overlay-type":"","overlay-color":"","overlay-opacity":"","overlay-gradient":""},"mobile":{"background-color":"var(--ast-global-color-5)","background-image":"","background-repeat":"repeat","background-position":"center center","background-size":"auto","background-attachment":"scroll","background-type":"","background-media":"","overlay-type":"","overlay-color":"","overlay-opacity":"","overlay-gradient":""}},"footnotes":""},"categories":[12,51],"tags":[25,2],"class_list":["post-21040","post","type-post","status-publish","format-standard","has-post-thumbnail","hentry","category-museos","category-ourense","tag-galicia","tag-ninos"],"yoast_head":"<!-- This site is optimized with the Yoast SEO plugin v24.9 - https:\/\/yoast.com\/wordpress\/plugins\/seo\/ -->\n<title>Visitamos la Meca de la alfarer\u00eda- Ni\u00f1odaguia - Galicia con ni\u00f1os | GALICIA M\u00c1XICA<\/title>\n<meta name=\"description\" content=\"Hoy visitamos Ni\u00f1o da Guia en el concello de Xunqueira de Espadanedo para acercar a los ni\u00f1os a la meca del arte de modelar con las manos la tierra.\" \/>\n<meta name=\"robots\" content=\"index, follow, max-snippet:-1, max-image-preview:large, max-video-preview:-1\" \/>\n<link rel=\"canonical\" href=\"https:\/\/www.galiciamaxica.eu\/mini\/visitamos-la-meca-de-la-alfareria-nino-da-guia\/\" \/>\n<meta property=\"og:locale\" content=\"es_ES\" \/>\n<meta property=\"og:type\" content=\"article\" \/>\n<meta property=\"og:title\" content=\"Visitamos la Meca de la alfarer\u00eda- Ni\u00f1odaguia - Galicia con ni\u00f1os | GALICIA M\u00c1XICA\" \/>\n<meta property=\"og:description\" content=\"Hoy visitamos Ni\u00f1o da Guia en el concello de Xunqueira de Espadanedo para acercar a los ni\u00f1os a la meca del arte de modelar con las manos la tierra.\" \/>\n<meta property=\"og:url\" content=\"https:\/\/www.galiciamaxica.eu\/mini\/visitamos-la-meca-de-la-alfareria-nino-da-guia\/\" \/>\n<meta property=\"og:site_name\" content=\"Galicia con ni\u00f1os | GALICIA M\u00c1XICA\" \/>\n<meta property=\"article:publisher\" content=\"https:\/\/www.facebook.com\/maria.rodriguezserantes\" \/>\n<meta property=\"article:author\" content=\"https:\/\/www.facebook.com\/maria.rodriguezserantes\" \/>\n<meta property=\"article:published_time\" content=\"2023-02-10T19:14:29+00:00\" \/>\n<meta property=\"article:modified_time\" content=\"2024-02-13T11:01:31+00:00\" \/>\n<meta property=\"og:image\" content=\"https:\/\/www.galiciamaxica.eu\/mini\/wp-content\/uploads\/2023\/02\/alfareria-1.jpg\" \/>\n\t<meta property=\"og:image:width\" content=\"900\" \/>\n\t<meta property=\"og:image:height\" content=\"1200\" \/>\n\t<meta property=\"og:image:type\" content=\"image\/jpeg\" \/>\n<meta name=\"author\" content=\"seseixa\" \/>\n<meta name=\"twitter:card\" content=\"summary_large_image\" \/>\n<meta name=\"twitter:creator\" content=\"@seseixa\" \/>\n<meta name=\"twitter:site\" content=\"@seseixa\" \/>\n<meta name=\"twitter:label1\" content=\"Escrito por\" \/>\n\t<meta name=\"twitter:data1\" content=\"seseixa\" \/>\n\t<meta name=\"twitter:label2\" content=\"Tiempo de lectura\" \/>\n\t<meta name=\"twitter:data2\" content=\"8 minutos\" \/>\n<script type=\"application\/ld+json\" class=\"yoast-schema-graph\">{\"@context\":\"https:\/\/schema.org\",\"@graph\":[{\"@type\":\"Article\",\"@id\":\"https:\/\/www.galiciamaxica.eu\/mini\/visitamos-la-meca-de-la-alfareria-nino-da-guia\/#article\",\"isPartOf\":{\"@id\":\"https:\/\/www.galiciamaxica.eu\/mini\/visitamos-la-meca-de-la-alfareria-nino-da-guia\/\"},\"author\":{\"name\":\"seseixa\",\"@id\":\"https:\/\/www.galiciamaxica.eu\/mini\/#\/schema\/person\/2b284fe2fd911000a48d2e8936300179\"},\"headline\":\"Visitamos la Meca de la alfarer\u00eda- Ni\u00f1odaguia\",\"datePublished\":\"2023-02-10T19:14:29+00:00\",\"dateModified\":\"2024-02-13T11:01:31+00:00\",\"mainEntityOfPage\":{\"@id\":\"https:\/\/www.galiciamaxica.eu\/mini\/visitamos-la-meca-de-la-alfareria-nino-da-guia\/\"},\"wordCount\":902,\"commentCount\":2,\"publisher\":{\"@id\":\"https:\/\/www.galiciamaxica.eu\/mini\/#\/schema\/person\/2b284fe2fd911000a48d2e8936300179\"},\"image\":{\"@id\":\"https:\/\/www.galiciamaxica.eu\/mini\/visitamos-la-meca-de-la-alfareria-nino-da-guia\/#primaryimage\"},\"thumbnailUrl\":\"https:\/\/www.galiciamaxica.eu\/mini\/wp-content\/uploads\/2023\/02\/alfareria-1.jpg\",\"keywords\":[\"Galicia\",\"ni\u00f1os\"],\"articleSection\":[\"MUSEOS\",\"OURENSE\"],\"inLanguage\":\"es\",\"potentialAction\":[{\"@type\":\"CommentAction\",\"name\":\"Comment\",\"target\":[\"https:\/\/www.galiciamaxica.eu\/mini\/visitamos-la-meca-de-la-alfareria-nino-da-guia\/#respond\"]}]},{\"@type\":\"WebPage\",\"@id\":\"https:\/\/www.galiciamaxica.eu\/mini\/visitamos-la-meca-de-la-alfareria-nino-da-guia\/\",\"url\":\"https:\/\/www.galiciamaxica.eu\/mini\/visitamos-la-meca-de-la-alfareria-nino-da-guia\/\",\"name\":\"Visitamos la Meca de la alfarer\u00eda- Ni\u00f1odaguia - Galicia con ni\u00f1os | GALICIA M\u00c1XICA\",\"isPartOf\":{\"@id\":\"https:\/\/www.galiciamaxica.eu\/mini\/#website\"},\"primaryImageOfPage\":{\"@id\":\"https:\/\/www.galiciamaxica.eu\/mini\/visitamos-la-meca-de-la-alfareria-nino-da-guia\/#primaryimage\"},\"image\":{\"@id\":\"https:\/\/www.galiciamaxica.eu\/mini\/visitamos-la-meca-de-la-alfareria-nino-da-guia\/#primaryimage\"},\"thumbnailUrl\":\"https:\/\/www.galiciamaxica.eu\/mini\/wp-content\/uploads\/2023\/02\/alfareria-1.jpg\",\"datePublished\":\"2023-02-10T19:14:29+00:00\",\"dateModified\":\"2024-02-13T11:01:31+00:00\",\"description\":\"Hoy visitamos Ni\u00f1o da Guia en el concello de Xunqueira de Espadanedo para acercar a los ni\u00f1os a la meca del arte de modelar con las manos la tierra.\",\"breadcrumb\":{\"@id\":\"https:\/\/www.galiciamaxica.eu\/mini\/visitamos-la-meca-de-la-alfareria-nino-da-guia\/#breadcrumb\"},\"inLanguage\":\"es\",\"potentialAction\":[{\"@type\":\"ReadAction\",\"target\":[\"https:\/\/www.galiciamaxica.eu\/mini\/visitamos-la-meca-de-la-alfareria-nino-da-guia\/\"]}]},{\"@type\":\"ImageObject\",\"inLanguage\":\"es\",\"@id\":\"https:\/\/www.galiciamaxica.eu\/mini\/visitamos-la-meca-de-la-alfareria-nino-da-guia\/#primaryimage\",\"url\":\"https:\/\/www.galiciamaxica.eu\/mini\/wp-content\/uploads\/2023\/02\/alfareria-1.jpg\",\"contentUrl\":\"https:\/\/www.galiciamaxica.eu\/mini\/wp-content\/uploads\/2023\/02\/alfareria-1.jpg\",\"width\":900,\"height\":1200},{\"@type\":\"BreadcrumbList\",\"@id\":\"https:\/\/www.galiciamaxica.eu\/mini\/visitamos-la-meca-de-la-alfareria-nino-da-guia\/#breadcrumb\",\"itemListElement\":[{\"@type\":\"ListItem\",\"position\":1,\"name\":\"Portada\",\"item\":\"https:\/\/www.galiciamaxica.eu\/mini\/\"},{\"@type\":\"ListItem\",\"position\":2,\"name\":\"Visitamos la Meca de la alfarer\u00eda- Ni\u00f1odaguia\"}]},{\"@type\":\"WebSite\",\"@id\":\"https:\/\/www.galiciamaxica.eu\/mini\/#website\",\"url\":\"https:\/\/www.galiciamaxica.eu\/mini\/\",\"name\":\"Galicia con ni\u00f1os | GALICIA M\u00c1XICA\",\"description\":\"Qu\u00e9 hacer con ni\u00f1os en Galicia\",\"publisher\":{\"@id\":\"https:\/\/www.galiciamaxica.eu\/mini\/#\/schema\/person\/2b284fe2fd911000a48d2e8936300179\"},\"potentialAction\":[{\"@type\":\"SearchAction\",\"target\":{\"@type\":\"EntryPoint\",\"urlTemplate\":\"https:\/\/www.galiciamaxica.eu\/mini\/?s={search_term_string}\"},\"query-input\":{\"@type\":\"PropertyValueSpecification\",\"valueRequired\":true,\"valueName\":\"search_term_string\"}}],\"inLanguage\":\"es\"},{\"@type\":[\"Person\",\"Organization\"],\"@id\":\"https:\/\/www.galiciamaxica.eu\/mini\/#\/schema\/person\/2b284fe2fd911000a48d2e8936300179\",\"name\":\"seseixa\",\"image\":{\"@type\":\"ImageObject\",\"inLanguage\":\"es\",\"@id\":\"https:\/\/www.galiciamaxica.eu\/mini\/#\/schema\/person\/image\/\",\"url\":\"https:\/\/www.galiciamaxica.eu\/mini\/wp-content\/uploads\/2019\/02\/seseixa.png\",\"contentUrl\":\"https:\/\/www.galiciamaxica.eu\/mini\/wp-content\/uploads\/2019\/02\/seseixa.png\",\"width\":100,\"height\":100,\"caption\":\"seseixa\"},\"logo\":{\"@id\":\"https:\/\/www.galiciamaxica.eu\/mini\/#\/schema\/person\/image\/\"},\"description\":\"En la actualidad combinando dos proyectos que me apasionan, Galicia y los ni\u00f1os. Tengo mucho que aportar y otro tanto que aprender, as\u00ed como, el tiempo y el coraz\u00f3n, dividido en todo momento. Soy mam\u00e1, un titulo otorgado a tiempo completo, compa\u00f1era y amiga, a todas horas, familiar y cercana, siempre. De esp\u00edritu inquieto, soy una eterna ni\u00f1a que juega en el pa\u00eds de las maravillas. Una enamorada de mi tierra, por la que trabajo sin descanso. Creo en la infancia como motor que cambiar\u00e1 el mundo a mejor y busco en mi vida la felicidad como estado permanente porque s\u00f3lo se vive una vez.\",\"sameAs\":[\"http:\/\/mini.galiciamaxica.eu\/\",\"https:\/\/www.facebook.com\/maria.rodriguezserantes\",\"https:\/\/x.com\/seseixa\"],\"url\":\"https:\/\/www.galiciamaxica.eu\/mini\/author\/seseixa\/\"}]}<\/script>\n<!-- \/ Yoast SEO plugin. -->","yoast_head_json":{"title":"Visitamos la Meca de la alfarer\u00eda- Ni\u00f1odaguia - Galicia con ni\u00f1os | GALICIA M\u00c1XICA","description":"Hoy visitamos Ni\u00f1o da Guia en el concello de Xunqueira de Espadanedo para acercar a los ni\u00f1os a la meca del arte de modelar con las manos la tierra.","robots":{"index":"index","follow":"follow","max-snippet":"max-snippet:-1","max-image-preview":"max-image-preview:large","max-video-preview":"max-video-preview:-1"},"canonical":"https:\/\/www.galiciamaxica.eu\/mini\/visitamos-la-meca-de-la-alfareria-nino-da-guia\/","og_locale":"es_ES","og_type":"article","og_title":"Visitamos la Meca de la alfarer\u00eda- Ni\u00f1odaguia - Galicia con ni\u00f1os | GALICIA M\u00c1XICA","og_description":"Hoy visitamos Ni\u00f1o da Guia en el concello de Xunqueira de Espadanedo para acercar a los ni\u00f1os a la meca del arte de modelar con las manos la tierra.","og_url":"https:\/\/www.galiciamaxica.eu\/mini\/visitamos-la-meca-de-la-alfareria-nino-da-guia\/","og_site_name":"Galicia con ni\u00f1os | GALICIA M\u00c1XICA","article_publisher":"https:\/\/www.facebook.com\/maria.rodriguezserantes","article_author":"https:\/\/www.facebook.com\/maria.rodriguezserantes","article_published_time":"2023-02-10T19:14:29+00:00","article_modified_time":"2024-02-13T11:01:31+00:00","og_image":[{"width":900,"height":1200,"url":"https:\/\/www.galiciamaxica.eu\/mini\/wp-content\/uploads\/2023\/02\/alfareria-1.jpg","type":"image\/jpeg"}],"author":"seseixa","twitter_card":"summary_large_image","twitter_creator":"@seseixa","twitter_site":"@seseixa","twitter_misc":{"Escrito por":"seseixa","Tiempo de lectura":"8 minutos"},"schema":{"@context":"https:\/\/schema.org","@graph":[{"@type":"Article","@id":"https:\/\/www.galiciamaxica.eu\/mini\/visitamos-la-meca-de-la-alfareria-nino-da-guia\/#article","isPartOf":{"@id":"https:\/\/www.galiciamaxica.eu\/mini\/visitamos-la-meca-de-la-alfareria-nino-da-guia\/"},"author":{"name":"seseixa","@id":"https:\/\/www.galiciamaxica.eu\/mini\/#\/schema\/person\/2b284fe2fd911000a48d2e8936300179"},"headline":"Visitamos la Meca de la alfarer\u00eda- Ni\u00f1odaguia","datePublished":"2023-02-10T19:14:29+00:00","dateModified":"2024-02-13T11:01:31+00:00","mainEntityOfPage":{"@id":"https:\/\/www.galiciamaxica.eu\/mini\/visitamos-la-meca-de-la-alfareria-nino-da-guia\/"},"wordCount":902,"commentCount":2,"publisher":{"@id":"https:\/\/www.galiciamaxica.eu\/mini\/#\/schema\/person\/2b284fe2fd911000a48d2e8936300179"},"image":{"@id":"https:\/\/www.galiciamaxica.eu\/mini\/visitamos-la-meca-de-la-alfareria-nino-da-guia\/#primaryimage"},"thumbnailUrl":"https:\/\/www.galiciamaxica.eu\/mini\/wp-content\/uploads\/2023\/02\/alfareria-1.jpg","keywords":["Galicia","ni\u00f1os"],"articleSection":["MUSEOS","OURENSE"],"inLanguage":"es","potentialAction":[{"@type":"CommentAction","name":"Comment","target":["https:\/\/www.galiciamaxica.eu\/mini\/visitamos-la-meca-de-la-alfareria-nino-da-guia\/#respond"]}]},{"@type":"WebPage","@id":"https:\/\/www.galiciamaxica.eu\/mini\/visitamos-la-meca-de-la-alfareria-nino-da-guia\/","url":"https:\/\/www.galiciamaxica.eu\/mini\/visitamos-la-meca-de-la-alfareria-nino-da-guia\/","name":"Visitamos la Meca de la alfarer\u00eda- Ni\u00f1odaguia - Galicia con ni\u00f1os | GALICIA M\u00c1XICA","isPartOf":{"@id":"https:\/\/www.galiciamaxica.eu\/mini\/#website"},"primaryImageOfPage":{"@id":"https:\/\/www.galiciamaxica.eu\/mini\/visitamos-la-meca-de-la-alfareria-nino-da-guia\/#primaryimage"},"image":{"@id":"https:\/\/www.galiciamaxica.eu\/mini\/visitamos-la-meca-de-la-alfareria-nino-da-guia\/#primaryimage"},"thumbnailUrl":"https:\/\/www.galiciamaxica.eu\/mini\/wp-content\/uploads\/2023\/02\/alfareria-1.jpg","datePublished":"2023-02-10T19:14:29+00:00","dateModified":"2024-02-13T11:01:31+00:00","description":"Hoy visitamos Ni\u00f1o da Guia en el concello de Xunqueira de Espadanedo para acercar a los ni\u00f1os a la meca del arte de modelar con las manos la tierra.","breadcrumb":{"@id":"https:\/\/www.galiciamaxica.eu\/mini\/visitamos-la-meca-de-la-alfareria-nino-da-guia\/#breadcrumb"},"inLanguage":"es","potentialAction":[{"@type":"ReadAction","target":["https:\/\/www.galiciamaxica.eu\/mini\/visitamos-la-meca-de-la-alfareria-nino-da-guia\/"]}]},{"@type":"ImageObject","inLanguage":"es","@id":"https:\/\/www.galiciamaxica.eu\/mini\/visitamos-la-meca-de-la-alfareria-nino-da-guia\/#primaryimage","url":"https:\/\/www.galiciamaxica.eu\/mini\/wp-content\/uploads\/2023\/02\/alfareria-1.jpg","contentUrl":"https:\/\/www.galiciamaxica.eu\/mini\/wp-content\/uploads\/2023\/02\/alfareria-1.jpg","width":900,"height":1200},{"@type":"BreadcrumbList","@id":"https:\/\/www.galiciamaxica.eu\/mini\/visitamos-la-meca-de-la-alfareria-nino-da-guia\/#breadcrumb","itemListElement":[{"@type":"ListItem","position":1,"name":"Portada","item":"https:\/\/www.galiciamaxica.eu\/mini\/"},{"@type":"ListItem","position":2,"name":"Visitamos la Meca de la alfarer\u00eda- Ni\u00f1odaguia"}]},{"@type":"WebSite","@id":"https:\/\/www.galiciamaxica.eu\/mini\/#website","url":"https:\/\/www.galiciamaxica.eu\/mini\/","name":"Galicia con ni\u00f1os | GALICIA M\u00c1XICA","description":"Qu\u00e9 hacer con ni\u00f1os en Galicia","publisher":{"@id":"https:\/\/www.galiciamaxica.eu\/mini\/#\/schema\/person\/2b284fe2fd911000a48d2e8936300179"},"potentialAction":[{"@type":"SearchAction","target":{"@type":"EntryPoint","urlTemplate":"https:\/\/www.galiciamaxica.eu\/mini\/?s={search_term_string}"},"query-input":{"@type":"PropertyValueSpecification","valueRequired":true,"valueName":"search_term_string"}}],"inLanguage":"es"},{"@type":["Person","Organization"],"@id":"https:\/\/www.galiciamaxica.eu\/mini\/#\/schema\/person\/2b284fe2fd911000a48d2e8936300179","name":"seseixa","image":{"@type":"ImageObject","inLanguage":"es","@id":"https:\/\/www.galiciamaxica.eu\/mini\/#\/schema\/person\/image\/","url":"https:\/\/www.galiciamaxica.eu\/mini\/wp-content\/uploads\/2019\/02\/seseixa.png","contentUrl":"https:\/\/www.galiciamaxica.eu\/mini\/wp-content\/uploads\/2019\/02\/seseixa.png","width":100,"height":100,"caption":"seseixa"},"logo":{"@id":"https:\/\/www.galiciamaxica.eu\/mini\/#\/schema\/person\/image\/"},"description":"En la actualidad combinando dos proyectos que me apasionan, Galicia y los ni\u00f1os. Tengo mucho que aportar y otro tanto que aprender, as\u00ed como, el tiempo y el coraz\u00f3n, dividido en todo momento. Soy mam\u00e1, un titulo otorgado a tiempo completo, compa\u00f1era y amiga, a todas horas, familiar y cercana, siempre. De esp\u00edritu inquieto, soy una eterna ni\u00f1a que juega en el pa\u00eds de las maravillas. Una enamorada de mi tierra, por la que trabajo sin descanso. Creo en la infancia como motor que cambiar\u00e1 el mundo a mejor y busco en mi vida la felicidad como estado permanente porque s\u00f3lo se vive una vez.","sameAs":["http:\/\/mini.galiciamaxica.eu\/","https:\/\/www.facebook.com\/maria.rodriguezserantes","https:\/\/x.com\/seseixa"],"url":"https:\/\/www.galiciamaxica.eu\/mini\/author\/seseixa\/"}]}},"amp_enabled":true,"post_mailing_queue_ids":[],"_links":{"self":[{"href":"https:\/\/www.galiciamaxica.eu\/mini\/wp-json\/wp\/v2\/posts\/21040"}],"collection":[{"href":"https:\/\/www.galiciamaxica.eu\/mini\/wp-json\/wp\/v2\/posts"}],"about":[{"href":"https:\/\/www.galiciamaxica.eu\/mini\/wp-json\/wp\/v2\/types\/post"}],"author":[{"embeddable":true,"href":"https:\/\/www.galiciamaxica.eu\/mini\/wp-json\/wp\/v2\/users\/1"}],"replies":[{"embeddable":true,"href":"https:\/\/www.galiciamaxica.eu\/mini\/wp-json\/wp\/v2\/comments?post=21040"}],"version-history":[{"count":4,"href":"https:\/\/www.galiciamaxica.eu\/mini\/wp-json\/wp\/v2\/posts\/21040\/revisions"}],"predecessor-version":[{"id":21627,"href":"https:\/\/www.galiciamaxica.eu\/mini\/wp-json\/wp\/v2\/posts\/21040\/revisions\/21627"}],"wp:featuredmedia":[{"embeddable":true,"href":"https:\/\/www.galiciamaxica.eu\/mini\/wp-json\/wp\/v2\/media\/21042"}],"wp:attachment":[{"href":"https:\/\/www.galiciamaxica.eu\/mini\/wp-json\/wp\/v2\/media?parent=21040"}],"wp:term":[{"taxonomy":"category","embeddable":true,"href":"https:\/\/www.galiciamaxica.eu\/mini\/wp-json\/wp\/v2\/categories?post=21040"},{"taxonomy":"post_tag","embeddable":true,"href":"https:\/\/www.galiciamaxica.eu\/mini\/wp-json\/wp\/v2\/tags?post=21040"}],"curies":[{"name":"wp","href":"https:\/\/api.w.org\/{rel}","templated":true}]}}