{"id":2101,"date":"2016-03-03T10:43:37","date_gmt":"2016-03-03T10:43:37","guid":{"rendered":"http:\/\/www.galiciamaxica.eu\/mini\/?p=2101"},"modified":"2016-03-03T11:24:28","modified_gmt":"2016-03-03T11:24:28","slug":"%f0%9f%8e%a9magia-para-toda-la-familia%f0%9f%8e%a9","status":"publish","type":"post","link":"https:\/\/www.galiciamaxica.eu\/mini\/%f0%9f%8e%a9magia-para-toda-la-familia%f0%9f%8e%a9\/","title":{"rendered":"Magia GRATIS para toda la Familia"},"content":{"rendered":"<p style=\"text-align: center;\"><strong>I\u00aa GALA DE MAGIA\u00a0<\/strong><\/p>\n<p style=\"text-align: center;\">Asociaci\u00f3n de Magos e Ilusionistas Vigueses<\/p>\n<p style=\"text-align: center;\">ESTE SABADO 5 DE MARZO<\/p>\n<p style=\"text-align: center;\"><strong>\ud83c\udfa9\u00a0MAGIA GRATIS\ud83c\udfa9<\/strong><\/p>\n<p style=\"text-align: center;\">\ud83d\udc6aPARA TODOS LOS PUBLICOS\ud83d\udc6a<\/p>\n<p style=\"text-align: center;\"><strong>\u00bfD\u00d3NDE?<\/strong><\/p>\n<p style=\"text-align: center;\">EN VIGO<\/p>\n<p style=\"text-align: center;\">en el\u00a0Centro C\u00edvico de Teis (Cami\u00f1o Maceiras s\/n)<\/p>\n<p style=\"text-align: center;\">EN EL AUDITORIO<\/p>\n<p style=\"text-align: center;\"><strong>\u00bfA QU\u00c9 HORA?<\/strong><\/p>\n<p style=\"text-align: center;\">A LAS SIETE Y MEDIA<\/p>\n<p style=\"text-align: center;\"><strong>PRECIO<\/strong><\/p>\n<p style=\"text-align: center;\">GRATIS<\/p>\n<p style=\"text-align: center;\"><a href=\"http:\/\/www.vigopeques.com\/2016\/03\/magia-para-toda-la-familia-y-gratis.html\"><img fetchpriority=\"high\" decoding=\"async\" class=\"aligncenter\" src=\"https:\/\/1.bp.blogspot.com\/-WhVkjOzsMUI\/VtbZcEtFCMI\/AAAAAAAAHHk\/Pn2I_fyHLX4\/s640\/12671661_1705073836380604_5943448598641862476_o.jpg\" alt=\"\" width=\"453\" height=\"640\" \/><\/a><a href=\"http:\/\/www.vigopeques.com\/2016\/03\/magia-para-toda-la-familia-y-gratis.html\">M\u00c1S INFO<\/a><\/p>\n<p style=\"text-align: center;\"><strong>NO DUDES EN COMPARTIR<\/strong><\/p>\n","protected":false},"excerpt":{"rendered":"<p>I\u00aa GALA DE MAGIA\u00a0 Asociaci\u00f3n de Magos e Ilusionistas Vigueses ESTE SABADO 5 DE MARZO \ud83c\udfa9\u00a0MAGIA GRATIS\ud83c\udfa9 \ud83d\udc6aPARA TODOS LOS PUBLICOS\ud83d\udc6a \u00bfD\u00d3NDE? EN VIGO en el\u00a0Centro C\u00edvico de Teis (Cami\u00f1o Maceiras s\/n) EN EL AUDITORIO \u00bfA QU\u00c9 HORA? A LAS SIETE Y MEDIA PRECIO GRATIS M\u00c1S INFO NO DUDES EN COMPARTIR<\/p>\n","protected":false},"author":1,"featured_media":2102,"comment_status":"open","ping_status":"open","sticky":false,"template":"","format":"standard","meta":{"_eb_attr":"","site-sidebar-layout":"default","site-content-layout":"","ast-site-content-layout":"","site-content-style":"default","site-sidebar-style":"default","ast-global-header-display":"","ast-banner-title-visibility":"","ast-main-header-display":"","ast-hfb-above-header-display":"","ast-hfb-below-header-display":"","ast-hfb-mobile-header-display":"","site-post-title":"","ast-breadcrumbs-content":"","ast-featured-img":"","footer-sml-layout":"","theme-transparent-header-meta":"","adv-header-id-meta":"","stick-header-meta":"","header-above-stick-meta":"","header-main-stick-meta":"","header-below-stick-meta":"","astra-migrate-meta-layouts":"default","ast-page-background-enabled":"default","ast-page-background-meta":{"desktop":{"background-color":"","background-image":"","background-repeat":"repeat","background-position":"center center","background-size":"auto","background-attachment":"scroll","background-type":"","background-media":"","overlay-type":"","overlay-color":"","overlay-opacity":"","overlay-gradient":""},"tablet":{"background-color":"","background-image":"","background-repeat":"repeat","background-position":"center center","background-size":"auto","background-attachment":"scroll","background-type":"","background-media":"","overlay-type":"","overlay-color":"","overlay-opacity":"","overlay-gradient":""},"mobile":{"background-color":"","background-image":"","background-repeat":"repeat","background-position":"center center","background-size":"auto","background-attachment":"scroll","background-type":"","background-media":"","overlay-type":"","overlay-color":"","overlay-opacity":"","overlay-gradient":""}},"ast-content-background-meta":{"desktop":{"background-color":"var(--ast-global-color-5)","background-image":"","background-repeat":"repeat","background-position":"center center","background-size":"auto","background-attachment":"scroll","background-type":"","background-media":"","overlay-type":"","overlay-color":"","overlay-opacity":"","overlay-gradient":""},"tablet":{"background-color":"var(--ast-global-color-5)","background-image":"","background-repeat":"repeat","background-position":"center center","background-size":"auto","background-attachment":"scroll","background-type":"","background-media":"","overlay-type":"","overlay-color":"","overlay-opacity":"","overlay-gradient":""},"mobile":{"background-color":"var(--ast-global-color-5)","background-image":"","background-repeat":"repeat","background-position":"center center","background-size":"auto","background-attachment":"scroll","background-type":"","background-media":"","overlay-type":"","overlay-color":"","overlay-opacity":"","overlay-gradient":""}},"footnotes":""},"categories":[13,48],"tags":[426,428,429,38],"class_list":["post-2101","post","type-post","status-publish","format-standard","has-post-thumbnail","hentry","category-actividades","category-pontevedra","tag-familia","tag-magia","tag-teis","tag-vigo"],"yoast_head":"<!-- This site is optimized with the Yoast SEO plugin v24.9 - https:\/\/yoast.com\/wordpress\/plugins\/seo\/ -->\n<title>Magia GRATIS para toda la Familia - Galicia con ni\u00f1os | GALICIA M\u00c1XICA<\/title>\n<meta name=\"robots\" content=\"index, follow, max-snippet:-1, max-image-preview:large, max-video-preview:-1\" \/>\n<link rel=\"canonical\" href=\"https:\/\/www.galiciamaxica.eu\/mini\/\ud83c\udfa9magia-para-toda-la-familia\ud83c\udfa9\/\" \/>\n<meta property=\"og:locale\" content=\"es_ES\" \/>\n<meta property=\"og:type\" content=\"article\" \/>\n<meta property=\"og:title\" content=\"Magia GRATIS para toda la Familia - Galicia con ni\u00f1os | GALICIA M\u00c1XICA\" \/>\n<meta property=\"og:description\" content=\"I\u00aa GALA DE MAGIA\u00a0 Asociaci\u00f3n de Magos e Ilusionistas Vigueses ESTE SABADO 5 DE MARZO \ud83c\udfa9\u00a0MAGIA GRATIS\ud83c\udfa9 \ud83d\udc6aPARA TODOS LOS PUBLICOS\ud83d\udc6a \u00bfD\u00d3NDE? EN VIGO en el\u00a0Centro C\u00edvico de Teis (Cami\u00f1o Maceiras s\/n) EN EL AUDITORIO \u00bfA QU\u00c9 HORA? A LAS SIETE Y MEDIA PRECIO GRATIS M\u00c1S INFO NO DUDES EN COMPARTIR\" \/>\n<meta property=\"og:url\" content=\"https:\/\/www.galiciamaxica.eu\/mini\/\ud83c\udfa9magia-para-toda-la-familia\ud83c\udfa9\/\" \/>\n<meta property=\"og:site_name\" content=\"Galicia con ni\u00f1os | GALICIA M\u00c1XICA\" \/>\n<meta property=\"article:publisher\" content=\"https:\/\/www.facebook.com\/maria.rodriguezserantes\" \/>\n<meta property=\"article:author\" content=\"https:\/\/www.facebook.com\/maria.rodriguezserantes\" \/>\n<meta property=\"article:published_time\" content=\"2016-03-03T10:43:37+00:00\" \/>\n<meta property=\"article:modified_time\" content=\"2016-03-03T11:24:28+00:00\" \/>\n<meta property=\"og:image\" content=\"https:\/\/www.galiciamaxica.eu\/mini\/wp-content\/uploads\/2016\/03\/W1.jpg\" \/>\n\t<meta property=\"og:image:width\" content=\"453\" \/>\n\t<meta property=\"og:image:height\" content=\"640\" \/>\n\t<meta property=\"og:image:type\" content=\"image\/jpeg\" \/>\n<meta name=\"author\" content=\"seseixa\" \/>\n<meta name=\"twitter:card\" content=\"summary_large_image\" \/>\n<meta name=\"twitter:creator\" content=\"@seseixa\" \/>\n<meta name=\"twitter:site\" content=\"@seseixa\" \/>\n<meta name=\"twitter:label1\" content=\"Escrito por\" \/>\n\t<meta name=\"twitter:data1\" content=\"seseixa\" \/>\n<script type=\"application\/ld+json\" class=\"yoast-schema-graph\">{\"@context\":\"https:\/\/schema.org\",\"@graph\":[{\"@type\":\"Article\",\"@id\":\"https:\/\/www.galiciamaxica.eu\/mini\/%f0%9f%8e%a9magia-para-toda-la-familia%f0%9f%8e%a9\/#article\",\"isPartOf\":{\"@id\":\"https:\/\/www.galiciamaxica.eu\/mini\/%f0%9f%8e%a9magia-para-toda-la-familia%f0%9f%8e%a9\/\"},\"author\":{\"name\":\"seseixa\",\"@id\":\"https:\/\/www.galiciamaxica.eu\/mini\/#\/schema\/person\/2b284fe2fd911000a48d2e8936300179\"},\"headline\":\"Magia GRATIS para toda la Familia\",\"datePublished\":\"2016-03-03T10:43:37+00:00\",\"dateModified\":\"2016-03-03T11:24:28+00:00\",\"mainEntityOfPage\":{\"@id\":\"https:\/\/www.galiciamaxica.eu\/mini\/%f0%9f%8e%a9magia-para-toda-la-familia%f0%9f%8e%a9\/\"},\"wordCount\":63,\"commentCount\":0,\"publisher\":{\"@id\":\"https:\/\/www.galiciamaxica.eu\/mini\/#\/schema\/person\/2b284fe2fd911000a48d2e8936300179\"},\"image\":{\"@id\":\"https:\/\/www.galiciamaxica.eu\/mini\/%f0%9f%8e%a9magia-para-toda-la-familia%f0%9f%8e%a9\/#primaryimage\"},\"thumbnailUrl\":\"https:\/\/www.galiciamaxica.eu\/mini\/wp-content\/uploads\/2016\/03\/W1.jpg\",\"keywords\":[\"familia\",\"MAGIA\",\"TEIS\",\"Vigo\"],\"articleSection\":[\"ACTIVIDADES\",\"PONTEVEDRA\"],\"inLanguage\":\"es\",\"potentialAction\":[{\"@type\":\"CommentAction\",\"name\":\"Comment\",\"target\":[\"https:\/\/www.galiciamaxica.eu\/mini\/%f0%9f%8e%a9magia-para-toda-la-familia%f0%9f%8e%a9\/#respond\"]}]},{\"@type\":\"WebPage\",\"@id\":\"https:\/\/www.galiciamaxica.eu\/mini\/%f0%9f%8e%a9magia-para-toda-la-familia%f0%9f%8e%a9\/\",\"url\":\"https:\/\/www.galiciamaxica.eu\/mini\/%f0%9f%8e%a9magia-para-toda-la-familia%f0%9f%8e%a9\/\",\"name\":\"Magia GRATIS para toda la Familia - Galicia con ni\u00f1os | GALICIA M\u00c1XICA\",\"isPartOf\":{\"@id\":\"https:\/\/www.galiciamaxica.eu\/mini\/#website\"},\"primaryImageOfPage\":{\"@id\":\"https:\/\/www.galiciamaxica.eu\/mini\/%f0%9f%8e%a9magia-para-toda-la-familia%f0%9f%8e%a9\/#primaryimage\"},\"image\":{\"@id\":\"https:\/\/www.galiciamaxica.eu\/mini\/%f0%9f%8e%a9magia-para-toda-la-familia%f0%9f%8e%a9\/#primaryimage\"},\"thumbnailUrl\":\"https:\/\/www.galiciamaxica.eu\/mini\/wp-content\/uploads\/2016\/03\/W1.jpg\",\"datePublished\":\"2016-03-03T10:43:37+00:00\",\"dateModified\":\"2016-03-03T11:24:28+00:00\",\"breadcrumb\":{\"@id\":\"https:\/\/www.galiciamaxica.eu\/mini\/%f0%9f%8e%a9magia-para-toda-la-familia%f0%9f%8e%a9\/#breadcrumb\"},\"inLanguage\":\"es\",\"potentialAction\":[{\"@type\":\"ReadAction\",\"target\":[\"https:\/\/www.galiciamaxica.eu\/mini\/%f0%9f%8e%a9magia-para-toda-la-familia%f0%9f%8e%a9\/\"]}]},{\"@type\":\"ImageObject\",\"inLanguage\":\"es\",\"@id\":\"https:\/\/www.galiciamaxica.eu\/mini\/%f0%9f%8e%a9magia-para-toda-la-familia%f0%9f%8e%a9\/#primaryimage\",\"url\":\"https:\/\/www.galiciamaxica.eu\/mini\/wp-content\/uploads\/2016\/03\/W1.jpg\",\"contentUrl\":\"https:\/\/www.galiciamaxica.eu\/mini\/wp-content\/uploads\/2016\/03\/W1.jpg\",\"width\":453,\"height\":640,\"caption\":\"W1\"},{\"@type\":\"BreadcrumbList\",\"@id\":\"https:\/\/www.galiciamaxica.eu\/mini\/%f0%9f%8e%a9magia-para-toda-la-familia%f0%9f%8e%a9\/#breadcrumb\",\"itemListElement\":[{\"@type\":\"ListItem\",\"position\":1,\"name\":\"Portada\",\"item\":\"https:\/\/www.galiciamaxica.eu\/mini\/\"},{\"@type\":\"ListItem\",\"position\":2,\"name\":\"Magia GRATIS para toda la Familia\"}]},{\"@type\":\"WebSite\",\"@id\":\"https:\/\/www.galiciamaxica.eu\/mini\/#website\",\"url\":\"https:\/\/www.galiciamaxica.eu\/mini\/\",\"name\":\"Galicia con ni\u00f1os | GALICIA M\u00c1XICA\",\"description\":\"Qu\u00e9 hacer con ni\u00f1os en Galicia\",\"publisher\":{\"@id\":\"https:\/\/www.galiciamaxica.eu\/mini\/#\/schema\/person\/2b284fe2fd911000a48d2e8936300179\"},\"potentialAction\":[{\"@type\":\"SearchAction\",\"target\":{\"@type\":\"EntryPoint\",\"urlTemplate\":\"https:\/\/www.galiciamaxica.eu\/mini\/?s={search_term_string}\"},\"query-input\":{\"@type\":\"PropertyValueSpecification\",\"valueRequired\":true,\"valueName\":\"search_term_string\"}}],\"inLanguage\":\"es\"},{\"@type\":[\"Person\",\"Organization\"],\"@id\":\"https:\/\/www.galiciamaxica.eu\/mini\/#\/schema\/person\/2b284fe2fd911000a48d2e8936300179\",\"name\":\"seseixa\",\"image\":{\"@type\":\"ImageObject\",\"inLanguage\":\"es\",\"@id\":\"https:\/\/www.galiciamaxica.eu\/mini\/#\/schema\/person\/image\/\",\"url\":\"https:\/\/www.galiciamaxica.eu\/mini\/wp-content\/uploads\/2019\/02\/seseixa.png\",\"contentUrl\":\"https:\/\/www.galiciamaxica.eu\/mini\/wp-content\/uploads\/2019\/02\/seseixa.png\",\"width\":100,\"height\":100,\"caption\":\"seseixa\"},\"logo\":{\"@id\":\"https:\/\/www.galiciamaxica.eu\/mini\/#\/schema\/person\/image\/\"},\"description\":\"En la actualidad combinando dos proyectos que me apasionan, Galicia y los ni\u00f1os. Tengo mucho que aportar y otro tanto que aprender, as\u00ed como, el tiempo y el coraz\u00f3n, dividido en todo momento. Soy mam\u00e1, un titulo otorgado a tiempo completo, compa\u00f1era y amiga, a todas horas, familiar y cercana, siempre. De esp\u00edritu inquieto, soy una eterna ni\u00f1a que juega en el pa\u00eds de las maravillas. Una enamorada de mi tierra, por la que trabajo sin descanso. Creo en la infancia como motor que cambiar\u00e1 el mundo a mejor y busco en mi vida la felicidad como estado permanente porque s\u00f3lo se vive una vez.\",\"sameAs\":[\"http:\/\/mini.galiciamaxica.eu\/\",\"https:\/\/www.facebook.com\/maria.rodriguezserantes\",\"https:\/\/x.com\/seseixa\"],\"url\":\"https:\/\/www.galiciamaxica.eu\/mini\/author\/seseixa\/\"}]}<\/script>\n<!-- \/ Yoast SEO plugin. -->","yoast_head_json":{"title":"Magia GRATIS para toda la Familia - Galicia con ni\u00f1os | GALICIA M\u00c1XICA","robots":{"index":"index","follow":"follow","max-snippet":"max-snippet:-1","max-image-preview":"max-image-preview:large","max-video-preview":"max-video-preview:-1"},"canonical":"https:\/\/www.galiciamaxica.eu\/mini\/\ud83c\udfa9magia-para-toda-la-familia\ud83c\udfa9\/","og_locale":"es_ES","og_type":"article","og_title":"Magia GRATIS para toda la Familia - Galicia con ni\u00f1os | GALICIA M\u00c1XICA","og_description":"I\u00aa GALA DE MAGIA\u00a0 Asociaci\u00f3n de Magos e Ilusionistas Vigueses ESTE SABADO 5 DE MARZO \ud83c\udfa9\u00a0MAGIA GRATIS\ud83c\udfa9 \ud83d\udc6aPARA TODOS LOS PUBLICOS\ud83d\udc6a \u00bfD\u00d3NDE? EN VIGO en el\u00a0Centro C\u00edvico de Teis (Cami\u00f1o Maceiras s\/n) EN EL AUDITORIO \u00bfA QU\u00c9 HORA? A LAS SIETE Y MEDIA PRECIO GRATIS M\u00c1S INFO NO DUDES EN COMPARTIR","og_url":"https:\/\/www.galiciamaxica.eu\/mini\/\ud83c\udfa9magia-para-toda-la-familia\ud83c\udfa9\/","og_site_name":"Galicia con ni\u00f1os | GALICIA M\u00c1XICA","article_publisher":"https:\/\/www.facebook.com\/maria.rodriguezserantes","article_author":"https:\/\/www.facebook.com\/maria.rodriguezserantes","article_published_time":"2016-03-03T10:43:37+00:00","article_modified_time":"2016-03-03T11:24:28+00:00","og_image":[{"width":453,"height":640,"url":"https:\/\/www.galiciamaxica.eu\/mini\/wp-content\/uploads\/2016\/03\/W1.jpg","type":"image\/jpeg"}],"author":"seseixa","twitter_card":"summary_large_image","twitter_creator":"@seseixa","twitter_site":"@seseixa","twitter_misc":{"Escrito por":"seseixa"},"schema":{"@context":"https:\/\/schema.org","@graph":[{"@type":"Article","@id":"https:\/\/www.galiciamaxica.eu\/mini\/%f0%9f%8e%a9magia-para-toda-la-familia%f0%9f%8e%a9\/#article","isPartOf":{"@id":"https:\/\/www.galiciamaxica.eu\/mini\/%f0%9f%8e%a9magia-para-toda-la-familia%f0%9f%8e%a9\/"},"author":{"name":"seseixa","@id":"https:\/\/www.galiciamaxica.eu\/mini\/#\/schema\/person\/2b284fe2fd911000a48d2e8936300179"},"headline":"Magia GRATIS para toda la Familia","datePublished":"2016-03-03T10:43:37+00:00","dateModified":"2016-03-03T11:24:28+00:00","mainEntityOfPage":{"@id":"https:\/\/www.galiciamaxica.eu\/mini\/%f0%9f%8e%a9magia-para-toda-la-familia%f0%9f%8e%a9\/"},"wordCount":63,"commentCount":0,"publisher":{"@id":"https:\/\/www.galiciamaxica.eu\/mini\/#\/schema\/person\/2b284fe2fd911000a48d2e8936300179"},"image":{"@id":"https:\/\/www.galiciamaxica.eu\/mini\/%f0%9f%8e%a9magia-para-toda-la-familia%f0%9f%8e%a9\/#primaryimage"},"thumbnailUrl":"https:\/\/www.galiciamaxica.eu\/mini\/wp-content\/uploads\/2016\/03\/W1.jpg","keywords":["familia","MAGIA","TEIS","Vigo"],"articleSection":["ACTIVIDADES","PONTEVEDRA"],"inLanguage":"es","potentialAction":[{"@type":"CommentAction","name":"Comment","target":["https:\/\/www.galiciamaxica.eu\/mini\/%f0%9f%8e%a9magia-para-toda-la-familia%f0%9f%8e%a9\/#respond"]}]},{"@type":"WebPage","@id":"https:\/\/www.galiciamaxica.eu\/mini\/%f0%9f%8e%a9magia-para-toda-la-familia%f0%9f%8e%a9\/","url":"https:\/\/www.galiciamaxica.eu\/mini\/%f0%9f%8e%a9magia-para-toda-la-familia%f0%9f%8e%a9\/","name":"Magia GRATIS para toda la Familia - Galicia con ni\u00f1os | GALICIA M\u00c1XICA","isPartOf":{"@id":"https:\/\/www.galiciamaxica.eu\/mini\/#website"},"primaryImageOfPage":{"@id":"https:\/\/www.galiciamaxica.eu\/mini\/%f0%9f%8e%a9magia-para-toda-la-familia%f0%9f%8e%a9\/#primaryimage"},"image":{"@id":"https:\/\/www.galiciamaxica.eu\/mini\/%f0%9f%8e%a9magia-para-toda-la-familia%f0%9f%8e%a9\/#primaryimage"},"thumbnailUrl":"https:\/\/www.galiciamaxica.eu\/mini\/wp-content\/uploads\/2016\/03\/W1.jpg","datePublished":"2016-03-03T10:43:37+00:00","dateModified":"2016-03-03T11:24:28+00:00","breadcrumb":{"@id":"https:\/\/www.galiciamaxica.eu\/mini\/%f0%9f%8e%a9magia-para-toda-la-familia%f0%9f%8e%a9\/#breadcrumb"},"inLanguage":"es","potentialAction":[{"@type":"ReadAction","target":["https:\/\/www.galiciamaxica.eu\/mini\/%f0%9f%8e%a9magia-para-toda-la-familia%f0%9f%8e%a9\/"]}]},{"@type":"ImageObject","inLanguage":"es","@id":"https:\/\/www.galiciamaxica.eu\/mini\/%f0%9f%8e%a9magia-para-toda-la-familia%f0%9f%8e%a9\/#primaryimage","url":"https:\/\/www.galiciamaxica.eu\/mini\/wp-content\/uploads\/2016\/03\/W1.jpg","contentUrl":"https:\/\/www.galiciamaxica.eu\/mini\/wp-content\/uploads\/2016\/03\/W1.jpg","width":453,"height":640,"caption":"W1"},{"@type":"BreadcrumbList","@id":"https:\/\/www.galiciamaxica.eu\/mini\/%f0%9f%8e%a9magia-para-toda-la-familia%f0%9f%8e%a9\/#breadcrumb","itemListElement":[{"@type":"ListItem","position":1,"name":"Portada","item":"https:\/\/www.galiciamaxica.eu\/mini\/"},{"@type":"ListItem","position":2,"name":"Magia GRATIS para toda la Familia"}]},{"@type":"WebSite","@id":"https:\/\/www.galiciamaxica.eu\/mini\/#website","url":"https:\/\/www.galiciamaxica.eu\/mini\/","name":"Galicia con ni\u00f1os | GALICIA M\u00c1XICA","description":"Qu\u00e9 hacer con ni\u00f1os en Galicia","publisher":{"@id":"https:\/\/www.galiciamaxica.eu\/mini\/#\/schema\/person\/2b284fe2fd911000a48d2e8936300179"},"potentialAction":[{"@type":"SearchAction","target":{"@type":"EntryPoint","urlTemplate":"https:\/\/www.galiciamaxica.eu\/mini\/?s={search_term_string}"},"query-input":{"@type":"PropertyValueSpecification","valueRequired":true,"valueName":"search_term_string"}}],"inLanguage":"es"},{"@type":["Person","Organization"],"@id":"https:\/\/www.galiciamaxica.eu\/mini\/#\/schema\/person\/2b284fe2fd911000a48d2e8936300179","name":"seseixa","image":{"@type":"ImageObject","inLanguage":"es","@id":"https:\/\/www.galiciamaxica.eu\/mini\/#\/schema\/person\/image\/","url":"https:\/\/www.galiciamaxica.eu\/mini\/wp-content\/uploads\/2019\/02\/seseixa.png","contentUrl":"https:\/\/www.galiciamaxica.eu\/mini\/wp-content\/uploads\/2019\/02\/seseixa.png","width":100,"height":100,"caption":"seseixa"},"logo":{"@id":"https:\/\/www.galiciamaxica.eu\/mini\/#\/schema\/person\/image\/"},"description":"En la actualidad combinando dos proyectos que me apasionan, Galicia y los ni\u00f1os. Tengo mucho que aportar y otro tanto que aprender, as\u00ed como, el tiempo y el coraz\u00f3n, dividido en todo momento. Soy mam\u00e1, un titulo otorgado a tiempo completo, compa\u00f1era y amiga, a todas horas, familiar y cercana, siempre. De esp\u00edritu inquieto, soy una eterna ni\u00f1a que juega en el pa\u00eds de las maravillas. Una enamorada de mi tierra, por la que trabajo sin descanso. Creo en la infancia como motor que cambiar\u00e1 el mundo a mejor y busco en mi vida la felicidad como estado permanente porque s\u00f3lo se vive una vez.","sameAs":["http:\/\/mini.galiciamaxica.eu\/","https:\/\/www.facebook.com\/maria.rodriguezserantes","https:\/\/x.com\/seseixa"],"url":"https:\/\/www.galiciamaxica.eu\/mini\/author\/seseixa\/"}]}},"amp_enabled":true,"post_mailing_queue_ids":[],"_links":{"self":[{"href":"https:\/\/www.galiciamaxica.eu\/mini\/wp-json\/wp\/v2\/posts\/2101"}],"collection":[{"href":"https:\/\/www.galiciamaxica.eu\/mini\/wp-json\/wp\/v2\/posts"}],"about":[{"href":"https:\/\/www.galiciamaxica.eu\/mini\/wp-json\/wp\/v2\/types\/post"}],"author":[{"embeddable":true,"href":"https:\/\/www.galiciamaxica.eu\/mini\/wp-json\/wp\/v2\/users\/1"}],"replies":[{"embeddable":true,"href":"https:\/\/www.galiciamaxica.eu\/mini\/wp-json\/wp\/v2\/comments?post=2101"}],"version-history":[{"count":0,"href":"https:\/\/www.galiciamaxica.eu\/mini\/wp-json\/wp\/v2\/posts\/2101\/revisions"}],"wp:featuredmedia":[{"embeddable":true,"href":"https:\/\/www.galiciamaxica.eu\/mini\/wp-json\/wp\/v2\/media\/2102"}],"wp:attachment":[{"href":"https:\/\/www.galiciamaxica.eu\/mini\/wp-json\/wp\/v2\/media?parent=2101"}],"wp:term":[{"taxonomy":"category","embeddable":true,"href":"https:\/\/www.galiciamaxica.eu\/mini\/wp-json\/wp\/v2\/categories?post=2101"},{"taxonomy":"post_tag","embeddable":true,"href":"https:\/\/www.galiciamaxica.eu\/mini\/wp-json\/wp\/v2\/tags?post=2101"}],"curies":[{"name":"wp","href":"https:\/\/api.w.org\/{rel}","templated":true}]}}