{"id":20920,"date":"2023-01-25T19:02:13","date_gmt":"2023-01-25T18:02:13","guid":{"rendered":"https:\/\/www.galiciamaxica.eu\/mini\/?p=20920"},"modified":"2023-01-25T19:16:59","modified_gmt":"2023-01-25T18:16:59","slug":"muinos-y-sus-tesoros","status":"publish","type":"post","link":"https:\/\/www.galiciamaxica.eu\/mini\/muinos-y-sus-tesoros\/","title":{"rendered":"Mu\u00ed\u00f1os y sus tesoros"},"content":{"rendered":"\n<p>Nos vamos a<strong> Mu\u00ed\u00f1os <\/strong>a descubrir much0s bienes patrimoniales y es que <strong><a href=\"https:\/\/www.galiciamaxica.eu\/galicia\/ourense\/comarca-da-baixa-limia\/muinos\/\">Mu\u00ed\u00f1os<\/a><\/strong> esconde muchos tesoros. Va a ser un viaje especial por lo que iremos sin prisas y aprovechando el tiempo al m\u00e1ximo.<\/p>\n\n\n\n<p>Lo primero que har\u00e9, ser\u00e1 compartir en el mapa todos los sitios que os recomiendo para visitar en familia. Como siempre, t\u00fa decides el qu\u00e9 visitar, por d\u00f3nde empezar y terminar. <\/p>\n\n\n\n<h2 class=\"wp-block-heading\">Mapa<\/h2>\n\n\n\n<p>Esta entrada solo os dar\u00e1 las pistas para crear el mejor viaje familiar. <\/p>\n\n\n\n<iframe src=\"https:\/\/www.google.com\/maps\/d\/u\/0\/embed?mid=1DMjr1nlKnXyfMzNNS8Y0-LncHTo61hA&#038;ehbc=2E312F\" width=\"640\" height=\"480\"><\/iframe>\n\n\n\n<p>Nos acercamos a Comarca da Baixa Limia y all\u00ed vamos a descubrir <strong><a href=\"https:\/\/www.galiciamaxica.eu\/galicia\/ourense\/comarca-da-baixa-limia\/muinos\/\"> lo que esconde Mu\u00ed\u00f1os.<\/a><\/strong> Son muchos los lugares por lo que la visita depender\u00e1 del tiempo que teng\u00e1is.<\/p>\n\n\n\n<p>Clicando en <a href=\"https:\/\/www.galiciamaxica.eu\/galicia\/ourense\/comarca-da-baixa-limia\/muinos\/\"><strong>Mu\u00ed\u00f1os<\/strong> <\/a>os llevar\u00e1 a muchos m\u00e1s sitios, no est\u00e1n todos en el mapa porque con ni\u00f1os <strong><em>m\u00e1s vale poco y bien, que mucho y agobiados.<\/em><\/strong><\/p>\n\n\n\n<h2 class=\"wp-block-heading\"><strong><a href=\"https:\/\/www.galiciamaxica.eu\/galicia\/ourense\/comarca-da-baixa-limia\/muinos\/\">Qu\u00e9 vamos a visitar<\/a><\/strong><\/h2>\n\n\n\n<h3 class=\"wp-block-heading\"><a href=\"https:\/\/www.galiciamaxica.eu\/galicia\/foxo-do-lobo-do-salas\/\">Foxo do Lobo<\/a><\/h3>\n\n\n\n<h4 class=\"wp-block-heading\">Recuperaci\u00f3n y puesta en valor<\/h4>\n\n\n\n<p>Comentaros que hace muy poquito<strong><a href=\"https:\/\/www.galiciamaxica.eu\/galicia\/foxo-do-lobo-do-salas\/\"> este Foxo <\/a><\/strong>fue sometido a trabajos de recuperaci\u00f3n y puesta en valor. Nos ha encantado como lo han dejado.<\/p>\n\n\n\n<h4 class=\"wp-block-heading\">Entorno<\/h4>\n\n\n\n<p>Se localiza a orillas del embalse de As Maus de Salas en el Parque Natural Baixa-Limia-Serra do Xur\u00e9s por lo que disfrutar\u00e9is de un paraje muy curioso.<\/p>\n\n\n\n<figure class=\"wp-block-image aligncenter size-large\"><a href=\"https:\/\/www.galiciamaxica.eu\/mini\/wp-content\/uploads\/2023\/01\/IMG_20221210_171359.jpg\"><img fetchpriority=\"high\" decoding=\"async\" width=\"768\" height=\"1024\" src=\"https:\/\/www.galiciamaxica.eu\/mini\/wp-content\/uploads\/2023\/01\/IMG_20221210_171359-768x1024.jpg\" alt=\"\" class=\"wp-image-20928\" srcset=\"https:\/\/www.galiciamaxica.eu\/mini\/wp-content\/uploads\/2023\/01\/IMG_20221210_171359-768x1024.jpg 768w, https:\/\/www.galiciamaxica.eu\/mini\/wp-content\/uploads\/2023\/01\/IMG_20221210_171359-225x300.jpg 225w, https:\/\/www.galiciamaxica.eu\/mini\/wp-content\/uploads\/2023\/01\/IMG_20221210_171359.jpg 900w\" sizes=\"(max-width: 768px) 100vw, 768px\" \/><\/a><\/figure>\n\n\n\n<h4 class=\"wp-block-heading\">C\u00f3mo se llama<\/h4>\n\n\n\n<p>Lo primero que haremos en familia ser\u00e1 descubrir su nombre y lo que es, es decir para que era utilizado. Probablemente los ni\u00f1os se dar\u00e1n cuenta r\u00e1pido de su utilidad, demasiadas pistas.<\/p>\n\n\n\n<p>A este foso, Se le conoce como el <strong>Foxo do lobo de Salas <\/strong>aunque ser\u00eda m\u00e1s preciso llamarlo de Requi\u00e1s por ubicarse en esta parroquia.<\/p>\n\n\n\n<figure class=\"wp-block-image aligncenter size-large\"><a href=\"https:\/\/www.galiciamaxica.eu\/mini\/wp-content\/uploads\/2023\/01\/IMG_20221210_171826.jpg\"><img decoding=\"async\" width=\"768\" height=\"1024\" src=\"https:\/\/www.galiciamaxica.eu\/mini\/wp-content\/uploads\/2023\/01\/IMG_20221210_171826-768x1024.jpg\" alt=\"\" class=\"wp-image-20941\" srcset=\"https:\/\/www.galiciamaxica.eu\/mini\/wp-content\/uploads\/2023\/01\/IMG_20221210_171826-768x1024.jpg 768w, https:\/\/www.galiciamaxica.eu\/mini\/wp-content\/uploads\/2023\/01\/IMG_20221210_171826-225x300.jpg 225w, https:\/\/www.galiciamaxica.eu\/mini\/wp-content\/uploads\/2023\/01\/IMG_20221210_171826.jpg 900w\" sizes=\"(max-width: 768px) 100vw, 768px\" \/><\/a><\/figure>\n\n\n\n<h4 class=\"wp-block-heading\"><strong>\u00bfQu\u00e9 es?<\/strong> Para que se utilizaba<\/h4>\n\n\n\n<p>Es una trampa que consist\u00eda en un recinto de piedra de apariencia circular con altos muros. El foxo do lobo era construido de tal forma que el lobo pudiera entrar con facilidad por uno de sus lados, pero sin embargo le resultara imposible el salir.\u00a0<\/p>\n\n\n\n<figure class=\"wp-block-image aligncenter size-large\"><a href=\"https:\/\/www.galiciamaxica.eu\/mini\/wp-content\/uploads\/2023\/01\/IMG_20221210_171503-1.jpg\"><img decoding=\"async\" width=\"768\" height=\"1024\" src=\"https:\/\/www.galiciamaxica.eu\/mini\/wp-content\/uploads\/2023\/01\/IMG_20221210_171503-1-768x1024.jpg\" alt=\"\" class=\"wp-image-20943\" srcset=\"https:\/\/www.galiciamaxica.eu\/mini\/wp-content\/uploads\/2023\/01\/IMG_20221210_171503-1-768x1024.jpg 768w, https:\/\/www.galiciamaxica.eu\/mini\/wp-content\/uploads\/2023\/01\/IMG_20221210_171503-1-225x300.jpg 225w, https:\/\/www.galiciamaxica.eu\/mini\/wp-content\/uploads\/2023\/01\/IMG_20221210_171503-1.jpg 900w\" sizes=\"(max-width: 768px) 100vw, 768px\" \/><\/a><\/figure>\n\n\n\n<p>Tambi\u00e9n se le denomina a la trampa <em><strong>\u00abfoxo da cabrita\u00bb.<\/strong><\/em> Aunque a qui\u00e9n se pretend\u00eda capturar con este cerco de altos muros era al lobo. Pero para que entrase el lobo en el foso se colocaba una presa, esta presa hac\u00eda de reclamo. Cuando el confiado lobo entraba a comerla, por esa puerta que ves, se le capturaba porque ya no pod\u00eda salir. <\/p>\n\n\n\n<figure class=\"wp-block-image aligncenter size-large\"><a href=\"https:\/\/www.galiciamaxica.eu\/mini\/wp-content\/uploads\/2023\/01\/IMG_20221210_171150.jpg\"><img loading=\"lazy\" decoding=\"async\" width=\"768\" height=\"1024\" src=\"https:\/\/www.galiciamaxica.eu\/mini\/wp-content\/uploads\/2023\/01\/IMG_20221210_171150-768x1024.jpg\" alt=\"\" class=\"wp-image-20938\" srcset=\"https:\/\/www.galiciamaxica.eu\/mini\/wp-content\/uploads\/2023\/01\/IMG_20221210_171150-768x1024.jpg 768w, https:\/\/www.galiciamaxica.eu\/mini\/wp-content\/uploads\/2023\/01\/IMG_20221210_171150-225x300.jpg 225w, https:\/\/www.galiciamaxica.eu\/mini\/wp-content\/uploads\/2023\/01\/IMG_20221210_171150.jpg 900w\" sizes=\"(max-width: 768px) 100vw, 768px\" \/><\/a><\/figure>\n\n\n\n<p>Una vez entraba el lobo se cerraba la puerta y el lobo no pod\u00eda salir debido a la gran altura de los muros, eran much\u00edsimo m\u00e1s altos y el lobo no pod\u00eda saltarlos. <\/p>\n\n\n\n<figure class=\"wp-block-image aligncenter size-large\"><a href=\"https:\/\/www.galiciamaxica.eu\/mini\/wp-content\/uploads\/2023\/01\/IMG_20221210_171616.jpg\"><img loading=\"lazy\" decoding=\"async\" width=\"768\" height=\"1024\" src=\"https:\/\/www.galiciamaxica.eu\/mini\/wp-content\/uploads\/2023\/01\/IMG_20221210_171616-768x1024.jpg\" alt=\"\" class=\"wp-image-20924\" srcset=\"https:\/\/www.galiciamaxica.eu\/mini\/wp-content\/uploads\/2023\/01\/IMG_20221210_171616-768x1024.jpg 768w, https:\/\/www.galiciamaxica.eu\/mini\/wp-content\/uploads\/2023\/01\/IMG_20221210_171616-225x300.jpg 225w, https:\/\/www.galiciamaxica.eu\/mini\/wp-content\/uploads\/2023\/01\/IMG_20221210_171616.jpg 900w\" sizes=\"(max-width: 768px) 100vw, 768px\" \/><\/a><\/figure>\n\n\n\n<p>Antes, hace mucho tiempo, estos Foxos eran important\u00edsimos ya que hab\u00eda muchos lobos y era necesario el tenerlos controlados. <\/p>\n\n\n\n<figure class=\"wp-block-image aligncenter size-large\"><a href=\"https:\/\/www.galiciamaxica.eu\/mini\/wp-content\/uploads\/2023\/01\/IMG_20221210_171708-1.jpg\"><img loading=\"lazy\" decoding=\"async\" width=\"768\" height=\"1024\" src=\"https:\/\/www.galiciamaxica.eu\/mini\/wp-content\/uploads\/2023\/01\/IMG_20221210_171708-1-768x1024.jpg\" alt=\"\" class=\"wp-image-20942\" srcset=\"https:\/\/www.galiciamaxica.eu\/mini\/wp-content\/uploads\/2023\/01\/IMG_20221210_171708-1-768x1024.jpg 768w, https:\/\/www.galiciamaxica.eu\/mini\/wp-content\/uploads\/2023\/01\/IMG_20221210_171708-1-225x300.jpg 225w, https:\/\/www.galiciamaxica.eu\/mini\/wp-content\/uploads\/2023\/01\/IMG_20221210_171708-1.jpg 900w\" sizes=\"(max-width: 768px) 100vw, 768px\" \/><\/a><\/figure>\n\n\n\n<p>En Galicia encontrar\u00e1s unas cuantas de estas construcciones seculares. Os dejo el enlace de la categor\u00eda <strong><a href=\"https:\/\/www.galiciamaxica.eu\/categoria\/foxos\/\">FOXOS<\/a><\/strong> para que las descubr\u00e1is. <\/p>\n\n\n\n<figure class=\"wp-block-image aligncenter size-large\"><a href=\"https:\/\/www.galiciamaxica.eu\/mini\/wp-content\/uploads\/2023\/01\/IMG_20221210_171433.jpg\"><img loading=\"lazy\" decoding=\"async\" width=\"768\" height=\"1024\" src=\"https:\/\/www.galiciamaxica.eu\/mini\/wp-content\/uploads\/2023\/01\/IMG_20221210_171433-768x1024.jpg\" alt=\"\" class=\"wp-image-20930\" srcset=\"https:\/\/www.galiciamaxica.eu\/mini\/wp-content\/uploads\/2023\/01\/IMG_20221210_171433-768x1024.jpg 768w, https:\/\/www.galiciamaxica.eu\/mini\/wp-content\/uploads\/2023\/01\/IMG_20221210_171433-225x300.jpg 225w, https:\/\/www.galiciamaxica.eu\/mini\/wp-content\/uploads\/2023\/01\/IMG_20221210_171433.jpg 900w\" sizes=\"(max-width: 768px) 100vw, 768px\" \/><\/a><\/figure>\n\n\n\n<p>En cuanto a la forma de capturarlos se cuenta que en algunos lugares era tal el n\u00famero de lobos que se pon\u00edan de acuerdo todos los vecinos de diferentes pueblos para encerrarlos en estas trampas seculares, haciendo ruido e introduci\u00e9ndolos en el recinto.<\/p>\n\n\n\n<figure class=\"wp-block-image aligncenter size-large\"><a href=\"https:\/\/www.galiciamaxica.eu\/mini\/wp-content\/uploads\/2023\/01\/IMG_20221210_171758.jpg\"><img loading=\"lazy\" decoding=\"async\" width=\"768\" height=\"1024\" src=\"https:\/\/www.galiciamaxica.eu\/mini\/wp-content\/uploads\/2023\/01\/IMG_20221210_171758-768x1024.jpg\" alt=\"\" class=\"wp-image-20922\" srcset=\"https:\/\/www.galiciamaxica.eu\/mini\/wp-content\/uploads\/2023\/01\/IMG_20221210_171758-768x1024.jpg 768w, https:\/\/www.galiciamaxica.eu\/mini\/wp-content\/uploads\/2023\/01\/IMG_20221210_171758-225x300.jpg 225w, https:\/\/www.galiciamaxica.eu\/mini\/wp-content\/uploads\/2023\/01\/IMG_20221210_171758.jpg 900w\" sizes=\"(max-width: 768px) 100vw, 768px\" \/><\/a><\/figure>\n\n\n\n<p>A d\u00eda de hoy lo que impera es su protecci\u00f3n,<strong><a href=\"https:\/\/www.ecologistasenaccion.org\/179307\/aprobada-la-proteccion-del-lobo\/\" rel=\"nofollow\"> la protecci\u00f3n del lobo <\/a><\/strong>porque cada vez quedan menos.  En la actualidad el lobo est\u00e1 <strong>en el Listado de Especies Silvestres en R\u00e9gimen de Protecci\u00f3n Especial (LESRPE)<\/strong>.<\/p>\n\n\n\n<figure class=\"wp-block-image aligncenter size-large\"><a href=\"https:\/\/www.galiciamaxica.eu\/mini\/wp-content\/uploads\/2023\/01\/IMG_20221210_171447.jpg\"><img loading=\"lazy\" decoding=\"async\" width=\"768\" height=\"1024\" src=\"https:\/\/www.galiciamaxica.eu\/mini\/wp-content\/uploads\/2023\/01\/IMG_20221210_171447-768x1024.jpg\" alt=\"\" class=\"wp-image-20927\" srcset=\"https:\/\/www.galiciamaxica.eu\/mini\/wp-content\/uploads\/2023\/01\/IMG_20221210_171447-768x1024.jpg 768w, https:\/\/www.galiciamaxica.eu\/mini\/wp-content\/uploads\/2023\/01\/IMG_20221210_171447-225x300.jpg 225w, https:\/\/www.galiciamaxica.eu\/mini\/wp-content\/uploads\/2023\/01\/IMG_20221210_171447.jpg 900w\" sizes=\"(max-width: 768px) 100vw, 768px\" \/><\/a><\/figure>\n\n\n\n<p>Este patrimonio secular es de gran importancia ya que nos recuerda lo importante que es el conocer el pasado.<\/p>\n\n\n\n<figure class=\"wp-block-image aligncenter size-large\"><a href=\"https:\/\/www.galiciamaxica.eu\/mini\/wp-content\/uploads\/2023\/01\/IMG_20221210_171119-1.jpg\"><img loading=\"lazy\" decoding=\"async\" width=\"768\" height=\"1024\" src=\"https:\/\/www.galiciamaxica.eu\/mini\/wp-content\/uploads\/2023\/01\/IMG_20221210_171119-1-768x1024.jpg\" alt=\"\" class=\"wp-image-20936\" srcset=\"https:\/\/www.galiciamaxica.eu\/mini\/wp-content\/uploads\/2023\/01\/IMG_20221210_171119-1-768x1024.jpg 768w, https:\/\/www.galiciamaxica.eu\/mini\/wp-content\/uploads\/2023\/01\/IMG_20221210_171119-1-225x300.jpg 225w, https:\/\/www.galiciamaxica.eu\/mini\/wp-content\/uploads\/2023\/01\/IMG_20221210_171119-1.jpg 900w\" sizes=\"(max-width: 768px) 100vw, 768px\" \/><\/a><\/figure>\n\n\n\n<p>Justo al lado del Foxo do lobo tenemos una maravilla patrimonial de valor incalculable.<\/p>\n\n\n\n<h3 class=\"wp-block-heading\">La Casola do Foxo<\/h3>\n\n\n\n<p>Ya os pod\u00e9is imaginar porqu\u00e9 este yacimiento adopt\u00f3 este nombre <strong><a href=\"https:\/\/www.galiciamaxica.eu\/galicia\/dolmen-casola-do-foxo\/\">Casola do Foxo<\/a><\/strong> \u00bfVerdad? Estamos contemplando un dolmen y todos ya sabemos su finalidad o utilidad, la funeraria. <\/p>\n\n\n\n<figure class=\"wp-block-image aligncenter size-large\"><a href=\"https:\/\/www.galiciamaxica.eu\/mini\/wp-content\/uploads\/2023\/01\/IMG_20221210_171044.jpg\"><img loading=\"lazy\" decoding=\"async\" width=\"768\" height=\"1024\" src=\"https:\/\/www.galiciamaxica.eu\/mini\/wp-content\/uploads\/2023\/01\/IMG_20221210_171044-768x1024.jpg\" alt=\"\" class=\"wp-image-20940\" srcset=\"https:\/\/www.galiciamaxica.eu\/mini\/wp-content\/uploads\/2023\/01\/IMG_20221210_171044-768x1024.jpg 768w, https:\/\/www.galiciamaxica.eu\/mini\/wp-content\/uploads\/2023\/01\/IMG_20221210_171044-225x300.jpg 225w, https:\/\/www.galiciamaxica.eu\/mini\/wp-content\/uploads\/2023\/01\/IMG_20221210_171044.jpg 900w\" sizes=\"(max-width: 768px) 100vw, 768px\" \/><\/a><\/figure>\n\n\n\n<p>Nos cuenta el panel interpretativo que eran los ganaderos los que pastoreaban en el Neol\u00edtico por estos valles y fueron ellos los que construyeron este monumento funerario entre los siglos<strong> IV-III a.C.<\/strong> <\/p>\n\n\n\n<figure class=\"wp-block-image aligncenter size-large\"><a href=\"https:\/\/www.galiciamaxica.eu\/mini\/wp-content\/uploads\/2023\/01\/IMG_20221210_171008.jpg\"><img loading=\"lazy\" decoding=\"async\" width=\"768\" height=\"1024\" src=\"https:\/\/www.galiciamaxica.eu\/mini\/wp-content\/uploads\/2023\/01\/IMG_20221210_171008-768x1024.jpg\" alt=\"\" class=\"wp-image-20939\" srcset=\"https:\/\/www.galiciamaxica.eu\/mini\/wp-content\/uploads\/2023\/01\/IMG_20221210_171008-768x1024.jpg 768w, https:\/\/www.galiciamaxica.eu\/mini\/wp-content\/uploads\/2023\/01\/IMG_20221210_171008-225x300.jpg 225w, https:\/\/www.galiciamaxica.eu\/mini\/wp-content\/uploads\/2023\/01\/IMG_20221210_171008.jpg 900w\" sizes=\"(max-width: 768px) 100vw, 768px\" \/><\/a><\/figure>\n\n\n\n<p>En este lugar existen varias muestras megal\u00edticas milenarias en forma de d\u00f3lmenes formando un ruta megal\u00edtica. <\/p>\n\n\n\n<h3 class=\"wp-block-heading\"> Casi\u00f1a da Moura <\/h3>\n\n\n\n<p>Uno de los Dolmen m\u00e1s conocidos de estas rutas es la <a href=\"https:\/\/www.galiciamaxica.eu\/galicia\/ourense\/casinamouros\/\">Casi\u00f1a da Moura <\/a>de As Maus de Salas, que os recomiendo visitar y os la dejo en el mapa por si os apetece y os da tiempo.<\/p>\n\n\n\n<figure class=\"wp-block-image aligncenter size-large\"><img decoding=\"async\" src=\"https:\/\/www.galiciamaxica.eu\/wp-content\/uploads\/2016\/03\/Dolmen-de-Salas-3-1024x682.jpg\" alt=\"\"\/><\/figure>\n\n\n\n<p>No podemos marcharnos sin visitar el inconcluso\u00a0<strong>Santuario de Couso<\/strong>. <\/p>\n\n\n\n<h3 class=\"wp-block-heading\">Santuario de Couso o de Os Milagres<\/h3>\n\n\n\n<p>Al <strong><a href=\"https:\/\/www.galiciamaxica.eu\/galicia\/ourense\/santuariocouso\/\">Santuario de Couso de Salas<\/a><\/strong>, en Mu\u00ed\u00f1os, se le conoce tambi\u00e9n como el\u00a0<strong>Santuario dos Milagres de Couso<\/strong>. <\/p>\n\n\n\n<figure class=\"wp-block-image aligncenter size-large\"><img decoding=\"async\" src=\"https:\/\/galiciamaxica.eu\/wp-content\/uploads\/2019\/10\/couso13.jpg\" alt=\"\"\/><\/figure>\n\n\n\n<p>Sus obras comienzan en la \u00faltima d\u00e9cada del siglo XVIII y continuaron durante los primeros a\u00f1os del siglo XIX. <\/p>\n\n\n\n<figure class=\"wp-block-image aligncenter size-large\"><img decoding=\"async\" src=\"https:\/\/www.galiciamaxica.eu\/wp-content\/uploads\/2016\/03\/Santuario-do-Couso_15-1024x682.jpg\" alt=\"\"\/><\/figure>\n\n\n\n<p>\u00bfQu\u00e9 paso entonces? Nunca se lleg\u00f3 a acabarse por dos importantes hechos, reto de memoria por<a href=\"https:\/\/www.elidealgallego.com\/texto-diario\/mostrar\/2429964\/reportaje-reino-galicia-lugar-ejercito-frances-no-encontro-paz\" rel=\"nofollow\"> la invasi\u00f3n francesa <\/a>y el decaimiento de la industria gallega.\u00a0<\/p>\n\n\n\n<h3 class=\"wp-block-heading\">Mu\u00ed\u00f1os da Torrente- \u00c1rea recreativa<\/h3>\n\n\n\n<p>Y para tomar fuerzas un lugar que conocimos por casualidad. Lo descubrimos haciendo una parada para descansar en un \u00e1rea recreativa. Junto a ella, un peque\u00f1o regato nos escond\u00eda sus secretos. <\/p>\n\n\n\n<figure class=\"wp-block-image aligncenter size-large\"><img decoding=\"async\" src=\"https:\/\/www.galiciamaxica.eu\/wp-content\/uploads\/2022\/04\/Torrente-39-1024x682.jpg\" alt=\"\"\/><\/figure>\n\n\n\n<p>Una peque\u00f1a ruta en donde podremos ver varios molinos, patrimonio que da nombre a este concello.<\/p>\n\n\n\n<figure class=\"wp-block-image aligncenter size-large\"><img decoding=\"async\" src=\"https:\/\/www.galiciamaxica.eu\/wp-content\/uploads\/2022\/04\/Torrente-12-1024x682.jpg\" alt=\"\"\/><\/figure>\n\n\n\n<h4 class=\"wp-block-heading\">Ruta Mui\u00f1os da Torrente &#8211; 3,15\u00a0km<\/h4>\n\n\n\n<iframe frameBorder=\"0\" scrolling=\"no\" src=\"https:\/\/es.wikiloc.com\/wikiloc\/spatialArtifacts.do?event=view&#038;id=27821348&#038;measures=off&#038;title=off&#038;near=off&#038;images=off&#038;maptype=H\" width=\"500\" height=\"400\"><\/iframe><div style=\"color:#777;font-size:11px;line-height:16px;\">Powered by <a style=\"color:#06d;font-size:11px;line-height:16px;\" target=\"_blank\" href=\"https:\/\/es.wikiloc.com\" rel=\"noopener\">Wikiloc<\/a><\/div>\n","protected":false},"excerpt":{"rendered":"<p>Nos vamos a Mu\u00ed\u00f1os a descubrir much0s bienes patrimoniales y es que Mu\u00ed\u00f1os esconde muchos tesoros. Va a ser un viaje especial por lo que iremos sin prisas y aprovechando el tiempo al m\u00e1ximo. Lo primero que har\u00e9, ser\u00e1 compartir en el mapa todos los sitios que os recomiendo para visitar en familia. Como siempre, [&hellip;]<\/p>\n","protected":false},"author":1,"featured_media":20931,"comment_status":"open","ping_status":"closed","sticky":false,"template":"","format":"standard","meta":{"_eb_attr":"","site-sidebar-layout":"default","site-content-layout":"","ast-site-content-layout":"","site-content-style":"default","site-sidebar-style":"default","ast-global-header-display":"","ast-banner-title-visibility":"","ast-main-header-display":"","ast-hfb-above-header-display":"","ast-hfb-below-header-display":"","ast-hfb-mobile-header-display":"","site-post-title":"","ast-breadcrumbs-content":"","ast-featured-img":"","footer-sml-layout":"","theme-transparent-header-meta":"","adv-header-id-meta":"","stick-header-meta":"","header-above-stick-meta":"","header-main-stick-meta":"","header-below-stick-meta":"","astra-migrate-meta-layouts":"default","ast-page-background-enabled":"default","ast-page-background-meta":{"desktop":{"background-color":"","background-image":"","background-repeat":"repeat","background-position":"center center","background-size":"auto","background-attachment":"scroll","background-type":"","background-media":"","overlay-type":"","overlay-color":"","overlay-opacity":"","overlay-gradient":""},"tablet":{"background-color":"","background-image":"","background-repeat":"repeat","background-position":"center center","background-size":"auto","background-attachment":"scroll","background-type":"","background-media":"","overlay-type":"","overlay-color":"","overlay-opacity":"","overlay-gradient":""},"mobile":{"background-color":"","background-image":"","background-repeat":"repeat","background-position":"center center","background-size":"auto","background-attachment":"scroll","background-type":"","background-media":"","overlay-type":"","overlay-color":"","overlay-opacity":"","overlay-gradient":""}},"ast-content-background-meta":{"desktop":{"background-color":"var(--ast-global-color-5)","background-image":"","background-repeat":"repeat","background-position":"center center","background-size":"auto","background-attachment":"scroll","background-type":"","background-media":"","overlay-type":"","overlay-color":"","overlay-opacity":"","overlay-gradient":""},"tablet":{"background-color":"var(--ast-global-color-5)","background-image":"","background-repeat":"repeat","background-position":"center center","background-size":"auto","background-attachment":"scroll","background-type":"","background-media":"","overlay-type":"","overlay-color":"","overlay-opacity":"","overlay-gradient":""},"mobile":{"background-color":"var(--ast-global-color-5)","background-image":"","background-repeat":"repeat","background-position":"center center","background-size":"auto","background-attachment":"scroll","background-type":"","background-media":"","overlay-type":"","overlay-color":"","overlay-opacity":"","overlay-gradient":""}},"footnotes":""},"categories":[51],"tags":[25,36,42],"class_list":["post-20920","post","type-post","status-publish","format-standard","has-post-thumbnail","hentry","category-ourense","tag-galicia","tag-lugares","tag-ruta"],"yoast_head":"<!-- This site is optimized with the Yoast SEO plugin v24.9 - https:\/\/yoast.com\/wordpress\/plugins\/seo\/ -->\n<title>Mu\u00ed\u00f1os y sus tesoros - Galicia con ni\u00f1os | GALICIA M\u00c1XICA<\/title>\n<meta name=\"description\" content=\"Nos vamos a Mu\u00ed\u00f1os a descubrir much0s bienes patrimoniales y es que Mu\u00ed\u00f1os esconde muchos tesoros.\" \/>\n<meta name=\"robots\" content=\"index, follow, max-snippet:-1, max-image-preview:large, max-video-preview:-1\" \/>\n<link rel=\"canonical\" href=\"https:\/\/www.galiciamaxica.eu\/mini\/muinos-y-sus-tesoros\/\" \/>\n<meta property=\"og:locale\" content=\"es_ES\" \/>\n<meta property=\"og:type\" content=\"article\" \/>\n<meta property=\"og:title\" content=\"Mu\u00ed\u00f1os y sus tesoros - Galicia con ni\u00f1os | GALICIA M\u00c1XICA\" \/>\n<meta property=\"og:description\" content=\"Nos vamos a Mu\u00ed\u00f1os a descubrir much0s bienes patrimoniales y es que Mu\u00ed\u00f1os esconde muchos tesoros.\" \/>\n<meta property=\"og:url\" content=\"https:\/\/www.galiciamaxica.eu\/mini\/muinos-y-sus-tesoros\/\" \/>\n<meta property=\"og:site_name\" content=\"Galicia con ni\u00f1os | GALICIA M\u00c1XICA\" \/>\n<meta property=\"article:publisher\" content=\"https:\/\/www.facebook.com\/maria.rodriguezserantes\" \/>\n<meta property=\"article:author\" content=\"https:\/\/www.facebook.com\/maria.rodriguezserantes\" \/>\n<meta property=\"article:published_time\" content=\"2023-01-25T18:02:13+00:00\" \/>\n<meta property=\"article:modified_time\" content=\"2023-01-25T18:16:59+00:00\" \/>\n<meta property=\"og:image\" content=\"https:\/\/www.galiciamaxica.eu\/mini\/wp-content\/uploads\/2023\/01\/IMG_20221210_171245.jpg\" \/>\n\t<meta property=\"og:image:width\" content=\"900\" \/>\n\t<meta property=\"og:image:height\" content=\"1200\" \/>\n\t<meta property=\"og:image:type\" content=\"image\/jpeg\" \/>\n<meta name=\"author\" content=\"seseixa\" \/>\n<meta name=\"twitter:card\" content=\"summary_large_image\" \/>\n<meta name=\"twitter:creator\" content=\"@seseixa\" \/>\n<meta name=\"twitter:site\" content=\"@seseixa\" \/>\n<meta name=\"twitter:label1\" content=\"Escrito por\" \/>\n\t<meta name=\"twitter:data1\" content=\"seseixa\" \/>\n\t<meta name=\"twitter:label2\" content=\"Tiempo de lectura\" \/>\n\t<meta name=\"twitter:data2\" content=\"8 minutos\" \/>\n<script type=\"application\/ld+json\" class=\"yoast-schema-graph\">{\"@context\":\"https:\/\/schema.org\",\"@graph\":[{\"@type\":\"Article\",\"@id\":\"https:\/\/www.galiciamaxica.eu\/mini\/muinos-y-sus-tesoros\/#article\",\"isPartOf\":{\"@id\":\"https:\/\/www.galiciamaxica.eu\/mini\/muinos-y-sus-tesoros\/\"},\"author\":{\"name\":\"seseixa\",\"@id\":\"https:\/\/www.galiciamaxica.eu\/mini\/#\/schema\/person\/2b284fe2fd911000a48d2e8936300179\"},\"headline\":\"Mu\u00ed\u00f1os y sus tesoros\",\"datePublished\":\"2023-01-25T18:02:13+00:00\",\"dateModified\":\"2023-01-25T18:16:59+00:00\",\"mainEntityOfPage\":{\"@id\":\"https:\/\/www.galiciamaxica.eu\/mini\/muinos-y-sus-tesoros\/\"},\"wordCount\":893,\"commentCount\":0,\"publisher\":{\"@id\":\"https:\/\/www.galiciamaxica.eu\/mini\/#\/schema\/person\/2b284fe2fd911000a48d2e8936300179\"},\"image\":{\"@id\":\"https:\/\/www.galiciamaxica.eu\/mini\/muinos-y-sus-tesoros\/#primaryimage\"},\"thumbnailUrl\":\"https:\/\/www.galiciamaxica.eu\/mini\/wp-content\/uploads\/2023\/01\/IMG_20221210_171245.jpg\",\"keywords\":[\"Galicia\",\"lugares\",\"ruta\"],\"articleSection\":[\"OURENSE\"],\"inLanguage\":\"es\",\"potentialAction\":[{\"@type\":\"CommentAction\",\"name\":\"Comment\",\"target\":[\"https:\/\/www.galiciamaxica.eu\/mini\/muinos-y-sus-tesoros\/#respond\"]}]},{\"@type\":\"WebPage\",\"@id\":\"https:\/\/www.galiciamaxica.eu\/mini\/muinos-y-sus-tesoros\/\",\"url\":\"https:\/\/www.galiciamaxica.eu\/mini\/muinos-y-sus-tesoros\/\",\"name\":\"Mu\u00ed\u00f1os y sus tesoros - Galicia con ni\u00f1os | GALICIA M\u00c1XICA\",\"isPartOf\":{\"@id\":\"https:\/\/www.galiciamaxica.eu\/mini\/#website\"},\"primaryImageOfPage\":{\"@id\":\"https:\/\/www.galiciamaxica.eu\/mini\/muinos-y-sus-tesoros\/#primaryimage\"},\"image\":{\"@id\":\"https:\/\/www.galiciamaxica.eu\/mini\/muinos-y-sus-tesoros\/#primaryimage\"},\"thumbnailUrl\":\"https:\/\/www.galiciamaxica.eu\/mini\/wp-content\/uploads\/2023\/01\/IMG_20221210_171245.jpg\",\"datePublished\":\"2023-01-25T18:02:13+00:00\",\"dateModified\":\"2023-01-25T18:16:59+00:00\",\"description\":\"Nos vamos a Mu\u00ed\u00f1os a descubrir much0s bienes patrimoniales y es que Mu\u00ed\u00f1os esconde muchos tesoros.\",\"breadcrumb\":{\"@id\":\"https:\/\/www.galiciamaxica.eu\/mini\/muinos-y-sus-tesoros\/#breadcrumb\"},\"inLanguage\":\"es\",\"potentialAction\":[{\"@type\":\"ReadAction\",\"target\":[\"https:\/\/www.galiciamaxica.eu\/mini\/muinos-y-sus-tesoros\/\"]}]},{\"@type\":\"ImageObject\",\"inLanguage\":\"es\",\"@id\":\"https:\/\/www.galiciamaxica.eu\/mini\/muinos-y-sus-tesoros\/#primaryimage\",\"url\":\"https:\/\/www.galiciamaxica.eu\/mini\/wp-content\/uploads\/2023\/01\/IMG_20221210_171245.jpg\",\"contentUrl\":\"https:\/\/www.galiciamaxica.eu\/mini\/wp-content\/uploads\/2023\/01\/IMG_20221210_171245.jpg\",\"width\":900,\"height\":1200},{\"@type\":\"BreadcrumbList\",\"@id\":\"https:\/\/www.galiciamaxica.eu\/mini\/muinos-y-sus-tesoros\/#breadcrumb\",\"itemListElement\":[{\"@type\":\"ListItem\",\"position\":1,\"name\":\"Portada\",\"item\":\"https:\/\/www.galiciamaxica.eu\/mini\/\"},{\"@type\":\"ListItem\",\"position\":2,\"name\":\"Mu\u00ed\u00f1os y sus tesoros\"}]},{\"@type\":\"WebSite\",\"@id\":\"https:\/\/www.galiciamaxica.eu\/mini\/#website\",\"url\":\"https:\/\/www.galiciamaxica.eu\/mini\/\",\"name\":\"Galicia con ni\u00f1os | GALICIA M\u00c1XICA\",\"description\":\"Qu\u00e9 hacer con ni\u00f1os en Galicia\",\"publisher\":{\"@id\":\"https:\/\/www.galiciamaxica.eu\/mini\/#\/schema\/person\/2b284fe2fd911000a48d2e8936300179\"},\"potentialAction\":[{\"@type\":\"SearchAction\",\"target\":{\"@type\":\"EntryPoint\",\"urlTemplate\":\"https:\/\/www.galiciamaxica.eu\/mini\/?s={search_term_string}\"},\"query-input\":{\"@type\":\"PropertyValueSpecification\",\"valueRequired\":true,\"valueName\":\"search_term_string\"}}],\"inLanguage\":\"es\"},{\"@type\":[\"Person\",\"Organization\"],\"@id\":\"https:\/\/www.galiciamaxica.eu\/mini\/#\/schema\/person\/2b284fe2fd911000a48d2e8936300179\",\"name\":\"seseixa\",\"image\":{\"@type\":\"ImageObject\",\"inLanguage\":\"es\",\"@id\":\"https:\/\/www.galiciamaxica.eu\/mini\/#\/schema\/person\/image\/\",\"url\":\"https:\/\/www.galiciamaxica.eu\/mini\/wp-content\/uploads\/2019\/02\/seseixa.png\",\"contentUrl\":\"https:\/\/www.galiciamaxica.eu\/mini\/wp-content\/uploads\/2019\/02\/seseixa.png\",\"width\":100,\"height\":100,\"caption\":\"seseixa\"},\"logo\":{\"@id\":\"https:\/\/www.galiciamaxica.eu\/mini\/#\/schema\/person\/image\/\"},\"description\":\"En la actualidad combinando dos proyectos que me apasionan, Galicia y los ni\u00f1os. Tengo mucho que aportar y otro tanto que aprender, as\u00ed como, el tiempo y el coraz\u00f3n, dividido en todo momento. Soy mam\u00e1, un titulo otorgado a tiempo completo, compa\u00f1era y amiga, a todas horas, familiar y cercana, siempre. De esp\u00edritu inquieto, soy una eterna ni\u00f1a que juega en el pa\u00eds de las maravillas. Una enamorada de mi tierra, por la que trabajo sin descanso. Creo en la infancia como motor que cambiar\u00e1 el mundo a mejor y busco en mi vida la felicidad como estado permanente porque s\u00f3lo se vive una vez.\",\"sameAs\":[\"http:\/\/mini.galiciamaxica.eu\/\",\"https:\/\/www.facebook.com\/maria.rodriguezserantes\",\"https:\/\/x.com\/seseixa\"],\"url\":\"https:\/\/www.galiciamaxica.eu\/mini\/author\/seseixa\/\"}]}<\/script>\n<!-- \/ Yoast SEO plugin. -->","yoast_head_json":{"title":"Mu\u00ed\u00f1os y sus tesoros - Galicia con ni\u00f1os | GALICIA M\u00c1XICA","description":"Nos vamos a Mu\u00ed\u00f1os a descubrir much0s bienes patrimoniales y es que Mu\u00ed\u00f1os esconde muchos tesoros.","robots":{"index":"index","follow":"follow","max-snippet":"max-snippet:-1","max-image-preview":"max-image-preview:large","max-video-preview":"max-video-preview:-1"},"canonical":"https:\/\/www.galiciamaxica.eu\/mini\/muinos-y-sus-tesoros\/","og_locale":"es_ES","og_type":"article","og_title":"Mu\u00ed\u00f1os y sus tesoros - Galicia con ni\u00f1os | GALICIA M\u00c1XICA","og_description":"Nos vamos a Mu\u00ed\u00f1os a descubrir much0s bienes patrimoniales y es que Mu\u00ed\u00f1os esconde muchos tesoros.","og_url":"https:\/\/www.galiciamaxica.eu\/mini\/muinos-y-sus-tesoros\/","og_site_name":"Galicia con ni\u00f1os | GALICIA M\u00c1XICA","article_publisher":"https:\/\/www.facebook.com\/maria.rodriguezserantes","article_author":"https:\/\/www.facebook.com\/maria.rodriguezserantes","article_published_time":"2023-01-25T18:02:13+00:00","article_modified_time":"2023-01-25T18:16:59+00:00","og_image":[{"width":900,"height":1200,"url":"https:\/\/www.galiciamaxica.eu\/mini\/wp-content\/uploads\/2023\/01\/IMG_20221210_171245.jpg","type":"image\/jpeg"}],"author":"seseixa","twitter_card":"summary_large_image","twitter_creator":"@seseixa","twitter_site":"@seseixa","twitter_misc":{"Escrito por":"seseixa","Tiempo de lectura":"8 minutos"},"schema":{"@context":"https:\/\/schema.org","@graph":[{"@type":"Article","@id":"https:\/\/www.galiciamaxica.eu\/mini\/muinos-y-sus-tesoros\/#article","isPartOf":{"@id":"https:\/\/www.galiciamaxica.eu\/mini\/muinos-y-sus-tesoros\/"},"author":{"name":"seseixa","@id":"https:\/\/www.galiciamaxica.eu\/mini\/#\/schema\/person\/2b284fe2fd911000a48d2e8936300179"},"headline":"Mu\u00ed\u00f1os y sus tesoros","datePublished":"2023-01-25T18:02:13+00:00","dateModified":"2023-01-25T18:16:59+00:00","mainEntityOfPage":{"@id":"https:\/\/www.galiciamaxica.eu\/mini\/muinos-y-sus-tesoros\/"},"wordCount":893,"commentCount":0,"publisher":{"@id":"https:\/\/www.galiciamaxica.eu\/mini\/#\/schema\/person\/2b284fe2fd911000a48d2e8936300179"},"image":{"@id":"https:\/\/www.galiciamaxica.eu\/mini\/muinos-y-sus-tesoros\/#primaryimage"},"thumbnailUrl":"https:\/\/www.galiciamaxica.eu\/mini\/wp-content\/uploads\/2023\/01\/IMG_20221210_171245.jpg","keywords":["Galicia","lugares","ruta"],"articleSection":["OURENSE"],"inLanguage":"es","potentialAction":[{"@type":"CommentAction","name":"Comment","target":["https:\/\/www.galiciamaxica.eu\/mini\/muinos-y-sus-tesoros\/#respond"]}]},{"@type":"WebPage","@id":"https:\/\/www.galiciamaxica.eu\/mini\/muinos-y-sus-tesoros\/","url":"https:\/\/www.galiciamaxica.eu\/mini\/muinos-y-sus-tesoros\/","name":"Mu\u00ed\u00f1os y sus tesoros - Galicia con ni\u00f1os | GALICIA M\u00c1XICA","isPartOf":{"@id":"https:\/\/www.galiciamaxica.eu\/mini\/#website"},"primaryImageOfPage":{"@id":"https:\/\/www.galiciamaxica.eu\/mini\/muinos-y-sus-tesoros\/#primaryimage"},"image":{"@id":"https:\/\/www.galiciamaxica.eu\/mini\/muinos-y-sus-tesoros\/#primaryimage"},"thumbnailUrl":"https:\/\/www.galiciamaxica.eu\/mini\/wp-content\/uploads\/2023\/01\/IMG_20221210_171245.jpg","datePublished":"2023-01-25T18:02:13+00:00","dateModified":"2023-01-25T18:16:59+00:00","description":"Nos vamos a Mu\u00ed\u00f1os a descubrir much0s bienes patrimoniales y es que Mu\u00ed\u00f1os esconde muchos tesoros.","breadcrumb":{"@id":"https:\/\/www.galiciamaxica.eu\/mini\/muinos-y-sus-tesoros\/#breadcrumb"},"inLanguage":"es","potentialAction":[{"@type":"ReadAction","target":["https:\/\/www.galiciamaxica.eu\/mini\/muinos-y-sus-tesoros\/"]}]},{"@type":"ImageObject","inLanguage":"es","@id":"https:\/\/www.galiciamaxica.eu\/mini\/muinos-y-sus-tesoros\/#primaryimage","url":"https:\/\/www.galiciamaxica.eu\/mini\/wp-content\/uploads\/2023\/01\/IMG_20221210_171245.jpg","contentUrl":"https:\/\/www.galiciamaxica.eu\/mini\/wp-content\/uploads\/2023\/01\/IMG_20221210_171245.jpg","width":900,"height":1200},{"@type":"BreadcrumbList","@id":"https:\/\/www.galiciamaxica.eu\/mini\/muinos-y-sus-tesoros\/#breadcrumb","itemListElement":[{"@type":"ListItem","position":1,"name":"Portada","item":"https:\/\/www.galiciamaxica.eu\/mini\/"},{"@type":"ListItem","position":2,"name":"Mu\u00ed\u00f1os y sus tesoros"}]},{"@type":"WebSite","@id":"https:\/\/www.galiciamaxica.eu\/mini\/#website","url":"https:\/\/www.galiciamaxica.eu\/mini\/","name":"Galicia con ni\u00f1os | GALICIA M\u00c1XICA","description":"Qu\u00e9 hacer con ni\u00f1os en Galicia","publisher":{"@id":"https:\/\/www.galiciamaxica.eu\/mini\/#\/schema\/person\/2b284fe2fd911000a48d2e8936300179"},"potentialAction":[{"@type":"SearchAction","target":{"@type":"EntryPoint","urlTemplate":"https:\/\/www.galiciamaxica.eu\/mini\/?s={search_term_string}"},"query-input":{"@type":"PropertyValueSpecification","valueRequired":true,"valueName":"search_term_string"}}],"inLanguage":"es"},{"@type":["Person","Organization"],"@id":"https:\/\/www.galiciamaxica.eu\/mini\/#\/schema\/person\/2b284fe2fd911000a48d2e8936300179","name":"seseixa","image":{"@type":"ImageObject","inLanguage":"es","@id":"https:\/\/www.galiciamaxica.eu\/mini\/#\/schema\/person\/image\/","url":"https:\/\/www.galiciamaxica.eu\/mini\/wp-content\/uploads\/2019\/02\/seseixa.png","contentUrl":"https:\/\/www.galiciamaxica.eu\/mini\/wp-content\/uploads\/2019\/02\/seseixa.png","width":100,"height":100,"caption":"seseixa"},"logo":{"@id":"https:\/\/www.galiciamaxica.eu\/mini\/#\/schema\/person\/image\/"},"description":"En la actualidad combinando dos proyectos que me apasionan, Galicia y los ni\u00f1os. Tengo mucho que aportar y otro tanto que aprender, as\u00ed como, el tiempo y el coraz\u00f3n, dividido en todo momento. Soy mam\u00e1, un titulo otorgado a tiempo completo, compa\u00f1era y amiga, a todas horas, familiar y cercana, siempre. De esp\u00edritu inquieto, soy una eterna ni\u00f1a que juega en el pa\u00eds de las maravillas. Una enamorada de mi tierra, por la que trabajo sin descanso. Creo en la infancia como motor que cambiar\u00e1 el mundo a mejor y busco en mi vida la felicidad como estado permanente porque s\u00f3lo se vive una vez.","sameAs":["http:\/\/mini.galiciamaxica.eu\/","https:\/\/www.facebook.com\/maria.rodriguezserantes","https:\/\/x.com\/seseixa"],"url":"https:\/\/www.galiciamaxica.eu\/mini\/author\/seseixa\/"}]}},"amp_enabled":true,"post_mailing_queue_ids":[],"_links":{"self":[{"href":"https:\/\/www.galiciamaxica.eu\/mini\/wp-json\/wp\/v2\/posts\/20920"}],"collection":[{"href":"https:\/\/www.galiciamaxica.eu\/mini\/wp-json\/wp\/v2\/posts"}],"about":[{"href":"https:\/\/www.galiciamaxica.eu\/mini\/wp-json\/wp\/v2\/types\/post"}],"author":[{"embeddable":true,"href":"https:\/\/www.galiciamaxica.eu\/mini\/wp-json\/wp\/v2\/users\/1"}],"replies":[{"embeddable":true,"href":"https:\/\/www.galiciamaxica.eu\/mini\/wp-json\/wp\/v2\/comments?post=20920"}],"version-history":[{"count":4,"href":"https:\/\/www.galiciamaxica.eu\/mini\/wp-json\/wp\/v2\/posts\/20920\/revisions"}],"predecessor-version":[{"id":20948,"href":"https:\/\/www.galiciamaxica.eu\/mini\/wp-json\/wp\/v2\/posts\/20920\/revisions\/20948"}],"wp:featuredmedia":[{"embeddable":true,"href":"https:\/\/www.galiciamaxica.eu\/mini\/wp-json\/wp\/v2\/media\/20931"}],"wp:attachment":[{"href":"https:\/\/www.galiciamaxica.eu\/mini\/wp-json\/wp\/v2\/media?parent=20920"}],"wp:term":[{"taxonomy":"category","embeddable":true,"href":"https:\/\/www.galiciamaxica.eu\/mini\/wp-json\/wp\/v2\/categories?post=20920"},{"taxonomy":"post_tag","embeddable":true,"href":"https:\/\/www.galiciamaxica.eu\/mini\/wp-json\/wp\/v2\/tags?post=20920"}],"curies":[{"name":"wp","href":"https:\/\/api.w.org\/{rel}","templated":true}]}}