{"id":20907,"date":"2023-01-19T19:43:34","date_gmt":"2023-01-19T18:43:34","guid":{"rendered":"https:\/\/www.galiciamaxica.eu\/mini\/?p=20907"},"modified":"2024-08-13T19:39:48","modified_gmt":"2024-08-13T17:39:48","slug":"la-torre-da-grupa-o-torre-de-doncos","status":"publish","type":"post","link":"https:\/\/www.galiciamaxica.eu\/mini\/la-torre-da-grupa-o-torre-de-doncos\/","title":{"rendered":"La Torre da Grupa o Torre de Doncos"},"content":{"rendered":"\n<p>Hoy nos acercamos a un precioso mirador para descubrir una torre, la Torre da Grupa o Torre de Doncos. <\/p>\n\n\n\n<p>Las torres en Galicia son de tan hermosa belleza que a\u00fan estando en ruinas, tienen ese efecto im\u00e1n patrimonial que debemos valorar en familia. <\/p>\n\n\n\n<figure class=\"wp-block-image aligncenter size-large\"><a href=\"https:\/\/www.galiciamaxica.eu\/mini\/wp-content\/uploads\/2023\/01\/doncos-8-scaled.jpg\"><img fetchpriority=\"high\" decoding=\"async\" width=\"768\" height=\"1024\" src=\"https:\/\/www.galiciamaxica.eu\/mini\/wp-content\/uploads\/2023\/01\/doncos-8-768x1024.jpg\" alt=\"\" class=\"wp-image-20915\" srcset=\"https:\/\/www.galiciamaxica.eu\/mini\/wp-content\/uploads\/2023\/01\/doncos-8-768x1024.jpg 768w, https:\/\/www.galiciamaxica.eu\/mini\/wp-content\/uploads\/2023\/01\/doncos-8-225x300.jpg 225w\" sizes=\"(max-width: 768px) 100vw, 768px\" \/><\/a><\/figure>\n\n\n\n<p>Estamos en un lugar de magia sin igual y es que aqu\u00ed, vino a retirarse la reina Lupa. Si aqu\u00ed, <strong><a href=\"https:\/\/www.galiciadigital.com\/opinion\/opinion.979.php\" rel=\"nofollow\"> as\u00ed lo cuentan<\/a><\/strong> varias leyendas <strong>\u00aba las tranquilas tierras de Tor\u00e9s\u00bb<\/strong>, donde la famosa reina Lupa levant\u00f3 un castillo con sus murallas, el castillo de Tor\u00e9s dicen que poniendo este nombre, en memoria de los bravos toros, <strong>esos que se volvieron mansos al trasladar el cuerpo de Santiago.<\/strong><\/p>\n\n\n\n<p>Aunque otros dicen que el nombre Tor\u00e9s aunque <strong><a href=\"https:\/\/galiciapuebloapueblo.blogspot.com\/2020\/09\/torre-e-iglesia-de-tores-as-nogais.html\">el castillo de Tor\u00e9s (As Nogais)<\/a><\/strong> no es de origen romano, puede proceder del lat\u00edn del\u00a0<em>lat\u00edn<\/em>\u00a0\u00abTurris-is\u00bb (Torre) que significa fortaleza o torre. <\/p>\n\n\n\n<figure class=\"wp-block-image aligncenter size-large\"><img decoding=\"async\" src=\"https:\/\/1.bp.blogspot.com\/-N97fDH5x8uw\/X1EP-VUKXOI\/AAAAAAAB4t0\/gZZT2pBKYJYMR30eemTFAMD0bFIrDhH7QCPcBGAsYHg\/s640\/TORRE%2BE%2BIGLESIA%2BDE%2BTOR%25C3%2589S%252C%2BAS%2BNOGAIS%2B01.jpg\" alt=\"\"\/><figcaption class=\"wp-element-caption\"><strong><a href=\"https:\/\/galiciapuebloapueblo.blogspot.com\/2020\/09\/torre-e-iglesia-de-tores-as-nogais.html\">Galicia Pueblo a Pueblo<\/a><\/strong><\/figcaption><\/figure>\n\n\n\n<p>Del castillo de Tor\u00e9s solo queda en pie la torre del homenaje que fue declarada\u00a0BIC (Bien de Interese Cultural) con la categor\u00eda de monumento. Pero no vamos a hablar de este castillo aunque <a href=\"https:\/\/goo.gl\/maps\/H4bbbTZ6yBWwBU2YA\">est\u00e1 muy cerca tambi\u00e9n<\/a>.<\/p>\n\n\n\n<p>Hoy visitaremos el de Doncos.<\/p>\n\n\n\n<figure class=\"wp-block-image size-large\"><a href=\"https:\/\/www.galiciamaxica.eu\/mini\/wp-content\/uploads\/2023\/01\/doncos-2-scaled.jpg\"><img decoding=\"async\" width=\"768\" height=\"1024\" src=\"https:\/\/www.galiciamaxica.eu\/mini\/wp-content\/uploads\/2023\/01\/doncos-2-768x1024.jpg\" alt=\"\" class=\"wp-image-20909\" srcset=\"https:\/\/www.galiciamaxica.eu\/mini\/wp-content\/uploads\/2023\/01\/doncos-2-768x1024.jpg 768w, https:\/\/www.galiciamaxica.eu\/mini\/wp-content\/uploads\/2023\/01\/doncos-2-225x300.jpg 225w\" sizes=\"(max-width: 768px) 100vw, 768px\" \/><\/a><\/figure>\n\n\n\n<h2 class=\"wp-block-heading\"><a href=\"https:\/\/www.galiciamaxica.eu\/galicia\/mirador-torre-de-doncos\/\">Torre de Doncos<\/a><\/h2>\n\n\n\n<p>La que est\u00e1s contemplando es el \u00fanico resto que queda en pie de un castillo medieval Se la conoce como la fortaleza de Santo Agosti\u00f1o o la Torre da Grupa aunque probablemente nos suene m\u00e1s Torre de Doncos, ya que la Torre se encuentra en Santiago de Doncos y de \u00e9l recibe su nombre. Fue construida en la segunda mitad del siglo XV y abandonada en el siglo XVII.<\/p>\n\n\n\n<figure class=\"wp-block-image aligncenter size-large\"><a href=\"https:\/\/www.galiciamaxica.eu\/mini\/wp-content\/uploads\/2023\/01\/doncos-1-scaled.jpg\"><img decoding=\"async\" width=\"768\" height=\"1024\" src=\"https:\/\/www.galiciamaxica.eu\/mini\/wp-content\/uploads\/2023\/01\/doncos-1-768x1024.jpg\" alt=\"\" class=\"wp-image-20916\" srcset=\"https:\/\/www.galiciamaxica.eu\/mini\/wp-content\/uploads\/2023\/01\/doncos-1-768x1024.jpg 768w, https:\/\/www.galiciamaxica.eu\/mini\/wp-content\/uploads\/2023\/01\/doncos-1-225x300.jpg 225w\" sizes=\"(max-width: 768px) 100vw, 768px\" \/><\/a><\/figure>\n\n\n\n<p>La funci\u00f3n de este lugar era defensiva ya que ten\u00eda mucho valor estrat\u00e9gico ya que se situaba en la entrada a Galicia. Con el tiempo cuentan que la funci\u00f3n o misi\u00f3n de la misma se torno a protecci\u00f3n y fue una leyenda la que le puso el t\u00edtulo.<\/p>\n\n\n\n<p>Torre de Doncos tambi\u00e9n conocida como Torre da Grupa que ten\u00eda como misi\u00f3n la de proteger a todos&nbsp;los caminantes que emprend\u00edan el viaje a visitar al santo.<\/p>\n\n\n\n<figure class=\"wp-block-image aligncenter size-large\"><a href=\"https:\/\/www.galiciamaxica.eu\/mini\/wp-content\/uploads\/2023\/01\/doncos-3-scaled.jpg\"><img loading=\"lazy\" decoding=\"async\" width=\"768\" height=\"1024\" src=\"https:\/\/www.galiciamaxica.eu\/mini\/wp-content\/uploads\/2023\/01\/doncos-3-768x1024.jpg\" alt=\"\" class=\"wp-image-20910\" srcset=\"https:\/\/www.galiciamaxica.eu\/mini\/wp-content\/uploads\/2023\/01\/doncos-3-768x1024.jpg 768w, https:\/\/www.galiciamaxica.eu\/mini\/wp-content\/uploads\/2023\/01\/doncos-3-225x300.jpg 225w\" sizes=\"(max-width: 768px) 100vw, 768px\" \/><\/a><\/figure>\n\n\n\n<h2 class=\"wp-block-heading\">Leyenda<\/h2>\n\n\n\n<p>Cuenta la historia que fueron trece los caballeros leoneses que juraron aqu\u00ed proteger a los peregrinos que viajaban a Santiago de Compostela.<\/p>\n\n\n\n<figure class=\"wp-block-image aligncenter size-large\"><a href=\"https:\/\/www.galiciamaxica.eu\/mini\/wp-content\/uploads\/2023\/01\/doncos-4-scaled.jpg\"><img loading=\"lazy\" decoding=\"async\" width=\"768\" height=\"1024\" src=\"https:\/\/www.galiciamaxica.eu\/mini\/wp-content\/uploads\/2023\/01\/doncos-4-768x1024.jpg\" alt=\"\" class=\"wp-image-20911\" srcset=\"https:\/\/www.galiciamaxica.eu\/mini\/wp-content\/uploads\/2023\/01\/doncos-4-768x1024.jpg 768w, https:\/\/www.galiciamaxica.eu\/mini\/wp-content\/uploads\/2023\/01\/doncos-4-225x300.jpg 225w\" sizes=\"(max-width: 768px) 100vw, 768px\" \/><\/a><\/figure>\n\n\n\n<p>La leyenda cuenta que una pareja estaba haciendo el camino cuando sufrieron el ataque  de unos moros, uno de ellos se llev\u00f3 a la mujer en la grupa del caballo (grupa-Parte posterior del lomo del caballo).<\/p>\n\n\n\n<p>Los trece caballeros persiguieron al moro y cuando fue capturado decapit\u00f3 a la muchacha para que nadie gozara de su hermosura. Al degollarla se ti\u00f1\u00f3 el blanco caballo con su sangre. A partir de este momento, la grupa del caballo blanco se ti\u00f1\u00f3 de rojo y dio nombre para siempre a la fortaleza, tambi\u00e9n conocida como Torre da Grupa.<\/p>\n\n\n\n<figure class=\"wp-block-image aligncenter size-large\"><a href=\"https:\/\/www.galiciamaxica.eu\/mini\/wp-content\/uploads\/2023\/01\/doncos-7-scaled.jpg\"><img loading=\"lazy\" decoding=\"async\" width=\"769\" height=\"1024\" src=\"https:\/\/www.galiciamaxica.eu\/mini\/wp-content\/uploads\/2023\/01\/doncos-7-769x1024.jpg\" alt=\"\" class=\"wp-image-20914\" srcset=\"https:\/\/www.galiciamaxica.eu\/mini\/wp-content\/uploads\/2023\/01\/doncos-7-769x1024.jpg 769w, https:\/\/www.galiciamaxica.eu\/mini\/wp-content\/uploads\/2023\/01\/doncos-7-225x300.jpg 225w, https:\/\/www.galiciamaxica.eu\/mini\/wp-content\/uploads\/2023\/01\/doncos-7-768x1022.jpg 768w\" sizes=\"(max-width: 769px) 100vw, 769px\" \/><\/a><\/figure>\n\n\n\n<h2 class=\"wp-block-heading\">Mirador<\/h2>\n\n\n\n<p>Este mirador es inaugurado en el 2018 en el concello de As Nogais. Es una plataforma met\u00e1lica construida sobre un pe\u00f1asco rocoso y situado a una altura de 650 metros. Desde \u00e9l contemplemos con los ni\u00f1os la famosa torre y es aqu\u00ed en donde les contaremos esta peculiar historia.<\/p>\n\n\n\n<figure class=\"wp-block-embed is-type-wp-embed is-provider-galicia-maxica-turismo wp-block-embed-galicia-maxica-turismo\">\n<blockquote class=\"wp-embedded-content\" data-secret=\"WUrX7CNFRY\"><a href=\"https:\/\/www.galiciamaxica.eu\/galicia\/mirador-torre-de-doncos\/\">Mirador Torre de Doncos<\/a><\/blockquote><iframe class=\"wp-embedded-content\" sandbox=\"allow-scripts\" security=\"restricted\" style=\"position: absolute; visibility: hidden;\" title=\"\u00abMirador Torre de Doncos\u00bb \u2014 Galicia M\u00e1xica | Algo m\u00e1s que ver en Galicia\" src=\"https:\/\/www.galiciamaxica.eu\/galicia\/mirador-torre-de-doncos\/embed\/#?secret=NFw5WQHjd8#?secret=WUrX7CNFRY\" data-secret=\"WUrX7CNFRY\" width=\"500\" height=\"282\" frameborder=\"0\" marginwidth=\"0\" marginheight=\"0\" scrolling=\"no\"><\/iframe>\n<\/figure>\n\n\n\n<h2 class=\"wp-block-heading\">Ruta<\/h2>\n\n\n\n<p><strong>Distancia:<\/strong> 12.75 km.<br><strong>Duraci\u00f3n estimada:<\/strong> 4 horas<\/p>\n\n\n\n<figure class=\"wp-block-image aligncenter size-large\"><a href=\"https:\/\/www.galiciamaxica.eu\/mini\/wp-content\/uploads\/2023\/01\/26733421_1713059335421709_7111703517468928961_n.jpg\"><img loading=\"lazy\" decoding=\"async\" width=\"1024\" height=\"485\" src=\"https:\/\/www.galiciamaxica.eu\/mini\/wp-content\/uploads\/2023\/01\/26733421_1713059335421709_7111703517468928961_n-1024x485.jpg\" alt=\"\" class=\"wp-image-20908\" srcset=\"https:\/\/www.galiciamaxica.eu\/mini\/wp-content\/uploads\/2023\/01\/26733421_1713059335421709_7111703517468928961_n-1024x485.jpg 1024w, https:\/\/www.galiciamaxica.eu\/mini\/wp-content\/uploads\/2023\/01\/26733421_1713059335421709_7111703517468928961_n-300x142.jpg 300w, https:\/\/www.galiciamaxica.eu\/mini\/wp-content\/uploads\/2023\/01\/26733421_1713059335421709_7111703517468928961_n-768x364.jpg 768w, https:\/\/www.galiciamaxica.eu\/mini\/wp-content\/uploads\/2023\/01\/26733421_1713059335421709_7111703517468928961_n.jpg 1180w\" sizes=\"(max-width: 1024px) 100vw, 1024px\" \/><\/a><figcaption class=\"wp-element-caption\"><strong><a href=\"http:\/\/asnogais.elcaminoentumano.com\/ruta-torre-de-doncos\/\" rel=\"nofollow\">M\u00e1s info de la ruta<\/a><\/strong><\/figcaption><\/figure>\n\n\n\n<figure class=\"wp-block-image aligncenter size-large\"><a href=\"https:\/\/www.galiciamaxica.eu\/mini\/wp-content\/uploads\/2023\/01\/doncos-6-scaled.jpg\"><img loading=\"lazy\" decoding=\"async\" width=\"768\" height=\"1024\" src=\"https:\/\/www.galiciamaxica.eu\/mini\/wp-content\/uploads\/2023\/01\/doncos-6-768x1024.jpg\" alt=\"\" class=\"wp-image-20913\" srcset=\"https:\/\/www.galiciamaxica.eu\/mini\/wp-content\/uploads\/2023\/01\/doncos-6-768x1024.jpg 768w, https:\/\/www.galiciamaxica.eu\/mini\/wp-content\/uploads\/2023\/01\/doncos-6-225x300.jpg 225w\" sizes=\"(max-width: 768px) 100vw, 768px\" \/><\/a><\/figure>\n\n\n\n<h2 class=\"wp-block-heading\">Ubicaci\u00f3n<\/h2>\n\n\n\n<iframe src=\"https:\/\/www.google.com\/maps\/embed?pb=!1m14!1m8!1m3!1d5772.623853755686!2d-7.10987!3d42.783!3m2!1i1024!2i768!4f13.1!3m3!1m2!1s0x0%3A0xd57f1f2045744e99!2sMirador%20Torre%20de%20Doncos!5e1!3m2!1ses!2ses!4v1674151139202!5m2!1ses!2ses\" width=\"600\" height=\"450\" style=\"border:0;\" allowfullscreen=\"\" loading=\"lazy\" referrerpolicy=\"no-referrer-when-downgrade\"><\/iframe>\n","protected":false},"excerpt":{"rendered":"<p>Hoy nos acercamos a un precioso mirador para descubrir una torre, la Torre da Grupa o Torre de Doncos. Las torres en Galicia son de tan hermosa belleza que a\u00fan estando en ruinas, tienen ese efecto im\u00e1n patrimonial que debemos valorar en familia. Estamos en un lugar de magia sin igual y es que aqu\u00ed, [&hellip;]<\/p>\n","protected":false},"author":1,"featured_media":20910,"comment_status":"open","ping_status":"closed","sticky":false,"template":"","format":"standard","meta":{"_eb_attr":"","site-sidebar-layout":"default","site-content-layout":"","ast-site-content-layout":"","site-content-style":"default","site-sidebar-style":"default","ast-global-header-display":"","ast-banner-title-visibility":"","ast-main-header-display":"","ast-hfb-above-header-display":"","ast-hfb-below-header-display":"","ast-hfb-mobile-header-display":"","site-post-title":"","ast-breadcrumbs-content":"","ast-featured-img":"","footer-sml-layout":"","theme-transparent-header-meta":"","adv-header-id-meta":"","stick-header-meta":"","header-above-stick-meta":"","header-main-stick-meta":"","header-below-stick-meta":"","astra-migrate-meta-layouts":"default","ast-page-background-enabled":"default","ast-page-background-meta":{"desktop":{"background-color":"","background-image":"","background-repeat":"repeat","background-position":"center center","background-size":"auto","background-attachment":"scroll","background-type":"","background-media":"","overlay-type":"","overlay-color":"","overlay-opacity":"","overlay-gradient":""},"tablet":{"background-color":"","background-image":"","background-repeat":"repeat","background-position":"center center","background-size":"auto","background-attachment":"scroll","background-type":"","background-media":"","overlay-type":"","overlay-color":"","overlay-opacity":"","overlay-gradient":""},"mobile":{"background-color":"","background-image":"","background-repeat":"repeat","background-position":"center center","background-size":"auto","background-attachment":"scroll","background-type":"","background-media":"","overlay-type":"","overlay-color":"","overlay-opacity":"","overlay-gradient":""}},"ast-content-background-meta":{"desktop":{"background-color":"var(--ast-global-color-5)","background-image":"","background-repeat":"repeat","background-position":"center center","background-size":"auto","background-attachment":"scroll","background-type":"","background-media":"","overlay-type":"","overlay-color":"","overlay-opacity":"","overlay-gradient":""},"tablet":{"background-color":"var(--ast-global-color-5)","background-image":"","background-repeat":"repeat","background-position":"center center","background-size":"auto","background-attachment":"scroll","background-type":"","background-media":"","overlay-type":"","overlay-color":"","overlay-opacity":"","overlay-gradient":""},"mobile":{"background-color":"var(--ast-global-color-5)","background-image":"","background-repeat":"repeat","background-position":"center center","background-size":"auto","background-attachment":"scroll","background-type":"","background-media":"","overlay-type":"","overlay-color":"","overlay-opacity":"","overlay-gradient":""}},"footnotes":""},"categories":[50],"tags":[],"class_list":["post-20907","post","type-post","status-publish","format-standard","has-post-thumbnail","hentry","category-lugo"],"yoast_head":"<!-- This site is optimized with the Yoast SEO plugin v24.9 - https:\/\/yoast.com\/wordpress\/plugins\/seo\/ -->\n<title>La Torre da Grupa o Torre de Doncos - Galicia con ni\u00f1os | GALICIA M\u00c1XICA<\/title>\n<meta name=\"description\" content=\"Hoy nos acercamos a un mirador para descubrir una torre. Nos dejaremos llevar por ese im\u00e1n patrimonial que debemos valorar en familia.\" \/>\n<meta name=\"robots\" content=\"index, follow, max-snippet:-1, max-image-preview:large, max-video-preview:-1\" \/>\n<link rel=\"canonical\" href=\"https:\/\/www.galiciamaxica.eu\/mini\/la-torre-da-grupa-o-torre-de-doncos\/\" \/>\n<meta property=\"og:locale\" content=\"es_ES\" \/>\n<meta property=\"og:type\" content=\"article\" \/>\n<meta property=\"og:title\" content=\"La Torre da Grupa o Torre de Doncos - Galicia con ni\u00f1os | GALICIA M\u00c1XICA\" \/>\n<meta property=\"og:description\" content=\"Hoy nos acercamos a un mirador para descubrir una torre. Nos dejaremos llevar por ese im\u00e1n patrimonial que debemos valorar en familia.\" \/>\n<meta property=\"og:url\" content=\"https:\/\/www.galiciamaxica.eu\/mini\/la-torre-da-grupa-o-torre-de-doncos\/\" \/>\n<meta property=\"og:site_name\" content=\"Galicia con ni\u00f1os | GALICIA M\u00c1XICA\" \/>\n<meta property=\"article:publisher\" content=\"https:\/\/www.facebook.com\/maria.rodriguezserantes\" \/>\n<meta property=\"article:author\" content=\"https:\/\/www.facebook.com\/maria.rodriguezserantes\" \/>\n<meta property=\"article:published_time\" content=\"2023-01-19T18:43:34+00:00\" \/>\n<meta property=\"article:modified_time\" content=\"2024-08-13T17:39:48+00:00\" \/>\n<meta property=\"og:image\" content=\"https:\/\/www.galiciamaxica.eu\/mini\/wp-content\/uploads\/2023\/01\/doncos-3-768x1024.jpg\" \/>\n\t<meta property=\"og:image:width\" content=\"768\" \/>\n\t<meta property=\"og:image:height\" content=\"1024\" \/>\n\t<meta property=\"og:image:type\" content=\"image\/jpeg\" \/>\n<meta name=\"author\" content=\"seseixa\" \/>\n<meta name=\"twitter:card\" content=\"summary_large_image\" \/>\n<meta name=\"twitter:creator\" content=\"@seseixa\" \/>\n<meta name=\"twitter:site\" content=\"@seseixa\" \/>\n<meta name=\"twitter:label1\" content=\"Escrito por\" \/>\n\t<meta name=\"twitter:data1\" content=\"seseixa\" \/>\n\t<meta name=\"twitter:label2\" content=\"Tiempo de lectura\" \/>\n\t<meta name=\"twitter:data2\" content=\"5 minutos\" \/>\n<script type=\"application\/ld+json\" class=\"yoast-schema-graph\">{\"@context\":\"https:\/\/schema.org\",\"@graph\":[{\"@type\":\"Article\",\"@id\":\"https:\/\/www.galiciamaxica.eu\/mini\/la-torre-da-grupa-o-torre-de-doncos\/#article\",\"isPartOf\":{\"@id\":\"https:\/\/www.galiciamaxica.eu\/mini\/la-torre-da-grupa-o-torre-de-doncos\/\"},\"author\":{\"name\":\"seseixa\",\"@id\":\"https:\/\/www.galiciamaxica.eu\/mini\/#\/schema\/person\/2b284fe2fd911000a48d2e8936300179\"},\"headline\":\"La Torre da Grupa o Torre de Doncos\",\"datePublished\":\"2023-01-19T18:43:34+00:00\",\"dateModified\":\"2024-08-13T17:39:48+00:00\",\"mainEntityOfPage\":{\"@id\":\"https:\/\/www.galiciamaxica.eu\/mini\/la-torre-da-grupa-o-torre-de-doncos\/\"},\"wordCount\":563,\"commentCount\":0,\"publisher\":{\"@id\":\"https:\/\/www.galiciamaxica.eu\/mini\/#\/schema\/person\/2b284fe2fd911000a48d2e8936300179\"},\"image\":{\"@id\":\"https:\/\/www.galiciamaxica.eu\/mini\/la-torre-da-grupa-o-torre-de-doncos\/#primaryimage\"},\"thumbnailUrl\":\"https:\/\/www.galiciamaxica.eu\/mini\/wp-content\/uploads\/2023\/01\/doncos-3-scaled.jpg\",\"articleSection\":[\"LUGO\"],\"inLanguage\":\"es\",\"potentialAction\":[{\"@type\":\"CommentAction\",\"name\":\"Comment\",\"target\":[\"https:\/\/www.galiciamaxica.eu\/mini\/la-torre-da-grupa-o-torre-de-doncos\/#respond\"]}]},{\"@type\":\"WebPage\",\"@id\":\"https:\/\/www.galiciamaxica.eu\/mini\/la-torre-da-grupa-o-torre-de-doncos\/\",\"url\":\"https:\/\/www.galiciamaxica.eu\/mini\/la-torre-da-grupa-o-torre-de-doncos\/\",\"name\":\"La Torre da Grupa o Torre de Doncos - Galicia con ni\u00f1os | GALICIA M\u00c1XICA\",\"isPartOf\":{\"@id\":\"https:\/\/www.galiciamaxica.eu\/mini\/#website\"},\"primaryImageOfPage\":{\"@id\":\"https:\/\/www.galiciamaxica.eu\/mini\/la-torre-da-grupa-o-torre-de-doncos\/#primaryimage\"},\"image\":{\"@id\":\"https:\/\/www.galiciamaxica.eu\/mini\/la-torre-da-grupa-o-torre-de-doncos\/#primaryimage\"},\"thumbnailUrl\":\"https:\/\/www.galiciamaxica.eu\/mini\/wp-content\/uploads\/2023\/01\/doncos-3-scaled.jpg\",\"datePublished\":\"2023-01-19T18:43:34+00:00\",\"dateModified\":\"2024-08-13T17:39:48+00:00\",\"description\":\"Hoy nos acercamos a un mirador para descubrir una torre. Nos dejaremos llevar por ese im\u00e1n patrimonial que debemos valorar en familia.\",\"breadcrumb\":{\"@id\":\"https:\/\/www.galiciamaxica.eu\/mini\/la-torre-da-grupa-o-torre-de-doncos\/#breadcrumb\"},\"inLanguage\":\"es\",\"potentialAction\":[{\"@type\":\"ReadAction\",\"target\":[\"https:\/\/www.galiciamaxica.eu\/mini\/la-torre-da-grupa-o-torre-de-doncos\/\"]}]},{\"@type\":\"ImageObject\",\"inLanguage\":\"es\",\"@id\":\"https:\/\/www.galiciamaxica.eu\/mini\/la-torre-da-grupa-o-torre-de-doncos\/#primaryimage\",\"url\":\"https:\/\/www.galiciamaxica.eu\/mini\/wp-content\/uploads\/2023\/01\/doncos-3-scaled.jpg\",\"contentUrl\":\"https:\/\/www.galiciamaxica.eu\/mini\/wp-content\/uploads\/2023\/01\/doncos-3-scaled.jpg\",\"width\":3000,\"height\":4000},{\"@type\":\"BreadcrumbList\",\"@id\":\"https:\/\/www.galiciamaxica.eu\/mini\/la-torre-da-grupa-o-torre-de-doncos\/#breadcrumb\",\"itemListElement\":[{\"@type\":\"ListItem\",\"position\":1,\"name\":\"Portada\",\"item\":\"https:\/\/www.galiciamaxica.eu\/mini\/\"},{\"@type\":\"ListItem\",\"position\":2,\"name\":\"La Torre da Grupa o Torre de Doncos\"}]},{\"@type\":\"WebSite\",\"@id\":\"https:\/\/www.galiciamaxica.eu\/mini\/#website\",\"url\":\"https:\/\/www.galiciamaxica.eu\/mini\/\",\"name\":\"Galicia con ni\u00f1os | GALICIA M\u00c1XICA\",\"description\":\"Qu\u00e9 hacer con ni\u00f1os en Galicia\",\"publisher\":{\"@id\":\"https:\/\/www.galiciamaxica.eu\/mini\/#\/schema\/person\/2b284fe2fd911000a48d2e8936300179\"},\"potentialAction\":[{\"@type\":\"SearchAction\",\"target\":{\"@type\":\"EntryPoint\",\"urlTemplate\":\"https:\/\/www.galiciamaxica.eu\/mini\/?s={search_term_string}\"},\"query-input\":{\"@type\":\"PropertyValueSpecification\",\"valueRequired\":true,\"valueName\":\"search_term_string\"}}],\"inLanguage\":\"es\"},{\"@type\":[\"Person\",\"Organization\"],\"@id\":\"https:\/\/www.galiciamaxica.eu\/mini\/#\/schema\/person\/2b284fe2fd911000a48d2e8936300179\",\"name\":\"seseixa\",\"image\":{\"@type\":\"ImageObject\",\"inLanguage\":\"es\",\"@id\":\"https:\/\/www.galiciamaxica.eu\/mini\/#\/schema\/person\/image\/\",\"url\":\"https:\/\/www.galiciamaxica.eu\/mini\/wp-content\/uploads\/2019\/02\/seseixa.png\",\"contentUrl\":\"https:\/\/www.galiciamaxica.eu\/mini\/wp-content\/uploads\/2019\/02\/seseixa.png\",\"width\":100,\"height\":100,\"caption\":\"seseixa\"},\"logo\":{\"@id\":\"https:\/\/www.galiciamaxica.eu\/mini\/#\/schema\/person\/image\/\"},\"description\":\"En la actualidad combinando dos proyectos que me apasionan, Galicia y los ni\u00f1os. Tengo mucho que aportar y otro tanto que aprender, as\u00ed como, el tiempo y el coraz\u00f3n, dividido en todo momento. Soy mam\u00e1, un titulo otorgado a tiempo completo, compa\u00f1era y amiga, a todas horas, familiar y cercana, siempre. De esp\u00edritu inquieto, soy una eterna ni\u00f1a que juega en el pa\u00eds de las maravillas. Una enamorada de mi tierra, por la que trabajo sin descanso. Creo en la infancia como motor que cambiar\u00e1 el mundo a mejor y busco en mi vida la felicidad como estado permanente porque s\u00f3lo se vive una vez.\",\"sameAs\":[\"http:\/\/mini.galiciamaxica.eu\/\",\"https:\/\/www.facebook.com\/maria.rodriguezserantes\",\"https:\/\/x.com\/seseixa\"],\"url\":\"https:\/\/www.galiciamaxica.eu\/mini\/author\/seseixa\/\"}]}<\/script>\n<!-- \/ Yoast SEO plugin. -->","yoast_head_json":{"title":"La Torre da Grupa o Torre de Doncos - Galicia con ni\u00f1os | GALICIA M\u00c1XICA","description":"Hoy nos acercamos a un mirador para descubrir una torre. Nos dejaremos llevar por ese im\u00e1n patrimonial que debemos valorar en familia.","robots":{"index":"index","follow":"follow","max-snippet":"max-snippet:-1","max-image-preview":"max-image-preview:large","max-video-preview":"max-video-preview:-1"},"canonical":"https:\/\/www.galiciamaxica.eu\/mini\/la-torre-da-grupa-o-torre-de-doncos\/","og_locale":"es_ES","og_type":"article","og_title":"La Torre da Grupa o Torre de Doncos - Galicia con ni\u00f1os | GALICIA M\u00c1XICA","og_description":"Hoy nos acercamos a un mirador para descubrir una torre. Nos dejaremos llevar por ese im\u00e1n patrimonial que debemos valorar en familia.","og_url":"https:\/\/www.galiciamaxica.eu\/mini\/la-torre-da-grupa-o-torre-de-doncos\/","og_site_name":"Galicia con ni\u00f1os | GALICIA M\u00c1XICA","article_publisher":"https:\/\/www.facebook.com\/maria.rodriguezserantes","article_author":"https:\/\/www.facebook.com\/maria.rodriguezserantes","article_published_time":"2023-01-19T18:43:34+00:00","article_modified_time":"2024-08-13T17:39:48+00:00","og_image":[{"width":768,"height":1024,"url":"https:\/\/www.galiciamaxica.eu\/mini\/wp-content\/uploads\/2023\/01\/doncos-3-768x1024.jpg","type":"image\/jpeg"}],"author":"seseixa","twitter_card":"summary_large_image","twitter_creator":"@seseixa","twitter_site":"@seseixa","twitter_misc":{"Escrito por":"seseixa","Tiempo de lectura":"5 minutos"},"schema":{"@context":"https:\/\/schema.org","@graph":[{"@type":"Article","@id":"https:\/\/www.galiciamaxica.eu\/mini\/la-torre-da-grupa-o-torre-de-doncos\/#article","isPartOf":{"@id":"https:\/\/www.galiciamaxica.eu\/mini\/la-torre-da-grupa-o-torre-de-doncos\/"},"author":{"name":"seseixa","@id":"https:\/\/www.galiciamaxica.eu\/mini\/#\/schema\/person\/2b284fe2fd911000a48d2e8936300179"},"headline":"La Torre da Grupa o Torre de Doncos","datePublished":"2023-01-19T18:43:34+00:00","dateModified":"2024-08-13T17:39:48+00:00","mainEntityOfPage":{"@id":"https:\/\/www.galiciamaxica.eu\/mini\/la-torre-da-grupa-o-torre-de-doncos\/"},"wordCount":563,"commentCount":0,"publisher":{"@id":"https:\/\/www.galiciamaxica.eu\/mini\/#\/schema\/person\/2b284fe2fd911000a48d2e8936300179"},"image":{"@id":"https:\/\/www.galiciamaxica.eu\/mini\/la-torre-da-grupa-o-torre-de-doncos\/#primaryimage"},"thumbnailUrl":"https:\/\/www.galiciamaxica.eu\/mini\/wp-content\/uploads\/2023\/01\/doncos-3-scaled.jpg","articleSection":["LUGO"],"inLanguage":"es","potentialAction":[{"@type":"CommentAction","name":"Comment","target":["https:\/\/www.galiciamaxica.eu\/mini\/la-torre-da-grupa-o-torre-de-doncos\/#respond"]}]},{"@type":"WebPage","@id":"https:\/\/www.galiciamaxica.eu\/mini\/la-torre-da-grupa-o-torre-de-doncos\/","url":"https:\/\/www.galiciamaxica.eu\/mini\/la-torre-da-grupa-o-torre-de-doncos\/","name":"La Torre da Grupa o Torre de Doncos - Galicia con ni\u00f1os | GALICIA M\u00c1XICA","isPartOf":{"@id":"https:\/\/www.galiciamaxica.eu\/mini\/#website"},"primaryImageOfPage":{"@id":"https:\/\/www.galiciamaxica.eu\/mini\/la-torre-da-grupa-o-torre-de-doncos\/#primaryimage"},"image":{"@id":"https:\/\/www.galiciamaxica.eu\/mini\/la-torre-da-grupa-o-torre-de-doncos\/#primaryimage"},"thumbnailUrl":"https:\/\/www.galiciamaxica.eu\/mini\/wp-content\/uploads\/2023\/01\/doncos-3-scaled.jpg","datePublished":"2023-01-19T18:43:34+00:00","dateModified":"2024-08-13T17:39:48+00:00","description":"Hoy nos acercamos a un mirador para descubrir una torre. Nos dejaremos llevar por ese im\u00e1n patrimonial que debemos valorar en familia.","breadcrumb":{"@id":"https:\/\/www.galiciamaxica.eu\/mini\/la-torre-da-grupa-o-torre-de-doncos\/#breadcrumb"},"inLanguage":"es","potentialAction":[{"@type":"ReadAction","target":["https:\/\/www.galiciamaxica.eu\/mini\/la-torre-da-grupa-o-torre-de-doncos\/"]}]},{"@type":"ImageObject","inLanguage":"es","@id":"https:\/\/www.galiciamaxica.eu\/mini\/la-torre-da-grupa-o-torre-de-doncos\/#primaryimage","url":"https:\/\/www.galiciamaxica.eu\/mini\/wp-content\/uploads\/2023\/01\/doncos-3-scaled.jpg","contentUrl":"https:\/\/www.galiciamaxica.eu\/mini\/wp-content\/uploads\/2023\/01\/doncos-3-scaled.jpg","width":3000,"height":4000},{"@type":"BreadcrumbList","@id":"https:\/\/www.galiciamaxica.eu\/mini\/la-torre-da-grupa-o-torre-de-doncos\/#breadcrumb","itemListElement":[{"@type":"ListItem","position":1,"name":"Portada","item":"https:\/\/www.galiciamaxica.eu\/mini\/"},{"@type":"ListItem","position":2,"name":"La Torre da Grupa o Torre de Doncos"}]},{"@type":"WebSite","@id":"https:\/\/www.galiciamaxica.eu\/mini\/#website","url":"https:\/\/www.galiciamaxica.eu\/mini\/","name":"Galicia con ni\u00f1os | GALICIA M\u00c1XICA","description":"Qu\u00e9 hacer con ni\u00f1os en Galicia","publisher":{"@id":"https:\/\/www.galiciamaxica.eu\/mini\/#\/schema\/person\/2b284fe2fd911000a48d2e8936300179"},"potentialAction":[{"@type":"SearchAction","target":{"@type":"EntryPoint","urlTemplate":"https:\/\/www.galiciamaxica.eu\/mini\/?s={search_term_string}"},"query-input":{"@type":"PropertyValueSpecification","valueRequired":true,"valueName":"search_term_string"}}],"inLanguage":"es"},{"@type":["Person","Organization"],"@id":"https:\/\/www.galiciamaxica.eu\/mini\/#\/schema\/person\/2b284fe2fd911000a48d2e8936300179","name":"seseixa","image":{"@type":"ImageObject","inLanguage":"es","@id":"https:\/\/www.galiciamaxica.eu\/mini\/#\/schema\/person\/image\/","url":"https:\/\/www.galiciamaxica.eu\/mini\/wp-content\/uploads\/2019\/02\/seseixa.png","contentUrl":"https:\/\/www.galiciamaxica.eu\/mini\/wp-content\/uploads\/2019\/02\/seseixa.png","width":100,"height":100,"caption":"seseixa"},"logo":{"@id":"https:\/\/www.galiciamaxica.eu\/mini\/#\/schema\/person\/image\/"},"description":"En la actualidad combinando dos proyectos que me apasionan, Galicia y los ni\u00f1os. Tengo mucho que aportar y otro tanto que aprender, as\u00ed como, el tiempo y el coraz\u00f3n, dividido en todo momento. Soy mam\u00e1, un titulo otorgado a tiempo completo, compa\u00f1era y amiga, a todas horas, familiar y cercana, siempre. De esp\u00edritu inquieto, soy una eterna ni\u00f1a que juega en el pa\u00eds de las maravillas. Una enamorada de mi tierra, por la que trabajo sin descanso. Creo en la infancia como motor que cambiar\u00e1 el mundo a mejor y busco en mi vida la felicidad como estado permanente porque s\u00f3lo se vive una vez.","sameAs":["http:\/\/mini.galiciamaxica.eu\/","https:\/\/www.facebook.com\/maria.rodriguezserantes","https:\/\/x.com\/seseixa"],"url":"https:\/\/www.galiciamaxica.eu\/mini\/author\/seseixa\/"}]}},"amp_enabled":true,"post_mailing_queue_ids":[],"_links":{"self":[{"href":"https:\/\/www.galiciamaxica.eu\/mini\/wp-json\/wp\/v2\/posts\/20907"}],"collection":[{"href":"https:\/\/www.galiciamaxica.eu\/mini\/wp-json\/wp\/v2\/posts"}],"about":[{"href":"https:\/\/www.galiciamaxica.eu\/mini\/wp-json\/wp\/v2\/types\/post"}],"author":[{"embeddable":true,"href":"https:\/\/www.galiciamaxica.eu\/mini\/wp-json\/wp\/v2\/users\/1"}],"replies":[{"embeddable":true,"href":"https:\/\/www.galiciamaxica.eu\/mini\/wp-json\/wp\/v2\/comments?post=20907"}],"version-history":[{"count":3,"href":"https:\/\/www.galiciamaxica.eu\/mini\/wp-json\/wp\/v2\/posts\/20907\/revisions"}],"predecessor-version":[{"id":22365,"href":"https:\/\/www.galiciamaxica.eu\/mini\/wp-json\/wp\/v2\/posts\/20907\/revisions\/22365"}],"wp:featuredmedia":[{"embeddable":true,"href":"https:\/\/www.galiciamaxica.eu\/mini\/wp-json\/wp\/v2\/media\/20910"}],"wp:attachment":[{"href":"https:\/\/www.galiciamaxica.eu\/mini\/wp-json\/wp\/v2\/media?parent=20907"}],"wp:term":[{"taxonomy":"category","embeddable":true,"href":"https:\/\/www.galiciamaxica.eu\/mini\/wp-json\/wp\/v2\/categories?post=20907"},{"taxonomy":"post_tag","embeddable":true,"href":"https:\/\/www.galiciamaxica.eu\/mini\/wp-json\/wp\/v2\/tags?post=20907"}],"curies":[{"name":"wp","href":"https:\/\/api.w.org\/{rel}","templated":true}]}}