{"id":20762,"date":"2022-11-28T18:39:18","date_gmt":"2022-11-28T17:39:18","guid":{"rendered":"https:\/\/www.galiciamaxica.eu\/mini\/?p=20762"},"modified":"2022-11-28T18:57:08","modified_gmt":"2022-11-28T17:57:08","slug":"negreira","status":"publish","type":"post","link":"https:\/\/www.galiciamaxica.eu\/mini\/negreira\/","title":{"rendered":"Negreira es M\u00e1gica"},"content":{"rendered":"\n<p>Haremos un peque\u00f1o tramo del <strong>Camino&nbsp;Xacobeo de Fisterra y Mux\u00eda<\/strong> y as\u00ed descubriremos como se merece Negreira, con una ruta familiar que os va a encantar. Y adem\u00e1s de regalo, os dejo otra ruta, la de los pazos por si qued\u00e1is con ganas de m\u00e1s o ya est\u00e1n vuestros hijos preparados para largas caminatas.<\/p>\n\n\n\n<p>Todos sabemos que el Camino de Santiago termina con la visita al Ap\u00f3stol en la Catedral de Santiago pero no todos lo terminan all\u00ed, muchos deciden continuar hasta el fin del mundo, Finisterre.  El&nbsp;Camino Xacobeo de Fisterra y Mux\u00eda es la recreaci\u00f3n m\u00e1s fiel al hist\u00f3rico grito del peregrino \u00a1Ultreia! que traducido ser\u00eda algo as\u00ed como \u201c\u00a1Vamos m\u00e1s all\u00e1!\u201d. <\/p>\n\n\n\n<figure class=\"wp-block-image aligncenter size-large\"><a href=\"https:\/\/www.galiciamaxica.eu\/mini\/wp-content\/uploads\/2022\/11\/127203901_2812949275650262_3319023760863333302_n-6.jpg\"><img fetchpriority=\"high\" decoding=\"async\" width=\"768\" height=\"1024\" src=\"https:\/\/www.galiciamaxica.eu\/mini\/wp-content\/uploads\/2022\/11\/127203901_2812949275650262_3319023760863333302_n-6-768x1024.jpg\" alt=\"\" class=\"wp-image-20763\" srcset=\"https:\/\/www.galiciamaxica.eu\/mini\/wp-content\/uploads\/2022\/11\/127203901_2812949275650262_3319023760863333302_n-6-768x1024.jpg 768w, https:\/\/www.galiciamaxica.eu\/mini\/wp-content\/uploads\/2022\/11\/127203901_2812949275650262_3319023760863333302_n-6-225x300.jpg 225w, https:\/\/www.galiciamaxica.eu\/mini\/wp-content\/uploads\/2022\/11\/127203901_2812949275650262_3319023760863333302_n-6.jpg 900w\" sizes=\"(max-width: 768px) 100vw, 768px\" \/><\/a><\/figure>\n\n\n\n<h2 class=\"wp-block-heading\">Ruta<\/h2>\n\n\n\n<h3 class=\"wp-block-heading\">1-Ruta A Ponte Maceira- Negreira<\/h3>\n\n\n\n<p>Esta ruta se la conoce como <strong>\u00abA Ponte Maceira- Negreira\u00bb<\/strong> De ida y vuelta con 8 kil\u00f3metros de recorrido y muy f\u00e1cil ideal para hacer en familia. <strong><a href=\"https:\/\/www.wanderndeluxe.de\/es\/calcular-el-tiempo-de-caminata-distancia-altitud\/\" rel=\"nofollow\">Os llevar\u00e1 <\/a><\/strong>cuatro horas m\u00e1s o menos, dos ida, dos vuelta.<\/p>\n\n\n\n<iframe src=\"https:\/\/www.google.com\/maps\/d\/u\/0\/embed?mid=1vR3ARTBv3o1mMFUovKv7ACTiE2YOWUc&amp;ehbc=2E312F\" width=\"640\" height=\"480\"><\/iframe>\n\n\n\n<p>Si los ni\u00f1os son muy peque\u00f1os y es mucho recorrido. Ten\u00e9is la posibilidad de dejar un coche en Negreira y hacer la ida en uno de los coche. Si vais con amigos o familiares es una buena opci\u00f3n. Otra opci\u00f3n es hacer la ruta en coche y llegar a pie del sitio, primero visitamos <strong>A Ponte Maceira <\/strong>y luego la villa de <strong>Negreira<\/strong>, y no hacer la ruta.<\/p>\n\n\n\n<iframe frameborder=\"0\" scrolling=\"no\" src=\"https:\/\/es.wikiloc.com\/wikiloc\/spatialArtifacts.do?event=view&amp;id=39505337&amp;measures=off&amp;title=off&amp;near=off&amp;images=off&amp;maptype=H\" width=\"500\" height=\"400\"><\/iframe><div style=\"color:#777;font-size:11px;line-height:16px;\">Powered by <a style=\"color:#06d;font-size:11px;line-height:16px;\" target=\"_blank\" href=\"https:\/\/es.wikiloc.com\" rel=\"noopener\">Wikiloc<\/a><\/div>\n\n\n\n<h3 class=\"wp-block-heading\">2-Ruta dos tres Pazos<\/h3>\n\n\n\n<p>Es una ruta moderada, circular y que tiene<strong> 15,6 Kil\u00f3metros.<\/strong> Se llama as\u00ed la ruta porque visitaremos <strong>el Pazo de Baladr\u00f3n, el Pazo de Albari\u00f1a y el Pazo do Cot\u00f3n.<\/strong><\/p>\n\n\n\n<iframe frameborder=\"0\" scrolling=\"no\" src=\"https:\/\/es.wikiloc.com\/wikiloc\/spatialArtifacts.do?event=view&amp;id=30646023&amp;measures=off&amp;title=off&amp;near=off&amp;images=off&amp;maptype=H\" width=\"500\" height=\"400\"><\/iframe><div style=\"color:#777;font-size:11px;line-height:16px;\">Powered by <a style=\"color:#06d;font-size:11px;line-height:16px;\" target=\"_blank\" href=\"https:\/\/es.wikiloc.com\" rel=\"noopener\">Wikiloc<\/a><\/div>\n\n\n\n<h3 class=\"wp-block-heading\"><strong>A Ponte Maceira<\/strong> <\/h3>\n\n\n\n<p>Empezamos nuestro viaje en familia en <strong><a href=\"https:\/\/www.galiciamaxica.eu\/mini\/ponte-maceira-ninos\/\">A Ponte Maceira<\/a><\/strong> uno de los rincones m\u00e1s m\u00e1gicos de Galicia. <\/p>\n\n\n\n<figure class=\"wp-block-image aligncenter size-large\"><img decoding=\"async\" src=\"https:\/\/galiciamaxica.eu\/mini\/wp-content\/uploads\/2019\/10\/img_5d9af7abf2ae2.jpg\" alt=\"\"\/><\/figure>\n\n\n\n<p>Este puente vive el traj\u00edn de los peregrinos desde tiempos inmemorables y es un fiel reflejo de la tradici\u00f3n cultural. Como dato son m\u00e1s de 20.000 peregrinos los que lo cruzan al a\u00f1o. <\/p>\n\n\n\n<p>No es de extra\u00f1ar que todos al pasar por \u00e9l recuerden su famosa leyenda que contaremos en el lugar.<\/p>\n\n\n\n<figure class=\"wp-block-image size-large\"><a href=\"https:\/\/www.galiciamaxica.eu\/mini\/wp-content\/uploads\/2022\/11\/acela95.jpg\"><img decoding=\"async\" width=\"1024\" height=\"682\" src=\"https:\/\/www.galiciamaxica.eu\/mini\/wp-content\/uploads\/2022\/11\/acela95-1024x682.jpg\" alt=\"\" class=\"wp-image-20774\" srcset=\"https:\/\/www.galiciamaxica.eu\/mini\/wp-content\/uploads\/2022\/11\/acela95-1024x682.jpg 1024w, https:\/\/www.galiciamaxica.eu\/mini\/wp-content\/uploads\/2022\/11\/acela95-300x200.jpg 300w, https:\/\/www.galiciamaxica.eu\/mini\/wp-content\/uploads\/2022\/11\/acela95-768x512.jpg 768w, https:\/\/www.galiciamaxica.eu\/mini\/wp-content\/uploads\/2022\/11\/acela95.jpg 1051w\" sizes=\"(max-width: 1024px) 100vw, 1024px\" \/><\/a><\/figure>\n\n\n\n<h4 class=\"wp-block-heading\">Leyenda<\/h4>\n\n\n\n<p>Cuenta la leyenda que los restos del Ap\u00f3stol pasaron por esta zona, los disc\u00edpulos del ap\u00f3stol pidieron permiso para pasar al rey, en este caso a la reina de este territorio \u00bfSab\u00e9is qui\u00e9n era? Era <strong><a href=\"https:\/\/xacopedia.com\/Lupa\" rel=\"nofollow\">la reina Lupa (loba)<\/a><\/strong>. Se piensa que Lupa podr\u00eda ser la representaci\u00f3n de una diosa precristiana, probablemente la versi\u00f3n femenina de&nbsp;Lug.<\/p>\n\n\n\n<p>El origen de su nombre proviene del t\u00e9rmino<strong> loba<\/strong>, utilizado en la \u00e9poca para aquellas mujeres con un gran temperamento. <\/p>\n\n\n\n<figure class=\"wp-block-image aligncenter size-large\"><img decoding=\"async\" src=\"https:\/\/galiciamaxica.eu\/mini\/wp-content\/uploads\/2019\/10\/img_5d9af7a149f31.jpg\" alt=\"\"\/><\/figure>\n\n\n\n<p>\u200b\u00bfSab\u00edas que en la cultura de los celtas la mujer ten\u00eda un papel muy importante en la sociedad? Ellas eran consejeras, guerreras y en este caso hasta reinas.<\/p>\n\n\n\n<p>La reina Lupa les dijo a los disc\u00edpulos del Ap\u00f3stol que deber\u00edan hablar con el gobernador de la regi\u00f3n, \u00e9ste les enga\u00f1\u00f3 y orden\u00f3 a sus guerreros que se les preparase una emboscada y se les diese muerte. Al enterarse de sus intenciones los ap\u00f3stoles escaparon, cruzaron presurosos  A Ponte de Maceira. <\/p>\n\n\n\n<p>Cu\u00e1l es su sorpresa que cuando estaban a punto de ser capturados y los soldados ya estaban a punto de cruzar el puente, \u00e9ste se vino abajo y fueron aplastados por sus losas. Ante este hecho los ap\u00f3stoles creyeron que hab\u00eda sido gracias a la ayuda divina y continuaron contentos su camino con el ap\u00f3stol hacia Santiago.<\/p>\n\n\n\n<figure class=\"wp-block-image size-large\"><a href=\"https:\/\/www.galiciamaxica.eu\/mini\/wp-content\/uploads\/2022\/11\/127222824_2812949268983596_5742297839482094184_n-2.jpg\"><img decoding=\"async\" width=\"1024\" height=\"683\" src=\"https:\/\/www.galiciamaxica.eu\/mini\/wp-content\/uploads\/2022\/11\/127222824_2812949268983596_5742297839482094184_n-2-1024x683.jpg\" alt=\"\" class=\"wp-image-20773\" srcset=\"https:\/\/www.galiciamaxica.eu\/mini\/wp-content\/uploads\/2022\/11\/127222824_2812949268983596_5742297839482094184_n-2-1024x683.jpg 1024w, https:\/\/www.galiciamaxica.eu\/mini\/wp-content\/uploads\/2022\/11\/127222824_2812949268983596_5742297839482094184_n-2-300x200.jpg 300w, https:\/\/www.galiciamaxica.eu\/mini\/wp-content\/uploads\/2022\/11\/127222824_2812949268983596_5742297839482094184_n-2-768x512.jpg 768w, https:\/\/www.galiciamaxica.eu\/mini\/wp-content\/uploads\/2022\/11\/127222824_2812949268983596_5742297839482094184_n-2.jpg 1050w\" sizes=\"(max-width: 1024px) 100vw, 1024px\" \/><\/a><\/figure>\n\n\n\n<p>Cruzamos A Ponte Maceira tomamos un sendero arbolado cercano al r\u00edo y entramos en A Barca. Ahora subimos hasta A Chancela y, de frente, llegamos a Negreira. A la entrada nos recibe el pazo de A Chancela, en cuyo escudo se representa el puente destruido sobre el r\u00edo, que cortar\u00eda el paso de los soldados que persegu\u00edan a los disc\u00edpulos de Santiago, seg\u00fan la narraci\u00f3n del Libro III del C\u00f3dice Calixtino.<\/p>\n\n\n\n<figure class=\"wp-block-image aligncenter size-large\"><img decoding=\"async\" src=\"https:\/\/galiciamaxica.eu\/mini\/wp-content\/uploads\/2019\/10\/img_5d9af7b558cf6.jpg\" alt=\"\"\/><\/figure>\n\n\n\n<h3 class=\"wp-block-heading\">Negreira<\/h3>\n\n\n\n<p>La villa de Negreira, es de origen medieval<strong><em>.<\/em><\/strong> Al atravesar la localidad llegamos al albergue, tras pasar junto a la capilla de San Mauro<\/p>\n\n\n\n<figure class=\"wp-block-image aligncenter size-large\"><a href=\"https:\/\/www.galiciamaxica.eu\/mini\/wp-content\/uploads\/2022\/11\/127222824_2812949268983596_5742297839482094184_n-1.jpg\"><img loading=\"lazy\" decoding=\"async\" width=\"768\" height=\"1024\" src=\"https:\/\/www.galiciamaxica.eu\/mini\/wp-content\/uploads\/2022\/11\/127222824_2812949268983596_5742297839482094184_n-1-768x1024.jpg\" alt=\"\" class=\"wp-image-20764\" srcset=\"https:\/\/www.galiciamaxica.eu\/mini\/wp-content\/uploads\/2022\/11\/127222824_2812949268983596_5742297839482094184_n-1-768x1024.jpg 768w, https:\/\/www.galiciamaxica.eu\/mini\/wp-content\/uploads\/2022\/11\/127222824_2812949268983596_5742297839482094184_n-1-225x300.jpg 225w, https:\/\/www.galiciamaxica.eu\/mini\/wp-content\/uploads\/2022\/11\/127222824_2812949268983596_5742297839482094184_n-1.jpg 900w\" sizes=\"(max-width: 768px) 100vw, 768px\" \/><\/a><\/figure>\n\n\n\n<p> Contemplaremos el imponente pazo do Cot\u00f3n. F\u00edjate bien en todo lo que te rodea. <\/p>\n\n\n\n<figure class=\"wp-block-image aligncenter size-large\"><a href=\"https:\/\/www.galiciamaxica.eu\/mini\/wp-content\/uploads\/2022\/11\/127912839_2812949272316929_7742873067231599680_n.jpg\"><img loading=\"lazy\" decoding=\"async\" width=\"768\" height=\"1024\" src=\"https:\/\/www.galiciamaxica.eu\/mini\/wp-content\/uploads\/2022\/11\/127912839_2812949272316929_7742873067231599680_n-768x1024.jpg\" alt=\"\" class=\"wp-image-20767\" srcset=\"https:\/\/www.galiciamaxica.eu\/mini\/wp-content\/uploads\/2022\/11\/127912839_2812949272316929_7742873067231599680_n-768x1024.jpg 768w, https:\/\/www.galiciamaxica.eu\/mini\/wp-content\/uploads\/2022\/11\/127912839_2812949272316929_7742873067231599680_n-225x300.jpg 225w, https:\/\/www.galiciamaxica.eu\/mini\/wp-content\/uploads\/2022\/11\/127912839_2812949272316929_7742873067231599680_n.jpg 900w\" sizes=\"(max-width: 768px) 100vw, 768px\" \/><\/a><\/figure>\n\n\n\n<p>Ahora en oto\u00f1o est\u00e1 especialmente bonito, ES un lugar en el que se detuvo el tiempo.<\/p>\n\n\n\n<p>Bajamos por su plaza y observaremos una preciosa escultura que analizaremos con nuestros hijos.<\/p>\n\n\n\n<figure class=\"wp-block-image aligncenter size-large\"><a href=\"https:\/\/www.galiciamaxica.eu\/mini\/wp-content\/uploads\/2022\/11\/127237484_2812949262316930_8899574395097861420_n.jpg\"><img loading=\"lazy\" decoding=\"async\" width=\"768\" height=\"1024\" src=\"https:\/\/www.galiciamaxica.eu\/mini\/wp-content\/uploads\/2022\/11\/127237484_2812949262316930_8899574395097861420_n-768x1024.jpg\" alt=\"\" class=\"wp-image-20766\" srcset=\"https:\/\/www.galiciamaxica.eu\/mini\/wp-content\/uploads\/2022\/11\/127237484_2812949262316930_8899574395097861420_n-768x1024.jpg 768w, https:\/\/www.galiciamaxica.eu\/mini\/wp-content\/uploads\/2022\/11\/127237484_2812949262316930_8899574395097861420_n-225x300.jpg 225w, https:\/\/www.galiciamaxica.eu\/mini\/wp-content\/uploads\/2022\/11\/127237484_2812949262316930_8899574395097861420_n.jpg 900w\" sizes=\"(max-width: 768px) 100vw, 768px\" \/><\/a><\/figure>\n\n\n\n<h4 class=\"wp-block-heading\">Reto de sentimientos- escultura a la emigraci\u00f3n<\/h4>\n\n\n\n<p>Merece la pena el detenerse y quedarse con todas las pistas que nos da. Empezaremos dando unas tres vueltas alrededor, con detenimiento fij\u00e1ndonos en los detalles. <\/p>\n\n\n\n<figure class=\"wp-block-image aligncenter size-large\"><a href=\"https:\/\/www.galiciamaxica.eu\/mini\/wp-content\/uploads\/2022\/11\/128038536_2812949265650263_7470300755211319599_n.jpg\"><img loading=\"lazy\" decoding=\"async\" width=\"768\" height=\"1024\" src=\"https:\/\/www.galiciamaxica.eu\/mini\/wp-content\/uploads\/2022\/11\/128038536_2812949265650263_7470300755211319599_n-768x1024.jpg\" alt=\"\" class=\"wp-image-20768\" srcset=\"https:\/\/www.galiciamaxica.eu\/mini\/wp-content\/uploads\/2022\/11\/128038536_2812949265650263_7470300755211319599_n-768x1024.jpg 768w, https:\/\/www.galiciamaxica.eu\/mini\/wp-content\/uploads\/2022\/11\/128038536_2812949265650263_7470300755211319599_n-225x300.jpg 225w, https:\/\/www.galiciamaxica.eu\/mini\/wp-content\/uploads\/2022\/11\/128038536_2812949265650263_7470300755211319599_n.jpg 900w\" sizes=\"(max-width: 768px) 100vw, 768px\" \/><\/a><\/figure>\n\n\n\n<p>Lo primero que explicaremos a nuestros hijos es que esta escultura narra el profundo sentimiento de dejar la tierra, la emigraci\u00f3n \u00bfSabr\u00e1n que significa?<\/p>\n\n\n\n<p><strong><em>\u00bfQu\u00e9 sentimiento despierta en ellos la escultura? <\/em><\/strong>Es feliz el ni\u00f1o que asoma por la ventana. Y el hombre?<\/p>\n\n\n\n<p>Explicaremos lo qu\u00e9 es la emigraci\u00f3n, por qu\u00e9 la gente se tiene que ir de su pa\u00eds. Les contaremos las mil caras de la moneda el que regresa a la tierra enriquecido, el que vuelve pero lo hace por no encontrar tampoco futuro en otro pa\u00eds. Hablaremos de la morri\u00f1a&#8230;el sentimiento del que est\u00e1 lejos de la tierra y siempre la echa de menos.<\/p>\n\n\n\n<p><strong>Diferenciaremos t\u00e9rminos. La migraci\u00f3n, inmigraci\u00f3n y emigraci\u00f3n<\/strong> <\/p>\n\n\n\n<figure class=\"wp-block-embed is-type-video is-provider-youtube wp-block-embed-youtube wp-embed-aspect-16-9 wp-has-aspect-ratio\"><div class=\"wp-block-embed__wrapper\">\n<div class=\"ast-oembed-container \" style=\"height: 100%;\"><iframe title=\"\ud83e\uddf3\u2708\ufe0f MIGRACI\u00d3N,INMIGRACI\u00d3N Y EMIGRACI\u00d3N | PARA NI\u00d1OS DE PREESCOLAR Y PRIMARIA \ud83d\udcbb\" width=\"500\" height=\"281\" src=\"https:\/\/www.youtube.com\/embed\/3OoAkn8EtkM?feature=oembed\" frameborder=\"0\" allow=\"accelerometer; autoplay; clipboard-write; encrypted-media; gyroscope; picture-in-picture; web-share\" referrerpolicy=\"strict-origin-when-cross-origin\" allowfullscreen><\/iframe><\/div>\n<\/div><\/figure>\n\n\n\n<p>Le preguntaremos <strong>qu\u00e9 corona la escultura<\/strong>, probablemente han estado tan pendientes de las figuras que han pasado por alto la bola del mundo.<\/p>\n\n\n\n<p>Empezamos por la madre y sus hijos, \u00bfQu\u00e9 hacen? Aproximamos edades, nos fijamos en todos los detalles. Qu\u00e9 hace la madre, qu\u00e9 tiene detr\u00e1s o mejor dicho sobre que apoya su espalda. \u00bfTendr\u00e1 relaci\u00f3n con que <strong><a href=\"https:\/\/feiraco.es\/\" rel=\"nofollow\">la f\u00e1brica de Feiraco<\/a><\/strong> fue creada en Negreira en 1968? <\/p>\n\n\n\n<figure class=\"wp-block-image aligncenter size-large\"><a href=\"https:\/\/www.galiciamaxica.eu\/mini\/wp-content\/uploads\/2022\/11\/A-Cela_18.jpg\"><img loading=\"lazy\" decoding=\"async\" width=\"769\" height=\"1024\" src=\"https:\/\/www.galiciamaxica.eu\/mini\/wp-content\/uploads\/2022\/11\/A-Cela_18-769x1024.jpg\" alt=\"\" class=\"wp-image-20770\" srcset=\"https:\/\/www.galiciamaxica.eu\/mini\/wp-content\/uploads\/2022\/11\/A-Cela_18-769x1024.jpg 769w, https:\/\/www.galiciamaxica.eu\/mini\/wp-content\/uploads\/2022\/11\/A-Cela_18-225x300.jpg 225w, https:\/\/www.galiciamaxica.eu\/mini\/wp-content\/uploads\/2022\/11\/A-Cela_18-768x1023.jpg 768w, https:\/\/www.galiciamaxica.eu\/mini\/wp-content\/uploads\/2022\/11\/A-Cela_18.jpg 901w\" sizes=\"(max-width: 769px) 100vw, 769px\" \/><\/a><\/figure>\n\n\n\n<p>Miramos la otra parte de la escultura con detenimiento que pies m\u00e1s extra\u00f1os tiene el hombre, verdad \u00bfQu\u00e9 son, mejor dicho que pretenden representar? Y el ni\u00f1o por la ventana agarr\u00e1ndole \u00bfQu\u00e9 quiere?<\/p>\n\n\n\n<p>Nos fijamos ahora en el hombre \u00bfQu\u00e9 llevar\u00eda en esa curiosa bolsa agarrada a un palo? \u00bfC\u00f3mo se llama? Muchos lo conocen como el <strong>palo del vagamundo<\/strong>.<\/p>\n\n\n\n<figure class=\"wp-block-image aligncenter size-large\"><a href=\"https:\/\/www.galiciamaxica.eu\/mini\/wp-content\/uploads\/2022\/11\/A-Cela_7.jpg\"><img loading=\"lazy\" decoding=\"async\" width=\"769\" height=\"1024\" src=\"https:\/\/www.galiciamaxica.eu\/mini\/wp-content\/uploads\/2022\/11\/A-Cela_7-769x1024.jpg\" alt=\"\" class=\"wp-image-20769\" srcset=\"https:\/\/www.galiciamaxica.eu\/mini\/wp-content\/uploads\/2022\/11\/A-Cela_7-769x1024.jpg 769w, https:\/\/www.galiciamaxica.eu\/mini\/wp-content\/uploads\/2022\/11\/A-Cela_7-225x300.jpg 225w, https:\/\/www.galiciamaxica.eu\/mini\/wp-content\/uploads\/2022\/11\/A-Cela_7-768x1023.jpg 768w, https:\/\/www.galiciamaxica.eu\/mini\/wp-content\/uploads\/2022\/11\/A-Cela_7.jpg 901w\" sizes=\"(max-width: 769px) 100vw, 769px\" \/><\/a><\/figure>\n\n\n\n<p>Vive Galicia en familia!<\/p>\n","protected":false},"excerpt":{"rendered":"<p>Haremos un peque\u00f1o tramo del Camino&nbsp;Xacobeo de Fisterra y Mux\u00eda y as\u00ed descubriremos como se merece Negreira, con una ruta familiar que os va a encantar. Y adem\u00e1s de regalo, os dejo otra ruta, la de los pazos por si qued\u00e1is con ganas de m\u00e1s o ya est\u00e1n vuestros hijos preparados para largas caminatas. Todos [&hellip;]<\/p>\n","protected":false},"author":1,"featured_media":20775,"comment_status":"open","ping_status":"closed","sticky":false,"template":"","format":"standard","meta":{"_eb_attr":"","site-sidebar-layout":"default","site-content-layout":"","ast-site-content-layout":"","site-content-style":"default","site-sidebar-style":"default","ast-global-header-display":"","ast-banner-title-visibility":"","ast-main-header-display":"","ast-hfb-above-header-display":"","ast-hfb-below-header-display":"","ast-hfb-mobile-header-display":"","site-post-title":"","ast-breadcrumbs-content":"","ast-featured-img":"","footer-sml-layout":"","theme-transparent-header-meta":"","adv-header-id-meta":"","stick-header-meta":"","header-above-stick-meta":"","header-main-stick-meta":"","header-below-stick-meta":"","astra-migrate-meta-layouts":"default","ast-page-background-enabled":"default","ast-page-background-meta":{"desktop":{"background-color":"","background-image":"","background-repeat":"repeat","background-position":"center center","background-size":"auto","background-attachment":"scroll","background-type":"","background-media":"","overlay-type":"","overlay-color":"","overlay-opacity":"","overlay-gradient":""},"tablet":{"background-color":"","background-image":"","background-repeat":"repeat","background-position":"center center","background-size":"auto","background-attachment":"scroll","background-type":"","background-media":"","overlay-type":"","overlay-color":"","overlay-opacity":"","overlay-gradient":""},"mobile":{"background-color":"","background-image":"","background-repeat":"repeat","background-position":"center center","background-size":"auto","background-attachment":"scroll","background-type":"","background-media":"","overlay-type":"","overlay-color":"","overlay-opacity":"","overlay-gradient":""}},"ast-content-background-meta":{"desktop":{"background-color":"var(--ast-global-color-5)","background-image":"","background-repeat":"repeat","background-position":"center center","background-size":"auto","background-attachment":"scroll","background-type":"","background-media":"","overlay-type":"","overlay-color":"","overlay-opacity":"","overlay-gradient":""},"tablet":{"background-color":"var(--ast-global-color-5)","background-image":"","background-repeat":"repeat","background-position":"center center","background-size":"auto","background-attachment":"scroll","background-type":"","background-media":"","overlay-type":"","overlay-color":"","overlay-opacity":"","overlay-gradient":""},"mobile":{"background-color":"var(--ast-global-color-5)","background-image":"","background-repeat":"repeat","background-position":"center center","background-size":"auto","background-attachment":"scroll","background-type":"","background-media":"","overlay-type":"","overlay-color":"","overlay-opacity":"","overlay-gradient":""}},"footnotes":""},"categories":[49],"tags":[8,25],"class_list":["post-20762","post","type-post","status-publish","format-standard","has-post-thumbnail","hentry","category-a-coruna","tag-findesemana","tag-galicia"],"yoast_head":"<!-- This site is optimized with the Yoast SEO plugin v24.9 - https:\/\/yoast.com\/wordpress\/plugins\/seo\/ -->\n<title>Negreira es M\u00e1gica - Galicia con ni\u00f1os | GALICIA M\u00c1XICA<\/title>\n<meta name=\"description\" content=\"Haremos un peque\u00f1o tramo de este camino y as\u00ed descubriremos como se merece Negreira,\" \/>\n<meta name=\"robots\" content=\"index, follow, max-snippet:-1, max-image-preview:large, max-video-preview:-1\" \/>\n<link rel=\"canonical\" href=\"https:\/\/www.galiciamaxica.eu\/mini\/negreira\/\" \/>\n<meta property=\"og:locale\" content=\"es_ES\" \/>\n<meta property=\"og:type\" content=\"article\" \/>\n<meta property=\"og:title\" content=\"Negreira es M\u00e1gica - Galicia con ni\u00f1os | GALICIA M\u00c1XICA\" \/>\n<meta property=\"og:description\" content=\"Haremos un peque\u00f1o tramo de este camino y as\u00ed descubriremos como se merece Negreira,\" \/>\n<meta property=\"og:url\" content=\"https:\/\/www.galiciamaxica.eu\/mini\/negreira\/\" \/>\n<meta property=\"og:site_name\" content=\"Galicia con ni\u00f1os | GALICIA M\u00c1XICA\" \/>\n<meta property=\"article:publisher\" content=\"https:\/\/www.facebook.com\/maria.rodriguezserantes\" \/>\n<meta property=\"article:author\" content=\"https:\/\/www.facebook.com\/maria.rodriguezserantes\" \/>\n<meta property=\"article:published_time\" content=\"2022-11-28T17:39:18+00:00\" \/>\n<meta property=\"article:modified_time\" content=\"2022-11-28T17:57:08+00:00\" \/>\n<meta property=\"og:image\" content=\"https:\/\/www.galiciamaxica.eu\/mini\/wp-content\/uploads\/2022\/11\/127203901_2812949275650262_3319023760863333302_n-9.jpg\" \/>\n\t<meta property=\"og:image:width\" content=\"1280\" \/>\n\t<meta property=\"og:image:height\" content=\"720\" \/>\n\t<meta property=\"og:image:type\" content=\"image\/jpeg\" \/>\n<meta name=\"author\" content=\"seseixa\" \/>\n<meta name=\"twitter:card\" content=\"summary_large_image\" \/>\n<meta name=\"twitter:creator\" content=\"@seseixa\" \/>\n<meta name=\"twitter:site\" content=\"@seseixa\" \/>\n<meta name=\"twitter:label1\" content=\"Escrito por\" \/>\n\t<meta name=\"twitter:data1\" content=\"seseixa\" \/>\n\t<meta name=\"twitter:label2\" content=\"Tiempo de lectura\" \/>\n\t<meta name=\"twitter:data2\" content=\"7 minutos\" \/>\n<script type=\"application\/ld+json\" class=\"yoast-schema-graph\">{\"@context\":\"https:\/\/schema.org\",\"@graph\":[{\"@type\":\"Article\",\"@id\":\"https:\/\/www.galiciamaxica.eu\/mini\/negreira\/#article\",\"isPartOf\":{\"@id\":\"https:\/\/www.galiciamaxica.eu\/mini\/negreira\/\"},\"author\":{\"name\":\"seseixa\",\"@id\":\"https:\/\/www.galiciamaxica.eu\/mini\/#\/schema\/person\/2b284fe2fd911000a48d2e8936300179\"},\"headline\":\"Negreira es M\u00e1gica\",\"datePublished\":\"2022-11-28T17:39:18+00:00\",\"dateModified\":\"2022-11-28T17:57:08+00:00\",\"mainEntityOfPage\":{\"@id\":\"https:\/\/www.galiciamaxica.eu\/mini\/negreira\/\"},\"wordCount\":1068,\"commentCount\":0,\"publisher\":{\"@id\":\"https:\/\/www.galiciamaxica.eu\/mini\/#\/schema\/person\/2b284fe2fd911000a48d2e8936300179\"},\"image\":{\"@id\":\"https:\/\/www.galiciamaxica.eu\/mini\/negreira\/#primaryimage\"},\"thumbnailUrl\":\"https:\/\/www.galiciamaxica.eu\/mini\/wp-content\/uploads\/2022\/11\/127203901_2812949275650262_3319023760863333302_n-9.jpg\",\"keywords\":[\"findesemana\",\"Galicia\"],\"articleSection\":[\"A CORU\u00d1A\"],\"inLanguage\":\"es\",\"potentialAction\":[{\"@type\":\"CommentAction\",\"name\":\"Comment\",\"target\":[\"https:\/\/www.galiciamaxica.eu\/mini\/negreira\/#respond\"]}]},{\"@type\":\"WebPage\",\"@id\":\"https:\/\/www.galiciamaxica.eu\/mini\/negreira\/\",\"url\":\"https:\/\/www.galiciamaxica.eu\/mini\/negreira\/\",\"name\":\"Negreira es M\u00e1gica - Galicia con ni\u00f1os | GALICIA M\u00c1XICA\",\"isPartOf\":{\"@id\":\"https:\/\/www.galiciamaxica.eu\/mini\/#website\"},\"primaryImageOfPage\":{\"@id\":\"https:\/\/www.galiciamaxica.eu\/mini\/negreira\/#primaryimage\"},\"image\":{\"@id\":\"https:\/\/www.galiciamaxica.eu\/mini\/negreira\/#primaryimage\"},\"thumbnailUrl\":\"https:\/\/www.galiciamaxica.eu\/mini\/wp-content\/uploads\/2022\/11\/127203901_2812949275650262_3319023760863333302_n-9.jpg\",\"datePublished\":\"2022-11-28T17:39:18+00:00\",\"dateModified\":\"2022-11-28T17:57:08+00:00\",\"description\":\"Haremos un peque\u00f1o tramo de este camino y as\u00ed descubriremos como se merece Negreira,\",\"breadcrumb\":{\"@id\":\"https:\/\/www.galiciamaxica.eu\/mini\/negreira\/#breadcrumb\"},\"inLanguage\":\"es\",\"potentialAction\":[{\"@type\":\"ReadAction\",\"target\":[\"https:\/\/www.galiciamaxica.eu\/mini\/negreira\/\"]}]},{\"@type\":\"ImageObject\",\"inLanguage\":\"es\",\"@id\":\"https:\/\/www.galiciamaxica.eu\/mini\/negreira\/#primaryimage\",\"url\":\"https:\/\/www.galiciamaxica.eu\/mini\/wp-content\/uploads\/2022\/11\/127203901_2812949275650262_3319023760863333302_n-9.jpg\",\"contentUrl\":\"https:\/\/www.galiciamaxica.eu\/mini\/wp-content\/uploads\/2022\/11\/127203901_2812949275650262_3319023760863333302_n-9.jpg\",\"width\":1280,\"height\":720},{\"@type\":\"BreadcrumbList\",\"@id\":\"https:\/\/www.galiciamaxica.eu\/mini\/negreira\/#breadcrumb\",\"itemListElement\":[{\"@type\":\"ListItem\",\"position\":1,\"name\":\"Portada\",\"item\":\"https:\/\/www.galiciamaxica.eu\/mini\/\"},{\"@type\":\"ListItem\",\"position\":2,\"name\":\"Negreira es M\u00e1gica\"}]},{\"@type\":\"WebSite\",\"@id\":\"https:\/\/www.galiciamaxica.eu\/mini\/#website\",\"url\":\"https:\/\/www.galiciamaxica.eu\/mini\/\",\"name\":\"Galicia con ni\u00f1os | GALICIA M\u00c1XICA\",\"description\":\"Qu\u00e9 hacer con ni\u00f1os en Galicia\",\"publisher\":{\"@id\":\"https:\/\/www.galiciamaxica.eu\/mini\/#\/schema\/person\/2b284fe2fd911000a48d2e8936300179\"},\"potentialAction\":[{\"@type\":\"SearchAction\",\"target\":{\"@type\":\"EntryPoint\",\"urlTemplate\":\"https:\/\/www.galiciamaxica.eu\/mini\/?s={search_term_string}\"},\"query-input\":{\"@type\":\"PropertyValueSpecification\",\"valueRequired\":true,\"valueName\":\"search_term_string\"}}],\"inLanguage\":\"es\"},{\"@type\":[\"Person\",\"Organization\"],\"@id\":\"https:\/\/www.galiciamaxica.eu\/mini\/#\/schema\/person\/2b284fe2fd911000a48d2e8936300179\",\"name\":\"seseixa\",\"image\":{\"@type\":\"ImageObject\",\"inLanguage\":\"es\",\"@id\":\"https:\/\/www.galiciamaxica.eu\/mini\/#\/schema\/person\/image\/\",\"url\":\"https:\/\/www.galiciamaxica.eu\/mini\/wp-content\/uploads\/2019\/02\/seseixa.png\",\"contentUrl\":\"https:\/\/www.galiciamaxica.eu\/mini\/wp-content\/uploads\/2019\/02\/seseixa.png\",\"width\":100,\"height\":100,\"caption\":\"seseixa\"},\"logo\":{\"@id\":\"https:\/\/www.galiciamaxica.eu\/mini\/#\/schema\/person\/image\/\"},\"description\":\"En la actualidad combinando dos proyectos que me apasionan, Galicia y los ni\u00f1os. Tengo mucho que aportar y otro tanto que aprender, as\u00ed como, el tiempo y el coraz\u00f3n, dividido en todo momento. Soy mam\u00e1, un titulo otorgado a tiempo completo, compa\u00f1era y amiga, a todas horas, familiar y cercana, siempre. De esp\u00edritu inquieto, soy una eterna ni\u00f1a que juega en el pa\u00eds de las maravillas. Una enamorada de mi tierra, por la que trabajo sin descanso. Creo en la infancia como motor que cambiar\u00e1 el mundo a mejor y busco en mi vida la felicidad como estado permanente porque s\u00f3lo se vive una vez.\",\"sameAs\":[\"http:\/\/mini.galiciamaxica.eu\/\",\"https:\/\/www.facebook.com\/maria.rodriguezserantes\",\"https:\/\/x.com\/seseixa\"],\"url\":\"https:\/\/www.galiciamaxica.eu\/mini\/author\/seseixa\/\"}]}<\/script>\n<!-- \/ Yoast SEO plugin. -->","yoast_head_json":{"title":"Negreira es M\u00e1gica - Galicia con ni\u00f1os | GALICIA M\u00c1XICA","description":"Haremos un peque\u00f1o tramo de este camino y as\u00ed descubriremos como se merece Negreira,","robots":{"index":"index","follow":"follow","max-snippet":"max-snippet:-1","max-image-preview":"max-image-preview:large","max-video-preview":"max-video-preview:-1"},"canonical":"https:\/\/www.galiciamaxica.eu\/mini\/negreira\/","og_locale":"es_ES","og_type":"article","og_title":"Negreira es M\u00e1gica - Galicia con ni\u00f1os | GALICIA M\u00c1XICA","og_description":"Haremos un peque\u00f1o tramo de este camino y as\u00ed descubriremos como se merece Negreira,","og_url":"https:\/\/www.galiciamaxica.eu\/mini\/negreira\/","og_site_name":"Galicia con ni\u00f1os | GALICIA M\u00c1XICA","article_publisher":"https:\/\/www.facebook.com\/maria.rodriguezserantes","article_author":"https:\/\/www.facebook.com\/maria.rodriguezserantes","article_published_time":"2022-11-28T17:39:18+00:00","article_modified_time":"2022-11-28T17:57:08+00:00","og_image":[{"width":1280,"height":720,"url":"https:\/\/www.galiciamaxica.eu\/mini\/wp-content\/uploads\/2022\/11\/127203901_2812949275650262_3319023760863333302_n-9.jpg","type":"image\/jpeg"}],"author":"seseixa","twitter_card":"summary_large_image","twitter_creator":"@seseixa","twitter_site":"@seseixa","twitter_misc":{"Escrito por":"seseixa","Tiempo de lectura":"7 minutos"},"schema":{"@context":"https:\/\/schema.org","@graph":[{"@type":"Article","@id":"https:\/\/www.galiciamaxica.eu\/mini\/negreira\/#article","isPartOf":{"@id":"https:\/\/www.galiciamaxica.eu\/mini\/negreira\/"},"author":{"name":"seseixa","@id":"https:\/\/www.galiciamaxica.eu\/mini\/#\/schema\/person\/2b284fe2fd911000a48d2e8936300179"},"headline":"Negreira es M\u00e1gica","datePublished":"2022-11-28T17:39:18+00:00","dateModified":"2022-11-28T17:57:08+00:00","mainEntityOfPage":{"@id":"https:\/\/www.galiciamaxica.eu\/mini\/negreira\/"},"wordCount":1068,"commentCount":0,"publisher":{"@id":"https:\/\/www.galiciamaxica.eu\/mini\/#\/schema\/person\/2b284fe2fd911000a48d2e8936300179"},"image":{"@id":"https:\/\/www.galiciamaxica.eu\/mini\/negreira\/#primaryimage"},"thumbnailUrl":"https:\/\/www.galiciamaxica.eu\/mini\/wp-content\/uploads\/2022\/11\/127203901_2812949275650262_3319023760863333302_n-9.jpg","keywords":["findesemana","Galicia"],"articleSection":["A CORU\u00d1A"],"inLanguage":"es","potentialAction":[{"@type":"CommentAction","name":"Comment","target":["https:\/\/www.galiciamaxica.eu\/mini\/negreira\/#respond"]}]},{"@type":"WebPage","@id":"https:\/\/www.galiciamaxica.eu\/mini\/negreira\/","url":"https:\/\/www.galiciamaxica.eu\/mini\/negreira\/","name":"Negreira es M\u00e1gica - Galicia con ni\u00f1os | GALICIA M\u00c1XICA","isPartOf":{"@id":"https:\/\/www.galiciamaxica.eu\/mini\/#website"},"primaryImageOfPage":{"@id":"https:\/\/www.galiciamaxica.eu\/mini\/negreira\/#primaryimage"},"image":{"@id":"https:\/\/www.galiciamaxica.eu\/mini\/negreira\/#primaryimage"},"thumbnailUrl":"https:\/\/www.galiciamaxica.eu\/mini\/wp-content\/uploads\/2022\/11\/127203901_2812949275650262_3319023760863333302_n-9.jpg","datePublished":"2022-11-28T17:39:18+00:00","dateModified":"2022-11-28T17:57:08+00:00","description":"Haremos un peque\u00f1o tramo de este camino y as\u00ed descubriremos como se merece Negreira,","breadcrumb":{"@id":"https:\/\/www.galiciamaxica.eu\/mini\/negreira\/#breadcrumb"},"inLanguage":"es","potentialAction":[{"@type":"ReadAction","target":["https:\/\/www.galiciamaxica.eu\/mini\/negreira\/"]}]},{"@type":"ImageObject","inLanguage":"es","@id":"https:\/\/www.galiciamaxica.eu\/mini\/negreira\/#primaryimage","url":"https:\/\/www.galiciamaxica.eu\/mini\/wp-content\/uploads\/2022\/11\/127203901_2812949275650262_3319023760863333302_n-9.jpg","contentUrl":"https:\/\/www.galiciamaxica.eu\/mini\/wp-content\/uploads\/2022\/11\/127203901_2812949275650262_3319023760863333302_n-9.jpg","width":1280,"height":720},{"@type":"BreadcrumbList","@id":"https:\/\/www.galiciamaxica.eu\/mini\/negreira\/#breadcrumb","itemListElement":[{"@type":"ListItem","position":1,"name":"Portada","item":"https:\/\/www.galiciamaxica.eu\/mini\/"},{"@type":"ListItem","position":2,"name":"Negreira es M\u00e1gica"}]},{"@type":"WebSite","@id":"https:\/\/www.galiciamaxica.eu\/mini\/#website","url":"https:\/\/www.galiciamaxica.eu\/mini\/","name":"Galicia con ni\u00f1os | GALICIA M\u00c1XICA","description":"Qu\u00e9 hacer con ni\u00f1os en Galicia","publisher":{"@id":"https:\/\/www.galiciamaxica.eu\/mini\/#\/schema\/person\/2b284fe2fd911000a48d2e8936300179"},"potentialAction":[{"@type":"SearchAction","target":{"@type":"EntryPoint","urlTemplate":"https:\/\/www.galiciamaxica.eu\/mini\/?s={search_term_string}"},"query-input":{"@type":"PropertyValueSpecification","valueRequired":true,"valueName":"search_term_string"}}],"inLanguage":"es"},{"@type":["Person","Organization"],"@id":"https:\/\/www.galiciamaxica.eu\/mini\/#\/schema\/person\/2b284fe2fd911000a48d2e8936300179","name":"seseixa","image":{"@type":"ImageObject","inLanguage":"es","@id":"https:\/\/www.galiciamaxica.eu\/mini\/#\/schema\/person\/image\/","url":"https:\/\/www.galiciamaxica.eu\/mini\/wp-content\/uploads\/2019\/02\/seseixa.png","contentUrl":"https:\/\/www.galiciamaxica.eu\/mini\/wp-content\/uploads\/2019\/02\/seseixa.png","width":100,"height":100,"caption":"seseixa"},"logo":{"@id":"https:\/\/www.galiciamaxica.eu\/mini\/#\/schema\/person\/image\/"},"description":"En la actualidad combinando dos proyectos que me apasionan, Galicia y los ni\u00f1os. Tengo mucho que aportar y otro tanto que aprender, as\u00ed como, el tiempo y el coraz\u00f3n, dividido en todo momento. Soy mam\u00e1, un titulo otorgado a tiempo completo, compa\u00f1era y amiga, a todas horas, familiar y cercana, siempre. De esp\u00edritu inquieto, soy una eterna ni\u00f1a que juega en el pa\u00eds de las maravillas. Una enamorada de mi tierra, por la que trabajo sin descanso. Creo en la infancia como motor que cambiar\u00e1 el mundo a mejor y busco en mi vida la felicidad como estado permanente porque s\u00f3lo se vive una vez.","sameAs":["http:\/\/mini.galiciamaxica.eu\/","https:\/\/www.facebook.com\/maria.rodriguezserantes","https:\/\/x.com\/seseixa"],"url":"https:\/\/www.galiciamaxica.eu\/mini\/author\/seseixa\/"}]}},"amp_enabled":true,"post_mailing_queue_ids":[],"_links":{"self":[{"href":"https:\/\/www.galiciamaxica.eu\/mini\/wp-json\/wp\/v2\/posts\/20762"}],"collection":[{"href":"https:\/\/www.galiciamaxica.eu\/mini\/wp-json\/wp\/v2\/posts"}],"about":[{"href":"https:\/\/www.galiciamaxica.eu\/mini\/wp-json\/wp\/v2\/types\/post"}],"author":[{"embeddable":true,"href":"https:\/\/www.galiciamaxica.eu\/mini\/wp-json\/wp\/v2\/users\/1"}],"replies":[{"embeddable":true,"href":"https:\/\/www.galiciamaxica.eu\/mini\/wp-json\/wp\/v2\/comments?post=20762"}],"version-history":[{"count":4,"href":"https:\/\/www.galiciamaxica.eu\/mini\/wp-json\/wp\/v2\/posts\/20762\/revisions"}],"predecessor-version":[{"id":20779,"href":"https:\/\/www.galiciamaxica.eu\/mini\/wp-json\/wp\/v2\/posts\/20762\/revisions\/20779"}],"wp:featuredmedia":[{"embeddable":true,"href":"https:\/\/www.galiciamaxica.eu\/mini\/wp-json\/wp\/v2\/media\/20775"}],"wp:attachment":[{"href":"https:\/\/www.galiciamaxica.eu\/mini\/wp-json\/wp\/v2\/media?parent=20762"}],"wp:term":[{"taxonomy":"category","embeddable":true,"href":"https:\/\/www.galiciamaxica.eu\/mini\/wp-json\/wp\/v2\/categories?post=20762"},{"taxonomy":"post_tag","embeddable":true,"href":"https:\/\/www.galiciamaxica.eu\/mini\/wp-json\/wp\/v2\/tags?post=20762"}],"curies":[{"name":"wp","href":"https:\/\/api.w.org\/{rel}","templated":true}]}}