{"id":20695,"date":"2022-11-18T12:37:52","date_gmt":"2022-11-18T11:37:52","guid":{"rendered":"https:\/\/www.galiciamaxica.eu\/mini\/?p=20695"},"modified":"2022-11-18T12:37:55","modified_gmt":"2022-11-18T11:37:55","slug":"forgoselo-con-ninos-bosque-caballos-salvajes-y-setas","status":"publish","type":"post","link":"https:\/\/www.galiciamaxica.eu\/mini\/forgoselo-con-ninos-bosque-caballos-salvajes-y-setas\/","title":{"rendered":"Forgoselo con ni\u00f1os: bosque, caballos salvajes y setas."},"content":{"rendered":"\n<p>Hoy visitamos un lugar muy m\u00e1gico, se le conoce como <strong>Forgoselo<\/strong>.<\/p>\n\n\n\n<p>\u00a1Hola! Soy Ux\u00eda, de <a href=\"https:\/\/www.instagram.com\/uxiaviaxeiragarcia\/?hl=es\">@uxiaviaxeiragarcia<\/a>, cuenta viajera de Instagram donde mi familia y yo compartimos lugares y actividades de nuestros viajes y excursiones, la mayor\u00eda en Galicia y aptos para hacer con ni\u00f1os.<\/p>\n\n\n\n<figure class=\"wp-block-image aligncenter size-large\"><a href=\"https:\/\/www.galiciamaxica.eu\/mini\/wp-content\/uploads\/2022\/11\/20211012_120618-scaled.jpg\"><img fetchpriority=\"high\" decoding=\"async\" width=\"768\" height=\"1024\" src=\"https:\/\/www.galiciamaxica.eu\/mini\/wp-content\/uploads\/2022\/11\/20211012_120618-768x1024.jpg\" alt=\"\" class=\"wp-image-20703\" srcset=\"https:\/\/www.galiciamaxica.eu\/mini\/wp-content\/uploads\/2022\/11\/20211012_120618-768x1024.jpg 768w, https:\/\/www.galiciamaxica.eu\/mini\/wp-content\/uploads\/2022\/11\/20211012_120618-225x300.jpg 225w\" sizes=\"(max-width: 768px) 100vw, 768px\" \/><\/a><\/figure>\n\n\n\n<h2 class=\"wp-block-heading\">Forgoselo <\/h2>\n\n\n\n<h3 class=\"wp-block-heading\">Ubicaci\u00f3n<\/h3>\n\n\n\n<p>Muy cerca de As Fragas do Eume, en el ayuntamiento de A Capela, comarca de Ferrolterra hay un bosque para perderse, son los montes de O Forgoselo.<\/p>\n\n\n\n<figure class=\"wp-block-image aligncenter size-large\"><a href=\"https:\/\/www.galiciamaxica.eu\/mini\/wp-content\/uploads\/2022\/11\/20211012_121914_2-scaled.jpg\"><img decoding=\"async\" width=\"768\" height=\"1024\" src=\"https:\/\/www.galiciamaxica.eu\/mini\/wp-content\/uploads\/2022\/11\/20211012_121914_2-768x1024.jpg\" alt=\"\" class=\"wp-image-20702\" srcset=\"https:\/\/www.galiciamaxica.eu\/mini\/wp-content\/uploads\/2022\/11\/20211012_121914_2-768x1024.jpg 768w, https:\/\/www.galiciamaxica.eu\/mini\/wp-content\/uploads\/2022\/11\/20211012_121914_2-225x300.jpg 225w\" sizes=\"(max-width: 768px) 100vw, 768px\" \/><\/a><\/figure>\n\n\n\n<p>Para conocerlo os recomiendo ir al curro de O Forgoselo, lo encontrar\u00e9is as\u00ed tal cual si busc\u00e1is en Google Maps. <\/p>\n\n\n\n<iframe src=\"https:\/\/www.google.com\/maps\/embed?pb=!1m18!1m12!1m3!1d2895.663179759349!2d-7.999721900000002!3d43.467628600000005!2m3!1f0!2f0!3f0!3m2!1i1024!2i768!4f13.1!3m3!1m2!1s0xd2e08fc2ec89505%3A0x6dcad91e46d05fc5!2sCurro%20De%20Forgoselo!5e0!3m2!1ses!2ses!4v1668768997483!5m2!1ses!2ses\" width=\"600\" height=\"450\" style=\"border:0;\" allowfullscreen=\"\" loading=\"lazy\" referrerpolicy=\"no-referrer-when-downgrade\"><\/iframe>\n\n\n\n<h4 class=\"wp-block-heading\">Rapa das Bestas<\/h4>\n\n\n\n<p>Es el lugar donde en la \u00e9poca se realiza la<strong> rapa das bestas <\/strong>porque esta sierra est\u00e1 repleta de caballos salvajes, tambi\u00e9n de vacas.<\/p>\n\n\n\n<figure class=\"wp-block-image aligncenter size-large\"><a href=\"https:\/\/www.galiciamaxica.eu\/mini\/wp-content\/uploads\/2022\/11\/IMG_1491-scaled.jpg\"><img decoding=\"async\" width=\"768\" height=\"1024\" src=\"https:\/\/www.galiciamaxica.eu\/mini\/wp-content\/uploads\/2022\/11\/IMG_1491-768x1024.jpg\" alt=\"\" class=\"wp-image-20711\" srcset=\"https:\/\/www.galiciamaxica.eu\/mini\/wp-content\/uploads\/2022\/11\/IMG_1491-768x1024.jpg 768w, https:\/\/www.galiciamaxica.eu\/mini\/wp-content\/uploads\/2022\/11\/IMG_1491-225x300.jpg 225w\" sizes=\"(max-width: 768px) 100vw, 768px\" \/><\/a><\/figure>\n\n\n\n<h4 class=\"wp-block-heading\">Aparcamiento y zona de picnic<\/h4>\n\n\n\n<p>Seguramente de camino al curro te encuentres y a grupos de caballos y vacas. All\u00ed puedes dejar aparcado el coche, en esta zona hay zona de merendero si quieres hacer picnic y es un buen sitio para empezar a caminar.<\/p>\n\n\n\n<figure class=\"wp-block-image aligncenter size-large\"><a href=\"https:\/\/www.galiciamaxica.eu\/mini\/wp-content\/uploads\/2022\/11\/20211012_111600-scaled.jpg\"><img loading=\"lazy\" decoding=\"async\" width=\"768\" height=\"1024\" src=\"https:\/\/www.galiciamaxica.eu\/mini\/wp-content\/uploads\/2022\/11\/20211012_111600-768x1024.jpg\" alt=\"\" class=\"wp-image-20697\" srcset=\"https:\/\/www.galiciamaxica.eu\/mini\/wp-content\/uploads\/2022\/11\/20211012_111600-768x1024.jpg 768w, https:\/\/www.galiciamaxica.eu\/mini\/wp-content\/uploads\/2022\/11\/20211012_111600-225x300.jpg 225w\" sizes=\"(max-width: 768px) 100vw, 768px\" \/><\/a><\/figure>\n\n\n\n<p>.Puedes adentrarte en el bosque sin rumbo fijo, hacerlo es una verdadera maravilla y f\u00e1cilmente te encontrar\u00e1s m\u00e1s caballos salvajes, disfrutando de su casa. <\/p>\n\n\n\n<figure class=\"wp-block-image aligncenter size-large\"><a href=\"https:\/\/www.galiciamaxica.eu\/mini\/wp-content\/uploads\/2022\/11\/IMG_1492-scaled.jpg\"><img loading=\"lazy\" decoding=\"async\" width=\"768\" height=\"1024\" src=\"https:\/\/www.galiciamaxica.eu\/mini\/wp-content\/uploads\/2022\/11\/IMG_1492-768x1024.jpg\" alt=\"\" class=\"wp-image-20707\" srcset=\"https:\/\/www.galiciamaxica.eu\/mini\/wp-content\/uploads\/2022\/11\/IMG_1492-768x1024.jpg 768w, https:\/\/www.galiciamaxica.eu\/mini\/wp-content\/uploads\/2022\/11\/IMG_1492-225x300.jpg 225w\" sizes=\"(max-width: 768px) 100vw, 768px\" \/><\/a><\/figure>\n\n\n\n<p>Ten cuidado, no te acerques, s\u00f3lo observarlos libres, es una experiencia sin igual.<\/p>\n\n\n\n<h3 class=\"wp-block-heading\">Ruta da Pena dos Tres P\u00e9s<\/h3>\n\n\n\n<p>Desde el curro arte un ruta muy chula y asequible, la Ruta da Pena dos Tres P\u00e9s. <\/p>\n\n\n\n<figure class=\"wp-block-image aligncenter size-large\"><a href=\"https:\/\/www.galiciamaxica.eu\/mini\/wp-content\/uploads\/2022\/11\/IMG_1477-scaled.jpg\"><img loading=\"lazy\" decoding=\"async\" width=\"768\" height=\"1024\" src=\"https:\/\/www.galiciamaxica.eu\/mini\/wp-content\/uploads\/2022\/11\/IMG_1477-768x1024.jpg\" alt=\"\" class=\"wp-image-20709\" srcset=\"https:\/\/www.galiciamaxica.eu\/mini\/wp-content\/uploads\/2022\/11\/IMG_1477-768x1024.jpg 768w, https:\/\/www.galiciamaxica.eu\/mini\/wp-content\/uploads\/2022\/11\/IMG_1477-225x300.jpg 225w\" sizes=\"(max-width: 768px) 100vw, 768px\" \/><\/a><\/figure>\n\n\n\n<p>Es una ruta circular de 6 kil\u00f3metros aproximadamente, sencilla, genial para hacer con peques (aunque no con carritos).<\/p>\n\n\n\n<figure class=\"wp-block-image aligncenter size-large\"><a href=\"https:\/\/www.galiciamaxica.eu\/mini\/wp-content\/uploads\/2022\/11\/IMG_14971-scaled.jpg\"><img loading=\"lazy\" decoding=\"async\" width=\"768\" height=\"1024\" src=\"https:\/\/www.galiciamaxica.eu\/mini\/wp-content\/uploads\/2022\/11\/IMG_14971-768x1024.jpg\" alt=\"\" class=\"wp-image-20706\" srcset=\"https:\/\/www.galiciamaxica.eu\/mini\/wp-content\/uploads\/2022\/11\/IMG_14971-768x1024.jpg 768w, https:\/\/www.galiciamaxica.eu\/mini\/wp-content\/uploads\/2022\/11\/IMG_14971-225x300.jpg 225w\" sizes=\"(max-width: 768px) 100vw, 768px\" \/><\/a><\/figure>\n\n\n\n<h4 class=\"wp-block-heading\">Pena dos tres p\u00e9s<\/h4>\n\n\n\n<p>A medio camino est\u00e1 la piedra que da nombre a la ruta, pena dos tres p\u00e9s. Una roca gigante con una forma sobrenatural producto, dicen, de la erosi\u00f3n.\u00a0<\/p>\n\n\n\n<figure class=\"wp-block-image aligncenter size-large\"><a href=\"https:\/\/www.galiciamaxica.eu\/mini\/wp-content\/uploads\/2022\/11\/IMG_1485-scaled.jpg\"><img loading=\"lazy\" decoding=\"async\" width=\"768\" height=\"1024\" src=\"https:\/\/www.galiciamaxica.eu\/mini\/wp-content\/uploads\/2022\/11\/IMG_1485-768x1024.jpg\" alt=\"\" class=\"wp-image-20710\" srcset=\"https:\/\/www.galiciamaxica.eu\/mini\/wp-content\/uploads\/2022\/11\/IMG_1485-768x1024.jpg 768w, https:\/\/www.galiciamaxica.eu\/mini\/wp-content\/uploads\/2022\/11\/IMG_1485-225x300.jpg 225w\" sizes=\"(max-width: 768px) 100vw, 768px\" \/><\/a><\/figure>\n\n\n\n<h4 class=\"wp-block-heading\">Zona de setas<\/h4>\n\n\n\n<p>Si te gusta recoger <strong><a href=\"https:\/\/www.galiciamaxica.eu\/mini\/tiempo-de-setas\/\">setas, en temporada<\/a><\/strong>, es una zona genial para esta actividad. <\/p>\n\n\n\n<figure class=\"wp-block-image aligncenter size-large\"><a href=\"https:\/\/www.galiciamaxica.eu\/mini\/wp-content\/uploads\/2022\/11\/20211012_115415_3-scaled.jpg\"><img loading=\"lazy\" decoding=\"async\" width=\"768\" height=\"1024\" src=\"https:\/\/www.galiciamaxica.eu\/mini\/wp-content\/uploads\/2022\/11\/20211012_115415_3-768x1024.jpg\" alt=\"\" class=\"wp-image-20696\" srcset=\"https:\/\/www.galiciamaxica.eu\/mini\/wp-content\/uploads\/2022\/11\/20211012_115415_3-768x1024.jpg 768w, https:\/\/www.galiciamaxica.eu\/mini\/wp-content\/uploads\/2022\/11\/20211012_115415_3-225x300.jpg 225w\" sizes=\"(max-width: 768px) 100vw, 768px\" \/><\/a><\/figure>\n\n\n\n<p>Hay que tener en cuenta que desde hace poco la recogida de setas est\u00e1 prohibida entre semana (s\u00f3lo se permite a propietarios).<\/p>\n\n\n\n<figure class=\"wp-block-image aligncenter size-large\"><a href=\"https:\/\/www.galiciamaxica.eu\/mini\/wp-content\/uploads\/2022\/11\/IMG_20211012_195941_700-scaled.jpg\"><img loading=\"lazy\" decoding=\"async\" width=\"819\" height=\"1024\" src=\"https:\/\/www.galiciamaxica.eu\/mini\/wp-content\/uploads\/2022\/11\/IMG_20211012_195941_700-819x1024.jpg\" alt=\"\" class=\"wp-image-20699\" srcset=\"https:\/\/www.galiciamaxica.eu\/mini\/wp-content\/uploads\/2022\/11\/IMG_20211012_195941_700-819x1024.jpg 819w, https:\/\/www.galiciamaxica.eu\/mini\/wp-content\/uploads\/2022\/11\/IMG_20211012_195941_700-240x300.jpg 240w, https:\/\/www.galiciamaxica.eu\/mini\/wp-content\/uploads\/2022\/11\/IMG_20211012_195941_700-768x960.jpg 768w\" sizes=\"(max-width: 819px) 100vw, 819px\" \/><\/a><\/figure>\n\n\n\n<p>Solo es posible recogerlas los fines de semana siempre y cuando se saque una <strong><a href=\"https:\/\/www.agroalimentariadoeume.org\/autorizaciones-coto\/\" rel=\"nofollow\">autorizaci\u00f3n especial en la web<\/a><\/strong>.<\/p>\n\n\n\n<figure class=\"wp-block-image aligncenter size-large\"><a href=\"https:\/\/www.galiciamaxica.eu\/mini\/wp-content\/uploads\/2022\/11\/20211012_095208-scaled.jpg\"><img loading=\"lazy\" decoding=\"async\" width=\"768\" height=\"1024\" src=\"https:\/\/www.galiciamaxica.eu\/mini\/wp-content\/uploads\/2022\/11\/20211012_095208-768x1024.jpg\" alt=\"\" class=\"wp-image-20698\" srcset=\"https:\/\/www.galiciamaxica.eu\/mini\/wp-content\/uploads\/2022\/11\/20211012_095208-768x1024.jpg 768w, https:\/\/www.galiciamaxica.eu\/mini\/wp-content\/uploads\/2022\/11\/20211012_095208-225x300.jpg 225w\" sizes=\"(max-width: 768px) 100vw, 768px\" \/><\/a><\/figure>\n\n\n\n<p>Recuerda que las setas no son ning\u00fan juego de ni\u00f1os por lo que si no las conoces bien nunca las debes coger, hay algunas que son altamente t\u00f3xicas y solo las comer\u00edas una vez.<\/p>\n\n\n\n<figure class=\"wp-block-image aligncenter size-large\"><a href=\"https:\/\/www.galiciamaxica.eu\/mini\/wp-content\/uploads\/2022\/11\/20221101_150127-scaled.jpg\"><img loading=\"lazy\" decoding=\"async\" width=\"768\" height=\"1024\" src=\"https:\/\/www.galiciamaxica.eu\/mini\/wp-content\/uploads\/2022\/11\/20221101_150127-768x1024.jpg\" alt=\"\" class=\"wp-image-20701\" srcset=\"https:\/\/www.galiciamaxica.eu\/mini\/wp-content\/uploads\/2022\/11\/20221101_150127-768x1024.jpg 768w, https:\/\/www.galiciamaxica.eu\/mini\/wp-content\/uploads\/2022\/11\/20221101_150127-225x300.jpg 225w\" sizes=\"(max-width: 768px) 100vw, 768px\" \/><\/a><\/figure>\n\n\n\n<p>Esta que ves en la foto, les ser\u00e1 familiar a los ni\u00f1os porque la ponen en los colegios para ense\u00f1arles las partes de los hongos, se la conoce como\u00a0<a href=\"https:\/\/es.wikipedia.org\/wiki\/Amanita_muscaria\">Amanita muscaria<\/a>\u00a0<strong>\u00a0y es T\u00d3XICA<\/strong>.<\/p>\n\n\n\n<figure class=\"wp-block-embed is-type-wp-embed is-provider-galicia-con-ninos-galicia-maxica wp-block-embed-galicia-con-ninos-galicia-maxica\">\n<blockquote class=\"wp-embedded-content\" data-secret=\"ttUwcmLR4v\"><a href=\"https:\/\/www.galiciamaxica.eu\/mini\/tiempo-de-setas\/\">Tiempo de Setas<\/a><\/blockquote><iframe class=\"wp-embedded-content\" sandbox=\"allow-scripts\" security=\"restricted\" style=\"position: absolute; visibility: hidden;\" title=\"\u00abTiempo de Setas\u00bb \u2014 Galicia con ni\u00f1os | GALICIA M\u00c1XICA\" src=\"https:\/\/www.galiciamaxica.eu\/mini\/tiempo-de-setas\/embed\/#?secret=uzjOdufPe6#?secret=ttUwcmLR4v\" data-secret=\"ttUwcmLR4v\" width=\"500\" height=\"282\" frameborder=\"0\" marginwidth=\"0\" marginheight=\"0\" scrolling=\"no\"><\/iframe>\n<\/figure>\n\n\n\n<h4 class=\"wp-block-heading\">Mirador de Racamonde<\/h4>\n\n\n\n<p>Muy cerca del curro, te puedes acercar tambi\u00e9n al Mirador de Racamonde, pertenece ya al Ayuntamiento de San Sadurni\u00f1o, en su punto m\u00e1s alto, desde el que en d\u00edas despejados se puede ver desde la Costa de Lugo hasta la Torre de H\u00e9rcules.\u00a0<\/p>\n\n\n\n<figure class=\"wp-block-image aligncenter size-full\"><a href=\"https:\/\/www.galiciamaxica.eu\/mini\/wp-content\/uploads\/2022\/11\/VID-20220910-WA0044_exported_8936.jpg\"><img loading=\"lazy\" decoding=\"async\" width=\"480\" height=\"848\" src=\"https:\/\/www.galiciamaxica.eu\/mini\/wp-content\/uploads\/2022\/11\/VID-20220910-WA0044_exported_8936.jpg\" alt=\"\" class=\"wp-image-20708\" srcset=\"https:\/\/www.galiciamaxica.eu\/mini\/wp-content\/uploads\/2022\/11\/VID-20220910-WA0044_exported_8936.jpg 480w, https:\/\/www.galiciamaxica.eu\/mini\/wp-content\/uploads\/2022\/11\/VID-20220910-WA0044_exported_8936-170x300.jpg 170w\" sizes=\"(max-width: 480px) 100vw, 480px\" \/><\/a><\/figure>\n\n\n\n<h2 class=\"wp-block-heading\">Sitios cerca de Forgoselo<\/h2>\n\n\n\n<p>Para completar la visita, muy cerca est\u00e1n <strong><a href=\"https:\/\/www.galiciamaxica.eu\/mini\/hoy-fragas-de-eume\/\">As Fragas do Eume<\/a><\/strong>, la<strong> <a href=\"https:\/\/www.galiciamaxica.eu\/galicia\/a-coruna\/parquesesin\/\">ruta etnogr\u00e1fica del r\u00edo Ses\u00edn y fervenza da Mazoca<\/a><\/strong>. Tambi\u00e9n la <strong><a href=\"https:\/\/www.galiciamaxica.eu\/mini\/visitamos-un-museo-viviente-de-la-miel-o-enredo-do-abelleiro\/\">Casa Museo do Mel de Goente<\/a><\/strong> y <strong><a href=\"https:\/\/www.galiciamaxica.eu\/galicia\/a-coruna\/lagopontes\/\">As Pontes de Garc\u00eda Rodr\u00edguez<\/a><\/strong> con su lago artificial.<\/p>\n\n\n\n<figure class=\"wp-block-image aligncenter size-large\"><a href=\"https:\/\/www.galiciamaxica.eu\/mini\/wp-content\/uploads\/2022\/11\/20211012_120532-scaled.jpg\"><img loading=\"lazy\" decoding=\"async\" width=\"768\" height=\"1024\" src=\"https:\/\/www.galiciamaxica.eu\/mini\/wp-content\/uploads\/2022\/11\/20211012_120532-768x1024.jpg\" alt=\"\" class=\"wp-image-20705\" srcset=\"https:\/\/www.galiciamaxica.eu\/mini\/wp-content\/uploads\/2022\/11\/20211012_120532-768x1024.jpg 768w, https:\/\/www.galiciamaxica.eu\/mini\/wp-content\/uploads\/2022\/11\/20211012_120532-225x300.jpg 225w\" sizes=\"(max-width: 768px) 100vw, 768px\" \/><\/a><\/figure>\n\n\n\n<h2 class=\"wp-block-heading\">Mis entradas<\/h2>\n\n\n<ul class=\"wp-block-latest-posts__list is-grid columns-4 wp-block-latest-posts\"><li><div class=\"wp-block-latest-posts__featured-image\"><img loading=\"lazy\" decoding=\"async\" width=\"150\" height=\"150\" src=\"https:\/\/www.galiciamaxica.eu\/mini\/wp-content\/uploads\/2022\/08\/IMG-20220814-WA0082-150x150.jpg\" class=\"attachment-thumbnail size-thumbnail wp-post-image\" alt=\"\" style=\"\" \/><\/div><a class=\"wp-block-latest-posts__post-title\" href=\"https:\/\/www.galiciamaxica.eu\/mini\/fraga-maxica-de-cortina\/\">Fraga M\u00e1xica de Corti\u00f1a<\/a><\/li>\n<li><div class=\"wp-block-latest-posts__featured-image\"><img loading=\"lazy\" decoding=\"async\" width=\"150\" height=\"150\" src=\"https:\/\/www.galiciamaxica.eu\/mini\/wp-content\/uploads\/2022\/08\/SENDA-MONTE-VISO-3-1-150x150.jpg\" class=\"attachment-thumbnail size-thumbnail wp-post-image\" alt=\"Monte Viso\" style=\"\" \/><\/div><a class=\"wp-block-latest-posts__post-title\" href=\"https:\/\/www.galiciamaxica.eu\/mini\/senda-mitologica-del-monte-viso\/\">Senda Mitol\u00f3gica del Monte Viso<\/a><\/li>\n<li><div class=\"wp-block-latest-posts__featured-image\"><img loading=\"lazy\" decoding=\"async\" width=\"150\" height=\"150\" src=\"https:\/\/www.galiciamaxica.eu\/mini\/wp-content\/uploads\/2022\/09\/Chozos-de-Casarinos_9-683x1024-1-150x150.jpg\" class=\"attachment-thumbnail size-thumbnail wp-post-image\" alt=\"rati\u00f1o perez\" style=\"\" \/><\/div><a class=\"wp-block-latest-posts__post-title\" href=\"https:\/\/www.galiciamaxica.eu\/mini\/el-ratino-perez-se-ha-mudado-a-vilalba\/\">El Rati\u00f1o P\u00e9rez se ha mudado a Vilalba<\/a><\/li>\n<li><div class=\"wp-block-latest-posts__featured-image\"><img loading=\"lazy\" decoding=\"async\" width=\"150\" height=\"150\" src=\"https:\/\/www.galiciamaxica.eu\/mini\/wp-content\/uploads\/2022\/09\/merlin-150x150.jpg\" class=\"attachment-thumbnail size-thumbnail wp-post-image\" alt=\"Merlin\" style=\"\" \/><\/div><a class=\"wp-block-latest-posts__post-title\" href=\"https:\/\/www.galiciamaxica.eu\/mini\/magia-naturaleza-y-tradicion-ruta-de-los-sentidos-de-esmelle\/\">Magia, naturaleza y tradici\u00f3n: Ruta de los sentidos de Esmelle<\/a><\/li>\n<li><div class=\"wp-block-latest-posts__featured-image\"><img loading=\"lazy\" decoding=\"async\" width=\"150\" height=\"150\" src=\"https:\/\/www.galiciamaxica.eu\/mini\/wp-content\/uploads\/2022\/10\/20220517_130910-150x150.jpg\" class=\"attachment-thumbnail size-thumbnail wp-post-image\" alt=\"paseo dos so\u00f1os\" style=\"\" \/><\/div><a class=\"wp-block-latest-posts__post-title\" href=\"https:\/\/www.galiciamaxica.eu\/mini\/paseo-dos-sonos-paseo-de-los-suenos\/\">Paseo dos So\u00f1os, Paseo de los sue\u00f1os<\/a><\/li>\n<li><div class=\"wp-block-latest-posts__featured-image\"><img loading=\"lazy\" decoding=\"async\" width=\"150\" height=\"150\" src=\"https:\/\/www.galiciamaxica.eu\/mini\/wp-content\/uploads\/2022\/10\/Captura-8-150x150.jpg\" class=\"attachment-thumbnail size-thumbnail wp-post-image\" alt=\"Pontenova\" style=\"\" \/><\/div><a class=\"wp-block-latest-posts__post-title\" href=\"https:\/\/www.galiciamaxica.eu\/mini\/naturaleza-aventura-tradicion-y-vida-en-a-pontenova\/\">Naturaleza, aventura, tradici\u00f3n y vida en A Pontenova<\/a><\/li>\n<li><div class=\"wp-block-latest-posts__featured-image\"><img loading=\"lazy\" decoding=\"async\" width=\"150\" height=\"150\" src=\"https:\/\/www.galiciamaxica.eu\/mini\/wp-content\/uploads\/2022\/11\/Museo-de-Vilar_11-3-150x150.jpg\" class=\"attachment-thumbnail size-thumbnail wp-post-image\" alt=\"\" style=\"\" srcset=\"https:\/\/www.galiciamaxica.eu\/mini\/wp-content\/uploads\/2022\/11\/Museo-de-Vilar_11-3-150x150.jpg 150w, https:\/\/www.galiciamaxica.eu\/mini\/wp-content\/uploads\/2022\/11\/Museo-de-Vilar_11-3-300x300.jpg 300w, https:\/\/www.galiciamaxica.eu\/mini\/wp-content\/uploads\/2022\/11\/Museo-de-Vilar_11-3-768x768.jpg 768w, https:\/\/www.galiciamaxica.eu\/mini\/wp-content\/uploads\/2022\/11\/Museo-de-Vilar_11-3-1024x1024.jpg 1024w, https:\/\/www.galiciamaxica.eu\/mini\/wp-content\/uploads\/2022\/11\/Museo-de-Vilar_11-3.jpg 1280w\" sizes=\"(max-width: 150px) 100vw, 150px\" \/><\/div><a class=\"wp-block-latest-posts__post-title\" href=\"https:\/\/www.galiciamaxica.eu\/mini\/forgoselo-con-ninos-bosque-caballos-salvajes-y-setas\/\">Forgoselo con ni\u00f1os: bosque, caballos salvajes y setas.<\/a><\/li>\n<li><div class=\"wp-block-latest-posts__featured-image\"><img loading=\"lazy\" decoding=\"async\" width=\"150\" height=\"150\" src=\"https:\/\/www.galiciamaxica.eu\/mini\/wp-content\/uploads\/2023\/04\/boiro-rocodromno-2-150x150.jpg\" class=\"attachment-thumbnail size-thumbnail wp-post-image\" alt=\"Boiro\" style=\"\" \/><\/div><a class=\"wp-block-latest-posts__post-title\" href=\"https:\/\/www.galiciamaxica.eu\/mini\/un-paraiso-para-los-mas-pequenos-parque-aventura-estuario-del-rio-corono\/\">Un para\u00edso para los m\u00e1s peque\u00f1os: Parque Aventura Estuario del R\u00edo Coro\u00f1o<\/a><\/li>\n<\/ul>","protected":false},"excerpt":{"rendered":"<p>Hoy visitamos un lugar muy m\u00e1gico, se le conoce como Forgoselo. \u00a1Hola! Soy Ux\u00eda, de @uxiaviaxeiragarcia, cuenta viajera de Instagram donde mi familia y yo compartimos lugares y actividades de nuestros viajes y excursiones, la mayor\u00eda en Galicia y aptos para hacer con ni\u00f1os. Forgoselo Ubicaci\u00f3n Muy cerca de As Fragas do Eume, en el [&hellip;]<\/p>\n","protected":false},"author":1,"featured_media":20712,"comment_status":"open","ping_status":"closed","sticky":false,"template":"","format":"standard","meta":{"_eb_attr":"","site-sidebar-layout":"default","site-content-layout":"","ast-site-content-layout":"","site-content-style":"default","site-sidebar-style":"default","ast-global-header-display":"","ast-banner-title-visibility":"","ast-main-header-display":"","ast-hfb-above-header-display":"","ast-hfb-below-header-display":"","ast-hfb-mobile-header-display":"","site-post-title":"","ast-breadcrumbs-content":"","ast-featured-img":"","footer-sml-layout":"","theme-transparent-header-meta":"","adv-header-id-meta":"","stick-header-meta":"","header-above-stick-meta":"","header-main-stick-meta":"","header-below-stick-meta":"","astra-migrate-meta-layouts":"default","ast-page-background-enabled":"default","ast-page-background-meta":{"desktop":{"background-color":"","background-image":"","background-repeat":"repeat","background-position":"center center","background-size":"auto","background-attachment":"scroll","background-type":"","background-media":"","overlay-type":"","overlay-color":"","overlay-opacity":"","overlay-gradient":""},"tablet":{"background-color":"","background-image":"","background-repeat":"repeat","background-position":"center center","background-size":"auto","background-attachment":"scroll","background-type":"","background-media":"","overlay-type":"","overlay-color":"","overlay-opacity":"","overlay-gradient":""},"mobile":{"background-color":"","background-image":"","background-repeat":"repeat","background-position":"center center","background-size":"auto","background-attachment":"scroll","background-type":"","background-media":"","overlay-type":"","overlay-color":"","overlay-opacity":"","overlay-gradient":""}},"ast-content-background-meta":{"desktop":{"background-color":"var(--ast-global-color-5)","background-image":"","background-repeat":"repeat","background-position":"center center","background-size":"auto","background-attachment":"scroll","background-type":"","background-media":"","overlay-type":"","overlay-color":"","overlay-opacity":"","overlay-gradient":""},"tablet":{"background-color":"var(--ast-global-color-5)","background-image":"","background-repeat":"repeat","background-position":"center center","background-size":"auto","background-attachment":"scroll","background-type":"","background-media":"","overlay-type":"","overlay-color":"","overlay-opacity":"","overlay-gradient":""},"mobile":{"background-color":"var(--ast-global-color-5)","background-image":"","background-repeat":"repeat","background-position":"center center","background-size":"auto","background-attachment":"scroll","background-type":"","background-media":"","overlay-type":"","overlay-color":"","overlay-opacity":"","overlay-gradient":""}},"footnotes":""},"categories":[49,1213],"tags":[25,42],"class_list":["post-20695","post","type-post","status-publish","format-standard","has-post-thumbnail","hentry","category-a-coruna","category-uxia","tag-galicia","tag-ruta"],"yoast_head":"<!-- This site is optimized with the Yoast SEO plugin v24.9 - https:\/\/yoast.com\/wordpress\/plugins\/seo\/ -->\n<title>Forgoselo con ni\u00f1os: bosque, caballos salvajes y setas. - Galicia con ni\u00f1os | GALICIA M\u00c1XICA<\/title>\n<meta name=\"description\" content=\"Forgoselo con ni\u00f1os: bosque, caballos salvajes y setas.\" \/>\n<meta name=\"robots\" content=\"index, follow, max-snippet:-1, max-image-preview:large, max-video-preview:-1\" \/>\n<link rel=\"canonical\" href=\"https:\/\/www.galiciamaxica.eu\/mini\/forgoselo-con-ninos-bosque-caballos-salvajes-y-setas\/\" \/>\n<meta property=\"og:locale\" content=\"es_ES\" \/>\n<meta property=\"og:type\" content=\"article\" \/>\n<meta property=\"og:title\" content=\"Forgoselo con ni\u00f1os: bosque, caballos salvajes y setas. - Galicia con ni\u00f1os | GALICIA M\u00c1XICA\" \/>\n<meta property=\"og:description\" content=\"Forgoselo con ni\u00f1os: bosque, caballos salvajes y setas.\" \/>\n<meta property=\"og:url\" content=\"https:\/\/www.galiciamaxica.eu\/mini\/forgoselo-con-ninos-bosque-caballos-salvajes-y-setas\/\" \/>\n<meta property=\"og:site_name\" content=\"Galicia con ni\u00f1os | GALICIA M\u00c1XICA\" \/>\n<meta property=\"article:publisher\" content=\"https:\/\/www.facebook.com\/maria.rodriguezserantes\" \/>\n<meta property=\"article:author\" content=\"https:\/\/www.facebook.com\/maria.rodriguezserantes\" \/>\n<meta property=\"article:published_time\" content=\"2022-11-18T11:37:52+00:00\" \/>\n<meta property=\"article:modified_time\" content=\"2022-11-18T11:37:55+00:00\" \/>\n<meta property=\"og:image\" content=\"https:\/\/www.galiciamaxica.eu\/mini\/wp-content\/uploads\/2022\/11\/Museo-de-Vilar_11-3.jpg\" \/>\n\t<meta property=\"og:image:width\" content=\"1280\" \/>\n\t<meta property=\"og:image:height\" content=\"1280\" \/>\n\t<meta property=\"og:image:type\" content=\"image\/jpeg\" \/>\n<meta name=\"author\" content=\"seseixa\" \/>\n<meta name=\"twitter:card\" content=\"summary_large_image\" \/>\n<meta name=\"twitter:creator\" content=\"@seseixa\" \/>\n<meta name=\"twitter:site\" content=\"@seseixa\" \/>\n<meta name=\"twitter:label1\" content=\"Escrito por\" \/>\n\t<meta name=\"twitter:data1\" content=\"seseixa\" \/>\n\t<meta name=\"twitter:label2\" content=\"Tiempo de lectura\" \/>\n\t<meta name=\"twitter:data2\" content=\"6 minutos\" \/>\n<script type=\"application\/ld+json\" class=\"yoast-schema-graph\">{\"@context\":\"https:\/\/schema.org\",\"@graph\":[{\"@type\":\"Article\",\"@id\":\"https:\/\/www.galiciamaxica.eu\/mini\/forgoselo-con-ninos-bosque-caballos-salvajes-y-setas\/#article\",\"isPartOf\":{\"@id\":\"https:\/\/www.galiciamaxica.eu\/mini\/forgoselo-con-ninos-bosque-caballos-salvajes-y-setas\/\"},\"author\":{\"name\":\"seseixa\",\"@id\":\"https:\/\/www.galiciamaxica.eu\/mini\/#\/schema\/person\/2b284fe2fd911000a48d2e8936300179\"},\"headline\":\"Forgoselo con ni\u00f1os: bosque, caballos salvajes y setas.\",\"datePublished\":\"2022-11-18T11:37:52+00:00\",\"dateModified\":\"2022-11-18T11:37:55+00:00\",\"mainEntityOfPage\":{\"@id\":\"https:\/\/www.galiciamaxica.eu\/mini\/forgoselo-con-ninos-bosque-caballos-salvajes-y-setas\/\"},\"wordCount\":545,\"commentCount\":0,\"publisher\":{\"@id\":\"https:\/\/www.galiciamaxica.eu\/mini\/#\/schema\/person\/2b284fe2fd911000a48d2e8936300179\"},\"image\":{\"@id\":\"https:\/\/www.galiciamaxica.eu\/mini\/forgoselo-con-ninos-bosque-caballos-salvajes-y-setas\/#primaryimage\"},\"thumbnailUrl\":\"https:\/\/www.galiciamaxica.eu\/mini\/wp-content\/uploads\/2022\/11\/Museo-de-Vilar_11-3.jpg\",\"keywords\":[\"Galicia\",\"ruta\"],\"articleSection\":[\"A CORU\u00d1A\",\"Ux\u00eda\"],\"inLanguage\":\"es\",\"potentialAction\":[{\"@type\":\"CommentAction\",\"name\":\"Comment\",\"target\":[\"https:\/\/www.galiciamaxica.eu\/mini\/forgoselo-con-ninos-bosque-caballos-salvajes-y-setas\/#respond\"]}]},{\"@type\":\"WebPage\",\"@id\":\"https:\/\/www.galiciamaxica.eu\/mini\/forgoselo-con-ninos-bosque-caballos-salvajes-y-setas\/\",\"url\":\"https:\/\/www.galiciamaxica.eu\/mini\/forgoselo-con-ninos-bosque-caballos-salvajes-y-setas\/\",\"name\":\"Forgoselo con ni\u00f1os: bosque, caballos salvajes y setas. - Galicia con ni\u00f1os | GALICIA M\u00c1XICA\",\"isPartOf\":{\"@id\":\"https:\/\/www.galiciamaxica.eu\/mini\/#website\"},\"primaryImageOfPage\":{\"@id\":\"https:\/\/www.galiciamaxica.eu\/mini\/forgoselo-con-ninos-bosque-caballos-salvajes-y-setas\/#primaryimage\"},\"image\":{\"@id\":\"https:\/\/www.galiciamaxica.eu\/mini\/forgoselo-con-ninos-bosque-caballos-salvajes-y-setas\/#primaryimage\"},\"thumbnailUrl\":\"https:\/\/www.galiciamaxica.eu\/mini\/wp-content\/uploads\/2022\/11\/Museo-de-Vilar_11-3.jpg\",\"datePublished\":\"2022-11-18T11:37:52+00:00\",\"dateModified\":\"2022-11-18T11:37:55+00:00\",\"description\":\"Forgoselo con ni\u00f1os: bosque, caballos salvajes y setas.\",\"breadcrumb\":{\"@id\":\"https:\/\/www.galiciamaxica.eu\/mini\/forgoselo-con-ninos-bosque-caballos-salvajes-y-setas\/#breadcrumb\"},\"inLanguage\":\"es\",\"potentialAction\":[{\"@type\":\"ReadAction\",\"target\":[\"https:\/\/www.galiciamaxica.eu\/mini\/forgoselo-con-ninos-bosque-caballos-salvajes-y-setas\/\"]}]},{\"@type\":\"ImageObject\",\"inLanguage\":\"es\",\"@id\":\"https:\/\/www.galiciamaxica.eu\/mini\/forgoselo-con-ninos-bosque-caballos-salvajes-y-setas\/#primaryimage\",\"url\":\"https:\/\/www.galiciamaxica.eu\/mini\/wp-content\/uploads\/2022\/11\/Museo-de-Vilar_11-3.jpg\",\"contentUrl\":\"https:\/\/www.galiciamaxica.eu\/mini\/wp-content\/uploads\/2022\/11\/Museo-de-Vilar_11-3.jpg\",\"width\":1280,\"height\":1280},{\"@type\":\"BreadcrumbList\",\"@id\":\"https:\/\/www.galiciamaxica.eu\/mini\/forgoselo-con-ninos-bosque-caballos-salvajes-y-setas\/#breadcrumb\",\"itemListElement\":[{\"@type\":\"ListItem\",\"position\":1,\"name\":\"Portada\",\"item\":\"https:\/\/www.galiciamaxica.eu\/mini\/\"},{\"@type\":\"ListItem\",\"position\":2,\"name\":\"Forgoselo con ni\u00f1os: bosque, caballos salvajes y setas.\"}]},{\"@type\":\"WebSite\",\"@id\":\"https:\/\/www.galiciamaxica.eu\/mini\/#website\",\"url\":\"https:\/\/www.galiciamaxica.eu\/mini\/\",\"name\":\"Galicia con ni\u00f1os | GALICIA M\u00c1XICA\",\"description\":\"Qu\u00e9 hacer con ni\u00f1os en Galicia\",\"publisher\":{\"@id\":\"https:\/\/www.galiciamaxica.eu\/mini\/#\/schema\/person\/2b284fe2fd911000a48d2e8936300179\"},\"potentialAction\":[{\"@type\":\"SearchAction\",\"target\":{\"@type\":\"EntryPoint\",\"urlTemplate\":\"https:\/\/www.galiciamaxica.eu\/mini\/?s={search_term_string}\"},\"query-input\":{\"@type\":\"PropertyValueSpecification\",\"valueRequired\":true,\"valueName\":\"search_term_string\"}}],\"inLanguage\":\"es\"},{\"@type\":[\"Person\",\"Organization\"],\"@id\":\"https:\/\/www.galiciamaxica.eu\/mini\/#\/schema\/person\/2b284fe2fd911000a48d2e8936300179\",\"name\":\"seseixa\",\"image\":{\"@type\":\"ImageObject\",\"inLanguage\":\"es\",\"@id\":\"https:\/\/www.galiciamaxica.eu\/mini\/#\/schema\/person\/image\/\",\"url\":\"https:\/\/www.galiciamaxica.eu\/mini\/wp-content\/uploads\/2019\/02\/seseixa.png\",\"contentUrl\":\"https:\/\/www.galiciamaxica.eu\/mini\/wp-content\/uploads\/2019\/02\/seseixa.png\",\"width\":100,\"height\":100,\"caption\":\"seseixa\"},\"logo\":{\"@id\":\"https:\/\/www.galiciamaxica.eu\/mini\/#\/schema\/person\/image\/\"},\"description\":\"En la actualidad combinando dos proyectos que me apasionan, Galicia y los ni\u00f1os. Tengo mucho que aportar y otro tanto que aprender, as\u00ed como, el tiempo y el coraz\u00f3n, dividido en todo momento. Soy mam\u00e1, un titulo otorgado a tiempo completo, compa\u00f1era y amiga, a todas horas, familiar y cercana, siempre. De esp\u00edritu inquieto, soy una eterna ni\u00f1a que juega en el pa\u00eds de las maravillas. Una enamorada de mi tierra, por la que trabajo sin descanso. Creo en la infancia como motor que cambiar\u00e1 el mundo a mejor y busco en mi vida la felicidad como estado permanente porque s\u00f3lo se vive una vez.\",\"sameAs\":[\"http:\/\/mini.galiciamaxica.eu\/\",\"https:\/\/www.facebook.com\/maria.rodriguezserantes\",\"https:\/\/x.com\/seseixa\"],\"url\":\"https:\/\/www.galiciamaxica.eu\/mini\/author\/seseixa\/\"}]}<\/script>\n<!-- \/ Yoast SEO plugin. -->","yoast_head_json":{"title":"Forgoselo con ni\u00f1os: bosque, caballos salvajes y setas. - Galicia con ni\u00f1os | GALICIA M\u00c1XICA","description":"Forgoselo con ni\u00f1os: bosque, caballos salvajes y setas.","robots":{"index":"index","follow":"follow","max-snippet":"max-snippet:-1","max-image-preview":"max-image-preview:large","max-video-preview":"max-video-preview:-1"},"canonical":"https:\/\/www.galiciamaxica.eu\/mini\/forgoselo-con-ninos-bosque-caballos-salvajes-y-setas\/","og_locale":"es_ES","og_type":"article","og_title":"Forgoselo con ni\u00f1os: bosque, caballos salvajes y setas. - Galicia con ni\u00f1os | GALICIA M\u00c1XICA","og_description":"Forgoselo con ni\u00f1os: bosque, caballos salvajes y setas.","og_url":"https:\/\/www.galiciamaxica.eu\/mini\/forgoselo-con-ninos-bosque-caballos-salvajes-y-setas\/","og_site_name":"Galicia con ni\u00f1os | GALICIA M\u00c1XICA","article_publisher":"https:\/\/www.facebook.com\/maria.rodriguezserantes","article_author":"https:\/\/www.facebook.com\/maria.rodriguezserantes","article_published_time":"2022-11-18T11:37:52+00:00","article_modified_time":"2022-11-18T11:37:55+00:00","og_image":[{"width":1280,"height":1280,"url":"https:\/\/www.galiciamaxica.eu\/mini\/wp-content\/uploads\/2022\/11\/Museo-de-Vilar_11-3.jpg","type":"image\/jpeg"}],"author":"seseixa","twitter_card":"summary_large_image","twitter_creator":"@seseixa","twitter_site":"@seseixa","twitter_misc":{"Escrito por":"seseixa","Tiempo de lectura":"6 minutos"},"schema":{"@context":"https:\/\/schema.org","@graph":[{"@type":"Article","@id":"https:\/\/www.galiciamaxica.eu\/mini\/forgoselo-con-ninos-bosque-caballos-salvajes-y-setas\/#article","isPartOf":{"@id":"https:\/\/www.galiciamaxica.eu\/mini\/forgoselo-con-ninos-bosque-caballos-salvajes-y-setas\/"},"author":{"name":"seseixa","@id":"https:\/\/www.galiciamaxica.eu\/mini\/#\/schema\/person\/2b284fe2fd911000a48d2e8936300179"},"headline":"Forgoselo con ni\u00f1os: bosque, caballos salvajes y setas.","datePublished":"2022-11-18T11:37:52+00:00","dateModified":"2022-11-18T11:37:55+00:00","mainEntityOfPage":{"@id":"https:\/\/www.galiciamaxica.eu\/mini\/forgoselo-con-ninos-bosque-caballos-salvajes-y-setas\/"},"wordCount":545,"commentCount":0,"publisher":{"@id":"https:\/\/www.galiciamaxica.eu\/mini\/#\/schema\/person\/2b284fe2fd911000a48d2e8936300179"},"image":{"@id":"https:\/\/www.galiciamaxica.eu\/mini\/forgoselo-con-ninos-bosque-caballos-salvajes-y-setas\/#primaryimage"},"thumbnailUrl":"https:\/\/www.galiciamaxica.eu\/mini\/wp-content\/uploads\/2022\/11\/Museo-de-Vilar_11-3.jpg","keywords":["Galicia","ruta"],"articleSection":["A CORU\u00d1A","Ux\u00eda"],"inLanguage":"es","potentialAction":[{"@type":"CommentAction","name":"Comment","target":["https:\/\/www.galiciamaxica.eu\/mini\/forgoselo-con-ninos-bosque-caballos-salvajes-y-setas\/#respond"]}]},{"@type":"WebPage","@id":"https:\/\/www.galiciamaxica.eu\/mini\/forgoselo-con-ninos-bosque-caballos-salvajes-y-setas\/","url":"https:\/\/www.galiciamaxica.eu\/mini\/forgoselo-con-ninos-bosque-caballos-salvajes-y-setas\/","name":"Forgoselo con ni\u00f1os: bosque, caballos salvajes y setas. - Galicia con ni\u00f1os | GALICIA M\u00c1XICA","isPartOf":{"@id":"https:\/\/www.galiciamaxica.eu\/mini\/#website"},"primaryImageOfPage":{"@id":"https:\/\/www.galiciamaxica.eu\/mini\/forgoselo-con-ninos-bosque-caballos-salvajes-y-setas\/#primaryimage"},"image":{"@id":"https:\/\/www.galiciamaxica.eu\/mini\/forgoselo-con-ninos-bosque-caballos-salvajes-y-setas\/#primaryimage"},"thumbnailUrl":"https:\/\/www.galiciamaxica.eu\/mini\/wp-content\/uploads\/2022\/11\/Museo-de-Vilar_11-3.jpg","datePublished":"2022-11-18T11:37:52+00:00","dateModified":"2022-11-18T11:37:55+00:00","description":"Forgoselo con ni\u00f1os: bosque, caballos salvajes y setas.","breadcrumb":{"@id":"https:\/\/www.galiciamaxica.eu\/mini\/forgoselo-con-ninos-bosque-caballos-salvajes-y-setas\/#breadcrumb"},"inLanguage":"es","potentialAction":[{"@type":"ReadAction","target":["https:\/\/www.galiciamaxica.eu\/mini\/forgoselo-con-ninos-bosque-caballos-salvajes-y-setas\/"]}]},{"@type":"ImageObject","inLanguage":"es","@id":"https:\/\/www.galiciamaxica.eu\/mini\/forgoselo-con-ninos-bosque-caballos-salvajes-y-setas\/#primaryimage","url":"https:\/\/www.galiciamaxica.eu\/mini\/wp-content\/uploads\/2022\/11\/Museo-de-Vilar_11-3.jpg","contentUrl":"https:\/\/www.galiciamaxica.eu\/mini\/wp-content\/uploads\/2022\/11\/Museo-de-Vilar_11-3.jpg","width":1280,"height":1280},{"@type":"BreadcrumbList","@id":"https:\/\/www.galiciamaxica.eu\/mini\/forgoselo-con-ninos-bosque-caballos-salvajes-y-setas\/#breadcrumb","itemListElement":[{"@type":"ListItem","position":1,"name":"Portada","item":"https:\/\/www.galiciamaxica.eu\/mini\/"},{"@type":"ListItem","position":2,"name":"Forgoselo con ni\u00f1os: bosque, caballos salvajes y setas."}]},{"@type":"WebSite","@id":"https:\/\/www.galiciamaxica.eu\/mini\/#website","url":"https:\/\/www.galiciamaxica.eu\/mini\/","name":"Galicia con ni\u00f1os | GALICIA M\u00c1XICA","description":"Qu\u00e9 hacer con ni\u00f1os en Galicia","publisher":{"@id":"https:\/\/www.galiciamaxica.eu\/mini\/#\/schema\/person\/2b284fe2fd911000a48d2e8936300179"},"potentialAction":[{"@type":"SearchAction","target":{"@type":"EntryPoint","urlTemplate":"https:\/\/www.galiciamaxica.eu\/mini\/?s={search_term_string}"},"query-input":{"@type":"PropertyValueSpecification","valueRequired":true,"valueName":"search_term_string"}}],"inLanguage":"es"},{"@type":["Person","Organization"],"@id":"https:\/\/www.galiciamaxica.eu\/mini\/#\/schema\/person\/2b284fe2fd911000a48d2e8936300179","name":"seseixa","image":{"@type":"ImageObject","inLanguage":"es","@id":"https:\/\/www.galiciamaxica.eu\/mini\/#\/schema\/person\/image\/","url":"https:\/\/www.galiciamaxica.eu\/mini\/wp-content\/uploads\/2019\/02\/seseixa.png","contentUrl":"https:\/\/www.galiciamaxica.eu\/mini\/wp-content\/uploads\/2019\/02\/seseixa.png","width":100,"height":100,"caption":"seseixa"},"logo":{"@id":"https:\/\/www.galiciamaxica.eu\/mini\/#\/schema\/person\/image\/"},"description":"En la actualidad combinando dos proyectos que me apasionan, Galicia y los ni\u00f1os. Tengo mucho que aportar y otro tanto que aprender, as\u00ed como, el tiempo y el coraz\u00f3n, dividido en todo momento. Soy mam\u00e1, un titulo otorgado a tiempo completo, compa\u00f1era y amiga, a todas horas, familiar y cercana, siempre. De esp\u00edritu inquieto, soy una eterna ni\u00f1a que juega en el pa\u00eds de las maravillas. Una enamorada de mi tierra, por la que trabajo sin descanso. Creo en la infancia como motor que cambiar\u00e1 el mundo a mejor y busco en mi vida la felicidad como estado permanente porque s\u00f3lo se vive una vez.","sameAs":["http:\/\/mini.galiciamaxica.eu\/","https:\/\/www.facebook.com\/maria.rodriguezserantes","https:\/\/x.com\/seseixa"],"url":"https:\/\/www.galiciamaxica.eu\/mini\/author\/seseixa\/"}]}},"amp_enabled":true,"post_mailing_queue_ids":[],"_links":{"self":[{"href":"https:\/\/www.galiciamaxica.eu\/mini\/wp-json\/wp\/v2\/posts\/20695"}],"collection":[{"href":"https:\/\/www.galiciamaxica.eu\/mini\/wp-json\/wp\/v2\/posts"}],"about":[{"href":"https:\/\/www.galiciamaxica.eu\/mini\/wp-json\/wp\/v2\/types\/post"}],"author":[{"embeddable":true,"href":"https:\/\/www.galiciamaxica.eu\/mini\/wp-json\/wp\/v2\/users\/1"}],"replies":[{"embeddable":true,"href":"https:\/\/www.galiciamaxica.eu\/mini\/wp-json\/wp\/v2\/comments?post=20695"}],"version-history":[{"count":1,"href":"https:\/\/www.galiciamaxica.eu\/mini\/wp-json\/wp\/v2\/posts\/20695\/revisions"}],"predecessor-version":[{"id":20713,"href":"https:\/\/www.galiciamaxica.eu\/mini\/wp-json\/wp\/v2\/posts\/20695\/revisions\/20713"}],"wp:featuredmedia":[{"embeddable":true,"href":"https:\/\/www.galiciamaxica.eu\/mini\/wp-json\/wp\/v2\/media\/20712"}],"wp:attachment":[{"href":"https:\/\/www.galiciamaxica.eu\/mini\/wp-json\/wp\/v2\/media?parent=20695"}],"wp:term":[{"taxonomy":"category","embeddable":true,"href":"https:\/\/www.galiciamaxica.eu\/mini\/wp-json\/wp\/v2\/categories?post=20695"},{"taxonomy":"post_tag","embeddable":true,"href":"https:\/\/www.galiciamaxica.eu\/mini\/wp-json\/wp\/v2\/tags?post=20695"}],"curies":[{"name":"wp","href":"https:\/\/api.w.org\/{rel}","templated":true}]}}