{"id":20604,"date":"2022-11-04T12:39:16","date_gmt":"2022-11-04T11:39:16","guid":{"rendered":"https:\/\/www.galiciamaxica.eu\/mini\/?p=20604"},"modified":"2024-08-13T19:39:47","modified_gmt":"2024-08-13T17:39:47","slug":"fervenza-cascata-do-fojo","status":"publish","type":"post","link":"https:\/\/www.galiciamaxica.eu\/mini\/fervenza-cascata-do-fojo\/","title":{"rendered":"Fervenza &#8211; Cascata do Fojo"},"content":{"rendered":"\n<p><strong><a href=\"https:\/\/www.galiciamaxica.eu\/portugal\/distrito-viana-do-castelo\/moncao\/\">En Mon\u00e7ao <\/a><\/strong>y enfrente de Salvaterra de Mi\u00f1o, nos encontraremos con una peque\u00f1a&nbsp;<em>freguesia<\/em> portuguesa que esconde tesoros naturales impresionantes como el que os traemos a continuaci\u00f3n.<\/p>\n\n\n\n<p>Un viaje familiar a otro pa\u00eds que no debemos dejar en pendientes porque en esta \u00e9poca el lugar se pone a\u00fan m\u00e1s bonito de lo que es.<\/p>\n\n\n\n<h2 class=\"wp-block-heading\">Fervenza-Cascata do Fojo<\/h2>\n\n\n\n<h3 class=\"wp-block-heading\">Ubicaci\u00f3n<\/h3>\n\n\n\n<p>Estamos en la&nbsp;<strong>Freguesia de Lara<\/strong>, perteneciente al municipio de&nbsp;<strong>Mon\u00e7\u00e3o<\/strong> en Portugal. Las freguesias son lo que nosotros llamamos parroquias. <\/p>\n\n\n\n<p>Vamos a descubrir una ruta etnogr\u00e1fica en la que adem\u00e1s de circular por pasarelas al lado del r\u00edo, iremos visitando un bien patrimonial muy importante los molinos en la ruta tendremos unos cuantos, tambi\u00e9n tendremos miradores y terminaremos el recorrido a los pies de una belleza natural, una preciosa fervenza que os va a encantar.<\/p>\n\n\n\n<iframe src=\"https:\/\/www.google.com\/maps\/embed?pb=!1m14!1m8!1m3!1d14093.761852710082!2d-8.528328389032273!3d42.04642989438315!3m2!1i1024!2i768!4f13.1!3m3!1m2!1s0x0%3A0xc16e9f937aaad82!2sCascata%20do%20Fojo!5e0!3m2!1ses!2ses!4v1667556385494!5m2!1ses!2ses\" width=\"600\" height=\"450\" style=\"border:0;\" allowfullscreen=\"\" loading=\"lazy\" referrerpolicy=\"no-referrer-when-downgrade\"><\/iframe>\n\n\n\n<h3 class=\"wp-block-heading\">Ruta <\/h3>\n\n\n\n<h4 class=\"wp-block-heading\">Aparcamiento, el punto de inicio<\/h4>\n\n\n\n<p>Iniciaremos la ruta en un amplio aparcamiento, al lado de la presa que surt\u00eda agua a los molinos. Ya este rinconcito nos dar\u00e1 una visi\u00f3n de lo importante que era tener agua cerca, los molinos hidr\u00e1ulicos funcionaban gracias a ella.<\/p>\n\n\n\n<h5 class=\"wp-block-heading\"><strong>Antes de que se me olvide. <\/strong><\/h5>\n\n\n\n<p>En el lugar dispones de papeleras, as\u00ed que recuerda que a los lugares se va siempre de puntillas, y dej\u00e1ndolos mejor de c\u00f3mo los encontramos.<\/p>\n\n\n\n<figure class=\"wp-block-image aligncenter size-large\"><a href=\"https:\/\/www.galiciamaxica.eu\/mini\/wp-content\/uploads\/2022\/11\/cascata-do-Fojo-1.jpg\"><img fetchpriority=\"high\" decoding=\"async\" width=\"768\" height=\"1024\" src=\"https:\/\/www.galiciamaxica.eu\/mini\/wp-content\/uploads\/2022\/11\/cascata-do-Fojo-1-768x1024.jpg\" alt=\"aparcamiento\" class=\"wp-image-20611\" srcset=\"https:\/\/www.galiciamaxica.eu\/mini\/wp-content\/uploads\/2022\/11\/cascata-do-Fojo-1-768x1024.jpg 768w, https:\/\/www.galiciamaxica.eu\/mini\/wp-content\/uploads\/2022\/11\/cascata-do-Fojo-1-225x300.jpg 225w, https:\/\/www.galiciamaxica.eu\/mini\/wp-content\/uploads\/2022\/11\/cascata-do-Fojo-1.jpg 900w\" sizes=\"(max-width: 768px) 100vw, 768px\" \/><\/a><\/figure>\n\n\n\n<p>Justo al lado del aparcamiento, te encontrar\u00e1s antes de empezar la ruta con uno de los primeros molinos, en total ser\u00e1n 6. <\/p>\n\n\n\n<h4 class=\"wp-block-heading\">Moinho do Cruzeiro<\/h4>\n\n\n\n<figure class=\"wp-block-image aligncenter size-large\"><a href=\"https:\/\/www.galiciamaxica.eu\/mini\/wp-content\/uploads\/2022\/11\/cascata-do-Fojo-3.jpg\"><img decoding=\"async\" width=\"768\" height=\"1024\" src=\"https:\/\/www.galiciamaxica.eu\/mini\/wp-content\/uploads\/2022\/11\/cascata-do-Fojo-3-768x1024.jpg\" alt=\"cascata do Fojo\" class=\"wp-image-20608\" srcset=\"https:\/\/www.galiciamaxica.eu\/mini\/wp-content\/uploads\/2022\/11\/cascata-do-Fojo-3-768x1024.jpg 768w, https:\/\/www.galiciamaxica.eu\/mini\/wp-content\/uploads\/2022\/11\/cascata-do-Fojo-3-225x300.jpg 225w, https:\/\/www.galiciamaxica.eu\/mini\/wp-content\/uploads\/2022\/11\/cascata-do-Fojo-3.jpg 900w\" sizes=\"(max-width: 768px) 100vw, 768px\" \/><\/a><\/figure>\n\n\n\n<p>Justo al lado del molino nos encontramos una construcci\u00f3n popular a d\u00eda de hoy cubierta y de gran importancia antes para todas las aldeas. Adem\u00e1s de para hacer las tareas propias eran puntos de encuentro y de tertulia para los vecinos del lugar. <\/p>\n\n\n\n<p class=\"has-text-align-center\"><strong>\u00bfSabr\u00e1n los ni\u00f1os como se llama?<\/strong><\/p>\n\n\n\n<figure class=\"wp-block-image aligncenter size-large\"><a href=\"https:\/\/www.galiciamaxica.eu\/mini\/wp-content\/uploads\/2022\/11\/IMG_20221023_160537.jpg\"><img decoding=\"async\" width=\"768\" height=\"1024\" src=\"https:\/\/www.galiciamaxica.eu\/mini\/wp-content\/uploads\/2022\/11\/IMG_20221023_160537-768x1024.jpg\" alt=\"Lavadero\" class=\"wp-image-20615\" srcset=\"https:\/\/www.galiciamaxica.eu\/mini\/wp-content\/uploads\/2022\/11\/IMG_20221023_160537-768x1024.jpg 768w, https:\/\/www.galiciamaxica.eu\/mini\/wp-content\/uploads\/2022\/11\/IMG_20221023_160537-225x300.jpg 225w, https:\/\/www.galiciamaxica.eu\/mini\/wp-content\/uploads\/2022\/11\/IMG_20221023_160537.jpg 900w\" sizes=\"(max-width: 768px) 100vw, 768px\" \/><\/a><\/figure>\n\n\n\n<h4 class=\"wp-block-heading\">Lavadero p\u00fablico <\/h4>\n\n\n\n<p>Se llama<strong> lavadero<\/strong> y es aqu\u00ed donde la gente antes lavaba la ropa. Por decirlo de alguna manera eras las lavadoras antiguas \u00bfOs imagin\u00e1is lo duro que deb\u00eda ser lavar en invierno la ropa o cuando llov\u00eda? Recuerda as\u00ed lavaban la ropa tus antepasados.<\/p>\n\n\n\n<h4 class=\"wp-block-heading\">Paneles informativos<\/h4>\n\n\n\n<p>Recomiendo leer los paneles informativos siempre ellos te van a dar una idea de lo que te vas a encontrar.<\/p>\n\n\n\n<p>Los paneles informativos suelen explicarte que es lo que vamos a visitar y lo rese\u00f1able del sitio, os invito a intentar traducir este panel en Portugu\u00e9s con los ni\u00f1os, aprenderemos palabras nuevas como <strong>Trilho <\/strong>que en Portugal hace referencia a un sendero o camino.<\/p>\n\n\n\n<figure class=\"wp-block-image aligncenter size-large\"><a href=\"https:\/\/www.galiciamaxica.eu\/mini\/wp-content\/uploads\/2022\/11\/IMG_20221023_160616.jpg\"><img loading=\"lazy\" decoding=\"async\" width=\"768\" height=\"1024\" src=\"https:\/\/www.galiciamaxica.eu\/mini\/wp-content\/uploads\/2022\/11\/IMG_20221023_160616-768x1024.jpg\" alt=\"\" class=\"wp-image-20613\" srcset=\"https:\/\/www.galiciamaxica.eu\/mini\/wp-content\/uploads\/2022\/11\/IMG_20221023_160616-768x1024.jpg 768w, https:\/\/www.galiciamaxica.eu\/mini\/wp-content\/uploads\/2022\/11\/IMG_20221023_160616-225x300.jpg 225w, https:\/\/www.galiciamaxica.eu\/mini\/wp-content\/uploads\/2022\/11\/IMG_20221023_160616.jpg 900w\" sizes=\"(max-width: 768px) 100vw, 768px\" \/><\/a><\/figure>\n\n\n\n<p>En otro panel se nos indica que la ruta tiene casi 8 kil\u00f3metros en total y tambi\u00e9n nos va indicando los puntos de inter\u00e9s, as\u00ed como el desnivel que existe en ella, es decir el esfuerzo que vamos a realizar al hacerla.<\/p>\n\n\n\n<h5 class=\"wp-block-heading\">Reto- Interpretar se\u00f1ales-Contar molinos y recordar sus nombres<\/h5>\n\n\n\n<p>Nos fijamos bien en los paneles y despejamos sus dudas, recuerda que un viaje debe ser siempre lo m\u00e1s enriquecedor posible.<\/p>\n\n\n\n<figure class=\"wp-block-image aligncenter size-large\"><a href=\"https:\/\/www.galiciamaxica.eu\/mini\/wp-content\/uploads\/2022\/11\/fojo.jpg\"><img loading=\"lazy\" decoding=\"async\" width=\"1024\" height=\"768\" src=\"https:\/\/www.galiciamaxica.eu\/mini\/wp-content\/uploads\/2022\/11\/fojo-1024x768.jpg\" alt=\"cascata do fojo panel informativo\" class=\"wp-image-20612\" srcset=\"https:\/\/www.galiciamaxica.eu\/mini\/wp-content\/uploads\/2022\/11\/fojo-1024x768.jpg 1024w, https:\/\/www.galiciamaxica.eu\/mini\/wp-content\/uploads\/2022\/11\/fojo-300x225.jpg 300w, https:\/\/www.galiciamaxica.eu\/mini\/wp-content\/uploads\/2022\/11\/fojo-768x576.jpg 768w, https:\/\/www.galiciamaxica.eu\/mini\/wp-content\/uploads\/2022\/11\/fojo.jpg 1600w\" sizes=\"(max-width: 1024px) 100vw, 1024px\" \/><\/a><\/figure>\n\n\n\n<p>En el panel tambi\u00e9n nos indican c\u00f3mo interpretar las se\u00f1ales, aunque estamos en Portugal estas se\u00f1ales podr\u00edamos decir que con algunas variantes son universales, es decir que si nos encontramos durante alguno de nuestros recorridos con alguna se\u00f1al en forma de \u00abX\u00bb significa camino equivocado o no vas buen camino por aqu\u00ed.<\/p>\n\n\n\n<figure class=\"wp-block-image aligncenter size-large\"><a href=\"https:\/\/www.galiciamaxica.eu\/mini\/wp-content\/uploads\/2022\/11\/IMG_20221023_160513.jpg\"><img loading=\"lazy\" decoding=\"async\" width=\"768\" height=\"1024\" src=\"https:\/\/www.galiciamaxica.eu\/mini\/wp-content\/uploads\/2022\/11\/IMG_20221023_160513-768x1024.jpg\" alt=\"inicio de ruta\" class=\"wp-image-20614\" srcset=\"https:\/\/www.galiciamaxica.eu\/mini\/wp-content\/uploads\/2022\/11\/IMG_20221023_160513-768x1024.jpg 768w, https:\/\/www.galiciamaxica.eu\/mini\/wp-content\/uploads\/2022\/11\/IMG_20221023_160513-225x300.jpg 225w, https:\/\/www.galiciamaxica.eu\/mini\/wp-content\/uploads\/2022\/11\/IMG_20221023_160513.jpg 900w\" sizes=\"(max-width: 768px) 100vw, 768px\" \/><\/a><\/figure>\n\n\n\n<p>Comenzamos la ruta y vamos contemplando como el r\u00edo es conducido hacia los molinos por un canal.  <\/p>\n\n\n\n<h4 class=\"wp-block-heading\">Parada lecci\u00f3n<\/h4>\n\n\n\n<p>Hacemos nuestra primera parada lecci\u00f3n en \u00e9l, aqu\u00ed vamos a recordar todo sobre los <strong><a href=\"https:\/\/www.galiciamaxica.eu\/blog\/molinos\/\">molinos<\/a><\/strong>&nbsp;hidr\u00e1ulicos de Galicia. Y la repasaremos cada vez que encontremos otro molino.<\/p>\n\n\n\n<figure class=\"wp-block-image aligncenter size-large\"><a href=\"https:\/\/www.galiciamaxica.eu\/mini\/wp-content\/uploads\/2022\/11\/IMG_20221023_160716.jpg\"><img loading=\"lazy\" decoding=\"async\" width=\"768\" height=\"1024\" src=\"https:\/\/www.galiciamaxica.eu\/mini\/wp-content\/uploads\/2022\/11\/IMG_20221023_160716-768x1024.jpg\" alt=\"\" class=\"wp-image-20616\" srcset=\"https:\/\/www.galiciamaxica.eu\/mini\/wp-content\/uploads\/2022\/11\/IMG_20221023_160716-768x1024.jpg 768w, https:\/\/www.galiciamaxica.eu\/mini\/wp-content\/uploads\/2022\/11\/IMG_20221023_160716-225x300.jpg 225w, https:\/\/www.galiciamaxica.eu\/mini\/wp-content\/uploads\/2022\/11\/IMG_20221023_160716.jpg 900w\" sizes=\"(max-width: 768px) 100vw, 768px\" \/><\/a><\/figure>\n\n\n\n<p>F\u00edjate bien como beb\u00eda del r\u00edo este molino en Galicia lo llamamos <strong>mu\u00ed\u00f1o de canle<\/strong>. Si os apetece os dejo una entrada de <strong><a href=\"http:\/\/trasnosmaxicos.blogspot.com\/search\/label\/molino\">Trasnos M\u00e1xicos sobre molinos<\/a><\/strong> para descubrir con los ni\u00f1os todo lo que deben saber.  <\/p>\n\n\n\n<figure class=\"wp-block-image aligncenter size-large\"><a href=\"https:\/\/www.galiciamaxica.eu\/mini\/wp-content\/uploads\/2022\/11\/IMG_20221023_160742.jpg\"><img loading=\"lazy\" decoding=\"async\" width=\"769\" height=\"1024\" src=\"https:\/\/www.galiciamaxica.eu\/mini\/wp-content\/uploads\/2022\/11\/IMG_20221023_160742-769x1024.jpg\" alt=\"cascata do fojo\" class=\"wp-image-20618\" srcset=\"https:\/\/www.galiciamaxica.eu\/mini\/wp-content\/uploads\/2022\/11\/IMG_20221023_160742-769x1024.jpg 769w, https:\/\/www.galiciamaxica.eu\/mini\/wp-content\/uploads\/2022\/11\/IMG_20221023_160742-225x300.jpg 225w, https:\/\/www.galiciamaxica.eu\/mini\/wp-content\/uploads\/2022\/11\/IMG_20221023_160742-768x1023.jpg 768w, https:\/\/www.galiciamaxica.eu\/mini\/wp-content\/uploads\/2022\/11\/IMG_20221023_160742.jpg 901w\" sizes=\"(max-width: 769px) 100vw, 769px\" \/><\/a><\/figure>\n\n\n\n<p>Seguimos de ruta por las pasarelas aqu\u00ed en Portugal se llaman Passadi\u00e7os, en este lugar cobra notar\u00e1s como a cada paso la naturaleza es la estrella.<\/p>\n\n\n\n<figure class=\"wp-block-image size-large\"><a href=\"https:\/\/www.galiciamaxica.eu\/mini\/wp-content\/uploads\/2022\/11\/IMG_20221023_160853-1.jpg\"><img loading=\"lazy\" decoding=\"async\" width=\"768\" height=\"1024\" src=\"https:\/\/www.galiciamaxica.eu\/mini\/wp-content\/uploads\/2022\/11\/IMG_20221023_160853-1-768x1024.jpg\" alt=\"cascata do fojo\" class=\"wp-image-20624\" srcset=\"https:\/\/www.galiciamaxica.eu\/mini\/wp-content\/uploads\/2022\/11\/IMG_20221023_160853-1-768x1024.jpg 768w, https:\/\/www.galiciamaxica.eu\/mini\/wp-content\/uploads\/2022\/11\/IMG_20221023_160853-1-225x300.jpg 225w, https:\/\/www.galiciamaxica.eu\/mini\/wp-content\/uploads\/2022\/11\/IMG_20221023_160853-1.jpg 900w\" sizes=\"(max-width: 768px) 100vw, 768px\" \/><\/a><\/figure>\n\n\n\n<p>Su importancia es vital por lo que contemplar\u00e1s como son los \u00e1rboles los que mandan en el recorrido y si est\u00e1n, cambian la forma de la pasarela.<\/p>\n\n\n\n<figure class=\"wp-block-image aligncenter size-large\"><a href=\"https:\/\/www.galiciamaxica.eu\/mini\/wp-content\/uploads\/2022\/11\/IMG_20221023_161027.jpg\"><img loading=\"lazy\" decoding=\"async\" width=\"768\" height=\"1024\" src=\"https:\/\/www.galiciamaxica.eu\/mini\/wp-content\/uploads\/2022\/11\/IMG_20221023_161027-768x1024.jpg\" alt=\"cascata do Fojo\" class=\"wp-image-20620\" srcset=\"https:\/\/www.galiciamaxica.eu\/mini\/wp-content\/uploads\/2022\/11\/IMG_20221023_161027-768x1024.jpg 768w, https:\/\/www.galiciamaxica.eu\/mini\/wp-content\/uploads\/2022\/11\/IMG_20221023_161027-225x300.jpg 225w, https:\/\/www.galiciamaxica.eu\/mini\/wp-content\/uploads\/2022\/11\/IMG_20221023_161027.jpg 900w\" sizes=\"(max-width: 768px) 100vw, 768px\" \/><\/a><\/figure>\n\n\n\n<p>Una ruta divertida y muy f\u00e1cil de hacer, la que os estoy compartiendo finaliza en la cascata pero recuerda que son casi 8 kil\u00f3metros de ruta, si os apetece pod\u00e9is continuarla.<\/p>\n\n\n\n<figure class=\"wp-block-image size-large\"><a href=\"https:\/\/www.galiciamaxica.eu\/mini\/wp-content\/uploads\/2022\/11\/IMG_20221023_161309.jpg\"><img loading=\"lazy\" decoding=\"async\" width=\"768\" height=\"1024\" src=\"https:\/\/www.galiciamaxica.eu\/mini\/wp-content\/uploads\/2022\/11\/IMG_20221023_161309-768x1024.jpg\" alt=\"pasarelas\" class=\"wp-image-20629\" srcset=\"https:\/\/www.galiciamaxica.eu\/mini\/wp-content\/uploads\/2022\/11\/IMG_20221023_161309-768x1024.jpg 768w, https:\/\/www.galiciamaxica.eu\/mini\/wp-content\/uploads\/2022\/11\/IMG_20221023_161309-225x300.jpg 225w, https:\/\/www.galiciamaxica.eu\/mini\/wp-content\/uploads\/2022\/11\/IMG_20221023_161309.jpg 900w\" sizes=\"(max-width: 768px) 100vw, 768px\" \/><\/a><\/figure>\n\n\n\n<p>Por momentos parecen ser interminables las pasarelas con sus zig-zag y su mimetismo natural, a los ni\u00f1os les van a encantar.<\/p>\n\n\n\n\n\n<p>Pasamos de pasarelas a sendero precioso, antes hemos disfrutado de un recorrido precioso comentaros que en tramo de las pasarelas hay escaleras, por lo que no es un recorrido apto para los carritos.<\/p>\n\n\n\n<figure class=\"wp-block-image aligncenter size-large\"><a href=\"https:\/\/www.galiciamaxica.eu\/mini\/wp-content\/uploads\/2022\/11\/IMG_20221023_161159.jpg\"><img loading=\"lazy\" decoding=\"async\" width=\"768\" height=\"1024\" src=\"https:\/\/www.galiciamaxica.eu\/mini\/wp-content\/uploads\/2022\/11\/IMG_20221023_161159-768x1024.jpg\" alt=\"pasarelas escalones\" class=\"wp-image-20632\" srcset=\"https:\/\/www.galiciamaxica.eu\/mini\/wp-content\/uploads\/2022\/11\/IMG_20221023_161159-768x1024.jpg 768w, https:\/\/www.galiciamaxica.eu\/mini\/wp-content\/uploads\/2022\/11\/IMG_20221023_161159-225x300.jpg 225w, https:\/\/www.galiciamaxica.eu\/mini\/wp-content\/uploads\/2022\/11\/IMG_20221023_161159.jpg 900w\" sizes=\"(max-width: 768px) 100vw, 768px\" \/><\/a><\/figure>\n\n\n\n<h4 class=\"wp-block-heading\">Miradores<\/h4>\n\n\n\n<p>Justo antes de llegar a la fervenza nos pararemos a disfrutar con las vistas porque encontraremos varios miradores.<\/p>\n\n\n\n<figure class=\"wp-block-image aligncenter size-large\"><a href=\"https:\/\/www.galiciamaxica.eu\/mini\/wp-content\/uploads\/2022\/11\/IMG_20221023_161224.jpg\"><img loading=\"lazy\" decoding=\"async\" width=\"768\" height=\"1024\" src=\"https:\/\/www.galiciamaxica.eu\/mini\/wp-content\/uploads\/2022\/11\/IMG_20221023_161224-768x1024.jpg\" alt=\"Mirador cascatas de fojo\" class=\"wp-image-20631\" srcset=\"https:\/\/www.galiciamaxica.eu\/mini\/wp-content\/uploads\/2022\/11\/IMG_20221023_161224-768x1024.jpg 768w, https:\/\/www.galiciamaxica.eu\/mini\/wp-content\/uploads\/2022\/11\/IMG_20221023_161224-225x300.jpg 225w, https:\/\/www.galiciamaxica.eu\/mini\/wp-content\/uploads\/2022\/11\/IMG_20221023_161224.jpg 900w\" sizes=\"(max-width: 768px) 100vw, 768px\" \/><\/a><\/figure>\n\n\n\n<p>Nos encontramos con tres miradores desde los que contemplaremos la belleza de este rinc\u00f3n m\u00e1gico.<\/p>\n\n\n\n\n\n<p>En el \u00faltimo de ellos contemplaremos la fervenza a vista de p\u00e1jaro aunque lo mejor est\u00e1 por llegar porque la fervenza es fascinante.<\/p>\n\n\n\n<figure class=\"wp-block-image size-large\"><a href=\"https:\/\/www.galiciamaxica.eu\/mini\/wp-content\/uploads\/2022\/11\/IMG_20221023_161607.jpg\"><img loading=\"lazy\" decoding=\"async\" width=\"769\" height=\"1024\" src=\"https:\/\/www.galiciamaxica.eu\/mini\/wp-content\/uploads\/2022\/11\/IMG_20221023_161607-769x1024.jpg\" alt=\"mirador\" class=\"wp-image-20630\" srcset=\"https:\/\/www.galiciamaxica.eu\/mini\/wp-content\/uploads\/2022\/11\/IMG_20221023_161607-769x1024.jpg 769w, https:\/\/www.galiciamaxica.eu\/mini\/wp-content\/uploads\/2022\/11\/IMG_20221023_161607-225x300.jpg 225w, https:\/\/www.galiciamaxica.eu\/mini\/wp-content\/uploads\/2022\/11\/IMG_20221023_161607-768x1023.jpg 768w, https:\/\/www.galiciamaxica.eu\/mini\/wp-content\/uploads\/2022\/11\/IMG_20221023_161607.jpg 901w\" sizes=\"(max-width: 769px) 100vw, 769px\" \/><\/a><\/figure>\n\n\n\n<p>Un camino empedrado de gran belleza que  nos llevar\u00e1 a los pies de la maravillosa cascata do Fojo.<\/p>\n\n\n\n<figure class=\"wp-block-image size-large\"><a href=\"https:\/\/www.galiciamaxica.eu\/mini\/wp-content\/uploads\/2022\/11\/IMG_20221023_162246-scaled.jpg\"><img loading=\"lazy\" decoding=\"async\" width=\"768\" height=\"1024\" src=\"https:\/\/www.galiciamaxica.eu\/mini\/wp-content\/uploads\/2022\/11\/IMG_20221023_162246-768x1024.jpg\" alt=\"\" class=\"wp-image-20625\" srcset=\"https:\/\/www.galiciamaxica.eu\/mini\/wp-content\/uploads\/2022\/11\/IMG_20221023_162246-768x1024.jpg 768w, https:\/\/www.galiciamaxica.eu\/mini\/wp-content\/uploads\/2022\/11\/IMG_20221023_162246-225x300.jpg 225w\" sizes=\"(max-width: 768px) 100vw, 768px\" \/><\/a><\/figure>\n\n\n\n<h4 class=\"wp-block-heading\">Banco<\/h4>\n\n\n\n<p>El \u00fanico banco del recorrido est\u00e1 justo aqu\u00ed para que la contemples sin prisas.<\/p>\n\n\n\n<figure class=\"wp-block-image aligncenter size-large\"><a href=\"https:\/\/www.galiciamaxica.eu\/mini\/wp-content\/uploads\/2022\/11\/IMG_20221023_162121-scaled.jpg\"><img loading=\"lazy\" decoding=\"async\" width=\"769\" height=\"1024\" src=\"https:\/\/www.galiciamaxica.eu\/mini\/wp-content\/uploads\/2022\/11\/IMG_20221023_162121-769x1024.jpg\" alt=\"banco fojo\" class=\"wp-image-20626\" srcset=\"https:\/\/www.galiciamaxica.eu\/mini\/wp-content\/uploads\/2022\/11\/IMG_20221023_162121-769x1024.jpg 769w, https:\/\/www.galiciamaxica.eu\/mini\/wp-content\/uploads\/2022\/11\/IMG_20221023_162121-225x300.jpg 225w, https:\/\/www.galiciamaxica.eu\/mini\/wp-content\/uploads\/2022\/11\/IMG_20221023_162121-768x1022.jpg 768w\" sizes=\"(max-width: 769px) 100vw, 769px\" \/><\/a><\/figure>\n\n\n\n<h4 class=\"wp-block-heading\">Cascata do Fojo<\/h4>\n\n\n\n<p>La fervenza, o cascata en Portugu\u00e9s es de gran belleza, dir\u00edamos peque\u00f1a pero de gran belleza en su salto.<\/p>\n\n\n\n<figure class=\"wp-block-image aligncenter size-large\"><a href=\"https:\/\/www.galiciamaxica.eu\/mini\/wp-content\/uploads\/2022\/11\/IMG_20221023_161837-scaled.jpg\"><img loading=\"lazy\" decoding=\"async\" width=\"768\" height=\"1024\" src=\"https:\/\/www.galiciamaxica.eu\/mini\/wp-content\/uploads\/2022\/11\/IMG_20221023_161837-768x1024.jpg\" alt=\"cascata do Fojo\" class=\"wp-image-20628\" srcset=\"https:\/\/www.galiciamaxica.eu\/mini\/wp-content\/uploads\/2022\/11\/IMG_20221023_161837-768x1024.jpg 768w, https:\/\/www.galiciamaxica.eu\/mini\/wp-content\/uploads\/2022\/11\/IMG_20221023_161837-225x300.jpg 225w\" sizes=\"(max-width: 768px) 100vw, 768px\" \/><\/a><\/figure>\n\n\n\n<p>Aqu\u00ed termina esta peque\u00f1a ruta de ida y vuelta compartida que tiene menos de 1 kil\u00f3metro y es de gran belleza.<\/p>\n\n\n\n<h2 class=\"wp-block-heading\">Rutas recomendadas<\/h2>\n\n\n\n<h3 class=\"wp-block-heading\">Ruta circular de 6 Kil\u00f3metros<\/h3>\n\n\n\n<iframe frameborder=\"0\" scrolling=\"no\" src=\"https:\/\/es.wikiloc.com\/wikiloc\/spatialArtifacts.do?event=view&amp;id=79044814&amp;measures=off&amp;title=off&amp;near=off&amp;images=off&amp;maptype=H\" width=\"500\" height=\"400\"><\/iframe><div style=\"color:#777;font-size:11px;line-height:16px;\">Powered by <a style=\"color:#06d;font-size:11px;line-height:16px;\" target=\"_blank\" href=\"https:\/\/es.wikiloc.com\" rel=\"noopener\">Wikiloc<\/a><\/div>\n\n\n\n<h3 class=\"wp-block-heading\">Ruta circular de 12 kil\u00f3metros sin pasar por carreteras<\/h3>\n\n\n\n<iframe frameborder=\"0\" scrolling=\"no\" src=\"https:\/\/es.wikiloc.com\/wikiloc\/spatialArtifacts.do?event=view&amp;id=105217664&amp;measures=off&amp;title=off&amp;near=off&amp;images=off&amp;maptype=H\" width=\"500\" height=\"400\"><\/iframe><div style=\"color:#777;font-size:11px;line-height:16px;\">Powered by <a style=\"color:#06d;font-size:11px;line-height:16px;\" target=\"_blank\" href=\"https:\/\/es.wikiloc.com\" rel=\"noopener\">Wikiloc<\/a><\/div>\n\n\n\n<h2 class=\"wp-block-heading\">Qu\u00e9 visitar en Mon\u00e7\u00e3o<\/h2>\n\n\n\n<figure class=\"wp-block-embed is-type-wp-embed is-provider-galicia-con-ninos-galicia-maxica wp-block-embed-galicia-con-ninos-galicia-maxica\">\n<blockquote class=\"wp-embedded-content\" data-secret=\"P4JC6ijxjo\"><a href=\"https:\/\/www.galiciamaxica.eu\/mini\/castillo-y-capilla-de-a-pena-da-rainha-en-moncao\/\">Castillo y capilla de A Pena da Rainha en Mon\u00e7\u00e3o<\/a><\/blockquote><iframe class=\"wp-embedded-content\" sandbox=\"allow-scripts\" security=\"restricted\" style=\"position: absolute; visibility: hidden;\" title=\"\u00abCastillo y capilla de A Pena da Rainha en Mon\u00e7\u00e3o\u00bb \u2014 Galicia con ni\u00f1os | GALICIA M\u00c1XICA\" src=\"https:\/\/www.galiciamaxica.eu\/mini\/castillo-y-capilla-de-a-pena-da-rainha-en-moncao\/embed\/#?secret=2vngrpgfnz#?secret=P4JC6ijxjo\" data-secret=\"P4JC6ijxjo\" width=\"500\" height=\"282\" frameborder=\"0\" marginwidth=\"0\" marginheight=\"0\" scrolling=\"no\"><\/iframe>\n<\/figure>\n\n\n\n<figure class=\"wp-block-embed is-type-wp-embed is-provider-galicia-con-ninos-galicia-maxica wp-block-embed-galicia-con-ninos-galicia-maxica\">\n<blockquote class=\"wp-embedded-content\" data-secret=\"Wsi31NevaM\"><a href=\"https:\/\/www.galiciamaxica.eu\/mini\/las-caldas-moncao-portugal-maxico\/\">Las Caldas en Mon\u00e7\u00e3o &#8211; Portugal M\u00e1xico<\/a><\/blockquote><iframe class=\"wp-embedded-content\" sandbox=\"allow-scripts\" security=\"restricted\" style=\"position: absolute; visibility: hidden;\" title=\"\u00abLas Caldas en Mon\u00e7\u00e3o &#8211; Portugal M\u00e1xico\u00bb \u2014 Galicia con ni\u00f1os | GALICIA M\u00c1XICA\" src=\"https:\/\/www.galiciamaxica.eu\/mini\/las-caldas-moncao-portugal-maxico\/embed\/#?secret=FNtcFwWXpS#?secret=Wsi31NevaM\" data-secret=\"Wsi31NevaM\" width=\"500\" height=\"282\" frameborder=\"0\" marginwidth=\"0\" marginheight=\"0\" scrolling=\"no\"><\/iframe>\n<\/figure>\n\n\n\n<figure class=\"wp-block-embed is-type-wp-embed is-provider-galicia-con-ninos-galicia-maxica wp-block-embed-galicia-con-ninos-galicia-maxica\">\n<blockquote class=\"wp-embedded-content\" data-secret=\"kCF1pV55wb\"><a href=\"https:\/\/www.galiciamaxica.eu\/mini\/castillo-de-boivao\/\">Castillo de Boiv\u00e3o<\/a><\/blockquote><iframe class=\"wp-embedded-content\" sandbox=\"allow-scripts\" security=\"restricted\" style=\"position: absolute; visibility: hidden;\" title=\"\u00abCastillo de Boiv\u00e3o\u00bb \u2014 Galicia con ni\u00f1os | GALICIA M\u00c1XICA\" src=\"https:\/\/www.galiciamaxica.eu\/mini\/castillo-de-boivao\/embed\/#?secret=ua0gnsrL3e#?secret=kCF1pV55wb\" data-secret=\"kCF1pV55wb\" width=\"500\" height=\"282\" frameborder=\"0\" marginwidth=\"0\" marginheight=\"0\" scrolling=\"no\"><\/iframe>\n<\/figure>\n\n\n\n<figure class=\"wp-block-embed is-type-wp-embed is-provider-galicia-con-ninos-galicia-maxica wp-block-embed-galicia-con-ninos-galicia-maxica\">\n<blockquote class=\"wp-embedded-content\" data-secret=\"2U4F5IlSbT\"><a href=\"https:\/\/www.galiciamaxica.eu\/mini\/fin-semana-moncao-portugal-maxico\/\">Fin de semana en Mon\u00e7\u00e3o- Portugal M\u00e1xico<\/a><\/blockquote><iframe class=\"wp-embedded-content\" sandbox=\"allow-scripts\" security=\"restricted\" style=\"position: absolute; visibility: hidden;\" title=\"\u00abFin de semana en Mon\u00e7\u00e3o- Portugal M\u00e1xico\u00bb \u2014 Galicia con ni\u00f1os | GALICIA M\u00c1XICA\" src=\"https:\/\/www.galiciamaxica.eu\/mini\/fin-semana-moncao-portugal-maxico\/embed\/#?secret=e8MpQEox5D#?secret=2U4F5IlSbT\" data-secret=\"2U4F5IlSbT\" width=\"500\" height=\"282\" frameborder=\"0\" marginwidth=\"0\" marginheight=\"0\" scrolling=\"no\"><\/iframe>\n<\/figure>\n","protected":false},"excerpt":{"rendered":"<p>En Mon\u00e7ao y enfrente de Salvaterra de Mi\u00f1o, nos encontraremos con una peque\u00f1a&nbsp;freguesia portuguesa que esconde tesoros naturales impresionantes como el que os traemos a continuaci\u00f3n. Un viaje familiar a otro pa\u00eds que no debemos dejar en pendientes porque en esta \u00e9poca el lugar se pone a\u00fan m\u00e1s bonito de lo que es. Fervenza-Cascata do [&hellip;]<\/p>\n","protected":false},"author":1,"featured_media":20628,"comment_status":"open","ping_status":"closed","sticky":false,"template":"","format":"standard","meta":{"_eb_attr":"","site-sidebar-layout":"default","site-content-layout":"","ast-site-content-layout":"","site-content-style":"default","site-sidebar-style":"default","ast-global-header-display":"","ast-banner-title-visibility":"","ast-main-header-display":"","ast-hfb-above-header-display":"","ast-hfb-below-header-display":"","ast-hfb-mobile-header-display":"","site-post-title":"","ast-breadcrumbs-content":"","ast-featured-img":"","footer-sml-layout":"","theme-transparent-header-meta":"","adv-header-id-meta":"","stick-header-meta":"","header-above-stick-meta":"","header-main-stick-meta":"","header-below-stick-meta":"","astra-migrate-meta-layouts":"default","ast-page-background-enabled":"default","ast-page-background-meta":{"desktop":{"background-color":"","background-image":"","background-repeat":"repeat","background-position":"center center","background-size":"auto","background-attachment":"scroll","background-type":"","background-media":"","overlay-type":"","overlay-color":"","overlay-opacity":"","overlay-gradient":""},"tablet":{"background-color":"","background-image":"","background-repeat":"repeat","background-position":"center center","background-size":"auto","background-attachment":"scroll","background-type":"","background-media":"","overlay-type":"","overlay-color":"","overlay-opacity":"","overlay-gradient":""},"mobile":{"background-color":"","background-image":"","background-repeat":"repeat","background-position":"center center","background-size":"auto","background-attachment":"scroll","background-type":"","background-media":"","overlay-type":"","overlay-color":"","overlay-opacity":"","overlay-gradient":""}},"ast-content-background-meta":{"desktop":{"background-color":"var(--ast-global-color-5)","background-image":"","background-repeat":"repeat","background-position":"center center","background-size":"auto","background-attachment":"scroll","background-type":"","background-media":"","overlay-type":"","overlay-color":"","overlay-opacity":"","overlay-gradient":""},"tablet":{"background-color":"var(--ast-global-color-5)","background-image":"","background-repeat":"repeat","background-position":"center center","background-size":"auto","background-attachment":"scroll","background-type":"","background-media":"","overlay-type":"","overlay-color":"","overlay-opacity":"","overlay-gradient":""},"mobile":{"background-color":"var(--ast-global-color-5)","background-image":"","background-repeat":"repeat","background-position":"center center","background-size":"auto","background-attachment":"scroll","background-type":"","background-media":"","overlay-type":"","overlay-color":"","overlay-opacity":"","overlay-gradient":""}},"footnotes":""},"categories":[586,768],"tags":[42],"class_list":["post-20604","post","type-post","status-publish","format-standard","has-post-thumbnail","hentry","category-portugal","category-seseixa","tag-ruta"],"yoast_head":"<!-- This site is optimized with the Yoast SEO plugin v24.9 - https:\/\/yoast.com\/wordpress\/plugins\/seo\/ -->\n<title>Fervenza - Cascata do Fojo - Galicia con ni\u00f1os | GALICIA M\u00c1XICA<\/title>\n<meta name=\"description\" content=\"Cascata do Fojo\" \/>\n<meta name=\"robots\" content=\"index, follow, max-snippet:-1, max-image-preview:large, max-video-preview:-1\" \/>\n<link rel=\"canonical\" href=\"https:\/\/www.galiciamaxica.eu\/mini\/fervenza-cascata-do-fojo\/\" \/>\n<meta property=\"og:locale\" content=\"es_ES\" \/>\n<meta property=\"og:type\" content=\"article\" \/>\n<meta property=\"og:title\" content=\"Fervenza - Cascata do Fojo - Galicia con ni\u00f1os | GALICIA M\u00c1XICA\" \/>\n<meta property=\"og:description\" content=\"Cascata do Fojo\" \/>\n<meta property=\"og:url\" content=\"https:\/\/www.galiciamaxica.eu\/mini\/fervenza-cascata-do-fojo\/\" \/>\n<meta property=\"og:site_name\" content=\"Galicia con ni\u00f1os | GALICIA M\u00c1XICA\" \/>\n<meta property=\"article:publisher\" content=\"https:\/\/www.facebook.com\/maria.rodriguezserantes\" \/>\n<meta property=\"article:author\" content=\"https:\/\/www.facebook.com\/maria.rodriguezserantes\" \/>\n<meta property=\"article:published_time\" content=\"2022-11-04T11:39:16+00:00\" \/>\n<meta property=\"article:modified_time\" content=\"2024-08-13T17:39:47+00:00\" \/>\n<meta property=\"og:image\" content=\"https:\/\/www.galiciamaxica.eu\/mini\/wp-content\/uploads\/2022\/11\/IMG_20221023_161837-768x1024.jpg\" \/>\n\t<meta property=\"og:image:width\" content=\"768\" \/>\n\t<meta property=\"og:image:height\" content=\"1024\" \/>\n\t<meta property=\"og:image:type\" content=\"image\/jpeg\" \/>\n<meta name=\"author\" content=\"seseixa\" \/>\n<meta name=\"twitter:card\" content=\"summary_large_image\" \/>\n<meta name=\"twitter:creator\" content=\"@seseixa\" \/>\n<meta name=\"twitter:site\" content=\"@seseixa\" \/>\n<meta name=\"twitter:label1\" content=\"Escrito por\" \/>\n\t<meta name=\"twitter:data1\" content=\"seseixa\" \/>\n\t<meta name=\"twitter:label2\" content=\"Tiempo de lectura\" \/>\n\t<meta name=\"twitter:data2\" content=\"8 minutos\" \/>\n<script type=\"application\/ld+json\" class=\"yoast-schema-graph\">{\"@context\":\"https:\/\/schema.org\",\"@graph\":[{\"@type\":\"Article\",\"@id\":\"https:\/\/www.galiciamaxica.eu\/mini\/fervenza-cascata-do-fojo\/#article\",\"isPartOf\":{\"@id\":\"https:\/\/www.galiciamaxica.eu\/mini\/fervenza-cascata-do-fojo\/\"},\"author\":{\"name\":\"seseixa\",\"@id\":\"https:\/\/www.galiciamaxica.eu\/mini\/#\/schema\/person\/2b284fe2fd911000a48d2e8936300179\"},\"headline\":\"Fervenza &#8211; Cascata do Fojo\",\"datePublished\":\"2022-11-04T11:39:16+00:00\",\"dateModified\":\"2024-08-13T17:39:47+00:00\",\"mainEntityOfPage\":{\"@id\":\"https:\/\/www.galiciamaxica.eu\/mini\/fervenza-cascata-do-fojo\/\"},\"wordCount\":999,\"commentCount\":0,\"publisher\":{\"@id\":\"https:\/\/www.galiciamaxica.eu\/mini\/#\/schema\/person\/2b284fe2fd911000a48d2e8936300179\"},\"image\":{\"@id\":\"https:\/\/www.galiciamaxica.eu\/mini\/fervenza-cascata-do-fojo\/#primaryimage\"},\"thumbnailUrl\":\"https:\/\/www.galiciamaxica.eu\/mini\/wp-content\/uploads\/2022\/11\/IMG_20221023_161837-scaled.jpg\",\"keywords\":[\"ruta\"],\"articleSection\":[\"PORTUGAL\",\"SESEIXA\"],\"inLanguage\":\"es\",\"potentialAction\":[{\"@type\":\"CommentAction\",\"name\":\"Comment\",\"target\":[\"https:\/\/www.galiciamaxica.eu\/mini\/fervenza-cascata-do-fojo\/#respond\"]}]},{\"@type\":\"WebPage\",\"@id\":\"https:\/\/www.galiciamaxica.eu\/mini\/fervenza-cascata-do-fojo\/\",\"url\":\"https:\/\/www.galiciamaxica.eu\/mini\/fervenza-cascata-do-fojo\/\",\"name\":\"Fervenza - Cascata do Fojo - Galicia con ni\u00f1os | GALICIA M\u00c1XICA\",\"isPartOf\":{\"@id\":\"https:\/\/www.galiciamaxica.eu\/mini\/#website\"},\"primaryImageOfPage\":{\"@id\":\"https:\/\/www.galiciamaxica.eu\/mini\/fervenza-cascata-do-fojo\/#primaryimage\"},\"image\":{\"@id\":\"https:\/\/www.galiciamaxica.eu\/mini\/fervenza-cascata-do-fojo\/#primaryimage\"},\"thumbnailUrl\":\"https:\/\/www.galiciamaxica.eu\/mini\/wp-content\/uploads\/2022\/11\/IMG_20221023_161837-scaled.jpg\",\"datePublished\":\"2022-11-04T11:39:16+00:00\",\"dateModified\":\"2024-08-13T17:39:47+00:00\",\"description\":\"Cascata do Fojo\",\"breadcrumb\":{\"@id\":\"https:\/\/www.galiciamaxica.eu\/mini\/fervenza-cascata-do-fojo\/#breadcrumb\"},\"inLanguage\":\"es\",\"potentialAction\":[{\"@type\":\"ReadAction\",\"target\":[\"https:\/\/www.galiciamaxica.eu\/mini\/fervenza-cascata-do-fojo\/\"]}]},{\"@type\":\"ImageObject\",\"inLanguage\":\"es\",\"@id\":\"https:\/\/www.galiciamaxica.eu\/mini\/fervenza-cascata-do-fojo\/#primaryimage\",\"url\":\"https:\/\/www.galiciamaxica.eu\/mini\/wp-content\/uploads\/2022\/11\/IMG_20221023_161837-scaled.jpg\",\"contentUrl\":\"https:\/\/www.galiciamaxica.eu\/mini\/wp-content\/uploads\/2022\/11\/IMG_20221023_161837-scaled.jpg\",\"width\":3000,\"height\":4000,\"caption\":\"cascata do Fojo\"},{\"@type\":\"BreadcrumbList\",\"@id\":\"https:\/\/www.galiciamaxica.eu\/mini\/fervenza-cascata-do-fojo\/#breadcrumb\",\"itemListElement\":[{\"@type\":\"ListItem\",\"position\":1,\"name\":\"Portada\",\"item\":\"https:\/\/www.galiciamaxica.eu\/mini\/\"},{\"@type\":\"ListItem\",\"position\":2,\"name\":\"Fervenza &#8211; Cascata do Fojo\"}]},{\"@type\":\"WebSite\",\"@id\":\"https:\/\/www.galiciamaxica.eu\/mini\/#website\",\"url\":\"https:\/\/www.galiciamaxica.eu\/mini\/\",\"name\":\"Galicia con ni\u00f1os | GALICIA M\u00c1XICA\",\"description\":\"Qu\u00e9 hacer con ni\u00f1os en Galicia\",\"publisher\":{\"@id\":\"https:\/\/www.galiciamaxica.eu\/mini\/#\/schema\/person\/2b284fe2fd911000a48d2e8936300179\"},\"potentialAction\":[{\"@type\":\"SearchAction\",\"target\":{\"@type\":\"EntryPoint\",\"urlTemplate\":\"https:\/\/www.galiciamaxica.eu\/mini\/?s={search_term_string}\"},\"query-input\":{\"@type\":\"PropertyValueSpecification\",\"valueRequired\":true,\"valueName\":\"search_term_string\"}}],\"inLanguage\":\"es\"},{\"@type\":[\"Person\",\"Organization\"],\"@id\":\"https:\/\/www.galiciamaxica.eu\/mini\/#\/schema\/person\/2b284fe2fd911000a48d2e8936300179\",\"name\":\"seseixa\",\"image\":{\"@type\":\"ImageObject\",\"inLanguage\":\"es\",\"@id\":\"https:\/\/www.galiciamaxica.eu\/mini\/#\/schema\/person\/image\/\",\"url\":\"https:\/\/www.galiciamaxica.eu\/mini\/wp-content\/uploads\/2019\/02\/seseixa.png\",\"contentUrl\":\"https:\/\/www.galiciamaxica.eu\/mini\/wp-content\/uploads\/2019\/02\/seseixa.png\",\"width\":100,\"height\":100,\"caption\":\"seseixa\"},\"logo\":{\"@id\":\"https:\/\/www.galiciamaxica.eu\/mini\/#\/schema\/person\/image\/\"},\"description\":\"En la actualidad combinando dos proyectos que me apasionan, Galicia y los ni\u00f1os. Tengo mucho que aportar y otro tanto que aprender, as\u00ed como, el tiempo y el coraz\u00f3n, dividido en todo momento. Soy mam\u00e1, un titulo otorgado a tiempo completo, compa\u00f1era y amiga, a todas horas, familiar y cercana, siempre. De esp\u00edritu inquieto, soy una eterna ni\u00f1a que juega en el pa\u00eds de las maravillas. Una enamorada de mi tierra, por la que trabajo sin descanso. Creo en la infancia como motor que cambiar\u00e1 el mundo a mejor y busco en mi vida la felicidad como estado permanente porque s\u00f3lo se vive una vez.\",\"sameAs\":[\"http:\/\/mini.galiciamaxica.eu\/\",\"https:\/\/www.facebook.com\/maria.rodriguezserantes\",\"https:\/\/x.com\/seseixa\"],\"url\":\"https:\/\/www.galiciamaxica.eu\/mini\/author\/seseixa\/\"}]}<\/script>\n<!-- \/ Yoast SEO plugin. -->","yoast_head_json":{"title":"Fervenza - Cascata do Fojo - Galicia con ni\u00f1os | GALICIA M\u00c1XICA","description":"Cascata do Fojo","robots":{"index":"index","follow":"follow","max-snippet":"max-snippet:-1","max-image-preview":"max-image-preview:large","max-video-preview":"max-video-preview:-1"},"canonical":"https:\/\/www.galiciamaxica.eu\/mini\/fervenza-cascata-do-fojo\/","og_locale":"es_ES","og_type":"article","og_title":"Fervenza - Cascata do Fojo - Galicia con ni\u00f1os | GALICIA M\u00c1XICA","og_description":"Cascata do Fojo","og_url":"https:\/\/www.galiciamaxica.eu\/mini\/fervenza-cascata-do-fojo\/","og_site_name":"Galicia con ni\u00f1os | GALICIA M\u00c1XICA","article_publisher":"https:\/\/www.facebook.com\/maria.rodriguezserantes","article_author":"https:\/\/www.facebook.com\/maria.rodriguezserantes","article_published_time":"2022-11-04T11:39:16+00:00","article_modified_time":"2024-08-13T17:39:47+00:00","og_image":[{"width":768,"height":1024,"url":"https:\/\/www.galiciamaxica.eu\/mini\/wp-content\/uploads\/2022\/11\/IMG_20221023_161837-768x1024.jpg","type":"image\/jpeg"}],"author":"seseixa","twitter_card":"summary_large_image","twitter_creator":"@seseixa","twitter_site":"@seseixa","twitter_misc":{"Escrito por":"seseixa","Tiempo de lectura":"8 minutos"},"schema":{"@context":"https:\/\/schema.org","@graph":[{"@type":"Article","@id":"https:\/\/www.galiciamaxica.eu\/mini\/fervenza-cascata-do-fojo\/#article","isPartOf":{"@id":"https:\/\/www.galiciamaxica.eu\/mini\/fervenza-cascata-do-fojo\/"},"author":{"name":"seseixa","@id":"https:\/\/www.galiciamaxica.eu\/mini\/#\/schema\/person\/2b284fe2fd911000a48d2e8936300179"},"headline":"Fervenza &#8211; Cascata do Fojo","datePublished":"2022-11-04T11:39:16+00:00","dateModified":"2024-08-13T17:39:47+00:00","mainEntityOfPage":{"@id":"https:\/\/www.galiciamaxica.eu\/mini\/fervenza-cascata-do-fojo\/"},"wordCount":999,"commentCount":0,"publisher":{"@id":"https:\/\/www.galiciamaxica.eu\/mini\/#\/schema\/person\/2b284fe2fd911000a48d2e8936300179"},"image":{"@id":"https:\/\/www.galiciamaxica.eu\/mini\/fervenza-cascata-do-fojo\/#primaryimage"},"thumbnailUrl":"https:\/\/www.galiciamaxica.eu\/mini\/wp-content\/uploads\/2022\/11\/IMG_20221023_161837-scaled.jpg","keywords":["ruta"],"articleSection":["PORTUGAL","SESEIXA"],"inLanguage":"es","potentialAction":[{"@type":"CommentAction","name":"Comment","target":["https:\/\/www.galiciamaxica.eu\/mini\/fervenza-cascata-do-fojo\/#respond"]}]},{"@type":"WebPage","@id":"https:\/\/www.galiciamaxica.eu\/mini\/fervenza-cascata-do-fojo\/","url":"https:\/\/www.galiciamaxica.eu\/mini\/fervenza-cascata-do-fojo\/","name":"Fervenza - Cascata do Fojo - Galicia con ni\u00f1os | GALICIA M\u00c1XICA","isPartOf":{"@id":"https:\/\/www.galiciamaxica.eu\/mini\/#website"},"primaryImageOfPage":{"@id":"https:\/\/www.galiciamaxica.eu\/mini\/fervenza-cascata-do-fojo\/#primaryimage"},"image":{"@id":"https:\/\/www.galiciamaxica.eu\/mini\/fervenza-cascata-do-fojo\/#primaryimage"},"thumbnailUrl":"https:\/\/www.galiciamaxica.eu\/mini\/wp-content\/uploads\/2022\/11\/IMG_20221023_161837-scaled.jpg","datePublished":"2022-11-04T11:39:16+00:00","dateModified":"2024-08-13T17:39:47+00:00","description":"Cascata do Fojo","breadcrumb":{"@id":"https:\/\/www.galiciamaxica.eu\/mini\/fervenza-cascata-do-fojo\/#breadcrumb"},"inLanguage":"es","potentialAction":[{"@type":"ReadAction","target":["https:\/\/www.galiciamaxica.eu\/mini\/fervenza-cascata-do-fojo\/"]}]},{"@type":"ImageObject","inLanguage":"es","@id":"https:\/\/www.galiciamaxica.eu\/mini\/fervenza-cascata-do-fojo\/#primaryimage","url":"https:\/\/www.galiciamaxica.eu\/mini\/wp-content\/uploads\/2022\/11\/IMG_20221023_161837-scaled.jpg","contentUrl":"https:\/\/www.galiciamaxica.eu\/mini\/wp-content\/uploads\/2022\/11\/IMG_20221023_161837-scaled.jpg","width":3000,"height":4000,"caption":"cascata do Fojo"},{"@type":"BreadcrumbList","@id":"https:\/\/www.galiciamaxica.eu\/mini\/fervenza-cascata-do-fojo\/#breadcrumb","itemListElement":[{"@type":"ListItem","position":1,"name":"Portada","item":"https:\/\/www.galiciamaxica.eu\/mini\/"},{"@type":"ListItem","position":2,"name":"Fervenza &#8211; Cascata do Fojo"}]},{"@type":"WebSite","@id":"https:\/\/www.galiciamaxica.eu\/mini\/#website","url":"https:\/\/www.galiciamaxica.eu\/mini\/","name":"Galicia con ni\u00f1os | GALICIA M\u00c1XICA","description":"Qu\u00e9 hacer con ni\u00f1os en Galicia","publisher":{"@id":"https:\/\/www.galiciamaxica.eu\/mini\/#\/schema\/person\/2b284fe2fd911000a48d2e8936300179"},"potentialAction":[{"@type":"SearchAction","target":{"@type":"EntryPoint","urlTemplate":"https:\/\/www.galiciamaxica.eu\/mini\/?s={search_term_string}"},"query-input":{"@type":"PropertyValueSpecification","valueRequired":true,"valueName":"search_term_string"}}],"inLanguage":"es"},{"@type":["Person","Organization"],"@id":"https:\/\/www.galiciamaxica.eu\/mini\/#\/schema\/person\/2b284fe2fd911000a48d2e8936300179","name":"seseixa","image":{"@type":"ImageObject","inLanguage":"es","@id":"https:\/\/www.galiciamaxica.eu\/mini\/#\/schema\/person\/image\/","url":"https:\/\/www.galiciamaxica.eu\/mini\/wp-content\/uploads\/2019\/02\/seseixa.png","contentUrl":"https:\/\/www.galiciamaxica.eu\/mini\/wp-content\/uploads\/2019\/02\/seseixa.png","width":100,"height":100,"caption":"seseixa"},"logo":{"@id":"https:\/\/www.galiciamaxica.eu\/mini\/#\/schema\/person\/image\/"},"description":"En la actualidad combinando dos proyectos que me apasionan, Galicia y los ni\u00f1os. Tengo mucho que aportar y otro tanto que aprender, as\u00ed como, el tiempo y el coraz\u00f3n, dividido en todo momento. Soy mam\u00e1, un titulo otorgado a tiempo completo, compa\u00f1era y amiga, a todas horas, familiar y cercana, siempre. De esp\u00edritu inquieto, soy una eterna ni\u00f1a que juega en el pa\u00eds de las maravillas. Una enamorada de mi tierra, por la que trabajo sin descanso. Creo en la infancia como motor que cambiar\u00e1 el mundo a mejor y busco en mi vida la felicidad como estado permanente porque s\u00f3lo se vive una vez.","sameAs":["http:\/\/mini.galiciamaxica.eu\/","https:\/\/www.facebook.com\/maria.rodriguezserantes","https:\/\/x.com\/seseixa"],"url":"https:\/\/www.galiciamaxica.eu\/mini\/author\/seseixa\/"}]}},"amp_enabled":true,"post_mailing_queue_ids":[],"_links":{"self":[{"href":"https:\/\/www.galiciamaxica.eu\/mini\/wp-json\/wp\/v2\/posts\/20604"}],"collection":[{"href":"https:\/\/www.galiciamaxica.eu\/mini\/wp-json\/wp\/v2\/posts"}],"about":[{"href":"https:\/\/www.galiciamaxica.eu\/mini\/wp-json\/wp\/v2\/types\/post"}],"author":[{"embeddable":true,"href":"https:\/\/www.galiciamaxica.eu\/mini\/wp-json\/wp\/v2\/users\/1"}],"replies":[{"embeddable":true,"href":"https:\/\/www.galiciamaxica.eu\/mini\/wp-json\/wp\/v2\/comments?post=20604"}],"version-history":[{"count":9,"href":"https:\/\/www.galiciamaxica.eu\/mini\/wp-json\/wp\/v2\/posts\/20604\/revisions"}],"predecessor-version":[{"id":22363,"href":"https:\/\/www.galiciamaxica.eu\/mini\/wp-json\/wp\/v2\/posts\/20604\/revisions\/22363"}],"wp:featuredmedia":[{"embeddable":true,"href":"https:\/\/www.galiciamaxica.eu\/mini\/wp-json\/wp\/v2\/media\/20628"}],"wp:attachment":[{"href":"https:\/\/www.galiciamaxica.eu\/mini\/wp-json\/wp\/v2\/media?parent=20604"}],"wp:term":[{"taxonomy":"category","embeddable":true,"href":"https:\/\/www.galiciamaxica.eu\/mini\/wp-json\/wp\/v2\/categories?post=20604"},{"taxonomy":"post_tag","embeddable":true,"href":"https:\/\/www.galiciamaxica.eu\/mini\/wp-json\/wp\/v2\/tags?post=20604"}],"curies":[{"name":"wp","href":"https:\/\/api.w.org\/{rel}","templated":true}]}}