{"id":2040,"date":"2016-02-14T23:22:48","date_gmt":"2016-02-14T23:22:48","guid":{"rendered":"http:\/\/www.galiciamaxica.eu\/mini\/?p=2040"},"modified":"2019-10-07T19:06:59","modified_gmt":"2019-10-07T17:06:59","slug":"hoy-toca-folgoso-do-courel","status":"publish","type":"post","link":"https:\/\/www.galiciamaxica.eu\/mini\/hoy-toca-folgoso-do-courel\/","title":{"rendered":"Hoy toca FOLGOSO DO COUREL"},"content":{"rendered":"<p style=\"text-align: center;\">En invierno, no aconsejamos<strong><a href=\"http:\/\/www.galiciamaxica.eu\/folgoso-do-courel\"> la visita <\/a><\/strong>a estos parajes con ni\u00f1os peque\u00f1os,<\/p>\n<p style=\"text-align: center;\">\u00a0por\u00a0causa de la nieve y de las heladas persistentes durante esta \u00e9poca del a\u00f1o.<\/p>\n<p style=\"text-align: center;\"><iframe src=\"https:\/\/www.google.com\/maps\/d\/embed?mid=zDCWI_VMYafs.kJou17aQ98Iw\" width=\"640\" height=\"480\"><\/iframe><\/p>\n<p style=\"text-align: center;\">Hoy vamos a <a href=\"http:\/\/www.galiciamaxica.eu\/lugo\">LUGO <\/a>a acercarnos a <a href=\"http:\/\/www.galiciamaxica.eu\/folgoso-do-courel\">FOLGOSO DO COUREL <\/a>un lugar que se grabar\u00e1 en Nuestras retinas y es que una vez que lo descubres, jam\u00e1s olvidar\u00e1s la tonalidad de su paisaje y ese olor a aire puro que aqu\u00ed\u00a0disfrutaremos.<\/p>\n<p><a href=\"http:\/\/www.galiciamaxica.eu\/folgoso-do-courel\"><img fetchpriority=\"high\" decoding=\"async\" class=\"aligncenter\" src=\"https:\/\/galiciamaxica.eu\/mini\/wp-content\/uploads\/2019\/10\/castrodatorre25252025252835252529.jpg\" alt=\"\" width=\"1024\" height=\"687\" \/><\/a><\/p>\n<p>Vamos\u00a0 a visitar dos miradores el de<a href=\"http:\/\/www.galiciamaxica.eu\/lugo\/miradorpineira-2\/\"> Pi\u00f1eira<\/a> y el de <a href=\"http:\/\/www.galiciamaxica.eu\/lugo\/miradormostaz\/\">Mostaz<\/a>, una mina romana conocida como<a href=\"http:\/\/www.galiciamaxica.eu\/lugo\/tarobranco-2\/\"> O Taro Branco<\/a>, un castro que se conoce como <a href=\"http:\/\/www.galiciamaxica.eu\/lugo\/castrodatorrre-2\/\">el castro da Torre de Sobredo <\/a>y un castillo, el <a href=\"http:\/\/www.galiciamaxica.eu\/lugo\/carbedo\/\">Castillo de O Carbedo<\/a>, ya v\u00e9is de todo un poco, que m\u00e1s se puede pedir\u2026 pues buena compa\u00f1\u00eda y nosotros tenemos la mejor, as\u00ed que, disfutemos.<\/p>\n<p style=\"text-align: center;\"><a href=\"http:\/\/www.galiciamaxica.eu\/folgoso-do-courel\"><img decoding=\"async\" class=\"aligncenter\" src=\"https:\/\/galiciamaxica.eu\/mini\/wp-content\/uploads\/2019\/10\/tumblr_lykoaz4SSM1rot5oro1_500.gif\" alt=\"\" width=\"500\" height=\"332\" \/><\/a><br \/>\nRecuerda que habr\u00e1 momentos en que los ni\u00f1os lleguen y ya se quieran ir, no olvides que son esp\u00edritus inquietos, despertemos su imaginaci\u00f3n, demos un empujoncito a los juegos y adornemos un d\u00eda especial valorando su gran compa\u00f1\u00eda y no despreciando su impaciencia, a todo se aprende, hasta a ser contemplativo y esto se adquiere con los a\u00f1os, no cuando los pap\u00e1s queremos. Lleva siempre un plan B en la mochila, una buena palabra en la manga y un libro, aqu\u00ed seguro le encantar\u00e1 leerlo, buen momento para sentarse y leerlo juntos o mejor porque no nos inventamos la historia de la monta\u00f1a que quer\u00eda ser m\u00e1s alta o mejor a\u00fan porque no se inventan ellos una historia. Podemos bautizar cada monta\u00f1a, buscar piedras m\u00e1gicas, flores amarillas, palos&#8230; hay tanto por descubrir. Recuerda que mientras son peque\u00f1os son f\u00e1ciles de guiar y entretener, de mayores ya es otro \ud83d\udcf1tipo de lucha \ud83c\udfae\u00a0EL\u00a0convencerles para que nos sigan ES todo UN RETO\u00a0\ud83d\ude4f<\/p>\n<p><a href=\"http:\/\/www.galiciamaxica.eu\/folgoso-do-courel\"><img decoding=\"async\" class=\"aligncenter\" src=\"https:\/\/galiciamaxica.eu\/mini\/wp-content\/uploads\/2019\/10\/Baby252520Shows252520Off252520a252520Stickman252520Light252520Costume252520That252520Her252520Dad252520Made.gif\" alt=\"\" width=\"364\" height=\"364\" \/><\/a><\/p>\n<p>Hoy nos vamos a recrear en la naturaleza pero no en la que envuelve\ud83c\udf20sino en la que arropa en sus formas nuestra esencia, monta\u00f1as que se trasforman con los colores de las estaciones, aqu\u00ed no encontrar\u00e9is m\u00e1s esculturas que las naturales, v\u00e1is a descubrir la Galicia m\u00e1s natural, no busqu\u00e9is aqu\u00ed ni tiendas, ni restaurantes, ni cines o centros comerciales\u00a0porque lo que encontrar\u00e9is aqu\u00ed es mucha paz y sobre todo, ese silencio que tanto necesitamos para escuchar nuestros corazones y esa\u00a0obra de arte al aire libre, la naturaleza, gratis y\u00a0para\u00a0todos los p\u00fablicos.<\/p>\n<figure style=\"width: 1024px\" class=\"wp-caption aligncenter\"><a href=\"http:\/\/www.galiciamaxica.eu\/lugo\/tarobranco-2\/\"><img loading=\"lazy\" decoding=\"async\" src=\"https:\/\/galiciamaxica.eu\/mini\/wp-content\/uploads\/2019\/10\/100_8707.jpg\" alt=\"\" width=\"1024\" height=\"248\" \/><\/a><figcaption class=\"wp-caption-text\"><strong><a href=\"http:\/\/www.galiciamaxica.eu\/lugo\/tarobranco-2\/\">O TARO BRANCO<\/a><\/strong><\/figcaption><\/figure>\n<p style=\"text-align: center;\">Hoy os llevo a un lugar en el que desconectar para conectar,<\/p>\n<p style=\"text-align: center;\">en el que escuchar\u00e9is\u00a0\ud83c\udfbc \u00a0los sonidos del silencio \ud83c\udfbc<\/p>\n<p style=\"text-align: center;\">y por un d\u00eda,<span style=\"line-height: 1.5;\">\u00a0alto y claro sonar\u00e1 vuestro pensamiento.<\/span><\/p>\n<p style=\"text-align: center;\">Vamos a dar rienda suelta a nuestro arte y nos vamos a traer de viaje hojas y pinturas porque las vamos a necesitar,<\/p>\n<p style=\"text-align: center;\">ser\u00e1 un d\u00eda para el recuerdo, un viaje del que traeremos emociones en papel.<\/p>\n<figure style=\"width: 512px\" class=\"wp-caption aligncenter\"><a href=\"http:\/\/www.galiciamaxica.eu\/lugo\/miradorpineira-2\/\"><img loading=\"lazy\" decoding=\"async\" class=\"\" src=\"https:\/\/galiciamaxica.eu\/mini\/wp-content\/uploads\/2019\/10\/p2525C32525ACneira25252025252811252529.jpg\" alt=\"\" width=\"512\" height=\"344\" \/><\/a><figcaption class=\"wp-caption-text\"><strong><a href=\"http:\/\/www.galiciamaxica.eu\/lugo\/miradorpineira-2\/\">MIRADOR DE PI\u00d1EIRA<\/a><\/strong><\/figcaption><\/figure>\n<figure style=\"width: 669px\" class=\"wp-caption aligncenter\"><a href=\"http:\/\/www.galiciamaxica.eu\/lugo\/miradormostaz\/\"><img loading=\"lazy\" decoding=\"async\" class=\"\" src=\"https:\/\/galiciamaxica.eu\/mini\/wp-content\/uploads\/2019\/10\/mostad12.jpg\" alt=\"\" width=\"669\" height=\"446\" \/><\/a><figcaption class=\"wp-caption-text\"><strong><a href=\"http:\/\/www.galiciamaxica.eu\/lugo\/miradormostaz\/\">MIRADOR DE MOSTAZ<\/a><\/strong><\/figcaption><\/figure>\n<p style=\"text-align: center;\">Os pido un dibujo por cada mirador, fijaros bien en los colores, ver\u00e9is como cambia el paisaje en cada uno de ellos y en las especies que en ellos viven, hasta la m\u00e1s peque\u00f1a flor aqu\u00ed es importante.<\/p>\n<figure style=\"width: 720px\" class=\"wp-caption aligncenter\"><a href=\"http:\/\/www.galiciamaxica.eu\/lugo\/castrodatorrre-2\/\"><img loading=\"lazy\" decoding=\"async\" class=\"\" src=\"https:\/\/galiciamaxica.eu\/mini\/wp-content\/uploads\/2019\/10\/castrodatorre25252025252832252529.jpg\" alt=\"\" width=\"720\" height=\"483\" \/><\/a><figcaption class=\"wp-caption-text\"><strong><a href=\"http:\/\/www.galiciamaxica.eu\/lugo\/castrodatorrre-2\/\">CASTRO DA TORRE DE SOBREDO<\/a><\/strong><\/figcaption><\/figure>\n<p style=\"text-align: center;\"><strong>Qu\u00e9\u00a0olores<\/strong>\u00a0os vienen a la mente al cerrar los ojos.<\/p>\n<p style=\"text-align: center;\"><strong>Sencillo el reto \u00bfVerdad?<\/strong><\/p>\n<p style=\"text-align: center;\">Respira, despacio y saborea ese sabor a aire limpio, sin contaminaci\u00f3n, sin otro olor que el natural.<\/p>\n<p style=\"text-align: center;\"><strong>\u00bfEchas algo de menos? No creo<\/strong><\/p>\n<p style=\"text-align: center;\">Busca una piedra porque ahora has de buscar en el suelo un espacio sin vegetaci\u00f3n y \u00a0en \u00e9l has de escribir un deseo:<\/p>\n<p style=\"text-align: center;\"><strong>\u00a0Recuerda<\/strong> <em>no puede ser nada material ni para ti.<\/em> \u00bfYa lo has hecho?\u00a0Seguro que se cumple.<\/p>\n<p style=\"text-align: center;\">y Por \u00faltimo nos vamos a conocer\u00a0una\u00a0<strong><a href=\"http:\/\/www.galiciamaxica.eu\/lugo\/carbedo\/\">Fortaleza de O Courel<\/a>\u00a0<\/strong><\/p>\n<p style=\"text-align: center;\"><strong>Recuerda<\/strong> en el mapa tienes las localizaciones e informaci\u00f3n,<\/p>\n<p style=\"text-align: center;\">la ruta la hac\u00e9is entre todos, yo s\u00f3lo os doy pistas<\/p>\n<figure style=\"width: 1024px\" class=\"wp-caption aligncenter\"><a href=\"http:\/\/www.galiciamaxica.eu\/lugo\/carbedo\/\"><img loading=\"lazy\" decoding=\"async\" class=\"\" src=\"https:\/\/galiciamaxica.eu\/mini\/wp-content\/uploads\/2019\/10\/carbedo14.jpg\" alt=\"\" width=\"1024\" height=\"683\" \/><\/a><figcaption class=\"wp-caption-text\"><strong><a href=\"http:\/\/www.galiciamaxica.eu\/lugo\/carbedo\/\">CASTILLO DE O CARBEDO<\/a><\/strong><\/figcaption><\/figure>\n<p style=\"text-align: center;\"><a href=\"http:\/\/www.galiciamaxica.eu\/lugo\/carbedo\/\"><img loading=\"lazy\" decoding=\"async\" class=\"aligncenter\" src=\"https:\/\/galiciamaxica.eu\/mini\/wp-content\/uploads\/2019\/10\/carbedo10.jpg\" alt=\"\" width=\"684\" height=\"456\" \/><\/a><\/p>\n<p style=\"text-align: center;\">S\u00ed, son las ru\u00ednas de un\u00a0castillo<\/p>\n<p style=\"text-align: center;\">\u00a0desde aqu\u00ed pediremos que<strong> alg\u00fan d\u00eda todos nuestros bienes patrimoniales <\/strong><\/p>\n<p style=\"text-align: center;\"><strong>se cuiden y protejan como se merecen.<\/strong><\/p>\n<p style=\"text-align: center;\">Pero \u00bfsab\u00e9is una cosa?, ya hemos dado\u00a0el primer paso<\/p>\n<p style=\"text-align: center;\">visit\u00e1ndolo\u00a0haremos que no muera en el olvido y entre todos lograremos<\/p>\n<p style=\"text-align: center;\">que la siguiente vez que volvamos<\/p>\n<p style=\"text-align: center;\">se cuide un poquito m\u00e1s.<\/p>\n","protected":false},"excerpt":{"rendered":"<p>En invierno, no aconsejamos la visita a estos parajes con ni\u00f1os peque\u00f1os, \u00a0por\u00a0causa de la nieve y de las heladas persistentes durante esta \u00e9poca del a\u00f1o. Hoy vamos a LUGO a acercarnos a FOLGOSO DO COUREL un lugar que se grabar\u00e1 en Nuestras retinas y es que una vez que lo descubres, jam\u00e1s olvidar\u00e1s la [&hellip;]<\/p>\n","protected":false},"author":1,"featured_media":2042,"comment_status":"open","ping_status":"open","sticky":false,"template":"","format":"standard","meta":{"_eb_attr":"","site-sidebar-layout":"default","site-content-layout":"","ast-site-content-layout":"","site-content-style":"default","site-sidebar-style":"default","ast-global-header-display":"","ast-banner-title-visibility":"","ast-main-header-display":"","ast-hfb-above-header-display":"","ast-hfb-below-header-display":"","ast-hfb-mobile-header-display":"","site-post-title":"","ast-breadcrumbs-content":"","ast-featured-img":"","footer-sml-layout":"","theme-transparent-header-meta":"","adv-header-id-meta":"","stick-header-meta":"","header-above-stick-meta":"","header-main-stick-meta":"","header-below-stick-meta":"","astra-migrate-meta-layouts":"default","ast-page-background-enabled":"default","ast-page-background-meta":{"desktop":{"background-color":"","background-image":"","background-repeat":"repeat","background-position":"center center","background-size":"auto","background-attachment":"scroll","background-type":"","background-media":"","overlay-type":"","overlay-color":"","overlay-opacity":"","overlay-gradient":""},"tablet":{"background-color":"","background-image":"","background-repeat":"repeat","background-position":"center center","background-size":"auto","background-attachment":"scroll","background-type":"","background-media":"","overlay-type":"","overlay-color":"","overlay-opacity":"","overlay-gradient":""},"mobile":{"background-color":"","background-image":"","background-repeat":"repeat","background-position":"center center","background-size":"auto","background-attachment":"scroll","background-type":"","background-media":"","overlay-type":"","overlay-color":"","overlay-opacity":"","overlay-gradient":""}},"ast-content-background-meta":{"desktop":{"background-color":"var(--ast-global-color-5)","background-image":"","background-repeat":"repeat","background-position":"center center","background-size":"auto","background-attachment":"scroll","background-type":"","background-media":"","overlay-type":"","overlay-color":"","overlay-opacity":"","overlay-gradient":""},"tablet":{"background-color":"var(--ast-global-color-5)","background-image":"","background-repeat":"repeat","background-position":"center center","background-size":"auto","background-attachment":"scroll","background-type":"","background-media":"","overlay-type":"","overlay-color":"","overlay-opacity":"","overlay-gradient":""},"mobile":{"background-color":"var(--ast-global-color-5)","background-image":"","background-repeat":"repeat","background-position":"center center","background-size":"auto","background-attachment":"scroll","background-type":"","background-media":"","overlay-type":"","overlay-color":"","overlay-opacity":"","overlay-gradient":""}},"footnotes":""},"categories":[15,50],"tags":[410,408,347,412,411,409],"class_list":["post-2040","post","type-post","status-publish","format-standard","has-post-thumbnail","hentry","category-lugares","category-lugo","tag-castillo-de-o-carbedo","tag-folgoso-do-courel","tag-miradores","tag-mostaz","tag-pineira","tag-taro-branco"],"yoast_head":"<!-- This site is optimized with the Yoast SEO plugin v24.9 - https:\/\/yoast.com\/wordpress\/plugins\/seo\/ -->\n<title>Hoy toca FOLGOSO DO COUREL - Galicia con ni\u00f1os | GALICIA M\u00c1XICA<\/title>\n<meta name=\"robots\" content=\"index, follow, max-snippet:-1, max-image-preview:large, max-video-preview:-1\" \/>\n<link rel=\"canonical\" href=\"https:\/\/www.galiciamaxica.eu\/mini\/hoy-toca-folgoso-do-courel\/\" \/>\n<meta property=\"og:locale\" content=\"es_ES\" \/>\n<meta property=\"og:type\" content=\"article\" \/>\n<meta property=\"og:title\" content=\"Hoy toca FOLGOSO DO COUREL - Galicia con ni\u00f1os | GALICIA M\u00c1XICA\" \/>\n<meta property=\"og:description\" content=\"En invierno, no aconsejamos la visita a estos parajes con ni\u00f1os peque\u00f1os, \u00a0por\u00a0causa de la nieve y de las heladas persistentes durante esta \u00e9poca del a\u00f1o. Hoy vamos a LUGO a acercarnos a FOLGOSO DO COUREL un lugar que se grabar\u00e1 en Nuestras retinas y es que una vez que lo descubres, jam\u00e1s olvidar\u00e1s la [&hellip;]\" \/>\n<meta property=\"og:url\" content=\"https:\/\/www.galiciamaxica.eu\/mini\/hoy-toca-folgoso-do-courel\/\" \/>\n<meta property=\"og:site_name\" content=\"Galicia con ni\u00f1os | GALICIA M\u00c1XICA\" \/>\n<meta property=\"article:publisher\" content=\"https:\/\/www.facebook.com\/maria.rodriguezserantes\" \/>\n<meta property=\"article:author\" content=\"https:\/\/www.facebook.com\/maria.rodriguezserantes\" \/>\n<meta property=\"article:published_time\" content=\"2016-02-14T23:22:48+00:00\" \/>\n<meta property=\"article:modified_time\" content=\"2019-10-07T17:06:59+00:00\" \/>\n<meta property=\"og:image\" content=\"https:\/\/www.galiciamaxica.eu\/mini\/wp-content\/uploads\/2016\/02\/castrodatorre-28.jpg\" \/>\n\t<meta property=\"og:image:width\" content=\"720\" \/>\n\t<meta property=\"og:image:height\" content=\"483\" \/>\n\t<meta property=\"og:image:type\" content=\"image\/jpeg\" \/>\n<meta name=\"author\" content=\"seseixa\" \/>\n<meta name=\"twitter:card\" content=\"summary_large_image\" \/>\n<meta name=\"twitter:creator\" content=\"@seseixa\" \/>\n<meta name=\"twitter:site\" content=\"@seseixa\" \/>\n<meta name=\"twitter:label1\" content=\"Escrito por\" \/>\n\t<meta name=\"twitter:data1\" content=\"seseixa\" \/>\n\t<meta name=\"twitter:label2\" content=\"Tiempo de lectura\" \/>\n\t<meta name=\"twitter:data2\" content=\"4 minutos\" \/>\n<script type=\"application\/ld+json\" class=\"yoast-schema-graph\">{\"@context\":\"https:\/\/schema.org\",\"@graph\":[{\"@type\":\"Article\",\"@id\":\"https:\/\/www.galiciamaxica.eu\/mini\/hoy-toca-folgoso-do-courel\/#article\",\"isPartOf\":{\"@id\":\"https:\/\/www.galiciamaxica.eu\/mini\/hoy-toca-folgoso-do-courel\/\"},\"author\":{\"name\":\"seseixa\",\"@id\":\"https:\/\/www.galiciamaxica.eu\/mini\/#\/schema\/person\/2b284fe2fd911000a48d2e8936300179\"},\"headline\":\"Hoy toca FOLGOSO DO COUREL\",\"datePublished\":\"2016-02-14T23:22:48+00:00\",\"dateModified\":\"2019-10-07T17:06:59+00:00\",\"mainEntityOfPage\":{\"@id\":\"https:\/\/www.galiciamaxica.eu\/mini\/hoy-toca-folgoso-do-courel\/\"},\"wordCount\":764,\"commentCount\":0,\"publisher\":{\"@id\":\"https:\/\/www.galiciamaxica.eu\/mini\/#\/schema\/person\/2b284fe2fd911000a48d2e8936300179\"},\"image\":{\"@id\":\"https:\/\/www.galiciamaxica.eu\/mini\/hoy-toca-folgoso-do-courel\/#primaryimage\"},\"thumbnailUrl\":\"https:\/\/www.galiciamaxica.eu\/mini\/wp-content\/uploads\/2016\/02\/castrodatorre-28.jpg\",\"keywords\":[\"castillo de O Carbedo\",\"Folgoso Do Courel\",\"miradores\",\"Mostaz\",\"Pi\u00f1eira\",\"Taro Branco\"],\"articleSection\":[\"LUGARES\",\"LUGO\"],\"inLanguage\":\"es\",\"potentialAction\":[{\"@type\":\"CommentAction\",\"name\":\"Comment\",\"target\":[\"https:\/\/www.galiciamaxica.eu\/mini\/hoy-toca-folgoso-do-courel\/#respond\"]}]},{\"@type\":\"WebPage\",\"@id\":\"https:\/\/www.galiciamaxica.eu\/mini\/hoy-toca-folgoso-do-courel\/\",\"url\":\"https:\/\/www.galiciamaxica.eu\/mini\/hoy-toca-folgoso-do-courel\/\",\"name\":\"Hoy toca FOLGOSO DO COUREL - Galicia con ni\u00f1os | GALICIA M\u00c1XICA\",\"isPartOf\":{\"@id\":\"https:\/\/www.galiciamaxica.eu\/mini\/#website\"},\"primaryImageOfPage\":{\"@id\":\"https:\/\/www.galiciamaxica.eu\/mini\/hoy-toca-folgoso-do-courel\/#primaryimage\"},\"image\":{\"@id\":\"https:\/\/www.galiciamaxica.eu\/mini\/hoy-toca-folgoso-do-courel\/#primaryimage\"},\"thumbnailUrl\":\"https:\/\/www.galiciamaxica.eu\/mini\/wp-content\/uploads\/2016\/02\/castrodatorre-28.jpg\",\"datePublished\":\"2016-02-14T23:22:48+00:00\",\"dateModified\":\"2019-10-07T17:06:59+00:00\",\"breadcrumb\":{\"@id\":\"https:\/\/www.galiciamaxica.eu\/mini\/hoy-toca-folgoso-do-courel\/#breadcrumb\"},\"inLanguage\":\"es\",\"potentialAction\":[{\"@type\":\"ReadAction\",\"target\":[\"https:\/\/www.galiciamaxica.eu\/mini\/hoy-toca-folgoso-do-courel\/\"]}]},{\"@type\":\"ImageObject\",\"inLanguage\":\"es\",\"@id\":\"https:\/\/www.galiciamaxica.eu\/mini\/hoy-toca-folgoso-do-courel\/#primaryimage\",\"url\":\"https:\/\/www.galiciamaxica.eu\/mini\/wp-content\/uploads\/2016\/02\/castrodatorre-28.jpg\",\"contentUrl\":\"https:\/\/www.galiciamaxica.eu\/mini\/wp-content\/uploads\/2016\/02\/castrodatorre-28.jpg\",\"width\":720,\"height\":483,\"caption\":\"castrodatorre-28\"},{\"@type\":\"BreadcrumbList\",\"@id\":\"https:\/\/www.galiciamaxica.eu\/mini\/hoy-toca-folgoso-do-courel\/#breadcrumb\",\"itemListElement\":[{\"@type\":\"ListItem\",\"position\":1,\"name\":\"Portada\",\"item\":\"https:\/\/www.galiciamaxica.eu\/mini\/\"},{\"@type\":\"ListItem\",\"position\":2,\"name\":\"Hoy toca FOLGOSO DO COUREL\"}]},{\"@type\":\"WebSite\",\"@id\":\"https:\/\/www.galiciamaxica.eu\/mini\/#website\",\"url\":\"https:\/\/www.galiciamaxica.eu\/mini\/\",\"name\":\"Galicia con ni\u00f1os | GALICIA M\u00c1XICA\",\"description\":\"Qu\u00e9 hacer con ni\u00f1os en Galicia\",\"publisher\":{\"@id\":\"https:\/\/www.galiciamaxica.eu\/mini\/#\/schema\/person\/2b284fe2fd911000a48d2e8936300179\"},\"potentialAction\":[{\"@type\":\"SearchAction\",\"target\":{\"@type\":\"EntryPoint\",\"urlTemplate\":\"https:\/\/www.galiciamaxica.eu\/mini\/?s={search_term_string}\"},\"query-input\":{\"@type\":\"PropertyValueSpecification\",\"valueRequired\":true,\"valueName\":\"search_term_string\"}}],\"inLanguage\":\"es\"},{\"@type\":[\"Person\",\"Organization\"],\"@id\":\"https:\/\/www.galiciamaxica.eu\/mini\/#\/schema\/person\/2b284fe2fd911000a48d2e8936300179\",\"name\":\"seseixa\",\"image\":{\"@type\":\"ImageObject\",\"inLanguage\":\"es\",\"@id\":\"https:\/\/www.galiciamaxica.eu\/mini\/#\/schema\/person\/image\/\",\"url\":\"https:\/\/www.galiciamaxica.eu\/mini\/wp-content\/uploads\/2019\/02\/seseixa.png\",\"contentUrl\":\"https:\/\/www.galiciamaxica.eu\/mini\/wp-content\/uploads\/2019\/02\/seseixa.png\",\"width\":100,\"height\":100,\"caption\":\"seseixa\"},\"logo\":{\"@id\":\"https:\/\/www.galiciamaxica.eu\/mini\/#\/schema\/person\/image\/\"},\"description\":\"En la actualidad combinando dos proyectos que me apasionan, Galicia y los ni\u00f1os. Tengo mucho que aportar y otro tanto que aprender, as\u00ed como, el tiempo y el coraz\u00f3n, dividido en todo momento. Soy mam\u00e1, un titulo otorgado a tiempo completo, compa\u00f1era y amiga, a todas horas, familiar y cercana, siempre. De esp\u00edritu inquieto, soy una eterna ni\u00f1a que juega en el pa\u00eds de las maravillas. Una enamorada de mi tierra, por la que trabajo sin descanso. Creo en la infancia como motor que cambiar\u00e1 el mundo a mejor y busco en mi vida la felicidad como estado permanente porque s\u00f3lo se vive una vez.\",\"sameAs\":[\"http:\/\/mini.galiciamaxica.eu\/\",\"https:\/\/www.facebook.com\/maria.rodriguezserantes\",\"https:\/\/x.com\/seseixa\"],\"url\":\"https:\/\/www.galiciamaxica.eu\/mini\/author\/seseixa\/\"}]}<\/script>\n<!-- \/ Yoast SEO plugin. -->","yoast_head_json":{"title":"Hoy toca FOLGOSO DO COUREL - Galicia con ni\u00f1os | GALICIA M\u00c1XICA","robots":{"index":"index","follow":"follow","max-snippet":"max-snippet:-1","max-image-preview":"max-image-preview:large","max-video-preview":"max-video-preview:-1"},"canonical":"https:\/\/www.galiciamaxica.eu\/mini\/hoy-toca-folgoso-do-courel\/","og_locale":"es_ES","og_type":"article","og_title":"Hoy toca FOLGOSO DO COUREL - Galicia con ni\u00f1os | GALICIA M\u00c1XICA","og_description":"En invierno, no aconsejamos la visita a estos parajes con ni\u00f1os peque\u00f1os, \u00a0por\u00a0causa de la nieve y de las heladas persistentes durante esta \u00e9poca del a\u00f1o. Hoy vamos a LUGO a acercarnos a FOLGOSO DO COUREL un lugar que se grabar\u00e1 en Nuestras retinas y es que una vez que lo descubres, jam\u00e1s olvidar\u00e1s la [&hellip;]","og_url":"https:\/\/www.galiciamaxica.eu\/mini\/hoy-toca-folgoso-do-courel\/","og_site_name":"Galicia con ni\u00f1os | GALICIA M\u00c1XICA","article_publisher":"https:\/\/www.facebook.com\/maria.rodriguezserantes","article_author":"https:\/\/www.facebook.com\/maria.rodriguezserantes","article_published_time":"2016-02-14T23:22:48+00:00","article_modified_time":"2019-10-07T17:06:59+00:00","og_image":[{"width":720,"height":483,"url":"https:\/\/www.galiciamaxica.eu\/mini\/wp-content\/uploads\/2016\/02\/castrodatorre-28.jpg","type":"image\/jpeg"}],"author":"seseixa","twitter_card":"summary_large_image","twitter_creator":"@seseixa","twitter_site":"@seseixa","twitter_misc":{"Escrito por":"seseixa","Tiempo de lectura":"4 minutos"},"schema":{"@context":"https:\/\/schema.org","@graph":[{"@type":"Article","@id":"https:\/\/www.galiciamaxica.eu\/mini\/hoy-toca-folgoso-do-courel\/#article","isPartOf":{"@id":"https:\/\/www.galiciamaxica.eu\/mini\/hoy-toca-folgoso-do-courel\/"},"author":{"name":"seseixa","@id":"https:\/\/www.galiciamaxica.eu\/mini\/#\/schema\/person\/2b284fe2fd911000a48d2e8936300179"},"headline":"Hoy toca FOLGOSO DO COUREL","datePublished":"2016-02-14T23:22:48+00:00","dateModified":"2019-10-07T17:06:59+00:00","mainEntityOfPage":{"@id":"https:\/\/www.galiciamaxica.eu\/mini\/hoy-toca-folgoso-do-courel\/"},"wordCount":764,"commentCount":0,"publisher":{"@id":"https:\/\/www.galiciamaxica.eu\/mini\/#\/schema\/person\/2b284fe2fd911000a48d2e8936300179"},"image":{"@id":"https:\/\/www.galiciamaxica.eu\/mini\/hoy-toca-folgoso-do-courel\/#primaryimage"},"thumbnailUrl":"https:\/\/www.galiciamaxica.eu\/mini\/wp-content\/uploads\/2016\/02\/castrodatorre-28.jpg","keywords":["castillo de O Carbedo","Folgoso Do Courel","miradores","Mostaz","Pi\u00f1eira","Taro Branco"],"articleSection":["LUGARES","LUGO"],"inLanguage":"es","potentialAction":[{"@type":"CommentAction","name":"Comment","target":["https:\/\/www.galiciamaxica.eu\/mini\/hoy-toca-folgoso-do-courel\/#respond"]}]},{"@type":"WebPage","@id":"https:\/\/www.galiciamaxica.eu\/mini\/hoy-toca-folgoso-do-courel\/","url":"https:\/\/www.galiciamaxica.eu\/mini\/hoy-toca-folgoso-do-courel\/","name":"Hoy toca FOLGOSO DO COUREL - Galicia con ni\u00f1os | GALICIA M\u00c1XICA","isPartOf":{"@id":"https:\/\/www.galiciamaxica.eu\/mini\/#website"},"primaryImageOfPage":{"@id":"https:\/\/www.galiciamaxica.eu\/mini\/hoy-toca-folgoso-do-courel\/#primaryimage"},"image":{"@id":"https:\/\/www.galiciamaxica.eu\/mini\/hoy-toca-folgoso-do-courel\/#primaryimage"},"thumbnailUrl":"https:\/\/www.galiciamaxica.eu\/mini\/wp-content\/uploads\/2016\/02\/castrodatorre-28.jpg","datePublished":"2016-02-14T23:22:48+00:00","dateModified":"2019-10-07T17:06:59+00:00","breadcrumb":{"@id":"https:\/\/www.galiciamaxica.eu\/mini\/hoy-toca-folgoso-do-courel\/#breadcrumb"},"inLanguage":"es","potentialAction":[{"@type":"ReadAction","target":["https:\/\/www.galiciamaxica.eu\/mini\/hoy-toca-folgoso-do-courel\/"]}]},{"@type":"ImageObject","inLanguage":"es","@id":"https:\/\/www.galiciamaxica.eu\/mini\/hoy-toca-folgoso-do-courel\/#primaryimage","url":"https:\/\/www.galiciamaxica.eu\/mini\/wp-content\/uploads\/2016\/02\/castrodatorre-28.jpg","contentUrl":"https:\/\/www.galiciamaxica.eu\/mini\/wp-content\/uploads\/2016\/02\/castrodatorre-28.jpg","width":720,"height":483,"caption":"castrodatorre-28"},{"@type":"BreadcrumbList","@id":"https:\/\/www.galiciamaxica.eu\/mini\/hoy-toca-folgoso-do-courel\/#breadcrumb","itemListElement":[{"@type":"ListItem","position":1,"name":"Portada","item":"https:\/\/www.galiciamaxica.eu\/mini\/"},{"@type":"ListItem","position":2,"name":"Hoy toca FOLGOSO DO COUREL"}]},{"@type":"WebSite","@id":"https:\/\/www.galiciamaxica.eu\/mini\/#website","url":"https:\/\/www.galiciamaxica.eu\/mini\/","name":"Galicia con ni\u00f1os | GALICIA M\u00c1XICA","description":"Qu\u00e9 hacer con ni\u00f1os en Galicia","publisher":{"@id":"https:\/\/www.galiciamaxica.eu\/mini\/#\/schema\/person\/2b284fe2fd911000a48d2e8936300179"},"potentialAction":[{"@type":"SearchAction","target":{"@type":"EntryPoint","urlTemplate":"https:\/\/www.galiciamaxica.eu\/mini\/?s={search_term_string}"},"query-input":{"@type":"PropertyValueSpecification","valueRequired":true,"valueName":"search_term_string"}}],"inLanguage":"es"},{"@type":["Person","Organization"],"@id":"https:\/\/www.galiciamaxica.eu\/mini\/#\/schema\/person\/2b284fe2fd911000a48d2e8936300179","name":"seseixa","image":{"@type":"ImageObject","inLanguage":"es","@id":"https:\/\/www.galiciamaxica.eu\/mini\/#\/schema\/person\/image\/","url":"https:\/\/www.galiciamaxica.eu\/mini\/wp-content\/uploads\/2019\/02\/seseixa.png","contentUrl":"https:\/\/www.galiciamaxica.eu\/mini\/wp-content\/uploads\/2019\/02\/seseixa.png","width":100,"height":100,"caption":"seseixa"},"logo":{"@id":"https:\/\/www.galiciamaxica.eu\/mini\/#\/schema\/person\/image\/"},"description":"En la actualidad combinando dos proyectos que me apasionan, Galicia y los ni\u00f1os. Tengo mucho que aportar y otro tanto que aprender, as\u00ed como, el tiempo y el coraz\u00f3n, dividido en todo momento. Soy mam\u00e1, un titulo otorgado a tiempo completo, compa\u00f1era y amiga, a todas horas, familiar y cercana, siempre. De esp\u00edritu inquieto, soy una eterna ni\u00f1a que juega en el pa\u00eds de las maravillas. Una enamorada de mi tierra, por la que trabajo sin descanso. Creo en la infancia como motor que cambiar\u00e1 el mundo a mejor y busco en mi vida la felicidad como estado permanente porque s\u00f3lo se vive una vez.","sameAs":["http:\/\/mini.galiciamaxica.eu\/","https:\/\/www.facebook.com\/maria.rodriguezserantes","https:\/\/x.com\/seseixa"],"url":"https:\/\/www.galiciamaxica.eu\/mini\/author\/seseixa\/"}]}},"amp_enabled":true,"post_mailing_queue_ids":[],"_links":{"self":[{"href":"https:\/\/www.galiciamaxica.eu\/mini\/wp-json\/wp\/v2\/posts\/2040"}],"collection":[{"href":"https:\/\/www.galiciamaxica.eu\/mini\/wp-json\/wp\/v2\/posts"}],"about":[{"href":"https:\/\/www.galiciamaxica.eu\/mini\/wp-json\/wp\/v2\/types\/post"}],"author":[{"embeddable":true,"href":"https:\/\/www.galiciamaxica.eu\/mini\/wp-json\/wp\/v2\/users\/1"}],"replies":[{"embeddable":true,"href":"https:\/\/www.galiciamaxica.eu\/mini\/wp-json\/wp\/v2\/comments?post=2040"}],"version-history":[{"count":0,"href":"https:\/\/www.galiciamaxica.eu\/mini\/wp-json\/wp\/v2\/posts\/2040\/revisions"}],"wp:featuredmedia":[{"embeddable":true,"href":"https:\/\/www.galiciamaxica.eu\/mini\/wp-json\/wp\/v2\/media\/2042"}],"wp:attachment":[{"href":"https:\/\/www.galiciamaxica.eu\/mini\/wp-json\/wp\/v2\/media?parent=2040"}],"wp:term":[{"taxonomy":"category","embeddable":true,"href":"https:\/\/www.galiciamaxica.eu\/mini\/wp-json\/wp\/v2\/categories?post=2040"},{"taxonomy":"post_tag","embeddable":true,"href":"https:\/\/www.galiciamaxica.eu\/mini\/wp-json\/wp\/v2\/tags?post=2040"}],"curies":[{"name":"wp","href":"https:\/\/api.w.org\/{rel}","templated":true}]}}