{"id":20305,"date":"2022-10-05T18:48:31","date_gmt":"2022-10-05T16:48:31","guid":{"rendered":"https:\/\/www.galiciamaxica.eu\/mini\/?p=20305"},"modified":"2024-08-13T19:39:46","modified_gmt":"2024-08-13T17:39:46","slug":"paseo-dos-sonos-paseo-de-los-suenos","status":"publish","type":"post","link":"https:\/\/www.galiciamaxica.eu\/mini\/paseo-dos-sonos-paseo-de-los-suenos\/","title":{"rendered":"Paseo dos So\u00f1os, Paseo de los sue\u00f1os"},"content":{"rendered":"\n<p>\u00a1Hola! Soy Ux\u00eda, de<a href=\"https:\/\/www.instagram.com\/uxiaviaxeiragarcia\/\" rel=\"nofollow\"> @uxiaviaxeiragarcia<\/a>, cuenta viajera de Instagram donde mi familia y yo compartimos lugares y actividades de nuestros viajes y excursiones, la mayor\u00eda en Galicia y aptos para hacer con ni\u00f1os.<\/p>\n\n\n\n<div id=\"ez-toc-container\" class=\"ez-toc-v2_0_86 counter-hierarchy ez-toc-counter ez-toc-custom ez-toc-container-direction\">\n<div class=\"ez-toc-title-container\">\n<p class=\"ez-toc-title\" style=\"cursor:inherit\">Contenido<\/p>\n<span class=\"ez-toc-title-toggle\"><a href=\"#\" class=\"ez-toc-pull-right ez-toc-btn ez-toc-btn-xs ez-toc-btn-default ez-toc-toggle\" aria-label=\"Alternar tabla de contenidos\"><span class=\"ez-toc-js-icon-con\"><span class=\"\"><span class=\"eztoc-hide\" style=\"display:none;\">Toggle<\/span><span class=\"ez-toc-icon-toggle-span\"><svg style=\"fill: #8224e3;color:#8224e3\" xmlns=\"http:\/\/www.w3.org\/2000\/svg\" class=\"list-377408\" width=\"20px\" height=\"20px\" viewBox=\"0 0 24 24\" fill=\"none\"><path d=\"M6 6H4v2h2V6zm14 0H8v2h12V6zM4 11h2v2H4v-2zm16 0H8v2h12v-2zM4 16h2v2H4v-2zm16 0H8v2h12v-2z\" fill=\"currentColor\"><\/path><\/svg><svg style=\"fill: #8224e3;color:#8224e3\" class=\"arrow-unsorted-368013\" xmlns=\"http:\/\/www.w3.org\/2000\/svg\" width=\"10px\" height=\"10px\" viewBox=\"0 0 24 24\" version=\"1.2\" baseProfile=\"tiny\"><path d=\"M18.2 9.3l-6.2-6.3-6.2 6.3c-.2.2-.3.4-.3.7s.1.5.3.7c.2.2.4.3.7.3h11c.3 0 .5-.1.7-.3.2-.2.3-.5.3-.7s-.1-.5-.3-.7zM5.8 14.7l6.2 6.3 6.2-6.3c.2-.2.3-.5.3-.7s-.1-.5-.3-.7c-.2-.2-.4-.3-.7-.3h-11c-.3 0-.5.1-.7.3-.2.2-.3.5-.3.7s.1.5.3.7z\"\/><\/svg><\/span><\/span><\/span><\/a><\/span><\/div>\n<nav><ul class='ez-toc-list ez-toc-list-level-1 ' ><li class='ez-toc-page-1 ez-toc-heading-level-2'><a class=\"ez-toc-link ez-toc-heading-1\" href=\"https:\/\/www.galiciamaxica.eu\/mini\/paseo-dos-sonos-paseo-de-los-suenos\/#Paseo_dos_Sonos\" >Paseo dos So\u00f1os<\/a><ul class='ez-toc-list-level-3' ><li class='ez-toc-heading-level-3'><a class=\"ez-toc-link ez-toc-heading-2\" href=\"https:\/\/www.galiciamaxica.eu\/mini\/paseo-dos-sonos-paseo-de-los-suenos\/#Ruta\" >Ruta<\/a><ul class='ez-toc-list-level-4' ><li class='ez-toc-heading-level-4'><a class=\"ez-toc-link ez-toc-heading-3\" href=\"https:\/\/www.galiciamaxica.eu\/mini\/paseo-dos-sonos-paseo-de-los-suenos\/#Caracteristicas\" >Caracter\u00edsticas<\/a><\/li><li class='ez-toc-page-1 ez-toc-heading-level-4'><a class=\"ez-toc-link ez-toc-heading-4\" href=\"https:\/\/www.galiciamaxica.eu\/mini\/paseo-dos-sonos-paseo-de-los-suenos\/#Inicio_Muino-_Patrimonio_etnografico-_Localizacion\" >Inicio Mu\u00ed\u00f1o- Patrimonio etnogr\u00e1fico- Localizaci\u00f3n<\/a><\/li><li class='ez-toc-page-1 ez-toc-heading-level-4'><a class=\"ez-toc-link ez-toc-heading-5\" href=\"https:\/\/www.galiciamaxica.eu\/mini\/paseo-dos-sonos-paseo-de-los-suenos\/#Pasarelas_de_madera\" >Pasarelas de madera.<\/a><\/li><li class='ez-toc-page-1 ez-toc-heading-level-4'><a class=\"ez-toc-link ez-toc-heading-6\" href=\"https:\/\/www.galiciamaxica.eu\/mini\/paseo-dos-sonos-paseo-de-los-suenos\/#Apto_para_familias_con_carrito\" >Apto para familias con carrito<\/a><\/li><li class='ez-toc-page-1 ez-toc-heading-level-4'><a class=\"ez-toc-link ez-toc-heading-7\" href=\"https:\/\/www.galiciamaxica.eu\/mini\/paseo-dos-sonos-paseo-de-los-suenos\/#Bosque_de_ribera_y_el_rio_Madalena\" >Bosque de ribera y el r\u00edo Madalena<\/a><\/li><li class='ez-toc-page-1 ez-toc-heading-level-4'><a class=\"ez-toc-link ez-toc-heading-8\" href=\"https:\/\/www.galiciamaxica.eu\/mini\/paseo-dos-sonos-paseo-de-los-suenos\/#Area_recreativa_y_playa_fluvial\" >\u00c1rea recreativa y playa fluvial<\/a><\/li><li class='ez-toc-page-1 ez-toc-heading-level-4'><a class=\"ez-toc-link ez-toc-heading-9\" href=\"https:\/\/www.galiciamaxica.eu\/mini\/paseo-dos-sonos-paseo-de-los-suenos\/#Hectometros_literarios\" >Hect\u00f3metros literarios<\/a><\/li><\/ul><\/li><li class='ez-toc-page-1 ez-toc-heading-level-3'><a class=\"ez-toc-link ez-toc-heading-10\" href=\"https:\/\/www.galiciamaxica.eu\/mini\/paseo-dos-sonos-paseo-de-los-suenos\/#Agradecimientos\" >Agradecimientos<\/a><\/li><li class='ez-toc-page-1 ez-toc-heading-level-3'><a class=\"ez-toc-link ez-toc-heading-11\" href=\"https:\/\/www.galiciamaxica.eu\/mini\/paseo-dos-sonos-paseo-de-los-suenos\/#Que_visitar_cerca\" >Qu\u00e9 visitar cerca<\/a><ul class='ez-toc-list-level-4' ><li class='ez-toc-heading-level-4'><a class=\"ez-toc-link ez-toc-heading-12\" href=\"https:\/\/www.galiciamaxica.eu\/mini\/paseo-dos-sonos-paseo-de-los-suenos\/#Entrada_relacionada\" >Entrada relacionada<\/a><\/li><\/ul><\/li><li class='ez-toc-page-1 ez-toc-heading-level-3'><a class=\"ez-toc-link ez-toc-heading-13\" href=\"https:\/\/www.galiciamaxica.eu\/mini\/paseo-dos-sonos-paseo-de-los-suenos\/#Video_familiar\" >V\u00eddeo familiar<\/a><\/li><\/ul><\/li><li class='ez-toc-page-1 ez-toc-heading-level-2'><a class=\"ez-toc-link ez-toc-heading-14\" href=\"https:\/\/www.galiciamaxica.eu\/mini\/paseo-dos-sonos-paseo-de-los-suenos\/#Mis_entradas\" >Mis entradas<\/a><\/li><\/ul><\/nav><\/div>\n<h2 class=\"wp-block-heading\"><span class=\"ez-toc-section\" id=\"Paseo_dos_Sonos\"><\/span>Paseo dos So\u00f1os<span class=\"ez-toc-section-end\"><\/span><\/h2>\n\n\n\n<p>Paseo dos so\u00f1os, Paseo de los sue\u00f1os,\u2026con este evocador nombre c\u00f3mo resistirse a visitarlo.<\/p>\n\n\n\n<figure class=\"wp-block-image aligncenter size-full\"><a href=\"https:\/\/www.galiciamaxica.eu\/mini\/wp-content\/uploads\/2022\/10\/20220517_121316.jpg\"><img fetchpriority=\"high\" decoding=\"async\" width=\"525\" height=\"700\" src=\"https:\/\/www.galiciamaxica.eu\/mini\/wp-content\/uploads\/2022\/10\/20220517_121316.jpg\" alt=\"Paseo dos so\u00f1os\" class=\"wp-image-20308\" srcset=\"https:\/\/www.galiciamaxica.eu\/mini\/wp-content\/uploads\/2022\/10\/20220517_121316.jpg 525w, https:\/\/www.galiciamaxica.eu\/mini\/wp-content\/uploads\/2022\/10\/20220517_121316-225x300.jpg 225w\" sizes=\"(max-width: 525px) 100vw, 525px\" \/><\/a><\/figure>\n\n\n\n<p>Se trata de un paseo fluvial y literario situado muy cerca del casco urbano de Vilalba, en Lugo.<\/p>\n\n\n\n<figure class=\"wp-block-image aligncenter size-full\"><a href=\"https:\/\/www.galiciamaxica.eu\/mini\/wp-content\/uploads\/2022\/10\/120790771_2135067043293342_2711423969919968026_n.jpg\"><img decoding=\"async\" width=\"566\" height=\"700\" src=\"https:\/\/www.galiciamaxica.eu\/mini\/wp-content\/uploads\/2022\/10\/120790771_2135067043293342_2711423969919968026_n.jpg\" alt=\"paseo dos so\u00f1os\" class=\"wp-image-20311\" srcset=\"https:\/\/www.galiciamaxica.eu\/mini\/wp-content\/uploads\/2022\/10\/120790771_2135067043293342_2711423969919968026_n.jpg 566w, https:\/\/www.galiciamaxica.eu\/mini\/wp-content\/uploads\/2022\/10\/120790771_2135067043293342_2711423969919968026_n-243x300.jpg 243w\" sizes=\"(max-width: 566px) 100vw, 566px\" \/><\/a><\/figure>\n\n\n\n<h3 class=\"wp-block-heading\"><span class=\"ez-toc-section\" id=\"Ruta\"><\/span><a href=\"https:\/\/rutas.terrachanaturalmente.org\/gis\/index.php?concelloid=10&amp;nombre=Vilalba&amp;rutaid=16\" rel=\"nofollow\">Ruta<\/a><span class=\"ez-toc-section-end\"><\/span><\/h3>\n\n\n\n<h4 class=\"wp-block-heading\"><span class=\"ez-toc-section\" id=\"Caracteristicas\"><\/span>Caracter\u00edsticas<span class=\"ez-toc-section-end\"><\/span><\/h4>\n\n\n\n<p>El recorrido, lineal, <strong>son 3 kil\u00f3metros <\/strong>de baja dificultad y totalmente accesible. <\/p>\n\n\n\n<h4 class=\"wp-block-heading\"><span class=\"ez-toc-section\" id=\"Inicio_Muino-_Patrimonio_etnografico-_Localizacion\"><\/span>Inicio Mu\u00ed\u00f1o- Patrimonio etnogr\u00e1fico- Localizaci\u00f3n<span class=\"ez-toc-section-end\"><\/span><\/h4>\n\n\n\n<p>El recorrido empieza en el<strong><a href=\"https:\/\/www.galiciamaxica.eu\/galicia\/molino-muino-do-ranego\/\"> Mui\u00f1o do Ra\u00f1ego <\/a><\/strong>y termina en Ponte dos Freires. <\/p>\n\n\n\n<iframe src=\"https:\/\/www.google.com\/maps\/embed?pb=!1m14!1m8!1m3!1d11617.257825224413!2d-7.687725000000001!3d43.286736!3m2!1i1024!2i768!4f13.1!3m3!1m2!1s0x0%3A0x71d1fab3cf53ae78!2zTXVpw7FvIGRvIFJhw7FlZ28!5e0!3m2!1ses!2ses!4v1664987628756!5m2!1ses!2ses\" width=\"600\" height=\"450\" style=\"border:0;\" allowfullscreen=\"\" loading=\"lazy\" referrerpolicy=\"no-referrer-when-downgrade\"><\/iframe>\n\n\n\n<h4 class=\"wp-block-heading\"><span class=\"ez-toc-section\" id=\"Pasarelas_de_madera\"><\/span>Pasarelas de madera.<span class=\"ez-toc-section-end\"><\/span><\/h4>\n\n\n\n<p>Discurre por un sendero perfectamente acondicionado, en algunas zonas pavimentado y en otras con pasarelas de madera. <\/p>\n\n\n\n<figure class=\"wp-block-image aligncenter size-full\"><a href=\"https:\/\/www.galiciamaxica.eu\/mini\/wp-content\/uploads\/2022\/10\/120904088_2135067106626669_5866255834031380110_n.jpg\"><img decoding=\"async\" width=\"657\" height=\"757\" src=\"https:\/\/www.galiciamaxica.eu\/mini\/wp-content\/uploads\/2022\/10\/120904088_2135067106626669_5866255834031380110_n.jpg\" alt=\"paseo dos so\u00f1os\" class=\"wp-image-20313\" srcset=\"https:\/\/www.galiciamaxica.eu\/mini\/wp-content\/uploads\/2022\/10\/120904088_2135067106626669_5866255834031380110_n.jpg 657w, https:\/\/www.galiciamaxica.eu\/mini\/wp-content\/uploads\/2022\/10\/120904088_2135067106626669_5866255834031380110_n-260x300.jpg 260w\" sizes=\"(max-width: 657px) 100vw, 657px\" \/><\/a><\/figure>\n\n\n\n<h4 class=\"wp-block-heading\"><span class=\"ez-toc-section\" id=\"Apto_para_familias_con_carrito\"><\/span>Apto para familias con carrito<span class=\"ez-toc-section-end\"><\/span><\/h4>\n\n\n\n<p>Para las familias que llev\u00e1is carrito de beb\u00e9 aqu\u00ed ten\u00e9is una buen\u00edsima opci\u00f3n para daros un paseo muy agradable que combina naturaleza y cultura de una manera genial.<\/p>\n\n\n\n<figure class=\"wp-block-image aligncenter size-full\"><a href=\"https:\/\/www.galiciamaxica.eu\/mini\/wp-content\/uploads\/2022\/10\/original_726697b7-d765-48af-83c4-d47124b0b3c3_20220517_121335_2.jpg\"><img loading=\"lazy\" decoding=\"async\" width=\"545\" height=\"700\" src=\"https:\/\/www.galiciamaxica.eu\/mini\/wp-content\/uploads\/2022\/10\/original_726697b7-d765-48af-83c4-d47124b0b3c3_20220517_121335_2.jpg\" alt=\"paseo dos so\u00f1os\" class=\"wp-image-20316\" srcset=\"https:\/\/www.galiciamaxica.eu\/mini\/wp-content\/uploads\/2022\/10\/original_726697b7-d765-48af-83c4-d47124b0b3c3_20220517_121335_2.jpg 545w, https:\/\/www.galiciamaxica.eu\/mini\/wp-content\/uploads\/2022\/10\/original_726697b7-d765-48af-83c4-d47124b0b3c3_20220517_121335_2-234x300.jpg 234w\" sizes=\"(max-width: 545px) 100vw, 545px\" \/><\/a><\/figure>\n\n\n\n<h4 class=\"wp-block-heading\"><span class=\"ez-toc-section\" id=\"Bosque_de_ribera_y_el_rio_Madalena\"><\/span>Bosque de ribera y el r\u00edo Madalena<span class=\"ez-toc-section-end\"><\/span><\/h4>\n\n\n\n<p>La naturaleza est\u00e1 muy presente en todo el recorrido, bordeando el r\u00edo da Madalena todo el recorrido es verde, con una exuberante vegetaci\u00f3n t\u00edpica del bosque de ribera que lo invade todo. <\/p>\n\n\n\n<figure class=\"wp-block-image aligncenter size-full\"><a href=\"https:\/\/www.galiciamaxica.eu\/mini\/wp-content\/uploads\/2022\/10\/120811847_2135067116626668_978624909890228842_n.jpg\"><img loading=\"lazy\" decoding=\"async\" width=\"565\" height=\"700\" src=\"https:\/\/www.galiciamaxica.eu\/mini\/wp-content\/uploads\/2022\/10\/120811847_2135067116626668_978624909890228842_n.jpg\" alt=\"paseo dos so\u00f1os\" class=\"wp-image-20312\" srcset=\"https:\/\/www.galiciamaxica.eu\/mini\/wp-content\/uploads\/2022\/10\/120811847_2135067116626668_978624909890228842_n.jpg 565w, https:\/\/www.galiciamaxica.eu\/mini\/wp-content\/uploads\/2022\/10\/120811847_2135067116626668_978624909890228842_n-242x300.jpg 242w\" sizes=\"(max-width: 565px) 100vw, 565px\" \/><\/a><\/figure>\n\n\n\n<h4 class=\"wp-block-heading\"><span class=\"ez-toc-section\" id=\"Area_recreativa_y_playa_fluvial\"><\/span>\u00c1rea recreativa y playa fluvial<span class=\"ez-toc-section-end\"><\/span><\/h4>\n\n\n\n<p>Tambi\u00e9n nos encontraremos una peque\u00f1a presa y el \u00e1rea recreativa da Madalena con su playa fluvial, adem\u00e1s de varios puentes y molinos.<\/p>\n\n\n\n<figure class=\"wp-block-image aligncenter size-full\"><a href=\"https:\/\/www.galiciamaxica.eu\/mini\/wp-content\/uploads\/2022\/10\/20220517_123652_exported_8466.jpg\"><img loading=\"lazy\" decoding=\"async\" width=\"547\" height=\"700\" src=\"https:\/\/www.galiciamaxica.eu\/mini\/wp-content\/uploads\/2022\/10\/20220517_123652_exported_8466.jpg\" alt=\"paseo dos so\u00f1os\" class=\"wp-image-20309\" srcset=\"https:\/\/www.galiciamaxica.eu\/mini\/wp-content\/uploads\/2022\/10\/20220517_123652_exported_8466.jpg 547w, https:\/\/www.galiciamaxica.eu\/mini\/wp-content\/uploads\/2022\/10\/20220517_123652_exported_8466-234x300.jpg 234w\" sizes=\"(max-width: 547px) 100vw, 547px\" \/><\/a><\/figure>\n\n\n\n<h4 class=\"wp-block-heading\"><span class=\"ez-toc-section\" id=\"Hectometros_literarios\"><\/span>Hect\u00f3metros literarios<span class=\"ez-toc-section-end\"><\/span><\/h4>\n\n\n\n<p>Desde el inicio y cada cien metros, hay un<strong> hect\u00f3metro literario<\/strong> que le llaman, una escultura (algunas muy originales) dedicada a uno de los personajes ilustres, destacados en alg\u00fan \u00e1mbito de la cultura, de la comarca de Terra Ch\u00e1.<\/p>\n\n\n\n<figure class=\"wp-block-image aligncenter size-full\"><a href=\"https:\/\/www.galiciamaxica.eu\/mini\/wp-content\/uploads\/2022\/10\/120913901_2135067029960010_6637298388725011642_n.jpg\"><img loading=\"lazy\" decoding=\"async\" width=\"562\" height=\"700\" src=\"https:\/\/www.galiciamaxica.eu\/mini\/wp-content\/uploads\/2022\/10\/120913901_2135067029960010_6637298388725011642_n.jpg\" alt=\"paseo dos so\u00f1os\" class=\"wp-image-20314\" srcset=\"https:\/\/www.galiciamaxica.eu\/mini\/wp-content\/uploads\/2022\/10\/120913901_2135067029960010_6637298388725011642_n.jpg 562w, https:\/\/www.galiciamaxica.eu\/mini\/wp-content\/uploads\/2022\/10\/120913901_2135067029960010_6637298388725011642_n-241x300.jpg 241w\" sizes=\"(max-width: 562px) 100vw, 562px\" \/><\/a><\/figure>\n\n\n\n<h3 class=\"wp-block-heading\"><span class=\"ez-toc-section\" id=\"Agradecimientos\"><\/span>Agradecimientos<span class=\"ez-toc-section-end\"><\/span><\/h3>\n\n\n\n<p>La idea de este paseo literario parti\u00f3 de la<strong> Asociaci\u00f3n Cultural Xermolos<\/strong>  y la <strong>Irmandade Manuel Mar\u00eda <\/strong><\/p>\n\n\n\n<figure class=\"wp-block-image aligncenter size-full\"><a href=\"https:\/\/www.galiciamaxica.eu\/mini\/wp-content\/uploads\/2022\/10\/20220517_120957.jpg\"><img loading=\"lazy\" decoding=\"async\" width=\"525\" height=\"700\" src=\"https:\/\/www.galiciamaxica.eu\/mini\/wp-content\/uploads\/2022\/10\/20220517_120957.jpg\" alt=\"paseo dos so\u00f1os\" class=\"wp-image-20307\" srcset=\"https:\/\/www.galiciamaxica.eu\/mini\/wp-content\/uploads\/2022\/10\/20220517_120957.jpg 525w, https:\/\/www.galiciamaxica.eu\/mini\/wp-content\/uploads\/2022\/10\/20220517_120957-225x300.jpg 225w\" sizes=\"(max-width: 525px) 100vw, 525px\" \/><\/a><\/figure>\n\n\n\n<p>El primer hect\u00f3metro es una jaula, vac\u00eda, que homenajea a Manuel Mar\u00eda recordando su obra <strong>\u201cOs so\u00f1os na gaiola\u201d,<\/strong> quiero pensar que ah\u00ed ha salido el nombre de este precioso recorrido<\/p>\n\n\n\n<figure class=\"wp-block-image aligncenter size-full\"><a href=\"https:\/\/www.galiciamaxica.eu\/mini\/wp-content\/uploads\/2022\/10\/120968592_2135067039960009_4205821220360884048_n.jpg\"><img loading=\"lazy\" decoding=\"async\" width=\"566\" height=\"700\" src=\"https:\/\/www.galiciamaxica.eu\/mini\/wp-content\/uploads\/2022\/10\/120968592_2135067039960009_4205821220360884048_n.jpg\" alt=\"paseo dos so\u00f1os\" class=\"wp-image-20315\" srcset=\"https:\/\/www.galiciamaxica.eu\/mini\/wp-content\/uploads\/2022\/10\/120968592_2135067039960009_4205821220360884048_n.jpg 566w, https:\/\/www.galiciamaxica.eu\/mini\/wp-content\/uploads\/2022\/10\/120968592_2135067039960009_4205821220360884048_n-243x300.jpg 243w\" sizes=\"(max-width: 566px) 100vw, 566px\" \/><\/a><\/figure>\n\n\n\n<h3 class=\"wp-block-heading\"><span class=\"ez-toc-section\" id=\"Que_visitar_cerca\"><\/span>Qu\u00e9 visitar cerca<span class=\"ez-toc-section-end\"><\/span><\/h3>\n\n\n\n<p>El pueblo de<strong><a href=\"https:\/\/www.galiciamaxica.eu\/galicia\/lugo\/comarca-da-terra-cha\/vilalba\/\"> Vilalba <\/a><\/strong>con su <strong><a href=\"https:\/\/www.galiciamaxica.eu\/galicia\/lugo\/torre-de-los-andrade-2\/\">torre\u00f3n<\/a><\/strong> y la <a href=\"https:\/\/www.galiciamaxica.eu\/mini\/el-ratino-perez-se-ha-mudado-a-vilalba\/\"><strong>casa del rati\u00f1o P\u00e9rez<\/strong><\/a> son un buen complemento para esta excursi\u00f3n.<\/p>\n\n\n\n<h4 class=\"wp-block-heading\"><span class=\"ez-toc-section\" id=\"Entrada_relacionada\"><\/span>Entrada relacionada<span class=\"ez-toc-section-end\"><\/span><\/h4>\n\n\n\n<figure class=\"wp-block-embed is-type-wp-embed is-provider-galicia-con-ninos-galicia-maxica wp-block-embed-galicia-con-ninos-galicia-maxica\">\n<blockquote class=\"wp-embedded-content\" data-secret=\"Qxdu8adskq\"><a href=\"https:\/\/www.galiciamaxica.eu\/mini\/el-ratino-perez-se-ha-mudado-a-vilalba\/\">El Rati\u00f1o P\u00e9rez se ha mudado a Vilalba<\/a><\/blockquote><iframe class=\"wp-embedded-content\" sandbox=\"allow-scripts\" security=\"restricted\" style=\"position: absolute; visibility: hidden;\" title=\"\u00abEl Rati\u00f1o P\u00e9rez se ha mudado a Vilalba\u00bb \u2014 Galicia con ni\u00f1os | GALICIA M\u00c1XICA\" src=\"https:\/\/www.galiciamaxica.eu\/mini\/el-ratino-perez-se-ha-mudado-a-vilalba\/embed\/#?secret=r5OsXF7rKK#?secret=Qxdu8adskq\" data-secret=\"Qxdu8adskq\" width=\"500\" height=\"282\" frameborder=\"0\" marginwidth=\"0\" marginheight=\"0\" scrolling=\"no\"><\/iframe>\n<\/figure>\n\n\n\n<h3 class=\"wp-block-heading\"><span class=\"ez-toc-section\" id=\"Video_familiar\"><\/span>V\u00eddeo familiar<span class=\"ez-toc-section-end\"><\/span><\/h3>\n\n\n\n<blockquote class=\"instagram-media\" data-instgrm-captioned=\"\" data-instgrm-permalink=\"https:\/\/www.instagram.com\/reel\/Cd6b_pPsumq\/?utm_source=ig_embed&amp;utm_campaign=loading\" data-instgrm-version=\"14\" style=\" background:#FFF; border:0; border-radius:3px; box-shadow:0 0 1px 0 rgba(0,0,0,0.5),0 1px 10px 0 rgba(0,0,0,0.15); margin: 1px; max-width:540px; min-width:326px; padding:0; width:99.375%; width:-webkit-calc(100% - 2px); width:calc(100% - 2px);\"><div style=\"padding:16px;\"> <a href=\"https:\/\/www.instagram.com\/reel\/Cd6b_pPsumq\/?utm_source=ig_embed&amp;utm_campaign=loading\" style=\" background:#FFFFFF; line-height:0; padding:0 0; text-align:center; text-decoration:none; width:100%;\" target=\"_blank\" rel=\"noopener\"> <div style=\" display: flex; flex-direction: row; align-items: center;\"> <div style=\"background-color: #F4F4F4; border-radius: 50%; flex-grow: 0; height: 40px; margin-right: 14px; width: 40px;\"><\/div> <div style=\"display: flex; flex-direction: column; flex-grow: 1; justify-content: center;\"> <div style=\" background-color: #F4F4F4; border-radius: 4px; flex-grow: 0; height: 14px; margin-bottom: 6px; width: 100px;\"><\/div> <div style=\" background-color: #F4F4F4; border-radius: 4px; flex-grow: 0; height: 14px; width: 60px;\"><\/div><\/div><\/div><div style=\"padding: 19% 0;\"><\/div> <div style=\"display:block; height:50px; margin:0 auto 12px; width:50px;\"><svg width=\"50px\" height=\"50px\" viewBox=\"0 0 60 60\" version=\"1.1\" xmlns=\"https:\/\/www.w3.org\/2000\/svg\" xmlns:xlink=\"https:\/\/www.w3.org\/1999\/xlink\"><g stroke=\"none\" stroke-width=\"1\" fill=\"none\" fill-rule=\"evenodd\"><g transform=\"translate(-511.000000, -20.000000)\" fill=\"#000000\"><g><path d=\"M556.869,30.41 C554.814,30.41 553.148,32.076 553.148,34.131 C553.148,36.186 554.814,37.852 556.869,37.852 C558.924,37.852 560.59,36.186 560.59,34.131 C560.59,32.076 558.924,30.41 556.869,30.41 M541,60.657 C535.114,60.657 530.342,55.887 530.342,50 C530.342,44.114 535.114,39.342 541,39.342 C546.887,39.342 551.658,44.114 551.658,50 C551.658,55.887 546.887,60.657 541,60.657 M541,33.886 C532.1,33.886 524.886,41.1 524.886,50 C524.886,58.899 532.1,66.113 541,66.113 C549.9,66.113 557.115,58.899 557.115,50 C557.115,41.1 549.9,33.886 541,33.886 M565.378,62.101 C565.244,65.022 564.756,66.606 564.346,67.663 C563.803,69.06 563.154,70.057 562.106,71.106 C561.058,72.155 560.06,72.803 558.662,73.347 C557.607,73.757 556.021,74.244 553.102,74.378 C549.944,74.521 548.997,74.552 541,74.552 C533.003,74.552 532.056,74.521 528.898,74.378 C525.979,74.244 524.393,73.757 523.338,73.347 C521.94,72.803 520.942,72.155 519.894,71.106 C518.846,70.057 518.197,69.06 517.654,67.663 C517.244,66.606 516.755,65.022 516.623,62.101 C516.479,58.943 516.448,57.996 516.448,50 C516.448,42.003 516.479,41.056 516.623,37.899 C516.755,34.978 517.244,33.391 517.654,32.338 C518.197,30.938 518.846,29.942 519.894,28.894 C520.942,27.846 521.94,27.196 523.338,26.654 C524.393,26.244 525.979,25.756 528.898,25.623 C532.057,25.479 533.004,25.448 541,25.448 C548.997,25.448 549.943,25.479 553.102,25.623 C556.021,25.756 557.607,26.244 558.662,26.654 C560.06,27.196 561.058,27.846 562.106,28.894 C563.154,29.942 563.803,30.938 564.346,32.338 C564.756,33.391 565.244,34.978 565.378,37.899 C565.522,41.056 565.552,42.003 565.552,50 C565.552,57.996 565.522,58.943 565.378,62.101 M570.82,37.631 C570.674,34.438 570.167,32.258 569.425,30.349 C568.659,28.377 567.633,26.702 565.965,25.035 C564.297,23.368 562.623,22.342 560.652,21.575 C558.743,20.834 556.562,20.326 553.369,20.18 C550.169,20.033 549.148,20 541,20 C532.853,20 531.831,20.033 528.631,20.18 C525.438,20.326 523.257,20.834 521.349,21.575 C519.376,22.342 517.703,23.368 516.035,25.035 C514.368,26.702 513.342,28.377 512.574,30.349 C511.834,32.258 511.326,34.438 511.181,37.631 C511.035,40.831 511,41.851 511,50 C511,58.147 511.035,59.17 511.181,62.369 C511.326,65.562 511.834,67.743 512.574,69.651 C513.342,71.625 514.368,73.296 516.035,74.965 C517.703,76.634 519.376,77.658 521.349,78.425 C523.257,79.167 525.438,79.673 528.631,79.82 C531.831,79.965 532.853,80.001 541,80.001 C549.148,80.001 550.169,79.965 553.369,79.82 C556.562,79.673 558.743,79.167 560.652,78.425 C562.623,77.658 564.297,76.634 565.965,74.965 C567.633,73.296 568.659,71.625 569.425,69.651 C570.167,67.743 570.674,65.562 570.82,62.369 C570.966,59.17 571,58.147 571,50 C571,41.851 570.966,40.831 570.82,37.631\"><\/path><\/g><\/g><\/g><\/svg><\/div><div style=\"padding-top: 8px;\"> <div style=\" color:#3897f0; font-family:Arial,sans-serif; font-size:14px; font-style:normal; font-weight:550; line-height:18px;\">Ver esta publicaci\u00f3n en Instagram<\/div><\/div><div style=\"padding: 12.5% 0;\"><\/div> <div style=\"display: flex; flex-direction: row; margin-bottom: 14px; align-items: center;\"><div> <div style=\"background-color: #F4F4F4; border-radius: 50%; height: 12.5px; width: 12.5px; transform: translateX(0px) translateY(7px);\"><\/div> <div style=\"background-color: #F4F4F4; height: 12.5px; transform: rotate(-45deg) translateX(3px) translateY(1px); width: 12.5px; flex-grow: 0; margin-right: 14px; margin-left: 2px;\"><\/div> <div style=\"background-color: #F4F4F4; border-radius: 50%; height: 12.5px; width: 12.5px; transform: translateX(9px) translateY(-18px);\"><\/div><\/div><div style=\"margin-left: 8px;\"> <div style=\" background-color: #F4F4F4; border-radius: 50%; flex-grow: 0; height: 20px; width: 20px;\"><\/div> <div style=\" width: 0; height: 0; border-top: 2px solid transparent; border-left: 6px solid #f4f4f4; border-bottom: 2px solid transparent; transform: translateX(16px) translateY(-4px) rotate(30deg)\"><\/div><\/div><div style=\"margin-left: auto;\"> <div style=\" width: 0px; border-top: 8px solid #F4F4F4; border-right: 8px solid transparent; transform: translateY(16px);\"><\/div> <div style=\" background-color: #F4F4F4; flex-grow: 0; height: 12px; width: 16px; transform: translateY(-4px);\"><\/div> <div style=\" width: 0; height: 0; border-top: 8px solid #F4F4F4; border-left: 8px solid transparent; transform: translateY(-4px) translateX(8px);\"><\/div><\/div><\/div> <div style=\"display: flex; flex-direction: column; flex-grow: 1; justify-content: center; margin-bottom: 24px;\"> <div style=\" background-color: #F4F4F4; border-radius: 4px; flex-grow: 0; height: 14px; margin-bottom: 6px; width: 224px;\"><\/div> <div style=\" background-color: #F4F4F4; border-radius: 4px; flex-grow: 0; height: 14px; width: 144px;\"><\/div><\/div><\/a><p style=\" color:#c9c8cd; font-family:Arial,sans-serif; font-size:14px; line-height:17px; margin-bottom:0; margin-top:8px; overflow:hidden; padding:8px 0 7px; text-align:center; text-overflow:ellipsis; white-space:nowrap;\"><a href=\"https:\/\/www.instagram.com\/reel\/Cd6b_pPsumq\/?utm_source=ig_embed&amp;utm_campaign=loading\" style=\" color:#c9c8cd; font-family:Arial,sans-serif; font-size:14px; font-style:normal; font-weight:normal; line-height:17px; text-decoration:none;\" target=\"_blank\" rel=\"noopener\">Una publicaci\u00f3n compartida de Ux\u00eda Viaxeira (@uxiaviaxeiragarcia)<\/a><\/p><\/div><\/blockquote> <script async=\"\" src=\"\/\/www.instagram.com\/embed.js\"><\/script>\n\n\n\n<h2 class=\"wp-block-heading\"><span class=\"ez-toc-section\" id=\"Mis_entradas\"><\/span>Mis entradas<span class=\"ez-toc-section-end\"><\/span><\/h2>\n\n\n<ul class=\"wp-block-latest-posts__list is-grid columns-4 wp-block-latest-posts\"><li><div class=\"wp-block-latest-posts__featured-image\"><img loading=\"lazy\" decoding=\"async\" width=\"150\" height=\"150\" src=\"https:\/\/www.galiciamaxica.eu\/mini\/wp-content\/uploads\/2022\/08\/IMG-20220814-WA0082-150x150.jpg\" class=\"attachment-thumbnail size-thumbnail wp-post-image\" alt=\"\" style=\"\" \/><\/div><a class=\"wp-block-latest-posts__post-title\" href=\"https:\/\/www.galiciamaxica.eu\/mini\/fraga-maxica-de-cortina\/\">Fraga M\u00e1xica de Corti\u00f1a<\/a><\/li>\n<li><div class=\"wp-block-latest-posts__featured-image\"><img loading=\"lazy\" decoding=\"async\" width=\"150\" height=\"150\" src=\"https:\/\/www.galiciamaxica.eu\/mini\/wp-content\/uploads\/2022\/08\/SENDA-MONTE-VISO-3-1-150x150.jpg\" class=\"attachment-thumbnail size-thumbnail wp-post-image\" alt=\"Monte Viso\" style=\"\" \/><\/div><a class=\"wp-block-latest-posts__post-title\" href=\"https:\/\/www.galiciamaxica.eu\/mini\/senda-mitologica-del-monte-viso\/\">Senda Mitol\u00f3gica del Monte Viso<\/a><\/li>\n<li><div class=\"wp-block-latest-posts__featured-image\"><img loading=\"lazy\" decoding=\"async\" width=\"150\" height=\"150\" src=\"https:\/\/www.galiciamaxica.eu\/mini\/wp-content\/uploads\/2022\/09\/Chozos-de-Casarinos_9-683x1024-1-150x150.jpg\" class=\"attachment-thumbnail size-thumbnail wp-post-image\" alt=\"rati\u00f1o perez\" style=\"\" \/><\/div><a class=\"wp-block-latest-posts__post-title\" href=\"https:\/\/www.galiciamaxica.eu\/mini\/el-ratino-perez-se-ha-mudado-a-vilalba\/\">El Rati\u00f1o P\u00e9rez se ha mudado a Vilalba<\/a><\/li>\n<li><div class=\"wp-block-latest-posts__featured-image\"><img loading=\"lazy\" decoding=\"async\" width=\"150\" height=\"150\" src=\"https:\/\/www.galiciamaxica.eu\/mini\/wp-content\/uploads\/2022\/09\/merlin-150x150.jpg\" class=\"attachment-thumbnail size-thumbnail wp-post-image\" alt=\"Merlin\" style=\"\" \/><\/div><a class=\"wp-block-latest-posts__post-title\" href=\"https:\/\/www.galiciamaxica.eu\/mini\/magia-naturaleza-y-tradicion-ruta-de-los-sentidos-de-esmelle\/\">Magia, naturaleza y tradici\u00f3n: Ruta de los sentidos de Esmelle<\/a><\/li>\n<li><div class=\"wp-block-latest-posts__featured-image\"><img loading=\"lazy\" decoding=\"async\" width=\"150\" height=\"150\" src=\"https:\/\/www.galiciamaxica.eu\/mini\/wp-content\/uploads\/2022\/10\/20220517_130910-150x150.jpg\" class=\"attachment-thumbnail size-thumbnail wp-post-image\" alt=\"paseo dos so\u00f1os\" style=\"\" \/><\/div><a class=\"wp-block-latest-posts__post-title\" href=\"https:\/\/www.galiciamaxica.eu\/mini\/paseo-dos-sonos-paseo-de-los-suenos\/\">Paseo dos So\u00f1os, Paseo de los sue\u00f1os<\/a><\/li>\n<li><div class=\"wp-block-latest-posts__featured-image\"><img loading=\"lazy\" decoding=\"async\" width=\"150\" height=\"150\" src=\"https:\/\/www.galiciamaxica.eu\/mini\/wp-content\/uploads\/2022\/10\/Captura-8-150x150.jpg\" class=\"attachment-thumbnail size-thumbnail wp-post-image\" alt=\"Pontenova\" style=\"\" \/><\/div><a class=\"wp-block-latest-posts__post-title\" href=\"https:\/\/www.galiciamaxica.eu\/mini\/naturaleza-aventura-tradicion-y-vida-en-a-pontenova\/\">Naturaleza, aventura, tradici\u00f3n y vida en A Pontenova<\/a><\/li>\n<li><div class=\"wp-block-latest-posts__featured-image\"><img loading=\"lazy\" decoding=\"async\" width=\"150\" height=\"150\" src=\"https:\/\/www.galiciamaxica.eu\/mini\/wp-content\/uploads\/2022\/11\/Museo-de-Vilar_11-3-150x150.jpg\" class=\"attachment-thumbnail size-thumbnail wp-post-image\" alt=\"\" style=\"\" srcset=\"https:\/\/www.galiciamaxica.eu\/mini\/wp-content\/uploads\/2022\/11\/Museo-de-Vilar_11-3-150x150.jpg 150w, https:\/\/www.galiciamaxica.eu\/mini\/wp-content\/uploads\/2022\/11\/Museo-de-Vilar_11-3-300x300.jpg 300w, https:\/\/www.galiciamaxica.eu\/mini\/wp-content\/uploads\/2022\/11\/Museo-de-Vilar_11-3-768x768.jpg 768w, https:\/\/www.galiciamaxica.eu\/mini\/wp-content\/uploads\/2022\/11\/Museo-de-Vilar_11-3-1024x1024.jpg 1024w, https:\/\/www.galiciamaxica.eu\/mini\/wp-content\/uploads\/2022\/11\/Museo-de-Vilar_11-3.jpg 1280w\" sizes=\"(max-width: 150px) 100vw, 150px\" \/><\/div><a class=\"wp-block-latest-posts__post-title\" href=\"https:\/\/www.galiciamaxica.eu\/mini\/forgoselo-con-ninos-bosque-caballos-salvajes-y-setas\/\">Forgoselo con ni\u00f1os: bosque, caballos salvajes y setas.<\/a><\/li>\n<li><div class=\"wp-block-latest-posts__featured-image\"><img loading=\"lazy\" decoding=\"async\" width=\"150\" height=\"150\" src=\"https:\/\/www.galiciamaxica.eu\/mini\/wp-content\/uploads\/2023\/04\/boiro-rocodromno-2-150x150.jpg\" class=\"attachment-thumbnail size-thumbnail wp-post-image\" alt=\"Boiro\" style=\"\" \/><\/div><a class=\"wp-block-latest-posts__post-title\" href=\"https:\/\/www.galiciamaxica.eu\/mini\/un-paraiso-para-los-mas-pequenos-parque-aventura-estuario-del-rio-corono\/\">Un para\u00edso para los m\u00e1s peque\u00f1os: Parque Aventura Estuario del R\u00edo Coro\u00f1o<\/a><\/li>\n<\/ul>","protected":false},"excerpt":{"rendered":"<p>\u00a1Hola! Soy Ux\u00eda, de @uxiaviaxeiragarcia, cuenta viajera de Instagram donde mi familia y yo compartimos lugares y actividades de nuestros viajes y excursiones, la mayor\u00eda en Galicia y aptos para hacer con ni\u00f1os. Paseo dos So\u00f1os Paseo dos so\u00f1os, Paseo de los sue\u00f1os,\u2026con este evocador nombre c\u00f3mo resistirse a visitarlo. Se trata de un paseo [&hellip;]<\/p>\n","protected":false},"author":1,"featured_media":20310,"comment_status":"open","ping_status":"closed","sticky":false,"template":"","format":"standard","meta":{"_eb_attr":"","site-sidebar-layout":"default","site-content-layout":"","ast-site-content-layout":"","site-content-style":"default","site-sidebar-style":"default","ast-global-header-display":"","ast-banner-title-visibility":"","ast-main-header-display":"","ast-hfb-above-header-display":"","ast-hfb-below-header-display":"","ast-hfb-mobile-header-display":"","site-post-title":"","ast-breadcrumbs-content":"","ast-featured-img":"","footer-sml-layout":"","theme-transparent-header-meta":"","adv-header-id-meta":"","stick-header-meta":"","header-above-stick-meta":"","header-main-stick-meta":"","header-below-stick-meta":"","astra-migrate-meta-layouts":"default","ast-page-background-enabled":"default","ast-page-background-meta":{"desktop":{"background-color":"","background-image":"","background-repeat":"repeat","background-position":"center center","background-size":"auto","background-attachment":"scroll","background-type":"","background-media":"","overlay-type":"","overlay-color":"","overlay-opacity":"","overlay-gradient":""},"tablet":{"background-color":"","background-image":"","background-repeat":"repeat","background-position":"center center","background-size":"auto","background-attachment":"scroll","background-type":"","background-media":"","overlay-type":"","overlay-color":"","overlay-opacity":"","overlay-gradient":""},"mobile":{"background-color":"","background-image":"","background-repeat":"repeat","background-position":"center center","background-size":"auto","background-attachment":"scroll","background-type":"","background-media":"","overlay-type":"","overlay-color":"","overlay-opacity":"","overlay-gradient":""}},"ast-content-background-meta":{"desktop":{"background-color":"var(--ast-global-color-5)","background-image":"","background-repeat":"repeat","background-position":"center center","background-size":"auto","background-attachment":"scroll","background-type":"","background-media":"","overlay-type":"","overlay-color":"","overlay-opacity":"","overlay-gradient":""},"tablet":{"background-color":"var(--ast-global-color-5)","background-image":"","background-repeat":"repeat","background-position":"center center","background-size":"auto","background-attachment":"scroll","background-type":"","background-media":"","overlay-type":"","overlay-color":"","overlay-opacity":"","overlay-gradient":""},"mobile":{"background-color":"var(--ast-global-color-5)","background-image":"","background-repeat":"repeat","background-position":"center center","background-size":"auto","background-attachment":"scroll","background-type":"","background-media":"","overlay-type":"","overlay-color":"","overlay-opacity":"","overlay-gradient":""}},"footnotes":""},"categories":[50,1213],"tags":[25],"class_list":["post-20305","post","type-post","status-publish","format-standard","has-post-thumbnail","hentry","category-lugo","category-uxia","tag-galicia"],"yoast_head":"<!-- This site is optimized with the Yoast SEO plugin v24.9 - https:\/\/yoast.com\/wordpress\/plugins\/seo\/ -->\n<title>Paseo dos So\u00f1os, Paseo de los sue\u00f1os - Galicia con ni\u00f1os | GALICIA M\u00c1XICA<\/title>\n<meta name=\"description\" content=\"Paseo dos so\u00f1os, Paseo de los sue\u00f1os,\u2026con este evocador nombre c\u00f3mo resistirse a visitarlo. 3 kms de baja dificultad y totalmente accesible.\" \/>\n<meta name=\"robots\" content=\"index, follow, max-snippet:-1, max-image-preview:large, max-video-preview:-1\" \/>\n<link rel=\"canonical\" href=\"https:\/\/www.galiciamaxica.eu\/mini\/paseo-dos-sonos-paseo-de-los-suenos\/\" \/>\n<meta property=\"og:locale\" content=\"es_ES\" \/>\n<meta property=\"og:type\" content=\"article\" \/>\n<meta property=\"og:title\" content=\"Paseo dos So\u00f1os, Paseo de los sue\u00f1os - Galicia con ni\u00f1os | GALICIA M\u00c1XICA\" \/>\n<meta property=\"og:description\" content=\"Paseo dos so\u00f1os, Paseo de los sue\u00f1os,\u2026con este evocador nombre c\u00f3mo resistirse a visitarlo. 3 kms de baja dificultad y totalmente accesible.\" \/>\n<meta property=\"og:url\" content=\"https:\/\/www.galiciamaxica.eu\/mini\/paseo-dos-sonos-paseo-de-los-suenos\/\" \/>\n<meta property=\"og:site_name\" content=\"Galicia con ni\u00f1os | GALICIA M\u00c1XICA\" \/>\n<meta property=\"article:publisher\" content=\"https:\/\/www.facebook.com\/maria.rodriguezserantes\" \/>\n<meta property=\"article:author\" content=\"https:\/\/www.facebook.com\/maria.rodriguezserantes\" \/>\n<meta property=\"article:published_time\" content=\"2022-10-05T16:48:31+00:00\" \/>\n<meta property=\"article:modified_time\" content=\"2024-08-13T17:39:46+00:00\" \/>\n<meta property=\"og:image\" content=\"https:\/\/www.galiciamaxica.eu\/mini\/wp-content\/uploads\/2022\/10\/20220517_130910.jpg\" \/>\n\t<meta property=\"og:image:width\" content=\"525\" \/>\n\t<meta property=\"og:image:height\" content=\"700\" \/>\n\t<meta property=\"og:image:type\" content=\"image\/jpeg\" \/>\n<meta name=\"author\" content=\"seseixa\" \/>\n<meta name=\"twitter:card\" content=\"summary_large_image\" \/>\n<meta name=\"twitter:creator\" content=\"@seseixa\" \/>\n<meta name=\"twitter:site\" content=\"@seseixa\" \/>\n<meta name=\"twitter:label1\" content=\"Escrito por\" \/>\n\t<meta name=\"twitter:data1\" content=\"seseixa\" \/>\n\t<meta name=\"twitter:label2\" content=\"Tiempo de lectura\" \/>\n\t<meta name=\"twitter:data2\" content=\"4 minutos\" \/>\n<script type=\"application\/ld+json\" class=\"yoast-schema-graph\">{\"@context\":\"https:\/\/schema.org\",\"@graph\":[{\"@type\":\"Article\",\"@id\":\"https:\/\/www.galiciamaxica.eu\/mini\/paseo-dos-sonos-paseo-de-los-suenos\/#article\",\"isPartOf\":{\"@id\":\"https:\/\/www.galiciamaxica.eu\/mini\/paseo-dos-sonos-paseo-de-los-suenos\/\"},\"author\":{\"name\":\"seseixa\",\"@id\":\"https:\/\/www.galiciamaxica.eu\/mini\/#\/schema\/person\/2b284fe2fd911000a48d2e8936300179\"},\"headline\":\"Paseo dos So\u00f1os, Paseo de los sue\u00f1os\",\"datePublished\":\"2022-10-05T16:48:31+00:00\",\"dateModified\":\"2024-08-13T17:39:46+00:00\",\"mainEntityOfPage\":{\"@id\":\"https:\/\/www.galiciamaxica.eu\/mini\/paseo-dos-sonos-paseo-de-los-suenos\/\"},\"wordCount\":408,\"commentCount\":0,\"publisher\":{\"@id\":\"https:\/\/www.galiciamaxica.eu\/mini\/#\/schema\/person\/2b284fe2fd911000a48d2e8936300179\"},\"image\":{\"@id\":\"https:\/\/www.galiciamaxica.eu\/mini\/paseo-dos-sonos-paseo-de-los-suenos\/#primaryimage\"},\"thumbnailUrl\":\"https:\/\/www.galiciamaxica.eu\/mini\/wp-content\/uploads\/2022\/10\/20220517_130910.jpg\",\"keywords\":[\"Galicia\"],\"articleSection\":[\"LUGO\",\"Ux\u00eda\"],\"inLanguage\":\"es\",\"potentialAction\":[{\"@type\":\"CommentAction\",\"name\":\"Comment\",\"target\":[\"https:\/\/www.galiciamaxica.eu\/mini\/paseo-dos-sonos-paseo-de-los-suenos\/#respond\"]}]},{\"@type\":\"WebPage\",\"@id\":\"https:\/\/www.galiciamaxica.eu\/mini\/paseo-dos-sonos-paseo-de-los-suenos\/\",\"url\":\"https:\/\/www.galiciamaxica.eu\/mini\/paseo-dos-sonos-paseo-de-los-suenos\/\",\"name\":\"Paseo dos So\u00f1os, Paseo de los sue\u00f1os - Galicia con ni\u00f1os | GALICIA M\u00c1XICA\",\"isPartOf\":{\"@id\":\"https:\/\/www.galiciamaxica.eu\/mini\/#website\"},\"primaryImageOfPage\":{\"@id\":\"https:\/\/www.galiciamaxica.eu\/mini\/paseo-dos-sonos-paseo-de-los-suenos\/#primaryimage\"},\"image\":{\"@id\":\"https:\/\/www.galiciamaxica.eu\/mini\/paseo-dos-sonos-paseo-de-los-suenos\/#primaryimage\"},\"thumbnailUrl\":\"https:\/\/www.galiciamaxica.eu\/mini\/wp-content\/uploads\/2022\/10\/20220517_130910.jpg\",\"datePublished\":\"2022-10-05T16:48:31+00:00\",\"dateModified\":\"2024-08-13T17:39:46+00:00\",\"description\":\"Paseo dos so\u00f1os, Paseo de los sue\u00f1os,\u2026con este evocador nombre c\u00f3mo resistirse a visitarlo. 3 kms de baja dificultad y totalmente accesible.\",\"breadcrumb\":{\"@id\":\"https:\/\/www.galiciamaxica.eu\/mini\/paseo-dos-sonos-paseo-de-los-suenos\/#breadcrumb\"},\"inLanguage\":\"es\",\"potentialAction\":[{\"@type\":\"ReadAction\",\"target\":[\"https:\/\/www.galiciamaxica.eu\/mini\/paseo-dos-sonos-paseo-de-los-suenos\/\"]}]},{\"@type\":\"ImageObject\",\"inLanguage\":\"es\",\"@id\":\"https:\/\/www.galiciamaxica.eu\/mini\/paseo-dos-sonos-paseo-de-los-suenos\/#primaryimage\",\"url\":\"https:\/\/www.galiciamaxica.eu\/mini\/wp-content\/uploads\/2022\/10\/20220517_130910.jpg\",\"contentUrl\":\"https:\/\/www.galiciamaxica.eu\/mini\/wp-content\/uploads\/2022\/10\/20220517_130910.jpg\",\"width\":525,\"height\":700,\"caption\":\"paseo dos so\u00f1os\"},{\"@type\":\"BreadcrumbList\",\"@id\":\"https:\/\/www.galiciamaxica.eu\/mini\/paseo-dos-sonos-paseo-de-los-suenos\/#breadcrumb\",\"itemListElement\":[{\"@type\":\"ListItem\",\"position\":1,\"name\":\"Portada\",\"item\":\"https:\/\/www.galiciamaxica.eu\/mini\/\"},{\"@type\":\"ListItem\",\"position\":2,\"name\":\"Paseo dos So\u00f1os, Paseo de los sue\u00f1os\"}]},{\"@type\":\"WebSite\",\"@id\":\"https:\/\/www.galiciamaxica.eu\/mini\/#website\",\"url\":\"https:\/\/www.galiciamaxica.eu\/mini\/\",\"name\":\"Galicia con ni\u00f1os | GALICIA M\u00c1XICA\",\"description\":\"Qu\u00e9 hacer con ni\u00f1os en Galicia\",\"publisher\":{\"@id\":\"https:\/\/www.galiciamaxica.eu\/mini\/#\/schema\/person\/2b284fe2fd911000a48d2e8936300179\"},\"potentialAction\":[{\"@type\":\"SearchAction\",\"target\":{\"@type\":\"EntryPoint\",\"urlTemplate\":\"https:\/\/www.galiciamaxica.eu\/mini\/?s={search_term_string}\"},\"query-input\":{\"@type\":\"PropertyValueSpecification\",\"valueRequired\":true,\"valueName\":\"search_term_string\"}}],\"inLanguage\":\"es\"},{\"@type\":[\"Person\",\"Organization\"],\"@id\":\"https:\/\/www.galiciamaxica.eu\/mini\/#\/schema\/person\/2b284fe2fd911000a48d2e8936300179\",\"name\":\"seseixa\",\"image\":{\"@type\":\"ImageObject\",\"inLanguage\":\"es\",\"@id\":\"https:\/\/www.galiciamaxica.eu\/mini\/#\/schema\/person\/image\/\",\"url\":\"https:\/\/www.galiciamaxica.eu\/mini\/wp-content\/uploads\/2019\/02\/seseixa.png\",\"contentUrl\":\"https:\/\/www.galiciamaxica.eu\/mini\/wp-content\/uploads\/2019\/02\/seseixa.png\",\"width\":100,\"height\":100,\"caption\":\"seseixa\"},\"logo\":{\"@id\":\"https:\/\/www.galiciamaxica.eu\/mini\/#\/schema\/person\/image\/\"},\"description\":\"En la actualidad combinando dos proyectos que me apasionan, Galicia y los ni\u00f1os. Tengo mucho que aportar y otro tanto que aprender, as\u00ed como, el tiempo y el coraz\u00f3n, dividido en todo momento. Soy mam\u00e1, un titulo otorgado a tiempo completo, compa\u00f1era y amiga, a todas horas, familiar y cercana, siempre. De esp\u00edritu inquieto, soy una eterna ni\u00f1a que juega en el pa\u00eds de las maravillas. Una enamorada de mi tierra, por la que trabajo sin descanso. Creo en la infancia como motor que cambiar\u00e1 el mundo a mejor y busco en mi vida la felicidad como estado permanente porque s\u00f3lo se vive una vez.\",\"sameAs\":[\"http:\/\/mini.galiciamaxica.eu\/\",\"https:\/\/www.facebook.com\/maria.rodriguezserantes\",\"https:\/\/x.com\/seseixa\"],\"url\":\"https:\/\/www.galiciamaxica.eu\/mini\/author\/seseixa\/\"}]}<\/script>\n<!-- \/ Yoast SEO plugin. -->","yoast_head_json":{"title":"Paseo dos So\u00f1os, Paseo de los sue\u00f1os - Galicia con ni\u00f1os | GALICIA M\u00c1XICA","description":"Paseo dos so\u00f1os, Paseo de los sue\u00f1os,\u2026con este evocador nombre c\u00f3mo resistirse a visitarlo. 3 kms de baja dificultad y totalmente accesible.","robots":{"index":"index","follow":"follow","max-snippet":"max-snippet:-1","max-image-preview":"max-image-preview:large","max-video-preview":"max-video-preview:-1"},"canonical":"https:\/\/www.galiciamaxica.eu\/mini\/paseo-dos-sonos-paseo-de-los-suenos\/","og_locale":"es_ES","og_type":"article","og_title":"Paseo dos So\u00f1os, Paseo de los sue\u00f1os - Galicia con ni\u00f1os | GALICIA M\u00c1XICA","og_description":"Paseo dos so\u00f1os, Paseo de los sue\u00f1os,\u2026con este evocador nombre c\u00f3mo resistirse a visitarlo. 3 kms de baja dificultad y totalmente accesible.","og_url":"https:\/\/www.galiciamaxica.eu\/mini\/paseo-dos-sonos-paseo-de-los-suenos\/","og_site_name":"Galicia con ni\u00f1os | GALICIA M\u00c1XICA","article_publisher":"https:\/\/www.facebook.com\/maria.rodriguezserantes","article_author":"https:\/\/www.facebook.com\/maria.rodriguezserantes","article_published_time":"2022-10-05T16:48:31+00:00","article_modified_time":"2024-08-13T17:39:46+00:00","og_image":[{"width":525,"height":700,"url":"https:\/\/www.galiciamaxica.eu\/mini\/wp-content\/uploads\/2022\/10\/20220517_130910.jpg","type":"image\/jpeg"}],"author":"seseixa","twitter_card":"summary_large_image","twitter_creator":"@seseixa","twitter_site":"@seseixa","twitter_misc":{"Escrito por":"seseixa","Tiempo de lectura":"4 minutos"},"schema":{"@context":"https:\/\/schema.org","@graph":[{"@type":"Article","@id":"https:\/\/www.galiciamaxica.eu\/mini\/paseo-dos-sonos-paseo-de-los-suenos\/#article","isPartOf":{"@id":"https:\/\/www.galiciamaxica.eu\/mini\/paseo-dos-sonos-paseo-de-los-suenos\/"},"author":{"name":"seseixa","@id":"https:\/\/www.galiciamaxica.eu\/mini\/#\/schema\/person\/2b284fe2fd911000a48d2e8936300179"},"headline":"Paseo dos So\u00f1os, Paseo de los sue\u00f1os","datePublished":"2022-10-05T16:48:31+00:00","dateModified":"2024-08-13T17:39:46+00:00","mainEntityOfPage":{"@id":"https:\/\/www.galiciamaxica.eu\/mini\/paseo-dos-sonos-paseo-de-los-suenos\/"},"wordCount":408,"commentCount":0,"publisher":{"@id":"https:\/\/www.galiciamaxica.eu\/mini\/#\/schema\/person\/2b284fe2fd911000a48d2e8936300179"},"image":{"@id":"https:\/\/www.galiciamaxica.eu\/mini\/paseo-dos-sonos-paseo-de-los-suenos\/#primaryimage"},"thumbnailUrl":"https:\/\/www.galiciamaxica.eu\/mini\/wp-content\/uploads\/2022\/10\/20220517_130910.jpg","keywords":["Galicia"],"articleSection":["LUGO","Ux\u00eda"],"inLanguage":"es","potentialAction":[{"@type":"CommentAction","name":"Comment","target":["https:\/\/www.galiciamaxica.eu\/mini\/paseo-dos-sonos-paseo-de-los-suenos\/#respond"]}]},{"@type":"WebPage","@id":"https:\/\/www.galiciamaxica.eu\/mini\/paseo-dos-sonos-paseo-de-los-suenos\/","url":"https:\/\/www.galiciamaxica.eu\/mini\/paseo-dos-sonos-paseo-de-los-suenos\/","name":"Paseo dos So\u00f1os, Paseo de los sue\u00f1os - Galicia con ni\u00f1os | GALICIA M\u00c1XICA","isPartOf":{"@id":"https:\/\/www.galiciamaxica.eu\/mini\/#website"},"primaryImageOfPage":{"@id":"https:\/\/www.galiciamaxica.eu\/mini\/paseo-dos-sonos-paseo-de-los-suenos\/#primaryimage"},"image":{"@id":"https:\/\/www.galiciamaxica.eu\/mini\/paseo-dos-sonos-paseo-de-los-suenos\/#primaryimage"},"thumbnailUrl":"https:\/\/www.galiciamaxica.eu\/mini\/wp-content\/uploads\/2022\/10\/20220517_130910.jpg","datePublished":"2022-10-05T16:48:31+00:00","dateModified":"2024-08-13T17:39:46+00:00","description":"Paseo dos so\u00f1os, Paseo de los sue\u00f1os,\u2026con este evocador nombre c\u00f3mo resistirse a visitarlo. 3 kms de baja dificultad y totalmente accesible.","breadcrumb":{"@id":"https:\/\/www.galiciamaxica.eu\/mini\/paseo-dos-sonos-paseo-de-los-suenos\/#breadcrumb"},"inLanguage":"es","potentialAction":[{"@type":"ReadAction","target":["https:\/\/www.galiciamaxica.eu\/mini\/paseo-dos-sonos-paseo-de-los-suenos\/"]}]},{"@type":"ImageObject","inLanguage":"es","@id":"https:\/\/www.galiciamaxica.eu\/mini\/paseo-dos-sonos-paseo-de-los-suenos\/#primaryimage","url":"https:\/\/www.galiciamaxica.eu\/mini\/wp-content\/uploads\/2022\/10\/20220517_130910.jpg","contentUrl":"https:\/\/www.galiciamaxica.eu\/mini\/wp-content\/uploads\/2022\/10\/20220517_130910.jpg","width":525,"height":700,"caption":"paseo dos so\u00f1os"},{"@type":"BreadcrumbList","@id":"https:\/\/www.galiciamaxica.eu\/mini\/paseo-dos-sonos-paseo-de-los-suenos\/#breadcrumb","itemListElement":[{"@type":"ListItem","position":1,"name":"Portada","item":"https:\/\/www.galiciamaxica.eu\/mini\/"},{"@type":"ListItem","position":2,"name":"Paseo dos So\u00f1os, Paseo de los sue\u00f1os"}]},{"@type":"WebSite","@id":"https:\/\/www.galiciamaxica.eu\/mini\/#website","url":"https:\/\/www.galiciamaxica.eu\/mini\/","name":"Galicia con ni\u00f1os | GALICIA M\u00c1XICA","description":"Qu\u00e9 hacer con ni\u00f1os en Galicia","publisher":{"@id":"https:\/\/www.galiciamaxica.eu\/mini\/#\/schema\/person\/2b284fe2fd911000a48d2e8936300179"},"potentialAction":[{"@type":"SearchAction","target":{"@type":"EntryPoint","urlTemplate":"https:\/\/www.galiciamaxica.eu\/mini\/?s={search_term_string}"},"query-input":{"@type":"PropertyValueSpecification","valueRequired":true,"valueName":"search_term_string"}}],"inLanguage":"es"},{"@type":["Person","Organization"],"@id":"https:\/\/www.galiciamaxica.eu\/mini\/#\/schema\/person\/2b284fe2fd911000a48d2e8936300179","name":"seseixa","image":{"@type":"ImageObject","inLanguage":"es","@id":"https:\/\/www.galiciamaxica.eu\/mini\/#\/schema\/person\/image\/","url":"https:\/\/www.galiciamaxica.eu\/mini\/wp-content\/uploads\/2019\/02\/seseixa.png","contentUrl":"https:\/\/www.galiciamaxica.eu\/mini\/wp-content\/uploads\/2019\/02\/seseixa.png","width":100,"height":100,"caption":"seseixa"},"logo":{"@id":"https:\/\/www.galiciamaxica.eu\/mini\/#\/schema\/person\/image\/"},"description":"En la actualidad combinando dos proyectos que me apasionan, Galicia y los ni\u00f1os. Tengo mucho que aportar y otro tanto que aprender, as\u00ed como, el tiempo y el coraz\u00f3n, dividido en todo momento. Soy mam\u00e1, un titulo otorgado a tiempo completo, compa\u00f1era y amiga, a todas horas, familiar y cercana, siempre. De esp\u00edritu inquieto, soy una eterna ni\u00f1a que juega en el pa\u00eds de las maravillas. Una enamorada de mi tierra, por la que trabajo sin descanso. Creo en la infancia como motor que cambiar\u00e1 el mundo a mejor y busco en mi vida la felicidad como estado permanente porque s\u00f3lo se vive una vez.","sameAs":["http:\/\/mini.galiciamaxica.eu\/","https:\/\/www.facebook.com\/maria.rodriguezserantes","https:\/\/x.com\/seseixa"],"url":"https:\/\/www.galiciamaxica.eu\/mini\/author\/seseixa\/"}]}},"amp_enabled":true,"post_mailing_queue_ids":[],"_links":{"self":[{"href":"https:\/\/www.galiciamaxica.eu\/mini\/wp-json\/wp\/v2\/posts\/20305"}],"collection":[{"href":"https:\/\/www.galiciamaxica.eu\/mini\/wp-json\/wp\/v2\/posts"}],"about":[{"href":"https:\/\/www.galiciamaxica.eu\/mini\/wp-json\/wp\/v2\/types\/post"}],"author":[{"embeddable":true,"href":"https:\/\/www.galiciamaxica.eu\/mini\/wp-json\/wp\/v2\/users\/1"}],"replies":[{"embeddable":true,"href":"https:\/\/www.galiciamaxica.eu\/mini\/wp-json\/wp\/v2\/comments?post=20305"}],"version-history":[{"count":5,"href":"https:\/\/www.galiciamaxica.eu\/mini\/wp-json\/wp\/v2\/posts\/20305\/revisions"}],"predecessor-version":[{"id":22359,"href":"https:\/\/www.galiciamaxica.eu\/mini\/wp-json\/wp\/v2\/posts\/20305\/revisions\/22359"}],"wp:featuredmedia":[{"embeddable":true,"href":"https:\/\/www.galiciamaxica.eu\/mini\/wp-json\/wp\/v2\/media\/20310"}],"wp:attachment":[{"href":"https:\/\/www.galiciamaxica.eu\/mini\/wp-json\/wp\/v2\/media?parent=20305"}],"wp:term":[{"taxonomy":"category","embeddable":true,"href":"https:\/\/www.galiciamaxica.eu\/mini\/wp-json\/wp\/v2\/categories?post=20305"},{"taxonomy":"post_tag","embeddable":true,"href":"https:\/\/www.galiciamaxica.eu\/mini\/wp-json\/wp\/v2\/tags?post=20305"}],"curies":[{"name":"wp","href":"https:\/\/api.w.org\/{rel}","templated":true}]}}