{"id":20264,"date":"2022-10-04T18:37:10","date_gmt":"2022-10-04T16:37:10","guid":{"rendered":"https:\/\/www.galiciamaxica.eu\/mini\/?p=20264"},"modified":"2024-08-13T19:39:10","modified_gmt":"2024-08-13T17:39:10","slug":"esta-entrada-va-dedicada-a-los-heroes-del-patrimonio","status":"publish","type":"post","link":"https:\/\/www.galiciamaxica.eu\/mini\/esta-entrada-va-dedicada-a-los-heroes-del-patrimonio\/","title":{"rendered":"Esta entrada va dedicada a los h\u00e9roes del patrimonio."},"content":{"rendered":"\n<p>En este viaje valoraremos si cabe a\u00fan m\u00e1s <strong>el patrimonio de Galicia<\/strong>. Seremos h\u00e9roes del patrimonio gallego.<\/p>\n\n\n\n<p>Descubriremos una ermita y un molino en ruinas pero no faltar\u00e1 una peque\u00f1a ruta embellecida con patrimonio natural y una puesta en valor que ser\u00e1 todo un ejemplo y referente de lo que ha de hacerse.<\/p>\n\n\n\n<figure class=\"wp-block-image size-large\"><a href=\"https:\/\/www.galiciamaxica.eu\/mini\/wp-content\/uploads\/2022\/10\/unnamed-file-5.jpg\"><img fetchpriority=\"high\" decoding=\"async\" width=\"1024\" height=\"683\" src=\"https:\/\/www.galiciamaxica.eu\/mini\/wp-content\/uploads\/2022\/10\/unnamed-file-5-1024x683.jpg\" alt=\"molino de retorta\" class=\"wp-image-20291\" srcset=\"https:\/\/www.galiciamaxica.eu\/mini\/wp-content\/uploads\/2022\/10\/unnamed-file-5-1024x683.jpg 1024w, https:\/\/www.galiciamaxica.eu\/mini\/wp-content\/uploads\/2022\/10\/unnamed-file-5-300x200.jpg 300w, https:\/\/www.galiciamaxica.eu\/mini\/wp-content\/uploads\/2022\/10\/unnamed-file-5-768x512.jpg 768w, https:\/\/www.galiciamaxica.eu\/mini\/wp-content\/uploads\/2022\/10\/unnamed-file-5.jpg 1050w\" sizes=\"(max-width: 1024px) 100vw, 1024px\" \/><\/a><\/figure>\n\n\n\n<h2 class=\"wp-block-heading\">H\u00e9roes del patrimonio.<\/h2>\n\n\n\n<p>A partir de ya, seremos todos unos <strong>H\u00e9roes del patrimonio,<\/strong> lo defenderemos, lo cuidaremos y haremos que se valore. <\/p>\n\n\n\n<p class=\"has-text-align-center\"><strong>Ten en cuenta que en las manos de nuestros hijos est\u00e1 el futuro de Galicia. <\/strong><\/p>\n\n\n\n<figure class=\"wp-block-image aligncenter size-full\"><a href=\"https:\/\/www.galiciamaxica.eu\/mini\/wp-content\/uploads\/2022\/10\/V-F1xw9JrF1IT9OrMgtQemsECAZ2y-YJadSv5fGxvZMeJxFPc-1.jpg\"><img decoding=\"async\" width=\"1024\" height=\"683\" src=\"https:\/\/www.galiciamaxica.eu\/mini\/wp-content\/uploads\/2022\/10\/V-F1xw9JrF1IT9OrMgtQemsECAZ2y-YJadSv5fGxvZMeJxFPc-1.jpg\" alt=\"\" class=\"wp-image-20287\" srcset=\"https:\/\/www.galiciamaxica.eu\/mini\/wp-content\/uploads\/2022\/10\/V-F1xw9JrF1IT9OrMgtQemsECAZ2y-YJadSv5fGxvZMeJxFPc-1.jpg 1024w, https:\/\/www.galiciamaxica.eu\/mini\/wp-content\/uploads\/2022\/10\/V-F1xw9JrF1IT9OrMgtQemsECAZ2y-YJadSv5fGxvZMeJxFPc-1-300x200.jpg 300w, https:\/\/www.galiciamaxica.eu\/mini\/wp-content\/uploads\/2022\/10\/V-F1xw9JrF1IT9OrMgtQemsECAZ2y-YJadSv5fGxvZMeJxFPc-1-768x512.jpg 768w\" sizes=\"(max-width: 1024px) 100vw, 1024px\" \/><\/a><\/figure>\n\n\n\n<h3 class=\"wp-block-heading\"> \u00bfPor qu\u00e9 se debe visitar un lugar si est\u00e1 en ruinas? <\/h3>\n\n\n\n<p class=\"has-text-align-center\"><strong>Si se visita, se valora..si se valora, se cuida\u2026y si lo compartes, se conoce y ayuda a su puesta en valor. <\/strong><\/p>\n\n\n\n<p>Este es el  resume del por qu\u00e9 para mi es tan importante esta entrada. Vosotros sois ese peque\u00f1o\/gran granito de arena que hace que estos lugares no se olviden, en fin, si llegas hasta aqu\u00ed es porque eres una parte bien importante de<a href=\"https:\/\/www.galiciamaxica.eu\/mapa-general\/\"> <strong>Galicia M\u00e1xica, sois el alma de #GaliciaM\u00e1xica.<\/strong><\/a><\/p>\n\n\n\n<figure class=\"wp-block-image aligncenter size-large\"><a href=\"https:\/\/www.galiciamaxica.eu\/mini\/wp-content\/uploads\/2022\/10\/wfwMYVZab2UF_YsL4sKxjblJZ9cojpMOAC3b_V8eSoYeJxFPc-6.jpg\"><img decoding=\"async\" width=\"1024\" height=\"683\" src=\"https:\/\/www.galiciamaxica.eu\/mini\/wp-content\/uploads\/2022\/10\/wfwMYVZab2UF_YsL4sKxjblJZ9cojpMOAC3b_V8eSoYeJxFPc-6-1024x683.jpg\" alt=\"molino de retorta\" class=\"wp-image-20288\" srcset=\"https:\/\/www.galiciamaxica.eu\/mini\/wp-content\/uploads\/2022\/10\/wfwMYVZab2UF_YsL4sKxjblJZ9cojpMOAC3b_V8eSoYeJxFPc-6-1024x683.jpg 1024w, https:\/\/www.galiciamaxica.eu\/mini\/wp-content\/uploads\/2022\/10\/wfwMYVZab2UF_YsL4sKxjblJZ9cojpMOAC3b_V8eSoYeJxFPc-6-300x200.jpg 300w, https:\/\/www.galiciamaxica.eu\/mini\/wp-content\/uploads\/2022\/10\/wfwMYVZab2UF_YsL4sKxjblJZ9cojpMOAC3b_V8eSoYeJxFPc-6-768x512.jpg 768w, https:\/\/www.galiciamaxica.eu\/mini\/wp-content\/uploads\/2022\/10\/wfwMYVZab2UF_YsL4sKxjblJZ9cojpMOAC3b_V8eSoYeJxFPc-6.jpg 1050w\" sizes=\"(max-width: 1024px) 100vw, 1024px\" \/><\/a><\/figure>\n\n\n\n<p>Quiz\u00e1s lo primero que has de tener en cuenta es que a\u00fan viendo los lugares en este estado de abandono, en ruinas, eres tremendamente afortunado de visitarlo. Estas observando una pieza en la historia de Galicia y segundo, porque gracias a vuestra visita, la valoraci\u00f3n est\u00e1 un poco m\u00e1s cerca.<\/p>\n\n\n\n<figure class=\"wp-block-image aligncenter size-full\"><a href=\"https:\/\/www.galiciamaxica.eu\/mini\/wp-content\/uploads\/2022\/10\/unnamed-file-4.jpg\"><img loading=\"lazy\" decoding=\"async\" width=\"1024\" height=\"683\" src=\"https:\/\/www.galiciamaxica.eu\/mini\/wp-content\/uploads\/2022\/10\/unnamed-file-4.jpg\" alt=\"\" class=\"wp-image-20285\" srcset=\"https:\/\/www.galiciamaxica.eu\/mini\/wp-content\/uploads\/2022\/10\/unnamed-file-4.jpg 1024w, https:\/\/www.galiciamaxica.eu\/mini\/wp-content\/uploads\/2022\/10\/unnamed-file-4-300x200.jpg 300w, https:\/\/www.galiciamaxica.eu\/mini\/wp-content\/uploads\/2022\/10\/unnamed-file-4-768x512.jpg 768w\" sizes=\"(max-width: 1024px) 100vw, 1024px\" \/><\/a><\/figure>\n\n\n\n<h3 class=\"wp-block-heading\">Precauci\u00f3n, sensatez y sentidi\u00f1o en lugares ruinosos<\/h3>\n\n\n\n<p>Antes de empezar el viaje recuerda qui\u00e9n es el ni\u00f1o y qui\u00e9n el adulto responsable. Cuando se visitan ruinas t\u00fa eres el responsable. <\/p>\n\n\n\n<p>No hace falta meterse con los ni\u00f1os en el interior de un edificio en ruinas, podemos observar desde la distancia y ense\u00f1arles la mejor de las lecciones in situ, la valoraci\u00f3n y el acercarles a su importante historia.<\/p>\n\n\n\n<p>Hay que avisar a los m\u00e1s peque\u00f1os de los peligros de una visita a un lugar como este abandonado o en ruinas. No hay mejor consejo que el de anticiparse siempre a lo que podr\u00eda pasar. <\/p>\n\n\n\n<p class=\"has-text-align-center\"><strong>Por estos lugares no se corre, ni grita, se pasa de puntillas y con mil ojos.<\/strong><\/p>\n\n\n\n<figure class=\"wp-block-image aligncenter size-full\"><a href=\"https:\/\/www.galiciamaxica.eu\/mini\/wp-content\/uploads\/2022\/10\/unnamed-file-4.jpg\"><img loading=\"lazy\" decoding=\"async\" width=\"1024\" height=\"683\" src=\"https:\/\/www.galiciamaxica.eu\/mini\/wp-content\/uploads\/2022\/10\/unnamed-file-4.jpg\" alt=\"iglesia banco da cerdeira\" class=\"wp-image-20285\" srcset=\"https:\/\/www.galiciamaxica.eu\/mini\/wp-content\/uploads\/2022\/10\/unnamed-file-4.jpg 1024w, https:\/\/www.galiciamaxica.eu\/mini\/wp-content\/uploads\/2022\/10\/unnamed-file-4-300x200.jpg 300w, https:\/\/www.galiciamaxica.eu\/mini\/wp-content\/uploads\/2022\/10\/unnamed-file-4-768x512.jpg 768w\" sizes=\"(max-width: 1024px) 100vw, 1024px\" \/><\/a><\/figure>\n\n\n\n<h2 class=\"wp-block-heading\">Mapa de Viaje<\/h2>\n\n\n\n<p>Da igual por d\u00f3nde empieces el viaje. Recuerda que los viajes han de estar hechos a vuestra medida, cada familia es distinta por lo que yo solo te dejo un mapa con los sitios que vais a visitar y te doy algunas pistas de lo que pod\u00e9is hacer en el sitio.<\/p>\n\n\n\n<p>Hoy vamos a hacer un viaje familiar distinto, vamos a descubrir dos molinos en condiciones bien distintas, uno recuperado, y otro en estado de abandono. Y tambi\u00e9n descubriremos una iglesia en ruinas que est\u00e1 siendo puesta en valor. <\/p>\n\n\n\n<iframe src=\"https:\/\/www.google.com\/maps\/d\/u\/0\/embed?mid=1wD1w9grB3uFi4WZMUc5E4PBEmQZ4I4Y&#038;ehbc=2E312F\" width=\"640\" height=\"480\"><\/iframe>\n\n\n\n<p>Debemos tener en cuenta en todos los viajes el nadie nace aprendido \u00abNunca des por  dicho nada\u00bb y que el crecimiento de los ni\u00f1os es algo que no surge de repente, es un poco a poco al que no debemos quitarle ojo.<\/p>\n\n\n\n<p class=\"has-text-align-center\"><strong>Desde peque\u00f1os hay que hacerles entender que los valores se cultivan d\u00eda a d\u00eda. Nadie se solt\u00f3 a andar, sin una mano que ayudara a dar el primer paso.<\/strong><\/p>\n\n\n\n<h3 class=\"wp-block-heading\">Fomentamos la conversaci\u00f3n y creamos un lluvia de ideas en los sitios.<\/h3>\n\n\n\n<p>Estar\u00e1 muy bien que al llegar a los sitios incitemos a los ni\u00f1os al dialogo, no seamos poco participativos tomando las riendas de la excursi\u00f3n en todo momento y siendo unos loros repitiendo la lecci\u00f3n a inculcar. Es m\u00e1s importante el que los ni\u00f1os aporten que el que lo hagas t\u00fa. <\/p>\n\n\n\n<p class=\"has-text-align-center\"><strong>Vive el viaje con su mirada y lo disfrutar\u00e1s mucho m\u00e1s.<\/strong><\/p>\n\n\n\n<h2 class=\"wp-block-heading\">Sitios que vamos a visitar<\/h2>\n\n\n\n<h3 class=\"wp-block-heading\"><a href=\"https:\/\/www.galiciamaxica.eu\/galicia\/ruinas-iglesia-de-ribas-de-mino-en-o-paramo\/\">Ruinas \u2013 Iglesia de Ribas de Mi\u00f1o en O P\u00e1ramo<\/a><\/h3>\n\n\n\n<p>Este lugar naci\u00f3 de la actuaci\u00f3n de Jos\u00e9 Manuel Castro que quiso poner en el mapa esta bonita iglesia, y en 2021 empez\u00f3 su esfuerzo altruista de que luciera hermosa. <\/p>\n\n\n\n<figure class=\"wp-block-image aligncenter size-large\"><a href=\"https:\/\/www.galiciamaxica.eu\/mini\/wp-content\/uploads\/2022\/10\/unnamed-file-1.jpg\"><img loading=\"lazy\" decoding=\"async\" width=\"1024\" height=\"683\" src=\"https:\/\/www.galiciamaxica.eu\/mini\/wp-content\/uploads\/2022\/10\/unnamed-file-1-1024x683.jpg\" alt=\"banco da cerdeira\" class=\"wp-image-20268\" srcset=\"https:\/\/www.galiciamaxica.eu\/mini\/wp-content\/uploads\/2022\/10\/unnamed-file-1-1024x683.jpg 1024w, https:\/\/www.galiciamaxica.eu\/mini\/wp-content\/uploads\/2022\/10\/unnamed-file-1-300x200.jpg 300w, https:\/\/www.galiciamaxica.eu\/mini\/wp-content\/uploads\/2022\/10\/unnamed-file-1-768x512.jpg 768w, https:\/\/www.galiciamaxica.eu\/mini\/wp-content\/uploads\/2022\/10\/unnamed-file-1.jpg 1050w\" sizes=\"(max-width: 1024px) 100vw, 1024px\" \/><\/a><\/figure>\n\n\n\n<p>Quit\u00f3 el escombro y plant\u00f3 un banco. Ya por todos es conocido el poder m\u00e1gico de los bancos que cu\u00e1l imanes nos atraen a sentarnos en ellos.<\/p>\n\n\n\n<blockquote class=\"tiktok-embed\" cite=\"https:\/\/www.tiktok.com\/@galiciamaxica\/video\/7131779975358811398\" data-video-id=\"7131779975358811398\" style=\"max-width: 605px;min-width: 325px;\" > <section> <a target=\"_blank\" title=\"@galiciamaxica\" href=\"https:\/\/www.tiktok.com\/@galiciamaxica?refer=embed\" rel=\"noopener\">@galiciamaxica<\/a> <p>Nuestro pr\u00f3ximo lugar en Galicia M\u00e1xica \ud83d\ude0d Una maravilla. Muy atentos!!!<\/p> <a target=\"_blank\" title=\"\u266c Carmina Burana Chorus(827975) - MANDEL BLUR\" href=\"https:\/\/www.tiktok.com\/music\/Carmina-Burana-Chorus-827975-6839727988859209729?refer=embed\" rel=\"noopener\">\u266c Carmina Burana Chorus(827975) &#8211; MANDEL BLUR<\/a> <\/section> <\/blockquote> <script async src=\"https:\/\/www.tiktok.com\/embed.js\"><\/script>\n\n\n\n<p>Este banco tiene nombre, <strong>el banco da Cerdeira<\/strong>, su nombre se lo debe a un cerezo que naci\u00f3 del cemento embelleciendo el lugar.<\/p>\n\n\n\n<figure class=\"wp-block-image aligncenter size-full\"><a href=\"https:\/\/www.galiciamaxica.eu\/mini\/wp-content\/uploads\/2022\/10\/unnamed-file.jpg\"><img loading=\"lazy\" decoding=\"async\" width=\"505\" height=\"757\" src=\"https:\/\/www.galiciamaxica.eu\/mini\/wp-content\/uploads\/2022\/10\/unnamed-file.jpg\" alt=\"banca da cerdeira\" class=\"wp-image-20265\" srcset=\"https:\/\/www.galiciamaxica.eu\/mini\/wp-content\/uploads\/2022\/10\/unnamed-file.jpg 505w, https:\/\/www.galiciamaxica.eu\/mini\/wp-content\/uploads\/2022\/10\/unnamed-file-200x300.jpg 200w\" sizes=\"(max-width: 505px) 100vw, 505px\" \/><\/a><\/figure>\n\n\n\n<p> Poco a poco otros se fueron uniendo a este movimiento de valorar lo propio y crearon una zona en la que el arte adorna el lugar y le da un valor a\u00f1adido el de todos. <\/p>\n\n\n\n<figure class=\"wp-block-image aligncenter size-large\"><a href=\"https:\/\/www.galiciamaxica.eu\/mini\/wp-content\/uploads\/2022\/10\/8J8U_j-cR38bLYJqEjQ8Phjv8SMn6g_X9OzZToSmoPEeJxFPc.jpg\"><img loading=\"lazy\" decoding=\"async\" width=\"1024\" height=\"683\" src=\"https:\/\/www.galiciamaxica.eu\/mini\/wp-content\/uploads\/2022\/10\/8J8U_j-cR38bLYJqEjQ8Phjv8SMn6g_X9OzZToSmoPEeJxFPc-1024x683.jpg\" alt=\"banco da cerdeira\" class=\"wp-image-20266\" srcset=\"https:\/\/www.galiciamaxica.eu\/mini\/wp-content\/uploads\/2022\/10\/8J8U_j-cR38bLYJqEjQ8Phjv8SMn6g_X9OzZToSmoPEeJxFPc-1024x683.jpg 1024w, https:\/\/www.galiciamaxica.eu\/mini\/wp-content\/uploads\/2022\/10\/8J8U_j-cR38bLYJqEjQ8Phjv8SMn6g_X9OzZToSmoPEeJxFPc-300x200.jpg 300w, https:\/\/www.galiciamaxica.eu\/mini\/wp-content\/uploads\/2022\/10\/8J8U_j-cR38bLYJqEjQ8Phjv8SMn6g_X9OzZToSmoPEeJxFPc-768x512.jpg 768w, https:\/\/www.galiciamaxica.eu\/mini\/wp-content\/uploads\/2022\/10\/8J8U_j-cR38bLYJqEjQ8Phjv8SMn6g_X9OzZToSmoPEeJxFPc.jpg 1050w\" sizes=\"(max-width: 1024px) 100vw, 1024px\" \/><\/a><\/figure>\n\n\n\n<p>Los artistas regalan al lugar sus obras porque es uno de los m\u00e1s bonitos museos al aire libre y sin lugar a dudas debe ser puesto en valor. Y esto nada tiene que ver con ser o no cristiano, tiene que ver con respeto.<\/p>\n\n\n\n<figure class=\"wp-block-image aligncenter size-large\"><a href=\"https:\/\/www.galiciamaxica.eu\/mini\/wp-content\/uploads\/2022\/10\/rVTaRDJGPAIjG3UZB9sF0aTNYlgSGnnWOOEa8FFaIweJxFPc.jpg\"><img loading=\"lazy\" decoding=\"async\" width=\"1024\" height=\"682\" src=\"https:\/\/www.galiciamaxica.eu\/mini\/wp-content\/uploads\/2022\/10\/rVTaRDJGPAIjG3UZB9sF0aTNYlgSGnnWOOEa8FFaIweJxFPc-1024x682.jpg\" alt=\"\" class=\"wp-image-20267\" srcset=\"https:\/\/www.galiciamaxica.eu\/mini\/wp-content\/uploads\/2022\/10\/rVTaRDJGPAIjG3UZB9sF0aTNYlgSGnnWOOEa8FFaIweJxFPc-1024x682.jpg 1024w, https:\/\/www.galiciamaxica.eu\/mini\/wp-content\/uploads\/2022\/10\/rVTaRDJGPAIjG3UZB9sF0aTNYlgSGnnWOOEa8FFaIweJxFPc-300x200.jpg 300w, https:\/\/www.galiciamaxica.eu\/mini\/wp-content\/uploads\/2022\/10\/rVTaRDJGPAIjG3UZB9sF0aTNYlgSGnnWOOEa8FFaIweJxFPc-768x512.jpg 768w, https:\/\/www.galiciamaxica.eu\/mini\/wp-content\/uploads\/2022\/10\/rVTaRDJGPAIjG3UZB9sF0aTNYlgSGnnWOOEa8FFaIweJxFPc.jpg 1135w\" sizes=\"(max-width: 1024px) 100vw, 1024px\" \/><\/a><\/figure>\n\n\n\n<h3 class=\"wp-block-heading\"><a href=\"https:\/\/www.galiciamaxica.eu\/galicia\/molino-muino-da-retorta\/\">Mu\u00ed\u00f1o da Retorta<\/a><\/h3>\n\n\n\n<p>Lo primero que haremos es descubrir a que se refiere la palabra \u00abretorta\u00bb  aunque lo viviremos en el recorrido hasta el molino, porque vale para designar a las grandes curvas y giros que hacen los caminos e incluso los r\u00edos. <\/p>\n\n\n\n<figure class=\"wp-block-image size-large\"><a href=\"https:\/\/www.galiciamaxica.eu\/mini\/wp-content\/uploads\/2022\/10\/rVTaRDJGPAIjG3UZB9sF0aTNYlgSGnnWOOEa8FFaIweJxFPc-1.jpg\"><img loading=\"lazy\" decoding=\"async\" width=\"1024\" height=\"683\" src=\"https:\/\/www.galiciamaxica.eu\/mini\/wp-content\/uploads\/2022\/10\/rVTaRDJGPAIjG3UZB9sF0aTNYlgSGnnWOOEa8FFaIweJxFPc-1-1024x683.jpg\" alt=\"sendero\" class=\"wp-image-20269\" srcset=\"https:\/\/www.galiciamaxica.eu\/mini\/wp-content\/uploads\/2022\/10\/rVTaRDJGPAIjG3UZB9sF0aTNYlgSGnnWOOEa8FFaIweJxFPc-1-1024x683.jpg 1024w, https:\/\/www.galiciamaxica.eu\/mini\/wp-content\/uploads\/2022\/10\/rVTaRDJGPAIjG3UZB9sF0aTNYlgSGnnWOOEa8FFaIweJxFPc-1-300x200.jpg 300w, https:\/\/www.galiciamaxica.eu\/mini\/wp-content\/uploads\/2022\/10\/rVTaRDJGPAIjG3UZB9sF0aTNYlgSGnnWOOEa8FFaIweJxFPc-1-768x512.jpg 768w, https:\/\/www.galiciamaxica.eu\/mini\/wp-content\/uploads\/2022\/10\/rVTaRDJGPAIjG3UZB9sF0aTNYlgSGnnWOOEa8FFaIweJxFPc-1.jpg 1050w\" sizes=\"(max-width: 1024px) 100vw, 1024px\" \/><\/a><\/figure>\n\n\n\n<p>Ahora nos toca una muy peque\u00f1ita ruta por la mejor naturaleza de Galicia, la aut\u00f3ctona. Os sorprender\u00e1n muchos los \u00e1rboles que encontraremos durante el recorrido, su gran tama\u00f1o viene de los muchos a\u00f1os que han vivido.<\/p>\n\n\n\n<figure class=\"wp-block-image size-full\"><a href=\"https:\/\/www.galiciamaxica.eu\/mini\/wp-content\/uploads\/2022\/10\/unnamed-file-2.jpg\"><img loading=\"lazy\" decoding=\"async\" width=\"1024\" height=\"683\" src=\"https:\/\/www.galiciamaxica.eu\/mini\/wp-content\/uploads\/2022\/10\/unnamed-file-2.jpg\" alt=\"\" class=\"wp-image-20270\" srcset=\"https:\/\/www.galiciamaxica.eu\/mini\/wp-content\/uploads\/2022\/10\/unnamed-file-2.jpg 1024w, https:\/\/www.galiciamaxica.eu\/mini\/wp-content\/uploads\/2022\/10\/unnamed-file-2-300x200.jpg 300w, https:\/\/www.galiciamaxica.eu\/mini\/wp-content\/uploads\/2022\/10\/unnamed-file-2-768x512.jpg 768w\" sizes=\"(max-width: 1024px) 100vw, 1024px\" \/><\/a><\/figure>\n\n\n\n<p>Son de unos 330 metros de ruta desde las casas (amplio aparcamiento) donde dejaremos el coche hasta el molino que ser\u00e1n un ba\u00f1o en verdes que nos sentar\u00e1 genial.<\/p>\n\n\n\n<figure class=\"wp-block-image aligncenter size-large\"><a href=\"https:\/\/www.galiciamaxica.eu\/mini\/wp-content\/uploads\/2022\/10\/wfwMYVZab2UF_YsL4sKxjblJZ9cojpMOAC3b_V8eSoYeJxFPc.jpg\"><img loading=\"lazy\" decoding=\"async\" width=\"1024\" height=\"683\" src=\"https:\/\/www.galiciamaxica.eu\/mini\/wp-content\/uploads\/2022\/10\/wfwMYVZab2UF_YsL4sKxjblJZ9cojpMOAC3b_V8eSoYeJxFPc-1024x683.jpg\" alt=\"molino de retorta\" class=\"wp-image-20271\" srcset=\"https:\/\/www.galiciamaxica.eu\/mini\/wp-content\/uploads\/2022\/10\/wfwMYVZab2UF_YsL4sKxjblJZ9cojpMOAC3b_V8eSoYeJxFPc-1024x683.jpg 1024w, https:\/\/www.galiciamaxica.eu\/mini\/wp-content\/uploads\/2022\/10\/wfwMYVZab2UF_YsL4sKxjblJZ9cojpMOAC3b_V8eSoYeJxFPc-300x200.jpg 300w, https:\/\/www.galiciamaxica.eu\/mini\/wp-content\/uploads\/2022\/10\/wfwMYVZab2UF_YsL4sKxjblJZ9cojpMOAC3b_V8eSoYeJxFPc-768x512.jpg 768w, https:\/\/www.galiciamaxica.eu\/mini\/wp-content\/uploads\/2022\/10\/wfwMYVZab2UF_YsL4sKxjblJZ9cojpMOAC3b_V8eSoYeJxFPc.jpg 1050w\" sizes=\"(max-width: 1024px) 100vw, 1024px\" \/><\/a><\/figure>\n\n\n\n<p>Nos llamar\u00e1 la atenci\u00f3n el espectacular bosque de carballos centenarios que hay en las proximidades del molino.<\/p>\n\n\n\n<figure class=\"wp-block-image aligncenter size-large\"><a href=\"https:\/\/www.galiciamaxica.eu\/mini\/wp-content\/uploads\/2022\/10\/wfwMYVZab2UF_YsL4sKxjblJZ9cojpMOAC3b_V8eSoYeJxFPc-3.jpg\"><img loading=\"lazy\" decoding=\"async\" width=\"1024\" height=\"683\" src=\"https:\/\/www.galiciamaxica.eu\/mini\/wp-content\/uploads\/2022\/10\/wfwMYVZab2UF_YsL4sKxjblJZ9cojpMOAC3b_V8eSoYeJxFPc-3-1024x683.jpg\" alt=\"\" class=\"wp-image-20275\" srcset=\"https:\/\/www.galiciamaxica.eu\/mini\/wp-content\/uploads\/2022\/10\/wfwMYVZab2UF_YsL4sKxjblJZ9cojpMOAC3b_V8eSoYeJxFPc-3-1024x683.jpg 1024w, https:\/\/www.galiciamaxica.eu\/mini\/wp-content\/uploads\/2022\/10\/wfwMYVZab2UF_YsL4sKxjblJZ9cojpMOAC3b_V8eSoYeJxFPc-3-300x200.jpg 300w, https:\/\/www.galiciamaxica.eu\/mini\/wp-content\/uploads\/2022\/10\/wfwMYVZab2UF_YsL4sKxjblJZ9cojpMOAC3b_V8eSoYeJxFPc-3-768x512.jpg 768w, https:\/\/www.galiciamaxica.eu\/mini\/wp-content\/uploads\/2022\/10\/wfwMYVZab2UF_YsL4sKxjblJZ9cojpMOAC3b_V8eSoYeJxFPc-3.jpg 1050w\" sizes=\"(max-width: 1024px) 100vw, 1024px\" \/><\/a><\/figure>\n\n\n\n<p>Durante el recorrido contaremos cu\u00e1ntos Quercus robur (carballo) hay porque cada uno cuenta, <strong>Reto muy pendientes<\/strong>. <\/p>\n\n\n\n<figure class=\"wp-block-image aligncenter size-large\"><a href=\"https:\/\/www.galiciamaxica.eu\/mini\/wp-content\/uploads\/2022\/10\/wfwMYVZab2UF_YsL4sKxjblJZ9cojpMOAC3b_V8eSoYeJxFPc-4.jpg\"><img loading=\"lazy\" decoding=\"async\" width=\"1024\" height=\"683\" src=\"https:\/\/www.galiciamaxica.eu\/mini\/wp-content\/uploads\/2022\/10\/wfwMYVZab2UF_YsL4sKxjblJZ9cojpMOAC3b_V8eSoYeJxFPc-4-1024x683.jpg\" alt=\"\" class=\"wp-image-20276\" srcset=\"https:\/\/www.galiciamaxica.eu\/mini\/wp-content\/uploads\/2022\/10\/wfwMYVZab2UF_YsL4sKxjblJZ9cojpMOAC3b_V8eSoYeJxFPc-4-1024x683.jpg 1024w, https:\/\/www.galiciamaxica.eu\/mini\/wp-content\/uploads\/2022\/10\/wfwMYVZab2UF_YsL4sKxjblJZ9cojpMOAC3b_V8eSoYeJxFPc-4-300x200.jpg 300w, https:\/\/www.galiciamaxica.eu\/mini\/wp-content\/uploads\/2022\/10\/wfwMYVZab2UF_YsL4sKxjblJZ9cojpMOAC3b_V8eSoYeJxFPc-4-768x512.jpg 768w, https:\/\/www.galiciamaxica.eu\/mini\/wp-content\/uploads\/2022\/10\/wfwMYVZab2UF_YsL4sKxjblJZ9cojpMOAC3b_V8eSoYeJxFPc-4.jpg 1050w\" sizes=\"(max-width: 1024px) 100vw, 1024px\" \/><\/a><\/figure>\n\n\n\n<p>Mientras van contando, hacemos hincapi\u00e9 en que cada uno de los \u00e1rboles que compone un bosque de carballos son de suma importancia para todos.<\/p>\n\n\n\n<figure class=\"wp-block-image aligncenter size-large\"><a href=\"https:\/\/www.galiciamaxica.eu\/mini\/wp-content\/uploads\/2022\/10\/rVTaRDJGPAIjG3UZB9sF0aTNYlgSGnnWOOEa8FFaIweJxFPc-2.jpg\"><img loading=\"lazy\" decoding=\"async\" width=\"1024\" height=\"683\" src=\"https:\/\/www.galiciamaxica.eu\/mini\/wp-content\/uploads\/2022\/10\/rVTaRDJGPAIjG3UZB9sF0aTNYlgSGnnWOOEa8FFaIweJxFPc-2-1024x683.jpg\" alt=\"molino de retorta\" class=\"wp-image-20272\" srcset=\"https:\/\/www.galiciamaxica.eu\/mini\/wp-content\/uploads\/2022\/10\/rVTaRDJGPAIjG3UZB9sF0aTNYlgSGnnWOOEa8FFaIweJxFPc-2-1024x683.jpg 1024w, https:\/\/www.galiciamaxica.eu\/mini\/wp-content\/uploads\/2022\/10\/rVTaRDJGPAIjG3UZB9sF0aTNYlgSGnnWOOEa8FFaIweJxFPc-2-300x200.jpg 300w, https:\/\/www.galiciamaxica.eu\/mini\/wp-content\/uploads\/2022\/10\/rVTaRDJGPAIjG3UZB9sF0aTNYlgSGnnWOOEa8FFaIweJxFPc-2-768x512.jpg 768w, https:\/\/www.galiciamaxica.eu\/mini\/wp-content\/uploads\/2022\/10\/rVTaRDJGPAIjG3UZB9sF0aTNYlgSGnnWOOEa8FFaIweJxFPc-2.jpg 1050w\" sizes=\"(max-width: 1024px) 100vw, 1024px\" \/><\/a><\/figure>\n\n\n\n<p>El origen del vocablo <strong>quercus<\/strong> es celta y significa \u00e1rbol hermoso. <strong>Robur<\/strong> tambi\u00e9n hac\u00eda alusi\u00f3n a la fortaleza y perseverancia de \u00e1nimo. De ah\u00ed viene la conocida expresi\u00f3n &#8216;fuerte como un roble&#8217;. <\/p>\n\n\n\n<figure class=\"wp-block-image size-large\"><a href=\"https:\/\/www.galiciamaxica.eu\/mini\/wp-content\/uploads\/2022\/10\/V-F1xw9JrF1IT9OrMgtQemsECAZ2y-YJadSv5fGxvZMeJxFPc.jpg\"><img loading=\"lazy\" decoding=\"async\" width=\"1024\" height=\"683\" src=\"https:\/\/www.galiciamaxica.eu\/mini\/wp-content\/uploads\/2022\/10\/V-F1xw9JrF1IT9OrMgtQemsECAZ2y-YJadSv5fGxvZMeJxFPc-1024x683.jpg\" alt=\"mesa\" class=\"wp-image-20277\" srcset=\"https:\/\/www.galiciamaxica.eu\/mini\/wp-content\/uploads\/2022\/10\/V-F1xw9JrF1IT9OrMgtQemsECAZ2y-YJadSv5fGxvZMeJxFPc-1024x683.jpg 1024w, https:\/\/www.galiciamaxica.eu\/mini\/wp-content\/uploads\/2022\/10\/V-F1xw9JrF1IT9OrMgtQemsECAZ2y-YJadSv5fGxvZMeJxFPc-300x200.jpg 300w, https:\/\/www.galiciamaxica.eu\/mini\/wp-content\/uploads\/2022\/10\/V-F1xw9JrF1IT9OrMgtQemsECAZ2y-YJadSv5fGxvZMeJxFPc-768x512.jpg 768w, https:\/\/www.galiciamaxica.eu\/mini\/wp-content\/uploads\/2022\/10\/V-F1xw9JrF1IT9OrMgtQemsECAZ2y-YJadSv5fGxvZMeJxFPc.jpg 1050w\" sizes=\"(max-width: 1024px) 100vw, 1024px\" \/><\/a><\/figure>\n\n\n\n<p>Deciros que ten\u00e9is una mesa en donde hacer una peque\u00f1a o gran parada porque el sitio es una maravilla. Justo al lado de la mesa est\u00e1 este precioso molino.<\/p>\n\n\n\n<figure class=\"wp-block-image size-large\"><a href=\"https:\/\/www.galiciamaxica.eu\/mini\/wp-content\/uploads\/2022\/10\/wfwMYVZab2UF_YsL4sKxjblJZ9cojpMOAC3b_V8eSoYeJxFPc-2.jpg\"><img loading=\"lazy\" decoding=\"async\" width=\"1024\" height=\"683\" src=\"https:\/\/www.galiciamaxica.eu\/mini\/wp-content\/uploads\/2022\/10\/wfwMYVZab2UF_YsL4sKxjblJZ9cojpMOAC3b_V8eSoYeJxFPc-2-1024x683.jpg\" alt=\"\" class=\"wp-image-20274\" srcset=\"https:\/\/www.galiciamaxica.eu\/mini\/wp-content\/uploads\/2022\/10\/wfwMYVZab2UF_YsL4sKxjblJZ9cojpMOAC3b_V8eSoYeJxFPc-2-1024x683.jpg 1024w, https:\/\/www.galiciamaxica.eu\/mini\/wp-content\/uploads\/2022\/10\/wfwMYVZab2UF_YsL4sKxjblJZ9cojpMOAC3b_V8eSoYeJxFPc-2-300x200.jpg 300w, https:\/\/www.galiciamaxica.eu\/mini\/wp-content\/uploads\/2022\/10\/wfwMYVZab2UF_YsL4sKxjblJZ9cojpMOAC3b_V8eSoYeJxFPc-2-768x512.jpg 768w, https:\/\/www.galiciamaxica.eu\/mini\/wp-content\/uploads\/2022\/10\/wfwMYVZab2UF_YsL4sKxjblJZ9cojpMOAC3b_V8eSoYeJxFPc-2.jpg 1050w\" sizes=\"(max-width: 1024px) 100vw, 1024px\" \/><\/a><\/figure>\n\n\n\n<p>Este gran molino fue por suerte restaurado entre los a\u00f1os 2011 y 2012 con ayuda de los fondos Feader. <\/p>\n\n\n\n<figure class=\"wp-block-image aligncenter size-large\"><a href=\"https:\/\/www.galiciamaxica.eu\/mini\/wp-content\/uploads\/2022\/10\/rVTaRDJGPAIjG3UZB9sF0aTNYlgSGnnWOOEa8FFaIweJxFPc-3.jpg\"><img loading=\"lazy\" decoding=\"async\" width=\"1024\" height=\"683\" src=\"https:\/\/www.galiciamaxica.eu\/mini\/wp-content\/uploads\/2022\/10\/rVTaRDJGPAIjG3UZB9sF0aTNYlgSGnnWOOEa8FFaIweJxFPc-3-1024x683.jpg\" alt=\"\" class=\"wp-image-20279\" srcset=\"https:\/\/www.galiciamaxica.eu\/mini\/wp-content\/uploads\/2022\/10\/rVTaRDJGPAIjG3UZB9sF0aTNYlgSGnnWOOEa8FFaIweJxFPc-3-1024x683.jpg 1024w, https:\/\/www.galiciamaxica.eu\/mini\/wp-content\/uploads\/2022\/10\/rVTaRDJGPAIjG3UZB9sF0aTNYlgSGnnWOOEa8FFaIweJxFPc-3-300x200.jpg 300w, https:\/\/www.galiciamaxica.eu\/mini\/wp-content\/uploads\/2022\/10\/rVTaRDJGPAIjG3UZB9sF0aTNYlgSGnnWOOEa8FFaIweJxFPc-3-768x512.jpg 768w, https:\/\/www.galiciamaxica.eu\/mini\/wp-content\/uploads\/2022\/10\/rVTaRDJGPAIjG3UZB9sF0aTNYlgSGnnWOOEa8FFaIweJxFPc-3.jpg 1050w\" sizes=\"(max-width: 1024px) 100vw, 1024px\" \/><\/a><\/figure>\n\n\n\n<p>El aspecto del molino de agua en 2022 es excelente, con una zona de bosque y caminos bien cuidados.<\/p>\n\n\n\n<figure class=\"wp-block-image aligncenter size-large\"><a href=\"https:\/\/www.galiciamaxica.eu\/mini\/wp-content\/uploads\/2022\/10\/wfwMYVZab2UF_YsL4sKxjblJZ9cojpMOAC3b_V8eSoYeJxFPc-5.jpg\"><img loading=\"lazy\" decoding=\"async\" width=\"1024\" height=\"683\" src=\"https:\/\/www.galiciamaxica.eu\/mini\/wp-content\/uploads\/2022\/10\/wfwMYVZab2UF_YsL4sKxjblJZ9cojpMOAC3b_V8eSoYeJxFPc-5-1024x683.jpg\" alt=\"ruta mui\u00f1o retorta\" class=\"wp-image-20278\" srcset=\"https:\/\/www.galiciamaxica.eu\/mini\/wp-content\/uploads\/2022\/10\/wfwMYVZab2UF_YsL4sKxjblJZ9cojpMOAC3b_V8eSoYeJxFPc-5-1024x683.jpg 1024w, https:\/\/www.galiciamaxica.eu\/mini\/wp-content\/uploads\/2022\/10\/wfwMYVZab2UF_YsL4sKxjblJZ9cojpMOAC3b_V8eSoYeJxFPc-5-300x200.jpg 300w, https:\/\/www.galiciamaxica.eu\/mini\/wp-content\/uploads\/2022\/10\/wfwMYVZab2UF_YsL4sKxjblJZ9cojpMOAC3b_V8eSoYeJxFPc-5-768x512.jpg 768w, https:\/\/www.galiciamaxica.eu\/mini\/wp-content\/uploads\/2022\/10\/wfwMYVZab2UF_YsL4sKxjblJZ9cojpMOAC3b_V8eSoYeJxFPc-5.jpg 1050w\" sizes=\"(max-width: 1024px) 100vw, 1024px\" \/><\/a><\/figure>\n\n\n\n<h3 class=\"wp-block-heading\"><a href=\"https:\/\/www.galiciamaxica.eu\/galicia\/ruinas-fabrica-da-luz-de-portomarin\/\">Ruinas \u2013 F\u00e1brica da Luz de Portomar\u00edn<\/a><\/h3>\n\n\n\n<p>Esto que veis es una antigua central hidroel\u00e9ctrica, la F\u00e1brica da Luz de Portomar\u00edn. Son los restos de un gran molino que fue destinado a la producci\u00f3n de electricidad.<\/p>\n\n\n\n<figure class=\"wp-block-image aligncenter size-full\"><a href=\"https:\/\/www.galiciamaxica.eu\/mini\/wp-content\/uploads\/2022\/10\/rVTaRDJGPAIjG3UZB9sF0aTNYlgSGnnWOOEa8FFaIweJxFPc-4.jpg\"><img loading=\"lazy\" decoding=\"async\" width=\"1024\" height=\"683\" src=\"https:\/\/www.galiciamaxica.eu\/mini\/wp-content\/uploads\/2022\/10\/rVTaRDJGPAIjG3UZB9sF0aTNYlgSGnnWOOEa8FFaIweJxFPc-4.jpg\" alt=\"\" class=\"wp-image-20280\" srcset=\"https:\/\/www.galiciamaxica.eu\/mini\/wp-content\/uploads\/2022\/10\/rVTaRDJGPAIjG3UZB9sF0aTNYlgSGnnWOOEa8FFaIweJxFPc-4.jpg 1024w, https:\/\/www.galiciamaxica.eu\/mini\/wp-content\/uploads\/2022\/10\/rVTaRDJGPAIjG3UZB9sF0aTNYlgSGnnWOOEa8FFaIweJxFPc-4-300x200.jpg 300w, https:\/\/www.galiciamaxica.eu\/mini\/wp-content\/uploads\/2022\/10\/rVTaRDJGPAIjG3UZB9sF0aTNYlgSGnnWOOEa8FFaIweJxFPc-4-768x512.jpg 768w\" sizes=\"(max-width: 1024px) 100vw, 1024px\" \/><\/a><\/figure>\n\n\n\n<p>El reto aqu\u00ed ser\u00e1 encontrar la cruz, est\u00e1 en la puerta y explicarles porque es normal encontrarlas en muchos molinos.<\/p>\n\n\n\n<figure class=\"wp-block-image aligncenter size-full\"><a href=\"https:\/\/www.galiciamaxica.eu\/mini\/wp-content\/uploads\/2022\/10\/rVTaRDJGPAIjG3UZB9sF0aTNYlgSGnnWOOEa8FFaIweJxFPc-5.jpg\"><img loading=\"lazy\" decoding=\"async\" width=\"683\" height=\"1024\" src=\"https:\/\/www.galiciamaxica.eu\/mini\/wp-content\/uploads\/2022\/10\/rVTaRDJGPAIjG3UZB9sF0aTNYlgSGnnWOOEa8FFaIweJxFPc-5.jpg\" alt=\"\" class=\"wp-image-20281\" srcset=\"https:\/\/www.galiciamaxica.eu\/mini\/wp-content\/uploads\/2022\/10\/rVTaRDJGPAIjG3UZB9sF0aTNYlgSGnnWOOEa8FFaIweJxFPc-5.jpg 683w, https:\/\/www.galiciamaxica.eu\/mini\/wp-content\/uploads\/2022\/10\/rVTaRDJGPAIjG3UZB9sF0aTNYlgSGnnWOOEa8FFaIweJxFPc-5-200x300.jpg 200w\" sizes=\"(max-width: 683px) 100vw, 683px\" \/><\/a><\/figure>\n\n\n\n<p>El agua llegaba hasta las turbinas por un gran canal construido con losas de pizarra (hormig\u00f3n en su tramo final). <\/p>\n\n\n\n<figure class=\"wp-block-image size-full\"><a href=\"https:\/\/www.galiciamaxica.eu\/mini\/wp-content\/uploads\/2022\/10\/unnamed-file-3.jpg\"><img loading=\"lazy\" decoding=\"async\" width=\"1024\" height=\"683\" src=\"https:\/\/www.galiciamaxica.eu\/mini\/wp-content\/uploads\/2022\/10\/unnamed-file-3.jpg\" alt=\"\" class=\"wp-image-20282\" srcset=\"https:\/\/www.galiciamaxica.eu\/mini\/wp-content\/uploads\/2022\/10\/unnamed-file-3.jpg 1024w, https:\/\/www.galiciamaxica.eu\/mini\/wp-content\/uploads\/2022\/10\/unnamed-file-3-300x200.jpg 300w, https:\/\/www.galiciamaxica.eu\/mini\/wp-content\/uploads\/2022\/10\/unnamed-file-3-768x512.jpg 768w\" sizes=\"(max-width: 1024px) 100vw, 1024px\" \/><\/a><\/figure>\n\n\n\n<p>El molino estaba provisto de tajamares para evitar la presi\u00f3n de la corriente sobre la fachada.<\/p>\n\n\n\n<figure class=\"wp-block-image aligncenter size-large\"><a href=\"https:\/\/www.galiciamaxica.eu\/mini\/wp-content\/uploads\/2022\/10\/rVTaRDJGPAIjG3UZB9sF0aTNYlgSGnnWOOEa8FFaIweJxFPc-7.jpg\"><img loading=\"lazy\" decoding=\"async\" width=\"1024\" height=\"682\" src=\"https:\/\/www.galiciamaxica.eu\/mini\/wp-content\/uploads\/2022\/10\/rVTaRDJGPAIjG3UZB9sF0aTNYlgSGnnWOOEa8FFaIweJxFPc-7-1024x682.jpg\" alt=\"\" class=\"wp-image-20284\" srcset=\"https:\/\/www.galiciamaxica.eu\/mini\/wp-content\/uploads\/2022\/10\/rVTaRDJGPAIjG3UZB9sF0aTNYlgSGnnWOOEa8FFaIweJxFPc-7-1024x682.jpg 1024w, https:\/\/www.galiciamaxica.eu\/mini\/wp-content\/uploads\/2022\/10\/rVTaRDJGPAIjG3UZB9sF0aTNYlgSGnnWOOEa8FFaIweJxFPc-7-300x200.jpg 300w, https:\/\/www.galiciamaxica.eu\/mini\/wp-content\/uploads\/2022\/10\/rVTaRDJGPAIjG3UZB9sF0aTNYlgSGnnWOOEa8FFaIweJxFPc-7-768x512.jpg 768w, https:\/\/www.galiciamaxica.eu\/mini\/wp-content\/uploads\/2022\/10\/rVTaRDJGPAIjG3UZB9sF0aTNYlgSGnnWOOEa8FFaIweJxFPc-7.jpg 1135w\" sizes=\"(max-width: 1024px) 100vw, 1024px\" \/><\/a><\/figure>\n\n\n\n<p>Contemplar\u00e9is los fantasmales restos de los \u00e1rboles que crec\u00edan en los muros y explicarles como las ra\u00edces de los \u00e1rboles a\u00fan se aferran fuertemente a la tierra. As\u00ed es nuestro patrimonio que quiere que sigue aguantando el paso del tiempo.<\/p>\n\n\n\n<figure class=\"wp-block-image aligncenter size-full\"><a href=\"https:\/\/www.galiciamaxica.eu\/mini\/wp-content\/uploads\/2022\/10\/rVTaRDJGPAIjG3UZB9sF0aTNYlgSGnnWOOEa8FFaIweJxFPc-6.jpg\"><img loading=\"lazy\" decoding=\"async\" width=\"683\" height=\"1024\" src=\"https:\/\/www.galiciamaxica.eu\/mini\/wp-content\/uploads\/2022\/10\/rVTaRDJGPAIjG3UZB9sF0aTNYlgSGnnWOOEa8FFaIweJxFPc-6.jpg\" alt=\"\" class=\"wp-image-20283\" srcset=\"https:\/\/www.galiciamaxica.eu\/mini\/wp-content\/uploads\/2022\/10\/rVTaRDJGPAIjG3UZB9sF0aTNYlgSGnnWOOEa8FFaIweJxFPc-6.jpg 683w, https:\/\/www.galiciamaxica.eu\/mini\/wp-content\/uploads\/2022\/10\/rVTaRDJGPAIjG3UZB9sF0aTNYlgSGnnWOOEa8FFaIweJxFPc-6-200x300.jpg 200w\" sizes=\"(max-width: 683px) 100vw, 683px\" \/><\/a><\/figure>\n\n\n\n<p>Hay viajes en los que lo importante es entender un precioso mensaje, y este es uno de ellos.<strong> Sed h\u00e9roes del patrimonio<\/strong><\/p>\n\n\n\n<h2 class=\"wp-block-heading\">As bajo la manga-Temas de conversaci\u00f3n<\/h2>\n\n\n\n<h3 class=\"wp-block-heading\">Os dar\u00e1 mucho juego<\/h3>\n\n\n\n<p>\u00ab<strong>Si un \u00e1rbol cae en un bosque y nadie est\u00e1 cerca para o\u00edrlo, \u00bfhace alg\u00fan sonido?<\/strong>\u00bb Important\u00edsimo el poner a su alcance el conocimiento de la realidad que les rodea, es fundamental en sus vidas,  <\/p>\n\n\n\n<p><strong> \u201cSi cae un \u00e1rbol en el bosque y no est\u00e1s para verlo \u00bfHa ca\u00eddo?\u201d<\/strong> \u00a0Para que me entiendas te lo pongo m\u00e1s f\u00e1cil\u00a0 y esta frase es para informarte de que muchos fil\u00f3sofos creen en el que  \u00abexistir es ser percibido\u00bb. <\/p>\n\n\n\n<p class=\"has-text-align-center\"><strong>Percibe sus inquietudes y dale valor a lo que exponen para ellos es importante.<\/strong><\/p>\n\n\n\n<h4 class=\"wp-block-heading\">Para m\u00e1s mayores:<\/h4>\n\n\n\n<p>Una de las conjeturas m\u00e1s famosas<\/p>\n\n\n\n<ul class=\"wp-block-list\"><li>Albert Einstein <em>\u00abla luna no existe si nadie la est\u00e1 mirando.\u00bb\u00a0<\/em><\/li><li>Niels Bohr <em>sin importar cu\u00e1nto lo intentes, nunca podr\u00edas probar que s\u00ed.<\/em><\/li><\/ul>\n\n\n\n<p>A  la respuesta que dio Niels se lea llama <strong>una conjetura infalible<\/strong> que significa que no puede ser probada ni refutada (Contradecirse). Encontraremos alg\u00fan ejemplo m\u00e1s.<\/p>\n\n\n\n<p>Termino esta especial entrada recalcando<em> <strong>\u00abEl patrimonio siempre ha de ser puesto en el mapa\u00bb <\/strong><\/em>porque es una manera de evitar su expolio y su desaparici\u00f3n. <\/p>\n","protected":false},"excerpt":{"rendered":"<p>En este viaje valoraremos si cabe a\u00fan m\u00e1s el patrimonio de Galicia. Seremos h\u00e9roes del patrimonio gallego. Descubriremos una ermita y un molino en ruinas pero no faltar\u00e1 una peque\u00f1a ruta embellecida con patrimonio natural y una puesta en valor que ser\u00e1 todo un ejemplo y referente de lo que ha de hacerse. H\u00e9roes del [&hellip;]<\/p>\n","protected":false},"author":1,"featured_media":20290,"comment_status":"open","ping_status":"closed","sticky":false,"template":"","format":"standard","meta":{"_eb_attr":"","site-sidebar-layout":"default","site-content-layout":"","ast-site-content-layout":"","site-content-style":"default","site-sidebar-style":"default","ast-global-header-display":"","ast-banner-title-visibility":"","ast-main-header-display":"","ast-hfb-above-header-display":"","ast-hfb-below-header-display":"","ast-hfb-mobile-header-display":"","site-post-title":"","ast-breadcrumbs-content":"","ast-featured-img":"","footer-sml-layout":"","theme-transparent-header-meta":"","adv-header-id-meta":"","stick-header-meta":"","header-above-stick-meta":"","header-main-stick-meta":"","header-below-stick-meta":"","astra-migrate-meta-layouts":"default","ast-page-background-enabled":"default","ast-page-background-meta":{"desktop":{"background-color":"","background-image":"","background-repeat":"repeat","background-position":"center center","background-size":"auto","background-attachment":"scroll","background-type":"","background-media":"","overlay-type":"","overlay-color":"","overlay-opacity":"","overlay-gradient":""},"tablet":{"background-color":"","background-image":"","background-repeat":"repeat","background-position":"center center","background-size":"auto","background-attachment":"scroll","background-type":"","background-media":"","overlay-type":"","overlay-color":"","overlay-opacity":"","overlay-gradient":""},"mobile":{"background-color":"","background-image":"","background-repeat":"repeat","background-position":"center center","background-size":"auto","background-attachment":"scroll","background-type":"","background-media":"","overlay-type":"","overlay-color":"","overlay-opacity":"","overlay-gradient":""}},"ast-content-background-meta":{"desktop":{"background-color":"var(--ast-global-color-5)","background-image":"","background-repeat":"repeat","background-position":"center center","background-size":"auto","background-attachment":"scroll","background-type":"","background-media":"","overlay-type":"","overlay-color":"","overlay-opacity":"","overlay-gradient":""},"tablet":{"background-color":"var(--ast-global-color-5)","background-image":"","background-repeat":"repeat","background-position":"center center","background-size":"auto","background-attachment":"scroll","background-type":"","background-media":"","overlay-type":"","overlay-color":"","overlay-opacity":"","overlay-gradient":""},"mobile":{"background-color":"var(--ast-global-color-5)","background-image":"","background-repeat":"repeat","background-position":"center center","background-size":"auto","background-attachment":"scroll","background-type":"","background-media":"","overlay-type":"","overlay-color":"","overlay-opacity":"","overlay-gradient":""}},"footnotes":""},"categories":[50],"tags":[25,80,200],"class_list":["post-20264","post","type-post","status-publish","format-standard","has-post-thumbnail","hentry","category-lugo","tag-galicia","tag-patrimonio","tag-ruinas"],"yoast_head":"<!-- This site is optimized with the Yoast SEO plugin v24.9 - https:\/\/yoast.com\/wordpress\/plugins\/seo\/ -->\n<title>Esta entrada va dedicada a los h\u00e9roes del patrimonio. - Galicia con ni\u00f1os | GALICIA M\u00c1XICA<\/title>\n<meta name=\"description\" content=\"En este viaje valoraremos si cabe a\u00fan m\u00e1s el patrimonio de Galicia. Seremos h\u00e9roes del patrimonio gallego. Ruinas\" \/>\n<meta name=\"robots\" content=\"index, follow, max-snippet:-1, max-image-preview:large, max-video-preview:-1\" \/>\n<link rel=\"canonical\" href=\"https:\/\/www.galiciamaxica.eu\/mini\/esta-entrada-va-dedicada-a-los-heroes-del-patrimonio\/\" \/>\n<meta property=\"og:locale\" content=\"es_ES\" \/>\n<meta property=\"og:type\" content=\"article\" \/>\n<meta property=\"og:title\" content=\"Esta entrada va dedicada a los h\u00e9roes del patrimonio. - Galicia con ni\u00f1os | GALICIA M\u00c1XICA\" \/>\n<meta property=\"og:description\" content=\"En este viaje valoraremos si cabe a\u00fan m\u00e1s el patrimonio de Galicia. Seremos h\u00e9roes del patrimonio gallego. Ruinas\" \/>\n<meta property=\"og:url\" content=\"https:\/\/www.galiciamaxica.eu\/mini\/esta-entrada-va-dedicada-a-los-heroes-del-patrimonio\/\" \/>\n<meta property=\"og:site_name\" content=\"Galicia con ni\u00f1os | GALICIA M\u00c1XICA\" \/>\n<meta property=\"article:publisher\" content=\"https:\/\/www.facebook.com\/maria.rodriguezserantes\" \/>\n<meta property=\"article:author\" content=\"https:\/\/www.facebook.com\/maria.rodriguezserantes\" \/>\n<meta property=\"article:published_time\" content=\"2022-10-04T16:37:10+00:00\" \/>\n<meta property=\"article:modified_time\" content=\"2024-08-13T17:39:10+00:00\" \/>\n<meta property=\"og:image\" content=\"https:\/\/www.galiciamaxica.eu\/mini\/wp-content\/uploads\/2022\/10\/wfwMYVZab2UF_YsL4sKxjblJZ9cojpMOAC3b_V8eSoYeJxFPc-7.jpg\" \/>\n\t<meta property=\"og:image:width\" content=\"757\" \/>\n\t<meta property=\"og:image:height\" content=\"757\" \/>\n\t<meta property=\"og:image:type\" content=\"image\/jpeg\" \/>\n<meta name=\"author\" content=\"seseixa\" \/>\n<meta name=\"twitter:card\" content=\"summary_large_image\" \/>\n<meta name=\"twitter:creator\" content=\"@seseixa\" \/>\n<meta name=\"twitter:site\" content=\"@seseixa\" \/>\n<meta name=\"twitter:label1\" content=\"Escrito por\" \/>\n\t<meta name=\"twitter:data1\" content=\"seseixa\" \/>\n\t<meta name=\"twitter:label2\" content=\"Tiempo de lectura\" \/>\n\t<meta name=\"twitter:data2\" content=\"12 minutos\" \/>\n<script type=\"application\/ld+json\" class=\"yoast-schema-graph\">{\"@context\":\"https:\/\/schema.org\",\"@graph\":[{\"@type\":\"Article\",\"@id\":\"https:\/\/www.galiciamaxica.eu\/mini\/esta-entrada-va-dedicada-a-los-heroes-del-patrimonio\/#article\",\"isPartOf\":{\"@id\":\"https:\/\/www.galiciamaxica.eu\/mini\/esta-entrada-va-dedicada-a-los-heroes-del-patrimonio\/\"},\"author\":{\"name\":\"seseixa\",\"@id\":\"https:\/\/www.galiciamaxica.eu\/mini\/#\/schema\/person\/2b284fe2fd911000a48d2e8936300179\"},\"headline\":\"Esta entrada va dedicada a los h\u00e9roes del patrimonio.\",\"datePublished\":\"2022-10-04T16:37:10+00:00\",\"dateModified\":\"2024-08-13T17:39:10+00:00\",\"mainEntityOfPage\":{\"@id\":\"https:\/\/www.galiciamaxica.eu\/mini\/esta-entrada-va-dedicada-a-los-heroes-del-patrimonio\/\"},\"wordCount\":1473,\"commentCount\":0,\"publisher\":{\"@id\":\"https:\/\/www.galiciamaxica.eu\/mini\/#\/schema\/person\/2b284fe2fd911000a48d2e8936300179\"},\"image\":{\"@id\":\"https:\/\/www.galiciamaxica.eu\/mini\/esta-entrada-va-dedicada-a-los-heroes-del-patrimonio\/#primaryimage\"},\"thumbnailUrl\":\"https:\/\/www.galiciamaxica.eu\/mini\/wp-content\/uploads\/2022\/10\/wfwMYVZab2UF_YsL4sKxjblJZ9cojpMOAC3b_V8eSoYeJxFPc-7.jpg\",\"keywords\":[\"Galicia\",\"patrimonio\",\"RUINAS\"],\"articleSection\":[\"LUGO\"],\"inLanguage\":\"es\",\"potentialAction\":[{\"@type\":\"CommentAction\",\"name\":\"Comment\",\"target\":[\"https:\/\/www.galiciamaxica.eu\/mini\/esta-entrada-va-dedicada-a-los-heroes-del-patrimonio\/#respond\"]}]},{\"@type\":\"WebPage\",\"@id\":\"https:\/\/www.galiciamaxica.eu\/mini\/esta-entrada-va-dedicada-a-los-heroes-del-patrimonio\/\",\"url\":\"https:\/\/www.galiciamaxica.eu\/mini\/esta-entrada-va-dedicada-a-los-heroes-del-patrimonio\/\",\"name\":\"Esta entrada va dedicada a los h\u00e9roes del patrimonio. - Galicia con ni\u00f1os | GALICIA M\u00c1XICA\",\"isPartOf\":{\"@id\":\"https:\/\/www.galiciamaxica.eu\/mini\/#website\"},\"primaryImageOfPage\":{\"@id\":\"https:\/\/www.galiciamaxica.eu\/mini\/esta-entrada-va-dedicada-a-los-heroes-del-patrimonio\/#primaryimage\"},\"image\":{\"@id\":\"https:\/\/www.galiciamaxica.eu\/mini\/esta-entrada-va-dedicada-a-los-heroes-del-patrimonio\/#primaryimage\"},\"thumbnailUrl\":\"https:\/\/www.galiciamaxica.eu\/mini\/wp-content\/uploads\/2022\/10\/wfwMYVZab2UF_YsL4sKxjblJZ9cojpMOAC3b_V8eSoYeJxFPc-7.jpg\",\"datePublished\":\"2022-10-04T16:37:10+00:00\",\"dateModified\":\"2024-08-13T17:39:10+00:00\",\"description\":\"En este viaje valoraremos si cabe a\u00fan m\u00e1s el patrimonio de Galicia. Seremos h\u00e9roes del patrimonio gallego. Ruinas\",\"breadcrumb\":{\"@id\":\"https:\/\/www.galiciamaxica.eu\/mini\/esta-entrada-va-dedicada-a-los-heroes-del-patrimonio\/#breadcrumb\"},\"inLanguage\":\"es\",\"potentialAction\":[{\"@type\":\"ReadAction\",\"target\":[\"https:\/\/www.galiciamaxica.eu\/mini\/esta-entrada-va-dedicada-a-los-heroes-del-patrimonio\/\"]}]},{\"@type\":\"ImageObject\",\"inLanguage\":\"es\",\"@id\":\"https:\/\/www.galiciamaxica.eu\/mini\/esta-entrada-va-dedicada-a-los-heroes-del-patrimonio\/#primaryimage\",\"url\":\"https:\/\/www.galiciamaxica.eu\/mini\/wp-content\/uploads\/2022\/10\/wfwMYVZab2UF_YsL4sKxjblJZ9cojpMOAC3b_V8eSoYeJxFPc-7.jpg\",\"contentUrl\":\"https:\/\/www.galiciamaxica.eu\/mini\/wp-content\/uploads\/2022\/10\/wfwMYVZab2UF_YsL4sKxjblJZ9cojpMOAC3b_V8eSoYeJxFPc-7.jpg\",\"width\":757,\"height\":757,\"caption\":\"h\u00e9roes del patrimonio\"},{\"@type\":\"BreadcrumbList\",\"@id\":\"https:\/\/www.galiciamaxica.eu\/mini\/esta-entrada-va-dedicada-a-los-heroes-del-patrimonio\/#breadcrumb\",\"itemListElement\":[{\"@type\":\"ListItem\",\"position\":1,\"name\":\"Portada\",\"item\":\"https:\/\/www.galiciamaxica.eu\/mini\/\"},{\"@type\":\"ListItem\",\"position\":2,\"name\":\"Esta entrada va dedicada a los h\u00e9roes del patrimonio.\"}]},{\"@type\":\"WebSite\",\"@id\":\"https:\/\/www.galiciamaxica.eu\/mini\/#website\",\"url\":\"https:\/\/www.galiciamaxica.eu\/mini\/\",\"name\":\"Galicia con ni\u00f1os | GALICIA M\u00c1XICA\",\"description\":\"Qu\u00e9 hacer con ni\u00f1os en Galicia\",\"publisher\":{\"@id\":\"https:\/\/www.galiciamaxica.eu\/mini\/#\/schema\/person\/2b284fe2fd911000a48d2e8936300179\"},\"potentialAction\":[{\"@type\":\"SearchAction\",\"target\":{\"@type\":\"EntryPoint\",\"urlTemplate\":\"https:\/\/www.galiciamaxica.eu\/mini\/?s={search_term_string}\"},\"query-input\":{\"@type\":\"PropertyValueSpecification\",\"valueRequired\":true,\"valueName\":\"search_term_string\"}}],\"inLanguage\":\"es\"},{\"@type\":[\"Person\",\"Organization\"],\"@id\":\"https:\/\/www.galiciamaxica.eu\/mini\/#\/schema\/person\/2b284fe2fd911000a48d2e8936300179\",\"name\":\"seseixa\",\"image\":{\"@type\":\"ImageObject\",\"inLanguage\":\"es\",\"@id\":\"https:\/\/www.galiciamaxica.eu\/mini\/#\/schema\/person\/image\/\",\"url\":\"https:\/\/www.galiciamaxica.eu\/mini\/wp-content\/uploads\/2019\/02\/seseixa.png\",\"contentUrl\":\"https:\/\/www.galiciamaxica.eu\/mini\/wp-content\/uploads\/2019\/02\/seseixa.png\",\"width\":100,\"height\":100,\"caption\":\"seseixa\"},\"logo\":{\"@id\":\"https:\/\/www.galiciamaxica.eu\/mini\/#\/schema\/person\/image\/\"},\"description\":\"En la actualidad combinando dos proyectos que me apasionan, Galicia y los ni\u00f1os. Tengo mucho que aportar y otro tanto que aprender, as\u00ed como, el tiempo y el coraz\u00f3n, dividido en todo momento. Soy mam\u00e1, un titulo otorgado a tiempo completo, compa\u00f1era y amiga, a todas horas, familiar y cercana, siempre. De esp\u00edritu inquieto, soy una eterna ni\u00f1a que juega en el pa\u00eds de las maravillas. Una enamorada de mi tierra, por la que trabajo sin descanso. Creo en la infancia como motor que cambiar\u00e1 el mundo a mejor y busco en mi vida la felicidad como estado permanente porque s\u00f3lo se vive una vez.\",\"sameAs\":[\"http:\/\/mini.galiciamaxica.eu\/\",\"https:\/\/www.facebook.com\/maria.rodriguezserantes\",\"https:\/\/x.com\/seseixa\"],\"url\":\"https:\/\/www.galiciamaxica.eu\/mini\/author\/seseixa\/\"}]}<\/script>\n<!-- \/ Yoast SEO plugin. -->","yoast_head_json":{"title":"Esta entrada va dedicada a los h\u00e9roes del patrimonio. - Galicia con ni\u00f1os | GALICIA M\u00c1XICA","description":"En este viaje valoraremos si cabe a\u00fan m\u00e1s el patrimonio de Galicia. Seremos h\u00e9roes del patrimonio gallego. Ruinas","robots":{"index":"index","follow":"follow","max-snippet":"max-snippet:-1","max-image-preview":"max-image-preview:large","max-video-preview":"max-video-preview:-1"},"canonical":"https:\/\/www.galiciamaxica.eu\/mini\/esta-entrada-va-dedicada-a-los-heroes-del-patrimonio\/","og_locale":"es_ES","og_type":"article","og_title":"Esta entrada va dedicada a los h\u00e9roes del patrimonio. - Galicia con ni\u00f1os | GALICIA M\u00c1XICA","og_description":"En este viaje valoraremos si cabe a\u00fan m\u00e1s el patrimonio de Galicia. Seremos h\u00e9roes del patrimonio gallego. Ruinas","og_url":"https:\/\/www.galiciamaxica.eu\/mini\/esta-entrada-va-dedicada-a-los-heroes-del-patrimonio\/","og_site_name":"Galicia con ni\u00f1os | GALICIA M\u00c1XICA","article_publisher":"https:\/\/www.facebook.com\/maria.rodriguezserantes","article_author":"https:\/\/www.facebook.com\/maria.rodriguezserantes","article_published_time":"2022-10-04T16:37:10+00:00","article_modified_time":"2024-08-13T17:39:10+00:00","og_image":[{"width":757,"height":757,"url":"https:\/\/www.galiciamaxica.eu\/mini\/wp-content\/uploads\/2022\/10\/wfwMYVZab2UF_YsL4sKxjblJZ9cojpMOAC3b_V8eSoYeJxFPc-7.jpg","type":"image\/jpeg"}],"author":"seseixa","twitter_card":"summary_large_image","twitter_creator":"@seseixa","twitter_site":"@seseixa","twitter_misc":{"Escrito por":"seseixa","Tiempo de lectura":"12 minutos"},"schema":{"@context":"https:\/\/schema.org","@graph":[{"@type":"Article","@id":"https:\/\/www.galiciamaxica.eu\/mini\/esta-entrada-va-dedicada-a-los-heroes-del-patrimonio\/#article","isPartOf":{"@id":"https:\/\/www.galiciamaxica.eu\/mini\/esta-entrada-va-dedicada-a-los-heroes-del-patrimonio\/"},"author":{"name":"seseixa","@id":"https:\/\/www.galiciamaxica.eu\/mini\/#\/schema\/person\/2b284fe2fd911000a48d2e8936300179"},"headline":"Esta entrada va dedicada a los h\u00e9roes del patrimonio.","datePublished":"2022-10-04T16:37:10+00:00","dateModified":"2024-08-13T17:39:10+00:00","mainEntityOfPage":{"@id":"https:\/\/www.galiciamaxica.eu\/mini\/esta-entrada-va-dedicada-a-los-heroes-del-patrimonio\/"},"wordCount":1473,"commentCount":0,"publisher":{"@id":"https:\/\/www.galiciamaxica.eu\/mini\/#\/schema\/person\/2b284fe2fd911000a48d2e8936300179"},"image":{"@id":"https:\/\/www.galiciamaxica.eu\/mini\/esta-entrada-va-dedicada-a-los-heroes-del-patrimonio\/#primaryimage"},"thumbnailUrl":"https:\/\/www.galiciamaxica.eu\/mini\/wp-content\/uploads\/2022\/10\/wfwMYVZab2UF_YsL4sKxjblJZ9cojpMOAC3b_V8eSoYeJxFPc-7.jpg","keywords":["Galicia","patrimonio","RUINAS"],"articleSection":["LUGO"],"inLanguage":"es","potentialAction":[{"@type":"CommentAction","name":"Comment","target":["https:\/\/www.galiciamaxica.eu\/mini\/esta-entrada-va-dedicada-a-los-heroes-del-patrimonio\/#respond"]}]},{"@type":"WebPage","@id":"https:\/\/www.galiciamaxica.eu\/mini\/esta-entrada-va-dedicada-a-los-heroes-del-patrimonio\/","url":"https:\/\/www.galiciamaxica.eu\/mini\/esta-entrada-va-dedicada-a-los-heroes-del-patrimonio\/","name":"Esta entrada va dedicada a los h\u00e9roes del patrimonio. - Galicia con ni\u00f1os | GALICIA M\u00c1XICA","isPartOf":{"@id":"https:\/\/www.galiciamaxica.eu\/mini\/#website"},"primaryImageOfPage":{"@id":"https:\/\/www.galiciamaxica.eu\/mini\/esta-entrada-va-dedicada-a-los-heroes-del-patrimonio\/#primaryimage"},"image":{"@id":"https:\/\/www.galiciamaxica.eu\/mini\/esta-entrada-va-dedicada-a-los-heroes-del-patrimonio\/#primaryimage"},"thumbnailUrl":"https:\/\/www.galiciamaxica.eu\/mini\/wp-content\/uploads\/2022\/10\/wfwMYVZab2UF_YsL4sKxjblJZ9cojpMOAC3b_V8eSoYeJxFPc-7.jpg","datePublished":"2022-10-04T16:37:10+00:00","dateModified":"2024-08-13T17:39:10+00:00","description":"En este viaje valoraremos si cabe a\u00fan m\u00e1s el patrimonio de Galicia. Seremos h\u00e9roes del patrimonio gallego. Ruinas","breadcrumb":{"@id":"https:\/\/www.galiciamaxica.eu\/mini\/esta-entrada-va-dedicada-a-los-heroes-del-patrimonio\/#breadcrumb"},"inLanguage":"es","potentialAction":[{"@type":"ReadAction","target":["https:\/\/www.galiciamaxica.eu\/mini\/esta-entrada-va-dedicada-a-los-heroes-del-patrimonio\/"]}]},{"@type":"ImageObject","inLanguage":"es","@id":"https:\/\/www.galiciamaxica.eu\/mini\/esta-entrada-va-dedicada-a-los-heroes-del-patrimonio\/#primaryimage","url":"https:\/\/www.galiciamaxica.eu\/mini\/wp-content\/uploads\/2022\/10\/wfwMYVZab2UF_YsL4sKxjblJZ9cojpMOAC3b_V8eSoYeJxFPc-7.jpg","contentUrl":"https:\/\/www.galiciamaxica.eu\/mini\/wp-content\/uploads\/2022\/10\/wfwMYVZab2UF_YsL4sKxjblJZ9cojpMOAC3b_V8eSoYeJxFPc-7.jpg","width":757,"height":757,"caption":"h\u00e9roes del patrimonio"},{"@type":"BreadcrumbList","@id":"https:\/\/www.galiciamaxica.eu\/mini\/esta-entrada-va-dedicada-a-los-heroes-del-patrimonio\/#breadcrumb","itemListElement":[{"@type":"ListItem","position":1,"name":"Portada","item":"https:\/\/www.galiciamaxica.eu\/mini\/"},{"@type":"ListItem","position":2,"name":"Esta entrada va dedicada a los h\u00e9roes del patrimonio."}]},{"@type":"WebSite","@id":"https:\/\/www.galiciamaxica.eu\/mini\/#website","url":"https:\/\/www.galiciamaxica.eu\/mini\/","name":"Galicia con ni\u00f1os | GALICIA M\u00c1XICA","description":"Qu\u00e9 hacer con ni\u00f1os en Galicia","publisher":{"@id":"https:\/\/www.galiciamaxica.eu\/mini\/#\/schema\/person\/2b284fe2fd911000a48d2e8936300179"},"potentialAction":[{"@type":"SearchAction","target":{"@type":"EntryPoint","urlTemplate":"https:\/\/www.galiciamaxica.eu\/mini\/?s={search_term_string}"},"query-input":{"@type":"PropertyValueSpecification","valueRequired":true,"valueName":"search_term_string"}}],"inLanguage":"es"},{"@type":["Person","Organization"],"@id":"https:\/\/www.galiciamaxica.eu\/mini\/#\/schema\/person\/2b284fe2fd911000a48d2e8936300179","name":"seseixa","image":{"@type":"ImageObject","inLanguage":"es","@id":"https:\/\/www.galiciamaxica.eu\/mini\/#\/schema\/person\/image\/","url":"https:\/\/www.galiciamaxica.eu\/mini\/wp-content\/uploads\/2019\/02\/seseixa.png","contentUrl":"https:\/\/www.galiciamaxica.eu\/mini\/wp-content\/uploads\/2019\/02\/seseixa.png","width":100,"height":100,"caption":"seseixa"},"logo":{"@id":"https:\/\/www.galiciamaxica.eu\/mini\/#\/schema\/person\/image\/"},"description":"En la actualidad combinando dos proyectos que me apasionan, Galicia y los ni\u00f1os. Tengo mucho que aportar y otro tanto que aprender, as\u00ed como, el tiempo y el coraz\u00f3n, dividido en todo momento. Soy mam\u00e1, un titulo otorgado a tiempo completo, compa\u00f1era y amiga, a todas horas, familiar y cercana, siempre. De esp\u00edritu inquieto, soy una eterna ni\u00f1a que juega en el pa\u00eds de las maravillas. Una enamorada de mi tierra, por la que trabajo sin descanso. Creo en la infancia como motor que cambiar\u00e1 el mundo a mejor y busco en mi vida la felicidad como estado permanente porque s\u00f3lo se vive una vez.","sameAs":["http:\/\/mini.galiciamaxica.eu\/","https:\/\/www.facebook.com\/maria.rodriguezserantes","https:\/\/x.com\/seseixa"],"url":"https:\/\/www.galiciamaxica.eu\/mini\/author\/seseixa\/"}]}},"amp_enabled":true,"post_mailing_queue_ids":[],"_links":{"self":[{"href":"https:\/\/www.galiciamaxica.eu\/mini\/wp-json\/wp\/v2\/posts\/20264"}],"collection":[{"href":"https:\/\/www.galiciamaxica.eu\/mini\/wp-json\/wp\/v2\/posts"}],"about":[{"href":"https:\/\/www.galiciamaxica.eu\/mini\/wp-json\/wp\/v2\/types\/post"}],"author":[{"embeddable":true,"href":"https:\/\/www.galiciamaxica.eu\/mini\/wp-json\/wp\/v2\/users\/1"}],"replies":[{"embeddable":true,"href":"https:\/\/www.galiciamaxica.eu\/mini\/wp-json\/wp\/v2\/comments?post=20264"}],"version-history":[{"count":10,"href":"https:\/\/www.galiciamaxica.eu\/mini\/wp-json\/wp\/v2\/posts\/20264\/revisions"}],"predecessor-version":[{"id":22356,"href":"https:\/\/www.galiciamaxica.eu\/mini\/wp-json\/wp\/v2\/posts\/20264\/revisions\/22356"}],"wp:featuredmedia":[{"embeddable":true,"href":"https:\/\/www.galiciamaxica.eu\/mini\/wp-json\/wp\/v2\/media\/20290"}],"wp:attachment":[{"href":"https:\/\/www.galiciamaxica.eu\/mini\/wp-json\/wp\/v2\/media?parent=20264"}],"wp:term":[{"taxonomy":"category","embeddable":true,"href":"https:\/\/www.galiciamaxica.eu\/mini\/wp-json\/wp\/v2\/categories?post=20264"},{"taxonomy":"post_tag","embeddable":true,"href":"https:\/\/www.galiciamaxica.eu\/mini\/wp-json\/wp\/v2\/tags?post=20264"}],"curies":[{"name":"wp","href":"https:\/\/api.w.org\/{rel}","templated":true}]}}