{"id":20101,"date":"2022-09-16T18:26:52","date_gmt":"2022-09-16T16:26:52","guid":{"rendered":"https:\/\/www.galiciamaxica.eu\/mini\/?p=20101"},"modified":"2022-09-20T17:45:08","modified_gmt":"2022-09-20T15:45:08","slug":"laxedo-historia-viva","status":"publish","type":"post","link":"https:\/\/www.galiciamaxica.eu\/mini\/laxedo-historia-viva\/","title":{"rendered":"Laxedo. Historia viva."},"content":{"rendered":"\n<p>Hoy nos vamos de ruta a una aldea de Covelo,<strong> Laxedo <\/strong>en A Lama, para conocer la vida y e<a href=\"https:\/\/www.galiciamaxica.eu\/galicia\/esculturas-y-relieves-de-laxedo-covelo\/\">l<\/a><strong><a href=\"https:\/\/www.galiciamaxica.eu\/galicia\/esculturas-y-relieves-de-laxedo-covelo\/\"> legado de Manuel Barreiro Cabanelas<\/a><\/strong>, conocido como el conde de Cabanelas. Una entrada muy especial dedicada a todos los emigrantes, y a todos los que aman Galicia.<\/p>\n\n\n\n<p>Me cost\u00f3 mucho elegir la foto de portada, eran varias mis preferidas y por a\u00f1adido en ellas se plasmaba el trabajo de canter\u00eda, tan importante para mi. Ese arte ancestral de esculpir la piedra con el coraz\u00f3n, deb\u00eda estar plasmado en la portada. Al final me decant\u00e9 por la que creo que lleva impreso un mensaje que cierra un poco el c\u00edrculo de esta entrada aunque sea al principio. Un final o <strong><em>post data<\/em><\/strong> y es que <strong>\u00abNoso Recuncho\u00bb<\/strong> es una palabra que encierra siempre, algo especialmente bonito. <\/p>\n\n\n\n<figure class=\"wp-block-image size-large\"><a href=\"https:\/\/www.galiciamaxica.eu\/mini\/wp-content\/uploads\/2022\/09\/laxedo-27.jpg\"><img fetchpriority=\"high\" decoding=\"async\" width=\"769\" height=\"1024\" src=\"https:\/\/www.galiciamaxica.eu\/mini\/wp-content\/uploads\/2022\/09\/laxedo-27-769x1024.jpg\" alt=\"Laxedo\" class=\"wp-image-20131\" srcset=\"https:\/\/www.galiciamaxica.eu\/mini\/wp-content\/uploads\/2022\/09\/laxedo-27-769x1024.jpg 769w, https:\/\/www.galiciamaxica.eu\/mini\/wp-content\/uploads\/2022\/09\/laxedo-27-225x300.jpg 225w, https:\/\/www.galiciamaxica.eu\/mini\/wp-content\/uploads\/2022\/09\/laxedo-27-768x1022.jpg 768w, https:\/\/www.galiciamaxica.eu\/mini\/wp-content\/uploads\/2022\/09\/laxedo-27.jpg 900w\" sizes=\"(max-width: 769px) 100vw, 769px\" \/><\/a><\/figure>\n\n\n\n<p>Os hablar\u00e9 de un emigrante retornado, del regreso a su<strong> aldea Laxedo<\/strong> en la que dej\u00f3 su impronta como un gran legado. <\/p>\n\n\n\n<p>Seguiremos los pasos de un conde que nunca fue conde por no recoger el t\u00edtulo que le otorg\u00f3 la Reina Mar\u00eda Cristina. <\/p>\n\n\n\n<figure class=\"wp-block-image aligncenter size-large\"><a href=\"https:\/\/www.galiciamaxica.eu\/mini\/wp-content\/uploads\/2022\/09\/laxedo-26.jpg\"><img decoding=\"async\" width=\"768\" height=\"1024\" src=\"https:\/\/www.galiciamaxica.eu\/mini\/wp-content\/uploads\/2022\/09\/laxedo-26-768x1024.jpg\" alt=\"Laxedo\" class=\"wp-image-20128\" srcset=\"https:\/\/www.galiciamaxica.eu\/mini\/wp-content\/uploads\/2022\/09\/laxedo-26-768x1024.jpg 768w, https:\/\/www.galiciamaxica.eu\/mini\/wp-content\/uploads\/2022\/09\/laxedo-26-225x300.jpg 225w, https:\/\/www.galiciamaxica.eu\/mini\/wp-content\/uploads\/2022\/09\/laxedo-26.jpg 898w\" sizes=\"(max-width: 768px) 100vw, 768px\" \/><\/a><\/figure>\n\n\n\n<h2 class=\"wp-block-heading\">Historia viva.<\/h2>\n\n\n\n<p>Primero les daremos a los ni\u00f1os unas pinceladas de su biograf\u00eda que ser\u00e1n el reto retentivo para ellos. <\/p>\n\n\n\n<figure class=\"wp-block-image aligncenter size-large\"><a href=\"https:\/\/www.galiciamaxica.eu\/mini\/wp-content\/uploads\/2022\/09\/laxedo-17-1.jpg\"><img decoding=\"async\" width=\"768\" height=\"1024\" src=\"https:\/\/www.galiciamaxica.eu\/mini\/wp-content\/uploads\/2022\/09\/laxedo-17-1-768x1024.jpg\" alt=\"Laxedo\" class=\"wp-image-20133\" srcset=\"https:\/\/www.galiciamaxica.eu\/mini\/wp-content\/uploads\/2022\/09\/laxedo-17-1-768x1024.jpg 768w, https:\/\/www.galiciamaxica.eu\/mini\/wp-content\/uploads\/2022\/09\/laxedo-17-1-225x300.jpg 225w, https:\/\/www.galiciamaxica.eu\/mini\/wp-content\/uploads\/2022\/09\/laxedo-17-1.jpg 899w\" sizes=\"(max-width: 768px) 100vw, 768px\" \/><\/a><\/figure>\n\n\n\n<p>La vida de Manuel se la contaremos como lo que es una historia de tiempos duros con final feliz, si como un cuento, un cuento en el que las palabras esfuerzo y altruismo tendr\u00e1n un amplio significado. <\/p>\n\n\n\n<figure class=\"wp-block-image aligncenter size-large\"><a href=\"https:\/\/www.galiciamaxica.eu\/mini\/wp-content\/uploads\/2022\/09\/laxedo-11.jpg\"><img loading=\"lazy\" decoding=\"async\" width=\"769\" height=\"1024\" src=\"https:\/\/www.galiciamaxica.eu\/mini\/wp-content\/uploads\/2022\/09\/laxedo-11-769x1024.jpg\" alt=\"Laxedo\" class=\"wp-image-20113\" srcset=\"https:\/\/www.galiciamaxica.eu\/mini\/wp-content\/uploads\/2022\/09\/laxedo-11-769x1024.jpg 769w, https:\/\/www.galiciamaxica.eu\/mini\/wp-content\/uploads\/2022\/09\/laxedo-11-225x300.jpg 225w, https:\/\/www.galiciamaxica.eu\/mini\/wp-content\/uploads\/2022\/09\/laxedo-11-768x1022.jpg 768w, https:\/\/www.galiciamaxica.eu\/mini\/wp-content\/uploads\/2022\/09\/laxedo-11.jpg 900w\" sizes=\"(max-width: 769px) 100vw, 769px\" \/><\/a><\/figure>\n\n\n\n<p>En todo el recorrido tendr\u00e9is paneles interpretativos que reforzar\u00e1n la lecci\u00f3n.<\/p>\n\n\n\n<p><strong><a href=\"https:\/\/www.galiciamaxica.eu\/galicia\/esculturas-y-relieves-de-laxedo-covelo\/\">La historia de Manuel<\/a><\/strong> se la contaremos al lado de la fuente que ser\u00e1 el punto de partida de esta peque\u00f1a ruta instructiva en valores. Recuerda llevar la libreta viajera. <\/p>\n\n\n\n<figure class=\"wp-block-image aligncenter size-large\"><a href=\"https:\/\/www.galiciamaxica.eu\/mini\/wp-content\/uploads\/2022\/09\/laxedo-14.jpg\"><img loading=\"lazy\" decoding=\"async\" width=\"768\" height=\"1024\" src=\"https:\/\/www.galiciamaxica.eu\/mini\/wp-content\/uploads\/2022\/09\/laxedo-14-768x1024.jpg\" alt=\"Laxedo\" class=\"wp-image-20116\" srcset=\"https:\/\/www.galiciamaxica.eu\/mini\/wp-content\/uploads\/2022\/09\/laxedo-14-768x1024.jpg 768w, https:\/\/www.galiciamaxica.eu\/mini\/wp-content\/uploads\/2022\/09\/laxedo-14-225x300.jpg 225w, https:\/\/www.galiciamaxica.eu\/mini\/wp-content\/uploads\/2022\/09\/laxedo-14.jpg 898w\" sizes=\"(max-width: 768px) 100vw, 768px\" \/><\/a><\/figure>\n\n\n\n<p>Encontrar\u00e9is unas cuantas fuentes m\u00e1s. Hay Tambi\u00e9n una fuente que cuentan que es la que tiene el agua m\u00e1s fr\u00eda. no es la de la foto. Esta est\u00e1 en As Carballeiras.<\/p>\n\n\n\n<figure class=\"wp-block-image aligncenter size-full\"><a href=\"https:\/\/www.galiciamaxica.eu\/mini\/wp-content\/uploads\/2022\/09\/J-JvXGC1SWmwYO8JHbF2XQ.jpg\"><img loading=\"lazy\" decoding=\"async\" width=\"525\" height=\"700\" src=\"https:\/\/www.galiciamaxica.eu\/mini\/wp-content\/uploads\/2022\/09\/J-JvXGC1SWmwYO8JHbF2XQ.jpg\" alt=\"Laxedo\" class=\"wp-image-20132\" srcset=\"https:\/\/www.galiciamaxica.eu\/mini\/wp-content\/uploads\/2022\/09\/J-JvXGC1SWmwYO8JHbF2XQ.jpg 525w, https:\/\/www.galiciamaxica.eu\/mini\/wp-content\/uploads\/2022\/09\/J-JvXGC1SWmwYO8JHbF2XQ-225x300.jpg 225w\" sizes=\"(max-width: 525px) 100vw, 525px\" \/><\/a><\/figure>\n\n\n\n<p>La fuente con el agua m\u00e1s fr\u00eda de Laxedo se la conoce como Fonte do Campo. <strong>La buscamos y comprobamos si es verdad<\/strong><\/p>\n\n\n\n<h3 class=\"wp-block-heading\"><strong>Reto Retentiva- Vida de Manuel<\/strong><\/h3>\n\n\n\n<p><strong>Recordar nombres, oficios,&nbsp;fechas\u2026curiosidades, an\u00e9cdotas<\/strong><\/p>\n\n\n\n<ol class=\"wp-block-list\"><li>Manuel Barreiro Cabanelas <strong>naci\u00f3<\/strong> el 11 de julio de 1867 en Covelo, concretamente en d\u00f3nde estamos, en Laxedo.<\/li><li><strong>Sus padres <\/strong>fueron Miguel Barreiro, <em>canteiro<\/em> de profesi\u00f3n y Rosa Cabanelas. Tuvieron cuatro hijos de los que Manuel era el mayor.<\/li><li><strong>Muri\u00f3 <\/strong>en R\u00edo de Janeiro el 22 de agosto de 1950, a los 83 a\u00f1os.<\/li><\/ol>\n\n\n\n<figure class=\"wp-block-image aligncenter size-large\"><a href=\"https:\/\/www.galiciamaxica.eu\/mini\/wp-content\/uploads\/2022\/09\/laxedo-18.jpg\"><img loading=\"lazy\" decoding=\"async\" width=\"768\" height=\"1024\" src=\"https:\/\/www.galiciamaxica.eu\/mini\/wp-content\/uploads\/2022\/09\/laxedo-18-768x1024.jpg\" alt=\"Laxedo\" class=\"wp-image-20120\" srcset=\"https:\/\/www.galiciamaxica.eu\/mini\/wp-content\/uploads\/2022\/09\/laxedo-18-768x1024.jpg 768w, https:\/\/www.galiciamaxica.eu\/mini\/wp-content\/uploads\/2022\/09\/laxedo-18-225x300.jpg 225w, https:\/\/www.galiciamaxica.eu\/mini\/wp-content\/uploads\/2022\/09\/laxedo-18.jpg 899w\" sizes=\"(max-width: 768px) 100vw, 768px\" \/><\/a><\/figure>\n\n\n\n<h3 class=\"wp-block-heading\"><strong>Reto Orientaci\u00f3n espacial<\/strong><\/h3>\n\n\n\n<p>Al igual que cuando viajamos y no sabemos por donde ir utilizamos un GPS debemos indicarles por d\u00f3nde se mueven ellos. <\/p>\n\n\n\n<figure class=\"wp-block-image size-large\"><a href=\"https:\/\/www.galiciamaxica.eu\/mini\/wp-content\/uploads\/2022\/09\/laxedo-13-1.jpg\"><img loading=\"lazy\" decoding=\"async\" width=\"768\" height=\"1024\" src=\"https:\/\/www.galiciamaxica.eu\/mini\/wp-content\/uploads\/2022\/09\/laxedo-13-1-768x1024.jpg\" alt=\"Laxedo\" class=\"wp-image-20134\" srcset=\"https:\/\/www.galiciamaxica.eu\/mini\/wp-content\/uploads\/2022\/09\/laxedo-13-1-768x1024.jpg 768w, https:\/\/www.galiciamaxica.eu\/mini\/wp-content\/uploads\/2022\/09\/laxedo-13-1-225x300.jpg 225w, https:\/\/www.galiciamaxica.eu\/mini\/wp-content\/uploads\/2022\/09\/laxedo-13-1.jpg 898w\" sizes=\"(max-width: 768px) 100vw, 768px\" \/><\/a><\/figure>\n\n\n\n<p>Ense\u00f1arles a situarse espacialmente es important\u00edsimo en su crecimiento. Tan importante saber el <strong>arriba-abajo, delante-detr\u00e1s<\/strong> que el <strong>norte-sur, este-oeste.<\/strong> <\/p>\n\n\n\n<p>Os recomiendo leer este interesante art\u00edculo para comprender como es <a href=\"https:\/\/eresmama.com\/nocion-espacial-en-ninos\/\" rel=\"nofollow\">su desarrollo de la noci\u00f3n espacial en ni\u00f1os dependiendo de la edad<\/a>. <\/p>\n\n\n\n<figure class=\"wp-block-image aligncenter size-large\"><a href=\"https:\/\/www.galiciamaxica.eu\/mini\/wp-content\/uploads\/2022\/09\/laxedo-24.jpg\"><img loading=\"lazy\" decoding=\"async\" width=\"768\" height=\"1024\" src=\"https:\/\/www.galiciamaxica.eu\/mini\/wp-content\/uploads\/2022\/09\/laxedo-24-768x1024.jpg\" alt=\"Laxedo\" class=\"wp-image-20126\" srcset=\"https:\/\/www.galiciamaxica.eu\/mini\/wp-content\/uploads\/2022\/09\/laxedo-24-768x1024.jpg 768w, https:\/\/www.galiciamaxica.eu\/mini\/wp-content\/uploads\/2022\/09\/laxedo-24-225x300.jpg 225w, https:\/\/www.galiciamaxica.eu\/mini\/wp-content\/uploads\/2022\/09\/laxedo-24.jpg 899w\" sizes=\"(max-width: 768px) 100vw, 768px\" \/><\/a><\/figure>\n\n\n\n<p>La orientaci\u00f3n espacial es una habilidad b\u00e1sica para moverse y situarse dentro de un espacio pero por supuesto ha de ser una habilidad a cultivar.&nbsp;Es tan importante el de peque\u00f1os el dentro de casa, fuera de casa como el estamos en otra provincia.<\/p>\n\n\n\n<figure class=\"wp-block-image aligncenter size-large\"><a href=\"https:\/\/www.galiciamaxica.eu\/mini\/wp-content\/uploads\/2022\/09\/laxedo-15.jpg\"><img loading=\"lazy\" decoding=\"async\" width=\"769\" height=\"1024\" src=\"https:\/\/www.galiciamaxica.eu\/mini\/wp-content\/uploads\/2022\/09\/laxedo-15-769x1024.jpg\" alt=\"laxedo\" class=\"wp-image-20117\" srcset=\"https:\/\/www.galiciamaxica.eu\/mini\/wp-content\/uploads\/2022\/09\/laxedo-15-769x1024.jpg 769w, https:\/\/www.galiciamaxica.eu\/mini\/wp-content\/uploads\/2022\/09\/laxedo-15-225x300.jpg 225w, https:\/\/www.galiciamaxica.eu\/mini\/wp-content\/uploads\/2022\/09\/laxedo-15-768x1022.jpg 768w, https:\/\/www.galiciamaxica.eu\/mini\/wp-content\/uploads\/2022\/09\/laxedo-15.jpg 900w\" sizes=\"(max-width: 769px) 100vw, 769px\" \/><\/a><\/figure>\n\n\n\n<p><strong>Recuerda siempre ubicar lo que estamos visitando <\/strong>y esto debes hacerlo acorde a las edades de los ni\u00f1os.<\/p>\n\n\n\n<ul class=\"wp-block-list\"><li>Si son muy peque\u00f1os provincia, y cuando lo requieran concello\u2026 y hasta parroquia. <\/li><li>Que tenemos cerca (R\u00edo, puente, museo&#8230;), lejos en qu\u00e9 lugar de Galicia estamos. <\/li><\/ul>\n\n\n\n<figure class=\"wp-block-image aligncenter size-large\"><a href=\"https:\/\/www.galiciamaxica.eu\/mini\/wp-content\/uploads\/2022\/09\/laxedo-4.jpg\"><img loading=\"lazy\" decoding=\"async\" width=\"768\" height=\"1024\" src=\"https:\/\/www.galiciamaxica.eu\/mini\/wp-content\/uploads\/2022\/09\/laxedo-4-768x1024.jpg\" alt=\"laxedo\" class=\"wp-image-20106\" srcset=\"https:\/\/www.galiciamaxica.eu\/mini\/wp-content\/uploads\/2022\/09\/laxedo-4-768x1024.jpg 768w, https:\/\/www.galiciamaxica.eu\/mini\/wp-content\/uploads\/2022\/09\/laxedo-4-225x300.jpg 225w, https:\/\/www.galiciamaxica.eu\/mini\/wp-content\/uploads\/2022\/09\/laxedo-4.jpg 899w\" sizes=\"(max-width: 768px) 100vw, 768px\" \/><\/a><\/figure>\n\n\n\n<h4 class=\"wp-block-heading\"><strong>ACTIVIDADES DE ORIENTACI\u00d3N ESPACIAL<\/strong><\/h4>\n\n\n\n<p>Son muy recomendables las actividades de Orientaci\u00f3n espacial con mapas. Os traer\u00e9 dos ejemplos a utilizar en TODOS vuestros viajes son actividades que se suelen utilizar en las aulas.<\/p>\n\n\n\n<figure class=\"wp-block-image aligncenter size-large\"><a href=\"https:\/\/www.galiciamaxica.eu\/mini\/wp-content\/uploads\/2022\/09\/laxedo-12.jpg\"><img loading=\"lazy\" decoding=\"async\" width=\"769\" height=\"1024\" src=\"https:\/\/www.galiciamaxica.eu\/mini\/wp-content\/uploads\/2022\/09\/laxedo-12-769x1024.jpg\" alt=\"Laxedo\" class=\"wp-image-20114\" srcset=\"https:\/\/www.galiciamaxica.eu\/mini\/wp-content\/uploads\/2022\/09\/laxedo-12-769x1024.jpg 769w, https:\/\/www.galiciamaxica.eu\/mini\/wp-content\/uploads\/2022\/09\/laxedo-12-225x300.jpg 225w, https:\/\/www.galiciamaxica.eu\/mini\/wp-content\/uploads\/2022\/09\/laxedo-12-768x1022.jpg 768w, https:\/\/www.galiciamaxica.eu\/mini\/wp-content\/uploads\/2022\/09\/laxedo-12.jpg 900w\" sizes=\"(max-width: 769px) 100vw, 769px\" \/><\/a><\/figure>\n\n\n\n<h5 class=\"wp-block-heading\"><strong>EL FORASTERO ERRANTE.&nbsp;<\/strong><\/h5>\n\n\n\n<p>En esta actividad siempre se debe tener un mapa, el director del juego menciona un punto de partida del forastero errante, despu\u00e9s determina la ruta. Se describen algunas circunstancias, es decir pistas en las que anotar el nombre o dibujar lo que ven.<\/p>\n\n\n\n<figure class=\"wp-block-image aligncenter size-large\"><a href=\"https:\/\/www.galiciamaxica.eu\/mini\/wp-content\/uploads\/2022\/09\/laxedo-7.jpg\"><img loading=\"lazy\" decoding=\"async\" width=\"769\" height=\"1024\" src=\"https:\/\/www.galiciamaxica.eu\/mini\/wp-content\/uploads\/2022\/09\/laxedo-7-769x1024.jpg\" alt=\"Laxedo\" class=\"wp-image-20109\" srcset=\"https:\/\/www.galiciamaxica.eu\/mini\/wp-content\/uploads\/2022\/09\/laxedo-7-769x1024.jpg 769w, https:\/\/www.galiciamaxica.eu\/mini\/wp-content\/uploads\/2022\/09\/laxedo-7-225x300.jpg 225w, https:\/\/www.galiciamaxica.eu\/mini\/wp-content\/uploads\/2022\/09\/laxedo-7-768x1022.jpg 768w, https:\/\/www.galiciamaxica.eu\/mini\/wp-content\/uploads\/2022\/09\/laxedo-7.jpg 900w\" sizes=\"(max-width: 769px) 100vw, 769px\" \/><\/a><\/figure>\n\n\n\n<h5 class=\"wp-block-heading\"><strong>CARRERA DE LOCALIZACI\u00d3N.<\/strong>&nbsp;<\/h5>\n\n\n\n<p>Los ni\u00f1os ser\u00e1n los que gu\u00eden nuestros pasos anotando en un mapa los puntos m\u00e1s curiosos o importantes. Pod\u00e9is pedirles que busquen alguno en concreto por ejemplo el h\u00f3rreo de los tres hermanos (Un h\u00f3rreo que dividido en tres partes), la Antigua Escuela&#8230;<\/p>\n\n\n\n<figure class=\"wp-block-image aligncenter size-large\"><a href=\"https:\/\/www.galiciamaxica.eu\/mini\/wp-content\/uploads\/2022\/09\/laxedo-8.jpg\"><img loading=\"lazy\" decoding=\"async\" width=\"768\" height=\"1024\" src=\"https:\/\/www.galiciamaxica.eu\/mini\/wp-content\/uploads\/2022\/09\/laxedo-8-768x1024.jpg\" alt=\"Laxedo\" class=\"wp-image-20110\" srcset=\"https:\/\/www.galiciamaxica.eu\/mini\/wp-content\/uploads\/2022\/09\/laxedo-8-768x1024.jpg 768w, https:\/\/www.galiciamaxica.eu\/mini\/wp-content\/uploads\/2022\/09\/laxedo-8-225x300.jpg 225w, https:\/\/www.galiciamaxica.eu\/mini\/wp-content\/uploads\/2022\/09\/laxedo-8.jpg 899w\" sizes=\"(max-width: 768px) 100vw, 768px\" \/><\/a><\/figure>\n\n\n\n<p>O la casa del carpintero y la modista, el carpintero era Moises Couceiro Cota en la planta baja y arriba Elvira Encarnaci\u00f3n era modista.<\/p>\n\n\n\n<figure class=\"wp-block-image size-large is-resized\"><a href=\"https:\/\/www.galiciamaxica.eu\/mini\/wp-content\/uploads\/2022\/09\/mapa-1.jpg\"><img loading=\"lazy\" decoding=\"async\" src=\"https:\/\/www.galiciamaxica.eu\/mini\/wp-content\/uploads\/2022\/09\/mapa-1-1024x726.jpg\" alt=\"RUTA LAXEDO\" class=\"wp-image-20129\" width=\"741\" height=\"525\" srcset=\"https:\/\/www.galiciamaxica.eu\/mini\/wp-content\/uploads\/2022\/09\/mapa-1-1024x726.jpg 1024w, https:\/\/www.galiciamaxica.eu\/mini\/wp-content\/uploads\/2022\/09\/mapa-1-300x213.jpg 300w, https:\/\/www.galiciamaxica.eu\/mini\/wp-content\/uploads\/2022\/09\/mapa-1-768x545.jpg 768w, https:\/\/www.galiciamaxica.eu\/mini\/wp-content\/uploads\/2022\/09\/mapa-1.jpg 1600w\" sizes=\"(max-width: 741px) 100vw, 741px\" \/><\/a><\/figure>\n\n\n\n<h3 class=\"wp-block-heading\"><strong>Reto Retentiva- Vida de Manuel<\/strong><\/h3>\n\n\n\n<p><strong>Recordar nombres, oficios,&nbsp;fechas\u2026curiosidades, an\u00e9cdotas<\/strong><\/p>\n\n\n\n<ol class=\"wp-block-list\"><li>Un d\u00eda el padre de Manuel enferm\u00f3, en el pueblo no hab\u00eda medicinas por lo que Manuel tuvo que recorrer una gran distancia para recoger las medicinas necesarias para su enfermedad. Ten\u00eda que ir andando desde aqu\u00ed hasta Ponte Caldelas (m\u00e1s de 40 kil\u00f3metros).<\/li><li>Su padre muri\u00f3 pronto Manuel tuvo que emigrar a Brasil con s\u00f3lo 16 a\u00f1os. Dicen que fue caminando hasta Lisboa y de all\u00ed en barco a R\u00edo de Janeiro.<\/li><li>La vida sonri\u00f3 a Manuel comenz\u00f3 a trabajar al poco tiempo en una administraci\u00f3n de loter\u00edas. M\u00e1s tarde lleg\u00f3 a regentar una propia y tuvo la suerte de ganar el gran premio de loter\u00eda de \u00abO Bicho\u00bb.<\/li><li>A partir de ah\u00ed, su vida cambi\u00f3. Pas\u00f3 a invertir en tierras en la ciudad de R\u00edo Janeiro teniendo con ellas grandes ganancias. Adem\u00e1s del negocio inmobiliario y la loter\u00eda entr\u00f3 en el mundo de la moda y la hosteler\u00eda.<\/li><li>Con solo 32 a\u00f1os ya dispon\u00eda de una gran fortuna. Volvi\u00f3 a Galicia en el a\u00f1o 1899 pero su madre ya hab\u00eda fallecido un par de a\u00f1os antes. <\/li><li>Durante la Guerra Civil don\u00f3 buenas cantidades a los dos bandos y as\u00ed no perder sus buenas relaciones personales. <\/li><li>Posteriormente volvi\u00f3 a Covelo durante 15 a\u00f1os. Don\u00f3 dinero para hospitales y asilos, como por ejemplo dos salas del Hospital Provincial de Pontevedra, donde hay una estatua en memoria de Manuel Barreiros Cabanelas creada por Francisco Asorey en 1942. Tambi\u00e9n don\u00f3 dinero a Brasil y Cuba.<\/li><li>Su generosidad no se olvid\u00f3 de su aldea natal. Regalaba casa y dinero a cada nuevo matrimonio que decidiese vivir en su aldea.&nbsp;<\/li><\/ol>\n\n\n\n<figure class=\"wp-block-image aligncenter size-large\"><a href=\"https:\/\/www.galiciamaxica.eu\/mini\/wp-content\/uploads\/2022\/09\/laxedo-19.jpg\"><img loading=\"lazy\" decoding=\"async\" width=\"768\" height=\"1024\" src=\"https:\/\/www.galiciamaxica.eu\/mini\/wp-content\/uploads\/2022\/09\/laxedo-19-768x1024.jpg\" alt=\"Laxedo\" class=\"wp-image-20121\" srcset=\"https:\/\/www.galiciamaxica.eu\/mini\/wp-content\/uploads\/2022\/09\/laxedo-19-768x1024.jpg 768w, https:\/\/www.galiciamaxica.eu\/mini\/wp-content\/uploads\/2022\/09\/laxedo-19-225x300.jpg 225w, https:\/\/www.galiciamaxica.eu\/mini\/wp-content\/uploads\/2022\/09\/laxedo-19.jpg 899w\" sizes=\"(max-width: 768px) 100vw, 768px\" \/><\/a><\/figure>\n\n\n\n<h2 class=\"wp-block-heading\"><a href=\"https:\/\/www.galiciamaxica.eu\/galicia\/esculturas-y-relieves-de-laxedo-covelo\/\">Ruta Laxedo<\/a><\/h2>\n\n\n\n<p>Traz\u00f3 un plan urban\u00edstico y personaliz\u00f3 el pueblo con esculturas y relieves. Promovi\u00f3 la canter\u00eda local y se construyeron abrevaderos, lavaderos, molinos y graneros.&nbsp;<\/p>\n\n\n\n<figure class=\"wp-block-image aligncenter size-large\"><a href=\"https:\/\/www.galiciamaxica.eu\/mini\/wp-content\/uploads\/2022\/09\/laxedo-2.jpg\"><img loading=\"lazy\" decoding=\"async\" width=\"768\" height=\"1024\" src=\"https:\/\/www.galiciamaxica.eu\/mini\/wp-content\/uploads\/2022\/09\/laxedo-2-768x1024.jpg\" alt=\"laxedo colonias\" class=\"wp-image-20104\" srcset=\"https:\/\/www.galiciamaxica.eu\/mini\/wp-content\/uploads\/2022\/09\/laxedo-2-768x1024.jpg 768w, https:\/\/www.galiciamaxica.eu\/mini\/wp-content\/uploads\/2022\/09\/laxedo-2-225x300.jpg 225w, https:\/\/www.galiciamaxica.eu\/mini\/wp-content\/uploads\/2022\/09\/laxedo-2.jpg 899w\" sizes=\"(max-width: 768px) 100vw, 768px\" \/><\/a><\/figure>\n\n\n\n<h3 class=\"wp-block-heading\">Colonias Escolares<\/h3>\n\n\n\n<p>Otra de las obras destacables en Laxedo fue las Colonias Escolares, un conjunto de tres edificaciones y un gran jard\u00edn con m\u00e1s de 40.000 metros cuadrados.<\/p>\n\n\n\n<figure class=\"wp-block-image aligncenter size-large\"><a href=\"https:\/\/www.galiciamaxica.eu\/mini\/wp-content\/uploads\/2022\/09\/laxedo.jpg\"><img loading=\"lazy\" decoding=\"async\" width=\"768\" height=\"1024\" src=\"https:\/\/www.galiciamaxica.eu\/mini\/wp-content\/uploads\/2022\/09\/laxedo-768x1024.jpg\" alt=\"Laxedo\" class=\"wp-image-20130\" srcset=\"https:\/\/www.galiciamaxica.eu\/mini\/wp-content\/uploads\/2022\/09\/laxedo-768x1024.jpg 768w, https:\/\/www.galiciamaxica.eu\/mini\/wp-content\/uploads\/2022\/09\/laxedo-225x300.jpg 225w, https:\/\/www.galiciamaxica.eu\/mini\/wp-content\/uploads\/2022\/09\/laxedo.jpg 898w\" sizes=\"(max-width: 768px) 100vw, 768px\" \/><\/a><\/figure>\n\n\n\n<h3 class=\"wp-block-heading\">As Carballeiras<\/h3>\n\n\n\n<p>Deshabitadas hace 30 a 35 a\u00f1os. Se aprecia la configuraci\u00f3n de un asentamiento de monta\u00f1a. Protecci\u00f3n del n\u00facleo por medio de la sierra do Cando.&nbsp;<\/p>\n\n\n\n<figure class=\"wp-block-image aligncenter size-full\"><a href=\"https:\/\/www.galiciamaxica.eu\/mini\/wp-content\/uploads\/2022\/09\/laxedo-9.jpg\"><img loading=\"lazy\" decoding=\"async\" width=\"569\" height=\"757\" src=\"https:\/\/www.galiciamaxica.eu\/mini\/wp-content\/uploads\/2022\/09\/laxedo-9.jpg\" alt=\"laxedo\" class=\"wp-image-20111\" srcset=\"https:\/\/www.galiciamaxica.eu\/mini\/wp-content\/uploads\/2022\/09\/laxedo-9.jpg 569w, https:\/\/www.galiciamaxica.eu\/mini\/wp-content\/uploads\/2022\/09\/laxedo-9-225x300.jpg 225w\" sizes=\"(max-width: 569px) 100vw, 569px\" \/><\/a><\/figure>\n\n\n\n<h3 class=\"wp-block-heading\"><strong>Empieza nuestra visita por la aldea de Laxedo y sus esculturas<\/strong><\/h3>\n\n\n\n<p>Lo haremos con una preciosa<strong> Ruta circular de 1,36 km<\/strong> que  recupera la <strong>\u201cmemoria cultural\u201d<\/strong> del n\u00facleo rural de Laxedo de la voz de sus habitantes Gracias a la Asociaci\u00f3n de Vecinos de Laxedo &#8211; A Lama<\/p>\n\n\n\n<iframe src=\"https:\/\/www.facebook.com\/plugins\/post.php?href=https%3A%2F%2Fwww.facebook.com%2Fasocvecinoslaxedo%2Fposts%2Fpfbid02TYzCgFfDjsVR8xkP3jKVQ3qrdqJtEgGcnVMJ6LfsfVPjnHHY8RGBpqDkkiWrWFtKl&amp;show_text=true&amp;width=500\" width=\"500\" height=\"761\" style=\"border:none;overflow:hidden\" scrolling=\"no\" frameborder=\"0\" allowfullscreen=\"true\" allow=\"autoplay; clipboard-write; encrypted-media; picture-in-picture; web-share\"><\/iframe>\n\n\n\n<h3 class=\"wp-block-heading\">Puntos de inter\u00e9s<\/h3>\n\n\n\n<p>En esta ruta ten\u00e9is todos los puntos de inter\u00e9s con apuntes en las fotos a modo de comentarios, os invito a leerlos una vez visit\u00e9is cada punto de inter\u00e9s en el mapa.&nbsp;<\/p>\n\n\n\n<figure class=\"wp-block-image size-large\"><a href=\"https:\/\/www.galiciamaxica.eu\/mini\/wp-content\/uploads\/2022\/09\/laxedo-16-1.jpg\"><img loading=\"lazy\" decoding=\"async\" width=\"768\" height=\"1024\" src=\"https:\/\/www.galiciamaxica.eu\/mini\/wp-content\/uploads\/2022\/09\/laxedo-16-1-768x1024.jpg\" alt=\"Laxedo\" class=\"wp-image-20136\" srcset=\"https:\/\/www.galiciamaxica.eu\/mini\/wp-content\/uploads\/2022\/09\/laxedo-16-1-768x1024.jpg 768w, https:\/\/www.galiciamaxica.eu\/mini\/wp-content\/uploads\/2022\/09\/laxedo-16-1-225x300.jpg 225w, https:\/\/www.galiciamaxica.eu\/mini\/wp-content\/uploads\/2022\/09\/laxedo-16-1.jpg 898w\" sizes=\"(max-width: 768px) 100vw, 768px\" \/><\/a><\/figure>\n\n\n\n<p>Puntos de inter\u00e9s que m\u00e1s me gustan para contarles como era la vida en la aldea. Eiras, horreos, fuentes&#8230; y las casas, arropando diferentes oficios y pa\u00edses.<\/p>\n\n\n\n<ol class=\"wp-block-list\"><li>Casa de profesor y casa escultor de Xende<\/li><li>Canteiro y profesores<\/li><li>Praza do Conde y sus tres tabernas. Aqu\u00ed se jugaba al f\u00fatbol con las latas de sardina<\/li><li>Casa paterna do Conde<\/li><li>Fogonera o ca\u00f1onera en Casa del Conde. Lugar para esconder la escopeta y proteger al conde, al parecer ten\u00eda guardia personal.<\/li><li>Antigua escuela de \u201cas rapazas\u201d<\/li><li>Casa de Alejandro Cabanelas, cuentan que muri\u00f3 alcanzado por un rayo en la Casa de la obra<\/li><li>Vivienda m\u00fasico y zapater\u00eda<\/li><li>Casa de Manisco<\/li><li>Casa da Matilda<\/li><li>Taller de costura&nbsp;<\/li><\/ol>\n\n\n\n<h4 class=\"wp-block-heading\">RECOMENDACI\u00d3N<\/h4>\n\n\n\n<p>Recomiendo haceros vuestro propio mapa!!! Y vivir el viaje de la manera que os guste m\u00e1s Siendo <strong>ellos<\/strong> quien porten el mapa con los puntos de inter\u00e9s o Siendo <strong>nosotros<\/strong> su gu\u00eda<\/p>\n\n\n\n<iframe frameborder=\"0\" scrolling=\"no\" src=\"https:\/\/es.wikiloc.com\/wikiloc\/spatialArtifacts.do?event=view&amp;id=44860870&amp;measures=off&amp;title=off&amp;near=off&amp;images=off&amp;maptype=H\" width=\"500\" height=\"400\"><\/iframe><div style=\"color:#777;font-size:11px;line-height:16px;\">Powered by <a style=\"color:#06d;font-size:11px;line-height:16px;\" target=\"_blank\" href=\"https:\/\/es.wikiloc.com\" rel=\"noopener\">Wikiloc<\/a><\/div>\n\n\n\n<p>Una entrada dedicada especialmente a mi abuela y a mi familia materna (R\u00edo de Janeiro) porque mi abuela bes\u00f3 Galicia al llegar y durante toda su vida. Por recordarme siempre ese especial sentimiento de arraigo a nuestra preciosa tierra, Galicia.<\/p>\n\n\n\n<h2 class=\"wp-block-heading\">Localizaci\u00f3n<\/h2>\n\n\n\n<iframe src=\"https:\/\/www.google.com\/maps\/embed?pb=!1m14!1m8!1m3!1d5890.447127086438!2d-8.413428!3d42.422976!3m2!1i1024!2i768!4f13.1!3m3!1m2!1s0xd2f9c9406f0df1d%3A0x1131abcff6a9b1d8!2s36839%20Laxedo%2C%20Pontevedra!5e0!3m2!1ses!2ses!4v1663347729032!5m2!1ses!2ses\" width=\"600\" height=\"450\" style=\"border:0;\" allowfullscreen=\"\" loading=\"lazy\" referrerpolicy=\"no-referrer-when-downgrade\"><\/iframe>\n","protected":false},"excerpt":{"rendered":"<p>Hoy nos vamos de ruta a una aldea de Covelo, Laxedo en A Lama, para conocer la vida y el legado de Manuel Barreiro Cabanelas, conocido como el conde de Cabanelas. Una entrada muy especial dedicada a todos los emigrantes, y a todos los que aman Galicia. Me cost\u00f3 mucho elegir la foto de portada, [&hellip;]<\/p>\n","protected":false},"author":1,"featured_media":20103,"comment_status":"open","ping_status":"closed","sticky":false,"template":"","format":"standard","meta":{"_eb_attr":"","site-sidebar-layout":"default","site-content-layout":"","ast-site-content-layout":"","site-content-style":"default","site-sidebar-style":"default","ast-global-header-display":"","ast-banner-title-visibility":"","ast-main-header-display":"","ast-hfb-above-header-display":"","ast-hfb-below-header-display":"","ast-hfb-mobile-header-display":"","site-post-title":"","ast-breadcrumbs-content":"","ast-featured-img":"","footer-sml-layout":"","theme-transparent-header-meta":"","adv-header-id-meta":"","stick-header-meta":"","header-above-stick-meta":"","header-main-stick-meta":"","header-below-stick-meta":"","astra-migrate-meta-layouts":"default","ast-page-background-enabled":"default","ast-page-background-meta":{"desktop":{"background-color":"","background-image":"","background-repeat":"repeat","background-position":"center center","background-size":"auto","background-attachment":"scroll","background-type":"","background-media":"","overlay-type":"","overlay-color":"","overlay-opacity":"","overlay-gradient":""},"tablet":{"background-color":"","background-image":"","background-repeat":"repeat","background-position":"center center","background-size":"auto","background-attachment":"scroll","background-type":"","background-media":"","overlay-type":"","overlay-color":"","overlay-opacity":"","overlay-gradient":""},"mobile":{"background-color":"","background-image":"","background-repeat":"repeat","background-position":"center center","background-size":"auto","background-attachment":"scroll","background-type":"","background-media":"","overlay-type":"","overlay-color":"","overlay-opacity":"","overlay-gradient":""}},"ast-content-background-meta":{"desktop":{"background-color":"var(--ast-global-color-5)","background-image":"","background-repeat":"repeat","background-position":"center center","background-size":"auto","background-attachment":"scroll","background-type":"","background-media":"","overlay-type":"","overlay-color":"","overlay-opacity":"","overlay-gradient":""},"tablet":{"background-color":"var(--ast-global-color-5)","background-image":"","background-repeat":"repeat","background-position":"center center","background-size":"auto","background-attachment":"scroll","background-type":"","background-media":"","overlay-type":"","overlay-color":"","overlay-opacity":"","overlay-gradient":""},"mobile":{"background-color":"var(--ast-global-color-5)","background-image":"","background-repeat":"repeat","background-position":"center center","background-size":"auto","background-attachment":"scroll","background-type":"","background-media":"","overlay-type":"","overlay-color":"","overlay-opacity":"","overlay-gradient":""}},"footnotes":""},"categories":[48],"tags":[25,23,42],"class_list":["post-20101","post","type-post","status-publish","format-standard","has-post-thumbnail","hentry","category-pontevedra","tag-galicia","tag-pontevedra","tag-ruta"],"yoast_head":"<!-- This site is optimized with the Yoast SEO plugin v24.9 - https:\/\/yoast.com\/wordpress\/plugins\/seo\/ -->\n<title>Laxedo. Historia viva. - Galicia con ni\u00f1os | GALICIA M\u00c1XICA<\/title>\n<meta name=\"description\" content=\"Laxedo. Historia viva.\" \/>\n<meta name=\"robots\" content=\"index, follow, max-snippet:-1, max-image-preview:large, max-video-preview:-1\" \/>\n<link rel=\"canonical\" href=\"https:\/\/www.galiciamaxica.eu\/mini\/laxedo-historia-viva\/\" \/>\n<meta property=\"og:locale\" content=\"es_ES\" \/>\n<meta property=\"og:type\" content=\"article\" \/>\n<meta property=\"og:title\" content=\"Laxedo. Historia viva. - Galicia con ni\u00f1os | GALICIA M\u00c1XICA\" \/>\n<meta property=\"og:description\" content=\"Laxedo. Historia viva.\" \/>\n<meta property=\"og:url\" content=\"https:\/\/www.galiciamaxica.eu\/mini\/laxedo-historia-viva\/\" \/>\n<meta property=\"og:site_name\" content=\"Galicia con ni\u00f1os | GALICIA M\u00c1XICA\" \/>\n<meta property=\"article:publisher\" content=\"https:\/\/www.facebook.com\/maria.rodriguezserantes\" \/>\n<meta property=\"article:author\" content=\"https:\/\/www.facebook.com\/maria.rodriguezserantes\" \/>\n<meta property=\"article:published_time\" content=\"2022-09-16T16:26:52+00:00\" \/>\n<meta property=\"article:modified_time\" content=\"2022-09-20T15:45:08+00:00\" \/>\n<meta property=\"og:image\" content=\"https:\/\/www.galiciamaxica.eu\/mini\/wp-content\/uploads\/2022\/09\/laxedo-1.jpg\" \/>\n\t<meta property=\"og:image:width\" content=\"899\" \/>\n\t<meta property=\"og:image:height\" content=\"1198\" \/>\n\t<meta property=\"og:image:type\" content=\"image\/jpeg\" \/>\n<meta name=\"author\" content=\"seseixa\" \/>\n<meta name=\"twitter:card\" content=\"summary_large_image\" \/>\n<meta name=\"twitter:creator\" content=\"@seseixa\" \/>\n<meta name=\"twitter:site\" content=\"@seseixa\" \/>\n<meta name=\"twitter:label1\" content=\"Escrito por\" \/>\n\t<meta name=\"twitter:data1\" content=\"seseixa\" \/>\n\t<meta name=\"twitter:label2\" content=\"Tiempo de lectura\" \/>\n\t<meta name=\"twitter:data2\" content=\"11 minutos\" \/>\n<script type=\"application\/ld+json\" class=\"yoast-schema-graph\">{\"@context\":\"https:\/\/schema.org\",\"@graph\":[{\"@type\":\"Article\",\"@id\":\"https:\/\/www.galiciamaxica.eu\/mini\/laxedo-historia-viva\/#article\",\"isPartOf\":{\"@id\":\"https:\/\/www.galiciamaxica.eu\/mini\/laxedo-historia-viva\/\"},\"author\":{\"name\":\"seseixa\",\"@id\":\"https:\/\/www.galiciamaxica.eu\/mini\/#\/schema\/person\/2b284fe2fd911000a48d2e8936300179\"},\"headline\":\"Laxedo. Historia viva.\",\"datePublished\":\"2022-09-16T16:26:52+00:00\",\"dateModified\":\"2022-09-20T15:45:08+00:00\",\"mainEntityOfPage\":{\"@id\":\"https:\/\/www.galiciamaxica.eu\/mini\/laxedo-historia-viva\/\"},\"wordCount\":1436,\"commentCount\":2,\"publisher\":{\"@id\":\"https:\/\/www.galiciamaxica.eu\/mini\/#\/schema\/person\/2b284fe2fd911000a48d2e8936300179\"},\"image\":{\"@id\":\"https:\/\/www.galiciamaxica.eu\/mini\/laxedo-historia-viva\/#primaryimage\"},\"thumbnailUrl\":\"https:\/\/www.galiciamaxica.eu\/mini\/wp-content\/uploads\/2022\/09\/laxedo-1.jpg\",\"keywords\":[\"Galicia\",\"pontevedra\",\"ruta\"],\"articleSection\":[\"PONTEVEDRA\"],\"inLanguage\":\"es\",\"potentialAction\":[{\"@type\":\"CommentAction\",\"name\":\"Comment\",\"target\":[\"https:\/\/www.galiciamaxica.eu\/mini\/laxedo-historia-viva\/#respond\"]}]},{\"@type\":\"WebPage\",\"@id\":\"https:\/\/www.galiciamaxica.eu\/mini\/laxedo-historia-viva\/\",\"url\":\"https:\/\/www.galiciamaxica.eu\/mini\/laxedo-historia-viva\/\",\"name\":\"Laxedo. Historia viva. - Galicia con ni\u00f1os | GALICIA M\u00c1XICA\",\"isPartOf\":{\"@id\":\"https:\/\/www.galiciamaxica.eu\/mini\/#website\"},\"primaryImageOfPage\":{\"@id\":\"https:\/\/www.galiciamaxica.eu\/mini\/laxedo-historia-viva\/#primaryimage\"},\"image\":{\"@id\":\"https:\/\/www.galiciamaxica.eu\/mini\/laxedo-historia-viva\/#primaryimage\"},\"thumbnailUrl\":\"https:\/\/www.galiciamaxica.eu\/mini\/wp-content\/uploads\/2022\/09\/laxedo-1.jpg\",\"datePublished\":\"2022-09-16T16:26:52+00:00\",\"dateModified\":\"2022-09-20T15:45:08+00:00\",\"description\":\"Laxedo. Historia viva.\",\"breadcrumb\":{\"@id\":\"https:\/\/www.galiciamaxica.eu\/mini\/laxedo-historia-viva\/#breadcrumb\"},\"inLanguage\":\"es\",\"potentialAction\":[{\"@type\":\"ReadAction\",\"target\":[\"https:\/\/www.galiciamaxica.eu\/mini\/laxedo-historia-viva\/\"]}]},{\"@type\":\"ImageObject\",\"inLanguage\":\"es\",\"@id\":\"https:\/\/www.galiciamaxica.eu\/mini\/laxedo-historia-viva\/#primaryimage\",\"url\":\"https:\/\/www.galiciamaxica.eu\/mini\/wp-content\/uploads\/2022\/09\/laxedo-1.jpg\",\"contentUrl\":\"https:\/\/www.galiciamaxica.eu\/mini\/wp-content\/uploads\/2022\/09\/laxedo-1.jpg\",\"width\":899,\"height\":1198,\"caption\":\"Laxedo\"},{\"@type\":\"BreadcrumbList\",\"@id\":\"https:\/\/www.galiciamaxica.eu\/mini\/laxedo-historia-viva\/#breadcrumb\",\"itemListElement\":[{\"@type\":\"ListItem\",\"position\":1,\"name\":\"Portada\",\"item\":\"https:\/\/www.galiciamaxica.eu\/mini\/\"},{\"@type\":\"ListItem\",\"position\":2,\"name\":\"Laxedo. Historia viva.\"}]},{\"@type\":\"WebSite\",\"@id\":\"https:\/\/www.galiciamaxica.eu\/mini\/#website\",\"url\":\"https:\/\/www.galiciamaxica.eu\/mini\/\",\"name\":\"Galicia con ni\u00f1os | GALICIA M\u00c1XICA\",\"description\":\"Qu\u00e9 hacer con ni\u00f1os en Galicia\",\"publisher\":{\"@id\":\"https:\/\/www.galiciamaxica.eu\/mini\/#\/schema\/person\/2b284fe2fd911000a48d2e8936300179\"},\"potentialAction\":[{\"@type\":\"SearchAction\",\"target\":{\"@type\":\"EntryPoint\",\"urlTemplate\":\"https:\/\/www.galiciamaxica.eu\/mini\/?s={search_term_string}\"},\"query-input\":{\"@type\":\"PropertyValueSpecification\",\"valueRequired\":true,\"valueName\":\"search_term_string\"}}],\"inLanguage\":\"es\"},{\"@type\":[\"Person\",\"Organization\"],\"@id\":\"https:\/\/www.galiciamaxica.eu\/mini\/#\/schema\/person\/2b284fe2fd911000a48d2e8936300179\",\"name\":\"seseixa\",\"image\":{\"@type\":\"ImageObject\",\"inLanguage\":\"es\",\"@id\":\"https:\/\/www.galiciamaxica.eu\/mini\/#\/schema\/person\/image\/\",\"url\":\"https:\/\/www.galiciamaxica.eu\/mini\/wp-content\/uploads\/2019\/02\/seseixa.png\",\"contentUrl\":\"https:\/\/www.galiciamaxica.eu\/mini\/wp-content\/uploads\/2019\/02\/seseixa.png\",\"width\":100,\"height\":100,\"caption\":\"seseixa\"},\"logo\":{\"@id\":\"https:\/\/www.galiciamaxica.eu\/mini\/#\/schema\/person\/image\/\"},\"description\":\"En la actualidad combinando dos proyectos que me apasionan, Galicia y los ni\u00f1os. Tengo mucho que aportar y otro tanto que aprender, as\u00ed como, el tiempo y el coraz\u00f3n, dividido en todo momento. Soy mam\u00e1, un titulo otorgado a tiempo completo, compa\u00f1era y amiga, a todas horas, familiar y cercana, siempre. De esp\u00edritu inquieto, soy una eterna ni\u00f1a que juega en el pa\u00eds de las maravillas. Una enamorada de mi tierra, por la que trabajo sin descanso. Creo en la infancia como motor que cambiar\u00e1 el mundo a mejor y busco en mi vida la felicidad como estado permanente porque s\u00f3lo se vive una vez.\",\"sameAs\":[\"http:\/\/mini.galiciamaxica.eu\/\",\"https:\/\/www.facebook.com\/maria.rodriguezserantes\",\"https:\/\/x.com\/seseixa\"],\"url\":\"https:\/\/www.galiciamaxica.eu\/mini\/author\/seseixa\/\"}]}<\/script>\n<!-- \/ Yoast SEO plugin. -->","yoast_head_json":{"title":"Laxedo. Historia viva. - Galicia con ni\u00f1os | GALICIA M\u00c1XICA","description":"Laxedo. Historia viva.","robots":{"index":"index","follow":"follow","max-snippet":"max-snippet:-1","max-image-preview":"max-image-preview:large","max-video-preview":"max-video-preview:-1"},"canonical":"https:\/\/www.galiciamaxica.eu\/mini\/laxedo-historia-viva\/","og_locale":"es_ES","og_type":"article","og_title":"Laxedo. Historia viva. - Galicia con ni\u00f1os | GALICIA M\u00c1XICA","og_description":"Laxedo. Historia viva.","og_url":"https:\/\/www.galiciamaxica.eu\/mini\/laxedo-historia-viva\/","og_site_name":"Galicia con ni\u00f1os | GALICIA M\u00c1XICA","article_publisher":"https:\/\/www.facebook.com\/maria.rodriguezserantes","article_author":"https:\/\/www.facebook.com\/maria.rodriguezserantes","article_published_time":"2022-09-16T16:26:52+00:00","article_modified_time":"2022-09-20T15:45:08+00:00","og_image":[{"width":899,"height":1198,"url":"https:\/\/www.galiciamaxica.eu\/mini\/wp-content\/uploads\/2022\/09\/laxedo-1.jpg","type":"image\/jpeg"}],"author":"seseixa","twitter_card":"summary_large_image","twitter_creator":"@seseixa","twitter_site":"@seseixa","twitter_misc":{"Escrito por":"seseixa","Tiempo de lectura":"11 minutos"},"schema":{"@context":"https:\/\/schema.org","@graph":[{"@type":"Article","@id":"https:\/\/www.galiciamaxica.eu\/mini\/laxedo-historia-viva\/#article","isPartOf":{"@id":"https:\/\/www.galiciamaxica.eu\/mini\/laxedo-historia-viva\/"},"author":{"name":"seseixa","@id":"https:\/\/www.galiciamaxica.eu\/mini\/#\/schema\/person\/2b284fe2fd911000a48d2e8936300179"},"headline":"Laxedo. Historia viva.","datePublished":"2022-09-16T16:26:52+00:00","dateModified":"2022-09-20T15:45:08+00:00","mainEntityOfPage":{"@id":"https:\/\/www.galiciamaxica.eu\/mini\/laxedo-historia-viva\/"},"wordCount":1436,"commentCount":2,"publisher":{"@id":"https:\/\/www.galiciamaxica.eu\/mini\/#\/schema\/person\/2b284fe2fd911000a48d2e8936300179"},"image":{"@id":"https:\/\/www.galiciamaxica.eu\/mini\/laxedo-historia-viva\/#primaryimage"},"thumbnailUrl":"https:\/\/www.galiciamaxica.eu\/mini\/wp-content\/uploads\/2022\/09\/laxedo-1.jpg","keywords":["Galicia","pontevedra","ruta"],"articleSection":["PONTEVEDRA"],"inLanguage":"es","potentialAction":[{"@type":"CommentAction","name":"Comment","target":["https:\/\/www.galiciamaxica.eu\/mini\/laxedo-historia-viva\/#respond"]}]},{"@type":"WebPage","@id":"https:\/\/www.galiciamaxica.eu\/mini\/laxedo-historia-viva\/","url":"https:\/\/www.galiciamaxica.eu\/mini\/laxedo-historia-viva\/","name":"Laxedo. Historia viva. - Galicia con ni\u00f1os | GALICIA M\u00c1XICA","isPartOf":{"@id":"https:\/\/www.galiciamaxica.eu\/mini\/#website"},"primaryImageOfPage":{"@id":"https:\/\/www.galiciamaxica.eu\/mini\/laxedo-historia-viva\/#primaryimage"},"image":{"@id":"https:\/\/www.galiciamaxica.eu\/mini\/laxedo-historia-viva\/#primaryimage"},"thumbnailUrl":"https:\/\/www.galiciamaxica.eu\/mini\/wp-content\/uploads\/2022\/09\/laxedo-1.jpg","datePublished":"2022-09-16T16:26:52+00:00","dateModified":"2022-09-20T15:45:08+00:00","description":"Laxedo. Historia viva.","breadcrumb":{"@id":"https:\/\/www.galiciamaxica.eu\/mini\/laxedo-historia-viva\/#breadcrumb"},"inLanguage":"es","potentialAction":[{"@type":"ReadAction","target":["https:\/\/www.galiciamaxica.eu\/mini\/laxedo-historia-viva\/"]}]},{"@type":"ImageObject","inLanguage":"es","@id":"https:\/\/www.galiciamaxica.eu\/mini\/laxedo-historia-viva\/#primaryimage","url":"https:\/\/www.galiciamaxica.eu\/mini\/wp-content\/uploads\/2022\/09\/laxedo-1.jpg","contentUrl":"https:\/\/www.galiciamaxica.eu\/mini\/wp-content\/uploads\/2022\/09\/laxedo-1.jpg","width":899,"height":1198,"caption":"Laxedo"},{"@type":"BreadcrumbList","@id":"https:\/\/www.galiciamaxica.eu\/mini\/laxedo-historia-viva\/#breadcrumb","itemListElement":[{"@type":"ListItem","position":1,"name":"Portada","item":"https:\/\/www.galiciamaxica.eu\/mini\/"},{"@type":"ListItem","position":2,"name":"Laxedo. Historia viva."}]},{"@type":"WebSite","@id":"https:\/\/www.galiciamaxica.eu\/mini\/#website","url":"https:\/\/www.galiciamaxica.eu\/mini\/","name":"Galicia con ni\u00f1os | GALICIA M\u00c1XICA","description":"Qu\u00e9 hacer con ni\u00f1os en Galicia","publisher":{"@id":"https:\/\/www.galiciamaxica.eu\/mini\/#\/schema\/person\/2b284fe2fd911000a48d2e8936300179"},"potentialAction":[{"@type":"SearchAction","target":{"@type":"EntryPoint","urlTemplate":"https:\/\/www.galiciamaxica.eu\/mini\/?s={search_term_string}"},"query-input":{"@type":"PropertyValueSpecification","valueRequired":true,"valueName":"search_term_string"}}],"inLanguage":"es"},{"@type":["Person","Organization"],"@id":"https:\/\/www.galiciamaxica.eu\/mini\/#\/schema\/person\/2b284fe2fd911000a48d2e8936300179","name":"seseixa","image":{"@type":"ImageObject","inLanguage":"es","@id":"https:\/\/www.galiciamaxica.eu\/mini\/#\/schema\/person\/image\/","url":"https:\/\/www.galiciamaxica.eu\/mini\/wp-content\/uploads\/2019\/02\/seseixa.png","contentUrl":"https:\/\/www.galiciamaxica.eu\/mini\/wp-content\/uploads\/2019\/02\/seseixa.png","width":100,"height":100,"caption":"seseixa"},"logo":{"@id":"https:\/\/www.galiciamaxica.eu\/mini\/#\/schema\/person\/image\/"},"description":"En la actualidad combinando dos proyectos que me apasionan, Galicia y los ni\u00f1os. Tengo mucho que aportar y otro tanto que aprender, as\u00ed como, el tiempo y el coraz\u00f3n, dividido en todo momento. Soy mam\u00e1, un titulo otorgado a tiempo completo, compa\u00f1era y amiga, a todas horas, familiar y cercana, siempre. De esp\u00edritu inquieto, soy una eterna ni\u00f1a que juega en el pa\u00eds de las maravillas. Una enamorada de mi tierra, por la que trabajo sin descanso. Creo en la infancia como motor que cambiar\u00e1 el mundo a mejor y busco en mi vida la felicidad como estado permanente porque s\u00f3lo se vive una vez.","sameAs":["http:\/\/mini.galiciamaxica.eu\/","https:\/\/www.facebook.com\/maria.rodriguezserantes","https:\/\/x.com\/seseixa"],"url":"https:\/\/www.galiciamaxica.eu\/mini\/author\/seseixa\/"}]}},"amp_enabled":true,"post_mailing_queue_ids":[],"_links":{"self":[{"href":"https:\/\/www.galiciamaxica.eu\/mini\/wp-json\/wp\/v2\/posts\/20101"}],"collection":[{"href":"https:\/\/www.galiciamaxica.eu\/mini\/wp-json\/wp\/v2\/posts"}],"about":[{"href":"https:\/\/www.galiciamaxica.eu\/mini\/wp-json\/wp\/v2\/types\/post"}],"author":[{"embeddable":true,"href":"https:\/\/www.galiciamaxica.eu\/mini\/wp-json\/wp\/v2\/users\/1"}],"replies":[{"embeddable":true,"href":"https:\/\/www.galiciamaxica.eu\/mini\/wp-json\/wp\/v2\/comments?post=20101"}],"version-history":[{"count":5,"href":"https:\/\/www.galiciamaxica.eu\/mini\/wp-json\/wp\/v2\/posts\/20101\/revisions"}],"predecessor-version":[{"id":20144,"href":"https:\/\/www.galiciamaxica.eu\/mini\/wp-json\/wp\/v2\/posts\/20101\/revisions\/20144"}],"wp:featuredmedia":[{"embeddable":true,"href":"https:\/\/www.galiciamaxica.eu\/mini\/wp-json\/wp\/v2\/media\/20103"}],"wp:attachment":[{"href":"https:\/\/www.galiciamaxica.eu\/mini\/wp-json\/wp\/v2\/media?parent=20101"}],"wp:term":[{"taxonomy":"category","embeddable":true,"href":"https:\/\/www.galiciamaxica.eu\/mini\/wp-json\/wp\/v2\/categories?post=20101"},{"taxonomy":"post_tag","embeddable":true,"href":"https:\/\/www.galiciamaxica.eu\/mini\/wp-json\/wp\/v2\/tags?post=20101"}],"curies":[{"name":"wp","href":"https:\/\/api.w.org\/{rel}","templated":true}]}}