{"id":20067,"date":"2022-09-14T18:48:52","date_gmt":"2022-09-14T16:48:52","guid":{"rendered":"https:\/\/www.galiciamaxica.eu\/mini\/?p=20067"},"modified":"2022-09-14T19:12:10","modified_gmt":"2022-09-14T17:12:10","slug":"ruta-de-a-fraga-en-moana","status":"publish","type":"post","link":"https:\/\/www.galiciamaxica.eu\/mini\/ruta-de-a-fraga-en-moana\/","title":{"rendered":"Ruta de A Fraga en Moa\u00f1a"},"content":{"rendered":"\n<p>Hoy<strong><a href=\"https:\/\/www.galiciamaxica.eu\/galicia\/pontevedra\/sendero-fraga\/\"> <\/a><\/strong>nos vamos a Moa\u00f1a. a la<a href=\"https:\/\/www.galiciamaxica.eu\/galicia\/pontevedra\/sendero-fraga\/\"> Ruta de A Fraga. <\/a>El nombre de la ruta se la da el r\u00edo que marcar\u00e1 el paso. En esta ruta seguiremos el curso del R\u00edo Fraga, tambi\u00e9n se le conoce como Rego dos Ladr\u00f3ns.<\/p>\n\n\n\n<div id=\"ez-toc-container\" class=\"ez-toc-v2_0_86 counter-hierarchy ez-toc-counter ez-toc-custom ez-toc-container-direction\">\n<div class=\"ez-toc-title-container\">\n<p class=\"ez-toc-title\" style=\"cursor:inherit\">Contenido<\/p>\n<span class=\"ez-toc-title-toggle\"><a href=\"#\" class=\"ez-toc-pull-right ez-toc-btn ez-toc-btn-xs ez-toc-btn-default ez-toc-toggle\" aria-label=\"Alternar tabla de contenidos\"><span class=\"ez-toc-js-icon-con\"><span class=\"\"><span class=\"eztoc-hide\" style=\"display:none;\">Toggle<\/span><span class=\"ez-toc-icon-toggle-span\"><svg style=\"fill: #8224e3;color:#8224e3\" xmlns=\"http:\/\/www.w3.org\/2000\/svg\" class=\"list-377408\" width=\"20px\" height=\"20px\" viewBox=\"0 0 24 24\" fill=\"none\"><path d=\"M6 6H4v2h2V6zm14 0H8v2h12V6zM4 11h2v2H4v-2zm16 0H8v2h12v-2zM4 16h2v2H4v-2zm16 0H8v2h12v-2z\" fill=\"currentColor\"><\/path><\/svg><svg style=\"fill: #8224e3;color:#8224e3\" class=\"arrow-unsorted-368013\" xmlns=\"http:\/\/www.w3.org\/2000\/svg\" width=\"10px\" height=\"10px\" viewBox=\"0 0 24 24\" version=\"1.2\" baseProfile=\"tiny\"><path d=\"M18.2 9.3l-6.2-6.3-6.2 6.3c-.2.2-.3.4-.3.7s.1.5.3.7c.2.2.4.3.7.3h11c.3 0 .5-.1.7-.3.2-.2.3-.5.3-.7s-.1-.5-.3-.7zM5.8 14.7l6.2 6.3 6.2-6.3c.2-.2.3-.5.3-.7s-.1-.5-.3-.7c-.2-.2-.4-.3-.7-.3h-11c-.3 0-.5.1-.7.3-.2.2-.3.5-.3.7s.1.5.3.7z\"\/><\/svg><\/span><\/span><\/span><\/a><\/span><\/div>\n<nav><ul class='ez-toc-list ez-toc-list-level-1 ' ><li class='ez-toc-page-1 ez-toc-heading-level-2'><a class=\"ez-toc-link ez-toc-heading-1\" href=\"https:\/\/www.galiciamaxica.eu\/mini\/ruta-de-a-fraga-en-moana\/#Ruta_de_A_Fraga\" >Ruta de A Fraga<\/a><ul class='ez-toc-list-level-3' ><li class='ez-toc-heading-level-3'><a class=\"ez-toc-link ez-toc-heading-2\" href=\"https:\/\/www.galiciamaxica.eu\/mini\/ruta-de-a-fraga-en-moana\/#%C2%BFQue_encontraremos\" >\u00bfQu\u00e9 encontraremos?<\/a><\/li><li class='ez-toc-page-1 ez-toc-heading-level-3'><a class=\"ez-toc-link ez-toc-heading-3\" href=\"https:\/\/www.galiciamaxica.eu\/mini\/ruta-de-a-fraga-en-moana\/#Ruta_circular_y_de_algo_mas_de_4_kilometros_y_medio\" >Ruta circular y de algo m\u00e1s de 4 kil\u00f3metros y medio<\/a><ul class='ez-toc-list-level-4' ><li class='ez-toc-heading-level-4'><a class=\"ez-toc-link ez-toc-heading-4\" href=\"https:\/\/www.galiciamaxica.eu\/mini\/ruta-de-a-fraga-en-moana\/#Consejos_para_acercar_a_los_peques_a_las_rutas\" >Consejos para acercar a los peques a las rutas<\/a><ul class='ez-toc-list-level-5' ><li class='ez-toc-heading-level-5'><a class=\"ez-toc-link ez-toc-heading-5\" href=\"https:\/\/www.galiciamaxica.eu\/mini\/ruta-de-a-fraga-en-moana\/#Sentido\" >Sentido<\/a><\/li><li class='ez-toc-page-1 ez-toc-heading-level-5'><a class=\"ez-toc-link ez-toc-heading-6\" href=\"https:\/\/www.galiciamaxica.eu\/mini\/ruta-de-a-fraga-en-moana\/#Consecuentes\" >Consecuentes<\/a><\/li><li class='ez-toc-page-1 ez-toc-heading-level-5'><a class=\"ez-toc-link ez-toc-heading-7\" href=\"https:\/\/www.galiciamaxica.eu\/mini\/ruta-de-a-fraga-en-moana\/#Motivar_y_apoyar\" >Motivar y apoyar<\/a><\/li><li class='ez-toc-page-1 ez-toc-heading-level-5'><a class=\"ez-toc-link ez-toc-heading-8\" href=\"https:\/\/www.galiciamaxica.eu\/mini\/ruta-de-a-fraga-en-moana\/#Un_parar_si_lo_necesitan_es_un_avanzar_mejor\" >Un parar si lo necesitan, es un avanzar mejor<\/a><\/li><li class='ez-toc-page-1 ez-toc-heading-level-5'><a class=\"ez-toc-link ez-toc-heading-9\" href=\"https:\/\/www.galiciamaxica.eu\/mini\/ruta-de-a-fraga-en-moana\/#Avisar_de_peligros\" >Avisar de peligros<\/a><\/li><li class='ez-toc-page-1 ez-toc-heading-level-5'><a class=\"ez-toc-link ez-toc-heading-10\" href=\"https:\/\/www.galiciamaxica.eu\/mini\/ruta-de-a-fraga-en-moana\/#No_quien_corre_llega_mas_lejos\" >No qui\u00e9n corre, llega m\u00e1s lejos<\/a><\/li><\/ul><\/li><\/ul><\/li><li class='ez-toc-page-1 ez-toc-heading-level-3'><a class=\"ez-toc-link ez-toc-heading-11\" href=\"https:\/\/www.galiciamaxica.eu\/mini\/ruta-de-a-fraga-en-moana\/#Paneles_interpretativos\" >Paneles interpretativos<\/a><ul class='ez-toc-list-level-4' ><li class='ez-toc-heading-level-4'><a class=\"ez-toc-link ez-toc-heading-12\" href=\"https:\/\/www.galiciamaxica.eu\/mini\/ruta-de-a-fraga-en-moana\/#Reto-retentiva\" >Reto-retentiva<\/a><\/li><\/ul><\/li><li class='ez-toc-page-1 ez-toc-heading-level-3'><a class=\"ez-toc-link ez-toc-heading-13\" href=\"https:\/\/www.galiciamaxica.eu\/mini\/ruta-de-a-fraga-en-moana\/#Patrimonio_natural_y_etnografico\" >Patrimonio natural y etnogr\u00e1fico<\/a><ul class='ez-toc-list-level-4' ><li class='ez-toc-heading-level-4'><a class=\"ez-toc-link ez-toc-heading-14\" href=\"https:\/\/www.galiciamaxica.eu\/mini\/ruta-de-a-fraga-en-moana\/#Reto\" >Reto<\/a><\/li><li class='ez-toc-page-1 ez-toc-heading-level-4'><a class=\"ez-toc-link ez-toc-heading-15\" href=\"https:\/\/www.galiciamaxica.eu\/mini\/ruta-de-a-fraga-en-moana\/#Reto-2\" >Reto<\/a><\/li><\/ul><\/li><li class='ez-toc-page-1 ez-toc-heading-level-3'><a class=\"ez-toc-link ez-toc-heading-16\" href=\"https:\/\/www.galiciamaxica.eu\/mini\/ruta-de-a-fraga-en-moana\/#Identificamos_especies\" >Identificamos especies<\/a><ul class='ez-toc-list-level-4' ><li class='ez-toc-heading-level-4'><a class=\"ez-toc-link ez-toc-heading-17\" href=\"https:\/\/www.galiciamaxica.eu\/mini\/ruta-de-a-fraga-en-moana\/#Reto-3\" >Reto<\/a><\/li><\/ul><\/li><\/ul><\/li><li class='ez-toc-page-1 ez-toc-heading-level-2'><a class=\"ez-toc-link ez-toc-heading-18\" href=\"https:\/\/www.galiciamaxica.eu\/mini\/ruta-de-a-fraga-en-moana\/#Comenzamos_la_ruta\" >Comenzamos la ruta<\/a><ul class='ez-toc-list-level-4' ><li class='ez-toc-heading-level-4'><ul class='ez-toc-list-level-4' ><li class='ez-toc-heading-level-4'><a class=\"ez-toc-link ez-toc-heading-19\" href=\"https:\/\/www.galiciamaxica.eu\/mini\/ruta-de-a-fraga-en-moana\/#La_arquitectura_tradicional_gallega_aqui_tambien_tiene_su_espacio\" >La arquitectura tradicional gallega aqu\u00ed tambi\u00e9n tiene su espacio.&nbsp;<\/a><\/li><li class='ez-toc-page-1 ez-toc-heading-level-4'><a class=\"ez-toc-link ez-toc-heading-20\" href=\"https:\/\/www.galiciamaxica.eu\/mini\/ruta-de-a-fraga-en-moana\/#Reto-4\" >Reto<\/a><\/li><\/ul><\/li><\/ul><\/li><\/ul><\/nav><\/div>\n<h2 class=\"wp-block-heading\"><span class=\"ez-toc-section\" id=\"Ruta_de_A_Fraga\"><\/span>Ruta de A Fraga <span class=\"ez-toc-section-end\"><\/span><\/h2>\n\n\n\n<p>Recorreremos una preciosa ruta circular que es perfecta para disfrutar de un especial d\u00eda en familia. <\/p>\n\n\n\n<div class=\"wp-block-image\"><figure class=\"aligncenter size-large\"><a href=\"https:\/\/www.galiciamaxica.eu\/mini\/wp-content\/uploads\/2022\/09\/Yg7ju86iTxeCLs6IKv4V6w-2.jpg\"><img fetchpriority=\"high\" decoding=\"async\" width=\"1024\" height=\"683\" src=\"https:\/\/www.galiciamaxica.eu\/mini\/wp-content\/uploads\/2022\/09\/Yg7ju86iTxeCLs6IKv4V6w-2-1024x683.jpg\" alt=\"Ruta de a fraga\" class=\"wp-image-20097\" srcset=\"https:\/\/www.galiciamaxica.eu\/mini\/wp-content\/uploads\/2022\/09\/Yg7ju86iTxeCLs6IKv4V6w-2-1024x683.jpg 1024w, https:\/\/www.galiciamaxica.eu\/mini\/wp-content\/uploads\/2022\/09\/Yg7ju86iTxeCLs6IKv4V6w-2-300x200.jpg 300w, https:\/\/www.galiciamaxica.eu\/mini\/wp-content\/uploads\/2022\/09\/Yg7ju86iTxeCLs6IKv4V6w-2-768x512.jpg 768w, https:\/\/www.galiciamaxica.eu\/mini\/wp-content\/uploads\/2022\/09\/Yg7ju86iTxeCLs6IKv4V6w-2.jpg 1050w\" sizes=\"(max-width: 1024px) 100vw, 1024px\" \/><\/a><\/figure><\/div>\n\n\n\n<h3 class=\"wp-block-heading\"><span class=\"ez-toc-section\" id=\"%C2%BFQue_encontraremos\"><\/span>\u00bfQu\u00e9 encontraremos?<span class=\"ez-toc-section-end\"><\/span><\/h3>\n\n\n\n<p>En la ruta encontraremos la<strong> naturaleza en su estado puro<\/strong>. Nos maravillar\u00e1n los bailes del <strong>r\u00edo Fraga<\/strong>, que formar\u00e1 durante el recorrido de la ruta peque\u00f1os pero hermosos <strong>saltos de agua y bellas pozas<\/strong>. Sentiremos tambi\u00e9n la mejor arquitectura gallega esa que tiene peso en las ra\u00edces y se forj\u00f3 con el esfuerzo, con los <strong>mu\u00ed\u00f1os<\/strong>, nuestro patrimonio preferido.<\/p>\n\n\n\n<div class=\"wp-block-image\"><figure class=\"aligncenter size-full\"><a href=\"https:\/\/www.galiciamaxica.eu\/mini\/wp-content\/uploads\/2022\/09\/8aTrEG2xSxKqNAoqULev7w.jpg\"><img decoding=\"async\" width=\"525\" height=\"700\" src=\"https:\/\/www.galiciamaxica.eu\/mini\/wp-content\/uploads\/2022\/09\/8aTrEG2xSxKqNAoqULev7w.jpg\" alt=\"Ruta de a fraga\" class=\"wp-image-20085\" srcset=\"https:\/\/www.galiciamaxica.eu\/mini\/wp-content\/uploads\/2022\/09\/8aTrEG2xSxKqNAoqULev7w.jpg 525w, https:\/\/www.galiciamaxica.eu\/mini\/wp-content\/uploads\/2022\/09\/8aTrEG2xSxKqNAoqULev7w-225x300.jpg 225w\" sizes=\"(max-width: 525px) 100vw, 525px\" \/><\/a><\/figure><\/div>\n\n\n\n<h3 class=\"wp-block-heading\"><span class=\"ez-toc-section\" id=\"Ruta_circular_y_de_algo_mas_de_4_kilometros_y_medio\"><\/span>Ruta circular y de algo m\u00e1s de 4 kil\u00f3metros y medio<span class=\"ez-toc-section-end\"><\/span><\/h3>\n\n\n\n<p>Esta es una ruta muy f\u00e1cil de hacer, y adem\u00e1s es circular de 4,61 kil\u00f3metros. En ella haremos actividades que pondr\u00e1n a tono el coraz\u00f3n y los sentidos. <\/p>\n\n\n\n<p>Recuerda que adaptamos la ruta a su edad y a sus condiciones f\u00edsicas, hablo de los m\u00e1s peque\u00f1os, es decir tu paso cuenta para ellos a veces dos o tres pasos propios por lo que aunque pienses que no pueden cansarse, si no est\u00e1n acostumbrados a senderear ser\u00e1 lo m\u00e1s probable.<\/p>\n\n\n\n<div class=\"wp-block-image\"><figure class=\"aligncenter size-full\"><a href=\"https:\/\/www.galiciamaxica.eu\/mini\/wp-content\/uploads\/2022\/09\/Manzaneda_33-1024x683-1.jpg\"><img decoding=\"async\" width=\"568\" height=\"757\" src=\"https:\/\/www.galiciamaxica.eu\/mini\/wp-content\/uploads\/2022\/09\/Manzaneda_33-1024x683-1.jpg\" alt=\"ruta de a fraga\" class=\"wp-image-20068\" srcset=\"https:\/\/www.galiciamaxica.eu\/mini\/wp-content\/uploads\/2022\/09\/Manzaneda_33-1024x683-1.jpg 568w, https:\/\/www.galiciamaxica.eu\/mini\/wp-content\/uploads\/2022\/09\/Manzaneda_33-1024x683-1-225x300.jpg 225w\" sizes=\"(max-width: 568px) 100vw, 568px\" \/><\/a><\/figure><\/div>\n\n\n\n<h4 class=\"wp-block-heading\"><span class=\"ez-toc-section\" id=\"Consejos_para_acercar_a_los_peques_a_las_rutas\"><\/span>Consejos para acercar a los peques a las rutas<span class=\"ez-toc-section-end\"><\/span><\/h4>\n\n\n\n<h5 class=\"wp-block-heading\"><span class=\"ez-toc-section\" id=\"Sentido\"><\/span>Sentido<span class=\"ez-toc-section-end\"><\/span><\/h5>\n\n\n\n<p>Debemos acercar <strong>con sentido<\/strong> a los ni\u00f1os a las caminatas, no pensar que no hay ma\u00f1ana y hacer un trayecto excesivo que lo \u00fanico que traer\u00e1 es un NO la pr\u00f3xima vez que propongamos ir de ruta. <\/p>\n\n\n\n<h5 class=\"wp-block-heading\"><span class=\"ez-toc-section\" id=\"Consecuentes\"><\/span>Consecuentes<span class=\"ez-toc-section-end\"><\/span><\/h5>\n\n\n\n<p>No pretendas que hagan una marat\u00f3n si nunca se han puesto unos tenis. Les informaremos cuantos kil\u00f3metros son de ruta, que veremos&#8230;<\/p>\n\n\n\n<div class=\"wp-block-image\"><figure class=\"aligncenter size-full\"><a href=\"https:\/\/www.galiciamaxica.eu\/mini\/wp-content\/uploads\/2022\/09\/FzE5InH0Rp6iML83FeRaNw-1.jpg\"><img loading=\"lazy\" decoding=\"async\" width=\"525\" height=\"700\" src=\"https:\/\/www.galiciamaxica.eu\/mini\/wp-content\/uploads\/2022\/09\/FzE5InH0Rp6iML83FeRaNw-1.jpg\" alt=\"Ruta de a fraga\" class=\"wp-image-20094\" srcset=\"https:\/\/www.galiciamaxica.eu\/mini\/wp-content\/uploads\/2022\/09\/FzE5InH0Rp6iML83FeRaNw-1.jpg 525w, https:\/\/www.galiciamaxica.eu\/mini\/wp-content\/uploads\/2022\/09\/FzE5InH0Rp6iML83FeRaNw-1-225x300.jpg 225w\" sizes=\"(max-width: 525px) 100vw, 525px\" \/><\/a><\/figure><\/div>\n\n\n\n<h5 class=\"wp-block-heading\"><span class=\"ez-toc-section\" id=\"Motivar_y_apoyar\"><\/span>Motivar y apoyar<span class=\"ez-toc-section-end\"><\/span><\/h5>\n\n\n\n<p>Debemos acercarles con cari\u00f1o, motivando y propiciando que las nuevas salidas a la naturaleza sean ansiadas, es por esto que si es <a href=\"https:\/\/www.galiciamaxica.eu\/mini\/una-las-mejores-rutas-iniciar-los-ninos\/\">la primera vez que os encontr\u00e1is ante una ruta con peque\u00f1os <\/a>o no tan peque\u00f1os pero no acostumbrados, sed listos, no atosigu\u00e9is, as\u00ed se consiguen grandes cosas.<\/p>\n\n\n\n<div class=\"wp-block-image\"><figure class=\"aligncenter size-full\"><a href=\"https:\/\/www.galiciamaxica.eu\/mini\/wp-content\/uploads\/2022\/09\/dvYwKJsKQGyTduIbxa5QYw.jpg\"><img loading=\"lazy\" decoding=\"async\" width=\"525\" height=\"700\" src=\"https:\/\/www.galiciamaxica.eu\/mini\/wp-content\/uploads\/2022\/09\/dvYwKJsKQGyTduIbxa5QYw.jpg\" alt=\"Ruta de a Fraga\" class=\"wp-image-20095\" srcset=\"https:\/\/www.galiciamaxica.eu\/mini\/wp-content\/uploads\/2022\/09\/dvYwKJsKQGyTduIbxa5QYw.jpg 525w, https:\/\/www.galiciamaxica.eu\/mini\/wp-content\/uploads\/2022\/09\/dvYwKJsKQGyTduIbxa5QYw-225x300.jpg 225w\" sizes=\"(max-width: 525px) 100vw, 525px\" \/><\/a><\/figure><\/div>\n\n\n\n<h5 class=\"wp-block-heading\"><span class=\"ez-toc-section\" id=\"Un_parar_si_lo_necesitan_es_un_avanzar_mejor\"><\/span>Un parar si lo necesitan, es un avanzar mejor<span class=\"ez-toc-section-end\"><\/span><\/h5>\n\n\n\n<p>A veces hay que parar para motivarse, encontrarse o saber que camino tomar&#8230; y parar, no significa no llegar, llegar\u00e1n pero cuando sea el momento de hacerlo, nunca se desaprovecha el tiempo cuanto se descubre el \u00aba d\u00f3nde voy o donde quiero llegar\u00bb.<\/p>\n\n\n\n<div class=\"wp-block-image\"><figure class=\"aligncenter size-full\"><a href=\"https:\/\/www.galiciamaxica.eu\/mini\/wp-content\/uploads\/2022\/09\/P_1S95GiS3SZ4IicjNUO7g.jpg\"><img loading=\"lazy\" decoding=\"async\" width=\"525\" height=\"700\" src=\"https:\/\/www.galiciamaxica.eu\/mini\/wp-content\/uploads\/2022\/09\/P_1S95GiS3SZ4IicjNUO7g.jpg\" alt=\"Ruta de A Fraga\" class=\"wp-image-20093\" srcset=\"https:\/\/www.galiciamaxica.eu\/mini\/wp-content\/uploads\/2022\/09\/P_1S95GiS3SZ4IicjNUO7g.jpg 525w, https:\/\/www.galiciamaxica.eu\/mini\/wp-content\/uploads\/2022\/09\/P_1S95GiS3SZ4IicjNUO7g-225x300.jpg 225w\" sizes=\"(max-width: 525px) 100vw, 525px\" \/><\/a><\/figure><\/div>\n\n\n\n<h5 class=\"wp-block-heading\"><span class=\"ez-toc-section\" id=\"Avisar_de_peligros\"><\/span>Avisar de peligros<span class=\"ez-toc-section-end\"><\/span><\/h5>\n\n\n\n<p>La \u00fanica complicaci\u00f3n que tendremos en el recorrido podr\u00eda ser el firme, si llueve o ha llovido por momentos pudiera ser algo m\u00e1s resbaladizo, nada que un buen zapato no pueda corregir y tus buenos reflejos esquivar.<\/p>\n\n\n\n<div class=\"wp-block-image\"><figure class=\"aligncenter size-full\"><a href=\"https:\/\/www.galiciamaxica.eu\/mini\/wp-content\/uploads\/2022\/09\/stQEsy6cTbGo61xyCB_zJw.jpg\"><img loading=\"lazy\" decoding=\"async\" width=\"525\" height=\"700\" src=\"https:\/\/www.galiciamaxica.eu\/mini\/wp-content\/uploads\/2022\/09\/stQEsy6cTbGo61xyCB_zJw.jpg\" alt=\"ruta de a fraga\" class=\"wp-image-20076\" srcset=\"https:\/\/www.galiciamaxica.eu\/mini\/wp-content\/uploads\/2022\/09\/stQEsy6cTbGo61xyCB_zJw.jpg 525w, https:\/\/www.galiciamaxica.eu\/mini\/wp-content\/uploads\/2022\/09\/stQEsy6cTbGo61xyCB_zJw-225x300.jpg 225w\" sizes=\"(max-width: 525px) 100vw, 525px\" \/><\/a><\/figure><\/div>\n\n\n\n<h5 class=\"wp-block-heading\"><span class=\"ez-toc-section\" id=\"No_quien_corre_llega_mas_lejos\"><\/span>No qui\u00e9n corre, llega m\u00e1s lejos<span class=\"ez-toc-section-end\"><\/span><\/h5>\n\n\n\n<p>Comentaros que en alg\u00fan puente la humedad del entorno o el transito que ha soportado el mismo hace que alguna tablilla no est\u00e9 en condiciones, siempre en las rutas mil ojos, anticip\u00e1ndonos evitaremos sustos.<\/p>\n\n\n\n<div class=\"wp-block-image\"><figure class=\"aligncenter size-full\"><a href=\"https:\/\/www.galiciamaxica.eu\/mini\/wp-content\/uploads\/2022\/09\/3obdC_bTQGOPjH0VyTnMPw.jpg\"><img loading=\"lazy\" decoding=\"async\" width=\"525\" height=\"700\" src=\"https:\/\/www.galiciamaxica.eu\/mini\/wp-content\/uploads\/2022\/09\/3obdC_bTQGOPjH0VyTnMPw.jpg\" alt=\"ruta de a fraga\" class=\"wp-image-20087\" srcset=\"https:\/\/www.galiciamaxica.eu\/mini\/wp-content\/uploads\/2022\/09\/3obdC_bTQGOPjH0VyTnMPw.jpg 525w, https:\/\/www.galiciamaxica.eu\/mini\/wp-content\/uploads\/2022\/09\/3obdC_bTQGOPjH0VyTnMPw-225x300.jpg 225w\" sizes=\"(max-width: 525px) 100vw, 525px\" \/><\/a><\/figure><\/div>\n\n\n\n<p>Nos comentan que esta ruta se mima y mantiene en demas\u00eda, esperemos que as\u00ed sea y se solucionen las carencias o desperfectos porque es <strong><a href=\"https:\/\/www.galiciamaxica.eu\/mini\/viajes-compartido-sendero-del-rio-fraga\/\">una ruta muy m\u00e1gica.<\/a><\/strong><\/p>\n\n\n\n<div class=\"wp-block-image\"><figure class=\"aligncenter size-full\"><a href=\"https:\/\/www.galiciamaxica.eu\/mini\/wp-content\/uploads\/2022\/09\/i3PkiL88Q9adwZQdebjs7g.jpg\"><img loading=\"lazy\" decoding=\"async\" width=\"525\" height=\"700\" src=\"https:\/\/www.galiciamaxica.eu\/mini\/wp-content\/uploads\/2022\/09\/i3PkiL88Q9adwZQdebjs7g.jpg\" alt=\"Paneles informativos\" class=\"wp-image-20075\" srcset=\"https:\/\/www.galiciamaxica.eu\/mini\/wp-content\/uploads\/2022\/09\/i3PkiL88Q9adwZQdebjs7g.jpg 525w, https:\/\/www.galiciamaxica.eu\/mini\/wp-content\/uploads\/2022\/09\/i3PkiL88Q9adwZQdebjs7g-225x300.jpg 225w\" sizes=\"(max-width: 525px) 100vw, 525px\" \/><\/a><\/figure><\/div>\n\n\n\n<h3 class=\"wp-block-heading\"><span class=\"ez-toc-section\" id=\"Paneles_interpretativos\"><\/span>Paneles interpretativos<span class=\"ez-toc-section-end\"><\/span><\/h3>\n\n\n\n<p>Os encontrar\u00e9is en el inicio del recorrido un precioso lugar lleno de carteles interpretativos y cubierto que es de agradecer, aqu\u00ed se os dar\u00e1n las herramientas necesarias para hacer que esta excursi\u00f3n familiar sea muy fruct\u00edfera en conocimientos y por supuesto en lecciones.<\/p>\n\n\n\n<h4 class=\"wp-block-heading\"><span class=\"ez-toc-section\" id=\"Reto-retentiva\"><\/span>Reto-retentiva<span class=\"ez-toc-section-end\"><\/span><\/h4>\n\n\n\n<div class=\"wp-block-image\"><figure class=\"aligncenter size-full\"><a href=\"https:\/\/www.galiciamaxica.eu\/mini\/wp-content\/uploads\/2022\/09\/Manzaneda_12.jpg\"><img loading=\"lazy\" decoding=\"async\" width=\"568\" height=\"757\" src=\"https:\/\/www.galiciamaxica.eu\/mini\/wp-content\/uploads\/2022\/09\/Manzaneda_12.jpg\" alt=\"mui\u00f1os, molinos\" class=\"wp-image-20078\" srcset=\"https:\/\/www.galiciamaxica.eu\/mini\/wp-content\/uploads\/2022\/09\/Manzaneda_12.jpg 568w, https:\/\/www.galiciamaxica.eu\/mini\/wp-content\/uploads\/2022\/09\/Manzaneda_12-225x300.jpg 225w\" sizes=\"(max-width: 568px) 100vw, 568px\" \/><\/a><\/figure><\/div>\n\n\n\n<h3 class=\"wp-block-heading\"><span class=\"ez-toc-section\" id=\"Patrimonio_natural_y_etnografico\"><\/span>Patrimonio natural y etnogr\u00e1fico<span class=\"ez-toc-section-end\"><\/span><\/h3>\n\n\n\n<p>Durante todo el recorrido disfrutaremos del mejor bosque, el aut\u00f3ctono y har\u00e1n acto de presencia nuestros estrellas en verdes los carballos, ameneiros, salgueiros, casti\u00f1eiros&#8230;  loureiros,&#8230;<\/p>\n\n\n\n<div class=\"wp-block-image\"><figure class=\"aligncenter size-full\"><a href=\"https:\/\/www.galiciamaxica.eu\/mini\/wp-content\/uploads\/2022\/09\/8OniIDPOSlyvTxV79pEn_w.jpg\"><img loading=\"lazy\" decoding=\"async\" width=\"525\" height=\"700\" src=\"https:\/\/www.galiciamaxica.eu\/mini\/wp-content\/uploads\/2022\/09\/8OniIDPOSlyvTxV79pEn_w.jpg\" alt=\"Ruta de a fraga\" class=\"wp-image-20090\" srcset=\"https:\/\/www.galiciamaxica.eu\/mini\/wp-content\/uploads\/2022\/09\/8OniIDPOSlyvTxV79pEn_w.jpg 525w, https:\/\/www.galiciamaxica.eu\/mini\/wp-content\/uploads\/2022\/09\/8OniIDPOSlyvTxV79pEn_w-225x300.jpg 225w\" sizes=\"(max-width: 525px) 100vw, 525px\" \/><\/a><\/figure><\/div>\n\n\n\n<h4 class=\"wp-block-heading\"><span class=\"ez-toc-section\" id=\"Reto\"><\/span>Reto<span class=\"ez-toc-section-end\"><\/span><\/h4>\n\n\n\n<p>Pero que no te despiste tanta belleza y mira donde pones los pies o te perder\u00e1s un gran tesoro como este<strong> \u00bfSabes qu\u00e9 es?<\/strong> Pista es una parte del molino, el reto ser\u00e1 descubrir en los paneles qu\u00e9 es, como se llama y para que se utiliza.<\/p>\n\n\n\n<div class=\"wp-block-image\"><figure class=\"aligncenter size-full\"><a href=\"https:\/\/www.galiciamaxica.eu\/mini\/wp-content\/uploads\/2022\/09\/N7481iV_ROym1YOHt1-_rw.jpg\"><img loading=\"lazy\" decoding=\"async\" width=\"525\" height=\"700\" src=\"https:\/\/www.galiciamaxica.eu\/mini\/wp-content\/uploads\/2022\/09\/N7481iV_ROym1YOHt1-_rw.jpg\" alt=\"ruta de A Fraga\" class=\"wp-image-20071\" srcset=\"https:\/\/www.galiciamaxica.eu\/mini\/wp-content\/uploads\/2022\/09\/N7481iV_ROym1YOHt1-_rw.jpg 525w, https:\/\/www.galiciamaxica.eu\/mini\/wp-content\/uploads\/2022\/09\/N7481iV_ROym1YOHt1-_rw-225x300.jpg 225w\" sizes=\"(max-width: 525px) 100vw, 525px\" \/><\/a><\/figure><\/div>\n\n\n\n<p>Los fentos con sus colores cambiantes, el musgo embelleci\u00e9ndolo todo&#8230;en fin, esta es una ruta que por mucho que repitas nunca es igual porque de un mes a otro cambia totalmente el paisaje&#8230;.<\/p>\n\n\n\n<div class=\"wp-block-image\"><figure class=\"aligncenter size-full\"><a href=\"https:\/\/www.galiciamaxica.eu\/mini\/wp-content\/uploads\/2022\/09\/sucEgDtRfCJUQ5F81_YtA.jpg\"><img loading=\"lazy\" decoding=\"async\" width=\"525\" height=\"700\" src=\"https:\/\/www.galiciamaxica.eu\/mini\/wp-content\/uploads\/2022\/09\/sucEgDtRfCJUQ5F81_YtA.jpg\" alt=\"ruta de a fraga\" class=\"wp-image-20070\" srcset=\"https:\/\/www.galiciamaxica.eu\/mini\/wp-content\/uploads\/2022\/09\/sucEgDtRfCJUQ5F81_YtA.jpg 525w, https:\/\/www.galiciamaxica.eu\/mini\/wp-content\/uploads\/2022\/09\/sucEgDtRfCJUQ5F81_YtA-225x300.jpg 225w\" sizes=\"(max-width: 525px) 100vw, 525px\" \/><\/a><\/figure><\/div>\n\n\n\n<h4 class=\"wp-block-heading\"><span class=\"ez-toc-section\" id=\"Reto-2\"><\/span>Reto<span class=\"ez-toc-section-end\"><\/span><\/h4>\n\n\n\n<p>Pero que no te despiste la naturaleza, ni sus cambios porque en un molino encontrar\u00e1s una inscripci\u00f3n. <\/p>\n\n\n\n<div class=\"wp-block-image\"><figure class=\"aligncenter size-full\"><a href=\"https:\/\/www.galiciamaxica.eu\/mini\/wp-content\/uploads\/2022\/09\/ghJAkz3cRYW-Qp1Ipu-r5w.jpg\"><img loading=\"lazy\" decoding=\"async\" width=\"525\" height=\"700\" src=\"https:\/\/www.galiciamaxica.eu\/mini\/wp-content\/uploads\/2022\/09\/ghJAkz3cRYW-Qp1Ipu-r5w.jpg\" alt=\"Ruta de a fraga\" class=\"wp-image-20091\" srcset=\"https:\/\/www.galiciamaxica.eu\/mini\/wp-content\/uploads\/2022\/09\/ghJAkz3cRYW-Qp1Ipu-r5w.jpg 525w, https:\/\/www.galiciamaxica.eu\/mini\/wp-content\/uploads\/2022\/09\/ghJAkz3cRYW-Qp1Ipu-r5w-225x300.jpg 225w\" sizes=\"(max-width: 525px) 100vw, 525px\" \/><\/a><\/figure><\/div>\n\n\n\n<p>Este es un lugar en el que aprender y valorar a\u00fan m\u00e1s la naturaleza y el patrimonio, un lugar especial en el que compartir las mejores lecciones.<\/p>\n\n\n\n<div class=\"wp-block-image\"><figure class=\"aligncenter size-large\"><img decoding=\"async\" src=\"https:\/\/galiciamaxica.eu\/mini\/wp-content\/uploads\/2019\/10\/IMG_20151216_125045.jpg\" alt=\"\"\/><\/figure><\/div>\n\n\n\n<h3 class=\"wp-block-heading\"><span class=\"ez-toc-section\" id=\"Identificamos_especies\"><\/span>Identificamos especies<span class=\"ez-toc-section-end\"><\/span><\/h3>\n\n\n\n<p><strong>\u00bfSab\u00edas que examinando las hojas de los \u00e1rboles podr\u00e1s identificarlos? \u00bfSab\u00edas que hay&nbsp;\u00e1rboles de hoja perenne y los de hoja caduca<\/strong>?<\/p>\n\n\n\n<div class=\"wp-block-image\"><figure class=\"aligncenter size-full\"><a href=\"https:\/\/www.galiciamaxica.eu\/mini\/wp-content\/uploads\/2022\/09\/Manzaneda_73-1024x683-1.jpg\"><img loading=\"lazy\" decoding=\"async\" width=\"525\" height=\"700\" src=\"https:\/\/www.galiciamaxica.eu\/mini\/wp-content\/uploads\/2022\/09\/Manzaneda_73-1024x683-1.jpg\" alt=\"ruta de a fraga\" class=\"wp-image-20088\" srcset=\"https:\/\/www.galiciamaxica.eu\/mini\/wp-content\/uploads\/2022\/09\/Manzaneda_73-1024x683-1.jpg 525w, https:\/\/www.galiciamaxica.eu\/mini\/wp-content\/uploads\/2022\/09\/Manzaneda_73-1024x683-1-225x300.jpg 225w\" sizes=\"(max-width: 525px) 100vw, 525px\" \/><\/a><\/figure><\/div>\n\n\n\n<p>Les explicamos la diferencia y tomamos las hojas de los \u00e1rboles de hoja caduca, o bien  nos la llevamos para casa para estudiarlas o las estudiamos justo en el lugar que es lo m\u00e1s recomendable.<\/p>\n\n\n\n<div class=\"wp-block-image\"><figure class=\"aligncenter size-full\"><a href=\"https:\/\/www.galiciamaxica.eu\/mini\/wp-content\/uploads\/2022\/09\/2ESnddLYQq2GDzV1mE9RGQ.jpg\"><img loading=\"lazy\" decoding=\"async\" width=\"525\" height=\"700\" src=\"https:\/\/www.galiciamaxica.eu\/mini\/wp-content\/uploads\/2022\/09\/2ESnddLYQq2GDzV1mE9RGQ.jpg\" alt=\"ruta de a fraga\" class=\"wp-image-20072\" srcset=\"https:\/\/www.galiciamaxica.eu\/mini\/wp-content\/uploads\/2022\/09\/2ESnddLYQq2GDzV1mE9RGQ.jpg 525w, https:\/\/www.galiciamaxica.eu\/mini\/wp-content\/uploads\/2022\/09\/2ESnddLYQq2GDzV1mE9RGQ-225x300.jpg 225w\" sizes=\"(max-width: 525px) 100vw, 525px\" \/><\/a><\/figure><\/div>\n\n\n\n<p>Recuerda solo coger las que est\u00e9n en el suelo y una de cada especie porque las hojas tambi\u00e9n tienen una funci\u00f3n muy importante tiradas en el suelo. Las hojas dan de comer a los \u00e1rboles nuevamente, la naturaleza es un ciclo, <\/p>\n\n\n\n<div class=\"wp-block-image\"><figure class=\"aligncenter size-full\"><a href=\"https:\/\/www.galiciamaxica.eu\/mini\/wp-content\/uploads\/2022\/09\/HAMzhC_YRAui7dSuPTd6BQ.jpg\"><img loading=\"lazy\" decoding=\"async\" width=\"526\" height=\"700\" src=\"https:\/\/www.galiciamaxica.eu\/mini\/wp-content\/uploads\/2022\/09\/HAMzhC_YRAui7dSuPTd6BQ.jpg\" alt=\"ruta de a fraga\" class=\"wp-image-20092\" srcset=\"https:\/\/www.galiciamaxica.eu\/mini\/wp-content\/uploads\/2022\/09\/HAMzhC_YRAui7dSuPTd6BQ.jpg 526w, https:\/\/www.galiciamaxica.eu\/mini\/wp-content\/uploads\/2022\/09\/HAMzhC_YRAui7dSuPTd6BQ-225x300.jpg 225w\" sizes=\"(max-width: 526px) 100vw, 526px\" \/><\/a><\/figure><\/div>\n\n\n\n<p>Las hojas tambi\u00e9n nacen, mueren y se caen, y pasado un tiempo se descomponen y al pudrirse proporcionan alimento al suelo, es decir lo fertilizan, y por a\u00f1adido dan alimento al \u00e1rbol del que se caen. Un ciclo perfecto en la naturaleza \u00bfJugamos? <\/p>\n\n\n\n<h4 class=\"wp-block-heading\"><span class=\"ez-toc-section\" id=\"Reto-3\"><\/span>Reto<span class=\"ez-toc-section-end\"><\/span><\/h4>\n\n\n\n<p>Nombramos ciclos, el ciclo biol\u00f3gico de nuestra vida, ciclo de vida de una mariposa, de una rana&#8230;de una gallina. Los pintamos en la libreta y diferenciamos cada etapa. <\/p>\n\n\n\n<div class=\"wp-block-image\"><figure class=\"aligncenter size-full\"><a href=\"https:\/\/www.galiciamaxica.eu\/mini\/wp-content\/uploads\/2022\/09\/Manzaneda_67-1024x683-1.jpg\"><img loading=\"lazy\" decoding=\"async\" width=\"525\" height=\"700\" src=\"https:\/\/www.galiciamaxica.eu\/mini\/wp-content\/uploads\/2022\/09\/Manzaneda_67-1024x683-1.jpg\" alt=\"ruta de A Fraga\" class=\"wp-image-20073\" srcset=\"https:\/\/www.galiciamaxica.eu\/mini\/wp-content\/uploads\/2022\/09\/Manzaneda_67-1024x683-1.jpg 525w, https:\/\/www.galiciamaxica.eu\/mini\/wp-content\/uploads\/2022\/09\/Manzaneda_67-1024x683-1-225x300.jpg 225w\" sizes=\"(max-width: 525px) 100vw, 525px\" \/><\/a><\/figure><\/div>\n\n\n\n<p>Los \u00e1rboles nos regalan su traje cuando ellos quieren, no cuando nosotros elegimos. Recuerda no se rompe, arranca o manipula la naturaleza, es un ente vivo que requiere de toda nuestra protecci\u00f3n y por supuesto de sus tiempos. <\/p>\n\n\n\n<div class=\"wp-block-image\"><figure class=\"aligncenter size-full\"><a href=\"https:\/\/www.galiciamaxica.eu\/mini\/wp-content\/uploads\/2022\/09\/Manzaneda_60-1024x683-1.jpg\"><img loading=\"lazy\" decoding=\"async\" width=\"568\" height=\"757\" src=\"https:\/\/www.galiciamaxica.eu\/mini\/wp-content\/uploads\/2022\/09\/Manzaneda_60-1024x683-1.jpg\" alt=\"ruta de a fraga\" class=\"wp-image-20074\" srcset=\"https:\/\/www.galiciamaxica.eu\/mini\/wp-content\/uploads\/2022\/09\/Manzaneda_60-1024x683-1.jpg 568w, https:\/\/www.galiciamaxica.eu\/mini\/wp-content\/uploads\/2022\/09\/Manzaneda_60-1024x683-1-225x300.jpg 225w\" sizes=\"(max-width: 568px) 100vw, 568px\" \/><\/a><\/figure><\/div>\n\n\n\n<p>Sin dudas la primera lecci\u00f3n en sus vidas y la m\u00e1s importante que les demos a nuestros peque\u00f1os y no tan peque\u00f1os ha de ser el respeto, la valoraci\u00f3n y el cuidado al medio ambiente porque es nuestro hogar y el de otros, porque no le pertenece a nadie y en verdad es la posesi\u00f3n de todos. Espero me haya explicado bien.<\/p>\n\n\n\n<div class=\"wp-block-image\"><figure class=\"aligncenter size-full\"><a href=\"https:\/\/www.galiciamaxica.eu\/mini\/wp-content\/uploads\/2022\/09\/Manzaneda_1.jpg\"><img loading=\"lazy\" decoding=\"async\" width=\"568\" height=\"757\" src=\"https:\/\/www.galiciamaxica.eu\/mini\/wp-content\/uploads\/2022\/09\/Manzaneda_1.jpg\" alt=\"Flora\" class=\"wp-image-20069\" srcset=\"https:\/\/www.galiciamaxica.eu\/mini\/wp-content\/uploads\/2022\/09\/Manzaneda_1.jpg 568w, https:\/\/www.galiciamaxica.eu\/mini\/wp-content\/uploads\/2022\/09\/Manzaneda_1-225x300.jpg 225w\" sizes=\"(max-width: 568px) 100vw, 568px\" \/><\/a><\/figure><\/div>\n\n\n\n<p><strong> Libreta viajera<\/strong><\/p>\n\n\n\n<p>Recomiendo siempre llevar nuestra libreta viajera, ese diario de viajes en el que anotar, p\u00ecntar&#8230;y en este caso podr\u00e1n dibujar la forma de las hojas, el color, y apuntar las caracter\u00edsticas de cada una de ellas. <\/p>\n\n\n\n<p>Hay un sin fin de aplicaciones que nos ayudar\u00e1n en la tarea del diferenciar especies (<strong>Arbolapp<\/strong>).<\/p>\n\n\n\n<figure class=\"wp-block-embed is-type-video is-provider-youtube wp-block-embed-youtube wp-embed-aspect-4-3 wp-has-aspect-ratio\"><div class=\"wp-block-embed__wrapper\">\n<div class=\"ast-oembed-container \" style=\"height: 100%;\"><iframe title=\"How to Make HERBARIUM FILE \ud83c\udf31\ud83c\udf3f\ud83e\udd40\" width=\"500\" height=\"375\" src=\"https:\/\/www.youtube.com\/embed\/pAEi59IZ4oc?feature=oembed\" frameborder=\"0\" allow=\"accelerometer; autoplay; clipboard-write; encrypted-media; gyroscope; picture-in-picture; web-share\" referrerpolicy=\"strict-origin-when-cross-origin\" allowfullscreen><\/iframe><\/div>\n<\/div><\/figure>\n\n\n\n<p><strong>Analizamos las hojas<\/strong><\/p>\n\n\n\n<p>Esta es una actividad que a los ni\u00f1os les encanta y estamos en la estaci\u00f3n apropiada para hacerlo. Una preciosa actividad es hacer un herbario.<\/p>\n\n\n\n<h2 class=\"wp-block-heading\"><span class=\"ez-toc-section\" id=\"Comenzamos_la_ruta\"><\/span>Comenzamos la ruta<span class=\"ez-toc-section-end\"><\/span><\/h2>\n\n\n\n<iframe frameborder=\"0\" scrolling=\"no\" src=\"https:\/\/es.wikiloc.com\/wikiloc\/spatialArtifacts.do?event=view&amp;id=74139421&amp;measures=off&amp;title=off&amp;near=off&amp;images=off&amp;maptype=H\" width=\"500\" height=\"400\"><\/iframe><div style=\"color:#777;font-size:11px;line-height:16px;\">Powered by <a style=\"color:#06d;font-size:11px;line-height:16px;\" target=\"_blank\" href=\"https:\/\/es.wikiloc.com\" rel=\"noopener\">Wikiloc<\/a><\/div>\n\n\n\n<p>Al principio de la ruta ten\u00e9is varios paneles dedicados al patrimonio etnogr\u00e1fico, os mu\u00ed\u00f1os, los molinos de agua, sus partes, utensilios o tipos despejaran las dudas y har\u00e1n muy ameno el recorrido.<\/p>\n\n\n\n<figure class=\"wp-block-embed is-type-wp-embed is-provider-el-blog-de-galicia-maxica wp-block-embed-el-blog-de-galicia-maxica\">https:\/\/www.galiciamaxica.eu\/blog\/molinos\/<\/figure>\n\n\n\n<p>Recuerda aconsejarles el tomar anotaciones de las lecciones que viviremos en vivo o tomarle una foto al panel para <strong><a href=\"https:\/\/www.galiciamaxica.eu\/blog\/molinos\/\">en cuanto encuentres un molino<\/a><\/strong>, compartir con ellos una visita lo m\u00e1s instructiva posible. Acerquemos a los ni\u00f1os a su&nbsp;historia, a sus ra\u00edces.<\/p>\n\n\n\n<div class=\"wp-block-image\"><figure class=\"aligncenter size-full\"><a href=\"https:\/\/www.galiciamaxica.eu\/mini\/wp-content\/uploads\/2022\/09\/MTYVx5a7T6OuZgDBqXmyMA.jpg\"><img loading=\"lazy\" decoding=\"async\" width=\"525\" height=\"700\" src=\"https:\/\/www.galiciamaxica.eu\/mini\/wp-content\/uploads\/2022\/09\/MTYVx5a7T6OuZgDBqXmyMA.jpg\" alt=\"ruta de a fraga\" class=\"wp-image-20086\" srcset=\"https:\/\/www.galiciamaxica.eu\/mini\/wp-content\/uploads\/2022\/09\/MTYVx5a7T6OuZgDBqXmyMA.jpg 525w, https:\/\/www.galiciamaxica.eu\/mini\/wp-content\/uploads\/2022\/09\/MTYVx5a7T6OuZgDBqXmyMA-225x300.jpg 225w\" sizes=\"(max-width: 525px) 100vw, 525px\" \/><\/a><\/figure><\/div>\n\n\n\n<h4 class=\"wp-block-heading\"><span class=\"ez-toc-section\" id=\"La_arquitectura_tradicional_gallega_aqui_tambien_tiene_su_espacio\"><\/span>La arquitectura tradicional gallega aqu\u00ed tambi\u00e9n tiene su espacio.&nbsp;<span class=\"ez-toc-section-end\"><\/span><\/h4>\n\n\n\n<p>El conocimiento de una cultura, en este caso la gallega, ha de ser algo necesario y al alcance de todos nosotros, ya que debemos conocer nuestro&nbsp;pasado.&nbsp; <\/p>\n\n\n\n<div class=\"wp-block-image\"><figure class=\"aligncenter size-full\"><a href=\"https:\/\/www.galiciamaxica.eu\/mini\/wp-content\/uploads\/2022\/09\/Manzaneda_50-1024x683-1.jpg\"><img loading=\"lazy\" decoding=\"async\" width=\"568\" height=\"757\" src=\"https:\/\/www.galiciamaxica.eu\/mini\/wp-content\/uploads\/2022\/09\/Manzaneda_50-1024x683-1.jpg\" alt=\"Ruta de a fraga\" class=\"wp-image-20077\" srcset=\"https:\/\/www.galiciamaxica.eu\/mini\/wp-content\/uploads\/2022\/09\/Manzaneda_50-1024x683-1.jpg 568w, https:\/\/www.galiciamaxica.eu\/mini\/wp-content\/uploads\/2022\/09\/Manzaneda_50-1024x683-1-225x300.jpg 225w\" sizes=\"(max-width: 568px) 100vw, 568px\" \/><\/a><\/figure><\/div>\n\n\n\n<p>Esta ruta es un premio para el amante del senderismo, la naturaleza y de la historia de Galicia.<\/p>\n\n\n\n<div class=\"wp-block-image\"><figure class=\"aligncenter size-full\"><a href=\"https:\/\/www.galiciamaxica.eu\/mini\/wp-content\/uploads\/2022\/09\/6QIN3lZNTQOI5dTEIppuEA.jpg\"><img loading=\"lazy\" decoding=\"async\" width=\"525\" height=\"700\" src=\"https:\/\/www.galiciamaxica.eu\/mini\/wp-content\/uploads\/2022\/09\/6QIN3lZNTQOI5dTEIppuEA.jpg\" alt=\"ruta de a fraga\" class=\"wp-image-20082\" srcset=\"https:\/\/www.galiciamaxica.eu\/mini\/wp-content\/uploads\/2022\/09\/6QIN3lZNTQOI5dTEIppuEA.jpg 525w, https:\/\/www.galiciamaxica.eu\/mini\/wp-content\/uploads\/2022\/09\/6QIN3lZNTQOI5dTEIppuEA-225x300.jpg 225w\" sizes=\"(max-width: 525px) 100vw, 525px\" \/><\/a><\/figure><\/div>\n\n\n\n<h4 class=\"wp-block-heading\"><span class=\"ez-toc-section\" id=\"Reto-4\"><\/span>Reto <span class=\"ez-toc-section-end\"><\/span><\/h4>\n\n\n\n<p>Durante su corto recorrido podremos caminar junto a la orilla de un precioso r\u00edo y admirar el pasado representado por ni m\u00e1s ni menos que por<strong> 29 molinos de agua<\/strong>, de los cuales un gran n\u00famero se han reconstruidos , es m\u00e1s, alguno se utiliza para moler ma\u00edz.<\/p>\n\n\n\n<div class=\"wp-block-image\"><figure class=\"aligncenter size-full\"><a href=\"https:\/\/www.galiciamaxica.eu\/mini\/wp-content\/uploads\/2022\/09\/s1j6qdAFQ9SIRiu5s38DFQ.jpg\"><img loading=\"lazy\" decoding=\"async\" width=\"525\" height=\"700\" src=\"https:\/\/www.galiciamaxica.eu\/mini\/wp-content\/uploads\/2022\/09\/s1j6qdAFQ9SIRiu5s38DFQ.jpg\" alt=\"Ruta de a fraga\" class=\"wp-image-20083\" srcset=\"https:\/\/www.galiciamaxica.eu\/mini\/wp-content\/uploads\/2022\/09\/s1j6qdAFQ9SIRiu5s38DFQ.jpg 525w, https:\/\/www.galiciamaxica.eu\/mini\/wp-content\/uploads\/2022\/09\/s1j6qdAFQ9SIRiu5s38DFQ-225x300.jpg 225w\" sizes=\"(max-width: 525px) 100vw, 525px\" \/><\/a><\/figure><\/div>\n\n\n\n<p><strong><a href=\"http:\/\/www.galiciamaxica.eu\/pontevedra\/sendero-fraga\/\">Un sendero estiloso que nos encantar\u00e1 descubrir.<\/a><\/strong> No te olvides etiquetar tus viajes en instagram #Galiciaconni\u00f1os<\/p>\n\n\n\n<div class=\"wp-block-image\"><figure class=\"aligncenter size-large\"><a href=\"https:\/\/www.galiciamaxica.eu\/mini\/wp-content\/uploads\/2022\/09\/Yg7ju86iTxeCLs6IKv4V6w.jpg\"><img loading=\"lazy\" decoding=\"async\" width=\"1024\" height=\"683\" src=\"https:\/\/www.galiciamaxica.eu\/mini\/wp-content\/uploads\/2022\/09\/Yg7ju86iTxeCLs6IKv4V6w-1024x683.jpg\" alt=\"ruta de A Fraga\" class=\"wp-image-20084\" srcset=\"https:\/\/www.galiciamaxica.eu\/mini\/wp-content\/uploads\/2022\/09\/Yg7ju86iTxeCLs6IKv4V6w-1024x683.jpg 1024w, https:\/\/www.galiciamaxica.eu\/mini\/wp-content\/uploads\/2022\/09\/Yg7ju86iTxeCLs6IKv4V6w-300x200.jpg 300w, https:\/\/www.galiciamaxica.eu\/mini\/wp-content\/uploads\/2022\/09\/Yg7ju86iTxeCLs6IKv4V6w-768x512.jpg 768w, https:\/\/www.galiciamaxica.eu\/mini\/wp-content\/uploads\/2022\/09\/Yg7ju86iTxeCLs6IKv4V6w.jpg 1135w\" sizes=\"(max-width: 1024px) 100vw, 1024px\" \/><\/a><\/figure><\/div>\n","protected":false},"excerpt":{"rendered":"<p>Hoy nos vamos a Moa\u00f1a. a la Ruta de A Fraga. El nombre de la ruta se la da el r\u00edo que marcar\u00e1 el paso. En esta ruta seguiremos el curso del R\u00edo Fraga, tambi\u00e9n se le conoce como Rego dos Ladr\u00f3ns. Ruta de A Fraga Recorreremos una preciosa ruta circular que es perfecta para [&hellip;]<\/p>\n","protected":false},"author":1,"featured_media":20096,"comment_status":"open","ping_status":"closed","sticky":false,"template":"","format":"standard","meta":{"_eb_attr":"","site-sidebar-layout":"default","site-content-layout":"","ast-site-content-layout":"","site-content-style":"default","site-sidebar-style":"default","ast-global-header-display":"","ast-banner-title-visibility":"","ast-main-header-display":"","ast-hfb-above-header-display":"","ast-hfb-below-header-display":"","ast-hfb-mobile-header-display":"","site-post-title":"","ast-breadcrumbs-content":"","ast-featured-img":"","footer-sml-layout":"","theme-transparent-header-meta":"","adv-header-id-meta":"","stick-header-meta":"","header-above-stick-meta":"","header-main-stick-meta":"","header-below-stick-meta":"","astra-migrate-meta-layouts":"default","ast-page-background-enabled":"default","ast-page-background-meta":{"desktop":{"background-color":"","background-image":"","background-repeat":"repeat","background-position":"center center","background-size":"auto","background-attachment":"scroll","background-type":"","background-media":"","overlay-type":"","overlay-color":"","overlay-opacity":"","overlay-gradient":""},"tablet":{"background-color":"","background-image":"","background-repeat":"repeat","background-position":"center center","background-size":"auto","background-attachment":"scroll","background-type":"","background-media":"","overlay-type":"","overlay-color":"","overlay-opacity":"","overlay-gradient":""},"mobile":{"background-color":"","background-image":"","background-repeat":"repeat","background-position":"center center","background-size":"auto","background-attachment":"scroll","background-type":"","background-media":"","overlay-type":"","overlay-color":"","overlay-opacity":"","overlay-gradient":""}},"ast-content-background-meta":{"desktop":{"background-color":"var(--ast-global-color-5)","background-image":"","background-repeat":"repeat","background-position":"center center","background-size":"auto","background-attachment":"scroll","background-type":"","background-media":"","overlay-type":"","overlay-color":"","overlay-opacity":"","overlay-gradient":""},"tablet":{"background-color":"var(--ast-global-color-5)","background-image":"","background-repeat":"repeat","background-position":"center center","background-size":"auto","background-attachment":"scroll","background-type":"","background-media":"","overlay-type":"","overlay-color":"","overlay-opacity":"","overlay-gradient":""},"mobile":{"background-color":"var(--ast-global-color-5)","background-image":"","background-repeat":"repeat","background-position":"center center","background-size":"auto","background-attachment":"scroll","background-type":"","background-media":"","overlay-type":"","overlay-color":"","overlay-opacity":"","overlay-gradient":""}},"footnotes":""},"categories":[48,14],"tags":[23],"class_list":["post-20067","post","type-post","status-publish","format-standard","has-post-thumbnail","hentry","category-pontevedra","category-rutas","tag-pontevedra"],"yoast_head":"<!-- This site is optimized with the Yoast SEO plugin v24.9 - https:\/\/yoast.com\/wordpress\/plugins\/seo\/ -->\n<title>Ruta de A Fraga en Moa\u00f1a - Galicia con ni\u00f1os | GALICIA M\u00c1XICA<\/title>\n<meta name=\"description\" content=\"Ruta de A Fraga en Moa\u00f1a\" \/>\n<meta name=\"robots\" content=\"index, follow, max-snippet:-1, max-image-preview:large, max-video-preview:-1\" \/>\n<link rel=\"canonical\" href=\"https:\/\/www.galiciamaxica.eu\/mini\/ruta-de-a-fraga-en-moana\/\" \/>\n<meta property=\"og:locale\" content=\"es_ES\" \/>\n<meta property=\"og:type\" content=\"article\" \/>\n<meta property=\"og:title\" content=\"Ruta de A Fraga en Moa\u00f1a - Galicia con ni\u00f1os | GALICIA M\u00c1XICA\" \/>\n<meta property=\"og:description\" content=\"Ruta de A Fraga en Moa\u00f1a\" \/>\n<meta property=\"og:url\" content=\"https:\/\/www.galiciamaxica.eu\/mini\/ruta-de-a-fraga-en-moana\/\" \/>\n<meta property=\"og:site_name\" content=\"Galicia con ni\u00f1os | GALICIA M\u00c1XICA\" \/>\n<meta property=\"article:publisher\" content=\"https:\/\/www.facebook.com\/maria.rodriguezserantes\" \/>\n<meta property=\"article:author\" content=\"https:\/\/www.facebook.com\/maria.rodriguezserantes\" \/>\n<meta property=\"article:published_time\" content=\"2022-09-14T16:48:52+00:00\" \/>\n<meta property=\"article:modified_time\" content=\"2022-09-14T17:12:10+00:00\" \/>\n<meta property=\"og:image\" content=\"https:\/\/www.galiciamaxica.eu\/mini\/wp-content\/uploads\/2022\/09\/Yg7ju86iTxeCLs6IKv4V6w-1.jpg\" \/>\n\t<meta property=\"og:image:width\" content=\"1024\" \/>\n\t<meta property=\"og:image:height\" content=\"682\" \/>\n\t<meta property=\"og:image:type\" content=\"image\/jpeg\" \/>\n<meta name=\"author\" content=\"seseixa\" \/>\n<meta name=\"twitter:card\" content=\"summary_large_image\" \/>\n<meta name=\"twitter:creator\" content=\"@seseixa\" \/>\n<meta name=\"twitter:site\" content=\"@seseixa\" \/>\n<meta name=\"twitter:label1\" content=\"Escrito por\" \/>\n\t<meta name=\"twitter:data1\" content=\"seseixa\" \/>\n\t<meta name=\"twitter:label2\" content=\"Tiempo de lectura\" \/>\n\t<meta name=\"twitter:data2\" content=\"11 minutos\" \/>\n<script type=\"application\/ld+json\" class=\"yoast-schema-graph\">{\"@context\":\"https:\/\/schema.org\",\"@graph\":[{\"@type\":\"Article\",\"@id\":\"https:\/\/www.galiciamaxica.eu\/mini\/ruta-de-a-fraga-en-moana\/#article\",\"isPartOf\":{\"@id\":\"https:\/\/www.galiciamaxica.eu\/mini\/ruta-de-a-fraga-en-moana\/\"},\"author\":{\"name\":\"seseixa\",\"@id\":\"https:\/\/www.galiciamaxica.eu\/mini\/#\/schema\/person\/2b284fe2fd911000a48d2e8936300179\"},\"headline\":\"Ruta de A Fraga en Moa\u00f1a\",\"datePublished\":\"2022-09-14T16:48:52+00:00\",\"dateModified\":\"2022-09-14T17:12:10+00:00\",\"mainEntityOfPage\":{\"@id\":\"https:\/\/www.galiciamaxica.eu\/mini\/ruta-de-a-fraga-en-moana\/\"},\"wordCount\":1369,\"commentCount\":0,\"publisher\":{\"@id\":\"https:\/\/www.galiciamaxica.eu\/mini\/#\/schema\/person\/2b284fe2fd911000a48d2e8936300179\"},\"image\":{\"@id\":\"https:\/\/www.galiciamaxica.eu\/mini\/ruta-de-a-fraga-en-moana\/#primaryimage\"},\"thumbnailUrl\":\"https:\/\/www.galiciamaxica.eu\/mini\/wp-content\/uploads\/2022\/09\/Yg7ju86iTxeCLs6IKv4V6w-1.jpg\",\"keywords\":[\"pontevedra\"],\"articleSection\":[\"PONTEVEDRA\",\"RUTAS\"],\"inLanguage\":\"es\",\"potentialAction\":[{\"@type\":\"CommentAction\",\"name\":\"Comment\",\"target\":[\"https:\/\/www.galiciamaxica.eu\/mini\/ruta-de-a-fraga-en-moana\/#respond\"]}]},{\"@type\":\"WebPage\",\"@id\":\"https:\/\/www.galiciamaxica.eu\/mini\/ruta-de-a-fraga-en-moana\/\",\"url\":\"https:\/\/www.galiciamaxica.eu\/mini\/ruta-de-a-fraga-en-moana\/\",\"name\":\"Ruta de A Fraga en Moa\u00f1a - Galicia con ni\u00f1os | GALICIA M\u00c1XICA\",\"isPartOf\":{\"@id\":\"https:\/\/www.galiciamaxica.eu\/mini\/#website\"},\"primaryImageOfPage\":{\"@id\":\"https:\/\/www.galiciamaxica.eu\/mini\/ruta-de-a-fraga-en-moana\/#primaryimage\"},\"image\":{\"@id\":\"https:\/\/www.galiciamaxica.eu\/mini\/ruta-de-a-fraga-en-moana\/#primaryimage\"},\"thumbnailUrl\":\"https:\/\/www.galiciamaxica.eu\/mini\/wp-content\/uploads\/2022\/09\/Yg7ju86iTxeCLs6IKv4V6w-1.jpg\",\"datePublished\":\"2022-09-14T16:48:52+00:00\",\"dateModified\":\"2022-09-14T17:12:10+00:00\",\"description\":\"Ruta de A Fraga en Moa\u00f1a\",\"breadcrumb\":{\"@id\":\"https:\/\/www.galiciamaxica.eu\/mini\/ruta-de-a-fraga-en-moana\/#breadcrumb\"},\"inLanguage\":\"es\",\"potentialAction\":[{\"@type\":\"ReadAction\",\"target\":[\"https:\/\/www.galiciamaxica.eu\/mini\/ruta-de-a-fraga-en-moana\/\"]}]},{\"@type\":\"ImageObject\",\"inLanguage\":\"es\",\"@id\":\"https:\/\/www.galiciamaxica.eu\/mini\/ruta-de-a-fraga-en-moana\/#primaryimage\",\"url\":\"https:\/\/www.galiciamaxica.eu\/mini\/wp-content\/uploads\/2022\/09\/Yg7ju86iTxeCLs6IKv4V6w-1.jpg\",\"contentUrl\":\"https:\/\/www.galiciamaxica.eu\/mini\/wp-content\/uploads\/2022\/09\/Yg7ju86iTxeCLs6IKv4V6w-1.jpg\",\"width\":1024,\"height\":682,\"caption\":\"ruta de a fraga\"},{\"@type\":\"BreadcrumbList\",\"@id\":\"https:\/\/www.galiciamaxica.eu\/mini\/ruta-de-a-fraga-en-moana\/#breadcrumb\",\"itemListElement\":[{\"@type\":\"ListItem\",\"position\":1,\"name\":\"Portada\",\"item\":\"https:\/\/www.galiciamaxica.eu\/mini\/\"},{\"@type\":\"ListItem\",\"position\":2,\"name\":\"Ruta de A Fraga en Moa\u00f1a\"}]},{\"@type\":\"WebSite\",\"@id\":\"https:\/\/www.galiciamaxica.eu\/mini\/#website\",\"url\":\"https:\/\/www.galiciamaxica.eu\/mini\/\",\"name\":\"Galicia con ni\u00f1os | GALICIA M\u00c1XICA\",\"description\":\"Qu\u00e9 hacer con ni\u00f1os en Galicia\",\"publisher\":{\"@id\":\"https:\/\/www.galiciamaxica.eu\/mini\/#\/schema\/person\/2b284fe2fd911000a48d2e8936300179\"},\"potentialAction\":[{\"@type\":\"SearchAction\",\"target\":{\"@type\":\"EntryPoint\",\"urlTemplate\":\"https:\/\/www.galiciamaxica.eu\/mini\/?s={search_term_string}\"},\"query-input\":{\"@type\":\"PropertyValueSpecification\",\"valueRequired\":true,\"valueName\":\"search_term_string\"}}],\"inLanguage\":\"es\"},{\"@type\":[\"Person\",\"Organization\"],\"@id\":\"https:\/\/www.galiciamaxica.eu\/mini\/#\/schema\/person\/2b284fe2fd911000a48d2e8936300179\",\"name\":\"seseixa\",\"image\":{\"@type\":\"ImageObject\",\"inLanguage\":\"es\",\"@id\":\"https:\/\/www.galiciamaxica.eu\/mini\/#\/schema\/person\/image\/\",\"url\":\"https:\/\/www.galiciamaxica.eu\/mini\/wp-content\/uploads\/2019\/02\/seseixa.png\",\"contentUrl\":\"https:\/\/www.galiciamaxica.eu\/mini\/wp-content\/uploads\/2019\/02\/seseixa.png\",\"width\":100,\"height\":100,\"caption\":\"seseixa\"},\"logo\":{\"@id\":\"https:\/\/www.galiciamaxica.eu\/mini\/#\/schema\/person\/image\/\"},\"description\":\"En la actualidad combinando dos proyectos que me apasionan, Galicia y los ni\u00f1os. Tengo mucho que aportar y otro tanto que aprender, as\u00ed como, el tiempo y el coraz\u00f3n, dividido en todo momento. Soy mam\u00e1, un titulo otorgado a tiempo completo, compa\u00f1era y amiga, a todas horas, familiar y cercana, siempre. De esp\u00edritu inquieto, soy una eterna ni\u00f1a que juega en el pa\u00eds de las maravillas. Una enamorada de mi tierra, por la que trabajo sin descanso. Creo en la infancia como motor que cambiar\u00e1 el mundo a mejor y busco en mi vida la felicidad como estado permanente porque s\u00f3lo se vive una vez.\",\"sameAs\":[\"http:\/\/mini.galiciamaxica.eu\/\",\"https:\/\/www.facebook.com\/maria.rodriguezserantes\",\"https:\/\/x.com\/seseixa\"],\"url\":\"https:\/\/www.galiciamaxica.eu\/mini\/author\/seseixa\/\"}]}<\/script>\n<!-- \/ Yoast SEO plugin. -->","yoast_head_json":{"title":"Ruta de A Fraga en Moa\u00f1a - Galicia con ni\u00f1os | GALICIA M\u00c1XICA","description":"Ruta de A Fraga en Moa\u00f1a","robots":{"index":"index","follow":"follow","max-snippet":"max-snippet:-1","max-image-preview":"max-image-preview:large","max-video-preview":"max-video-preview:-1"},"canonical":"https:\/\/www.galiciamaxica.eu\/mini\/ruta-de-a-fraga-en-moana\/","og_locale":"es_ES","og_type":"article","og_title":"Ruta de A Fraga en Moa\u00f1a - Galicia con ni\u00f1os | GALICIA M\u00c1XICA","og_description":"Ruta de A Fraga en Moa\u00f1a","og_url":"https:\/\/www.galiciamaxica.eu\/mini\/ruta-de-a-fraga-en-moana\/","og_site_name":"Galicia con ni\u00f1os | GALICIA M\u00c1XICA","article_publisher":"https:\/\/www.facebook.com\/maria.rodriguezserantes","article_author":"https:\/\/www.facebook.com\/maria.rodriguezserantes","article_published_time":"2022-09-14T16:48:52+00:00","article_modified_time":"2022-09-14T17:12:10+00:00","og_image":[{"width":1024,"height":682,"url":"https:\/\/www.galiciamaxica.eu\/mini\/wp-content\/uploads\/2022\/09\/Yg7ju86iTxeCLs6IKv4V6w-1.jpg","type":"image\/jpeg"}],"author":"seseixa","twitter_card":"summary_large_image","twitter_creator":"@seseixa","twitter_site":"@seseixa","twitter_misc":{"Escrito por":"seseixa","Tiempo de lectura":"11 minutos"},"schema":{"@context":"https:\/\/schema.org","@graph":[{"@type":"Article","@id":"https:\/\/www.galiciamaxica.eu\/mini\/ruta-de-a-fraga-en-moana\/#article","isPartOf":{"@id":"https:\/\/www.galiciamaxica.eu\/mini\/ruta-de-a-fraga-en-moana\/"},"author":{"name":"seseixa","@id":"https:\/\/www.galiciamaxica.eu\/mini\/#\/schema\/person\/2b284fe2fd911000a48d2e8936300179"},"headline":"Ruta de A Fraga en Moa\u00f1a","datePublished":"2022-09-14T16:48:52+00:00","dateModified":"2022-09-14T17:12:10+00:00","mainEntityOfPage":{"@id":"https:\/\/www.galiciamaxica.eu\/mini\/ruta-de-a-fraga-en-moana\/"},"wordCount":1369,"commentCount":0,"publisher":{"@id":"https:\/\/www.galiciamaxica.eu\/mini\/#\/schema\/person\/2b284fe2fd911000a48d2e8936300179"},"image":{"@id":"https:\/\/www.galiciamaxica.eu\/mini\/ruta-de-a-fraga-en-moana\/#primaryimage"},"thumbnailUrl":"https:\/\/www.galiciamaxica.eu\/mini\/wp-content\/uploads\/2022\/09\/Yg7ju86iTxeCLs6IKv4V6w-1.jpg","keywords":["pontevedra"],"articleSection":["PONTEVEDRA","RUTAS"],"inLanguage":"es","potentialAction":[{"@type":"CommentAction","name":"Comment","target":["https:\/\/www.galiciamaxica.eu\/mini\/ruta-de-a-fraga-en-moana\/#respond"]}]},{"@type":"WebPage","@id":"https:\/\/www.galiciamaxica.eu\/mini\/ruta-de-a-fraga-en-moana\/","url":"https:\/\/www.galiciamaxica.eu\/mini\/ruta-de-a-fraga-en-moana\/","name":"Ruta de A Fraga en Moa\u00f1a - Galicia con ni\u00f1os | GALICIA M\u00c1XICA","isPartOf":{"@id":"https:\/\/www.galiciamaxica.eu\/mini\/#website"},"primaryImageOfPage":{"@id":"https:\/\/www.galiciamaxica.eu\/mini\/ruta-de-a-fraga-en-moana\/#primaryimage"},"image":{"@id":"https:\/\/www.galiciamaxica.eu\/mini\/ruta-de-a-fraga-en-moana\/#primaryimage"},"thumbnailUrl":"https:\/\/www.galiciamaxica.eu\/mini\/wp-content\/uploads\/2022\/09\/Yg7ju86iTxeCLs6IKv4V6w-1.jpg","datePublished":"2022-09-14T16:48:52+00:00","dateModified":"2022-09-14T17:12:10+00:00","description":"Ruta de A Fraga en Moa\u00f1a","breadcrumb":{"@id":"https:\/\/www.galiciamaxica.eu\/mini\/ruta-de-a-fraga-en-moana\/#breadcrumb"},"inLanguage":"es","potentialAction":[{"@type":"ReadAction","target":["https:\/\/www.galiciamaxica.eu\/mini\/ruta-de-a-fraga-en-moana\/"]}]},{"@type":"ImageObject","inLanguage":"es","@id":"https:\/\/www.galiciamaxica.eu\/mini\/ruta-de-a-fraga-en-moana\/#primaryimage","url":"https:\/\/www.galiciamaxica.eu\/mini\/wp-content\/uploads\/2022\/09\/Yg7ju86iTxeCLs6IKv4V6w-1.jpg","contentUrl":"https:\/\/www.galiciamaxica.eu\/mini\/wp-content\/uploads\/2022\/09\/Yg7ju86iTxeCLs6IKv4V6w-1.jpg","width":1024,"height":682,"caption":"ruta de a fraga"},{"@type":"BreadcrumbList","@id":"https:\/\/www.galiciamaxica.eu\/mini\/ruta-de-a-fraga-en-moana\/#breadcrumb","itemListElement":[{"@type":"ListItem","position":1,"name":"Portada","item":"https:\/\/www.galiciamaxica.eu\/mini\/"},{"@type":"ListItem","position":2,"name":"Ruta de A Fraga en Moa\u00f1a"}]},{"@type":"WebSite","@id":"https:\/\/www.galiciamaxica.eu\/mini\/#website","url":"https:\/\/www.galiciamaxica.eu\/mini\/","name":"Galicia con ni\u00f1os | GALICIA M\u00c1XICA","description":"Qu\u00e9 hacer con ni\u00f1os en Galicia","publisher":{"@id":"https:\/\/www.galiciamaxica.eu\/mini\/#\/schema\/person\/2b284fe2fd911000a48d2e8936300179"},"potentialAction":[{"@type":"SearchAction","target":{"@type":"EntryPoint","urlTemplate":"https:\/\/www.galiciamaxica.eu\/mini\/?s={search_term_string}"},"query-input":{"@type":"PropertyValueSpecification","valueRequired":true,"valueName":"search_term_string"}}],"inLanguage":"es"},{"@type":["Person","Organization"],"@id":"https:\/\/www.galiciamaxica.eu\/mini\/#\/schema\/person\/2b284fe2fd911000a48d2e8936300179","name":"seseixa","image":{"@type":"ImageObject","inLanguage":"es","@id":"https:\/\/www.galiciamaxica.eu\/mini\/#\/schema\/person\/image\/","url":"https:\/\/www.galiciamaxica.eu\/mini\/wp-content\/uploads\/2019\/02\/seseixa.png","contentUrl":"https:\/\/www.galiciamaxica.eu\/mini\/wp-content\/uploads\/2019\/02\/seseixa.png","width":100,"height":100,"caption":"seseixa"},"logo":{"@id":"https:\/\/www.galiciamaxica.eu\/mini\/#\/schema\/person\/image\/"},"description":"En la actualidad combinando dos proyectos que me apasionan, Galicia y los ni\u00f1os. Tengo mucho que aportar y otro tanto que aprender, as\u00ed como, el tiempo y el coraz\u00f3n, dividido en todo momento. Soy mam\u00e1, un titulo otorgado a tiempo completo, compa\u00f1era y amiga, a todas horas, familiar y cercana, siempre. De esp\u00edritu inquieto, soy una eterna ni\u00f1a que juega en el pa\u00eds de las maravillas. Una enamorada de mi tierra, por la que trabajo sin descanso. Creo en la infancia como motor que cambiar\u00e1 el mundo a mejor y busco en mi vida la felicidad como estado permanente porque s\u00f3lo se vive una vez.","sameAs":["http:\/\/mini.galiciamaxica.eu\/","https:\/\/www.facebook.com\/maria.rodriguezserantes","https:\/\/x.com\/seseixa"],"url":"https:\/\/www.galiciamaxica.eu\/mini\/author\/seseixa\/"}]}},"amp_enabled":true,"post_mailing_queue_ids":[],"_links":{"self":[{"href":"https:\/\/www.galiciamaxica.eu\/mini\/wp-json\/wp\/v2\/posts\/20067"}],"collection":[{"href":"https:\/\/www.galiciamaxica.eu\/mini\/wp-json\/wp\/v2\/posts"}],"about":[{"href":"https:\/\/www.galiciamaxica.eu\/mini\/wp-json\/wp\/v2\/types\/post"}],"author":[{"embeddable":true,"href":"https:\/\/www.galiciamaxica.eu\/mini\/wp-json\/wp\/v2\/users\/1"}],"replies":[{"embeddable":true,"href":"https:\/\/www.galiciamaxica.eu\/mini\/wp-json\/wp\/v2\/comments?post=20067"}],"version-history":[{"count":2,"href":"https:\/\/www.galiciamaxica.eu\/mini\/wp-json\/wp\/v2\/posts\/20067\/revisions"}],"predecessor-version":[{"id":20100,"href":"https:\/\/www.galiciamaxica.eu\/mini\/wp-json\/wp\/v2\/posts\/20067\/revisions\/20100"}],"wp:featuredmedia":[{"embeddable":true,"href":"https:\/\/www.galiciamaxica.eu\/mini\/wp-json\/wp\/v2\/media\/20096"}],"wp:attachment":[{"href":"https:\/\/www.galiciamaxica.eu\/mini\/wp-json\/wp\/v2\/media?parent=20067"}],"wp:term":[{"taxonomy":"category","embeddable":true,"href":"https:\/\/www.galiciamaxica.eu\/mini\/wp-json\/wp\/v2\/categories?post=20067"},{"taxonomy":"post_tag","embeddable":true,"href":"https:\/\/www.galiciamaxica.eu\/mini\/wp-json\/wp\/v2\/tags?post=20067"}],"curies":[{"name":"wp","href":"https:\/\/api.w.org\/{rel}","templated":true}]}}