{"id":20032,"date":"2022-09-14T11:33:09","date_gmt":"2022-09-14T09:33:09","guid":{"rendered":"https:\/\/www.galiciamaxica.eu\/mini\/?p=20032"},"modified":"2022-10-17T11:53:22","modified_gmt":"2022-10-17T09:53:22","slug":"ribadavia-a-orillas-del-rio-avia","status":"publish","type":"post","link":"https:\/\/www.galiciamaxica.eu\/mini\/ribadavia-a-orillas-del-rio-avia\/","title":{"rendered":"Ribadavia. A Orillas del R\u00edo Avia"},"content":{"rendered":"\n<p>\u00a1Hola! Tenemos el honor de haber sido invitados por Mar\u00eda de Galicia con ni\u00f1os, a contaros uno de nuestros viajes, \u00a1gracias por haber pensado en nosotros y elegirnos! Pero antes\u2026 \u00a1present\u00e9monos!<\/p>\n\n\n\n<p>Somos una familia que vive en A Coru\u00f1a y que hace casi un a\u00f1o, decidimos marcar un antes y un despu\u00e9s comprando una<strong> autocaravana<\/strong> para descubrir lugares maravillosos como del que os vamos a hablar en esta entrada, <strong>RIBADAVIA. <\/strong><\/p>\n\n\n\n<figure class=\"wp-block-image aligncenter size-large\"><a href=\"https:\/\/www.galiciamaxica.eu\/mini\/wp-content\/uploads\/2022\/09\/10-PASEO-FLUVIAL.jpg\"><img fetchpriority=\"high\" decoding=\"async\" width=\"769\" height=\"1024\" src=\"https:\/\/www.galiciamaxica.eu\/mini\/wp-content\/uploads\/2022\/09\/10-PASEO-FLUVIAL-769x1024.jpg\" alt=\"termas\" class=\"wp-image-20054\" srcset=\"https:\/\/www.galiciamaxica.eu\/mini\/wp-content\/uploads\/2022\/09\/10-PASEO-FLUVIAL-769x1024.jpg 769w, https:\/\/www.galiciamaxica.eu\/mini\/wp-content\/uploads\/2022\/09\/10-PASEO-FLUVIAL-225x300.jpg 225w, https:\/\/www.galiciamaxica.eu\/mini\/wp-content\/uploads\/2022\/09\/10-PASEO-FLUVIAL-768x1023.jpg 768w, https:\/\/www.galiciamaxica.eu\/mini\/wp-content\/uploads\/2022\/09\/10-PASEO-FLUVIAL.jpg 1201w\" sizes=\"(max-width: 769px) 100vw, 769px\" \/><\/a><\/figure>\n\n\n\n<p>Si quieres conocer un poco m\u00e1s de nosotros y nuestros viajes, nos encantar\u00eda verte por nuestro perfil de Instagram <strong><a href=\"https:\/\/www.instagram.com\/anochecedondequieras\/?hl=es\">@anochecedondequieras<\/a><\/strong> en el que vamos relatando cada uno de nuestros destinos de una manera muy particular.<\/p>\n\n\n\n<p>Empecemos contando que solemos viajar de manera improvisada, sin mucha planificaci\u00f3n y decidiendo casi en el \u00faltimo minuto. Ello lo podemos hacer porque llevamos<strong><a href=\"https:\/\/www.galiciamaxica.eu\/mapa-areas-autocaranas-galicia\/\"> la casa a cuestas<\/a><\/strong>. Una de las razones por las que nos animamos a adquirir una auto es porque precisamente viajando as\u00ed, tienes esa flexibilidad.<\/p>\n\n\n\n<blockquote class=\"instagram-media\" data-instgrm-captioned=\"\" data-instgrm-permalink=\"https:\/\/www.instagram.com\/p\/CUdEaBsoouF\/?utm_source=ig_embed&amp;utm_campaign=loading\" data-instgrm-version=\"14\" style=\" background:#FFF; border:0; border-radius:3px; box-shadow:0 0 1px 0 rgba(0,0,0,0.5),0 1px 10px 0 rgba(0,0,0,0.15); margin: 1px; max-width:540px; min-width:326px; padding:0; width:99.375%; width:-webkit-calc(100% - 2px); width:calc(100% - 2px);\"><div style=\"padding:16px;\"> <a href=\"https:\/\/www.instagram.com\/p\/CUdEaBsoouF\/?utm_source=ig_embed&amp;utm_campaign=loading\" style=\" background:#FFFFFF; line-height:0; padding:0 0; text-align:center; text-decoration:none; width:100%;\" target=\"_blank\" rel=\"noopener\"> <div style=\" display: flex; flex-direction: row; align-items: center;\"> <div style=\"background-color: #F4F4F4; border-radius: 50%; flex-grow: 0; height: 40px; margin-right: 14px; width: 40px;\"><\/div> <div style=\"display: flex; flex-direction: column; flex-grow: 1; justify-content: center;\"> <div style=\" background-color: #F4F4F4; border-radius: 4px; flex-grow: 0; height: 14px; margin-bottom: 6px; width: 100px;\"><\/div> <div style=\" background-color: #F4F4F4; border-radius: 4px; flex-grow: 0; height: 14px; width: 60px;\"><\/div><\/div><\/div><div style=\"padding: 19% 0;\"><\/div> <div style=\"display:block; height:50px; margin:0 auto 12px; width:50px;\"><svg width=\"50px\" height=\"50px\" viewBox=\"0 0 60 60\" version=\"1.1\" xmlns=\"https:\/\/www.w3.org\/2000\/svg\" xmlns:xlink=\"https:\/\/www.w3.org\/1999\/xlink\"><g stroke=\"none\" stroke-width=\"1\" fill=\"none\" fill-rule=\"evenodd\"><g transform=\"translate(-511.000000, -20.000000)\" fill=\"#000000\"><g><path d=\"M556.869,30.41 C554.814,30.41 553.148,32.076 553.148,34.131 C553.148,36.186 554.814,37.852 556.869,37.852 C558.924,37.852 560.59,36.186 560.59,34.131 C560.59,32.076 558.924,30.41 556.869,30.41 M541,60.657 C535.114,60.657 530.342,55.887 530.342,50 C530.342,44.114 535.114,39.342 541,39.342 C546.887,39.342 551.658,44.114 551.658,50 C551.658,55.887 546.887,60.657 541,60.657 M541,33.886 C532.1,33.886 524.886,41.1 524.886,50 C524.886,58.899 532.1,66.113 541,66.113 C549.9,66.113 557.115,58.899 557.115,50 C557.115,41.1 549.9,33.886 541,33.886 M565.378,62.101 C565.244,65.022 564.756,66.606 564.346,67.663 C563.803,69.06 563.154,70.057 562.106,71.106 C561.058,72.155 560.06,72.803 558.662,73.347 C557.607,73.757 556.021,74.244 553.102,74.378 C549.944,74.521 548.997,74.552 541,74.552 C533.003,74.552 532.056,74.521 528.898,74.378 C525.979,74.244 524.393,73.757 523.338,73.347 C521.94,72.803 520.942,72.155 519.894,71.106 C518.846,70.057 518.197,69.06 517.654,67.663 C517.244,66.606 516.755,65.022 516.623,62.101 C516.479,58.943 516.448,57.996 516.448,50 C516.448,42.003 516.479,41.056 516.623,37.899 C516.755,34.978 517.244,33.391 517.654,32.338 C518.197,30.938 518.846,29.942 519.894,28.894 C520.942,27.846 521.94,27.196 523.338,26.654 C524.393,26.244 525.979,25.756 528.898,25.623 C532.057,25.479 533.004,25.448 541,25.448 C548.997,25.448 549.943,25.479 553.102,25.623 C556.021,25.756 557.607,26.244 558.662,26.654 C560.06,27.196 561.058,27.846 562.106,28.894 C563.154,29.942 563.803,30.938 564.346,32.338 C564.756,33.391 565.244,34.978 565.378,37.899 C565.522,41.056 565.552,42.003 565.552,50 C565.552,57.996 565.522,58.943 565.378,62.101 M570.82,37.631 C570.674,34.438 570.167,32.258 569.425,30.349 C568.659,28.377 567.633,26.702 565.965,25.035 C564.297,23.368 562.623,22.342 560.652,21.575 C558.743,20.834 556.562,20.326 553.369,20.18 C550.169,20.033 549.148,20 541,20 C532.853,20 531.831,20.033 528.631,20.18 C525.438,20.326 523.257,20.834 521.349,21.575 C519.376,22.342 517.703,23.368 516.035,25.035 C514.368,26.702 513.342,28.377 512.574,30.349 C511.834,32.258 511.326,34.438 511.181,37.631 C511.035,40.831 511,41.851 511,50 C511,58.147 511.035,59.17 511.181,62.369 C511.326,65.562 511.834,67.743 512.574,69.651 C513.342,71.625 514.368,73.296 516.035,74.965 C517.703,76.634 519.376,77.658 521.349,78.425 C523.257,79.167 525.438,79.673 528.631,79.82 C531.831,79.965 532.853,80.001 541,80.001 C549.148,80.001 550.169,79.965 553.369,79.82 C556.562,79.673 558.743,79.167 560.652,78.425 C562.623,77.658 564.297,76.634 565.965,74.965 C567.633,73.296 568.659,71.625 569.425,69.651 C570.167,67.743 570.674,65.562 570.82,62.369 C570.966,59.17 571,58.147 571,50 C571,41.851 570.966,40.831 570.82,37.631\"><\/path><\/g><\/g><\/g><\/svg><\/div><div style=\"padding-top: 8px;\"> <div style=\" color:#3897f0; font-family:Arial,sans-serif; font-size:14px; font-style:normal; font-weight:550; line-height:18px;\">Ver esta publicaci\u00f3n en Instagram<\/div><\/div><div style=\"padding: 12.5% 0;\"><\/div> <div style=\"display: flex; flex-direction: row; margin-bottom: 14px; align-items: center;\"><div> <div style=\"background-color: #F4F4F4; border-radius: 50%; height: 12.5px; width: 12.5px; transform: translateX(0px) translateY(7px);\"><\/div> <div style=\"background-color: #F4F4F4; height: 12.5px; transform: rotate(-45deg) translateX(3px) translateY(1px); width: 12.5px; flex-grow: 0; margin-right: 14px; margin-left: 2px;\"><\/div> <div style=\"background-color: #F4F4F4; border-radius: 50%; height: 12.5px; width: 12.5px; transform: translateX(9px) translateY(-18px);\"><\/div><\/div><div style=\"margin-left: 8px;\"> <div style=\" background-color: #F4F4F4; border-radius: 50%; flex-grow: 0; height: 20px; width: 20px;\"><\/div> <div style=\" width: 0; height: 0; border-top: 2px solid transparent; border-left: 6px solid #f4f4f4; border-bottom: 2px solid transparent; transform: translateX(16px) translateY(-4px) rotate(30deg)\"><\/div><\/div><div style=\"margin-left: auto;\"> <div style=\" width: 0px; border-top: 8px solid #F4F4F4; border-right: 8px solid transparent; transform: translateY(16px);\"><\/div> <div style=\" background-color: #F4F4F4; flex-grow: 0; height: 12px; width: 16px; transform: translateY(-4px);\"><\/div> <div style=\" width: 0; height: 0; border-top: 8px solid #F4F4F4; border-left: 8px solid transparent; transform: translateY(-4px) translateX(8px);\"><\/div><\/div><\/div> <div style=\"display: flex; flex-direction: column; flex-grow: 1; justify-content: center; margin-bottom: 24px;\"> <div style=\" background-color: #F4F4F4; border-radius: 4px; flex-grow: 0; height: 14px; margin-bottom: 6px; width: 224px;\"><\/div> <div style=\" background-color: #F4F4F4; border-radius: 4px; flex-grow: 0; height: 14px; width: 144px;\"><\/div><\/div><\/a><p style=\" color:#c9c8cd; font-family:Arial,sans-serif; font-size:14px; line-height:17px; margin-bottom:0; margin-top:8px; overflow:hidden; padding:8px 0 7px; text-align:center; text-overflow:ellipsis; white-space:nowrap;\"><a href=\"https:\/\/www.instagram.com\/p\/CUdEaBsoouF\/?utm_source=ig_embed&amp;utm_campaign=loading\" style=\" color:#c9c8cd; font-family:Arial,sans-serif; font-size:14px; font-style:normal; font-weight:normal; line-height:17px; text-decoration:none;\" target=\"_blank\" rel=\"noopener\">Una publicaci\u00f3n compartida de \ud83d\ude8d\ud83d\ude90 \u24cb\u24d8\u24d0\u24d9\u24d0\u24dd\u24d3\u24de \u24d2\u24de\u24dd \u24c1\u24e4\u24db\u24d0 (@anochecedondequieras)<\/a><\/p><\/div><\/blockquote> <script async=\"\" src=\"\/\/www.instagram.com\/embed.js\"><\/script>\n\n\n\n<p>Lo que s\u00ed tenemos en cuenta, y mucho, es si nuestro destino cuenta con alguna zona autorizada para estacionar, y si tiene servicios (vaciado y llenado de aguas), \u00a1mejor que mejor!<\/p>\n\n\n\n<iframe src=\"https:\/\/www.google.com\/maps\/embed?pb=!1m18!1m12!1m3!1d2951.6739791309983!2d-8.145104584546088!3d42.28548227919202!2m3!1f0!2f0!3f0!3m2!1i1024!2i768!4f13.1!3m3!1m2!1s0xd2f8ac8c4610d89%3A0xcf901c59d1d224f3!2s%C3%81rea%20de%20AC%20y%20caravanas%20Ribadavia!5e0!3m2!1ses!2ses!4v1663148677729!5m2!1ses!2ses\" width=\"600\" height=\"450\" style=\"border:0;\" allowfullscreen=\"\" loading=\"lazy\" referrerpolicy=\"no-referrer-when-downgrade\"><\/iframe>\n\n\n\n<p>La otra, es el tipo de carreteras por las que llegar al destino, pues las dimensiones son distintas que las de un coche y en algunos caminos, pistas o carretas hemos llevado alg\u00fan sustito.<\/p>\n\n\n\n<figure class=\"wp-block-image aligncenter size-large\"><a href=\"https:\/\/www.galiciamaxica.eu\/mini\/wp-content\/uploads\/2022\/09\/1-FOTOS-LETRAS-RIBADAVIA-SIN-PERSONAS-1.jpg\"><img decoding=\"async\" width=\"1024\" height=\"768\" src=\"https:\/\/www.galiciamaxica.eu\/mini\/wp-content\/uploads\/2022\/09\/1-FOTOS-LETRAS-RIBADAVIA-SIN-PERSONAS-1-1024x768.jpg\" alt=\"Ribadavia\" class=\"wp-image-20035\" srcset=\"https:\/\/www.galiciamaxica.eu\/mini\/wp-content\/uploads\/2022\/09\/1-FOTOS-LETRAS-RIBADAVIA-SIN-PERSONAS-1-1024x768.jpg 1024w, https:\/\/www.galiciamaxica.eu\/mini\/wp-content\/uploads\/2022\/09\/1-FOTOS-LETRAS-RIBADAVIA-SIN-PERSONAS-1-300x225.jpg 300w, https:\/\/www.galiciamaxica.eu\/mini\/wp-content\/uploads\/2022\/09\/1-FOTOS-LETRAS-RIBADAVIA-SIN-PERSONAS-1-768x576.jpg 768w, https:\/\/www.galiciamaxica.eu\/mini\/wp-content\/uploads\/2022\/09\/1-FOTOS-LETRAS-RIBADAVIA-SIN-PERSONAS-1.jpg 1600w\" sizes=\"(max-width: 1024px) 100vw, 1024px\" \/><\/a><\/figure>\n\n\n\n<div id=\"ez-toc-container\" class=\"ez-toc-v2_0_86 counter-hierarchy ez-toc-counter ez-toc-custom ez-toc-container-direction\">\n<div class=\"ez-toc-title-container\">\n<p class=\"ez-toc-title\" style=\"cursor:inherit\">Contenido<\/p>\n<span class=\"ez-toc-title-toggle\"><a href=\"#\" class=\"ez-toc-pull-right ez-toc-btn ez-toc-btn-xs ez-toc-btn-default ez-toc-toggle\" aria-label=\"Alternar tabla de contenidos\"><span class=\"ez-toc-js-icon-con\"><span class=\"\"><span class=\"eztoc-hide\" style=\"display:none;\">Toggle<\/span><span class=\"ez-toc-icon-toggle-span\"><svg style=\"fill: #8224e3;color:#8224e3\" xmlns=\"http:\/\/www.w3.org\/2000\/svg\" class=\"list-377408\" width=\"20px\" height=\"20px\" viewBox=\"0 0 24 24\" fill=\"none\"><path d=\"M6 6H4v2h2V6zm14 0H8v2h12V6zM4 11h2v2H4v-2zm16 0H8v2h12v-2zM4 16h2v2H4v-2zm16 0H8v2h12v-2z\" fill=\"currentColor\"><\/path><\/svg><svg style=\"fill: #8224e3;color:#8224e3\" class=\"arrow-unsorted-368013\" xmlns=\"http:\/\/www.w3.org\/2000\/svg\" width=\"10px\" height=\"10px\" viewBox=\"0 0 24 24\" version=\"1.2\" baseProfile=\"tiny\"><path d=\"M18.2 9.3l-6.2-6.3-6.2 6.3c-.2.2-.3.4-.3.7s.1.5.3.7c.2.2.4.3.7.3h11c.3 0 .5-.1.7-.3.2-.2.3-.5.3-.7s-.1-.5-.3-.7zM5.8 14.7l6.2 6.3 6.2-6.3c.2-.2.3-.5.3-.7s-.1-.5-.3-.7c-.2-.2-.4-.3-.7-.3h-11c-.3 0-.5.1-.7.3-.2.2-.3.5-.3.7s.1.5.3.7z\"\/><\/svg><\/span><\/span><\/span><\/a><\/span><\/div>\n<nav><ul class='ez-toc-list ez-toc-list-level-1 ' ><li class='ez-toc-page-1 ez-toc-heading-level-2'><a class=\"ez-toc-link ez-toc-heading-1\" href=\"https:\/\/www.galiciamaxica.eu\/mini\/ribadavia-a-orillas-del-rio-avia\/#%C2%BFQue_vamos_a_visitar\" >\u00bfQu\u00e9 vamos a visitar?<\/a><ul class='ez-toc-list-level-3' ><li class='ez-toc-heading-level-3'><a class=\"ez-toc-link ez-toc-heading-2\" href=\"https:\/\/www.galiciamaxica.eu\/mini\/ribadavia-a-orillas-del-rio-avia\/#Ribadavia\" >Ribadavia<\/a><ul class='ez-toc-list-level-4' ><li class='ez-toc-heading-level-4'><a class=\"ez-toc-link ez-toc-heading-3\" href=\"https:\/\/www.galiciamaxica.eu\/mini\/ribadavia-a-orillas-del-rio-avia\/#PLAZA_MAYOR_ayuntamiento_torre_del_Reloj_Pazo_Condes_de_Ribadavia_oficina_de_Turismo\" >PLAZA MAYOR: ayuntamiento, torre del Reloj, Pazo Condes de Ribadavia (oficina de Turismo)<\/a><\/li><li class='ez-toc-page-1 ez-toc-heading-level-4'><a class=\"ez-toc-link ez-toc-heading-4\" href=\"https:\/\/www.galiciamaxica.eu\/mini\/ribadavia-a-orillas-del-rio-avia\/#CASTILLO_DE_LOS_CONDES_DE_SARMIENTO\" >CASTILLO DE LOS CONDES DE SARMIENTO<\/a><\/li><li class='ez-toc-page-1 ez-toc-heading-level-4'><a class=\"ez-toc-link ez-toc-heading-5\" href=\"https:\/\/www.galiciamaxica.eu\/mini\/ribadavia-a-orillas-del-rio-avia\/#ANFITEATRO\" >ANFITEATRO<\/a><\/li><li class='ez-toc-page-1 ez-toc-heading-level-4'><a class=\"ez-toc-link ez-toc-heading-6\" href=\"https:\/\/www.galiciamaxica.eu\/mini\/ribadavia-a-orillas-del-rio-avia\/#CONJUNTO_MONUMENTAL_DE_SANTO_DOMINGO_Iglesia_Virgen_del_Portal_e_Iglesia_Convento_Santo_Domingo\" >CONJUNTO MONUMENTAL DE SANTO DOMINGO: Iglesia Virgen del Portal e Iglesia Convento Santo Domingo<\/a><\/li><li class='ez-toc-page-1 ez-toc-heading-level-4'><a class=\"ez-toc-link ez-toc-heading-7\" href=\"https:\/\/www.galiciamaxica.eu\/mini\/ribadavia-a-orillas-del-rio-avia\/#JUDERIA\" >JUDER\u00cdA<\/a><\/li><li class='ez-toc-page-1 ez-toc-heading-level-4'><a class=\"ez-toc-link ez-toc-heading-8\" href=\"https:\/\/www.galiciamaxica.eu\/mini\/ribadavia-a-orillas-del-rio-avia\/#FESTA_DA_ISTORIA\" >FESTA DA ISTORIA<\/a><\/li><li class='ez-toc-page-1 ez-toc-heading-level-4'><a class=\"ez-toc-link ez-toc-heading-9\" href=\"https:\/\/www.galiciamaxica.eu\/mini\/ribadavia-a-orillas-del-rio-avia\/#MIRADORES\" >MIRADORES<\/a><\/li><li class='ez-toc-page-1 ez-toc-heading-level-4'><a class=\"ez-toc-link ez-toc-heading-10\" href=\"https:\/\/www.galiciamaxica.eu\/mini\/ribadavia-a-orillas-del-rio-avia\/#PASEO_FLUVIAL\" >PASEO FLUVIAL<\/a><\/li><\/ul><\/li><li class='ez-toc-page-1 ez-toc-heading-level-3'><a class=\"ez-toc-link ez-toc-heading-11\" href=\"https:\/\/www.galiciamaxica.eu\/mini\/ribadavia-a-orillas-del-rio-avia\/#TERMAS_PREXIGUEIRO\" >TERMAS PREXIGUEIRO<\/a><ul class='ez-toc-list-level-4' ><li class='ez-toc-heading-level-4'><a class=\"ez-toc-link ez-toc-heading-12\" href=\"https:\/\/www.galiciamaxica.eu\/mini\/ribadavia-a-orillas-del-rio-avia\/#Agudizamos_los_sentidos\" >Agudizamos los sentidos<\/a><\/li><\/ul><\/li><\/ul><\/li><li class='ez-toc-page-1 ez-toc-heading-level-2'><a class=\"ez-toc-link ez-toc-heading-13\" href=\"https:\/\/www.galiciamaxica.eu\/mini\/ribadavia-a-orillas-del-rio-avia\/#Video_de_nuestro_viaje\" >V\u00eddeo de nuestro viaje<\/a><\/li><\/ul><\/nav><\/div>\n<h2 class=\"wp-block-heading\"><span class=\"ez-toc-section\" id=\"%C2%BFQue_vamos_a_visitar\"><\/span>\u00bfQu\u00e9 vamos a visitar?<span class=\"ez-toc-section-end\"><\/span><\/h2>\n\n\n\n<h3 class=\"wp-block-heading\"><span class=\"ez-toc-section\" id=\"Ribadavia\"><\/span>Ribadavia<span class=\"ez-toc-section-end\"><\/span><\/h3>\n\n\n\n<p>Pero Ribadavia no supuso problema en ninguno de los sentidos, pues los accesos al pueblo est\u00e1n muy bien y adem\u00e1s cuenta con un \u00e1rea de autocaravanas perfecta con muchas plazas, algunas bastante niveledas, sombra en todas ellas, todos los servicios y en el centro del pueblo, lo que facilita poder visitar todo lo interesante sin tener que desplazarse y acceder a los comercios de manera muy c\u00f3moda.<\/p>\n\n\n\n<figure class=\"wp-block-image aligncenter size-large\"><a href=\"https:\/\/www.galiciamaxica.eu\/mini\/wp-content\/uploads\/2022\/09\/2-FOTO-AREA-AUTOCARAVANAS.jpg\"><img decoding=\"async\" width=\"769\" height=\"1024\" src=\"https:\/\/www.galiciamaxica.eu\/mini\/wp-content\/uploads\/2022\/09\/2-FOTO-AREA-AUTOCARAVANAS-769x1024.jpg\" alt=\"Ribadavia \u00e1rea autocaravanas\" class=\"wp-image-20037\" srcset=\"https:\/\/www.galiciamaxica.eu\/mini\/wp-content\/uploads\/2022\/09\/2-FOTO-AREA-AUTOCARAVANAS-769x1024.jpg 769w, https:\/\/www.galiciamaxica.eu\/mini\/wp-content\/uploads\/2022\/09\/2-FOTO-AREA-AUTOCARAVANAS-225x300.jpg 225w, https:\/\/www.galiciamaxica.eu\/mini\/wp-content\/uploads\/2022\/09\/2-FOTO-AREA-AUTOCARAVANAS-768x1023.jpg 768w, https:\/\/www.galiciamaxica.eu\/mini\/wp-content\/uploads\/2022\/09\/2-FOTO-AREA-AUTOCARAVANAS.jpg 1201w\" sizes=\"(max-width: 769px) 100vw, 769px\" \/><\/a><\/figure>\n\n\n\n<p>La etimolog\u00eda del nombre de Ribadavia es muy significativa, todo un anticipo de lo que nos vamos a encontrar en esta gran villa, ya que significa \u201ca orillas del R\u00edo Avia\u201d.<\/p>\n\n\n\n<figure class=\"wp-block-image size-large\"><a href=\"https:\/\/www.galiciamaxica.eu\/mini\/wp-content\/uploads\/2022\/09\/1-FOTOS-LETRAS-RIBADAVIA.jpg\"><img loading=\"lazy\" decoding=\"async\" width=\"1024\" height=\"1024\" src=\"https:\/\/www.galiciamaxica.eu\/mini\/wp-content\/uploads\/2022\/09\/1-FOTOS-LETRAS-RIBADAVIA-1024x1024.jpg\" alt=\"Ribadavia\" class=\"wp-image-20036\" srcset=\"https:\/\/www.galiciamaxica.eu\/mini\/wp-content\/uploads\/2022\/09\/1-FOTOS-LETRAS-RIBADAVIA-1024x1024.jpg 1024w, https:\/\/www.galiciamaxica.eu\/mini\/wp-content\/uploads\/2022\/09\/1-FOTOS-LETRAS-RIBADAVIA-150x150.jpg 150w, https:\/\/www.galiciamaxica.eu\/mini\/wp-content\/uploads\/2022\/09\/1-FOTOS-LETRAS-RIBADAVIA-300x300.jpg 300w, https:\/\/www.galiciamaxica.eu\/mini\/wp-content\/uploads\/2022\/09\/1-FOTOS-LETRAS-RIBADAVIA-768x768.jpg 768w, https:\/\/www.galiciamaxica.eu\/mini\/wp-content\/uploads\/2022\/09\/1-FOTOS-LETRAS-RIBADAVIA.jpg 1600w\" sizes=\"(max-width: 1024px) 100vw, 1024px\" \/><\/a><\/figure>\n\n\n\n<p>Forma parte de la Comarca del Ribeiro, cuyo vino es bien conocido por todos dada su denominaci\u00f3n de origen.<\/p>\n\n\n\n<h4 class=\"wp-block-heading\"><span class=\"ez-toc-section\" id=\"PLAZA_MAYOR_ayuntamiento_torre_del_Reloj_Pazo_Condes_de_Ribadavia_oficina_de_Turismo\"><\/span>PLAZA MAYOR: ayuntamiento, torre del Reloj, Pazo Condes de Ribadavia (oficina de Turismo)<span class=\"ez-toc-section-end\"><\/span><\/h4>\n\n\n\n<p>Seg\u00fan nos dirigimos al centro desde el \u00e1rea de AC fuimos directos a ver el Castillo de los Condes de Sarmiento o Castillo de los Condes de Ribadavia, al cual se accede desde la Oficina de Turismo que est\u00e1 en la Plaza Mayor, otro de los puntos donde detenerse y observar, ya que adem\u00e1s de albergar la casa consistorial.<\/p>\n\n\n\n<figure class=\"wp-block-image aligncenter size-large\"><a href=\"https:\/\/www.galiciamaxica.eu\/mini\/wp-content\/uploads\/2022\/09\/3-FOTO-OFICINA-TURISMO.jpg\"><img loading=\"lazy\" decoding=\"async\" width=\"769\" height=\"1024\" src=\"https:\/\/www.galiciamaxica.eu\/mini\/wp-content\/uploads\/2022\/09\/3-FOTO-OFICINA-TURISMO-769x1024.jpg\" alt=\"ribadavia\" class=\"wp-image-20038\" srcset=\"https:\/\/www.galiciamaxica.eu\/mini\/wp-content\/uploads\/2022\/09\/3-FOTO-OFICINA-TURISMO-769x1024.jpg 769w, https:\/\/www.galiciamaxica.eu\/mini\/wp-content\/uploads\/2022\/09\/3-FOTO-OFICINA-TURISMO-225x300.jpg 225w, https:\/\/www.galiciamaxica.eu\/mini\/wp-content\/uploads\/2022\/09\/3-FOTO-OFICINA-TURISMO-768x1023.jpg 768w, https:\/\/www.galiciamaxica.eu\/mini\/wp-content\/uploads\/2022\/09\/3-FOTO-OFICINA-TURISMO.jpg 1201w\" sizes=\"(max-width: 769px) 100vw, 769px\" \/><\/a><\/figure>\n\n\n\n<p>Est\u00e1 rodeada de varias casas porticadas en cuyos bajos hay bares y tabernas que con sus terrazas, ofrecen ese ambientillo tan agradable, y los edificios de la Torre del Reloj y el Pazo de los Condes de Ribadavia, en donde se encuentra la oficina de turismo.<\/p>\n\n\n\n<figure class=\"wp-block-image aligncenter size-large\"><a href=\"https:\/\/www.galiciamaxica.eu\/mini\/wp-content\/uploads\/2022\/09\/3-FOTO-PLAZA-MAYOR.jpg\"><img loading=\"lazy\" decoding=\"async\" width=\"576\" height=\"1024\" src=\"https:\/\/www.galiciamaxica.eu\/mini\/wp-content\/uploads\/2022\/09\/3-FOTO-PLAZA-MAYOR-576x1024.jpg\" alt=\"ribadavia\" class=\"wp-image-20039\" srcset=\"https:\/\/www.galiciamaxica.eu\/mini\/wp-content\/uploads\/2022\/09\/3-FOTO-PLAZA-MAYOR-576x1024.jpg 576w, https:\/\/www.galiciamaxica.eu\/mini\/wp-content\/uploads\/2022\/09\/3-FOTO-PLAZA-MAYOR-169x300.jpg 169w, https:\/\/www.galiciamaxica.eu\/mini\/wp-content\/uploads\/2022\/09\/3-FOTO-PLAZA-MAYOR-768x1366.jpg 768w, https:\/\/www.galiciamaxica.eu\/mini\/wp-content\/uploads\/2022\/09\/3-FOTO-PLAZA-MAYOR.jpg 899w\" sizes=\"(max-width: 576px) 100vw, 576px\" \/><\/a><\/figure>\n\n\n\n<h4 class=\"wp-block-heading\"><span class=\"ez-toc-section\" id=\"CASTILLO_DE_LOS_CONDES_DE_SARMIENTO\"><\/span>CASTILLO DE LOS CONDES DE SARMIENTO<span class=\"ez-toc-section-end\"><\/span><\/h4>\n\n\n\n<p>La entrada al Castillo incluye una audio-gu\u00eda en la que se va relatando de una forma muy simp\u00e1tica, simulando las voces de los protagonistas, que te har\u00e1n viajar al medievo, al tiempo que recorres la fortaleza. <\/p>\n\n\n\n<figure class=\"wp-block-image size-large\"><a href=\"https:\/\/www.galiciamaxica.eu\/mini\/wp-content\/uploads\/2022\/09\/4-FOTO-CASTILLO-PUERTA.jpg\"><img loading=\"lazy\" decoding=\"async\" width=\"768\" height=\"1024\" src=\"https:\/\/www.galiciamaxica.eu\/mini\/wp-content\/uploads\/2022\/09\/4-FOTO-CASTILLO-PUERTA-768x1024.jpg\" alt=\"ribadavia\" class=\"wp-image-20041\" srcset=\"https:\/\/www.galiciamaxica.eu\/mini\/wp-content\/uploads\/2022\/09\/4-FOTO-CASTILLO-PUERTA-768x1024.jpg 768w, https:\/\/www.galiciamaxica.eu\/mini\/wp-content\/uploads\/2022\/09\/4-FOTO-CASTILLO-PUERTA-225x300.jpg 225w, https:\/\/www.galiciamaxica.eu\/mini\/wp-content\/uploads\/2022\/09\/4-FOTO-CASTILLO-PUERTA.jpg 1200w\" sizes=\"(max-width: 768px) 100vw, 768px\" \/><\/a><\/figure>\n\n\n\n<p>Adem\u00e1s, te ofrecen un plano en el que poder orientarte para encontrar los puntos de inter\u00e9s destacados con n\u00fameros de tal forma que cuando los encuentras, puedes conocer m\u00e1s datos sobre lo que est\u00e1s observando, como lo que representan algunas de las ruinas que hoy se conservan como los restos de una necr\u00f3polis, o los escudos de los Fajardo y Sarmiento sobre la puerta principal.<\/p>\n\n\n\n<figure class=\"wp-block-image aligncenter size-large\"><a href=\"https:\/\/www.galiciamaxica.eu\/mini\/wp-content\/uploads\/2022\/09\/4-FOTO-CASTILLO-ESCUDOS.jpg\"><img loading=\"lazy\" decoding=\"async\" width=\"769\" height=\"1024\" src=\"https:\/\/www.galiciamaxica.eu\/mini\/wp-content\/uploads\/2022\/09\/4-FOTO-CASTILLO-ESCUDOS-769x1024.jpg\" alt=\"Ribadavia\" class=\"wp-image-20040\" srcset=\"https:\/\/www.galiciamaxica.eu\/mini\/wp-content\/uploads\/2022\/09\/4-FOTO-CASTILLO-ESCUDOS-769x1024.jpg 769w, https:\/\/www.galiciamaxica.eu\/mini\/wp-content\/uploads\/2022\/09\/4-FOTO-CASTILLO-ESCUDOS-225x300.jpg 225w, https:\/\/www.galiciamaxica.eu\/mini\/wp-content\/uploads\/2022\/09\/4-FOTO-CASTILLO-ESCUDOS-768x1023.jpg 768w, https:\/\/www.galiciamaxica.eu\/mini\/wp-content\/uploads\/2022\/09\/4-FOTO-CASTILLO-ESCUDOS.jpg 1201w\" sizes=\"(max-width: 769px) 100vw, 769px\" \/><\/a><\/figure>\n\n\n\n<p>El Castillo est\u00e1 parcialmente conservado, ya que se abandon\u00f3 en el S.XVII al construirse el Pazo Condal en la Plaza Mayor, y a su alrededor se pueden observar restos de la muralla que le rodeaba.<\/p>\n\n\n\n<figure class=\"wp-block-image size-large\"><a href=\"https:\/\/www.galiciamaxica.eu\/mini\/wp-content\/uploads\/2022\/09\/4-FOTO-CASTILLO-RUINAS.jpg\"><img loading=\"lazy\" decoding=\"async\" width=\"769\" height=\"1024\" src=\"https:\/\/www.galiciamaxica.eu\/mini\/wp-content\/uploads\/2022\/09\/4-FOTO-CASTILLO-RUINAS-769x1024.jpg\" alt=\"ribadavia castillo\" class=\"wp-image-20042\" srcset=\"https:\/\/www.galiciamaxica.eu\/mini\/wp-content\/uploads\/2022\/09\/4-FOTO-CASTILLO-RUINAS-769x1024.jpg 769w, https:\/\/www.galiciamaxica.eu\/mini\/wp-content\/uploads\/2022\/09\/4-FOTO-CASTILLO-RUINAS-225x300.jpg 225w, https:\/\/www.galiciamaxica.eu\/mini\/wp-content\/uploads\/2022\/09\/4-FOTO-CASTILLO-RUINAS-768x1023.jpg 768w, https:\/\/www.galiciamaxica.eu\/mini\/wp-content\/uploads\/2022\/09\/4-FOTO-CASTILLO-RUINAS.jpg 1201w\" sizes=\"(max-width: 769px) 100vw, 769px\" \/><\/a><\/figure>\n\n\n\n<h4 class=\"wp-block-heading\"><span class=\"ez-toc-section\" id=\"ANFITEATRO\"><\/span>ANFITEATRO<span class=\"ez-toc-section-end\"><\/span><\/h4>\n\n\n\n<p>Actualmente dentro de las ruinas se ha construido un anfiteatro en donde se ofrecen puntualmente espect\u00e1culos y recitales, como cuando nosotros estuvimos que se celebraba la clausura de las XXX VII jornadas del folclore internacional, una de esas casualidades de las que te alegras para poder aprovechar la estancia.<\/p>\n\n\n\n<figure class=\"wp-block-image aligncenter size-large\"><a href=\"https:\/\/www.galiciamaxica.eu\/mini\/wp-content\/uploads\/2022\/09\/5-ANFITEATRO.jpg\"><img loading=\"lazy\" decoding=\"async\" width=\"1024\" height=\"769\" src=\"https:\/\/www.galiciamaxica.eu\/mini\/wp-content\/uploads\/2022\/09\/5-ANFITEATRO-1024x769.jpg\" alt=\"ribadavia castillo\" class=\"wp-image-20043\" srcset=\"https:\/\/www.galiciamaxica.eu\/mini\/wp-content\/uploads\/2022\/09\/5-ANFITEATRO-1024x769.jpg 1024w, https:\/\/www.galiciamaxica.eu\/mini\/wp-content\/uploads\/2022\/09\/5-ANFITEATRO-300x225.jpg 300w, https:\/\/www.galiciamaxica.eu\/mini\/wp-content\/uploads\/2022\/09\/5-ANFITEATRO-768x576.jpg 768w, https:\/\/www.galiciamaxica.eu\/mini\/wp-content\/uploads\/2022\/09\/5-ANFITEATRO.jpg 1600w\" sizes=\"(max-width: 1024px) 100vw, 1024px\" \/><\/a><\/figure>\n\n\n\n<h4 class=\"wp-block-heading\"><span class=\"ez-toc-section\" id=\"CONJUNTO_MONUMENTAL_DE_SANTO_DOMINGO_Iglesia_Virgen_del_Portal_e_Iglesia_Convento_Santo_Domingo\"><\/span>CONJUNTO MONUMENTAL DE SANTO DOMINGO: Iglesia Virgen del Portal e Iglesia Convento Santo Domingo<span class=\"ez-toc-section-end\"><\/span><\/h4>\n\n\n\n<p>Justo enfrente del Castillo, llama la atenci\u00f3n el Conjunto Monumental de Santo Domingo, declarado Monumento Nacional y que est\u00e1 formado por la Iglesia Convento de Santo Domingo y la Iglesia de la Virgen del Portal. <\/p>\n\n\n\n<figure class=\"wp-block-image aligncenter size-large\"><a href=\"https:\/\/www.galiciamaxica.eu\/mini\/wp-content\/uploads\/2022\/09\/6-CONJUNTO-MONUMENTAL-SANTO-DOMINGO-IGLESIA.jpg\"><img loading=\"lazy\" decoding=\"async\" width=\"768\" height=\"1024\" src=\"https:\/\/www.galiciamaxica.eu\/mini\/wp-content\/uploads\/2022\/09\/6-CONJUNTO-MONUMENTAL-SANTO-DOMINGO-IGLESIA-768x1024.jpg\" alt=\"ribadavia\" class=\"wp-image-20045\" srcset=\"https:\/\/www.galiciamaxica.eu\/mini\/wp-content\/uploads\/2022\/09\/6-CONJUNTO-MONUMENTAL-SANTO-DOMINGO-IGLESIA-768x1024.jpg 768w, https:\/\/www.galiciamaxica.eu\/mini\/wp-content\/uploads\/2022\/09\/6-CONJUNTO-MONUMENTAL-SANTO-DOMINGO-IGLESIA-225x300.jpg 225w, https:\/\/www.galiciamaxica.eu\/mini\/wp-content\/uploads\/2022\/09\/6-CONJUNTO-MONUMENTAL-SANTO-DOMINGO-IGLESIA.jpg 1200w\" sizes=\"(max-width: 768px) 100vw, 768px\" \/><\/a><\/figure>\n\n\n\n<p>El convento de los dominicos es la segunda fundaci\u00f3n de los dominicos en Galicia y est\u00e1 considerada como uno de los mejores ejemplos del g\u00f3tico gallego. La iglesia es de estilo neocl\u00e1sico y destaca su espada\u00f1a de dos cuerpos a modo de campanario en la fachada.<\/p>\n\n\n\n<figure class=\"wp-block-image aligncenter size-large\"><a href=\"https:\/\/www.galiciamaxica.eu\/mini\/wp-content\/uploads\/2022\/09\/6-CONJUNTO-MONUMENTAL-SANTO-DOMINGO-CONVENTO.jpg\"><img loading=\"lazy\" decoding=\"async\" width=\"769\" height=\"1024\" src=\"https:\/\/www.galiciamaxica.eu\/mini\/wp-content\/uploads\/2022\/09\/6-CONJUNTO-MONUMENTAL-SANTO-DOMINGO-CONVENTO-769x1024.jpg\" alt=\"ribadavia\" class=\"wp-image-20044\" srcset=\"https:\/\/www.galiciamaxica.eu\/mini\/wp-content\/uploads\/2022\/09\/6-CONJUNTO-MONUMENTAL-SANTO-DOMINGO-CONVENTO-769x1024.jpg 769w, https:\/\/www.galiciamaxica.eu\/mini\/wp-content\/uploads\/2022\/09\/6-CONJUNTO-MONUMENTAL-SANTO-DOMINGO-CONVENTO-225x300.jpg 225w, https:\/\/www.galiciamaxica.eu\/mini\/wp-content\/uploads\/2022\/09\/6-CONJUNTO-MONUMENTAL-SANTO-DOMINGO-CONVENTO-768x1023.jpg 768w, https:\/\/www.galiciamaxica.eu\/mini\/wp-content\/uploads\/2022\/09\/6-CONJUNTO-MONUMENTAL-SANTO-DOMINGO-CONVENTO.jpg 1201w\" sizes=\"(max-width: 769px) 100vw, 769px\" \/><\/a><\/figure>\n\n\n\n<h4 class=\"wp-block-heading\"><span class=\"ez-toc-section\" id=\"JUDERIA\"><\/span>JUDER\u00cdA<span class=\"ez-toc-section-end\"><\/span><\/h4>\n\n\n\n<p>En el mismo casco hist\u00f3rico, est\u00e1 una de las juder\u00edas mejor conservadas de Espa\u00f1a, a la altura de las de Toledo, \u00c1vila o C\u00f3rdoba. <\/p>\n\n\n\n<figure class=\"wp-block-image aligncenter size-large\"><a href=\"https:\/\/www.galiciamaxica.eu\/mini\/wp-content\/uploads\/2022\/09\/7-BARRIO-JUDIO-IGLESIA.jpg\"><img loading=\"lazy\" decoding=\"async\" width=\"576\" height=\"1024\" src=\"https:\/\/www.galiciamaxica.eu\/mini\/wp-content\/uploads\/2022\/09\/7-BARRIO-JUDIO-IGLESIA-576x1024.jpg\" alt=\"ribadavia\" class=\"wp-image-20047\" srcset=\"https:\/\/www.galiciamaxica.eu\/mini\/wp-content\/uploads\/2022\/09\/7-BARRIO-JUDIO-IGLESIA-576x1024.jpg 576w, https:\/\/www.galiciamaxica.eu\/mini\/wp-content\/uploads\/2022\/09\/7-BARRIO-JUDIO-IGLESIA-169x300.jpg 169w, https:\/\/www.galiciamaxica.eu\/mini\/wp-content\/uploads\/2022\/09\/7-BARRIO-JUDIO-IGLESIA-768x1366.jpg 768w, https:\/\/www.galiciamaxica.eu\/mini\/wp-content\/uploads\/2022\/09\/7-BARRIO-JUDIO-IGLESIA.jpg 899w\" sizes=\"(max-width: 576px) 100vw, 576px\" \/><\/a><\/figure>\n\n\n\n<p>Es un placer pasear por sus callejuelas estrechas y largas, pedregosas, con sus casas y balconadas salientes para proteger a los bajos, habilitados muchas veces como mercados, de la lluvia, as\u00ed como piedras a la entrada de las casas para evitar humedades.<\/p>\n\n\n\n<figure class=\"wp-block-image aligncenter size-large\"><a href=\"https:\/\/www.galiciamaxica.eu\/mini\/wp-content\/uploads\/2022\/09\/7-BARRIO-JUDIO.jpg\"><img loading=\"lazy\" decoding=\"async\" width=\"769\" height=\"1024\" src=\"https:\/\/www.galiciamaxica.eu\/mini\/wp-content\/uploads\/2022\/09\/7-BARRIO-JUDIO-769x1024.jpg\" alt=\"ribadavia\" class=\"wp-image-20048\" srcset=\"https:\/\/www.galiciamaxica.eu\/mini\/wp-content\/uploads\/2022\/09\/7-BARRIO-JUDIO-769x1024.jpg 769w, https:\/\/www.galiciamaxica.eu\/mini\/wp-content\/uploads\/2022\/09\/7-BARRIO-JUDIO-225x300.jpg 225w, https:\/\/www.galiciamaxica.eu\/mini\/wp-content\/uploads\/2022\/09\/7-BARRIO-JUDIO-768x1023.jpg 768w, https:\/\/www.galiciamaxica.eu\/mini\/wp-content\/uploads\/2022\/09\/7-BARRIO-JUDIO.jpg 1201w\" sizes=\"(max-width: 769px) 100vw, 769px\" \/><\/a><\/figure>\n\n\n\n<p>Pero\u2026 \u00bfpor qu\u00e9 los jud\u00edos se asentaron en Ribadavia? Pues porque esta villa en el S.XI empieza a convertirse en un importante enclave comercial, del que participan activamente los jud\u00edos.<\/p>\n\n\n\n<figure class=\"wp-block-image aligncenter size-large\"><a href=\"https:\/\/www.galiciamaxica.eu\/mini\/wp-content\/uploads\/2022\/09\/7-BARRIO-JUDIO-IGLESIA-SAN-JUAN.jpg\"><img loading=\"lazy\" decoding=\"async\" width=\"769\" height=\"1024\" src=\"https:\/\/www.galiciamaxica.eu\/mini\/wp-content\/uploads\/2022\/09\/7-BARRIO-JUDIO-IGLESIA-SAN-JUAN-769x1024.jpg\" alt=\"ribadavia\" class=\"wp-image-20046\" srcset=\"https:\/\/www.galiciamaxica.eu\/mini\/wp-content\/uploads\/2022\/09\/7-BARRIO-JUDIO-IGLESIA-SAN-JUAN-769x1024.jpg 769w, https:\/\/www.galiciamaxica.eu\/mini\/wp-content\/uploads\/2022\/09\/7-BARRIO-JUDIO-IGLESIA-SAN-JUAN-225x300.jpg 225w, https:\/\/www.galiciamaxica.eu\/mini\/wp-content\/uploads\/2022\/09\/7-BARRIO-JUDIO-IGLESIA-SAN-JUAN-768x1023.jpg 768w, https:\/\/www.galiciamaxica.eu\/mini\/wp-content\/uploads\/2022\/09\/7-BARRIO-JUDIO-IGLESIA-SAN-JUAN.jpg 1537w\" sizes=\"(max-width: 769px) 100vw, 769px\" \/><\/a><\/figure>\n\n\n\n<h4 class=\"wp-block-heading\"><span class=\"ez-toc-section\" id=\"FESTA_DA_ISTORIA\"><\/span>FESTA DA ISTORIA<span class=\"ez-toc-section-end\"><\/span><\/h4>\n\n\n\n<p>Tal y como se muestra en las fotos, encontramos la juder\u00eda engalanada con estandartes ante la proximidad de la Festa da Istoria que se celebrar\u00eda unos d\u00edas despu\u00e9s, el fin de semana del<strong> 26 y 27 de agosto. <\/strong><\/p>\n\n\n\n<figure class=\"wp-block-image aligncenter size-large\"><a href=\"https:\/\/www.galiciamaxica.eu\/mini\/wp-content\/uploads\/2022\/09\/8-FESTA-DA-ISTORIA.jpg\"><img loading=\"lazy\" decoding=\"async\" width=\"769\" height=\"1024\" src=\"https:\/\/www.galiciamaxica.eu\/mini\/wp-content\/uploads\/2022\/09\/8-FESTA-DA-ISTORIA-769x1024.jpg\" alt=\"ribadavia\" class=\"wp-image-20050\" srcset=\"https:\/\/www.galiciamaxica.eu\/mini\/wp-content\/uploads\/2022\/09\/8-FESTA-DA-ISTORIA-769x1024.jpg 769w, https:\/\/www.galiciamaxica.eu\/mini\/wp-content\/uploads\/2022\/09\/8-FESTA-DA-ISTORIA-225x300.jpg 225w, https:\/\/www.galiciamaxica.eu\/mini\/wp-content\/uploads\/2022\/09\/8-FESTA-DA-ISTORIA-768x1023.jpg 768w, https:\/\/www.galiciamaxica.eu\/mini\/wp-content\/uploads\/2022\/09\/8-FESTA-DA-ISTORIA.jpg 1201w\" sizes=\"(max-width: 769px) 100vw, 769px\" \/><\/a><\/figure>\n\n\n\n<p>Este evento, declarado de \u201cInter\u00e9s Tur\u00edstico Nacional\u201d, ofrece una programaci\u00f3n llena de m\u00fasica, baile, batallas medievales y juegos para todos los p\u00fablicos. <\/p>\n\n\n\n<figure class=\"wp-block-image aligncenter size-large\"><a href=\"https:\/\/www.galiciamaxica.eu\/mini\/wp-content\/uploads\/2022\/09\/8-FESTA-DA-ISTORIA-FACHADA-FLORES.jpg\"><img loading=\"lazy\" decoding=\"async\" width=\"769\" height=\"1024\" src=\"https:\/\/www.galiciamaxica.eu\/mini\/wp-content\/uploads\/2022\/09\/8-FESTA-DA-ISTORIA-FACHADA-FLORES-769x1024.jpg\" alt=\"ribadavia\" class=\"wp-image-20049\" srcset=\"https:\/\/www.galiciamaxica.eu\/mini\/wp-content\/uploads\/2022\/09\/8-FESTA-DA-ISTORIA-FACHADA-FLORES-769x1024.jpg 769w, https:\/\/www.galiciamaxica.eu\/mini\/wp-content\/uploads\/2022\/09\/8-FESTA-DA-ISTORIA-FACHADA-FLORES-225x300.jpg 225w, https:\/\/www.galiciamaxica.eu\/mini\/wp-content\/uploads\/2022\/09\/8-FESTA-DA-ISTORIA-FACHADA-FLORES-768x1023.jpg 768w, https:\/\/www.galiciamaxica.eu\/mini\/wp-content\/uploads\/2022\/09\/8-FESTA-DA-ISTORIA-FACHADA-FLORES.jpg 1201w\" sizes=\"(max-width: 769px) 100vw, 769px\" \/><\/a><\/figure>\n\n\n\n<p>La mejor manera de disfrutarla es ir caracterizado con ropa medieval, y participar de todos los eventos que se organizan como el Desfile da Historia o la cena medieval que tiene lugar en el propio castillo. Adem\u00e1s, es necesario cambiar tu dinero por maraved\u00edes para poder pagar en los puestos de la fiesta.<\/p>\n\n\n\n<h4 class=\"wp-block-heading\"><span class=\"ez-toc-section\" id=\"MIRADORES\"><\/span>MIRADORES<span class=\"ez-toc-section-end\"><\/span><\/h4>\n\n\n\n<figure class=\"wp-block-image aligncenter size-large\"><a href=\"https:\/\/www.galiciamaxica.eu\/mini\/wp-content\/uploads\/2022\/09\/9FOTO-MIRADORES.jpg\"><img loading=\"lazy\" decoding=\"async\" width=\"769\" height=\"1024\" src=\"https:\/\/www.galiciamaxica.eu\/mini\/wp-content\/uploads\/2022\/09\/9FOTO-MIRADORES-769x1024.jpg\" alt=\"mirador ribadavia\" class=\"wp-image-20052\" srcset=\"https:\/\/www.galiciamaxica.eu\/mini\/wp-content\/uploads\/2022\/09\/9FOTO-MIRADORES-769x1024.jpg 769w, https:\/\/www.galiciamaxica.eu\/mini\/wp-content\/uploads\/2022\/09\/9FOTO-MIRADORES-225x300.jpg 225w, https:\/\/www.galiciamaxica.eu\/mini\/wp-content\/uploads\/2022\/09\/9FOTO-MIRADORES-768x1023.jpg 768w, https:\/\/www.galiciamaxica.eu\/mini\/wp-content\/uploads\/2022\/09\/9FOTO-MIRADORES.jpg 1201w\" sizes=\"(max-width: 769px) 100vw, 769px\" \/><\/a><\/figure>\n\n\n\n<p>Si te dejas perder por sus calles adem\u00e1s encontrar\u00e1s un par de miradores donde poder obtener bonitas panor\u00e1micas de Ribadavia con los vi\u00f1edos de fondo, aut\u00e9ntico sello de la comarca.<\/p>\n\n\n\n<figure class=\"wp-block-image aligncenter size-large\"><a href=\"https:\/\/www.galiciamaxica.eu\/mini\/wp-content\/uploads\/2022\/09\/10-PASEO-FLUVIAL-2.jpg\"><img loading=\"lazy\" decoding=\"async\" width=\"769\" height=\"1024\" src=\"https:\/\/www.galiciamaxica.eu\/mini\/wp-content\/uploads\/2022\/09\/10-PASEO-FLUVIAL-2-769x1024.jpg\" alt=\"Ribadavia\" class=\"wp-image-20053\" srcset=\"https:\/\/www.galiciamaxica.eu\/mini\/wp-content\/uploads\/2022\/09\/10-PASEO-FLUVIAL-2-769x1024.jpg 769w, https:\/\/www.galiciamaxica.eu\/mini\/wp-content\/uploads\/2022\/09\/10-PASEO-FLUVIAL-2-225x300.jpg 225w, https:\/\/www.galiciamaxica.eu\/mini\/wp-content\/uploads\/2022\/09\/10-PASEO-FLUVIAL-2-768x1023.jpg 768w, https:\/\/www.galiciamaxica.eu\/mini\/wp-content\/uploads\/2022\/09\/10-PASEO-FLUVIAL-2.jpg 1201w\" sizes=\"(max-width: 769px) 100vw, 769px\" \/><\/a><\/figure>\n\n\n\n<h4 class=\"wp-block-heading\"><span class=\"ez-toc-section\" id=\"PASEO_FLUVIAL\"><\/span>PASEO FLUVIAL<span class=\"ez-toc-section-end\"><\/span><\/h4>\n\n\n\n<p>Observar el r\u00edo desde los miradores est\u00e1 genial, pero poder acercarte al R\u00edo Avia para disfrutar de la belleza paisaj\u00edstica y de su flora y fauna t\u00edpica es mucho mejor. Para ello hay un estupendo paseo fluvial que en un agradable paseo te permite desconectar de la zona hist\u00f3rica y monumental para sentir el contacto con la naturaleza.<\/p>\n\n\n\n<figure class=\"wp-block-image aligncenter size-large\"><a href=\"https:\/\/www.galiciamaxica.eu\/mini\/wp-content\/uploads\/2022\/09\/9-FOTO-MIRADORES-2.jpg\"><img loading=\"lazy\" decoding=\"async\" width=\"576\" height=\"1024\" src=\"https:\/\/www.galiciamaxica.eu\/mini\/wp-content\/uploads\/2022\/09\/9-FOTO-MIRADORES-2-576x1024.jpg\" alt=\"ribadavia\" class=\"wp-image-20051\" srcset=\"https:\/\/www.galiciamaxica.eu\/mini\/wp-content\/uploads\/2022\/09\/9-FOTO-MIRADORES-2-576x1024.jpg 576w, https:\/\/www.galiciamaxica.eu\/mini\/wp-content\/uploads\/2022\/09\/9-FOTO-MIRADORES-2-169x300.jpg 169w, https:\/\/www.galiciamaxica.eu\/mini\/wp-content\/uploads\/2022\/09\/9-FOTO-MIRADORES-2-768x1366.jpg 768w, https:\/\/www.galiciamaxica.eu\/mini\/wp-content\/uploads\/2022\/09\/9-FOTO-MIRADORES-2.jpg 899w\" sizes=\"(max-width: 576px) 100vw, 576px\" \/><\/a><\/figure>\n\n\n\n<h3 class=\"wp-block-heading\"><span class=\"ez-toc-section\" id=\"TERMAS_PREXIGUEIRO\"><\/span><a><\/a> TERMAS PREXIGUEIRO<span class=\"ez-toc-section-end\"><\/span><\/h3>\n\n\n\n<p>No sabemos qu\u00e9 os est\u00e1 pareciendo hasta ahora todo lo que os hemos ense\u00f1ado de Ribadavia, pero creemos que estamos dejando lo mejor para el final\u2026 Se trata de las Termas de Prexigueiro, que se encuentran a tan solo cinco minutos. Cuando hablamos de las maravillas que nos ofrece la naturaleza sin duda, esta es una de ellas.<\/p>\n\n\n\n<figure class=\"wp-block-image aligncenter size-large\"><a href=\"https:\/\/www.galiciamaxica.eu\/mini\/wp-content\/uploads\/2022\/09\/11-TERMAS-PREXIGUEIRO.jpg\"><img loading=\"lazy\" decoding=\"async\" width=\"768\" height=\"1024\" src=\"https:\/\/www.galiciamaxica.eu\/mini\/wp-content\/uploads\/2022\/09\/11-TERMAS-PREXIGUEIRO-768x1024.jpg\" alt=\"termas de prexigueiro\" class=\"wp-image-20057\" srcset=\"https:\/\/www.galiciamaxica.eu\/mini\/wp-content\/uploads\/2022\/09\/11-TERMAS-PREXIGUEIRO-768x1024.jpg 768w, https:\/\/www.galiciamaxica.eu\/mini\/wp-content\/uploads\/2022\/09\/11-TERMAS-PREXIGUEIRO-225x300.jpg 225w, https:\/\/www.galiciamaxica.eu\/mini\/wp-content\/uploads\/2022\/09\/11-TERMAS-PREXIGUEIRO.jpg 1200w\" sizes=\"(max-width: 768px) 100vw, 768px\" \/><\/a><\/figure>\n\n\n\n<p>Antes de nada, os tenemos que contar que lo primero que hicimos, por total desconocimiento, fue visitar las termas de pago. Son muy econ\u00f3micas y tambi\u00e9n merecen la pena, pues cuentas con una serie de servicios, que adem\u00e1s viajando con ni\u00f1os se agradecen como ba\u00f1os, duchas, vestuarios, limpieza, etc. <\/p>\n\n\n\n<figure class=\"wp-block-image aligncenter size-large\"><a href=\"https:\/\/www.galiciamaxica.eu\/mini\/wp-content\/uploads\/2022\/09\/11-TERMAS-PREXIGUEIRO-RIO-CERVES.jpg\"><img loading=\"lazy\" decoding=\"async\" width=\"576\" height=\"1024\" src=\"https:\/\/www.galiciamaxica.eu\/mini\/wp-content\/uploads\/2022\/09\/11-TERMAS-PREXIGUEIRO-RIO-CERVES-576x1024.jpg\" alt=\"termas\" class=\"wp-image-20056\" srcset=\"https:\/\/www.galiciamaxica.eu\/mini\/wp-content\/uploads\/2022\/09\/11-TERMAS-PREXIGUEIRO-RIO-CERVES-576x1024.jpg 576w, https:\/\/www.galiciamaxica.eu\/mini\/wp-content\/uploads\/2022\/09\/11-TERMAS-PREXIGUEIRO-RIO-CERVES-169x300.jpg 169w, https:\/\/www.galiciamaxica.eu\/mini\/wp-content\/uploads\/2022\/09\/11-TERMAS-PREXIGUEIRO-RIO-CERVES-768x1365.jpg 768w, https:\/\/www.galiciamaxica.eu\/mini\/wp-content\/uploads\/2022\/09\/11-TERMAS-PREXIGUEIRO-RIO-CERVES.jpg 1080w\" sizes=\"(max-width: 576px) 100vw, 576px\" \/><\/a><\/figure>\n\n\n\n<p>Tambi\u00e9n est\u00e1n al aire libre, aunque las piscinas y el recinto en s\u00ed son construidas artificialmente, por lo que s\u00ed sientes el contacto con la naturaleza peeeeeeeeeeeeeeeeeero, sin duda en donde m\u00e1s libre y en donde el entorno es m\u00e1s aut\u00e9ntico, es en las que hay p\u00fablicas. Son una aut\u00e9ntica pasada, en donde se ponen en juego todos los sentidos:<\/p>\n\n\n\n<h4 class=\"wp-block-heading\"><span class=\"ez-toc-section\" id=\"Agudizamos_los_sentidos\"><\/span>Agudizamos los sentidos<span class=\"ez-toc-section-end\"><\/span><\/h4>\n\n\n\n<p><strong>Vista, <\/strong>con sus aguas gris-azuladas en contraste con los verdes del r\u00edo y \u00e1rboles aut\u00f3cnotas\u2026 \u00a1colorterapia natural!<\/p>\n\n\n\n<p><strong>Tacto,<\/strong> en el contacto con las distintas piscinas cuya temperatura va en aumento al aproximarse a la salida de las aguas. Adem\u00e1s, el r\u00edo Cerves te ofrecer\u00e1 la posibilidad de hacer cambios de contraste, muy recomendables cuando est\u00e1s en aguas con temperaturas tan altas<\/p>\n\n\n\n<p><strong>O\u00eddo<\/strong>, al estar en un entorno en donde transcurre el r\u00edo, el sonido del agua, el cantar de los p\u00e1jaros, \u2026 crear\u00e1n un ambiente muy relajante<\/p>\n\n\n\n<p><strong>Olfato <\/strong>ya que las aguas sulfurosas tienen un olor muy caracter\u00edstico, no muy agradable eso si\u2026 As\u00ed como el olor de la vegetaci\u00f3n en la que se encuentran, con distintas variedades de \u00e1rboles y arbustos.<\/p>\n\n\n\n<p>Y nos faltar\u00eda <strong>el gusto <\/strong>que no experimentamos nosotros, pero estamos seguros que entre tanta riqueza natural en cada \u00e9poca puedes encontrar frutos como moras, higos o casta\u00f1as.<\/p>\n\n\n\n<figure class=\"wp-block-image aligncenter size-large\"><a href=\"https:\/\/www.galiciamaxica.eu\/mini\/wp-content\/uploads\/2022\/09\/11-TERMAS-PREXIGUEIRO-2.jpg\"><img loading=\"lazy\" decoding=\"async\" width=\"1024\" height=\"769\" src=\"https:\/\/www.galiciamaxica.eu\/mini\/wp-content\/uploads\/2022\/09\/11-TERMAS-PREXIGUEIRO-2-1024x769.jpg\" alt=\"TERMAS-PREXIGUEIRO\" class=\"wp-image-20055\" srcset=\"https:\/\/www.galiciamaxica.eu\/mini\/wp-content\/uploads\/2022\/09\/11-TERMAS-PREXIGUEIRO-2-1024x769.jpg 1024w, https:\/\/www.galiciamaxica.eu\/mini\/wp-content\/uploads\/2022\/09\/11-TERMAS-PREXIGUEIRO-2-300x225.jpg 300w, https:\/\/www.galiciamaxica.eu\/mini\/wp-content\/uploads\/2022\/09\/11-TERMAS-PREXIGUEIRO-2-768x576.jpg 768w, https:\/\/www.galiciamaxica.eu\/mini\/wp-content\/uploads\/2022\/09\/11-TERMAS-PREXIGUEIRO-2.jpg 1600w\" sizes=\"(max-width: 1024px) 100vw, 1024px\" \/><\/a><\/figure>\n\n\n\n<p>Estamos encantados de haber colaborado con Galicia con Ni\u00f1os en esta publicaci\u00f3n, entre otras cosas porque como dice el refr\u00e1n, un viaje se vive tres veces, cuando lo piensas, cuando lo vives y cuando lo recuerdas\u2026 y volver a recordar lo bien que hemos disfrutado en Ribadavia ha sido maravilloso. Muchas gracias.<\/p>\n\n\n\n<h2 class=\"wp-block-heading\"><span class=\"ez-toc-section\" id=\"Video_de_nuestro_viaje\"><\/span>V\u00eddeo de nuestro viaje<span class=\"ez-toc-section-end\"><\/span><\/h2>\n\n\n\n<blockquote class=\"instagram-media\" data-instgrm-captioned=\"\" data-instgrm-permalink=\"https:\/\/www.instagram.com\/reel\/ChrIvDsIxrk\/?utm_source=ig_embed&amp;utm_campaign=loading\" data-instgrm-version=\"14\" style=\" background:#FFF; border:0; border-radius:3px; box-shadow:0 0 1px 0 rgba(0,0,0,0.5),0 1px 10px 0 rgba(0,0,0,0.15); margin: 1px; max-width:540px; min-width:326px; padding:0; width:99.375%; width:-webkit-calc(100% - 2px); width:calc(100% - 2px);\"><div style=\"padding:16px;\"> <a href=\"https:\/\/www.instagram.com\/reel\/ChrIvDsIxrk\/?utm_source=ig_embed&amp;utm_campaign=loading\" style=\" background:#FFFFFF; line-height:0; padding:0 0; text-align:center; text-decoration:none; width:100%;\" target=\"_blank\" rel=\"noopener\"> <div style=\" display: flex; flex-direction: row; align-items: center;\"> <div style=\"background-color: #F4F4F4; border-radius: 50%; flex-grow: 0; height: 40px; margin-right: 14px; width: 40px;\"><\/div> <div style=\"display: flex; flex-direction: column; flex-grow: 1; justify-content: center;\"> <div style=\" background-color: #F4F4F4; border-radius: 4px; flex-grow: 0; height: 14px; margin-bottom: 6px; width: 100px;\"><\/div> <div style=\" background-color: #F4F4F4; border-radius: 4px; flex-grow: 0; height: 14px; width: 60px;\"><\/div><\/div><\/div><div style=\"padding: 19% 0;\"><\/div> <div style=\"display:block; height:50px; margin:0 auto 12px; width:50px;\"><svg width=\"50px\" height=\"50px\" viewBox=\"0 0 60 60\" version=\"1.1\" xmlns=\"https:\/\/www.w3.org\/2000\/svg\" xmlns:xlink=\"https:\/\/www.w3.org\/1999\/xlink\"><g stroke=\"none\" stroke-width=\"1\" fill=\"none\" fill-rule=\"evenodd\"><g transform=\"translate(-511.000000, -20.000000)\" fill=\"#000000\"><g><path d=\"M556.869,30.41 C554.814,30.41 553.148,32.076 553.148,34.131 C553.148,36.186 554.814,37.852 556.869,37.852 C558.924,37.852 560.59,36.186 560.59,34.131 C560.59,32.076 558.924,30.41 556.869,30.41 M541,60.657 C535.114,60.657 530.342,55.887 530.342,50 C530.342,44.114 535.114,39.342 541,39.342 C546.887,39.342 551.658,44.114 551.658,50 C551.658,55.887 546.887,60.657 541,60.657 M541,33.886 C532.1,33.886 524.886,41.1 524.886,50 C524.886,58.899 532.1,66.113 541,66.113 C549.9,66.113 557.115,58.899 557.115,50 C557.115,41.1 549.9,33.886 541,33.886 M565.378,62.101 C565.244,65.022 564.756,66.606 564.346,67.663 C563.803,69.06 563.154,70.057 562.106,71.106 C561.058,72.155 560.06,72.803 558.662,73.347 C557.607,73.757 556.021,74.244 553.102,74.378 C549.944,74.521 548.997,74.552 541,74.552 C533.003,74.552 532.056,74.521 528.898,74.378 C525.979,74.244 524.393,73.757 523.338,73.347 C521.94,72.803 520.942,72.155 519.894,71.106 C518.846,70.057 518.197,69.06 517.654,67.663 C517.244,66.606 516.755,65.022 516.623,62.101 C516.479,58.943 516.448,57.996 516.448,50 C516.448,42.003 516.479,41.056 516.623,37.899 C516.755,34.978 517.244,33.391 517.654,32.338 C518.197,30.938 518.846,29.942 519.894,28.894 C520.942,27.846 521.94,27.196 523.338,26.654 C524.393,26.244 525.979,25.756 528.898,25.623 C532.057,25.479 533.004,25.448 541,25.448 C548.997,25.448 549.943,25.479 553.102,25.623 C556.021,25.756 557.607,26.244 558.662,26.654 C560.06,27.196 561.058,27.846 562.106,28.894 C563.154,29.942 563.803,30.938 564.346,32.338 C564.756,33.391 565.244,34.978 565.378,37.899 C565.522,41.056 565.552,42.003 565.552,50 C565.552,57.996 565.522,58.943 565.378,62.101 M570.82,37.631 C570.674,34.438 570.167,32.258 569.425,30.349 C568.659,28.377 567.633,26.702 565.965,25.035 C564.297,23.368 562.623,22.342 560.652,21.575 C558.743,20.834 556.562,20.326 553.369,20.18 C550.169,20.033 549.148,20 541,20 C532.853,20 531.831,20.033 528.631,20.18 C525.438,20.326 523.257,20.834 521.349,21.575 C519.376,22.342 517.703,23.368 516.035,25.035 C514.368,26.702 513.342,28.377 512.574,30.349 C511.834,32.258 511.326,34.438 511.181,37.631 C511.035,40.831 511,41.851 511,50 C511,58.147 511.035,59.17 511.181,62.369 C511.326,65.562 511.834,67.743 512.574,69.651 C513.342,71.625 514.368,73.296 516.035,74.965 C517.703,76.634 519.376,77.658 521.349,78.425 C523.257,79.167 525.438,79.673 528.631,79.82 C531.831,79.965 532.853,80.001 541,80.001 C549.148,80.001 550.169,79.965 553.369,79.82 C556.562,79.673 558.743,79.167 560.652,78.425 C562.623,77.658 564.297,76.634 565.965,74.965 C567.633,73.296 568.659,71.625 569.425,69.651 C570.167,67.743 570.674,65.562 570.82,62.369 C570.966,59.17 571,58.147 571,50 C571,41.851 570.966,40.831 570.82,37.631\"><\/path><\/g><\/g><\/g><\/svg><\/div><div style=\"padding-top: 8px;\"> <div style=\" color:#3897f0; font-family:Arial,sans-serif; font-size:14px; font-style:normal; font-weight:550; line-height:18px;\">Ver esta publicaci\u00f3n en Instagram<\/div><\/div><div style=\"padding: 12.5% 0;\"><\/div> <div style=\"display: flex; flex-direction: row; margin-bottom: 14px; align-items: center;\"><div> <div style=\"background-color: #F4F4F4; border-radius: 50%; height: 12.5px; width: 12.5px; transform: translateX(0px) translateY(7px);\"><\/div> <div style=\"background-color: #F4F4F4; height: 12.5px; transform: rotate(-45deg) translateX(3px) translateY(1px); width: 12.5px; flex-grow: 0; margin-right: 14px; margin-left: 2px;\"><\/div> <div style=\"background-color: #F4F4F4; border-radius: 50%; height: 12.5px; width: 12.5px; transform: translateX(9px) translateY(-18px);\"><\/div><\/div><div style=\"margin-left: 8px;\"> <div style=\" background-color: #F4F4F4; border-radius: 50%; flex-grow: 0; height: 20px; width: 20px;\"><\/div> <div style=\" width: 0; height: 0; border-top: 2px solid transparent; border-left: 6px solid #f4f4f4; border-bottom: 2px solid transparent; transform: translateX(16px) translateY(-4px) rotate(30deg)\"><\/div><\/div><div style=\"margin-left: auto;\"> <div style=\" width: 0px; border-top: 8px solid #F4F4F4; border-right: 8px solid transparent; transform: translateY(16px);\"><\/div> <div style=\" background-color: #F4F4F4; flex-grow: 0; height: 12px; width: 16px; transform: translateY(-4px);\"><\/div> <div style=\" width: 0; height: 0; border-top: 8px solid #F4F4F4; border-left: 8px solid transparent; transform: translateY(-4px) translateX(8px);\"><\/div><\/div><\/div> <div style=\"display: flex; flex-direction: column; flex-grow: 1; justify-content: center; margin-bottom: 24px;\"> <div style=\" background-color: #F4F4F4; border-radius: 4px; flex-grow: 0; height: 14px; margin-bottom: 6px; width: 224px;\"><\/div> <div style=\" background-color: #F4F4F4; border-radius: 4px; flex-grow: 0; height: 14px; width: 144px;\"><\/div><\/div><\/a><p style=\" color:#c9c8cd; font-family:Arial,sans-serif; font-size:14px; line-height:17px; margin-bottom:0; margin-top:8px; overflow:hidden; padding:8px 0 7px; text-align:center; text-overflow:ellipsis; white-space:nowrap;\"><a href=\"https:\/\/www.instagram.com\/reel\/ChrIvDsIxrk\/?utm_source=ig_embed&amp;utm_campaign=loading\" style=\" color:#c9c8cd; font-family:Arial,sans-serif; font-size:14px; font-style:normal; font-weight:normal; line-height:17px; text-decoration:none;\" target=\"_blank\" rel=\"noopener\">Una publicaci\u00f3n compartida de \ud83d\ude8d\ud83d\ude90 \u24cb\u24d8\u24d0\u24d9\u24d0\u24dd\u24d3\u24de \u24d2\u24de\u24dd \u24c1\u24e4\u24db\u24d0 (@anochecedondequieras)<\/a><\/p><\/div><\/blockquote> <script async=\"\" src=\"\/\/www.instagram.com\/embed.js\"><\/script>\n","protected":false},"excerpt":{"rendered":"<p>\u00a1Hola! Tenemos el honor de haber sido invitados por Mar\u00eda de Galicia con ni\u00f1os, a contaros uno de nuestros viajes, \u00a1gracias por haber pensado en nosotros y elegirnos! Pero antes\u2026 \u00a1present\u00e9monos! Somos una familia que vive en A Coru\u00f1a y que hace casi un a\u00f1o, decidimos marcar un antes y un despu\u00e9s comprando una autocaravana [&hellip;]<\/p>\n","protected":false},"author":1,"featured_media":20058,"comment_status":"open","ping_status":"closed","sticky":false,"template":"","format":"standard","meta":{"_eb_attr":"","site-sidebar-layout":"default","site-content-layout":"","ast-site-content-layout":"","site-content-style":"default","site-sidebar-style":"default","ast-global-header-display":"","ast-banner-title-visibility":"","ast-main-header-display":"","ast-hfb-above-header-display":"","ast-hfb-below-header-display":"","ast-hfb-mobile-header-display":"","site-post-title":"","ast-breadcrumbs-content":"","ast-featured-img":"","footer-sml-layout":"","theme-transparent-header-meta":"","adv-header-id-meta":"","stick-header-meta":"","header-above-stick-meta":"","header-main-stick-meta":"","header-below-stick-meta":"","astra-migrate-meta-layouts":"default","ast-page-background-enabled":"default","ast-page-background-meta":{"desktop":{"background-color":"","background-image":"","background-repeat":"repeat","background-position":"center center","background-size":"auto","background-attachment":"scroll","background-type":"","background-media":"","overlay-type":"","overlay-color":"","overlay-opacity":"","overlay-gradient":""},"tablet":{"background-color":"","background-image":"","background-repeat":"repeat","background-position":"center center","background-size":"auto","background-attachment":"scroll","background-type":"","background-media":"","overlay-type":"","overlay-color":"","overlay-opacity":"","overlay-gradient":""},"mobile":{"background-color":"","background-image":"","background-repeat":"repeat","background-position":"center center","background-size":"auto","background-attachment":"scroll","background-type":"","background-media":"","overlay-type":"","overlay-color":"","overlay-opacity":"","overlay-gradient":""}},"ast-content-background-meta":{"desktop":{"background-color":"var(--ast-global-color-5)","background-image":"","background-repeat":"repeat","background-position":"center center","background-size":"auto","background-attachment":"scroll","background-type":"","background-media":"","overlay-type":"","overlay-color":"","overlay-opacity":"","overlay-gradient":""},"tablet":{"background-color":"var(--ast-global-color-5)","background-image":"","background-repeat":"repeat","background-position":"center center","background-size":"auto","background-attachment":"scroll","background-type":"","background-media":"","overlay-type":"","overlay-color":"","overlay-opacity":"","overlay-gradient":""},"mobile":{"background-color":"var(--ast-global-color-5)","background-image":"","background-repeat":"repeat","background-position":"center center","background-size":"auto","background-attachment":"scroll","background-type":"","background-media":"","overlay-type":"","overlay-color":"","overlay-opacity":"","overlay-gradient":""}},"footnotes":""},"categories":[1215,1216,51],"tags":[25,3],"class_list":["post-20032","post","type-post","status-publish","format-standard","has-post-thumbnail","hentry","category-anochecedondequieras","category-autocaravana","category-ourense","tag-galicia","tag-viajes"],"yoast_head":"<!-- This site is optimized with the Yoast SEO plugin v24.9 - https:\/\/yoast.com\/wordpress\/plugins\/seo\/ -->\n<title>Ribadavia. A Orillas del R\u00edo Avia - Galicia con ni\u00f1os | GALICIA M\u00c1XICA<\/title>\n<meta name=\"description\" content=\"Ribadavia cuenta con \u00e1rea de autocaravanas en el centro del pueblo, perfecta con muchas plazas, sombra en todas ellas y todos los servicios.\" \/>\n<meta name=\"robots\" content=\"index, follow, max-snippet:-1, max-image-preview:large, max-video-preview:-1\" \/>\n<link rel=\"canonical\" href=\"https:\/\/www.galiciamaxica.eu\/mini\/ribadavia-a-orillas-del-rio-avia\/\" \/>\n<meta property=\"og:locale\" content=\"es_ES\" \/>\n<meta property=\"og:type\" content=\"article\" \/>\n<meta property=\"og:title\" content=\"Ribadavia. A Orillas del R\u00edo Avia - Galicia con ni\u00f1os | GALICIA M\u00c1XICA\" \/>\n<meta property=\"og:description\" content=\"Ribadavia cuenta con \u00e1rea de autocaravanas en el centro del pueblo, perfecta con muchas plazas, sombra en todas ellas y todos los servicios.\" \/>\n<meta property=\"og:url\" content=\"https:\/\/www.galiciamaxica.eu\/mini\/ribadavia-a-orillas-del-rio-avia\/\" \/>\n<meta property=\"og:site_name\" content=\"Galicia con ni\u00f1os | GALICIA M\u00c1XICA\" \/>\n<meta property=\"article:publisher\" content=\"https:\/\/www.facebook.com\/maria.rodriguezserantes\" \/>\n<meta property=\"article:author\" content=\"https:\/\/www.facebook.com\/maria.rodriguezserantes\" \/>\n<meta property=\"article:published_time\" content=\"2022-09-14T09:33:09+00:00\" \/>\n<meta property=\"article:modified_time\" content=\"2022-10-17T09:53:22+00:00\" \/>\n<meta property=\"og:image\" content=\"https:\/\/www.galiciamaxica.eu\/mini\/wp-content\/uploads\/2022\/09\/ribadavia-termas.jpg\" \/>\n\t<meta property=\"og:image:width\" content=\"757\" \/>\n\t<meta property=\"og:image:height\" content=\"757\" \/>\n\t<meta property=\"og:image:type\" content=\"image\/jpeg\" \/>\n<meta name=\"author\" content=\"seseixa\" \/>\n<meta name=\"twitter:card\" content=\"summary_large_image\" \/>\n<meta name=\"twitter:creator\" content=\"@seseixa\" \/>\n<meta name=\"twitter:site\" content=\"@seseixa\" \/>\n<meta name=\"twitter:label1\" content=\"Escrito por\" \/>\n\t<meta name=\"twitter:data1\" content=\"seseixa\" \/>\n\t<meta name=\"twitter:label2\" content=\"Tiempo de lectura\" \/>\n\t<meta name=\"twitter:data2\" content=\"12 minutos\" \/>\n<script type=\"application\/ld+json\" class=\"yoast-schema-graph\">{\"@context\":\"https:\/\/schema.org\",\"@graph\":[{\"@type\":\"Article\",\"@id\":\"https:\/\/www.galiciamaxica.eu\/mini\/ribadavia-a-orillas-del-rio-avia\/#article\",\"isPartOf\":{\"@id\":\"https:\/\/www.galiciamaxica.eu\/mini\/ribadavia-a-orillas-del-rio-avia\/\"},\"author\":{\"name\":\"seseixa\",\"@id\":\"https:\/\/www.galiciamaxica.eu\/mini\/#\/schema\/person\/2b284fe2fd911000a48d2e8936300179\"},\"headline\":\"Ribadavia. A Orillas del R\u00edo Avia\",\"datePublished\":\"2022-09-14T09:33:09+00:00\",\"dateModified\":\"2022-10-17T09:53:22+00:00\",\"mainEntityOfPage\":{\"@id\":\"https:\/\/www.galiciamaxica.eu\/mini\/ribadavia-a-orillas-del-rio-avia\/\"},\"wordCount\":1549,\"commentCount\":0,\"publisher\":{\"@id\":\"https:\/\/www.galiciamaxica.eu\/mini\/#\/schema\/person\/2b284fe2fd911000a48d2e8936300179\"},\"image\":{\"@id\":\"https:\/\/www.galiciamaxica.eu\/mini\/ribadavia-a-orillas-del-rio-avia\/#primaryimage\"},\"thumbnailUrl\":\"https:\/\/www.galiciamaxica.eu\/mini\/wp-content\/uploads\/2022\/09\/ribadavia-termas.jpg\",\"keywords\":[\"Galicia\",\"viajes\"],\"articleSection\":[\"anochecedondequieras\",\"autocaravana\",\"OURENSE\"],\"inLanguage\":\"es\",\"potentialAction\":[{\"@type\":\"CommentAction\",\"name\":\"Comment\",\"target\":[\"https:\/\/www.galiciamaxica.eu\/mini\/ribadavia-a-orillas-del-rio-avia\/#respond\"]}]},{\"@type\":\"WebPage\",\"@id\":\"https:\/\/www.galiciamaxica.eu\/mini\/ribadavia-a-orillas-del-rio-avia\/\",\"url\":\"https:\/\/www.galiciamaxica.eu\/mini\/ribadavia-a-orillas-del-rio-avia\/\",\"name\":\"Ribadavia. A Orillas del R\u00edo Avia - Galicia con ni\u00f1os | GALICIA M\u00c1XICA\",\"isPartOf\":{\"@id\":\"https:\/\/www.galiciamaxica.eu\/mini\/#website\"},\"primaryImageOfPage\":{\"@id\":\"https:\/\/www.galiciamaxica.eu\/mini\/ribadavia-a-orillas-del-rio-avia\/#primaryimage\"},\"image\":{\"@id\":\"https:\/\/www.galiciamaxica.eu\/mini\/ribadavia-a-orillas-del-rio-avia\/#primaryimage\"},\"thumbnailUrl\":\"https:\/\/www.galiciamaxica.eu\/mini\/wp-content\/uploads\/2022\/09\/ribadavia-termas.jpg\",\"datePublished\":\"2022-09-14T09:33:09+00:00\",\"dateModified\":\"2022-10-17T09:53:22+00:00\",\"description\":\"Ribadavia cuenta con \u00e1rea de autocaravanas en el centro del pueblo, perfecta con muchas plazas, sombra en todas ellas y todos los servicios.\",\"breadcrumb\":{\"@id\":\"https:\/\/www.galiciamaxica.eu\/mini\/ribadavia-a-orillas-del-rio-avia\/#breadcrumb\"},\"inLanguage\":\"es\",\"potentialAction\":[{\"@type\":\"ReadAction\",\"target\":[\"https:\/\/www.galiciamaxica.eu\/mini\/ribadavia-a-orillas-del-rio-avia\/\"]}]},{\"@type\":\"ImageObject\",\"inLanguage\":\"es\",\"@id\":\"https:\/\/www.galiciamaxica.eu\/mini\/ribadavia-a-orillas-del-rio-avia\/#primaryimage\",\"url\":\"https:\/\/www.galiciamaxica.eu\/mini\/wp-content\/uploads\/2022\/09\/ribadavia-termas.jpg\",\"contentUrl\":\"https:\/\/www.galiciamaxica.eu\/mini\/wp-content\/uploads\/2022\/09\/ribadavia-termas.jpg\",\"width\":757,\"height\":757,\"caption\":\"ribadavia\"},{\"@type\":\"BreadcrumbList\",\"@id\":\"https:\/\/www.galiciamaxica.eu\/mini\/ribadavia-a-orillas-del-rio-avia\/#breadcrumb\",\"itemListElement\":[{\"@type\":\"ListItem\",\"position\":1,\"name\":\"Portada\",\"item\":\"https:\/\/www.galiciamaxica.eu\/mini\/\"},{\"@type\":\"ListItem\",\"position\":2,\"name\":\"Ribadavia. A Orillas del R\u00edo Avia\"}]},{\"@type\":\"WebSite\",\"@id\":\"https:\/\/www.galiciamaxica.eu\/mini\/#website\",\"url\":\"https:\/\/www.galiciamaxica.eu\/mini\/\",\"name\":\"Galicia con ni\u00f1os | GALICIA M\u00c1XICA\",\"description\":\"Qu\u00e9 hacer con ni\u00f1os en Galicia\",\"publisher\":{\"@id\":\"https:\/\/www.galiciamaxica.eu\/mini\/#\/schema\/person\/2b284fe2fd911000a48d2e8936300179\"},\"potentialAction\":[{\"@type\":\"SearchAction\",\"target\":{\"@type\":\"EntryPoint\",\"urlTemplate\":\"https:\/\/www.galiciamaxica.eu\/mini\/?s={search_term_string}\"},\"query-input\":{\"@type\":\"PropertyValueSpecification\",\"valueRequired\":true,\"valueName\":\"search_term_string\"}}],\"inLanguage\":\"es\"},{\"@type\":[\"Person\",\"Organization\"],\"@id\":\"https:\/\/www.galiciamaxica.eu\/mini\/#\/schema\/person\/2b284fe2fd911000a48d2e8936300179\",\"name\":\"seseixa\",\"image\":{\"@type\":\"ImageObject\",\"inLanguage\":\"es\",\"@id\":\"https:\/\/www.galiciamaxica.eu\/mini\/#\/schema\/person\/image\/\",\"url\":\"https:\/\/www.galiciamaxica.eu\/mini\/wp-content\/uploads\/2019\/02\/seseixa.png\",\"contentUrl\":\"https:\/\/www.galiciamaxica.eu\/mini\/wp-content\/uploads\/2019\/02\/seseixa.png\",\"width\":100,\"height\":100,\"caption\":\"seseixa\"},\"logo\":{\"@id\":\"https:\/\/www.galiciamaxica.eu\/mini\/#\/schema\/person\/image\/\"},\"description\":\"En la actualidad combinando dos proyectos que me apasionan, Galicia y los ni\u00f1os. Tengo mucho que aportar y otro tanto que aprender, as\u00ed como, el tiempo y el coraz\u00f3n, dividido en todo momento. Soy mam\u00e1, un titulo otorgado a tiempo completo, compa\u00f1era y amiga, a todas horas, familiar y cercana, siempre. De esp\u00edritu inquieto, soy una eterna ni\u00f1a que juega en el pa\u00eds de las maravillas. Una enamorada de mi tierra, por la que trabajo sin descanso. Creo en la infancia como motor que cambiar\u00e1 el mundo a mejor y busco en mi vida la felicidad como estado permanente porque s\u00f3lo se vive una vez.\",\"sameAs\":[\"http:\/\/mini.galiciamaxica.eu\/\",\"https:\/\/www.facebook.com\/maria.rodriguezserantes\",\"https:\/\/x.com\/seseixa\"],\"url\":\"https:\/\/www.galiciamaxica.eu\/mini\/author\/seseixa\/\"}]}<\/script>\n<!-- \/ Yoast SEO plugin. -->","yoast_head_json":{"title":"Ribadavia. A Orillas del R\u00edo Avia - Galicia con ni\u00f1os | GALICIA M\u00c1XICA","description":"Ribadavia cuenta con \u00e1rea de autocaravanas en el centro del pueblo, perfecta con muchas plazas, sombra en todas ellas y todos los servicios.","robots":{"index":"index","follow":"follow","max-snippet":"max-snippet:-1","max-image-preview":"max-image-preview:large","max-video-preview":"max-video-preview:-1"},"canonical":"https:\/\/www.galiciamaxica.eu\/mini\/ribadavia-a-orillas-del-rio-avia\/","og_locale":"es_ES","og_type":"article","og_title":"Ribadavia. A Orillas del R\u00edo Avia - Galicia con ni\u00f1os | GALICIA M\u00c1XICA","og_description":"Ribadavia cuenta con \u00e1rea de autocaravanas en el centro del pueblo, perfecta con muchas plazas, sombra en todas ellas y todos los servicios.","og_url":"https:\/\/www.galiciamaxica.eu\/mini\/ribadavia-a-orillas-del-rio-avia\/","og_site_name":"Galicia con ni\u00f1os | GALICIA M\u00c1XICA","article_publisher":"https:\/\/www.facebook.com\/maria.rodriguezserantes","article_author":"https:\/\/www.facebook.com\/maria.rodriguezserantes","article_published_time":"2022-09-14T09:33:09+00:00","article_modified_time":"2022-10-17T09:53:22+00:00","og_image":[{"width":757,"height":757,"url":"https:\/\/www.galiciamaxica.eu\/mini\/wp-content\/uploads\/2022\/09\/ribadavia-termas.jpg","type":"image\/jpeg"}],"author":"seseixa","twitter_card":"summary_large_image","twitter_creator":"@seseixa","twitter_site":"@seseixa","twitter_misc":{"Escrito por":"seseixa","Tiempo de lectura":"12 minutos"},"schema":{"@context":"https:\/\/schema.org","@graph":[{"@type":"Article","@id":"https:\/\/www.galiciamaxica.eu\/mini\/ribadavia-a-orillas-del-rio-avia\/#article","isPartOf":{"@id":"https:\/\/www.galiciamaxica.eu\/mini\/ribadavia-a-orillas-del-rio-avia\/"},"author":{"name":"seseixa","@id":"https:\/\/www.galiciamaxica.eu\/mini\/#\/schema\/person\/2b284fe2fd911000a48d2e8936300179"},"headline":"Ribadavia. A Orillas del R\u00edo Avia","datePublished":"2022-09-14T09:33:09+00:00","dateModified":"2022-10-17T09:53:22+00:00","mainEntityOfPage":{"@id":"https:\/\/www.galiciamaxica.eu\/mini\/ribadavia-a-orillas-del-rio-avia\/"},"wordCount":1549,"commentCount":0,"publisher":{"@id":"https:\/\/www.galiciamaxica.eu\/mini\/#\/schema\/person\/2b284fe2fd911000a48d2e8936300179"},"image":{"@id":"https:\/\/www.galiciamaxica.eu\/mini\/ribadavia-a-orillas-del-rio-avia\/#primaryimage"},"thumbnailUrl":"https:\/\/www.galiciamaxica.eu\/mini\/wp-content\/uploads\/2022\/09\/ribadavia-termas.jpg","keywords":["Galicia","viajes"],"articleSection":["anochecedondequieras","autocaravana","OURENSE"],"inLanguage":"es","potentialAction":[{"@type":"CommentAction","name":"Comment","target":["https:\/\/www.galiciamaxica.eu\/mini\/ribadavia-a-orillas-del-rio-avia\/#respond"]}]},{"@type":"WebPage","@id":"https:\/\/www.galiciamaxica.eu\/mini\/ribadavia-a-orillas-del-rio-avia\/","url":"https:\/\/www.galiciamaxica.eu\/mini\/ribadavia-a-orillas-del-rio-avia\/","name":"Ribadavia. A Orillas del R\u00edo Avia - Galicia con ni\u00f1os | GALICIA M\u00c1XICA","isPartOf":{"@id":"https:\/\/www.galiciamaxica.eu\/mini\/#website"},"primaryImageOfPage":{"@id":"https:\/\/www.galiciamaxica.eu\/mini\/ribadavia-a-orillas-del-rio-avia\/#primaryimage"},"image":{"@id":"https:\/\/www.galiciamaxica.eu\/mini\/ribadavia-a-orillas-del-rio-avia\/#primaryimage"},"thumbnailUrl":"https:\/\/www.galiciamaxica.eu\/mini\/wp-content\/uploads\/2022\/09\/ribadavia-termas.jpg","datePublished":"2022-09-14T09:33:09+00:00","dateModified":"2022-10-17T09:53:22+00:00","description":"Ribadavia cuenta con \u00e1rea de autocaravanas en el centro del pueblo, perfecta con muchas plazas, sombra en todas ellas y todos los servicios.","breadcrumb":{"@id":"https:\/\/www.galiciamaxica.eu\/mini\/ribadavia-a-orillas-del-rio-avia\/#breadcrumb"},"inLanguage":"es","potentialAction":[{"@type":"ReadAction","target":["https:\/\/www.galiciamaxica.eu\/mini\/ribadavia-a-orillas-del-rio-avia\/"]}]},{"@type":"ImageObject","inLanguage":"es","@id":"https:\/\/www.galiciamaxica.eu\/mini\/ribadavia-a-orillas-del-rio-avia\/#primaryimage","url":"https:\/\/www.galiciamaxica.eu\/mini\/wp-content\/uploads\/2022\/09\/ribadavia-termas.jpg","contentUrl":"https:\/\/www.galiciamaxica.eu\/mini\/wp-content\/uploads\/2022\/09\/ribadavia-termas.jpg","width":757,"height":757,"caption":"ribadavia"},{"@type":"BreadcrumbList","@id":"https:\/\/www.galiciamaxica.eu\/mini\/ribadavia-a-orillas-del-rio-avia\/#breadcrumb","itemListElement":[{"@type":"ListItem","position":1,"name":"Portada","item":"https:\/\/www.galiciamaxica.eu\/mini\/"},{"@type":"ListItem","position":2,"name":"Ribadavia. A Orillas del R\u00edo Avia"}]},{"@type":"WebSite","@id":"https:\/\/www.galiciamaxica.eu\/mini\/#website","url":"https:\/\/www.galiciamaxica.eu\/mini\/","name":"Galicia con ni\u00f1os | GALICIA M\u00c1XICA","description":"Qu\u00e9 hacer con ni\u00f1os en Galicia","publisher":{"@id":"https:\/\/www.galiciamaxica.eu\/mini\/#\/schema\/person\/2b284fe2fd911000a48d2e8936300179"},"potentialAction":[{"@type":"SearchAction","target":{"@type":"EntryPoint","urlTemplate":"https:\/\/www.galiciamaxica.eu\/mini\/?s={search_term_string}"},"query-input":{"@type":"PropertyValueSpecification","valueRequired":true,"valueName":"search_term_string"}}],"inLanguage":"es"},{"@type":["Person","Organization"],"@id":"https:\/\/www.galiciamaxica.eu\/mini\/#\/schema\/person\/2b284fe2fd911000a48d2e8936300179","name":"seseixa","image":{"@type":"ImageObject","inLanguage":"es","@id":"https:\/\/www.galiciamaxica.eu\/mini\/#\/schema\/person\/image\/","url":"https:\/\/www.galiciamaxica.eu\/mini\/wp-content\/uploads\/2019\/02\/seseixa.png","contentUrl":"https:\/\/www.galiciamaxica.eu\/mini\/wp-content\/uploads\/2019\/02\/seseixa.png","width":100,"height":100,"caption":"seseixa"},"logo":{"@id":"https:\/\/www.galiciamaxica.eu\/mini\/#\/schema\/person\/image\/"},"description":"En la actualidad combinando dos proyectos que me apasionan, Galicia y los ni\u00f1os. Tengo mucho que aportar y otro tanto que aprender, as\u00ed como, el tiempo y el coraz\u00f3n, dividido en todo momento. Soy mam\u00e1, un titulo otorgado a tiempo completo, compa\u00f1era y amiga, a todas horas, familiar y cercana, siempre. De esp\u00edritu inquieto, soy una eterna ni\u00f1a que juega en el pa\u00eds de las maravillas. Una enamorada de mi tierra, por la que trabajo sin descanso. Creo en la infancia como motor que cambiar\u00e1 el mundo a mejor y busco en mi vida la felicidad como estado permanente porque s\u00f3lo se vive una vez.","sameAs":["http:\/\/mini.galiciamaxica.eu\/","https:\/\/www.facebook.com\/maria.rodriguezserantes","https:\/\/x.com\/seseixa"],"url":"https:\/\/www.galiciamaxica.eu\/mini\/author\/seseixa\/"}]}},"amp_enabled":true,"post_mailing_queue_ids":[],"_links":{"self":[{"href":"https:\/\/www.galiciamaxica.eu\/mini\/wp-json\/wp\/v2\/posts\/20032"}],"collection":[{"href":"https:\/\/www.galiciamaxica.eu\/mini\/wp-json\/wp\/v2\/posts"}],"about":[{"href":"https:\/\/www.galiciamaxica.eu\/mini\/wp-json\/wp\/v2\/types\/post"}],"author":[{"embeddable":true,"href":"https:\/\/www.galiciamaxica.eu\/mini\/wp-json\/wp\/v2\/users\/1"}],"replies":[{"embeddable":true,"href":"https:\/\/www.galiciamaxica.eu\/mini\/wp-json\/wp\/v2\/comments?post=20032"}],"version-history":[{"count":7,"href":"https:\/\/www.galiciamaxica.eu\/mini\/wp-json\/wp\/v2\/posts\/20032\/revisions"}],"predecessor-version":[{"id":20367,"href":"https:\/\/www.galiciamaxica.eu\/mini\/wp-json\/wp\/v2\/posts\/20032\/revisions\/20367"}],"wp:featuredmedia":[{"embeddable":true,"href":"https:\/\/www.galiciamaxica.eu\/mini\/wp-json\/wp\/v2\/media\/20058"}],"wp:attachment":[{"href":"https:\/\/www.galiciamaxica.eu\/mini\/wp-json\/wp\/v2\/media?parent=20032"}],"wp:term":[{"taxonomy":"category","embeddable":true,"href":"https:\/\/www.galiciamaxica.eu\/mini\/wp-json\/wp\/v2\/categories?post=20032"},{"taxonomy":"post_tag","embeddable":true,"href":"https:\/\/www.galiciamaxica.eu\/mini\/wp-json\/wp\/v2\/tags?post=20032"}],"curies":[{"name":"wp","href":"https:\/\/api.w.org\/{rel}","templated":true}]}}