{"id":19956,"date":"2022-09-07T18:27:37","date_gmt":"2022-09-07T16:27:37","guid":{"rendered":"https:\/\/www.galiciamaxica.eu\/mini\/?p=19956"},"modified":"2022-09-07T19:21:00","modified_gmt":"2022-09-07T17:21:00","slug":"ruta-por-las-pasarelas-y-las-fervenzas-de-raxoi-y-parafita","status":"publish","type":"post","link":"https:\/\/www.galiciamaxica.eu\/mini\/ruta-por-las-pasarelas-y-las-fervenzas-de-raxoi-y-parafita\/","title":{"rendered":"Ruta por las pasarelas y las fervenzas de Raxoi y Parafita."},"content":{"rendered":"\n<p>Uno de los lugares al que siempre nos gusta regresar est\u00e1 en Valga \ud83d\ude0d es la ruta por las<a href=\"https:\/\/www.galiciamaxica.eu\/galicia\/pontevedra\/fervenzas_de_parafita\/\"> pasarelas y las fervenzas de Raxoi y Parafita.<\/a> Es sin dudarlo, uno de los lugares m\u00e1s m\u00e1gicos de Galicia.<\/p>\n\n\n\n<p>Hoy vamos a visitar la naturaleza m\u00e1s verde r\u00edo, y a\u00fan tendremos tiempo para descubrir el mejor patrimonio. Vamos a seguir los pasos del r\u00edo Valga. <\/p>\n\n\n\n<blockquote class=\"tiktok-embed\" cite=\"https:\/\/www.tiktok.com\/@galiciamaxica\/video\/7035349911281356037\" data-video-id=\"7035349911281356037\" style=\"max-width: 605px;min-width: 325px;\" > <section> <a target=\"_blank\" title=\"@galiciamaxica\" href=\"https:\/\/www.tiktok.com\/@galiciamaxica?refer=embed\" rel=\"noopener\">@galiciamaxica<\/a> Uno de los lugares al que siempre nos gusta regresar est\u00e1 en Valga \ud83d\ude0d es la ruta por las pasarelas y las fervenzas de Raxoi y Parafita <a title=\"galiciam\u00e1xica\" target=\"_blank\" href=\"https:\/\/www.tiktok.com\/tag\/galiciam%C3%A1xica?refer=embed\" rel=\"noopener\">#galiciam\u00e1xica<\/a> <a target=\"_blank\" title=\"\u266c Angelis - Elbosco\" href=\"https:\/\/www.tiktok.com\/music\/Angelis-6704968809758853122?refer=embed\" rel=\"noopener\">\u266c Angelis &#8211; Elbosco<\/a> <\/section> <\/blockquote> <script async src=\"https:\/\/www.tiktok.com\/embed.js\"><\/script>\n\n\n\n<h2 class=\"wp-block-heading\">Qu\u00e9 visitaremos en Valga<\/h2>\n\n\n\n<p>La<strong> ruta hasta las fervenzas <\/strong>no tiene mucho m\u00e1s de<strong> 1,5 kil\u00f3metros de recorrido<\/strong> por un lugar casi sacado de cuento. Esta mini ruta es el inicio de un\u00a0<a href=\"https:\/\/es.wikiloc.com\/rutas-senderismo\/muinos-de-parafita-e-fervenza-de-ruxidoira-valga-05-05-2018-rutas-a-pie-24694289\">recorrido<\/a>\u00a0mucho m\u00e1s largo de aproximadamente 11 kil\u00f3metros.<\/p>\n\n\n\n<p>En todas las \u00e9pocas esta ruta luce esplendorosa ya que la humedad hace que siempre tenga esos verdes fant\u00e1sticos que enamoran. <\/p>\n\n\n\n<figure class=\"wp-block-image size-large\"><img decoding=\"async\" src=\"https:\/\/www.galiciamaxica.eu\/wp-content\/uploads\/2016\/03\/Os-Martores-26-1024x682.jpg\" alt=\"\"\/><\/figure>\n\n\n\n<p>El r\u00edo Valga nace en los Montes Xesteiras y se dirige  hacia la tierra que le dio el nombre. Pasa a los pies de<strong><a href=\"https:\/\/www.galiciamaxica.eu\/galicia\/pontevedra\/comarca-de-caldas\/valga\/martores\/\"> A Capela dos M\u00e1rtores<\/a><\/strong> para luego adentrarse en un estrecho valle que se ha encargado de esculpir con su fuerza temporal el entorno. <\/p>\n\n\n\n<h3 class=\"wp-block-heading\">Capela dos Martores (Martires) <\/h3>\n\n\n\n<p>La denominada Capela dos Martores (M\u00e1rtires) es una capilla de<strong> origen paleocristiana<\/strong> que os recomiendo visitar antes o despu\u00e9s de la ruta. <\/p>\n\n\n\n<h4 class=\"wp-block-heading\">Prisciliano<\/h4>\n\n\n\n<p>Hay una fuerte es la creencia de que aqu\u00ed es donde fue enterrado el <a href=\"https:\/\/www.atlantico.net\/articulo\/vigo\/prisciliano-martir-valga\/20210820025145859297.html\" rel=\"nofollow\">obispo Prisciliano<\/a> y no en Santiago.<\/p>\n\n\n\n<div class=\"wp-block-image\"><figure class=\"aligncenter size-large\"><img decoding=\"async\" src=\"https:\/\/www.galiciamaxica.eu\/wp-content\/uploads\/2016\/03\/Os-Martores-22-1024x682.jpg\" alt=\"\"\/><\/figure><\/div>\n\n\n\n<figure class=\"wp-block-embed is-type-wp-embed is-provider-galicia-maxica-turismo wp-block-embed-galicia-maxica-turismo\">\n<blockquote class=\"wp-embedded-content\" data-secret=\"P5big8Haz3\"><a href=\"https:\/\/www.galiciamaxica.eu\/galicia\/pontevedra\/comarca-de-caldas\/valga\/martores\/\">Capela dos Martores o de San Mamede<\/a><\/blockquote><iframe class=\"wp-embedded-content\" sandbox=\"allow-scripts\" security=\"restricted\" style=\"position: absolute; visibility: hidden;\" title=\"\u00abCapela dos Martores o de San Mamede\u00bb \u2014 Galicia M\u00e1xica | Algo m\u00e1s que ver en Galicia\" src=\"https:\/\/www.galiciamaxica.eu\/galicia\/pontevedra\/comarca-de-caldas\/valga\/martores\/embed\/#?secret=irGv4G2CIq#?secret=P5big8Haz3\" data-secret=\"P5big8Haz3\" width=\"500\" height=\"282\" frameborder=\"0\" marginwidth=\"0\" marginheight=\"0\" scrolling=\"no\"><\/iframe>\n<\/figure>\n\n\n\n<h4 class=\"wp-block-heading\">Localizaci\u00f3n<\/h4>\n\n\n\n<iframe src=\"https:\/\/www.google.com\/maps\/embed?pb=!1m14!1m8!1m3!1d5781.318672659952!2d-8.615528!3d42.68966700000001!3m2!1i1024!2i768!4f13.1!3m3!1m2!1s0xd2f0f33dce54373%3A0xf6d3398ca628eed4!2sCapela%20dos%20Martores!5e1!3m2!1ses!2sus!4v1662566386883!5m2!1ses!2sus\" width=\"600\" height=\"450\" style=\"border:0;\" allowfullscreen=\"\" loading=\"lazy\" referrerpolicy=\"no-referrer-when-downgrade\"><\/iframe>\n\n\n\n<h3 class=\"wp-block-heading\">Ruta por las pasarelas y las fervenzas de Raxoi y Parafita.<\/h3>\n\n\n\n<p>Hay lugares a los que la lluvia, les sienta muy bien. <\/p>\n\n\n\n<div class=\"wp-block-image\"><figure class=\"aligncenter size-large\"><a href=\"https:\/\/www.galiciamaxica.eu\/mini\/wp-content\/uploads\/2022\/09\/valga-10.jpg\"><img fetchpriority=\"high\" decoding=\"async\" width=\"1024\" height=\"768\" src=\"https:\/\/www.galiciamaxica.eu\/mini\/wp-content\/uploads\/2022\/09\/valga-10-1024x768.jpg\" alt=\"Valga\" class=\"wp-image-19967\" srcset=\"https:\/\/www.galiciamaxica.eu\/mini\/wp-content\/uploads\/2022\/09\/valga-10-1024x768.jpg 1024w, https:\/\/www.galiciamaxica.eu\/mini\/wp-content\/uploads\/2022\/09\/valga-10-300x225.jpg 300w, https:\/\/www.galiciamaxica.eu\/mini\/wp-content\/uploads\/2022\/09\/valga-10-768x576.jpg 768w, https:\/\/www.galiciamaxica.eu\/mini\/wp-content\/uploads\/2022\/09\/valga-10.jpg 1200w\" sizes=\"(max-width: 1024px) 100vw, 1024px\" \/><\/a><\/figure><\/div>\n\n\n\n<p>Hay los que opinan que la naturaleza no debe ser tocada y si se hace, debe ser de manera poco intrusiva, respetando su esencia. <\/p>\n\n\n\n<figure class=\"wp-block-image size-large\"><a href=\"https:\/\/www.galiciamaxica.eu\/mini\/wp-content\/uploads\/2022\/09\/valga-12.jpg\"><img decoding=\"async\" width=\"768\" height=\"1024\" src=\"https:\/\/www.galiciamaxica.eu\/mini\/wp-content\/uploads\/2022\/09\/valga-12-768x1024.jpg\" alt=\"Valga\" class=\"wp-image-19969\" srcset=\"https:\/\/www.galiciamaxica.eu\/mini\/wp-content\/uploads\/2022\/09\/valga-12-768x1024.jpg 768w, https:\/\/www.galiciamaxica.eu\/mini\/wp-content\/uploads\/2022\/09\/valga-12-225x300.jpg 225w, https:\/\/www.galiciamaxica.eu\/mini\/wp-content\/uploads\/2022\/09\/valga-12.jpg 1200w\" sizes=\"(max-width: 768px) 100vw, 768px\" \/><\/a><\/figure>\n\n\n\n<p>No os voy a decir que soy una defensora de las pasarelas de madera porque mentir\u00eda, pero tras a\u00f1os viendo diferentes actuaciones en el medio ambiente, entiendo que es una manera de pautar los pasos de un turismo que a veces se salta las normas a la torera. <\/p>\n\n\n\n<figure class=\"wp-block-image size-large\"><a href=\"https:\/\/www.galiciamaxica.eu\/mini\/wp-content\/uploads\/2022\/09\/valga-8.jpg\"><img decoding=\"async\" width=\"769\" height=\"1024\" src=\"https:\/\/www.galiciamaxica.eu\/mini\/wp-content\/uploads\/2022\/09\/valga-8-769x1024.jpg\" alt=\"Valga\" class=\"wp-image-19965\" srcset=\"https:\/\/www.galiciamaxica.eu\/mini\/wp-content\/uploads\/2022\/09\/valga-8-769x1024.jpg 769w, https:\/\/www.galiciamaxica.eu\/mini\/wp-content\/uploads\/2022\/09\/valga-8-225x300.jpg 225w, https:\/\/www.galiciamaxica.eu\/mini\/wp-content\/uploads\/2022\/09\/valga-8-768x1022.jpg 768w, https:\/\/www.galiciamaxica.eu\/mini\/wp-content\/uploads\/2022\/09\/valga-8.jpg 1200w\" sizes=\"(max-width: 769px) 100vw, 769px\" \/><\/a><\/figure>\n\n\n\n<p>Es sin dudarlo una de las mejores maneras de evitar el atentado sobre lo natural, no hablo solo de llenarlo todo de basura, hablo de pisotear especies protegidas, no respetar la tranquilidad de la fauna&#8230;en fin, los que nos movemos por la naturaleza sabemos bien a lo que me refiero.<\/p>\n\n\n\n<div class=\"wp-block-image\"><figure class=\"aligncenter size-large\"><a href=\"https:\/\/www.galiciamaxica.eu\/mini\/wp-content\/uploads\/2022\/09\/valga-14.jpg\"><img loading=\"lazy\" decoding=\"async\" width=\"768\" height=\"1024\" src=\"https:\/\/www.galiciamaxica.eu\/mini\/wp-content\/uploads\/2022\/09\/valga-14-768x1024.jpg\" alt=\"Valga\" class=\"wp-image-19971\" srcset=\"https:\/\/www.galiciamaxica.eu\/mini\/wp-content\/uploads\/2022\/09\/valga-14-768x1024.jpg 768w, https:\/\/www.galiciamaxica.eu\/mini\/wp-content\/uploads\/2022\/09\/valga-14-225x300.jpg 225w, https:\/\/www.galiciamaxica.eu\/mini\/wp-content\/uploads\/2022\/09\/valga-14.jpg 1200w\" sizes=\"(max-width: 768px) 100vw, 768px\" \/><\/a><\/figure><\/div>\n\n\n\n<p>Repito lo que me lleva a defender este tipo de actuaciones tan propias y extendidas en otras partes del mundo es porque<em><strong> \u00abCon el recorrido por pasarelas es dif\u00edcil que se salgan del camino, impide que la fauna y flora se vea da\u00f1ada\u00bb. <\/strong><\/em><\/p>\n\n\n\n<figure class=\"wp-block-image size-large\"><a href=\"https:\/\/www.galiciamaxica.eu\/mini\/wp-content\/uploads\/2022\/09\/valga-3.jpg\"><img loading=\"lazy\" decoding=\"async\" width=\"768\" height=\"1024\" src=\"https:\/\/www.galiciamaxica.eu\/mini\/wp-content\/uploads\/2022\/09\/valga-3-768x1024.jpg\" alt=\"valga\" class=\"wp-image-19960\" srcset=\"https:\/\/www.galiciamaxica.eu\/mini\/wp-content\/uploads\/2022\/09\/valga-3-768x1024.jpg 768w, https:\/\/www.galiciamaxica.eu\/mini\/wp-content\/uploads\/2022\/09\/valga-3-225x300.jpg 225w, https:\/\/www.galiciamaxica.eu\/mini\/wp-content\/uploads\/2022\/09\/valga-3.jpg 1200w\" sizes=\"(max-width: 768px) 100vw, 768px\" \/><\/a><\/figure>\n\n\n\n<p>Creo firmemente que es una de las mejores formas de habilitar puntos tur\u00edsticos. Y es que en ellos el guiar nuestros pasos es necesario, sobre todo en los que son especialmente delicados o por los que no se debe transitar en ning\u00fan c (Dunas, Petroglifos..), benditas las pasarelas si los protegen.<\/p>\n\n\n\n<div class=\"wp-block-image\"><figure class=\"aligncenter size-large\"><a href=\"https:\/\/www.galiciamaxica.eu\/mini\/wp-content\/uploads\/2022\/09\/valga-4.jpg\"><img loading=\"lazy\" decoding=\"async\" width=\"768\" height=\"1024\" src=\"https:\/\/www.galiciamaxica.eu\/mini\/wp-content\/uploads\/2022\/09\/valga-4-768x1024.jpg\" alt=\"Valga\" class=\"wp-image-19961\" srcset=\"https:\/\/www.galiciamaxica.eu\/mini\/wp-content\/uploads\/2022\/09\/valga-4-768x1024.jpg 768w, https:\/\/www.galiciamaxica.eu\/mini\/wp-content\/uploads\/2022\/09\/valga-4-225x300.jpg 225w, https:\/\/www.galiciamaxica.eu\/mini\/wp-content\/uploads\/2022\/09\/valga-4.jpg 1200w\" sizes=\"(max-width: 768px) 100vw, 768px\" \/><\/a><\/figure><\/div>\n\n\n\n<p>Quiz\u00e1s sea porque no me gusta el cemento en la naturaleza o las autopistas que antes fueron senderos.<\/p>\n\n\n\n<p>Todos sabemos que la naturaleza est\u00e1 mucho mejor sin tocarla pero si es necesario hacerlo creo que debe proyectarse con actuaciones mimadas y esto en demas\u00eda.<\/p>\n\n\n\n<div class=\"wp-block-image\"><figure class=\"aligncenter size-large\"><a href=\"https:\/\/www.galiciamaxica.eu\/mini\/wp-content\/uploads\/2022\/09\/valga-11.jpg\"><img loading=\"lazy\" decoding=\"async\" width=\"768\" height=\"1024\" src=\"https:\/\/www.galiciamaxica.eu\/mini\/wp-content\/uploads\/2022\/09\/valga-11-768x1024.jpg\" alt=\"valga\" class=\"wp-image-19968\" srcset=\"https:\/\/www.galiciamaxica.eu\/mini\/wp-content\/uploads\/2022\/09\/valga-11-768x1024.jpg 768w, https:\/\/www.galiciamaxica.eu\/mini\/wp-content\/uploads\/2022\/09\/valga-11-225x300.jpg 225w, https:\/\/www.galiciamaxica.eu\/mini\/wp-content\/uploads\/2022\/09\/valga-11.jpg 1200w\" sizes=\"(max-width: 768px) 100vw, 768px\" \/><\/a><\/figure><\/div>\n\n\n\n<p>Un estudio sobre las famosas pasarelas en el turismo dicen que la sostenibilidad est\u00e1 presente con ellas, y que\u00a0la madera encaja como anillo al dedo en la arquitectura del paisaje. Dicen que est\u00e1n pensadas para<strong><a href=\"https:\/\/www.thecambiumdesign.com\/the-cambium-design-blog\/una-oportunidad-turismo-madera\/\">\u00a0reducir al m\u00e1ximo el impacto ambiental que supone el turismo en un entorno natural.<\/a><\/strong><\/p>\n\n\n\n<blockquote class=\"instagram-media\" data-instgrm-captioned data-instgrm-permalink=\"https:\/\/www.instagram.com\/p\/CWx5lYisBFn\/?utm_source=ig_embed&amp;utm_campaign=loading\" data-instgrm-version=\"14\" style=\" background:#FFF; border:0; border-radius:3px; box-shadow:0 0 1px 0 rgba(0,0,0,0.5),0 1px 10px 0 rgba(0,0,0,0.15); margin: 1px; max-width:540px; min-width:326px; padding:0; width:99.375%; width:-webkit-calc(100% - 2px); width:calc(100% - 2px);\"><div style=\"padding:16px;\"> <a href=\"https:\/\/www.instagram.com\/p\/CWx5lYisBFn\/?utm_source=ig_embed&amp;utm_campaign=loading\" style=\" background:#FFFFFF; line-height:0; padding:0 0; text-align:center; text-decoration:none; width:100%;\" target=\"_blank\" rel=\"noopener\"> <div style=\" display: flex; flex-direction: row; align-items: center;\"> <div style=\"background-color: #F4F4F4; border-radius: 50%; flex-grow: 0; height: 40px; margin-right: 14px; width: 40px;\"><\/div> <div style=\"display: flex; flex-direction: column; flex-grow: 1; justify-content: center;\"> <div style=\" background-color: #F4F4F4; border-radius: 4px; flex-grow: 0; height: 14px; margin-bottom: 6px; width: 100px;\"><\/div> <div style=\" background-color: #F4F4F4; border-radius: 4px; flex-grow: 0; height: 14px; width: 60px;\"><\/div><\/div><\/div><div style=\"padding: 19% 0;\"><\/div> <div style=\"display:block; height:50px; margin:0 auto 12px; width:50px;\"><svg width=\"50px\" height=\"50px\" viewBox=\"0 0 60 60\" version=\"1.1\" xmlns=\"https:\/\/www.w3.org\/2000\/svg\" xmlns:xlink=\"https:\/\/www.w3.org\/1999\/xlink\"><g stroke=\"none\" stroke-width=\"1\" fill=\"none\" fill-rule=\"evenodd\"><g transform=\"translate(-511.000000, -20.000000)\" fill=\"#000000\"><g><path d=\"M556.869,30.41 C554.814,30.41 553.148,32.076 553.148,34.131 C553.148,36.186 554.814,37.852 556.869,37.852 C558.924,37.852 560.59,36.186 560.59,34.131 C560.59,32.076 558.924,30.41 556.869,30.41 M541,60.657 C535.114,60.657 530.342,55.887 530.342,50 C530.342,44.114 535.114,39.342 541,39.342 C546.887,39.342 551.658,44.114 551.658,50 C551.658,55.887 546.887,60.657 541,60.657 M541,33.886 C532.1,33.886 524.886,41.1 524.886,50 C524.886,58.899 532.1,66.113 541,66.113 C549.9,66.113 557.115,58.899 557.115,50 C557.115,41.1 549.9,33.886 541,33.886 M565.378,62.101 C565.244,65.022 564.756,66.606 564.346,67.663 C563.803,69.06 563.154,70.057 562.106,71.106 C561.058,72.155 560.06,72.803 558.662,73.347 C557.607,73.757 556.021,74.244 553.102,74.378 C549.944,74.521 548.997,74.552 541,74.552 C533.003,74.552 532.056,74.521 528.898,74.378 C525.979,74.244 524.393,73.757 523.338,73.347 C521.94,72.803 520.942,72.155 519.894,71.106 C518.846,70.057 518.197,69.06 517.654,67.663 C517.244,66.606 516.755,65.022 516.623,62.101 C516.479,58.943 516.448,57.996 516.448,50 C516.448,42.003 516.479,41.056 516.623,37.899 C516.755,34.978 517.244,33.391 517.654,32.338 C518.197,30.938 518.846,29.942 519.894,28.894 C520.942,27.846 521.94,27.196 523.338,26.654 C524.393,26.244 525.979,25.756 528.898,25.623 C532.057,25.479 533.004,25.448 541,25.448 C548.997,25.448 549.943,25.479 553.102,25.623 C556.021,25.756 557.607,26.244 558.662,26.654 C560.06,27.196 561.058,27.846 562.106,28.894 C563.154,29.942 563.803,30.938 564.346,32.338 C564.756,33.391 565.244,34.978 565.378,37.899 C565.522,41.056 565.552,42.003 565.552,50 C565.552,57.996 565.522,58.943 565.378,62.101 M570.82,37.631 C570.674,34.438 570.167,32.258 569.425,30.349 C568.659,28.377 567.633,26.702 565.965,25.035 C564.297,23.368 562.623,22.342 560.652,21.575 C558.743,20.834 556.562,20.326 553.369,20.18 C550.169,20.033 549.148,20 541,20 C532.853,20 531.831,20.033 528.631,20.18 C525.438,20.326 523.257,20.834 521.349,21.575 C519.376,22.342 517.703,23.368 516.035,25.035 C514.368,26.702 513.342,28.377 512.574,30.349 C511.834,32.258 511.326,34.438 511.181,37.631 C511.035,40.831 511,41.851 511,50 C511,58.147 511.035,59.17 511.181,62.369 C511.326,65.562 511.834,67.743 512.574,69.651 C513.342,71.625 514.368,73.296 516.035,74.965 C517.703,76.634 519.376,77.658 521.349,78.425 C523.257,79.167 525.438,79.673 528.631,79.82 C531.831,79.965 532.853,80.001 541,80.001 C549.148,80.001 550.169,79.965 553.369,79.82 C556.562,79.673 558.743,79.167 560.652,78.425 C562.623,77.658 564.297,76.634 565.965,74.965 C567.633,73.296 568.659,71.625 569.425,69.651 C570.167,67.743 570.674,65.562 570.82,62.369 C570.966,59.17 571,58.147 571,50 C571,41.851 570.966,40.831 570.82,37.631\"><\/path><\/g><\/g><\/g><\/svg><\/div><div style=\"padding-top: 8px;\"> <div style=\" color:#3897f0; font-family:Arial,sans-serif; font-size:14px; font-style:normal; font-weight:550; line-height:18px;\">Ver esta publicaci\u00f3n en Instagram<\/div><\/div><div style=\"padding: 12.5% 0;\"><\/div> <div style=\"display: flex; flex-direction: row; margin-bottom: 14px; align-items: center;\"><div> <div style=\"background-color: #F4F4F4; border-radius: 50%; height: 12.5px; width: 12.5px; transform: translateX(0px) translateY(7px);\"><\/div> <div style=\"background-color: #F4F4F4; height: 12.5px; transform: rotate(-45deg) translateX(3px) translateY(1px); width: 12.5px; flex-grow: 0; margin-right: 14px; margin-left: 2px;\"><\/div> <div style=\"background-color: #F4F4F4; border-radius: 50%; height: 12.5px; width: 12.5px; transform: translateX(9px) translateY(-18px);\"><\/div><\/div><div style=\"margin-left: 8px;\"> <div style=\" background-color: #F4F4F4; border-radius: 50%; flex-grow: 0; height: 20px; width: 20px;\"><\/div> <div style=\" width: 0; height: 0; border-top: 2px solid transparent; border-left: 6px solid #f4f4f4; border-bottom: 2px solid transparent; transform: translateX(16px) translateY(-4px) rotate(30deg)\"><\/div><\/div><div style=\"margin-left: auto;\"> <div style=\" width: 0px; border-top: 8px solid #F4F4F4; border-right: 8px solid transparent; transform: translateY(16px);\"><\/div> <div style=\" background-color: #F4F4F4; flex-grow: 0; height: 12px; width: 16px; transform: translateY(-4px);\"><\/div> <div style=\" width: 0; height: 0; border-top: 8px solid #F4F4F4; border-left: 8px solid transparent; transform: translateY(-4px) translateX(8px);\"><\/div><\/div><\/div> <div style=\"display: flex; flex-direction: column; flex-grow: 1; justify-content: center; margin-bottom: 24px;\"> <div style=\" background-color: #F4F4F4; border-radius: 4px; flex-grow: 0; height: 14px; margin-bottom: 6px; width: 224px;\"><\/div> <div style=\" background-color: #F4F4F4; border-radius: 4px; flex-grow: 0; height: 14px; width: 144px;\"><\/div><\/div><\/a><p style=\" color:#c9c8cd; font-family:Arial,sans-serif; font-size:14px; line-height:17px; margin-bottom:0; margin-top:8px; overflow:hidden; padding:8px 0 7px; text-align:center; text-overflow:ellipsis; white-space:nowrap;\"><a href=\"https:\/\/www.instagram.com\/p\/CWx5lYisBFn\/?utm_source=ig_embed&amp;utm_campaign=loading\" style=\" color:#c9c8cd; font-family:Arial,sans-serif; font-size:14px; font-style:normal; font-weight:normal; line-height:17px; text-decoration:none;\" target=\"_blank\" rel=\"noopener\">Una publicaci\u00f3n compartida de Mar\u00eda Rodr\u00edguez Serantes (@seseixa)<\/a><\/p><\/div><\/blockquote> <script async src=\"\/\/www.instagram.com\/embed.js\"><\/script>\n\n\n\n<p>Ahora bien no todo son alardes a las pasarelas, porque si bien es cierto que por lo general en seco funcionan a la perfecci\u00f3n, son seguras y pr\u00e1cticas, con hojas o lluvia pueden resultar peligrosas, es decir, algo resbaladizas. <\/p>\n\n\n\n<div class=\"wp-block-image\"><figure class=\"aligncenter size-large\"><a href=\"https:\/\/www.galiciamaxica.eu\/mini\/wp-content\/uploads\/2022\/09\/valga-5.jpg\"><img loading=\"lazy\" decoding=\"async\" width=\"768\" height=\"1024\" src=\"https:\/\/www.galiciamaxica.eu\/mini\/wp-content\/uploads\/2022\/09\/valga-5-768x1024.jpg\" alt=\"Valga\" class=\"wp-image-19962\" srcset=\"https:\/\/www.galiciamaxica.eu\/mini\/wp-content\/uploads\/2022\/09\/valga-5-768x1024.jpg 768w, https:\/\/www.galiciamaxica.eu\/mini\/wp-content\/uploads\/2022\/09\/valga-5-225x300.jpg 225w, https:\/\/www.galiciamaxica.eu\/mini\/wp-content\/uploads\/2022\/09\/valga-5.jpg 1200w\" sizes=\"(max-width: 768px) 100vw, 768px\" \/><\/a><\/figure><\/div>\n\n\n\n<p>Si est\u00e1s a costumbrado a rutear con lluvia, sin problema. Todos sabemos que el llevar  un buen calzado de ruta, evita claramente el llevarte alg\u00fan que otro susto.<\/p>\n\n\n\n<div class=\"wp-block-image\"><figure class=\"aligncenter size-large\"><a href=\"https:\/\/www.galiciamaxica.eu\/mini\/wp-content\/uploads\/2022\/09\/valga-1.jpg\"><img loading=\"lazy\" decoding=\"async\" width=\"770\" height=\"1024\" src=\"https:\/\/www.galiciamaxica.eu\/mini\/wp-content\/uploads\/2022\/09\/valga-1-770x1024.jpg\" alt=\"Valga\" class=\"wp-image-19958\" srcset=\"https:\/\/www.galiciamaxica.eu\/mini\/wp-content\/uploads\/2022\/09\/valga-1-770x1024.jpg 770w, https:\/\/www.galiciamaxica.eu\/mini\/wp-content\/uploads\/2022\/09\/valga-1-226x300.jpg 226w, https:\/\/www.galiciamaxica.eu\/mini\/wp-content\/uploads\/2022\/09\/valga-1-768x1021.jpg 768w, https:\/\/www.galiciamaxica.eu\/mini\/wp-content\/uploads\/2022\/09\/valga-1.jpg 1200w\" sizes=\"(max-width: 770px) 100vw, 770px\" \/><\/a><\/figure><\/div>\n\n\n\n<p>Deciros que con la ca\u00edda de las hojas est\u00e1 especialmente hermoso, ya que disfrutaremos de un sin fin de tonalidades.<\/p>\n\n\n\n<div class=\"wp-block-image\"><figure class=\"aligncenter size-large\"><a href=\"https:\/\/www.galiciamaxica.eu\/mini\/wp-content\/uploads\/2022\/09\/valga-7.jpg\"><img loading=\"lazy\" decoding=\"async\" width=\"768\" height=\"1024\" src=\"https:\/\/www.galiciamaxica.eu\/mini\/wp-content\/uploads\/2022\/09\/valga-7-768x1024.jpg\" alt=\"Valga\" class=\"wp-image-19964\" srcset=\"https:\/\/www.galiciamaxica.eu\/mini\/wp-content\/uploads\/2022\/09\/valga-7-768x1024.jpg 768w, https:\/\/www.galiciamaxica.eu\/mini\/wp-content\/uploads\/2022\/09\/valga-7-225x300.jpg 225w, https:\/\/www.galiciamaxica.eu\/mini\/wp-content\/uploads\/2022\/09\/valga-7.jpg 1200w\" sizes=\"(max-width: 768px) 100vw, 768px\" \/><\/a><\/figure><\/div>\n\n\n\n<h2 class=\"wp-block-heading\">Ruta<\/h2>\n\n\n\n<p>1,5 km |\ud83d\udd01 Circular | \u26f0 Dificultad baja<\/p>\n\n\n\n<iframe src=\"https:\/\/www.google.com\/maps\/d\/embed?mid=1U8L7tZr4_iPni8rTBsGkk8d9GfD2vWwB&#038;ehbc=2E312F\" width=\"640\" height=\"480\"><\/iframe>\n\n\n\n<h2 class=\"wp-block-heading\">Localizaci\u00f3n<\/h2>\n\n\n\n<iframe src=\"https:\/\/www.google.com\/maps\/embed?pb=!1m14!1m8!1m3!1d5346.570722286372!2d-8.626607!3d42.683052!3m2!1i1024!2i768!4f13.1!3m3!1m2!1s0x0%3A0xcb0ea170a015fdfc!2sFervenza%20de%20RAXOI.%20R%C3%ADo%20Valga!5e1!3m2!1ses!2ses!4v1662561405296!5m2!1ses!2ses\" width=\"600\" height=\"450\" style=\"border:0;\" allowfullscreen=\"\" loading=\"lazy\" referrerpolicy=\"no-referrer-when-downgrade\"><\/iframe>\n\n\n\n<h2 class=\"wp-block-heading\">Entrada <\/h2>\n\n\n\n<figure class=\"wp-block-embed is-type-wp-embed is-provider-galicia-maxica-turismo wp-block-embed-galicia-maxica-turismo\">\n<blockquote class=\"wp-embedded-content\" data-secret=\"Yzob9z6aOZ\"><a href=\"https:\/\/www.galiciamaxica.eu\/galicia\/pontevedra\/fervenzas_de_parafita\/\">Cascadas &#8211; Fervenzas de Parafita e Raxoi<\/a><\/blockquote><iframe class=\"wp-embedded-content\" sandbox=\"allow-scripts\" security=\"restricted\" style=\"position: absolute; visibility: hidden;\" title=\"\u00abCascadas &#8211; Fervenzas de Parafita e Raxoi\u00bb \u2014 Galicia M\u00e1xica | Algo m\u00e1s que ver en Galicia\" src=\"https:\/\/www.galiciamaxica.eu\/galicia\/pontevedra\/fervenzas_de_parafita\/embed\/#?secret=Q27CXe3Vez#?secret=Yzob9z6aOZ\" data-secret=\"Yzob9z6aOZ\" width=\"500\" height=\"282\" frameborder=\"0\" marginwidth=\"0\" marginheight=\"0\" scrolling=\"no\"><\/iframe>\n<\/figure>\n","protected":false},"excerpt":{"rendered":"<p>Uno de los lugares al que siempre nos gusta regresar est\u00e1 en Valga \ud83d\ude0d es la ruta por las pasarelas y las fervenzas de Raxoi y Parafita. Es sin dudarlo, uno de los lugares m\u00e1s m\u00e1gicos de Galicia. Hoy vamos a visitar la naturaleza m\u00e1s verde r\u00edo, y a\u00fan tendremos tiempo para descubrir el mejor [&hellip;]<\/p>\n","protected":false},"author":1,"featured_media":19970,"comment_status":"open","ping_status":"closed","sticky":false,"template":"","format":"standard","meta":{"_eb_attr":"","site-sidebar-layout":"default","site-content-layout":"","ast-site-content-layout":"","site-content-style":"default","site-sidebar-style":"default","ast-global-header-display":"","ast-banner-title-visibility":"","ast-main-header-display":"","ast-hfb-above-header-display":"","ast-hfb-below-header-display":"","ast-hfb-mobile-header-display":"","site-post-title":"","ast-breadcrumbs-content":"","ast-featured-img":"","footer-sml-layout":"","theme-transparent-header-meta":"","adv-header-id-meta":"","stick-header-meta":"","header-above-stick-meta":"","header-main-stick-meta":"","header-below-stick-meta":"","astra-migrate-meta-layouts":"default","ast-page-background-enabled":"default","ast-page-background-meta":{"desktop":{"background-color":"","background-image":"","background-repeat":"repeat","background-position":"center center","background-size":"auto","background-attachment":"scroll","background-type":"","background-media":"","overlay-type":"","overlay-color":"","overlay-opacity":"","overlay-gradient":""},"tablet":{"background-color":"","background-image":"","background-repeat":"repeat","background-position":"center center","background-size":"auto","background-attachment":"scroll","background-type":"","background-media":"","overlay-type":"","overlay-color":"","overlay-opacity":"","overlay-gradient":""},"mobile":{"background-color":"","background-image":"","background-repeat":"repeat","background-position":"center center","background-size":"auto","background-attachment":"scroll","background-type":"","background-media":"","overlay-type":"","overlay-color":"","overlay-opacity":"","overlay-gradient":""}},"ast-content-background-meta":{"desktop":{"background-color":"var(--ast-global-color-5)","background-image":"","background-repeat":"repeat","background-position":"center center","background-size":"auto","background-attachment":"scroll","background-type":"","background-media":"","overlay-type":"","overlay-color":"","overlay-opacity":"","overlay-gradient":""},"tablet":{"background-color":"var(--ast-global-color-5)","background-image":"","background-repeat":"repeat","background-position":"center center","background-size":"auto","background-attachment":"scroll","background-type":"","background-media":"","overlay-type":"","overlay-color":"","overlay-opacity":"","overlay-gradient":""},"mobile":{"background-color":"var(--ast-global-color-5)","background-image":"","background-repeat":"repeat","background-position":"center center","background-size":"auto","background-attachment":"scroll","background-type":"","background-media":"","overlay-type":"","overlay-color":"","overlay-opacity":"","overlay-gradient":""}},"footnotes":""},"categories":[48,768],"tags":[23],"class_list":["post-19956","post","type-post","status-publish","format-standard","has-post-thumbnail","hentry","category-pontevedra","category-seseixa","tag-pontevedra"],"yoast_head":"<!-- This site is optimized with the Yoast SEO plugin v24.9 - https:\/\/yoast.com\/wordpress\/plugins\/seo\/ -->\n<title>Ruta por las pasarelas y las fervenzas de Raxoi y Parafita. - Galicia con ni\u00f1os | GALICIA M\u00c1XICA<\/title>\n<meta name=\"description\" content=\"Uno de los lugares al que siempre nos gusta regresar est\u00e1 en Valga \ud83d\ude0d es la ruta por las pasarelas y las fervenzas de Raxoi y Parafita.\" \/>\n<meta name=\"robots\" content=\"index, follow, max-snippet:-1, max-image-preview:large, max-video-preview:-1\" \/>\n<link rel=\"canonical\" href=\"https:\/\/www.galiciamaxica.eu\/mini\/ruta-por-las-pasarelas-y-las-fervenzas-de-raxoi-y-parafita\/\" \/>\n<meta property=\"og:locale\" content=\"es_ES\" \/>\n<meta property=\"og:type\" content=\"article\" \/>\n<meta property=\"og:title\" content=\"Ruta por las pasarelas y las fervenzas de Raxoi y Parafita. - Galicia con ni\u00f1os | GALICIA M\u00c1XICA\" \/>\n<meta property=\"og:description\" content=\"Uno de los lugares al que siempre nos gusta regresar est\u00e1 en Valga \ud83d\ude0d es la ruta por las pasarelas y las fervenzas de Raxoi y Parafita.\" \/>\n<meta property=\"og:url\" content=\"https:\/\/www.galiciamaxica.eu\/mini\/ruta-por-las-pasarelas-y-las-fervenzas-de-raxoi-y-parafita\/\" \/>\n<meta property=\"og:site_name\" content=\"Galicia con ni\u00f1os | GALICIA M\u00c1XICA\" \/>\n<meta property=\"article:publisher\" content=\"https:\/\/www.facebook.com\/maria.rodriguezserantes\" \/>\n<meta property=\"article:author\" content=\"https:\/\/www.facebook.com\/maria.rodriguezserantes\" \/>\n<meta property=\"article:published_time\" content=\"2022-09-07T16:27:37+00:00\" \/>\n<meta property=\"article:modified_time\" content=\"2022-09-07T17:21:00+00:00\" \/>\n<meta property=\"og:image\" content=\"https:\/\/www.galiciamaxica.eu\/mini\/wp-content\/uploads\/2022\/09\/valga-13.jpg\" \/>\n\t<meta property=\"og:image:width\" content=\"1200\" \/>\n\t<meta property=\"og:image:height\" content=\"1597\" \/>\n\t<meta property=\"og:image:type\" content=\"image\/jpeg\" \/>\n<meta name=\"author\" content=\"seseixa\" \/>\n<meta name=\"twitter:card\" content=\"summary_large_image\" \/>\n<meta name=\"twitter:creator\" content=\"@seseixa\" \/>\n<meta name=\"twitter:site\" content=\"@seseixa\" \/>\n<meta name=\"twitter:label1\" content=\"Escrito por\" \/>\n\t<meta name=\"twitter:data1\" content=\"seseixa\" \/>\n\t<meta name=\"twitter:label2\" content=\"Tiempo de lectura\" \/>\n\t<meta name=\"twitter:data2\" content=\"6 minutos\" \/>\n<script type=\"application\/ld+json\" class=\"yoast-schema-graph\">{\"@context\":\"https:\/\/schema.org\",\"@graph\":[{\"@type\":\"Article\",\"@id\":\"https:\/\/www.galiciamaxica.eu\/mini\/ruta-por-las-pasarelas-y-las-fervenzas-de-raxoi-y-parafita\/#article\",\"isPartOf\":{\"@id\":\"https:\/\/www.galiciamaxica.eu\/mini\/ruta-por-las-pasarelas-y-las-fervenzas-de-raxoi-y-parafita\/\"},\"author\":{\"name\":\"seseixa\",\"@id\":\"https:\/\/www.galiciamaxica.eu\/mini\/#\/schema\/person\/2b284fe2fd911000a48d2e8936300179\"},\"headline\":\"Ruta por las pasarelas y las fervenzas de Raxoi y Parafita.\",\"datePublished\":\"2022-09-07T16:27:37+00:00\",\"dateModified\":\"2022-09-07T17:21:00+00:00\",\"mainEntityOfPage\":{\"@id\":\"https:\/\/www.galiciamaxica.eu\/mini\/ruta-por-las-pasarelas-y-las-fervenzas-de-raxoi-y-parafita\/\"},\"wordCount\":755,\"commentCount\":0,\"publisher\":{\"@id\":\"https:\/\/www.galiciamaxica.eu\/mini\/#\/schema\/person\/2b284fe2fd911000a48d2e8936300179\"},\"image\":{\"@id\":\"https:\/\/www.galiciamaxica.eu\/mini\/ruta-por-las-pasarelas-y-las-fervenzas-de-raxoi-y-parafita\/#primaryimage\"},\"thumbnailUrl\":\"https:\/\/www.galiciamaxica.eu\/mini\/wp-content\/uploads\/2022\/09\/valga-13.jpg\",\"keywords\":[\"pontevedra\"],\"articleSection\":[\"PONTEVEDRA\",\"SESEIXA\"],\"inLanguage\":\"es\",\"potentialAction\":[{\"@type\":\"CommentAction\",\"name\":\"Comment\",\"target\":[\"https:\/\/www.galiciamaxica.eu\/mini\/ruta-por-las-pasarelas-y-las-fervenzas-de-raxoi-y-parafita\/#respond\"]}]},{\"@type\":\"WebPage\",\"@id\":\"https:\/\/www.galiciamaxica.eu\/mini\/ruta-por-las-pasarelas-y-las-fervenzas-de-raxoi-y-parafita\/\",\"url\":\"https:\/\/www.galiciamaxica.eu\/mini\/ruta-por-las-pasarelas-y-las-fervenzas-de-raxoi-y-parafita\/\",\"name\":\"Ruta por las pasarelas y las fervenzas de Raxoi y Parafita. - Galicia con ni\u00f1os | GALICIA M\u00c1XICA\",\"isPartOf\":{\"@id\":\"https:\/\/www.galiciamaxica.eu\/mini\/#website\"},\"primaryImageOfPage\":{\"@id\":\"https:\/\/www.galiciamaxica.eu\/mini\/ruta-por-las-pasarelas-y-las-fervenzas-de-raxoi-y-parafita\/#primaryimage\"},\"image\":{\"@id\":\"https:\/\/www.galiciamaxica.eu\/mini\/ruta-por-las-pasarelas-y-las-fervenzas-de-raxoi-y-parafita\/#primaryimage\"},\"thumbnailUrl\":\"https:\/\/www.galiciamaxica.eu\/mini\/wp-content\/uploads\/2022\/09\/valga-13.jpg\",\"datePublished\":\"2022-09-07T16:27:37+00:00\",\"dateModified\":\"2022-09-07T17:21:00+00:00\",\"description\":\"Uno de los lugares al que siempre nos gusta regresar est\u00e1 en Valga \ud83d\ude0d es la ruta por las pasarelas y las fervenzas de Raxoi y Parafita.\",\"breadcrumb\":{\"@id\":\"https:\/\/www.galiciamaxica.eu\/mini\/ruta-por-las-pasarelas-y-las-fervenzas-de-raxoi-y-parafita\/#breadcrumb\"},\"inLanguage\":\"es\",\"potentialAction\":[{\"@type\":\"ReadAction\",\"target\":[\"https:\/\/www.galiciamaxica.eu\/mini\/ruta-por-las-pasarelas-y-las-fervenzas-de-raxoi-y-parafita\/\"]}]},{\"@type\":\"ImageObject\",\"inLanguage\":\"es\",\"@id\":\"https:\/\/www.galiciamaxica.eu\/mini\/ruta-por-las-pasarelas-y-las-fervenzas-de-raxoi-y-parafita\/#primaryimage\",\"url\":\"https:\/\/www.galiciamaxica.eu\/mini\/wp-content\/uploads\/2022\/09\/valga-13.jpg\",\"contentUrl\":\"https:\/\/www.galiciamaxica.eu\/mini\/wp-content\/uploads\/2022\/09\/valga-13.jpg\",\"width\":1200,\"height\":1597,\"caption\":\"valga\"},{\"@type\":\"BreadcrumbList\",\"@id\":\"https:\/\/www.galiciamaxica.eu\/mini\/ruta-por-las-pasarelas-y-las-fervenzas-de-raxoi-y-parafita\/#breadcrumb\",\"itemListElement\":[{\"@type\":\"ListItem\",\"position\":1,\"name\":\"Portada\",\"item\":\"https:\/\/www.galiciamaxica.eu\/mini\/\"},{\"@type\":\"ListItem\",\"position\":2,\"name\":\"Ruta por las pasarelas y las fervenzas de Raxoi y Parafita.\"}]},{\"@type\":\"WebSite\",\"@id\":\"https:\/\/www.galiciamaxica.eu\/mini\/#website\",\"url\":\"https:\/\/www.galiciamaxica.eu\/mini\/\",\"name\":\"Galicia con ni\u00f1os | GALICIA M\u00c1XICA\",\"description\":\"Qu\u00e9 hacer con ni\u00f1os en Galicia\",\"publisher\":{\"@id\":\"https:\/\/www.galiciamaxica.eu\/mini\/#\/schema\/person\/2b284fe2fd911000a48d2e8936300179\"},\"potentialAction\":[{\"@type\":\"SearchAction\",\"target\":{\"@type\":\"EntryPoint\",\"urlTemplate\":\"https:\/\/www.galiciamaxica.eu\/mini\/?s={search_term_string}\"},\"query-input\":{\"@type\":\"PropertyValueSpecification\",\"valueRequired\":true,\"valueName\":\"search_term_string\"}}],\"inLanguage\":\"es\"},{\"@type\":[\"Person\",\"Organization\"],\"@id\":\"https:\/\/www.galiciamaxica.eu\/mini\/#\/schema\/person\/2b284fe2fd911000a48d2e8936300179\",\"name\":\"seseixa\",\"image\":{\"@type\":\"ImageObject\",\"inLanguage\":\"es\",\"@id\":\"https:\/\/www.galiciamaxica.eu\/mini\/#\/schema\/person\/image\/\",\"url\":\"https:\/\/www.galiciamaxica.eu\/mini\/wp-content\/uploads\/2019\/02\/seseixa.png\",\"contentUrl\":\"https:\/\/www.galiciamaxica.eu\/mini\/wp-content\/uploads\/2019\/02\/seseixa.png\",\"width\":100,\"height\":100,\"caption\":\"seseixa\"},\"logo\":{\"@id\":\"https:\/\/www.galiciamaxica.eu\/mini\/#\/schema\/person\/image\/\"},\"description\":\"En la actualidad combinando dos proyectos que me apasionan, Galicia y los ni\u00f1os. Tengo mucho que aportar y otro tanto que aprender, as\u00ed como, el tiempo y el coraz\u00f3n, dividido en todo momento. Soy mam\u00e1, un titulo otorgado a tiempo completo, compa\u00f1era y amiga, a todas horas, familiar y cercana, siempre. De esp\u00edritu inquieto, soy una eterna ni\u00f1a que juega en el pa\u00eds de las maravillas. Una enamorada de mi tierra, por la que trabajo sin descanso. Creo en la infancia como motor que cambiar\u00e1 el mundo a mejor y busco en mi vida la felicidad como estado permanente porque s\u00f3lo se vive una vez.\",\"sameAs\":[\"http:\/\/mini.galiciamaxica.eu\/\",\"https:\/\/www.facebook.com\/maria.rodriguezserantes\",\"https:\/\/x.com\/seseixa\"],\"url\":\"https:\/\/www.galiciamaxica.eu\/mini\/author\/seseixa\/\"}]}<\/script>\n<!-- \/ Yoast SEO plugin. -->","yoast_head_json":{"title":"Ruta por las pasarelas y las fervenzas de Raxoi y Parafita. - Galicia con ni\u00f1os | GALICIA M\u00c1XICA","description":"Uno de los lugares al que siempre nos gusta regresar est\u00e1 en Valga \ud83d\ude0d es la ruta por las pasarelas y las fervenzas de Raxoi y Parafita.","robots":{"index":"index","follow":"follow","max-snippet":"max-snippet:-1","max-image-preview":"max-image-preview:large","max-video-preview":"max-video-preview:-1"},"canonical":"https:\/\/www.galiciamaxica.eu\/mini\/ruta-por-las-pasarelas-y-las-fervenzas-de-raxoi-y-parafita\/","og_locale":"es_ES","og_type":"article","og_title":"Ruta por las pasarelas y las fervenzas de Raxoi y Parafita. - Galicia con ni\u00f1os | GALICIA M\u00c1XICA","og_description":"Uno de los lugares al que siempre nos gusta regresar est\u00e1 en Valga \ud83d\ude0d es la ruta por las pasarelas y las fervenzas de Raxoi y Parafita.","og_url":"https:\/\/www.galiciamaxica.eu\/mini\/ruta-por-las-pasarelas-y-las-fervenzas-de-raxoi-y-parafita\/","og_site_name":"Galicia con ni\u00f1os | GALICIA M\u00c1XICA","article_publisher":"https:\/\/www.facebook.com\/maria.rodriguezserantes","article_author":"https:\/\/www.facebook.com\/maria.rodriguezserantes","article_published_time":"2022-09-07T16:27:37+00:00","article_modified_time":"2022-09-07T17:21:00+00:00","og_image":[{"width":1200,"height":1597,"url":"https:\/\/www.galiciamaxica.eu\/mini\/wp-content\/uploads\/2022\/09\/valga-13.jpg","type":"image\/jpeg"}],"author":"seseixa","twitter_card":"summary_large_image","twitter_creator":"@seseixa","twitter_site":"@seseixa","twitter_misc":{"Escrito por":"seseixa","Tiempo de lectura":"6 minutos"},"schema":{"@context":"https:\/\/schema.org","@graph":[{"@type":"Article","@id":"https:\/\/www.galiciamaxica.eu\/mini\/ruta-por-las-pasarelas-y-las-fervenzas-de-raxoi-y-parafita\/#article","isPartOf":{"@id":"https:\/\/www.galiciamaxica.eu\/mini\/ruta-por-las-pasarelas-y-las-fervenzas-de-raxoi-y-parafita\/"},"author":{"name":"seseixa","@id":"https:\/\/www.galiciamaxica.eu\/mini\/#\/schema\/person\/2b284fe2fd911000a48d2e8936300179"},"headline":"Ruta por las pasarelas y las fervenzas de Raxoi y Parafita.","datePublished":"2022-09-07T16:27:37+00:00","dateModified":"2022-09-07T17:21:00+00:00","mainEntityOfPage":{"@id":"https:\/\/www.galiciamaxica.eu\/mini\/ruta-por-las-pasarelas-y-las-fervenzas-de-raxoi-y-parafita\/"},"wordCount":755,"commentCount":0,"publisher":{"@id":"https:\/\/www.galiciamaxica.eu\/mini\/#\/schema\/person\/2b284fe2fd911000a48d2e8936300179"},"image":{"@id":"https:\/\/www.galiciamaxica.eu\/mini\/ruta-por-las-pasarelas-y-las-fervenzas-de-raxoi-y-parafita\/#primaryimage"},"thumbnailUrl":"https:\/\/www.galiciamaxica.eu\/mini\/wp-content\/uploads\/2022\/09\/valga-13.jpg","keywords":["pontevedra"],"articleSection":["PONTEVEDRA","SESEIXA"],"inLanguage":"es","potentialAction":[{"@type":"CommentAction","name":"Comment","target":["https:\/\/www.galiciamaxica.eu\/mini\/ruta-por-las-pasarelas-y-las-fervenzas-de-raxoi-y-parafita\/#respond"]}]},{"@type":"WebPage","@id":"https:\/\/www.galiciamaxica.eu\/mini\/ruta-por-las-pasarelas-y-las-fervenzas-de-raxoi-y-parafita\/","url":"https:\/\/www.galiciamaxica.eu\/mini\/ruta-por-las-pasarelas-y-las-fervenzas-de-raxoi-y-parafita\/","name":"Ruta por las pasarelas y las fervenzas de Raxoi y Parafita. - Galicia con ni\u00f1os | GALICIA M\u00c1XICA","isPartOf":{"@id":"https:\/\/www.galiciamaxica.eu\/mini\/#website"},"primaryImageOfPage":{"@id":"https:\/\/www.galiciamaxica.eu\/mini\/ruta-por-las-pasarelas-y-las-fervenzas-de-raxoi-y-parafita\/#primaryimage"},"image":{"@id":"https:\/\/www.galiciamaxica.eu\/mini\/ruta-por-las-pasarelas-y-las-fervenzas-de-raxoi-y-parafita\/#primaryimage"},"thumbnailUrl":"https:\/\/www.galiciamaxica.eu\/mini\/wp-content\/uploads\/2022\/09\/valga-13.jpg","datePublished":"2022-09-07T16:27:37+00:00","dateModified":"2022-09-07T17:21:00+00:00","description":"Uno de los lugares al que siempre nos gusta regresar est\u00e1 en Valga \ud83d\ude0d es la ruta por las pasarelas y las fervenzas de Raxoi y Parafita.","breadcrumb":{"@id":"https:\/\/www.galiciamaxica.eu\/mini\/ruta-por-las-pasarelas-y-las-fervenzas-de-raxoi-y-parafita\/#breadcrumb"},"inLanguage":"es","potentialAction":[{"@type":"ReadAction","target":["https:\/\/www.galiciamaxica.eu\/mini\/ruta-por-las-pasarelas-y-las-fervenzas-de-raxoi-y-parafita\/"]}]},{"@type":"ImageObject","inLanguage":"es","@id":"https:\/\/www.galiciamaxica.eu\/mini\/ruta-por-las-pasarelas-y-las-fervenzas-de-raxoi-y-parafita\/#primaryimage","url":"https:\/\/www.galiciamaxica.eu\/mini\/wp-content\/uploads\/2022\/09\/valga-13.jpg","contentUrl":"https:\/\/www.galiciamaxica.eu\/mini\/wp-content\/uploads\/2022\/09\/valga-13.jpg","width":1200,"height":1597,"caption":"valga"},{"@type":"BreadcrumbList","@id":"https:\/\/www.galiciamaxica.eu\/mini\/ruta-por-las-pasarelas-y-las-fervenzas-de-raxoi-y-parafita\/#breadcrumb","itemListElement":[{"@type":"ListItem","position":1,"name":"Portada","item":"https:\/\/www.galiciamaxica.eu\/mini\/"},{"@type":"ListItem","position":2,"name":"Ruta por las pasarelas y las fervenzas de Raxoi y Parafita."}]},{"@type":"WebSite","@id":"https:\/\/www.galiciamaxica.eu\/mini\/#website","url":"https:\/\/www.galiciamaxica.eu\/mini\/","name":"Galicia con ni\u00f1os | GALICIA M\u00c1XICA","description":"Qu\u00e9 hacer con ni\u00f1os en Galicia","publisher":{"@id":"https:\/\/www.galiciamaxica.eu\/mini\/#\/schema\/person\/2b284fe2fd911000a48d2e8936300179"},"potentialAction":[{"@type":"SearchAction","target":{"@type":"EntryPoint","urlTemplate":"https:\/\/www.galiciamaxica.eu\/mini\/?s={search_term_string}"},"query-input":{"@type":"PropertyValueSpecification","valueRequired":true,"valueName":"search_term_string"}}],"inLanguage":"es"},{"@type":["Person","Organization"],"@id":"https:\/\/www.galiciamaxica.eu\/mini\/#\/schema\/person\/2b284fe2fd911000a48d2e8936300179","name":"seseixa","image":{"@type":"ImageObject","inLanguage":"es","@id":"https:\/\/www.galiciamaxica.eu\/mini\/#\/schema\/person\/image\/","url":"https:\/\/www.galiciamaxica.eu\/mini\/wp-content\/uploads\/2019\/02\/seseixa.png","contentUrl":"https:\/\/www.galiciamaxica.eu\/mini\/wp-content\/uploads\/2019\/02\/seseixa.png","width":100,"height":100,"caption":"seseixa"},"logo":{"@id":"https:\/\/www.galiciamaxica.eu\/mini\/#\/schema\/person\/image\/"},"description":"En la actualidad combinando dos proyectos que me apasionan, Galicia y los ni\u00f1os. Tengo mucho que aportar y otro tanto que aprender, as\u00ed como, el tiempo y el coraz\u00f3n, dividido en todo momento. Soy mam\u00e1, un titulo otorgado a tiempo completo, compa\u00f1era y amiga, a todas horas, familiar y cercana, siempre. De esp\u00edritu inquieto, soy una eterna ni\u00f1a que juega en el pa\u00eds de las maravillas. Una enamorada de mi tierra, por la que trabajo sin descanso. Creo en la infancia como motor que cambiar\u00e1 el mundo a mejor y busco en mi vida la felicidad como estado permanente porque s\u00f3lo se vive una vez.","sameAs":["http:\/\/mini.galiciamaxica.eu\/","https:\/\/www.facebook.com\/maria.rodriguezserantes","https:\/\/x.com\/seseixa"],"url":"https:\/\/www.galiciamaxica.eu\/mini\/author\/seseixa\/"}]}},"amp_enabled":true,"post_mailing_queue_ids":[],"_links":{"self":[{"href":"https:\/\/www.galiciamaxica.eu\/mini\/wp-json\/wp\/v2\/posts\/19956"}],"collection":[{"href":"https:\/\/www.galiciamaxica.eu\/mini\/wp-json\/wp\/v2\/posts"}],"about":[{"href":"https:\/\/www.galiciamaxica.eu\/mini\/wp-json\/wp\/v2\/types\/post"}],"author":[{"embeddable":true,"href":"https:\/\/www.galiciamaxica.eu\/mini\/wp-json\/wp\/v2\/users\/1"}],"replies":[{"embeddable":true,"href":"https:\/\/www.galiciamaxica.eu\/mini\/wp-json\/wp\/v2\/comments?post=19956"}],"version-history":[{"count":7,"href":"https:\/\/www.galiciamaxica.eu\/mini\/wp-json\/wp\/v2\/posts\/19956\/revisions"}],"predecessor-version":[{"id":19979,"href":"https:\/\/www.galiciamaxica.eu\/mini\/wp-json\/wp\/v2\/posts\/19956\/revisions\/19979"}],"wp:featuredmedia":[{"embeddable":true,"href":"https:\/\/www.galiciamaxica.eu\/mini\/wp-json\/wp\/v2\/media\/19970"}],"wp:attachment":[{"href":"https:\/\/www.galiciamaxica.eu\/mini\/wp-json\/wp\/v2\/media?parent=19956"}],"wp:term":[{"taxonomy":"category","embeddable":true,"href":"https:\/\/www.galiciamaxica.eu\/mini\/wp-json\/wp\/v2\/categories?post=19956"},{"taxonomy":"post_tag","embeddable":true,"href":"https:\/\/www.galiciamaxica.eu\/mini\/wp-json\/wp\/v2\/tags?post=19956"}],"curies":[{"name":"wp","href":"https:\/\/api.w.org\/{rel}","templated":true}]}}