{"id":19747,"date":"2022-08-23T16:18:08","date_gmt":"2022-08-23T14:18:08","guid":{"rendered":"https:\/\/www.galiciamaxica.eu\/mini\/?p=19747"},"modified":"2022-08-31T11:46:05","modified_gmt":"2022-08-31T09:46:05","slug":"las-fervenzas-o-seimeiras-de-queixoiro","status":"publish","type":"post","link":"https:\/\/www.galiciamaxica.eu\/mini\/las-fervenzas-o-seimeiras-de-queixoiro\/","title":{"rendered":"Las fervenzas o Seimeiras de Queixoiro"},"content":{"rendered":"\n<p> \ud83d\udd1d\ud83c\udf1f Esta semana visitamos A Fonsagrada, en Lugo para descubrir una de las rutas con m\u00e1s encanto de esta provincia. <\/p>\n\n\n\n<p>El itinerario de la ruta tiene<strong> tres kil\u00f3metros de longitud<\/strong>. Comentaros que la ruta es circular y cuenta con zona de aparcamiento en el inicio de la misma. <\/p>\n\n\n\n<h2 class=\"wp-block-heading\">Ruta de las <a href=\"https:\/\/www.galiciamaxica.eu\/sin-categoria\/seimeiras-de-queixoiro\/\">fervenzas o Seimeiras de Queixoiro<\/a><\/h2>\n\n\n\n<p>Que en una ruta te encuentres <strong>dos fervenzas<\/strong> precios\u00edsimas es dif\u00edcil pero no imposible, lo que si parec\u00eda poco posible es que llevasen tanta agua \ud83d\ude0d \u00bfC\u00f3mo lucir\u00e1n en \u00e9poca de lluvias? Ni imaginarlo puedo.<\/p>\n\n\n\n<div class=\"wp-block-image\"><figure class=\"aligncenter size-large\"><a href=\"https:\/\/www.galiciamaxica.eu\/mini\/wp-content\/uploads\/2022\/08\/seimieira-queixoiro-12.jpg\"><img fetchpriority=\"high\" decoding=\"async\" width=\"768\" height=\"1024\" src=\"https:\/\/www.galiciamaxica.eu\/mini\/wp-content\/uploads\/2022\/08\/seimieira-queixoiro-12-768x1024.jpg\" alt=\"tea en la fervenza\" class=\"wp-image-19760\" srcset=\"https:\/\/www.galiciamaxica.eu\/mini\/wp-content\/uploads\/2022\/08\/seimieira-queixoiro-12-768x1024.jpg 768w, https:\/\/www.galiciamaxica.eu\/mini\/wp-content\/uploads\/2022\/08\/seimieira-queixoiro-12-225x300.jpg 225w, https:\/\/www.galiciamaxica.eu\/mini\/wp-content\/uploads\/2022\/08\/seimieira-queixoiro-12.jpg 1200w\" sizes=\"(max-width: 768px) 100vw, 768px\" \/><\/a><\/figure><\/div>\n\n\n\n<p>Antes de nada deciros que en Galicia a las fervenzas las llamamos seimieiras, precioso palabra \u00bfverdad? No la olvides nunca.<\/p>\n\n\n\n<div class=\"wp-block-image\"><figure class=\"aligncenter size-large\"><a href=\"https:\/\/www.galiciamaxica.eu\/mini\/wp-content\/uploads\/2022\/08\/seimieira-queixoiro-7.jpg\"><img decoding=\"async\" width=\"768\" height=\"1024\" src=\"https:\/\/www.galiciamaxica.eu\/mini\/wp-content\/uploads\/2022\/08\/seimieira-queixoiro-7-768x1024.jpg\" alt=\"Ruta de las fervenzas o Seimeiras de Queixoiro\" class=\"wp-image-19755\" srcset=\"https:\/\/www.galiciamaxica.eu\/mini\/wp-content\/uploads\/2022\/08\/seimieira-queixoiro-7-768x1024.jpg 768w, https:\/\/www.galiciamaxica.eu\/mini\/wp-content\/uploads\/2022\/08\/seimieira-queixoiro-7-225x300.jpg 225w, https:\/\/www.galiciamaxica.eu\/mini\/wp-content\/uploads\/2022\/08\/seimieira-queixoiro-7.jpg 1200w\" sizes=\"(max-width: 768px) 100vw, 768px\" \/><\/a><\/figure><\/div>\n\n\n\n<p><strong>\u00bfQu\u00e9 visitaremos en la ruta?<\/strong><\/p>\n\n\n\n<p>Estas dos fervenzas que vamos a visitar est\u00e1n situados en el <strong>Rego de Queixoiro<\/strong>, que es el afluente del r\u00edo Rodil, a su vez el Rodil, es un afluente del Eo. <\/p>\n\n\n\n<iframe src=\"https:\/\/www.google.com\/maps\/d\/u\/0\/embed?mid=1R5RFzRgqvYRSqCy26vvYJafkSi-q_qA&amp;ehbc=2E312F\" width=\"640\" height=\"480\"><\/iframe>\n\n\n\n<p>Lo dif\u00edcil de esta ruta va a ser elegir tu seimieira preferida entre estos dos grandes y m\u00e1gicos saltos de agua.<\/p>\n\n\n\n<div class=\"wp-block-image\"><figure class=\"aligncenter size-large\"><a href=\"https:\/\/www.galiciamaxica.eu\/mini\/wp-content\/uploads\/2022\/08\/seimieira-queixoiro-9.jpg\"><img decoding=\"async\" width=\"768\" height=\"1024\" src=\"https:\/\/www.galiciamaxica.eu\/mini\/wp-content\/uploads\/2022\/08\/seimieira-queixoiro-9-768x1024.jpg\" alt=\"Ruta de las fervenzas o Seimeiras de Queixoiro\" class=\"wp-image-19757\" srcset=\"https:\/\/www.galiciamaxica.eu\/mini\/wp-content\/uploads\/2022\/08\/seimieira-queixoiro-9-768x1024.jpg 768w, https:\/\/www.galiciamaxica.eu\/mini\/wp-content\/uploads\/2022\/08\/seimieira-queixoiro-9-225x300.jpg 225w, https:\/\/www.galiciamaxica.eu\/mini\/wp-content\/uploads\/2022\/08\/seimieira-queixoiro-9.jpg 1200w\" sizes=\"(max-width: 768px) 100vw, 768px\" \/><\/a><\/figure><\/div>\n\n\n\n<p>Siempre va a haber uno en el que te sientas m\u00e1s a gusto para darte un buen chapuz\u00f3n.<\/p>\n\n\n\n<h3 class=\"wp-block-heading\">La primera fervenza<\/h3>\n\n\n\n<p>El primero salto cuenta con unos 15 metros de altura <\/p>\n\n\n\n<figure class=\"wp-block-image size-large\"><a href=\"https:\/\/www.galiciamaxica.eu\/mini\/wp-content\/uploads\/2022\/08\/seimieira-queixoiro-1.jpg\"><img loading=\"lazy\" decoding=\"async\" width=\"768\" height=\"1024\" src=\"https:\/\/www.galiciamaxica.eu\/mini\/wp-content\/uploads\/2022\/08\/seimieira-queixoiro-1-768x1024.jpg\" alt=\"Las fervenzas o Seimeiras de Queixoiro\" class=\"wp-image-19749\" srcset=\"https:\/\/www.galiciamaxica.eu\/mini\/wp-content\/uploads\/2022\/08\/seimieira-queixoiro-1-768x1024.jpg 768w, https:\/\/www.galiciamaxica.eu\/mini\/wp-content\/uploads\/2022\/08\/seimieira-queixoiro-1-225x300.jpg 225w, https:\/\/www.galiciamaxica.eu\/mini\/wp-content\/uploads\/2022\/08\/seimieira-queixoiro-1.jpg 1200w\" sizes=\"(max-width: 768px) 100vw, 768px\" \/><\/a><\/figure>\n\n\n\n<h3 class=\"wp-block-heading\">La segunda fervenza<\/h3>\n\n\n\n<p>El segundo salto tiene unos 12 metros de altura. <\/p>\n\n\n\n<div class=\"wp-block-image\"><figure class=\"aligncenter size-large\"><a href=\"https:\/\/www.galiciamaxica.eu\/mini\/wp-content\/uploads\/2022\/08\/seimieira-queixoiro-11.jpg\"><img loading=\"lazy\" decoding=\"async\" width=\"768\" height=\"1024\" src=\"https:\/\/www.galiciamaxica.eu\/mini\/wp-content\/uploads\/2022\/08\/seimieira-queixoiro-11-768x1024.jpg\" alt=\"Ruta de las fervenzas o Seimeiras de Queixoiro\" class=\"wp-image-19759\" srcset=\"https:\/\/www.galiciamaxica.eu\/mini\/wp-content\/uploads\/2022\/08\/seimieira-queixoiro-11-768x1024.jpg 768w, https:\/\/www.galiciamaxica.eu\/mini\/wp-content\/uploads\/2022\/08\/seimieira-queixoiro-11-225x300.jpg 225w, https:\/\/www.galiciamaxica.eu\/mini\/wp-content\/uploads\/2022\/08\/seimieira-queixoiro-11.jpg 1200w\" sizes=\"(max-width: 768px) 100vw, 768px\" \/><\/a><\/figure><\/div>\n\n\n\n<p>La ruta continua con un recorrido a trav\u00e9s de bosques de ribera y soutos con casti\u00f1eiros muy antiguos todo ello con la mejor banda sonora, la naturaleza. <\/p>\n\n\n\n<div class=\"wp-block-image\"><figure class=\"aligncenter size-large\"><a href=\"https:\/\/www.galiciamaxica.eu\/mini\/wp-content\/uploads\/2022\/08\/seimieira-queixoiro-6.jpg\"><img loading=\"lazy\" decoding=\"async\" width=\"768\" height=\"1024\" src=\"https:\/\/www.galiciamaxica.eu\/mini\/wp-content\/uploads\/2022\/08\/seimieira-queixoiro-6-768x1024.jpg\" alt=\"Ruta de las fervenzas o Seimeiras de Queixoiro\" class=\"wp-image-19754\" srcset=\"https:\/\/www.galiciamaxica.eu\/mini\/wp-content\/uploads\/2022\/08\/seimieira-queixoiro-6-768x1024.jpg 768w, https:\/\/www.galiciamaxica.eu\/mini\/wp-content\/uploads\/2022\/08\/seimieira-queixoiro-6-225x300.jpg 225w, https:\/\/www.galiciamaxica.eu\/mini\/wp-content\/uploads\/2022\/08\/seimieira-queixoiro-6.jpg 1200w\" sizes=\"(max-width: 768px) 100vw, 768px\" \/><\/a><\/figure><\/div>\n\n\n\n<p>Comentaros que no faltan bancos en los que inmortalizar el momento o disfrutar de este espectacular arte en movimiento y tambi\u00e9n una preciosa <strong><a href=\"https:\/\/goo.gl\/maps\/RAQXEndBmeNR59nG7\" rel=\"nofollow\">\u00e1rea de descanso<\/a><\/strong> bien cerquita de las fervenzas.<\/p>\n\n\n\n<blockquote class=\"instagram-media\" data-instgrm-captioned=\"\" data-instgrm-permalink=\"https:\/\/www.instagram.com\/p\/ChhosmrMooe\/?utm_source=ig_embed&amp;utm_campaign=loading\" data-instgrm-version=\"14\" style=\" background:#FFF; border:0; border-radius:3px; box-shadow:0 0 1px 0 rgba(0,0,0,0.5),0 1px 10px 0 rgba(0,0,0,0.15); margin: 1px; max-width:540px; min-width:326px; padding:0; width:99.375%; width:-webkit-calc(100% - 2px); width:calc(100% - 2px);\"><div style=\"padding:16px;\"> <a href=\"https:\/\/www.instagram.com\/p\/ChhosmrMooe\/?utm_source=ig_embed&amp;utm_campaign=loading\" style=\" background:#FFFFFF; line-height:0; padding:0 0; text-align:center; text-decoration:none; width:100%;\" target=\"_blank\" rel=\"noopener\"> <div style=\" display: flex; flex-direction: row; align-items: center;\"> <div style=\"background-color: #F4F4F4; border-radius: 50%; flex-grow: 0; height: 40px; margin-right: 14px; width: 40px;\"><\/div> <div style=\"display: flex; flex-direction: column; flex-grow: 1; justify-content: center;\"> <div style=\" background-color: #F4F4F4; border-radius: 4px; flex-grow: 0; height: 14px; margin-bottom: 6px; width: 100px;\"><\/div> <div style=\" background-color: #F4F4F4; border-radius: 4px; flex-grow: 0; height: 14px; width: 60px;\"><\/div><\/div><\/div><div style=\"padding: 19% 0;\"><\/div> <div style=\"display:block; height:50px; margin:0 auto 12px; width:50px;\"><svg width=\"50px\" height=\"50px\" viewBox=\"0 0 60 60\" version=\"1.1\" xmlns=\"https:\/\/www.w3.org\/2000\/svg\" xmlns:xlink=\"https:\/\/www.w3.org\/1999\/xlink\"><g stroke=\"none\" stroke-width=\"1\" fill=\"none\" fill-rule=\"evenodd\"><g transform=\"translate(-511.000000, -20.000000)\" fill=\"#000000\"><g><path d=\"M556.869,30.41 C554.814,30.41 553.148,32.076 553.148,34.131 C553.148,36.186 554.814,37.852 556.869,37.852 C558.924,37.852 560.59,36.186 560.59,34.131 C560.59,32.076 558.924,30.41 556.869,30.41 M541,60.657 C535.114,60.657 530.342,55.887 530.342,50 C530.342,44.114 535.114,39.342 541,39.342 C546.887,39.342 551.658,44.114 551.658,50 C551.658,55.887 546.887,60.657 541,60.657 M541,33.886 C532.1,33.886 524.886,41.1 524.886,50 C524.886,58.899 532.1,66.113 541,66.113 C549.9,66.113 557.115,58.899 557.115,50 C557.115,41.1 549.9,33.886 541,33.886 M565.378,62.101 C565.244,65.022 564.756,66.606 564.346,67.663 C563.803,69.06 563.154,70.057 562.106,71.106 C561.058,72.155 560.06,72.803 558.662,73.347 C557.607,73.757 556.021,74.244 553.102,74.378 C549.944,74.521 548.997,74.552 541,74.552 C533.003,74.552 532.056,74.521 528.898,74.378 C525.979,74.244 524.393,73.757 523.338,73.347 C521.94,72.803 520.942,72.155 519.894,71.106 C518.846,70.057 518.197,69.06 517.654,67.663 C517.244,66.606 516.755,65.022 516.623,62.101 C516.479,58.943 516.448,57.996 516.448,50 C516.448,42.003 516.479,41.056 516.623,37.899 C516.755,34.978 517.244,33.391 517.654,32.338 C518.197,30.938 518.846,29.942 519.894,28.894 C520.942,27.846 521.94,27.196 523.338,26.654 C524.393,26.244 525.979,25.756 528.898,25.623 C532.057,25.479 533.004,25.448 541,25.448 C548.997,25.448 549.943,25.479 553.102,25.623 C556.021,25.756 557.607,26.244 558.662,26.654 C560.06,27.196 561.058,27.846 562.106,28.894 C563.154,29.942 563.803,30.938 564.346,32.338 C564.756,33.391 565.244,34.978 565.378,37.899 C565.522,41.056 565.552,42.003 565.552,50 C565.552,57.996 565.522,58.943 565.378,62.101 M570.82,37.631 C570.674,34.438 570.167,32.258 569.425,30.349 C568.659,28.377 567.633,26.702 565.965,25.035 C564.297,23.368 562.623,22.342 560.652,21.575 C558.743,20.834 556.562,20.326 553.369,20.18 C550.169,20.033 549.148,20 541,20 C532.853,20 531.831,20.033 528.631,20.18 C525.438,20.326 523.257,20.834 521.349,21.575 C519.376,22.342 517.703,23.368 516.035,25.035 C514.368,26.702 513.342,28.377 512.574,30.349 C511.834,32.258 511.326,34.438 511.181,37.631 C511.035,40.831 511,41.851 511,50 C511,58.147 511.035,59.17 511.181,62.369 C511.326,65.562 511.834,67.743 512.574,69.651 C513.342,71.625 514.368,73.296 516.035,74.965 C517.703,76.634 519.376,77.658 521.349,78.425 C523.257,79.167 525.438,79.673 528.631,79.82 C531.831,79.965 532.853,80.001 541,80.001 C549.148,80.001 550.169,79.965 553.369,79.82 C556.562,79.673 558.743,79.167 560.652,78.425 C562.623,77.658 564.297,76.634 565.965,74.965 C567.633,73.296 568.659,71.625 569.425,69.651 C570.167,67.743 570.674,65.562 570.82,62.369 C570.966,59.17 571,58.147 571,50 C571,41.851 570.966,40.831 570.82,37.631\"><\/path><\/g><\/g><\/g><\/svg><\/div><div style=\"padding-top: 8px;\"> <div style=\" color:#3897f0; font-family:Arial,sans-serif; font-size:14px; font-style:normal; font-weight:550; line-height:18px;\">Ver esta publicaci\u00f3n en Instagram<\/div><\/div><div style=\"padding: 12.5% 0;\"><\/div> <div style=\"display: flex; flex-direction: row; margin-bottom: 14px; align-items: center;\"><div> <div style=\"background-color: #F4F4F4; border-radius: 50%; height: 12.5px; width: 12.5px; transform: translateX(0px) translateY(7px);\"><\/div> <div style=\"background-color: #F4F4F4; height: 12.5px; transform: rotate(-45deg) translateX(3px) translateY(1px); width: 12.5px; flex-grow: 0; margin-right: 14px; margin-left: 2px;\"><\/div> <div style=\"background-color: #F4F4F4; border-radius: 50%; height: 12.5px; width: 12.5px; transform: translateX(9px) translateY(-18px);\"><\/div><\/div><div style=\"margin-left: 8px;\"> <div style=\" background-color: #F4F4F4; border-radius: 50%; flex-grow: 0; height: 20px; width: 20px;\"><\/div> <div style=\" width: 0; height: 0; border-top: 2px solid transparent; border-left: 6px solid #f4f4f4; border-bottom: 2px solid transparent; transform: translateX(16px) translateY(-4px) rotate(30deg)\"><\/div><\/div><div style=\"margin-left: auto;\"> <div style=\" width: 0px; border-top: 8px solid #F4F4F4; border-right: 8px solid transparent; transform: translateY(16px);\"><\/div> <div style=\" background-color: #F4F4F4; flex-grow: 0; height: 12px; width: 16px; transform: translateY(-4px);\"><\/div> <div style=\" width: 0; height: 0; border-top: 8px solid #F4F4F4; border-left: 8px solid transparent; transform: translateY(-4px) translateX(8px);\"><\/div><\/div><\/div> <div style=\"display: flex; flex-direction: column; flex-grow: 1; justify-content: center; margin-bottom: 24px;\"> <div style=\" background-color: #F4F4F4; border-radius: 4px; flex-grow: 0; height: 14px; margin-bottom: 6px; width: 224px;\"><\/div> <div style=\" background-color: #F4F4F4; border-radius: 4px; flex-grow: 0; height: 14px; width: 144px;\"><\/div><\/div><\/a><p style=\" color:#c9c8cd; font-family:Arial,sans-serif; font-size:14px; line-height:17px; margin-bottom:0; margin-top:8px; overflow:hidden; padding:8px 0 7px; text-align:center; text-overflow:ellipsis; white-space:nowrap;\"><a href=\"https:\/\/www.instagram.com\/p\/ChhosmrMooe\/?utm_source=ig_embed&amp;utm_campaign=loading\" style=\" color:#c9c8cd; font-family:Arial,sans-serif; font-size:14px; font-style:normal; font-weight:normal; line-height:17px; text-decoration:none;\" target=\"_blank\" rel=\"noopener\">Una publicaci\u00f3n compartida de Mar\u00eda Rodr\u00edguez Serantes (@seseixa)<\/a><\/p><\/div><\/blockquote> <script async=\"\" src=\"\/\/www.instagram.com\/embed.js\"><\/script>\n\n\n\n<p>No te dejes enga\u00f1ar por el inicio de la ruta porque aunque al principio lo que te puede parecer no muy bonita se convierte a partir del km en un todo cambia que te va a enamorar.<\/p>\n\n\n\n<figure class=\"wp-block-embed is-type-wp-embed is-provider-galicia-maxica-turismo wp-block-embed-galicia-maxica-turismo\">\n<blockquote class=\"wp-embedded-content\" data-secret=\"azbmt7xmYw\"><a href=\"https:\/\/www.galiciamaxica.eu\/galicia\/seimeiras-de-queixoiro\/\">Seimeiras de Queixoiro<\/a><\/blockquote><iframe class=\"wp-embedded-content\" sandbox=\"allow-scripts\" security=\"restricted\" style=\"position: absolute; visibility: hidden;\" title=\"\u00abSeimeiras de Queixoiro\u00bb \u2014 Galicia M\u00e1xica | Algo m\u00e1s que ver en Galicia\" src=\"https:\/\/www.galiciamaxica.eu\/galicia\/seimeiras-de-queixoiro\/embed\/#?secret=m2kkAmSoIx#?secret=azbmt7xmYw\" data-secret=\"azbmt7xmYw\" width=\"500\" height=\"282\" frameborder=\"0\" marginwidth=\"0\" marginheight=\"0\" scrolling=\"no\"><\/iframe>\n<\/figure>\n\n\n\n<h2 class=\"wp-block-heading\">Entrada relacionada<\/h2>\n\n\n\n<p>Seguro que recordar\u00e1s otra entrada dedicada en Galicia con Ni\u00f1os a este concello, tambi\u00e9n habl\u00e1bamos de una seimieira o  fervenza, <strong><a href=\"http:\/\/www.galiciamaxica.eu\/lugo\/vilagocende-2\/\">LA DE VILAGOCENDE<\/a><\/strong> con 50 metros de ca\u00edda y el precioso paraje que la enmarca como para no hablar de ella en este post.<\/p>\n\n\n\n<div class=\"wp-block-image\"><figure class=\"aligncenter size-large\"><img decoding=\"async\" src=\"https:\/\/galiciamaxica.eu\/wp-content\/uploads\/2019\/10\/IMG_4798.jpg\" alt=\"\"\/><\/figure><\/div>\n\n\n\n<p>Os dejo el enlace para que por supuesto la descubr\u00e1is m\u00e1s de cerca, en \u00e9l ten\u00eds toda la info y la localizaci\u00f3n exacta.<\/p>\n\n\n\n<figure class=\"wp-block-embed is-type-wp-embed is-provider-galicia-con-ninos-galicia-maxica wp-block-embed-galicia-con-ninos-galicia-maxica\">\n<blockquote class=\"wp-embedded-content\" data-secret=\"UbhXmBjldl\"><a href=\"https:\/\/www.galiciamaxica.eu\/mini\/hoy-a-fonsagrada\/\">Hoy A FONSAGRADA<\/a><\/blockquote><iframe class=\"wp-embedded-content\" sandbox=\"allow-scripts\" security=\"restricted\" style=\"position: absolute; visibility: hidden;\" title=\"\u00abHoy A FONSAGRADA\u00bb \u2014 Galicia con ni\u00f1os | GALICIA M\u00c1XICA\" src=\"https:\/\/www.galiciamaxica.eu\/mini\/hoy-a-fonsagrada\/embed\/#?secret=6Y11Rmwi5I#?secret=UbhXmBjldl\" data-secret=\"UbhXmBjldl\" width=\"500\" height=\"282\" frameborder=\"0\" marginwidth=\"0\" marginheight=\"0\" scrolling=\"no\"><\/iframe>\n<\/figure>\n","protected":false},"excerpt":{"rendered":"<p>\ud83d\udd1d\ud83c\udf1f Esta semana visitamos A Fonsagrada, en Lugo para descubrir una de las rutas con m\u00e1s encanto de esta provincia. El itinerario de la ruta tiene tres kil\u00f3metros de longitud. Comentaros que la ruta es circular y cuenta con zona de aparcamiento en el inicio de la misma. Ruta de las fervenzas o Seimeiras de [&hellip;]<\/p>\n","protected":false},"author":1,"featured_media":19752,"comment_status":"open","ping_status":"closed","sticky":false,"template":"","format":"standard","meta":{"_eb_attr":"","site-sidebar-layout":"default","site-content-layout":"","ast-site-content-layout":"","site-content-style":"default","site-sidebar-style":"default","ast-global-header-display":"","ast-banner-title-visibility":"","ast-main-header-display":"","ast-hfb-above-header-display":"","ast-hfb-below-header-display":"","ast-hfb-mobile-header-display":"","site-post-title":"","ast-breadcrumbs-content":"","ast-featured-img":"","footer-sml-layout":"","theme-transparent-header-meta":"","adv-header-id-meta":"","stick-header-meta":"","header-above-stick-meta":"","header-main-stick-meta":"","header-below-stick-meta":"","astra-migrate-meta-layouts":"default","ast-page-background-enabled":"default","ast-page-background-meta":{"desktop":{"background-color":"","background-image":"","background-repeat":"repeat","background-position":"center center","background-size":"auto","background-attachment":"scroll","background-type":"","background-media":"","overlay-type":"","overlay-color":"","overlay-opacity":"","overlay-gradient":""},"tablet":{"background-color":"","background-image":"","background-repeat":"repeat","background-position":"center center","background-size":"auto","background-attachment":"scroll","background-type":"","background-media":"","overlay-type":"","overlay-color":"","overlay-opacity":"","overlay-gradient":""},"mobile":{"background-color":"","background-image":"","background-repeat":"repeat","background-position":"center center","background-size":"auto","background-attachment":"scroll","background-type":"","background-media":"","overlay-type":"","overlay-color":"","overlay-opacity":"","overlay-gradient":""}},"ast-content-background-meta":{"desktop":{"background-color":"var(--ast-global-color-5)","background-image":"","background-repeat":"repeat","background-position":"center center","background-size":"auto","background-attachment":"scroll","background-type":"","background-media":"","overlay-type":"","overlay-color":"","overlay-opacity":"","overlay-gradient":""},"tablet":{"background-color":"var(--ast-global-color-5)","background-image":"","background-repeat":"repeat","background-position":"center center","background-size":"auto","background-attachment":"scroll","background-type":"","background-media":"","overlay-type":"","overlay-color":"","overlay-opacity":"","overlay-gradient":""},"mobile":{"background-color":"var(--ast-global-color-5)","background-image":"","background-repeat":"repeat","background-position":"center center","background-size":"auto","background-attachment":"scroll","background-type":"","background-media":"","overlay-type":"","overlay-color":"","overlay-opacity":"","overlay-gradient":""}},"footnotes":""},"categories":[50],"tags":[25,36],"class_list":["post-19747","post","type-post","status-publish","format-standard","has-post-thumbnail","hentry","category-lugo","tag-galicia","tag-lugares"],"yoast_head":"<!-- This site is optimized with the Yoast SEO plugin v24.9 - https:\/\/yoast.com\/wordpress\/plugins\/seo\/ -->\n<title>Las fervenzas o Seimeiras de Queixoiro - Galicia con ni\u00f1os | GALICIA M\u00c1XICA<\/title>\n<meta name=\"description\" content=\"Las fervenzas o Seimeiras de Queixoiro. Visitamos A Fonsagrada, en Lugo para descubrir una de las rutas con m\u00e1s encanto de la provincia.\" \/>\n<meta name=\"robots\" content=\"index, follow, max-snippet:-1, max-image-preview:large, max-video-preview:-1\" \/>\n<link rel=\"canonical\" href=\"https:\/\/www.galiciamaxica.eu\/mini\/las-fervenzas-o-seimeiras-de-queixoiro\/\" \/>\n<meta property=\"og:locale\" content=\"es_ES\" \/>\n<meta property=\"og:type\" content=\"article\" \/>\n<meta property=\"og:title\" content=\"Las fervenzas o Seimeiras de Queixoiro - Galicia con ni\u00f1os | GALICIA M\u00c1XICA\" \/>\n<meta property=\"og:description\" content=\"Las fervenzas o Seimeiras de Queixoiro. Visitamos A Fonsagrada, en Lugo para descubrir una de las rutas con m\u00e1s encanto de la provincia.\" \/>\n<meta property=\"og:url\" content=\"https:\/\/www.galiciamaxica.eu\/mini\/las-fervenzas-o-seimeiras-de-queixoiro\/\" \/>\n<meta property=\"og:site_name\" content=\"Galicia con ni\u00f1os | GALICIA M\u00c1XICA\" \/>\n<meta property=\"article:publisher\" content=\"https:\/\/www.facebook.com\/maria.rodriguezserantes\" \/>\n<meta property=\"article:author\" content=\"https:\/\/www.facebook.com\/maria.rodriguezserantes\" \/>\n<meta property=\"article:published_time\" content=\"2022-08-23T14:18:08+00:00\" \/>\n<meta property=\"article:modified_time\" content=\"2022-08-31T09:46:05+00:00\" \/>\n<meta property=\"og:image\" content=\"https:\/\/www.galiciamaxica.eu\/mini\/wp-content\/uploads\/2022\/08\/seimieira-queixoiro-4.jpg\" \/>\n\t<meta property=\"og:image:width\" content=\"1200\" \/>\n\t<meta property=\"og:image:height\" content=\"1600\" \/>\n\t<meta property=\"og:image:type\" content=\"image\/jpeg\" \/>\n<meta name=\"author\" content=\"seseixa\" \/>\n<meta name=\"twitter:card\" content=\"summary_large_image\" \/>\n<meta name=\"twitter:creator\" content=\"@seseixa\" \/>\n<meta name=\"twitter:site\" content=\"@seseixa\" \/>\n<meta name=\"twitter:label1\" content=\"Escrito por\" \/>\n\t<meta name=\"twitter:data1\" content=\"seseixa\" \/>\n\t<meta name=\"twitter:label2\" content=\"Tiempo de lectura\" \/>\n\t<meta name=\"twitter:data2\" content=\"4 minutos\" \/>\n<script type=\"application\/ld+json\" class=\"yoast-schema-graph\">{\"@context\":\"https:\/\/schema.org\",\"@graph\":[{\"@type\":\"Article\",\"@id\":\"https:\/\/www.galiciamaxica.eu\/mini\/las-fervenzas-o-seimeiras-de-queixoiro\/#article\",\"isPartOf\":{\"@id\":\"https:\/\/www.galiciamaxica.eu\/mini\/las-fervenzas-o-seimeiras-de-queixoiro\/\"},\"author\":{\"name\":\"seseixa\",\"@id\":\"https:\/\/www.galiciamaxica.eu\/mini\/#\/schema\/person\/2b284fe2fd911000a48d2e8936300179\"},\"headline\":\"Las fervenzas o Seimeiras de Queixoiro\",\"datePublished\":\"2022-08-23T14:18:08+00:00\",\"dateModified\":\"2022-08-31T09:46:05+00:00\",\"mainEntityOfPage\":{\"@id\":\"https:\/\/www.galiciamaxica.eu\/mini\/las-fervenzas-o-seimeiras-de-queixoiro\/\"},\"wordCount\":431,\"commentCount\":0,\"publisher\":{\"@id\":\"https:\/\/www.galiciamaxica.eu\/mini\/#\/schema\/person\/2b284fe2fd911000a48d2e8936300179\"},\"image\":{\"@id\":\"https:\/\/www.galiciamaxica.eu\/mini\/las-fervenzas-o-seimeiras-de-queixoiro\/#primaryimage\"},\"thumbnailUrl\":\"https:\/\/www.galiciamaxica.eu\/mini\/wp-content\/uploads\/2022\/08\/seimieira-queixoiro-4.jpg\",\"keywords\":[\"Galicia\",\"lugares\"],\"articleSection\":[\"LUGO\"],\"inLanguage\":\"es\",\"potentialAction\":[{\"@type\":\"CommentAction\",\"name\":\"Comment\",\"target\":[\"https:\/\/www.galiciamaxica.eu\/mini\/las-fervenzas-o-seimeiras-de-queixoiro\/#respond\"]}]},{\"@type\":\"WebPage\",\"@id\":\"https:\/\/www.galiciamaxica.eu\/mini\/las-fervenzas-o-seimeiras-de-queixoiro\/\",\"url\":\"https:\/\/www.galiciamaxica.eu\/mini\/las-fervenzas-o-seimeiras-de-queixoiro\/\",\"name\":\"Las fervenzas o Seimeiras de Queixoiro - Galicia con ni\u00f1os | GALICIA M\u00c1XICA\",\"isPartOf\":{\"@id\":\"https:\/\/www.galiciamaxica.eu\/mini\/#website\"},\"primaryImageOfPage\":{\"@id\":\"https:\/\/www.galiciamaxica.eu\/mini\/las-fervenzas-o-seimeiras-de-queixoiro\/#primaryimage\"},\"image\":{\"@id\":\"https:\/\/www.galiciamaxica.eu\/mini\/las-fervenzas-o-seimeiras-de-queixoiro\/#primaryimage\"},\"thumbnailUrl\":\"https:\/\/www.galiciamaxica.eu\/mini\/wp-content\/uploads\/2022\/08\/seimieira-queixoiro-4.jpg\",\"datePublished\":\"2022-08-23T14:18:08+00:00\",\"dateModified\":\"2022-08-31T09:46:05+00:00\",\"description\":\"Las fervenzas o Seimeiras de Queixoiro. Visitamos A Fonsagrada, en Lugo para descubrir una de las rutas con m\u00e1s encanto de la provincia.\",\"breadcrumb\":{\"@id\":\"https:\/\/www.galiciamaxica.eu\/mini\/las-fervenzas-o-seimeiras-de-queixoiro\/#breadcrumb\"},\"inLanguage\":\"es\",\"potentialAction\":[{\"@type\":\"ReadAction\",\"target\":[\"https:\/\/www.galiciamaxica.eu\/mini\/las-fervenzas-o-seimeiras-de-queixoiro\/\"]}]},{\"@type\":\"ImageObject\",\"inLanguage\":\"es\",\"@id\":\"https:\/\/www.galiciamaxica.eu\/mini\/las-fervenzas-o-seimeiras-de-queixoiro\/#primaryimage\",\"url\":\"https:\/\/www.galiciamaxica.eu\/mini\/wp-content\/uploads\/2022\/08\/seimieira-queixoiro-4.jpg\",\"contentUrl\":\"https:\/\/www.galiciamaxica.eu\/mini\/wp-content\/uploads\/2022\/08\/seimieira-queixoiro-4.jpg\",\"width\":1200,\"height\":1600,\"caption\":\"Ruta de las fervenzas o Seimeiras de Queixoiro\"},{\"@type\":\"BreadcrumbList\",\"@id\":\"https:\/\/www.galiciamaxica.eu\/mini\/las-fervenzas-o-seimeiras-de-queixoiro\/#breadcrumb\",\"itemListElement\":[{\"@type\":\"ListItem\",\"position\":1,\"name\":\"Portada\",\"item\":\"https:\/\/www.galiciamaxica.eu\/mini\/\"},{\"@type\":\"ListItem\",\"position\":2,\"name\":\"Las fervenzas o Seimeiras de Queixoiro\"}]},{\"@type\":\"WebSite\",\"@id\":\"https:\/\/www.galiciamaxica.eu\/mini\/#website\",\"url\":\"https:\/\/www.galiciamaxica.eu\/mini\/\",\"name\":\"Galicia con ni\u00f1os | GALICIA M\u00c1XICA\",\"description\":\"Qu\u00e9 hacer con ni\u00f1os en Galicia\",\"publisher\":{\"@id\":\"https:\/\/www.galiciamaxica.eu\/mini\/#\/schema\/person\/2b284fe2fd911000a48d2e8936300179\"},\"potentialAction\":[{\"@type\":\"SearchAction\",\"target\":{\"@type\":\"EntryPoint\",\"urlTemplate\":\"https:\/\/www.galiciamaxica.eu\/mini\/?s={search_term_string}\"},\"query-input\":{\"@type\":\"PropertyValueSpecification\",\"valueRequired\":true,\"valueName\":\"search_term_string\"}}],\"inLanguage\":\"es\"},{\"@type\":[\"Person\",\"Organization\"],\"@id\":\"https:\/\/www.galiciamaxica.eu\/mini\/#\/schema\/person\/2b284fe2fd911000a48d2e8936300179\",\"name\":\"seseixa\",\"image\":{\"@type\":\"ImageObject\",\"inLanguage\":\"es\",\"@id\":\"https:\/\/www.galiciamaxica.eu\/mini\/#\/schema\/person\/image\/\",\"url\":\"https:\/\/www.galiciamaxica.eu\/mini\/wp-content\/uploads\/2019\/02\/seseixa.png\",\"contentUrl\":\"https:\/\/www.galiciamaxica.eu\/mini\/wp-content\/uploads\/2019\/02\/seseixa.png\",\"width\":100,\"height\":100,\"caption\":\"seseixa\"},\"logo\":{\"@id\":\"https:\/\/www.galiciamaxica.eu\/mini\/#\/schema\/person\/image\/\"},\"description\":\"En la actualidad combinando dos proyectos que me apasionan, Galicia y los ni\u00f1os. Tengo mucho que aportar y otro tanto que aprender, as\u00ed como, el tiempo y el coraz\u00f3n, dividido en todo momento. Soy mam\u00e1, un titulo otorgado a tiempo completo, compa\u00f1era y amiga, a todas horas, familiar y cercana, siempre. De esp\u00edritu inquieto, soy una eterna ni\u00f1a que juega en el pa\u00eds de las maravillas. Una enamorada de mi tierra, por la que trabajo sin descanso. Creo en la infancia como motor que cambiar\u00e1 el mundo a mejor y busco en mi vida la felicidad como estado permanente porque s\u00f3lo se vive una vez.\",\"sameAs\":[\"http:\/\/mini.galiciamaxica.eu\/\",\"https:\/\/www.facebook.com\/maria.rodriguezserantes\",\"https:\/\/x.com\/seseixa\"],\"url\":\"https:\/\/www.galiciamaxica.eu\/mini\/author\/seseixa\/\"}]}<\/script>\n<!-- \/ Yoast SEO plugin. -->","yoast_head_json":{"title":"Las fervenzas o Seimeiras de Queixoiro - Galicia con ni\u00f1os | GALICIA M\u00c1XICA","description":"Las fervenzas o Seimeiras de Queixoiro. Visitamos A Fonsagrada, en Lugo para descubrir una de las rutas con m\u00e1s encanto de la provincia.","robots":{"index":"index","follow":"follow","max-snippet":"max-snippet:-1","max-image-preview":"max-image-preview:large","max-video-preview":"max-video-preview:-1"},"canonical":"https:\/\/www.galiciamaxica.eu\/mini\/las-fervenzas-o-seimeiras-de-queixoiro\/","og_locale":"es_ES","og_type":"article","og_title":"Las fervenzas o Seimeiras de Queixoiro - Galicia con ni\u00f1os | GALICIA M\u00c1XICA","og_description":"Las fervenzas o Seimeiras de Queixoiro. Visitamos A Fonsagrada, en Lugo para descubrir una de las rutas con m\u00e1s encanto de la provincia.","og_url":"https:\/\/www.galiciamaxica.eu\/mini\/las-fervenzas-o-seimeiras-de-queixoiro\/","og_site_name":"Galicia con ni\u00f1os | GALICIA M\u00c1XICA","article_publisher":"https:\/\/www.facebook.com\/maria.rodriguezserantes","article_author":"https:\/\/www.facebook.com\/maria.rodriguezserantes","article_published_time":"2022-08-23T14:18:08+00:00","article_modified_time":"2022-08-31T09:46:05+00:00","og_image":[{"width":1200,"height":1600,"url":"https:\/\/www.galiciamaxica.eu\/mini\/wp-content\/uploads\/2022\/08\/seimieira-queixoiro-4.jpg","type":"image\/jpeg"}],"author":"seseixa","twitter_card":"summary_large_image","twitter_creator":"@seseixa","twitter_site":"@seseixa","twitter_misc":{"Escrito por":"seseixa","Tiempo de lectura":"4 minutos"},"schema":{"@context":"https:\/\/schema.org","@graph":[{"@type":"Article","@id":"https:\/\/www.galiciamaxica.eu\/mini\/las-fervenzas-o-seimeiras-de-queixoiro\/#article","isPartOf":{"@id":"https:\/\/www.galiciamaxica.eu\/mini\/las-fervenzas-o-seimeiras-de-queixoiro\/"},"author":{"name":"seseixa","@id":"https:\/\/www.galiciamaxica.eu\/mini\/#\/schema\/person\/2b284fe2fd911000a48d2e8936300179"},"headline":"Las fervenzas o Seimeiras de Queixoiro","datePublished":"2022-08-23T14:18:08+00:00","dateModified":"2022-08-31T09:46:05+00:00","mainEntityOfPage":{"@id":"https:\/\/www.galiciamaxica.eu\/mini\/las-fervenzas-o-seimeiras-de-queixoiro\/"},"wordCount":431,"commentCount":0,"publisher":{"@id":"https:\/\/www.galiciamaxica.eu\/mini\/#\/schema\/person\/2b284fe2fd911000a48d2e8936300179"},"image":{"@id":"https:\/\/www.galiciamaxica.eu\/mini\/las-fervenzas-o-seimeiras-de-queixoiro\/#primaryimage"},"thumbnailUrl":"https:\/\/www.galiciamaxica.eu\/mini\/wp-content\/uploads\/2022\/08\/seimieira-queixoiro-4.jpg","keywords":["Galicia","lugares"],"articleSection":["LUGO"],"inLanguage":"es","potentialAction":[{"@type":"CommentAction","name":"Comment","target":["https:\/\/www.galiciamaxica.eu\/mini\/las-fervenzas-o-seimeiras-de-queixoiro\/#respond"]}]},{"@type":"WebPage","@id":"https:\/\/www.galiciamaxica.eu\/mini\/las-fervenzas-o-seimeiras-de-queixoiro\/","url":"https:\/\/www.galiciamaxica.eu\/mini\/las-fervenzas-o-seimeiras-de-queixoiro\/","name":"Las fervenzas o Seimeiras de Queixoiro - Galicia con ni\u00f1os | GALICIA M\u00c1XICA","isPartOf":{"@id":"https:\/\/www.galiciamaxica.eu\/mini\/#website"},"primaryImageOfPage":{"@id":"https:\/\/www.galiciamaxica.eu\/mini\/las-fervenzas-o-seimeiras-de-queixoiro\/#primaryimage"},"image":{"@id":"https:\/\/www.galiciamaxica.eu\/mini\/las-fervenzas-o-seimeiras-de-queixoiro\/#primaryimage"},"thumbnailUrl":"https:\/\/www.galiciamaxica.eu\/mini\/wp-content\/uploads\/2022\/08\/seimieira-queixoiro-4.jpg","datePublished":"2022-08-23T14:18:08+00:00","dateModified":"2022-08-31T09:46:05+00:00","description":"Las fervenzas o Seimeiras de Queixoiro. Visitamos A Fonsagrada, en Lugo para descubrir una de las rutas con m\u00e1s encanto de la provincia.","breadcrumb":{"@id":"https:\/\/www.galiciamaxica.eu\/mini\/las-fervenzas-o-seimeiras-de-queixoiro\/#breadcrumb"},"inLanguage":"es","potentialAction":[{"@type":"ReadAction","target":["https:\/\/www.galiciamaxica.eu\/mini\/las-fervenzas-o-seimeiras-de-queixoiro\/"]}]},{"@type":"ImageObject","inLanguage":"es","@id":"https:\/\/www.galiciamaxica.eu\/mini\/las-fervenzas-o-seimeiras-de-queixoiro\/#primaryimage","url":"https:\/\/www.galiciamaxica.eu\/mini\/wp-content\/uploads\/2022\/08\/seimieira-queixoiro-4.jpg","contentUrl":"https:\/\/www.galiciamaxica.eu\/mini\/wp-content\/uploads\/2022\/08\/seimieira-queixoiro-4.jpg","width":1200,"height":1600,"caption":"Ruta de las fervenzas o Seimeiras de Queixoiro"},{"@type":"BreadcrumbList","@id":"https:\/\/www.galiciamaxica.eu\/mini\/las-fervenzas-o-seimeiras-de-queixoiro\/#breadcrumb","itemListElement":[{"@type":"ListItem","position":1,"name":"Portada","item":"https:\/\/www.galiciamaxica.eu\/mini\/"},{"@type":"ListItem","position":2,"name":"Las fervenzas o Seimeiras de Queixoiro"}]},{"@type":"WebSite","@id":"https:\/\/www.galiciamaxica.eu\/mini\/#website","url":"https:\/\/www.galiciamaxica.eu\/mini\/","name":"Galicia con ni\u00f1os | GALICIA M\u00c1XICA","description":"Qu\u00e9 hacer con ni\u00f1os en Galicia","publisher":{"@id":"https:\/\/www.galiciamaxica.eu\/mini\/#\/schema\/person\/2b284fe2fd911000a48d2e8936300179"},"potentialAction":[{"@type":"SearchAction","target":{"@type":"EntryPoint","urlTemplate":"https:\/\/www.galiciamaxica.eu\/mini\/?s={search_term_string}"},"query-input":{"@type":"PropertyValueSpecification","valueRequired":true,"valueName":"search_term_string"}}],"inLanguage":"es"},{"@type":["Person","Organization"],"@id":"https:\/\/www.galiciamaxica.eu\/mini\/#\/schema\/person\/2b284fe2fd911000a48d2e8936300179","name":"seseixa","image":{"@type":"ImageObject","inLanguage":"es","@id":"https:\/\/www.galiciamaxica.eu\/mini\/#\/schema\/person\/image\/","url":"https:\/\/www.galiciamaxica.eu\/mini\/wp-content\/uploads\/2019\/02\/seseixa.png","contentUrl":"https:\/\/www.galiciamaxica.eu\/mini\/wp-content\/uploads\/2019\/02\/seseixa.png","width":100,"height":100,"caption":"seseixa"},"logo":{"@id":"https:\/\/www.galiciamaxica.eu\/mini\/#\/schema\/person\/image\/"},"description":"En la actualidad combinando dos proyectos que me apasionan, Galicia y los ni\u00f1os. Tengo mucho que aportar y otro tanto que aprender, as\u00ed como, el tiempo y el coraz\u00f3n, dividido en todo momento. Soy mam\u00e1, un titulo otorgado a tiempo completo, compa\u00f1era y amiga, a todas horas, familiar y cercana, siempre. De esp\u00edritu inquieto, soy una eterna ni\u00f1a que juega en el pa\u00eds de las maravillas. Una enamorada de mi tierra, por la que trabajo sin descanso. Creo en la infancia como motor que cambiar\u00e1 el mundo a mejor y busco en mi vida la felicidad como estado permanente porque s\u00f3lo se vive una vez.","sameAs":["http:\/\/mini.galiciamaxica.eu\/","https:\/\/www.facebook.com\/maria.rodriguezserantes","https:\/\/x.com\/seseixa"],"url":"https:\/\/www.galiciamaxica.eu\/mini\/author\/seseixa\/"}]}},"amp_enabled":true,"post_mailing_queue_ids":[],"_links":{"self":[{"href":"https:\/\/www.galiciamaxica.eu\/mini\/wp-json\/wp\/v2\/posts\/19747"}],"collection":[{"href":"https:\/\/www.galiciamaxica.eu\/mini\/wp-json\/wp\/v2\/posts"}],"about":[{"href":"https:\/\/www.galiciamaxica.eu\/mini\/wp-json\/wp\/v2\/types\/post"}],"author":[{"embeddable":true,"href":"https:\/\/www.galiciamaxica.eu\/mini\/wp-json\/wp\/v2\/users\/1"}],"replies":[{"embeddable":true,"href":"https:\/\/www.galiciamaxica.eu\/mini\/wp-json\/wp\/v2\/comments?post=19747"}],"version-history":[{"count":6,"href":"https:\/\/www.galiciamaxica.eu\/mini\/wp-json\/wp\/v2\/posts\/19747\/revisions"}],"predecessor-version":[{"id":19883,"href":"https:\/\/www.galiciamaxica.eu\/mini\/wp-json\/wp\/v2\/posts\/19747\/revisions\/19883"}],"wp:featuredmedia":[{"embeddable":true,"href":"https:\/\/www.galiciamaxica.eu\/mini\/wp-json\/wp\/v2\/media\/19752"}],"wp:attachment":[{"href":"https:\/\/www.galiciamaxica.eu\/mini\/wp-json\/wp\/v2\/media?parent=19747"}],"wp:term":[{"taxonomy":"category","embeddable":true,"href":"https:\/\/www.galiciamaxica.eu\/mini\/wp-json\/wp\/v2\/categories?post=19747"},{"taxonomy":"post_tag","embeddable":true,"href":"https:\/\/www.galiciamaxica.eu\/mini\/wp-json\/wp\/v2\/tags?post=19747"}],"curies":[{"name":"wp","href":"https:\/\/api.w.org\/{rel}","templated":true}]}}