{"id":19681,"date":"2022-08-12T16:31:07","date_gmt":"2022-08-12T14:31:07","guid":{"rendered":"https:\/\/www.galiciamaxica.eu\/mini\/?p=19681"},"modified":"2022-08-12T16:43:40","modified_gmt":"2022-08-12T14:43:40","slug":"a-porta-do-alen-y-el-marco-do-vento-los-lugares-donde-nace-la-magia-gallega","status":"publish","type":"post","link":"https:\/\/www.galiciamaxica.eu\/mini\/a-porta-do-alen-y-el-marco-do-vento-los-lugares-donde-nace-la-magia-gallega\/","title":{"rendered":"A Porta do Al\u00e9n y el Marco do Vento, los lugares donde nace la magia gallega."},"content":{"rendered":"\n<p>Hoy nos acercaremos a uno de los<strong><em> lugares m\u00e1s m\u00e1gicos de Galicia<\/em><\/strong>, y si hablamos de magia tambi\u00e9n debemos hablar del misticismo y de misterio.<\/p>\n\n\n\n<p>\u00bfSab\u00edas que en <a href=\"https:\/\/www.galiciamaxica.eu\/\"><strong>Galicia<\/strong> <\/a>tenemos una puerta a otra dimensi\u00f3n y un lugar donde confluyen las fuerzas del universo? <\/p>\n\n\n\n<p><strong>A Porta do Al\u00e9n y el Marco do Vento<\/strong> son dos lugares que deber\u00eda conocer todo aquel que quiera conocer la esencia de <strong>Galicia<\/strong> y <strong>su magia<\/strong>. <\/p>\n\n\n\n<h2 class=\"wp-block-heading\">Localizaci\u00f3n<\/h2>\n\n\n\n<p>Os dejo un mapa con la localizaci\u00f3n. Ambos est\u00e1n a poca distancia y desde uno, contemplar\u00e1s al otro.<\/p>\n\n\n\n<iframe src=\"https:\/\/www.google.com\/maps\/embed?pb=!1m14!1m8!1m3!1d23542.9293372064!2d-8.383178!3d42.473135!3m2!1i1024!2i768!4f13.1!3m3!1m2!1s0x0%3A0x909f3324bfeb22db!2sPortal%C3%A9n%20(Porta%20do%20Al%C3%A9n)!5e0!3m2!1ses!2ses!4v1660313090739!5m2!1ses!2ses\" width=\"600\" height=\"450\" style=\"border:0;\" allowfullscreen=\"\" loading=\"lazy\" referrerpolicy=\"no-referrer-when-downgrade\"><\/iframe>\n\n\n\n<h2 class=\"wp-block-heading\">Los lugares m\u00e1s m\u00e1gicos de Galicia,<\/h2>\n\n\n\n<p>Visitaremos dos enclaves important\u00edsimos primero la conocida como\u00a0<strong>Porta do Al\u00e9n o Portal\u00e9n,<\/strong>\u00a0la puerta del m\u00e1s all\u00e1, la puerta al mundo de los muertos. Y el menhir, Marco do Vento.<\/p>\n\n\n\n<div class=\"wp-block-image\"><figure class=\"aligncenter size-large\"><img decoding=\"async\" src=\"https:\/\/lh3.googleusercontent.com\/pw\/AL9nZEWMQQ3pFK-sB6oovZv6ky77LlOzzqjXCjG22Fbb1V-wvcaxybahvDTWMQkFlRNuqyq9gsYp3JRv0TKGSTvpLsij1D1PZpXf0voXeYxK-0cPYoBHzfBq9nJCGJQXl3BHz3Xt_CsbtR8uacJ3MiozIL-a3Q=w1050-h700-no?authuser=0\" alt=\"\"\/><\/figure><\/div>\n\n\n\n<h3 class=\"wp-block-heading\">A Portal\u00e9n (Porta do Al\u00e9n)<\/h3>\n\n\n\n<p>Esta puerta al m\u00e1s all\u00e1 es de un conjunto megal\u00edtico de caracter\u00edsticas \u00fanicas. Cuentan que esta puerta rocosa  fue un templo celta y una de las puertas a la otra dimensi\u00f3n de su mundo.&nbsp;<\/p>\n\n\n\n<div class=\"wp-block-image\"><figure class=\"aligncenter size-large\"><img decoding=\"async\" src=\"https:\/\/www.galiciamaxica.eu\/wp-content\/uploads\/2016\/03\/pedraalen53-1024x683.jpg\" alt=\"\"\/><\/figure><\/div>\n\n\n\n<p>Aqu\u00ed, justo aqu\u00ed, se abre una puerta a dos mundos: el de los muertos y el de los vivos, o eso cre\u00edan nuestros ancestros.&nbsp;Y as\u00ed se ocuparon de transmitirlo durante siglos, llegando su historia hasta nuestros d\u00edas.<\/p>\n\n\n\n<h4 class=\"wp-block-heading\">Una puerta a otra dimensi\u00f3n<\/h4>\n\n\n\n<p>Los portales a otros mundos existieron desde siempre en muchas antiguas civilizaciones Os invito a que le\u00e1is este interesante art\u00edculo que habla de ellos <a href=\"https:\/\/es.theepochtimes.com\/misteriosos-portales-a-otros-mundos-en-antiguas-civilizaciones_218415.html\" rel=\"nofollow\">The Epoch Times en espa\u00f1ol<\/a><\/p>\n\n\n\n<p><strong><em>La Porta do Al\u00e9n seg\u00fan la mitolog\u00eda, es la puerta al otro mundo y por ello se debe pasar por ella para comunicarse con los muertos y all\u00ed preguntarle lo que se desee.<\/em><\/strong><\/p>\n\n\n\n<div class=\"wp-block-image\"><figure class=\"aligncenter size-large\"><img decoding=\"async\" src=\"https:\/\/lh3.googleusercontent.com\/pw\/AL9nZEVdWnBqee15b8YO595ZS4Va6oIupr1-2g66DQuW77R4_5TxmSYp67_S9JhCMWfhWGOipW9j0nBZTDg0I6zkmUTKhkwFry-N0U2dyXFCmaw25DQN2E5caty2SE9OF4R6I3iZ0OehrH521ihAsGpRXKRRuw=w467-h700-no?authuser=0\" alt=\"\"\/><\/figure><\/div>\n\n\n\n<p>La tradici\u00f3n oral indica que es en este m\u00e1gico lugar donde se produce la comunicaci\u00f3n con el mundo de los muertos, solo cuando se siguen los ritos transmitidos por los m\u00e1s ancianos que conocen el lugar.<\/p>\n\n\n\n<h4 class=\"wp-block-heading\">Rito<\/h4>\n\n\n\n<p> Se debe entrar desde el Norte hacia al Sur. El viento os dar\u00e1 la respuesta pero nadie debe saberlo. Es preciso volver a salir por la puerta ya que si no quedaremos en el mundo de los muertos. <\/p>\n\n\n\n<h3 class=\"wp-block-heading\">El Marco do Vento<\/h3>\n\n\n\n<p>El conjunto se completa con la cercana roca llamada Marco do Vento, que es un <strong>majestuoso y monumental menhir de 3 metros de altura<\/strong> y que seg\u00fan la tradici\u00f3n es el punto donde confluyen las fuerzas del universo. <\/p>\n\n\n\n<div class=\"wp-block-image\"><figure class=\"aligncenter size-large\"><img decoding=\"async\" src=\"https:\/\/www.galiciamaxica.eu\/wp-content\/uploads\/2020\/03\/Al%C3%A9n_6-1024x683.jpg\" alt=\"\"\/><\/figure><\/div>\n\n\n\n<p>Sobre su origen no sabemos si fue puesta a prop\u00f3sito o fueron los caprichos de la naturaleza la que le dio aspecto de piedra hincada.<\/p>\n\n\n\n<div class=\"wp-block-image\"><figure class=\"aligncenter size-large\"><img decoding=\"async\" src=\"https:\/\/lh3.googleusercontent.com\/pw\/AL9nZEX6UKJElA5pi-3_-k7ZAZ6T5Hw7P1gS-ueXDPtHNFzHKm6ROTEUFCTRwmh7WoUApDmQQLwlJDjP69RbgL8Aml43M8v1I72-JF2tn9FhMEBIZvouYoXlXFqL_CHDQs7tVqBJmNlckOEDX4PvI-CPlHH1NQ=w1050-h700-no?authuser=0\" alt=\"\"\/><\/figure><\/div>\n\n\n\n<figure class=\"wp-block-embed is-type-wp-embed is-provider-galicia-maxica-turismo wp-block-embed-galicia-maxica-turismo\">\n<blockquote class=\"wp-embedded-content\" data-secret=\"se9394x71E\"><a href=\"https:\/\/www.galiciamaxica.eu\/galicia\/pontevedra\/portalen\/\">A Portal\u00e9n (Porta do Al\u00e9n) y Marco do Vento<\/a><\/blockquote><iframe class=\"wp-embedded-content\" sandbox=\"allow-scripts\" security=\"restricted\" style=\"position: absolute; visibility: hidden;\" title=\"\u00abA Portal\u00e9n (Porta do Al\u00e9n) y Marco do Vento\u00bb \u2014 Galicia M\u00e1xica | Algo m\u00e1s que ver en Galicia\" src=\"https:\/\/www.galiciamaxica.eu\/galicia\/pontevedra\/portalen\/embed\/#?secret=avnv8MelW1#?secret=se9394x71E\" data-secret=\"se9394x71E\" width=\"500\" height=\"282\" frameborder=\"0\" marginwidth=\"0\" marginheight=\"0\" scrolling=\"no\"><\/iframe>\n<\/figure>\n","protected":false},"excerpt":{"rendered":"<p>Hoy nos acercaremos a uno de los lugares m\u00e1s m\u00e1gicos de Galicia, y si hablamos de magia tambi\u00e9n debemos hablar del misticismo y de misterio. \u00bfSab\u00edas que en Galicia tenemos una puerta a otra dimensi\u00f3n y un lugar donde confluyen las fuerzas del universo? A Porta do Al\u00e9n y el Marco do Vento son dos [&hellip;]<\/p>\n","protected":false},"author":1,"featured_media":19682,"comment_status":"open","ping_status":"closed","sticky":false,"template":"","format":"standard","meta":{"_eb_attr":"","site-sidebar-layout":"default","site-content-layout":"","ast-site-content-layout":"","site-content-style":"default","site-sidebar-style":"default","ast-global-header-display":"","ast-banner-title-visibility":"","ast-main-header-display":"","ast-hfb-above-header-display":"","ast-hfb-below-header-display":"","ast-hfb-mobile-header-display":"","site-post-title":"","ast-breadcrumbs-content":"","ast-featured-img":"","footer-sml-layout":"","theme-transparent-header-meta":"","adv-header-id-meta":"","stick-header-meta":"","header-above-stick-meta":"","header-main-stick-meta":"","header-below-stick-meta":"","astra-migrate-meta-layouts":"default","ast-page-background-enabled":"default","ast-page-background-meta":{"desktop":{"background-color":"","background-image":"","background-repeat":"repeat","background-position":"center center","background-size":"auto","background-attachment":"scroll","background-type":"","background-media":"","overlay-type":"","overlay-color":"","overlay-opacity":"","overlay-gradient":""},"tablet":{"background-color":"","background-image":"","background-repeat":"repeat","background-position":"center center","background-size":"auto","background-attachment":"scroll","background-type":"","background-media":"","overlay-type":"","overlay-color":"","overlay-opacity":"","overlay-gradient":""},"mobile":{"background-color":"","background-image":"","background-repeat":"repeat","background-position":"center center","background-size":"auto","background-attachment":"scroll","background-type":"","background-media":"","overlay-type":"","overlay-color":"","overlay-opacity":"","overlay-gradient":""}},"ast-content-background-meta":{"desktop":{"background-color":"var(--ast-global-color-5)","background-image":"","background-repeat":"repeat","background-position":"center center","background-size":"auto","background-attachment":"scroll","background-type":"","background-media":"","overlay-type":"","overlay-color":"","overlay-opacity":"","overlay-gradient":""},"tablet":{"background-color":"var(--ast-global-color-5)","background-image":"","background-repeat":"repeat","background-position":"center center","background-size":"auto","background-attachment":"scroll","background-type":"","background-media":"","overlay-type":"","overlay-color":"","overlay-opacity":"","overlay-gradient":""},"mobile":{"background-color":"var(--ast-global-color-5)","background-image":"","background-repeat":"repeat","background-position":"center center","background-size":"auto","background-attachment":"scroll","background-type":"","background-media":"","overlay-type":"","overlay-color":"","overlay-opacity":"","overlay-gradient":""}},"footnotes":""},"categories":[48],"tags":[25,1205],"class_list":["post-19681","post","type-post","status-publish","format-standard","has-post-thumbnail","hentry","category-pontevedra","tag-galicia","tag-lugares-magicos-de-galicia"],"yoast_head":"<!-- This site is optimized with the Yoast SEO plugin v24.9 - https:\/\/yoast.com\/wordpress\/plugins\/seo\/ -->\n<title>A Porta do Al\u00e9n y el Marco do Vento, los lugares donde nace la magia gallega. - Galicia con ni\u00f1os | GALICIA M\u00c1XICA<\/title>\n<meta name=\"description\" content=\"A Porta do Al\u00e9n y el Marco do Vento son dos lugares que deber\u00eda conocer todo aquel que quiera conocer la esencia de Galicia y su magia.\" \/>\n<meta name=\"robots\" content=\"index, follow, max-snippet:-1, max-image-preview:large, max-video-preview:-1\" \/>\n<link rel=\"canonical\" href=\"https:\/\/www.galiciamaxica.eu\/mini\/a-porta-do-alen-y-el-marco-do-vento-los-lugares-donde-nace-la-magia-gallega\/\" \/>\n<meta property=\"og:locale\" content=\"es_ES\" \/>\n<meta property=\"og:type\" content=\"article\" \/>\n<meta property=\"og:title\" content=\"A Porta do Al\u00e9n y el Marco do Vento, los lugares donde nace la magia gallega. - Galicia con ni\u00f1os | GALICIA M\u00c1XICA\" \/>\n<meta property=\"og:description\" content=\"A Porta do Al\u00e9n y el Marco do Vento son dos lugares que deber\u00eda conocer todo aquel que quiera conocer la esencia de Galicia y su magia.\" \/>\n<meta property=\"og:url\" content=\"https:\/\/www.galiciamaxica.eu\/mini\/a-porta-do-alen-y-el-marco-do-vento-los-lugares-donde-nace-la-magia-gallega\/\" \/>\n<meta property=\"og:site_name\" content=\"Galicia con ni\u00f1os | GALICIA M\u00c1XICA\" \/>\n<meta property=\"article:publisher\" content=\"https:\/\/www.facebook.com\/maria.rodriguezserantes\" \/>\n<meta property=\"article:author\" content=\"https:\/\/www.facebook.com\/maria.rodriguezserantes\" \/>\n<meta property=\"article:published_time\" content=\"2022-08-12T14:31:07+00:00\" \/>\n<meta property=\"article:modified_time\" content=\"2022-08-12T14:43:40+00:00\" \/>\n<meta property=\"og:image\" content=\"https:\/\/www.galiciamaxica.eu\/mini\/wp-content\/uploads\/2022\/08\/Castillo-de-Friol_31-1024x682-6.jpg\" \/>\n\t<meta property=\"og:image:width\" content=\"1024\" \/>\n\t<meta property=\"og:image:height\" content=\"683\" \/>\n\t<meta property=\"og:image:type\" content=\"image\/jpeg\" \/>\n<meta name=\"author\" content=\"seseixa\" \/>\n<meta name=\"twitter:card\" content=\"summary_large_image\" \/>\n<meta name=\"twitter:creator\" content=\"@seseixa\" \/>\n<meta name=\"twitter:site\" content=\"@seseixa\" \/>\n<meta name=\"twitter:label1\" content=\"Escrito por\" \/>\n\t<meta name=\"twitter:data1\" content=\"seseixa\" \/>\n\t<meta name=\"twitter:label2\" content=\"Tiempo de lectura\" \/>\n\t<meta name=\"twitter:data2\" content=\"3 minutos\" \/>\n<script type=\"application\/ld+json\" class=\"yoast-schema-graph\">{\"@context\":\"https:\/\/schema.org\",\"@graph\":[{\"@type\":\"Article\",\"@id\":\"https:\/\/www.galiciamaxica.eu\/mini\/a-porta-do-alen-y-el-marco-do-vento-los-lugares-donde-nace-la-magia-gallega\/#article\",\"isPartOf\":{\"@id\":\"https:\/\/www.galiciamaxica.eu\/mini\/a-porta-do-alen-y-el-marco-do-vento-los-lugares-donde-nace-la-magia-gallega\/\"},\"author\":{\"name\":\"seseixa\",\"@id\":\"https:\/\/www.galiciamaxica.eu\/mini\/#\/schema\/person\/2b284fe2fd911000a48d2e8936300179\"},\"headline\":\"A Porta do Al\u00e9n y el Marco do Vento, los lugares donde nace la magia gallega.\",\"datePublished\":\"2022-08-12T14:31:07+00:00\",\"dateModified\":\"2022-08-12T14:43:40+00:00\",\"mainEntityOfPage\":{\"@id\":\"https:\/\/www.galiciamaxica.eu\/mini\/a-porta-do-alen-y-el-marco-do-vento-los-lugares-donde-nace-la-magia-gallega\/\"},\"wordCount\":477,\"commentCount\":0,\"publisher\":{\"@id\":\"https:\/\/www.galiciamaxica.eu\/mini\/#\/schema\/person\/2b284fe2fd911000a48d2e8936300179\"},\"image\":{\"@id\":\"https:\/\/www.galiciamaxica.eu\/mini\/a-porta-do-alen-y-el-marco-do-vento-los-lugares-donde-nace-la-magia-gallega\/#primaryimage\"},\"thumbnailUrl\":\"https:\/\/www.galiciamaxica.eu\/mini\/wp-content\/uploads\/2022\/08\/Castillo-de-Friol_31-1024x682-6.jpg\",\"keywords\":[\"Galicia\",\"Lugares m\u00e1gicos de Galicia\"],\"articleSection\":[\"PONTEVEDRA\"],\"inLanguage\":\"es\",\"potentialAction\":[{\"@type\":\"CommentAction\",\"name\":\"Comment\",\"target\":[\"https:\/\/www.galiciamaxica.eu\/mini\/a-porta-do-alen-y-el-marco-do-vento-los-lugares-donde-nace-la-magia-gallega\/#respond\"]}]},{\"@type\":\"WebPage\",\"@id\":\"https:\/\/www.galiciamaxica.eu\/mini\/a-porta-do-alen-y-el-marco-do-vento-los-lugares-donde-nace-la-magia-gallega\/\",\"url\":\"https:\/\/www.galiciamaxica.eu\/mini\/a-porta-do-alen-y-el-marco-do-vento-los-lugares-donde-nace-la-magia-gallega\/\",\"name\":\"A Porta do Al\u00e9n y el Marco do Vento, los lugares donde nace la magia gallega. - Galicia con ni\u00f1os | GALICIA M\u00c1XICA\",\"isPartOf\":{\"@id\":\"https:\/\/www.galiciamaxica.eu\/mini\/#website\"},\"primaryImageOfPage\":{\"@id\":\"https:\/\/www.galiciamaxica.eu\/mini\/a-porta-do-alen-y-el-marco-do-vento-los-lugares-donde-nace-la-magia-gallega\/#primaryimage\"},\"image\":{\"@id\":\"https:\/\/www.galiciamaxica.eu\/mini\/a-porta-do-alen-y-el-marco-do-vento-los-lugares-donde-nace-la-magia-gallega\/#primaryimage\"},\"thumbnailUrl\":\"https:\/\/www.galiciamaxica.eu\/mini\/wp-content\/uploads\/2022\/08\/Castillo-de-Friol_31-1024x682-6.jpg\",\"datePublished\":\"2022-08-12T14:31:07+00:00\",\"dateModified\":\"2022-08-12T14:43:40+00:00\",\"description\":\"A Porta do Al\u00e9n y el Marco do Vento son dos lugares que deber\u00eda conocer todo aquel que quiera conocer la esencia de Galicia y su magia.\",\"breadcrumb\":{\"@id\":\"https:\/\/www.galiciamaxica.eu\/mini\/a-porta-do-alen-y-el-marco-do-vento-los-lugares-donde-nace-la-magia-gallega\/#breadcrumb\"},\"inLanguage\":\"es\",\"potentialAction\":[{\"@type\":\"ReadAction\",\"target\":[\"https:\/\/www.galiciamaxica.eu\/mini\/a-porta-do-alen-y-el-marco-do-vento-los-lugares-donde-nace-la-magia-gallega\/\"]}]},{\"@type\":\"ImageObject\",\"inLanguage\":\"es\",\"@id\":\"https:\/\/www.galiciamaxica.eu\/mini\/a-porta-do-alen-y-el-marco-do-vento-los-lugares-donde-nace-la-magia-gallega\/#primaryimage\",\"url\":\"https:\/\/www.galiciamaxica.eu\/mini\/wp-content\/uploads\/2022\/08\/Castillo-de-Friol_31-1024x682-6.jpg\",\"contentUrl\":\"https:\/\/www.galiciamaxica.eu\/mini\/wp-content\/uploads\/2022\/08\/Castillo-de-Friol_31-1024x682-6.jpg\",\"width\":1024,\"height\":683,\"caption\":\"Portal\u00e9n\"},{\"@type\":\"BreadcrumbList\",\"@id\":\"https:\/\/www.galiciamaxica.eu\/mini\/a-porta-do-alen-y-el-marco-do-vento-los-lugares-donde-nace-la-magia-gallega\/#breadcrumb\",\"itemListElement\":[{\"@type\":\"ListItem\",\"position\":1,\"name\":\"Portada\",\"item\":\"https:\/\/www.galiciamaxica.eu\/mini\/\"},{\"@type\":\"ListItem\",\"position\":2,\"name\":\"A Porta do Al\u00e9n y el Marco do Vento, los lugares donde nace la magia gallega.\"}]},{\"@type\":\"WebSite\",\"@id\":\"https:\/\/www.galiciamaxica.eu\/mini\/#website\",\"url\":\"https:\/\/www.galiciamaxica.eu\/mini\/\",\"name\":\"Galicia con ni\u00f1os | GALICIA M\u00c1XICA\",\"description\":\"Qu\u00e9 hacer con ni\u00f1os en Galicia\",\"publisher\":{\"@id\":\"https:\/\/www.galiciamaxica.eu\/mini\/#\/schema\/person\/2b284fe2fd911000a48d2e8936300179\"},\"potentialAction\":[{\"@type\":\"SearchAction\",\"target\":{\"@type\":\"EntryPoint\",\"urlTemplate\":\"https:\/\/www.galiciamaxica.eu\/mini\/?s={search_term_string}\"},\"query-input\":{\"@type\":\"PropertyValueSpecification\",\"valueRequired\":true,\"valueName\":\"search_term_string\"}}],\"inLanguage\":\"es\"},{\"@type\":[\"Person\",\"Organization\"],\"@id\":\"https:\/\/www.galiciamaxica.eu\/mini\/#\/schema\/person\/2b284fe2fd911000a48d2e8936300179\",\"name\":\"seseixa\",\"image\":{\"@type\":\"ImageObject\",\"inLanguage\":\"es\",\"@id\":\"https:\/\/www.galiciamaxica.eu\/mini\/#\/schema\/person\/image\/\",\"url\":\"https:\/\/www.galiciamaxica.eu\/mini\/wp-content\/uploads\/2019\/02\/seseixa.png\",\"contentUrl\":\"https:\/\/www.galiciamaxica.eu\/mini\/wp-content\/uploads\/2019\/02\/seseixa.png\",\"width\":100,\"height\":100,\"caption\":\"seseixa\"},\"logo\":{\"@id\":\"https:\/\/www.galiciamaxica.eu\/mini\/#\/schema\/person\/image\/\"},\"description\":\"En la actualidad combinando dos proyectos que me apasionan, Galicia y los ni\u00f1os. Tengo mucho que aportar y otro tanto que aprender, as\u00ed como, el tiempo y el coraz\u00f3n, dividido en todo momento. Soy mam\u00e1, un titulo otorgado a tiempo completo, compa\u00f1era y amiga, a todas horas, familiar y cercana, siempre. De esp\u00edritu inquieto, soy una eterna ni\u00f1a que juega en el pa\u00eds de las maravillas. Una enamorada de mi tierra, por la que trabajo sin descanso. Creo en la infancia como motor que cambiar\u00e1 el mundo a mejor y busco en mi vida la felicidad como estado permanente porque s\u00f3lo se vive una vez.\",\"sameAs\":[\"http:\/\/mini.galiciamaxica.eu\/\",\"https:\/\/www.facebook.com\/maria.rodriguezserantes\",\"https:\/\/x.com\/seseixa\"],\"url\":\"https:\/\/www.galiciamaxica.eu\/mini\/author\/seseixa\/\"}]}<\/script>\n<!-- \/ Yoast SEO plugin. -->","yoast_head_json":{"title":"A Porta do Al\u00e9n y el Marco do Vento, los lugares donde nace la magia gallega. - Galicia con ni\u00f1os | GALICIA M\u00c1XICA","description":"A Porta do Al\u00e9n y el Marco do Vento son dos lugares que deber\u00eda conocer todo aquel que quiera conocer la esencia de Galicia y su magia.","robots":{"index":"index","follow":"follow","max-snippet":"max-snippet:-1","max-image-preview":"max-image-preview:large","max-video-preview":"max-video-preview:-1"},"canonical":"https:\/\/www.galiciamaxica.eu\/mini\/a-porta-do-alen-y-el-marco-do-vento-los-lugares-donde-nace-la-magia-gallega\/","og_locale":"es_ES","og_type":"article","og_title":"A Porta do Al\u00e9n y el Marco do Vento, los lugares donde nace la magia gallega. - Galicia con ni\u00f1os | GALICIA M\u00c1XICA","og_description":"A Porta do Al\u00e9n y el Marco do Vento son dos lugares que deber\u00eda conocer todo aquel que quiera conocer la esencia de Galicia y su magia.","og_url":"https:\/\/www.galiciamaxica.eu\/mini\/a-porta-do-alen-y-el-marco-do-vento-los-lugares-donde-nace-la-magia-gallega\/","og_site_name":"Galicia con ni\u00f1os | GALICIA M\u00c1XICA","article_publisher":"https:\/\/www.facebook.com\/maria.rodriguezserantes","article_author":"https:\/\/www.facebook.com\/maria.rodriguezserantes","article_published_time":"2022-08-12T14:31:07+00:00","article_modified_time":"2022-08-12T14:43:40+00:00","og_image":[{"width":1024,"height":683,"url":"https:\/\/www.galiciamaxica.eu\/mini\/wp-content\/uploads\/2022\/08\/Castillo-de-Friol_31-1024x682-6.jpg","type":"image\/jpeg"}],"author":"seseixa","twitter_card":"summary_large_image","twitter_creator":"@seseixa","twitter_site":"@seseixa","twitter_misc":{"Escrito por":"seseixa","Tiempo de lectura":"3 minutos"},"schema":{"@context":"https:\/\/schema.org","@graph":[{"@type":"Article","@id":"https:\/\/www.galiciamaxica.eu\/mini\/a-porta-do-alen-y-el-marco-do-vento-los-lugares-donde-nace-la-magia-gallega\/#article","isPartOf":{"@id":"https:\/\/www.galiciamaxica.eu\/mini\/a-porta-do-alen-y-el-marco-do-vento-los-lugares-donde-nace-la-magia-gallega\/"},"author":{"name":"seseixa","@id":"https:\/\/www.galiciamaxica.eu\/mini\/#\/schema\/person\/2b284fe2fd911000a48d2e8936300179"},"headline":"A Porta do Al\u00e9n y el Marco do Vento, los lugares donde nace la magia gallega.","datePublished":"2022-08-12T14:31:07+00:00","dateModified":"2022-08-12T14:43:40+00:00","mainEntityOfPage":{"@id":"https:\/\/www.galiciamaxica.eu\/mini\/a-porta-do-alen-y-el-marco-do-vento-los-lugares-donde-nace-la-magia-gallega\/"},"wordCount":477,"commentCount":0,"publisher":{"@id":"https:\/\/www.galiciamaxica.eu\/mini\/#\/schema\/person\/2b284fe2fd911000a48d2e8936300179"},"image":{"@id":"https:\/\/www.galiciamaxica.eu\/mini\/a-porta-do-alen-y-el-marco-do-vento-los-lugares-donde-nace-la-magia-gallega\/#primaryimage"},"thumbnailUrl":"https:\/\/www.galiciamaxica.eu\/mini\/wp-content\/uploads\/2022\/08\/Castillo-de-Friol_31-1024x682-6.jpg","keywords":["Galicia","Lugares m\u00e1gicos de Galicia"],"articleSection":["PONTEVEDRA"],"inLanguage":"es","potentialAction":[{"@type":"CommentAction","name":"Comment","target":["https:\/\/www.galiciamaxica.eu\/mini\/a-porta-do-alen-y-el-marco-do-vento-los-lugares-donde-nace-la-magia-gallega\/#respond"]}]},{"@type":"WebPage","@id":"https:\/\/www.galiciamaxica.eu\/mini\/a-porta-do-alen-y-el-marco-do-vento-los-lugares-donde-nace-la-magia-gallega\/","url":"https:\/\/www.galiciamaxica.eu\/mini\/a-porta-do-alen-y-el-marco-do-vento-los-lugares-donde-nace-la-magia-gallega\/","name":"A Porta do Al\u00e9n y el Marco do Vento, los lugares donde nace la magia gallega. - Galicia con ni\u00f1os | GALICIA M\u00c1XICA","isPartOf":{"@id":"https:\/\/www.galiciamaxica.eu\/mini\/#website"},"primaryImageOfPage":{"@id":"https:\/\/www.galiciamaxica.eu\/mini\/a-porta-do-alen-y-el-marco-do-vento-los-lugares-donde-nace-la-magia-gallega\/#primaryimage"},"image":{"@id":"https:\/\/www.galiciamaxica.eu\/mini\/a-porta-do-alen-y-el-marco-do-vento-los-lugares-donde-nace-la-magia-gallega\/#primaryimage"},"thumbnailUrl":"https:\/\/www.galiciamaxica.eu\/mini\/wp-content\/uploads\/2022\/08\/Castillo-de-Friol_31-1024x682-6.jpg","datePublished":"2022-08-12T14:31:07+00:00","dateModified":"2022-08-12T14:43:40+00:00","description":"A Porta do Al\u00e9n y el Marco do Vento son dos lugares que deber\u00eda conocer todo aquel que quiera conocer la esencia de Galicia y su magia.","breadcrumb":{"@id":"https:\/\/www.galiciamaxica.eu\/mini\/a-porta-do-alen-y-el-marco-do-vento-los-lugares-donde-nace-la-magia-gallega\/#breadcrumb"},"inLanguage":"es","potentialAction":[{"@type":"ReadAction","target":["https:\/\/www.galiciamaxica.eu\/mini\/a-porta-do-alen-y-el-marco-do-vento-los-lugares-donde-nace-la-magia-gallega\/"]}]},{"@type":"ImageObject","inLanguage":"es","@id":"https:\/\/www.galiciamaxica.eu\/mini\/a-porta-do-alen-y-el-marco-do-vento-los-lugares-donde-nace-la-magia-gallega\/#primaryimage","url":"https:\/\/www.galiciamaxica.eu\/mini\/wp-content\/uploads\/2022\/08\/Castillo-de-Friol_31-1024x682-6.jpg","contentUrl":"https:\/\/www.galiciamaxica.eu\/mini\/wp-content\/uploads\/2022\/08\/Castillo-de-Friol_31-1024x682-6.jpg","width":1024,"height":683,"caption":"Portal\u00e9n"},{"@type":"BreadcrumbList","@id":"https:\/\/www.galiciamaxica.eu\/mini\/a-porta-do-alen-y-el-marco-do-vento-los-lugares-donde-nace-la-magia-gallega\/#breadcrumb","itemListElement":[{"@type":"ListItem","position":1,"name":"Portada","item":"https:\/\/www.galiciamaxica.eu\/mini\/"},{"@type":"ListItem","position":2,"name":"A Porta do Al\u00e9n y el Marco do Vento, los lugares donde nace la magia gallega."}]},{"@type":"WebSite","@id":"https:\/\/www.galiciamaxica.eu\/mini\/#website","url":"https:\/\/www.galiciamaxica.eu\/mini\/","name":"Galicia con ni\u00f1os | GALICIA M\u00c1XICA","description":"Qu\u00e9 hacer con ni\u00f1os en Galicia","publisher":{"@id":"https:\/\/www.galiciamaxica.eu\/mini\/#\/schema\/person\/2b284fe2fd911000a48d2e8936300179"},"potentialAction":[{"@type":"SearchAction","target":{"@type":"EntryPoint","urlTemplate":"https:\/\/www.galiciamaxica.eu\/mini\/?s={search_term_string}"},"query-input":{"@type":"PropertyValueSpecification","valueRequired":true,"valueName":"search_term_string"}}],"inLanguage":"es"},{"@type":["Person","Organization"],"@id":"https:\/\/www.galiciamaxica.eu\/mini\/#\/schema\/person\/2b284fe2fd911000a48d2e8936300179","name":"seseixa","image":{"@type":"ImageObject","inLanguage":"es","@id":"https:\/\/www.galiciamaxica.eu\/mini\/#\/schema\/person\/image\/","url":"https:\/\/www.galiciamaxica.eu\/mini\/wp-content\/uploads\/2019\/02\/seseixa.png","contentUrl":"https:\/\/www.galiciamaxica.eu\/mini\/wp-content\/uploads\/2019\/02\/seseixa.png","width":100,"height":100,"caption":"seseixa"},"logo":{"@id":"https:\/\/www.galiciamaxica.eu\/mini\/#\/schema\/person\/image\/"},"description":"En la actualidad combinando dos proyectos que me apasionan, Galicia y los ni\u00f1os. Tengo mucho que aportar y otro tanto que aprender, as\u00ed como, el tiempo y el coraz\u00f3n, dividido en todo momento. Soy mam\u00e1, un titulo otorgado a tiempo completo, compa\u00f1era y amiga, a todas horas, familiar y cercana, siempre. De esp\u00edritu inquieto, soy una eterna ni\u00f1a que juega en el pa\u00eds de las maravillas. Una enamorada de mi tierra, por la que trabajo sin descanso. Creo en la infancia como motor que cambiar\u00e1 el mundo a mejor y busco en mi vida la felicidad como estado permanente porque s\u00f3lo se vive una vez.","sameAs":["http:\/\/mini.galiciamaxica.eu\/","https:\/\/www.facebook.com\/maria.rodriguezserantes","https:\/\/x.com\/seseixa"],"url":"https:\/\/www.galiciamaxica.eu\/mini\/author\/seseixa\/"}]}},"amp_enabled":true,"post_mailing_queue_ids":[],"_links":{"self":[{"href":"https:\/\/www.galiciamaxica.eu\/mini\/wp-json\/wp\/v2\/posts\/19681"}],"collection":[{"href":"https:\/\/www.galiciamaxica.eu\/mini\/wp-json\/wp\/v2\/posts"}],"about":[{"href":"https:\/\/www.galiciamaxica.eu\/mini\/wp-json\/wp\/v2\/types\/post"}],"author":[{"embeddable":true,"href":"https:\/\/www.galiciamaxica.eu\/mini\/wp-json\/wp\/v2\/users\/1"}],"replies":[{"embeddable":true,"href":"https:\/\/www.galiciamaxica.eu\/mini\/wp-json\/wp\/v2\/comments?post=19681"}],"version-history":[{"count":3,"href":"https:\/\/www.galiciamaxica.eu\/mini\/wp-json\/wp\/v2\/posts\/19681\/revisions"}],"predecessor-version":[{"id":19685,"href":"https:\/\/www.galiciamaxica.eu\/mini\/wp-json\/wp\/v2\/posts\/19681\/revisions\/19685"}],"wp:featuredmedia":[{"embeddable":true,"href":"https:\/\/www.galiciamaxica.eu\/mini\/wp-json\/wp\/v2\/media\/19682"}],"wp:attachment":[{"href":"https:\/\/www.galiciamaxica.eu\/mini\/wp-json\/wp\/v2\/media?parent=19681"}],"wp:term":[{"taxonomy":"category","embeddable":true,"href":"https:\/\/www.galiciamaxica.eu\/mini\/wp-json\/wp\/v2\/categories?post=19681"},{"taxonomy":"post_tag","embeddable":true,"href":"https:\/\/www.galiciamaxica.eu\/mini\/wp-json\/wp\/v2\/tags?post=19681"}],"curies":[{"name":"wp","href":"https:\/\/api.w.org\/{rel}","templated":true}]}}