{"id":19675,"date":"2022-08-11T19:06:49","date_gmt":"2022-08-11T17:06:49","guid":{"rendered":"https:\/\/www.galiciamaxica.eu\/mini\/?p=19675"},"modified":"2024-08-13T19:39:03","modified_gmt":"2024-08-13T17:39:03","slug":"tocan-las-perseidas-a-pedir-deseos-en-la-lluvia-de-estrellas","status":"publish","type":"post","link":"https:\/\/www.galiciamaxica.eu\/mini\/tocan-las-perseidas-a-pedir-deseos-en-la-lluvia-de-estrellas\/","title":{"rendered":"Tocan las Perseidas! A pedir deseos en la lluvia de estrellas"},"content":{"rendered":"<p align=\"center\">Estos d\u00edas, si el tiempo lo permite, tenemos la oportunidad de poder observar la lluvia de estrellas m\u00e1s importante del a\u00f1o.<\/p>\n<h1 align=\"center\"><a href=\"https:\/\/www.galiciamaxica.eu\/blog\/perseidas-lluvia-de-estrellas-galicia\/\">Las Perseidas<\/a><\/h1>\n<p style=\"text-align: center;\">Por eso queremos que sep\u00e1is todo lo necesario sobre este fen\u00f3meno que se repite todos los a\u00f1os por estas fechas. Este a\u00f1o muy atentos a la madrugada del <strong>12 al 13 de agosto,<\/strong> seg\u00fan el Instituto de Astrof\u00edsica de Andaluc\u00eda (IAA-CSIC) ser\u00e1 el d\u00eda de mayor actividad del fen\u00f3meno..<\/p>\n<p style=\"text-align: center;\"><img fetchpriority=\"high\" decoding=\"async\" class=\"aligncenter\" src=\"https:\/\/galiciamaxica.eu\/mini\/wp-content\/uploads\/2019\/10\/Estrellas-Fugaces-Observatorio-79106.gif\" alt=\"\" width=\"609\" height=\"371\" \/><\/p>\n<p style=\"text-align: center;\"><strong>\u00bfQu\u00e9 son las perseidas y por que las llaman \u00abl\u00e1grimas de San Lorenzo\u00bb?<\/strong><br \/>Las Perseidas no es la \u00fanica lluvia de estrellas del a\u00f1o, pero si la m\u00e1s conocida debido a su actividad y sobre todo a las fechas cuando se produce ya que en Agosto alcanza su m\u00e1ximo.<\/p>\n<p style=\"text-align: center;\">El causante de este fen\u00f3meno es el cometa 109P\/Swift-Tuttle. Todos los a\u00f1os el planeta tierra durante su \u00f3rbita pasa por la nube de polvo que dej\u00f3 este cometa , provocando que esas min\u00fasculas part\u00edculas rocen la atm\u00f3sfera y entren en incandescencia creando un b\u00f3lido de luz que atraviesa parte del cielo.<\/p>\n<p style=\"text-align: center;\">Su m\u00e1ximo suele coincidir alrededor del d\u00eda 10, d\u00eda de San Lourenzo, con lo que esta lluvia se ha asociado a las l\u00e1grimas que el santo verti\u00f3 durante su martirio.<\/p>\n<p style=\"text-align: center;\">\u00a0<\/p>\n<h2 style=\"text-align: center;\"><strong>\u00bfQu\u00e9 podremos ver?<\/strong><\/h2>\n<p style=\"text-align: center;\">No debemos pensar que nos har\u00e1 falta un paraguas para cubrirnos de la lluvia ya que el fen\u00f3meno es menos intenso de lo que el nombre nos lleva a pensar. En noches buenas podremos ver entre 50 y 200 estrellas fugaces. Si no tenemos suerte es posible que veamos muchas menos. Sin embargo el espect\u00e1culo que crean es digno de observar y m\u00e1s teniendo en cuenta que a veces su luminosidad alcanzan magnitudes de -5 o m\u00e1s.<\/p>\n<p><img decoding=\"async\" class=\"aligncenter\" src=\"https:\/\/galiciamaxica.eu\/mini\/wp-content\/uploads\/2019\/10\/hlao19.gif\" alt=\"\" width=\"425\" height=\"594\" \/><\/p>\n<h2 style=\"text-align: center;\"><strong>\u00bfHacia d\u00f3nde y a qu\u00e9 hora verlas?<\/strong><\/h2>\n<p style=\"text-align: center;\"><br \/>La lluvia de estrellas <strong>dura alrededor de un mes<\/strong> por lo que cualquier momento es bueno para verlas. Sin embargo recuerda que en la madrugada del d\u00eda 12 y 13 alcanza su m\u00e1ximo y es cu\u00e1ndo podremos tener una buena \u00abcaza\u00bb de estrellas fugaces.<\/p>\n<h2 style=\"text-align: center;\"><strong>Recomendaciones<\/strong><\/h2>\n<p style=\"text-align: center;\">Pero sobre todo lo que os pedimos a vosotros, y a vuestros peques es:<\/p>\n<h3 style=\"text-align: center;\"><strong><em>P A C I E N C I A<\/em><\/strong><\/h3>\n<p style=\"text-align: center;\"><img decoding=\"async\" class=\"aligncenter\" src=\"https:\/\/galiciamaxica.eu\/mini\/wp-content\/uploads\/2019\/10\/gif-piscina2525202525281252529.gif\" alt=\"\" width=\"631\" height=\"343\" \/><\/p>\n<p style=\"text-align: center;\">Debemos dirigir nuestra vista, aunque no es del todo necesario, hacia el Este, lugar por donde saldr\u00e1 la <strong>constelaci\u00f3n de Perseo<\/strong> que es quien da el nombre a esta lluvia de estrellas.<\/p>\n<p style=\"text-align: center;\">Un efecto visual hace que su origen (apex) parezca venir de esta constelaci\u00f3n, pero no la veremos hasta las tantas de la madrugada que es cuando est\u00e1 un poco m\u00e1s alta. Por eso no hace falta que la esper\u00e9is ya que las estrellas fugaces podremos verlas a cualquier hora.<br \/>Por eso es bueno que aprovechemos la noche para poder aprender alguna cosilla de lo que el cielo nos muestra. Uno de los problemas de estas noches es que no podremos ver ning\u00fan planeta por lo que restaremos buenos objetos para la observaci\u00f3n.<\/p>\n<p style=\"text-align: center;\"><\/p>\n<h3 style=\"text-align: center;\"><strong>\u00bfQU\u00c9 NECESITO?<\/strong><\/h3>\n<p style=\"text-align: center;\"><br \/>Os proponemos varias cosillas para que no pas\u00e9is una noche inc\u00f3moda y aburrida.<\/p>\n<ol>\n<li style=\"text-align: center;\">Esterillas o toallas para acostarse en el suelo ya que una posici\u00f3n c\u00f3moda os llenar\u00e1 de paciencia a vosotros y a vuestros hijos.<\/li>\n<li style=\"text-align: center;\">Ropa de abrigo. A los gallegos no hace falta avisarles de que las noches en cualquier \u00e9poca del a\u00f1o no suelen ser muy calurosas e incluso en verano pueden ser muy frescas.<\/li>\n<li style=\"text-align: center;\">Alejaros de las ciudades y del mar ya que la luminosidad de estas y la bruma del mar rebajan la visibilidad del cielo nocturno.<\/li>\n<li style=\"text-align: center;\">\u00a0Llevaros un smartphone, que seguro que lo ten\u00e9is y descargaros la aplicaci\u00f3n gratuita <a style=\"font-size: 1rem; background-color: var(--ast-global-color-5);\" href=\"https:\/\/www.google.es\/intl\/es_es\/sky\/\">GOOGLE SKY MAP.<\/a><span style=\"font-size: 1rem; color: var(--ast-global-color-3); background-color: var(--ast-global-color-5);\"> Se trata de una aplicaci\u00f3n maravillosa para adultos y ni\u00f1os ya que con tal de dirigir el tel\u00e9fono hacia el cielo podremos ver las constelaciones con sus nombres y todos los dem\u00e1s objetos en la posici\u00f3n en que se encuentran.<\/span><\/li>\n<\/ol>\n<p style=\"text-align: center;\">Y con esto y si el tiempo lo permite preparados para contar estrellas fugaces y ir pensando los deseos que os imagin\u00e9is.<\/p>\n<h2 style=\"text-align: center;\">Mapa<\/h2>\n<p style=\"text-align: center;\">Este es<strong> el mapa de estrellas<\/strong> que os podr\u00e9is encontrar estas noches:<\/p>\n<p><img loading=\"lazy\" decoding=\"async\" class=\"aligncenter\" src=\"https:\/\/galiciamaxica.eu\/mini\/wp-content\/uploads\/2019\/10\/a2.jpg\" alt=\"\" width=\"800\" height=\"697\" \/><\/p>\n\n\n<blockquote class=\"twitter-tweet\"><p lang=\"es\" dir=\"ltr\">Damos la bienvenida al mes de agosto recordando que la madrugada del 12 al 13 tenemos una nueva cita para ver en directo la m\u00e1xima actividad de la lluvia de las <a href=\"https:\/\/twitter.com\/hashtag\/Perseidas2022?src=hash&amp;ref_src=twsrc%5Etfw\">#Perseidas2022<\/a> desde Madeira y los Observatorios de Canarias (<a href=\"https:\/\/twitter.com\/IAC_Astrofisica?ref_src=twsrc%5Etfw\">@IAC_Astrofisica<\/a>) en <a href=\"https:\/\/t.co\/ov0AmvRwGt\">https:\/\/t.co\/ov0AmvRwGt<\/a><a href=\"https:\/\/twitter.com\/hashtag\/skylivetv?src=hash&amp;ref_src=twsrc%5Etfw\">#skylivetv<\/a> <a href=\"https:\/\/t.co\/BKFdPqCrpI\">pic.twitter.com\/BKFdPqCrpI<\/a><\/p>&mdash; Sky-Live.TV (@sky_live_tv) <a href=\"https:\/\/twitter.com\/sky_live_tv\/status\/1554045257700020225?ref_src=twsrc%5Etfw\">August 1, 2022<\/a><\/blockquote> <script async src=\"https:\/\/platform.twitter.com\/widgets.js\" charset=\"utf-8\"><\/script>\n","protected":false},"excerpt":{"rendered":"<p>Estos d\u00edas, si el tiempo lo permite, tenemos la oportunidad de poder observar la lluvia de estrellas m\u00e1s importante del a\u00f1o. Las Perseidas Por eso queremos que sep\u00e1is todo lo necesario sobre este fen\u00f3meno que se repite todos los a\u00f1os por estas fechas. Este a\u00f1o muy atentos a la madrugada del 12 al 13 de [&hellip;]<\/p>\n","protected":false},"author":1,"featured_media":19676,"comment_status":"open","ping_status":"closed","sticky":false,"template":"","format":"standard","meta":{"_eb_attr":"","site-sidebar-layout":"default","site-content-layout":"","ast-site-content-layout":"","site-content-style":"default","site-sidebar-style":"default","ast-global-header-display":"","ast-banner-title-visibility":"","ast-main-header-display":"","ast-hfb-above-header-display":"","ast-hfb-below-header-display":"","ast-hfb-mobile-header-display":"","site-post-title":"","ast-breadcrumbs-content":"","ast-featured-img":"","footer-sml-layout":"","theme-transparent-header-meta":"","adv-header-id-meta":"","stick-header-meta":"","header-above-stick-meta":"","header-main-stick-meta":"","header-below-stick-meta":"","astra-migrate-meta-layouts":"default","ast-page-background-enabled":"default","ast-page-background-meta":{"desktop":{"background-color":"","background-image":"","background-repeat":"repeat","background-position":"center center","background-size":"auto","background-attachment":"scroll","background-type":"","background-media":"","overlay-type":"","overlay-color":"","overlay-opacity":"","overlay-gradient":""},"tablet":{"background-color":"","background-image":"","background-repeat":"repeat","background-position":"center center","background-size":"auto","background-attachment":"scroll","background-type":"","background-media":"","overlay-type":"","overlay-color":"","overlay-opacity":"","overlay-gradient":""},"mobile":{"background-color":"","background-image":"","background-repeat":"repeat","background-position":"center center","background-size":"auto","background-attachment":"scroll","background-type":"","background-media":"","overlay-type":"","overlay-color":"","overlay-opacity":"","overlay-gradient":""}},"ast-content-background-meta":{"desktop":{"background-color":"var(--ast-global-color-5)","background-image":"","background-repeat":"repeat","background-position":"center center","background-size":"auto","background-attachment":"scroll","background-type":"","background-media":"","overlay-type":"","overlay-color":"","overlay-opacity":"","overlay-gradient":""},"tablet":{"background-color":"var(--ast-global-color-5)","background-image":"","background-repeat":"repeat","background-position":"center center","background-size":"auto","background-attachment":"scroll","background-type":"","background-media":"","overlay-type":"","overlay-color":"","overlay-opacity":"","overlay-gradient":""},"mobile":{"background-color":"var(--ast-global-color-5)","background-image":"","background-repeat":"repeat","background-position":"center center","background-size":"auto","background-attachment":"scroll","background-type":"","background-media":"","overlay-type":"","overlay-color":"","overlay-opacity":"","overlay-gradient":""}},"footnotes":""},"categories":[1],"tags":[25,198],"class_list":["post-19675","post","type-post","status-publish","format-standard","has-post-thumbnail","hentry","category-familia","tag-galicia","tag-perseidas"],"yoast_head":"<!-- This site is optimized with the Yoast SEO plugin v24.9 - https:\/\/yoast.com\/wordpress\/plugins\/seo\/ -->\n<title>Tocan las Perseidas! A pedir deseos en la lluvia de estrellas - Galicia con ni\u00f1os | GALICIA M\u00c1XICA<\/title>\n<meta name=\"description\" content=\"Estos d\u00edas, si el tiempo lo permite, tenemos la oportunidad de poder observar la lluvia de estrellas m\u00e1s importante del a\u00f1o, las Perseidas.\" \/>\n<meta name=\"robots\" content=\"index, follow, max-snippet:-1, max-image-preview:large, max-video-preview:-1\" \/>\n<link rel=\"canonical\" href=\"https:\/\/www.galiciamaxica.eu\/mini\/tocan-las-perseidas-a-pedir-deseos-en-la-lluvia-de-estrellas\/\" \/>\n<meta property=\"og:locale\" content=\"es_ES\" \/>\n<meta property=\"og:type\" content=\"article\" \/>\n<meta property=\"og:title\" content=\"Tocan las Perseidas! A pedir deseos en la lluvia de estrellas - Galicia con ni\u00f1os | GALICIA M\u00c1XICA\" \/>\n<meta property=\"og:description\" content=\"Estos d\u00edas, si el tiempo lo permite, tenemos la oportunidad de poder observar la lluvia de estrellas m\u00e1s importante del a\u00f1o, las Perseidas.\" \/>\n<meta property=\"og:url\" content=\"https:\/\/www.galiciamaxica.eu\/mini\/tocan-las-perseidas-a-pedir-deseos-en-la-lluvia-de-estrellas\/\" \/>\n<meta property=\"og:site_name\" content=\"Galicia con ni\u00f1os | GALICIA M\u00c1XICA\" \/>\n<meta property=\"article:publisher\" content=\"https:\/\/www.facebook.com\/maria.rodriguezserantes\" \/>\n<meta property=\"article:author\" content=\"https:\/\/www.facebook.com\/maria.rodriguezserantes\" \/>\n<meta property=\"article:published_time\" content=\"2022-08-11T17:06:49+00:00\" \/>\n<meta property=\"article:modified_time\" content=\"2024-08-13T17:39:03+00:00\" \/>\n<meta property=\"og:image\" content=\"https:\/\/www.galiciamaxica.eu\/mini\/wp-content\/uploads\/2022\/08\/9TPTZzLKR_xKbsvg6rLFS77-Qd-yP10kfw5vByRZqJseJxFPc-3.jpg\" \/>\n\t<meta property=\"og:image:width\" content=\"960\" \/>\n\t<meta property=\"og:image:height\" content=\"635\" \/>\n\t<meta property=\"og:image:type\" content=\"image\/jpeg\" \/>\n<meta name=\"author\" content=\"seseixa\" \/>\n<meta name=\"twitter:card\" content=\"summary_large_image\" \/>\n<meta name=\"twitter:creator\" content=\"@seseixa\" \/>\n<meta name=\"twitter:site\" content=\"@seseixa\" \/>\n<meta name=\"twitter:label1\" content=\"Escrito por\" \/>\n\t<meta name=\"twitter:data1\" content=\"seseixa\" \/>\n\t<meta name=\"twitter:label2\" content=\"Tiempo de lectura\" \/>\n\t<meta name=\"twitter:data2\" content=\"5 minutos\" \/>\n<script type=\"application\/ld+json\" class=\"yoast-schema-graph\">{\"@context\":\"https:\/\/schema.org\",\"@graph\":[{\"@type\":\"Article\",\"@id\":\"https:\/\/www.galiciamaxica.eu\/mini\/tocan-las-perseidas-a-pedir-deseos-en-la-lluvia-de-estrellas\/#article\",\"isPartOf\":{\"@id\":\"https:\/\/www.galiciamaxica.eu\/mini\/tocan-las-perseidas-a-pedir-deseos-en-la-lluvia-de-estrellas\/\"},\"author\":{\"name\":\"seseixa\",\"@id\":\"https:\/\/www.galiciamaxica.eu\/mini\/#\/schema\/person\/2b284fe2fd911000a48d2e8936300179\"},\"headline\":\"Tocan las Perseidas! A pedir deseos en la lluvia de estrellas\",\"datePublished\":\"2022-08-11T17:06:49+00:00\",\"dateModified\":\"2024-08-13T17:39:03+00:00\",\"mainEntityOfPage\":{\"@id\":\"https:\/\/www.galiciamaxica.eu\/mini\/tocan-las-perseidas-a-pedir-deseos-en-la-lluvia-de-estrellas\/\"},\"wordCount\":782,\"commentCount\":0,\"publisher\":{\"@id\":\"https:\/\/www.galiciamaxica.eu\/mini\/#\/schema\/person\/2b284fe2fd911000a48d2e8936300179\"},\"image\":{\"@id\":\"https:\/\/www.galiciamaxica.eu\/mini\/tocan-las-perseidas-a-pedir-deseos-en-la-lluvia-de-estrellas\/#primaryimage\"},\"thumbnailUrl\":\"https:\/\/www.galiciamaxica.eu\/mini\/wp-content\/uploads\/2022\/08\/9TPTZzLKR_xKbsvg6rLFS77-Qd-yP10kfw5vByRZqJseJxFPc-3.jpg\",\"keywords\":[\"Galicia\",\"perseidas\"],\"articleSection\":[\"FAMILIA\"],\"inLanguage\":\"es\",\"potentialAction\":[{\"@type\":\"CommentAction\",\"name\":\"Comment\",\"target\":[\"https:\/\/www.galiciamaxica.eu\/mini\/tocan-las-perseidas-a-pedir-deseos-en-la-lluvia-de-estrellas\/#respond\"]}]},{\"@type\":\"WebPage\",\"@id\":\"https:\/\/www.galiciamaxica.eu\/mini\/tocan-las-perseidas-a-pedir-deseos-en-la-lluvia-de-estrellas\/\",\"url\":\"https:\/\/www.galiciamaxica.eu\/mini\/tocan-las-perseidas-a-pedir-deseos-en-la-lluvia-de-estrellas\/\",\"name\":\"Tocan las Perseidas! A pedir deseos en la lluvia de estrellas - Galicia con ni\u00f1os | GALICIA M\u00c1XICA\",\"isPartOf\":{\"@id\":\"https:\/\/www.galiciamaxica.eu\/mini\/#website\"},\"primaryImageOfPage\":{\"@id\":\"https:\/\/www.galiciamaxica.eu\/mini\/tocan-las-perseidas-a-pedir-deseos-en-la-lluvia-de-estrellas\/#primaryimage\"},\"image\":{\"@id\":\"https:\/\/www.galiciamaxica.eu\/mini\/tocan-las-perseidas-a-pedir-deseos-en-la-lluvia-de-estrellas\/#primaryimage\"},\"thumbnailUrl\":\"https:\/\/www.galiciamaxica.eu\/mini\/wp-content\/uploads\/2022\/08\/9TPTZzLKR_xKbsvg6rLFS77-Qd-yP10kfw5vByRZqJseJxFPc-3.jpg\",\"datePublished\":\"2022-08-11T17:06:49+00:00\",\"dateModified\":\"2024-08-13T17:39:03+00:00\",\"description\":\"Estos d\u00edas, si el tiempo lo permite, tenemos la oportunidad de poder observar la lluvia de estrellas m\u00e1s importante del a\u00f1o, las Perseidas.\",\"breadcrumb\":{\"@id\":\"https:\/\/www.galiciamaxica.eu\/mini\/tocan-las-perseidas-a-pedir-deseos-en-la-lluvia-de-estrellas\/#breadcrumb\"},\"inLanguage\":\"es\",\"potentialAction\":[{\"@type\":\"ReadAction\",\"target\":[\"https:\/\/www.galiciamaxica.eu\/mini\/tocan-las-perseidas-a-pedir-deseos-en-la-lluvia-de-estrellas\/\"]}]},{\"@type\":\"ImageObject\",\"inLanguage\":\"es\",\"@id\":\"https:\/\/www.galiciamaxica.eu\/mini\/tocan-las-perseidas-a-pedir-deseos-en-la-lluvia-de-estrellas\/#primaryimage\",\"url\":\"https:\/\/www.galiciamaxica.eu\/mini\/wp-content\/uploads\/2022\/08\/9TPTZzLKR_xKbsvg6rLFS77-Qd-yP10kfw5vByRZqJseJxFPc-3.jpg\",\"contentUrl\":\"https:\/\/www.galiciamaxica.eu\/mini\/wp-content\/uploads\/2022\/08\/9TPTZzLKR_xKbsvg6rLFS77-Qd-yP10kfw5vByRZqJseJxFPc-3.jpg\",\"width\":960,\"height\":635,\"caption\":\"perseidas\"},{\"@type\":\"BreadcrumbList\",\"@id\":\"https:\/\/www.galiciamaxica.eu\/mini\/tocan-las-perseidas-a-pedir-deseos-en-la-lluvia-de-estrellas\/#breadcrumb\",\"itemListElement\":[{\"@type\":\"ListItem\",\"position\":1,\"name\":\"Portada\",\"item\":\"https:\/\/www.galiciamaxica.eu\/mini\/\"},{\"@type\":\"ListItem\",\"position\":2,\"name\":\"Tocan las Perseidas! A pedir deseos en la lluvia de estrellas\"}]},{\"@type\":\"WebSite\",\"@id\":\"https:\/\/www.galiciamaxica.eu\/mini\/#website\",\"url\":\"https:\/\/www.galiciamaxica.eu\/mini\/\",\"name\":\"Galicia con ni\u00f1os | GALICIA M\u00c1XICA\",\"description\":\"Qu\u00e9 hacer con ni\u00f1os en Galicia\",\"publisher\":{\"@id\":\"https:\/\/www.galiciamaxica.eu\/mini\/#\/schema\/person\/2b284fe2fd911000a48d2e8936300179\"},\"potentialAction\":[{\"@type\":\"SearchAction\",\"target\":{\"@type\":\"EntryPoint\",\"urlTemplate\":\"https:\/\/www.galiciamaxica.eu\/mini\/?s={search_term_string}\"},\"query-input\":{\"@type\":\"PropertyValueSpecification\",\"valueRequired\":true,\"valueName\":\"search_term_string\"}}],\"inLanguage\":\"es\"},{\"@type\":[\"Person\",\"Organization\"],\"@id\":\"https:\/\/www.galiciamaxica.eu\/mini\/#\/schema\/person\/2b284fe2fd911000a48d2e8936300179\",\"name\":\"seseixa\",\"image\":{\"@type\":\"ImageObject\",\"inLanguage\":\"es\",\"@id\":\"https:\/\/www.galiciamaxica.eu\/mini\/#\/schema\/person\/image\/\",\"url\":\"https:\/\/www.galiciamaxica.eu\/mini\/wp-content\/uploads\/2019\/02\/seseixa.png\",\"contentUrl\":\"https:\/\/www.galiciamaxica.eu\/mini\/wp-content\/uploads\/2019\/02\/seseixa.png\",\"width\":100,\"height\":100,\"caption\":\"seseixa\"},\"logo\":{\"@id\":\"https:\/\/www.galiciamaxica.eu\/mini\/#\/schema\/person\/image\/\"},\"description\":\"En la actualidad combinando dos proyectos que me apasionan, Galicia y los ni\u00f1os. Tengo mucho que aportar y otro tanto que aprender, as\u00ed como, el tiempo y el coraz\u00f3n, dividido en todo momento. Soy mam\u00e1, un titulo otorgado a tiempo completo, compa\u00f1era y amiga, a todas horas, familiar y cercana, siempre. De esp\u00edritu inquieto, soy una eterna ni\u00f1a que juega en el pa\u00eds de las maravillas. Una enamorada de mi tierra, por la que trabajo sin descanso. Creo en la infancia como motor que cambiar\u00e1 el mundo a mejor y busco en mi vida la felicidad como estado permanente porque s\u00f3lo se vive una vez.\",\"sameAs\":[\"http:\/\/mini.galiciamaxica.eu\/\",\"https:\/\/www.facebook.com\/maria.rodriguezserantes\",\"https:\/\/x.com\/seseixa\"],\"url\":\"https:\/\/www.galiciamaxica.eu\/mini\/author\/seseixa\/\"}]}<\/script>\n<!-- \/ Yoast SEO plugin. -->","yoast_head_json":{"title":"Tocan las Perseidas! A pedir deseos en la lluvia de estrellas - Galicia con ni\u00f1os | GALICIA M\u00c1XICA","description":"Estos d\u00edas, si el tiempo lo permite, tenemos la oportunidad de poder observar la lluvia de estrellas m\u00e1s importante del a\u00f1o, las Perseidas.","robots":{"index":"index","follow":"follow","max-snippet":"max-snippet:-1","max-image-preview":"max-image-preview:large","max-video-preview":"max-video-preview:-1"},"canonical":"https:\/\/www.galiciamaxica.eu\/mini\/tocan-las-perseidas-a-pedir-deseos-en-la-lluvia-de-estrellas\/","og_locale":"es_ES","og_type":"article","og_title":"Tocan las Perseidas! A pedir deseos en la lluvia de estrellas - Galicia con ni\u00f1os | GALICIA M\u00c1XICA","og_description":"Estos d\u00edas, si el tiempo lo permite, tenemos la oportunidad de poder observar la lluvia de estrellas m\u00e1s importante del a\u00f1o, las Perseidas.","og_url":"https:\/\/www.galiciamaxica.eu\/mini\/tocan-las-perseidas-a-pedir-deseos-en-la-lluvia-de-estrellas\/","og_site_name":"Galicia con ni\u00f1os | GALICIA M\u00c1XICA","article_publisher":"https:\/\/www.facebook.com\/maria.rodriguezserantes","article_author":"https:\/\/www.facebook.com\/maria.rodriguezserantes","article_published_time":"2022-08-11T17:06:49+00:00","article_modified_time":"2024-08-13T17:39:03+00:00","og_image":[{"width":960,"height":635,"url":"https:\/\/www.galiciamaxica.eu\/mini\/wp-content\/uploads\/2022\/08\/9TPTZzLKR_xKbsvg6rLFS77-Qd-yP10kfw5vByRZqJseJxFPc-3.jpg","type":"image\/jpeg"}],"author":"seseixa","twitter_card":"summary_large_image","twitter_creator":"@seseixa","twitter_site":"@seseixa","twitter_misc":{"Escrito por":"seseixa","Tiempo de lectura":"5 minutos"},"schema":{"@context":"https:\/\/schema.org","@graph":[{"@type":"Article","@id":"https:\/\/www.galiciamaxica.eu\/mini\/tocan-las-perseidas-a-pedir-deseos-en-la-lluvia-de-estrellas\/#article","isPartOf":{"@id":"https:\/\/www.galiciamaxica.eu\/mini\/tocan-las-perseidas-a-pedir-deseos-en-la-lluvia-de-estrellas\/"},"author":{"name":"seseixa","@id":"https:\/\/www.galiciamaxica.eu\/mini\/#\/schema\/person\/2b284fe2fd911000a48d2e8936300179"},"headline":"Tocan las Perseidas! A pedir deseos en la lluvia de estrellas","datePublished":"2022-08-11T17:06:49+00:00","dateModified":"2024-08-13T17:39:03+00:00","mainEntityOfPage":{"@id":"https:\/\/www.galiciamaxica.eu\/mini\/tocan-las-perseidas-a-pedir-deseos-en-la-lluvia-de-estrellas\/"},"wordCount":782,"commentCount":0,"publisher":{"@id":"https:\/\/www.galiciamaxica.eu\/mini\/#\/schema\/person\/2b284fe2fd911000a48d2e8936300179"},"image":{"@id":"https:\/\/www.galiciamaxica.eu\/mini\/tocan-las-perseidas-a-pedir-deseos-en-la-lluvia-de-estrellas\/#primaryimage"},"thumbnailUrl":"https:\/\/www.galiciamaxica.eu\/mini\/wp-content\/uploads\/2022\/08\/9TPTZzLKR_xKbsvg6rLFS77-Qd-yP10kfw5vByRZqJseJxFPc-3.jpg","keywords":["Galicia","perseidas"],"articleSection":["FAMILIA"],"inLanguage":"es","potentialAction":[{"@type":"CommentAction","name":"Comment","target":["https:\/\/www.galiciamaxica.eu\/mini\/tocan-las-perseidas-a-pedir-deseos-en-la-lluvia-de-estrellas\/#respond"]}]},{"@type":"WebPage","@id":"https:\/\/www.galiciamaxica.eu\/mini\/tocan-las-perseidas-a-pedir-deseos-en-la-lluvia-de-estrellas\/","url":"https:\/\/www.galiciamaxica.eu\/mini\/tocan-las-perseidas-a-pedir-deseos-en-la-lluvia-de-estrellas\/","name":"Tocan las Perseidas! A pedir deseos en la lluvia de estrellas - Galicia con ni\u00f1os | GALICIA M\u00c1XICA","isPartOf":{"@id":"https:\/\/www.galiciamaxica.eu\/mini\/#website"},"primaryImageOfPage":{"@id":"https:\/\/www.galiciamaxica.eu\/mini\/tocan-las-perseidas-a-pedir-deseos-en-la-lluvia-de-estrellas\/#primaryimage"},"image":{"@id":"https:\/\/www.galiciamaxica.eu\/mini\/tocan-las-perseidas-a-pedir-deseos-en-la-lluvia-de-estrellas\/#primaryimage"},"thumbnailUrl":"https:\/\/www.galiciamaxica.eu\/mini\/wp-content\/uploads\/2022\/08\/9TPTZzLKR_xKbsvg6rLFS77-Qd-yP10kfw5vByRZqJseJxFPc-3.jpg","datePublished":"2022-08-11T17:06:49+00:00","dateModified":"2024-08-13T17:39:03+00:00","description":"Estos d\u00edas, si el tiempo lo permite, tenemos la oportunidad de poder observar la lluvia de estrellas m\u00e1s importante del a\u00f1o, las Perseidas.","breadcrumb":{"@id":"https:\/\/www.galiciamaxica.eu\/mini\/tocan-las-perseidas-a-pedir-deseos-en-la-lluvia-de-estrellas\/#breadcrumb"},"inLanguage":"es","potentialAction":[{"@type":"ReadAction","target":["https:\/\/www.galiciamaxica.eu\/mini\/tocan-las-perseidas-a-pedir-deseos-en-la-lluvia-de-estrellas\/"]}]},{"@type":"ImageObject","inLanguage":"es","@id":"https:\/\/www.galiciamaxica.eu\/mini\/tocan-las-perseidas-a-pedir-deseos-en-la-lluvia-de-estrellas\/#primaryimage","url":"https:\/\/www.galiciamaxica.eu\/mini\/wp-content\/uploads\/2022\/08\/9TPTZzLKR_xKbsvg6rLFS77-Qd-yP10kfw5vByRZqJseJxFPc-3.jpg","contentUrl":"https:\/\/www.galiciamaxica.eu\/mini\/wp-content\/uploads\/2022\/08\/9TPTZzLKR_xKbsvg6rLFS77-Qd-yP10kfw5vByRZqJseJxFPc-3.jpg","width":960,"height":635,"caption":"perseidas"},{"@type":"BreadcrumbList","@id":"https:\/\/www.galiciamaxica.eu\/mini\/tocan-las-perseidas-a-pedir-deseos-en-la-lluvia-de-estrellas\/#breadcrumb","itemListElement":[{"@type":"ListItem","position":1,"name":"Portada","item":"https:\/\/www.galiciamaxica.eu\/mini\/"},{"@type":"ListItem","position":2,"name":"Tocan las Perseidas! A pedir deseos en la lluvia de estrellas"}]},{"@type":"WebSite","@id":"https:\/\/www.galiciamaxica.eu\/mini\/#website","url":"https:\/\/www.galiciamaxica.eu\/mini\/","name":"Galicia con ni\u00f1os | GALICIA M\u00c1XICA","description":"Qu\u00e9 hacer con ni\u00f1os en Galicia","publisher":{"@id":"https:\/\/www.galiciamaxica.eu\/mini\/#\/schema\/person\/2b284fe2fd911000a48d2e8936300179"},"potentialAction":[{"@type":"SearchAction","target":{"@type":"EntryPoint","urlTemplate":"https:\/\/www.galiciamaxica.eu\/mini\/?s={search_term_string}"},"query-input":{"@type":"PropertyValueSpecification","valueRequired":true,"valueName":"search_term_string"}}],"inLanguage":"es"},{"@type":["Person","Organization"],"@id":"https:\/\/www.galiciamaxica.eu\/mini\/#\/schema\/person\/2b284fe2fd911000a48d2e8936300179","name":"seseixa","image":{"@type":"ImageObject","inLanguage":"es","@id":"https:\/\/www.galiciamaxica.eu\/mini\/#\/schema\/person\/image\/","url":"https:\/\/www.galiciamaxica.eu\/mini\/wp-content\/uploads\/2019\/02\/seseixa.png","contentUrl":"https:\/\/www.galiciamaxica.eu\/mini\/wp-content\/uploads\/2019\/02\/seseixa.png","width":100,"height":100,"caption":"seseixa"},"logo":{"@id":"https:\/\/www.galiciamaxica.eu\/mini\/#\/schema\/person\/image\/"},"description":"En la actualidad combinando dos proyectos que me apasionan, Galicia y los ni\u00f1os. Tengo mucho que aportar y otro tanto que aprender, as\u00ed como, el tiempo y el coraz\u00f3n, dividido en todo momento. Soy mam\u00e1, un titulo otorgado a tiempo completo, compa\u00f1era y amiga, a todas horas, familiar y cercana, siempre. De esp\u00edritu inquieto, soy una eterna ni\u00f1a que juega en el pa\u00eds de las maravillas. Una enamorada de mi tierra, por la que trabajo sin descanso. Creo en la infancia como motor que cambiar\u00e1 el mundo a mejor y busco en mi vida la felicidad como estado permanente porque s\u00f3lo se vive una vez.","sameAs":["http:\/\/mini.galiciamaxica.eu\/","https:\/\/www.facebook.com\/maria.rodriguezserantes","https:\/\/x.com\/seseixa"],"url":"https:\/\/www.galiciamaxica.eu\/mini\/author\/seseixa\/"}]}},"amp_enabled":true,"post_mailing_queue_ids":[],"_links":{"self":[{"href":"https:\/\/www.galiciamaxica.eu\/mini\/wp-json\/wp\/v2\/posts\/19675"}],"collection":[{"href":"https:\/\/www.galiciamaxica.eu\/mini\/wp-json\/wp\/v2\/posts"}],"about":[{"href":"https:\/\/www.galiciamaxica.eu\/mini\/wp-json\/wp\/v2\/types\/post"}],"author":[{"embeddable":true,"href":"https:\/\/www.galiciamaxica.eu\/mini\/wp-json\/wp\/v2\/users\/1"}],"replies":[{"embeddable":true,"href":"https:\/\/www.galiciamaxica.eu\/mini\/wp-json\/wp\/v2\/comments?post=19675"}],"version-history":[{"count":4,"href":"https:\/\/www.galiciamaxica.eu\/mini\/wp-json\/wp\/v2\/posts\/19675\/revisions"}],"predecessor-version":[{"id":22344,"href":"https:\/\/www.galiciamaxica.eu\/mini\/wp-json\/wp\/v2\/posts\/19675\/revisions\/22344"}],"wp:featuredmedia":[{"embeddable":true,"href":"https:\/\/www.galiciamaxica.eu\/mini\/wp-json\/wp\/v2\/media\/19676"}],"wp:attachment":[{"href":"https:\/\/www.galiciamaxica.eu\/mini\/wp-json\/wp\/v2\/media?parent=19675"}],"wp:term":[{"taxonomy":"category","embeddable":true,"href":"https:\/\/www.galiciamaxica.eu\/mini\/wp-json\/wp\/v2\/categories?post=19675"},{"taxonomy":"post_tag","embeddable":true,"href":"https:\/\/www.galiciamaxica.eu\/mini\/wp-json\/wp\/v2\/tags?post=19675"}],"curies":[{"name":"wp","href":"https:\/\/api.w.org\/{rel}","templated":true}]}}