{"id":19665,"date":"2022-08-11T16:43:49","date_gmt":"2022-08-11T14:43:49","guid":{"rendered":"https:\/\/www.galiciamaxica.eu\/mini\/?p=19665"},"modified":"2022-08-11T16:45:49","modified_gmt":"2022-08-11T14:45:49","slug":"un-viaje-a-uno-de-los-monumentos-rupestres-mas-representativos-de-galicia","status":"publish","type":"post","link":"https:\/\/www.galiciamaxica.eu\/mini\/un-viaje-a-uno-de-los-monumentos-rupestres-mas-representativos-de-galicia\/","title":{"rendered":"Un viaje a uno de los monumentos rupestres m\u00e1s representativos de Galicia"},"content":{"rendered":"\n<p><strong>A Pedra da Serpe de Corme <\/strong>es uno de los monumentos rupestres m\u00e1s representativos de Galicia. Y un ejemplo \u00fanico en toda Europa Occidental. <\/p>\n\n\n\n<p>Los cruceiros en mi tierra son m\u00e1gicos, irremediablemente te atraen hacia ellos, son una visita obligada y el de A pedra da Serpe, lo es mucho m\u00e1s. Algo te llama a contemplar ese precioso patrimonio, arte en piedra secular que cuenta tantas historias. <\/p>\n\n\n\n<p>Antes de acercaros a este os recomiendo leer esta breve rese\u00f1a para que una vez en el lugar enriquecer la visita con informaci\u00f3n extra.<\/p>\n\n\n\n<figure class=\"wp-block-embed is-type-wp-embed is-provider-el-blog-de-galicia-maxica wp-block-embed-el-blog-de-galicia-maxica\">https:\/\/www.galiciamaxica.eu\/blog\/una-breve-resena-sobre-cruceiros\/<\/figure>\n\n\n\n<h2 class=\"wp-block-heading\"><a href=\"https:\/\/www.galiciamaxica.eu\/galicia\/a-coruna\/pedra-da-serpe-en-corme\/\">Pedra da Serpe<\/a><\/h2>\n\n\n\n<p>Una piedra en la que duermen ritos de fecundidad, curaci\u00f3n, eternidad, representaci\u00f3n del demonio o quiz\u00e1s un fiero guardi\u00e1n de tesoros,\u2026\u00bfQui\u00e9n lo podr\u00eda saber? Y es que una <a href=\"https:\/\/www.google.com\/maps\/place\/Pedra+da+Serpe\/@43.2646344,-8.9424939,3a,75y\/data=!3m8!1e2!3m6!1sAF1QipN0fC0YP9qpeWXml3HbVTDj_JuV_xN9wnpDvaWl!2e10!3e12!6shttps:%2F%2Flh5.googleusercontent.com%2Fp%2FAF1QipN0fC0YP9qpeWXml3HbVTDj_JuV_xN9wnpDvaWl%3Dw203-h152-k-no!7i4032!8i3024!4m5!3m4!1s0xd2ebb1a541d48f1:0x75b41895426bb5ad!8m2!3d43.2646344!4d-8.9424939\" rel=\"nofollow\">serpiente con alas<\/a>,&nbsp;no es algo que se contemple todos los d\u00edas. <\/p>\n\n\n\n<div class=\"wp-block-image\"><figure class=\"aligncenter size-large\"><a href=\"https:\/\/www.galiciamaxica.eu\/mini\/wp-content\/uploads\/2022\/08\/9TPTZzLKR_xKbsvg6rLFS77-Qd-yP10kfw5vByRZqJseJxFPc-2.jpg\"><img fetchpriority=\"high\" decoding=\"async\" width=\"1024\" height=\"683\" src=\"https:\/\/www.galiciamaxica.eu\/mini\/wp-content\/uploads\/2022\/08\/9TPTZzLKR_xKbsvg6rLFS77-Qd-yP10kfw5vByRZqJseJxFPc-2-1024x683.jpg\" alt=\"\" class=\"wp-image-19667\" srcset=\"https:\/\/www.galiciamaxica.eu\/mini\/wp-content\/uploads\/2022\/08\/9TPTZzLKR_xKbsvg6rLFS77-Qd-yP10kfw5vByRZqJseJxFPc-2-1024x683.jpg 1024w, https:\/\/www.galiciamaxica.eu\/mini\/wp-content\/uploads\/2022\/08\/9TPTZzLKR_xKbsvg6rLFS77-Qd-yP10kfw5vByRZqJseJxFPc-2-300x200.jpg 300w, https:\/\/www.galiciamaxica.eu\/mini\/wp-content\/uploads\/2022\/08\/9TPTZzLKR_xKbsvg6rLFS77-Qd-yP10kfw5vByRZqJseJxFPc-2-768x512.jpg 768w, https:\/\/www.galiciamaxica.eu\/mini\/wp-content\/uploads\/2022\/08\/9TPTZzLKR_xKbsvg6rLFS77-Qd-yP10kfw5vByRZqJseJxFPc-2.jpg 1050w\" sizes=\"(max-width: 1024px) 100vw, 1024px\" \/><\/a><\/figure><\/div>\n\n\n\n<p>Estamos visitando lo que se consideraba un lugar pagano posteriormente cristianizado con un <strong><a href=\"https:\/\/www.galiciamaxica.eu\/categoria\/cruceiros\/\">Cruceiro<\/a><\/strong>, aunque siempre estos lugares guardaron un misticismo propio en lo que tendr\u00eda mucho que ver la tradici\u00f3n oral.<\/p>\n\n\n\n<p>Por todos es sabido que el culto a la Serpiente se da ya en tiempos prehist\u00f3ricos. Galicia est\u00e1 plagas de representaciones a la misma. <\/p>\n\n\n\n<p>Las leyendas dotaron el sitio de personalidad propia y fueron las encargadas en un primer momento de dotarlos de la importancia que merecen. Las leyendas forman parte de Galicia como lo son sus paisajes y sus obras de arte.<\/p>\n\n\n\n<div class=\"wp-block-image\"><figure class=\"aligncenter size-large\"><a href=\"https:\/\/www.galiciamaxica.eu\/mini\/wp-content\/uploads\/2022\/08\/h90escgTz6U0MePbKPDn4e6YAym9v51d51kLyUIRZ8oeJxFPc.jpg\"><img decoding=\"async\" width=\"1024\" height=\"682\" src=\"https:\/\/www.galiciamaxica.eu\/mini\/wp-content\/uploads\/2022\/08\/h90escgTz6U0MePbKPDn4e6YAym9v51d51kLyUIRZ8oeJxFPc-1024x682.jpg\" alt=\"\" class=\"wp-image-19669\" srcset=\"https:\/\/www.galiciamaxica.eu\/mini\/wp-content\/uploads\/2022\/08\/h90escgTz6U0MePbKPDn4e6YAym9v51d51kLyUIRZ8oeJxFPc-1024x682.jpg 1024w, https:\/\/www.galiciamaxica.eu\/mini\/wp-content\/uploads\/2022\/08\/h90escgTz6U0MePbKPDn4e6YAym9v51d51kLyUIRZ8oeJxFPc-300x200.jpg 300w, https:\/\/www.galiciamaxica.eu\/mini\/wp-content\/uploads\/2022\/08\/h90escgTz6U0MePbKPDn4e6YAym9v51d51kLyUIRZ8oeJxFPc-768x512.jpg 768w, https:\/\/www.galiciamaxica.eu\/mini\/wp-content\/uploads\/2022\/08\/h90escgTz6U0MePbKPDn4e6YAym9v51d51kLyUIRZ8oeJxFPc.jpg 1136w\" sizes=\"(max-width: 1024px) 100vw, 1024px\" \/><\/a><\/figure><\/div>\n\n\n\n<p>La leyendas son las ra\u00edces de otras vidas que continuaron con las nuestras. Son parte de la cultura inmaterial y son de un valor incalculable. Debemos entre todos atesorar las leyendas, y que mejor forma de hacerlo que  transmitiendo las leyendas a los m\u00e1s peque\u00f1os durante la visita.<\/p>\n\n\n\n<p>Estos relatos, les encantaran son muchos los que afirman que parte de estas historias tienen base realista, aunque otras nacen para entretener o instruir de manera amena haciendo que el entenderlas fuese al alcance de todo el mundo. <\/p>\n\n\n\n<div class=\"wp-block-image\"><figure class=\"aligncenter size-large\"><img decoding=\"async\" src=\"https:\/\/www.galiciamaxica.eu\/wp-content\/uploads\/2022\/01\/Pedra-da-Serpe-1024x682.jpg\" alt=\"\"\/><\/figure><\/div>\n\n\n\n<h3 class=\"wp-block-heading\">Leyendas <\/h3>\n\n\n\n<p>Sobre este lugar hay dos leyendas relacionadas con el Santo patrono de estas tierras y otra menos conocida con Baal (<em><strong>Baal-zebub<\/strong><\/em>)<\/p>\n\n\n\n<h4 class=\"wp-block-heading\">San Adri\u00e1n de Corme o Santo Hadri\u00e1n<\/h4>\n\n\n\n<p>La leyenda tiene como protagonista al patrono de estas tierras, San Adri\u00e1n de Corme (\u00a0Santo Hadri\u00e1n) son dos que tienen el mismo final terminar con la plaga. <\/p>\n\n\n\n<ol class=\"wp-block-list\"><li>Cuentan que en lugar hab\u00eda una plaga de serpientes y fue \u00e9l quien libr\u00f3 el lugar de estos reptiles de una manera muy peculiar. San Adri\u00e1n golpe\u00f3 con un pie el suelo y todas las serpientes encantadas reptaron debajo de la roca, acabando as\u00ed con el problema. <\/li><li>Otra leyenda tambi\u00e9n relacionada con el Santo nos cuenta que la<strong> aldea de Corme <\/strong>estaba infestada por una peste de culebras. Esta vez San Adri\u00e1n acab\u00f3 con la plaga petrificando con el cayado (bast\u00f3n de madera) que portaba a la madre de todas las culebras. Parece ser que las dem\u00e1s huyeron y nunca m\u00e1s volvieron al lugar.<\/li><\/ol>\n\n\n\n<div class=\"wp-block-image\"><figure class=\"aligncenter size-large\"><img decoding=\"async\" src=\"https:\/\/www.galiciamaxica.eu\/wp-content\/uploads\/2022\/01\/Pedra-da-Serpe_3-683x1024.jpg\" alt=\"\"\/><\/figure><\/div>\n\n\n\n<h4 class=\"wp-block-heading\">Baal<\/h4>\n\n\n\n<p>Algunos relacionan la <strong><a href=\"https:\/\/www.galiciamaxica.eu\/galicia\/a-coruna\/pedra-da-serpe-en-corme\/\">Pedra da Serpe <\/a><\/strong>con el culto a <strong><a href=\"https:\/\/mitologia.fandom.com\/es\/wiki\/Baal_(Demonio)\" rel=\"nofollow\">Baal.<\/a><\/strong> Baal (demonio) es un sangriento dios que exig\u00eda sacrificios humanos.<\/p>\n\n\n\n<h5 class=\"wp-block-heading\">Citado en 2 Reyes 1:2-3 y 16 <\/h5>\n\n\n\n<p><em>Se burlan de su t\u00edtulo \u00abPr\u00edncipe Baal\u00bb, donde su nombre se convierte en<strong> \u00abBaal-zebub\u00bb <\/strong>o \u00abSe\u00f1or de las moscas\u00bb. Su nombre, como Belceb\u00fa, se equiparar\u00eda a uno de los mayores demonios del infierno. En N\u00fameros 25:3 y Deuteronomio 4:3, aparece \u00abBaal-peor\u00bb que da origen a Belfegor. Baal, en su forma plural, \u00abBaalim\u00bb puede encontrarse repetidamente en la literatura infernal como uno de los grandes demonios del infierno. Bael es una forma alternativa de Baal, pero se ha desarrollado como una entidad individual.[1]<\/em><\/p>\n\n\n\n<h4 class=\"wp-block-heading\">M\u00e1s leyendas<\/h4>\n\n\n\n<p>Os dejo un enlace por si os apetece contarles muchas m\u00e1s leyendas sobre Serpientes gallegas en el lugar<strong><a href=\"https:\/\/galiciaencantada.com\/buscador.asp\" rel=\"nofollow\"> Galicia Encantada. <\/a><\/strong><\/p>\n\n\n\n<h3 class=\"wp-block-heading\">Localizaci\u00f3n<\/h3>\n\n\n\n<iframe src=\"https:\/\/www.google.com\/maps\/embed?pb=!1m14!1m8!1m3!1d5727.512293736332!2d-8.942494!3d43.264634!3m2!1i1024!2i768!4f13.1!3m3!1m2!1s0x0%3A0x75b41895426bb5ad!2sPedra%20da%20Serpe!5e1!3m2!1ses!2ses!4v1660227367150!5m2!1ses!2ses\" width=\"600\" height=\"450\" style=\"border:0;\" allowfullscreen=\"\" loading=\"lazy\" referrerpolicy=\"no-referrer-when-downgrade\"><\/iframe>\n","protected":false},"excerpt":{"rendered":"<p>A Pedra da Serpe de Corme es uno de los monumentos rupestres m\u00e1s representativos de Galicia. Y un ejemplo \u00fanico en toda Europa Occidental. Los cruceiros en mi tierra son m\u00e1gicos, irremediablemente te atraen hacia ellos, son una visita obligada y el de A pedra da Serpe, lo es mucho m\u00e1s. Algo te llama a [&hellip;]<\/p>\n","protected":false},"author":1,"featured_media":19666,"comment_status":"open","ping_status":"closed","sticky":false,"template":"","format":"standard","meta":{"_eb_attr":"","site-sidebar-layout":"default","site-content-layout":"","ast-site-content-layout":"","site-content-style":"default","site-sidebar-style":"default","ast-global-header-display":"","ast-banner-title-visibility":"","ast-main-header-display":"","ast-hfb-above-header-display":"","ast-hfb-below-header-display":"","ast-hfb-mobile-header-display":"","site-post-title":"","ast-breadcrumbs-content":"","ast-featured-img":"","footer-sml-layout":"","theme-transparent-header-meta":"","adv-header-id-meta":"","stick-header-meta":"","header-above-stick-meta":"","header-main-stick-meta":"","header-below-stick-meta":"","astra-migrate-meta-layouts":"default","ast-page-background-enabled":"default","ast-page-background-meta":{"desktop":{"background-color":"","background-image":"","background-repeat":"repeat","background-position":"center center","background-size":"auto","background-attachment":"scroll","background-type":"","background-media":"","overlay-type":"","overlay-color":"","overlay-opacity":"","overlay-gradient":""},"tablet":{"background-color":"","background-image":"","background-repeat":"repeat","background-position":"center center","background-size":"auto","background-attachment":"scroll","background-type":"","background-media":"","overlay-type":"","overlay-color":"","overlay-opacity":"","overlay-gradient":""},"mobile":{"background-color":"","background-image":"","background-repeat":"repeat","background-position":"center center","background-size":"auto","background-attachment":"scroll","background-type":"","background-media":"","overlay-type":"","overlay-color":"","overlay-opacity":"","overlay-gradient":""}},"ast-content-background-meta":{"desktop":{"background-color":"var(--ast-global-color-5)","background-image":"","background-repeat":"repeat","background-position":"center center","background-size":"auto","background-attachment":"scroll","background-type":"","background-media":"","overlay-type":"","overlay-color":"","overlay-opacity":"","overlay-gradient":""},"tablet":{"background-color":"var(--ast-global-color-5)","background-image":"","background-repeat":"repeat","background-position":"center center","background-size":"auto","background-attachment":"scroll","background-type":"","background-media":"","overlay-type":"","overlay-color":"","overlay-opacity":"","overlay-gradient":""},"mobile":{"background-color":"var(--ast-global-color-5)","background-image":"","background-repeat":"repeat","background-position":"center center","background-size":"auto","background-attachment":"scroll","background-type":"","background-media":"","overlay-type":"","overlay-color":"","overlay-opacity":"","overlay-gradient":""}},"footnotes":""},"categories":[49],"tags":[25],"class_list":["post-19665","post","type-post","status-publish","format-standard","has-post-thumbnail","hentry","category-a-coruna","tag-galicia"],"yoast_head":"<!-- This site is optimized with the Yoast SEO plugin v24.9 - https:\/\/yoast.com\/wordpress\/plugins\/seo\/ -->\n<title>Un viaje a uno de los monumentos rupestres m\u00e1s representativos de Galicia - Galicia con ni\u00f1os | GALICIA M\u00c1XICA<\/title>\n<meta name=\"description\" content=\"A Pedra da Serpe de Corme es uno de los monumentos rupestres m\u00e1s representativos de Galicia. Y un ejemplo \u00fanico en toda Europa Occidental.\" \/>\n<meta name=\"robots\" content=\"index, follow, max-snippet:-1, max-image-preview:large, max-video-preview:-1\" \/>\n<link rel=\"canonical\" href=\"https:\/\/www.galiciamaxica.eu\/mini\/un-viaje-a-uno-de-los-monumentos-rupestres-mas-representativos-de-galicia\/\" \/>\n<meta property=\"og:locale\" content=\"es_ES\" \/>\n<meta property=\"og:type\" content=\"article\" \/>\n<meta property=\"og:title\" content=\"Un viaje a uno de los monumentos rupestres m\u00e1s representativos de Galicia - Galicia con ni\u00f1os | GALICIA M\u00c1XICA\" \/>\n<meta property=\"og:description\" content=\"A Pedra da Serpe de Corme es uno de los monumentos rupestres m\u00e1s representativos de Galicia. Y un ejemplo \u00fanico en toda Europa Occidental.\" \/>\n<meta property=\"og:url\" content=\"https:\/\/www.galiciamaxica.eu\/mini\/un-viaje-a-uno-de-los-monumentos-rupestres-mas-representativos-de-galicia\/\" \/>\n<meta property=\"og:site_name\" content=\"Galicia con ni\u00f1os | GALICIA M\u00c1XICA\" \/>\n<meta property=\"article:publisher\" content=\"https:\/\/www.facebook.com\/maria.rodriguezserantes\" \/>\n<meta property=\"article:author\" content=\"https:\/\/www.facebook.com\/maria.rodriguezserantes\" \/>\n<meta property=\"article:published_time\" content=\"2022-08-11T14:43:49+00:00\" \/>\n<meta property=\"article:modified_time\" content=\"2022-08-11T14:45:49+00:00\" \/>\n<meta property=\"og:image\" content=\"https:\/\/www.galiciamaxica.eu\/mini\/wp-content\/uploads\/2022\/08\/9TPTZzLKR_xKbsvg6rLFS77-Qd-yP10kfw5vByRZqJseJxFPc-1.jpg\" \/>\n\t<meta property=\"og:image:width\" content=\"1136\" \/>\n\t<meta property=\"og:image:height\" content=\"757\" \/>\n\t<meta property=\"og:image:type\" content=\"image\/jpeg\" \/>\n<meta name=\"author\" content=\"seseixa\" \/>\n<meta name=\"twitter:card\" content=\"summary_large_image\" \/>\n<meta name=\"twitter:creator\" content=\"@seseixa\" \/>\n<meta name=\"twitter:site\" content=\"@seseixa\" \/>\n<meta name=\"twitter:label1\" content=\"Escrito por\" \/>\n\t<meta name=\"twitter:data1\" content=\"seseixa\" \/>\n\t<meta name=\"twitter:label2\" content=\"Tiempo de lectura\" \/>\n\t<meta name=\"twitter:data2\" content=\"4 minutos\" \/>\n<script type=\"application\/ld+json\" class=\"yoast-schema-graph\">{\"@context\":\"https:\/\/schema.org\",\"@graph\":[{\"@type\":\"Article\",\"@id\":\"https:\/\/www.galiciamaxica.eu\/mini\/un-viaje-a-uno-de-los-monumentos-rupestres-mas-representativos-de-galicia\/#article\",\"isPartOf\":{\"@id\":\"https:\/\/www.galiciamaxica.eu\/mini\/un-viaje-a-uno-de-los-monumentos-rupestres-mas-representativos-de-galicia\/\"},\"author\":{\"name\":\"seseixa\",\"@id\":\"https:\/\/www.galiciamaxica.eu\/mini\/#\/schema\/person\/2b284fe2fd911000a48d2e8936300179\"},\"headline\":\"Un viaje a uno de los monumentos rupestres m\u00e1s representativos de Galicia\",\"datePublished\":\"2022-08-11T14:43:49+00:00\",\"dateModified\":\"2022-08-11T14:45:49+00:00\",\"mainEntityOfPage\":{\"@id\":\"https:\/\/www.galiciamaxica.eu\/mini\/un-viaje-a-uno-de-los-monumentos-rupestres-mas-representativos-de-galicia\/\"},\"wordCount\":664,\"commentCount\":2,\"publisher\":{\"@id\":\"https:\/\/www.galiciamaxica.eu\/mini\/#\/schema\/person\/2b284fe2fd911000a48d2e8936300179\"},\"image\":{\"@id\":\"https:\/\/www.galiciamaxica.eu\/mini\/un-viaje-a-uno-de-los-monumentos-rupestres-mas-representativos-de-galicia\/#primaryimage\"},\"thumbnailUrl\":\"https:\/\/www.galiciamaxica.eu\/mini\/wp-content\/uploads\/2022\/08\/9TPTZzLKR_xKbsvg6rLFS77-Qd-yP10kfw5vByRZqJseJxFPc-1.jpg\",\"keywords\":[\"Galicia\"],\"articleSection\":[\"A CORU\u00d1A\"],\"inLanguage\":\"es\",\"potentialAction\":[{\"@type\":\"CommentAction\",\"name\":\"Comment\",\"target\":[\"https:\/\/www.galiciamaxica.eu\/mini\/un-viaje-a-uno-de-los-monumentos-rupestres-mas-representativos-de-galicia\/#respond\"]}]},{\"@type\":\"WebPage\",\"@id\":\"https:\/\/www.galiciamaxica.eu\/mini\/un-viaje-a-uno-de-los-monumentos-rupestres-mas-representativos-de-galicia\/\",\"url\":\"https:\/\/www.galiciamaxica.eu\/mini\/un-viaje-a-uno-de-los-monumentos-rupestres-mas-representativos-de-galicia\/\",\"name\":\"Un viaje a uno de los monumentos rupestres m\u00e1s representativos de Galicia - Galicia con ni\u00f1os | GALICIA M\u00c1XICA\",\"isPartOf\":{\"@id\":\"https:\/\/www.galiciamaxica.eu\/mini\/#website\"},\"primaryImageOfPage\":{\"@id\":\"https:\/\/www.galiciamaxica.eu\/mini\/un-viaje-a-uno-de-los-monumentos-rupestres-mas-representativos-de-galicia\/#primaryimage\"},\"image\":{\"@id\":\"https:\/\/www.galiciamaxica.eu\/mini\/un-viaje-a-uno-de-los-monumentos-rupestres-mas-representativos-de-galicia\/#primaryimage\"},\"thumbnailUrl\":\"https:\/\/www.galiciamaxica.eu\/mini\/wp-content\/uploads\/2022\/08\/9TPTZzLKR_xKbsvg6rLFS77-Qd-yP10kfw5vByRZqJseJxFPc-1.jpg\",\"datePublished\":\"2022-08-11T14:43:49+00:00\",\"dateModified\":\"2022-08-11T14:45:49+00:00\",\"description\":\"A Pedra da Serpe de Corme es uno de los monumentos rupestres m\u00e1s representativos de Galicia. Y un ejemplo \u00fanico en toda Europa Occidental.\",\"breadcrumb\":{\"@id\":\"https:\/\/www.galiciamaxica.eu\/mini\/un-viaje-a-uno-de-los-monumentos-rupestres-mas-representativos-de-galicia\/#breadcrumb\"},\"inLanguage\":\"es\",\"potentialAction\":[{\"@type\":\"ReadAction\",\"target\":[\"https:\/\/www.galiciamaxica.eu\/mini\/un-viaje-a-uno-de-los-monumentos-rupestres-mas-representativos-de-galicia\/\"]}]},{\"@type\":\"ImageObject\",\"inLanguage\":\"es\",\"@id\":\"https:\/\/www.galiciamaxica.eu\/mini\/un-viaje-a-uno-de-los-monumentos-rupestres-mas-representativos-de-galicia\/#primaryimage\",\"url\":\"https:\/\/www.galiciamaxica.eu\/mini\/wp-content\/uploads\/2022\/08\/9TPTZzLKR_xKbsvg6rLFS77-Qd-yP10kfw5vByRZqJseJxFPc-1.jpg\",\"contentUrl\":\"https:\/\/www.galiciamaxica.eu\/mini\/wp-content\/uploads\/2022\/08\/9TPTZzLKR_xKbsvg6rLFS77-Qd-yP10kfw5vByRZqJseJxFPc-1.jpg\",\"width\":1136,\"height\":757,\"caption\":\"Pedra da serpe\"},{\"@type\":\"BreadcrumbList\",\"@id\":\"https:\/\/www.galiciamaxica.eu\/mini\/un-viaje-a-uno-de-los-monumentos-rupestres-mas-representativos-de-galicia\/#breadcrumb\",\"itemListElement\":[{\"@type\":\"ListItem\",\"position\":1,\"name\":\"Portada\",\"item\":\"https:\/\/www.galiciamaxica.eu\/mini\/\"},{\"@type\":\"ListItem\",\"position\":2,\"name\":\"Un viaje a uno de los monumentos rupestres m\u00e1s representativos de Galicia\"}]},{\"@type\":\"WebSite\",\"@id\":\"https:\/\/www.galiciamaxica.eu\/mini\/#website\",\"url\":\"https:\/\/www.galiciamaxica.eu\/mini\/\",\"name\":\"Galicia con ni\u00f1os | GALICIA M\u00c1XICA\",\"description\":\"Qu\u00e9 hacer con ni\u00f1os en Galicia\",\"publisher\":{\"@id\":\"https:\/\/www.galiciamaxica.eu\/mini\/#\/schema\/person\/2b284fe2fd911000a48d2e8936300179\"},\"potentialAction\":[{\"@type\":\"SearchAction\",\"target\":{\"@type\":\"EntryPoint\",\"urlTemplate\":\"https:\/\/www.galiciamaxica.eu\/mini\/?s={search_term_string}\"},\"query-input\":{\"@type\":\"PropertyValueSpecification\",\"valueRequired\":true,\"valueName\":\"search_term_string\"}}],\"inLanguage\":\"es\"},{\"@type\":[\"Person\",\"Organization\"],\"@id\":\"https:\/\/www.galiciamaxica.eu\/mini\/#\/schema\/person\/2b284fe2fd911000a48d2e8936300179\",\"name\":\"seseixa\",\"image\":{\"@type\":\"ImageObject\",\"inLanguage\":\"es\",\"@id\":\"https:\/\/www.galiciamaxica.eu\/mini\/#\/schema\/person\/image\/\",\"url\":\"https:\/\/www.galiciamaxica.eu\/mini\/wp-content\/uploads\/2019\/02\/seseixa.png\",\"contentUrl\":\"https:\/\/www.galiciamaxica.eu\/mini\/wp-content\/uploads\/2019\/02\/seseixa.png\",\"width\":100,\"height\":100,\"caption\":\"seseixa\"},\"logo\":{\"@id\":\"https:\/\/www.galiciamaxica.eu\/mini\/#\/schema\/person\/image\/\"},\"description\":\"En la actualidad combinando dos proyectos que me apasionan, Galicia y los ni\u00f1os. Tengo mucho que aportar y otro tanto que aprender, as\u00ed como, el tiempo y el coraz\u00f3n, dividido en todo momento. Soy mam\u00e1, un titulo otorgado a tiempo completo, compa\u00f1era y amiga, a todas horas, familiar y cercana, siempre. De esp\u00edritu inquieto, soy una eterna ni\u00f1a que juega en el pa\u00eds de las maravillas. Una enamorada de mi tierra, por la que trabajo sin descanso. Creo en la infancia como motor que cambiar\u00e1 el mundo a mejor y busco en mi vida la felicidad como estado permanente porque s\u00f3lo se vive una vez.\",\"sameAs\":[\"http:\/\/mini.galiciamaxica.eu\/\",\"https:\/\/www.facebook.com\/maria.rodriguezserantes\",\"https:\/\/x.com\/seseixa\"],\"url\":\"https:\/\/www.galiciamaxica.eu\/mini\/author\/seseixa\/\"}]}<\/script>\n<!-- \/ Yoast SEO plugin. -->","yoast_head_json":{"title":"Un viaje a uno de los monumentos rupestres m\u00e1s representativos de Galicia - Galicia con ni\u00f1os | GALICIA M\u00c1XICA","description":"A Pedra da Serpe de Corme es uno de los monumentos rupestres m\u00e1s representativos de Galicia. Y un ejemplo \u00fanico en toda Europa Occidental.","robots":{"index":"index","follow":"follow","max-snippet":"max-snippet:-1","max-image-preview":"max-image-preview:large","max-video-preview":"max-video-preview:-1"},"canonical":"https:\/\/www.galiciamaxica.eu\/mini\/un-viaje-a-uno-de-los-monumentos-rupestres-mas-representativos-de-galicia\/","og_locale":"es_ES","og_type":"article","og_title":"Un viaje a uno de los monumentos rupestres m\u00e1s representativos de Galicia - Galicia con ni\u00f1os | GALICIA M\u00c1XICA","og_description":"A Pedra da Serpe de Corme es uno de los monumentos rupestres m\u00e1s representativos de Galicia. Y un ejemplo \u00fanico en toda Europa Occidental.","og_url":"https:\/\/www.galiciamaxica.eu\/mini\/un-viaje-a-uno-de-los-monumentos-rupestres-mas-representativos-de-galicia\/","og_site_name":"Galicia con ni\u00f1os | GALICIA M\u00c1XICA","article_publisher":"https:\/\/www.facebook.com\/maria.rodriguezserantes","article_author":"https:\/\/www.facebook.com\/maria.rodriguezserantes","article_published_time":"2022-08-11T14:43:49+00:00","article_modified_time":"2022-08-11T14:45:49+00:00","og_image":[{"width":1136,"height":757,"url":"https:\/\/www.galiciamaxica.eu\/mini\/wp-content\/uploads\/2022\/08\/9TPTZzLKR_xKbsvg6rLFS77-Qd-yP10kfw5vByRZqJseJxFPc-1.jpg","type":"image\/jpeg"}],"author":"seseixa","twitter_card":"summary_large_image","twitter_creator":"@seseixa","twitter_site":"@seseixa","twitter_misc":{"Escrito por":"seseixa","Tiempo de lectura":"4 minutos"},"schema":{"@context":"https:\/\/schema.org","@graph":[{"@type":"Article","@id":"https:\/\/www.galiciamaxica.eu\/mini\/un-viaje-a-uno-de-los-monumentos-rupestres-mas-representativos-de-galicia\/#article","isPartOf":{"@id":"https:\/\/www.galiciamaxica.eu\/mini\/un-viaje-a-uno-de-los-monumentos-rupestres-mas-representativos-de-galicia\/"},"author":{"name":"seseixa","@id":"https:\/\/www.galiciamaxica.eu\/mini\/#\/schema\/person\/2b284fe2fd911000a48d2e8936300179"},"headline":"Un viaje a uno de los monumentos rupestres m\u00e1s representativos de Galicia","datePublished":"2022-08-11T14:43:49+00:00","dateModified":"2022-08-11T14:45:49+00:00","mainEntityOfPage":{"@id":"https:\/\/www.galiciamaxica.eu\/mini\/un-viaje-a-uno-de-los-monumentos-rupestres-mas-representativos-de-galicia\/"},"wordCount":664,"commentCount":2,"publisher":{"@id":"https:\/\/www.galiciamaxica.eu\/mini\/#\/schema\/person\/2b284fe2fd911000a48d2e8936300179"},"image":{"@id":"https:\/\/www.galiciamaxica.eu\/mini\/un-viaje-a-uno-de-los-monumentos-rupestres-mas-representativos-de-galicia\/#primaryimage"},"thumbnailUrl":"https:\/\/www.galiciamaxica.eu\/mini\/wp-content\/uploads\/2022\/08\/9TPTZzLKR_xKbsvg6rLFS77-Qd-yP10kfw5vByRZqJseJxFPc-1.jpg","keywords":["Galicia"],"articleSection":["A CORU\u00d1A"],"inLanguage":"es","potentialAction":[{"@type":"CommentAction","name":"Comment","target":["https:\/\/www.galiciamaxica.eu\/mini\/un-viaje-a-uno-de-los-monumentos-rupestres-mas-representativos-de-galicia\/#respond"]}]},{"@type":"WebPage","@id":"https:\/\/www.galiciamaxica.eu\/mini\/un-viaje-a-uno-de-los-monumentos-rupestres-mas-representativos-de-galicia\/","url":"https:\/\/www.galiciamaxica.eu\/mini\/un-viaje-a-uno-de-los-monumentos-rupestres-mas-representativos-de-galicia\/","name":"Un viaje a uno de los monumentos rupestres m\u00e1s representativos de Galicia - Galicia con ni\u00f1os | GALICIA M\u00c1XICA","isPartOf":{"@id":"https:\/\/www.galiciamaxica.eu\/mini\/#website"},"primaryImageOfPage":{"@id":"https:\/\/www.galiciamaxica.eu\/mini\/un-viaje-a-uno-de-los-monumentos-rupestres-mas-representativos-de-galicia\/#primaryimage"},"image":{"@id":"https:\/\/www.galiciamaxica.eu\/mini\/un-viaje-a-uno-de-los-monumentos-rupestres-mas-representativos-de-galicia\/#primaryimage"},"thumbnailUrl":"https:\/\/www.galiciamaxica.eu\/mini\/wp-content\/uploads\/2022\/08\/9TPTZzLKR_xKbsvg6rLFS77-Qd-yP10kfw5vByRZqJseJxFPc-1.jpg","datePublished":"2022-08-11T14:43:49+00:00","dateModified":"2022-08-11T14:45:49+00:00","description":"A Pedra da Serpe de Corme es uno de los monumentos rupestres m\u00e1s representativos de Galicia. Y un ejemplo \u00fanico en toda Europa Occidental.","breadcrumb":{"@id":"https:\/\/www.galiciamaxica.eu\/mini\/un-viaje-a-uno-de-los-monumentos-rupestres-mas-representativos-de-galicia\/#breadcrumb"},"inLanguage":"es","potentialAction":[{"@type":"ReadAction","target":["https:\/\/www.galiciamaxica.eu\/mini\/un-viaje-a-uno-de-los-monumentos-rupestres-mas-representativos-de-galicia\/"]}]},{"@type":"ImageObject","inLanguage":"es","@id":"https:\/\/www.galiciamaxica.eu\/mini\/un-viaje-a-uno-de-los-monumentos-rupestres-mas-representativos-de-galicia\/#primaryimage","url":"https:\/\/www.galiciamaxica.eu\/mini\/wp-content\/uploads\/2022\/08\/9TPTZzLKR_xKbsvg6rLFS77-Qd-yP10kfw5vByRZqJseJxFPc-1.jpg","contentUrl":"https:\/\/www.galiciamaxica.eu\/mini\/wp-content\/uploads\/2022\/08\/9TPTZzLKR_xKbsvg6rLFS77-Qd-yP10kfw5vByRZqJseJxFPc-1.jpg","width":1136,"height":757,"caption":"Pedra da serpe"},{"@type":"BreadcrumbList","@id":"https:\/\/www.galiciamaxica.eu\/mini\/un-viaje-a-uno-de-los-monumentos-rupestres-mas-representativos-de-galicia\/#breadcrumb","itemListElement":[{"@type":"ListItem","position":1,"name":"Portada","item":"https:\/\/www.galiciamaxica.eu\/mini\/"},{"@type":"ListItem","position":2,"name":"Un viaje a uno de los monumentos rupestres m\u00e1s representativos de Galicia"}]},{"@type":"WebSite","@id":"https:\/\/www.galiciamaxica.eu\/mini\/#website","url":"https:\/\/www.galiciamaxica.eu\/mini\/","name":"Galicia con ni\u00f1os | GALICIA M\u00c1XICA","description":"Qu\u00e9 hacer con ni\u00f1os en Galicia","publisher":{"@id":"https:\/\/www.galiciamaxica.eu\/mini\/#\/schema\/person\/2b284fe2fd911000a48d2e8936300179"},"potentialAction":[{"@type":"SearchAction","target":{"@type":"EntryPoint","urlTemplate":"https:\/\/www.galiciamaxica.eu\/mini\/?s={search_term_string}"},"query-input":{"@type":"PropertyValueSpecification","valueRequired":true,"valueName":"search_term_string"}}],"inLanguage":"es"},{"@type":["Person","Organization"],"@id":"https:\/\/www.galiciamaxica.eu\/mini\/#\/schema\/person\/2b284fe2fd911000a48d2e8936300179","name":"seseixa","image":{"@type":"ImageObject","inLanguage":"es","@id":"https:\/\/www.galiciamaxica.eu\/mini\/#\/schema\/person\/image\/","url":"https:\/\/www.galiciamaxica.eu\/mini\/wp-content\/uploads\/2019\/02\/seseixa.png","contentUrl":"https:\/\/www.galiciamaxica.eu\/mini\/wp-content\/uploads\/2019\/02\/seseixa.png","width":100,"height":100,"caption":"seseixa"},"logo":{"@id":"https:\/\/www.galiciamaxica.eu\/mini\/#\/schema\/person\/image\/"},"description":"En la actualidad combinando dos proyectos que me apasionan, Galicia y los ni\u00f1os. Tengo mucho que aportar y otro tanto que aprender, as\u00ed como, el tiempo y el coraz\u00f3n, dividido en todo momento. Soy mam\u00e1, un titulo otorgado a tiempo completo, compa\u00f1era y amiga, a todas horas, familiar y cercana, siempre. De esp\u00edritu inquieto, soy una eterna ni\u00f1a que juega en el pa\u00eds de las maravillas. Una enamorada de mi tierra, por la que trabajo sin descanso. Creo en la infancia como motor que cambiar\u00e1 el mundo a mejor y busco en mi vida la felicidad como estado permanente porque s\u00f3lo se vive una vez.","sameAs":["http:\/\/mini.galiciamaxica.eu\/","https:\/\/www.facebook.com\/maria.rodriguezserantes","https:\/\/x.com\/seseixa"],"url":"https:\/\/www.galiciamaxica.eu\/mini\/author\/seseixa\/"}]}},"amp_enabled":true,"post_mailing_queue_ids":[],"_links":{"self":[{"href":"https:\/\/www.galiciamaxica.eu\/mini\/wp-json\/wp\/v2\/posts\/19665"}],"collection":[{"href":"https:\/\/www.galiciamaxica.eu\/mini\/wp-json\/wp\/v2\/posts"}],"about":[{"href":"https:\/\/www.galiciamaxica.eu\/mini\/wp-json\/wp\/v2\/types\/post"}],"author":[{"embeddable":true,"href":"https:\/\/www.galiciamaxica.eu\/mini\/wp-json\/wp\/v2\/users\/1"}],"replies":[{"embeddable":true,"href":"https:\/\/www.galiciamaxica.eu\/mini\/wp-json\/wp\/v2\/comments?post=19665"}],"version-history":[{"count":4,"href":"https:\/\/www.galiciamaxica.eu\/mini\/wp-json\/wp\/v2\/posts\/19665\/revisions"}],"predecessor-version":[{"id":19673,"href":"https:\/\/www.galiciamaxica.eu\/mini\/wp-json\/wp\/v2\/posts\/19665\/revisions\/19673"}],"wp:featuredmedia":[{"embeddable":true,"href":"https:\/\/www.galiciamaxica.eu\/mini\/wp-json\/wp\/v2\/media\/19666"}],"wp:attachment":[{"href":"https:\/\/www.galiciamaxica.eu\/mini\/wp-json\/wp\/v2\/media?parent=19665"}],"wp:term":[{"taxonomy":"category","embeddable":true,"href":"https:\/\/www.galiciamaxica.eu\/mini\/wp-json\/wp\/v2\/categories?post=19665"},{"taxonomy":"post_tag","embeddable":true,"href":"https:\/\/www.galiciamaxica.eu\/mini\/wp-json\/wp\/v2\/tags?post=19665"}],"curies":[{"name":"wp","href":"https:\/\/api.w.org\/{rel}","templated":true}]}}