{"id":19631,"date":"2022-06-29T17:15:31","date_gmt":"2022-06-29T15:15:31","guid":{"rendered":"https:\/\/www.galiciamaxica.eu\/mini\/?p=19631"},"modified":"2022-06-29T17:41:19","modified_gmt":"2022-06-29T15:41:19","slug":"uno-de-los-miradores-mas-originales-de-galicia","status":"publish","type":"post","link":"https:\/\/www.galiciamaxica.eu\/mini\/uno-de-los-miradores-mas-originales-de-galicia\/","title":{"rendered":"Uno de los miradores m\u00e1s originales de Galicia"},"content":{"rendered":"\n<p>Hoy visitaremos uno de<strong> los miradores m\u00e1s curiosos de Galicia<\/strong>. Adem\u00e1s de las vistas naturales que tenemos desde este precioso mirador, tendremos cerca otro reclamo patrimonial muy interesante, <strong><a href=\"https:\/\/www.galiciamaxica.eu\/galicia\/ourense\/neveiroramuin\/\">un neveiro.<\/a> <\/strong>Este neveiro me dar\u00e1 pie a una de las m\u00e1s bonitas lecciones que compartir con los m\u00e1s ni\u00f1os.<\/p>\n\n\n\n<p>Primero desde donde dejaremos aparcado el coche nos toca ascender unos 200 metros hasta el mirador, antes tenemos el neveiro o casa da neve pero vamos a dejarlo para la vuelta.<\/p>\n\n\n\n<p>Os dejo por aqu\u00ed el mapa para que mir\u00e9is el recorrido que vamos a hacer.<\/p>\n\n\n\n<h2 class=\"wp-block-heading\">Mapa<\/h2>\n\n\n\n<iframe src=\"https:\/\/www.google.com\/maps\/d\/embed?mid=15lO1nGFdQWJaLVZ2FL0HBNPtC-xrtOo&amp;ehbc=2E312F\" width=\"640\" height=\"480\"><\/iframe>\n\n\n\n<h2 class=\"wp-block-heading\">El mirador del Campo do Eirado <\/h2>\n\n\n\n<p><strong><a href=\"https:\/\/www.galiciamaxica.eu\/galicia\/mirador-tres-sillas\/\">El mirador <\/a><\/strong>se compone de tres grandes sillas de madera por eso muchos ya lo han bautizado como el de las sillas, adem\u00e1s cuenta con una plataforma situada a unos pocos metros para poder realizar fotograf\u00edas desde un plano m\u00e1s alto. <\/p>\n\n\n\n<div class=\"wp-block-image\"><figure class=\"aligncenter size-large\"><a href=\"https:\/\/www.galiciamaxica.eu\/mini\/wp-content\/uploads\/2022\/06\/290327937_5462348527159419_8283144557897734571_n.jpg\"><img fetchpriority=\"high\" decoding=\"async\" width=\"768\" height=\"1024\" src=\"https:\/\/www.galiciamaxica.eu\/mini\/wp-content\/uploads\/2022\/06\/290327937_5462348527159419_8283144557897734571_n-768x1024.jpg\" alt=\"mirador de las sillas\" class=\"wp-image-19633\" srcset=\"https:\/\/www.galiciamaxica.eu\/mini\/wp-content\/uploads\/2022\/06\/290327937_5462348527159419_8283144557897734571_n-768x1024.jpg 768w, https:\/\/www.galiciamaxica.eu\/mini\/wp-content\/uploads\/2022\/06\/290327937_5462348527159419_8283144557897734571_n-225x300.jpg 225w, https:\/\/www.galiciamaxica.eu\/mini\/wp-content\/uploads\/2022\/06\/290327937_5462348527159419_8283144557897734571_n.jpg 1536w\" sizes=\"(max-width: 768px) 100vw, 768px\" \/><\/a><\/figure><\/div>\n\n\n\n<p>Lo pondr\u00e9 por aqu\u00ed recalcado por si dudas el subir. No son esculturas para observar desde la distancia, son miradores para subirse y disfrutar con las vistas.<\/p>\n\n\n\n<div class=\"wp-block-image\"><figure class=\"aligncenter size-large\"><a href=\"https:\/\/www.galiciamaxica.eu\/mini\/wp-content\/uploads\/2022\/06\/289417582_10221038064558004_6703175883518755877_n.jpg\"><img decoding=\"async\" width=\"1024\" height=\"683\" src=\"https:\/\/www.galiciamaxica.eu\/mini\/wp-content\/uploads\/2022\/06\/289417582_10221038064558004_6703175883518755877_n-1024x683.jpg\" alt=\"mirador de las sillas\" class=\"wp-image-19634\" srcset=\"https:\/\/www.galiciamaxica.eu\/mini\/wp-content\/uploads\/2022\/06\/289417582_10221038064558004_6703175883518755877_n-1024x683.jpg 1024w, https:\/\/www.galiciamaxica.eu\/mini\/wp-content\/uploads\/2022\/06\/289417582_10221038064558004_6703175883518755877_n-300x200.jpg 300w, https:\/\/www.galiciamaxica.eu\/mini\/wp-content\/uploads\/2022\/06\/289417582_10221038064558004_6703175883518755877_n-768x512.jpg 768w, https:\/\/www.galiciamaxica.eu\/mini\/wp-content\/uploads\/2022\/06\/289417582_10221038064558004_6703175883518755877_n.jpg 1600w\" sizes=\"(max-width: 1024px) 100vw, 1024px\" \/><\/a><\/figure><\/div>\n\n\n\n<h3 class=\"wp-block-heading\">Qu\u00e9 veremos desde aqu\u00ed<\/h3>\n\n\n\n<p>Desde aqu\u00ed se puede ver el gran Val do Medo, en donde se asienta <strong><a href=\"https:\/\/www.galiciamaxica.eu\/galicia\/ourense\/comarca-de-allariz\/\">Maceda<\/a><\/strong> y <strong><a href=\"https:\/\/www.galiciamaxica.eu\/galicia\/ourense\/comarca-de-allariz\/banos-de-molgas\/\">Ba\u00f1os de Molgas<\/a>.<\/strong> Desde este mirador de las tres sillas podremos ver incluso el santuario de A Virxe do Monte, <\/p>\n\n\n\n<p><em><strong>El reto <\/strong><\/em>que os invito a hacer con los ni\u00f1os es nombrar <strong>tres serras gallegas<\/strong> que veremos desde este mirador.<\/p>\n\n\n\n<figure class=\"wp-block-image size-large\"><a href=\"https:\/\/www.galiciamaxica.eu\/mini\/wp-content\/uploads\/2022\/06\/a.jpg\"><img decoding=\"async\" width=\"768\" height=\"1024\" src=\"https:\/\/www.galiciamaxica.eu\/mini\/wp-content\/uploads\/2022\/06\/a-768x1024.jpg\" alt=\"\" class=\"wp-image-19635\" srcset=\"https:\/\/www.galiciamaxica.eu\/mini\/wp-content\/uploads\/2022\/06\/a-768x1024.jpg 768w, https:\/\/www.galiciamaxica.eu\/mini\/wp-content\/uploads\/2022\/06\/a-225x300.jpg 225w, https:\/\/www.galiciamaxica.eu\/mini\/wp-content\/uploads\/2022\/06\/a.jpg 1200w\" sizes=\"(max-width: 768px) 100vw, 768px\" \/><\/a><\/figure>\n\n\n\n<h4 class=\"wp-block-heading\"> <strong>Serras gallegas<\/strong> <\/h4>\n\n\n\n<ol class=\"wp-block-list\"><li>A Serra de San Mamede<\/li><li>A Serra do Larouco<\/li><li>A Serra do Xur\u00e9s<\/li><\/ol>\n\n\n\n<p>Veremos tambi\u00e9n la <strong><a href=\"https:\/\/www.galiciamaxica.eu\/galicia\/ourense\/torrepena\/\">Torre da Pena<\/a><\/strong> o la ciudad de<strong><a href=\"https:\/\/www.galiciamaxica.eu\/galicia\/ourense\/comarca-de-ourense\/ourense-c\/\"> Ourense<\/a><\/strong>. Pr\u00e1cticamente hasta donde nuestra vista alcance y en d\u00edas despejados.<\/p>\n\n\n\n<h2 class=\"wp-block-heading\">Casa da Neve do Campo do Eirado<\/h2>\n\n\n\n<p>Ahora toca la visita patrimonial, vamos a visitar un bien muy importante. En Galicia tenemos<strong><a href=\"https:\/\/www.galiciamaxica.eu\/categoria\/neveiros\/\"> varios neveiros <\/a><\/strong>os invito a descubrirlos todos y recordar la lecci\u00f3n de hoy.<\/p>\n\n\n\n<div class=\"wp-block-image\"><figure class=\"aligncenter size-large\"><img decoding=\"async\" src=\"https:\/\/galiciamaxica.eu\/wp-content\/uploads\/2019\/10\/neveira26.jpg\" alt=\"\"\/><\/figure><\/div>\n\n\n\n<p>Os recomiendo leer esta interesante entrada antes de ir con mucha m\u00e1s informaci\u00f3n de la que os voy a comentar por aqu\u00ed.<\/p>\n\n\n\n<h3 class=\"wp-block-heading\"><a href=\"https:\/\/www.galiciamaxica.eu\/blog\/los-neveiros-y-el-aprovechamiento-de-la-nieve-en-galicia\/\">Las \u00abneveiras\u00bb y el aprovechamiento de la nieve en Galicia<\/a><\/h3>\n\n\n\n<figure class=\"wp-block-embed is-type-wp-embed is-provider-el-blog-de-galicia-maxica wp-block-embed-el-blog-de-galicia-maxica\">https:\/\/www.galiciamaxica.eu\/blog\/los-neveiros-y-el-aprovechamiento-de-la-nieve-en-galicia\/<\/figure>\n\n\n\n<p>Lo primero que debemos hacer es acercar a los m\u00e1s peques a lo que vamos a ver y su funci\u00f3n<\/p>\n\n\n\n<h3 class=\"wp-block-heading\">\u00bfQu\u00e9 eran las \u201cneveiras\u201d, neveiros o casas de neve? <\/h3>\n\n\n\n<p>Los \u00abneveiros\u00bb, \u201cneveiras\u201d o \u201ccasas da neve\u201d eran construcciones normalmente circulares excavadas en el suelo hasta encontrar la roca compuestos de paredes de piedras que alcanzaban una profundidad de unos siete metros y un radio de aproximadamente 6. Su cubrici\u00f3n se realizaba con paja, tejas o incluso con piedras.<\/p>\n\n\n\n<div class=\"wp-block-image\"><figure class=\"aligncenter size-large\"><img decoding=\"async\" src=\"https:\/\/galiciamaxica.eu\/blog\/wp-content\/uploads\/2019\/10\/neveira210.jpg\" alt=\"\"\/><\/figure><\/div>\n\n\n\n<h3 class=\"wp-block-heading\">\u00bfPara qu\u00e9 serv\u00edan?<\/h3>\n\n\n\n<p>La utilidad de los neveiros era guardar el hielo en invierno, la nieve. En las \u00e9pocas estivales el hielo se utilizar\u00eda para conservar los alimentos cuando estos eran transportados a otros lugares. Con esta t\u00e9cnica evitaban que se estropeasen o aguantasen m\u00e1s tiempo en estado perfecto. Podr\u00edamos decir que fueron nuestras primeras neveras.<\/p>\n\n\n\n<h2 class=\"wp-block-heading\">Entradas de Ourense<\/h2>\n\n\n<ul class=\"wp-block-latest-posts__list is-grid columns-4 wp-block-latest-posts\"><li><div class=\"wp-block-latest-posts__featured-image\"><img loading=\"lazy\" decoding=\"async\" width=\"150\" height=\"150\" src=\"https:\/\/www.galiciamaxica.eu\/mini\/wp-content\/uploads\/2022\/08\/11879140_766296550145968_5710927302789198613_o-150x150.jpg\" class=\"attachment-thumbnail size-thumbnail wp-post-image\" alt=\"C\u00e1ntara da moura\" style=\"\" \/><\/div><a class=\"wp-block-latest-posts__post-title\" href=\"https:\/\/www.galiciamaxica.eu\/mini\/los-lugares-mas-impactantes-de-galicia\/\">Los lugares m\u00e1s impactantes y curiosos de Galicia<\/a><\/li>\n<li><div class=\"wp-block-latest-posts__featured-image\"><img loading=\"lazy\" decoding=\"async\" width=\"150\" height=\"150\" src=\"https:\/\/www.galiciamaxica.eu\/mini\/wp-content\/uploads\/2018\/07\/MONFORTE-150x150.jpg\" class=\"attachment-thumbnail size-thumbnail wp-post-image\" alt=\"FactorPaletin\" style=\"\" \/><\/div><a class=\"wp-block-latest-posts__post-title\" href=\"https:\/\/www.galiciamaxica.eu\/mini\/mini-trenes-en-galicia\/\">Mini Trenes en Galicia<\/a><\/li>\n<li><div class=\"wp-block-latest-posts__featured-image\"><img loading=\"lazy\" decoding=\"async\" width=\"150\" height=\"150\" src=\"https:\/\/www.galiciamaxica.eu\/mini\/wp-content\/uploads\/2023\/02\/cr9SypN1SwKsjn_pOl8b8g-150x150.jpg\" class=\"attachment-thumbnail size-thumbnail wp-post-image\" alt=\"\" style=\"\" \/><\/div><a class=\"wp-block-latest-posts__post-title\" href=\"https:\/\/www.galiciamaxica.eu\/mini\/el-santuario-con-mas-devocion-de-galicia\/\">El santuario con m\u00e1s devoci\u00f3n de Galicia<\/a><\/li>\n<li><div class=\"wp-block-latest-posts__featured-image\"><img loading=\"lazy\" decoding=\"async\" width=\"150\" height=\"150\" src=\"https:\/\/www.galiciamaxica.eu\/mini\/wp-content\/uploads\/2023\/02\/alfareria-1-150x150.jpg\" class=\"attachment-thumbnail size-thumbnail wp-post-image\" alt=\"\" style=\"\" \/><\/div><a class=\"wp-block-latest-posts__post-title\" href=\"https:\/\/www.galiciamaxica.eu\/mini\/visitamos-la-meca-de-la-alfareria-nino-da-guia\/\">Visitamos la Meca de la alfarer\u00eda- Ni\u00f1odaguia<\/a><\/li>\n<li><div class=\"wp-block-latest-posts__featured-image\"><img loading=\"lazy\" decoding=\"async\" width=\"150\" height=\"150\" src=\"https:\/\/www.galiciamaxica.eu\/mini\/wp-content\/uploads\/2023\/01\/IMG_20221210_171245-150x150.jpg\" class=\"attachment-thumbnail size-thumbnail wp-post-image\" alt=\"\" style=\"\" \/><\/div><a class=\"wp-block-latest-posts__post-title\" href=\"https:\/\/www.galiciamaxica.eu\/mini\/muinos-y-sus-tesoros\/\">Mu\u00ed\u00f1os y sus tesoros<\/a><\/li>\n<li><div class=\"wp-block-latest-posts__featured-image\"><img loading=\"lazy\" decoding=\"async\" width=\"150\" height=\"150\" src=\"https:\/\/www.galiciamaxica.eu\/mini\/wp-content\/uploads\/2023\/01\/IMG_20221217_165420-150x150.jpg\" class=\"attachment-thumbnail size-thumbnail wp-post-image\" alt=\"\" style=\"\" \/><\/div><a class=\"wp-block-latest-posts__post-title\" href=\"https:\/\/www.galiciamaxica.eu\/mini\/pedra-alta-da-antela\/\">Pedra Alta da Antela<\/a><\/li>\n<li><div class=\"wp-block-latest-posts__featured-image\"><img loading=\"lazy\" decoding=\"async\" width=\"150\" height=\"150\" src=\"https:\/\/www.galiciamaxica.eu\/mini\/wp-content\/uploads\/2023\/01\/IMG_20221217_150751-1-150x150.jpg\" class=\"attachment-thumbnail size-thumbnail wp-post-image\" alt=\"\" style=\"\" \/><\/div><a class=\"wp-block-latest-posts__post-title\" href=\"https:\/\/www.galiciamaxica.eu\/mini\/encadenados-a-la-historia-castro-de-acea-en-outeiro-do-castro\/\">Encadenados a la historia. Castro de Acea en Outeiro do Castro<\/a><\/li>\n<li><div class=\"wp-block-latest-posts__featured-image\"><img loading=\"lazy\" decoding=\"async\" width=\"150\" height=\"150\" src=\"https:\/\/www.galiciamaxica.eu\/mini\/wp-content\/uploads\/2023\/01\/IMG_20221210_152832-150x150.jpg\" class=\"attachment-thumbnail size-thumbnail wp-post-image\" alt=\"\" style=\"\" \/><\/div><a class=\"wp-block-latest-posts__post-title\" href=\"https:\/\/www.galiciamaxica.eu\/mini\/ruta-da-mina-de-baltar\/\">Ruta da Mina de Baltar<\/a><\/li>\n<\/ul>","protected":false},"excerpt":{"rendered":"<p>Hoy visitaremos uno de los miradores m\u00e1s curiosos de Galicia. Adem\u00e1s de las vistas naturales que tenemos desde este precioso mirador, tendremos cerca otro reclamo patrimonial muy interesante, un neveiro. Este neveiro me dar\u00e1 pie a una de las m\u00e1s bonitas lecciones que compartir con los m\u00e1s ni\u00f1os. Primero desde donde dejaremos aparcado el coche [&hellip;]<\/p>\n","protected":false},"author":1,"featured_media":19632,"comment_status":"open","ping_status":"closed","sticky":false,"template":"","format":"standard","meta":{"_eb_attr":"","site-sidebar-layout":"default","site-content-layout":"","ast-site-content-layout":"","site-content-style":"default","site-sidebar-style":"default","ast-global-header-display":"","ast-banner-title-visibility":"","ast-main-header-display":"","ast-hfb-above-header-display":"","ast-hfb-below-header-display":"","ast-hfb-mobile-header-display":"","site-post-title":"","ast-breadcrumbs-content":"","ast-featured-img":"","footer-sml-layout":"","theme-transparent-header-meta":"","adv-header-id-meta":"","stick-header-meta":"","header-above-stick-meta":"","header-main-stick-meta":"","header-below-stick-meta":"","astra-migrate-meta-layouts":"default","ast-page-background-enabled":"default","ast-page-background-meta":{"desktop":{"background-color":"","background-image":"","background-repeat":"repeat","background-position":"center center","background-size":"auto","background-attachment":"scroll","background-type":"","background-media":"","overlay-type":"","overlay-color":"","overlay-opacity":"","overlay-gradient":""},"tablet":{"background-color":"","background-image":"","background-repeat":"repeat","background-position":"center center","background-size":"auto","background-attachment":"scroll","background-type":"","background-media":"","overlay-type":"","overlay-color":"","overlay-opacity":"","overlay-gradient":""},"mobile":{"background-color":"","background-image":"","background-repeat":"repeat","background-position":"center center","background-size":"auto","background-attachment":"scroll","background-type":"","background-media":"","overlay-type":"","overlay-color":"","overlay-opacity":"","overlay-gradient":""}},"ast-content-background-meta":{"desktop":{"background-color":"var(--ast-global-color-5)","background-image":"","background-repeat":"repeat","background-position":"center center","background-size":"auto","background-attachment":"scroll","background-type":"","background-media":"","overlay-type":"","overlay-color":"","overlay-opacity":"","overlay-gradient":""},"tablet":{"background-color":"var(--ast-global-color-5)","background-image":"","background-repeat":"repeat","background-position":"center center","background-size":"auto","background-attachment":"scroll","background-type":"","background-media":"","overlay-type":"","overlay-color":"","overlay-opacity":"","overlay-gradient":""},"mobile":{"background-color":"var(--ast-global-color-5)","background-image":"","background-repeat":"repeat","background-position":"center center","background-size":"auto","background-attachment":"scroll","background-type":"","background-media":"","overlay-type":"","overlay-color":"","overlay-opacity":"","overlay-gradient":""}},"footnotes":""},"categories":[15,51,768,888],"tags":[8,37,36,58],"class_list":["post-19631","post","type-post","status-publish","format-standard","has-post-thumbnail","hentry","category-lugares","category-ourense","category-seseixa","category-viajes-galicia-con-ninos","tag-findesemana","tag-galiciamaxica","tag-lugares","tag-ourense"],"yoast_head":"<!-- This site is optimized with the Yoast SEO plugin v24.9 - https:\/\/yoast.com\/wordpress\/plugins\/seo\/ -->\n<title>Uno de los miradores m\u00e1s originales de Galicia - Galicia con ni\u00f1os | GALICIA M\u00c1XICA<\/title>\n<meta name=\"description\" content=\"Uno de los miradores m\u00e1s originales de Galicia, el mirador de las tres sillas. Adem\u00e1s cerca tendremos otro reclamo patrimonial, un neveiro.\" \/>\n<meta name=\"robots\" content=\"index, follow, max-snippet:-1, max-image-preview:large, max-video-preview:-1\" \/>\n<link rel=\"canonical\" href=\"https:\/\/www.galiciamaxica.eu\/mini\/uno-de-los-miradores-mas-originales-de-galicia\/\" \/>\n<meta property=\"og:locale\" content=\"es_ES\" \/>\n<meta property=\"og:type\" content=\"article\" \/>\n<meta property=\"og:title\" content=\"Uno de los miradores m\u00e1s originales de Galicia - Galicia con ni\u00f1os | GALICIA M\u00c1XICA\" \/>\n<meta property=\"og:description\" content=\"Uno de los miradores m\u00e1s originales de Galicia, el mirador de las tres sillas. Adem\u00e1s cerca tendremos otro reclamo patrimonial, un neveiro.\" \/>\n<meta property=\"og:url\" content=\"https:\/\/www.galiciamaxica.eu\/mini\/uno-de-los-miradores-mas-originales-de-galicia\/\" \/>\n<meta property=\"og:site_name\" content=\"Galicia con ni\u00f1os | GALICIA M\u00c1XICA\" \/>\n<meta property=\"article:publisher\" content=\"https:\/\/www.facebook.com\/maria.rodriguezserantes\" \/>\n<meta property=\"article:author\" content=\"https:\/\/www.facebook.com\/maria.rodriguezserantes\" \/>\n<meta property=\"article:published_time\" content=\"2022-06-29T15:15:31+00:00\" \/>\n<meta property=\"article:modified_time\" content=\"2022-06-29T15:41:19+00:00\" \/>\n<meta property=\"og:image\" content=\"https:\/\/www.galiciamaxica.eu\/mini\/wp-content\/uploads\/2022\/06\/62240511_621842191649414_1763310028942475264_n.jpg\" \/>\n\t<meta property=\"og:image:width\" content=\"1024\" \/>\n\t<meta property=\"og:image:height\" content=\"683\" \/>\n\t<meta property=\"og:image:type\" content=\"image\/jpeg\" \/>\n<meta name=\"author\" content=\"seseixa\" \/>\n<meta name=\"twitter:card\" content=\"summary_large_image\" \/>\n<meta name=\"twitter:creator\" content=\"@seseixa\" \/>\n<meta name=\"twitter:site\" content=\"@seseixa\" \/>\n<meta name=\"twitter:label1\" content=\"Escrito por\" \/>\n\t<meta name=\"twitter:data1\" content=\"seseixa\" \/>\n\t<meta name=\"twitter:label2\" content=\"Tiempo de lectura\" \/>\n\t<meta name=\"twitter:data2\" content=\"4 minutos\" \/>\n<script type=\"application\/ld+json\" class=\"yoast-schema-graph\">{\"@context\":\"https:\/\/schema.org\",\"@graph\":[{\"@type\":\"Article\",\"@id\":\"https:\/\/www.galiciamaxica.eu\/mini\/uno-de-los-miradores-mas-originales-de-galicia\/#article\",\"isPartOf\":{\"@id\":\"https:\/\/www.galiciamaxica.eu\/mini\/uno-de-los-miradores-mas-originales-de-galicia\/\"},\"author\":{\"name\":\"seseixa\",\"@id\":\"https:\/\/www.galiciamaxica.eu\/mini\/#\/schema\/person\/2b284fe2fd911000a48d2e8936300179\"},\"headline\":\"Uno de los miradores m\u00e1s originales de Galicia\",\"datePublished\":\"2022-06-29T15:15:31+00:00\",\"dateModified\":\"2022-06-29T15:41:19+00:00\",\"mainEntityOfPage\":{\"@id\":\"https:\/\/www.galiciamaxica.eu\/mini\/uno-de-los-miradores-mas-originales-de-galicia\/\"},\"wordCount\":508,\"commentCount\":0,\"publisher\":{\"@id\":\"https:\/\/www.galiciamaxica.eu\/mini\/#\/schema\/person\/2b284fe2fd911000a48d2e8936300179\"},\"image\":{\"@id\":\"https:\/\/www.galiciamaxica.eu\/mini\/uno-de-los-miradores-mas-originales-de-galicia\/#primaryimage\"},\"thumbnailUrl\":\"https:\/\/www.galiciamaxica.eu\/mini\/wp-content\/uploads\/2022\/06\/62240511_621842191649414_1763310028942475264_n.jpg\",\"keywords\":[\"findesemana\",\"galiciamaxica\",\"lugares\",\"ourense\"],\"articleSection\":[\"LUGARES\",\"OURENSE\",\"SESEIXA\",\"VIAJES GALICIA CON NI\u00d1OS\"],\"inLanguage\":\"es\",\"potentialAction\":[{\"@type\":\"CommentAction\",\"name\":\"Comment\",\"target\":[\"https:\/\/www.galiciamaxica.eu\/mini\/uno-de-los-miradores-mas-originales-de-galicia\/#respond\"]}]},{\"@type\":\"WebPage\",\"@id\":\"https:\/\/www.galiciamaxica.eu\/mini\/uno-de-los-miradores-mas-originales-de-galicia\/\",\"url\":\"https:\/\/www.galiciamaxica.eu\/mini\/uno-de-los-miradores-mas-originales-de-galicia\/\",\"name\":\"Uno de los miradores m\u00e1s originales de Galicia - Galicia con ni\u00f1os | GALICIA M\u00c1XICA\",\"isPartOf\":{\"@id\":\"https:\/\/www.galiciamaxica.eu\/mini\/#website\"},\"primaryImageOfPage\":{\"@id\":\"https:\/\/www.galiciamaxica.eu\/mini\/uno-de-los-miradores-mas-originales-de-galicia\/#primaryimage\"},\"image\":{\"@id\":\"https:\/\/www.galiciamaxica.eu\/mini\/uno-de-los-miradores-mas-originales-de-galicia\/#primaryimage\"},\"thumbnailUrl\":\"https:\/\/www.galiciamaxica.eu\/mini\/wp-content\/uploads\/2022\/06\/62240511_621842191649414_1763310028942475264_n.jpg\",\"datePublished\":\"2022-06-29T15:15:31+00:00\",\"dateModified\":\"2022-06-29T15:41:19+00:00\",\"description\":\"Uno de los miradores m\u00e1s originales de Galicia, el mirador de las tres sillas. Adem\u00e1s cerca tendremos otro reclamo patrimonial, un neveiro.\",\"breadcrumb\":{\"@id\":\"https:\/\/www.galiciamaxica.eu\/mini\/uno-de-los-miradores-mas-originales-de-galicia\/#breadcrumb\"},\"inLanguage\":\"es\",\"potentialAction\":[{\"@type\":\"ReadAction\",\"target\":[\"https:\/\/www.galiciamaxica.eu\/mini\/uno-de-los-miradores-mas-originales-de-galicia\/\"]}]},{\"@type\":\"ImageObject\",\"inLanguage\":\"es\",\"@id\":\"https:\/\/www.galiciamaxica.eu\/mini\/uno-de-los-miradores-mas-originales-de-galicia\/#primaryimage\",\"url\":\"https:\/\/www.galiciamaxica.eu\/mini\/wp-content\/uploads\/2022\/06\/62240511_621842191649414_1763310028942475264_n.jpg\",\"contentUrl\":\"https:\/\/www.galiciamaxica.eu\/mini\/wp-content\/uploads\/2022\/06\/62240511_621842191649414_1763310028942475264_n.jpg\",\"width\":1024,\"height\":683,\"caption\":\"tres sillas\"},{\"@type\":\"BreadcrumbList\",\"@id\":\"https:\/\/www.galiciamaxica.eu\/mini\/uno-de-los-miradores-mas-originales-de-galicia\/#breadcrumb\",\"itemListElement\":[{\"@type\":\"ListItem\",\"position\":1,\"name\":\"Portada\",\"item\":\"https:\/\/www.galiciamaxica.eu\/mini\/\"},{\"@type\":\"ListItem\",\"position\":2,\"name\":\"Uno de los miradores m\u00e1s originales de Galicia\"}]},{\"@type\":\"WebSite\",\"@id\":\"https:\/\/www.galiciamaxica.eu\/mini\/#website\",\"url\":\"https:\/\/www.galiciamaxica.eu\/mini\/\",\"name\":\"Galicia con ni\u00f1os | GALICIA M\u00c1XICA\",\"description\":\"Qu\u00e9 hacer con ni\u00f1os en Galicia\",\"publisher\":{\"@id\":\"https:\/\/www.galiciamaxica.eu\/mini\/#\/schema\/person\/2b284fe2fd911000a48d2e8936300179\"},\"potentialAction\":[{\"@type\":\"SearchAction\",\"target\":{\"@type\":\"EntryPoint\",\"urlTemplate\":\"https:\/\/www.galiciamaxica.eu\/mini\/?s={search_term_string}\"},\"query-input\":{\"@type\":\"PropertyValueSpecification\",\"valueRequired\":true,\"valueName\":\"search_term_string\"}}],\"inLanguage\":\"es\"},{\"@type\":[\"Person\",\"Organization\"],\"@id\":\"https:\/\/www.galiciamaxica.eu\/mini\/#\/schema\/person\/2b284fe2fd911000a48d2e8936300179\",\"name\":\"seseixa\",\"image\":{\"@type\":\"ImageObject\",\"inLanguage\":\"es\",\"@id\":\"https:\/\/www.galiciamaxica.eu\/mini\/#\/schema\/person\/image\/\",\"url\":\"https:\/\/www.galiciamaxica.eu\/mini\/wp-content\/uploads\/2019\/02\/seseixa.png\",\"contentUrl\":\"https:\/\/www.galiciamaxica.eu\/mini\/wp-content\/uploads\/2019\/02\/seseixa.png\",\"width\":100,\"height\":100,\"caption\":\"seseixa\"},\"logo\":{\"@id\":\"https:\/\/www.galiciamaxica.eu\/mini\/#\/schema\/person\/image\/\"},\"description\":\"En la actualidad combinando dos proyectos que me apasionan, Galicia y los ni\u00f1os. Tengo mucho que aportar y otro tanto que aprender, as\u00ed como, el tiempo y el coraz\u00f3n, dividido en todo momento. Soy mam\u00e1, un titulo otorgado a tiempo completo, compa\u00f1era y amiga, a todas horas, familiar y cercana, siempre. De esp\u00edritu inquieto, soy una eterna ni\u00f1a que juega en el pa\u00eds de las maravillas. Una enamorada de mi tierra, por la que trabajo sin descanso. Creo en la infancia como motor que cambiar\u00e1 el mundo a mejor y busco en mi vida la felicidad como estado permanente porque s\u00f3lo se vive una vez.\",\"sameAs\":[\"http:\/\/mini.galiciamaxica.eu\/\",\"https:\/\/www.facebook.com\/maria.rodriguezserantes\",\"https:\/\/x.com\/seseixa\"],\"url\":\"https:\/\/www.galiciamaxica.eu\/mini\/author\/seseixa\/\"}]}<\/script>\n<!-- \/ Yoast SEO plugin. -->","yoast_head_json":{"title":"Uno de los miradores m\u00e1s originales de Galicia - Galicia con ni\u00f1os | GALICIA M\u00c1XICA","description":"Uno de los miradores m\u00e1s originales de Galicia, el mirador de las tres sillas. Adem\u00e1s cerca tendremos otro reclamo patrimonial, un neveiro.","robots":{"index":"index","follow":"follow","max-snippet":"max-snippet:-1","max-image-preview":"max-image-preview:large","max-video-preview":"max-video-preview:-1"},"canonical":"https:\/\/www.galiciamaxica.eu\/mini\/uno-de-los-miradores-mas-originales-de-galicia\/","og_locale":"es_ES","og_type":"article","og_title":"Uno de los miradores m\u00e1s originales de Galicia - Galicia con ni\u00f1os | GALICIA M\u00c1XICA","og_description":"Uno de los miradores m\u00e1s originales de Galicia, el mirador de las tres sillas. Adem\u00e1s cerca tendremos otro reclamo patrimonial, un neveiro.","og_url":"https:\/\/www.galiciamaxica.eu\/mini\/uno-de-los-miradores-mas-originales-de-galicia\/","og_site_name":"Galicia con ni\u00f1os | GALICIA M\u00c1XICA","article_publisher":"https:\/\/www.facebook.com\/maria.rodriguezserantes","article_author":"https:\/\/www.facebook.com\/maria.rodriguezserantes","article_published_time":"2022-06-29T15:15:31+00:00","article_modified_time":"2022-06-29T15:41:19+00:00","og_image":[{"width":1024,"height":683,"url":"https:\/\/www.galiciamaxica.eu\/mini\/wp-content\/uploads\/2022\/06\/62240511_621842191649414_1763310028942475264_n.jpg","type":"image\/jpeg"}],"author":"seseixa","twitter_card":"summary_large_image","twitter_creator":"@seseixa","twitter_site":"@seseixa","twitter_misc":{"Escrito por":"seseixa","Tiempo de lectura":"4 minutos"},"schema":{"@context":"https:\/\/schema.org","@graph":[{"@type":"Article","@id":"https:\/\/www.galiciamaxica.eu\/mini\/uno-de-los-miradores-mas-originales-de-galicia\/#article","isPartOf":{"@id":"https:\/\/www.galiciamaxica.eu\/mini\/uno-de-los-miradores-mas-originales-de-galicia\/"},"author":{"name":"seseixa","@id":"https:\/\/www.galiciamaxica.eu\/mini\/#\/schema\/person\/2b284fe2fd911000a48d2e8936300179"},"headline":"Uno de los miradores m\u00e1s originales de Galicia","datePublished":"2022-06-29T15:15:31+00:00","dateModified":"2022-06-29T15:41:19+00:00","mainEntityOfPage":{"@id":"https:\/\/www.galiciamaxica.eu\/mini\/uno-de-los-miradores-mas-originales-de-galicia\/"},"wordCount":508,"commentCount":0,"publisher":{"@id":"https:\/\/www.galiciamaxica.eu\/mini\/#\/schema\/person\/2b284fe2fd911000a48d2e8936300179"},"image":{"@id":"https:\/\/www.galiciamaxica.eu\/mini\/uno-de-los-miradores-mas-originales-de-galicia\/#primaryimage"},"thumbnailUrl":"https:\/\/www.galiciamaxica.eu\/mini\/wp-content\/uploads\/2022\/06\/62240511_621842191649414_1763310028942475264_n.jpg","keywords":["findesemana","galiciamaxica","lugares","ourense"],"articleSection":["LUGARES","OURENSE","SESEIXA","VIAJES GALICIA CON NI\u00d1OS"],"inLanguage":"es","potentialAction":[{"@type":"CommentAction","name":"Comment","target":["https:\/\/www.galiciamaxica.eu\/mini\/uno-de-los-miradores-mas-originales-de-galicia\/#respond"]}]},{"@type":"WebPage","@id":"https:\/\/www.galiciamaxica.eu\/mini\/uno-de-los-miradores-mas-originales-de-galicia\/","url":"https:\/\/www.galiciamaxica.eu\/mini\/uno-de-los-miradores-mas-originales-de-galicia\/","name":"Uno de los miradores m\u00e1s originales de Galicia - Galicia con ni\u00f1os | GALICIA M\u00c1XICA","isPartOf":{"@id":"https:\/\/www.galiciamaxica.eu\/mini\/#website"},"primaryImageOfPage":{"@id":"https:\/\/www.galiciamaxica.eu\/mini\/uno-de-los-miradores-mas-originales-de-galicia\/#primaryimage"},"image":{"@id":"https:\/\/www.galiciamaxica.eu\/mini\/uno-de-los-miradores-mas-originales-de-galicia\/#primaryimage"},"thumbnailUrl":"https:\/\/www.galiciamaxica.eu\/mini\/wp-content\/uploads\/2022\/06\/62240511_621842191649414_1763310028942475264_n.jpg","datePublished":"2022-06-29T15:15:31+00:00","dateModified":"2022-06-29T15:41:19+00:00","description":"Uno de los miradores m\u00e1s originales de Galicia, el mirador de las tres sillas. Adem\u00e1s cerca tendremos otro reclamo patrimonial, un neveiro.","breadcrumb":{"@id":"https:\/\/www.galiciamaxica.eu\/mini\/uno-de-los-miradores-mas-originales-de-galicia\/#breadcrumb"},"inLanguage":"es","potentialAction":[{"@type":"ReadAction","target":["https:\/\/www.galiciamaxica.eu\/mini\/uno-de-los-miradores-mas-originales-de-galicia\/"]}]},{"@type":"ImageObject","inLanguage":"es","@id":"https:\/\/www.galiciamaxica.eu\/mini\/uno-de-los-miradores-mas-originales-de-galicia\/#primaryimage","url":"https:\/\/www.galiciamaxica.eu\/mini\/wp-content\/uploads\/2022\/06\/62240511_621842191649414_1763310028942475264_n.jpg","contentUrl":"https:\/\/www.galiciamaxica.eu\/mini\/wp-content\/uploads\/2022\/06\/62240511_621842191649414_1763310028942475264_n.jpg","width":1024,"height":683,"caption":"tres sillas"},{"@type":"BreadcrumbList","@id":"https:\/\/www.galiciamaxica.eu\/mini\/uno-de-los-miradores-mas-originales-de-galicia\/#breadcrumb","itemListElement":[{"@type":"ListItem","position":1,"name":"Portada","item":"https:\/\/www.galiciamaxica.eu\/mini\/"},{"@type":"ListItem","position":2,"name":"Uno de los miradores m\u00e1s originales de Galicia"}]},{"@type":"WebSite","@id":"https:\/\/www.galiciamaxica.eu\/mini\/#website","url":"https:\/\/www.galiciamaxica.eu\/mini\/","name":"Galicia con ni\u00f1os | GALICIA M\u00c1XICA","description":"Qu\u00e9 hacer con ni\u00f1os en Galicia","publisher":{"@id":"https:\/\/www.galiciamaxica.eu\/mini\/#\/schema\/person\/2b284fe2fd911000a48d2e8936300179"},"potentialAction":[{"@type":"SearchAction","target":{"@type":"EntryPoint","urlTemplate":"https:\/\/www.galiciamaxica.eu\/mini\/?s={search_term_string}"},"query-input":{"@type":"PropertyValueSpecification","valueRequired":true,"valueName":"search_term_string"}}],"inLanguage":"es"},{"@type":["Person","Organization"],"@id":"https:\/\/www.galiciamaxica.eu\/mini\/#\/schema\/person\/2b284fe2fd911000a48d2e8936300179","name":"seseixa","image":{"@type":"ImageObject","inLanguage":"es","@id":"https:\/\/www.galiciamaxica.eu\/mini\/#\/schema\/person\/image\/","url":"https:\/\/www.galiciamaxica.eu\/mini\/wp-content\/uploads\/2019\/02\/seseixa.png","contentUrl":"https:\/\/www.galiciamaxica.eu\/mini\/wp-content\/uploads\/2019\/02\/seseixa.png","width":100,"height":100,"caption":"seseixa"},"logo":{"@id":"https:\/\/www.galiciamaxica.eu\/mini\/#\/schema\/person\/image\/"},"description":"En la actualidad combinando dos proyectos que me apasionan, Galicia y los ni\u00f1os. Tengo mucho que aportar y otro tanto que aprender, as\u00ed como, el tiempo y el coraz\u00f3n, dividido en todo momento. Soy mam\u00e1, un titulo otorgado a tiempo completo, compa\u00f1era y amiga, a todas horas, familiar y cercana, siempre. De esp\u00edritu inquieto, soy una eterna ni\u00f1a que juega en el pa\u00eds de las maravillas. Una enamorada de mi tierra, por la que trabajo sin descanso. Creo en la infancia como motor que cambiar\u00e1 el mundo a mejor y busco en mi vida la felicidad como estado permanente porque s\u00f3lo se vive una vez.","sameAs":["http:\/\/mini.galiciamaxica.eu\/","https:\/\/www.facebook.com\/maria.rodriguezserantes","https:\/\/x.com\/seseixa"],"url":"https:\/\/www.galiciamaxica.eu\/mini\/author\/seseixa\/"}]}},"amp_enabled":true,"post_mailing_queue_ids":[],"_links":{"self":[{"href":"https:\/\/www.galiciamaxica.eu\/mini\/wp-json\/wp\/v2\/posts\/19631"}],"collection":[{"href":"https:\/\/www.galiciamaxica.eu\/mini\/wp-json\/wp\/v2\/posts"}],"about":[{"href":"https:\/\/www.galiciamaxica.eu\/mini\/wp-json\/wp\/v2\/types\/post"}],"author":[{"embeddable":true,"href":"https:\/\/www.galiciamaxica.eu\/mini\/wp-json\/wp\/v2\/users\/1"}],"replies":[{"embeddable":true,"href":"https:\/\/www.galiciamaxica.eu\/mini\/wp-json\/wp\/v2\/comments?post=19631"}],"version-history":[{"count":2,"href":"https:\/\/www.galiciamaxica.eu\/mini\/wp-json\/wp\/v2\/posts\/19631\/revisions"}],"predecessor-version":[{"id":19637,"href":"https:\/\/www.galiciamaxica.eu\/mini\/wp-json\/wp\/v2\/posts\/19631\/revisions\/19637"}],"wp:featuredmedia":[{"embeddable":true,"href":"https:\/\/www.galiciamaxica.eu\/mini\/wp-json\/wp\/v2\/media\/19632"}],"wp:attachment":[{"href":"https:\/\/www.galiciamaxica.eu\/mini\/wp-json\/wp\/v2\/media?parent=19631"}],"wp:term":[{"taxonomy":"category","embeddable":true,"href":"https:\/\/www.galiciamaxica.eu\/mini\/wp-json\/wp\/v2\/categories?post=19631"},{"taxonomy":"post_tag","embeddable":true,"href":"https:\/\/www.galiciamaxica.eu\/mini\/wp-json\/wp\/v2\/tags?post=19631"}],"curies":[{"name":"wp","href":"https:\/\/api.w.org\/{rel}","templated":true}]}}