{"id":19601,"date":"2022-06-21T11:15:54","date_gmt":"2022-06-21T09:15:54","guid":{"rendered":"https:\/\/www.galiciamaxica.eu\/mini\/?p=19601"},"modified":"2024-08-13T19:38:59","modified_gmt":"2024-08-13T17:38:59","slug":"el-carballo-mas-longevo-y-el-mas-alto-de-galicia-estan-en-mondariz","status":"publish","type":"post","link":"https:\/\/www.galiciamaxica.eu\/mini\/el-carballo-mas-longevo-y-el-mas-alto-de-galicia-estan-en-mondariz\/","title":{"rendered":"El carballo m\u00e1s longevo y el m\u00e1s alto de Galicia est\u00e1n en Mondariz"},"content":{"rendered":"\n<p>Hoy descubriremos el carballo m\u00e1s longevo de Espa\u00f1a y el m\u00e1s alto de Galicia est\u00e1n los dos en Mondariz. y son un patrimonio natural de valor incalculable.<\/p>\n\n\n\n<p>Toca Visitar dos carballos que son un orgullo para nuestra tierra, uno el m\u00e1s anciano y el otro el m\u00e1s alto y recuerda ambos se localizan en Mondariz.<\/p>\n\n\n\n<div class=\"wp-block-image\"><figure class=\"aligncenter size-full\"><a href=\"https:\/\/www.galiciamaxica.eu\/mini\/wp-content\/uploads\/2022\/06\/connection-4814954_960_720.jpg\"><img fetchpriority=\"high\" decoding=\"async\" width=\"960\" height=\"640\" src=\"https:\/\/www.galiciamaxica.eu\/mini\/wp-content\/uploads\/2022\/06\/connection-4814954_960_720.jpg\" alt=\"roble\" class=\"wp-image-19609\" srcset=\"https:\/\/www.galiciamaxica.eu\/mini\/wp-content\/uploads\/2022\/06\/connection-4814954_960_720.jpg 960w, https:\/\/www.galiciamaxica.eu\/mini\/wp-content\/uploads\/2022\/06\/connection-4814954_960_720-300x200.jpg 300w, https:\/\/www.galiciamaxica.eu\/mini\/wp-content\/uploads\/2022\/06\/connection-4814954_960_720-768x512.jpg 768w\" sizes=\"(max-width: 960px) 100vw, 960px\" \/><\/a><\/figure><\/div>\n\n\n\n<p>Como caracter\u00edstica com\u00fan es que ambos son &nbsp;\u201c<em>Quercus<\/em>&nbsp;robur\u201d important\u00edsimos,&nbsp;y adem\u00e1s uno tiene la distinci\u00f3n de \u00e1rbol senlleiro, este es un titulo que le dota de la mayor protecci\u00f3n e importancia natural. Esperemos pronto el de la armada tambi\u00e9n sea senlleiro.<\/p>\n\n\n\n<h2 class=\"wp-block-heading\">\u00bfQu\u00e9 es un \u00e1rbol senlleiro?<\/h2>\n\n\n\n<p>Se denomina <strong><a href=\"https:\/\/arbogal.com\/arboles-senlleiras-en-galicia\/\" rel=\"nofollow\">\u00e1rbol senlleiro en Galicia <\/a><\/strong>a aquel \u00e1rbol que, por sus caracter\u00edsticas extraordinarias, es considerado una reliquia bot\u00e1nica, objeto de respeto y con un gran valor cient\u00edfico, cultural y paisaj\u00edstico.<\/p>\n\n\n\n<div class=\"wp-block-image\"><figure class=\"aligncenter size-large\"><a href=\"https:\/\/www.galiciamaxica.eu\/mini\/wp-content\/uploads\/2022\/06\/oak-3762946_960_720-1.jpg\"><img decoding=\"async\" width=\"819\" height=\"1024\" src=\"https:\/\/www.galiciamaxica.eu\/mini\/wp-content\/uploads\/2022\/06\/oak-3762946_960_720-1-819x1024.jpg\" alt=\"\" class=\"wp-image-19607\" srcset=\"https:\/\/www.galiciamaxica.eu\/mini\/wp-content\/uploads\/2022\/06\/oak-3762946_960_720-1-819x1024.jpg 819w, https:\/\/www.galiciamaxica.eu\/mini\/wp-content\/uploads\/2022\/06\/oak-3762946_960_720-1-240x300.jpg 240w, https:\/\/www.galiciamaxica.eu\/mini\/wp-content\/uploads\/2022\/06\/oak-3762946_960_720-1-768x960.jpg 768w, https:\/\/www.galiciamaxica.eu\/mini\/wp-content\/uploads\/2022\/06\/oak-3762946_960_720-1.jpg 1440w\" sizes=\"(max-width: 819px) 100vw, 819px\" \/><\/a><\/figure><\/div>\n\n\n\n<h3 class=\"wp-block-heading\"><strong><a href=\"https:\/\/www.galiciamaxica.eu\/galicia\/carballo-da-armada\/\">Carballo de la Armada<\/a><\/strong><\/h3>\n\n\n\n<p>Primero os acerco a uno de los carballos (roble) m\u00e1s famosos e importantes del pa\u00eds.<\/p>\n\n\n\n<h4 class=\"wp-block-heading\">El m\u00e1s longevo<\/h4>\n\n\n\n<p>Afirman que podr\u00eda ser el carballo m\u00e1s longevo del pa\u00eds. En Galicia este \u00e1rbol senlleiro tiene mucha historia no solo en su nacimiento tambi\u00e9n en el devenir de los tiempos.<\/p>\n\n\n\n<div class=\"wp-block-image\"><figure class=\"aligncenter size-large\"><a href=\"https:\/\/www.galiciamaxica.eu\/mini\/wp-content\/uploads\/2022\/06\/203539450_214198997234688_2903184975417572755_n.jpg\"><img decoding=\"async\" width=\"819\" height=\"1024\" src=\"https:\/\/www.galiciamaxica.eu\/mini\/wp-content\/uploads\/2022\/06\/203539450_214198997234688_2903184975417572755_n-819x1024.jpg\" alt=\"\" class=\"wp-image-19606\" srcset=\"https:\/\/www.galiciamaxica.eu\/mini\/wp-content\/uploads\/2022\/06\/203539450_214198997234688_2903184975417572755_n-819x1024.jpg 819w, https:\/\/www.galiciamaxica.eu\/mini\/wp-content\/uploads\/2022\/06\/203539450_214198997234688_2903184975417572755_n-240x300.jpg 240w, https:\/\/www.galiciamaxica.eu\/mini\/wp-content\/uploads\/2022\/06\/203539450_214198997234688_2903184975417572755_n-768x960.jpg 768w, https:\/\/www.galiciamaxica.eu\/mini\/wp-content\/uploads\/2022\/06\/203539450_214198997234688_2903184975417572755_n.jpg 1440w\" sizes=\"(max-width: 819px) 100vw, 819px\" \/><\/a><\/figure><\/div>\n\n\n\n<h4 class=\"wp-block-heading\">En la historia<\/h4>\n\n\n\n<h5 class=\"wp-block-heading\">Leyenda del druida<\/h5>\n\n\n\n<p>Cuenta la leyenda que Lambrico, el druida, lo plant\u00f3 con cari\u00f1o y se encarg\u00f3 de protegerlo en el devenir de los tiempos. Os dir\u00e9 que dicen que Lambrico era el nieto del fundador suevo de Mondariz, Mundrico.<\/p>\n\n\n\n<h5 class=\"wp-block-heading\">Felipe II<\/h5>\n\n\n\n<p>Fue de tal importancia en la historia que se salv\u00f3 de la tala ordenada por Felipe II. La historia narra la defensa de este \u00e1rbol por el pueblo que se neg\u00f3 a que fuese cortado, luchando por \u00e9l. Fue tanta la presi\u00f3n de los que amaban al \u00e1rbol que el rey se vio obligado a llegar a un acuerdo, de ah\u00ed le viene seguramente su apodo \u00abel Prudente\u00bb.<\/p>\n\n\n\n<p>El acuerdo ya os imagin\u00e1is cual ser\u00eda, pues s\u00ed el respetar este m\u00e1gico \u00e1rbol y salvarlo de la tala a cambio los moradores se ofrec\u00edan a cortar cualquier otro y ayudar en las tareas al rey.<\/p>\n\n\n\n<p>Son muchas las historias del Carballo da Armada o carballo da Virxe como se le conoce en la zona. <\/p>\n\n\n\n<h5 class=\"wp-block-heading\">Armada invencible<\/h5>\n\n\n\n<p>Antes de que se me olvide te estar\u00e1s preguntando cu\u00e1l era el inter\u00e9s de este rey por talar \u00e1rboles. Felipe II quer\u00eda con la madera hacer barcos, <strong>construir una armada invencible para conquistar Inglaterra<\/strong>. <\/p>\n\n\n\n<p>Galicia se despobl\u00f3 de estas especies arbustivas porque este rey quer\u00eda construir una Gran Flota. Y lo hizo, con la madera dio vida a un total de unas 180 naves que llevar\u00edan en sus entra\u00f1as a unos 28.000 hombres para ir a la guerra.<\/p>\n\n\n\n<figure class=\"wp-block-embed is-type-video is-provider-youtube wp-block-embed-youtube wp-embed-aspect-16-9 wp-has-aspect-ratio\"><div class=\"wp-block-embed__wrapper\">\n<div class=\"ast-oembed-container \" style=\"height: 100%;\"><iframe title=\"\u2693\ufe0fLa Armada INVENCIBLE [Grande y FELIC\u00cdSIMA ARMADA de 1588]  \ud83c\udff4\udb40\udc67\udb40\udc62\udb40\udc65\udb40\udc6e\udb40\udc67\udb40\udc7f\u2694\ufe0f\ud83c\uddea\ud83c\uddf8 - El Mapa de Sebas\" width=\"500\" height=\"281\" src=\"https:\/\/www.youtube.com\/embed\/iNf6xLwh9gA?feature=oembed\" frameborder=\"0\" allow=\"accelerometer; autoplay; clipboard-write; encrypted-media; gyroscope; picture-in-picture; web-share\" referrerpolicy=\"strict-origin-when-cross-origin\" allowfullscreen><\/iframe><\/div>\n<\/div><\/figure>\n\n\n\n<p>Lo que est\u00e1 claro es que visitar y sentir la paz de este <strong><a href=\"https:\/\/www.galiciamaxica.eu\/galicia\/carballo-da-armada\/\">majestuoso \u00e1rbol<\/a><\/strong> te hace sentir la magia de la naturaleza.<\/p>\n\n\n\n<div class=\"wp-block-image\"><figure class=\"aligncenter size-large\"><a href=\"https:\/\/www.galiciamaxica.eu\/mini\/wp-content\/uploads\/2022\/06\/287307704_5234966526610994_5668858196582171413_n-1.jpg\"><img loading=\"lazy\" decoding=\"async\" width=\"819\" height=\"1024\" src=\"https:\/\/www.galiciamaxica.eu\/mini\/wp-content\/uploads\/2022\/06\/287307704_5234966526610994_5668858196582171413_n-1-819x1024.jpg\" alt=\"\" class=\"wp-image-19605\" srcset=\"https:\/\/www.galiciamaxica.eu\/mini\/wp-content\/uploads\/2022\/06\/287307704_5234966526610994_5668858196582171413_n-1-819x1024.jpg 819w, https:\/\/www.galiciamaxica.eu\/mini\/wp-content\/uploads\/2022\/06\/287307704_5234966526610994_5668858196582171413_n-1-240x300.jpg 240w, https:\/\/www.galiciamaxica.eu\/mini\/wp-content\/uploads\/2022\/06\/287307704_5234966526610994_5668858196582171413_n-1-768x960.jpg 768w, https:\/\/www.galiciamaxica.eu\/mini\/wp-content\/uploads\/2022\/06\/287307704_5234966526610994_5668858196582171413_n-1.jpg 1440w\" sizes=\"(max-width: 819px) 100vw, 819px\" \/><\/a><\/figure><\/div>\n\n\n\n<h4 class=\"wp-block-heading\">Localizaci\u00f3n<\/h4>\n\n\n\n<p>Est\u00e1 en Queimadelos, Mondariz. Muy cerca dispon\u00e9is de un \u00e1rea recreativa para alargar la visita y unas mamoas cerca, si las encontr\u00e1is claro porque la se\u00f1alizaci\u00f3n es un poco invisible.<\/p>\n\n\n\n<iframe src=\"https:\/\/www.google.com\/maps\/embed?pb=!1m14!1m8!1m3!1d11818.284043187969!2d-8.438467!3d42.2236125!3m2!1i1024!2i768!4f13.1!3m3!1m2!1s0x0%3A0xe9f3cd49bd709926!2sCarballo%20da%20Armada!5e0!3m2!1ses!2ses!4v1655797238677!5m2!1ses!2ses\" width=\"600\" height=\"450\" style=\"border:0;\" allowfullscreen=\"\" loading=\"lazy\" referrerpolicy=\"no-referrer-when-downgrade\"><\/iframe>\n\n\n\n<p>Sobre las m\u00e1moas da Armada, deciros que es donde cada solsticio de verano el sol atraviesa el lugar al ocaso en una milim\u00e9trica precisi\u00f3n prehist\u00f3rica. <\/p>\n\n\n\n<div class=\"wp-block-image\"><figure class=\"aligncenter size-large\"><a href=\"https:\/\/www.galiciamaxica.eu\/mini\/wp-content\/uploads\/2022\/06\/203539450_214198997234688_2903184975417572755_n-1.jpg\"><img loading=\"lazy\" decoding=\"async\" width=\"768\" height=\"1024\" src=\"https:\/\/www.galiciamaxica.eu\/mini\/wp-content\/uploads\/2022\/06\/203539450_214198997234688_2903184975417572755_n-1-768x1024.jpg\" alt=\"\" class=\"wp-image-19610\" srcset=\"https:\/\/www.galiciamaxica.eu\/mini\/wp-content\/uploads\/2022\/06\/203539450_214198997234688_2903184975417572755_n-1-768x1024.jpg 768w, https:\/\/www.galiciamaxica.eu\/mini\/wp-content\/uploads\/2022\/06\/203539450_214198997234688_2903184975417572755_n-1-225x300.jpg 225w, https:\/\/www.galiciamaxica.eu\/mini\/wp-content\/uploads\/2022\/06\/203539450_214198997234688_2903184975417572755_n-1.jpg 1200w\" sizes=\"(max-width: 768px) 100vw, 768px\" \/><\/a><\/figure><\/div>\n\n\n\n<p>M\u00e1s adelante este lugar de culto como sucedi\u00f3 con todos los lugares paganos y de culto al sol, fue cristianizado. Posiblemente de ah\u00ed le viene el nombre al \u00e1rbol \u00abcarballo da Virxe\u00bb<\/p>\n\n\n\n<h4 class=\"wp-block-heading\">Cerca pod\u00e9is visitar<\/h4>\n\n\n\n<figure class=\"wp-block-embed is-type-wp-embed is-provider-galicia-con-ninos-galicia-maxica wp-block-embed-galicia-con-ninos-galicia-maxica\">\n<blockquote class=\"wp-embedded-content\" data-secret=\"qcgcVgtf2R\"><a href=\"https:\/\/www.galiciamaxica.eu\/mini\/castillo-de-sobroso-y-castro-de-trona\/\">Castillo de Sobroso y Castro de Tro\u00f1a<\/a><\/blockquote><iframe class=\"wp-embedded-content\" sandbox=\"allow-scripts\" security=\"restricted\" style=\"position: absolute; visibility: hidden;\" title=\"\u00abCastillo de Sobroso y Castro de Tro\u00f1a\u00bb \u2014 Galicia con ni\u00f1os | GALICIA M\u00c1XICA\" src=\"https:\/\/www.galiciamaxica.eu\/mini\/castillo-de-sobroso-y-castro-de-trona\/embed\/#?secret=UO3bA49oJC#?secret=qcgcVgtf2R\" data-secret=\"qcgcVgtf2R\" width=\"500\" height=\"282\" frameborder=\"0\" marginwidth=\"0\" marginheight=\"0\" scrolling=\"no\"><\/iframe>\n<\/figure>\n\n\n\n<h3 class=\"wp-block-heading\">Carballo de Agrelo<\/h3>\n\n\n\n<h4 class=\"wp-block-heading\">El m\u00e1s alto<\/h4>\n\n\n\n<div class=\"wp-block-image\"><figure class=\"aligncenter size-full\"><a href=\"https:\/\/www.galiciamaxica.eu\/mini\/wp-content\/uploads\/2022\/06\/oak-3762946_960_720-2.jpg\"><img loading=\"lazy\" decoding=\"async\" width=\"540\" height=\"720\" src=\"https:\/\/www.galiciamaxica.eu\/mini\/wp-content\/uploads\/2022\/06\/oak-3762946_960_720-2.jpg\" alt=\"\" class=\"wp-image-19608\" srcset=\"https:\/\/www.galiciamaxica.eu\/mini\/wp-content\/uploads\/2022\/06\/oak-3762946_960_720-2.jpg 540w, https:\/\/www.galiciamaxica.eu\/mini\/wp-content\/uploads\/2022\/06\/oak-3762946_960_720-2-225x300.jpg 225w\" sizes=\"(max-width: 540px) 100vw, 540px\" \/><\/a><\/figure><\/div>\n\n\n\n<p>Hay otro gigante en&nbsp;Mondariz, a \u00e9ste se le conoce como el&nbsp;<strong>carballo de Agrelo<\/strong> mide 35,80 metros, casi dos metros m\u00e1s que la altura m\u00e1xima media de un \u00e1rbol de estas caracter\u00edsticas en Galicia&nbsp;por lo que es el m\u00e1s alto de Galicia.<\/p>\n\n\n\n<div class=\"wp-block-image\"><figure class=\"aligncenter size-full\"><a href=\"https:\/\/www.galiciamaxica.eu\/mini\/wp-content\/uploads\/2022\/06\/287307704_5234966526610994_5668858196582171413_n.jpg\"><img loading=\"lazy\" decoding=\"async\" width=\"960\" height=\"720\" src=\"https:\/\/www.galiciamaxica.eu\/mini\/wp-content\/uploads\/2022\/06\/287307704_5234966526610994_5668858196582171413_n.jpg\" alt=\"roble\" class=\"wp-image-19603\" srcset=\"https:\/\/www.galiciamaxica.eu\/mini\/wp-content\/uploads\/2022\/06\/287307704_5234966526610994_5668858196582171413_n.jpg 960w, https:\/\/www.galiciamaxica.eu\/mini\/wp-content\/uploads\/2022\/06\/287307704_5234966526610994_5668858196582171413_n-300x225.jpg 300w, https:\/\/www.galiciamaxica.eu\/mini\/wp-content\/uploads\/2022\/06\/287307704_5234966526610994_5668858196582171413_n-768x576.jpg 768w\" sizes=\"(max-width: 960px) 100vw, 960px\" \/><\/a><\/figure><\/div>\n\n\n\n<h4 class=\"wp-block-heading\">Localizaci\u00f3n<\/h4>\n\n\n\n<iframe src=\"https:\/\/www.google.com\/maps\/embed?pb=!1m18!1m12!1m3!1d2953.0899694842656!2d-8.411209682556152!3d42.2552512!2m3!1f0!2f0!3f0!3m2!1i1024!2i768!4f13.1!3m3!1m2!1s0xd2f80ba5c4e0059%3A0x182003bad6b4fa56!2sCarballo%20Sabaxans!5e0!3m2!1ses!2ses!4v1655798341536!5m2!1ses!2ses\" width=\"600\" height=\"450\" style=\"border:0;\" allowfullscreen=\"\" loading=\"lazy\" referrerpolicy=\"no-referrer-when-downgrade\"><\/iframe>\n\n\n\n<h4 class=\"wp-block-heading\">Cerca pod\u00e9is visitar<\/h4>\n\n\n\n<figure class=\"wp-block-embed is-type-wp-embed is-provider-galicia-con-ninos-galicia-maxica wp-block-embed-galicia-con-ninos-galicia-maxica\">\n<blockquote class=\"wp-embedded-content\" data-secret=\"eYUz3FAMhr\"><a href=\"https:\/\/www.galiciamaxica.eu\/mini\/nos-vamos-de-aventura-a-covelo-y-descubriremos-los-puentes-mas-antiguos-del-mundo\/\">Nos vamos de aventura a Covelo y descubriremos los puentes m\u00e1s antiguos del mundo<\/a><\/blockquote><iframe class=\"wp-embedded-content\" sandbox=\"allow-scripts\" security=\"restricted\" style=\"position: absolute; visibility: hidden;\" title=\"\u00abNos vamos de aventura a Covelo y descubriremos los puentes m\u00e1s antiguos del mundo\u00bb \u2014 Galicia con ni\u00f1os | GALICIA M\u00c1XICA\" src=\"https:\/\/www.galiciamaxica.eu\/mini\/nos-vamos-de-aventura-a-covelo-y-descubriremos-los-puentes-mas-antiguos-del-mundo\/embed\/#?secret=LYwhN4wgrf#?secret=eYUz3FAMhr\" data-secret=\"eYUz3FAMhr\" width=\"500\" height=\"282\" frameborder=\"0\" marginwidth=\"0\" marginheight=\"0\" scrolling=\"no\"><\/iframe>\n<\/figure>\n\n\n\n<h3 class=\"wp-block-heading\">Recomendaci\u00f3n<\/h3>\n\n\n\n<p>Muy cerquita pod\u00e9is visitar o <strong><a href=\"https:\/\/galiciaencantada.com\/lenda.asp?cat=8&amp;id=2930\" rel=\"nofollow\">Carballo do Pelete <\/a><\/strong>en<a href=\"https:\/\/goo.gl\/maps\/j16PqAd3bHeZS2jH7\" rel=\"nofollow\"><strong> Covelo<\/strong><\/a> me encantar\u00eda deciros que tambi\u00e9n os recomiendo<strong><a href=\"https:\/\/galiciaencantada.com\/lenda.asp?cat=8&amp;id=2831\" rel=\"nofollow\"> O carballo de san Bieito<\/a><\/strong> en Salceda de Caselas pero est\u00e1 en el <strong><a href=\"https:\/\/g.page\/pazopegullal?share\" rel=\"nofollow\">Pazo de Pegullal <\/a><\/strong>y es una propiedad privada.<\/p>\n","protected":false},"excerpt":{"rendered":"<p>Hoy descubriremos el carballo m\u00e1s longevo de Espa\u00f1a y el m\u00e1s alto de Galicia est\u00e1n los dos en Mondariz. y son un patrimonio natural de valor incalculable. Toca Visitar dos carballos que son un orgullo para nuestra tierra, uno el m\u00e1s anciano y el otro el m\u00e1s alto y recuerda ambos se localizan en Mondariz. [&hellip;]<\/p>\n","protected":false},"author":1,"featured_media":19604,"comment_status":"open","ping_status":"closed","sticky":false,"template":"","format":"standard","meta":{"_eb_attr":"","site-sidebar-layout":"default","site-content-layout":"","ast-site-content-layout":"","site-content-style":"default","site-sidebar-style":"default","ast-global-header-display":"","ast-banner-title-visibility":"","ast-main-header-display":"","ast-hfb-above-header-display":"","ast-hfb-below-header-display":"","ast-hfb-mobile-header-display":"","site-post-title":"","ast-breadcrumbs-content":"","ast-featured-img":"","footer-sml-layout":"","theme-transparent-header-meta":"","adv-header-id-meta":"","stick-header-meta":"","header-above-stick-meta":"","header-main-stick-meta":"","header-below-stick-meta":"","astra-migrate-meta-layouts":"default","ast-page-background-enabled":"default","ast-page-background-meta":{"desktop":{"background-color":"","background-image":"","background-repeat":"repeat","background-position":"center center","background-size":"auto","background-attachment":"scroll","background-type":"","background-media":"","overlay-type":"","overlay-color":"","overlay-opacity":"","overlay-gradient":""},"tablet":{"background-color":"","background-image":"","background-repeat":"repeat","background-position":"center center","background-size":"auto","background-attachment":"scroll","background-type":"","background-media":"","overlay-type":"","overlay-color":"","overlay-opacity":"","overlay-gradient":""},"mobile":{"background-color":"","background-image":"","background-repeat":"repeat","background-position":"center center","background-size":"auto","background-attachment":"scroll","background-type":"","background-media":"","overlay-type":"","overlay-color":"","overlay-opacity":"","overlay-gradient":""}},"ast-content-background-meta":{"desktop":{"background-color":"var(--ast-global-color-5)","background-image":"","background-repeat":"repeat","background-position":"center center","background-size":"auto","background-attachment":"scroll","background-type":"","background-media":"","overlay-type":"","overlay-color":"","overlay-opacity":"","overlay-gradient":""},"tablet":{"background-color":"var(--ast-global-color-5)","background-image":"","background-repeat":"repeat","background-position":"center center","background-size":"auto","background-attachment":"scroll","background-type":"","background-media":"","overlay-type":"","overlay-color":"","overlay-opacity":"","overlay-gradient":""},"mobile":{"background-color":"var(--ast-global-color-5)","background-image":"","background-repeat":"repeat","background-position":"center center","background-size":"auto","background-attachment":"scroll","background-type":"","background-media":"","overlay-type":"","overlay-color":"","overlay-opacity":"","overlay-gradient":""}},"footnotes":""},"categories":[48],"tags":[25,37,36,20,2,23,3],"class_list":["post-19601","post","type-post","status-publish","format-standard","has-post-thumbnail","hentry","category-pontevedra","tag-galicia","tag-galiciamaxica","tag-lugares","tag-naturaleza","tag-ninos","tag-pontevedra","tag-viajes"],"yoast_head":"<!-- This site is optimized with the Yoast SEO plugin v24.9 - https:\/\/yoast.com\/wordpress\/plugins\/seo\/ -->\n<title>El carballo m\u00e1s longevo y el m\u00e1s alto de Galicia est\u00e1n en Mondariz - Galicia con ni\u00f1os | GALICIA M\u00c1XICA<\/title>\n<meta name=\"description\" content=\"El carballo m\u00e1s longevo y el m\u00e1s alto de Galicia est\u00e1n en Mondariz.\" \/>\n<meta name=\"robots\" content=\"index, follow, max-snippet:-1, max-image-preview:large, max-video-preview:-1\" \/>\n<link rel=\"canonical\" href=\"https:\/\/www.galiciamaxica.eu\/mini\/el-carballo-mas-longevo-y-el-mas-alto-de-galicia-estan-en-mondariz\/\" \/>\n<meta property=\"og:locale\" content=\"es_ES\" \/>\n<meta property=\"og:type\" content=\"article\" \/>\n<meta property=\"og:title\" content=\"El carballo m\u00e1s longevo y el m\u00e1s alto de Galicia est\u00e1n en Mondariz - Galicia con ni\u00f1os | GALICIA M\u00c1XICA\" \/>\n<meta property=\"og:description\" content=\"El carballo m\u00e1s longevo y el m\u00e1s alto de Galicia est\u00e1n en Mondariz.\" \/>\n<meta property=\"og:url\" content=\"https:\/\/www.galiciamaxica.eu\/mini\/el-carballo-mas-longevo-y-el-mas-alto-de-galicia-estan-en-mondariz\/\" \/>\n<meta property=\"og:site_name\" content=\"Galicia con ni\u00f1os | GALICIA M\u00c1XICA\" \/>\n<meta property=\"article:publisher\" content=\"https:\/\/www.facebook.com\/maria.rodriguezserantes\" \/>\n<meta property=\"article:author\" content=\"https:\/\/www.facebook.com\/maria.rodriguezserantes\" \/>\n<meta property=\"article:published_time\" content=\"2022-06-21T09:15:54+00:00\" \/>\n<meta property=\"article:modified_time\" content=\"2024-08-13T17:38:59+00:00\" \/>\n<meta property=\"og:image\" content=\"https:\/\/www.galiciamaxica.eu\/mini\/wp-content\/uploads\/2022\/06\/oak-3762946_960_720.jpg\" \/>\n\t<meta property=\"og:image:width\" content=\"960\" \/>\n\t<meta property=\"og:image:height\" content=\"640\" \/>\n\t<meta property=\"og:image:type\" content=\"image\/jpeg\" \/>\n<meta name=\"author\" content=\"seseixa\" \/>\n<meta name=\"twitter:card\" content=\"summary_large_image\" \/>\n<meta name=\"twitter:creator\" content=\"@seseixa\" \/>\n<meta name=\"twitter:site\" content=\"@seseixa\" \/>\n<meta name=\"twitter:label1\" content=\"Escrito por\" \/>\n\t<meta name=\"twitter:data1\" content=\"seseixa\" \/>\n\t<meta name=\"twitter:label2\" content=\"Tiempo de lectura\" \/>\n\t<meta name=\"twitter:data2\" content=\"5 minutos\" \/>\n<script type=\"application\/ld+json\" class=\"yoast-schema-graph\">{\"@context\":\"https:\/\/schema.org\",\"@graph\":[{\"@type\":\"Article\",\"@id\":\"https:\/\/www.galiciamaxica.eu\/mini\/el-carballo-mas-longevo-y-el-mas-alto-de-galicia-estan-en-mondariz\/#article\",\"isPartOf\":{\"@id\":\"https:\/\/www.galiciamaxica.eu\/mini\/el-carballo-mas-longevo-y-el-mas-alto-de-galicia-estan-en-mondariz\/\"},\"author\":{\"name\":\"seseixa\",\"@id\":\"https:\/\/www.galiciamaxica.eu\/mini\/#\/schema\/person\/2b284fe2fd911000a48d2e8936300179\"},\"headline\":\"El carballo m\u00e1s longevo y el m\u00e1s alto de Galicia est\u00e1n en Mondariz\",\"datePublished\":\"2022-06-21T09:15:54+00:00\",\"dateModified\":\"2024-08-13T17:38:59+00:00\",\"mainEntityOfPage\":{\"@id\":\"https:\/\/www.galiciamaxica.eu\/mini\/el-carballo-mas-longevo-y-el-mas-alto-de-galicia-estan-en-mondariz\/\"},\"wordCount\":736,\"commentCount\":0,\"publisher\":{\"@id\":\"https:\/\/www.galiciamaxica.eu\/mini\/#\/schema\/person\/2b284fe2fd911000a48d2e8936300179\"},\"image\":{\"@id\":\"https:\/\/www.galiciamaxica.eu\/mini\/el-carballo-mas-longevo-y-el-mas-alto-de-galicia-estan-en-mondariz\/#primaryimage\"},\"thumbnailUrl\":\"https:\/\/www.galiciamaxica.eu\/mini\/wp-content\/uploads\/2022\/06\/oak-3762946_960_720.jpg\",\"keywords\":[\"Galicia\",\"galiciamaxica\",\"lugares\",\"naturaleza\",\"ni\u00f1os\",\"pontevedra\",\"viajes\"],\"articleSection\":[\"PONTEVEDRA\"],\"inLanguage\":\"es\",\"potentialAction\":[{\"@type\":\"CommentAction\",\"name\":\"Comment\",\"target\":[\"https:\/\/www.galiciamaxica.eu\/mini\/el-carballo-mas-longevo-y-el-mas-alto-de-galicia-estan-en-mondariz\/#respond\"]}]},{\"@type\":\"WebPage\",\"@id\":\"https:\/\/www.galiciamaxica.eu\/mini\/el-carballo-mas-longevo-y-el-mas-alto-de-galicia-estan-en-mondariz\/\",\"url\":\"https:\/\/www.galiciamaxica.eu\/mini\/el-carballo-mas-longevo-y-el-mas-alto-de-galicia-estan-en-mondariz\/\",\"name\":\"El carballo m\u00e1s longevo y el m\u00e1s alto de Galicia est\u00e1n en Mondariz - Galicia con ni\u00f1os | GALICIA M\u00c1XICA\",\"isPartOf\":{\"@id\":\"https:\/\/www.galiciamaxica.eu\/mini\/#website\"},\"primaryImageOfPage\":{\"@id\":\"https:\/\/www.galiciamaxica.eu\/mini\/el-carballo-mas-longevo-y-el-mas-alto-de-galicia-estan-en-mondariz\/#primaryimage\"},\"image\":{\"@id\":\"https:\/\/www.galiciamaxica.eu\/mini\/el-carballo-mas-longevo-y-el-mas-alto-de-galicia-estan-en-mondariz\/#primaryimage\"},\"thumbnailUrl\":\"https:\/\/www.galiciamaxica.eu\/mini\/wp-content\/uploads\/2022\/06\/oak-3762946_960_720.jpg\",\"datePublished\":\"2022-06-21T09:15:54+00:00\",\"dateModified\":\"2024-08-13T17:38:59+00:00\",\"description\":\"El carballo m\u00e1s longevo y el m\u00e1s alto de Galicia est\u00e1n en Mondariz.\",\"breadcrumb\":{\"@id\":\"https:\/\/www.galiciamaxica.eu\/mini\/el-carballo-mas-longevo-y-el-mas-alto-de-galicia-estan-en-mondariz\/#breadcrumb\"},\"inLanguage\":\"es\",\"potentialAction\":[{\"@type\":\"ReadAction\",\"target\":[\"https:\/\/www.galiciamaxica.eu\/mini\/el-carballo-mas-longevo-y-el-mas-alto-de-galicia-estan-en-mondariz\/\"]}]},{\"@type\":\"ImageObject\",\"inLanguage\":\"es\",\"@id\":\"https:\/\/www.galiciamaxica.eu\/mini\/el-carballo-mas-longevo-y-el-mas-alto-de-galicia-estan-en-mondariz\/#primaryimage\",\"url\":\"https:\/\/www.galiciamaxica.eu\/mini\/wp-content\/uploads\/2022\/06\/oak-3762946_960_720.jpg\",\"contentUrl\":\"https:\/\/www.galiciamaxica.eu\/mini\/wp-content\/uploads\/2022\/06\/oak-3762946_960_720.jpg\",\"width\":960,\"height\":640,\"caption\":\"roble\"},{\"@type\":\"BreadcrumbList\",\"@id\":\"https:\/\/www.galiciamaxica.eu\/mini\/el-carballo-mas-longevo-y-el-mas-alto-de-galicia-estan-en-mondariz\/#breadcrumb\",\"itemListElement\":[{\"@type\":\"ListItem\",\"position\":1,\"name\":\"Portada\",\"item\":\"https:\/\/www.galiciamaxica.eu\/mini\/\"},{\"@type\":\"ListItem\",\"position\":2,\"name\":\"El carballo m\u00e1s longevo y el m\u00e1s alto de Galicia est\u00e1n en Mondariz\"}]},{\"@type\":\"WebSite\",\"@id\":\"https:\/\/www.galiciamaxica.eu\/mini\/#website\",\"url\":\"https:\/\/www.galiciamaxica.eu\/mini\/\",\"name\":\"Galicia con ni\u00f1os | GALICIA M\u00c1XICA\",\"description\":\"Qu\u00e9 hacer con ni\u00f1os en Galicia\",\"publisher\":{\"@id\":\"https:\/\/www.galiciamaxica.eu\/mini\/#\/schema\/person\/2b284fe2fd911000a48d2e8936300179\"},\"potentialAction\":[{\"@type\":\"SearchAction\",\"target\":{\"@type\":\"EntryPoint\",\"urlTemplate\":\"https:\/\/www.galiciamaxica.eu\/mini\/?s={search_term_string}\"},\"query-input\":{\"@type\":\"PropertyValueSpecification\",\"valueRequired\":true,\"valueName\":\"search_term_string\"}}],\"inLanguage\":\"es\"},{\"@type\":[\"Person\",\"Organization\"],\"@id\":\"https:\/\/www.galiciamaxica.eu\/mini\/#\/schema\/person\/2b284fe2fd911000a48d2e8936300179\",\"name\":\"seseixa\",\"image\":{\"@type\":\"ImageObject\",\"inLanguage\":\"es\",\"@id\":\"https:\/\/www.galiciamaxica.eu\/mini\/#\/schema\/person\/image\/\",\"url\":\"https:\/\/www.galiciamaxica.eu\/mini\/wp-content\/uploads\/2019\/02\/seseixa.png\",\"contentUrl\":\"https:\/\/www.galiciamaxica.eu\/mini\/wp-content\/uploads\/2019\/02\/seseixa.png\",\"width\":100,\"height\":100,\"caption\":\"seseixa\"},\"logo\":{\"@id\":\"https:\/\/www.galiciamaxica.eu\/mini\/#\/schema\/person\/image\/\"},\"description\":\"En la actualidad combinando dos proyectos que me apasionan, Galicia y los ni\u00f1os. Tengo mucho que aportar y otro tanto que aprender, as\u00ed como, el tiempo y el coraz\u00f3n, dividido en todo momento. Soy mam\u00e1, un titulo otorgado a tiempo completo, compa\u00f1era y amiga, a todas horas, familiar y cercana, siempre. De esp\u00edritu inquieto, soy una eterna ni\u00f1a que juega en el pa\u00eds de las maravillas. Una enamorada de mi tierra, por la que trabajo sin descanso. Creo en la infancia como motor que cambiar\u00e1 el mundo a mejor y busco en mi vida la felicidad como estado permanente porque s\u00f3lo se vive una vez.\",\"sameAs\":[\"http:\/\/mini.galiciamaxica.eu\/\",\"https:\/\/www.facebook.com\/maria.rodriguezserantes\",\"https:\/\/x.com\/seseixa\"],\"url\":\"https:\/\/www.galiciamaxica.eu\/mini\/author\/seseixa\/\"}]}<\/script>\n<!-- \/ Yoast SEO plugin. -->","yoast_head_json":{"title":"El carballo m\u00e1s longevo y el m\u00e1s alto de Galicia est\u00e1n en Mondariz - Galicia con ni\u00f1os | GALICIA M\u00c1XICA","description":"El carballo m\u00e1s longevo y el m\u00e1s alto de Galicia est\u00e1n en Mondariz.","robots":{"index":"index","follow":"follow","max-snippet":"max-snippet:-1","max-image-preview":"max-image-preview:large","max-video-preview":"max-video-preview:-1"},"canonical":"https:\/\/www.galiciamaxica.eu\/mini\/el-carballo-mas-longevo-y-el-mas-alto-de-galicia-estan-en-mondariz\/","og_locale":"es_ES","og_type":"article","og_title":"El carballo m\u00e1s longevo y el m\u00e1s alto de Galicia est\u00e1n en Mondariz - Galicia con ni\u00f1os | GALICIA M\u00c1XICA","og_description":"El carballo m\u00e1s longevo y el m\u00e1s alto de Galicia est\u00e1n en Mondariz.","og_url":"https:\/\/www.galiciamaxica.eu\/mini\/el-carballo-mas-longevo-y-el-mas-alto-de-galicia-estan-en-mondariz\/","og_site_name":"Galicia con ni\u00f1os | GALICIA M\u00c1XICA","article_publisher":"https:\/\/www.facebook.com\/maria.rodriguezserantes","article_author":"https:\/\/www.facebook.com\/maria.rodriguezserantes","article_published_time":"2022-06-21T09:15:54+00:00","article_modified_time":"2024-08-13T17:38:59+00:00","og_image":[{"width":960,"height":640,"url":"https:\/\/www.galiciamaxica.eu\/mini\/wp-content\/uploads\/2022\/06\/oak-3762946_960_720.jpg","type":"image\/jpeg"}],"author":"seseixa","twitter_card":"summary_large_image","twitter_creator":"@seseixa","twitter_site":"@seseixa","twitter_misc":{"Escrito por":"seseixa","Tiempo de lectura":"5 minutos"},"schema":{"@context":"https:\/\/schema.org","@graph":[{"@type":"Article","@id":"https:\/\/www.galiciamaxica.eu\/mini\/el-carballo-mas-longevo-y-el-mas-alto-de-galicia-estan-en-mondariz\/#article","isPartOf":{"@id":"https:\/\/www.galiciamaxica.eu\/mini\/el-carballo-mas-longevo-y-el-mas-alto-de-galicia-estan-en-mondariz\/"},"author":{"name":"seseixa","@id":"https:\/\/www.galiciamaxica.eu\/mini\/#\/schema\/person\/2b284fe2fd911000a48d2e8936300179"},"headline":"El carballo m\u00e1s longevo y el m\u00e1s alto de Galicia est\u00e1n en Mondariz","datePublished":"2022-06-21T09:15:54+00:00","dateModified":"2024-08-13T17:38:59+00:00","mainEntityOfPage":{"@id":"https:\/\/www.galiciamaxica.eu\/mini\/el-carballo-mas-longevo-y-el-mas-alto-de-galicia-estan-en-mondariz\/"},"wordCount":736,"commentCount":0,"publisher":{"@id":"https:\/\/www.galiciamaxica.eu\/mini\/#\/schema\/person\/2b284fe2fd911000a48d2e8936300179"},"image":{"@id":"https:\/\/www.galiciamaxica.eu\/mini\/el-carballo-mas-longevo-y-el-mas-alto-de-galicia-estan-en-mondariz\/#primaryimage"},"thumbnailUrl":"https:\/\/www.galiciamaxica.eu\/mini\/wp-content\/uploads\/2022\/06\/oak-3762946_960_720.jpg","keywords":["Galicia","galiciamaxica","lugares","naturaleza","ni\u00f1os","pontevedra","viajes"],"articleSection":["PONTEVEDRA"],"inLanguage":"es","potentialAction":[{"@type":"CommentAction","name":"Comment","target":["https:\/\/www.galiciamaxica.eu\/mini\/el-carballo-mas-longevo-y-el-mas-alto-de-galicia-estan-en-mondariz\/#respond"]}]},{"@type":"WebPage","@id":"https:\/\/www.galiciamaxica.eu\/mini\/el-carballo-mas-longevo-y-el-mas-alto-de-galicia-estan-en-mondariz\/","url":"https:\/\/www.galiciamaxica.eu\/mini\/el-carballo-mas-longevo-y-el-mas-alto-de-galicia-estan-en-mondariz\/","name":"El carballo m\u00e1s longevo y el m\u00e1s alto de Galicia est\u00e1n en Mondariz - Galicia con ni\u00f1os | GALICIA M\u00c1XICA","isPartOf":{"@id":"https:\/\/www.galiciamaxica.eu\/mini\/#website"},"primaryImageOfPage":{"@id":"https:\/\/www.galiciamaxica.eu\/mini\/el-carballo-mas-longevo-y-el-mas-alto-de-galicia-estan-en-mondariz\/#primaryimage"},"image":{"@id":"https:\/\/www.galiciamaxica.eu\/mini\/el-carballo-mas-longevo-y-el-mas-alto-de-galicia-estan-en-mondariz\/#primaryimage"},"thumbnailUrl":"https:\/\/www.galiciamaxica.eu\/mini\/wp-content\/uploads\/2022\/06\/oak-3762946_960_720.jpg","datePublished":"2022-06-21T09:15:54+00:00","dateModified":"2024-08-13T17:38:59+00:00","description":"El carballo m\u00e1s longevo y el m\u00e1s alto de Galicia est\u00e1n en Mondariz.","breadcrumb":{"@id":"https:\/\/www.galiciamaxica.eu\/mini\/el-carballo-mas-longevo-y-el-mas-alto-de-galicia-estan-en-mondariz\/#breadcrumb"},"inLanguage":"es","potentialAction":[{"@type":"ReadAction","target":["https:\/\/www.galiciamaxica.eu\/mini\/el-carballo-mas-longevo-y-el-mas-alto-de-galicia-estan-en-mondariz\/"]}]},{"@type":"ImageObject","inLanguage":"es","@id":"https:\/\/www.galiciamaxica.eu\/mini\/el-carballo-mas-longevo-y-el-mas-alto-de-galicia-estan-en-mondariz\/#primaryimage","url":"https:\/\/www.galiciamaxica.eu\/mini\/wp-content\/uploads\/2022\/06\/oak-3762946_960_720.jpg","contentUrl":"https:\/\/www.galiciamaxica.eu\/mini\/wp-content\/uploads\/2022\/06\/oak-3762946_960_720.jpg","width":960,"height":640,"caption":"roble"},{"@type":"BreadcrumbList","@id":"https:\/\/www.galiciamaxica.eu\/mini\/el-carballo-mas-longevo-y-el-mas-alto-de-galicia-estan-en-mondariz\/#breadcrumb","itemListElement":[{"@type":"ListItem","position":1,"name":"Portada","item":"https:\/\/www.galiciamaxica.eu\/mini\/"},{"@type":"ListItem","position":2,"name":"El carballo m\u00e1s longevo y el m\u00e1s alto de Galicia est\u00e1n en Mondariz"}]},{"@type":"WebSite","@id":"https:\/\/www.galiciamaxica.eu\/mini\/#website","url":"https:\/\/www.galiciamaxica.eu\/mini\/","name":"Galicia con ni\u00f1os | GALICIA M\u00c1XICA","description":"Qu\u00e9 hacer con ni\u00f1os en Galicia","publisher":{"@id":"https:\/\/www.galiciamaxica.eu\/mini\/#\/schema\/person\/2b284fe2fd911000a48d2e8936300179"},"potentialAction":[{"@type":"SearchAction","target":{"@type":"EntryPoint","urlTemplate":"https:\/\/www.galiciamaxica.eu\/mini\/?s={search_term_string}"},"query-input":{"@type":"PropertyValueSpecification","valueRequired":true,"valueName":"search_term_string"}}],"inLanguage":"es"},{"@type":["Person","Organization"],"@id":"https:\/\/www.galiciamaxica.eu\/mini\/#\/schema\/person\/2b284fe2fd911000a48d2e8936300179","name":"seseixa","image":{"@type":"ImageObject","inLanguage":"es","@id":"https:\/\/www.galiciamaxica.eu\/mini\/#\/schema\/person\/image\/","url":"https:\/\/www.galiciamaxica.eu\/mini\/wp-content\/uploads\/2019\/02\/seseixa.png","contentUrl":"https:\/\/www.galiciamaxica.eu\/mini\/wp-content\/uploads\/2019\/02\/seseixa.png","width":100,"height":100,"caption":"seseixa"},"logo":{"@id":"https:\/\/www.galiciamaxica.eu\/mini\/#\/schema\/person\/image\/"},"description":"En la actualidad combinando dos proyectos que me apasionan, Galicia y los ni\u00f1os. Tengo mucho que aportar y otro tanto que aprender, as\u00ed como, el tiempo y el coraz\u00f3n, dividido en todo momento. Soy mam\u00e1, un titulo otorgado a tiempo completo, compa\u00f1era y amiga, a todas horas, familiar y cercana, siempre. De esp\u00edritu inquieto, soy una eterna ni\u00f1a que juega en el pa\u00eds de las maravillas. Una enamorada de mi tierra, por la que trabajo sin descanso. Creo en la infancia como motor que cambiar\u00e1 el mundo a mejor y busco en mi vida la felicidad como estado permanente porque s\u00f3lo se vive una vez.","sameAs":["http:\/\/mini.galiciamaxica.eu\/","https:\/\/www.facebook.com\/maria.rodriguezserantes","https:\/\/x.com\/seseixa"],"url":"https:\/\/www.galiciamaxica.eu\/mini\/author\/seseixa\/"}]}},"amp_enabled":true,"post_mailing_queue_ids":[],"_links":{"self":[{"href":"https:\/\/www.galiciamaxica.eu\/mini\/wp-json\/wp\/v2\/posts\/19601"}],"collection":[{"href":"https:\/\/www.galiciamaxica.eu\/mini\/wp-json\/wp\/v2\/posts"}],"about":[{"href":"https:\/\/www.galiciamaxica.eu\/mini\/wp-json\/wp\/v2\/types\/post"}],"author":[{"embeddable":true,"href":"https:\/\/www.galiciamaxica.eu\/mini\/wp-json\/wp\/v2\/users\/1"}],"replies":[{"embeddable":true,"href":"https:\/\/www.galiciamaxica.eu\/mini\/wp-json\/wp\/v2\/comments?post=19601"}],"version-history":[{"count":6,"href":"https:\/\/www.galiciamaxica.eu\/mini\/wp-json\/wp\/v2\/posts\/19601\/revisions"}],"predecessor-version":[{"id":22341,"href":"https:\/\/www.galiciamaxica.eu\/mini\/wp-json\/wp\/v2\/posts\/19601\/revisions\/22341"}],"wp:featuredmedia":[{"embeddable":true,"href":"https:\/\/www.galiciamaxica.eu\/mini\/wp-json\/wp\/v2\/media\/19604"}],"wp:attachment":[{"href":"https:\/\/www.galiciamaxica.eu\/mini\/wp-json\/wp\/v2\/media?parent=19601"}],"wp:term":[{"taxonomy":"category","embeddable":true,"href":"https:\/\/www.galiciamaxica.eu\/mini\/wp-json\/wp\/v2\/categories?post=19601"},{"taxonomy":"post_tag","embeddable":true,"href":"https:\/\/www.galiciamaxica.eu\/mini\/wp-json\/wp\/v2\/tags?post=19601"}],"curies":[{"name":"wp","href":"https:\/\/api.w.org\/{rel}","templated":true}]}}