{"id":19295,"date":"2021-10-14T17:43:47","date_gmt":"2021-10-14T15:43:47","guid":{"rendered":"https:\/\/www.galiciamaxica.eu\/mini\/?p=19295"},"modified":"2021-10-14T17:44:26","modified_gmt":"2021-10-14T15:44:26","slug":"bosque-de-secuoyas-de-buchabade","status":"publish","type":"post","link":"https:\/\/www.galiciamaxica.eu\/mini\/bosque-de-secuoyas-de-buchabade\/","title":{"rendered":"Bosque de secuoyas de Buchabade"},"content":{"rendered":"\n<p>Os presento un bosque de secuoyas, \u00fanico en Galicia, el m\u00e1s antiguo de esta especie originaria de California, no el m\u00e1s grande porque ese ya lo hab\u00edamos compartido, el otro famoso\u00a0<a href=\"https:\/\/www.galiciamaxica.eu\/galicia\/poio-bosque-secuoyas\/\">bosque de secuoyas, el de Poio <\/a> tambi\u00e9n conocido como el<strong><a href=\"https:\/\/www.galiciamaxica.eu\/galicia\/poio-bosque-secuoyas\/\"> Bosque de Col\u00f3n<\/a><\/strong>, y que ya hab\u00edamos incluido en la p\u00e1gina.<\/p>\n\n\n\n<figure class=\"wp-block-embed is-type-wp-embed is-provider-galicia-con-ninos-galicia-maxica wp-block-embed-galicia-con-ninos-galicia-maxica\">\n<blockquote class=\"wp-embedded-content\" data-secret=\"2lzg03u6sQ\"><a href=\"https:\/\/www.galiciamaxica.eu\/mini\/hoy-nos-poio\/\">Hoy nos vamos a POIO<\/a><\/blockquote><iframe class=\"wp-embedded-content\" sandbox=\"allow-scripts\" security=\"restricted\" style=\"position: absolute; visibility: hidden;\" title=\"\u00abHoy nos vamos a POIO\u00bb \u2014 Galicia con ni\u00f1os | GALICIA M\u00c1XICA\" src=\"https:\/\/www.galiciamaxica.eu\/mini\/hoy-nos-poio\/embed\/#?secret=rJTPahvs8L#?secret=2lzg03u6sQ\" data-secret=\"2lzg03u6sQ\" width=\"500\" height=\"282\" frameborder=\"0\" marginwidth=\"0\" marginheight=\"0\" scrolling=\"no\"><\/iframe>\n<\/figure>\n\n\n\n<h2 class=\"wp-block-heading\">Bosque de secuoyas de Buchabade<\/h2>\n\n\n\n<h3 class=\"wp-block-heading\">El Origen de este bosque<\/h3>\n\n\n\n<p>Este bosque se plant\u00f3 entre los a\u00f1os 1955 y 1956 gracias a las pr\u00e1cticas de repoblaci\u00f3n de los alumnos de la Escuela de Capataces de Louriz\u00e1n. El bosque es uno de los viveros que se instalaron en Galicia durante el siglo XX.<\/p>\n\n\n\n<figure class=\"wp-block-embed is-type-video is-provider-tiktok wp-block-embed-tiktok\">\n<blockquote class=\"tiktok-embed\" cite=\"https:\/\/www.tiktok.com\/@galiciamaxica\/video\/7012693387102915845\" data-video-id=\"7012693387102915845\" data-embed-from=\"oembed\" style=\"max-width:605px; min-width:325px;\"> <section> <a target=\"_blank\" title=\"@galiciamaxica\" href=\"https:\/\/www.tiktok.com\/@galiciamaxica?refer=embed\">@galiciamaxica<\/a> <p>El milagro de Buchabade.Estos gigantes naturales de m\u00e1s de cincuenta metros de alto viven desafiantes en el monte de Pena da Moa en <a title=\"galicia\" target=\"_blank\" href=\"https:\/\/www.tiktok.com\/tag\/galicia?refer=embed\">#Galicia<\/a><\/p> <a target=\"_blank\" title=\"\u266c Ordinary World - Duran Duran\" href=\"https:\/\/www.tiktok.com\/music\/Ordinary-World-6705067063683057666?refer=embed\">\u266c Ordinary World &#8211; Duran Duran<\/a> <\/section> <\/blockquote> <script async src=\"https:\/\/www.tiktok.com\/embed.js\"><\/script>\n<\/figure>\n\n\n\n<p>A este precioso rinc\u00f3n tambi\u00e9n se le conoce como el milagro de Buchabade.<\/p>\n\n\n\n<h3 class=\"wp-block-heading\">\u00bfPor qu\u00e9 le llaman a este rinc\u00f3n el milagro de Bubache?<\/h3>\n\n\n\n<p>Este milagro sucedi\u00f3 cuando las secuoyas rojas (redwoods) a\u00fan eran plantones peque\u00f1os y d\u00e9biles. Muestran los da\u00f1os del fuego como si se tratasen de cicatrices en su dura piel.<br>Jam\u00e1s un incendio de esas caracter\u00edsticas hubiese perdonado al m\u00e1s peque\u00f1o de los \u00e1rboles pero este recuncho supo acorazarse y tuvo la suerte de su lado, ll\u00e1male milagro.<\/p>\n\n\n\n<div class=\"wp-block-image\"><figure class=\"aligncenter size-large\"><a href=\"https:\/\/www.galiciamaxica.eu\/mini\/wp-content\/uploads\/2021\/10\/20210927_182436.jpg\"><img fetchpriority=\"high\" decoding=\"async\" width=\"768\" height=\"1024\" src=\"https:\/\/www.galiciamaxica.eu\/mini\/wp-content\/uploads\/2021\/10\/20210927_182436-768x1024.jpg\" alt=\"Bosque de secuoyas de Buchabade\" class=\"wp-image-19296\" srcset=\"https:\/\/www.galiciamaxica.eu\/mini\/wp-content\/uploads\/2021\/10\/20210927_182436-768x1024.jpg 768w, https:\/\/www.galiciamaxica.eu\/mini\/wp-content\/uploads\/2021\/10\/20210927_182436-225x300.jpg 225w, https:\/\/www.galiciamaxica.eu\/mini\/wp-content\/uploads\/2021\/10\/20210927_182436.jpg 1200w\" sizes=\"(max-width: 768px) 100vw, 768px\" \/><\/a><\/figure><\/div>\n\n\n\n<p>Todos daban por perdida la finca de las secuoyas plantadas a principios de la d\u00e9cada de<strong> 1960 <\/strong>pero no fue as\u00ed, gracias a la dureza de la corteza se libraron de la muerte segura haciendo honor a su nombre cient\u00edfico <a href=\"https:\/\/es.wikipedia.org\/wiki\/Sequoia_sempervirens\" rel=\"nofollow\">Sequoia sempervirens<\/a>, siempre verde \u201cque vive siempre\u201d. Es conocida tambi\u00e9n popularmente como secuoya roja\u200b o secuoya de California.<\/p>\n\n\n\n<div class=\"wp-block-image\"><figure class=\"aligncenter size-large\"><a href=\"https:\/\/www.galiciamaxica.eu\/mini\/wp-content\/uploads\/2021\/10\/20210927_182721.jpg\"><img decoding=\"async\" width=\"768\" height=\"1024\" src=\"https:\/\/www.galiciamaxica.eu\/mini\/wp-content\/uploads\/2021\/10\/20210927_182721-768x1024.jpg\" alt=\"Corteza de secuoya\" class=\"wp-image-19297\" srcset=\"https:\/\/www.galiciamaxica.eu\/mini\/wp-content\/uploads\/2021\/10\/20210927_182721-768x1024.jpg 768w, https:\/\/www.galiciamaxica.eu\/mini\/wp-content\/uploads\/2021\/10\/20210927_182721-225x300.jpg 225w, https:\/\/www.galiciamaxica.eu\/mini\/wp-content\/uploads\/2021\/10\/20210927_182721.jpg 1200w\" sizes=\"(max-width: 768px) 100vw, 768px\" \/><\/a><\/figure><\/div>\n\n\n\n<h4 class=\"wp-block-heading\">La corteza de una secuoya roja es resistente al fuego<\/h4>\n\n\n\n<p>La corteza de una secuoya roja es resistente al fuego aunque como ver\u00e1s aqu\u00ed son apreciables las cicatrices de los fat\u00eddicos incendios en las capas exteriores de la corteza que los cubre.<\/p>\n\n\n\n<h3 class=\"wp-block-heading\">\u00bfCu\u00e1ntos \u00e1rboles de esta especie veremos?<\/h3>\n\n\n\n<p>M\u00e1s de<strong> 50 secuoyas<\/strong> volvieron a nacer ese fat\u00eddico a\u00f1o \u00abLas Secuoyas del Monte da Pena Moa\u00bb .<\/p>\n\n\n\n<h3 class=\"wp-block-heading\">\u00bfCu\u00e1nto miden las secuoyas?<\/h3>\n\n\n\n<p>Estos gigantes naturales de m\u00e1s de<strong> cuarenta metros de alto<\/strong> y 6 metros de radio viven desafiantes en el monte de <strong>Pena da Moa<\/strong> en el concello de <strong>Ponte Caldelas<\/strong>, y es que ah\u00ed donde imponentes te contar\u00e1n que libraron la peor batalla contra el fuego. <\/p>\n\n\n\n<div class=\"wp-block-image\"><figure class=\"aligncenter size-large\"><img decoding=\"async\" src=\"https:\/\/www.galiciamaxica.eu\/wp-content\/uploads\/2021\/09\/Secuoyas-de-Buchabade_22-1024x682.jpg\" alt=\"\"\/><\/figure><\/div>\n\n\n\n<h3 class=\"wp-block-heading\">\u00bfCu\u00e1nto pueden llegar a vivir estos \u00e1rboles?<\/h3>\n\n\n\n<p>De las secuoyas es conocida su longevidad viven de 500 a 700 a\u00f1os, sin embargo, pueden vivir 2.000 a\u00f1os. Hoy en d\u00eda es<strong><a href=\"https:\/\/es.wikipedia.org\/wiki\/Hyperion_(%C3%A1rbol)#:~:text=Hyperion%20es%20el%20nombre%20dado,de%20California%20(Estados%20Unidos).\" rel=\"nofollow\"> el ser vivo m\u00e1s alto del planeta<\/a><\/strong> es un \u00e1rbol de esta especie. Fue descubierto el 8 de septiembre de 2006.<\/p>\n\n\n\n<figure class=\"wp-block-table\"><table><tbody><tr><th>Nombre del \u00e1rbol<\/th><th>Altura (m)<\/th><th>Localizaci\u00f3n<\/th><\/tr><tr><td><strong>Hyperion<\/strong><\/td><td>115.90<\/td><td><a href=\"https:\/\/es.wikipedia.org\/wiki\/Parque_nacional_Redwood\">Parque nacional Redwood<\/a><\/td><\/tr><\/tbody><\/table><\/figure>\n\n\n\n<p>Su rapidez de crecimiento es inigualable alcanzando los 1,80 metros al a\u00f1o entre los cuatro y los diez a\u00f1os de edad.<\/p>\n\n\n\n<h4 class=\"wp-block-heading\">\u00bfSab\u00edas que la ubicaci\u00f3n exacta de Hyperion se mantiene en secreto? <\/h4>\n\n\n\n<figure class=\"wp-block-embed is-type-video is-provider-youtube wp-block-embed-youtube wp-embed-aspect-16-9 wp-has-aspect-ratio\"><div class=\"wp-block-embed__wrapper\">\n<div class=\"ast-oembed-container \" style=\"height: 100%;\"><iframe title=\"Experience the Magic of Redwood National Park | Short Film Showcase\" width=\"500\" height=\"281\" src=\"https:\/\/www.youtube.com\/embed\/MglBOaOnzqM?feature=oembed\" frameborder=\"0\" allow=\"accelerometer; autoplay; clipboard-write; encrypted-media; gyroscope; picture-in-picture; web-share\" referrerpolicy=\"strict-origin-when-cross-origin\" allowfullscreen><\/iframe><\/div>\n<\/div><\/figure>\n\n\n\n<h2 class=\"wp-block-heading\">Curiosidades para compartir en el lugar sobre las secuoyas<\/h2>\n\n\n\n<h3 class=\"wp-block-heading\">\u00bfSab\u00edas que las secuoyas rojas s\u00f3lo crecen en un clima muy espec\u00edfico? <\/h3>\n\n\n\n<p>Son muy especiales necesitan temperaturas moderadas y mucha agua, ya sea en forma de lluvia o de niebla. No les gusta nada la nieve o las heladas.<\/p>\n\n\n\n<h3 class=\"wp-block-heading\">\u00bfCu\u00e1nto puede pesar una secuoya? <\/h3>\n\n\n\n<p>Las secuoyas rojas llegan a pesar m\u00e1s de 500 toneladas.<\/p>\n\n\n\n<div class=\"wp-block-image\"><figure class=\"aligncenter size-large\"><img decoding=\"async\" src=\"https:\/\/www.galiciamaxica.eu\/wp-content\/uploads\/2021\/09\/Secuoyas-de-Buchabade_49-683x1024.jpg\" alt=\"\"\/><\/figure><\/div>\n\n\n\n<h3 class=\"wp-block-heading\">\u00a0\u00bfSab\u00edas que una mujer vivi\u00f3 dos a\u00f1os sobre una secuoya de 1500 a\u00f1os para defenderla?<\/h3>\n\n\n\n<p>El nombre de la hero\u00edna es <strong><a href=\"https:\/\/es.wikipedia.org\/wiki\/Julia_Butterfly_Hill\" rel=\"nofollow\">Julia Hill<\/a><\/strong> y del \u00e1rbol Luna. Ella se opuso a que fuese talada. Una historia que es digna de ser conocida por todas, <strong><a href=\"https:\/\/www.nosabesnada.com\/curiosidades\/la-mujer-que-vivio-dos-anos-sobre-una-secuoya\/\" rel=\"nofollow\">el amor a la naturaleza no conoce de l\u00edmites<\/a><\/strong>. Hasta se escribi\u00f3 un libro \u00abEl legado de Luna: la historia de un \u00e1rbol, una mujer y la lucha para salvar los secuoyas\u00bb <\/p>\n\n\n\n<h2 class=\"wp-block-heading\">El enemigo de estas secuoyas no es la tala \u00bfSabes qu\u00e9 es?<\/h2>\n\n\n\n<p>Hoy en d\u00eda, el bosque de secuoyas est\u00e1 sufriendo una gran presi\u00f3n por parte de otro \u00e1rbol for\u00e1neo de r\u00e1pido crecimiento: el eucalipto. Miles de delgados y larguiruchos ejemplares rodean y se sit\u00faan a pocos metros de esta singular plantaci\u00f3n del siglo pasado.\u00a0<\/p>\n\n\n\n<p>Es un peligro para nuestras amigas porque los eucaliptos lejos de combatir el fuego lo avivan.  <\/p>\n\n\n\n<p class=\"has-text-align-center\"><a href=\"https:\/\/www.eldiario.es\/galicia\/peligro-eucaliptales-propaga-rapido-kilometros_1_2129175.html\" rel=\"nofollow\">El peligro del fuego en eucaliptales: Se propaga el doble de r\u00e1pido y sus chispas pueden volar dos kil\u00f3metros<\/a><\/p>\n\n\n\n<div class=\"wp-block-image\"><figure class=\"aligncenter size-large\"><img decoding=\"async\" src=\"https:\/\/www.galiciamaxica.eu\/wp-content\/uploads\/2021\/09\/Secuoyas-de-Buchabade_70-683x1024.jpg\" alt=\"\"\/><\/figure><\/div>\n\n\n\n<h2 class=\"wp-block-heading\">Localizaci\u00f3n<\/h2>\n\n\n\n<iframe src=\"https:\/\/www.google.com\/maps\/embed?pb=!1m14!1m8!1m3!1d2903.378657581282!2d-8.53825!3d42.415648!3m2!1i1024!2i768!4f13.1!3m3!1m2!1s0x0%3A0x35fa799a4d8728c0!2sSecuoyas%20monte%20Buchabade!5e1!3m2!1ses!2ses!4v1634225887029!5m2!1ses!2ses\" width=\"600\" height=\"450\" style=\"border:0;\" allowfullscreen=\"\" loading=\"lazy\"><\/iframe>\n","protected":false},"excerpt":{"rendered":"<p>Os presento un bosque de secuoyas, \u00fanico en Galicia, el m\u00e1s antiguo de esta especie originaria de California, no el m\u00e1s grande porque ese ya lo hab\u00edamos compartido, el otro famoso\u00a0bosque de secuoyas, el de Poio tambi\u00e9n conocido como el Bosque de Col\u00f3n, y que ya hab\u00edamos incluido en la p\u00e1gina. Bosque de secuoyas de [&hellip;]<\/p>\n","protected":false},"author":1,"featured_media":19298,"comment_status":"open","ping_status":"closed","sticky":false,"template":"","format":"standard","meta":{"_eb_attr":"","site-sidebar-layout":"default","site-content-layout":"default","ast-site-content-layout":"","site-content-style":"default","site-sidebar-style":"default","ast-global-header-display":"","ast-banner-title-visibility":"","ast-main-header-display":"","ast-hfb-above-header-display":"","ast-hfb-below-header-display":"","ast-hfb-mobile-header-display":"","site-post-title":"","ast-breadcrumbs-content":"","ast-featured-img":"","footer-sml-layout":"","theme-transparent-header-meta":"default","adv-header-id-meta":"","stick-header-meta":"","header-above-stick-meta":"","header-main-stick-meta":"","header-below-stick-meta":"","astra-migrate-meta-layouts":"default","ast-page-background-enabled":"default","ast-page-background-meta":{"desktop":{"background-color":"","background-image":"","background-repeat":"repeat","background-position":"center center","background-size":"auto","background-attachment":"scroll","background-type":"","background-media":"","overlay-type":"","overlay-color":"","overlay-opacity":"","overlay-gradient":""},"tablet":{"background-color":"","background-image":"","background-repeat":"repeat","background-position":"center center","background-size":"auto","background-attachment":"scroll","background-type":"","background-media":"","overlay-type":"","overlay-color":"","overlay-opacity":"","overlay-gradient":""},"mobile":{"background-color":"","background-image":"","background-repeat":"repeat","background-position":"center center","background-size":"auto","background-attachment":"scroll","background-type":"","background-media":"","overlay-type":"","overlay-color":"","overlay-opacity":"","overlay-gradient":""}},"ast-content-background-meta":{"desktop":{"background-color":"var(--ast-global-color-5)","background-image":"","background-repeat":"repeat","background-position":"center center","background-size":"auto","background-attachment":"scroll","background-type":"","background-media":"","overlay-type":"","overlay-color":"","overlay-opacity":"","overlay-gradient":""},"tablet":{"background-color":"var(--ast-global-color-5)","background-image":"","background-repeat":"repeat","background-position":"center center","background-size":"auto","background-attachment":"scroll","background-type":"","background-media":"","overlay-type":"","overlay-color":"","overlay-opacity":"","overlay-gradient":""},"mobile":{"background-color":"var(--ast-global-color-5)","background-image":"","background-repeat":"repeat","background-position":"center center","background-size":"auto","background-attachment":"scroll","background-type":"","background-media":"","overlay-type":"","overlay-color":"","overlay-opacity":"","overlay-gradient":""}},"footnotes":""},"categories":[15,48],"tags":[27,1194],"class_list":["post-19295","post","type-post","status-publish","format-standard","has-post-thumbnail","hentry","category-lugares","category-pontevedra","tag-bosque","tag-secuoya"],"yoast_head":"<!-- This site is optimized with the Yoast SEO plugin v24.9 - https:\/\/yoast.com\/wordpress\/plugins\/seo\/ -->\n<title>Bosque de secuoyas de Buchabade - Galicia con ni\u00f1os | GALICIA M\u00c1XICA<\/title>\n<meta name=\"description\" content=\"secuoyas de Buchabade\" \/>\n<meta name=\"robots\" content=\"index, follow, max-snippet:-1, max-image-preview:large, max-video-preview:-1\" \/>\n<link rel=\"canonical\" href=\"https:\/\/www.galiciamaxica.eu\/mini\/bosque-de-secuoyas-de-buchabade\/\" \/>\n<meta property=\"og:locale\" content=\"es_ES\" \/>\n<meta property=\"og:type\" content=\"article\" \/>\n<meta property=\"og:title\" content=\"Bosque de secuoyas de Buchabade - Galicia con ni\u00f1os | GALICIA M\u00c1XICA\" \/>\n<meta property=\"og:description\" content=\"secuoyas de Buchabade\" \/>\n<meta property=\"og:url\" content=\"https:\/\/www.galiciamaxica.eu\/mini\/bosque-de-secuoyas-de-buchabade\/\" \/>\n<meta property=\"og:site_name\" content=\"Galicia con ni\u00f1os | GALICIA M\u00c1XICA\" \/>\n<meta property=\"article:publisher\" content=\"https:\/\/www.facebook.com\/maria.rodriguezserantes\" \/>\n<meta property=\"article:author\" content=\"https:\/\/www.facebook.com\/maria.rodriguezserantes\" \/>\n<meta property=\"article:published_time\" content=\"2021-10-14T15:43:47+00:00\" \/>\n<meta property=\"article:modified_time\" content=\"2021-10-14T15:44:26+00:00\" \/>\n<meta property=\"og:image\" content=\"https:\/\/www.galiciamaxica.eu\/mini\/wp-content\/uploads\/2021\/10\/val-de-mouras-12-819x1024-1.jpg\" \/>\n\t<meta property=\"og:image:width\" content=\"1024\" \/>\n\t<meta property=\"og:image:height\" content=\"682\" \/>\n\t<meta property=\"og:image:type\" content=\"image\/jpeg\" \/>\n<meta name=\"author\" content=\"seseixa\" \/>\n<meta name=\"twitter:card\" content=\"summary_large_image\" \/>\n<meta name=\"twitter:creator\" content=\"@seseixa\" \/>\n<meta name=\"twitter:site\" content=\"@seseixa\" \/>\n<meta name=\"twitter:label1\" content=\"Escrito por\" \/>\n\t<meta name=\"twitter:data1\" content=\"seseixa\" \/>\n\t<meta name=\"twitter:label2\" content=\"Tiempo de lectura\" \/>\n\t<meta name=\"twitter:data2\" content=\"5 minutos\" \/>\n<script type=\"application\/ld+json\" class=\"yoast-schema-graph\">{\"@context\":\"https:\/\/schema.org\",\"@graph\":[{\"@type\":\"Article\",\"@id\":\"https:\/\/www.galiciamaxica.eu\/mini\/bosque-de-secuoyas-de-buchabade\/#article\",\"isPartOf\":{\"@id\":\"https:\/\/www.galiciamaxica.eu\/mini\/bosque-de-secuoyas-de-buchabade\/\"},\"author\":{\"name\":\"seseixa\",\"@id\":\"https:\/\/www.galiciamaxica.eu\/mini\/#\/schema\/person\/2b284fe2fd911000a48d2e8936300179\"},\"headline\":\"Bosque de secuoyas de Buchabade\",\"datePublished\":\"2021-10-14T15:43:47+00:00\",\"dateModified\":\"2021-10-14T15:44:26+00:00\",\"mainEntityOfPage\":{\"@id\":\"https:\/\/www.galiciamaxica.eu\/mini\/bosque-de-secuoyas-de-buchabade\/\"},\"wordCount\":769,\"commentCount\":0,\"publisher\":{\"@id\":\"https:\/\/www.galiciamaxica.eu\/mini\/#\/schema\/person\/2b284fe2fd911000a48d2e8936300179\"},\"image\":{\"@id\":\"https:\/\/www.galiciamaxica.eu\/mini\/bosque-de-secuoyas-de-buchabade\/#primaryimage\"},\"thumbnailUrl\":\"https:\/\/www.galiciamaxica.eu\/mini\/wp-content\/uploads\/2021\/10\/val-de-mouras-12-819x1024-1.jpg\",\"keywords\":[\"bosque\",\"secuoya\"],\"articleSection\":[\"LUGARES\",\"PONTEVEDRA\"],\"inLanguage\":\"es\",\"potentialAction\":[{\"@type\":\"CommentAction\",\"name\":\"Comment\",\"target\":[\"https:\/\/www.galiciamaxica.eu\/mini\/bosque-de-secuoyas-de-buchabade\/#respond\"]}]},{\"@type\":\"WebPage\",\"@id\":\"https:\/\/www.galiciamaxica.eu\/mini\/bosque-de-secuoyas-de-buchabade\/\",\"url\":\"https:\/\/www.galiciamaxica.eu\/mini\/bosque-de-secuoyas-de-buchabade\/\",\"name\":\"Bosque de secuoyas de Buchabade - Galicia con ni\u00f1os | GALICIA M\u00c1XICA\",\"isPartOf\":{\"@id\":\"https:\/\/www.galiciamaxica.eu\/mini\/#website\"},\"primaryImageOfPage\":{\"@id\":\"https:\/\/www.galiciamaxica.eu\/mini\/bosque-de-secuoyas-de-buchabade\/#primaryimage\"},\"image\":{\"@id\":\"https:\/\/www.galiciamaxica.eu\/mini\/bosque-de-secuoyas-de-buchabade\/#primaryimage\"},\"thumbnailUrl\":\"https:\/\/www.galiciamaxica.eu\/mini\/wp-content\/uploads\/2021\/10\/val-de-mouras-12-819x1024-1.jpg\",\"datePublished\":\"2021-10-14T15:43:47+00:00\",\"dateModified\":\"2021-10-14T15:44:26+00:00\",\"description\":\"secuoyas de Buchabade\",\"breadcrumb\":{\"@id\":\"https:\/\/www.galiciamaxica.eu\/mini\/bosque-de-secuoyas-de-buchabade\/#breadcrumb\"},\"inLanguage\":\"es\",\"potentialAction\":[{\"@type\":\"ReadAction\",\"target\":[\"https:\/\/www.galiciamaxica.eu\/mini\/bosque-de-secuoyas-de-buchabade\/\"]}]},{\"@type\":\"ImageObject\",\"inLanguage\":\"es\",\"@id\":\"https:\/\/www.galiciamaxica.eu\/mini\/bosque-de-secuoyas-de-buchabade\/#primaryimage\",\"url\":\"https:\/\/www.galiciamaxica.eu\/mini\/wp-content\/uploads\/2021\/10\/val-de-mouras-12-819x1024-1.jpg\",\"contentUrl\":\"https:\/\/www.galiciamaxica.eu\/mini\/wp-content\/uploads\/2021\/10\/val-de-mouras-12-819x1024-1.jpg\",\"width\":1024,\"height\":682,\"caption\":\"Bosque de secuoyas\"},{\"@type\":\"BreadcrumbList\",\"@id\":\"https:\/\/www.galiciamaxica.eu\/mini\/bosque-de-secuoyas-de-buchabade\/#breadcrumb\",\"itemListElement\":[{\"@type\":\"ListItem\",\"position\":1,\"name\":\"Portada\",\"item\":\"https:\/\/www.galiciamaxica.eu\/mini\/\"},{\"@type\":\"ListItem\",\"position\":2,\"name\":\"Bosque de secuoyas de Buchabade\"}]},{\"@type\":\"WebSite\",\"@id\":\"https:\/\/www.galiciamaxica.eu\/mini\/#website\",\"url\":\"https:\/\/www.galiciamaxica.eu\/mini\/\",\"name\":\"Galicia con ni\u00f1os | GALICIA M\u00c1XICA\",\"description\":\"Qu\u00e9 hacer con ni\u00f1os en Galicia\",\"publisher\":{\"@id\":\"https:\/\/www.galiciamaxica.eu\/mini\/#\/schema\/person\/2b284fe2fd911000a48d2e8936300179\"},\"potentialAction\":[{\"@type\":\"SearchAction\",\"target\":{\"@type\":\"EntryPoint\",\"urlTemplate\":\"https:\/\/www.galiciamaxica.eu\/mini\/?s={search_term_string}\"},\"query-input\":{\"@type\":\"PropertyValueSpecification\",\"valueRequired\":true,\"valueName\":\"search_term_string\"}}],\"inLanguage\":\"es\"},{\"@type\":[\"Person\",\"Organization\"],\"@id\":\"https:\/\/www.galiciamaxica.eu\/mini\/#\/schema\/person\/2b284fe2fd911000a48d2e8936300179\",\"name\":\"seseixa\",\"image\":{\"@type\":\"ImageObject\",\"inLanguage\":\"es\",\"@id\":\"https:\/\/www.galiciamaxica.eu\/mini\/#\/schema\/person\/image\/\",\"url\":\"https:\/\/www.galiciamaxica.eu\/mini\/wp-content\/uploads\/2019\/02\/seseixa.png\",\"contentUrl\":\"https:\/\/www.galiciamaxica.eu\/mini\/wp-content\/uploads\/2019\/02\/seseixa.png\",\"width\":100,\"height\":100,\"caption\":\"seseixa\"},\"logo\":{\"@id\":\"https:\/\/www.galiciamaxica.eu\/mini\/#\/schema\/person\/image\/\"},\"description\":\"En la actualidad combinando dos proyectos que me apasionan, Galicia y los ni\u00f1os. Tengo mucho que aportar y otro tanto que aprender, as\u00ed como, el tiempo y el coraz\u00f3n, dividido en todo momento. Soy mam\u00e1, un titulo otorgado a tiempo completo, compa\u00f1era y amiga, a todas horas, familiar y cercana, siempre. De esp\u00edritu inquieto, soy una eterna ni\u00f1a que juega en el pa\u00eds de las maravillas. Una enamorada de mi tierra, por la que trabajo sin descanso. Creo en la infancia como motor que cambiar\u00e1 el mundo a mejor y busco en mi vida la felicidad como estado permanente porque s\u00f3lo se vive una vez.\",\"sameAs\":[\"http:\/\/mini.galiciamaxica.eu\/\",\"https:\/\/www.facebook.com\/maria.rodriguezserantes\",\"https:\/\/x.com\/seseixa\"],\"url\":\"https:\/\/www.galiciamaxica.eu\/mini\/author\/seseixa\/\"}]}<\/script>\n<!-- \/ Yoast SEO plugin. -->","yoast_head_json":{"title":"Bosque de secuoyas de Buchabade - Galicia con ni\u00f1os | GALICIA M\u00c1XICA","description":"secuoyas de Buchabade","robots":{"index":"index","follow":"follow","max-snippet":"max-snippet:-1","max-image-preview":"max-image-preview:large","max-video-preview":"max-video-preview:-1"},"canonical":"https:\/\/www.galiciamaxica.eu\/mini\/bosque-de-secuoyas-de-buchabade\/","og_locale":"es_ES","og_type":"article","og_title":"Bosque de secuoyas de Buchabade - Galicia con ni\u00f1os | GALICIA M\u00c1XICA","og_description":"secuoyas de Buchabade","og_url":"https:\/\/www.galiciamaxica.eu\/mini\/bosque-de-secuoyas-de-buchabade\/","og_site_name":"Galicia con ni\u00f1os | GALICIA M\u00c1XICA","article_publisher":"https:\/\/www.facebook.com\/maria.rodriguezserantes","article_author":"https:\/\/www.facebook.com\/maria.rodriguezserantes","article_published_time":"2021-10-14T15:43:47+00:00","article_modified_time":"2021-10-14T15:44:26+00:00","og_image":[{"width":1024,"height":682,"url":"https:\/\/www.galiciamaxica.eu\/mini\/wp-content\/uploads\/2021\/10\/val-de-mouras-12-819x1024-1.jpg","type":"image\/jpeg"}],"author":"seseixa","twitter_card":"summary_large_image","twitter_creator":"@seseixa","twitter_site":"@seseixa","twitter_misc":{"Escrito por":"seseixa","Tiempo de lectura":"5 minutos"},"schema":{"@context":"https:\/\/schema.org","@graph":[{"@type":"Article","@id":"https:\/\/www.galiciamaxica.eu\/mini\/bosque-de-secuoyas-de-buchabade\/#article","isPartOf":{"@id":"https:\/\/www.galiciamaxica.eu\/mini\/bosque-de-secuoyas-de-buchabade\/"},"author":{"name":"seseixa","@id":"https:\/\/www.galiciamaxica.eu\/mini\/#\/schema\/person\/2b284fe2fd911000a48d2e8936300179"},"headline":"Bosque de secuoyas de Buchabade","datePublished":"2021-10-14T15:43:47+00:00","dateModified":"2021-10-14T15:44:26+00:00","mainEntityOfPage":{"@id":"https:\/\/www.galiciamaxica.eu\/mini\/bosque-de-secuoyas-de-buchabade\/"},"wordCount":769,"commentCount":0,"publisher":{"@id":"https:\/\/www.galiciamaxica.eu\/mini\/#\/schema\/person\/2b284fe2fd911000a48d2e8936300179"},"image":{"@id":"https:\/\/www.galiciamaxica.eu\/mini\/bosque-de-secuoyas-de-buchabade\/#primaryimage"},"thumbnailUrl":"https:\/\/www.galiciamaxica.eu\/mini\/wp-content\/uploads\/2021\/10\/val-de-mouras-12-819x1024-1.jpg","keywords":["bosque","secuoya"],"articleSection":["LUGARES","PONTEVEDRA"],"inLanguage":"es","potentialAction":[{"@type":"CommentAction","name":"Comment","target":["https:\/\/www.galiciamaxica.eu\/mini\/bosque-de-secuoyas-de-buchabade\/#respond"]}]},{"@type":"WebPage","@id":"https:\/\/www.galiciamaxica.eu\/mini\/bosque-de-secuoyas-de-buchabade\/","url":"https:\/\/www.galiciamaxica.eu\/mini\/bosque-de-secuoyas-de-buchabade\/","name":"Bosque de secuoyas de Buchabade - Galicia con ni\u00f1os | GALICIA M\u00c1XICA","isPartOf":{"@id":"https:\/\/www.galiciamaxica.eu\/mini\/#website"},"primaryImageOfPage":{"@id":"https:\/\/www.galiciamaxica.eu\/mini\/bosque-de-secuoyas-de-buchabade\/#primaryimage"},"image":{"@id":"https:\/\/www.galiciamaxica.eu\/mini\/bosque-de-secuoyas-de-buchabade\/#primaryimage"},"thumbnailUrl":"https:\/\/www.galiciamaxica.eu\/mini\/wp-content\/uploads\/2021\/10\/val-de-mouras-12-819x1024-1.jpg","datePublished":"2021-10-14T15:43:47+00:00","dateModified":"2021-10-14T15:44:26+00:00","description":"secuoyas de Buchabade","breadcrumb":{"@id":"https:\/\/www.galiciamaxica.eu\/mini\/bosque-de-secuoyas-de-buchabade\/#breadcrumb"},"inLanguage":"es","potentialAction":[{"@type":"ReadAction","target":["https:\/\/www.galiciamaxica.eu\/mini\/bosque-de-secuoyas-de-buchabade\/"]}]},{"@type":"ImageObject","inLanguage":"es","@id":"https:\/\/www.galiciamaxica.eu\/mini\/bosque-de-secuoyas-de-buchabade\/#primaryimage","url":"https:\/\/www.galiciamaxica.eu\/mini\/wp-content\/uploads\/2021\/10\/val-de-mouras-12-819x1024-1.jpg","contentUrl":"https:\/\/www.galiciamaxica.eu\/mini\/wp-content\/uploads\/2021\/10\/val-de-mouras-12-819x1024-1.jpg","width":1024,"height":682,"caption":"Bosque de secuoyas"},{"@type":"BreadcrumbList","@id":"https:\/\/www.galiciamaxica.eu\/mini\/bosque-de-secuoyas-de-buchabade\/#breadcrumb","itemListElement":[{"@type":"ListItem","position":1,"name":"Portada","item":"https:\/\/www.galiciamaxica.eu\/mini\/"},{"@type":"ListItem","position":2,"name":"Bosque de secuoyas de Buchabade"}]},{"@type":"WebSite","@id":"https:\/\/www.galiciamaxica.eu\/mini\/#website","url":"https:\/\/www.galiciamaxica.eu\/mini\/","name":"Galicia con ni\u00f1os | GALICIA M\u00c1XICA","description":"Qu\u00e9 hacer con ni\u00f1os en Galicia","publisher":{"@id":"https:\/\/www.galiciamaxica.eu\/mini\/#\/schema\/person\/2b284fe2fd911000a48d2e8936300179"},"potentialAction":[{"@type":"SearchAction","target":{"@type":"EntryPoint","urlTemplate":"https:\/\/www.galiciamaxica.eu\/mini\/?s={search_term_string}"},"query-input":{"@type":"PropertyValueSpecification","valueRequired":true,"valueName":"search_term_string"}}],"inLanguage":"es"},{"@type":["Person","Organization"],"@id":"https:\/\/www.galiciamaxica.eu\/mini\/#\/schema\/person\/2b284fe2fd911000a48d2e8936300179","name":"seseixa","image":{"@type":"ImageObject","inLanguage":"es","@id":"https:\/\/www.galiciamaxica.eu\/mini\/#\/schema\/person\/image\/","url":"https:\/\/www.galiciamaxica.eu\/mini\/wp-content\/uploads\/2019\/02\/seseixa.png","contentUrl":"https:\/\/www.galiciamaxica.eu\/mini\/wp-content\/uploads\/2019\/02\/seseixa.png","width":100,"height":100,"caption":"seseixa"},"logo":{"@id":"https:\/\/www.galiciamaxica.eu\/mini\/#\/schema\/person\/image\/"},"description":"En la actualidad combinando dos proyectos que me apasionan, Galicia y los ni\u00f1os. Tengo mucho que aportar y otro tanto que aprender, as\u00ed como, el tiempo y el coraz\u00f3n, dividido en todo momento. Soy mam\u00e1, un titulo otorgado a tiempo completo, compa\u00f1era y amiga, a todas horas, familiar y cercana, siempre. De esp\u00edritu inquieto, soy una eterna ni\u00f1a que juega en el pa\u00eds de las maravillas. Una enamorada de mi tierra, por la que trabajo sin descanso. Creo en la infancia como motor que cambiar\u00e1 el mundo a mejor y busco en mi vida la felicidad como estado permanente porque s\u00f3lo se vive una vez.","sameAs":["http:\/\/mini.galiciamaxica.eu\/","https:\/\/www.facebook.com\/maria.rodriguezserantes","https:\/\/x.com\/seseixa"],"url":"https:\/\/www.galiciamaxica.eu\/mini\/author\/seseixa\/"}]}},"amp_enabled":true,"post_mailing_queue_ids":[],"_links":{"self":[{"href":"https:\/\/www.galiciamaxica.eu\/mini\/wp-json\/wp\/v2\/posts\/19295"}],"collection":[{"href":"https:\/\/www.galiciamaxica.eu\/mini\/wp-json\/wp\/v2\/posts"}],"about":[{"href":"https:\/\/www.galiciamaxica.eu\/mini\/wp-json\/wp\/v2\/types\/post"}],"author":[{"embeddable":true,"href":"https:\/\/www.galiciamaxica.eu\/mini\/wp-json\/wp\/v2\/users\/1"}],"replies":[{"embeddable":true,"href":"https:\/\/www.galiciamaxica.eu\/mini\/wp-json\/wp\/v2\/comments?post=19295"}],"version-history":[{"count":2,"href":"https:\/\/www.galiciamaxica.eu\/mini\/wp-json\/wp\/v2\/posts\/19295\/revisions"}],"predecessor-version":[{"id":19300,"href":"https:\/\/www.galiciamaxica.eu\/mini\/wp-json\/wp\/v2\/posts\/19295\/revisions\/19300"}],"wp:featuredmedia":[{"embeddable":true,"href":"https:\/\/www.galiciamaxica.eu\/mini\/wp-json\/wp\/v2\/media\/19298"}],"wp:attachment":[{"href":"https:\/\/www.galiciamaxica.eu\/mini\/wp-json\/wp\/v2\/media?parent=19295"}],"wp:term":[{"taxonomy":"category","embeddable":true,"href":"https:\/\/www.galiciamaxica.eu\/mini\/wp-json\/wp\/v2\/categories?post=19295"},{"taxonomy":"post_tag","embeddable":true,"href":"https:\/\/www.galiciamaxica.eu\/mini\/wp-json\/wp\/v2\/tags?post=19295"}],"curies":[{"name":"wp","href":"https:\/\/api.w.org\/{rel}","templated":true}]}}