{"id":19105,"date":"2021-08-23T19:42:22","date_gmt":"2021-08-23T17:42:22","guid":{"rendered":"https:\/\/www.galiciamaxica.eu\/mini\/?p=19105"},"modified":"2021-08-23T19:48:45","modified_gmt":"2021-08-23T17:48:45","slug":"pazo-y-finca-do-espino-en-santiago-de-compostela","status":"publish","type":"post","link":"https:\/\/www.galiciamaxica.eu\/mini\/pazo-y-finca-do-espino-en-santiago-de-compostela\/","title":{"rendered":"Pazo y finca do Espi\u00f1o en Santiago de Compostela"},"content":{"rendered":"\n<p>Vamos a un lugar en el que unas ruinas esperan la puesta en ejecuci\u00f3n de un proyecto. <\/p>\n\n\n\n<p>Primero y antes de entrar a descubrir un poco de su historia, os contar\u00e9 algo de lo que estamos viendo. Os acercar\u00e9 al patrimonio, vamos a descubrir m\u00e1s sobre este pazo.<\/p>\n\n\n\n<h2 class=\"wp-block-heading\">Los Pazos gallegos<\/h2>\n\n\n\n<div class=\"wp-block-image\"><figure class=\"aligncenter size-large\"><img decoding=\"async\" src=\"https:\/\/i0.wp.com\/xn--artnouveaucorua-crb.com\/wp-content\/uploads\/2020\/09\/Vista-del-estado-original.jpg?w=692&amp;ssl=1\" alt=\"\"\/><figcaption><strong><a href=\"https:\/\/xn--artnouveaucorua-crb.com\/articulo\/pazo-do-espino\/\" target=\"_blank\" rel=\"noreferrer noopener nofollow\">Historia del Pazo do Espi\u00f1o<\/a><\/strong><\/figcaption><\/figure><\/div>\n\n\n\n<h3 class=\"wp-block-heading\"><a href=\"https:\/\/www.galiciamaxica.eu\/categoria\/pazos\/\">\u00bfQu\u00e9 es un Pazo?<\/a><\/h3>\n\n\n\n<p>Vamos a aprender este viejo refr\u00e1n que dice <strong><em>\u201csi tiene capilla, palomar y cipr\u00e9s, pazo es\u201d <\/em><\/strong>y por lo general as\u00ed es pero cada<a href=\"https:\/\/www.galiciamaxica.eu\/categoria\/pazos\/\" rel=\"sponsored nofollow\"> pazo<\/a> en Galicia tiene sus peculiaridades y podr\u00edamos llegar a decir que aunque est\u00e1n unidos por definici\u00f3n como cualquier  casa tiene sus peculiaridades que la definen y la hacen \u00fanica y especial \u00bfQu\u00e9 es que lo hace a este pazo tan especial? Pues decirte que el Pazo do Espi\u00f1o es considerado el \u00fanico Pazo Gallego construido en estilo modernista.<\/p>\n\n\n\n<div class=\"wp-block-image\"><figure class=\"aligncenter size-large\"><img decoding=\"async\" src=\"https:\/\/i0.wp.com\/xn--artnouveaucorua-crb.com\/wp-content\/uploads\/2020\/09\/Vista-Sur-ano-2015.jpg?w=693&amp;ssl=1\" alt=\"\"\/><figcaption><strong><a href=\"https:\/\/xn--artnouveaucorua-crb.com\/articulo\/pazo-do-espino\/\" target=\"_blank\" rel=\"noreferrer noopener\">Historia del Pazo do Espi\u00f1o<\/a><\/strong><\/figcaption><\/figure><\/div>\n\n\n\n<p>El vocablo<strong> pazo<\/strong> es un descendiente de palacio, pues procede del lat\u00edn palatium<\/p>\n\n\n\n<p>La definici\u00f3n es clara y <a href=\"https:\/\/www.galiciamaxica.eu\/categoria\/pazos\/\">pazo es una <strong>Casa antigua y se\u00f1orial <\/strong>propia de Galicia<\/a>, y que por lo general estaba est\u00e1 situada en el campo \u00bfSab\u00edas que en&nbsp;Galicia hay&nbsp;unos 900&nbsp;pazos&nbsp;catalogados en el Inventario Xeral de Patrimonio? <\/p>\n\n\n\n<p>Los pazos suelen constar de un edificio principal rodeado de jard\u00edn, un palomar y a menudo incluyen edificaciones anexas como peque\u00f1as capillas para celebraciones religiosas de las familias. <\/p>\n\n\n\n<div class=\"wp-block-image\"><figure class=\"aligncenter size-large\"><a href=\"https:\/\/www.galiciamaxica.eu\/mini\/wp-content\/uploads\/2021\/08\/Pazo-do-Espino-Santiago-de-Compostela-13.jpg\"><img fetchpriority=\"high\" decoding=\"async\" width=\"768\" height=\"1024\" src=\"https:\/\/www.galiciamaxica.eu\/mini\/wp-content\/uploads\/2021\/08\/Pazo-do-Espino-Santiago-de-Compostela-13-768x1024.jpg\" alt=\"Finca do Espi\u00f1o o Pazo do Espi\u00f1o\" class=\"wp-image-19126\" srcset=\"https:\/\/www.galiciamaxica.eu\/mini\/wp-content\/uploads\/2021\/08\/Pazo-do-Espino-Santiago-de-Compostela-13-768x1024.jpg 768w, https:\/\/www.galiciamaxica.eu\/mini\/wp-content\/uploads\/2021\/08\/Pazo-do-Espino-Santiago-de-Compostela-13-225x300.jpg 225w, https:\/\/www.galiciamaxica.eu\/mini\/wp-content\/uploads\/2021\/08\/Pazo-do-Espino-Santiago-de-Compostela-13.jpg 1200w\" sizes=\"(max-width: 768px) 100vw, 768px\" \/><\/a><\/figure><\/div>\n\n\n\n<h3 class=\"wp-block-heading\">\u00bfEs muy antiguo este pazo para haber llegado a d\u00eda de hoy en su estado?<\/h3>\n\n\n\n<p><br>El pazo do Espi\u00f1o es una edificaci\u00f3n erigida entre 1910 y 1915 por Jes\u00fas L\u00f3pez de Rego, bajo encargo de Ram\u00f3n Guti\u00e9rrez de la Pe\u00f1a Quiroga. <\/p>\n\n\n\n<p>Lo que ha contribuido a su deterioro r\u00e1pido son los materiales empleados en su construcci\u00f3n que han tenido en el tiempo y en el poco cuidado sus aliados, este pazo no es de piedra como otros y al ser construido con cemento su deterioro ha sido mayor.<\/p>\n\n\n\n<div class=\"wp-block-image\"><figure class=\"aligncenter size-large\"><a href=\"https:\/\/www.galiciamaxica.eu\/mini\/wp-content\/uploads\/2021\/08\/Pazo-do-Espino-Santiago-de-Compostela-5.jpg\"><img decoding=\"async\" width=\"768\" height=\"1024\" src=\"https:\/\/www.galiciamaxica.eu\/mini\/wp-content\/uploads\/2021\/08\/Pazo-do-Espino-Santiago-de-Compostela-5-768x1024.jpg\" alt=\"Finca do Espi\u00f1o o Pazo do Espi\u00f1o\" class=\"wp-image-19118\" srcset=\"https:\/\/www.galiciamaxica.eu\/mini\/wp-content\/uploads\/2021\/08\/Pazo-do-Espino-Santiago-de-Compostela-5-768x1024.jpg 768w, https:\/\/www.galiciamaxica.eu\/mini\/wp-content\/uploads\/2021\/08\/Pazo-do-Espino-Santiago-de-Compostela-5-225x300.jpg 225w, https:\/\/www.galiciamaxica.eu\/mini\/wp-content\/uploads\/2021\/08\/Pazo-do-Espino-Santiago-de-Compostela-5.jpg 1200w\" sizes=\"(max-width: 768px) 100vw, 768px\" \/><\/a><\/figure><\/div>\n\n\n\n<p>Tremendo que est\u00e9 en este estado, otro <a href=\"https:\/\/www.galiciamaxica.eu\/galicia\/pontevedra\/comarca-do-morrazo\/cangas\/bosqueencantado\/\">la Finca de Fendroal o <strong>Bosque Encantado <\/strong><\/a>que espera su puesta en valor, aunque podr\u00edamos compararlo m\u00e1s con el<a href=\"https:\/\/www.galiciamaxica.eu\/galicia\/pazo-y-parque-de-ibarrola-en-oleiros\/\"> pazo y parque de Ibarrola<\/a>.<\/p>\n\n\n\n<figure class=\"wp-block-image size-large\"><img decoding=\"async\" src=\"https:\/\/www.galiciamaxica.eu\/wp-content\/uploads\/2016\/03\/galiciamaxica_26-1024x683.jpg\" alt=\"\"\/><figcaption><strong><a href=\"https:\/\/www.galiciamaxica.eu\/galicia\/pontevedra\/comarca-do-morrazo\/cangas\/bosqueencantado\/\">M\u00e1s info de este lugar<\/a><\/strong><\/figcaption><\/figure>\n\n\n\n<p>Este lugar nos record\u00f3 por momentos al Bosque Encantado en Cangas y las ruinas de su castillo, aqu\u00ed no hay ruinas de castillo, las hay de un pazo y la fachada de su iglesia \u00bfSab\u00edas que  las g\u00e1rgolas vigilan desde arriba esperando tu visita? Este lugar os va a fascinar y agradece las visitas.<\/p>\n\n\n\n<figure class=\"wp-block-image size-large\"><a href=\"https:\/\/www.galiciamaxica.eu\/mini\/wp-content\/uploads\/2021\/08\/Pazo-do-Espino-Santiago-de-Compostela-9.jpg\"><img decoding=\"async\" width=\"819\" height=\"1024\" src=\"https:\/\/www.galiciamaxica.eu\/mini\/wp-content\/uploads\/2021\/08\/Pazo-do-Espino-Santiago-de-Compostela-9-819x1024.jpg\" alt=\"Finca do Espi\u00f1o o Pazo do Espi\u00f1o\" class=\"wp-image-19122\" srcset=\"https:\/\/www.galiciamaxica.eu\/mini\/wp-content\/uploads\/2021\/08\/Pazo-do-Espino-Santiago-de-Compostela-9-819x1024.jpg 819w, https:\/\/www.galiciamaxica.eu\/mini\/wp-content\/uploads\/2021\/08\/Pazo-do-Espino-Santiago-de-Compostela-9-240x300.jpg 240w, https:\/\/www.galiciamaxica.eu\/mini\/wp-content\/uploads\/2021\/08\/Pazo-do-Espino-Santiago-de-Compostela-9-768x960.jpg 768w, https:\/\/www.galiciamaxica.eu\/mini\/wp-content\/uploads\/2021\/08\/Pazo-do-Espino-Santiago-de-Compostela-9.jpg 1200w\" sizes=\"(max-width: 819px) 100vw, 819px\" \/><\/a><\/figure>\n\n\n\n<p>Est\u00e1 enmarcado en 18.000 metros cuadrados de finca por lo que pod\u00e9is disfrutar de un paseo por ella y sentir la naturaleza que en este rinconcito se nos muestra subida en verdes. Ten\u00e9is un estanque, encontrarlo es un poco dif\u00edcil.<\/p>\n\n\n\n<figure class=\"wp-block-image size-large\"><a href=\"https:\/\/www.galiciamaxica.eu\/mini\/wp-content\/uploads\/2021\/08\/Pazo-do-Espino-Santiago-de-Compostela-12.jpg\"><img loading=\"lazy\" decoding=\"async\" width=\"768\" height=\"1024\" src=\"https:\/\/www.galiciamaxica.eu\/mini\/wp-content\/uploads\/2021\/08\/Pazo-do-Espino-Santiago-de-Compostela-12-768x1024.jpg\" alt=\"Finca do Espi\u00f1o o Pazo do Espi\u00f1o\" class=\"wp-image-19125\" srcset=\"https:\/\/www.galiciamaxica.eu\/mini\/wp-content\/uploads\/2021\/08\/Pazo-do-Espino-Santiago-de-Compostela-12-768x1024.jpg 768w, https:\/\/www.galiciamaxica.eu\/mini\/wp-content\/uploads\/2021\/08\/Pazo-do-Espino-Santiago-de-Compostela-12-225x300.jpg 225w, https:\/\/www.galiciamaxica.eu\/mini\/wp-content\/uploads\/2021\/08\/Pazo-do-Espino-Santiago-de-Compostela-12.jpg 1200w\" sizes=\"(max-width: 768px) 100vw, 768px\" \/><\/a><\/figure>\n\n\n\n<p>En las esquinas del pazo aparecen esculturas de perros y \u00e1guilas, estas son un s\u00edmbolo de protecci\u00f3n tomado de la Edad Media. Tambi\u00e9n de caras humanas. <\/p>\n\n\n\n<div class=\"wp-block-image\"><figure class=\"aligncenter size-large\"><a href=\"https:\/\/www.galiciamaxica.eu\/mini\/wp-content\/uploads\/2021\/08\/Pazo-do-Espino-Santiago-de-Compostela-3.jpg\"><img loading=\"lazy\" decoding=\"async\" width=\"768\" height=\"1024\" src=\"https:\/\/www.galiciamaxica.eu\/mini\/wp-content\/uploads\/2021\/08\/Pazo-do-Espino-Santiago-de-Compostela-3-768x1024.jpg\" alt=\"Finca do Espi\u00f1o o Pazo do Espi\u00f1o\" class=\"wp-image-19116\" srcset=\"https:\/\/www.galiciamaxica.eu\/mini\/wp-content\/uploads\/2021\/08\/Pazo-do-Espino-Santiago-de-Compostela-3-768x1024.jpg 768w, https:\/\/www.galiciamaxica.eu\/mini\/wp-content\/uploads\/2021\/08\/Pazo-do-Espino-Santiago-de-Compostela-3-225x300.jpg 225w, https:\/\/www.galiciamaxica.eu\/mini\/wp-content\/uploads\/2021\/08\/Pazo-do-Espino-Santiago-de-Compostela-3.jpg 1200w\" sizes=\"(max-width: 768px) 100vw, 768px\" \/><\/a><\/figure><\/div>\n\n\n\n<p>Junto a los perros aparecen tambi\u00e9n peque\u00f1os relevos con tres feroces cabezas de perros que pueden hacer referencia a Cerbero, el perro de Hades que guardaba los infiernos en la mitolog\u00eda griega.<\/p>\n\n\n\n<p>En la mitolog\u00eda griega, el Cerbero tambi\u00e9n conocido como Can Cerberos era un monstruo de tres cabezas (aunque a veces se dec\u00eda que ten\u00eda 50 o 100) con una serpiente en lugar de cola e innumerables cabezas de serpiente en el lomo.<br>Cerbero guardaba la puerta del Hades (el inframundo griego) y aseguraba que los muertos no salieran y que los vivos no pudieran entrar. <\/p>\n\n\n\n<p>Era hijo de Equidna y Tif\u00f3n, y hermano de Ortro (un perro de dos cabezas). <\/p>\n\n\n\n<p>Cerbero permanece encadenado ante las puertas del Hades, siempre vigilante, porque aquellos a quien los dioses han decidido dejar morir, no deben volver a la vida. S\u00f3lo dos veces dej\u00f3 de cumplir su misi\u00f3n. <\/p>\n\n\n\n<p><strong>Una convencido o encantado por Orfeo<\/strong> que ayudado por los dioses y por la dulzura de su canto, logr\u00f3 entrar en el Infierno en busca de su amada Eur\u00eddice.<\/p>\n\n\n\n<p><strong>La segunda cuando H\u00e9rcules pudo reducirle con la fuerza d<\/strong>e sus brazos y, medio ahogado, lo sac\u00f3 al mundo exterior y lo llev\u00f3 ante Euristeo, que horrorizado a la vista de un animal tan terrible, orden\u00f3 que de inmediato fuera devuelto al Hades.<\/p>\n\n\n\n<figure class=\"wp-block-image size-large\"><a href=\"https:\/\/www.galiciamaxica.eu\/mini\/wp-content\/uploads\/2021\/08\/Pazo-do-Espino-Santiago-de-Compostela-1.jpg\"><img loading=\"lazy\" decoding=\"async\" width=\"768\" height=\"1024\" src=\"https:\/\/www.galiciamaxica.eu\/mini\/wp-content\/uploads\/2021\/08\/Pazo-do-Espino-Santiago-de-Compostela-1-768x1024.jpg\" alt=\"Finca do Espi\u00f1o o Pazo do Espi\u00f1o\" class=\"wp-image-19114\" srcset=\"https:\/\/www.galiciamaxica.eu\/mini\/wp-content\/uploads\/2021\/08\/Pazo-do-Espino-Santiago-de-Compostela-1-768x1024.jpg 768w, https:\/\/www.galiciamaxica.eu\/mini\/wp-content\/uploads\/2021\/08\/Pazo-do-Espino-Santiago-de-Compostela-1-225x300.jpg 225w, https:\/\/www.galiciamaxica.eu\/mini\/wp-content\/uploads\/2021\/08\/Pazo-do-Espino-Santiago-de-Compostela-1.jpg 1200w\" sizes=\"(max-width: 768px) 100vw, 768px\" \/><\/a><\/figure>\n\n\n\n<p>El deterioro y la poca concienciaci\u00f3n nos duele, esperamos que los que lo han pintado y dejado basura tirada, entiendan que es un bien com\u00fan de la gente de Santiago, de Galicia y por extensi\u00f3n del que lo valore y ponga con su visita y sus fotos el apoyo que necesita este m\u00e1gico lugar.<\/p>\n\n\n\n<div class=\"wp-block-image\"><figure class=\"aligncenter size-large\"><a href=\"https:\/\/www.galiciamaxica.eu\/mini\/wp-content\/uploads\/2021\/08\/Pazo-do-Espino-Santiago-de-Compostela-11.jpg\"><img loading=\"lazy\" decoding=\"async\" width=\"768\" height=\"1024\" src=\"https:\/\/www.galiciamaxica.eu\/mini\/wp-content\/uploads\/2021\/08\/Pazo-do-Espino-Santiago-de-Compostela-11-768x1024.jpg\" alt=\"Finca do Espi\u00f1o o Pazo do Espi\u00f1o\" class=\"wp-image-19124\" srcset=\"https:\/\/www.galiciamaxica.eu\/mini\/wp-content\/uploads\/2021\/08\/Pazo-do-Espino-Santiago-de-Compostela-11-768x1024.jpg 768w, https:\/\/www.galiciamaxica.eu\/mini\/wp-content\/uploads\/2021\/08\/Pazo-do-Espino-Santiago-de-Compostela-11-225x300.jpg 225w, https:\/\/www.galiciamaxica.eu\/mini\/wp-content\/uploads\/2021\/08\/Pazo-do-Espino-Santiago-de-Compostela-11.jpg 1200w\" sizes=\"(max-width: 768px) 100vw, 768px\" \/><\/a><\/figure><\/div>\n\n\n\n<p>Pedimos limpieza, valoraci\u00f3n, charlas en el lugar, juegos para que entre todos pongamos el granito necesario para que este entorno cambie&#8230;ah\u00ed va mi granito de arena el darlo a conocer y visitarlo con cari\u00f1o.<\/p>\n\n\n\n<div class=\"wp-block-image\"><figure class=\"aligncenter size-large\"><a href=\"https:\/\/www.galiciamaxica.eu\/mini\/wp-content\/uploads\/2021\/08\/Pazo-do-Espino-Santiago-de-Compostela-7.jpg\"><img loading=\"lazy\" decoding=\"async\" width=\"768\" height=\"1024\" src=\"https:\/\/www.galiciamaxica.eu\/mini\/wp-content\/uploads\/2021\/08\/Pazo-do-Espino-Santiago-de-Compostela-7-768x1024.jpg\" alt=\":spi\u00f1o\" class=\"wp-image-19120\" srcset=\"https:\/\/www.galiciamaxica.eu\/mini\/wp-content\/uploads\/2021\/08\/Pazo-do-Espino-Santiago-de-Compostela-7-768x1024.jpg 768w, https:\/\/www.galiciamaxica.eu\/mini\/wp-content\/uploads\/2021\/08\/Pazo-do-Espino-Santiago-de-Compostela-7-225x300.jpg 225w, https:\/\/www.galiciamaxica.eu\/mini\/wp-content\/uploads\/2021\/08\/Pazo-do-Espino-Santiago-de-Compostela-7.jpg 1200w\" sizes=\"(max-width: 768px) 100vw, 768px\" \/><\/a><\/figure><\/div>\n\n\n\n<p>Seguiremos el paseo y nos encontraremos ante quiz\u00e1s la mesa con mejores vistas a la catedral de Santiago.<\/p>\n\n\n\n<figure class=\"wp-block-image size-large\"><a href=\"https:\/\/www.galiciamaxica.eu\/mini\/wp-content\/uploads\/2021\/08\/Pazo-do-Espino-Santiago-de-Compostela-4.jpg\"><img loading=\"lazy\" decoding=\"async\" width=\"738\" height=\"1024\" src=\"https:\/\/www.galiciamaxica.eu\/mini\/wp-content\/uploads\/2021\/08\/Pazo-do-Espino-Santiago-de-Compostela-4-738x1024.jpg\" alt=\"Finca do Espi\u00f1o o Pazo do Espi\u00f1o\" class=\"wp-image-19117\" srcset=\"https:\/\/www.galiciamaxica.eu\/mini\/wp-content\/uploads\/2021\/08\/Pazo-do-Espino-Santiago-de-Compostela-4-738x1024.jpg 738w, https:\/\/www.galiciamaxica.eu\/mini\/wp-content\/uploads\/2021\/08\/Pazo-do-Espino-Santiago-de-Compostela-4-216x300.jpg 216w, https:\/\/www.galiciamaxica.eu\/mini\/wp-content\/uploads\/2021\/08\/Pazo-do-Espino-Santiago-de-Compostela-4-768x1066.jpg 768w, https:\/\/www.galiciamaxica.eu\/mini\/wp-content\/uploads\/2021\/08\/Pazo-do-Espino-Santiago-de-Compostela-4.jpg 1200w\" sizes=\"(max-width: 738px) 100vw, 738px\" \/><\/a><\/figure>\n\n\n\n<p>Un paseo por sus jardines y entenderemos que los Pazos est\u00e1n envueltos en los mejores verdes porque las especies se mimaron en sumo en el momento de m\u00e1ximo esplendor.<\/p>\n\n\n\n<figure class=\"wp-block-image size-large\"><a href=\"https:\/\/www.galiciamaxica.eu\/mini\/wp-content\/uploads\/2021\/08\/Pazo-do-Espino-Santiago-de-Compostela-8.jpg\"><img loading=\"lazy\" decoding=\"async\" width=\"768\" height=\"1024\" src=\"https:\/\/www.galiciamaxica.eu\/mini\/wp-content\/uploads\/2021\/08\/Pazo-do-Espino-Santiago-de-Compostela-8-768x1024.jpg\" alt=\"Finca do Espi\u00f1o o Pazo do Espi\u00f1o\" class=\"wp-image-19121\" srcset=\"https:\/\/www.galiciamaxica.eu\/mini\/wp-content\/uploads\/2021\/08\/Pazo-do-Espino-Santiago-de-Compostela-8-768x1024.jpg 768w, https:\/\/www.galiciamaxica.eu\/mini\/wp-content\/uploads\/2021\/08\/Pazo-do-Espino-Santiago-de-Compostela-8-225x300.jpg 225w, https:\/\/www.galiciamaxica.eu\/mini\/wp-content\/uploads\/2021\/08\/Pazo-do-Espino-Santiago-de-Compostela-8.jpg 1200w\" sizes=\"(max-width: 768px) 100vw, 768px\" \/><\/a><\/figure>\n\n\n\n<p>Un rinc\u00f3n con mucha magia que debes descubrir para que no se olvide este cachito de nuestra historia.<\/p>\n\n\n\n<figure class=\"wp-block-image size-large\"><img decoding=\"async\" src=\"https:\/\/i1.wp.com\/xn--artnouveaucorua-crb.com\/wp-content\/uploads\/2020\/09\/Imagen-Aerea-Google-Maps-2020d.jpg?w=795&amp;ssl=1\" alt=\"\"\/><figcaption><a href=\"https:\/\/xn--artnouveaucorua-crb.com\/articulo\/pazo-do-espino\/\"><strong>Historia del Pazo do Espi<\/strong><\/a><strong><a href=\"https:\/\/xn--artnouveaucorua-crb.com\/articulo\/pazo-do-espino\/\">\u00f1o<\/a><\/strong><\/figcaption><\/figure>\n\n\n\n<p>Justo antes de entrar en el parque ten\u00e9is una fuente (No potable) en la que pod\u00e9is contar a los ni\u00f1os una de las leyendas m\u00e1s famosas de Santiago.<\/p>\n\n\n\n<h2 class=\"wp-block-heading\">LA LEYENDA DE FUENTE RENIEGA<\/h2>\n\n\n\n<p><br>Esta vieja leyenda del Camino de Santiago fue recogida por Juan Ram\u00f3n Corpas en el libro \u201ccuriosidades de Navarra\u201d y dice as\u00ed:<\/p>\n\n\n\n<p>En una fuente situada en un monte cercano a Astrain se apareci\u00f3 el diablo con forma de apuesto joven para interrumpir la subida de un sediento caminante. El diablo le ofreci\u00f3 la posibilidad de refrescarse y beber, con la \u00fanica condici\u00f3n de que deb\u00eda renegar de dios, evidentemente el peregrino rehus\u00f3 tal oferta. Entonces, el demonio ante la negativa volvi\u00f3 a tentarlo sugiriendo que bastaba con renunciar a la Virgen Mar\u00eda para recibir el preciado l\u00edquido, el joven tampoco acepto tal condici\u00f3n. El demonio intento por tercera vez convencer al peregrino exigi\u00e9ndole que renunciase al ap\u00f3stol Santiago para poder calmar su sed, como era de esperar el joven volvi\u00f3 a renunciar y comenz\u00f3 a rezar encomend\u00e1ndose a las alturas. Como resultado de este acto de fe el demonio se esfum\u00f3, dejando tras de s\u00ed una enorme nube de azufre, y en su lugar apareci\u00f3 la cristalina fuente, donde pudo al fin saciar sus ganas de beber.<\/p>\n\n\n\n<div class=\"wp-block-image\"><figure class=\"aligncenter size-large\"><a href=\"https:\/\/www.galiciamaxica.eu\/mini\/wp-content\/uploads\/2021\/08\/Pazo-do-Espino-Santiago-de-Compostela-2.jpg\"><img loading=\"lazy\" decoding=\"async\" width=\"819\" height=\"1024\" src=\"https:\/\/www.galiciamaxica.eu\/mini\/wp-content\/uploads\/2021\/08\/Pazo-do-Espino-Santiago-de-Compostela-2-819x1024.jpg\" alt=\"finca do Espi\u00f1o y Tea\" class=\"wp-image-19115\" srcset=\"https:\/\/www.galiciamaxica.eu\/mini\/wp-content\/uploads\/2021\/08\/Pazo-do-Espino-Santiago-de-Compostela-2-819x1024.jpg 819w, https:\/\/www.galiciamaxica.eu\/mini\/wp-content\/uploads\/2021\/08\/Pazo-do-Espino-Santiago-de-Compostela-2-240x300.jpg 240w, https:\/\/www.galiciamaxica.eu\/mini\/wp-content\/uploads\/2021\/08\/Pazo-do-Espino-Santiago-de-Compostela-2-768x960.jpg 768w, https:\/\/www.galiciamaxica.eu\/mini\/wp-content\/uploads\/2021\/08\/Pazo-do-Espino-Santiago-de-Compostela-2.jpg 1200w\" sizes=\"(max-width: 819px) 100vw, 819px\" \/><\/a><\/figure><\/div>\n\n\n\n<p>En el 2012 un convenio entre el ayuntamiento y la propietaria de la finca, la promotora Layetana, se llego a  acuerdo para rehabilitar la misma. <\/p>\n\n\n\n<div class=\"wp-block-image\"><figure class=\"aligncenter size-large\"><img decoding=\"async\" src=\"https:\/\/i0.wp.com\/xn--artnouveaucorua-crb.com\/wp-content\/uploads\/2020\/09\/Vista-Norte-ano-2015.jpg?w=693&amp;ssl=1\" alt=\"\"\/><figcaption><a href=\"https:\/\/xn--artnouveaucorua-crb.com\/articulo\/pazo-do-espino\/\" rel=\"nofollow\"><strong>Historia del Pazo do Espi<\/strong><\/a><strong><a href=\"https:\/\/xn--artnouveaucorua-crb.com\/articulo\/pazo-do-espino\/\">\u00f1o<\/a><\/strong><\/figcaption><\/figure><\/div>\n\n\n\n<p><strong><em>\u00abEl convenio permit\u00eda la ejecuci\u00f3n de un \u00fanico bloque de pisos para la tercera edad y la rehabilitaci\u00f3n de la finca y el palacete. \u00ab<\/em><\/strong> <em><a href=\"https:\/\/capitaldegalicia.blogspot.com\/2012\/09\/la-finca-do-espino-sera-de-todos-los.html\" rel=\"nofollow\">Leer m\u00e1s<\/a><\/em> de los cambios a posteriori.<\/p>\n\n\n\n<h2 class=\"wp-block-heading\">Localizaci\u00f3n<\/h2>\n\n\n\n<iframe src=\"https:\/\/www.google.com\/maps\/embed?pb=!1m18!1m12!1m3!1d2923.5299147287697!2d-8.553471434696752!3d42.882765209923626!2m3!1f0!2f0!3f0!3m2!1i1024!2i768!4f13.1!3m3!1m2!1s0xd2efe683a7de20f%3A0xbd6e52cae3fedfbc!2sParque%20de%20la%20Finca%20del%20Espino!5e0!3m2!1ses!2ses!4v1629737043130!5m2!1ses!2ses\" width=\"600\" height=\"450\" style=\"border:0;\" allowfullscreen=\"\" loading=\"lazy\"><\/iframe>\n","protected":false},"excerpt":{"rendered":"<p>Vamos a un lugar en el que unas ruinas esperan la puesta en ejecuci\u00f3n de un proyecto. Primero y antes de entrar a descubrir un poco de su historia, os contar\u00e9 algo de lo que estamos viendo. Os acercar\u00e9 al patrimonio, vamos a descubrir m\u00e1s sobre este pazo. Los Pazos gallegos \u00bfQu\u00e9 es un Pazo? [&hellip;]<\/p>\n","protected":false},"author":1,"featured_media":19123,"comment_status":"open","ping_status":"closed","sticky":false,"template":"","format":"standard","meta":{"_eb_attr":"","site-sidebar-layout":"default","site-content-layout":"default","ast-site-content-layout":"","site-content-style":"default","site-sidebar-style":"default","ast-global-header-display":"","ast-banner-title-visibility":"","ast-main-header-display":"","ast-hfb-above-header-display":"","ast-hfb-below-header-display":"","ast-hfb-mobile-header-display":"","site-post-title":"","ast-breadcrumbs-content":"","ast-featured-img":"","footer-sml-layout":"","theme-transparent-header-meta":"default","adv-header-id-meta":"","stick-header-meta":"","header-above-stick-meta":"","header-main-stick-meta":"","header-below-stick-meta":"","astra-migrate-meta-layouts":"default","ast-page-background-enabled":"default","ast-page-background-meta":{"desktop":{"background-color":"","background-image":"","background-repeat":"repeat","background-position":"center center","background-size":"auto","background-attachment":"scroll","background-type":"","background-media":"","overlay-type":"","overlay-color":"","overlay-opacity":"","overlay-gradient":""},"tablet":{"background-color":"","background-image":"","background-repeat":"repeat","background-position":"center center","background-size":"auto","background-attachment":"scroll","background-type":"","background-media":"","overlay-type":"","overlay-color":"","overlay-opacity":"","overlay-gradient":""},"mobile":{"background-color":"","background-image":"","background-repeat":"repeat","background-position":"center center","background-size":"auto","background-attachment":"scroll","background-type":"","background-media":"","overlay-type":"","overlay-color":"","overlay-opacity":"","overlay-gradient":""}},"ast-content-background-meta":{"desktop":{"background-color":"var(--ast-global-color-5)","background-image":"","background-repeat":"repeat","background-position":"center center","background-size":"auto","background-attachment":"scroll","background-type":"","background-media":"","overlay-type":"","overlay-color":"","overlay-opacity":"","overlay-gradient":""},"tablet":{"background-color":"var(--ast-global-color-5)","background-image":"","background-repeat":"repeat","background-position":"center center","background-size":"auto","background-attachment":"scroll","background-type":"","background-media":"","overlay-type":"","overlay-color":"","overlay-opacity":"","overlay-gradient":""},"mobile":{"background-color":"var(--ast-global-color-5)","background-image":"","background-repeat":"repeat","background-position":"center center","background-size":"auto","background-attachment":"scroll","background-type":"","background-media":"","overlay-type":"","overlay-color":"","overlay-opacity":"","overlay-gradient":""}},"footnotes":""},"categories":[49,15,11],"tags":[],"class_list":["post-19105","post","type-post","status-publish","format-standard","has-post-thumbnail","hentry","category-a-coruna","category-lugares","category-parques"],"yoast_head":"<!-- This site is optimized with the Yoast SEO plugin v24.9 - https:\/\/yoast.com\/wordpress\/plugins\/seo\/ -->\n<title>Pazo y finca do Espi\u00f1o en Santiago de Compostela - Galicia con ni\u00f1os | GALICIA M\u00c1XICA<\/title>\n<meta name=\"description\" content=\"Finca do Espi\u00f1o o Pazo do Espi\u00f1o\" \/>\n<meta name=\"robots\" content=\"index, follow, max-snippet:-1, max-image-preview:large, max-video-preview:-1\" \/>\n<link rel=\"canonical\" href=\"https:\/\/www.galiciamaxica.eu\/mini\/pazo-y-finca-do-espino-en-santiago-de-compostela\/\" \/>\n<meta property=\"og:locale\" content=\"es_ES\" \/>\n<meta property=\"og:type\" content=\"article\" \/>\n<meta property=\"og:title\" content=\"Pazo y finca do Espi\u00f1o en Santiago de Compostela - Galicia con ni\u00f1os | GALICIA M\u00c1XICA\" \/>\n<meta property=\"og:description\" content=\"Finca do Espi\u00f1o o Pazo do Espi\u00f1o\" \/>\n<meta property=\"og:url\" content=\"https:\/\/www.galiciamaxica.eu\/mini\/pazo-y-finca-do-espino-en-santiago-de-compostela\/\" \/>\n<meta property=\"og:site_name\" content=\"Galicia con ni\u00f1os | GALICIA M\u00c1XICA\" \/>\n<meta property=\"article:publisher\" content=\"https:\/\/www.facebook.com\/maria.rodriguezserantes\" \/>\n<meta property=\"article:author\" content=\"https:\/\/www.facebook.com\/maria.rodriguezserantes\" \/>\n<meta property=\"article:published_time\" content=\"2021-08-23T17:42:22+00:00\" \/>\n<meta property=\"article:modified_time\" content=\"2021-08-23T17:48:45+00:00\" \/>\n<meta property=\"og:image\" content=\"https:\/\/www.galiciamaxica.eu\/mini\/wp-content\/uploads\/2021\/08\/Pazo-do-Espino-Santiago-de-Compostela-10.jpg\" \/>\n\t<meta property=\"og:image:width\" content=\"1200\" \/>\n\t<meta property=\"og:image:height\" content=\"1600\" \/>\n\t<meta property=\"og:image:type\" content=\"image\/jpeg\" \/>\n<meta name=\"author\" content=\"seseixa\" \/>\n<meta name=\"twitter:card\" content=\"summary_large_image\" \/>\n<meta name=\"twitter:creator\" content=\"@seseixa\" \/>\n<meta name=\"twitter:site\" content=\"@seseixa\" \/>\n<meta name=\"twitter:label1\" content=\"Escrito por\" \/>\n\t<meta name=\"twitter:data1\" content=\"seseixa\" \/>\n\t<meta name=\"twitter:label2\" content=\"Tiempo de lectura\" \/>\n\t<meta name=\"twitter:data2\" content=\"9 minutos\" \/>\n<script type=\"application\/ld+json\" class=\"yoast-schema-graph\">{\"@context\":\"https:\/\/schema.org\",\"@graph\":[{\"@type\":\"Article\",\"@id\":\"https:\/\/www.galiciamaxica.eu\/mini\/pazo-y-finca-do-espino-en-santiago-de-compostela\/#article\",\"isPartOf\":{\"@id\":\"https:\/\/www.galiciamaxica.eu\/mini\/pazo-y-finca-do-espino-en-santiago-de-compostela\/\"},\"author\":{\"name\":\"seseixa\",\"@id\":\"https:\/\/www.galiciamaxica.eu\/mini\/#\/schema\/person\/2b284fe2fd911000a48d2e8936300179\"},\"headline\":\"Pazo y finca do Espi\u00f1o en Santiago de Compostela\",\"datePublished\":\"2021-08-23T17:42:22+00:00\",\"dateModified\":\"2021-08-23T17:48:45+00:00\",\"mainEntityOfPage\":{\"@id\":\"https:\/\/www.galiciamaxica.eu\/mini\/pazo-y-finca-do-espino-en-santiago-de-compostela\/\"},\"wordCount\":1210,\"commentCount\":1,\"publisher\":{\"@id\":\"https:\/\/www.galiciamaxica.eu\/mini\/#\/schema\/person\/2b284fe2fd911000a48d2e8936300179\"},\"image\":{\"@id\":\"https:\/\/www.galiciamaxica.eu\/mini\/pazo-y-finca-do-espino-en-santiago-de-compostela\/#primaryimage\"},\"thumbnailUrl\":\"https:\/\/www.galiciamaxica.eu\/mini\/wp-content\/uploads\/2021\/08\/Pazo-do-Espino-Santiago-de-Compostela-10.jpg\",\"articleSection\":[\"A CORU\u00d1A\",\"LUGARES\",\"PARQUES\"],\"inLanguage\":\"es\",\"potentialAction\":[{\"@type\":\"CommentAction\",\"name\":\"Comment\",\"target\":[\"https:\/\/www.galiciamaxica.eu\/mini\/pazo-y-finca-do-espino-en-santiago-de-compostela\/#respond\"]}]},{\"@type\":\"WebPage\",\"@id\":\"https:\/\/www.galiciamaxica.eu\/mini\/pazo-y-finca-do-espino-en-santiago-de-compostela\/\",\"url\":\"https:\/\/www.galiciamaxica.eu\/mini\/pazo-y-finca-do-espino-en-santiago-de-compostela\/\",\"name\":\"Pazo y finca do Espi\u00f1o en Santiago de Compostela - Galicia con ni\u00f1os | GALICIA M\u00c1XICA\",\"isPartOf\":{\"@id\":\"https:\/\/www.galiciamaxica.eu\/mini\/#website\"},\"primaryImageOfPage\":{\"@id\":\"https:\/\/www.galiciamaxica.eu\/mini\/pazo-y-finca-do-espino-en-santiago-de-compostela\/#primaryimage\"},\"image\":{\"@id\":\"https:\/\/www.galiciamaxica.eu\/mini\/pazo-y-finca-do-espino-en-santiago-de-compostela\/#primaryimage\"},\"thumbnailUrl\":\"https:\/\/www.galiciamaxica.eu\/mini\/wp-content\/uploads\/2021\/08\/Pazo-do-Espino-Santiago-de-Compostela-10.jpg\",\"datePublished\":\"2021-08-23T17:42:22+00:00\",\"dateModified\":\"2021-08-23T17:48:45+00:00\",\"description\":\"Finca do Espi\u00f1o o Pazo do Espi\u00f1o\",\"breadcrumb\":{\"@id\":\"https:\/\/www.galiciamaxica.eu\/mini\/pazo-y-finca-do-espino-en-santiago-de-compostela\/#breadcrumb\"},\"inLanguage\":\"es\",\"potentialAction\":[{\"@type\":\"ReadAction\",\"target\":[\"https:\/\/www.galiciamaxica.eu\/mini\/pazo-y-finca-do-espino-en-santiago-de-compostela\/\"]}]},{\"@type\":\"ImageObject\",\"inLanguage\":\"es\",\"@id\":\"https:\/\/www.galiciamaxica.eu\/mini\/pazo-y-finca-do-espino-en-santiago-de-compostela\/#primaryimage\",\"url\":\"https:\/\/www.galiciamaxica.eu\/mini\/wp-content\/uploads\/2021\/08\/Pazo-do-Espino-Santiago-de-Compostela-10.jpg\",\"contentUrl\":\"https:\/\/www.galiciamaxica.eu\/mini\/wp-content\/uploads\/2021\/08\/Pazo-do-Espino-Santiago-de-Compostela-10.jpg\",\"width\":1200,\"height\":1600,\"caption\":\"Finca do Espi\u00f1o o Pazo do Espi\u00f1o\"},{\"@type\":\"BreadcrumbList\",\"@id\":\"https:\/\/www.galiciamaxica.eu\/mini\/pazo-y-finca-do-espino-en-santiago-de-compostela\/#breadcrumb\",\"itemListElement\":[{\"@type\":\"ListItem\",\"position\":1,\"name\":\"Portada\",\"item\":\"https:\/\/www.galiciamaxica.eu\/mini\/\"},{\"@type\":\"ListItem\",\"position\":2,\"name\":\"Pazo y finca do Espi\u00f1o en Santiago de Compostela\"}]},{\"@type\":\"WebSite\",\"@id\":\"https:\/\/www.galiciamaxica.eu\/mini\/#website\",\"url\":\"https:\/\/www.galiciamaxica.eu\/mini\/\",\"name\":\"Galicia con ni\u00f1os | GALICIA M\u00c1XICA\",\"description\":\"Qu\u00e9 hacer con ni\u00f1os en Galicia\",\"publisher\":{\"@id\":\"https:\/\/www.galiciamaxica.eu\/mini\/#\/schema\/person\/2b284fe2fd911000a48d2e8936300179\"},\"potentialAction\":[{\"@type\":\"SearchAction\",\"target\":{\"@type\":\"EntryPoint\",\"urlTemplate\":\"https:\/\/www.galiciamaxica.eu\/mini\/?s={search_term_string}\"},\"query-input\":{\"@type\":\"PropertyValueSpecification\",\"valueRequired\":true,\"valueName\":\"search_term_string\"}}],\"inLanguage\":\"es\"},{\"@type\":[\"Person\",\"Organization\"],\"@id\":\"https:\/\/www.galiciamaxica.eu\/mini\/#\/schema\/person\/2b284fe2fd911000a48d2e8936300179\",\"name\":\"seseixa\",\"image\":{\"@type\":\"ImageObject\",\"inLanguage\":\"es\",\"@id\":\"https:\/\/www.galiciamaxica.eu\/mini\/#\/schema\/person\/image\/\",\"url\":\"https:\/\/www.galiciamaxica.eu\/mini\/wp-content\/uploads\/2019\/02\/seseixa.png\",\"contentUrl\":\"https:\/\/www.galiciamaxica.eu\/mini\/wp-content\/uploads\/2019\/02\/seseixa.png\",\"width\":100,\"height\":100,\"caption\":\"seseixa\"},\"logo\":{\"@id\":\"https:\/\/www.galiciamaxica.eu\/mini\/#\/schema\/person\/image\/\"},\"description\":\"En la actualidad combinando dos proyectos que me apasionan, Galicia y los ni\u00f1os. Tengo mucho que aportar y otro tanto que aprender, as\u00ed como, el tiempo y el coraz\u00f3n, dividido en todo momento. Soy mam\u00e1, un titulo otorgado a tiempo completo, compa\u00f1era y amiga, a todas horas, familiar y cercana, siempre. De esp\u00edritu inquieto, soy una eterna ni\u00f1a que juega en el pa\u00eds de las maravillas. Una enamorada de mi tierra, por la que trabajo sin descanso. Creo en la infancia como motor que cambiar\u00e1 el mundo a mejor y busco en mi vida la felicidad como estado permanente porque s\u00f3lo se vive una vez.\",\"sameAs\":[\"http:\/\/mini.galiciamaxica.eu\/\",\"https:\/\/www.facebook.com\/maria.rodriguezserantes\",\"https:\/\/x.com\/seseixa\"],\"url\":\"https:\/\/www.galiciamaxica.eu\/mini\/author\/seseixa\/\"}]}<\/script>\n<!-- \/ Yoast SEO plugin. -->","yoast_head_json":{"title":"Pazo y finca do Espi\u00f1o en Santiago de Compostela - Galicia con ni\u00f1os | GALICIA M\u00c1XICA","description":"Finca do Espi\u00f1o o Pazo do Espi\u00f1o","robots":{"index":"index","follow":"follow","max-snippet":"max-snippet:-1","max-image-preview":"max-image-preview:large","max-video-preview":"max-video-preview:-1"},"canonical":"https:\/\/www.galiciamaxica.eu\/mini\/pazo-y-finca-do-espino-en-santiago-de-compostela\/","og_locale":"es_ES","og_type":"article","og_title":"Pazo y finca do Espi\u00f1o en Santiago de Compostela - Galicia con ni\u00f1os | GALICIA M\u00c1XICA","og_description":"Finca do Espi\u00f1o o Pazo do Espi\u00f1o","og_url":"https:\/\/www.galiciamaxica.eu\/mini\/pazo-y-finca-do-espino-en-santiago-de-compostela\/","og_site_name":"Galicia con ni\u00f1os | GALICIA M\u00c1XICA","article_publisher":"https:\/\/www.facebook.com\/maria.rodriguezserantes","article_author":"https:\/\/www.facebook.com\/maria.rodriguezserantes","article_published_time":"2021-08-23T17:42:22+00:00","article_modified_time":"2021-08-23T17:48:45+00:00","og_image":[{"width":1200,"height":1600,"url":"https:\/\/www.galiciamaxica.eu\/mini\/wp-content\/uploads\/2021\/08\/Pazo-do-Espino-Santiago-de-Compostela-10.jpg","type":"image\/jpeg"}],"author":"seseixa","twitter_card":"summary_large_image","twitter_creator":"@seseixa","twitter_site":"@seseixa","twitter_misc":{"Escrito por":"seseixa","Tiempo de lectura":"9 minutos"},"schema":{"@context":"https:\/\/schema.org","@graph":[{"@type":"Article","@id":"https:\/\/www.galiciamaxica.eu\/mini\/pazo-y-finca-do-espino-en-santiago-de-compostela\/#article","isPartOf":{"@id":"https:\/\/www.galiciamaxica.eu\/mini\/pazo-y-finca-do-espino-en-santiago-de-compostela\/"},"author":{"name":"seseixa","@id":"https:\/\/www.galiciamaxica.eu\/mini\/#\/schema\/person\/2b284fe2fd911000a48d2e8936300179"},"headline":"Pazo y finca do Espi\u00f1o en Santiago de Compostela","datePublished":"2021-08-23T17:42:22+00:00","dateModified":"2021-08-23T17:48:45+00:00","mainEntityOfPage":{"@id":"https:\/\/www.galiciamaxica.eu\/mini\/pazo-y-finca-do-espino-en-santiago-de-compostela\/"},"wordCount":1210,"commentCount":1,"publisher":{"@id":"https:\/\/www.galiciamaxica.eu\/mini\/#\/schema\/person\/2b284fe2fd911000a48d2e8936300179"},"image":{"@id":"https:\/\/www.galiciamaxica.eu\/mini\/pazo-y-finca-do-espino-en-santiago-de-compostela\/#primaryimage"},"thumbnailUrl":"https:\/\/www.galiciamaxica.eu\/mini\/wp-content\/uploads\/2021\/08\/Pazo-do-Espino-Santiago-de-Compostela-10.jpg","articleSection":["A CORU\u00d1A","LUGARES","PARQUES"],"inLanguage":"es","potentialAction":[{"@type":"CommentAction","name":"Comment","target":["https:\/\/www.galiciamaxica.eu\/mini\/pazo-y-finca-do-espino-en-santiago-de-compostela\/#respond"]}]},{"@type":"WebPage","@id":"https:\/\/www.galiciamaxica.eu\/mini\/pazo-y-finca-do-espino-en-santiago-de-compostela\/","url":"https:\/\/www.galiciamaxica.eu\/mini\/pazo-y-finca-do-espino-en-santiago-de-compostela\/","name":"Pazo y finca do Espi\u00f1o en Santiago de Compostela - Galicia con ni\u00f1os | GALICIA M\u00c1XICA","isPartOf":{"@id":"https:\/\/www.galiciamaxica.eu\/mini\/#website"},"primaryImageOfPage":{"@id":"https:\/\/www.galiciamaxica.eu\/mini\/pazo-y-finca-do-espino-en-santiago-de-compostela\/#primaryimage"},"image":{"@id":"https:\/\/www.galiciamaxica.eu\/mini\/pazo-y-finca-do-espino-en-santiago-de-compostela\/#primaryimage"},"thumbnailUrl":"https:\/\/www.galiciamaxica.eu\/mini\/wp-content\/uploads\/2021\/08\/Pazo-do-Espino-Santiago-de-Compostela-10.jpg","datePublished":"2021-08-23T17:42:22+00:00","dateModified":"2021-08-23T17:48:45+00:00","description":"Finca do Espi\u00f1o o Pazo do Espi\u00f1o","breadcrumb":{"@id":"https:\/\/www.galiciamaxica.eu\/mini\/pazo-y-finca-do-espino-en-santiago-de-compostela\/#breadcrumb"},"inLanguage":"es","potentialAction":[{"@type":"ReadAction","target":["https:\/\/www.galiciamaxica.eu\/mini\/pazo-y-finca-do-espino-en-santiago-de-compostela\/"]}]},{"@type":"ImageObject","inLanguage":"es","@id":"https:\/\/www.galiciamaxica.eu\/mini\/pazo-y-finca-do-espino-en-santiago-de-compostela\/#primaryimage","url":"https:\/\/www.galiciamaxica.eu\/mini\/wp-content\/uploads\/2021\/08\/Pazo-do-Espino-Santiago-de-Compostela-10.jpg","contentUrl":"https:\/\/www.galiciamaxica.eu\/mini\/wp-content\/uploads\/2021\/08\/Pazo-do-Espino-Santiago-de-Compostela-10.jpg","width":1200,"height":1600,"caption":"Finca do Espi\u00f1o o Pazo do Espi\u00f1o"},{"@type":"BreadcrumbList","@id":"https:\/\/www.galiciamaxica.eu\/mini\/pazo-y-finca-do-espino-en-santiago-de-compostela\/#breadcrumb","itemListElement":[{"@type":"ListItem","position":1,"name":"Portada","item":"https:\/\/www.galiciamaxica.eu\/mini\/"},{"@type":"ListItem","position":2,"name":"Pazo y finca do Espi\u00f1o en Santiago de Compostela"}]},{"@type":"WebSite","@id":"https:\/\/www.galiciamaxica.eu\/mini\/#website","url":"https:\/\/www.galiciamaxica.eu\/mini\/","name":"Galicia con ni\u00f1os | GALICIA M\u00c1XICA","description":"Qu\u00e9 hacer con ni\u00f1os en Galicia","publisher":{"@id":"https:\/\/www.galiciamaxica.eu\/mini\/#\/schema\/person\/2b284fe2fd911000a48d2e8936300179"},"potentialAction":[{"@type":"SearchAction","target":{"@type":"EntryPoint","urlTemplate":"https:\/\/www.galiciamaxica.eu\/mini\/?s={search_term_string}"},"query-input":{"@type":"PropertyValueSpecification","valueRequired":true,"valueName":"search_term_string"}}],"inLanguage":"es"},{"@type":["Person","Organization"],"@id":"https:\/\/www.galiciamaxica.eu\/mini\/#\/schema\/person\/2b284fe2fd911000a48d2e8936300179","name":"seseixa","image":{"@type":"ImageObject","inLanguage":"es","@id":"https:\/\/www.galiciamaxica.eu\/mini\/#\/schema\/person\/image\/","url":"https:\/\/www.galiciamaxica.eu\/mini\/wp-content\/uploads\/2019\/02\/seseixa.png","contentUrl":"https:\/\/www.galiciamaxica.eu\/mini\/wp-content\/uploads\/2019\/02\/seseixa.png","width":100,"height":100,"caption":"seseixa"},"logo":{"@id":"https:\/\/www.galiciamaxica.eu\/mini\/#\/schema\/person\/image\/"},"description":"En la actualidad combinando dos proyectos que me apasionan, Galicia y los ni\u00f1os. Tengo mucho que aportar y otro tanto que aprender, as\u00ed como, el tiempo y el coraz\u00f3n, dividido en todo momento. Soy mam\u00e1, un titulo otorgado a tiempo completo, compa\u00f1era y amiga, a todas horas, familiar y cercana, siempre. De esp\u00edritu inquieto, soy una eterna ni\u00f1a que juega en el pa\u00eds de las maravillas. Una enamorada de mi tierra, por la que trabajo sin descanso. Creo en la infancia como motor que cambiar\u00e1 el mundo a mejor y busco en mi vida la felicidad como estado permanente porque s\u00f3lo se vive una vez.","sameAs":["http:\/\/mini.galiciamaxica.eu\/","https:\/\/www.facebook.com\/maria.rodriguezserantes","https:\/\/x.com\/seseixa"],"url":"https:\/\/www.galiciamaxica.eu\/mini\/author\/seseixa\/"}]}},"amp_enabled":true,"post_mailing_queue_ids":[],"_links":{"self":[{"href":"https:\/\/www.galiciamaxica.eu\/mini\/wp-json\/wp\/v2\/posts\/19105"}],"collection":[{"href":"https:\/\/www.galiciamaxica.eu\/mini\/wp-json\/wp\/v2\/posts"}],"about":[{"href":"https:\/\/www.galiciamaxica.eu\/mini\/wp-json\/wp\/v2\/types\/post"}],"author":[{"embeddable":true,"href":"https:\/\/www.galiciamaxica.eu\/mini\/wp-json\/wp\/v2\/users\/1"}],"replies":[{"embeddable":true,"href":"https:\/\/www.galiciamaxica.eu\/mini\/wp-json\/wp\/v2\/comments?post=19105"}],"version-history":[{"count":4,"href":"https:\/\/www.galiciamaxica.eu\/mini\/wp-json\/wp\/v2\/posts\/19105\/revisions"}],"predecessor-version":[{"id":19131,"href":"https:\/\/www.galiciamaxica.eu\/mini\/wp-json\/wp\/v2\/posts\/19105\/revisions\/19131"}],"wp:featuredmedia":[{"embeddable":true,"href":"https:\/\/www.galiciamaxica.eu\/mini\/wp-json\/wp\/v2\/media\/19123"}],"wp:attachment":[{"href":"https:\/\/www.galiciamaxica.eu\/mini\/wp-json\/wp\/v2\/media?parent=19105"}],"wp:term":[{"taxonomy":"category","embeddable":true,"href":"https:\/\/www.galiciamaxica.eu\/mini\/wp-json\/wp\/v2\/categories?post=19105"},{"taxonomy":"post_tag","embeddable":true,"href":"https:\/\/www.galiciamaxica.eu\/mini\/wp-json\/wp\/v2\/tags?post=19105"}],"curies":[{"name":"wp","href":"https:\/\/api.w.org\/{rel}","templated":true}]}}