{"id":18430,"date":"2020-02-24T13:27:12","date_gmt":"2020-02-24T12:27:12","guid":{"rendered":"https:\/\/www.galiciamaxica.eu\/mini\/?p=18430"},"modified":"2024-08-13T19:37:02","modified_gmt":"2024-08-13T17:37:02","slug":"cantara-da-moura-en-a-veiga","status":"publish","type":"post","link":"https:\/\/www.galiciamaxica.eu\/mini\/cantara-da-moura-en-a-veiga\/","title":{"rendered":"C\u00e1ntara da Moura en A Veiga"},"content":{"rendered":"\n<p>Estaba deseando compartir este lugar con todos, una peque\u00f1a ruta de un kil\u00f3metro llena de historia, leyenda y naturaleza. En A Veiga, Ourense, se esconde un mundo m\u00e1gico en el que a\u00fan perviven las <em>mouras<\/em>. Aqu\u00ed el tiempo se detiene en un rinconcito en el que la naturaleza lo embellece todo. El lugar que cuenta con la mejor naturaleza aut\u00f3ctona de Galicia, en el que los bosques de robles, abedules, acebos, casta\u00f1os viven en la armon\u00eda y la tranquilidad remota del silencio. En sus troncos abundan los helechos, l\u00edquenes y una naturaleza desbordante que a hecho de ellos su casa y que conforma este caracter\u00edstico paisaje que se quedar\u00e1 grabado en vuestra retina y que por supuesto os llevar\u00e9is en el coraz\u00f3n. <\/p>\n\n\n\n<h3 class=\"wp-block-heading\">R\u00edo Corzos<\/h3>\n\n\n\n<div class=\"wp-block-image\"><figure class=\"aligncenter size-large\"><img fetchpriority=\"high\" decoding=\"async\" width=\"1024\" height=\"683\" src=\"https:\/\/www.galiciamaxica.eu\/mini\/wp-content\/uploads\/2020\/02\/WhatsApp-Image-2020-02-24-at-12.15.41-1024x683.jpeg\" alt=\"\" class=\"wp-image-18444\" srcset=\"https:\/\/www.galiciamaxica.eu\/mini\/wp-content\/uploads\/2020\/02\/WhatsApp-Image-2020-02-24-at-12.15.41-1024x683.jpeg 1024w, https:\/\/www.galiciamaxica.eu\/mini\/wp-content\/uploads\/2020\/02\/WhatsApp-Image-2020-02-24-at-12.15.41-300x200.jpeg 300w, https:\/\/www.galiciamaxica.eu\/mini\/wp-content\/uploads\/2020\/02\/WhatsApp-Image-2020-02-24-at-12.15.41-768x512.jpeg 768w, https:\/\/www.galiciamaxica.eu\/mini\/wp-content\/uploads\/2020\/02\/WhatsApp-Image-2020-02-24-at-12.15.41.jpeg 1200w\" sizes=\"(max-width: 1024px) 100vw, 1024px\" \/><\/figure><\/div>\n\n\n\n<p>Podr\u00edas  llegar a pensar que un kil\u00f3metro (860 metros) es poca distancia para disfrutar de lo lindo. Pero aqu\u00ed no es as\u00ed,  pasarelas encuadrando un marco natural dif\u00edcil de contemplar en otros lugares, un r\u00edo \u00abcorzos\u00bb (que se llama como la aldea que ten\u00e9is cerquita y os invito a visitar porque aqu\u00ed los m\u00e1s mayores a\u00fan recuerdan la historia de la moura) que narra una fant\u00e1stica leyenda que contaremos cerca de la casa de la moura. Las formaciones  de rocas gran\u00edticas disparar\u00e1n su imaginaci\u00f3n con sus formas.<\/p>\n\n\n\n<h3 class=\"wp-block-heading\">Mirador<\/h3>\n\n\n\n<div class=\"wp-block-image\"><figure class=\"aligncenter size-large\"><img decoding=\"async\" width=\"768\" height=\"1024\" src=\"https:\/\/www.galiciamaxica.eu\/mini\/wp-content\/uploads\/2020\/02\/20200223_182137-01-2-768x1024.jpeg\" alt=\"\" class=\"wp-image-18442\" srcset=\"https:\/\/www.galiciamaxica.eu\/mini\/wp-content\/uploads\/2020\/02\/20200223_182137-01-2-768x1024.jpeg 768w, https:\/\/www.galiciamaxica.eu\/mini\/wp-content\/uploads\/2020\/02\/20200223_182137-01-2-225x300.jpeg 225w, https:\/\/www.galiciamaxica.eu\/mini\/wp-content\/uploads\/2020\/02\/20200223_182137-01-2.jpeg 1200w\" sizes=\"(max-width: 768px) 100vw, 768px\" \/><\/figure><\/div>\n\n\n\n<h2 class=\"wp-block-heading\">Ruta de A c\u00e1ntara da Moura<\/h2>\n\n\n\n<p>Es una ruta de <strong>dificultad baja<\/strong> y muy corta en longitud,<strong> apenas 2 kil\u00f3metros entre ida y vuelta<\/strong> que <strong>no es circular<\/strong> y por ello tendremos que volver sobre nuestros pasos. En ella disfrutaremos con rincones en los que el Corzo erosiona la roca lentamente, formando un laberinto natural de cuevas, pasadizos y piscinas. Un lugar que debes anotar para cuando llegue el calor.<\/p>\n\n\n\n<div class=\"wp-block-image\"><figure class=\"aligncenter size-large\"><img decoding=\"async\" width=\"768\" height=\"1024\" src=\"https:\/\/www.galiciamaxica.eu\/mini\/wp-content\/uploads\/2020\/02\/20200223_183153-768x1024.jpg\" alt=\"\" class=\"wp-image-18439\" srcset=\"https:\/\/www.galiciamaxica.eu\/mini\/wp-content\/uploads\/2020\/02\/20200223_183153-768x1024.jpg 768w, https:\/\/www.galiciamaxica.eu\/mini\/wp-content\/uploads\/2020\/02\/20200223_183153-225x300.jpg 225w, https:\/\/www.galiciamaxica.eu\/mini\/wp-content\/uploads\/2020\/02\/20200223_183153.jpg 1200w\" sizes=\"(max-width: 768px) 100vw, 768px\" \/><\/figure><\/div>\n\n\n\n<p>Como pienso que nada mejor que vivir lo que te cuentan para hacerlo tuyo y contarlo t\u00fa, no me voy a extender mucho en explicaciones y os dar\u00e9 las herramientas para sacarle todo el jugo al lugar con los m\u00e1s peque\u00f1os y no tan  peque\u00f1os.<\/p>\n\n\n\n<h3 class=\"wp-block-heading\">Puentes<\/h3>\n\n\n\n<figure class=\"wp-block-image size-large\"><img loading=\"lazy\" decoding=\"async\" width=\"768\" height=\"1024\" src=\"https:\/\/www.galiciamaxica.eu\/mini\/wp-content\/uploads\/2020\/02\/20200223_182817-01-768x1024.jpeg\" alt=\"\" class=\"wp-image-18438\" srcset=\"https:\/\/www.galiciamaxica.eu\/mini\/wp-content\/uploads\/2020\/02\/20200223_182817-01-768x1024.jpeg 768w, https:\/\/www.galiciamaxica.eu\/mini\/wp-content\/uploads\/2020\/02\/20200223_182817-01-225x300.jpeg 225w, https:\/\/www.galiciamaxica.eu\/mini\/wp-content\/uploads\/2020\/02\/20200223_182817-01.jpeg 1200w\" sizes=\"(max-width: 768px) 100vw, 768px\" \/><\/figure>\n\n\n\n<h3 class=\"wp-block-heading\">Pasarelas<\/h3>\n\n\n\n<p>\u00a1En esta \u00e9poca nos recibe una alfombra de hojas secas!  Por lo que os recomendamos visitar el lugar en cualquier \u00e9poca del a\u00f1o porque los cambios en cada estaci\u00f3n har\u00e1n que lo disfrut\u00e9is de manera bien distinta. Un recuncho con tanta magia que a\u00fan no te habr\u00e1s ido y ya estar\u00e1s deseando volver.<\/p>\n\n\n\n<div class=\"wp-block-image\"><figure class=\"aligncenter size-large\"><img loading=\"lazy\" decoding=\"async\" width=\"1024\" height=\"683\" src=\"https:\/\/www.galiciamaxica.eu\/mini\/wp-content\/uploads\/2020\/02\/WhatsApp-Image-2020-02-24-at-12.17.06-1024x683.jpeg\" alt=\"\" class=\"wp-image-18445\" srcset=\"https:\/\/www.galiciamaxica.eu\/mini\/wp-content\/uploads\/2020\/02\/WhatsApp-Image-2020-02-24-at-12.17.06-1024x683.jpeg 1024w, https:\/\/www.galiciamaxica.eu\/mini\/wp-content\/uploads\/2020\/02\/WhatsApp-Image-2020-02-24-at-12.17.06-300x200.jpeg 300w, https:\/\/www.galiciamaxica.eu\/mini\/wp-content\/uploads\/2020\/02\/WhatsApp-Image-2020-02-24-at-12.17.06-768x512.jpeg 768w, https:\/\/www.galiciamaxica.eu\/mini\/wp-content\/uploads\/2020\/02\/WhatsApp-Image-2020-02-24-at-12.17.06.jpeg 1200w\" sizes=\"(max-width: 1024px) 100vw, 1024px\" \/><\/figure><\/div>\n\n\n\n<h2 class=\"wp-block-heading\">Mouras<\/h2>\n\n\n\n<p>Lo primero que debemos hacer es contarle a los m\u00e1s peque\u00f1os es que eran \u00ablas mouras\u00bb,  esas mujeres de la mitolog\u00eda tan recurrentes en la cultura celta que sembraron Galicia con las mejores historias. <br>Las <em>mouras<\/em> fueron seres mitol\u00f3gicos gallegos de extrema belleza, de piel blanca y cabellos dorados. Ellas hac\u00edan que muchos se detuviesen a contemplar tal belleza aunque sin embargo eran engatusadoras y utilizaban malas artes para atrapar, secuestrar e incluso matar a qui\u00e9n con ellas se encontraba.<\/p>\n\n\n\n<div class=\"wp-block-image\"><figure class=\"aligncenter size-large\"><img loading=\"lazy\" decoding=\"async\" width=\"768\" height=\"1024\" src=\"https:\/\/www.galiciamaxica.eu\/mini\/wp-content\/uploads\/2020\/02\/20200223_183153-1-768x1024.jpg\" alt=\"\" class=\"wp-image-18446\" srcset=\"https:\/\/www.galiciamaxica.eu\/mini\/wp-content\/uploads\/2020\/02\/20200223_183153-1-768x1024.jpg 768w, https:\/\/www.galiciamaxica.eu\/mini\/wp-content\/uploads\/2020\/02\/20200223_183153-1-225x300.jpg 225w, https:\/\/www.galiciamaxica.eu\/mini\/wp-content\/uploads\/2020\/02\/20200223_183153-1.jpg 1200w\" sizes=\"(max-width: 768px) 100vw, 768px\" \/><\/figure><\/div>\n\n\n\n<p>La moura de la c\u00e1ntara era una moura buena, si t\u00fa mostrabas buen coraz\u00f3n. Lo m\u00e1s peculiar de la leyenda de la Veiga es una particular y \u00fanica  diferencia de otras leyendas de mouras. La moura de A C\u00e1ntara solo se le presentaba a las mujeres, y es a \u00e9stas las que hac\u00eda pasar por una prueba para valorar su buen coraz\u00f3n. <\/p>\n\n\n\n<h3 class=\"wp-block-heading\">Leyenda de A C\u00e1ntara da Moura<\/h3>\n\n\n\n<p>Una <em>moura<\/em> que solo sal\u00eda al alba de su casa, una cueva incrustada en un piedra aprovechando el cauce del r\u00edo (cuentan que tiene pasadizo) y se peinaba sus largos cabellos rubios al sol. Cuenta la leyenda que cuando alguna mujer de la aldea de Corzos pasaba por al lado de ella se hac\u00eda la torpe y tiraba el peine al r\u00edo esperando la respuesta de ella. Si paraban y se lo devolv\u00edan ella en agradecimiento les daba unas monedas de oro, si no le ayudaban pues como castigo eran convertidas en piedra que adornaban su casa.<\/p>\n\n\n\n<div class=\"wp-block-image\"><figure class=\"aligncenter size-large\"><img loading=\"lazy\" decoding=\"async\" width=\"768\" height=\"1024\" src=\"https:\/\/www.galiciamaxica.eu\/mini\/wp-content\/uploads\/2020\/02\/20200223_183556-4-768x1024.jpg\" alt=\"\" class=\"wp-image-18436\" srcset=\"https:\/\/www.galiciamaxica.eu\/mini\/wp-content\/uploads\/2020\/02\/20200223_183556-4-768x1024.jpg 768w, https:\/\/www.galiciamaxica.eu\/mini\/wp-content\/uploads\/2020\/02\/20200223_183556-4-225x300.jpg 225w, https:\/\/www.galiciamaxica.eu\/mini\/wp-content\/uploads\/2020\/02\/20200223_183556-4.jpg 1200w\" sizes=\"(max-width: 768px) 100vw, 768px\" \/><\/figure><\/div>\n\n\n\n<p>Las leyendas surgen de la m\u00e1s profunda cultura inmaterial esa que mediante un cuento o leyenda intenta llegar que las buenas obras tienen la mejor de las recompensas y las malas, el peor de los castigos. Nos cuentan que las mouras m\u00e1s peque\u00f1as viven en las setas del bosque y defienden la naturaleza gallega. No dejemos que las mouras sean un ente imaginario que acerque a los m\u00e1s peque\u00f1os a la valoraci\u00f3n de la naturaleza de la tierra. No solo las debemos llevar con leyendas a su vida, debemos acompa\u00f1arlas del mejor de los sentimientos \u00abel amor a Galicia\u00bb.<\/p>\n\n\n\n<div class=\"wp-block-image\"><figure class=\"aligncenter size-large\"><img loading=\"lazy\" decoding=\"async\" width=\"1024\" height=\"769\" src=\"https:\/\/www.galiciamaxica.eu\/mini\/wp-content\/uploads\/2020\/02\/20200223_183325-01-1024x769.jpeg\" alt=\"\" class=\"wp-image-18437\" srcset=\"https:\/\/www.galiciamaxica.eu\/mini\/wp-content\/uploads\/2020\/02\/20200223_183325-01-1024x769.jpeg 1024w, https:\/\/www.galiciamaxica.eu\/mini\/wp-content\/uploads\/2020\/02\/20200223_183325-01-300x225.jpeg 300w, https:\/\/www.galiciamaxica.eu\/mini\/wp-content\/uploads\/2020\/02\/20200223_183325-01-768x577.jpeg 768w, https:\/\/www.galiciamaxica.eu\/mini\/wp-content\/uploads\/2020\/02\/20200223_183325-01.jpeg 1200w\" sizes=\"(max-width: 1024px) 100vw, 1024px\" \/><\/figure><\/div>\n\n\n\n<p>Seamos nosotros los gigantes en cultivar el sentir de los m\u00e1s peque\u00f1os para que tengan claro que la naturaleza es nuestra casa, que forma parte de nuestra vida y que debemos protegerla y cuidarla siempre. Solo as\u00ed formaremos j\u00f3venes con importantes valores, recordando siempre que el ejemplo cala y sus frutos los veremos m\u00e1s pronto de lo que podemos esperar. <\/p>\n\n\n\n<iframe src=\"https:\/\/www.google.com\/maps\/d\/embed?mid=1U8k3KpigMxRD57Ui3pv824blV6ETyXh9\" width=\"640\" height=\"480\"><\/iframe>\n\n\n\n<h2 class=\"wp-block-heading\">Inicio de ruta<\/h2>\n\n\n\n<p>En este lugar empieza la ruta, precioso \u00bfVerdad? <\/p>\n\n\n\n<div class=\"wp-block-image\"><figure class=\"aligncenter size-large\"><img loading=\"lazy\" decoding=\"async\" width=\"1024\" height=\"768\" src=\"https:\/\/www.galiciamaxica.eu\/mini\/wp-content\/uploads\/2020\/02\/20200223_182137-01-3-1024x768.jpeg\" alt=\"\" class=\"wp-image-18443\" srcset=\"https:\/\/www.galiciamaxica.eu\/mini\/wp-content\/uploads\/2020\/02\/20200223_182137-01-3-1024x768.jpeg 1024w, https:\/\/www.galiciamaxica.eu\/mini\/wp-content\/uploads\/2020\/02\/20200223_182137-01-3-300x225.jpeg 300w, https:\/\/www.galiciamaxica.eu\/mini\/wp-content\/uploads\/2020\/02\/20200223_182137-01-3-768x576.jpeg 768w, https:\/\/www.galiciamaxica.eu\/mini\/wp-content\/uploads\/2020\/02\/20200223_182137-01-3.jpeg 1200w\" sizes=\"(max-width: 1024px) 100vw, 1024px\" \/><\/figure><\/div>\n\n\n\n<p>Os invito a descubrir uno de los lugares m\u00e1s m\u00e1gicos de Galicia en familia. <\/p>\n\n\n\n<h2 class=\"wp-block-heading\">Ruta recomendada<\/h2>\n\n\n\n<figure class=\"wp-block-image size-large\"><img loading=\"lazy\" decoding=\"async\" width=\"1024\" height=\"610\" src=\"https:\/\/www.galiciamaxica.eu\/mini\/wp-content\/uploads\/2020\/02\/Captura-3-1024x610.png\" alt=\"\" class=\"wp-image-18447\" srcset=\"https:\/\/www.galiciamaxica.eu\/mini\/wp-content\/uploads\/2020\/02\/Captura-3-1024x610.png 1024w, https:\/\/www.galiciamaxica.eu\/mini\/wp-content\/uploads\/2020\/02\/Captura-3-300x179.png 300w, https:\/\/www.galiciamaxica.eu\/mini\/wp-content\/uploads\/2020\/02\/Captura-3-768x457.png 768w, https:\/\/www.galiciamaxica.eu\/mini\/wp-content\/uploads\/2020\/02\/Captura-3.png 1182w\" sizes=\"(max-width: 1024px) 100vw, 1024px\" \/><\/figure>\n\n\n\n<h2 class=\"wp-block-heading\">Curiosidades del lugar<\/h2>\n\n\n\n<p>Las cuevas no solo eran utilizadas por las mouras porque nos cuentan los vecinos que cerca de A C\u00e1ntara da Moura est\u00e1 situada tambi\u00e9n una de las cuevas m\u00e1s famosas del lugar,  la llaman la Cueva de los que escaparon a Cova dos Fuxidos, \u00abla cueva de los escapados\u00bb. Esta cueva sirvi\u00f3 de escondrijo durante meses para los republicanos durante la Guerra Civil. Dicen que a ella se acced\u00eda por una peque\u00f1a entrada, al que pon\u00edan una escalera para bajar, que retiraban una vez que entraban en la cueva para as\u00ed quedar incomunicados y no ser encontrados. Te estar\u00e1s preguntando como pod\u00edan estar tanto tiempo \u00bfQu\u00e9 com\u00edan? Decirte que en esta cueva como en otras el r\u00edo va soterrado y  pescaban las famosas truchas del R\u00edo Corzos. Cuentan tambi\u00e9n que hab\u00eda otra cueva que era utilizada como escondite para librarse de una muerte segura, esta contaba con 7 salidas que les permit\u00eda escapar f\u00e1cilmente y se conoc\u00eda como \u00abel Cubo\u00bb.<\/p>\n\n\n\n<div class=\"wp-block-image\"><figure class=\"aligncenter size-large\"><img loading=\"lazy\" decoding=\"async\" width=\"700\" height=\"450\" src=\"https:\/\/www.galiciamaxica.eu\/mini\/wp-content\/uploads\/2020\/02\/20200223_183556-5.jpg\" alt=\"\" class=\"wp-image-18450\" srcset=\"https:\/\/www.galiciamaxica.eu\/mini\/wp-content\/uploads\/2020\/02\/20200223_183556-5.jpg 700w, https:\/\/www.galiciamaxica.eu\/mini\/wp-content\/uploads\/2020\/02\/20200223_183556-5-300x193.jpg 300w\" sizes=\"(max-width: 700px) 100vw, 700px\" \/><figcaption> Cuevas de la ruta de C\u00e1ntara da Moura <br>Foto: Turismo A Veiga <\/figcaption><\/figure><\/div>\n","protected":false},"excerpt":{"rendered":"<p>Estaba deseando compartir este lugar con todos, una peque\u00f1a ruta de un kil\u00f3metro llena de historia, leyenda y naturaleza. En A Veiga, Ourense, se esconde un mundo m\u00e1gico en el que a\u00fan perviven las mouras. Aqu\u00ed el tiempo se detiene en un rinconcito en el que la naturaleza lo embellece todo. El lugar que cuenta [&hellip;]<\/p>\n","protected":false},"author":1,"featured_media":18448,"comment_status":"open","ping_status":"closed","sticky":false,"template":"","format":"standard","meta":{"_eb_attr":"","site-sidebar-layout":"default","site-content-layout":"","ast-site-content-layout":"","site-content-style":"default","site-sidebar-style":"default","ast-global-header-display":"","ast-banner-title-visibility":"","ast-main-header-display":"","ast-hfb-above-header-display":"","ast-hfb-below-header-display":"","ast-hfb-mobile-header-display":"","site-post-title":"","ast-breadcrumbs-content":"","ast-featured-img":"","footer-sml-layout":"","theme-transparent-header-meta":"","adv-header-id-meta":"","stick-header-meta":"","header-above-stick-meta":"","header-main-stick-meta":"","header-below-stick-meta":"","astra-migrate-meta-layouts":"default","ast-page-background-enabled":"default","ast-page-background-meta":{"desktop":{"background-color":"","background-image":"","background-repeat":"repeat","background-position":"center center","background-size":"auto","background-attachment":"scroll","background-type":"","background-media":"","overlay-type":"","overlay-color":"","overlay-opacity":"","overlay-gradient":""},"tablet":{"background-color":"","background-image":"","background-repeat":"repeat","background-position":"center center","background-size":"auto","background-attachment":"scroll","background-type":"","background-media":"","overlay-type":"","overlay-color":"","overlay-opacity":"","overlay-gradient":""},"mobile":{"background-color":"","background-image":"","background-repeat":"repeat","background-position":"center center","background-size":"auto","background-attachment":"scroll","background-type":"","background-media":"","overlay-type":"","overlay-color":"","overlay-opacity":"","overlay-gradient":""}},"ast-content-background-meta":{"desktop":{"background-color":"var(--ast-global-color-5)","background-image":"","background-repeat":"repeat","background-position":"center center","background-size":"auto","background-attachment":"scroll","background-type":"","background-media":"","overlay-type":"","overlay-color":"","overlay-opacity":"","overlay-gradient":""},"tablet":{"background-color":"var(--ast-global-color-5)","background-image":"","background-repeat":"repeat","background-position":"center center","background-size":"auto","background-attachment":"scroll","background-type":"","background-media":"","overlay-type":"","overlay-color":"","overlay-opacity":"","overlay-gradient":""},"mobile":{"background-color":"var(--ast-global-color-5)","background-image":"","background-repeat":"repeat","background-position":"center center","background-size":"auto","background-attachment":"scroll","background-type":"","background-media":"","overlay-type":"","overlay-color":"","overlay-opacity":"","overlay-gradient":""}},"footnotes":""},"categories":[51,14],"tags":[1179,812],"class_list":["post-18430","post","type-post","status-publish","format-standard","has-post-thumbnail","hentry","category-ourense","category-rutas","tag-cantara","tag-moura"],"yoast_head":"<!-- This site is optimized with the Yoast SEO plugin v24.9 - https:\/\/yoast.com\/wordpress\/plugins\/seo\/ -->\n<title>C\u00e1ntara da Moura en A Veiga - Galicia con ni\u00f1os | GALICIA M\u00c1XICA<\/title>\n<meta name=\"robots\" content=\"index, follow, max-snippet:-1, max-image-preview:large, max-video-preview:-1\" \/>\n<link rel=\"canonical\" href=\"https:\/\/www.galiciamaxica.eu\/mini\/cantara-da-moura-en-a-veiga\/\" \/>\n<meta property=\"og:locale\" content=\"es_ES\" \/>\n<meta property=\"og:type\" content=\"article\" \/>\n<meta property=\"og:title\" content=\"C\u00e1ntara da Moura en A Veiga - Galicia con ni\u00f1os | GALICIA M\u00c1XICA\" \/>\n<meta property=\"og:description\" content=\"Estaba deseando compartir este lugar con todos, una peque\u00f1a ruta de un kil\u00f3metro llena de historia, leyenda y naturaleza. En A Veiga, Ourense, se esconde un mundo m\u00e1gico en el que a\u00fan perviven las mouras. Aqu\u00ed el tiempo se detiene en un rinconcito en el que la naturaleza lo embellece todo. El lugar que cuenta [&hellip;]\" \/>\n<meta property=\"og:url\" content=\"https:\/\/www.galiciamaxica.eu\/mini\/cantara-da-moura-en-a-veiga\/\" \/>\n<meta property=\"og:site_name\" content=\"Galicia con ni\u00f1os | GALICIA M\u00c1XICA\" \/>\n<meta property=\"article:publisher\" content=\"https:\/\/www.facebook.com\/maria.rodriguezserantes\" \/>\n<meta property=\"article:author\" content=\"https:\/\/www.facebook.com\/maria.rodriguezserantes\" \/>\n<meta property=\"article:published_time\" content=\"2020-02-24T12:27:12+00:00\" \/>\n<meta property=\"article:modified_time\" content=\"2024-08-13T17:37:02+00:00\" \/>\n<meta property=\"og:image\" content=\"https:\/\/www.galiciamaxica.eu\/mini\/wp-content\/uploads\/2020\/02\/20200223_183153-2.jpg\" \/>\n\t<meta property=\"og:image:width\" content=\"1200\" \/>\n\t<meta property=\"og:image:height\" content=\"1200\" \/>\n\t<meta property=\"og:image:type\" content=\"image\/jpeg\" \/>\n<meta name=\"author\" content=\"seseixa\" \/>\n<meta name=\"twitter:card\" content=\"summary_large_image\" \/>\n<meta name=\"twitter:creator\" content=\"@seseixa\" \/>\n<meta name=\"twitter:site\" content=\"@seseixa\" \/>\n<meta name=\"twitter:label1\" content=\"Escrito por\" \/>\n\t<meta name=\"twitter:data1\" content=\"seseixa\" \/>\n\t<meta name=\"twitter:label2\" content=\"Tiempo de lectura\" \/>\n\t<meta name=\"twitter:data2\" content=\"5 minutos\" \/>\n<script type=\"application\/ld+json\" class=\"yoast-schema-graph\">{\"@context\":\"https:\/\/schema.org\",\"@graph\":[{\"@type\":\"Article\",\"@id\":\"https:\/\/www.galiciamaxica.eu\/mini\/cantara-da-moura-en-a-veiga\/#article\",\"isPartOf\":{\"@id\":\"https:\/\/www.galiciamaxica.eu\/mini\/cantara-da-moura-en-a-veiga\/\"},\"author\":{\"name\":\"seseixa\",\"@id\":\"https:\/\/www.galiciamaxica.eu\/mini\/#\/schema\/person\/2b284fe2fd911000a48d2e8936300179\"},\"headline\":\"C\u00e1ntara da Moura en A Veiga\",\"datePublished\":\"2020-02-24T12:27:12+00:00\",\"dateModified\":\"2024-08-13T17:37:02+00:00\",\"mainEntityOfPage\":{\"@id\":\"https:\/\/www.galiciamaxica.eu\/mini\/cantara-da-moura-en-a-veiga\/\"},\"wordCount\":1076,\"commentCount\":0,\"publisher\":{\"@id\":\"https:\/\/www.galiciamaxica.eu\/mini\/#\/schema\/person\/2b284fe2fd911000a48d2e8936300179\"},\"image\":{\"@id\":\"https:\/\/www.galiciamaxica.eu\/mini\/cantara-da-moura-en-a-veiga\/#primaryimage\"},\"thumbnailUrl\":\"https:\/\/www.galiciamaxica.eu\/mini\/wp-content\/uploads\/2020\/02\/20200223_183153-2.jpg\",\"keywords\":[\"c\u00e1ntara\",\"Moura\"],\"articleSection\":[\"OURENSE\",\"RUTAS\"],\"inLanguage\":\"es\",\"potentialAction\":[{\"@type\":\"CommentAction\",\"name\":\"Comment\",\"target\":[\"https:\/\/www.galiciamaxica.eu\/mini\/cantara-da-moura-en-a-veiga\/#respond\"]}]},{\"@type\":\"WebPage\",\"@id\":\"https:\/\/www.galiciamaxica.eu\/mini\/cantara-da-moura-en-a-veiga\/\",\"url\":\"https:\/\/www.galiciamaxica.eu\/mini\/cantara-da-moura-en-a-veiga\/\",\"name\":\"C\u00e1ntara da Moura en A Veiga - Galicia con ni\u00f1os | GALICIA M\u00c1XICA\",\"isPartOf\":{\"@id\":\"https:\/\/www.galiciamaxica.eu\/mini\/#website\"},\"primaryImageOfPage\":{\"@id\":\"https:\/\/www.galiciamaxica.eu\/mini\/cantara-da-moura-en-a-veiga\/#primaryimage\"},\"image\":{\"@id\":\"https:\/\/www.galiciamaxica.eu\/mini\/cantara-da-moura-en-a-veiga\/#primaryimage\"},\"thumbnailUrl\":\"https:\/\/www.galiciamaxica.eu\/mini\/wp-content\/uploads\/2020\/02\/20200223_183153-2.jpg\",\"datePublished\":\"2020-02-24T12:27:12+00:00\",\"dateModified\":\"2024-08-13T17:37:02+00:00\",\"breadcrumb\":{\"@id\":\"https:\/\/www.galiciamaxica.eu\/mini\/cantara-da-moura-en-a-veiga\/#breadcrumb\"},\"inLanguage\":\"es\",\"potentialAction\":[{\"@type\":\"ReadAction\",\"target\":[\"https:\/\/www.galiciamaxica.eu\/mini\/cantara-da-moura-en-a-veiga\/\"]}]},{\"@type\":\"ImageObject\",\"inLanguage\":\"es\",\"@id\":\"https:\/\/www.galiciamaxica.eu\/mini\/cantara-da-moura-en-a-veiga\/#primaryimage\",\"url\":\"https:\/\/www.galiciamaxica.eu\/mini\/wp-content\/uploads\/2020\/02\/20200223_183153-2.jpg\",\"contentUrl\":\"https:\/\/www.galiciamaxica.eu\/mini\/wp-content\/uploads\/2020\/02\/20200223_183153-2.jpg\",\"width\":1200,\"height\":1200,\"caption\":\"20200223_183153-2\"},{\"@type\":\"BreadcrumbList\",\"@id\":\"https:\/\/www.galiciamaxica.eu\/mini\/cantara-da-moura-en-a-veiga\/#breadcrumb\",\"itemListElement\":[{\"@type\":\"ListItem\",\"position\":1,\"name\":\"Portada\",\"item\":\"https:\/\/www.galiciamaxica.eu\/mini\/\"},{\"@type\":\"ListItem\",\"position\":2,\"name\":\"C\u00e1ntara da Moura en A Veiga\"}]},{\"@type\":\"WebSite\",\"@id\":\"https:\/\/www.galiciamaxica.eu\/mini\/#website\",\"url\":\"https:\/\/www.galiciamaxica.eu\/mini\/\",\"name\":\"Galicia con ni\u00f1os | GALICIA M\u00c1XICA\",\"description\":\"Qu\u00e9 hacer con ni\u00f1os en Galicia\",\"publisher\":{\"@id\":\"https:\/\/www.galiciamaxica.eu\/mini\/#\/schema\/person\/2b284fe2fd911000a48d2e8936300179\"},\"potentialAction\":[{\"@type\":\"SearchAction\",\"target\":{\"@type\":\"EntryPoint\",\"urlTemplate\":\"https:\/\/www.galiciamaxica.eu\/mini\/?s={search_term_string}\"},\"query-input\":{\"@type\":\"PropertyValueSpecification\",\"valueRequired\":true,\"valueName\":\"search_term_string\"}}],\"inLanguage\":\"es\"},{\"@type\":[\"Person\",\"Organization\"],\"@id\":\"https:\/\/www.galiciamaxica.eu\/mini\/#\/schema\/person\/2b284fe2fd911000a48d2e8936300179\",\"name\":\"seseixa\",\"image\":{\"@type\":\"ImageObject\",\"inLanguage\":\"es\",\"@id\":\"https:\/\/www.galiciamaxica.eu\/mini\/#\/schema\/person\/image\/\",\"url\":\"https:\/\/www.galiciamaxica.eu\/mini\/wp-content\/uploads\/2019\/02\/seseixa.png\",\"contentUrl\":\"https:\/\/www.galiciamaxica.eu\/mini\/wp-content\/uploads\/2019\/02\/seseixa.png\",\"width\":100,\"height\":100,\"caption\":\"seseixa\"},\"logo\":{\"@id\":\"https:\/\/www.galiciamaxica.eu\/mini\/#\/schema\/person\/image\/\"},\"description\":\"En la actualidad combinando dos proyectos que me apasionan, Galicia y los ni\u00f1os. Tengo mucho que aportar y otro tanto que aprender, as\u00ed como, el tiempo y el coraz\u00f3n, dividido en todo momento. Soy mam\u00e1, un titulo otorgado a tiempo completo, compa\u00f1era y amiga, a todas horas, familiar y cercana, siempre. De esp\u00edritu inquieto, soy una eterna ni\u00f1a que juega en el pa\u00eds de las maravillas. Una enamorada de mi tierra, por la que trabajo sin descanso. Creo en la infancia como motor que cambiar\u00e1 el mundo a mejor y busco en mi vida la felicidad como estado permanente porque s\u00f3lo se vive una vez.\",\"sameAs\":[\"http:\/\/mini.galiciamaxica.eu\/\",\"https:\/\/www.facebook.com\/maria.rodriguezserantes\",\"https:\/\/x.com\/seseixa\"],\"url\":\"https:\/\/www.galiciamaxica.eu\/mini\/author\/seseixa\/\"}]}<\/script>\n<!-- \/ Yoast SEO plugin. -->","yoast_head_json":{"title":"C\u00e1ntara da Moura en A Veiga - Galicia con ni\u00f1os | GALICIA M\u00c1XICA","robots":{"index":"index","follow":"follow","max-snippet":"max-snippet:-1","max-image-preview":"max-image-preview:large","max-video-preview":"max-video-preview:-1"},"canonical":"https:\/\/www.galiciamaxica.eu\/mini\/cantara-da-moura-en-a-veiga\/","og_locale":"es_ES","og_type":"article","og_title":"C\u00e1ntara da Moura en A Veiga - Galicia con ni\u00f1os | GALICIA M\u00c1XICA","og_description":"Estaba deseando compartir este lugar con todos, una peque\u00f1a ruta de un kil\u00f3metro llena de historia, leyenda y naturaleza. En A Veiga, Ourense, se esconde un mundo m\u00e1gico en el que a\u00fan perviven las mouras. Aqu\u00ed el tiempo se detiene en un rinconcito en el que la naturaleza lo embellece todo. El lugar que cuenta [&hellip;]","og_url":"https:\/\/www.galiciamaxica.eu\/mini\/cantara-da-moura-en-a-veiga\/","og_site_name":"Galicia con ni\u00f1os | GALICIA M\u00c1XICA","article_publisher":"https:\/\/www.facebook.com\/maria.rodriguezserantes","article_author":"https:\/\/www.facebook.com\/maria.rodriguezserantes","article_published_time":"2020-02-24T12:27:12+00:00","article_modified_time":"2024-08-13T17:37:02+00:00","og_image":[{"width":1200,"height":1200,"url":"https:\/\/www.galiciamaxica.eu\/mini\/wp-content\/uploads\/2020\/02\/20200223_183153-2.jpg","type":"image\/jpeg"}],"author":"seseixa","twitter_card":"summary_large_image","twitter_creator":"@seseixa","twitter_site":"@seseixa","twitter_misc":{"Escrito por":"seseixa","Tiempo de lectura":"5 minutos"},"schema":{"@context":"https:\/\/schema.org","@graph":[{"@type":"Article","@id":"https:\/\/www.galiciamaxica.eu\/mini\/cantara-da-moura-en-a-veiga\/#article","isPartOf":{"@id":"https:\/\/www.galiciamaxica.eu\/mini\/cantara-da-moura-en-a-veiga\/"},"author":{"name":"seseixa","@id":"https:\/\/www.galiciamaxica.eu\/mini\/#\/schema\/person\/2b284fe2fd911000a48d2e8936300179"},"headline":"C\u00e1ntara da Moura en A Veiga","datePublished":"2020-02-24T12:27:12+00:00","dateModified":"2024-08-13T17:37:02+00:00","mainEntityOfPage":{"@id":"https:\/\/www.galiciamaxica.eu\/mini\/cantara-da-moura-en-a-veiga\/"},"wordCount":1076,"commentCount":0,"publisher":{"@id":"https:\/\/www.galiciamaxica.eu\/mini\/#\/schema\/person\/2b284fe2fd911000a48d2e8936300179"},"image":{"@id":"https:\/\/www.galiciamaxica.eu\/mini\/cantara-da-moura-en-a-veiga\/#primaryimage"},"thumbnailUrl":"https:\/\/www.galiciamaxica.eu\/mini\/wp-content\/uploads\/2020\/02\/20200223_183153-2.jpg","keywords":["c\u00e1ntara","Moura"],"articleSection":["OURENSE","RUTAS"],"inLanguage":"es","potentialAction":[{"@type":"CommentAction","name":"Comment","target":["https:\/\/www.galiciamaxica.eu\/mini\/cantara-da-moura-en-a-veiga\/#respond"]}]},{"@type":"WebPage","@id":"https:\/\/www.galiciamaxica.eu\/mini\/cantara-da-moura-en-a-veiga\/","url":"https:\/\/www.galiciamaxica.eu\/mini\/cantara-da-moura-en-a-veiga\/","name":"C\u00e1ntara da Moura en A Veiga - Galicia con ni\u00f1os | GALICIA M\u00c1XICA","isPartOf":{"@id":"https:\/\/www.galiciamaxica.eu\/mini\/#website"},"primaryImageOfPage":{"@id":"https:\/\/www.galiciamaxica.eu\/mini\/cantara-da-moura-en-a-veiga\/#primaryimage"},"image":{"@id":"https:\/\/www.galiciamaxica.eu\/mini\/cantara-da-moura-en-a-veiga\/#primaryimage"},"thumbnailUrl":"https:\/\/www.galiciamaxica.eu\/mini\/wp-content\/uploads\/2020\/02\/20200223_183153-2.jpg","datePublished":"2020-02-24T12:27:12+00:00","dateModified":"2024-08-13T17:37:02+00:00","breadcrumb":{"@id":"https:\/\/www.galiciamaxica.eu\/mini\/cantara-da-moura-en-a-veiga\/#breadcrumb"},"inLanguage":"es","potentialAction":[{"@type":"ReadAction","target":["https:\/\/www.galiciamaxica.eu\/mini\/cantara-da-moura-en-a-veiga\/"]}]},{"@type":"ImageObject","inLanguage":"es","@id":"https:\/\/www.galiciamaxica.eu\/mini\/cantara-da-moura-en-a-veiga\/#primaryimage","url":"https:\/\/www.galiciamaxica.eu\/mini\/wp-content\/uploads\/2020\/02\/20200223_183153-2.jpg","contentUrl":"https:\/\/www.galiciamaxica.eu\/mini\/wp-content\/uploads\/2020\/02\/20200223_183153-2.jpg","width":1200,"height":1200,"caption":"20200223_183153-2"},{"@type":"BreadcrumbList","@id":"https:\/\/www.galiciamaxica.eu\/mini\/cantara-da-moura-en-a-veiga\/#breadcrumb","itemListElement":[{"@type":"ListItem","position":1,"name":"Portada","item":"https:\/\/www.galiciamaxica.eu\/mini\/"},{"@type":"ListItem","position":2,"name":"C\u00e1ntara da Moura en A Veiga"}]},{"@type":"WebSite","@id":"https:\/\/www.galiciamaxica.eu\/mini\/#website","url":"https:\/\/www.galiciamaxica.eu\/mini\/","name":"Galicia con ni\u00f1os | GALICIA M\u00c1XICA","description":"Qu\u00e9 hacer con ni\u00f1os en Galicia","publisher":{"@id":"https:\/\/www.galiciamaxica.eu\/mini\/#\/schema\/person\/2b284fe2fd911000a48d2e8936300179"},"potentialAction":[{"@type":"SearchAction","target":{"@type":"EntryPoint","urlTemplate":"https:\/\/www.galiciamaxica.eu\/mini\/?s={search_term_string}"},"query-input":{"@type":"PropertyValueSpecification","valueRequired":true,"valueName":"search_term_string"}}],"inLanguage":"es"},{"@type":["Person","Organization"],"@id":"https:\/\/www.galiciamaxica.eu\/mini\/#\/schema\/person\/2b284fe2fd911000a48d2e8936300179","name":"seseixa","image":{"@type":"ImageObject","inLanguage":"es","@id":"https:\/\/www.galiciamaxica.eu\/mini\/#\/schema\/person\/image\/","url":"https:\/\/www.galiciamaxica.eu\/mini\/wp-content\/uploads\/2019\/02\/seseixa.png","contentUrl":"https:\/\/www.galiciamaxica.eu\/mini\/wp-content\/uploads\/2019\/02\/seseixa.png","width":100,"height":100,"caption":"seseixa"},"logo":{"@id":"https:\/\/www.galiciamaxica.eu\/mini\/#\/schema\/person\/image\/"},"description":"En la actualidad combinando dos proyectos que me apasionan, Galicia y los ni\u00f1os. Tengo mucho que aportar y otro tanto que aprender, as\u00ed como, el tiempo y el coraz\u00f3n, dividido en todo momento. Soy mam\u00e1, un titulo otorgado a tiempo completo, compa\u00f1era y amiga, a todas horas, familiar y cercana, siempre. De esp\u00edritu inquieto, soy una eterna ni\u00f1a que juega en el pa\u00eds de las maravillas. Una enamorada de mi tierra, por la que trabajo sin descanso. Creo en la infancia como motor que cambiar\u00e1 el mundo a mejor y busco en mi vida la felicidad como estado permanente porque s\u00f3lo se vive una vez.","sameAs":["http:\/\/mini.galiciamaxica.eu\/","https:\/\/www.facebook.com\/maria.rodriguezserantes","https:\/\/x.com\/seseixa"],"url":"https:\/\/www.galiciamaxica.eu\/mini\/author\/seseixa\/"}]}},"amp_enabled":true,"post_mailing_queue_ids":[],"_links":{"self":[{"href":"https:\/\/www.galiciamaxica.eu\/mini\/wp-json\/wp\/v2\/posts\/18430"}],"collection":[{"href":"https:\/\/www.galiciamaxica.eu\/mini\/wp-json\/wp\/v2\/posts"}],"about":[{"href":"https:\/\/www.galiciamaxica.eu\/mini\/wp-json\/wp\/v2\/types\/post"}],"author":[{"embeddable":true,"href":"https:\/\/www.galiciamaxica.eu\/mini\/wp-json\/wp\/v2\/users\/1"}],"replies":[{"embeddable":true,"href":"https:\/\/www.galiciamaxica.eu\/mini\/wp-json\/wp\/v2\/comments?post=18430"}],"version-history":[{"count":1,"href":"https:\/\/www.galiciamaxica.eu\/mini\/wp-json\/wp\/v2\/posts\/18430\/revisions"}],"predecessor-version":[{"id":22335,"href":"https:\/\/www.galiciamaxica.eu\/mini\/wp-json\/wp\/v2\/posts\/18430\/revisions\/22335"}],"wp:featuredmedia":[{"embeddable":true,"href":"https:\/\/www.galiciamaxica.eu\/mini\/wp-json\/wp\/v2\/media\/18448"}],"wp:attachment":[{"href":"https:\/\/www.galiciamaxica.eu\/mini\/wp-json\/wp\/v2\/media?parent=18430"}],"wp:term":[{"taxonomy":"category","embeddable":true,"href":"https:\/\/www.galiciamaxica.eu\/mini\/wp-json\/wp\/v2\/categories?post=18430"},{"taxonomy":"post_tag","embeddable":true,"href":"https:\/\/www.galiciamaxica.eu\/mini\/wp-json\/wp\/v2\/tags?post=18430"}],"curies":[{"name":"wp","href":"https:\/\/api.w.org\/{rel}","templated":true}]}}