{"id":18297,"date":"2020-01-22T12:58:00","date_gmt":"2020-01-22T11:58:00","guid":{"rendered":"https:\/\/www.galiciamaxica.eu\/mini\/?p=18297"},"modified":"2020-01-22T13:09:37","modified_gmt":"2020-01-22T12:09:37","slug":"miradores-a-galicia","status":"publish","type":"post","link":"https:\/\/www.galiciamaxica.eu\/mini\/miradores-a-galicia\/","title":{"rendered":"Miradores a Galicia"},"content":{"rendered":"\n<p>Os voy a presentar dos miradores de reciente inauguraci\u00f3n que entrar\u00e1n dentro de la red de miradores de O Condado de A Paradanta, ser\u00e1n 10 en total. Y cada uno tendr\u00e1 la mejor de las vistas.<\/p>\n\n\n\n<iframe src=\"https:\/\/www.google.com\/maps\/d\/u\/0\/embed?mid=1GZoKitLjm-y6srHEgwVipv_3fgbCK7a0\" width=\"640\" height=\"480\"><\/iframe>\n\n\n\n<h2 class=\"wp-block-heading\">Miradores<\/h2>\n\n\n\n<p>Los miradores son esos lugares desde los que acercarse al mejor de los espect\u00e1culos la naturaleza. Sitios desde los que la panor\u00e1mica tiene de acompa\u00f1ante el sentimiento. <\/p>\n\n\n\n<div class=\"wp-block-image\"><figure class=\"aligncenter\"><img fetchpriority=\"high\" decoding=\"async\" width=\"945\" height=\"709\" src=\"https:\/\/www.galiciamaxica.eu\/mini\/wp-content\/uploads\/2020\/01\/Dq73DLBWwAEFYwT-1.jpg\" alt=\"\" class=\"wp-image-18308\" srcset=\"https:\/\/www.galiciamaxica.eu\/mini\/wp-content\/uploads\/2020\/01\/Dq73DLBWwAEFYwT-1.jpg 945w, https:\/\/www.galiciamaxica.eu\/mini\/wp-content\/uploads\/2020\/01\/Dq73DLBWwAEFYwT-1-300x225.jpg 300w, https:\/\/www.galiciamaxica.eu\/mini\/wp-content\/uploads\/2020\/01\/Dq73DLBWwAEFYwT-1-768x576.jpg 768w\" sizes=\"(max-width: 945px) 100vw, 945px\" \/><\/figure><\/div>\n\n\n\n<p>Con cada uno de ellos se pretende acercar y descubrir desde las alturas un lugar, no hay mejor perspectiva que verlo todo desde arriba para saber por d\u00f3nde estamos caminando. Tambi\u00e9n son el mejor lugar desde donde saludar al sol o despedirlo.<\/p>\n\n\n\n<div class=\"wp-block-image\"><figure class=\"aligncenter\"><img decoding=\"async\" width=\"944\" height=\"708\" src=\"https:\/\/www.galiciamaxica.eu\/mini\/wp-content\/uploads\/2020\/01\/children-535399_960_720-1.jpg\" alt=\"\" class=\"wp-image-18309\" srcset=\"https:\/\/www.galiciamaxica.eu\/mini\/wp-content\/uploads\/2020\/01\/children-535399_960_720-1.jpg 944w, https:\/\/www.galiciamaxica.eu\/mini\/wp-content\/uploads\/2020\/01\/children-535399_960_720-1-300x225.jpg 300w, https:\/\/www.galiciamaxica.eu\/mini\/wp-content\/uploads\/2020\/01\/children-535399_960_720-1-768x576.jpg 768w\" sizes=\"(max-width: 944px) 100vw, 944px\" \/><\/figure><\/div>\n\n\n\n<p>En los miradores que os voy a presentar hay un a\u00f1adido, se le llama reclamo tur\u00edstico y en este caso nos encontraremos  con la forma de un marco en el que encuadrar el paso del tiempo, una visita que os recomendamos. <\/p>\n\n\n\n<div class=\"wp-block-image\"><figure class=\"aligncenter\"><img decoding=\"async\" width=\"531\" height=\"708\" src=\"https:\/\/www.galiciamaxica.eu\/mini\/wp-content\/uploads\/2020\/01\/Fain-1.jpg\" alt=\"\" class=\"wp-image-18312\" srcset=\"https:\/\/www.galiciamaxica.eu\/mini\/wp-content\/uploads\/2020\/01\/Fain-1.jpg 531w, https:\/\/www.galiciamaxica.eu\/mini\/wp-content\/uploads\/2020\/01\/Fain-1-225x300.jpg 225w\" sizes=\"(max-width: 531px) 100vw, 531px\" \/><\/figure><\/div>\n\n\n\n<p>A nosotros nos han encantado, la verdad no necesit\u00e1bamos el reclamo. Sol\u00edamos venir hasta estos lugares hace a\u00f1os cuando a\u00fan no estaba el marco, pero una vez que est\u00e1, bienvenido sea si hace que qui\u00e9n no conoce el sitio lo descubra. Estos que os presentamos se han inaugurado esta semana. <\/p>\n\n\n\n<div class=\"wp-block-image\"><figure class=\"aligncenter\"><img decoding=\"async\" src=\"https:\/\/www.galiciamaxica.eu\/wp-content\/uploads\/2020\/01\/Paradanta_8-1024x683.jpg\" alt=\"\"\/><figcaption> Mirador astron\u00f3mico <\/figcaption><\/figure><\/div>\n\n\n\n<p>Eso s\u00ed, lleva a los peques bien abrigados porque estar\u00e9is en lugares muy altos por lo que las  temperaturas son bajas  y el viento ser\u00e1 compa\u00f1ero de vistas.  Est\u00e1is en el mejor de los  lugares para la observaci\u00f3n astron\u00f3mica. El lugar dispone de c\u00edrculos en donde poner vuestro telescopio.<\/p>\n\n\n\n<div class=\"wp-block-image\"><figure class=\"aligncenter\"><img loading=\"lazy\" decoding=\"async\" width=\"531\" height=\"708\" src=\"https:\/\/www.galiciamaxica.eu\/mini\/wp-content\/uploads\/2020\/01\/82140efd470f2510f95fd65061078807-celebrities-1.jpg\" alt=\"\" class=\"wp-image-18313\" srcset=\"https:\/\/www.galiciamaxica.eu\/mini\/wp-content\/uploads\/2020\/01\/82140efd470f2510f95fd65061078807-celebrities-1.jpg 531w, https:\/\/www.galiciamaxica.eu\/mini\/wp-content\/uploads\/2020\/01\/82140efd470f2510f95fd65061078807-celebrities-1-225x300.jpg 225w\" sizes=\"(max-width: 531px) 100vw, 531px\" \/><\/figure><\/div>\n\n\n\n<p>Debemos tener cuidado si vamos o volvemos por la noche ya que deberemos transitar por una pista de tierra y dependiendo de la \u00e9poca podr\u00eda estar en mal estado. Pronto estas carencias esperemos sean mejoradas por qui\u00e9n corresponda, recordamos que acaba de ser inaugurado.<\/p>\n\n\n\n<div class=\"wp-block-image\"><figure class=\"aligncenter\"><img loading=\"lazy\" decoding=\"async\" width=\"1009\" height=\"757\" src=\"https:\/\/www.galiciamaxica.eu\/mini\/wp-content\/uploads\/2020\/01\/82140efd470f2510f95fd65061078807-celebrities.jpg\" alt=\"\" class=\"wp-image-18299\" srcset=\"https:\/\/www.galiciamaxica.eu\/mini\/wp-content\/uploads\/2020\/01\/82140efd470f2510f95fd65061078807-celebrities.jpg 1009w, https:\/\/www.galiciamaxica.eu\/mini\/wp-content\/uploads\/2020\/01\/82140efd470f2510f95fd65061078807-celebrities-300x225.jpg 300w, https:\/\/www.galiciamaxica.eu\/mini\/wp-content\/uploads\/2020\/01\/82140efd470f2510f95fd65061078807-celebrities-768x576.jpg 768w\" sizes=\"(max-width: 1009px) 100vw, 1009px\" \/><\/figure><\/div>\n\n\n\n<h3 class=\"wp-block-heading\"><a href=\"https:\/\/www.galiciamaxica.eu\/galicia\/mirador-castelo-do-faro-de-avion\/\">Mirador Castelo do Faro<\/a> en <a href=\"https:\/\/www.galiciamaxica.eu\/mini\/nos-vamos-de-aventura-a-covelo-y-descubriremos-los-puentes-mas-antiguos-del-mundo\/\">Covelo<\/a><\/h3>\n\n\n\n<div class=\"wp-block-image\"><figure class=\"aligncenter\"><img loading=\"lazy\" decoding=\"async\" width=\"1024\" height=\"683\" src=\"https:\/\/www.galiciamaxica.eu\/mini\/wp-content\/uploads\/2020\/01\/Dq73DLBWwAEFYwT-1024x683.jpg\" alt=\"\" class=\"wp-image-18298\" srcset=\"https:\/\/www.galiciamaxica.eu\/mini\/wp-content\/uploads\/2020\/01\/Dq73DLBWwAEFYwT-1024x683.jpg 1024w, https:\/\/www.galiciamaxica.eu\/mini\/wp-content\/uploads\/2020\/01\/Dq73DLBWwAEFYwT-300x200.jpg 300w, https:\/\/www.galiciamaxica.eu\/mini\/wp-content\/uploads\/2020\/01\/Dq73DLBWwAEFYwT-768x512.jpg 768w, https:\/\/www.galiciamaxica.eu\/mini\/wp-content\/uploads\/2020\/01\/Dq73DLBWwAEFYwT.jpg 1062w\" sizes=\"(max-width: 1024px) 100vw, 1024px\" \/><\/figure><\/div>\n\n\n\n<p>Estamos en el punto m\u00e1s alto de la provincia de Pontevedra a 1100 metros de altura, un lugar desde el que tocar las estrellas desde este \u00abmiradoiro das estrelas\u00bb.<\/p>\n\n\n\n<figure class=\"wp-block-embed-wordpress wp-block-embed is-type-wp-embed is-provider-galicia-maxica-turismo\"><div class=\"wp-block-embed__wrapper\">\n<blockquote class=\"wp-embedded-content\" data-secret=\"c8QTYPeqX9\"><a href=\"https:\/\/www.galiciamaxica.eu\/galicia\/mirador-castelo-do-faro-de-avion\/\">Mirador Castelo do Faro de Avi\u00f3n<\/a><\/blockquote><iframe class=\"wp-embedded-content\" sandbox=\"allow-scripts\" security=\"restricted\" style=\"position: absolute; visibility: hidden;\" title=\"\u00abMirador Castelo do Faro de Avi\u00f3n\u00bb \u2014 Galicia M\u00e1xica | Algo m\u00e1s que ver en Galicia\" src=\"https:\/\/www.galiciamaxica.eu\/galicia\/mirador-castelo-do-faro-de-avion\/embed\/#?secret=zMvUVIlL0r#?secret=c8QTYPeqX9\" data-secret=\"c8QTYPeqX9\" width=\"500\" height=\"282\" frameborder=\"0\" marginwidth=\"0\" marginheight=\"0\" scrolling=\"no\"><\/iframe>\n<\/div><\/figure>\n\n\n\n<figure class=\"wp-block-image\"><img loading=\"lazy\" decoding=\"async\" width=\"945\" height=\"709\" src=\"https:\/\/www.galiciamaxica.eu\/mini\/wp-content\/uploads\/2020\/01\/20200120_100912.jpg\" alt=\"\" class=\"wp-image-18302\" srcset=\"https:\/\/www.galiciamaxica.eu\/mini\/wp-content\/uploads\/2020\/01\/20200120_100912.jpg 945w, https:\/\/www.galiciamaxica.eu\/mini\/wp-content\/uploads\/2020\/01\/20200120_100912-300x225.jpg 300w, https:\/\/www.galiciamaxica.eu\/mini\/wp-content\/uploads\/2020\/01\/20200120_100912-768x576.jpg 768w\" sizes=\"(max-width: 945px) 100vw, 945px\" \/><\/figure>\n\n\n\n<iframe src=\"https:\/\/www.google.com\/maps\/embed?pb=!1m14!1m8!1m3!1d727.1533847588311!2d-8.268285!3d42.302453!3m2!1i1024!2i768!4f13.1!3m3!1m2!1s0x0%3A0xd5b8abad0ea648e0!2sO%20Faro%20De%20Avion!5e1!3m2!1ses!2ses!4v1579691579917!5m2!1ses!2ses\" width=\"600\" height=\"450\" frameborder=\"0\" style=\"border:0;\" allowfullscreen=\"\"><\/iframe>\n\n\n\n<h3 class=\"wp-block-heading\"><a href=\"https:\/\/www.galiciamaxica.eu\/galicia\/pontevedra\/san-nomedio\/\">Mirador San Nomedio<\/a> en As Neves<\/h3>\n\n\n\n<div class=\"wp-block-image\"><figure class=\"aligncenter\"><img loading=\"lazy\" decoding=\"async\" width=\"945\" height=\"709\" src=\"https:\/\/www.galiciamaxica.eu\/mini\/wp-content\/uploads\/2020\/01\/Dq73DLDXgAEojMZ.jpg\" alt=\"\" class=\"wp-image-18300\" srcset=\"https:\/\/www.galiciamaxica.eu\/mini\/wp-content\/uploads\/2020\/01\/Dq73DLDXgAEojMZ.jpg 945w, https:\/\/www.galiciamaxica.eu\/mini\/wp-content\/uploads\/2020\/01\/Dq73DLDXgAEojMZ-300x225.jpg 300w, https:\/\/www.galiciamaxica.eu\/mini\/wp-content\/uploads\/2020\/01\/Dq73DLDXgAEojMZ-768x576.jpg 768w\" sizes=\"(max-width: 945px) 100vw, 945px\" \/><\/figure><\/div>\n\n\n\n<p>El lugar dispone de un merendero con mesas en las que alargar la tarde, un lugar \u00fanico desde el que los amigos del parapente se lanzan a volar. La magia est\u00e1 en cualquier lugar a d\u00f3nde mires.<\/p>\n\n\n\n<figure class=\"wp-block-embed-wordpress wp-block-embed is-type-wp-embed is-provider-galicia-maxica-turismo\"><div class=\"wp-block-embed__wrapper\">\n<blockquote class=\"wp-embedded-content\" data-secret=\"SX9X0yr35F\"><a href=\"https:\/\/www.galiciamaxica.eu\/galicia\/pontevedra\/san-nomedio\/\">Ermita, Mirador y Alto de San Nomedio<\/a><\/blockquote><iframe class=\"wp-embedded-content\" sandbox=\"allow-scripts\" security=\"restricted\" style=\"position: absolute; visibility: hidden;\" title=\"\u00abErmita, Mirador y Alto de San Nomedio\u00bb \u2014 Galicia M\u00e1xica | Algo m\u00e1s que ver en Galicia\" src=\"https:\/\/www.galiciamaxica.eu\/galicia\/pontevedra\/san-nomedio\/embed\/#?secret=NECPwz793Y#?secret=SX9X0yr35F\" data-secret=\"SX9X0yr35F\" width=\"500\" height=\"282\" frameborder=\"0\" marginwidth=\"0\" marginheight=\"0\" scrolling=\"no\"><\/iframe>\n<\/div><\/figure>\n\n\n\n<figure class=\"wp-block-image\"><img loading=\"lazy\" decoding=\"async\" width=\"945\" height=\"709\" src=\"https:\/\/www.galiciamaxica.eu\/mini\/wp-content\/uploads\/2020\/01\/Fain.jpg\" alt=\"\" class=\"wp-image-18301\" srcset=\"https:\/\/www.galiciamaxica.eu\/mini\/wp-content\/uploads\/2020\/01\/Fain.jpg 945w, https:\/\/www.galiciamaxica.eu\/mini\/wp-content\/uploads\/2020\/01\/Fain-300x225.jpg 300w, https:\/\/www.galiciamaxica.eu\/mini\/wp-content\/uploads\/2020\/01\/Fain-768x576.jpg 768w\" sizes=\"(max-width: 945px) 100vw, 945px\" \/><\/figure>\n\n\n\n<iframe src=\"https:\/\/www.google.com\/maps\/embed?pb=!1m14!1m8!1m3!1d189356.9113401724!2d-8.411846!3d42.135268!3m2!1i1024!2i768!4f13.1!3m3!1m2!1s0x0%3A0x0!2zNDLCsDA4JzA3LjUiTiA4wrAyNCc0NS44Ilc!5e0!3m2!1ses!2sus!4v1579691535465!5m2!1ses!2sus\" width=\"600\" height=\"450\" frameborder=\"0\" style=\"border:0;\" allowfullscreen=\"\"><\/iframe>\n\n\n\n<h2 class=\"wp-block-heading\">ENTRADA QUE OS RECOMENDAMOS ANTES DE VISITAR LOS MIRADORES<\/h2>\n\n\n\n<h3 class=\"wp-block-heading\"><a href=\"https:\/\/www.galiciamaxica.eu\/mini\/covelo-maxico\/\">COVELO<\/a><\/h3>\n\n\n\n<figure class=\"wp-block-embed-wordpress wp-block-embed is-type-wp-embed is-provider-galicia-con-ninos-galicia-maxica\"><div class=\"wp-block-embed__wrapper\">\n<blockquote class=\"wp-embedded-content\" data-secret=\"1nJAx3aTZ5\"><a href=\"https:\/\/www.galiciamaxica.eu\/mini\/nos-vamos-de-aventura-a-covelo-y-descubriremos-los-puentes-mas-antiguos-del-mundo\/\">Nos vamos de aventura a Covelo y descubriremos los puentes m\u00e1s antiguos del mundo<\/a><\/blockquote><iframe class=\"wp-embedded-content\" sandbox=\"allow-scripts\" security=\"restricted\" style=\"position: absolute; visibility: hidden;\" title=\"\u00abNos vamos de aventura a Covelo y descubriremos los puentes m\u00e1s antiguos del mundo\u00bb \u2014 Galicia con ni\u00f1os | GALICIA M\u00c1XICA\" src=\"https:\/\/www.galiciamaxica.eu\/mini\/nos-vamos-de-aventura-a-covelo-y-descubriremos-los-puentes-mas-antiguos-del-mundo\/embed\/#?secret=XUgxzzlAqm#?secret=1nJAx3aTZ5\" data-secret=\"1nJAx3aTZ5\" width=\"500\" height=\"282\" frameborder=\"0\" marginwidth=\"0\" marginheight=\"0\" scrolling=\"no\"><\/iframe>\n<\/div><\/figure>\n\n\n\n<h3 class=\"wp-block-heading\"><a href=\"https:\/\/www.galiciamaxica.eu\/mini\/hoy-as-neves\/\">AS NEVES<\/a><\/h3>\n\n\n\n<figure class=\"wp-block-embed-wordpress wp-block-embed is-type-wp-embed is-provider-galicia-con-ninos-galicia-maxica\"><div class=\"wp-block-embed__wrapper\">\n<blockquote class=\"wp-embedded-content\" data-secret=\"WGlQFAQKmx\"><a href=\"https:\/\/www.galiciamaxica.eu\/mini\/hoy-as-neves\/\">Hoy AS NEVES<\/a><\/blockquote><iframe class=\"wp-embedded-content\" sandbox=\"allow-scripts\" security=\"restricted\" style=\"position: absolute; visibility: hidden;\" title=\"\u00abHoy AS NEVES\u00bb \u2014 Galicia con ni\u00f1os | GALICIA M\u00c1XICA\" src=\"https:\/\/www.galiciamaxica.eu\/mini\/hoy-as-neves\/embed\/#?secret=1CanfCd12o#?secret=WGlQFAQKmx\" data-secret=\"WGlQFAQKmx\" width=\"500\" height=\"282\" frameborder=\"0\" marginwidth=\"0\" marginheight=\"0\" scrolling=\"no\"><\/iframe>\n<\/div><\/figure>\n\n\n\n<h3 class=\"wp-block-heading\"><a href=\"https:\/\/www.galiciamaxica.eu\/mini\/por-los-montes-de-a-paradanta\/\">POR LOS MONTES DE A PARADANTA<\/a><\/h3>\n\n\n\n<figure class=\"wp-block-embed-wordpress wp-block-embed is-type-wp-embed is-provider-galicia-con-ninos-galicia-maxica\"><div class=\"wp-block-embed__wrapper\">\n<blockquote class=\"wp-embedded-content\" data-secret=\"cHaSWa3oG5\"><a href=\"https:\/\/www.galiciamaxica.eu\/mini\/por-los-montes-de-a-paradanta\/\">Por los montes de A Paradanta<\/a><\/blockquote><iframe class=\"wp-embedded-content\" sandbox=\"allow-scripts\" security=\"restricted\" style=\"position: absolute; visibility: hidden;\" title=\"\u00abPor los montes de A Paradanta\u00bb \u2014 Galicia con ni\u00f1os | GALICIA M\u00c1XICA\" src=\"https:\/\/www.galiciamaxica.eu\/mini\/por-los-montes-de-a-paradanta\/embed\/#?secret=n0kLGarnRX#?secret=cHaSWa3oG5\" data-secret=\"cHaSWa3oG5\" width=\"500\" height=\"282\" frameborder=\"0\" marginwidth=\"0\" marginheight=\"0\" scrolling=\"no\"><\/iframe>\n<\/div><\/figure>\n\n\n\n<h3 class=\"wp-block-heading\"><a href=\"https:\/\/www.galiciamaxica.eu\/galicia\/petroglifos-as-coutadas-taboexa\/\">PETROGLIFOS DE A COUTADA<\/a><\/h3>\n\n\n\n<figure class=\"wp-block-embed-wordpress wp-block-embed is-type-wp-embed is-provider-galicia-con-ninos-galicia-maxica\"><div class=\"wp-block-embed__wrapper\">\n<blockquote class=\"wp-embedded-content\" data-secret=\"wCiZgVPamW\"><a href=\"https:\/\/www.galiciamaxica.eu\/mini\/visitando-los-petroglifos-de-a-coutada-en-as-neves\/\">Visitando los petroglifos de A Coutada en As Neves<\/a><\/blockquote><iframe class=\"wp-embedded-content\" sandbox=\"allow-scripts\" security=\"restricted\" style=\"position: absolute; visibility: hidden;\" title=\"\u00abVisitando los petroglifos de A Coutada en As Neves\u00bb \u2014 Galicia con ni\u00f1os | GALICIA M\u00c1XICA\" src=\"https:\/\/www.galiciamaxica.eu\/mini\/visitando-los-petroglifos-de-a-coutada-en-as-neves\/embed\/#?secret=cN3YUj4S1T#?secret=wCiZgVPamW\" data-secret=\"wCiZgVPamW\" width=\"500\" height=\"282\" frameborder=\"0\" marginwidth=\"0\" marginheight=\"0\" scrolling=\"no\"><\/iframe>\n<\/div><\/figure>\n","protected":false},"excerpt":{"rendered":"<p>Os voy a presentar dos miradores de reciente inauguraci\u00f3n que entrar\u00e1n dentro de la red de miradores de O Condado de A Paradanta, ser\u00e1n 10 en total. Y cada uno tendr\u00e1 la mejor de las vistas. Miradores Los miradores son esos lugares desde los que acercarse al mejor de los espect\u00e1culos la naturaleza. Sitios desde [&hellip;]<\/p>\n","protected":false},"author":1,"featured_media":18310,"comment_status":"open","ping_status":"closed","sticky":false,"template":"","format":"standard","meta":{"_eb_attr":"","site-sidebar-layout":"default","site-content-layout":"","ast-site-content-layout":"","site-content-style":"default","site-sidebar-style":"default","ast-global-header-display":"","ast-banner-title-visibility":"","ast-main-header-display":"","ast-hfb-above-header-display":"","ast-hfb-below-header-display":"","ast-hfb-mobile-header-display":"","site-post-title":"","ast-breadcrumbs-content":"","ast-featured-img":"","footer-sml-layout":"","theme-transparent-header-meta":"","adv-header-id-meta":"","stick-header-meta":"","header-above-stick-meta":"","header-main-stick-meta":"","header-below-stick-meta":"","astra-migrate-meta-layouts":"default","ast-page-background-enabled":"default","ast-page-background-meta":{"desktop":{"background-color":"","background-image":"","background-repeat":"repeat","background-position":"center center","background-size":"auto","background-attachment":"scroll","background-type":"","background-media":"","overlay-type":"","overlay-color":"","overlay-opacity":"","overlay-gradient":""},"tablet":{"background-color":"","background-image":"","background-repeat":"repeat","background-position":"center center","background-size":"auto","background-attachment":"scroll","background-type":"","background-media":"","overlay-type":"","overlay-color":"","overlay-opacity":"","overlay-gradient":""},"mobile":{"background-color":"","background-image":"","background-repeat":"repeat","background-position":"center center","background-size":"auto","background-attachment":"scroll","background-type":"","background-media":"","overlay-type":"","overlay-color":"","overlay-opacity":"","overlay-gradient":""}},"ast-content-background-meta":{"desktop":{"background-color":"var(--ast-global-color-5)","background-image":"","background-repeat":"repeat","background-position":"center center","background-size":"auto","background-attachment":"scroll","background-type":"","background-media":"","overlay-type":"","overlay-color":"","overlay-opacity":"","overlay-gradient":""},"tablet":{"background-color":"var(--ast-global-color-5)","background-image":"","background-repeat":"repeat","background-position":"center center","background-size":"auto","background-attachment":"scroll","background-type":"","background-media":"","overlay-type":"","overlay-color":"","overlay-opacity":"","overlay-gradient":""},"mobile":{"background-color":"var(--ast-global-color-5)","background-image":"","background-repeat":"repeat","background-position":"center center","background-size":"auto","background-attachment":"scroll","background-type":"","background-media":"","overlay-type":"","overlay-color":"","overlay-opacity":"","overlay-gradient":""}},"footnotes":""},"categories":[48],"tags":[347],"class_list":["post-18297","post","type-post","status-publish","format-standard","has-post-thumbnail","hentry","category-pontevedra","tag-miradores"],"yoast_head":"<!-- This site is optimized with the Yoast SEO plugin v24.9 - https:\/\/yoast.com\/wordpress\/plugins\/seo\/ -->\n<title>Miradores a Galicia - Galicia con ni\u00f1os | GALICIA M\u00c1XICA<\/title>\n<meta name=\"robots\" content=\"index, follow, max-snippet:-1, max-image-preview:large, max-video-preview:-1\" \/>\n<link rel=\"canonical\" href=\"https:\/\/www.galiciamaxica.eu\/mini\/miradores-a-galicia\/\" \/>\n<meta property=\"og:locale\" content=\"es_ES\" \/>\n<meta property=\"og:type\" content=\"article\" \/>\n<meta property=\"og:title\" content=\"Miradores a Galicia - Galicia con ni\u00f1os | GALICIA M\u00c1XICA\" \/>\n<meta property=\"og:description\" content=\"Os voy a presentar dos miradores de reciente inauguraci\u00f3n que entrar\u00e1n dentro de la red de miradores de O Condado de A Paradanta, ser\u00e1n 10 en total. Y cada uno tendr\u00e1 la mejor de las vistas. Miradores Los miradores son esos lugares desde los que acercarse al mejor de los espect\u00e1culos la naturaleza. Sitios desde [&hellip;]\" \/>\n<meta property=\"og:url\" content=\"https:\/\/www.galiciamaxica.eu\/mini\/miradores-a-galicia\/\" \/>\n<meta property=\"og:site_name\" content=\"Galicia con ni\u00f1os | GALICIA M\u00c1XICA\" \/>\n<meta property=\"article:publisher\" content=\"https:\/\/www.facebook.com\/maria.rodriguezserantes\" \/>\n<meta property=\"article:author\" content=\"https:\/\/www.facebook.com\/maria.rodriguezserantes\" \/>\n<meta property=\"article:published_time\" content=\"2020-01-22T11:58:00+00:00\" \/>\n<meta property=\"article:modified_time\" content=\"2020-01-22T12:09:37+00:00\" \/>\n<meta property=\"og:image\" content=\"https:\/\/www.galiciamaxica.eu\/mini\/wp-content\/uploads\/2020\/01\/children-535399_960_720-2.jpg\" \/>\n\t<meta property=\"og:image:width\" content=\"531\" \/>\n\t<meta property=\"og:image:height\" content=\"708\" \/>\n\t<meta property=\"og:image:type\" content=\"image\/jpeg\" \/>\n<meta name=\"author\" content=\"seseixa\" \/>\n<meta name=\"twitter:card\" content=\"summary_large_image\" \/>\n<meta name=\"twitter:creator\" content=\"@seseixa\" \/>\n<meta name=\"twitter:site\" content=\"@seseixa\" \/>\n<meta name=\"twitter:label1\" content=\"Escrito por\" \/>\n\t<meta name=\"twitter:data1\" content=\"seseixa\" \/>\n\t<meta name=\"twitter:label2\" content=\"Tiempo de lectura\" \/>\n\t<meta name=\"twitter:data2\" content=\"2 minutos\" \/>\n<script type=\"application\/ld+json\" class=\"yoast-schema-graph\">{\"@context\":\"https:\/\/schema.org\",\"@graph\":[{\"@type\":\"Article\",\"@id\":\"https:\/\/www.galiciamaxica.eu\/mini\/miradores-a-galicia\/#article\",\"isPartOf\":{\"@id\":\"https:\/\/www.galiciamaxica.eu\/mini\/miradores-a-galicia\/\"},\"author\":{\"name\":\"seseixa\",\"@id\":\"https:\/\/www.galiciamaxica.eu\/mini\/#\/schema\/person\/2b284fe2fd911000a48d2e8936300179\"},\"headline\":\"Miradores a Galicia\",\"datePublished\":\"2020-01-22T11:58:00+00:00\",\"dateModified\":\"2020-01-22T12:09:37+00:00\",\"mainEntityOfPage\":{\"@id\":\"https:\/\/www.galiciamaxica.eu\/mini\/miradores-a-galicia\/\"},\"wordCount\":456,\"commentCount\":0,\"publisher\":{\"@id\":\"https:\/\/www.galiciamaxica.eu\/mini\/#\/schema\/person\/2b284fe2fd911000a48d2e8936300179\"},\"image\":{\"@id\":\"https:\/\/www.galiciamaxica.eu\/mini\/miradores-a-galicia\/#primaryimage\"},\"thumbnailUrl\":\"https:\/\/www.galiciamaxica.eu\/mini\/wp-content\/uploads\/2020\/01\/children-535399_960_720-2.jpg\",\"keywords\":[\"miradores\"],\"articleSection\":[\"PONTEVEDRA\"],\"inLanguage\":\"es\",\"potentialAction\":[{\"@type\":\"CommentAction\",\"name\":\"Comment\",\"target\":[\"https:\/\/www.galiciamaxica.eu\/mini\/miradores-a-galicia\/#respond\"]}]},{\"@type\":\"WebPage\",\"@id\":\"https:\/\/www.galiciamaxica.eu\/mini\/miradores-a-galicia\/\",\"url\":\"https:\/\/www.galiciamaxica.eu\/mini\/miradores-a-galicia\/\",\"name\":\"Miradores a Galicia - Galicia con ni\u00f1os | GALICIA M\u00c1XICA\",\"isPartOf\":{\"@id\":\"https:\/\/www.galiciamaxica.eu\/mini\/#website\"},\"primaryImageOfPage\":{\"@id\":\"https:\/\/www.galiciamaxica.eu\/mini\/miradores-a-galicia\/#primaryimage\"},\"image\":{\"@id\":\"https:\/\/www.galiciamaxica.eu\/mini\/miradores-a-galicia\/#primaryimage\"},\"thumbnailUrl\":\"https:\/\/www.galiciamaxica.eu\/mini\/wp-content\/uploads\/2020\/01\/children-535399_960_720-2.jpg\",\"datePublished\":\"2020-01-22T11:58:00+00:00\",\"dateModified\":\"2020-01-22T12:09:37+00:00\",\"breadcrumb\":{\"@id\":\"https:\/\/www.galiciamaxica.eu\/mini\/miradores-a-galicia\/#breadcrumb\"},\"inLanguage\":\"es\",\"potentialAction\":[{\"@type\":\"ReadAction\",\"target\":[\"https:\/\/www.galiciamaxica.eu\/mini\/miradores-a-galicia\/\"]}]},{\"@type\":\"ImageObject\",\"inLanguage\":\"es\",\"@id\":\"https:\/\/www.galiciamaxica.eu\/mini\/miradores-a-galicia\/#primaryimage\",\"url\":\"https:\/\/www.galiciamaxica.eu\/mini\/wp-content\/uploads\/2020\/01\/children-535399_960_720-2.jpg\",\"contentUrl\":\"https:\/\/www.galiciamaxica.eu\/mini\/wp-content\/uploads\/2020\/01\/children-535399_960_720-2.jpg\",\"width\":531,\"height\":708,\"caption\":\"children-535399_960_720-2\"},{\"@type\":\"BreadcrumbList\",\"@id\":\"https:\/\/www.galiciamaxica.eu\/mini\/miradores-a-galicia\/#breadcrumb\",\"itemListElement\":[{\"@type\":\"ListItem\",\"position\":1,\"name\":\"Portada\",\"item\":\"https:\/\/www.galiciamaxica.eu\/mini\/\"},{\"@type\":\"ListItem\",\"position\":2,\"name\":\"Miradores a Galicia\"}]},{\"@type\":\"WebSite\",\"@id\":\"https:\/\/www.galiciamaxica.eu\/mini\/#website\",\"url\":\"https:\/\/www.galiciamaxica.eu\/mini\/\",\"name\":\"Galicia con ni\u00f1os | GALICIA M\u00c1XICA\",\"description\":\"Qu\u00e9 hacer con ni\u00f1os en Galicia\",\"publisher\":{\"@id\":\"https:\/\/www.galiciamaxica.eu\/mini\/#\/schema\/person\/2b284fe2fd911000a48d2e8936300179\"},\"potentialAction\":[{\"@type\":\"SearchAction\",\"target\":{\"@type\":\"EntryPoint\",\"urlTemplate\":\"https:\/\/www.galiciamaxica.eu\/mini\/?s={search_term_string}\"},\"query-input\":{\"@type\":\"PropertyValueSpecification\",\"valueRequired\":true,\"valueName\":\"search_term_string\"}}],\"inLanguage\":\"es\"},{\"@type\":[\"Person\",\"Organization\"],\"@id\":\"https:\/\/www.galiciamaxica.eu\/mini\/#\/schema\/person\/2b284fe2fd911000a48d2e8936300179\",\"name\":\"seseixa\",\"image\":{\"@type\":\"ImageObject\",\"inLanguage\":\"es\",\"@id\":\"https:\/\/www.galiciamaxica.eu\/mini\/#\/schema\/person\/image\/\",\"url\":\"https:\/\/www.galiciamaxica.eu\/mini\/wp-content\/uploads\/2019\/02\/seseixa.png\",\"contentUrl\":\"https:\/\/www.galiciamaxica.eu\/mini\/wp-content\/uploads\/2019\/02\/seseixa.png\",\"width\":100,\"height\":100,\"caption\":\"seseixa\"},\"logo\":{\"@id\":\"https:\/\/www.galiciamaxica.eu\/mini\/#\/schema\/person\/image\/\"},\"description\":\"En la actualidad combinando dos proyectos que me apasionan, Galicia y los ni\u00f1os. Tengo mucho que aportar y otro tanto que aprender, as\u00ed como, el tiempo y el coraz\u00f3n, dividido en todo momento. Soy mam\u00e1, un titulo otorgado a tiempo completo, compa\u00f1era y amiga, a todas horas, familiar y cercana, siempre. De esp\u00edritu inquieto, soy una eterna ni\u00f1a que juega en el pa\u00eds de las maravillas. Una enamorada de mi tierra, por la que trabajo sin descanso. Creo en la infancia como motor que cambiar\u00e1 el mundo a mejor y busco en mi vida la felicidad como estado permanente porque s\u00f3lo se vive una vez.\",\"sameAs\":[\"http:\/\/mini.galiciamaxica.eu\/\",\"https:\/\/www.facebook.com\/maria.rodriguezserantes\",\"https:\/\/x.com\/seseixa\"],\"url\":\"https:\/\/www.galiciamaxica.eu\/mini\/author\/seseixa\/\"}]}<\/script>\n<!-- \/ Yoast SEO plugin. -->","yoast_head_json":{"title":"Miradores a Galicia - Galicia con ni\u00f1os | GALICIA M\u00c1XICA","robots":{"index":"index","follow":"follow","max-snippet":"max-snippet:-1","max-image-preview":"max-image-preview:large","max-video-preview":"max-video-preview:-1"},"canonical":"https:\/\/www.galiciamaxica.eu\/mini\/miradores-a-galicia\/","og_locale":"es_ES","og_type":"article","og_title":"Miradores a Galicia - Galicia con ni\u00f1os | GALICIA M\u00c1XICA","og_description":"Os voy a presentar dos miradores de reciente inauguraci\u00f3n que entrar\u00e1n dentro de la red de miradores de O Condado de A Paradanta, ser\u00e1n 10 en total. Y cada uno tendr\u00e1 la mejor de las vistas. Miradores Los miradores son esos lugares desde los que acercarse al mejor de los espect\u00e1culos la naturaleza. Sitios desde [&hellip;]","og_url":"https:\/\/www.galiciamaxica.eu\/mini\/miradores-a-galicia\/","og_site_name":"Galicia con ni\u00f1os | GALICIA M\u00c1XICA","article_publisher":"https:\/\/www.facebook.com\/maria.rodriguezserantes","article_author":"https:\/\/www.facebook.com\/maria.rodriguezserantes","article_published_time":"2020-01-22T11:58:00+00:00","article_modified_time":"2020-01-22T12:09:37+00:00","og_image":[{"width":531,"height":708,"url":"https:\/\/www.galiciamaxica.eu\/mini\/wp-content\/uploads\/2020\/01\/children-535399_960_720-2.jpg","type":"image\/jpeg"}],"author":"seseixa","twitter_card":"summary_large_image","twitter_creator":"@seseixa","twitter_site":"@seseixa","twitter_misc":{"Escrito por":"seseixa","Tiempo de lectura":"2 minutos"},"schema":{"@context":"https:\/\/schema.org","@graph":[{"@type":"Article","@id":"https:\/\/www.galiciamaxica.eu\/mini\/miradores-a-galicia\/#article","isPartOf":{"@id":"https:\/\/www.galiciamaxica.eu\/mini\/miradores-a-galicia\/"},"author":{"name":"seseixa","@id":"https:\/\/www.galiciamaxica.eu\/mini\/#\/schema\/person\/2b284fe2fd911000a48d2e8936300179"},"headline":"Miradores a Galicia","datePublished":"2020-01-22T11:58:00+00:00","dateModified":"2020-01-22T12:09:37+00:00","mainEntityOfPage":{"@id":"https:\/\/www.galiciamaxica.eu\/mini\/miradores-a-galicia\/"},"wordCount":456,"commentCount":0,"publisher":{"@id":"https:\/\/www.galiciamaxica.eu\/mini\/#\/schema\/person\/2b284fe2fd911000a48d2e8936300179"},"image":{"@id":"https:\/\/www.galiciamaxica.eu\/mini\/miradores-a-galicia\/#primaryimage"},"thumbnailUrl":"https:\/\/www.galiciamaxica.eu\/mini\/wp-content\/uploads\/2020\/01\/children-535399_960_720-2.jpg","keywords":["miradores"],"articleSection":["PONTEVEDRA"],"inLanguage":"es","potentialAction":[{"@type":"CommentAction","name":"Comment","target":["https:\/\/www.galiciamaxica.eu\/mini\/miradores-a-galicia\/#respond"]}]},{"@type":"WebPage","@id":"https:\/\/www.galiciamaxica.eu\/mini\/miradores-a-galicia\/","url":"https:\/\/www.galiciamaxica.eu\/mini\/miradores-a-galicia\/","name":"Miradores a Galicia - Galicia con ni\u00f1os | GALICIA M\u00c1XICA","isPartOf":{"@id":"https:\/\/www.galiciamaxica.eu\/mini\/#website"},"primaryImageOfPage":{"@id":"https:\/\/www.galiciamaxica.eu\/mini\/miradores-a-galicia\/#primaryimage"},"image":{"@id":"https:\/\/www.galiciamaxica.eu\/mini\/miradores-a-galicia\/#primaryimage"},"thumbnailUrl":"https:\/\/www.galiciamaxica.eu\/mini\/wp-content\/uploads\/2020\/01\/children-535399_960_720-2.jpg","datePublished":"2020-01-22T11:58:00+00:00","dateModified":"2020-01-22T12:09:37+00:00","breadcrumb":{"@id":"https:\/\/www.galiciamaxica.eu\/mini\/miradores-a-galicia\/#breadcrumb"},"inLanguage":"es","potentialAction":[{"@type":"ReadAction","target":["https:\/\/www.galiciamaxica.eu\/mini\/miradores-a-galicia\/"]}]},{"@type":"ImageObject","inLanguage":"es","@id":"https:\/\/www.galiciamaxica.eu\/mini\/miradores-a-galicia\/#primaryimage","url":"https:\/\/www.galiciamaxica.eu\/mini\/wp-content\/uploads\/2020\/01\/children-535399_960_720-2.jpg","contentUrl":"https:\/\/www.galiciamaxica.eu\/mini\/wp-content\/uploads\/2020\/01\/children-535399_960_720-2.jpg","width":531,"height":708,"caption":"children-535399_960_720-2"},{"@type":"BreadcrumbList","@id":"https:\/\/www.galiciamaxica.eu\/mini\/miradores-a-galicia\/#breadcrumb","itemListElement":[{"@type":"ListItem","position":1,"name":"Portada","item":"https:\/\/www.galiciamaxica.eu\/mini\/"},{"@type":"ListItem","position":2,"name":"Miradores a Galicia"}]},{"@type":"WebSite","@id":"https:\/\/www.galiciamaxica.eu\/mini\/#website","url":"https:\/\/www.galiciamaxica.eu\/mini\/","name":"Galicia con ni\u00f1os | GALICIA M\u00c1XICA","description":"Qu\u00e9 hacer con ni\u00f1os en Galicia","publisher":{"@id":"https:\/\/www.galiciamaxica.eu\/mini\/#\/schema\/person\/2b284fe2fd911000a48d2e8936300179"},"potentialAction":[{"@type":"SearchAction","target":{"@type":"EntryPoint","urlTemplate":"https:\/\/www.galiciamaxica.eu\/mini\/?s={search_term_string}"},"query-input":{"@type":"PropertyValueSpecification","valueRequired":true,"valueName":"search_term_string"}}],"inLanguage":"es"},{"@type":["Person","Organization"],"@id":"https:\/\/www.galiciamaxica.eu\/mini\/#\/schema\/person\/2b284fe2fd911000a48d2e8936300179","name":"seseixa","image":{"@type":"ImageObject","inLanguage":"es","@id":"https:\/\/www.galiciamaxica.eu\/mini\/#\/schema\/person\/image\/","url":"https:\/\/www.galiciamaxica.eu\/mini\/wp-content\/uploads\/2019\/02\/seseixa.png","contentUrl":"https:\/\/www.galiciamaxica.eu\/mini\/wp-content\/uploads\/2019\/02\/seseixa.png","width":100,"height":100,"caption":"seseixa"},"logo":{"@id":"https:\/\/www.galiciamaxica.eu\/mini\/#\/schema\/person\/image\/"},"description":"En la actualidad combinando dos proyectos que me apasionan, Galicia y los ni\u00f1os. Tengo mucho que aportar y otro tanto que aprender, as\u00ed como, el tiempo y el coraz\u00f3n, dividido en todo momento. Soy mam\u00e1, un titulo otorgado a tiempo completo, compa\u00f1era y amiga, a todas horas, familiar y cercana, siempre. De esp\u00edritu inquieto, soy una eterna ni\u00f1a que juega en el pa\u00eds de las maravillas. Una enamorada de mi tierra, por la que trabajo sin descanso. Creo en la infancia como motor que cambiar\u00e1 el mundo a mejor y busco en mi vida la felicidad como estado permanente porque s\u00f3lo se vive una vez.","sameAs":["http:\/\/mini.galiciamaxica.eu\/","https:\/\/www.facebook.com\/maria.rodriguezserantes","https:\/\/x.com\/seseixa"],"url":"https:\/\/www.galiciamaxica.eu\/mini\/author\/seseixa\/"}]}},"amp_enabled":true,"post_mailing_queue_ids":[],"_links":{"self":[{"href":"https:\/\/www.galiciamaxica.eu\/mini\/wp-json\/wp\/v2\/posts\/18297"}],"collection":[{"href":"https:\/\/www.galiciamaxica.eu\/mini\/wp-json\/wp\/v2\/posts"}],"about":[{"href":"https:\/\/www.galiciamaxica.eu\/mini\/wp-json\/wp\/v2\/types\/post"}],"author":[{"embeddable":true,"href":"https:\/\/www.galiciamaxica.eu\/mini\/wp-json\/wp\/v2\/users\/1"}],"replies":[{"embeddable":true,"href":"https:\/\/www.galiciamaxica.eu\/mini\/wp-json\/wp\/v2\/comments?post=18297"}],"version-history":[{"count":0,"href":"https:\/\/www.galiciamaxica.eu\/mini\/wp-json\/wp\/v2\/posts\/18297\/revisions"}],"wp:featuredmedia":[{"embeddable":true,"href":"https:\/\/www.galiciamaxica.eu\/mini\/wp-json\/wp\/v2\/media\/18310"}],"wp:attachment":[{"href":"https:\/\/www.galiciamaxica.eu\/mini\/wp-json\/wp\/v2\/media?parent=18297"}],"wp:term":[{"taxonomy":"category","embeddable":true,"href":"https:\/\/www.galiciamaxica.eu\/mini\/wp-json\/wp\/v2\/categories?post=18297"},{"taxonomy":"post_tag","embeddable":true,"href":"https:\/\/www.galiciamaxica.eu\/mini\/wp-json\/wp\/v2\/tags?post=18297"}],"curies":[{"name":"wp","href":"https:\/\/api.w.org\/{rel}","templated":true}]}}